{"id":57359,"date":"2025-04-14T10:42:00","date_gmt":"2025-04-14T07:42:00","guid":{"rendered":"https:\/\/denizcankizil.tr\/uncategorized-tr\/kiracinin-kombi-sorumlulugu\/"},"modified":"2025-04-14T10:42:00","modified_gmt":"2025-04-14T07:42:00","slug":"kiracinin-kombi-sorumlulugu","status":"publish","type":"post","link":"https:\/\/denizcankizil.tr\/uk\/hukukihaber\/kiracinin-kombi-sorumlulugu\/","title":{"rendered":"Kirac\u0131n\u0131n Kombi Sorumlulu\u011fu"},"content":{"rendered":"<p>Kay\u0131npeder Evden \u00c7\u0131kar\u0131rsa\u2019da g\u00f6rm\u00fc\u015ft\u00fck, adam\u0131n hem evinde bedavaya oturabiliyorduk hem de kombi filan bozuldu mu y\u00fczs\u00fczce yapt\u0131rmas\u0131n\u0131 isteyebiliyorduk; TBK m. 381 ola\u011fan\u00fcst\u00fc giderleri ondan isteyebilece\u011fimizi s\u00f6yl\u00fcyordu. Peki bedavaya oturmama ra\u011fmen b\u00f6yle bir hakk\u0131m varsa, para vererek kirac\u0131s\u0131 oldu\u011fum yerde evleviyetle b\u00f6yle bir hakk\u0131m\u0131n olmas\u0131 gerekmez mi?<\/p>\n<p>Soru g\u00fczel ama dersimizi \u00e7al\u0131\u015fmam\u0131\u015f\u0131z. Konut ve \u00c7at\u0131l\u0131 \u0130\u015fyerlerinde S\u00f6zle\u015fmenin Sona Ermesi\u2019nde zaten bunu yazm\u0131\u015ft\u0131k; TBK m. 303 kiraya vereni yan giderlerden sorumlu tutuyordu.<\/p>\n<p>Ar\u0131zalanan kombinin tamirinin yan gider oldu\u011funu nas\u0131l anl\u0131yoruz? TBK m. 317 kiralanan\u0131n gerekli temizlik ve bak\u0131m giderlerinden kirac\u0131y\u0131 sorumlu tutuyor, bu konuda da yerel adete bak\u0131yor. Kombinin y\u0131ll\u0131k bak\u0131m\u0131ndan tamam, kirac\u0131 sorumlu, lakin kirac\u0131 y\u0131ll\u0131k bak\u0131mlar\u0131n\u0131 yapt\u0131rtm\u0131\u015f ama gene de ar\u0131za \u00e7\u0131km\u0131\u015fsa, ki \u00e7\u0131kar, kul yap\u0131s\u0131 sonu\u00e7ta bunlar, art\u0131k sorumluluk kiraya verende.<\/p>\n<p>G\u00fczel de bu bahsetti\u011finiz maddeler kira s\u00f6zle\u015fmesi b\u00f6l\u00fcm\u00fcnde ge\u00e7iyor, hani biz konut kiras\u0131ndayd\u0131k?<\/p>\n<p>Konut kiras\u0131 maddeleri \u00f6zel olarak uygulan\u0131r. Geneldeki maddelerle \u00e7at\u0131\u015fmad\u0131\u011f\u0131nda onlar da uygulanabilir. Zaten TBK m. 341 s\u00f6zle\u015fmede aksi \u00f6ng\u00f6r\u00fclmemi\u015fse veya aksine yerel adet yoksa; \u0131s\u0131tma, ayd\u0131nlatma ve su gibi giderlere katlanmak zorundad\u0131r der.<\/p>\n<p>Tamam, ben de zaten s\u00f6zle\u015fmeye yazm\u0131\u015ft\u0131m, kombi bozuldu mu sen yapt\u0131racaks\u0131n diye, oldu bu i\u015f.<\/p>\n<p>TBK m. 343 kira s\u00f6zle\u015fmesinde kira bedelinin belirlenmesi d\u0131\u015f\u0131nda kirac\u0131 aleyhine de\u011fi\u015fiklik yap\u0131lamaz der. Hatta TBK m. 346 bir kere daha \u00fcst\u00fcn\u00fc vurgular; kirac\u0131ya kira bedeli ve yan giderler d\u0131\u015f\u0131nda ba\u015fka bir \u00f6deme y\u00fck\u00fcml\u00fcl\u00fc\u011f\u00fc getirilemez.<\/p>\n<p>Ama burada bir \u00e7at\u0131\u015fma var. Bir h\u00fck\u00fcm yan giderlerden kiraya vereni sorumlu tutuyordu, konut s\u00f6zle\u015fmeleri ki kirac\u0131y\u0131 daha \u00e7ok koruyan bir b\u00f6l\u00fcm, orada ise yan giderlerden kirac\u0131y\u0131 sorumlu tutuyor. Hani buralar \u00f6zel h\u00fck\u00fcmd\u00fc ya, benim kombi de yan gider olmaz m\u0131 bu durumda?<\/p>\n<p>Gene eksik okumalar. Yeni Malikin Kap\u0131c\u0131 Tazminat\u0131 Sorumlulu\u011fu\u2019nda biz yan giderlerin ne oldu\u011funu i\u015flemi\u015ftik. S\u00f6z o yaz\u0131m\u0131zdan a\u00e7\u0131lm\u0131\u015fken, Hatay Barosu KVKK Komisyon Ba\u015fkan\u0131 Sn. Av. Deniz Can KIZIL hukuki dan\u0131\u015fmanl\u0131k sitesinde ilgili yaz\u0131m\u0131z\u0131 payla\u015fma tevecc\u00fch\u00fcnde bulunmu\u015f. Bir dahakine ad\u0131m\u0131z\u0131 da zikretme ali cenapl\u0131\u011f\u0131n\u0131 g\u00f6sterirse o da onun fikri m\u00fclkiyet g\u00fczelli\u011fi olur.<\/p>\n<p>\u200bKay\u0131npeder Evden \u00c7\u0131kar\u0131rsa\u2019da g\u00f6rm\u00fc\u015ft\u00fck, adam\u0131n hem evinde bedavaya oturabiliyorduk hem de kombi filan bozuldu mu y\u00fczs\u00fczce yapt\u0131rmas\u0131n\u0131 isteyebiliyorduk; TBK m. 381 ola\u011fan\u00fcst\u00fc giderleri ondan isteyebilece\u011fimizi s\u00f6yl\u00fcyordu. Peki bedavaya oturmama ra\u011fmen b\u00f6yle bir hakk\u0131m varsa, para vererek kirac\u0131s\u0131 oldu\u011fum yerde evleviyetle b\u00f6yle bir hakk\u0131m\u0131n olmas\u0131 gerekmez mi?<\/p>\n<p>Soru g\u00fczel ama dersimizi \u00e7al\u0131\u015fmam\u0131\u015f\u0131z. Konut ve \u00c7at\u0131l\u0131 \u0130\u015fyerlerinde S\u00f6zle\u015fmenin Sona Ermesi\u2019nde zaten bunu yazm\u0131\u015ft\u0131k; TBK m. 303 kiraya vereni yan giderlerden sorumlu tutuyordu.<\/p>\n<p>Ar\u0131zalanan kombinin tamirinin yan gider oldu\u011funu nas\u0131l anl\u0131yoruz? TBK m. 317 kiralanan\u0131n gerekli temizlik ve bak\u0131m giderlerinden kirac\u0131y\u0131 sorumlu tutuyor, bu konuda da yerel adete bak\u0131yor. Kombinin y\u0131ll\u0131k bak\u0131m\u0131ndan tamam, kirac\u0131 sorumlu, lakin kirac\u0131 y\u0131ll\u0131k bak\u0131mlar\u0131n\u0131 yapt\u0131rtm\u0131\u015f ama gene de ar\u0131za \u00e7\u0131km\u0131\u015fsa, ki \u00e7\u0131kar, kul yap\u0131s\u0131 sonu\u00e7ta bunlar, art\u0131k sorumluluk kiraya verende.<\/p>\n<p>G\u00fczel de bu bahsetti\u011finiz maddeler kira s\u00f6zle\u015fmesi b\u00f6l\u00fcm\u00fcnde ge\u00e7iyor, hani biz konut kiras\u0131ndayd\u0131k?<\/p>\n<p>Konut kiras\u0131 maddeleri \u00f6zel olarak uygulan\u0131r. Geneldeki maddelerle \u00e7at\u0131\u015fmad\u0131\u011f\u0131nda onlar da uygulanabilir. Zaten TBK m. 341 s\u00f6zle\u015fmede aksi \u00f6ng\u00f6r\u00fclmemi\u015fse veya aksine yerel adet yoksa; \u0131s\u0131tma, ayd\u0131nlatma ve su gibi giderlere katlanmak zorundad\u0131r der.<\/p>\n<p>Tamam, ben de zaten s\u00f6zle\u015fmeye yazm\u0131\u015ft\u0131m, kombi bozuldu mu sen yapt\u0131racaks\u0131n diye, oldu bu i\u015f.<\/p>\n<p>TBK m. 343 kira s\u00f6zle\u015fmesinde kira bedelinin belirlenmesi d\u0131\u015f\u0131nda kirac\u0131 aleyhine de\u011fi\u015fiklik yap\u0131lamaz der. Hatta TBK m. 346 bir kere daha \u00fcst\u00fcn\u00fc vurgular; kirac\u0131ya kira bedeli ve yan giderler d\u0131\u015f\u0131nda ba\u015fka bir \u00f6deme y\u00fck\u00fcml\u00fcl\u00fc\u011f\u00fc getirilemez.<\/p>\n<p>Ama burada bir \u00e7at\u0131\u015fma var. Bir h\u00fck\u00fcm yan giderlerden kiraya vereni sorumlu tutuyordu, konut s\u00f6zle\u015fmeleri ki kirac\u0131y\u0131 daha \u00e7ok koruyan bir b\u00f6l\u00fcm, orada ise yan giderlerden kirac\u0131y\u0131 sorumlu tutuyor. Hani buralar \u00f6zel h\u00fck\u00fcmd\u00fc ya, benim kombi de yan gider olmaz m\u0131 bu durumda?<\/p>\n<p>Gene eksik okumalar. Yeni Malikin Kap\u0131c\u0131 Tazminat\u0131 Sorumlulu\u011fu\u2019nda biz yan giderlerin ne oldu\u011funu i\u015flemi\u015ftik. S\u00f6z o yaz\u0131m\u0131zdan a\u00e7\u0131lm\u0131\u015fken, Hatay Barosu KVKK Komisyon Ba\u015fkan\u0131 Sn. Av. Deniz Can KIZIL hukuki dan\u0131\u015fmanl\u0131k sitesinde ilgili yaz\u0131m\u0131z\u0131 payla\u015fma tevecc\u00fch\u00fcnde bulunmu\u015f. Bir dahakine ad\u0131m\u0131z\u0131 da zikretme ali cenapl\u0131\u011f\u0131n\u0131 g\u00f6sterirse o da onun fikri m\u00fclkiyet g\u00fczelli\u011fi olur.\u00a0Hukuki Haber<\/p>\n<p>Haberin Al\u0131nt\u0131land\u0131\u011f\u0131 Kaynak: www.hukukihaber.net<\/p>","protected":false},"excerpt":{"rendered":"<p>Kay\u0131npeder Evden \u00c7\u0131kar\u0131rsa\u2019da g\u00f6rm\u00fc\u015ft\u00fck, adam\u0131n hem evinde bedavaya oturabiliyorduk hem de kombi filan bozuldu mu y\u00fczs\u00fczce yapt\u0131rmas\u0131n\u0131 isteyebiliyorduk; TBK m. 381 ola\u011fan\u00fcst\u00fc giderleri ondan isteyebilece\u011fimizi s\u00f6yl\u00fcyordu. Peki bedavaya oturmama ra\u011fmen b\u00f6yle bir hakk\u0131m varsa, para vererek kirac\u0131s\u0131 oldu\u011fum yerde evleviyetle b\u00f6yle bir hakk\u0131m\u0131n olmas\u0131 gerekmez mi? Soru g\u00fczel ama dersimizi \u00e7al\u0131\u015fmam\u0131\u015f\u0131z. Konut ve \u00c7at\u0131l\u0131 \u0130\u015fyerlerinde S\u00f6zle\u015fmenin Sona Ermesi\u2019nde zaten bunu yazm\u0131\u015ft\u0131k; TBK m. 303 kiraya vereni yan giderlerden sorumlu tutuyordu. Ar\u0131zalanan kombinin tamirinin yan gider oldu\u011funu nas\u0131l anl\u0131yoruz? TBK m. 317 kiralanan\u0131n gerekli temizlik ve bak\u0131m giderlerinden kirac\u0131y\u0131 sorumlu tutuyor, bu konuda da yerel adete bak\u0131yor. Kombinin y\u0131ll\u0131k bak\u0131m\u0131ndan tamam, kirac\u0131 sorumlu, lakin kirac\u0131 y\u0131ll\u0131k bak\u0131mlar\u0131n\u0131 yapt\u0131rtm\u0131\u015f ama gene de ar\u0131za \u00e7\u0131km\u0131\u015fsa, ki \u00e7\u0131kar, kul yap\u0131s\u0131 sonu\u00e7ta bunlar, art\u0131k sorumluluk kiraya verende. G\u00fczel de bu bahsetti\u011finiz maddeler kira s\u00f6zle\u015fmesi b\u00f6l\u00fcm\u00fcnde ge\u00e7iyor, hani biz konut kiras\u0131ndayd\u0131k? Konut kiras\u0131 maddeleri \u00f6zel olarak uygulan\u0131r. Geneldeki maddelerle \u00e7at\u0131\u015fmad\u0131\u011f\u0131nda onlar da uygulanabilir. Zaten TBK m. 341 s\u00f6zle\u015fmede aksi \u00f6ng\u00f6r\u00fclmemi\u015fse veya aksine yerel adet yoksa; \u0131s\u0131tma, ayd\u0131nlatma ve su gibi giderlere katlanmak zorundad\u0131r der. Tamam, ben de zaten s\u00f6zle\u015fmeye yazm\u0131\u015ft\u0131m, kombi bozuldu mu sen yapt\u0131racaks\u0131n diye, oldu bu i\u015f. TBK m. 343 kira s\u00f6zle\u015fmesinde kira bedelinin belirlenmesi d\u0131\u015f\u0131nda kirac\u0131 aleyhine de\u011fi\u015fiklik yap\u0131lamaz der. Hatta TBK m. &hellip;<\/p>","protected":false},"author":3,"featured_media":0,"comment_status":"","ping_status":"open","sticky":false,"template":"","format":"standard","meta":{"_acf_changed":false,"footnotes":""},"categories":[27],"tags":[],"class_list":["post-57359","post","type-post","status-publish","format-standard","has-post-thumbnail","hentry","category-hukukihaber"],"acf":[],"yoast_head":"<!-- This site is optimized with the Yoast SEO Premium plugin v26.6 (Yoast SEO v27.1.1) - https:\/\/yoast.com\/product\/yoast-seo-premium-wordpress\/ -->\n<title>Kirac\u0131n\u0131n Kombi Sorumlulu\u011fu - Av. Deniz Can K\u0131z\u0131l<\/title>\n<meta name=\"robots\" content=\"index, follow, max-snippet:-1, max-image-preview:large, max-video-preview:-1\" \/>\n<link rel=\"canonical\" href=\"https:\/\/denizcankizil.tr\/uk\/hukukihaber\/kiracinin-kombi-sorumlulugu\/\" \/>\n<meta property=\"og:locale\" content=\"uk_UA\" \/>\n<meta property=\"og:type\" content=\"article\" \/>\n<meta property=\"og:title\" content=\"Kirac\u0131n\u0131n Kombi Sorumlulu\u011fu\" \/>\n<meta property=\"og:description\" content=\"Kay\u0131npeder Evden \u00c7\u0131kar\u0131rsa\u2019da g\u00f6rm\u00fc\u015ft\u00fck, adam\u0131n hem evinde bedavaya oturabiliyorduk hem de kombi filan bozuldu mu y\u00fczs\u00fczce yapt\u0131rmas\u0131n\u0131 isteyebiliyorduk; TBK m. 381 ola\u011fan\u00fcst\u00fc giderleri ondan isteyebilece\u011fimizi s\u00f6yl\u00fcyordu. Peki bedavaya oturmama ra\u011fmen b\u00f6yle bir hakk\u0131m varsa, para vererek kirac\u0131s\u0131 oldu\u011fum yerde evleviyetle b\u00f6yle bir hakk\u0131m\u0131n olmas\u0131 gerekmez mi? Soru g\u00fczel ama dersimizi \u00e7al\u0131\u015fmam\u0131\u015f\u0131z. Konut ve \u00c7at\u0131l\u0131 \u0130\u015fyerlerinde S\u00f6zle\u015fmenin Sona Ermesi\u2019nde zaten bunu yazm\u0131\u015ft\u0131k; TBK m. 303 kiraya vereni yan giderlerden sorumlu tutuyordu. Ar\u0131zalanan kombinin tamirinin yan gider oldu\u011funu nas\u0131l anl\u0131yoruz? TBK m. 317 kiralanan\u0131n gerekli temizlik ve bak\u0131m giderlerinden kirac\u0131y\u0131 sorumlu tutuyor, bu konuda da yerel adete bak\u0131yor. Kombinin y\u0131ll\u0131k bak\u0131m\u0131ndan tamam, kirac\u0131 sorumlu, lakin kirac\u0131 y\u0131ll\u0131k bak\u0131mlar\u0131n\u0131 yapt\u0131rtm\u0131\u015f ama gene de ar\u0131za \u00e7\u0131km\u0131\u015fsa, ki \u00e7\u0131kar, kul yap\u0131s\u0131 sonu\u00e7ta bunlar, art\u0131k sorumluluk kiraya verende. G\u00fczel de bu bahsetti\u011finiz maddeler kira s\u00f6zle\u015fmesi b\u00f6l\u00fcm\u00fcnde ge\u00e7iyor, hani biz konut kiras\u0131ndayd\u0131k? Konut kiras\u0131 maddeleri \u00f6zel olarak uygulan\u0131r. Geneldeki maddelerle \u00e7at\u0131\u015fmad\u0131\u011f\u0131nda onlar da uygulanabilir. Zaten TBK m. 341 s\u00f6zle\u015fmede aksi \u00f6ng\u00f6r\u00fclmemi\u015fse veya aksine yerel adet yoksa; \u0131s\u0131tma, ayd\u0131nlatma ve su gibi giderlere katlanmak zorundad\u0131r der. Tamam, ben de zaten s\u00f6zle\u015fmeye yazm\u0131\u015ft\u0131m, kombi bozuldu mu sen yapt\u0131racaks\u0131n diye, oldu bu i\u015f. TBK m. 343 kira s\u00f6zle\u015fmesinde kira bedelinin belirlenmesi d\u0131\u015f\u0131nda kirac\u0131 aleyhine de\u011fi\u015fiklik yap\u0131lamaz der. Hatta TBK m. &hellip;\" \/>\n<meta property=\"og:url\" content=\"https:\/\/denizcankizil.tr\/uk\/hukukihaber\/kiracinin-kombi-sorumlulugu\/\" \/>\n<meta property=\"og:site_name\" content=\"Av. Deniz Can K\u0131z\u0131l\" \/>\n<meta property=\"article:published_time\" content=\"2025-04-14T07:42:00+00:00\" \/>\n<meta name=\"author\" content=\"Hukuki Haber.net\" \/>\n<meta name=\"twitter:card\" content=\"summary_large_image\" \/>\n<meta name=\"twitter:label1\" content=\"\u041d\u0430\u043f\u0438\u0441\u0430\u043d\u043e\" \/>\n\t<meta name=\"twitter:data1\" content=\"Hukuki Haber.net\" \/>\n\t<meta name=\"twitter:label2\" content=\"\u041f\u0440\u0438\u0431\u043b. \u0447\u0430\u0441 \u0447\u0438\u0442\u0430\u043d\u043d\u044f\" \/>\n\t<meta name=\"twitter:data2\" content=\"4 \u0445\u0432\u0438\u043b\u0438\u043d\u0438\" \/>\n<script type=\"application\/ld+json\" class=\"yoast-schema-graph\">{\"@context\":\"https:\/\/schema.org\",\"@graph\":[{\"@type\":\"Article\",\"@id\":\"https:\/\/denizcankizil.tr\/uk\/hukukihaber\/kiracinin-kombi-sorumlulugu\/#article\",\"isPartOf\":{\"@id\":\"https:\/\/denizcankizil.tr\/uk\/hukukihaber\/kiracinin-kombi-sorumlulugu\/\"},\"author\":{\"name\":\"Hukuki Haber.net\",\"@id\":\"https:\/\/denizcankizil.tr\/#\/schema\/person\/001a271de994a0aa3f90eea084424822\"},\"headline\":\"Kirac\u0131n\u0131n Kombi Sorumlulu\u011fu\",\"datePublished\":\"2025-04-14T07:42:00+00:00\",\"mainEntityOfPage\":{\"@id\":\"https:\/\/denizcankizil.tr\/uk\/hukukihaber\/kiracinin-kombi-sorumlulugu\/\"},\"wordCount\":892,\"publisher\":{\"@id\":\"https:\/\/denizcankizil.tr\/#organization\"},\"articleSection\":[\"Hukuki Haberler\"],\"inLanguage\":\"uk\"},{\"@type\":\"WebPage\",\"@id\":\"https:\/\/denizcankizil.tr\/uk\/hukukihaber\/kiracinin-kombi-sorumlulugu\/\",\"url\":\"https:\/\/denizcankizil.tr\/uk\/hukukihaber\/kiracinin-kombi-sorumlulugu\/\",\"name\":\"Kirac\u0131n\u0131n Kombi Sorumlulu\u011fu - Av. Deniz Can K\u0131z\u0131l\",\"isPartOf\":{\"@id\":\"https:\/\/denizcankizil.tr\/#website\"},\"datePublished\":\"2025-04-14T07:42:00+00:00\",\"breadcrumb\":{\"@id\":\"https:\/\/denizcankizil.tr\/uk\/hukukihaber\/kiracinin-kombi-sorumlulugu\/#breadcrumb\"},\"inLanguage\":\"uk\",\"potentialAction\":[{\"@type\":\"ReadAction\",\"target\":[\"https:\/\/denizcankizil.tr\/uk\/hukukihaber\/kiracinin-kombi-sorumlulugu\/\"]}]},{\"@type\":\"BreadcrumbList\",\"@id\":\"https:\/\/denizcankizil.tr\/uk\/hukukihaber\/kiracinin-kombi-sorumlulugu\/#breadcrumb\",\"itemListElement\":[{\"@type\":\"ListItem\",\"position\":1,\"name\":\"Home\",\"item\":\"https:\/\/denizcankizil.tr\/de\/\"},{\"@type\":\"ListItem\",\"position\":2,\"name\":\"Kirac\u0131n\u0131n Kombi Sorumlulu\u011fu\"}]},{\"@type\":\"WebSite\",\"@id\":\"https:\/\/denizcankizil.tr\/#website\",\"url\":\"https:\/\/denizcankizil.tr\/\",\"name\":\"Av. Deniz Can K\u0131z\u0131l\",\"description\":\"Avukat Deniz Can K\u0131z\u0131l Antalya Barosu\",\"publisher\":{\"@id\":\"https:\/\/denizcankizil.tr\/#organization\"},\"potentialAction\":[{\"@type\":\"SearchAction\",\"target\":{\"@type\":\"EntryPoint\",\"urlTemplate\":\"https:\/\/denizcankizil.tr\/?s={search_term_string}\"},\"query-input\":{\"@type\":\"PropertyValueSpecification\",\"valueRequired\":true,\"valueName\":\"search_term_string\"}}],\"inLanguage\":\"uk\"},{\"@type\":\"Organization\",\"@id\":\"https:\/\/denizcankizil.tr\/#organization\",\"name\":\"Av. Deniz Can K\u0131z\u0131l\",\"url\":\"https:\/\/denizcankizil.tr\/\",\"logo\":{\"@type\":\"ImageObject\",\"inLanguage\":\"uk\",\"@id\":\"https:\/\/denizcankizil.tr\/#\/schema\/logo\/image\/\",\"url\":\"https:\/\/denizcankizil.tr\/wp-content\/uploads\/2024\/10\/siyah-logo-svg.svg\",\"contentUrl\":\"https:\/\/denizcankizil.tr\/wp-content\/uploads\/2024\/10\/siyah-logo-svg.svg\",\"width\":1080,\"height\":1080,\"caption\":\"Av. Deniz Can K\u0131z\u0131l\"},\"image\":{\"@id\":\"https:\/\/denizcankizil.tr\/#\/schema\/logo\/image\/\"}},{\"@type\":\"Person\",\"@id\":\"https:\/\/denizcankizil.tr\/#\/schema\/person\/001a271de994a0aa3f90eea084424822\",\"name\":\"Hukuki Haber.net\",\"image\":{\"@type\":\"ImageObject\",\"inLanguage\":\"uk\",\"@id\":\"https:\/\/denizcankizil.tr\/#\/schema\/person\/image\/\",\"url\":\"https:\/\/secure.gravatar.com\/avatar\/57d8a49151495586611a149d29fc42865b951dc053a84709a3172ccb5abf3118?s=96&d=mm&r=g\",\"contentUrl\":\"https:\/\/secure.gravatar.com\/avatar\/57d8a49151495586611a149d29fc42865b951dc053a84709a3172ccb5abf3118?s=96&d=mm&r=g\",\"caption\":\"Hukuki Haber.net\"},\"sameAs\":[\"http:\/\/www.hukukihaber.net\"],\"url\":\"https:\/\/www.hukukihaber.net\/kiracinin-kombi-sorumlulugu-ozgur-turkes\"}]}<\/script>\n<!-- \/ Yoast SEO Premium plugin. -->","yoast_head_json":{"title":"Kirac\u0131n\u0131n Kombi Sorumlulu\u011fu - Av. Deniz Can K\u0131z\u0131l","robots":{"index":"index","follow":"follow","max-snippet":"max-snippet:-1","max-image-preview":"max-image-preview:large","max-video-preview":"max-video-preview:-1"},"canonical":"https:\/\/denizcankizil.tr\/uk\/hukukihaber\/kiracinin-kombi-sorumlulugu\/","og_locale":"uk_UA","og_type":"article","og_title":"Kirac\u0131n\u0131n Kombi Sorumlulu\u011fu","og_description":"Kay\u0131npeder Evden \u00c7\u0131kar\u0131rsa\u2019da g\u00f6rm\u00fc\u015ft\u00fck, adam\u0131n hem evinde bedavaya oturabiliyorduk hem de kombi filan bozuldu mu y\u00fczs\u00fczce yapt\u0131rmas\u0131n\u0131 isteyebiliyorduk; TBK m. 381 ola\u011fan\u00fcst\u00fc giderleri ondan isteyebilece\u011fimizi s\u00f6yl\u00fcyordu. Peki bedavaya oturmama ra\u011fmen b\u00f6yle bir hakk\u0131m varsa, para vererek kirac\u0131s\u0131 oldu\u011fum yerde evleviyetle b\u00f6yle bir hakk\u0131m\u0131n olmas\u0131 gerekmez mi? Soru g\u00fczel ama dersimizi \u00e7al\u0131\u015fmam\u0131\u015f\u0131z. Konut ve \u00c7at\u0131l\u0131 \u0130\u015fyerlerinde S\u00f6zle\u015fmenin Sona Ermesi\u2019nde zaten bunu yazm\u0131\u015ft\u0131k; TBK m. 303 kiraya vereni yan giderlerden sorumlu tutuyordu. Ar\u0131zalanan kombinin tamirinin yan gider oldu\u011funu nas\u0131l anl\u0131yoruz? TBK m. 317 kiralanan\u0131n gerekli temizlik ve bak\u0131m giderlerinden kirac\u0131y\u0131 sorumlu tutuyor, bu konuda da yerel adete bak\u0131yor. Kombinin y\u0131ll\u0131k bak\u0131m\u0131ndan tamam, kirac\u0131 sorumlu, lakin kirac\u0131 y\u0131ll\u0131k bak\u0131mlar\u0131n\u0131 yapt\u0131rtm\u0131\u015f ama gene de ar\u0131za \u00e7\u0131km\u0131\u015fsa, ki \u00e7\u0131kar, kul yap\u0131s\u0131 sonu\u00e7ta bunlar, art\u0131k sorumluluk kiraya verende. G\u00fczel de bu bahsetti\u011finiz maddeler kira s\u00f6zle\u015fmesi b\u00f6l\u00fcm\u00fcnde ge\u00e7iyor, hani biz konut kiras\u0131ndayd\u0131k? Konut kiras\u0131 maddeleri \u00f6zel olarak uygulan\u0131r. Geneldeki maddelerle \u00e7at\u0131\u015fmad\u0131\u011f\u0131nda onlar da uygulanabilir. Zaten TBK m. 341 s\u00f6zle\u015fmede aksi \u00f6ng\u00f6r\u00fclmemi\u015fse veya aksine yerel adet yoksa; \u0131s\u0131tma, ayd\u0131nlatma ve su gibi giderlere katlanmak zorundad\u0131r der. Tamam, ben de zaten s\u00f6zle\u015fmeye yazm\u0131\u015ft\u0131m, kombi bozuldu mu sen yapt\u0131racaks\u0131n diye, oldu bu i\u015f. TBK m. 343 kira s\u00f6zle\u015fmesinde kira bedelinin belirlenmesi d\u0131\u015f\u0131nda kirac\u0131 aleyhine de\u011fi\u015fiklik yap\u0131lamaz der. Hatta TBK m. &hellip;","og_url":"https:\/\/denizcankizil.tr\/uk\/hukukihaber\/kiracinin-kombi-sorumlulugu\/","og_site_name":"Av. Deniz Can K\u0131z\u0131l","article_published_time":"2025-04-14T07:42:00+00:00","author":"Hukuki Haber.net","twitter_card":"summary_large_image","twitter_misc":{"\u041d\u0430\u043f\u0438\u0441\u0430\u043d\u043e":"Hukuki Haber.net","\u041f\u0440\u0438\u0431\u043b. \u0447\u0430\u0441 \u0447\u0438\u0442\u0430\u043d\u043d\u044f":"4 \u0445\u0432\u0438\u043b\u0438\u043d\u0438"},"schema":{"@context":"https:\/\/schema.org","@graph":[{"@type":"Article","@id":"https:\/\/denizcankizil.tr\/uk\/hukukihaber\/kiracinin-kombi-sorumlulugu\/#article","isPartOf":{"@id":"https:\/\/denizcankizil.tr\/uk\/hukukihaber\/kiracinin-kombi-sorumlulugu\/"},"author":{"name":"Hukuki Haber.net","@id":"https:\/\/denizcankizil.tr\/#\/schema\/person\/001a271de994a0aa3f90eea084424822"},"headline":"Kirac\u0131n\u0131n Kombi Sorumlulu\u011fu","datePublished":"2025-04-14T07:42:00+00:00","mainEntityOfPage":{"@id":"https:\/\/denizcankizil.tr\/uk\/hukukihaber\/kiracinin-kombi-sorumlulugu\/"},"wordCount":892,"publisher":{"@id":"https:\/\/denizcankizil.tr\/#organization"},"articleSection":["Hukuki Haberler"],"inLanguage":"uk"},{"@type":"WebPage","@id":"https:\/\/denizcankizil.tr\/uk\/hukukihaber\/kiracinin-kombi-sorumlulugu\/","url":"https:\/\/denizcankizil.tr\/uk\/hukukihaber\/kiracinin-kombi-sorumlulugu\/","name":"Kirac\u0131n\u0131n Kombi Sorumlulu\u011fu - Av. Deniz Can K\u0131z\u0131l","isPartOf":{"@id":"https:\/\/denizcankizil.tr\/#website"},"datePublished":"2025-04-14T07:42:00+00:00","breadcrumb":{"@id":"https:\/\/denizcankizil.tr\/uk\/hukukihaber\/kiracinin-kombi-sorumlulugu\/#breadcrumb"},"inLanguage":"uk","potentialAction":[{"@type":"ReadAction","target":["https:\/\/denizcankizil.tr\/uk\/hukukihaber\/kiracinin-kombi-sorumlulugu\/"]}]},{"@type":"BreadcrumbList","@id":"https:\/\/denizcankizil.tr\/uk\/hukukihaber\/kiracinin-kombi-sorumlulugu\/#breadcrumb","itemListElement":[{"@type":"ListItem","position":1,"name":"Home","item":"https:\/\/denizcankizil.tr\/de\/"},{"@type":"ListItem","position":2,"name":"Kirac\u0131n\u0131n Kombi Sorumlulu\u011fu"}]},{"@type":"WebSite","@id":"https:\/\/denizcankizil.tr\/#website","url":"https:\/\/denizcankizil.tr\/","name":"Av. Deniz Can K\u0131z\u0131l","description":"Avukat Deniz Can K\u0131z\u0131l Antalya Barosu","publisher":{"@id":"https:\/\/denizcankizil.tr\/#organization"},"potentialAction":[{"@type":"SearchAction","target":{"@type":"EntryPoint","urlTemplate":"https:\/\/denizcankizil.tr\/?s={search_term_string}"},"query-input":{"@type":"PropertyValueSpecification","valueRequired":true,"valueName":"search_term_string"}}],"inLanguage":"uk"},{"@type":"Organization","@id":"https:\/\/denizcankizil.tr\/#organization","name":"Av. Deniz Can K\u0131z\u0131l","url":"https:\/\/denizcankizil.tr\/","logo":{"@type":"ImageObject","inLanguage":"uk","@id":"https:\/\/denizcankizil.tr\/#\/schema\/logo\/image\/","url":"https:\/\/denizcankizil.tr\/wp-content\/uploads\/2024\/10\/siyah-logo-svg.svg","contentUrl":"https:\/\/denizcankizil.tr\/wp-content\/uploads\/2024\/10\/siyah-logo-svg.svg","width":1080,"height":1080,"caption":"Av. Deniz Can K\u0131z\u0131l"},"image":{"@id":"https:\/\/denizcankizil.tr\/#\/schema\/logo\/image\/"}},{"@type":"Person","@id":"https:\/\/denizcankizil.tr\/#\/schema\/person\/001a271de994a0aa3f90eea084424822","name":"Hukuki Haber.net","image":{"@type":"ImageObject","inLanguage":"uk","@id":"https:\/\/denizcankizil.tr\/#\/schema\/person\/image\/","url":"https:\/\/secure.gravatar.com\/avatar\/57d8a49151495586611a149d29fc42865b951dc053a84709a3172ccb5abf3118?s=96&d=mm&r=g","contentUrl":"https:\/\/secure.gravatar.com\/avatar\/57d8a49151495586611a149d29fc42865b951dc053a84709a3172ccb5abf3118?s=96&d=mm&r=g","caption":"Hukuki Haber.net"},"sameAs":["http:\/\/www.hukukihaber.net"],"url":"https:\/\/www.hukukihaber.net\/kiracinin-kombi-sorumlulugu-ozgur-turkes"}]}},"_links":{"self":[{"href":"https:\/\/denizcankizil.tr\/uk\/wp-json\/wp\/v2\/posts\/57359","targetHints":{"allow":["GET"]}}],"collection":[{"href":"https:\/\/denizcankizil.tr\/uk\/wp-json\/wp\/v2\/posts"}],"about":[{"href":"https:\/\/denizcankizil.tr\/uk\/wp-json\/wp\/v2\/types\/post"}],"author":[{"embeddable":true,"href":"https:\/\/denizcankizil.tr\/uk\/wp-json\/wp\/v2\/users\/3"}],"replies":[{"embeddable":true,"href":"https:\/\/denizcankizil.tr\/uk\/wp-json\/wp\/v2\/comments?post=57359"}],"version-history":[{"count":0,"href":"https:\/\/denizcankizil.tr\/uk\/wp-json\/wp\/v2\/posts\/57359\/revisions"}],"wp:attachment":[{"href":"https:\/\/denizcankizil.tr\/uk\/wp-json\/wp\/v2\/media?parent=57359"}],"wp:term":[{"taxonomy":"category","embeddable":true,"href":"https:\/\/denizcankizil.tr\/uk\/wp-json\/wp\/v2\/categories?post=57359"},{"taxonomy":"post_tag","embeddable":true,"href":"https:\/\/denizcankizil.tr\/uk\/wp-json\/wp\/v2\/tags?post=57359"}],"curies":[{"name":"wp","href":"https:\/\/api.w.org\/{rel}","templated":true}]}}