{"id":56484,"date":"2025-04-15T15:41:38","date_gmt":"2025-04-15T12:41:38","guid":{"rendered":"https:\/\/denizcankizil.tr\/uncategorized-tr\/akra-gran-fondo-icin-geri-sayim-basladi\/"},"modified":"2025-04-15T15:41:38","modified_gmt":"2025-04-15T12:41:38","slug":"akra-gran-fondo-icin-geri-sayim-basladi","status":"publish","type":"post","link":"https:\/\/denizcankizil.tr\/uk\/haberler\/antalya\/akra-gran-fondo-icin-geri-sayim-basladi\/","title":{"rendered":"AKRA Gran Fondo i\u00e7in geri say\u0131m ba\u015flad\u0131"},"content":{"rendered":"<p>T\u00fcrkiye\u2019nin \u00f6nemli bisiklet destinasyonlar\u0131ndan Antalya\u2019n\u0131n Kemer il\u00e7esinde \u2018Pedallar d\u00f6ner, dostluk b\u00fcy\u00fcr\u2019 slogan\u0131 ile d\u00fczenlenecek organizasyon, amat\u00f6r yol bisiklet\u00e7ilerine unutulmaz bir yar\u0131\u015f imkan\u0131 sunacak. Ulusal ve uluslararas\u0131 bir\u00e7ok sporcuyu bir araya getirecek organizasyonda sporcular iyilik ve dostlu\u011fa pedal basacaklar.<\/p>\n<p>Argeus Travel &amp; Events ve Yedi \u0130leti\u015fim taraf\u0131ndan 2018 y\u0131l\u0131ndan bu yana d\u00fczenlenen organizasyon, Uluslararas\u0131 Bisiklet Birli\u011fi (UCI) ve T\u00fcrkiye Bisiklet Federasyonu y\u00f6netmeliklerine g\u00f6re ger\u00e7ekle\u015fecek. AKRA Gran Fondo, 2 bin metreden fazla t\u0131rman\u0131\u015fa sahip 98 kilometrelik uzun \u2018AKRA\u2019 parkuru ve 537 metreden fazla t\u0131rman\u0131\u015fa sahip 49 kilometrelik \u2018AG Tohum\u2019 parkuru kat\u0131l\u0131mc\u0131lar\u0131n be\u011fenisini toplamaya devam edecek. Yar\u0131\u015f, Kemer Olbia Park\u0131&#8217;ndan start alacak ve yakla\u015f\u0131k 6 saatin ard\u0131ndan ayn\u0131 noktada sona erecek.<\/p>\n<p>E\u011eLENCE Z\u0130RVE YAPACAK<\/p>\n<p>AKRA Gran Fondo Antalya powered by AG Tohum\u2019da s\u00fcrpriz hediyeler ve e\u011flencesi ile zirve yapacak. Organizasyonda 18 Nisan Cuma g\u00fcn\u00fc 18.30-19.30 saatleri aras\u0131nda ve 19 Nisan Cumartesi g\u00fcn\u00fc 12.00-13.00 saatleri aras\u0131nda canl\u0131 m\u00fczik keyfi kat\u0131l\u0131mc\u0131lar\u0131n be\u011fenisine sunulacak. Yar\u0131\u015f\u0131n ard\u0131ndan ise kat\u0131l\u0131mc\u0131lara \u00f6zel ger\u00e7ekle\u015ftirilerek \u00e7ekili\u015fle birbirinden de\u011ferli hediyeler sahipleriyle bulu\u015facak.<\/p>\n<p>KOORD\u0130NASYON TOPLANTISI YAPILDI<\/p>\n<p>Do\u011fal g\u00fczellikleri \u00f6n plana \u00e7\u0131kan organizasyonda T\u00fcrkiye\u2019nin yan\u0131 s\u0131ra bir\u00e7ok \u00fclkeden gelecek bisiklet\u00e7iler, bir yar\u0131\u015ftan ziyade dostluk i\u00e7inde Kemer\u2019in b\u00fcy\u00fcleyici atmosferinde pedal basacak. Organizasyon kapsam\u0131nda Kemer Kaymakam\u0131 Ahmet Solmaz ba\u015fkanl\u0131\u011f\u0131nda t\u00fcm payda\u015flar\u0131n kat\u0131ld\u0131\u011f\u0131 koordinasyon toplant\u0131s\u0131 yap\u0131ld\u0131.<\/p>\n<p>Kemer Kaymakam\u0131 Ahmet Solmaz, turizm takvimlerinde nisan ay\u0131n\u0131 bisiklet ile kodlad\u0131klar\u0131n\u0131 dile getirerek, \u201cNisan ay\u0131nda birbirinden heyecanl\u0131 bisiklet etkinliklerimiz olacak. \u0130lk etkinli\u011fimiz olan Trans Taurus Da\u011f Bisikleti Etap Yar\u0131\u015flar\u0131\u2019n\u0131 \u00e7ok ba\u015far\u0131l\u0131 \u015fekilde tamamlad\u0131k. S\u0131rada sab\u0131rs\u0131zl\u0131kla bekledi\u011fimiz AKRA Gran Fondo var. Bug\u00fcnk\u00fc toplant\u0131m\u0131zda bu etkinli\u011fin planlamas\u0131 ve koordinasyonu i\u00e7in bir araya geldik. Do\u011fa Sporlar\u0131 Merkezi olma y\u00f6n\u00fcnde bu etkinlikler Kemerimize g\u00fc\u00e7 katmaktad\u0131r. Eme\u011fi ge\u00e7enlere te\u015fekk\u00fcr ediyorum\u201d diye konu\u015ftu.<\/p>\n<p>Kaynak: www.kanalv.com.tr Haber Sitesinden Al\u0131nm\u0131\u015ft\u0131r.<\/p>","protected":false},"excerpt":{"rendered":"<p>T\u00fcrkiye\u2019nin \u00f6nemli bisiklet destinasyonlar\u0131ndan Antalya\u2019n\u0131n Kemer il\u00e7esinde \u2018Pedallar d\u00f6ner, dostluk b\u00fcy\u00fcr\u2019 slogan\u0131 ile d\u00fczenlenecek organizasyon, amat\u00f6r yol bisiklet\u00e7ilerine unutulmaz bir yar\u0131\u015f imkan\u0131 sunacak. Ulusal ve uluslararas\u0131 bir\u00e7ok sporcuyu bir araya getirecek organizasyonda sporcular iyilik ve dostlu\u011fa pedal basacaklar. Argeus Travel &amp; Events ve Yedi \u0130leti\u015fim taraf\u0131ndan 2018 y\u0131l\u0131ndan bu yana d\u00fczenlenen organizasyon, Uluslararas\u0131 Bisiklet Birli\u011fi (UCI) ve T\u00fcrkiye Bisiklet Federasyonu y\u00f6netmeliklerine g\u00f6re ger\u00e7ekle\u015fecek. AKRA Gran Fondo, 2 bin metreden fazla t\u0131rman\u0131\u015fa sahip 98 kilometrelik uzun \u2018AKRA\u2019 parkuru ve 537 metreden fazla t\u0131rman\u0131\u015fa sahip 49 kilometrelik \u2018AG Tohum\u2019 parkuru kat\u0131l\u0131mc\u0131lar\u0131n be\u011fenisini toplamaya devam edecek. Yar\u0131\u015f, Kemer Olbia Park\u0131&#8217;ndan start alacak ve yakla\u015f\u0131k 6 saatin ard\u0131ndan ayn\u0131 noktada sona erecek. E\u011eLENCE Z\u0130RVE YAPACAK AKRA Gran Fondo Antalya powered by AG Tohum\u2019da s\u00fcrpriz hediyeler ve e\u011flencesi ile zirve yapacak. Organizasyonda 18 Nisan Cuma g\u00fcn\u00fc 18.30-19.30 saatleri aras\u0131nda ve 19 Nisan Cumartesi g\u00fcn\u00fc 12.00-13.00 saatleri aras\u0131nda canl\u0131 m\u00fczik keyfi kat\u0131l\u0131mc\u0131lar\u0131n be\u011fenisine sunulacak. Yar\u0131\u015f\u0131n ard\u0131ndan ise kat\u0131l\u0131mc\u0131lara \u00f6zel ger\u00e7ekle\u015ftirilerek \u00e7ekili\u015fle birbirinden de\u011ferli hediyeler sahipleriyle bulu\u015facak. KOORD\u0130NASYON TOPLANTISI YAPILDI Do\u011fal g\u00fczellikleri \u00f6n plana \u00e7\u0131kan organizasyonda T\u00fcrkiye\u2019nin yan\u0131 s\u0131ra bir\u00e7ok \u00fclkeden gelecek bisiklet\u00e7iler, bir yar\u0131\u015ftan ziyade dostluk i\u00e7inde Kemer\u2019in b\u00fcy\u00fcleyici atmosferinde pedal basacak. Organizasyon kapsam\u0131nda Kemer Kaymakam\u0131 Ahmet Solmaz ba\u015fkanl\u0131\u011f\u0131nda t\u00fcm payda\u015flar\u0131n kat\u0131ld\u0131\u011f\u0131 koordinasyon toplant\u0131s\u0131 yap\u0131ld\u0131. Kemer &hellip;<\/p>","protected":false},"author":4,"featured_media":56485,"comment_status":"","ping_status":"open","sticky":false,"template":"","format":"standard","meta":{"_acf_changed":false,"footnotes":""},"categories":[26],"tags":[],"class_list":["post-56484","post","type-post","status-publish","format-standard","has-post-thumbnail","hentry","category-antalya"],"acf":[],"yoast_head":"<!-- This site is optimized with the Yoast SEO Premium plugin v26.6 (Yoast SEO v27.1.1) - https:\/\/yoast.com\/product\/yoast-seo-premium-wordpress\/ -->\n<title>AKRA Gran Fondo i\u00e7in geri say\u0131m ba\u015flad\u0131 - Av. Deniz Can K\u0131z\u0131l<\/title>\n<meta name=\"robots\" content=\"index, follow, max-snippet:-1, max-image-preview:large, max-video-preview:-1\" \/>\n<link rel=\"canonical\" href=\"https:\/\/denizcankizil.tr\/uk\/haberler\/antalya\/akra-gran-fondo-icin-geri-sayim-basladi\/\" \/>\n<meta property=\"og:locale\" content=\"uk_UA\" \/>\n<meta property=\"og:type\" content=\"article\" \/>\n<meta property=\"og:title\" content=\"AKRA Gran Fondo i\u00e7in geri say\u0131m ba\u015flad\u0131\" \/>\n<meta property=\"og:description\" content=\"T\u00fcrkiye\u2019nin \u00f6nemli bisiklet destinasyonlar\u0131ndan Antalya\u2019n\u0131n Kemer il\u00e7esinde \u2018Pedallar d\u00f6ner, dostluk b\u00fcy\u00fcr\u2019 slogan\u0131 ile d\u00fczenlenecek organizasyon, amat\u00f6r yol bisiklet\u00e7ilerine unutulmaz bir yar\u0131\u015f imkan\u0131 sunacak. Ulusal ve uluslararas\u0131 bir\u00e7ok sporcuyu bir araya getirecek organizasyonda sporcular iyilik ve dostlu\u011fa pedal basacaklar. Argeus Travel &amp; Events ve Yedi \u0130leti\u015fim taraf\u0131ndan 2018 y\u0131l\u0131ndan bu yana d\u00fczenlenen organizasyon, Uluslararas\u0131 Bisiklet Birli\u011fi (UCI) ve T\u00fcrkiye Bisiklet Federasyonu y\u00f6netmeliklerine g\u00f6re ger\u00e7ekle\u015fecek. AKRA Gran Fondo, 2 bin metreden fazla t\u0131rman\u0131\u015fa sahip 98 kilometrelik uzun \u2018AKRA\u2019 parkuru ve 537 metreden fazla t\u0131rman\u0131\u015fa sahip 49 kilometrelik \u2018AG Tohum\u2019 parkuru kat\u0131l\u0131mc\u0131lar\u0131n be\u011fenisini toplamaya devam edecek. Yar\u0131\u015f, Kemer Olbia Park\u0131&#8217;ndan start alacak ve yakla\u015f\u0131k 6 saatin ard\u0131ndan ayn\u0131 noktada sona erecek. E\u011eLENCE Z\u0130RVE YAPACAK AKRA Gran Fondo Antalya powered by AG Tohum\u2019da s\u00fcrpriz hediyeler ve e\u011flencesi ile zirve yapacak. Organizasyonda 18 Nisan Cuma g\u00fcn\u00fc 18.30-19.30 saatleri aras\u0131nda ve 19 Nisan Cumartesi g\u00fcn\u00fc 12.00-13.00 saatleri aras\u0131nda canl\u0131 m\u00fczik keyfi kat\u0131l\u0131mc\u0131lar\u0131n be\u011fenisine sunulacak. Yar\u0131\u015f\u0131n ard\u0131ndan ise kat\u0131l\u0131mc\u0131lara \u00f6zel ger\u00e7ekle\u015ftirilerek \u00e7ekili\u015fle birbirinden de\u011ferli hediyeler sahipleriyle bulu\u015facak. KOORD\u0130NASYON TOPLANTISI YAPILDI Do\u011fal g\u00fczellikleri \u00f6n plana \u00e7\u0131kan organizasyonda T\u00fcrkiye\u2019nin yan\u0131 s\u0131ra bir\u00e7ok \u00fclkeden gelecek bisiklet\u00e7iler, bir yar\u0131\u015ftan ziyade dostluk i\u00e7inde Kemer\u2019in b\u00fcy\u00fcleyici atmosferinde pedal basacak. Organizasyon kapsam\u0131nda Kemer Kaymakam\u0131 Ahmet Solmaz ba\u015fkanl\u0131\u011f\u0131nda t\u00fcm payda\u015flar\u0131n kat\u0131ld\u0131\u011f\u0131 koordinasyon toplant\u0131s\u0131 yap\u0131ld\u0131. Kemer &hellip;\" \/>\n<meta property=\"og:url\" content=\"https:\/\/denizcankizil.tr\/uk\/haberler\/antalya\/akra-gran-fondo-icin-geri-sayim-basladi\/\" \/>\n<meta property=\"og:site_name\" content=\"Av. Deniz Can K\u0131z\u0131l\" \/>\n<meta property=\"article:published_time\" content=\"2025-04-15T12:41:38+00:00\" \/>\n<meta property=\"og:image\" content=\"https:\/\/denizcankizil.tr\/wp-content\/uploads\/2025\/04\/5809-01-1-1F1U3m.jpeg\" \/>\n\t<meta property=\"og:image:width\" content=\"1280\" \/>\n\t<meta property=\"og:image:height\" content=\"720\" \/>\n\t<meta property=\"og:image:type\" content=\"image\/jpeg\" \/>\n<meta name=\"author\" content=\"Av. Deniz Can K\u0131z\u0131l\" \/>\n<meta name=\"twitter:card\" content=\"summary_large_image\" \/>\n<meta name=\"twitter:label1\" content=\"\u041d\u0430\u043f\u0438\u0441\u0430\u043d\u043e\" \/>\n\t<meta name=\"twitter:data1\" content=\"Av. Deniz Can K\u0131z\u0131l\" \/>\n\t<meta name=\"twitter:label2\" content=\"\u041f\u0440\u0438\u0431\u043b. \u0447\u0430\u0441 \u0447\u0438\u0442\u0430\u043d\u043d\u044f\" \/>\n\t<meta name=\"twitter:data2\" content=\"2 \u0445\u0432\u0438\u043b\u0438\u043d\u0438\" \/>\n<script type=\"application\/ld+json\" class=\"yoast-schema-graph\">{\"@context\":\"https:\/\/schema.org\",\"@graph\":[{\"@type\":\"Article\",\"@id\":\"https:\/\/denizcankizil.tr\/ru\/haberler\/antalya\/akra-gran-fondo-icin-geri-sayim-basladi\/#article\",\"isPartOf\":{\"@id\":\"https:\/\/denizcankizil.tr\/ru\/haberler\/antalya\/akra-gran-fondo-icin-geri-sayim-basladi\/\"},\"author\":{\"name\":\"Av. Deniz Can K\u0131z\u0131l\",\"@id\":\"https:\/\/denizcankizil.tr\/#\/schema\/person\/5dc1b22991bd7ac833867c10afc9b0ff\"},\"headline\":\"AKRA Gran Fondo i\u00e7in geri say\u0131m ba\u015flad\u0131\",\"datePublished\":\"2025-04-15T12:41:38+00:00\",\"mainEntityOfPage\":{\"@id\":\"https:\/\/denizcankizil.tr\/ru\/haberler\/antalya\/akra-gran-fondo-icin-geri-sayim-basladi\/\"},\"wordCount\":392,\"publisher\":{\"@id\":\"https:\/\/denizcankizil.tr\/#organization\"},\"image\":{\"@id\":\"https:\/\/denizcankizil.tr\/ru\/haberler\/antalya\/akra-gran-fondo-icin-geri-sayim-basladi\/#primaryimage\"},\"thumbnailUrl\":\"https:\/\/denizcankizil.tr\/wp-content\/uploads\/2025\/04\/5809-01-1-1F1U3m.jpeg\",\"articleSection\":[\"Antalya\"],\"inLanguage\":\"uk\"},{\"@type\":\"WebPage\",\"@id\":\"https:\/\/denizcankizil.tr\/ru\/haberler\/antalya\/akra-gran-fondo-icin-geri-sayim-basladi\/\",\"url\":\"https:\/\/denizcankizil.tr\/ru\/haberler\/antalya\/akra-gran-fondo-icin-geri-sayim-basladi\/\",\"name\":\"AKRA Gran Fondo i\u00e7in geri say\u0131m ba\u015flad\u0131 - Av. Deniz Can K\u0131z\u0131l\",\"isPartOf\":{\"@id\":\"https:\/\/denizcankizil.tr\/#website\"},\"primaryImageOfPage\":{\"@id\":\"https:\/\/denizcankizil.tr\/ru\/haberler\/antalya\/akra-gran-fondo-icin-geri-sayim-basladi\/#primaryimage\"},\"image\":{\"@id\":\"https:\/\/denizcankizil.tr\/ru\/haberler\/antalya\/akra-gran-fondo-icin-geri-sayim-basladi\/#primaryimage\"},\"thumbnailUrl\":\"https:\/\/denizcankizil.tr\/wp-content\/uploads\/2025\/04\/5809-01-1-1F1U3m.jpeg\",\"datePublished\":\"2025-04-15T12:41:38+00:00\",\"breadcrumb\":{\"@id\":\"https:\/\/denizcankizil.tr\/ru\/haberler\/antalya\/akra-gran-fondo-icin-geri-sayim-basladi\/#breadcrumb\"},\"inLanguage\":\"uk\",\"potentialAction\":[{\"@type\":\"ReadAction\",\"target\":[\"https:\/\/denizcankizil.tr\/ru\/haberler\/antalya\/akra-gran-fondo-icin-geri-sayim-basladi\/\"]}]},{\"@type\":\"ImageObject\",\"inLanguage\":\"uk\",\"@id\":\"https:\/\/denizcankizil.tr\/ru\/haberler\/antalya\/akra-gran-fondo-icin-geri-sayim-basladi\/#primaryimage\",\"url\":\"https:\/\/denizcankizil.tr\/wp-content\/uploads\/2025\/04\/5809-01-1-1F1U3m.jpeg\",\"contentUrl\":\"https:\/\/denizcankizil.tr\/wp-content\/uploads\/2025\/04\/5809-01-1-1F1U3m.jpeg\",\"width\":1280,\"height\":720},{\"@type\":\"BreadcrumbList\",\"@id\":\"https:\/\/denizcankizil.tr\/ru\/haberler\/antalya\/akra-gran-fondo-icin-geri-sayim-basladi\/#breadcrumb\",\"itemListElement\":[{\"@type\":\"ListItem\",\"position\":1,\"name\":\"Home\",\"item\":\"https:\/\/denizcankizil.tr\/de\/\"},{\"@type\":\"ListItem\",\"position\":2,\"name\":\"AKRA Gran Fondo i\u00e7in geri say\u0131m ba\u015flad\u0131\"}]},{\"@type\":\"WebSite\",\"@id\":\"https:\/\/denizcankizil.tr\/#website\",\"url\":\"https:\/\/denizcankizil.tr\/\",\"name\":\"Av. Deniz Can K\u0131z\u0131l\",\"description\":\"Avukat Deniz Can K\u0131z\u0131l Antalya Barosu\",\"publisher\":{\"@id\":\"https:\/\/denizcankizil.tr\/#organization\"},\"potentialAction\":[{\"@type\":\"SearchAction\",\"target\":{\"@type\":\"EntryPoint\",\"urlTemplate\":\"https:\/\/denizcankizil.tr\/?s={search_term_string}\"},\"query-input\":{\"@type\":\"PropertyValueSpecification\",\"valueRequired\":true,\"valueName\":\"search_term_string\"}}],\"inLanguage\":\"uk\"},{\"@type\":\"Organization\",\"@id\":\"https:\/\/denizcankizil.tr\/#organization\",\"name\":\"Av. Deniz Can K\u0131z\u0131l\",\"url\":\"https:\/\/denizcankizil.tr\/\",\"logo\":{\"@type\":\"ImageObject\",\"inLanguage\":\"uk\",\"@id\":\"https:\/\/denizcankizil.tr\/#\/schema\/logo\/image\/\",\"url\":\"https:\/\/denizcankizil.tr\/wp-content\/uploads\/2024\/10\/siyah-logo-svg.svg\",\"contentUrl\":\"https:\/\/denizcankizil.tr\/wp-content\/uploads\/2024\/10\/siyah-logo-svg.svg\",\"width\":1080,\"height\":1080,\"caption\":\"Av. Deniz Can K\u0131z\u0131l\"},\"image\":{\"@id\":\"https:\/\/denizcankizil.tr\/#\/schema\/logo\/image\/\"}},{\"@type\":\"Person\",\"@id\":\"https:\/\/denizcankizil.tr\/#\/schema\/person\/5dc1b22991bd7ac833867c10afc9b0ff\",\"name\":\"Av. Deniz Can K\u0131z\u0131l\",\"image\":{\"@type\":\"ImageObject\",\"inLanguage\":\"uk\",\"@id\":\"https:\/\/denizcankizil.tr\/#\/schema\/person\/image\/\",\"url\":\"https:\/\/secure.gravatar.com\/avatar\/a0b128fb9855c79efc976d5640eedb31dc35ec297594d6016d2cf7c60e975bb6?s=96&d=mm&r=g\",\"contentUrl\":\"https:\/\/secure.gravatar.com\/avatar\/a0b128fb9855c79efc976d5640eedb31dc35ec297594d6016d2cf7c60e975bb6?s=96&d=mm&r=g\",\"caption\":\"Av. Deniz Can K\u0131z\u0131l\"},\"sameAs\":[\"http:\/\/www.denizcankizil.tr\"],\"url\":\"https:\/\/denizcankizil.tr\/uk\/author\/denizcankizil\/\"}]}<\/script>\n<!-- \/ Yoast SEO Premium plugin. -->","yoast_head_json":{"title":"AKRA Gran Fondo i\u00e7in geri say\u0131m ba\u015flad\u0131 - Av. Deniz Can K\u0131z\u0131l","robots":{"index":"index","follow":"follow","max-snippet":"max-snippet:-1","max-image-preview":"max-image-preview:large","max-video-preview":"max-video-preview:-1"},"canonical":"https:\/\/denizcankizil.tr\/uk\/haberler\/antalya\/akra-gran-fondo-icin-geri-sayim-basladi\/","og_locale":"uk_UA","og_type":"article","og_title":"AKRA Gran Fondo i\u00e7in geri say\u0131m ba\u015flad\u0131","og_description":"T\u00fcrkiye\u2019nin \u00f6nemli bisiklet destinasyonlar\u0131ndan Antalya\u2019n\u0131n Kemer il\u00e7esinde \u2018Pedallar d\u00f6ner, dostluk b\u00fcy\u00fcr\u2019 slogan\u0131 ile d\u00fczenlenecek organizasyon, amat\u00f6r yol bisiklet\u00e7ilerine unutulmaz bir yar\u0131\u015f imkan\u0131 sunacak. Ulusal ve uluslararas\u0131 bir\u00e7ok sporcuyu bir araya getirecek organizasyonda sporcular iyilik ve dostlu\u011fa pedal basacaklar. Argeus Travel &amp; Events ve Yedi \u0130leti\u015fim taraf\u0131ndan 2018 y\u0131l\u0131ndan bu yana d\u00fczenlenen organizasyon, Uluslararas\u0131 Bisiklet Birli\u011fi (UCI) ve T\u00fcrkiye Bisiklet Federasyonu y\u00f6netmeliklerine g\u00f6re ger\u00e7ekle\u015fecek. AKRA Gran Fondo, 2 bin metreden fazla t\u0131rman\u0131\u015fa sahip 98 kilometrelik uzun \u2018AKRA\u2019 parkuru ve 537 metreden fazla t\u0131rman\u0131\u015fa sahip 49 kilometrelik \u2018AG Tohum\u2019 parkuru kat\u0131l\u0131mc\u0131lar\u0131n be\u011fenisini toplamaya devam edecek. Yar\u0131\u015f, Kemer Olbia Park\u0131&#8217;ndan start alacak ve yakla\u015f\u0131k 6 saatin ard\u0131ndan ayn\u0131 noktada sona erecek. E\u011eLENCE Z\u0130RVE YAPACAK AKRA Gran Fondo Antalya powered by AG Tohum\u2019da s\u00fcrpriz hediyeler ve e\u011flencesi ile zirve yapacak. Organizasyonda 18 Nisan Cuma g\u00fcn\u00fc 18.30-19.30 saatleri aras\u0131nda ve 19 Nisan Cumartesi g\u00fcn\u00fc 12.00-13.00 saatleri aras\u0131nda canl\u0131 m\u00fczik keyfi kat\u0131l\u0131mc\u0131lar\u0131n be\u011fenisine sunulacak. Yar\u0131\u015f\u0131n ard\u0131ndan ise kat\u0131l\u0131mc\u0131lara \u00f6zel ger\u00e7ekle\u015ftirilerek \u00e7ekili\u015fle birbirinden de\u011ferli hediyeler sahipleriyle bulu\u015facak. KOORD\u0130NASYON TOPLANTISI YAPILDI Do\u011fal g\u00fczellikleri \u00f6n plana \u00e7\u0131kan organizasyonda T\u00fcrkiye\u2019nin yan\u0131 s\u0131ra bir\u00e7ok \u00fclkeden gelecek bisiklet\u00e7iler, bir yar\u0131\u015ftan ziyade dostluk i\u00e7inde Kemer\u2019in b\u00fcy\u00fcleyici atmosferinde pedal basacak. Organizasyon kapsam\u0131nda Kemer Kaymakam\u0131 Ahmet Solmaz ba\u015fkanl\u0131\u011f\u0131nda t\u00fcm payda\u015flar\u0131n kat\u0131ld\u0131\u011f\u0131 koordinasyon toplant\u0131s\u0131 yap\u0131ld\u0131. Kemer &hellip;","og_url":"https:\/\/denizcankizil.tr\/uk\/haberler\/antalya\/akra-gran-fondo-icin-geri-sayim-basladi\/","og_site_name":"Av. Deniz Can K\u0131z\u0131l","article_published_time":"2025-04-15T12:41:38+00:00","og_image":[{"width":1280,"height":720,"url":"https:\/\/denizcankizil.tr\/wp-content\/uploads\/2025\/04\/5809-01-1-1F1U3m.jpeg","type":"image\/jpeg"}],"author":"Av. Deniz Can K\u0131z\u0131l","twitter_card":"summary_large_image","twitter_misc":{"\u041d\u0430\u043f\u0438\u0441\u0430\u043d\u043e":"Av. Deniz Can K\u0131z\u0131l","\u041f\u0440\u0438\u0431\u043b. \u0447\u0430\u0441 \u0447\u0438\u0442\u0430\u043d\u043d\u044f":"2 \u0445\u0432\u0438\u043b\u0438\u043d\u0438"},"schema":{"@context":"https:\/\/schema.org","@graph":[{"@type":"Article","@id":"https:\/\/denizcankizil.tr\/ru\/haberler\/antalya\/akra-gran-fondo-icin-geri-sayim-basladi\/#article","isPartOf":{"@id":"https:\/\/denizcankizil.tr\/ru\/haberler\/antalya\/akra-gran-fondo-icin-geri-sayim-basladi\/"},"author":{"name":"Av. Deniz Can K\u0131z\u0131l","@id":"https:\/\/denizcankizil.tr\/#\/schema\/person\/5dc1b22991bd7ac833867c10afc9b0ff"},"headline":"AKRA Gran Fondo i\u00e7in geri say\u0131m ba\u015flad\u0131","datePublished":"2025-04-15T12:41:38+00:00","mainEntityOfPage":{"@id":"https:\/\/denizcankizil.tr\/ru\/haberler\/antalya\/akra-gran-fondo-icin-geri-sayim-basladi\/"},"wordCount":392,"publisher":{"@id":"https:\/\/denizcankizil.tr\/#organization"},"image":{"@id":"https:\/\/denizcankizil.tr\/ru\/haberler\/antalya\/akra-gran-fondo-icin-geri-sayim-basladi\/#primaryimage"},"thumbnailUrl":"https:\/\/denizcankizil.tr\/wp-content\/uploads\/2025\/04\/5809-01-1-1F1U3m.jpeg","articleSection":["Antalya"],"inLanguage":"uk"},{"@type":"WebPage","@id":"https:\/\/denizcankizil.tr\/ru\/haberler\/antalya\/akra-gran-fondo-icin-geri-sayim-basladi\/","url":"https:\/\/denizcankizil.tr\/ru\/haberler\/antalya\/akra-gran-fondo-icin-geri-sayim-basladi\/","name":"AKRA Gran Fondo i\u00e7in geri say\u0131m ba\u015flad\u0131 - Av. Deniz Can K\u0131z\u0131l","isPartOf":{"@id":"https:\/\/denizcankizil.tr\/#website"},"primaryImageOfPage":{"@id":"https:\/\/denizcankizil.tr\/ru\/haberler\/antalya\/akra-gran-fondo-icin-geri-sayim-basladi\/#primaryimage"},"image":{"@id":"https:\/\/denizcankizil.tr\/ru\/haberler\/antalya\/akra-gran-fondo-icin-geri-sayim-basladi\/#primaryimage"},"thumbnailUrl":"https:\/\/denizcankizil.tr\/wp-content\/uploads\/2025\/04\/5809-01-1-1F1U3m.jpeg","datePublished":"2025-04-15T12:41:38+00:00","breadcrumb":{"@id":"https:\/\/denizcankizil.tr\/ru\/haberler\/antalya\/akra-gran-fondo-icin-geri-sayim-basladi\/#breadcrumb"},"inLanguage":"uk","potentialAction":[{"@type":"ReadAction","target":["https:\/\/denizcankizil.tr\/ru\/haberler\/antalya\/akra-gran-fondo-icin-geri-sayim-basladi\/"]}]},{"@type":"ImageObject","inLanguage":"uk","@id":"https:\/\/denizcankizil.tr\/ru\/haberler\/antalya\/akra-gran-fondo-icin-geri-sayim-basladi\/#primaryimage","url":"https:\/\/denizcankizil.tr\/wp-content\/uploads\/2025\/04\/5809-01-1-1F1U3m.jpeg","contentUrl":"https:\/\/denizcankizil.tr\/wp-content\/uploads\/2025\/04\/5809-01-1-1F1U3m.jpeg","width":1280,"height":720},{"@type":"BreadcrumbList","@id":"https:\/\/denizcankizil.tr\/ru\/haberler\/antalya\/akra-gran-fondo-icin-geri-sayim-basladi\/#breadcrumb","itemListElement":[{"@type":"ListItem","position":1,"name":"Home","item":"https:\/\/denizcankizil.tr\/de\/"},{"@type":"ListItem","position":2,"name":"AKRA Gran Fondo i\u00e7in geri say\u0131m ba\u015flad\u0131"}]},{"@type":"WebSite","@id":"https:\/\/denizcankizil.tr\/#website","url":"https:\/\/denizcankizil.tr\/","name":"Av. Deniz Can K\u0131z\u0131l","description":"Avukat Deniz Can K\u0131z\u0131l Antalya Barosu","publisher":{"@id":"https:\/\/denizcankizil.tr\/#organization"},"potentialAction":[{"@type":"SearchAction","target":{"@type":"EntryPoint","urlTemplate":"https:\/\/denizcankizil.tr\/?s={search_term_string}"},"query-input":{"@type":"PropertyValueSpecification","valueRequired":true,"valueName":"search_term_string"}}],"inLanguage":"uk"},{"@type":"Organization","@id":"https:\/\/denizcankizil.tr\/#organization","name":"Av. Deniz Can K\u0131z\u0131l","url":"https:\/\/denizcankizil.tr\/","logo":{"@type":"ImageObject","inLanguage":"uk","@id":"https:\/\/denizcankizil.tr\/#\/schema\/logo\/image\/","url":"https:\/\/denizcankizil.tr\/wp-content\/uploads\/2024\/10\/siyah-logo-svg.svg","contentUrl":"https:\/\/denizcankizil.tr\/wp-content\/uploads\/2024\/10\/siyah-logo-svg.svg","width":1080,"height":1080,"caption":"Av. Deniz Can K\u0131z\u0131l"},"image":{"@id":"https:\/\/denizcankizil.tr\/#\/schema\/logo\/image\/"}},{"@type":"Person","@id":"https:\/\/denizcankizil.tr\/#\/schema\/person\/5dc1b22991bd7ac833867c10afc9b0ff","name":"Av. Deniz Can K\u0131z\u0131l","image":{"@type":"ImageObject","inLanguage":"uk","@id":"https:\/\/denizcankizil.tr\/#\/schema\/person\/image\/","url":"https:\/\/secure.gravatar.com\/avatar\/a0b128fb9855c79efc976d5640eedb31dc35ec297594d6016d2cf7c60e975bb6?s=96&d=mm&r=g","contentUrl":"https:\/\/secure.gravatar.com\/avatar\/a0b128fb9855c79efc976d5640eedb31dc35ec297594d6016d2cf7c60e975bb6?s=96&d=mm&r=g","caption":"Av. Deniz Can K\u0131z\u0131l"},"sameAs":["http:\/\/www.denizcankizil.tr"],"url":"https:\/\/denizcankizil.tr\/uk\/author\/denizcankizil\/"}]}},"_links":{"self":[{"href":"https:\/\/denizcankizil.tr\/uk\/wp-json\/wp\/v2\/posts\/56484","targetHints":{"allow":["GET"]}}],"collection":[{"href":"https:\/\/denizcankizil.tr\/uk\/wp-json\/wp\/v2\/posts"}],"about":[{"href":"https:\/\/denizcankizil.tr\/uk\/wp-json\/wp\/v2\/types\/post"}],"author":[{"embeddable":true,"href":"https:\/\/denizcankizil.tr\/uk\/wp-json\/wp\/v2\/users\/4"}],"replies":[{"embeddable":true,"href":"https:\/\/denizcankizil.tr\/uk\/wp-json\/wp\/v2\/comments?post=56484"}],"version-history":[{"count":0,"href":"https:\/\/denizcankizil.tr\/uk\/wp-json\/wp\/v2\/posts\/56484\/revisions"}],"wp:featuredmedia":[{"embeddable":true,"href":"https:\/\/denizcankizil.tr\/uk\/wp-json\/wp\/v2\/media\/56485"}],"wp:attachment":[{"href":"https:\/\/denizcankizil.tr\/uk\/wp-json\/wp\/v2\/media?parent=56484"}],"wp:term":[{"taxonomy":"category","embeddable":true,"href":"https:\/\/denizcankizil.tr\/uk\/wp-json\/wp\/v2\/categories?post=56484"},{"taxonomy":"post_tag","embeddable":true,"href":"https:\/\/denizcankizil.tr\/uk\/wp-json\/wp\/v2\/tags?post=56484"}],"curies":[{"name":"wp","href":"https:\/\/api.w.org\/{rel}","templated":true}]}}