{"id":55334,"date":"2025-04-14T12:42:11","date_gmt":"2025-04-14T09:42:11","guid":{"rendered":"https:\/\/denizcankizil.tr\/uncategorized-tr\/anadolu-lisesi-ogrencilerinden-sessiz-eylem\/"},"modified":"2025-04-14T12:42:11","modified_gmt":"2025-04-14T09:42:11","slug":"anadolu-lisesi-ogrencilerinden-sessiz-eylem","status":"publish","type":"post","link":"https:\/\/denizcankizil.tr\/uk\/haberler\/gundem\/anadolu-lisesi-ogrencilerinden-sessiz-eylem\/","title":{"rendered":"Anadolu Lisesi \u00d6\u011frencilerinden Sessiz Eylem&#8230;"},"content":{"rendered":"<p>Ge\u00e7ti\u011fimiz g\u00fcnlerde T\u00fcrkiye genelinde binlerce \u00f6\u011fretmenin g\u00f6rev yerlerinin de\u011fi\u015fti\u011fi atamalar\u0131n ard\u0131ndan, Makzume Anadolu Lisesi \u00f6\u011frencileri haftan\u0131n ilk g\u00fcn\u00fc sabah saatlerinde okul bah\u00e7esinde sessiz bir protesto ger\u00e7ekle\u015ftirdi.<\/p>\n<p>S\u0131n\u0131flara girmeyen \u00f6\u011frenciler, okul bah\u00e7esinde oturarak sessiz bir \u015fekilde tepkilerini dile getirirken, zaman zaman alk\u0131\u015flarla seslerini duyurmaya \u00e7al\u0131\u015ft\u0131. \u00d6\u011frenciler, \u00f6\u011fretmenlerinin yerlerinin de\u011fi\u015ftirilmesini istemediklerini belirterek atamalar\u0131n durdurulmas\u0131 \u00e7a\u011fr\u0131s\u0131nda bulundu.<\/p>\n<p>Protesto boyunca herhangi bir olumsuzluk ya\u015fanmazken, \u00f6\u011frencilerin sakin tav\u0131rlar\u0131 dikkat \u00e7ekti.<\/p>\n<p>\u200bHatay\u2019\u0131n \u0130skenderun il\u00e7esinde bulunan Makzume Anadolu Lisesi\u2019nde \u00f6\u011frenciler, Milli E\u011fitim Bakanl\u0131\u011f\u0131\u2019n\u0131n \u00f6\u011fretmen atamalar\u0131na tepki g\u00f6stererek derslere girmedi, okul bah\u00e7esinde oturma eylemi ger\u00e7ekle\u015ftirdi.\u00a0<\/p>\n<p>\u200bHaberin Al\u0131nt\u0131land\u0131\u011f\u0131 Kaynak: www.iskenderun.org<\/p>","protected":false},"excerpt":{"rendered":"<p>Ge\u00e7ti\u011fimiz g\u00fcnlerde T\u00fcrkiye genelinde binlerce \u00f6\u011fretmenin g\u00f6rev yerlerinin de\u011fi\u015fti\u011fi atamalar\u0131n ard\u0131ndan, Makzume Anadolu Lisesi \u00f6\u011frencileri haftan\u0131n ilk g\u00fcn\u00fc sabah saatlerinde okul bah\u00e7esinde sessiz bir protesto ger\u00e7ekle\u015ftirdi. S\u0131n\u0131flara girmeyen \u00f6\u011frenciler, okul bah\u00e7esinde oturarak sessiz bir \u015fekilde tepkilerini dile getirirken, zaman zaman alk\u0131\u015flarla seslerini duyurmaya \u00e7al\u0131\u015ft\u0131. \u00d6\u011frenciler, \u00f6\u011fretmenlerinin yerlerinin de\u011fi\u015ftirilmesini istemediklerini belirterek atamalar\u0131n durdurulmas\u0131 \u00e7a\u011fr\u0131s\u0131nda bulundu. Protesto boyunca herhangi bir olumsuzluk ya\u015fanmazken, \u00f6\u011frencilerin sakin tav\u0131rlar\u0131 dikkat \u00e7ekti. \u200bHatay\u2019\u0131n \u0130skenderun il\u00e7esinde bulunan Makzume Anadolu Lisesi\u2019nde \u00f6\u011frenciler, Milli E\u011fitim Bakanl\u0131\u011f\u0131\u2019n\u0131n \u00f6\u011fretmen atamalar\u0131na tepki g\u00f6stererek derslere girmedi, okul bah\u00e7esinde oturma eylemi ger\u00e7ekle\u015ftirdi.\u00a0 \u200bHaberin Al\u0131nt\u0131land\u0131\u011f\u0131 Kaynak: www.iskenderun.org<\/p>","protected":false},"author":1,"featured_media":0,"comment_status":"","ping_status":"open","sticky":false,"template":"","format":"standard","meta":{"_acf_changed":false,"footnotes":""},"categories":[24],"tags":[],"class_list":["post-55334","post","type-post","status-publish","format-standard","has-post-thumbnail","hentry","category-gundem"],"acf":[],"yoast_head":"<!-- This site is optimized with the Yoast SEO Premium plugin v26.6 (Yoast SEO v27.1.1) - https:\/\/yoast.com\/product\/yoast-seo-premium-wordpress\/ -->\n<title>Anadolu Lisesi \u00d6\u011frencilerinden Sessiz Eylem... - Av. Deniz Can K\u0131z\u0131l<\/title>\n<meta name=\"robots\" content=\"index, follow, max-snippet:-1, max-image-preview:large, max-video-preview:-1\" \/>\n<link rel=\"canonical\" href=\"https:\/\/denizcankizil.tr\/uk\/haberler\/gundem\/anadolu-lisesi-ogrencilerinden-sessiz-eylem\/\" \/>\n<meta property=\"og:locale\" content=\"uk_UA\" \/>\n<meta property=\"og:type\" content=\"article\" \/>\n<meta property=\"og:title\" content=\"Anadolu Lisesi \u00d6\u011frencilerinden Sessiz Eylem...\" \/>\n<meta property=\"og:description\" content=\"Ge\u00e7ti\u011fimiz g\u00fcnlerde T\u00fcrkiye genelinde binlerce \u00f6\u011fretmenin g\u00f6rev yerlerinin de\u011fi\u015fti\u011fi atamalar\u0131n ard\u0131ndan, Makzume Anadolu Lisesi \u00f6\u011frencileri haftan\u0131n ilk g\u00fcn\u00fc sabah saatlerinde okul bah\u00e7esinde sessiz bir protesto ger\u00e7ekle\u015ftirdi. S\u0131n\u0131flara girmeyen \u00f6\u011frenciler, okul bah\u00e7esinde oturarak sessiz bir \u015fekilde tepkilerini dile getirirken, zaman zaman alk\u0131\u015flarla seslerini duyurmaya \u00e7al\u0131\u015ft\u0131. \u00d6\u011frenciler, \u00f6\u011fretmenlerinin yerlerinin de\u011fi\u015ftirilmesini istemediklerini belirterek atamalar\u0131n durdurulmas\u0131 \u00e7a\u011fr\u0131s\u0131nda bulundu. Protesto boyunca herhangi bir olumsuzluk ya\u015fanmazken, \u00f6\u011frencilerin sakin tav\u0131rlar\u0131 dikkat \u00e7ekti. \u200bHatay\u2019\u0131n \u0130skenderun il\u00e7esinde bulunan Makzume Anadolu Lisesi\u2019nde \u00f6\u011frenciler, Milli E\u011fitim Bakanl\u0131\u011f\u0131\u2019n\u0131n \u00f6\u011fretmen atamalar\u0131na tepki g\u00f6stererek derslere girmedi, okul bah\u00e7esinde oturma eylemi ger\u00e7ekle\u015ftirdi.\u00a0 \u200bHaberin Al\u0131nt\u0131land\u0131\u011f\u0131 Kaynak: www.iskenderun.org\" \/>\n<meta property=\"og:url\" content=\"https:\/\/denizcankizil.tr\/uk\/haberler\/gundem\/anadolu-lisesi-ogrencilerinden-sessiz-eylem\/\" \/>\n<meta property=\"og:site_name\" content=\"Av. Deniz Can K\u0131z\u0131l\" \/>\n<meta property=\"article:published_time\" content=\"2025-04-14T09:42:11+00:00\" \/>\n<meta name=\"author\" content=\"admin\" \/>\n<meta name=\"twitter:card\" content=\"summary_large_image\" \/>\n<meta name=\"twitter:label1\" content=\"\u041d\u0430\u043f\u0438\u0441\u0430\u043d\u043e\" \/>\n\t<meta name=\"twitter:data1\" content=\"admin\" \/>\n\t<meta name=\"twitter:label2\" content=\"\u041f\u0440\u0438\u0431\u043b. \u0447\u0430\u0441 \u0447\u0438\u0442\u0430\u043d\u043d\u044f\" \/>\n\t<meta name=\"twitter:data2\" content=\"1 \u0445\u0432\u0438\u043b\u0438\u043d\u0430\" \/>\n<script type=\"application\/ld+json\" class=\"yoast-schema-graph\">{\"@context\":\"https:\/\/schema.org\",\"@graph\":[{\"@type\":\"Article\",\"@id\":\"https:\/\/denizcankizil.tr\/uk\/haberler\/gundem\/anadolu-lisesi-ogrencilerinden-sessiz-eylem\/#article\",\"isPartOf\":{\"@id\":\"https:\/\/denizcankizil.tr\/uk\/haberler\/gundem\/anadolu-lisesi-ogrencilerinden-sessiz-eylem\/\"},\"author\":{\"name\":\"admin\",\"@id\":\"https:\/\/denizcankizil.tr\/#\/schema\/person\/be3c05fe6a12686905512445d8185489\"},\"headline\":\"Anadolu Lisesi \u00d6\u011frencilerinden Sessiz Eylem&#8230;\",\"datePublished\":\"2025-04-14T09:42:11+00:00\",\"mainEntityOfPage\":{\"@id\":\"https:\/\/denizcankizil.tr\/uk\/haberler\/gundem\/anadolu-lisesi-ogrencilerinden-sessiz-eylem\/\"},\"wordCount\":139,\"publisher\":{\"@id\":\"https:\/\/denizcankizil.tr\/#organization\"},\"articleSection\":[\"G\u00fcndem\"],\"inLanguage\":\"uk\"},{\"@type\":\"WebPage\",\"@id\":\"https:\/\/denizcankizil.tr\/uk\/haberler\/gundem\/anadolu-lisesi-ogrencilerinden-sessiz-eylem\/\",\"url\":\"https:\/\/denizcankizil.tr\/uk\/haberler\/gundem\/anadolu-lisesi-ogrencilerinden-sessiz-eylem\/\",\"name\":\"Anadolu Lisesi \u00d6\u011frencilerinden Sessiz Eylem... - Av. Deniz Can K\u0131z\u0131l\",\"isPartOf\":{\"@id\":\"https:\/\/denizcankizil.tr\/#website\"},\"datePublished\":\"2025-04-14T09:42:11+00:00\",\"breadcrumb\":{\"@id\":\"https:\/\/denizcankizil.tr\/uk\/haberler\/gundem\/anadolu-lisesi-ogrencilerinden-sessiz-eylem\/#breadcrumb\"},\"inLanguage\":\"uk\",\"potentialAction\":[{\"@type\":\"ReadAction\",\"target\":[\"https:\/\/denizcankizil.tr\/uk\/haberler\/gundem\/anadolu-lisesi-ogrencilerinden-sessiz-eylem\/\"]}]},{\"@type\":\"BreadcrumbList\",\"@id\":\"https:\/\/denizcankizil.tr\/uk\/haberler\/gundem\/anadolu-lisesi-ogrencilerinden-sessiz-eylem\/#breadcrumb\",\"itemListElement\":[{\"@type\":\"ListItem\",\"position\":1,\"name\":\"Home\",\"item\":\"https:\/\/denizcankizil.tr\/uk\/\"},{\"@type\":\"ListItem\",\"position\":2,\"name\":\"Anadolu Lisesi \u00d6\u011frencilerinden Sessiz Eylem&#8230;\"}]},{\"@type\":\"WebSite\",\"@id\":\"https:\/\/denizcankizil.tr\/#website\",\"url\":\"https:\/\/denizcankizil.tr\/\",\"name\":\"Av. Deniz Can K\u0131z\u0131l\",\"description\":\"Avukat Deniz Can K\u0131z\u0131l Antalya Barosu\",\"publisher\":{\"@id\":\"https:\/\/denizcankizil.tr\/#organization\"},\"potentialAction\":[{\"@type\":\"SearchAction\",\"target\":{\"@type\":\"EntryPoint\",\"urlTemplate\":\"https:\/\/denizcankizil.tr\/?s={search_term_string}\"},\"query-input\":{\"@type\":\"PropertyValueSpecification\",\"valueRequired\":true,\"valueName\":\"search_term_string\"}}],\"inLanguage\":\"uk\"},{\"@type\":\"Organization\",\"@id\":\"https:\/\/denizcankizil.tr\/#organization\",\"name\":\"Av. Deniz Can K\u0131z\u0131l\",\"url\":\"https:\/\/denizcankizil.tr\/\",\"logo\":{\"@type\":\"ImageObject\",\"inLanguage\":\"uk\",\"@id\":\"https:\/\/denizcankizil.tr\/#\/schema\/logo\/image\/\",\"url\":\"https:\/\/denizcankizil.tr\/wp-content\/uploads\/2024\/10\/siyah-logo-svg.svg\",\"contentUrl\":\"https:\/\/denizcankizil.tr\/wp-content\/uploads\/2024\/10\/siyah-logo-svg.svg\",\"width\":1080,\"height\":1080,\"caption\":\"Av. Deniz Can K\u0131z\u0131l\"},\"image\":{\"@id\":\"https:\/\/denizcankizil.tr\/#\/schema\/logo\/image\/\"}},{\"@type\":\"Person\",\"@id\":\"https:\/\/denizcankizil.tr\/#\/schema\/person\/be3c05fe6a12686905512445d8185489\",\"name\":\"admin\",\"image\":{\"@type\":\"ImageObject\",\"inLanguage\":\"uk\",\"@id\":\"https:\/\/denizcankizil.tr\/#\/schema\/person\/image\/\",\"url\":\"https:\/\/secure.gravatar.com\/avatar\/c1fce94c830dc79107e174f890d7210541c4a63e8e5d816341794a2151c9d58c?s=96&d=mm&r=g\",\"contentUrl\":\"https:\/\/secure.gravatar.com\/avatar\/c1fce94c830dc79107e174f890d7210541c4a63e8e5d816341794a2151c9d58c?s=96&d=mm&r=g\",\"caption\":\"admin\"},\"sameAs\":[\"http:\/\/denizcankizil.tr\"],\"url\":\"https:\/\/www.iskenderun.org\/anadolu-lisesi-ogrencilerinden-sessiz-eylem\"}]}<\/script>\n<!-- \/ Yoast SEO Premium plugin. -->","yoast_head_json":{"title":"Anadolu Lisesi \u00d6\u011frencilerinden Sessiz Eylem... - Av. Deniz Can K\u0131z\u0131l","robots":{"index":"index","follow":"follow","max-snippet":"max-snippet:-1","max-image-preview":"max-image-preview:large","max-video-preview":"max-video-preview:-1"},"canonical":"https:\/\/denizcankizil.tr\/uk\/haberler\/gundem\/anadolu-lisesi-ogrencilerinden-sessiz-eylem\/","og_locale":"uk_UA","og_type":"article","og_title":"Anadolu Lisesi \u00d6\u011frencilerinden Sessiz Eylem...","og_description":"Ge\u00e7ti\u011fimiz g\u00fcnlerde T\u00fcrkiye genelinde binlerce \u00f6\u011fretmenin g\u00f6rev yerlerinin de\u011fi\u015fti\u011fi atamalar\u0131n ard\u0131ndan, Makzume Anadolu Lisesi \u00f6\u011frencileri haftan\u0131n ilk g\u00fcn\u00fc sabah saatlerinde okul bah\u00e7esinde sessiz bir protesto ger\u00e7ekle\u015ftirdi. S\u0131n\u0131flara girmeyen \u00f6\u011frenciler, okul bah\u00e7esinde oturarak sessiz bir \u015fekilde tepkilerini dile getirirken, zaman zaman alk\u0131\u015flarla seslerini duyurmaya \u00e7al\u0131\u015ft\u0131. \u00d6\u011frenciler, \u00f6\u011fretmenlerinin yerlerinin de\u011fi\u015ftirilmesini istemediklerini belirterek atamalar\u0131n durdurulmas\u0131 \u00e7a\u011fr\u0131s\u0131nda bulundu. Protesto boyunca herhangi bir olumsuzluk ya\u015fanmazken, \u00f6\u011frencilerin sakin tav\u0131rlar\u0131 dikkat \u00e7ekti. \u200bHatay\u2019\u0131n \u0130skenderun il\u00e7esinde bulunan Makzume Anadolu Lisesi\u2019nde \u00f6\u011frenciler, Milli E\u011fitim Bakanl\u0131\u011f\u0131\u2019n\u0131n \u00f6\u011fretmen atamalar\u0131na tepki g\u00f6stererek derslere girmedi, okul bah\u00e7esinde oturma eylemi ger\u00e7ekle\u015ftirdi.\u00a0 \u200bHaberin Al\u0131nt\u0131land\u0131\u011f\u0131 Kaynak: www.iskenderun.org","og_url":"https:\/\/denizcankizil.tr\/uk\/haberler\/gundem\/anadolu-lisesi-ogrencilerinden-sessiz-eylem\/","og_site_name":"Av. Deniz Can K\u0131z\u0131l","article_published_time":"2025-04-14T09:42:11+00:00","author":"admin","twitter_card":"summary_large_image","twitter_misc":{"\u041d\u0430\u043f\u0438\u0441\u0430\u043d\u043e":"admin","\u041f\u0440\u0438\u0431\u043b. \u0447\u0430\u0441 \u0447\u0438\u0442\u0430\u043d\u043d\u044f":"1 \u0445\u0432\u0438\u043b\u0438\u043d\u0430"},"schema":{"@context":"https:\/\/schema.org","@graph":[{"@type":"Article","@id":"https:\/\/denizcankizil.tr\/uk\/haberler\/gundem\/anadolu-lisesi-ogrencilerinden-sessiz-eylem\/#article","isPartOf":{"@id":"https:\/\/denizcankizil.tr\/uk\/haberler\/gundem\/anadolu-lisesi-ogrencilerinden-sessiz-eylem\/"},"author":{"name":"admin","@id":"https:\/\/denizcankizil.tr\/#\/schema\/person\/be3c05fe6a12686905512445d8185489"},"headline":"Anadolu Lisesi \u00d6\u011frencilerinden Sessiz Eylem&#8230;","datePublished":"2025-04-14T09:42:11+00:00","mainEntityOfPage":{"@id":"https:\/\/denizcankizil.tr\/uk\/haberler\/gundem\/anadolu-lisesi-ogrencilerinden-sessiz-eylem\/"},"wordCount":139,"publisher":{"@id":"https:\/\/denizcankizil.tr\/#organization"},"articleSection":["G\u00fcndem"],"inLanguage":"uk"},{"@type":"WebPage","@id":"https:\/\/denizcankizil.tr\/uk\/haberler\/gundem\/anadolu-lisesi-ogrencilerinden-sessiz-eylem\/","url":"https:\/\/denizcankizil.tr\/uk\/haberler\/gundem\/anadolu-lisesi-ogrencilerinden-sessiz-eylem\/","name":"Anadolu Lisesi \u00d6\u011frencilerinden Sessiz Eylem... - Av. Deniz Can K\u0131z\u0131l","isPartOf":{"@id":"https:\/\/denizcankizil.tr\/#website"},"datePublished":"2025-04-14T09:42:11+00:00","breadcrumb":{"@id":"https:\/\/denizcankizil.tr\/uk\/haberler\/gundem\/anadolu-lisesi-ogrencilerinden-sessiz-eylem\/#breadcrumb"},"inLanguage":"uk","potentialAction":[{"@type":"ReadAction","target":["https:\/\/denizcankizil.tr\/uk\/haberler\/gundem\/anadolu-lisesi-ogrencilerinden-sessiz-eylem\/"]}]},{"@type":"BreadcrumbList","@id":"https:\/\/denizcankizil.tr\/uk\/haberler\/gundem\/anadolu-lisesi-ogrencilerinden-sessiz-eylem\/#breadcrumb","itemListElement":[{"@type":"ListItem","position":1,"name":"Home","item":"https:\/\/denizcankizil.tr\/uk\/"},{"@type":"ListItem","position":2,"name":"Anadolu Lisesi \u00d6\u011frencilerinden Sessiz Eylem&#8230;"}]},{"@type":"WebSite","@id":"https:\/\/denizcankizil.tr\/#website","url":"https:\/\/denizcankizil.tr\/","name":"Av. Deniz Can K\u0131z\u0131l","description":"Avukat Deniz Can K\u0131z\u0131l Antalya Barosu","publisher":{"@id":"https:\/\/denizcankizil.tr\/#organization"},"potentialAction":[{"@type":"SearchAction","target":{"@type":"EntryPoint","urlTemplate":"https:\/\/denizcankizil.tr\/?s={search_term_string}"},"query-input":{"@type":"PropertyValueSpecification","valueRequired":true,"valueName":"search_term_string"}}],"inLanguage":"uk"},{"@type":"Organization","@id":"https:\/\/denizcankizil.tr\/#organization","name":"Av. Deniz Can K\u0131z\u0131l","url":"https:\/\/denizcankizil.tr\/","logo":{"@type":"ImageObject","inLanguage":"uk","@id":"https:\/\/denizcankizil.tr\/#\/schema\/logo\/image\/","url":"https:\/\/denizcankizil.tr\/wp-content\/uploads\/2024\/10\/siyah-logo-svg.svg","contentUrl":"https:\/\/denizcankizil.tr\/wp-content\/uploads\/2024\/10\/siyah-logo-svg.svg","width":1080,"height":1080,"caption":"Av. Deniz Can K\u0131z\u0131l"},"image":{"@id":"https:\/\/denizcankizil.tr\/#\/schema\/logo\/image\/"}},{"@type":"Person","@id":"https:\/\/denizcankizil.tr\/#\/schema\/person\/be3c05fe6a12686905512445d8185489","name":"\u0430\u0434\u043c\u0456\u043d","image":{"@type":"ImageObject","inLanguage":"uk","@id":"https:\/\/denizcankizil.tr\/#\/schema\/person\/image\/","url":"https:\/\/secure.gravatar.com\/avatar\/c1fce94c830dc79107e174f890d7210541c4a63e8e5d816341794a2151c9d58c?s=96&d=mm&r=g","contentUrl":"https:\/\/secure.gravatar.com\/avatar\/c1fce94c830dc79107e174f890d7210541c4a63e8e5d816341794a2151c9d58c?s=96&d=mm&r=g","caption":"admin"},"sameAs":["http:\/\/denizcankizil.tr"],"url":"https:\/\/www.iskenderun.org\/anadolu-lisesi-ogrencilerinden-sessiz-eylem"}]}},"_links":{"self":[{"href":"https:\/\/denizcankizil.tr\/uk\/wp-json\/wp\/v2\/posts\/55334","targetHints":{"allow":["GET"]}}],"collection":[{"href":"https:\/\/denizcankizil.tr\/uk\/wp-json\/wp\/v2\/posts"}],"about":[{"href":"https:\/\/denizcankizil.tr\/uk\/wp-json\/wp\/v2\/types\/post"}],"author":[{"embeddable":true,"href":"https:\/\/denizcankizil.tr\/uk\/wp-json\/wp\/v2\/users\/1"}],"replies":[{"embeddable":true,"href":"https:\/\/denizcankizil.tr\/uk\/wp-json\/wp\/v2\/comments?post=55334"}],"version-history":[{"count":0,"href":"https:\/\/denizcankizil.tr\/uk\/wp-json\/wp\/v2\/posts\/55334\/revisions"}],"wp:attachment":[{"href":"https:\/\/denizcankizil.tr\/uk\/wp-json\/wp\/v2\/media?parent=55334"}],"wp:term":[{"taxonomy":"category","embeddable":true,"href":"https:\/\/denizcankizil.tr\/uk\/wp-json\/wp\/v2\/categories?post=55334"},{"taxonomy":"post_tag","embeddable":true,"href":"https:\/\/denizcankizil.tr\/uk\/wp-json\/wp\/v2\/tags?post=55334"}],"curies":[{"name":"wp","href":"https:\/\/api.w.org\/{rel}","templated":true}]}}