{"id":54323,"date":"2025-04-13T12:41:26","date_gmt":"2025-04-13T09:41:26","guid":{"rendered":"https:\/\/denizcankizil.tr\/uncategorized-tr\/yapay-zeka-2-bin-yillik-deniz-fenerini-ayaga-kaldirdi\/"},"modified":"2025-04-13T12:41:26","modified_gmt":"2025-04-13T09:41:26","slug":"yapay-zeka-2-bin-yillik-deniz-fenerini-ayaga-kaldirdi","status":"publish","type":"post","link":"https:\/\/denizcankizil.tr\/uk\/haberler\/gundem\/yapay-zeka-2-bin-yillik-deniz-fenerini-ayaga-kaldirdi\/","title":{"rendered":"Yapay zeka, 2 bin y\u0131ll\u0131k deniz fenerini aya\u011fa kald\u0131rd\u0131"},"content":{"rendered":"<p>1481 y\u0131l\u0131ndaki Rodos depremi ve bu nedenle Akdeniz&#8217;de olu\u015fan tsunami nedeniyle y\u0131k\u0131ld\u0131\u011f\u0131 d\u00fc\u015f\u00fcn\u00fclen deniz fenerinin, sonraki y\u0131llarda olas\u0131 deprem veya tsunamide y\u0131k\u0131lmamas\u0131 i\u00e7in de teknik rapor haz\u0131rland\u0131. Uzun y\u0131llar s\u00fcren kaz\u0131larda \u00e7\u0131kart\u0131lan deniz fenerine ait 2 bin 500 ta\u015f\u0131n orijinal yeri, ta\u015f hastanesinde tek tek r\u00f6ntgeni \u00e7ekilip, yapay zeka teknolojileri kullan\u0131larak, bilgisayar program\u0131 yard\u0131m\u0131yla belirlendi. Y\u00fczde 80 oran\u0131nda orijinal ta\u015f, y\u00fczde 20 oran\u0131nda yeni ta\u015f kullan\u0131larak, 26,5 metrelik yap\u0131 tamamland\u0131.<\/p>\n<p>Y\u00dcZDE 80 ORANINDA OR\u0130J\u0130NAL TA\u015eLARIYLA YEN\u0130DEN \u0130N\u015eA ED\u0130LD\u0130 <\/p>\n<p>Ka\u015f il\u00e7esinde milattan \u00f6nce 1&#8217;inci y\u00fczy\u0131l\u0131n ortalar\u0131nda 23 kentten olu\u015fan Likya Birli\u011fi&#8217;nin ba\u015fkenti olarak bilinen Patara&#8217;da kaz\u0131 ve restorasyon \u00e7al\u0131\u015fmalar\u0131 s\u00fcr\u00fcyor. \u00d6nceki kaz\u0131 ba\u015fkan\u0131 Prof. Dr. Havva \u0130\u015fkan I\u015f\u0131k taraf\u0131ndan titizlikle s\u00fcrd\u00fcr\u00fclen \u00e7al\u0131\u015fmalarda, Roma \u0130mparatoru Nero&#8217;nun Patara&#8217;ya prestij eseri olarak yapt\u0131rd\u0131\u011f\u0131 antik deniz fenerinin restorasyonu tamamland\u0131. 2 bin y\u0131ll\u0131k deniz feneri, y\u00fczde 80 oran\u0131nda orijinal ta\u015flar\u0131yla yeniden in\u015fa edildi.<\/p>\n<p>5 YILLIK RESTORASYON \u00c7ALI\u015eMASI TAMAMLANDI <\/p>\n<p>Prof. Dr. Havva \u0130\u015fkan I\u015f\u0131k, 2020&#8217;de ba\u015flayan ve 5 y\u0131la yak\u0131n devam eden restorasyon \u00e7al\u0131\u015fmalar\u0131n\u0131n tamamland\u0131\u011f\u0131n\u0131 duyurdu. Prof. Dr. I\u015f\u0131k, \u201cRoma \u0130mparatoru Claudius taraf\u0131ndan milattan sonra 43 y\u0131l\u0131nda olu\u015fturulan Provincia Lycia, yani Lykia Eyaleti&#8217;nin ba\u015fkenti Patara&#8217;da; kendisinden sonra gelen \u0130mparator Nero taraf\u0131ndan yapt\u0131r\u0131lan deniz fenerinde, kule restorasyonu tamamland\u0131. Son kontrollerden sonra iskele s\u00f6k\u00fclecek ve kule vin\u00e7 kald\u0131r\u0131lacak. Heyecan\u0131m da eme\u011fim kadar \u00e7ok b\u00fcy\u00fck&#8221; dedi.<\/p>\n<p>2 B\u0130N 500 OR\u0130J\u0130NAL TA\u015e KULLANILDI<\/p>\n<p>32 y\u0131l \u00f6nce Akdeniz \u00dcniversitesi&#8217;nden Prof. Dr. Fahri I\u015f\u0131k ve e\u015fi Havva \u0130\u015fkan I\u015f\u0131k taraf\u0131ndan ba\u015flat\u0131lan kaz\u0131larda bug\u00fcne kadar y\u00fczlerce tarihi eser ortaya \u00e7\u0131kar\u0131ld\u0131. Bu eserlerden en \u00f6nemlilerinden biri de milattan sonra 64 y\u0131l\u0131nda Roma \u0130mparatoru Nero taraf\u0131ndan yapt\u0131r\u0131lan deniz feneri. 2000 y\u0131l\u0131nda d\u00f6nemin kaz\u0131 ba\u015fkan\u0131 Prof. Dr. Fahri I\u015f\u0131k taraf\u0131ndan tespit edilen ve daha sonra kaz\u0131 ba\u015fkanl\u0131\u011f\u0131n\u0131 devralan Prof. Dr. Havva \u0130\u015fkan I\u015f\u0131k taraf\u0131ndan ortaya \u00e7\u0131kar\u0131lan fenere ait 2 bin 500 orijinal ta\u015f bulundu.<\/p>\n<p>YAPIYLA \u0130LG\u0130L\u0130 YAZIT BULUNUYOR <\/p>\n<p>Roma \u0130mparatoru Nero&#8217;nun prestij projesi oldu\u011fu belirtilen deniz fenerinin \u00fczerinde, kimin taraf\u0131ndan yap\u0131ld\u0131\u011f\u0131, yap\u0131m tarihiyle ilgili bilgilerin yer ald\u0131\u011f\u0131 yaz\u0131t bulunuyor. Kaz\u0131larda \u00e7\u0131kar\u0131lan ta\u015f yaz\u0131tlarda, Patara Meclisi ve Patara halk\u0131n\u0131n d\u00f6nemin valisi Sextus Marcius&#8217;a hitaben, &#8216;Likya halk\u0131n\u0131 8 y\u0131l boyunca hi\u00e7 r\u00fc\u015fvet almadan, hak\u00e7a y\u00f6netti\u011finiz i\u00e7in ve \u015fehrimizi g\u00fczel yap\u0131larla s\u00fcsledi\u011finiz i\u00e7in te\u015fekk\u00fcr ederiz&#8217; yaz\u0131s\u0131 yer al\u0131yor.<\/p>\n<p>\u200bAntalya&#8217;n\u0131n Ka\u015f il\u00e7esindeki Patara Antik Kenti&#8217;nde, Roma \u0130mparatorlu Nero&#8217;nun prestij eseri olan deniz feneri, 2 bin 500 ta\u015f\u0131n yapay zeka ile analiz edilmesi sonucu in\u015fa edildi. Y\u0131k\u0131m\u0131na tsunami neden olan 26,5 metrelik tarihi yap\u0131, orijinal ta\u015flar\u0131n y\u00fczde 80&#8217;i kullan\u0131larak aya\u011fa kald\u0131r\u0131ld\u0131.\u00a0<\/p>\n<p>\u200bHaberin Al\u0131nt\u0131land\u0131\u011f\u0131 Kaynak: www.antalyakorfez.com<\/p>","protected":false},"excerpt":{"rendered":"<p>1481 y\u0131l\u0131ndaki Rodos depremi ve bu nedenle Akdeniz&#8217;de olu\u015fan tsunami nedeniyle y\u0131k\u0131ld\u0131\u011f\u0131 d\u00fc\u015f\u00fcn\u00fclen deniz fenerinin, sonraki y\u0131llarda olas\u0131 deprem veya tsunamide y\u0131k\u0131lmamas\u0131 i\u00e7in de teknik rapor haz\u0131rland\u0131. Uzun y\u0131llar s\u00fcren kaz\u0131larda \u00e7\u0131kart\u0131lan deniz fenerine ait 2 bin 500 ta\u015f\u0131n orijinal yeri, ta\u015f hastanesinde tek tek r\u00f6ntgeni \u00e7ekilip, yapay zeka teknolojileri kullan\u0131larak, bilgisayar program\u0131 yard\u0131m\u0131yla belirlendi. Y\u00fczde 80 oran\u0131nda orijinal ta\u015f, y\u00fczde 20 oran\u0131nda yeni ta\u015f kullan\u0131larak, 26,5 metrelik yap\u0131 tamamland\u0131. Y\u00dcZDE 80 ORANINDA OR\u0130J\u0130NAL TA\u015eLARIYLA YEN\u0130DEN \u0130N\u015eA ED\u0130LD\u0130 Ka\u015f il\u00e7esinde milattan \u00f6nce 1&#8217;inci y\u00fczy\u0131l\u0131n ortalar\u0131nda 23 kentten olu\u015fan Likya Birli\u011fi&#8217;nin ba\u015fkenti olarak bilinen Patara&#8217;da kaz\u0131 ve restorasyon \u00e7al\u0131\u015fmalar\u0131 s\u00fcr\u00fcyor. \u00d6nceki kaz\u0131 ba\u015fkan\u0131 Prof. Dr. Havva \u0130\u015fkan I\u015f\u0131k taraf\u0131ndan titizlikle s\u00fcrd\u00fcr\u00fclen \u00e7al\u0131\u015fmalarda, Roma \u0130mparatoru Nero&#8217;nun Patara&#8217;ya prestij eseri olarak yapt\u0131rd\u0131\u011f\u0131 antik deniz fenerinin restorasyonu tamamland\u0131. 2 bin y\u0131ll\u0131k deniz feneri, y\u00fczde 80 oran\u0131nda orijinal ta\u015flar\u0131yla yeniden in\u015fa edildi. 5 YILLIK RESTORASYON \u00c7ALI\u015eMASI TAMAMLANDI Prof. Dr. Havva \u0130\u015fkan I\u015f\u0131k, 2020&#8217;de ba\u015flayan ve 5 y\u0131la yak\u0131n devam eden restorasyon \u00e7al\u0131\u015fmalar\u0131n\u0131n tamamland\u0131\u011f\u0131n\u0131 duyurdu. Prof. Dr. I\u015f\u0131k, \u201cRoma \u0130mparatoru Claudius taraf\u0131ndan milattan sonra 43 y\u0131l\u0131nda olu\u015fturulan Provincia Lycia, yani Lykia Eyaleti&#8217;nin ba\u015fkenti Patara&#8217;da; kendisinden sonra gelen \u0130mparator Nero taraf\u0131ndan yapt\u0131r\u0131lan deniz fenerinde, kule restorasyonu tamamland\u0131. Son kontrollerden sonra iskele s\u00f6k\u00fclecek ve kule vin\u00e7 kald\u0131r\u0131lacak. Heyecan\u0131m &hellip;<\/p>","protected":false},"author":5,"featured_media":0,"comment_status":"","ping_status":"open","sticky":false,"template":"","format":"standard","meta":{"_acf_changed":false,"footnotes":""},"categories":[24],"tags":[],"class_list":["post-54323","post","type-post","status-publish","format-standard","has-post-thumbnail","hentry","category-gundem"],"acf":[],"yoast_head":"<!-- This site is optimized with the Yoast SEO Premium plugin v26.6 (Yoast SEO v27.1.1) - https:\/\/yoast.com\/product\/yoast-seo-premium-wordpress\/ -->\n<title>Yapay zeka, 2 bin y\u0131ll\u0131k deniz fenerini aya\u011fa kald\u0131rd\u0131 - Av. Deniz Can K\u0131z\u0131l<\/title>\n<meta name=\"robots\" content=\"index, follow, max-snippet:-1, max-image-preview:large, max-video-preview:-1\" \/>\n<link rel=\"canonical\" href=\"https:\/\/denizcankizil.tr\/uk\/haberler\/gundem\/yapay-zeka-2-bin-yillik-deniz-fenerini-ayaga-kaldirdi\/\" \/>\n<meta property=\"og:locale\" content=\"uk_UA\" \/>\n<meta property=\"og:type\" content=\"article\" \/>\n<meta property=\"og:title\" content=\"Yapay zeka, 2 bin y\u0131ll\u0131k deniz fenerini aya\u011fa kald\u0131rd\u0131\" \/>\n<meta property=\"og:description\" content=\"1481 y\u0131l\u0131ndaki Rodos depremi ve bu nedenle Akdeniz&#8217;de olu\u015fan tsunami nedeniyle y\u0131k\u0131ld\u0131\u011f\u0131 d\u00fc\u015f\u00fcn\u00fclen deniz fenerinin, sonraki y\u0131llarda olas\u0131 deprem veya tsunamide y\u0131k\u0131lmamas\u0131 i\u00e7in de teknik rapor haz\u0131rland\u0131. Uzun y\u0131llar s\u00fcren kaz\u0131larda \u00e7\u0131kart\u0131lan deniz fenerine ait 2 bin 500 ta\u015f\u0131n orijinal yeri, ta\u015f hastanesinde tek tek r\u00f6ntgeni \u00e7ekilip, yapay zeka teknolojileri kullan\u0131larak, bilgisayar program\u0131 yard\u0131m\u0131yla belirlendi. Y\u00fczde 80 oran\u0131nda orijinal ta\u015f, y\u00fczde 20 oran\u0131nda yeni ta\u015f kullan\u0131larak, 26,5 metrelik yap\u0131 tamamland\u0131. Y\u00dcZDE 80 ORANINDA OR\u0130J\u0130NAL TA\u015eLARIYLA YEN\u0130DEN \u0130N\u015eA ED\u0130LD\u0130 Ka\u015f il\u00e7esinde milattan \u00f6nce 1&#8217;inci y\u00fczy\u0131l\u0131n ortalar\u0131nda 23 kentten olu\u015fan Likya Birli\u011fi&#8217;nin ba\u015fkenti olarak bilinen Patara&#8217;da kaz\u0131 ve restorasyon \u00e7al\u0131\u015fmalar\u0131 s\u00fcr\u00fcyor. \u00d6nceki kaz\u0131 ba\u015fkan\u0131 Prof. Dr. Havva \u0130\u015fkan I\u015f\u0131k taraf\u0131ndan titizlikle s\u00fcrd\u00fcr\u00fclen \u00e7al\u0131\u015fmalarda, Roma \u0130mparatoru Nero&#8217;nun Patara&#8217;ya prestij eseri olarak yapt\u0131rd\u0131\u011f\u0131 antik deniz fenerinin restorasyonu tamamland\u0131. 2 bin y\u0131ll\u0131k deniz feneri, y\u00fczde 80 oran\u0131nda orijinal ta\u015flar\u0131yla yeniden in\u015fa edildi. 5 YILLIK RESTORASYON \u00c7ALI\u015eMASI TAMAMLANDI Prof. Dr. Havva \u0130\u015fkan I\u015f\u0131k, 2020&#8217;de ba\u015flayan ve 5 y\u0131la yak\u0131n devam eden restorasyon \u00e7al\u0131\u015fmalar\u0131n\u0131n tamamland\u0131\u011f\u0131n\u0131 duyurdu. Prof. Dr. I\u015f\u0131k, \u201cRoma \u0130mparatoru Claudius taraf\u0131ndan milattan sonra 43 y\u0131l\u0131nda olu\u015fturulan Provincia Lycia, yani Lykia Eyaleti&#8217;nin ba\u015fkenti Patara&#8217;da; kendisinden sonra gelen \u0130mparator Nero taraf\u0131ndan yapt\u0131r\u0131lan deniz fenerinde, kule restorasyonu tamamland\u0131. Son kontrollerden sonra iskele s\u00f6k\u00fclecek ve kule vin\u00e7 kald\u0131r\u0131lacak. Heyecan\u0131m &hellip;\" \/>\n<meta property=\"og:url\" content=\"https:\/\/denizcankizil.tr\/uk\/haberler\/gundem\/yapay-zeka-2-bin-yillik-deniz-fenerini-ayaga-kaldirdi\/\" \/>\n<meta property=\"og:site_name\" content=\"Av. Deniz Can K\u0131z\u0131l\" \/>\n<meta property=\"article:published_time\" content=\"2025-04-13T09:41:26+00:00\" \/>\n<meta name=\"author\" content=\"Antalya K\u00f6rfez\" \/>\n<meta name=\"twitter:card\" content=\"summary_large_image\" \/>\n<meta name=\"twitter:label1\" content=\"\u041d\u0430\u043f\u0438\u0441\u0430\u043d\u043e\" \/>\n\t<meta name=\"twitter:data1\" content=\"Antalya K\u00f6rfez\" \/>\n\t<meta name=\"twitter:label2\" content=\"\u041f\u0440\u0438\u0431\u043b. \u0447\u0430\u0441 \u0447\u0438\u0442\u0430\u043d\u043d\u044f\" \/>\n\t<meta name=\"twitter:data2\" content=\"3 \u0445\u0432\u0438\u043b\u0438\u043d\u0438\" \/>\n<script type=\"application\/ld+json\" class=\"yoast-schema-graph\">{\"@context\":\"https:\/\/schema.org\",\"@graph\":[{\"@type\":\"Article\",\"@id\":\"https:\/\/denizcankizil.tr\/ru\/haberler\/gundem\/yapay-zeka-2-bin-yillik-deniz-fenerini-ayaga-kaldirdi\/#article\",\"isPartOf\":{\"@id\":\"https:\/\/denizcankizil.tr\/ru\/haberler\/gundem\/yapay-zeka-2-bin-yillik-deniz-fenerini-ayaga-kaldirdi\/\"},\"author\":{\"name\":\"Antalya K\u00f6rfez\",\"@id\":\"https:\/\/denizcankizil.tr\/de\/#\/schema\/person\/e1eb71bb4dd684d46563f0af307e1234\"},\"headline\":\"Yapay zeka, 2 bin y\u0131ll\u0131k deniz fenerini aya\u011fa kald\u0131rd\u0131\",\"datePublished\":\"2025-04-13T09:41:26+00:00\",\"mainEntityOfPage\":{\"@id\":\"https:\/\/denizcankizil.tr\/ru\/haberler\/gundem\/yapay-zeka-2-bin-yillik-deniz-fenerini-ayaga-kaldirdi\/\"},\"wordCount\":555,\"publisher\":{\"@id\":\"https:\/\/denizcankizil.tr\/de\/#organization\"},\"articleSection\":[\"G\u00fcndem\"],\"inLanguage\":\"uk\"},{\"@type\":\"WebPage\",\"@id\":\"https:\/\/denizcankizil.tr\/ru\/haberler\/gundem\/yapay-zeka-2-bin-yillik-deniz-fenerini-ayaga-kaldirdi\/\",\"url\":\"https:\/\/denizcankizil.tr\/ru\/haberler\/gundem\/yapay-zeka-2-bin-yillik-deniz-fenerini-ayaga-kaldirdi\/\",\"name\":\"Yapay zeka, 2 bin y\u0131ll\u0131k deniz fenerini aya\u011fa kald\u0131rd\u0131 - Av. Deniz Can K\u0131z\u0131l\",\"isPartOf\":{\"@id\":\"https:\/\/denizcankizil.tr\/de\/#website\"},\"datePublished\":\"2025-04-13T09:41:26+00:00\",\"breadcrumb\":{\"@id\":\"https:\/\/denizcankizil.tr\/ru\/haberler\/gundem\/yapay-zeka-2-bin-yillik-deniz-fenerini-ayaga-kaldirdi\/#breadcrumb\"},\"inLanguage\":\"uk\",\"potentialAction\":[{\"@type\":\"ReadAction\",\"target\":[\"https:\/\/denizcankizil.tr\/ru\/haberler\/gundem\/yapay-zeka-2-bin-yillik-deniz-fenerini-ayaga-kaldirdi\/\"]}]},{\"@type\":\"BreadcrumbList\",\"@id\":\"https:\/\/denizcankizil.tr\/ru\/haberler\/gundem\/yapay-zeka-2-bin-yillik-deniz-fenerini-ayaga-kaldirdi\/#breadcrumb\",\"itemListElement\":[{\"@type\":\"ListItem\",\"position\":1,\"name\":\"Home\",\"item\":\"https:\/\/denizcankizil.tr\/de\/\"},{\"@type\":\"ListItem\",\"position\":2,\"name\":\"Yapay zeka, 2 bin y\u0131ll\u0131k deniz fenerini aya\u011fa kald\u0131rd\u0131\"}]},{\"@type\":\"WebSite\",\"@id\":\"https:\/\/denizcankizil.tr\/de\/#website\",\"url\":\"https:\/\/denizcankizil.tr\/de\/\",\"name\":\"Av. Deniz Can K\u0131z\u0131l\",\"description\":\"Avukat Deniz Can K\u0131z\u0131l Antalya Barosu\",\"publisher\":{\"@id\":\"https:\/\/denizcankizil.tr\/de\/#organization\"},\"potentialAction\":[{\"@type\":\"SearchAction\",\"target\":{\"@type\":\"EntryPoint\",\"urlTemplate\":\"https:\/\/denizcankizil.tr\/de\/?s={search_term_string}\"},\"query-input\":{\"@type\":\"PropertyValueSpecification\",\"valueRequired\":true,\"valueName\":\"search_term_string\"}}],\"inLanguage\":\"uk\"},{\"@type\":\"Organization\",\"@id\":\"https:\/\/denizcankizil.tr\/de\/#organization\",\"name\":\"Av. Deniz Can K\u0131z\u0131l\",\"url\":\"https:\/\/denizcankizil.tr\/de\/\",\"logo\":{\"@type\":\"ImageObject\",\"inLanguage\":\"uk\",\"@id\":\"https:\/\/denizcankizil.tr\/de\/#\/schema\/logo\/image\/\",\"url\":\"https:\/\/denizcankizil.tr\/wp-content\/uploads\/2024\/10\/siyah-logo-svg.svg\",\"contentUrl\":\"https:\/\/denizcankizil.tr\/wp-content\/uploads\/2024\/10\/siyah-logo-svg.svg\",\"width\":1080,\"height\":1080,\"caption\":\"Av. Deniz Can K\u0131z\u0131l\"},\"image\":{\"@id\":\"https:\/\/denizcankizil.tr\/de\/#\/schema\/logo\/image\/\"}},{\"@type\":\"Person\",\"@id\":\"https:\/\/denizcankizil.tr\/de\/#\/schema\/person\/e1eb71bb4dd684d46563f0af307e1234\",\"name\":\"Antalya K\u00f6rfez\",\"image\":{\"@type\":\"ImageObject\",\"inLanguage\":\"uk\",\"@id\":\"https:\/\/denizcankizil.tr\/de\/#\/schema\/person\/image\/\",\"url\":\"https:\/\/secure.gravatar.com\/avatar\/42b01982558a48a0b501fdcab6a408d3717ea5919095ee2e67b0e521799c5905?s=96&d=mm&r=g\",\"contentUrl\":\"https:\/\/secure.gravatar.com\/avatar\/42b01982558a48a0b501fdcab6a408d3717ea5919095ee2e67b0e521799c5905?s=96&d=mm&r=g\",\"caption\":\"Antalya K\u00f6rfez\"},\"sameAs\":[\"http:\/\/www.antalyakorfez.com\"],\"url\":\"https:\/\/www.antalyakorfez.com\/yapay-zeka-2-bin-yillik-deniz-fenerini-ayaga-kaldirdi\"}]}<\/script>\n<!-- \/ Yoast SEO Premium plugin. -->","yoast_head_json":{"title":"Yapay zeka, 2 bin y\u0131ll\u0131k deniz fenerini aya\u011fa kald\u0131rd\u0131 - Av. Deniz Can K\u0131z\u0131l","robots":{"index":"index","follow":"follow","max-snippet":"max-snippet:-1","max-image-preview":"max-image-preview:large","max-video-preview":"max-video-preview:-1"},"canonical":"https:\/\/denizcankizil.tr\/uk\/haberler\/gundem\/yapay-zeka-2-bin-yillik-deniz-fenerini-ayaga-kaldirdi\/","og_locale":"uk_UA","og_type":"article","og_title":"Yapay zeka, 2 bin y\u0131ll\u0131k deniz fenerini aya\u011fa kald\u0131rd\u0131","og_description":"1481 y\u0131l\u0131ndaki Rodos depremi ve bu nedenle Akdeniz&#8217;de olu\u015fan tsunami nedeniyle y\u0131k\u0131ld\u0131\u011f\u0131 d\u00fc\u015f\u00fcn\u00fclen deniz fenerinin, sonraki y\u0131llarda olas\u0131 deprem veya tsunamide y\u0131k\u0131lmamas\u0131 i\u00e7in de teknik rapor haz\u0131rland\u0131. Uzun y\u0131llar s\u00fcren kaz\u0131larda \u00e7\u0131kart\u0131lan deniz fenerine ait 2 bin 500 ta\u015f\u0131n orijinal yeri, ta\u015f hastanesinde tek tek r\u00f6ntgeni \u00e7ekilip, yapay zeka teknolojileri kullan\u0131larak, bilgisayar program\u0131 yard\u0131m\u0131yla belirlendi. Y\u00fczde 80 oran\u0131nda orijinal ta\u015f, y\u00fczde 20 oran\u0131nda yeni ta\u015f kullan\u0131larak, 26,5 metrelik yap\u0131 tamamland\u0131. Y\u00dcZDE 80 ORANINDA OR\u0130J\u0130NAL TA\u015eLARIYLA YEN\u0130DEN \u0130N\u015eA ED\u0130LD\u0130 Ka\u015f il\u00e7esinde milattan \u00f6nce 1&#8217;inci y\u00fczy\u0131l\u0131n ortalar\u0131nda 23 kentten olu\u015fan Likya Birli\u011fi&#8217;nin ba\u015fkenti olarak bilinen Patara&#8217;da kaz\u0131 ve restorasyon \u00e7al\u0131\u015fmalar\u0131 s\u00fcr\u00fcyor. \u00d6nceki kaz\u0131 ba\u015fkan\u0131 Prof. Dr. Havva \u0130\u015fkan I\u015f\u0131k taraf\u0131ndan titizlikle s\u00fcrd\u00fcr\u00fclen \u00e7al\u0131\u015fmalarda, Roma \u0130mparatoru Nero&#8217;nun Patara&#8217;ya prestij eseri olarak yapt\u0131rd\u0131\u011f\u0131 antik deniz fenerinin restorasyonu tamamland\u0131. 2 bin y\u0131ll\u0131k deniz feneri, y\u00fczde 80 oran\u0131nda orijinal ta\u015flar\u0131yla yeniden in\u015fa edildi. 5 YILLIK RESTORASYON \u00c7ALI\u015eMASI TAMAMLANDI Prof. Dr. Havva \u0130\u015fkan I\u015f\u0131k, 2020&#8217;de ba\u015flayan ve 5 y\u0131la yak\u0131n devam eden restorasyon \u00e7al\u0131\u015fmalar\u0131n\u0131n tamamland\u0131\u011f\u0131n\u0131 duyurdu. Prof. Dr. I\u015f\u0131k, \u201cRoma \u0130mparatoru Claudius taraf\u0131ndan milattan sonra 43 y\u0131l\u0131nda olu\u015fturulan Provincia Lycia, yani Lykia Eyaleti&#8217;nin ba\u015fkenti Patara&#8217;da; kendisinden sonra gelen \u0130mparator Nero taraf\u0131ndan yapt\u0131r\u0131lan deniz fenerinde, kule restorasyonu tamamland\u0131. Son kontrollerden sonra iskele s\u00f6k\u00fclecek ve kule vin\u00e7 kald\u0131r\u0131lacak. Heyecan\u0131m &hellip;","og_url":"https:\/\/denizcankizil.tr\/uk\/haberler\/gundem\/yapay-zeka-2-bin-yillik-deniz-fenerini-ayaga-kaldirdi\/","og_site_name":"Av. Deniz Can K\u0131z\u0131l","article_published_time":"2025-04-13T09:41:26+00:00","author":"Antalya K\u00f6rfez","twitter_card":"summary_large_image","twitter_misc":{"\u041d\u0430\u043f\u0438\u0441\u0430\u043d\u043e":"Antalya K\u00f6rfez","\u041f\u0440\u0438\u0431\u043b. \u0447\u0430\u0441 \u0447\u0438\u0442\u0430\u043d\u043d\u044f":"3 \u0445\u0432\u0438\u043b\u0438\u043d\u0438"},"schema":{"@context":"https:\/\/schema.org","@graph":[{"@type":"Article","@id":"https:\/\/denizcankizil.tr\/ru\/haberler\/gundem\/yapay-zeka-2-bin-yillik-deniz-fenerini-ayaga-kaldirdi\/#article","isPartOf":{"@id":"https:\/\/denizcankizil.tr\/ru\/haberler\/gundem\/yapay-zeka-2-bin-yillik-deniz-fenerini-ayaga-kaldirdi\/"},"author":{"name":"Antalya K\u00f6rfez","@id":"https:\/\/denizcankizil.tr\/de\/#\/schema\/person\/e1eb71bb4dd684d46563f0af307e1234"},"headline":"Yapay zeka, 2 bin y\u0131ll\u0131k deniz fenerini aya\u011fa kald\u0131rd\u0131","datePublished":"2025-04-13T09:41:26+00:00","mainEntityOfPage":{"@id":"https:\/\/denizcankizil.tr\/ru\/haberler\/gundem\/yapay-zeka-2-bin-yillik-deniz-fenerini-ayaga-kaldirdi\/"},"wordCount":555,"publisher":{"@id":"https:\/\/denizcankizil.tr\/de\/#organization"},"articleSection":["G\u00fcndem"],"inLanguage":"uk"},{"@type":"WebPage","@id":"https:\/\/denizcankizil.tr\/ru\/haberler\/gundem\/yapay-zeka-2-bin-yillik-deniz-fenerini-ayaga-kaldirdi\/","url":"https:\/\/denizcankizil.tr\/ru\/haberler\/gundem\/yapay-zeka-2-bin-yillik-deniz-fenerini-ayaga-kaldirdi\/","name":"Yapay zeka, 2 bin y\u0131ll\u0131k deniz fenerini aya\u011fa kald\u0131rd\u0131 - Av. Deniz Can K\u0131z\u0131l","isPartOf":{"@id":"https:\/\/denizcankizil.tr\/de\/#website"},"datePublished":"2025-04-13T09:41:26+00:00","breadcrumb":{"@id":"https:\/\/denizcankizil.tr\/ru\/haberler\/gundem\/yapay-zeka-2-bin-yillik-deniz-fenerini-ayaga-kaldirdi\/#breadcrumb"},"inLanguage":"uk","potentialAction":[{"@type":"ReadAction","target":["https:\/\/denizcankizil.tr\/ru\/haberler\/gundem\/yapay-zeka-2-bin-yillik-deniz-fenerini-ayaga-kaldirdi\/"]}]},{"@type":"BreadcrumbList","@id":"https:\/\/denizcankizil.tr\/ru\/haberler\/gundem\/yapay-zeka-2-bin-yillik-deniz-fenerini-ayaga-kaldirdi\/#breadcrumb","itemListElement":[{"@type":"ListItem","position":1,"name":"Home","item":"https:\/\/denizcankizil.tr\/de\/"},{"@type":"ListItem","position":2,"name":"Yapay zeka, 2 bin y\u0131ll\u0131k deniz fenerini aya\u011fa kald\u0131rd\u0131"}]},{"@type":"WebSite","@id":"https:\/\/denizcankizil.tr\/de\/#website","url":"https:\/\/denizcankizil.tr\/de\/","name":"Av. Deniz Can K\u0131z\u0131l","description":"Avukat Deniz Can K\u0131z\u0131l Antalya Barosu","publisher":{"@id":"https:\/\/denizcankizil.tr\/de\/#organization"},"potentialAction":[{"@type":"SearchAction","target":{"@type":"EntryPoint","urlTemplate":"https:\/\/denizcankizil.tr\/de\/?s={search_term_string}"},"query-input":{"@type":"PropertyValueSpecification","valueRequired":true,"valueName":"search_term_string"}}],"inLanguage":"uk"},{"@type":"Organization","@id":"https:\/\/denizcankizil.tr\/de\/#organization","name":"Av. Deniz Can K\u0131z\u0131l","url":"https:\/\/denizcankizil.tr\/de\/","logo":{"@type":"ImageObject","inLanguage":"uk","@id":"https:\/\/denizcankizil.tr\/de\/#\/schema\/logo\/image\/","url":"https:\/\/denizcankizil.tr\/wp-content\/uploads\/2024\/10\/siyah-logo-svg.svg","contentUrl":"https:\/\/denizcankizil.tr\/wp-content\/uploads\/2024\/10\/siyah-logo-svg.svg","width":1080,"height":1080,"caption":"Av. Deniz Can K\u0131z\u0131l"},"image":{"@id":"https:\/\/denizcankizil.tr\/de\/#\/schema\/logo\/image\/"}},{"@type":"Person","@id":"https:\/\/denizcankizil.tr\/de\/#\/schema\/person\/e1eb71bb4dd684d46563f0af307e1234","name":"Antalya K\u00f6rfez","image":{"@type":"ImageObject","inLanguage":"uk","@id":"https:\/\/denizcankizil.tr\/de\/#\/schema\/person\/image\/","url":"https:\/\/secure.gravatar.com\/avatar\/42b01982558a48a0b501fdcab6a408d3717ea5919095ee2e67b0e521799c5905?s=96&d=mm&r=g","contentUrl":"https:\/\/secure.gravatar.com\/avatar\/42b01982558a48a0b501fdcab6a408d3717ea5919095ee2e67b0e521799c5905?s=96&d=mm&r=g","caption":"Antalya K\u00f6rfez"},"sameAs":["http:\/\/www.antalyakorfez.com"],"url":"https:\/\/www.antalyakorfez.com\/yapay-zeka-2-bin-yillik-deniz-fenerini-ayaga-kaldirdi"}]}},"_links":{"self":[{"href":"https:\/\/denizcankizil.tr\/uk\/wp-json\/wp\/v2\/posts\/54323","targetHints":{"allow":["GET"]}}],"collection":[{"href":"https:\/\/denizcankizil.tr\/uk\/wp-json\/wp\/v2\/posts"}],"about":[{"href":"https:\/\/denizcankizil.tr\/uk\/wp-json\/wp\/v2\/types\/post"}],"author":[{"embeddable":true,"href":"https:\/\/denizcankizil.tr\/uk\/wp-json\/wp\/v2\/users\/5"}],"replies":[{"embeddable":true,"href":"https:\/\/denizcankizil.tr\/uk\/wp-json\/wp\/v2\/comments?post=54323"}],"version-history":[{"count":0,"href":"https:\/\/denizcankizil.tr\/uk\/wp-json\/wp\/v2\/posts\/54323\/revisions"}],"wp:attachment":[{"href":"https:\/\/denizcankizil.tr\/uk\/wp-json\/wp\/v2\/media?parent=54323"}],"wp:term":[{"taxonomy":"category","embeddable":true,"href":"https:\/\/denizcankizil.tr\/uk\/wp-json\/wp\/v2\/categories?post=54323"},{"taxonomy":"post_tag","embeddable":true,"href":"https:\/\/denizcankizil.tr\/uk\/wp-json\/wp\/v2\/tags?post=54323"}],"curies":[{"name":"wp","href":"https:\/\/api.w.org\/{rel}","templated":true}]}}