{"id":51685,"date":"2025-04-10T19:41:22","date_gmt":"2025-04-10T16:41:22","guid":{"rendered":"https:\/\/denizcankizil.tr\/uncategorized-tr\/180-yillik-gurur-korkutelinde-polis-teskilati-sehitleriyle-anildi\/"},"modified":"2025-04-10T19:41:22","modified_gmt":"2025-04-10T16:41:22","slug":"180-yillik-gurur-korkutelinde-polis-teskilati-sehitleriyle-anildi","status":"publish","type":"post","link":"https:\/\/denizcankizil.tr\/uk\/haberler\/gundem\/180-yillik-gurur-korkutelinde-polis-teskilati-sehitleriyle-anildi\/","title":{"rendered":"180 y\u0131ll\u0131k gurur: Korkuteli&#8217;nde polis te\u015fkilat\u0131 \u015fehitleriyle an\u0131ld\u0131"},"content":{"rendered":"<p>Korkuteli&#8217;de T\u00fcrk Polis Te\u015fkilat\u0131n\u0131n 180. kurulu\u015f y\u0131l d\u00f6n\u00fcm\u00fc ve Polis Haftas\u0131 kutland\u0131. \u015eehitleri an\u0131t\u0131nda d\u00fczenlenen t\u00f6rende, Emniyet M\u00fcd\u00fcr\u00fc \u0130rfan A\u011flamaz Atat\u00fcrk An\u0131t\u0131&#8217;na \u00e7elenk sundu. Sayg\u0131 duru\u015funda bulunuldu ve \u0130stiklal Mar\u015f\u0131 okundu.<\/p>\n<p>180 YILDIR YILMADAN H\u0130ZMET S\u00dcRD\u00dcR\u00dcYORUZ<\/p>\n<p>G\u00fcn\u00fcn anlam ve \u00f6nemine ili\u015fkin konu\u015fan Emniyet M\u00fcd\u00fcr\u00fc \u0130rfan A\u011flamaz, \u00a0&#8220;Toplumun huzur ve d\u00fczeninin tesis edilmesi, vatanda\u015flar\u0131m\u0131z\u0131n can ve mal g\u00fcvenli\u011finin korunmas\u0131, devlet otoritesinin sa\u011flanmas\u0131, su\u00e7 \u00f6nleyici tedbirlerin al\u0131nmas\u0131, i\u015flenen su\u00e7larda faillerin adalete teslim edilmesi gibi \u00e7ok \u00f6nemli g\u00f6revleri ifa eden T\u00fcrk Polis Te\u015fkilat\u0131&#8217;n\u0131n 180. kurulu\u015f y\u0131l d\u00f6n\u00fcm\u00fcn\u00fc sizlerle birlikte kutlaman\u0131n gururunu ve mutlulu\u011funu ya\u015famaktay\u0131z. 180 y\u0131ld\u0131r y\u0131lmadan, mesai mefhumu g\u00f6zetmeden fedakarca vatanda\u015f\u0131m\u0131z\u0131n g\u00fcveli\u011fi i\u00e7in \u00e7al\u0131\u015fan te\u015fkilat\u0131m\u0131z; toplumun her ge\u00e7en g\u00fcn artan g\u00fcvenlik ihtiya\u00e7lar\u0131yla, anayasa ve hukukun d\u0131\u015f\u0131na ta\u015fmayan, \u00f6zg\u00fcrl\u00fck talepleri ekseninde, hukukun \u00fcst\u00fcnl\u00fc\u011f\u00fcn\u00fcn rehber edinildi\u011fi, adil ve tarafs\u0131z g\u00f6rev anlay\u0131\u015f\u0131 \u00e7izgisinden sapmadan, toplumun her kesiminin sevgi, sayg\u0131, g\u00fcven ve deste\u011fini alarak halkla b\u00fct\u00fcnle\u015fmi\u015f bir g\u00f6rev anlay\u0131\u015f\u0131yla hizmetlerini geli\u015ftirerek s\u00fcrd\u00fcrmektedir&#8221; dedi.\u00a0Kutlama Program\u0131 Polis merkezi amirli\u011finde devam etti. Daha sonra \u00c7ay\u0131rl\u0131 camiinde \u015fehitlerin ruhuna mevlit okutuldu.\u00a0\u00a0<\/p>\n<p>\u00a0 \u00a0 \u00a0 \u00a0 \u00a0 \u00a0 \u00a0 \u00a0 \u00a0 \u00a0 \u00a0 \u00a0 \u00a0 \u00a0 \u00a0\u00a0<\/p>\n<p>\u200bAntalya&#8217;n\u0131n Korkuteli il\u00e7esinde 180 y\u0131ld\u0131r gururland\u0131ran T\u00fcrk Polis Te\u015fkilat\u0131n\u0131n kurulu\u015f y\u0131l d\u00f6n\u00fcm\u00fc ve Polis Haftas\u0131 kutland\u0131. Atat\u00fcrk An\u0131t\u0131&#8217;na \u00e7elenk sunan \u0130l\u00e7e Emniyet M\u00fcd\u00fcr\u00fc \u0130rfan A\u011flamaz, &#8220;Toplumun her kesiminin sevgi, sayg\u0131, g\u00fcven ve deste\u011fini alarak halkla b\u00fct\u00fcnle\u015fmi\u015f bir g\u00f6rev anlay\u0131\u015f\u0131yla hizmetlerini geli\u015ftirerek s\u00fcrd\u00fcr\u00fcyoruz&#8221; dedi.\u00a0<\/p>\n<p>\u200bHaberin Al\u0131nt\u0131land\u0131\u011f\u0131 Kaynak: www.antalyakorfez.com<\/p>","protected":false},"excerpt":{"rendered":"<p>Korkuteli&#8217;de T\u00fcrk Polis Te\u015fkilat\u0131n\u0131n 180. kurulu\u015f y\u0131l d\u00f6n\u00fcm\u00fc ve Polis Haftas\u0131 kutland\u0131. \u015eehitleri an\u0131t\u0131nda d\u00fczenlenen t\u00f6rende, Emniyet M\u00fcd\u00fcr\u00fc \u0130rfan A\u011flamaz Atat\u00fcrk An\u0131t\u0131&#8217;na \u00e7elenk sundu. Sayg\u0131 duru\u015funda bulunuldu ve \u0130stiklal Mar\u015f\u0131 okundu. 180 YILDIR YILMADAN H\u0130ZMET S\u00dcRD\u00dcR\u00dcYORUZ G\u00fcn\u00fcn anlam ve \u00f6nemine ili\u015fkin konu\u015fan Emniyet M\u00fcd\u00fcr\u00fc \u0130rfan A\u011flamaz, \u00a0&#8220;Toplumun huzur ve d\u00fczeninin tesis edilmesi, vatanda\u015flar\u0131m\u0131z\u0131n can ve mal g\u00fcvenli\u011finin korunmas\u0131, devlet otoritesinin sa\u011flanmas\u0131, su\u00e7 \u00f6nleyici tedbirlerin al\u0131nmas\u0131, i\u015flenen su\u00e7larda faillerin adalete teslim edilmesi gibi \u00e7ok \u00f6nemli g\u00f6revleri ifa eden T\u00fcrk Polis Te\u015fkilat\u0131&#8217;n\u0131n 180. kurulu\u015f y\u0131l d\u00f6n\u00fcm\u00fcn\u00fc sizlerle birlikte kutlaman\u0131n gururunu ve mutlulu\u011funu ya\u015famaktay\u0131z. 180 y\u0131ld\u0131r y\u0131lmadan, mesai mefhumu g\u00f6zetmeden fedakarca vatanda\u015f\u0131m\u0131z\u0131n g\u00fcveli\u011fi i\u00e7in \u00e7al\u0131\u015fan te\u015fkilat\u0131m\u0131z; toplumun her ge\u00e7en g\u00fcn artan g\u00fcvenlik ihtiya\u00e7lar\u0131yla, anayasa ve hukukun d\u0131\u015f\u0131na ta\u015fmayan, \u00f6zg\u00fcrl\u00fck talepleri ekseninde, hukukun \u00fcst\u00fcnl\u00fc\u011f\u00fcn\u00fcn rehber edinildi\u011fi, adil ve tarafs\u0131z g\u00f6rev anlay\u0131\u015f\u0131 \u00e7izgisinden sapmadan, toplumun her kesiminin sevgi, sayg\u0131, g\u00fcven ve deste\u011fini alarak halkla b\u00fct\u00fcnle\u015fmi\u015f bir g\u00f6rev anlay\u0131\u015f\u0131yla hizmetlerini geli\u015ftirerek s\u00fcrd\u00fcrmektedir&#8221; dedi.\u00a0Kutlama Program\u0131 Polis merkezi amirli\u011finde devam etti. Daha sonra \u00c7ay\u0131rl\u0131 camiinde \u015fehitlerin ruhuna mevlit okutuldu.\u00a0\u00a0 \u00a0 \u00a0 \u00a0 \u00a0 \u00a0 \u00a0 \u00a0 \u00a0 \u00a0 \u00a0 \u00a0 \u00a0 \u00a0 \u00a0 \u00a0\u00a0 \u200bAntalya&#8217;n\u0131n Korkuteli il\u00e7esinde 180 y\u0131ld\u0131r gururland\u0131ran T\u00fcrk Polis Te\u015fkilat\u0131n\u0131n kurulu\u015f y\u0131l d\u00f6n\u00fcm\u00fc ve Polis Haftas\u0131 kutland\u0131. Atat\u00fcrk An\u0131t\u0131&#8217;na \u00e7elenk sunan \u0130l\u00e7e Emniyet M\u00fcd\u00fcr\u00fc \u0130rfan &hellip;<\/p>","protected":false},"author":5,"featured_media":0,"comment_status":"","ping_status":"open","sticky":false,"template":"","format":"standard","meta":{"_acf_changed":false,"footnotes":""},"categories":[24],"tags":[],"class_list":["post-51685","post","type-post","status-publish","format-standard","has-post-thumbnail","hentry","category-gundem"],"acf":[],"yoast_head":"<!-- This site is optimized with the Yoast SEO Premium plugin v26.6 (Yoast SEO v27.1.1) - https:\/\/yoast.com\/product\/yoast-seo-premium-wordpress\/ -->\n<title>180 y\u0131ll\u0131k gurur: Korkuteli&#039;nde polis te\u015fkilat\u0131 \u015fehitleriyle an\u0131ld\u0131 - Av. Deniz Can K\u0131z\u0131l<\/title>\n<meta name=\"robots\" content=\"index, follow, max-snippet:-1, max-image-preview:large, max-video-preview:-1\" \/>\n<link rel=\"canonical\" href=\"https:\/\/denizcankizil.tr\/uk\/haberler\/gundem\/180-yillik-gurur-korkutelinde-polis-teskilati-sehitleriyle-anildi\/\" \/>\n<meta property=\"og:locale\" content=\"uk_UA\" \/>\n<meta property=\"og:type\" content=\"article\" \/>\n<meta property=\"og:title\" content=\"180 y\u0131ll\u0131k gurur: Korkuteli&#039;nde polis te\u015fkilat\u0131 \u015fehitleriyle an\u0131ld\u0131\" \/>\n<meta property=\"og:description\" content=\"Korkuteli&#8217;de T\u00fcrk Polis Te\u015fkilat\u0131n\u0131n 180. kurulu\u015f y\u0131l d\u00f6n\u00fcm\u00fc ve Polis Haftas\u0131 kutland\u0131. \u015eehitleri an\u0131t\u0131nda d\u00fczenlenen t\u00f6rende, Emniyet M\u00fcd\u00fcr\u00fc \u0130rfan A\u011flamaz Atat\u00fcrk An\u0131t\u0131&#8217;na \u00e7elenk sundu. Sayg\u0131 duru\u015funda bulunuldu ve \u0130stiklal Mar\u015f\u0131 okundu. 180 YILDIR YILMADAN H\u0130ZMET S\u00dcRD\u00dcR\u00dcYORUZ G\u00fcn\u00fcn anlam ve \u00f6nemine ili\u015fkin konu\u015fan Emniyet M\u00fcd\u00fcr\u00fc \u0130rfan A\u011flamaz, \u00a0&#8220;Toplumun huzur ve d\u00fczeninin tesis edilmesi, vatanda\u015flar\u0131m\u0131z\u0131n can ve mal g\u00fcvenli\u011finin korunmas\u0131, devlet otoritesinin sa\u011flanmas\u0131, su\u00e7 \u00f6nleyici tedbirlerin al\u0131nmas\u0131, i\u015flenen su\u00e7larda faillerin adalete teslim edilmesi gibi \u00e7ok \u00f6nemli g\u00f6revleri ifa eden T\u00fcrk Polis Te\u015fkilat\u0131&#8217;n\u0131n 180. kurulu\u015f y\u0131l d\u00f6n\u00fcm\u00fcn\u00fc sizlerle birlikte kutlaman\u0131n gururunu ve mutlulu\u011funu ya\u015famaktay\u0131z. 180 y\u0131ld\u0131r y\u0131lmadan, mesai mefhumu g\u00f6zetmeden fedakarca vatanda\u015f\u0131m\u0131z\u0131n g\u00fcveli\u011fi i\u00e7in \u00e7al\u0131\u015fan te\u015fkilat\u0131m\u0131z; toplumun her ge\u00e7en g\u00fcn artan g\u00fcvenlik ihtiya\u00e7lar\u0131yla, anayasa ve hukukun d\u0131\u015f\u0131na ta\u015fmayan, \u00f6zg\u00fcrl\u00fck talepleri ekseninde, hukukun \u00fcst\u00fcnl\u00fc\u011f\u00fcn\u00fcn rehber edinildi\u011fi, adil ve tarafs\u0131z g\u00f6rev anlay\u0131\u015f\u0131 \u00e7izgisinden sapmadan, toplumun her kesiminin sevgi, sayg\u0131, g\u00fcven ve deste\u011fini alarak halkla b\u00fct\u00fcnle\u015fmi\u015f bir g\u00f6rev anlay\u0131\u015f\u0131yla hizmetlerini geli\u015ftirerek s\u00fcrd\u00fcrmektedir&#8221; dedi.\u00a0Kutlama Program\u0131 Polis merkezi amirli\u011finde devam etti. Daha sonra \u00c7ay\u0131rl\u0131 camiinde \u015fehitlerin ruhuna mevlit okutuldu.\u00a0\u00a0 \u00a0 \u00a0 \u00a0 \u00a0 \u00a0 \u00a0 \u00a0 \u00a0 \u00a0 \u00a0 \u00a0 \u00a0 \u00a0 \u00a0 \u00a0\u00a0 \u200bAntalya&#8217;n\u0131n Korkuteli il\u00e7esinde 180 y\u0131ld\u0131r gururland\u0131ran T\u00fcrk Polis Te\u015fkilat\u0131n\u0131n kurulu\u015f y\u0131l d\u00f6n\u00fcm\u00fc ve Polis Haftas\u0131 kutland\u0131. Atat\u00fcrk An\u0131t\u0131&#8217;na \u00e7elenk sunan \u0130l\u00e7e Emniyet M\u00fcd\u00fcr\u00fc \u0130rfan &hellip;\" \/>\n<meta property=\"og:url\" content=\"https:\/\/denizcankizil.tr\/uk\/haberler\/gundem\/180-yillik-gurur-korkutelinde-polis-teskilati-sehitleriyle-anildi\/\" \/>\n<meta property=\"og:site_name\" content=\"Av. Deniz Can K\u0131z\u0131l\" \/>\n<meta property=\"article:published_time\" content=\"2025-04-10T16:41:22+00:00\" \/>\n<meta name=\"author\" content=\"Antalya K\u00f6rfez\" \/>\n<meta name=\"twitter:card\" content=\"summary_large_image\" \/>\n<meta name=\"twitter:label1\" content=\"\u041d\u0430\u043f\u0438\u0441\u0430\u043d\u043e\" \/>\n\t<meta name=\"twitter:data1\" content=\"Antalya K\u00f6rfez\" \/>\n\t<meta name=\"twitter:label2\" content=\"\u041f\u0440\u0438\u0431\u043b. \u0447\u0430\u0441 \u0447\u0438\u0442\u0430\u043d\u043d\u044f\" \/>\n\t<meta name=\"twitter:data2\" content=\"2 \u0445\u0432\u0438\u043b\u0438\u043d\u0438\" \/>\n<script type=\"application\/ld+json\" class=\"yoast-schema-graph\">{\"@context\":\"https:\/\/schema.org\",\"@graph\":[{\"@type\":\"Article\",\"@id\":\"https:\/\/denizcankizil.tr\/uk\/haberler\/gundem\/180-yillik-gurur-korkutelinde-polis-teskilati-sehitleriyle-anildi\/#article\",\"isPartOf\":{\"@id\":\"https:\/\/denizcankizil.tr\/uk\/haberler\/gundem\/180-yillik-gurur-korkutelinde-polis-teskilati-sehitleriyle-anildi\/\"},\"author\":{\"name\":\"Antalya K\u00f6rfez\",\"@id\":\"https:\/\/denizcankizil.tr\/#\/schema\/person\/e1eb71bb4dd684d46563f0af307e1234\"},\"headline\":\"180 y\u0131ll\u0131k gurur: Korkuteli&#8217;nde polis te\u015fkilat\u0131 \u015fehitleriyle an\u0131ld\u0131\",\"datePublished\":\"2025-04-10T16:41:22+00:00\",\"mainEntityOfPage\":{\"@id\":\"https:\/\/denizcankizil.tr\/uk\/haberler\/gundem\/180-yillik-gurur-korkutelinde-polis-teskilati-sehitleriyle-anildi\/\"},\"wordCount\":346,\"publisher\":{\"@id\":\"https:\/\/denizcankizil.tr\/#organization\"},\"articleSection\":[\"G\u00fcndem\"],\"inLanguage\":\"uk\"},{\"@type\":\"WebPage\",\"@id\":\"https:\/\/denizcankizil.tr\/uk\/haberler\/gundem\/180-yillik-gurur-korkutelinde-polis-teskilati-sehitleriyle-anildi\/\",\"url\":\"https:\/\/denizcankizil.tr\/uk\/haberler\/gundem\/180-yillik-gurur-korkutelinde-polis-teskilati-sehitleriyle-anildi\/\",\"name\":\"180 y\u0131ll\u0131k gurur: Korkuteli'nde polis te\u015fkilat\u0131 \u015fehitleriyle an\u0131ld\u0131 - Av. Deniz Can K\u0131z\u0131l\",\"isPartOf\":{\"@id\":\"https:\/\/denizcankizil.tr\/#website\"},\"datePublished\":\"2025-04-10T16:41:22+00:00\",\"breadcrumb\":{\"@id\":\"https:\/\/denizcankizil.tr\/uk\/haberler\/gundem\/180-yillik-gurur-korkutelinde-polis-teskilati-sehitleriyle-anildi\/#breadcrumb\"},\"inLanguage\":\"uk\",\"potentialAction\":[{\"@type\":\"ReadAction\",\"target\":[\"https:\/\/denizcankizil.tr\/uk\/haberler\/gundem\/180-yillik-gurur-korkutelinde-polis-teskilati-sehitleriyle-anildi\/\"]}]},{\"@type\":\"BreadcrumbList\",\"@id\":\"https:\/\/denizcankizil.tr\/uk\/haberler\/gundem\/180-yillik-gurur-korkutelinde-polis-teskilati-sehitleriyle-anildi\/#breadcrumb\",\"itemListElement\":[{\"@type\":\"ListItem\",\"position\":1,\"name\":\"Home\",\"item\":\"https:\/\/denizcankizil.tr\/de\/\"},{\"@type\":\"ListItem\",\"position\":2,\"name\":\"180 y\u0131ll\u0131k gurur: Korkuteli&#8217;nde polis te\u015fkilat\u0131 \u015fehitleriyle an\u0131ld\u0131\"}]},{\"@type\":\"WebSite\",\"@id\":\"https:\/\/denizcankizil.tr\/#website\",\"url\":\"https:\/\/denizcankizil.tr\/\",\"name\":\"Av. Deniz Can K\u0131z\u0131l\",\"description\":\"Avukat Deniz Can K\u0131z\u0131l Antalya Barosu\",\"publisher\":{\"@id\":\"https:\/\/denizcankizil.tr\/#organization\"},\"potentialAction\":[{\"@type\":\"SearchAction\",\"target\":{\"@type\":\"EntryPoint\",\"urlTemplate\":\"https:\/\/denizcankizil.tr\/?s={search_term_string}\"},\"query-input\":{\"@type\":\"PropertyValueSpecification\",\"valueRequired\":true,\"valueName\":\"search_term_string\"}}],\"inLanguage\":\"uk\"},{\"@type\":\"Organization\",\"@id\":\"https:\/\/denizcankizil.tr\/#organization\",\"name\":\"Av. Deniz Can K\u0131z\u0131l\",\"url\":\"https:\/\/denizcankizil.tr\/\",\"logo\":{\"@type\":\"ImageObject\",\"inLanguage\":\"uk\",\"@id\":\"https:\/\/denizcankizil.tr\/#\/schema\/logo\/image\/\",\"url\":\"https:\/\/denizcankizil.tr\/wp-content\/uploads\/2024\/10\/siyah-logo-svg.svg\",\"contentUrl\":\"https:\/\/denizcankizil.tr\/wp-content\/uploads\/2024\/10\/siyah-logo-svg.svg\",\"width\":1080,\"height\":1080,\"caption\":\"Av. Deniz Can K\u0131z\u0131l\"},\"image\":{\"@id\":\"https:\/\/denizcankizil.tr\/#\/schema\/logo\/image\/\"}},{\"@type\":\"Person\",\"@id\":\"https:\/\/denizcankizil.tr\/#\/schema\/person\/e1eb71bb4dd684d46563f0af307e1234\",\"name\":\"Antalya K\u00f6rfez\",\"image\":{\"@type\":\"ImageObject\",\"inLanguage\":\"uk\",\"@id\":\"https:\/\/denizcankizil.tr\/#\/schema\/person\/image\/\",\"url\":\"https:\/\/secure.gravatar.com\/avatar\/42b01982558a48a0b501fdcab6a408d3717ea5919095ee2e67b0e521799c5905?s=96&d=mm&r=g\",\"contentUrl\":\"https:\/\/secure.gravatar.com\/avatar\/42b01982558a48a0b501fdcab6a408d3717ea5919095ee2e67b0e521799c5905?s=96&d=mm&r=g\",\"caption\":\"Antalya K\u00f6rfez\"},\"sameAs\":[\"http:\/\/www.antalyakorfez.com\"],\"url\":\"https:\/\/www.antalyakorfez.com\/180-yillik-gurur-korkutelinde-polis-teskilati-sehitleriyle-anildi\"}]}<\/script>\n<!-- \/ Yoast SEO Premium plugin. -->","yoast_head_json":{"title":"180 y\u0131ll\u0131k gurur: Korkuteli'nde polis te\u015fkilat\u0131 \u015fehitleriyle an\u0131ld\u0131 - Av. Deniz Can K\u0131z\u0131l","robots":{"index":"index","follow":"follow","max-snippet":"max-snippet:-1","max-image-preview":"max-image-preview:large","max-video-preview":"max-video-preview:-1"},"canonical":"https:\/\/denizcankizil.tr\/uk\/haberler\/gundem\/180-yillik-gurur-korkutelinde-polis-teskilati-sehitleriyle-anildi\/","og_locale":"uk_UA","og_type":"article","og_title":"180 y\u0131ll\u0131k gurur: Korkuteli'nde polis te\u015fkilat\u0131 \u015fehitleriyle an\u0131ld\u0131","og_description":"Korkuteli&#8217;de T\u00fcrk Polis Te\u015fkilat\u0131n\u0131n 180. kurulu\u015f y\u0131l d\u00f6n\u00fcm\u00fc ve Polis Haftas\u0131 kutland\u0131. \u015eehitleri an\u0131t\u0131nda d\u00fczenlenen t\u00f6rende, Emniyet M\u00fcd\u00fcr\u00fc \u0130rfan A\u011flamaz Atat\u00fcrk An\u0131t\u0131&#8217;na \u00e7elenk sundu. Sayg\u0131 duru\u015funda bulunuldu ve \u0130stiklal Mar\u015f\u0131 okundu. 180 YILDIR YILMADAN H\u0130ZMET S\u00dcRD\u00dcR\u00dcYORUZ G\u00fcn\u00fcn anlam ve \u00f6nemine ili\u015fkin konu\u015fan Emniyet M\u00fcd\u00fcr\u00fc \u0130rfan A\u011flamaz, \u00a0&#8220;Toplumun huzur ve d\u00fczeninin tesis edilmesi, vatanda\u015flar\u0131m\u0131z\u0131n can ve mal g\u00fcvenli\u011finin korunmas\u0131, devlet otoritesinin sa\u011flanmas\u0131, su\u00e7 \u00f6nleyici tedbirlerin al\u0131nmas\u0131, i\u015flenen su\u00e7larda faillerin adalete teslim edilmesi gibi \u00e7ok \u00f6nemli g\u00f6revleri ifa eden T\u00fcrk Polis Te\u015fkilat\u0131&#8217;n\u0131n 180. kurulu\u015f y\u0131l d\u00f6n\u00fcm\u00fcn\u00fc sizlerle birlikte kutlaman\u0131n gururunu ve mutlulu\u011funu ya\u015famaktay\u0131z. 180 y\u0131ld\u0131r y\u0131lmadan, mesai mefhumu g\u00f6zetmeden fedakarca vatanda\u015f\u0131m\u0131z\u0131n g\u00fcveli\u011fi i\u00e7in \u00e7al\u0131\u015fan te\u015fkilat\u0131m\u0131z; toplumun her ge\u00e7en g\u00fcn artan g\u00fcvenlik ihtiya\u00e7lar\u0131yla, anayasa ve hukukun d\u0131\u015f\u0131na ta\u015fmayan, \u00f6zg\u00fcrl\u00fck talepleri ekseninde, hukukun \u00fcst\u00fcnl\u00fc\u011f\u00fcn\u00fcn rehber edinildi\u011fi, adil ve tarafs\u0131z g\u00f6rev anlay\u0131\u015f\u0131 \u00e7izgisinden sapmadan, toplumun her kesiminin sevgi, sayg\u0131, g\u00fcven ve deste\u011fini alarak halkla b\u00fct\u00fcnle\u015fmi\u015f bir g\u00f6rev anlay\u0131\u015f\u0131yla hizmetlerini geli\u015ftirerek s\u00fcrd\u00fcrmektedir&#8221; dedi.\u00a0Kutlama Program\u0131 Polis merkezi amirli\u011finde devam etti. Daha sonra \u00c7ay\u0131rl\u0131 camiinde \u015fehitlerin ruhuna mevlit okutuldu.\u00a0\u00a0 \u00a0 \u00a0 \u00a0 \u00a0 \u00a0 \u00a0 \u00a0 \u00a0 \u00a0 \u00a0 \u00a0 \u00a0 \u00a0 \u00a0 \u00a0\u00a0 \u200bAntalya&#8217;n\u0131n Korkuteli il\u00e7esinde 180 y\u0131ld\u0131r gururland\u0131ran T\u00fcrk Polis Te\u015fkilat\u0131n\u0131n kurulu\u015f y\u0131l d\u00f6n\u00fcm\u00fc ve Polis Haftas\u0131 kutland\u0131. Atat\u00fcrk An\u0131t\u0131&#8217;na \u00e7elenk sunan \u0130l\u00e7e Emniyet M\u00fcd\u00fcr\u00fc \u0130rfan &hellip;","og_url":"https:\/\/denizcankizil.tr\/uk\/haberler\/gundem\/180-yillik-gurur-korkutelinde-polis-teskilati-sehitleriyle-anildi\/","og_site_name":"Av. Deniz Can K\u0131z\u0131l","article_published_time":"2025-04-10T16:41:22+00:00","author":"Antalya K\u00f6rfez","twitter_card":"summary_large_image","twitter_misc":{"\u041d\u0430\u043f\u0438\u0441\u0430\u043d\u043e":"Antalya K\u00f6rfez","\u041f\u0440\u0438\u0431\u043b. \u0447\u0430\u0441 \u0447\u0438\u0442\u0430\u043d\u043d\u044f":"2 \u0445\u0432\u0438\u043b\u0438\u043d\u0438"},"schema":{"@context":"https:\/\/schema.org","@graph":[{"@type":"Article","@id":"https:\/\/denizcankizil.tr\/uk\/haberler\/gundem\/180-yillik-gurur-korkutelinde-polis-teskilati-sehitleriyle-anildi\/#article","isPartOf":{"@id":"https:\/\/denizcankizil.tr\/uk\/haberler\/gundem\/180-yillik-gurur-korkutelinde-polis-teskilati-sehitleriyle-anildi\/"},"author":{"name":"Antalya K\u00f6rfez","@id":"https:\/\/denizcankizil.tr\/#\/schema\/person\/e1eb71bb4dd684d46563f0af307e1234"},"headline":"180 y\u0131ll\u0131k gurur: Korkuteli&#8217;nde polis te\u015fkilat\u0131 \u015fehitleriyle an\u0131ld\u0131","datePublished":"2025-04-10T16:41:22+00:00","mainEntityOfPage":{"@id":"https:\/\/denizcankizil.tr\/uk\/haberler\/gundem\/180-yillik-gurur-korkutelinde-polis-teskilati-sehitleriyle-anildi\/"},"wordCount":346,"publisher":{"@id":"https:\/\/denizcankizil.tr\/#organization"},"articleSection":["G\u00fcndem"],"inLanguage":"uk"},{"@type":"WebPage","@id":"https:\/\/denizcankizil.tr\/uk\/haberler\/gundem\/180-yillik-gurur-korkutelinde-polis-teskilati-sehitleriyle-anildi\/","url":"https:\/\/denizcankizil.tr\/uk\/haberler\/gundem\/180-yillik-gurur-korkutelinde-polis-teskilati-sehitleriyle-anildi\/","name":"180 y\u0131ll\u0131k gurur: Korkuteli'nde polis te\u015fkilat\u0131 \u015fehitleriyle an\u0131ld\u0131 - Av. Deniz Can K\u0131z\u0131l","isPartOf":{"@id":"https:\/\/denizcankizil.tr\/#website"},"datePublished":"2025-04-10T16:41:22+00:00","breadcrumb":{"@id":"https:\/\/denizcankizil.tr\/uk\/haberler\/gundem\/180-yillik-gurur-korkutelinde-polis-teskilati-sehitleriyle-anildi\/#breadcrumb"},"inLanguage":"uk","potentialAction":[{"@type":"ReadAction","target":["https:\/\/denizcankizil.tr\/uk\/haberler\/gundem\/180-yillik-gurur-korkutelinde-polis-teskilati-sehitleriyle-anildi\/"]}]},{"@type":"BreadcrumbList","@id":"https:\/\/denizcankizil.tr\/uk\/haberler\/gundem\/180-yillik-gurur-korkutelinde-polis-teskilati-sehitleriyle-anildi\/#breadcrumb","itemListElement":[{"@type":"ListItem","position":1,"name":"Home","item":"https:\/\/denizcankizil.tr\/de\/"},{"@type":"ListItem","position":2,"name":"180 y\u0131ll\u0131k gurur: Korkuteli&#8217;nde polis te\u015fkilat\u0131 \u015fehitleriyle an\u0131ld\u0131"}]},{"@type":"WebSite","@id":"https:\/\/denizcankizil.tr\/#website","url":"https:\/\/denizcankizil.tr\/","name":"Av. Deniz Can K\u0131z\u0131l","description":"Avukat Deniz Can K\u0131z\u0131l Antalya Barosu","publisher":{"@id":"https:\/\/denizcankizil.tr\/#organization"},"potentialAction":[{"@type":"SearchAction","target":{"@type":"EntryPoint","urlTemplate":"https:\/\/denizcankizil.tr\/?s={search_term_string}"},"query-input":{"@type":"PropertyValueSpecification","valueRequired":true,"valueName":"search_term_string"}}],"inLanguage":"uk"},{"@type":"Organization","@id":"https:\/\/denizcankizil.tr\/#organization","name":"Av. Deniz Can K\u0131z\u0131l","url":"https:\/\/denizcankizil.tr\/","logo":{"@type":"ImageObject","inLanguage":"uk","@id":"https:\/\/denizcankizil.tr\/#\/schema\/logo\/image\/","url":"https:\/\/denizcankizil.tr\/wp-content\/uploads\/2024\/10\/siyah-logo-svg.svg","contentUrl":"https:\/\/denizcankizil.tr\/wp-content\/uploads\/2024\/10\/siyah-logo-svg.svg","width":1080,"height":1080,"caption":"Av. Deniz Can K\u0131z\u0131l"},"image":{"@id":"https:\/\/denizcankizil.tr\/#\/schema\/logo\/image\/"}},{"@type":"Person","@id":"https:\/\/denizcankizil.tr\/#\/schema\/person\/e1eb71bb4dd684d46563f0af307e1234","name":"Antalya K\u00f6rfez","image":{"@type":"ImageObject","inLanguage":"uk","@id":"https:\/\/denizcankizil.tr\/#\/schema\/person\/image\/","url":"https:\/\/secure.gravatar.com\/avatar\/42b01982558a48a0b501fdcab6a408d3717ea5919095ee2e67b0e521799c5905?s=96&d=mm&r=g","contentUrl":"https:\/\/secure.gravatar.com\/avatar\/42b01982558a48a0b501fdcab6a408d3717ea5919095ee2e67b0e521799c5905?s=96&d=mm&r=g","caption":"Antalya K\u00f6rfez"},"sameAs":["http:\/\/www.antalyakorfez.com"],"url":"https:\/\/www.antalyakorfez.com\/180-yillik-gurur-korkutelinde-polis-teskilati-sehitleriyle-anildi"}]}},"_links":{"self":[{"href":"https:\/\/denizcankizil.tr\/uk\/wp-json\/wp\/v2\/posts\/51685","targetHints":{"allow":["GET"]}}],"collection":[{"href":"https:\/\/denizcankizil.tr\/uk\/wp-json\/wp\/v2\/posts"}],"about":[{"href":"https:\/\/denizcankizil.tr\/uk\/wp-json\/wp\/v2\/types\/post"}],"author":[{"embeddable":true,"href":"https:\/\/denizcankizil.tr\/uk\/wp-json\/wp\/v2\/users\/5"}],"replies":[{"embeddable":true,"href":"https:\/\/denizcankizil.tr\/uk\/wp-json\/wp\/v2\/comments?post=51685"}],"version-history":[{"count":0,"href":"https:\/\/denizcankizil.tr\/uk\/wp-json\/wp\/v2\/posts\/51685\/revisions"}],"wp:attachment":[{"href":"https:\/\/denizcankizil.tr\/uk\/wp-json\/wp\/v2\/media?parent=51685"}],"wp:term":[{"taxonomy":"category","embeddable":true,"href":"https:\/\/denizcankizil.tr\/uk\/wp-json\/wp\/v2\/categories?post=51685"},{"taxonomy":"post_tag","embeddable":true,"href":"https:\/\/denizcankizil.tr\/uk\/wp-json\/wp\/v2\/tags?post=51685"}],"curies":[{"name":"wp","href":"https:\/\/api.w.org\/{rel}","templated":true}]}}