{"id":5142,"date":"2024-10-20T10:45:03","date_gmt":"2024-10-20T07:45:03","guid":{"rendered":"https:\/\/denizcankizil.tr\/uncategorized-tr\/kirik-saclar-ozgurluge-bucada-yurudu\/"},"modified":"2024-10-20T10:45:08","modified_gmt":"2024-10-20T07:45:08","slug":"kirik-saclar-ozgurluge-bucada-yurudu","status":"publish","type":"post","link":"https:\/\/denizcankizil.tr\/uk\/haberler\/gundem\/kirik-saclar-ozgurluge-bucada-yurudu\/","title":{"rendered":"K\u0131r\u0131k sa\u00e7lar \u00f6zg\u00fcrl\u00fc\u011fe Buca&#8217;da y\u00fcr\u00fcd\u00fc"},"content":{"rendered":"<h1>Yeni Bir \u00d6zg\u00fcrl\u00fck Yolu: K\u0131r\u0131k Sa\u00e7lar Hareketi Buca&#8217;da Devam Ediyor<\/h1>\n\n<p>Cumhuriyet Halk Partisi (CHP) \u0130l Kad\u0131n Kollar\u0131 taraf\u0131ndan ba\u015flat\u0131lan &#8220;K\u0131r\u0131k Sa\u00e7lar \u00d6zg\u00fcrl\u00fc\u011fe Y\u00fcr\u00fcyor&#8221; kampanyas\u0131n\u0131n be\u015finci etab\u0131, Buca&#8217;da ger\u00e7ekle\u015ftirildi. Bu hareket, kad\u0131nlar\u0131n \u00f6zg\u00fcrl\u00fck m\u00fccadelesine dikkat \u00e7ekmeyi ama\u00e7l\u0131yor.<\/p>\n\n<p>Buca&#8217;daki etkinlik, kat\u0131l\u0131mc\u0131lara ilham vererek toplumsal cinsiyet e\u015fitli\u011fi ve kad\u0131n haklar\u0131 konular\u0131nda fark\u0131ndal\u0131k yaratmay\u0131 hedefliyor. CHP \u0130l Kad\u0131n Kollar\u0131&#8217;n\u0131n bu giri\u015fimi, T\u00fcrkiye genelinde benzer hareketlere \u00f6nc\u00fcl\u00fck eden bir \u00f6rnek te\u015fkil ediyor.<\/p>\n\n<p>Bu t\u00fcr kampanyalar, g\u00fcn\u00fcm\u00fczde kad\u0131nlar\u0131n kar\u015f\u0131la\u015ft\u0131\u011f\u0131 zorluklara \u0131\u015f\u0131k tutarak toplumsal de\u011fi\u015fim i\u00e7in \u00f6nemli bir ad\u0131m olarak de\u011ferlendiriliyor. \u00d6zellikle son y\u0131llarda artan kad\u0131na y\u00f6nelik \u015fiddet olaylar\u0131 ve cinsiyet e\u015fitsizli\u011fi konular\u0131 \u00fczerine yap\u0131lan bu t\u00fcr etkinlikler, kamuoyunun dikkatini \u00e7ekmekte b\u00fcy\u00fck rol oynuyor.<\/p>\n\n<p>Hareketin detaylar\u0131na dair daha fazla bilgi almak i\u00e7in www.iskenderun.org adresini ziyaret edebilirsiniz.<\/p>","protected":false},"excerpt":{"rendered":"<p>Yeni Bir \u00d6zg\u00fcrl\u00fck Yolu: K\u0131r\u0131k Sa\u00e7lar Hareketi Buca&#8217;da Devam Ediyor Cumhuriyet Halk Partisi (CHP) \u0130l Kad\u0131n Kollar\u0131 taraf\u0131ndan ba\u015flat\u0131lan &#8220;K\u0131r\u0131k Sa\u00e7lar \u00d6zg\u00fcrl\u00fc\u011fe Y\u00fcr\u00fcyor&#8221; kampanyas\u0131n\u0131n be\u015finci etab\u0131, Buca&#8217;da ger\u00e7ekle\u015ftirildi. Bu hareket, kad\u0131nlar\u0131n \u00f6zg\u00fcrl\u00fck m\u00fccadelesine dikkat \u00e7ekmeyi ama\u00e7l\u0131yor. Buca&#8217;daki etkinlik, kat\u0131l\u0131mc\u0131lara ilham vererek toplumsal cinsiyet e\u015fitli\u011fi ve kad\u0131n haklar\u0131 konular\u0131nda fark\u0131ndal\u0131k yaratmay\u0131 hedefliyor. CHP \u0130l Kad\u0131n Kollar\u0131&#8217;n\u0131n bu giri\u015fimi, T\u00fcrkiye genelinde benzer hareketlere \u00f6nc\u00fcl\u00fck eden bir \u00f6rnek te\u015fkil ediyor. Bu t\u00fcr kampanyalar, g\u00fcn\u00fcm\u00fczde kad\u0131nlar\u0131n kar\u015f\u0131la\u015ft\u0131\u011f\u0131 zorluklara \u0131\u015f\u0131k tutarak toplumsal de\u011fi\u015fim i\u00e7in \u00f6nemli bir ad\u0131m olarak de\u011ferlendiriliyor. \u00d6zellikle son y\u0131llarda artan kad\u0131na y\u00f6nelik \u015fiddet olaylar\u0131 ve cinsiyet e\u015fitsizli\u011fi konular\u0131 \u00fczerine yap\u0131lan bu t\u00fcr etkinlikler, kamuoyunun dikkatini \u00e7ekmekte b\u00fcy\u00fck rol oynuyor. Hareketin detaylar\u0131na dair daha fazla bilgi almak i\u00e7in www.iskenderun.org adresini ziyaret edebilirsiniz.<\/p>","protected":false},"author":0,"featured_media":0,"comment_status":"open","ping_status":"open","sticky":false,"template":"","format":"standard","meta":{"_acf_changed":false,"footnotes":""},"categories":[24,535],"tags":[],"class_list":["post-5142","post","type-post","status-publish","format-standard","has-post-thumbnail","hentry","category-gundem","category-uncategorized-tr"],"acf":[],"yoast_head":"<!-- This site is optimized with the Yoast SEO Premium plugin v26.6 (Yoast SEO v27.1.1) - https:\/\/yoast.com\/product\/yoast-seo-premium-wordpress\/ -->\n<title>K\u0131r\u0131k sa\u00e7lar \u00f6zg\u00fcrl\u00fc\u011fe Buca&#039;da y\u00fcr\u00fcd\u00fc - Av. Deniz Can K\u0131z\u0131l<\/title>\n<meta name=\"robots\" content=\"index, follow, max-snippet:-1, max-image-preview:large, max-video-preview:-1\" \/>\n<link rel=\"canonical\" href=\"https:\/\/denizcankizil.tr\/uk\/haberler\/gundem\/kirik-saclar-ozgurluge-bucada-yurudu\/\" \/>\n<meta property=\"og:locale\" content=\"uk_UA\" \/>\n<meta property=\"og:type\" content=\"article\" \/>\n<meta property=\"og:title\" content=\"K\u0131r\u0131k sa\u00e7lar \u00f6zg\u00fcrl\u00fc\u011fe Buca&#039;da y\u00fcr\u00fcd\u00fc\" \/>\n<meta property=\"og:description\" content=\"Yeni Bir \u00d6zg\u00fcrl\u00fck Yolu: K\u0131r\u0131k Sa\u00e7lar Hareketi Buca&#8217;da Devam Ediyor Cumhuriyet Halk Partisi (CHP) \u0130l Kad\u0131n Kollar\u0131 taraf\u0131ndan ba\u015flat\u0131lan &#8220;K\u0131r\u0131k Sa\u00e7lar \u00d6zg\u00fcrl\u00fc\u011fe Y\u00fcr\u00fcyor&#8221; kampanyas\u0131n\u0131n be\u015finci etab\u0131, Buca&#8217;da ger\u00e7ekle\u015ftirildi. Bu hareket, kad\u0131nlar\u0131n \u00f6zg\u00fcrl\u00fck m\u00fccadelesine dikkat \u00e7ekmeyi ama\u00e7l\u0131yor. Buca&#8217;daki etkinlik, kat\u0131l\u0131mc\u0131lara ilham vererek toplumsal cinsiyet e\u015fitli\u011fi ve kad\u0131n haklar\u0131 konular\u0131nda fark\u0131ndal\u0131k yaratmay\u0131 hedefliyor. CHP \u0130l Kad\u0131n Kollar\u0131&#8217;n\u0131n bu giri\u015fimi, T\u00fcrkiye genelinde benzer hareketlere \u00f6nc\u00fcl\u00fck eden bir \u00f6rnek te\u015fkil ediyor. Bu t\u00fcr kampanyalar, g\u00fcn\u00fcm\u00fczde kad\u0131nlar\u0131n kar\u015f\u0131la\u015ft\u0131\u011f\u0131 zorluklara \u0131\u015f\u0131k tutarak toplumsal de\u011fi\u015fim i\u00e7in \u00f6nemli bir ad\u0131m olarak de\u011ferlendiriliyor. \u00d6zellikle son y\u0131llarda artan kad\u0131na y\u00f6nelik \u015fiddet olaylar\u0131 ve cinsiyet e\u015fitsizli\u011fi konular\u0131 \u00fczerine yap\u0131lan bu t\u00fcr etkinlikler, kamuoyunun dikkatini \u00e7ekmekte b\u00fcy\u00fck rol oynuyor. Hareketin detaylar\u0131na dair daha fazla bilgi almak i\u00e7in www.iskenderun.org adresini ziyaret edebilirsiniz.\" \/>\n<meta property=\"og:url\" content=\"https:\/\/denizcankizil.tr\/uk\/haberler\/gundem\/kirik-saclar-ozgurluge-bucada-yurudu\/\" \/>\n<meta property=\"og:site_name\" content=\"Av. Deniz Can K\u0131z\u0131l\" \/>\n<meta property=\"article:published_time\" content=\"2024-10-20T07:45:03+00:00\" \/>\n<meta property=\"article:modified_time\" content=\"2024-10-20T07:45:08+00:00\" \/>\n<meta name=\"twitter:card\" content=\"summary_large_image\" \/>\n<meta name=\"twitter:label1\" content=\"\u041f\u0440\u0438\u0431\u043b. \u0447\u0430\u0441 \u0447\u0438\u0442\u0430\u043d\u043d\u044f\" \/>\n\t<meta name=\"twitter:data1\" content=\"1 \u0445\u0432\u0438\u043b\u0438\u043d\u0430\" \/>\n<script type=\"application\/ld+json\" class=\"yoast-schema-graph\">{\"@context\":\"https:\/\/schema.org\",\"@graph\":[{\"@type\":\"Article\",\"@id\":\"https:\/\/denizcankizil.tr\/uk\/haberler\/gundem\/kirik-saclar-ozgurluge-bucada-yurudu\/#article\",\"isPartOf\":{\"@id\":\"https:\/\/denizcankizil.tr\/uk\/haberler\/gundem\/kirik-saclar-ozgurluge-bucada-yurudu\/\"},\"author\":{\"name\":\"\",\"@id\":\"\"},\"headline\":\"K\u0131r\u0131k sa\u00e7lar \u00f6zg\u00fcrl\u00fc\u011fe Buca&#8217;da y\u00fcr\u00fcd\u00fc\",\"datePublished\":\"2024-10-20T07:45:03+00:00\",\"dateModified\":\"2024-10-20T07:45:08+00:00\",\"mainEntityOfPage\":{\"@id\":\"https:\/\/denizcankizil.tr\/uk\/haberler\/gundem\/kirik-saclar-ozgurluge-bucada-yurudu\/\"},\"wordCount\":206,\"commentCount\":0,\"publisher\":{\"@id\":\"https:\/\/denizcankizil.tr\/#organization\"},\"articleSection\":[\"G\u00fcndem\",\"Uncategorized\"],\"inLanguage\":\"uk\",\"potentialAction\":[{\"@type\":\"CommentAction\",\"name\":\"Comment\",\"target\":[\"https:\/\/denizcankizil.tr\/uk\/haberler\/gundem\/kirik-saclar-ozgurluge-bucada-yurudu\/#respond\"]}]},{\"@type\":\"WebPage\",\"@id\":\"https:\/\/denizcankizil.tr\/uk\/haberler\/gundem\/kirik-saclar-ozgurluge-bucada-yurudu\/\",\"url\":\"https:\/\/denizcankizil.tr\/uk\/haberler\/gundem\/kirik-saclar-ozgurluge-bucada-yurudu\/\",\"name\":\"K\u0131r\u0131k sa\u00e7lar \u00f6zg\u00fcrl\u00fc\u011fe Buca'da y\u00fcr\u00fcd\u00fc - Av. Deniz Can K\u0131z\u0131l\",\"isPartOf\":{\"@id\":\"https:\/\/denizcankizil.tr\/#website\"},\"datePublished\":\"2024-10-20T07:45:03+00:00\",\"dateModified\":\"2024-10-20T07:45:08+00:00\",\"breadcrumb\":{\"@id\":\"https:\/\/denizcankizil.tr\/uk\/haberler\/gundem\/kirik-saclar-ozgurluge-bucada-yurudu\/#breadcrumb\"},\"inLanguage\":\"uk\",\"potentialAction\":[{\"@type\":\"ReadAction\",\"target\":[\"https:\/\/denizcankizil.tr\/uk\/haberler\/gundem\/kirik-saclar-ozgurluge-bucada-yurudu\/\"]}]},{\"@type\":\"BreadcrumbList\",\"@id\":\"https:\/\/denizcankizil.tr\/uk\/haberler\/gundem\/kirik-saclar-ozgurluge-bucada-yurudu\/#breadcrumb\",\"itemListElement\":[{\"@type\":\"ListItem\",\"position\":1,\"name\":\"Home\",\"item\":\"https:\/\/denizcankizil.tr\/uk\/\"},{\"@type\":\"ListItem\",\"position\":2,\"name\":\"K\u0131r\u0131k sa\u00e7lar \u00f6zg\u00fcrl\u00fc\u011fe Buca&#8217;da y\u00fcr\u00fcd\u00fc\"}]},{\"@type\":\"WebSite\",\"@id\":\"https:\/\/denizcankizil.tr\/#website\",\"url\":\"https:\/\/denizcankizil.tr\/\",\"name\":\"Av. Deniz Can K\u0131z\u0131l\",\"description\":\"Avukat Deniz Can K\u0131z\u0131l Antalya Barosu\",\"publisher\":{\"@id\":\"https:\/\/denizcankizil.tr\/#organization\"},\"potentialAction\":[{\"@type\":\"SearchAction\",\"target\":{\"@type\":\"EntryPoint\",\"urlTemplate\":\"https:\/\/denizcankizil.tr\/?s={search_term_string}\"},\"query-input\":{\"@type\":\"PropertyValueSpecification\",\"valueRequired\":true,\"valueName\":\"search_term_string\"}}],\"inLanguage\":\"uk\"},{\"@type\":\"Organization\",\"@id\":\"https:\/\/denizcankizil.tr\/#organization\",\"name\":\"Av. Deniz Can K\u0131z\u0131l\",\"url\":\"https:\/\/denizcankizil.tr\/\",\"logo\":{\"@type\":\"ImageObject\",\"inLanguage\":\"uk\",\"@id\":\"https:\/\/denizcankizil.tr\/#\/schema\/logo\/image\/\",\"url\":\"https:\/\/denizcankizil.tr\/wp-content\/uploads\/2024\/10\/siyah-logo-svg.svg\",\"contentUrl\":\"https:\/\/denizcankizil.tr\/wp-content\/uploads\/2024\/10\/siyah-logo-svg.svg\",\"width\":1080,\"height\":1080,\"caption\":\"Av. Deniz Can K\u0131z\u0131l\"},\"image\":{\"@id\":\"https:\/\/denizcankizil.tr\/#\/schema\/logo\/image\/\"}}]}<\/script>\n<!-- \/ Yoast SEO Premium plugin. -->","yoast_head_json":{"title":"K\u0131r\u0131k sa\u00e7lar \u00f6zg\u00fcrl\u00fc\u011fe Buca'da y\u00fcr\u00fcd\u00fc - Av. Deniz Can K\u0131z\u0131l","robots":{"index":"index","follow":"follow","max-snippet":"max-snippet:-1","max-image-preview":"max-image-preview:large","max-video-preview":"max-video-preview:-1"},"canonical":"https:\/\/denizcankizil.tr\/uk\/haberler\/gundem\/kirik-saclar-ozgurluge-bucada-yurudu\/","og_locale":"uk_UA","og_type":"article","og_title":"K\u0131r\u0131k sa\u00e7lar \u00f6zg\u00fcrl\u00fc\u011fe Buca'da y\u00fcr\u00fcd\u00fc","og_description":"Yeni Bir \u00d6zg\u00fcrl\u00fck Yolu: K\u0131r\u0131k Sa\u00e7lar Hareketi Buca&#8217;da Devam Ediyor Cumhuriyet Halk Partisi (CHP) \u0130l Kad\u0131n Kollar\u0131 taraf\u0131ndan ba\u015flat\u0131lan &#8220;K\u0131r\u0131k Sa\u00e7lar \u00d6zg\u00fcrl\u00fc\u011fe Y\u00fcr\u00fcyor&#8221; kampanyas\u0131n\u0131n be\u015finci etab\u0131, Buca&#8217;da ger\u00e7ekle\u015ftirildi. Bu hareket, kad\u0131nlar\u0131n \u00f6zg\u00fcrl\u00fck m\u00fccadelesine dikkat \u00e7ekmeyi ama\u00e7l\u0131yor. Buca&#8217;daki etkinlik, kat\u0131l\u0131mc\u0131lara ilham vererek toplumsal cinsiyet e\u015fitli\u011fi ve kad\u0131n haklar\u0131 konular\u0131nda fark\u0131ndal\u0131k yaratmay\u0131 hedefliyor. CHP \u0130l Kad\u0131n Kollar\u0131&#8217;n\u0131n bu giri\u015fimi, T\u00fcrkiye genelinde benzer hareketlere \u00f6nc\u00fcl\u00fck eden bir \u00f6rnek te\u015fkil ediyor. Bu t\u00fcr kampanyalar, g\u00fcn\u00fcm\u00fczde kad\u0131nlar\u0131n kar\u015f\u0131la\u015ft\u0131\u011f\u0131 zorluklara \u0131\u015f\u0131k tutarak toplumsal de\u011fi\u015fim i\u00e7in \u00f6nemli bir ad\u0131m olarak de\u011ferlendiriliyor. \u00d6zellikle son y\u0131llarda artan kad\u0131na y\u00f6nelik \u015fiddet olaylar\u0131 ve cinsiyet e\u015fitsizli\u011fi konular\u0131 \u00fczerine yap\u0131lan bu t\u00fcr etkinlikler, kamuoyunun dikkatini \u00e7ekmekte b\u00fcy\u00fck rol oynuyor. Hareketin detaylar\u0131na dair daha fazla bilgi almak i\u00e7in www.iskenderun.org adresini ziyaret edebilirsiniz.","og_url":"https:\/\/denizcankizil.tr\/uk\/haberler\/gundem\/kirik-saclar-ozgurluge-bucada-yurudu\/","og_site_name":"Av. Deniz Can K\u0131z\u0131l","article_published_time":"2024-10-20T07:45:03+00:00","article_modified_time":"2024-10-20T07:45:08+00:00","twitter_card":"summary_large_image","twitter_misc":{"\u041f\u0440\u0438\u0431\u043b. \u0447\u0430\u0441 \u0447\u0438\u0442\u0430\u043d\u043d\u044f":"1 \u0445\u0432\u0438\u043b\u0438\u043d\u0430"},"schema":{"@context":"https:\/\/schema.org","@graph":[{"@type":"Article","@id":"https:\/\/denizcankizil.tr\/uk\/haberler\/gundem\/kirik-saclar-ozgurluge-bucada-yurudu\/#article","isPartOf":{"@id":"https:\/\/denizcankizil.tr\/uk\/haberler\/gundem\/kirik-saclar-ozgurluge-bucada-yurudu\/"},"author":{"name":"","@id":""},"headline":"K\u0131r\u0131k sa\u00e7lar \u00f6zg\u00fcrl\u00fc\u011fe Buca&#8217;da y\u00fcr\u00fcd\u00fc","datePublished":"2024-10-20T07:45:03+00:00","dateModified":"2024-10-20T07:45:08+00:00","mainEntityOfPage":{"@id":"https:\/\/denizcankizil.tr\/uk\/haberler\/gundem\/kirik-saclar-ozgurluge-bucada-yurudu\/"},"wordCount":206,"commentCount":0,"publisher":{"@id":"https:\/\/denizcankizil.tr\/#organization"},"articleSection":["G\u00fcndem","Uncategorized"],"inLanguage":"uk","potentialAction":[{"@type":"CommentAction","name":"Comment","target":["https:\/\/denizcankizil.tr\/uk\/haberler\/gundem\/kirik-saclar-ozgurluge-bucada-yurudu\/#respond"]}]},{"@type":"WebPage","@id":"https:\/\/denizcankizil.tr\/uk\/haberler\/gundem\/kirik-saclar-ozgurluge-bucada-yurudu\/","url":"https:\/\/denizcankizil.tr\/uk\/haberler\/gundem\/kirik-saclar-ozgurluge-bucada-yurudu\/","name":"K\u0131r\u0131k sa\u00e7lar \u00f6zg\u00fcrl\u00fc\u011fe Buca'da y\u00fcr\u00fcd\u00fc - Av. Deniz Can K\u0131z\u0131l","isPartOf":{"@id":"https:\/\/denizcankizil.tr\/#website"},"datePublished":"2024-10-20T07:45:03+00:00","dateModified":"2024-10-20T07:45:08+00:00","breadcrumb":{"@id":"https:\/\/denizcankizil.tr\/uk\/haberler\/gundem\/kirik-saclar-ozgurluge-bucada-yurudu\/#breadcrumb"},"inLanguage":"uk","potentialAction":[{"@type":"ReadAction","target":["https:\/\/denizcankizil.tr\/uk\/haberler\/gundem\/kirik-saclar-ozgurluge-bucada-yurudu\/"]}]},{"@type":"BreadcrumbList","@id":"https:\/\/denizcankizil.tr\/uk\/haberler\/gundem\/kirik-saclar-ozgurluge-bucada-yurudu\/#breadcrumb","itemListElement":[{"@type":"ListItem","position":1,"name":"Home","item":"https:\/\/denizcankizil.tr\/uk\/"},{"@type":"ListItem","position":2,"name":"K\u0131r\u0131k sa\u00e7lar \u00f6zg\u00fcrl\u00fc\u011fe Buca&#8217;da y\u00fcr\u00fcd\u00fc"}]},{"@type":"WebSite","@id":"https:\/\/denizcankizil.tr\/#website","url":"https:\/\/denizcankizil.tr\/","name":"Av. Deniz Can K\u0131z\u0131l","description":"Avukat Deniz Can K\u0131z\u0131l Antalya Barosu","publisher":{"@id":"https:\/\/denizcankizil.tr\/#organization"},"potentialAction":[{"@type":"SearchAction","target":{"@type":"EntryPoint","urlTemplate":"https:\/\/denizcankizil.tr\/?s={search_term_string}"},"query-input":{"@type":"PropertyValueSpecification","valueRequired":true,"valueName":"search_term_string"}}],"inLanguage":"uk"},{"@type":"Organization","@id":"https:\/\/denizcankizil.tr\/#organization","name":"Av. Deniz Can K\u0131z\u0131l","url":"https:\/\/denizcankizil.tr\/","logo":{"@type":"ImageObject","inLanguage":"uk","@id":"https:\/\/denizcankizil.tr\/#\/schema\/logo\/image\/","url":"https:\/\/denizcankizil.tr\/wp-content\/uploads\/2024\/10\/siyah-logo-svg.svg","contentUrl":"https:\/\/denizcankizil.tr\/wp-content\/uploads\/2024\/10\/siyah-logo-svg.svg","width":1080,"height":1080,"caption":"Av. Deniz Can K\u0131z\u0131l"},"image":{"@id":"https:\/\/denizcankizil.tr\/#\/schema\/logo\/image\/"}}]}},"_links":{"self":[{"href":"https:\/\/denizcankizil.tr\/uk\/wp-json\/wp\/v2\/posts\/5142","targetHints":{"allow":["GET"]}}],"collection":[{"href":"https:\/\/denizcankizil.tr\/uk\/wp-json\/wp\/v2\/posts"}],"about":[{"href":"https:\/\/denizcankizil.tr\/uk\/wp-json\/wp\/v2\/types\/post"}],"replies":[{"embeddable":true,"href":"https:\/\/denizcankizil.tr\/uk\/wp-json\/wp\/v2\/comments?post=5142"}],"version-history":[{"count":1,"href":"https:\/\/denizcankizil.tr\/uk\/wp-json\/wp\/v2\/posts\/5142\/revisions"}],"predecessor-version":[{"id":5143,"href":"https:\/\/denizcankizil.tr\/uk\/wp-json\/wp\/v2\/posts\/5142\/revisions\/5143"}],"wp:attachment":[{"href":"https:\/\/denizcankizil.tr\/uk\/wp-json\/wp\/v2\/media?parent=5142"}],"wp:term":[{"taxonomy":"category","embeddable":true,"href":"https:\/\/denizcankizil.tr\/uk\/wp-json\/wp\/v2\/categories?post=5142"},{"taxonomy":"post_tag","embeddable":true,"href":"https:\/\/denizcankizil.tr\/uk\/wp-json\/wp\/v2\/tags?post=5142"}],"curies":[{"name":"wp","href":"https:\/\/api.w.org\/{rel}","templated":true}]}}