{"id":50475,"date":"2025-04-09T14:42:08","date_gmt":"2025-04-09T11:42:08","guid":{"rendered":"https:\/\/denizcankizil.tr\/uncategorized-tr\/izmirin-iklim-krizi-ile-mucadelesi-gucleniyor\/"},"modified":"2025-04-09T14:42:08","modified_gmt":"2025-04-09T11:42:08","slug":"izmirin-iklim-krizi-ile-mucadelesi-gucleniyor","status":"publish","type":"post","link":"https:\/\/denizcankizil.tr\/uk\/haberler\/gundem\/izmirin-iklim-krizi-ile-mucadelesi-gucleniyor\/","title":{"rendered":"\u0130zmir\u2019in iklim krizi ile m\u00fccadelesi g\u00fc\u00e7leniyor"},"content":{"rendered":"<p>\u0130zmir B\u00fcy\u00fck\u015fehir Belediyesi&#8217;nin, Avrupa genelinde iklim direncini art\u0131rmay\u0131 hedefleyen CLIMAAX projesinden hibe ald\u0131\u011f\u0131 &#8220;\u0130klime Haz\u0131r \u0130zmir: Diren\u00e7lilik Stratejilerinin Geli\u015ftirilmesi (CRIZ-ERS)&#8221; \u00e7al\u0131\u015fmas\u0131 kapsam\u0131nda ilk payda\u015f toplant\u0131s\u0131 yap\u0131ld\u0131. Proje kapsam\u0131nda \u0130zmir&#8217;in iklim risk de\u011ferlendirmesi yap\u0131lacak.\u00a0\u0130ZM\u0130R (\u0130GFA) &#8211;\u00a0\u0130zmir B\u00fcy\u00fck\u015fehir Belediyesi iklim krizi ile m\u00fccadele \u00e7al\u0131\u015fmalar\u0131n\u0131 s\u00fcrd\u00fcr\u00fcyor. Avrupa Komisyonu\u2019nun iklimle m\u00fccadele konusundaki \u00e7a\u011fr\u0131s\u0131na kabul edilerek AB \u00fcyesi kentler d\u0131\u015f\u0131nda \u201cAB \u015eehirler Misyonu Etiketi\u201d unvan\u0131n\u0131 alan ilk kent olan \u0130zmir, do\u011fa dostu projelerle uluslararas\u0131 alandaki ba\u015far\u0131lar\u0131n\u0131 s\u00fcrd\u00fcr\u00fcyor.<br \/>\n\u0130zmir B\u00fcy\u00fck\u015fehir Belediyesi\u2019nin iklim n\u00f6tr \u00e7al\u0131\u015fmalar\u0131 kapsam\u0131nda haz\u0131rlad\u0131\u011f\u0131 projeleden biri olan \u0130klime Haz\u0131r \u0130zmir: Diren\u00e7lilik Stratejilerinin Geli\u015ftirilmesi (CRIZ-ERS) Projesi \u0130klim De\u011fi\u015fikli\u011fine Uyum Misyonu kapsam\u0131nda fonlanan\u00a0 CLIMAAX projesinden 145 bin Avro hibe ald\u0131. \u0130zmir B\u00fcy\u00fck\u015fehir Belediyesi proje kapsam\u0131nda ilk payda\u015f toplant\u0131s\u0131 da d\u00fczenlendi. \u00a0<\/p>\n<p>\u00a0<br \/>\n\u0130ZM\u0130R\u2019\u0130N \u0130KL\u0130M R\u0130SK HAR\u0130TASI OLU\u015eTURULACAK<br \/>\n\u0130zmir\u2019de kamu kurumlar\u0131, sivil toplum \u00f6rg\u00fctleri, meslek odalar\u0131 gibi geni\u015f kat\u0131l\u0131mla y\u00fcr\u00fct\u00fclmesi hedeflenen projenin ilk payda\u015f toplant\u0131s\u0131 \u0130zmir B\u00fcy\u00fck\u015fehir Belediyesi \u00c7etin Eme\u00e7 Toplant\u0131 Salonu&#8217;nda yap\u0131ld\u0131. Toplant\u0131da, \u0130zmir\u2019in mevcut iklim tehlikeleri, gelece\u011fe y\u00f6nelik iklim senaryolar\u0131 ve proje i\u00e7in gerekli veri ihtiya\u00e7lar\u0131 ele al\u0131nd\u0131. Proje kapsam\u0131nda yap\u0131lacak mek\u00e2nsal analizler ile \u0130zmir\u2019in iklim risk haritas\u0131 olu\u015fturulacak ve mevcut diren\u00e7lilik planlar\u0131 g\u00fcncellenecek.,<\/p>\n<p>\u00a0<br \/>\nB\u00dcY\u00dcK\u015eEH\u0130R \u00d6NC\u00dcL\u00dc\u011e\u00dcNDE Y\u00dcR\u00dcT\u00dcLECEK<br \/>\nCLIMAAX projesi, \u0130zmir\u2019in iklim risklerinin analiz edilmesine, k\u0131r\u0131lgan noktalar\u0131n belirlenmesine ve bu risklerin azalt\u0131lmas\u0131na y\u00f6nelik yenilik\u00e7i \u00e7\u00f6z\u00fcmler geli\u015ftirmesine olanak tan\u0131yacak. Proje kapsam\u0131nda, s\u0131cak hava dalgalar\u0131, sel, kurakl\u0131k ve orman yang\u0131nlar\u0131 gibi iklim tehlikeleri \u00fczerine detayl\u0131 \u00e7al\u0131\u015fmalar y\u00fcr\u00fct\u00fclecek. Bu s\u00fcre\u00e7te, \u0130zmir B\u00fcy\u00fck\u015fehir Belediyesi \u00f6nc\u00fcl\u00fc\u011f\u00fcnde ger\u00e7ekle\u015ftirilecek \u00e7al\u0131\u015fmalar, \u015fehir genelindeki uyum ve diren\u00e7lilik planlar\u0131n\u0131 g\u00fc\u00e7lendirmeye odaklanacak.<\/p>\n<p>\u00a0<br \/>\n\u0130ZM\u0130R\u2019\u0130N S\u00dcRD\u00dcR\u00dcLEB\u0130L\u0130R GELECE\u011e\u0130 \u0130\u00c7\u0130N \u00d6NEML\u0130 B\u0130R ADIM<br \/>\n\u0130zmir\u2019in iklim de\u011fi\u015fikli\u011fine uyum kapasitesini art\u0131rmaya y\u00f6nelik bu \u00e7al\u0131\u015fmalar, \u015fehrin s\u00fcrd\u00fcr\u00fclebilir ve ya\u015fanabilir bir gelece\u011fe haz\u0131rlanmas\u0131na \u00f6nemli katk\u0131lar sunacak. CLIMAAX projesi sayesinde, \u0130zmir\u2019in iklim de\u011fi\u015fikli\u011fine kar\u015f\u0131 diren\u00e7lili\u011fi g\u00fc\u00e7lendirilirken, b\u00f6lgesel ve Avrupa \u00e7ap\u0131ndaki adaptasyon hedefleriyle uyumlu ad\u0131mlar at\u0131lacak. Avrupa Birli\u011fi taraf\u0131ndan finanse edilen proje; \u015fehirlerin, b\u00f6lgelerin \u0130klim Risk De\u011ferlendirmeleri (CRA) yapmalar\u0131n\u0131 te\u015fvik ederek iklim de\u011fi\u015fikli\u011fine kar\u015f\u0131 diren\u00e7lili\u011fini art\u0131rmay\u0131 ama\u00e7l\u0131yor. CLIMAAX Projesi, 33 Avrupa b\u00f6lgesinde toplam 5,5 milyon Avro\u2019luk fon deste\u011fi sa\u011fl\u0131yor.<\/p>\n<p>\u200b\u0130zmir B\u00fcy\u00fck\u015fehir Belediyesi&#8217;nin, Avrupa genelinde iklim direncini art\u0131rmay\u0131 hedefleyen CLIMAAX projesinden hibe ald\u0131\u011f\u0131 &#8220;\u0130klime Haz\u0131r \u0130zmir: Diren\u00e7lilik Stratejilerinin Geli\u015ftirilmesi (CRIZ-ERS)&#8221; \u00e7al\u0131\u015fmas\u0131 kapsam\u0131nda ilk payda\u015f toplant\u0131s\u0131 yap\u0131ld\u0131. Proje kapsam\u0131nda \u0130zmir&#8217;in iklim risk de\u011ferlendirmesi yap\u0131lacak.\u00a0\u0130ZM\u0130R (\u0130GFA) &#8211;\u00a0\u0130zmir B\u00fcy\u00fck\u015fehir Belediyesi iklim krizi ile m\u00fccadele \u00e7al\u0131\u015fmalar\u0131n\u0131 s\u00fcrd\u00fcr\u00fcyor. Avrupa Komisyonu\u2019nun iklimle m\u00fccadele konusundaki \u00e7a\u011fr\u0131s\u0131na kabul edilerek AB \u00fcyesi kentler d\u0131\u015f\u0131nda \u201cAB \u015eehirler Misyonu Etiketi\u201d unvan\u0131n\u0131 alan ilk kent olan \u0130zmir, do\u011fa dostu projelerle uluslararas\u0131 alandaki ba\u015far\u0131lar\u0131n\u0131 s\u00fcrd\u00fcr\u00fcyor.<br \/>\n\u0130zmir B\u00fcy\u00fck\u015fehir Belediyesi\u2019nin iklim n\u00f6tr \u00e7al\u0131\u015fmalar\u0131 kapsam\u0131nda haz\u0131rlad\u0131\u011f\u0131 projeleden biri olan \u0130klime Haz\u0131r \u0130zmir: Diren\u00e7lilik Stratejilerinin Geli\u015ftirilmesi (CRIZ-ERS) Projesi \u0130klim De\u011fi\u015fikli\u011fine Uyum Misyonu kapsam\u0131nda fonlanan\u00a0 CLIMAAX projesinden 145 bin Avro hibe ald\u0131. \u0130zmir B\u00fcy\u00fck\u015fehir Belediyesi proje kapsam\u0131nda ilk payda\u015f toplant\u0131s\u0131 da d\u00fczenlendi. \u00a0<\/p>\n<p>\u00a0<br \/>\n\u0130ZM\u0130R\u2019\u0130N \u0130KL\u0130M R\u0130SK HAR\u0130TASI OLU\u015eTURULACAK<br \/>\n\u0130zmir\u2019de kamu kurumlar\u0131, sivil toplum \u00f6rg\u00fctleri, meslek odalar\u0131 gibi geni\u015f kat\u0131l\u0131mla y\u00fcr\u00fct\u00fclmesi hedeflenen projenin ilk payda\u015f toplant\u0131s\u0131 \u0130zmir B\u00fcy\u00fck\u015fehir Belediyesi \u00c7etin Eme\u00e7 Toplant\u0131 Salonu&#8217;nda yap\u0131ld\u0131. Toplant\u0131da, \u0130zmir\u2019in mevcut iklim tehlikeleri, gelece\u011fe y\u00f6nelik iklim senaryolar\u0131 ve proje i\u00e7in gerekli veri ihtiya\u00e7lar\u0131 ele al\u0131nd\u0131. Proje kapsam\u0131nda yap\u0131lacak mek\u00e2nsal analizler ile \u0130zmir\u2019in iklim risk haritas\u0131 olu\u015fturulacak ve mevcut diren\u00e7lilik planlar\u0131 g\u00fcncellenecek.,<\/p>\n<p>\u00a0<br \/>\nB\u00dcY\u00dcK\u015eEH\u0130R \u00d6NC\u00dcL\u00dc\u011e\u00dcNDE Y\u00dcR\u00dcT\u00dcLECEK<br \/>\nCLIMAAX projesi, \u0130zmir\u2019in iklim risklerinin analiz edilmesine, k\u0131r\u0131lgan noktalar\u0131n belirlenmesine ve bu risklerin azalt\u0131lmas\u0131na y\u00f6nelik yenilik\u00e7i \u00e7\u00f6z\u00fcmler geli\u015ftirmesine olanak tan\u0131yacak. Proje kapsam\u0131nda, s\u0131cak hava dalgalar\u0131, sel, kurakl\u0131k ve orman yang\u0131nlar\u0131 gibi iklim tehlikeleri \u00fczerine detayl\u0131 \u00e7al\u0131\u015fmalar y\u00fcr\u00fct\u00fclecek. Bu s\u00fcre\u00e7te, \u0130zmir B\u00fcy\u00fck\u015fehir Belediyesi \u00f6nc\u00fcl\u00fc\u011f\u00fcnde ger\u00e7ekle\u015ftirilecek \u00e7al\u0131\u015fmalar, \u015fehir genelindeki uyum ve diren\u00e7lilik planlar\u0131n\u0131 g\u00fc\u00e7lendirmeye odaklanacak.<\/p>\n<p>\u00a0<br \/>\n\u0130ZM\u0130R\u2019\u0130N S\u00dcRD\u00dcR\u00dcLEB\u0130L\u0130R GELECE\u011e\u0130 \u0130\u00c7\u0130N \u00d6NEML\u0130 B\u0130R ADIM<br \/>\n\u0130zmir\u2019in iklim de\u011fi\u015fikli\u011fine uyum kapasitesini art\u0131rmaya y\u00f6nelik bu \u00e7al\u0131\u015fmalar, \u015fehrin s\u00fcrd\u00fcr\u00fclebilir ve ya\u015fanabilir bir gelece\u011fe haz\u0131rlanmas\u0131na \u00f6nemli katk\u0131lar sunacak. CLIMAAX projesi sayesinde, \u0130zmir\u2019in iklim de\u011fi\u015fikli\u011fine kar\u015f\u0131 diren\u00e7lili\u011fi g\u00fc\u00e7lendirilirken, b\u00f6lgesel ve Avrupa \u00e7ap\u0131ndaki adaptasyon hedefleriyle uyumlu ad\u0131mlar at\u0131lacak. Avrupa Birli\u011fi taraf\u0131ndan finanse edilen proje; \u015fehirlerin, b\u00f6lgelerin \u0130klim Risk De\u011ferlendirmeleri (CRA) yapmalar\u0131n\u0131 te\u015fvik ederek iklim de\u011fi\u015fikli\u011fine kar\u015f\u0131 diren\u00e7lili\u011fini art\u0131rmay\u0131 ama\u00e7l\u0131yor. CLIMAAX Projesi, 33 Avrupa b\u00f6lgesinde toplam 5,5 milyon Avro\u2019luk fon deste\u011fi sa\u011fl\u0131yor.\u00a0<\/p>\n<p>\u200bHaberin Al\u0131nt\u0131land\u0131\u011f\u0131 Kaynak: www.iskenderun.org<\/p>","protected":false},"excerpt":{"rendered":"<p>\u0130zmir B\u00fcy\u00fck\u015fehir Belediyesi&#8217;nin, Avrupa genelinde iklim direncini art\u0131rmay\u0131 hedefleyen CLIMAAX projesinden hibe ald\u0131\u011f\u0131 &#8220;\u0130klime Haz\u0131r \u0130zmir: Diren\u00e7lilik Stratejilerinin Geli\u015ftirilmesi (CRIZ-ERS)&#8221; \u00e7al\u0131\u015fmas\u0131 kapsam\u0131nda ilk payda\u015f toplant\u0131s\u0131 yap\u0131ld\u0131. Proje kapsam\u0131nda \u0130zmir&#8217;in iklim risk de\u011ferlendirmesi yap\u0131lacak.\u00a0\u0130ZM\u0130R (\u0130GFA) &#8211;\u00a0\u0130zmir B\u00fcy\u00fck\u015fehir Belediyesi iklim krizi ile m\u00fccadele \u00e7al\u0131\u015fmalar\u0131n\u0131 s\u00fcrd\u00fcr\u00fcyor. Avrupa Komisyonu\u2019nun iklimle m\u00fccadele konusundaki \u00e7a\u011fr\u0131s\u0131na kabul edilerek AB \u00fcyesi kentler d\u0131\u015f\u0131nda \u201cAB \u015eehirler Misyonu Etiketi\u201d unvan\u0131n\u0131 alan ilk kent olan \u0130zmir, do\u011fa dostu projelerle uluslararas\u0131 alandaki ba\u015far\u0131lar\u0131n\u0131 s\u00fcrd\u00fcr\u00fcyor. \u0130zmir B\u00fcy\u00fck\u015fehir Belediyesi\u2019nin iklim n\u00f6tr \u00e7al\u0131\u015fmalar\u0131 kapsam\u0131nda haz\u0131rlad\u0131\u011f\u0131 projeleden biri olan \u0130klime Haz\u0131r \u0130zmir: Diren\u00e7lilik Stratejilerinin Geli\u015ftirilmesi (CRIZ-ERS) Projesi \u0130klim De\u011fi\u015fikli\u011fine Uyum Misyonu kapsam\u0131nda fonlanan\u00a0 CLIMAAX projesinden 145 bin Avro hibe ald\u0131. \u0130zmir B\u00fcy\u00fck\u015fehir Belediyesi proje kapsam\u0131nda ilk payda\u015f toplant\u0131s\u0131 da d\u00fczenlendi. \u00a0 \u00a0 \u0130ZM\u0130R\u2019\u0130N \u0130KL\u0130M R\u0130SK HAR\u0130TASI OLU\u015eTURULACAK \u0130zmir\u2019de kamu kurumlar\u0131, sivil toplum \u00f6rg\u00fctleri, meslek odalar\u0131 gibi geni\u015f kat\u0131l\u0131mla y\u00fcr\u00fct\u00fclmesi hedeflenen projenin ilk payda\u015f toplant\u0131s\u0131 \u0130zmir B\u00fcy\u00fck\u015fehir Belediyesi \u00c7etin Eme\u00e7 Toplant\u0131 Salonu&#8217;nda yap\u0131ld\u0131. Toplant\u0131da, \u0130zmir\u2019in mevcut iklim tehlikeleri, gelece\u011fe y\u00f6nelik iklim senaryolar\u0131 ve proje i\u00e7in gerekli veri ihtiya\u00e7lar\u0131 ele al\u0131nd\u0131. Proje kapsam\u0131nda yap\u0131lacak mek\u00e2nsal analizler ile \u0130zmir\u2019in iklim risk haritas\u0131 olu\u015fturulacak ve mevcut diren\u00e7lilik planlar\u0131 g\u00fcncellenecek., \u00a0 B\u00dcY\u00dcK\u015eEH\u0130R \u00d6NC\u00dcL\u00dc\u011e\u00dcNDE Y\u00dcR\u00dcT\u00dcLECEK CLIMAAX projesi, \u0130zmir\u2019in iklim risklerinin analiz edilmesine, k\u0131r\u0131lgan noktalar\u0131n belirlenmesine ve bu risklerin azalt\u0131lmas\u0131na y\u00f6nelik yenilik\u00e7i \u00e7\u00f6z\u00fcmler &hellip;<\/p>","protected":false},"author":1,"featured_media":0,"comment_status":"","ping_status":"open","sticky":false,"template":"","format":"standard","meta":{"_acf_changed":false,"footnotes":""},"categories":[24],"tags":[],"class_list":["post-50475","post","type-post","status-publish","format-standard","has-post-thumbnail","hentry","category-gundem"],"acf":[],"yoast_head":"<!-- This site is optimized with the Yoast SEO Premium plugin v26.6 (Yoast SEO v27.1.1) - https:\/\/yoast.com\/product\/yoast-seo-premium-wordpress\/ -->\n<title>\u0130zmir\u2019in iklim krizi ile m\u00fccadelesi g\u00fc\u00e7leniyor - Av. Deniz Can K\u0131z\u0131l<\/title>\n<meta name=\"robots\" content=\"index, follow, max-snippet:-1, max-image-preview:large, max-video-preview:-1\" \/>\n<link rel=\"canonical\" href=\"https:\/\/denizcankizil.tr\/uk\/haberler\/gundem\/izmirin-iklim-krizi-ile-mucadelesi-gucleniyor\/\" \/>\n<meta property=\"og:locale\" content=\"uk_UA\" \/>\n<meta property=\"og:type\" content=\"article\" \/>\n<meta property=\"og:title\" content=\"\u0130zmir\u2019in iklim krizi ile m\u00fccadelesi g\u00fc\u00e7leniyor\" \/>\n<meta property=\"og:description\" content=\"\u0130zmir B\u00fcy\u00fck\u015fehir Belediyesi&#8217;nin, Avrupa genelinde iklim direncini art\u0131rmay\u0131 hedefleyen CLIMAAX projesinden hibe ald\u0131\u011f\u0131 &#8220;\u0130klime Haz\u0131r \u0130zmir: Diren\u00e7lilik Stratejilerinin Geli\u015ftirilmesi (CRIZ-ERS)&#8221; \u00e7al\u0131\u015fmas\u0131 kapsam\u0131nda ilk payda\u015f toplant\u0131s\u0131 yap\u0131ld\u0131. Proje kapsam\u0131nda \u0130zmir&#8217;in iklim risk de\u011ferlendirmesi yap\u0131lacak.\u00a0\u0130ZM\u0130R (\u0130GFA) &#8211;\u00a0\u0130zmir B\u00fcy\u00fck\u015fehir Belediyesi iklim krizi ile m\u00fccadele \u00e7al\u0131\u015fmalar\u0131n\u0131 s\u00fcrd\u00fcr\u00fcyor. Avrupa Komisyonu\u2019nun iklimle m\u00fccadele konusundaki \u00e7a\u011fr\u0131s\u0131na kabul edilerek AB \u00fcyesi kentler d\u0131\u015f\u0131nda \u201cAB \u015eehirler Misyonu Etiketi\u201d unvan\u0131n\u0131 alan ilk kent olan \u0130zmir, do\u011fa dostu projelerle uluslararas\u0131 alandaki ba\u015far\u0131lar\u0131n\u0131 s\u00fcrd\u00fcr\u00fcyor. \u0130zmir B\u00fcy\u00fck\u015fehir Belediyesi\u2019nin iklim n\u00f6tr \u00e7al\u0131\u015fmalar\u0131 kapsam\u0131nda haz\u0131rlad\u0131\u011f\u0131 projeleden biri olan \u0130klime Haz\u0131r \u0130zmir: Diren\u00e7lilik Stratejilerinin Geli\u015ftirilmesi (CRIZ-ERS) Projesi \u0130klim De\u011fi\u015fikli\u011fine Uyum Misyonu kapsam\u0131nda fonlanan\u00a0 CLIMAAX projesinden 145 bin Avro hibe ald\u0131. \u0130zmir B\u00fcy\u00fck\u015fehir Belediyesi proje kapsam\u0131nda ilk payda\u015f toplant\u0131s\u0131 da d\u00fczenlendi. \u00a0 \u00a0 \u0130ZM\u0130R\u2019\u0130N \u0130KL\u0130M R\u0130SK HAR\u0130TASI OLU\u015eTURULACAK \u0130zmir\u2019de kamu kurumlar\u0131, sivil toplum \u00f6rg\u00fctleri, meslek odalar\u0131 gibi geni\u015f kat\u0131l\u0131mla y\u00fcr\u00fct\u00fclmesi hedeflenen projenin ilk payda\u015f toplant\u0131s\u0131 \u0130zmir B\u00fcy\u00fck\u015fehir Belediyesi \u00c7etin Eme\u00e7 Toplant\u0131 Salonu&#8217;nda yap\u0131ld\u0131. Toplant\u0131da, \u0130zmir\u2019in mevcut iklim tehlikeleri, gelece\u011fe y\u00f6nelik iklim senaryolar\u0131 ve proje i\u00e7in gerekli veri ihtiya\u00e7lar\u0131 ele al\u0131nd\u0131. Proje kapsam\u0131nda yap\u0131lacak mek\u00e2nsal analizler ile \u0130zmir\u2019in iklim risk haritas\u0131 olu\u015fturulacak ve mevcut diren\u00e7lilik planlar\u0131 g\u00fcncellenecek., \u00a0 B\u00dcY\u00dcK\u015eEH\u0130R \u00d6NC\u00dcL\u00dc\u011e\u00dcNDE Y\u00dcR\u00dcT\u00dcLECEK CLIMAAX projesi, \u0130zmir\u2019in iklim risklerinin analiz edilmesine, k\u0131r\u0131lgan noktalar\u0131n belirlenmesine ve bu risklerin azalt\u0131lmas\u0131na y\u00f6nelik yenilik\u00e7i \u00e7\u00f6z\u00fcmler &hellip;\" \/>\n<meta property=\"og:url\" content=\"https:\/\/denizcankizil.tr\/uk\/haberler\/gundem\/izmirin-iklim-krizi-ile-mucadelesi-gucleniyor\/\" \/>\n<meta property=\"og:site_name\" content=\"Av. Deniz Can K\u0131z\u0131l\" \/>\n<meta property=\"article:published_time\" content=\"2025-04-09T11:42:08+00:00\" \/>\n<meta name=\"author\" content=\"admin\" \/>\n<meta name=\"twitter:card\" content=\"summary_large_image\" \/>\n<meta name=\"twitter:label1\" content=\"\u041d\u0430\u043f\u0438\u0441\u0430\u043d\u043e\" \/>\n\t<meta name=\"twitter:data1\" content=\"admin\" \/>\n\t<meta name=\"twitter:label2\" content=\"\u041f\u0440\u0438\u0431\u043b. \u0447\u0430\u0441 \u0447\u0438\u0442\u0430\u043d\u043d\u044f\" \/>\n\t<meta name=\"twitter:data2\" content=\"5 \u0445\u0432\u0438\u043b\u0438\u043d\" \/>\n<script type=\"application\/ld+json\" class=\"yoast-schema-graph\">{\"@context\":\"https:\/\/schema.org\",\"@graph\":[{\"@type\":\"Article\",\"@id\":\"https:\/\/denizcankizil.tr\/ru\/haberler\/gundem\/izmirin-iklim-krizi-ile-mucadelesi-gucleniyor\/#article\",\"isPartOf\":{\"@id\":\"https:\/\/denizcankizil.tr\/ru\/haberler\/gundem\/izmirin-iklim-krizi-ile-mucadelesi-gucleniyor\/\"},\"author\":{\"name\":\"admin\",\"@id\":\"https:\/\/denizcankizil.tr\/de\/#\/schema\/person\/be3c05fe6a12686905512445d8185489\"},\"headline\":\"\u0130zmir\u2019in iklim krizi ile m\u00fccadelesi g\u00fc\u00e7leniyor\",\"datePublished\":\"2025-04-09T11:42:08+00:00\",\"mainEntityOfPage\":{\"@id\":\"https:\/\/denizcankizil.tr\/ru\/haberler\/gundem\/izmirin-iklim-krizi-ile-mucadelesi-gucleniyor\/\"},\"wordCount\":1011,\"publisher\":{\"@id\":\"https:\/\/denizcankizil.tr\/de\/#organization\"},\"articleSection\":[\"G\u00fcndem\"],\"inLanguage\":\"uk\"},{\"@type\":\"WebPage\",\"@id\":\"https:\/\/denizcankizil.tr\/ru\/haberler\/gundem\/izmirin-iklim-krizi-ile-mucadelesi-gucleniyor\/\",\"url\":\"https:\/\/denizcankizil.tr\/ru\/haberler\/gundem\/izmirin-iklim-krizi-ile-mucadelesi-gucleniyor\/\",\"name\":\"\u0130zmir\u2019in iklim krizi ile m\u00fccadelesi g\u00fc\u00e7leniyor - Av. Deniz Can K\u0131z\u0131l\",\"isPartOf\":{\"@id\":\"https:\/\/denizcankizil.tr\/de\/#website\"},\"datePublished\":\"2025-04-09T11:42:08+00:00\",\"breadcrumb\":{\"@id\":\"https:\/\/denizcankizil.tr\/ru\/haberler\/gundem\/izmirin-iklim-krizi-ile-mucadelesi-gucleniyor\/#breadcrumb\"},\"inLanguage\":\"uk\",\"potentialAction\":[{\"@type\":\"ReadAction\",\"target\":[\"https:\/\/denizcankizil.tr\/ru\/haberler\/gundem\/izmirin-iklim-krizi-ile-mucadelesi-gucleniyor\/\"]}]},{\"@type\":\"BreadcrumbList\",\"@id\":\"https:\/\/denizcankizil.tr\/ru\/haberler\/gundem\/izmirin-iklim-krizi-ile-mucadelesi-gucleniyor\/#breadcrumb\",\"itemListElement\":[{\"@type\":\"ListItem\",\"position\":1,\"name\":\"Home\",\"item\":\"https:\/\/denizcankizil.tr\/de\/\"},{\"@type\":\"ListItem\",\"position\":2,\"name\":\"\u0130zmir\u2019in iklim krizi ile m\u00fccadelesi g\u00fc\u00e7leniyor\"}]},{\"@type\":\"WebSite\",\"@id\":\"https:\/\/denizcankizil.tr\/de\/#website\",\"url\":\"https:\/\/denizcankizil.tr\/de\/\",\"name\":\"Av. Deniz Can K\u0131z\u0131l\",\"description\":\"Avukat Deniz Can K\u0131z\u0131l Antalya Barosu\",\"publisher\":{\"@id\":\"https:\/\/denizcankizil.tr\/de\/#organization\"},\"potentialAction\":[{\"@type\":\"SearchAction\",\"target\":{\"@type\":\"EntryPoint\",\"urlTemplate\":\"https:\/\/denizcankizil.tr\/de\/?s={search_term_string}\"},\"query-input\":{\"@type\":\"PropertyValueSpecification\",\"valueRequired\":true,\"valueName\":\"search_term_string\"}}],\"inLanguage\":\"uk\"},{\"@type\":\"Organization\",\"@id\":\"https:\/\/denizcankizil.tr\/de\/#organization\",\"name\":\"Av. Deniz Can K\u0131z\u0131l\",\"url\":\"https:\/\/denizcankizil.tr\/de\/\",\"logo\":{\"@type\":\"ImageObject\",\"inLanguage\":\"uk\",\"@id\":\"https:\/\/denizcankizil.tr\/de\/#\/schema\/logo\/image\/\",\"url\":\"https:\/\/denizcankizil.tr\/wp-content\/uploads\/2024\/10\/siyah-logo-svg.svg\",\"contentUrl\":\"https:\/\/denizcankizil.tr\/wp-content\/uploads\/2024\/10\/siyah-logo-svg.svg\",\"width\":1080,\"height\":1080,\"caption\":\"Av. Deniz Can K\u0131z\u0131l\"},\"image\":{\"@id\":\"https:\/\/denizcankizil.tr\/de\/#\/schema\/logo\/image\/\"}},{\"@type\":\"Person\",\"@id\":\"https:\/\/denizcankizil.tr\/de\/#\/schema\/person\/be3c05fe6a12686905512445d8185489\",\"name\":\"admin\",\"image\":{\"@type\":\"ImageObject\",\"inLanguage\":\"uk\",\"@id\":\"https:\/\/denizcankizil.tr\/de\/#\/schema\/person\/image\/\",\"url\":\"https:\/\/secure.gravatar.com\/avatar\/c1fce94c830dc79107e174f890d7210541c4a63e8e5d816341794a2151c9d58c?s=96&d=mm&r=g\",\"contentUrl\":\"https:\/\/secure.gravatar.com\/avatar\/c1fce94c830dc79107e174f890d7210541c4a63e8e5d816341794a2151c9d58c?s=96&d=mm&r=g\",\"caption\":\"admin\"},\"sameAs\":[\"http:\/\/denizcankizil.tr\"],\"url\":\"https:\/\/www.iskenderun.org\/izmirin-iklim-krizi-ile-mucadelesi-gucleniyor\"}]}<\/script>\n<!-- \/ Yoast SEO Premium plugin. -->","yoast_head_json":{"title":"\u0130zmir\u2019in iklim krizi ile m\u00fccadelesi g\u00fc\u00e7leniyor - Av. Deniz Can K\u0131z\u0131l","robots":{"index":"index","follow":"follow","max-snippet":"max-snippet:-1","max-image-preview":"max-image-preview:large","max-video-preview":"max-video-preview:-1"},"canonical":"https:\/\/denizcankizil.tr\/uk\/haberler\/gundem\/izmirin-iklim-krizi-ile-mucadelesi-gucleniyor\/","og_locale":"uk_UA","og_type":"article","og_title":"\u0130zmir\u2019in iklim krizi ile m\u00fccadelesi g\u00fc\u00e7leniyor","og_description":"\u0130zmir B\u00fcy\u00fck\u015fehir Belediyesi&#8217;nin, Avrupa genelinde iklim direncini art\u0131rmay\u0131 hedefleyen CLIMAAX projesinden hibe ald\u0131\u011f\u0131 &#8220;\u0130klime Haz\u0131r \u0130zmir: Diren\u00e7lilik Stratejilerinin Geli\u015ftirilmesi (CRIZ-ERS)&#8221; \u00e7al\u0131\u015fmas\u0131 kapsam\u0131nda ilk payda\u015f toplant\u0131s\u0131 yap\u0131ld\u0131. Proje kapsam\u0131nda \u0130zmir&#8217;in iklim risk de\u011ferlendirmesi yap\u0131lacak.\u00a0\u0130ZM\u0130R (\u0130GFA) &#8211;\u00a0\u0130zmir B\u00fcy\u00fck\u015fehir Belediyesi iklim krizi ile m\u00fccadele \u00e7al\u0131\u015fmalar\u0131n\u0131 s\u00fcrd\u00fcr\u00fcyor. Avrupa Komisyonu\u2019nun iklimle m\u00fccadele konusundaki \u00e7a\u011fr\u0131s\u0131na kabul edilerek AB \u00fcyesi kentler d\u0131\u015f\u0131nda \u201cAB \u015eehirler Misyonu Etiketi\u201d unvan\u0131n\u0131 alan ilk kent olan \u0130zmir, do\u011fa dostu projelerle uluslararas\u0131 alandaki ba\u015far\u0131lar\u0131n\u0131 s\u00fcrd\u00fcr\u00fcyor. \u0130zmir B\u00fcy\u00fck\u015fehir Belediyesi\u2019nin iklim n\u00f6tr \u00e7al\u0131\u015fmalar\u0131 kapsam\u0131nda haz\u0131rlad\u0131\u011f\u0131 projeleden biri olan \u0130klime Haz\u0131r \u0130zmir: Diren\u00e7lilik Stratejilerinin Geli\u015ftirilmesi (CRIZ-ERS) Projesi \u0130klim De\u011fi\u015fikli\u011fine Uyum Misyonu kapsam\u0131nda fonlanan\u00a0 CLIMAAX projesinden 145 bin Avro hibe ald\u0131. \u0130zmir B\u00fcy\u00fck\u015fehir Belediyesi proje kapsam\u0131nda ilk payda\u015f toplant\u0131s\u0131 da d\u00fczenlendi. \u00a0 \u00a0 \u0130ZM\u0130R\u2019\u0130N \u0130KL\u0130M R\u0130SK HAR\u0130TASI OLU\u015eTURULACAK \u0130zmir\u2019de kamu kurumlar\u0131, sivil toplum \u00f6rg\u00fctleri, meslek odalar\u0131 gibi geni\u015f kat\u0131l\u0131mla y\u00fcr\u00fct\u00fclmesi hedeflenen projenin ilk payda\u015f toplant\u0131s\u0131 \u0130zmir B\u00fcy\u00fck\u015fehir Belediyesi \u00c7etin Eme\u00e7 Toplant\u0131 Salonu&#8217;nda yap\u0131ld\u0131. Toplant\u0131da, \u0130zmir\u2019in mevcut iklim tehlikeleri, gelece\u011fe y\u00f6nelik iklim senaryolar\u0131 ve proje i\u00e7in gerekli veri ihtiya\u00e7lar\u0131 ele al\u0131nd\u0131. Proje kapsam\u0131nda yap\u0131lacak mek\u00e2nsal analizler ile \u0130zmir\u2019in iklim risk haritas\u0131 olu\u015fturulacak ve mevcut diren\u00e7lilik planlar\u0131 g\u00fcncellenecek., \u00a0 B\u00dcY\u00dcK\u015eEH\u0130R \u00d6NC\u00dcL\u00dc\u011e\u00dcNDE Y\u00dcR\u00dcT\u00dcLECEK CLIMAAX projesi, \u0130zmir\u2019in iklim risklerinin analiz edilmesine, k\u0131r\u0131lgan noktalar\u0131n belirlenmesine ve bu risklerin azalt\u0131lmas\u0131na y\u00f6nelik yenilik\u00e7i \u00e7\u00f6z\u00fcmler &hellip;","og_url":"https:\/\/denizcankizil.tr\/uk\/haberler\/gundem\/izmirin-iklim-krizi-ile-mucadelesi-gucleniyor\/","og_site_name":"Av. Deniz Can K\u0131z\u0131l","article_published_time":"2025-04-09T11:42:08+00:00","author":"admin","twitter_card":"summary_large_image","twitter_misc":{"\u041d\u0430\u043f\u0438\u0441\u0430\u043d\u043e":"admin","\u041f\u0440\u0438\u0431\u043b. \u0447\u0430\u0441 \u0447\u0438\u0442\u0430\u043d\u043d\u044f":"5 \u0445\u0432\u0438\u043b\u0438\u043d"},"schema":{"@context":"https:\/\/schema.org","@graph":[{"@type":"Article","@id":"https:\/\/denizcankizil.tr\/ru\/haberler\/gundem\/izmirin-iklim-krizi-ile-mucadelesi-gucleniyor\/#article","isPartOf":{"@id":"https:\/\/denizcankizil.tr\/ru\/haberler\/gundem\/izmirin-iklim-krizi-ile-mucadelesi-gucleniyor\/"},"author":{"name":"admin","@id":"https:\/\/denizcankizil.tr\/de\/#\/schema\/person\/be3c05fe6a12686905512445d8185489"},"headline":"\u0130zmir\u2019in iklim krizi ile m\u00fccadelesi g\u00fc\u00e7leniyor","datePublished":"2025-04-09T11:42:08+00:00","mainEntityOfPage":{"@id":"https:\/\/denizcankizil.tr\/ru\/haberler\/gundem\/izmirin-iklim-krizi-ile-mucadelesi-gucleniyor\/"},"wordCount":1011,"publisher":{"@id":"https:\/\/denizcankizil.tr\/de\/#organization"},"articleSection":["G\u00fcndem"],"inLanguage":"uk"},{"@type":"WebPage","@id":"https:\/\/denizcankizil.tr\/ru\/haberler\/gundem\/izmirin-iklim-krizi-ile-mucadelesi-gucleniyor\/","url":"https:\/\/denizcankizil.tr\/ru\/haberler\/gundem\/izmirin-iklim-krizi-ile-mucadelesi-gucleniyor\/","name":"\u0130zmir\u2019in iklim krizi ile m\u00fccadelesi g\u00fc\u00e7leniyor - Av. Deniz Can K\u0131z\u0131l","isPartOf":{"@id":"https:\/\/denizcankizil.tr\/de\/#website"},"datePublished":"2025-04-09T11:42:08+00:00","breadcrumb":{"@id":"https:\/\/denizcankizil.tr\/ru\/haberler\/gundem\/izmirin-iklim-krizi-ile-mucadelesi-gucleniyor\/#breadcrumb"},"inLanguage":"uk","potentialAction":[{"@type":"ReadAction","target":["https:\/\/denizcankizil.tr\/ru\/haberler\/gundem\/izmirin-iklim-krizi-ile-mucadelesi-gucleniyor\/"]}]},{"@type":"BreadcrumbList","@id":"https:\/\/denizcankizil.tr\/ru\/haberler\/gundem\/izmirin-iklim-krizi-ile-mucadelesi-gucleniyor\/#breadcrumb","itemListElement":[{"@type":"ListItem","position":1,"name":"Home","item":"https:\/\/denizcankizil.tr\/de\/"},{"@type":"ListItem","position":2,"name":"\u0130zmir\u2019in iklim krizi ile m\u00fccadelesi g\u00fc\u00e7leniyor"}]},{"@type":"WebSite","@id":"https:\/\/denizcankizil.tr\/de\/#website","url":"https:\/\/denizcankizil.tr\/de\/","name":"Av. Deniz Can K\u0131z\u0131l","description":"Avukat Deniz Can K\u0131z\u0131l Antalya Barosu","publisher":{"@id":"https:\/\/denizcankizil.tr\/de\/#organization"},"potentialAction":[{"@type":"SearchAction","target":{"@type":"EntryPoint","urlTemplate":"https:\/\/denizcankizil.tr\/de\/?s={search_term_string}"},"query-input":{"@type":"PropertyValueSpecification","valueRequired":true,"valueName":"search_term_string"}}],"inLanguage":"uk"},{"@type":"Organization","@id":"https:\/\/denizcankizil.tr\/de\/#organization","name":"Av. Deniz Can K\u0131z\u0131l","url":"https:\/\/denizcankizil.tr\/de\/","logo":{"@type":"ImageObject","inLanguage":"uk","@id":"https:\/\/denizcankizil.tr\/de\/#\/schema\/logo\/image\/","url":"https:\/\/denizcankizil.tr\/wp-content\/uploads\/2024\/10\/siyah-logo-svg.svg","contentUrl":"https:\/\/denizcankizil.tr\/wp-content\/uploads\/2024\/10\/siyah-logo-svg.svg","width":1080,"height":1080,"caption":"Av. Deniz Can K\u0131z\u0131l"},"image":{"@id":"https:\/\/denizcankizil.tr\/de\/#\/schema\/logo\/image\/"}},{"@type":"Person","@id":"https:\/\/denizcankizil.tr\/de\/#\/schema\/person\/be3c05fe6a12686905512445d8185489","name":"\u0430\u0434\u043c\u0456\u043d","image":{"@type":"ImageObject","inLanguage":"uk","@id":"https:\/\/denizcankizil.tr\/de\/#\/schema\/person\/image\/","url":"https:\/\/secure.gravatar.com\/avatar\/c1fce94c830dc79107e174f890d7210541c4a63e8e5d816341794a2151c9d58c?s=96&d=mm&r=g","contentUrl":"https:\/\/secure.gravatar.com\/avatar\/c1fce94c830dc79107e174f890d7210541c4a63e8e5d816341794a2151c9d58c?s=96&d=mm&r=g","caption":"admin"},"sameAs":["http:\/\/denizcankizil.tr"],"url":"https:\/\/www.iskenderun.org\/izmirin-iklim-krizi-ile-mucadelesi-gucleniyor"}]}},"_links":{"self":[{"href":"https:\/\/denizcankizil.tr\/uk\/wp-json\/wp\/v2\/posts\/50475","targetHints":{"allow":["GET"]}}],"collection":[{"href":"https:\/\/denizcankizil.tr\/uk\/wp-json\/wp\/v2\/posts"}],"about":[{"href":"https:\/\/denizcankizil.tr\/uk\/wp-json\/wp\/v2\/types\/post"}],"author":[{"embeddable":true,"href":"https:\/\/denizcankizil.tr\/uk\/wp-json\/wp\/v2\/users\/1"}],"replies":[{"embeddable":true,"href":"https:\/\/denizcankizil.tr\/uk\/wp-json\/wp\/v2\/comments?post=50475"}],"version-history":[{"count":0,"href":"https:\/\/denizcankizil.tr\/uk\/wp-json\/wp\/v2\/posts\/50475\/revisions"}],"wp:attachment":[{"href":"https:\/\/denizcankizil.tr\/uk\/wp-json\/wp\/v2\/media?parent=50475"}],"wp:term":[{"taxonomy":"category","embeddable":true,"href":"https:\/\/denizcankizil.tr\/uk\/wp-json\/wp\/v2\/categories?post=50475"},{"taxonomy":"post_tag","embeddable":true,"href":"https:\/\/denizcankizil.tr\/uk\/wp-json\/wp\/v2\/tags?post=50475"}],"curies":[{"name":"wp","href":"https:\/\/api.w.org\/{rel}","templated":true}]}}