{"id":49501,"date":"2025-04-08T17:42:12","date_gmt":"2025-04-08T14:42:12","guid":{"rendered":"https:\/\/denizcankizil.tr\/uncategorized-tr\/z-kusagindan-bir-hamle-daha-protestolar-icin-ozgurluk-haritasi-kuruldu\/"},"modified":"2025-04-08T17:42:12","modified_gmt":"2025-04-08T14:42:12","slug":"z-kusagindan-bir-hamle-daha-protestolar-icin-ozgurluk-haritasi-kuruldu","status":"publish","type":"post","link":"https:\/\/denizcankizil.tr\/uk\/haberler\/gundem\/z-kusagindan-bir-hamle-daha-protestolar-icin-ozgurluk-haritasi-kuruldu\/","title":{"rendered":"Z ku\u015fa\u011f\u0131ndan bir hamle daha: Protestolar i\u00e7in &#8216;\u00d6zg\u00fcrl\u00fck Haritas\u0131&#8217; kuruldu"},"content":{"rendered":"<p>\u0130stanbul B\u00fcy\u00fck\u015fehir Belediyesi Ba\u015fkan\u0131 Ekrem \u0130mamo\u011flu&#8217;nun 23 Mart&#8217;ta tutuklanmas\u0131n\u0131n ard\u0131ndan \u00fcniversite \u00f6\u011frencilerinin \u00f6nc\u00fcl\u00fc\u011f\u00fcnde ba\u015flayan protestolar, \u00fclke genelinde b\u00fcy\u00fck yank\u0131 uyand\u0131rm\u0131\u015ft\u0131. G\u00f6zalt\u0131lar ve tutuklamalarla g\u00f6lgelense de gen\u00e7lerin sesi sokaklardan y\u00fckselmeye devam etti. Ancak bayram tatilinin 9 g\u00fcne uzat\u0131lmas\u0131, eylemlere ge\u00e7ici bir ara verilmesine neden oldu.<\/p>\n<p>&#8220;M\u00dcCADELE KALDI\u011eI YERDEN DEVAM EDECEK&#8221;<\/p>\n<p>Tatilin sona ermesiyle birlikte \u00f6\u011frenciler yeniden harekete ge\u00e7iyor. Sosyal medya \u00fczerinden \u00f6rg\u00fctlenen gen\u00e7ler, &#8220;m\u00fccadele kald\u0131\u011f\u0131 yerden devam edecek&#8221; mesaj\u0131 verdi. Eylem ve etkinliklerin koordineli \u015fekilde y\u00fcr\u00fct\u00fclmesi amac\u0131yla &#8216;\u00d6zg\u00fcrl\u00fck Haritas\u0131&#8217; ad\u0131n\u0131 verdikleri bir internet sitesi kuran \u00f6\u011frenciler, bu platform \u00fczerinden T\u00fcrkiye genelindeki protesto noktalar\u0131, saatleri ve geli\u015fmeleri payla\u015fmaya ba\u015flad\u0131.\u00a0<\/p>\n<p>BOYKOT G\u00dcNLER\u0130 \u0130\u00c7\u0130N TAKAS PAZARI KURULMU\u015e<\/p>\n<p>&#8220;Yanda\u015f\u0131 boykot et, ba\u011f\u0131ms\u0131zl\u0131\u011f\u0131, \u00f6zg\u00fcrle\u015fmeyi, vicdan\u0131, ger\u00e7e\u011fi, d\u00fcr\u00fcstl\u00fc\u011f\u00fc, umudu, gelece\u011fi, \u00f6zg\u00fcrl\u00fc\u011f\u00fc, adaleti e\u015fitli\u011fi, dayan\u0131\u015fmay\u0131, eme\u011fi ve direni\u015fi destekle&#8221; slogan\u0131yla kullan\u0131c\u0131y\u0131 kar\u015f\u0131layan &#8216;\u00d6zg\u00fcrl\u00fck Haritas\u0131&#8217; web sitesi, aktif olan protestolar\u0131 g\u00f6sterdi\u011fi gibi boykot g\u00fcnleri takas yap\u0131labilecek pazar yerlerini de g\u00f6steriyor. \u00d6\u011frenciler, 2 Nisan&#8217;daki genel boykot \u00e7a\u011fr\u0131s\u0131n\u0131n ard\u0131ndan her hafta \u00e7ar\u015famba g\u00fcn\u00fc genel boykot yaparak hi\u00e7bir \u015fey sat\u0131n almayacaklar\u0131n\u0131 di\u011fer g\u00fcnlerde de sadece zaruri ihtiya\u00e7lar\u0131n\u0131 alacaklar\u0131n\u0131 duyurmu\u015ftu.\u00a0<\/p>\n<p>HAR\u0130TADA 10 PROTESTO VE 2 BOYKOT EYLEM\u0130 G\u00d6Z\u00dcK\u00dcYOR\u00a0<\/p>\n<p>G\u00fcncelde &#8216;\u00d6zg\u00fcrl\u00fck Haritas\u0131&#8217;nda aktif olarak 10 protesto, 2 tane ise boykot eylemi g\u00f6z\u00fck\u00fcyor. Protestolar; \u0130stanbul, Ankara, \u0130zmir, Bursa ve Antalya&#8217;da; Boykot \u00e7a\u011fr\u0131lar\u0131 ise Sakarya ve \u0130zmir&#8217;de g\u00f6z\u00fck\u00fcyor.\u00a0 Tutuklu bulunan Ekrem \u0130mamo\u011flu, gen\u00e7lerin bu s\u00fcrece \u00f6nc\u00fcl\u00fck etmesini, &#8220;Gelece\u011fimiz umut verici&#8221; s\u00f6zleriyle de\u011ferlendirmi\u015f, &#8220;\u00d6zg\u00fcrl\u00fck taleplerini duyuyorum&#8221; mesaj\u0131 payla\u015fm\u0131\u015ft\u0131.\u00a0<\/p>\n<p>\u200b\u0130BB Ba\u015fkan\u0131 Ekrem \u0130mamo\u011flu&#8217;nun tutuklanmas\u0131n\u0131n ard\u0131ndan ba\u015flayan \u00f6\u011frenci protestolar\u0131, bayram tatilinin 9 g\u00fcne uzat\u0131lmas\u0131yla k\u0131sa s\u00fcreli\u011fine duraklam\u0131\u015ft\u0131. Tatilin bitmesiyle birlikte \u00f6\u011frenciler yeniden eylemlere ba\u015flayacaklar\u0131n\u0131 duyurdu. T\u00fcrkiye genelindeki eylemleri takip edebilmek i\u00e7in &#8216;\u00d6zg\u00fcrl\u00fck Haritas\u0131&#8217; adl\u0131 bir internet sitesi kuruldu.\u00a0<\/p>\n<p>\u200bHaberin Al\u0131nt\u0131land\u0131\u011f\u0131 Kaynak: www.antalyakorfez.com<\/p>","protected":false},"excerpt":{"rendered":"<p>\u0130stanbul B\u00fcy\u00fck\u015fehir Belediyesi Ba\u015fkan\u0131 Ekrem \u0130mamo\u011flu&#8217;nun 23 Mart&#8217;ta tutuklanmas\u0131n\u0131n ard\u0131ndan \u00fcniversite \u00f6\u011frencilerinin \u00f6nc\u00fcl\u00fc\u011f\u00fcnde ba\u015flayan protestolar, \u00fclke genelinde b\u00fcy\u00fck yank\u0131 uyand\u0131rm\u0131\u015ft\u0131. G\u00f6zalt\u0131lar ve tutuklamalarla g\u00f6lgelense de gen\u00e7lerin sesi sokaklardan y\u00fckselmeye devam etti. Ancak bayram tatilinin 9 g\u00fcne uzat\u0131lmas\u0131, eylemlere ge\u00e7ici bir ara verilmesine neden oldu. &#8220;M\u00dcCADELE KALDI\u011eI YERDEN DEVAM EDECEK&#8221; Tatilin sona ermesiyle birlikte \u00f6\u011frenciler yeniden harekete ge\u00e7iyor. Sosyal medya \u00fczerinden \u00f6rg\u00fctlenen gen\u00e7ler, &#8220;m\u00fccadele kald\u0131\u011f\u0131 yerden devam edecek&#8221; mesaj\u0131 verdi. Eylem ve etkinliklerin koordineli \u015fekilde y\u00fcr\u00fct\u00fclmesi amac\u0131yla &#8216;\u00d6zg\u00fcrl\u00fck Haritas\u0131&#8217; ad\u0131n\u0131 verdikleri bir internet sitesi kuran \u00f6\u011frenciler, bu platform \u00fczerinden T\u00fcrkiye genelindeki protesto noktalar\u0131, saatleri ve geli\u015fmeleri payla\u015fmaya ba\u015flad\u0131.\u00a0 BOYKOT G\u00dcNLER\u0130 \u0130\u00c7\u0130N TAKAS PAZARI KURULMU\u015e &#8220;Yanda\u015f\u0131 boykot et, ba\u011f\u0131ms\u0131zl\u0131\u011f\u0131, \u00f6zg\u00fcrle\u015fmeyi, vicdan\u0131, ger\u00e7e\u011fi, d\u00fcr\u00fcstl\u00fc\u011f\u00fc, umudu, gelece\u011fi, \u00f6zg\u00fcrl\u00fc\u011f\u00fc, adaleti e\u015fitli\u011fi, dayan\u0131\u015fmay\u0131, eme\u011fi ve direni\u015fi destekle&#8221; slogan\u0131yla kullan\u0131c\u0131y\u0131 kar\u015f\u0131layan &#8216;\u00d6zg\u00fcrl\u00fck Haritas\u0131&#8217; web sitesi, aktif olan protestolar\u0131 g\u00f6sterdi\u011fi gibi boykot g\u00fcnleri takas yap\u0131labilecek pazar yerlerini de g\u00f6steriyor. \u00d6\u011frenciler, 2 Nisan&#8217;daki genel boykot \u00e7a\u011fr\u0131s\u0131n\u0131n ard\u0131ndan her hafta \u00e7ar\u015famba g\u00fcn\u00fc genel boykot yaparak hi\u00e7bir \u015fey sat\u0131n almayacaklar\u0131n\u0131 di\u011fer g\u00fcnlerde de sadece zaruri ihtiya\u00e7lar\u0131n\u0131 alacaklar\u0131n\u0131 duyurmu\u015ftu.\u00a0 HAR\u0130TADA 10 PROTESTO VE 2 BOYKOT EYLEM\u0130 G\u00d6Z\u00dcK\u00dcYOR\u00a0 G\u00fcncelde &#8216;\u00d6zg\u00fcrl\u00fck Haritas\u0131&#8217;nda aktif olarak 10 protesto, 2 tane ise boykot eylemi g\u00f6z\u00fck\u00fcyor. Protestolar; \u0130stanbul, Ankara, \u0130zmir, Bursa ve Antalya&#8217;da; Boykot \u00e7a\u011fr\u0131lar\u0131 ise Sakarya ve &hellip;<\/p>","protected":false},"author":5,"featured_media":0,"comment_status":"","ping_status":"open","sticky":false,"template":"","format":"standard","meta":{"_acf_changed":false,"footnotes":""},"categories":[24],"tags":[],"class_list":["post-49501","post","type-post","status-publish","format-standard","has-post-thumbnail","hentry","category-gundem"],"acf":[],"yoast_head":"<!-- This site is optimized with the Yoast SEO Premium plugin v26.6 (Yoast SEO v27.1.1) - https:\/\/yoast.com\/product\/yoast-seo-premium-wordpress\/ -->\n<title>Z ku\u015fa\u011f\u0131ndan bir hamle daha: Protestolar i\u00e7in &#039;\u00d6zg\u00fcrl\u00fck Haritas\u0131&#039; kuruldu - Av. Deniz Can K\u0131z\u0131l<\/title>\n<meta name=\"robots\" content=\"index, follow, max-snippet:-1, max-image-preview:large, max-video-preview:-1\" \/>\n<link rel=\"canonical\" href=\"https:\/\/denizcankizil.tr\/uk\/haberler\/gundem\/z-kusagindan-bir-hamle-daha-protestolar-icin-ozgurluk-haritasi-kuruldu\/\" \/>\n<meta property=\"og:locale\" content=\"uk_UA\" \/>\n<meta property=\"og:type\" content=\"article\" \/>\n<meta property=\"og:title\" content=\"Z ku\u015fa\u011f\u0131ndan bir hamle daha: Protestolar i\u00e7in &#039;\u00d6zg\u00fcrl\u00fck Haritas\u0131&#039; kuruldu\" \/>\n<meta property=\"og:description\" content=\"\u0130stanbul B\u00fcy\u00fck\u015fehir Belediyesi Ba\u015fkan\u0131 Ekrem \u0130mamo\u011flu&#8217;nun 23 Mart&#8217;ta tutuklanmas\u0131n\u0131n ard\u0131ndan \u00fcniversite \u00f6\u011frencilerinin \u00f6nc\u00fcl\u00fc\u011f\u00fcnde ba\u015flayan protestolar, \u00fclke genelinde b\u00fcy\u00fck yank\u0131 uyand\u0131rm\u0131\u015ft\u0131. G\u00f6zalt\u0131lar ve tutuklamalarla g\u00f6lgelense de gen\u00e7lerin sesi sokaklardan y\u00fckselmeye devam etti. Ancak bayram tatilinin 9 g\u00fcne uzat\u0131lmas\u0131, eylemlere ge\u00e7ici bir ara verilmesine neden oldu. &#8220;M\u00dcCADELE KALDI\u011eI YERDEN DEVAM EDECEK&#8221; Tatilin sona ermesiyle birlikte \u00f6\u011frenciler yeniden harekete ge\u00e7iyor. Sosyal medya \u00fczerinden \u00f6rg\u00fctlenen gen\u00e7ler, &#8220;m\u00fccadele kald\u0131\u011f\u0131 yerden devam edecek&#8221; mesaj\u0131 verdi. Eylem ve etkinliklerin koordineli \u015fekilde y\u00fcr\u00fct\u00fclmesi amac\u0131yla &#8216;\u00d6zg\u00fcrl\u00fck Haritas\u0131&#8217; ad\u0131n\u0131 verdikleri bir internet sitesi kuran \u00f6\u011frenciler, bu platform \u00fczerinden T\u00fcrkiye genelindeki protesto noktalar\u0131, saatleri ve geli\u015fmeleri payla\u015fmaya ba\u015flad\u0131.\u00a0 BOYKOT G\u00dcNLER\u0130 \u0130\u00c7\u0130N TAKAS PAZARI KURULMU\u015e &#8220;Yanda\u015f\u0131 boykot et, ba\u011f\u0131ms\u0131zl\u0131\u011f\u0131, \u00f6zg\u00fcrle\u015fmeyi, vicdan\u0131, ger\u00e7e\u011fi, d\u00fcr\u00fcstl\u00fc\u011f\u00fc, umudu, gelece\u011fi, \u00f6zg\u00fcrl\u00fc\u011f\u00fc, adaleti e\u015fitli\u011fi, dayan\u0131\u015fmay\u0131, eme\u011fi ve direni\u015fi destekle&#8221; slogan\u0131yla kullan\u0131c\u0131y\u0131 kar\u015f\u0131layan &#8216;\u00d6zg\u00fcrl\u00fck Haritas\u0131&#8217; web sitesi, aktif olan protestolar\u0131 g\u00f6sterdi\u011fi gibi boykot g\u00fcnleri takas yap\u0131labilecek pazar yerlerini de g\u00f6steriyor. \u00d6\u011frenciler, 2 Nisan&#8217;daki genel boykot \u00e7a\u011fr\u0131s\u0131n\u0131n ard\u0131ndan her hafta \u00e7ar\u015famba g\u00fcn\u00fc genel boykot yaparak hi\u00e7bir \u015fey sat\u0131n almayacaklar\u0131n\u0131 di\u011fer g\u00fcnlerde de sadece zaruri ihtiya\u00e7lar\u0131n\u0131 alacaklar\u0131n\u0131 duyurmu\u015ftu.\u00a0 HAR\u0130TADA 10 PROTESTO VE 2 BOYKOT EYLEM\u0130 G\u00d6Z\u00dcK\u00dcYOR\u00a0 G\u00fcncelde &#8216;\u00d6zg\u00fcrl\u00fck Haritas\u0131&#8217;nda aktif olarak 10 protesto, 2 tane ise boykot eylemi g\u00f6z\u00fck\u00fcyor. Protestolar; \u0130stanbul, Ankara, \u0130zmir, Bursa ve Antalya&#8217;da; Boykot \u00e7a\u011fr\u0131lar\u0131 ise Sakarya ve &hellip;\" \/>\n<meta property=\"og:url\" content=\"https:\/\/denizcankizil.tr\/uk\/haberler\/gundem\/z-kusagindan-bir-hamle-daha-protestolar-icin-ozgurluk-haritasi-kuruldu\/\" \/>\n<meta property=\"og:site_name\" content=\"Av. Deniz Can K\u0131z\u0131l\" \/>\n<meta property=\"article:published_time\" content=\"2025-04-08T14:42:12+00:00\" \/>\n<meta name=\"author\" content=\"Antalya K\u00f6rfez\" \/>\n<meta name=\"twitter:card\" content=\"summary_large_image\" \/>\n<meta name=\"twitter:label1\" content=\"\u041d\u0430\u043f\u0438\u0441\u0430\u043d\u043e\" \/>\n\t<meta name=\"twitter:data1\" content=\"Antalya K\u00f6rfez\" \/>\n\t<meta name=\"twitter:label2\" content=\"\u041f\u0440\u0438\u0431\u043b. \u0447\u0430\u0441 \u0447\u0438\u0442\u0430\u043d\u043d\u044f\" \/>\n\t<meta name=\"twitter:data2\" content=\"2 \u0445\u0432\u0438\u043b\u0438\u043d\u0438\" \/>\n<script type=\"application\/ld+json\" class=\"yoast-schema-graph\">{\"@context\":\"https:\/\/schema.org\",\"@graph\":[{\"@type\":\"Article\",\"@id\":\"https:\/\/denizcankizil.tr\/uk\/haberler\/gundem\/z-kusagindan-bir-hamle-daha-protestolar-icin-ozgurluk-haritasi-kuruldu\/#article\",\"isPartOf\":{\"@id\":\"https:\/\/denizcankizil.tr\/uk\/haberler\/gundem\/z-kusagindan-bir-hamle-daha-protestolar-icin-ozgurluk-haritasi-kuruldu\/\"},\"author\":{\"name\":\"Antalya K\u00f6rfez\",\"@id\":\"https:\/\/denizcankizil.tr\/#\/schema\/person\/e1eb71bb4dd684d46563f0af307e1234\"},\"headline\":\"Z ku\u015fa\u011f\u0131ndan bir hamle daha: Protestolar i\u00e7in &#8216;\u00d6zg\u00fcrl\u00fck Haritas\u0131&#8217; kuruldu\",\"datePublished\":\"2025-04-08T14:42:12+00:00\",\"mainEntityOfPage\":{\"@id\":\"https:\/\/denizcankizil.tr\/uk\/haberler\/gundem\/z-kusagindan-bir-hamle-daha-protestolar-icin-ozgurluk-haritasi-kuruldu\/\"},\"wordCount\":410,\"publisher\":{\"@id\":\"https:\/\/denizcankizil.tr\/#organization\"},\"articleSection\":[\"G\u00fcndem\"],\"inLanguage\":\"uk\"},{\"@type\":\"WebPage\",\"@id\":\"https:\/\/denizcankizil.tr\/uk\/haberler\/gundem\/z-kusagindan-bir-hamle-daha-protestolar-icin-ozgurluk-haritasi-kuruldu\/\",\"url\":\"https:\/\/denizcankizil.tr\/uk\/haberler\/gundem\/z-kusagindan-bir-hamle-daha-protestolar-icin-ozgurluk-haritasi-kuruldu\/\",\"name\":\"Z ku\u015fa\u011f\u0131ndan bir hamle daha: Protestolar i\u00e7in '\u00d6zg\u00fcrl\u00fck Haritas\u0131' kuruldu - Av. Deniz Can K\u0131z\u0131l\",\"isPartOf\":{\"@id\":\"https:\/\/denizcankizil.tr\/#website\"},\"datePublished\":\"2025-04-08T14:42:12+00:00\",\"breadcrumb\":{\"@id\":\"https:\/\/denizcankizil.tr\/uk\/haberler\/gundem\/z-kusagindan-bir-hamle-daha-protestolar-icin-ozgurluk-haritasi-kuruldu\/#breadcrumb\"},\"inLanguage\":\"uk\",\"potentialAction\":[{\"@type\":\"ReadAction\",\"target\":[\"https:\/\/denizcankizil.tr\/uk\/haberler\/gundem\/z-kusagindan-bir-hamle-daha-protestolar-icin-ozgurluk-haritasi-kuruldu\/\"]}]},{\"@type\":\"BreadcrumbList\",\"@id\":\"https:\/\/denizcankizil.tr\/uk\/haberler\/gundem\/z-kusagindan-bir-hamle-daha-protestolar-icin-ozgurluk-haritasi-kuruldu\/#breadcrumb\",\"itemListElement\":[{\"@type\":\"ListItem\",\"position\":1,\"name\":\"Home\",\"item\":\"https:\/\/denizcankizil.tr\/de\/\"},{\"@type\":\"ListItem\",\"position\":2,\"name\":\"Z ku\u015fa\u011f\u0131ndan bir hamle daha: Protestolar i\u00e7in &#8216;\u00d6zg\u00fcrl\u00fck Haritas\u0131&#8217; kuruldu\"}]},{\"@type\":\"WebSite\",\"@id\":\"https:\/\/denizcankizil.tr\/#website\",\"url\":\"https:\/\/denizcankizil.tr\/\",\"name\":\"Av. Deniz Can K\u0131z\u0131l\",\"description\":\"Avukat Deniz Can K\u0131z\u0131l Antalya Barosu\",\"publisher\":{\"@id\":\"https:\/\/denizcankizil.tr\/#organization\"},\"potentialAction\":[{\"@type\":\"SearchAction\",\"target\":{\"@type\":\"EntryPoint\",\"urlTemplate\":\"https:\/\/denizcankizil.tr\/?s={search_term_string}\"},\"query-input\":{\"@type\":\"PropertyValueSpecification\",\"valueRequired\":true,\"valueName\":\"search_term_string\"}}],\"inLanguage\":\"uk\"},{\"@type\":\"Organization\",\"@id\":\"https:\/\/denizcankizil.tr\/#organization\",\"name\":\"Av. Deniz Can K\u0131z\u0131l\",\"url\":\"https:\/\/denizcankizil.tr\/\",\"logo\":{\"@type\":\"ImageObject\",\"inLanguage\":\"uk\",\"@id\":\"https:\/\/denizcankizil.tr\/#\/schema\/logo\/image\/\",\"url\":\"https:\/\/denizcankizil.tr\/wp-content\/uploads\/2024\/10\/siyah-logo-svg.svg\",\"contentUrl\":\"https:\/\/denizcankizil.tr\/wp-content\/uploads\/2024\/10\/siyah-logo-svg.svg\",\"width\":1080,\"height\":1080,\"caption\":\"Av. Deniz Can K\u0131z\u0131l\"},\"image\":{\"@id\":\"https:\/\/denizcankizil.tr\/#\/schema\/logo\/image\/\"}},{\"@type\":\"Person\",\"@id\":\"https:\/\/denizcankizil.tr\/#\/schema\/person\/e1eb71bb4dd684d46563f0af307e1234\",\"name\":\"Antalya K\u00f6rfez\",\"image\":{\"@type\":\"ImageObject\",\"inLanguage\":\"uk\",\"@id\":\"https:\/\/denizcankizil.tr\/#\/schema\/person\/image\/\",\"url\":\"https:\/\/secure.gravatar.com\/avatar\/42b01982558a48a0b501fdcab6a408d3717ea5919095ee2e67b0e521799c5905?s=96&d=mm&r=g\",\"contentUrl\":\"https:\/\/secure.gravatar.com\/avatar\/42b01982558a48a0b501fdcab6a408d3717ea5919095ee2e67b0e521799c5905?s=96&d=mm&r=g\",\"caption\":\"Antalya K\u00f6rfez\"},\"sameAs\":[\"http:\/\/www.antalyakorfez.com\"],\"url\":\"https:\/\/www.antalyakorfez.com\/z-kusagindan-bir-hamle-daha-protestolar-icin-ozgurluk-haritasi-kuruldu\"}]}<\/script>\n<!-- \/ Yoast SEO Premium plugin. -->","yoast_head_json":{"title":"Z ku\u015fa\u011f\u0131ndan bir hamle daha: Protestolar i\u00e7in '\u00d6zg\u00fcrl\u00fck Haritas\u0131' kuruldu - Av. Deniz Can K\u0131z\u0131l","robots":{"index":"index","follow":"follow","max-snippet":"max-snippet:-1","max-image-preview":"max-image-preview:large","max-video-preview":"max-video-preview:-1"},"canonical":"https:\/\/denizcankizil.tr\/uk\/haberler\/gundem\/z-kusagindan-bir-hamle-daha-protestolar-icin-ozgurluk-haritasi-kuruldu\/","og_locale":"uk_UA","og_type":"article","og_title":"Z ku\u015fa\u011f\u0131ndan bir hamle daha: Protestolar i\u00e7in '\u00d6zg\u00fcrl\u00fck Haritas\u0131' kuruldu","og_description":"\u0130stanbul B\u00fcy\u00fck\u015fehir Belediyesi Ba\u015fkan\u0131 Ekrem \u0130mamo\u011flu&#8217;nun 23 Mart&#8217;ta tutuklanmas\u0131n\u0131n ard\u0131ndan \u00fcniversite \u00f6\u011frencilerinin \u00f6nc\u00fcl\u00fc\u011f\u00fcnde ba\u015flayan protestolar, \u00fclke genelinde b\u00fcy\u00fck yank\u0131 uyand\u0131rm\u0131\u015ft\u0131. G\u00f6zalt\u0131lar ve tutuklamalarla g\u00f6lgelense de gen\u00e7lerin sesi sokaklardan y\u00fckselmeye devam etti. Ancak bayram tatilinin 9 g\u00fcne uzat\u0131lmas\u0131, eylemlere ge\u00e7ici bir ara verilmesine neden oldu. &#8220;M\u00dcCADELE KALDI\u011eI YERDEN DEVAM EDECEK&#8221; Tatilin sona ermesiyle birlikte \u00f6\u011frenciler yeniden harekete ge\u00e7iyor. Sosyal medya \u00fczerinden \u00f6rg\u00fctlenen gen\u00e7ler, &#8220;m\u00fccadele kald\u0131\u011f\u0131 yerden devam edecek&#8221; mesaj\u0131 verdi. Eylem ve etkinliklerin koordineli \u015fekilde y\u00fcr\u00fct\u00fclmesi amac\u0131yla &#8216;\u00d6zg\u00fcrl\u00fck Haritas\u0131&#8217; ad\u0131n\u0131 verdikleri bir internet sitesi kuran \u00f6\u011frenciler, bu platform \u00fczerinden T\u00fcrkiye genelindeki protesto noktalar\u0131, saatleri ve geli\u015fmeleri payla\u015fmaya ba\u015flad\u0131.\u00a0 BOYKOT G\u00dcNLER\u0130 \u0130\u00c7\u0130N TAKAS PAZARI KURULMU\u015e &#8220;Yanda\u015f\u0131 boykot et, ba\u011f\u0131ms\u0131zl\u0131\u011f\u0131, \u00f6zg\u00fcrle\u015fmeyi, vicdan\u0131, ger\u00e7e\u011fi, d\u00fcr\u00fcstl\u00fc\u011f\u00fc, umudu, gelece\u011fi, \u00f6zg\u00fcrl\u00fc\u011f\u00fc, adaleti e\u015fitli\u011fi, dayan\u0131\u015fmay\u0131, eme\u011fi ve direni\u015fi destekle&#8221; slogan\u0131yla kullan\u0131c\u0131y\u0131 kar\u015f\u0131layan &#8216;\u00d6zg\u00fcrl\u00fck Haritas\u0131&#8217; web sitesi, aktif olan protestolar\u0131 g\u00f6sterdi\u011fi gibi boykot g\u00fcnleri takas yap\u0131labilecek pazar yerlerini de g\u00f6steriyor. \u00d6\u011frenciler, 2 Nisan&#8217;daki genel boykot \u00e7a\u011fr\u0131s\u0131n\u0131n ard\u0131ndan her hafta \u00e7ar\u015famba g\u00fcn\u00fc genel boykot yaparak hi\u00e7bir \u015fey sat\u0131n almayacaklar\u0131n\u0131 di\u011fer g\u00fcnlerde de sadece zaruri ihtiya\u00e7lar\u0131n\u0131 alacaklar\u0131n\u0131 duyurmu\u015ftu.\u00a0 HAR\u0130TADA 10 PROTESTO VE 2 BOYKOT EYLEM\u0130 G\u00d6Z\u00dcK\u00dcYOR\u00a0 G\u00fcncelde &#8216;\u00d6zg\u00fcrl\u00fck Haritas\u0131&#8217;nda aktif olarak 10 protesto, 2 tane ise boykot eylemi g\u00f6z\u00fck\u00fcyor. Protestolar; \u0130stanbul, Ankara, \u0130zmir, Bursa ve Antalya&#8217;da; Boykot \u00e7a\u011fr\u0131lar\u0131 ise Sakarya ve &hellip;","og_url":"https:\/\/denizcankizil.tr\/uk\/haberler\/gundem\/z-kusagindan-bir-hamle-daha-protestolar-icin-ozgurluk-haritasi-kuruldu\/","og_site_name":"Av. Deniz Can K\u0131z\u0131l","article_published_time":"2025-04-08T14:42:12+00:00","author":"Antalya K\u00f6rfez","twitter_card":"summary_large_image","twitter_misc":{"\u041d\u0430\u043f\u0438\u0441\u0430\u043d\u043e":"Antalya K\u00f6rfez","\u041f\u0440\u0438\u0431\u043b. \u0447\u0430\u0441 \u0447\u0438\u0442\u0430\u043d\u043d\u044f":"2 \u0445\u0432\u0438\u043b\u0438\u043d\u0438"},"schema":{"@context":"https:\/\/schema.org","@graph":[{"@type":"Article","@id":"https:\/\/denizcankizil.tr\/uk\/haberler\/gundem\/z-kusagindan-bir-hamle-daha-protestolar-icin-ozgurluk-haritasi-kuruldu\/#article","isPartOf":{"@id":"https:\/\/denizcankizil.tr\/uk\/haberler\/gundem\/z-kusagindan-bir-hamle-daha-protestolar-icin-ozgurluk-haritasi-kuruldu\/"},"author":{"name":"Antalya K\u00f6rfez","@id":"https:\/\/denizcankizil.tr\/#\/schema\/person\/e1eb71bb4dd684d46563f0af307e1234"},"headline":"Z ku\u015fa\u011f\u0131ndan bir hamle daha: Protestolar i\u00e7in &#8216;\u00d6zg\u00fcrl\u00fck Haritas\u0131&#8217; kuruldu","datePublished":"2025-04-08T14:42:12+00:00","mainEntityOfPage":{"@id":"https:\/\/denizcankizil.tr\/uk\/haberler\/gundem\/z-kusagindan-bir-hamle-daha-protestolar-icin-ozgurluk-haritasi-kuruldu\/"},"wordCount":410,"publisher":{"@id":"https:\/\/denizcankizil.tr\/#organization"},"articleSection":["G\u00fcndem"],"inLanguage":"uk"},{"@type":"WebPage","@id":"https:\/\/denizcankizil.tr\/uk\/haberler\/gundem\/z-kusagindan-bir-hamle-daha-protestolar-icin-ozgurluk-haritasi-kuruldu\/","url":"https:\/\/denizcankizil.tr\/uk\/haberler\/gundem\/z-kusagindan-bir-hamle-daha-protestolar-icin-ozgurluk-haritasi-kuruldu\/","name":"Z ku\u015fa\u011f\u0131ndan bir hamle daha: Protestolar i\u00e7in '\u00d6zg\u00fcrl\u00fck Haritas\u0131' kuruldu - Av. Deniz Can K\u0131z\u0131l","isPartOf":{"@id":"https:\/\/denizcankizil.tr\/#website"},"datePublished":"2025-04-08T14:42:12+00:00","breadcrumb":{"@id":"https:\/\/denizcankizil.tr\/uk\/haberler\/gundem\/z-kusagindan-bir-hamle-daha-protestolar-icin-ozgurluk-haritasi-kuruldu\/#breadcrumb"},"inLanguage":"uk","potentialAction":[{"@type":"ReadAction","target":["https:\/\/denizcankizil.tr\/uk\/haberler\/gundem\/z-kusagindan-bir-hamle-daha-protestolar-icin-ozgurluk-haritasi-kuruldu\/"]}]},{"@type":"BreadcrumbList","@id":"https:\/\/denizcankizil.tr\/uk\/haberler\/gundem\/z-kusagindan-bir-hamle-daha-protestolar-icin-ozgurluk-haritasi-kuruldu\/#breadcrumb","itemListElement":[{"@type":"ListItem","position":1,"name":"Home","item":"https:\/\/denizcankizil.tr\/de\/"},{"@type":"ListItem","position":2,"name":"Z ku\u015fa\u011f\u0131ndan bir hamle daha: Protestolar i\u00e7in &#8216;\u00d6zg\u00fcrl\u00fck Haritas\u0131&#8217; kuruldu"}]},{"@type":"WebSite","@id":"https:\/\/denizcankizil.tr\/#website","url":"https:\/\/denizcankizil.tr\/","name":"Av. Deniz Can K\u0131z\u0131l","description":"Avukat Deniz Can K\u0131z\u0131l Antalya Barosu","publisher":{"@id":"https:\/\/denizcankizil.tr\/#organization"},"potentialAction":[{"@type":"SearchAction","target":{"@type":"EntryPoint","urlTemplate":"https:\/\/denizcankizil.tr\/?s={search_term_string}"},"query-input":{"@type":"PropertyValueSpecification","valueRequired":true,"valueName":"search_term_string"}}],"inLanguage":"uk"},{"@type":"Organization","@id":"https:\/\/denizcankizil.tr\/#organization","name":"Av. Deniz Can K\u0131z\u0131l","url":"https:\/\/denizcankizil.tr\/","logo":{"@type":"ImageObject","inLanguage":"uk","@id":"https:\/\/denizcankizil.tr\/#\/schema\/logo\/image\/","url":"https:\/\/denizcankizil.tr\/wp-content\/uploads\/2024\/10\/siyah-logo-svg.svg","contentUrl":"https:\/\/denizcankizil.tr\/wp-content\/uploads\/2024\/10\/siyah-logo-svg.svg","width":1080,"height":1080,"caption":"Av. Deniz Can K\u0131z\u0131l"},"image":{"@id":"https:\/\/denizcankizil.tr\/#\/schema\/logo\/image\/"}},{"@type":"Person","@id":"https:\/\/denizcankizil.tr\/#\/schema\/person\/e1eb71bb4dd684d46563f0af307e1234","name":"Antalya K\u00f6rfez","image":{"@type":"ImageObject","inLanguage":"uk","@id":"https:\/\/denizcankizil.tr\/#\/schema\/person\/image\/","url":"https:\/\/secure.gravatar.com\/avatar\/42b01982558a48a0b501fdcab6a408d3717ea5919095ee2e67b0e521799c5905?s=96&d=mm&r=g","contentUrl":"https:\/\/secure.gravatar.com\/avatar\/42b01982558a48a0b501fdcab6a408d3717ea5919095ee2e67b0e521799c5905?s=96&d=mm&r=g","caption":"Antalya K\u00f6rfez"},"sameAs":["http:\/\/www.antalyakorfez.com"],"url":"https:\/\/www.antalyakorfez.com\/z-kusagindan-bir-hamle-daha-protestolar-icin-ozgurluk-haritasi-kuruldu"}]}},"_links":{"self":[{"href":"https:\/\/denizcankizil.tr\/uk\/wp-json\/wp\/v2\/posts\/49501","targetHints":{"allow":["GET"]}}],"collection":[{"href":"https:\/\/denizcankizil.tr\/uk\/wp-json\/wp\/v2\/posts"}],"about":[{"href":"https:\/\/denizcankizil.tr\/uk\/wp-json\/wp\/v2\/types\/post"}],"author":[{"embeddable":true,"href":"https:\/\/denizcankizil.tr\/uk\/wp-json\/wp\/v2\/users\/5"}],"replies":[{"embeddable":true,"href":"https:\/\/denizcankizil.tr\/uk\/wp-json\/wp\/v2\/comments?post=49501"}],"version-history":[{"count":0,"href":"https:\/\/denizcankizil.tr\/uk\/wp-json\/wp\/v2\/posts\/49501\/revisions"}],"wp:attachment":[{"href":"https:\/\/denizcankizil.tr\/uk\/wp-json\/wp\/v2\/media?parent=49501"}],"wp:term":[{"taxonomy":"category","embeddable":true,"href":"https:\/\/denizcankizil.tr\/uk\/wp-json\/wp\/v2\/categories?post=49501"},{"taxonomy":"post_tag","embeddable":true,"href":"https:\/\/denizcankizil.tr\/uk\/wp-json\/wp\/v2\/tags?post=49501"}],"curies":[{"name":"wp","href":"https:\/\/api.w.org\/{rel}","templated":true}]}}