{"id":49500,"date":"2025-04-08T17:42:11","date_gmt":"2025-04-08T14:42:11","guid":{"rendered":"https:\/\/denizcankizil.tr\/uncategorized-tr\/umit-ozdag-hakkinda-istenen-ceza-belli-oldu-77-gundur-tutukluydu\/"},"modified":"2025-04-08T17:42:11","modified_gmt":"2025-04-08T14:42:11","slug":"umit-ozdag-hakkinda-istenen-ceza-belli-oldu-77-gundur-tutukluydu","status":"publish","type":"post","link":"https:\/\/denizcankizil.tr\/uk\/haberler\/gundem\/umit-ozdag-hakkinda-istenen-ceza-belli-oldu-77-gundur-tutukluydu\/","title":{"rendered":"\u00dcmit \u00d6zda\u011f hakk\u0131nda istenen ceza belli oldu: 77 g\u00fcnd\u00fcr tutukluydu"},"content":{"rendered":"<p>Zafer Partisi Genel Ba\u015fkan\u0131 \u00dcmit \u00d6zda\u011f hakk\u0131ndaki iddianame tamamland\u0131. \u00d6zda\u011f hakk\u0131nda \u201czincirleme \u015fekilde bas\u0131n yoluyla halk\u0131 kin, d\u00fc\u015fmanl\u0131\u011fa tahrik\u201d su\u00e7lamas\u0131yla 7 y\u0131l 10 aya kadar hapis cezas\u0131 talep edildi.<\/p>\n<p>\u00dcM\u0130T \u00d6ZDA\u011e HAKKINDA \u0130STENEN CEZA BELL\u0130 OLDU\u00a0<\/p>\n<p>Silivri Cezaevi&#8217;nde tutuklu bulunan Zafer Partisi Genel Ba\u015fkan\u0131 \u00dcmit \u00d6zda\u011f hakk\u0131ndaki iddianame 77 g\u00fcn sonra tamamland\u0131. HaberT\u00fcrk&#8217;ten Ceylan Sever&#8217;in haberine g\u00f6re \u00dcmit \u00d6zda\u011f hakk\u0131nda \u201czincirleme \u015fekilde bas\u0131n yoluyla halk\u0131 kin, d\u00fc\u015fmanl\u0131\u011fa tahrik\u201d su\u00e7lamas\u0131yla 1 y\u0131l 10 aydan 7 y\u0131l 10 ay 15 g\u00fcne kadar hapis cezas\u0131 istendi. Ankara&#8217;da g\u00f6zalt\u0131na al\u0131nan \u00dcmit \u00d6zda\u011f, 77 g\u00fcnd\u00fcr cezaevinde tutuklu bulunuyor.<\/p>\n<p>\u200bSon dakika haberi! Zafer Partisi Genel Ba\u015fkan\u0131 \u00dcmit \u00d6zda\u011f hakk\u0131nda istenen ceza belli oldu. 77 g\u00fcnd\u00fcr cezaevinde tutuklu olan \u00d6zda\u011f hakk\u0131nda 7 y\u0131l 10 aya kadar hapis cezas\u0131 talep edildi. \u0130\u015fte ayr\u0131nt\u0131lar&#8230;\u00a0<\/p>\n<p>\u200bHaberin Al\u0131nt\u0131land\u0131\u011f\u0131 Kaynak: www.antalyakorfez.com<\/p>","protected":false},"excerpt":{"rendered":"<p>Zafer Partisi Genel Ba\u015fkan\u0131 \u00dcmit \u00d6zda\u011f hakk\u0131ndaki iddianame tamamland\u0131. \u00d6zda\u011f hakk\u0131nda \u201czincirleme \u015fekilde bas\u0131n yoluyla halk\u0131 kin, d\u00fc\u015fmanl\u0131\u011fa tahrik\u201d su\u00e7lamas\u0131yla 7 y\u0131l 10 aya kadar hapis cezas\u0131 talep edildi. \u00dcM\u0130T \u00d6ZDA\u011e HAKKINDA \u0130STENEN CEZA BELL\u0130 OLDU\u00a0 Silivri Cezaevi&#8217;nde tutuklu bulunan Zafer Partisi Genel Ba\u015fkan\u0131 \u00dcmit \u00d6zda\u011f hakk\u0131ndaki iddianame 77 g\u00fcn sonra tamamland\u0131. HaberT\u00fcrk&#8217;ten Ceylan Sever&#8217;in haberine g\u00f6re \u00dcmit \u00d6zda\u011f hakk\u0131nda \u201czincirleme \u015fekilde bas\u0131n yoluyla halk\u0131 kin, d\u00fc\u015fmanl\u0131\u011fa tahrik\u201d su\u00e7lamas\u0131yla 1 y\u0131l 10 aydan 7 y\u0131l 10 ay 15 g\u00fcne kadar hapis cezas\u0131 istendi. Ankara&#8217;da g\u00f6zalt\u0131na al\u0131nan \u00dcmit \u00d6zda\u011f, 77 g\u00fcnd\u00fcr cezaevinde tutuklu bulunuyor. \u200bSon dakika haberi! Zafer Partisi Genel Ba\u015fkan\u0131 \u00dcmit \u00d6zda\u011f hakk\u0131nda istenen ceza belli oldu. 77 g\u00fcnd\u00fcr cezaevinde tutuklu olan \u00d6zda\u011f hakk\u0131nda 7 y\u0131l 10 aya kadar hapis cezas\u0131 talep edildi. \u0130\u015fte ayr\u0131nt\u0131lar&#8230;\u00a0 \u200bHaberin Al\u0131nt\u0131land\u0131\u011f\u0131 Kaynak: www.antalyakorfez.com<\/p>","protected":false},"author":5,"featured_media":0,"comment_status":"","ping_status":"open","sticky":false,"template":"","format":"standard","meta":{"_acf_changed":false,"footnotes":""},"categories":[24],"tags":[],"class_list":["post-49500","post","type-post","status-publish","format-standard","has-post-thumbnail","hentry","category-gundem"],"acf":[],"yoast_head":"<!-- This site is optimized with the Yoast SEO Premium plugin v26.6 (Yoast SEO v27.1.1) - https:\/\/yoast.com\/product\/yoast-seo-premium-wordpress\/ -->\n<title>\u00dcmit \u00d6zda\u011f hakk\u0131nda istenen ceza belli oldu: 77 g\u00fcnd\u00fcr tutukluydu - Av. Deniz Can K\u0131z\u0131l<\/title>\n<meta name=\"robots\" content=\"index, follow, max-snippet:-1, max-image-preview:large, max-video-preview:-1\" \/>\n<link rel=\"canonical\" href=\"https:\/\/denizcankizil.tr\/uk\/haberler\/gundem\/umit-ozdag-hakkinda-istenen-ceza-belli-oldu-77-gundur-tutukluydu\/\" \/>\n<meta property=\"og:locale\" content=\"uk_UA\" \/>\n<meta property=\"og:type\" content=\"article\" \/>\n<meta property=\"og:title\" content=\"\u00dcmit \u00d6zda\u011f hakk\u0131nda istenen ceza belli oldu: 77 g\u00fcnd\u00fcr tutukluydu\" \/>\n<meta property=\"og:description\" content=\"Zafer Partisi Genel Ba\u015fkan\u0131 \u00dcmit \u00d6zda\u011f hakk\u0131ndaki iddianame tamamland\u0131. \u00d6zda\u011f hakk\u0131nda \u201czincirleme \u015fekilde bas\u0131n yoluyla halk\u0131 kin, d\u00fc\u015fmanl\u0131\u011fa tahrik\u201d su\u00e7lamas\u0131yla 7 y\u0131l 10 aya kadar hapis cezas\u0131 talep edildi. \u00dcM\u0130T \u00d6ZDA\u011e HAKKINDA \u0130STENEN CEZA BELL\u0130 OLDU\u00a0 Silivri Cezaevi&#8217;nde tutuklu bulunan Zafer Partisi Genel Ba\u015fkan\u0131 \u00dcmit \u00d6zda\u011f hakk\u0131ndaki iddianame 77 g\u00fcn sonra tamamland\u0131. HaberT\u00fcrk&#8217;ten Ceylan Sever&#8217;in haberine g\u00f6re \u00dcmit \u00d6zda\u011f hakk\u0131nda \u201czincirleme \u015fekilde bas\u0131n yoluyla halk\u0131 kin, d\u00fc\u015fmanl\u0131\u011fa tahrik\u201d su\u00e7lamas\u0131yla 1 y\u0131l 10 aydan 7 y\u0131l 10 ay 15 g\u00fcne kadar hapis cezas\u0131 istendi. Ankara&#8217;da g\u00f6zalt\u0131na al\u0131nan \u00dcmit \u00d6zda\u011f, 77 g\u00fcnd\u00fcr cezaevinde tutuklu bulunuyor. \u200bSon dakika haberi! Zafer Partisi Genel Ba\u015fkan\u0131 \u00dcmit \u00d6zda\u011f hakk\u0131nda istenen ceza belli oldu. 77 g\u00fcnd\u00fcr cezaevinde tutuklu olan \u00d6zda\u011f hakk\u0131nda 7 y\u0131l 10 aya kadar hapis cezas\u0131 talep edildi. \u0130\u015fte ayr\u0131nt\u0131lar&#8230;\u00a0 \u200bHaberin Al\u0131nt\u0131land\u0131\u011f\u0131 Kaynak: www.antalyakorfez.com\" \/>\n<meta property=\"og:url\" content=\"https:\/\/denizcankizil.tr\/uk\/haberler\/gundem\/umit-ozdag-hakkinda-istenen-ceza-belli-oldu-77-gundur-tutukluydu\/\" \/>\n<meta property=\"og:site_name\" content=\"Av. Deniz Can K\u0131z\u0131l\" \/>\n<meta property=\"article:published_time\" content=\"2025-04-08T14:42:11+00:00\" \/>\n<meta name=\"author\" content=\"Antalya K\u00f6rfez\" \/>\n<meta name=\"twitter:card\" content=\"summary_large_image\" \/>\n<meta name=\"twitter:label1\" content=\"\u041d\u0430\u043f\u0438\u0441\u0430\u043d\u043e\" \/>\n\t<meta name=\"twitter:data1\" content=\"Antalya K\u00f6rfez\" \/>\n\t<meta name=\"twitter:label2\" content=\"\u041f\u0440\u0438\u0431\u043b. \u0447\u0430\u0441 \u0447\u0438\u0442\u0430\u043d\u043d\u044f\" \/>\n\t<meta name=\"twitter:data2\" content=\"1 \u0445\u0432\u0438\u043b\u0438\u043d\u0430\" \/>\n<script type=\"application\/ld+json\" class=\"yoast-schema-graph\">{\"@context\":\"https:\/\/schema.org\",\"@graph\":[{\"@type\":\"Article\",\"@id\":\"https:\/\/denizcankizil.tr\/uk\/haberler\/gundem\/umit-ozdag-hakkinda-istenen-ceza-belli-oldu-77-gundur-tutukluydu\/#article\",\"isPartOf\":{\"@id\":\"https:\/\/denizcankizil.tr\/uk\/haberler\/gundem\/umit-ozdag-hakkinda-istenen-ceza-belli-oldu-77-gundur-tutukluydu\/\"},\"author\":{\"name\":\"Antalya K\u00f6rfez\",\"@id\":\"https:\/\/denizcankizil.tr\/de\/#\/schema\/person\/e1eb71bb4dd684d46563f0af307e1234\"},\"headline\":\"\u00dcmit \u00d6zda\u011f hakk\u0131nda istenen ceza belli oldu: 77 g\u00fcnd\u00fcr tutukluydu\",\"datePublished\":\"2025-04-08T14:42:11+00:00\",\"mainEntityOfPage\":{\"@id\":\"https:\/\/denizcankizil.tr\/uk\/haberler\/gundem\/umit-ozdag-hakkinda-istenen-ceza-belli-oldu-77-gundur-tutukluydu\/\"},\"wordCount\":174,\"publisher\":{\"@id\":\"https:\/\/denizcankizil.tr\/de\/#organization\"},\"articleSection\":[\"G\u00fcndem\"],\"inLanguage\":\"uk\"},{\"@type\":\"WebPage\",\"@id\":\"https:\/\/denizcankizil.tr\/uk\/haberler\/gundem\/umit-ozdag-hakkinda-istenen-ceza-belli-oldu-77-gundur-tutukluydu\/\",\"url\":\"https:\/\/denizcankizil.tr\/uk\/haberler\/gundem\/umit-ozdag-hakkinda-istenen-ceza-belli-oldu-77-gundur-tutukluydu\/\",\"name\":\"\u00dcmit \u00d6zda\u011f hakk\u0131nda istenen ceza belli oldu: 77 g\u00fcnd\u00fcr tutukluydu - Av. Deniz Can K\u0131z\u0131l\",\"isPartOf\":{\"@id\":\"https:\/\/denizcankizil.tr\/de\/#website\"},\"datePublished\":\"2025-04-08T14:42:11+00:00\",\"breadcrumb\":{\"@id\":\"https:\/\/denizcankizil.tr\/uk\/haberler\/gundem\/umit-ozdag-hakkinda-istenen-ceza-belli-oldu-77-gundur-tutukluydu\/#breadcrumb\"},\"inLanguage\":\"uk\",\"potentialAction\":[{\"@type\":\"ReadAction\",\"target\":[\"https:\/\/denizcankizil.tr\/uk\/haberler\/gundem\/umit-ozdag-hakkinda-istenen-ceza-belli-oldu-77-gundur-tutukluydu\/\"]}]},{\"@type\":\"BreadcrumbList\",\"@id\":\"https:\/\/denizcankizil.tr\/uk\/haberler\/gundem\/umit-ozdag-hakkinda-istenen-ceza-belli-oldu-77-gundur-tutukluydu\/#breadcrumb\",\"itemListElement\":[{\"@type\":\"ListItem\",\"position\":1,\"name\":\"Home\",\"item\":\"https:\/\/denizcankizil.tr\/de\/\"},{\"@type\":\"ListItem\",\"position\":2,\"name\":\"\u00dcmit \u00d6zda\u011f hakk\u0131nda istenen ceza belli oldu: 77 g\u00fcnd\u00fcr tutukluydu\"}]},{\"@type\":\"WebSite\",\"@id\":\"https:\/\/denizcankizil.tr\/de\/#website\",\"url\":\"https:\/\/denizcankizil.tr\/de\/\",\"name\":\"Av. Deniz Can K\u0131z\u0131l\",\"description\":\"Avukat Deniz Can K\u0131z\u0131l Antalya Barosu\",\"publisher\":{\"@id\":\"https:\/\/denizcankizil.tr\/de\/#organization\"},\"potentialAction\":[{\"@type\":\"SearchAction\",\"target\":{\"@type\":\"EntryPoint\",\"urlTemplate\":\"https:\/\/denizcankizil.tr\/de\/?s={search_term_string}\"},\"query-input\":{\"@type\":\"PropertyValueSpecification\",\"valueRequired\":true,\"valueName\":\"search_term_string\"}}],\"inLanguage\":\"uk\"},{\"@type\":\"Organization\",\"@id\":\"https:\/\/denizcankizil.tr\/de\/#organization\",\"name\":\"Av. Deniz Can K\u0131z\u0131l\",\"url\":\"https:\/\/denizcankizil.tr\/de\/\",\"logo\":{\"@type\":\"ImageObject\",\"inLanguage\":\"uk\",\"@id\":\"https:\/\/denizcankizil.tr\/de\/#\/schema\/logo\/image\/\",\"url\":\"https:\/\/denizcankizil.tr\/wp-content\/uploads\/2024\/10\/siyah-logo-svg.svg\",\"contentUrl\":\"https:\/\/denizcankizil.tr\/wp-content\/uploads\/2024\/10\/siyah-logo-svg.svg\",\"width\":1080,\"height\":1080,\"caption\":\"Av. Deniz Can K\u0131z\u0131l\"},\"image\":{\"@id\":\"https:\/\/denizcankizil.tr\/de\/#\/schema\/logo\/image\/\"}},{\"@type\":\"Person\",\"@id\":\"https:\/\/denizcankizil.tr\/de\/#\/schema\/person\/e1eb71bb4dd684d46563f0af307e1234\",\"name\":\"Antalya K\u00f6rfez\",\"image\":{\"@type\":\"ImageObject\",\"inLanguage\":\"uk\",\"@id\":\"https:\/\/denizcankizil.tr\/de\/#\/schema\/person\/image\/\",\"url\":\"https:\/\/secure.gravatar.com\/avatar\/42b01982558a48a0b501fdcab6a408d3717ea5919095ee2e67b0e521799c5905?s=96&d=mm&r=g\",\"contentUrl\":\"https:\/\/secure.gravatar.com\/avatar\/42b01982558a48a0b501fdcab6a408d3717ea5919095ee2e67b0e521799c5905?s=96&d=mm&r=g\",\"caption\":\"Antalya K\u00f6rfez\"},\"sameAs\":[\"http:\/\/www.antalyakorfez.com\"],\"url\":\"https:\/\/www.antalyakorfez.com\/umit-ozdag-hakkinda-istenen-ceza-belli-oldu-77-gundur-tutukluydu\"}]}<\/script>\n<!-- \/ Yoast SEO Premium plugin. -->","yoast_head_json":{"title":"\u00dcmit \u00d6zda\u011f hakk\u0131nda istenen ceza belli oldu: 77 g\u00fcnd\u00fcr tutukluydu - Av. Deniz Can K\u0131z\u0131l","robots":{"index":"index","follow":"follow","max-snippet":"max-snippet:-1","max-image-preview":"max-image-preview:large","max-video-preview":"max-video-preview:-1"},"canonical":"https:\/\/denizcankizil.tr\/uk\/haberler\/gundem\/umit-ozdag-hakkinda-istenen-ceza-belli-oldu-77-gundur-tutukluydu\/","og_locale":"uk_UA","og_type":"article","og_title":"\u00dcmit \u00d6zda\u011f hakk\u0131nda istenen ceza belli oldu: 77 g\u00fcnd\u00fcr tutukluydu","og_description":"Zafer Partisi Genel Ba\u015fkan\u0131 \u00dcmit \u00d6zda\u011f hakk\u0131ndaki iddianame tamamland\u0131. \u00d6zda\u011f hakk\u0131nda \u201czincirleme \u015fekilde bas\u0131n yoluyla halk\u0131 kin, d\u00fc\u015fmanl\u0131\u011fa tahrik\u201d su\u00e7lamas\u0131yla 7 y\u0131l 10 aya kadar hapis cezas\u0131 talep edildi. \u00dcM\u0130T \u00d6ZDA\u011e HAKKINDA \u0130STENEN CEZA BELL\u0130 OLDU\u00a0 Silivri Cezaevi&#8217;nde tutuklu bulunan Zafer Partisi Genel Ba\u015fkan\u0131 \u00dcmit \u00d6zda\u011f hakk\u0131ndaki iddianame 77 g\u00fcn sonra tamamland\u0131. HaberT\u00fcrk&#8217;ten Ceylan Sever&#8217;in haberine g\u00f6re \u00dcmit \u00d6zda\u011f hakk\u0131nda \u201czincirleme \u015fekilde bas\u0131n yoluyla halk\u0131 kin, d\u00fc\u015fmanl\u0131\u011fa tahrik\u201d su\u00e7lamas\u0131yla 1 y\u0131l 10 aydan 7 y\u0131l 10 ay 15 g\u00fcne kadar hapis cezas\u0131 istendi. Ankara&#8217;da g\u00f6zalt\u0131na al\u0131nan \u00dcmit \u00d6zda\u011f, 77 g\u00fcnd\u00fcr cezaevinde tutuklu bulunuyor. \u200bSon dakika haberi! Zafer Partisi Genel Ba\u015fkan\u0131 \u00dcmit \u00d6zda\u011f hakk\u0131nda istenen ceza belli oldu. 77 g\u00fcnd\u00fcr cezaevinde tutuklu olan \u00d6zda\u011f hakk\u0131nda 7 y\u0131l 10 aya kadar hapis cezas\u0131 talep edildi. \u0130\u015fte ayr\u0131nt\u0131lar&#8230;\u00a0 \u200bHaberin Al\u0131nt\u0131land\u0131\u011f\u0131 Kaynak: www.antalyakorfez.com","og_url":"https:\/\/denizcankizil.tr\/uk\/haberler\/gundem\/umit-ozdag-hakkinda-istenen-ceza-belli-oldu-77-gundur-tutukluydu\/","og_site_name":"Av. Deniz Can K\u0131z\u0131l","article_published_time":"2025-04-08T14:42:11+00:00","author":"Antalya K\u00f6rfez","twitter_card":"summary_large_image","twitter_misc":{"\u041d\u0430\u043f\u0438\u0441\u0430\u043d\u043e":"Antalya K\u00f6rfez","\u041f\u0440\u0438\u0431\u043b. \u0447\u0430\u0441 \u0447\u0438\u0442\u0430\u043d\u043d\u044f":"1 \u0445\u0432\u0438\u043b\u0438\u043d\u0430"},"schema":{"@context":"https:\/\/schema.org","@graph":[{"@type":"Article","@id":"https:\/\/denizcankizil.tr\/uk\/haberler\/gundem\/umit-ozdag-hakkinda-istenen-ceza-belli-oldu-77-gundur-tutukluydu\/#article","isPartOf":{"@id":"https:\/\/denizcankizil.tr\/uk\/haberler\/gundem\/umit-ozdag-hakkinda-istenen-ceza-belli-oldu-77-gundur-tutukluydu\/"},"author":{"name":"Antalya K\u00f6rfez","@id":"https:\/\/denizcankizil.tr\/de\/#\/schema\/person\/e1eb71bb4dd684d46563f0af307e1234"},"headline":"\u00dcmit \u00d6zda\u011f hakk\u0131nda istenen ceza belli oldu: 77 g\u00fcnd\u00fcr tutukluydu","datePublished":"2025-04-08T14:42:11+00:00","mainEntityOfPage":{"@id":"https:\/\/denizcankizil.tr\/uk\/haberler\/gundem\/umit-ozdag-hakkinda-istenen-ceza-belli-oldu-77-gundur-tutukluydu\/"},"wordCount":174,"publisher":{"@id":"https:\/\/denizcankizil.tr\/de\/#organization"},"articleSection":["G\u00fcndem"],"inLanguage":"uk"},{"@type":"WebPage","@id":"https:\/\/denizcankizil.tr\/uk\/haberler\/gundem\/umit-ozdag-hakkinda-istenen-ceza-belli-oldu-77-gundur-tutukluydu\/","url":"https:\/\/denizcankizil.tr\/uk\/haberler\/gundem\/umit-ozdag-hakkinda-istenen-ceza-belli-oldu-77-gundur-tutukluydu\/","name":"\u00dcmit \u00d6zda\u011f hakk\u0131nda istenen ceza belli oldu: 77 g\u00fcnd\u00fcr tutukluydu - Av. Deniz Can K\u0131z\u0131l","isPartOf":{"@id":"https:\/\/denizcankizil.tr\/de\/#website"},"datePublished":"2025-04-08T14:42:11+00:00","breadcrumb":{"@id":"https:\/\/denizcankizil.tr\/uk\/haberler\/gundem\/umit-ozdag-hakkinda-istenen-ceza-belli-oldu-77-gundur-tutukluydu\/#breadcrumb"},"inLanguage":"uk","potentialAction":[{"@type":"ReadAction","target":["https:\/\/denizcankizil.tr\/uk\/haberler\/gundem\/umit-ozdag-hakkinda-istenen-ceza-belli-oldu-77-gundur-tutukluydu\/"]}]},{"@type":"BreadcrumbList","@id":"https:\/\/denizcankizil.tr\/uk\/haberler\/gundem\/umit-ozdag-hakkinda-istenen-ceza-belli-oldu-77-gundur-tutukluydu\/#breadcrumb","itemListElement":[{"@type":"ListItem","position":1,"name":"Home","item":"https:\/\/denizcankizil.tr\/de\/"},{"@type":"ListItem","position":2,"name":"\u00dcmit \u00d6zda\u011f hakk\u0131nda istenen ceza belli oldu: 77 g\u00fcnd\u00fcr tutukluydu"}]},{"@type":"WebSite","@id":"https:\/\/denizcankizil.tr\/de\/#website","url":"https:\/\/denizcankizil.tr\/de\/","name":"Av. Deniz Can K\u0131z\u0131l","description":"Avukat Deniz Can K\u0131z\u0131l Antalya Barosu","publisher":{"@id":"https:\/\/denizcankizil.tr\/de\/#organization"},"potentialAction":[{"@type":"SearchAction","target":{"@type":"EntryPoint","urlTemplate":"https:\/\/denizcankizil.tr\/de\/?s={search_term_string}"},"query-input":{"@type":"PropertyValueSpecification","valueRequired":true,"valueName":"search_term_string"}}],"inLanguage":"uk"},{"@type":"Organization","@id":"https:\/\/denizcankizil.tr\/de\/#organization","name":"Av. Deniz Can K\u0131z\u0131l","url":"https:\/\/denizcankizil.tr\/de\/","logo":{"@type":"ImageObject","inLanguage":"uk","@id":"https:\/\/denizcankizil.tr\/de\/#\/schema\/logo\/image\/","url":"https:\/\/denizcankizil.tr\/wp-content\/uploads\/2024\/10\/siyah-logo-svg.svg","contentUrl":"https:\/\/denizcankizil.tr\/wp-content\/uploads\/2024\/10\/siyah-logo-svg.svg","width":1080,"height":1080,"caption":"Av. Deniz Can K\u0131z\u0131l"},"image":{"@id":"https:\/\/denizcankizil.tr\/de\/#\/schema\/logo\/image\/"}},{"@type":"Person","@id":"https:\/\/denizcankizil.tr\/de\/#\/schema\/person\/e1eb71bb4dd684d46563f0af307e1234","name":"Antalya K\u00f6rfez","image":{"@type":"ImageObject","inLanguage":"uk","@id":"https:\/\/denizcankizil.tr\/de\/#\/schema\/person\/image\/","url":"https:\/\/secure.gravatar.com\/avatar\/42b01982558a48a0b501fdcab6a408d3717ea5919095ee2e67b0e521799c5905?s=96&d=mm&r=g","contentUrl":"https:\/\/secure.gravatar.com\/avatar\/42b01982558a48a0b501fdcab6a408d3717ea5919095ee2e67b0e521799c5905?s=96&d=mm&r=g","caption":"Antalya K\u00f6rfez"},"sameAs":["http:\/\/www.antalyakorfez.com"],"url":"https:\/\/www.antalyakorfez.com\/umit-ozdag-hakkinda-istenen-ceza-belli-oldu-77-gundur-tutukluydu"}]}},"_links":{"self":[{"href":"https:\/\/denizcankizil.tr\/uk\/wp-json\/wp\/v2\/posts\/49500","targetHints":{"allow":["GET"]}}],"collection":[{"href":"https:\/\/denizcankizil.tr\/uk\/wp-json\/wp\/v2\/posts"}],"about":[{"href":"https:\/\/denizcankizil.tr\/uk\/wp-json\/wp\/v2\/types\/post"}],"author":[{"embeddable":true,"href":"https:\/\/denizcankizil.tr\/uk\/wp-json\/wp\/v2\/users\/5"}],"replies":[{"embeddable":true,"href":"https:\/\/denizcankizil.tr\/uk\/wp-json\/wp\/v2\/comments?post=49500"}],"version-history":[{"count":0,"href":"https:\/\/denizcankizil.tr\/uk\/wp-json\/wp\/v2\/posts\/49500\/revisions"}],"wp:attachment":[{"href":"https:\/\/denizcankizil.tr\/uk\/wp-json\/wp\/v2\/media?parent=49500"}],"wp:term":[{"taxonomy":"category","embeddable":true,"href":"https:\/\/denizcankizil.tr\/uk\/wp-json\/wp\/v2\/categories?post=49500"},{"taxonomy":"post_tag","embeddable":true,"href":"https:\/\/denizcankizil.tr\/uk\/wp-json\/wp\/v2\/tags?post=49500"}],"curies":[{"name":"wp","href":"https:\/\/api.w.org\/{rel}","templated":true}]}}