{"id":49132,"date":"2025-04-08T10:41:15","date_gmt":"2025-04-08T07:41:15","guid":{"rendered":"https:\/\/denizcankizil.tr\/uncategorized-tr\/is-arayanlara-istihdam-firsati\/"},"modified":"2025-04-08T10:41:15","modified_gmt":"2025-04-08T07:41:15","slug":"is-arayanlara-istihdam-firsati","status":"publish","type":"post","link":"https:\/\/denizcankizil.tr\/uk\/haberler\/antalya\/is-arayanlara-istihdam-firsati\/","title":{"rendered":"\u0130\u015f arayanlara istihdam f\u0131rsat\u0131"},"content":{"rendered":"<p>Antalya,\u00a0Kepez\u2019in Kariyer ve \u0130stihdam G\u00fcnleri\u2019nde bulu\u015fuyor. Kepez Belediyesi, &#8220;Kariyer ve \u0130stihdam G\u00fcnleri&#8221; kapsam\u0131nda i\u015f arayan ve staj yapmak isteyenleri 9-10 Nisan tarihlerinde Mimar Sinan Kongre Merkezi\u2019nde sekt\u00f6r liderleriyle bir araya getirecek. \u00a0Seminerler, at\u00f6lye \u00e7al\u0131\u015fmalar\u0131 ve canl\u0131 performanslar ile kat\u0131l\u0131mc\u0131lara farkl\u0131 kariyer f\u0131rsatlar\u0131n sunulaca\u011f\u0131 Kariyer ve \u0130stihdam G\u00fcnleri, saat 10.00\u2018da Mimar Sinan Akademi Dans Toplulu\u011fu&#8217;nun canl\u0131 performans\u0131yla ba\u015flayacak. Ard\u0131ndan, Kepez Belediye Ba\u015fkan\u0131 Mesut Kocag\u00f6z\u2019\u00fcn kat\u0131laca\u011f\u0131 a\u00e7\u0131l\u0131\u015f seromonisi ile devam edecek. \u0130lk g\u00fcn\u00fcn en dikkat \u00e7ekici konu\u015fmalar\u0131ndan biri, Antalya Bilim \u00dcniversitesi \u00d6\u011fretim \u00dcyesi ve bilim insan\u0131 Murat Kaplan\u2019\u0131n \u201cM\u00fclakat ve Profesyonel Ortamlarda Altyaz\u0131lar\u0131yla \u0130nsan\u0131 Okumak\u201d ba\u015fl\u0131kl\u0131 semineri olacak. Ayr\u0131ca, dijital i\u00e7erik \u00fcreticisi Ozan Sihay, yapay zekan\u0131n video ve grafik alan\u0131ndaki kullan\u0131m\u0131n\u0131 anlatacak. Ayn\u0131 g\u00fcn Ela Excellence Resort Otel \u0130nsan Kaynaklar\u0131 Genel Koordinat\u00f6r\u00fc \u00d6zg\u00fcr Keskin, kat\u0131l\u0131mc\u0131lara &#8220;Bizim Hikayemizde Sen Vars\u0131n&#8221; ba\u015fl\u0131kl\u0131 bir seminer ger\u00e7ekle\u015ftirecek.<\/p>\n<p>HER G\u00dcN AT\u00d6LYE \u00c7ALI\u015eMALARI<\/p>\n<p>Kariyer ve \u0130stihdam G\u00fcnleri\u2019nde iki g\u00fcn boyunca farkl\u0131 at\u00f6lyeler d\u00fczenlenecek. Antalya Bilim Merkezi e\u011fitmenleri taraf\u0131ndan \u201cYapay Zeka Ara\u00e7lar\u0131yla CV Olu\u015fturma\u201d ve \u201cDijital Sanat ve 3D Modelleme\u201d gibi at\u00f6lyeler kat\u0131l\u0131mc\u0131larla bulu\u015facak. Ayr\u0131ca, Kepez Belediyesi Sa\u011fl\u0131k Merkezi Psikolo\u011fu K\u00fcbra K\u0131rman, \u201c\u0130\u015f Hayat\u0131nda ve \u0130\u015f Bulma S\u00fcrecinde Stres Y\u00f6netimi\u201d \u00fczerine bilgiler aktaracak.<\/p>\n<p>KAR\u0130YER VE \u0130ST\u0130DAM DA \u0130K\u0130NC\u0130 G\u00dcN<\/p>\n<p>\u0130\u015f arayanlara ve staj yapmak isteyenlere i\u015f kap\u0131lar\u0131n\u0131n aralanaca\u011f\u0131 Kariyer ve \u0130stihdam G\u00fcnleri\u2019nin ikinci g\u00fcn\u00fc; \u00a0Mimar Sinan Akademi Orkestras\u0131&#8217;n\u0131n performans\u0131yla ba\u015flayacak. Sosyal Medya ve Dijital pazarlama uzman\u0131 G\u00fclin Ofluo\u011flu, kat\u0131l\u0131mc\u0131lara sosyal medya ve dijital pazarlaman\u0131n g\u00fcc\u00fcn\u00fc anlatacak. Design Thinking Turkey &amp; Piksel Akademi Kurucusu, Tasar\u0131mc\u0131, E\u011fitmen Emrah Kozan da \u201c Gelece\u011fini Tasarla\u201d \u00a0konulu bir konu\u015fma yapacak.\u00a0 Kepez Kent Tiyatrosu Koordinat\u00f6r\u00fc G\u00f6khan Avk\u0131ran ve Mimar Sinan Akademi M\u00fczik Koordinat\u00f6r\u00fc Engin Beslek, \u201cSanat\u0131n \u0130\u00e7inde Kariyer Planlamas\u0131\u201d ba\u015fl\u0131kl\u0131 bir seminer d\u00fczenleyecek.<\/p>\n<p>AT\u00d6LYELER<\/p>\n<p>Etkinli\u011fin ikinci g\u00fcn\u00fc de \u00e7e\u015fitli at\u00f6lyelerle dolu olacak. Kat\u0131l\u0131mc\u0131lar, Antalya Bilim Merkezi e\u011fitmenleri taraf\u0131ndan sunulan &#8220;Sanal ve Art\u0131r\u0131lm\u0131\u015f Ger\u00e7eklik Deneyimi&#8221; at\u00f6lyesinde teknolojiyle tan\u0131\u015facak. Ayr\u0131ca, Kepez Belediyesi i\u015f g\u00fcvenli\u011fi uzman\u0131 Yavuz Ekiz ve Kepez Belediyesi Avukat\u0131 Vural Murathan K\u00f6p\u00fcr, i\u015f g\u00fcvenli\u011fi ve i\u015f kanunlar\u0131 hakk\u0131nda bilgilendirme yapacak. Her iki g\u00fcn boyunca kat\u0131l\u0131mc\u0131lar, stant alanlar\u0131nda yer alan \u201cSanal ve Art\u0131r\u0131lm\u0131\u015f Ger\u00e7eklik Deneyimi\u201d ve \u201cTerzilik At\u00f6lyesi\u201d gibi etkinlikleri ziyaret edebilecek. Ayr\u0131ca, d\u0131\u015f alanda d\u00fczenlenen m\u00fczik etkinlikleriyle, Mimar Sinan Akademi Orkestras\u0131 ve Dans Toplulu\u011fu\u2019nun performanslar\u0131 izlenebilecek. G\u00f6ky\u00fcz\u00fc g\u00f6zlem etkinli\u011fi d\u00fczenlenecek. Kepez Belediyesi Kariyer ve \u0130stihdam G\u00fcnleri, gen\u00e7lere sadece kariyer f\u0131rsatlar\u0131 sunmakla kalmayacak, ayn\u0131 zamanda onlar\u0131 i\u015f d\u00fcnyas\u0131na haz\u0131rlayacak ve ilham verecek bir etkinlik olarak b\u00fcy\u00fck bir ilgiyle bekleniyor.<\/p>\n<p>KEPEZ BELED\u0130YES\u0130 KAR\u0130YER VE\u00a0\u0130ST\u0130HDAM\u00a0G\u00dcNLER\u0130 \/ ETK\u0130NL\u0130K PROGRAMI<\/p>\n<p>1. G\u00dcN \/ 9 N\u0130SAN 2025 \/ \u00c7AR\u015eAMBA<\/p>\n<p>10.00 &#8211; 10.20 \/ KEPEZ SALON<\/p>\n<p>CANLI PERFORMANS: M\u0130MAR S\u0130NAN AKADEM\u0130 DANS TOPLULU\u011eU<\/p>\n<p>10.20 &#8211; 10.30 \/ KEPEZ SALON<\/p>\n<p>HO\u015e GELD\u0130N\u0130Z<\/p>\n<p>KAR\u0130YER G\u00dcN\u00dc A\u00c7ILI\u015e SEREMON\u0130<\/p>\n<p>10.40 &#8211; 11.00 \/ KEPEZ SALON<\/p>\n<p>A\u00c7ILI\u015e KONU\u015eMASI<\/p>\n<p>MESUT KOCAG\u00d6Z<\/p>\n<p>KEPEZ BELED\u0130YE BA\u015eKANI<\/p>\n<p>11.30 &#8211; 12.30 \/ D\u00dcDEN SALON<\/p>\n<p>KONU\u015eMACI : MURAT KAPLAN \/ ANTALYA B\u0130L\u0130M \u00dcN\u0130VERS\u0130TES\u0130 \u00d6\u011eRET\u0130M \u00dcYES\u0130, YAZAR, B\u0130L\u0130M \u0130NSANI<\/p>\n<p>KONU: M\u00dcLAKAT VE PROFESYONEL ORTAMLARDA ALTYAZILARIYLA \u0130NSANI OKUMAK<\/p>\n<p>12.30 &#8211; 13.00<\/p>\n<p>ARA<\/p>\n<p>14.00 &#8211; 15.00 \/ D\u00dcDEN SALON<\/p>\n<p>KONU\u015eMACI : OZAN S\u0130HAY \/ Y\u00d6NETMEN \/ D\u0130J\u0130TAL \u0130\u00c7ER\u0130K \u00dcRET\u0130C\u0130S\u0130<\/p>\n<p>KONU: YAPAY ZEKA\u2019NIN V\u0130DEO VE GRAF\u0130K ALANINDAK\u0130 KULLANIMI<\/p>\n<p>16.00 &#8211; 17.00 \/ D\u00dcDEN SALON<\/p>\n<p>KONU\u015eMACI : \u00d6ZG\u00dcR KESK\u0130N \/ ELA EXCELLENCE RESORT OTEL \u0130NSAN KAYNAKLARI GENEL KOORD\u0130NAT\u00d6R\u00dc VE E\u011e\u0130T\u0130MC\u0130S\u0130<\/p>\n<p>KONU : \u201cB\u0130Z\u0130M H\u0130KAYEM\u0130ZDE SEN VARSIN\u201d<\/p>\n<p>\u00a0<\/p>\n<p>2. G\u00dcN \/ 10 N\u0130SAN 2025 \/ PER\u015eEMBE\u00a0<\/p>\n<p>10.30 &#8211; 10.50<\/p>\n<p>CANLI PERFORMANS: M\u0130MAR S\u0130NAN AKADEM\u0130 ORKESTRASI<\/p>\n<p>11.00 &#8211; 12.00<\/p>\n<p>KONU\u015eMACI : G\u00dcL\u0130N OFLUO\u011eLU \/ SOSYAL MEDYA VE D\u0130J\u0130TAL PAZARLAMA UZMANI<\/p>\n<p>KONU: SOSYAL MEDYA VE D\u0130J\u0130TAL PAZARLAMA<\/p>\n<p>12.00 &#8211; 12.30<\/p>\n<p>ARA<\/p>\n<p>14.00 &#8211; 15.00<\/p>\n<p>KONU\u015eMACI : EMRAH KOZAN \/ DESIGN THINKING TURKEY &amp; P\u0130KSEL AKADEM\u0130 KURUCUSU, TASARIMCI, E\u011e\u0130TMEN<\/p>\n<p>KONU: GELECE\u011e\u0130 TASARLA<\/p>\n<p>16.00 &#8211; 17.00<\/p>\n<p>KONU\u015eMACI : G\u00d6KHAN AVKIRAN \/ KEPEZ KENT T\u0130YATROSU KOORD\u0130NAT\u00d6R\u00dc<\/p>\n<p>ENG\u0130N BESLEK \/ M\u0130MAR S\u0130NAN AKADEM\u0130 M\u00dcZ\u0130K KOORD\u0130NAT\u00d6R\u00dc<\/p>\n<p>KONU : SANATIN \u0130\u00c7\u0130NDE KAR\u0130YER PLANLAMASI<\/p>\n<p>AT\u00d6LYE PROGRAMI<\/p>\n<p>1.G\u00dcN \/ 9 N\u0130SAN 2025 \/ \u00c7AR\u015eAMBA<\/p>\n<p>13.15 &#8211; 13.50 (AT\u00d6LYE FUAYE ALANI)<\/p>\n<p>AT\u00d6LYE<\/p>\n<p>\u00d6\u011eRENMEY\u0130 \u00d6\u011eRENME VE YEN\u0130 YETK\u0130NL\u0130KLER<\/p>\n<p>YAPAY ZEKA ARA\u00c7LARIYLA CV OLU\u015eTURMA<\/p>\n<p>ANTALYA B\u0130L\u0130M MERKEZ\u0130 E\u011e\u0130TMENLER\u0130 VE<\/p>\n<p>AL\u0130 AKS\u00dcNGER<\/p>\n<p>KEPEZ BELED\u0130YES\u0130 E\u011e\u0130T\u0130M KOORD\u0130NAT\u00d6R\u00dc<\/p>\n<p>15.10 &#8211; 15.50 (AT\u00d6LYE FUAYE ALANI)<\/p>\n<p>2. AT\u00d6LYE<\/p>\n<p>YAPAY ZEKA VE ROBOT\u0130K AT\u00d6LYES\u0130<\/p>\n<p>D\u0130J\u0130TAL SANAT VE 3D MODELLEME<\/p>\n<p>ANTALYA B\u0130L\u0130M MERKEZ\u0130 E\u011e\u0130TMENLER\u0130<\/p>\n<p>17.10 &#8211; 18.00 (AT\u00d6LYE FUAYE ALANI)<\/p>\n<p>3. AT\u00d6LYE<\/p>\n<p>\u0130\u015e HAYATINDA VE \u0130\u015e BULMA S\u00dcREC\u0130NDE STRES Y\u00d6NET\u0130M\u0130<\/p>\n<p>KEPEZ BELED\u0130YES\u0130 SA\u011eLIK MERKEZ\u0130 PS\u0130KOLOG K\u00dcBRA KIRMAN<\/p>\n<p>AT\u00d6LYE PROGRAMI \/ 2.G\u00dcN \/ 10 N\u0130SAN 2025 \/ PER\u015eEMBE<\/p>\n<p>12.30 &#8211; 13.10 (AT\u00d6LYE FUAYE ALANI)<\/p>\n<p>1. AT\u00d6LYE<\/p>\n<p>SANAL VE ARTIRILMI\u015e GER\u00c7EKL\u0130K DENEY\u0130M\u0130<\/p>\n<p>ANTALYA B\u0130L\u0130M MERKEZ\u0130 E\u011e\u0130TMENLER\u0130<\/p>\n<p>13.20 &#8211; 13.50 (AT\u00d6LYE FUAYE ALANI)<\/p>\n<p>2. AT\u00d6LYE<\/p>\n<p>\u0130\u015e G\u00dcVENL\u0130\u011e\u0130 VE \u0130\u015e KANUNLARI<\/p>\n<p>KEPEZ BELED\u0130YES\u0130 \u0130\u015e G\u00dcVENL\u0130\u011e\u0130 UZMANI YAVUZ EK\u0130Z<\/p>\n<p>6331 \u0130\u015e SA\u011eLI\u011eI VE G\u00dcVENL\u0130\u011e\u0130 KANUNU<\/p>\n<p>KEPEZ BELED\u0130YES\u0130 AVUKAT VURAL MURATHAN K\u00d6P\u00dcR<\/p>\n<p>\u0130\u015e HUKUKUNUN TEMEL \u0130LKELER\u0130 VE \u0130\u015e S\u00d6ZLE\u015eMES\u0130N\u0130N UNSURLARI<\/p>\n<p>15.10 &#8211; 15.50 (AT\u00d6LYE FUAYE ALANI)<\/p>\n<p>3. AT\u00d6LYE<\/p>\n<p>UZAY VE HAVACILIK M\u00dcHEND\u0130SL\u0130\u011e\u0130<\/p>\n<p>B\u0130YO &#8211; TEKNOLOJ\u0130 VE GENET\u0130K M\u00dcHEND\u0130SL\u0130\u011e\u0130<\/p>\n<p>ANTALYA B\u0130L\u0130M MERKEZ\u0130 E\u011e\u0130TMENLER\u0130<\/p>\n<p>STANT ALANI ETK\u0130NL\u0130KLER\u0130 (S\u00dcREKL\u0130 \u0130ZLEY\u0130C\u0130L\u0130)<\/p>\n<p>SANAL VE ARTIRILMI\u015e GER\u00c7EKL\u0130K DENEY\u0130M\u0130 (B\u0130L\u0130M MERKEZ\u0130)<\/p>\n<p>TERZ\u0130L\u0130K AT\u00d6LYES\u0130 VE TANITIMI (TEKST\u0130L AT\u00d6LYES\u0130)<\/p>\n<p>DI\u015e ALAN BAH\u00c7E M\u00dcZ\u0130K ETK\u0130NL\u0130KLER\u0130<\/p>\n<p>12.30. 13.30<\/p>\n<p>M\u0130MAR S\u0130NAN AKADEM\u0130 ORKESTRASI<\/p>\n<p>M\u0130MAR S\u0130NAN AKADEM\u0130 DANS TOPLULU\u011eU<\/p>\n<p>G\u00d6KY\u00dcZ\u00dc G\u00d6ZLEM ETK\u0130NL\u0130\u011e\u0130 &#8211; B\u0130L\u0130M MERKEZ\u0130 ASTRONOMLARI<\/p>\n<p>Kaynak: www.kanalv.com.tr Haber Sitesinden Al\u0131nm\u0131\u015ft\u0131r.<\/p>","protected":false},"excerpt":{"rendered":"<p>Antalya,\u00a0Kepez\u2019in Kariyer ve \u0130stihdam G\u00fcnleri\u2019nde bulu\u015fuyor. Kepez Belediyesi, &#8220;Kariyer ve \u0130stihdam G\u00fcnleri&#8221; kapsam\u0131nda i\u015f arayan ve staj yapmak isteyenleri 9-10 Nisan tarihlerinde Mimar Sinan Kongre Merkezi\u2019nde sekt\u00f6r liderleriyle bir araya getirecek. \u00a0Seminerler, at\u00f6lye \u00e7al\u0131\u015fmalar\u0131 ve canl\u0131 performanslar ile kat\u0131l\u0131mc\u0131lara farkl\u0131 kariyer f\u0131rsatlar\u0131n sunulaca\u011f\u0131 Kariyer ve \u0130stihdam G\u00fcnleri, saat 10.00\u2018da Mimar Sinan Akademi Dans Toplulu\u011fu&#8217;nun canl\u0131 performans\u0131yla ba\u015flayacak. Ard\u0131ndan, Kepez Belediye Ba\u015fkan\u0131 Mesut Kocag\u00f6z\u2019\u00fcn kat\u0131laca\u011f\u0131 a\u00e7\u0131l\u0131\u015f seromonisi ile devam edecek. \u0130lk g\u00fcn\u00fcn en dikkat \u00e7ekici konu\u015fmalar\u0131ndan biri, Antalya Bilim \u00dcniversitesi \u00d6\u011fretim \u00dcyesi ve bilim insan\u0131 Murat Kaplan\u2019\u0131n \u201cM\u00fclakat ve Profesyonel Ortamlarda Altyaz\u0131lar\u0131yla \u0130nsan\u0131 Okumak\u201d ba\u015fl\u0131kl\u0131 semineri olacak. Ayr\u0131ca, dijital i\u00e7erik \u00fcreticisi Ozan Sihay, yapay zekan\u0131n video ve grafik alan\u0131ndaki kullan\u0131m\u0131n\u0131 anlatacak. Ayn\u0131 g\u00fcn Ela Excellence Resort Otel \u0130nsan Kaynaklar\u0131 Genel Koordinat\u00f6r\u00fc \u00d6zg\u00fcr Keskin, kat\u0131l\u0131mc\u0131lara &#8220;Bizim Hikayemizde Sen Vars\u0131n&#8221; ba\u015fl\u0131kl\u0131 bir seminer ger\u00e7ekle\u015ftirecek. HER G\u00dcN AT\u00d6LYE \u00c7ALI\u015eMALARI Kariyer ve \u0130stihdam G\u00fcnleri\u2019nde iki g\u00fcn boyunca farkl\u0131 at\u00f6lyeler d\u00fczenlenecek. Antalya Bilim Merkezi e\u011fitmenleri taraf\u0131ndan \u201cYapay Zeka Ara\u00e7lar\u0131yla CV Olu\u015fturma\u201d ve \u201cDijital Sanat ve 3D Modelleme\u201d gibi at\u00f6lyeler kat\u0131l\u0131mc\u0131larla bulu\u015facak. Ayr\u0131ca, Kepez Belediyesi Sa\u011fl\u0131k Merkezi Psikolo\u011fu K\u00fcbra K\u0131rman, \u201c\u0130\u015f Hayat\u0131nda ve \u0130\u015f Bulma S\u00fcrecinde Stres Y\u00f6netimi\u201d \u00fczerine bilgiler aktaracak. KAR\u0130YER VE \u0130ST\u0130DAM DA \u0130K\u0130NC\u0130 G\u00dcN \u0130\u015f arayanlara ve staj yapmak isteyenlere i\u015f kap\u0131lar\u0131n\u0131n aralanaca\u011f\u0131 Kariyer &hellip;<\/p>","protected":false},"author":4,"featured_media":49133,"comment_status":"","ping_status":"open","sticky":false,"template":"","format":"standard","meta":{"_acf_changed":false,"footnotes":""},"categories":[26],"tags":[],"class_list":["post-49132","post","type-post","status-publish","format-standard","has-post-thumbnail","hentry","category-antalya"],"acf":[],"yoast_head":"<!-- This site is optimized with the Yoast SEO Premium plugin v26.6 (Yoast SEO v27.1.1) - https:\/\/yoast.com\/product\/yoast-seo-premium-wordpress\/ -->\n<title>\u0130\u015f arayanlara istihdam f\u0131rsat\u0131 - Av. Deniz Can K\u0131z\u0131l<\/title>\n<meta name=\"robots\" content=\"index, follow, max-snippet:-1, max-image-preview:large, max-video-preview:-1\" \/>\n<link rel=\"canonical\" href=\"https:\/\/denizcankizil.tr\/uk\/haberler\/antalya\/is-arayanlara-istihdam-firsati\/\" \/>\n<meta property=\"og:locale\" content=\"uk_UA\" \/>\n<meta property=\"og:type\" content=\"article\" \/>\n<meta property=\"og:title\" content=\"\u0130\u015f arayanlara istihdam f\u0131rsat\u0131\" \/>\n<meta property=\"og:description\" content=\"Antalya,\u00a0Kepez\u2019in Kariyer ve \u0130stihdam G\u00fcnleri\u2019nde bulu\u015fuyor. Kepez Belediyesi, &#8220;Kariyer ve \u0130stihdam G\u00fcnleri&#8221; kapsam\u0131nda i\u015f arayan ve staj yapmak isteyenleri 9-10 Nisan tarihlerinde Mimar Sinan Kongre Merkezi\u2019nde sekt\u00f6r liderleriyle bir araya getirecek. \u00a0Seminerler, at\u00f6lye \u00e7al\u0131\u015fmalar\u0131 ve canl\u0131 performanslar ile kat\u0131l\u0131mc\u0131lara farkl\u0131 kariyer f\u0131rsatlar\u0131n sunulaca\u011f\u0131 Kariyer ve \u0130stihdam G\u00fcnleri, saat 10.00\u2018da Mimar Sinan Akademi Dans Toplulu\u011fu&#8217;nun canl\u0131 performans\u0131yla ba\u015flayacak. Ard\u0131ndan, Kepez Belediye Ba\u015fkan\u0131 Mesut Kocag\u00f6z\u2019\u00fcn kat\u0131laca\u011f\u0131 a\u00e7\u0131l\u0131\u015f seromonisi ile devam edecek. \u0130lk g\u00fcn\u00fcn en dikkat \u00e7ekici konu\u015fmalar\u0131ndan biri, Antalya Bilim \u00dcniversitesi \u00d6\u011fretim \u00dcyesi ve bilim insan\u0131 Murat Kaplan\u2019\u0131n \u201cM\u00fclakat ve Profesyonel Ortamlarda Altyaz\u0131lar\u0131yla \u0130nsan\u0131 Okumak\u201d ba\u015fl\u0131kl\u0131 semineri olacak. Ayr\u0131ca, dijital i\u00e7erik \u00fcreticisi Ozan Sihay, yapay zekan\u0131n video ve grafik alan\u0131ndaki kullan\u0131m\u0131n\u0131 anlatacak. Ayn\u0131 g\u00fcn Ela Excellence Resort Otel \u0130nsan Kaynaklar\u0131 Genel Koordinat\u00f6r\u00fc \u00d6zg\u00fcr Keskin, kat\u0131l\u0131mc\u0131lara &#8220;Bizim Hikayemizde Sen Vars\u0131n&#8221; ba\u015fl\u0131kl\u0131 bir seminer ger\u00e7ekle\u015ftirecek. HER G\u00dcN AT\u00d6LYE \u00c7ALI\u015eMALARI Kariyer ve \u0130stihdam G\u00fcnleri\u2019nde iki g\u00fcn boyunca farkl\u0131 at\u00f6lyeler d\u00fczenlenecek. Antalya Bilim Merkezi e\u011fitmenleri taraf\u0131ndan \u201cYapay Zeka Ara\u00e7lar\u0131yla CV Olu\u015fturma\u201d ve \u201cDijital Sanat ve 3D Modelleme\u201d gibi at\u00f6lyeler kat\u0131l\u0131mc\u0131larla bulu\u015facak. Ayr\u0131ca, Kepez Belediyesi Sa\u011fl\u0131k Merkezi Psikolo\u011fu K\u00fcbra K\u0131rman, \u201c\u0130\u015f Hayat\u0131nda ve \u0130\u015f Bulma S\u00fcrecinde Stres Y\u00f6netimi\u201d \u00fczerine bilgiler aktaracak. KAR\u0130YER VE \u0130ST\u0130DAM DA \u0130K\u0130NC\u0130 G\u00dcN \u0130\u015f arayanlara ve staj yapmak isteyenlere i\u015f kap\u0131lar\u0131n\u0131n aralanaca\u011f\u0131 Kariyer &hellip;\" \/>\n<meta property=\"og:url\" content=\"https:\/\/denizcankizil.tr\/uk\/haberler\/antalya\/is-arayanlara-istihdam-firsati\/\" \/>\n<meta property=\"og:site_name\" content=\"Av. Deniz Can K\u0131z\u0131l\" \/>\n<meta property=\"article:published_time\" content=\"2025-04-08T07:41:15+00:00\" \/>\n<meta property=\"og:image\" content=\"https:\/\/denizcankizil.tr\/wp-content\/uploads\/2025\/04\/kepezin-kariyer-ve-istihdam-gunleri-9-10-nisanda-4-6IMcMf.webp\" \/>\n\t<meta property=\"og:image:width\" content=\"1280\" \/>\n\t<meta property=\"og:image:height\" content=\"720\" \/>\n\t<meta property=\"og:image:type\" content=\"image\/webp\" \/>\n<meta name=\"author\" content=\"Av. Deniz Can K\u0131z\u0131l\" \/>\n<meta name=\"twitter:card\" content=\"summary_large_image\" \/>\n<meta name=\"twitter:label1\" content=\"\u041d\u0430\u043f\u0438\u0441\u0430\u043d\u043e\" \/>\n\t<meta name=\"twitter:data1\" content=\"Av. Deniz Can K\u0131z\u0131l\" \/>\n\t<meta name=\"twitter:label2\" content=\"\u041f\u0440\u0438\u0431\u043b. \u0447\u0430\u0441 \u0447\u0438\u0442\u0430\u043d\u043d\u044f\" \/>\n\t<meta name=\"twitter:data2\" content=\"5 \u0445\u0432\u0438\u043b\u0438\u043d\" \/>\n<script type=\"application\/ld+json\" class=\"yoast-schema-graph\">{\"@context\":\"https:\/\/schema.org\",\"@graph\":[{\"@type\":\"Article\",\"@id\":\"https:\/\/denizcankizil.tr\/uk\/haberler\/antalya\/is-arayanlara-istihdam-firsati\/#article\",\"isPartOf\":{\"@id\":\"https:\/\/denizcankizil.tr\/uk\/haberler\/antalya\/is-arayanlara-istihdam-firsati\/\"},\"author\":{\"name\":\"Av. Deniz Can K\u0131z\u0131l\",\"@id\":\"https:\/\/denizcankizil.tr\/#\/schema\/person\/5dc1b22991bd7ac833867c10afc9b0ff\"},\"headline\":\"\u0130\u015f arayanlara istihdam f\u0131rsat\u0131\",\"datePublished\":\"2025-04-08T07:41:15+00:00\",\"mainEntityOfPage\":{\"@id\":\"https:\/\/denizcankizil.tr\/uk\/haberler\/antalya\/is-arayanlara-istihdam-firsati\/\"},\"wordCount\":1096,\"publisher\":{\"@id\":\"https:\/\/denizcankizil.tr\/#organization\"},\"image\":{\"@id\":\"https:\/\/denizcankizil.tr\/uk\/haberler\/antalya\/is-arayanlara-istihdam-firsati\/#primaryimage\"},\"thumbnailUrl\":\"https:\/\/denizcankizil.tr\/wp-content\/uploads\/2025\/04\/kepezin-kariyer-ve-istihdam-gunleri-9-10-nisanda-4-6IMcMf.webp\",\"articleSection\":[\"Antalya\"],\"inLanguage\":\"uk\"},{\"@type\":\"WebPage\",\"@id\":\"https:\/\/denizcankizil.tr\/uk\/haberler\/antalya\/is-arayanlara-istihdam-firsati\/\",\"url\":\"https:\/\/denizcankizil.tr\/uk\/haberler\/antalya\/is-arayanlara-istihdam-firsati\/\",\"name\":\"\u0130\u015f arayanlara istihdam f\u0131rsat\u0131 - Av. Deniz Can K\u0131z\u0131l\",\"isPartOf\":{\"@id\":\"https:\/\/denizcankizil.tr\/#website\"},\"primaryImageOfPage\":{\"@id\":\"https:\/\/denizcankizil.tr\/uk\/haberler\/antalya\/is-arayanlara-istihdam-firsati\/#primaryimage\"},\"image\":{\"@id\":\"https:\/\/denizcankizil.tr\/uk\/haberler\/antalya\/is-arayanlara-istihdam-firsati\/#primaryimage\"},\"thumbnailUrl\":\"https:\/\/denizcankizil.tr\/wp-content\/uploads\/2025\/04\/kepezin-kariyer-ve-istihdam-gunleri-9-10-nisanda-4-6IMcMf.webp\",\"datePublished\":\"2025-04-08T07:41:15+00:00\",\"breadcrumb\":{\"@id\":\"https:\/\/denizcankizil.tr\/uk\/haberler\/antalya\/is-arayanlara-istihdam-firsati\/#breadcrumb\"},\"inLanguage\":\"uk\",\"potentialAction\":[{\"@type\":\"ReadAction\",\"target\":[\"https:\/\/denizcankizil.tr\/uk\/haberler\/antalya\/is-arayanlara-istihdam-firsati\/\"]}]},{\"@type\":\"ImageObject\",\"inLanguage\":\"uk\",\"@id\":\"https:\/\/denizcankizil.tr\/uk\/haberler\/antalya\/is-arayanlara-istihdam-firsati\/#primaryimage\",\"url\":\"https:\/\/denizcankizil.tr\/wp-content\/uploads\/2025\/04\/kepezin-kariyer-ve-istihdam-gunleri-9-10-nisanda-4-6IMcMf.webp\",\"contentUrl\":\"https:\/\/denizcankizil.tr\/wp-content\/uploads\/2025\/04\/kepezin-kariyer-ve-istihdam-gunleri-9-10-nisanda-4-6IMcMf.webp\",\"width\":1280,\"height\":720},{\"@type\":\"BreadcrumbList\",\"@id\":\"https:\/\/denizcankizil.tr\/uk\/haberler\/antalya\/is-arayanlara-istihdam-firsati\/#breadcrumb\",\"itemListElement\":[{\"@type\":\"ListItem\",\"position\":1,\"name\":\"Home\",\"item\":\"https:\/\/denizcankizil.tr\/de\/\"},{\"@type\":\"ListItem\",\"position\":2,\"name\":\"\u0130\u015f arayanlara istihdam f\u0131rsat\u0131\"}]},{\"@type\":\"WebSite\",\"@id\":\"https:\/\/denizcankizil.tr\/#website\",\"url\":\"https:\/\/denizcankizil.tr\/\",\"name\":\"Av. Deniz Can K\u0131z\u0131l\",\"description\":\"Avukat Deniz Can K\u0131z\u0131l Antalya Barosu\",\"publisher\":{\"@id\":\"https:\/\/denizcankizil.tr\/#organization\"},\"potentialAction\":[{\"@type\":\"SearchAction\",\"target\":{\"@type\":\"EntryPoint\",\"urlTemplate\":\"https:\/\/denizcankizil.tr\/?s={search_term_string}\"},\"query-input\":{\"@type\":\"PropertyValueSpecification\",\"valueRequired\":true,\"valueName\":\"search_term_string\"}}],\"inLanguage\":\"uk\"},{\"@type\":\"Organization\",\"@id\":\"https:\/\/denizcankizil.tr\/#organization\",\"name\":\"Av. Deniz Can K\u0131z\u0131l\",\"url\":\"https:\/\/denizcankizil.tr\/\",\"logo\":{\"@type\":\"ImageObject\",\"inLanguage\":\"uk\",\"@id\":\"https:\/\/denizcankizil.tr\/#\/schema\/logo\/image\/\",\"url\":\"https:\/\/denizcankizil.tr\/wp-content\/uploads\/2024\/10\/siyah-logo-svg.svg\",\"contentUrl\":\"https:\/\/denizcankizil.tr\/wp-content\/uploads\/2024\/10\/siyah-logo-svg.svg\",\"width\":1080,\"height\":1080,\"caption\":\"Av. Deniz Can K\u0131z\u0131l\"},\"image\":{\"@id\":\"https:\/\/denizcankizil.tr\/#\/schema\/logo\/image\/\"}},{\"@type\":\"Person\",\"@id\":\"https:\/\/denizcankizil.tr\/#\/schema\/person\/5dc1b22991bd7ac833867c10afc9b0ff\",\"name\":\"Av. Deniz Can K\u0131z\u0131l\",\"image\":{\"@type\":\"ImageObject\",\"inLanguage\":\"uk\",\"@id\":\"https:\/\/denizcankizil.tr\/#\/schema\/person\/image\/\",\"url\":\"https:\/\/secure.gravatar.com\/avatar\/a0b128fb9855c79efc976d5640eedb31dc35ec297594d6016d2cf7c60e975bb6?s=96&d=mm&r=g\",\"contentUrl\":\"https:\/\/secure.gravatar.com\/avatar\/a0b128fb9855c79efc976d5640eedb31dc35ec297594d6016d2cf7c60e975bb6?s=96&d=mm&r=g\",\"caption\":\"Av. Deniz Can K\u0131z\u0131l\"},\"sameAs\":[\"http:\/\/www.denizcankizil.tr\"],\"url\":\"https:\/\/denizcankizil.tr\/uk\/author\/denizcankizil\/\"}]}<\/script>\n<!-- \/ Yoast SEO Premium plugin. -->","yoast_head_json":{"title":"\u0130\u015f arayanlara istihdam f\u0131rsat\u0131 - Av. Deniz Can K\u0131z\u0131l","robots":{"index":"index","follow":"follow","max-snippet":"max-snippet:-1","max-image-preview":"max-image-preview:large","max-video-preview":"max-video-preview:-1"},"canonical":"https:\/\/denizcankizil.tr\/uk\/haberler\/antalya\/is-arayanlara-istihdam-firsati\/","og_locale":"uk_UA","og_type":"article","og_title":"\u0130\u015f arayanlara istihdam f\u0131rsat\u0131","og_description":"Antalya,\u00a0Kepez\u2019in Kariyer ve \u0130stihdam G\u00fcnleri\u2019nde bulu\u015fuyor. Kepez Belediyesi, &#8220;Kariyer ve \u0130stihdam G\u00fcnleri&#8221; kapsam\u0131nda i\u015f arayan ve staj yapmak isteyenleri 9-10 Nisan tarihlerinde Mimar Sinan Kongre Merkezi\u2019nde sekt\u00f6r liderleriyle bir araya getirecek. \u00a0Seminerler, at\u00f6lye \u00e7al\u0131\u015fmalar\u0131 ve canl\u0131 performanslar ile kat\u0131l\u0131mc\u0131lara farkl\u0131 kariyer f\u0131rsatlar\u0131n sunulaca\u011f\u0131 Kariyer ve \u0130stihdam G\u00fcnleri, saat 10.00\u2018da Mimar Sinan Akademi Dans Toplulu\u011fu&#8217;nun canl\u0131 performans\u0131yla ba\u015flayacak. Ard\u0131ndan, Kepez Belediye Ba\u015fkan\u0131 Mesut Kocag\u00f6z\u2019\u00fcn kat\u0131laca\u011f\u0131 a\u00e7\u0131l\u0131\u015f seromonisi ile devam edecek. \u0130lk g\u00fcn\u00fcn en dikkat \u00e7ekici konu\u015fmalar\u0131ndan biri, Antalya Bilim \u00dcniversitesi \u00d6\u011fretim \u00dcyesi ve bilim insan\u0131 Murat Kaplan\u2019\u0131n \u201cM\u00fclakat ve Profesyonel Ortamlarda Altyaz\u0131lar\u0131yla \u0130nsan\u0131 Okumak\u201d ba\u015fl\u0131kl\u0131 semineri olacak. Ayr\u0131ca, dijital i\u00e7erik \u00fcreticisi Ozan Sihay, yapay zekan\u0131n video ve grafik alan\u0131ndaki kullan\u0131m\u0131n\u0131 anlatacak. Ayn\u0131 g\u00fcn Ela Excellence Resort Otel \u0130nsan Kaynaklar\u0131 Genel Koordinat\u00f6r\u00fc \u00d6zg\u00fcr Keskin, kat\u0131l\u0131mc\u0131lara &#8220;Bizim Hikayemizde Sen Vars\u0131n&#8221; ba\u015fl\u0131kl\u0131 bir seminer ger\u00e7ekle\u015ftirecek. HER G\u00dcN AT\u00d6LYE \u00c7ALI\u015eMALARI Kariyer ve \u0130stihdam G\u00fcnleri\u2019nde iki g\u00fcn boyunca farkl\u0131 at\u00f6lyeler d\u00fczenlenecek. Antalya Bilim Merkezi e\u011fitmenleri taraf\u0131ndan \u201cYapay Zeka Ara\u00e7lar\u0131yla CV Olu\u015fturma\u201d ve \u201cDijital Sanat ve 3D Modelleme\u201d gibi at\u00f6lyeler kat\u0131l\u0131mc\u0131larla bulu\u015facak. Ayr\u0131ca, Kepez Belediyesi Sa\u011fl\u0131k Merkezi Psikolo\u011fu K\u00fcbra K\u0131rman, \u201c\u0130\u015f Hayat\u0131nda ve \u0130\u015f Bulma S\u00fcrecinde Stres Y\u00f6netimi\u201d \u00fczerine bilgiler aktaracak. KAR\u0130YER VE \u0130ST\u0130DAM DA \u0130K\u0130NC\u0130 G\u00dcN \u0130\u015f arayanlara ve staj yapmak isteyenlere i\u015f kap\u0131lar\u0131n\u0131n aralanaca\u011f\u0131 Kariyer &hellip;","og_url":"https:\/\/denizcankizil.tr\/uk\/haberler\/antalya\/is-arayanlara-istihdam-firsati\/","og_site_name":"Av. Deniz Can K\u0131z\u0131l","article_published_time":"2025-04-08T07:41:15+00:00","og_image":[{"width":1280,"height":720,"url":"https:\/\/denizcankizil.tr\/wp-content\/uploads\/2025\/04\/kepezin-kariyer-ve-istihdam-gunleri-9-10-nisanda-4-6IMcMf.webp","type":"image\/webp"}],"author":"Av. Deniz Can K\u0131z\u0131l","twitter_card":"summary_large_image","twitter_misc":{"\u041d\u0430\u043f\u0438\u0441\u0430\u043d\u043e":"Av. Deniz Can K\u0131z\u0131l","\u041f\u0440\u0438\u0431\u043b. \u0447\u0430\u0441 \u0447\u0438\u0442\u0430\u043d\u043d\u044f":"5 \u0445\u0432\u0438\u043b\u0438\u043d"},"schema":{"@context":"https:\/\/schema.org","@graph":[{"@type":"Article","@id":"https:\/\/denizcankizil.tr\/uk\/haberler\/antalya\/is-arayanlara-istihdam-firsati\/#article","isPartOf":{"@id":"https:\/\/denizcankizil.tr\/uk\/haberler\/antalya\/is-arayanlara-istihdam-firsati\/"},"author":{"name":"Av. Deniz Can K\u0131z\u0131l","@id":"https:\/\/denizcankizil.tr\/#\/schema\/person\/5dc1b22991bd7ac833867c10afc9b0ff"},"headline":"\u0130\u015f arayanlara istihdam f\u0131rsat\u0131","datePublished":"2025-04-08T07:41:15+00:00","mainEntityOfPage":{"@id":"https:\/\/denizcankizil.tr\/uk\/haberler\/antalya\/is-arayanlara-istihdam-firsati\/"},"wordCount":1096,"publisher":{"@id":"https:\/\/denizcankizil.tr\/#organization"},"image":{"@id":"https:\/\/denizcankizil.tr\/uk\/haberler\/antalya\/is-arayanlara-istihdam-firsati\/#primaryimage"},"thumbnailUrl":"https:\/\/denizcankizil.tr\/wp-content\/uploads\/2025\/04\/kepezin-kariyer-ve-istihdam-gunleri-9-10-nisanda-4-6IMcMf.webp","articleSection":["Antalya"],"inLanguage":"uk"},{"@type":"WebPage","@id":"https:\/\/denizcankizil.tr\/uk\/haberler\/antalya\/is-arayanlara-istihdam-firsati\/","url":"https:\/\/denizcankizil.tr\/uk\/haberler\/antalya\/is-arayanlara-istihdam-firsati\/","name":"\u0130\u015f arayanlara istihdam f\u0131rsat\u0131 - Av. Deniz Can K\u0131z\u0131l","isPartOf":{"@id":"https:\/\/denizcankizil.tr\/#website"},"primaryImageOfPage":{"@id":"https:\/\/denizcankizil.tr\/uk\/haberler\/antalya\/is-arayanlara-istihdam-firsati\/#primaryimage"},"image":{"@id":"https:\/\/denizcankizil.tr\/uk\/haberler\/antalya\/is-arayanlara-istihdam-firsati\/#primaryimage"},"thumbnailUrl":"https:\/\/denizcankizil.tr\/wp-content\/uploads\/2025\/04\/kepezin-kariyer-ve-istihdam-gunleri-9-10-nisanda-4-6IMcMf.webp","datePublished":"2025-04-08T07:41:15+00:00","breadcrumb":{"@id":"https:\/\/denizcankizil.tr\/uk\/haberler\/antalya\/is-arayanlara-istihdam-firsati\/#breadcrumb"},"inLanguage":"uk","potentialAction":[{"@type":"ReadAction","target":["https:\/\/denizcankizil.tr\/uk\/haberler\/antalya\/is-arayanlara-istihdam-firsati\/"]}]},{"@type":"ImageObject","inLanguage":"uk","@id":"https:\/\/denizcankizil.tr\/uk\/haberler\/antalya\/is-arayanlara-istihdam-firsati\/#primaryimage","url":"https:\/\/denizcankizil.tr\/wp-content\/uploads\/2025\/04\/kepezin-kariyer-ve-istihdam-gunleri-9-10-nisanda-4-6IMcMf.webp","contentUrl":"https:\/\/denizcankizil.tr\/wp-content\/uploads\/2025\/04\/kepezin-kariyer-ve-istihdam-gunleri-9-10-nisanda-4-6IMcMf.webp","width":1280,"height":720},{"@type":"BreadcrumbList","@id":"https:\/\/denizcankizil.tr\/uk\/haberler\/antalya\/is-arayanlara-istihdam-firsati\/#breadcrumb","itemListElement":[{"@type":"ListItem","position":1,"name":"Home","item":"https:\/\/denizcankizil.tr\/de\/"},{"@type":"ListItem","position":2,"name":"\u0130\u015f arayanlara istihdam f\u0131rsat\u0131"}]},{"@type":"WebSite","@id":"https:\/\/denizcankizil.tr\/#website","url":"https:\/\/denizcankizil.tr\/","name":"Av. Deniz Can K\u0131z\u0131l","description":"Avukat Deniz Can K\u0131z\u0131l Antalya Barosu","publisher":{"@id":"https:\/\/denizcankizil.tr\/#organization"},"potentialAction":[{"@type":"SearchAction","target":{"@type":"EntryPoint","urlTemplate":"https:\/\/denizcankizil.tr\/?s={search_term_string}"},"query-input":{"@type":"PropertyValueSpecification","valueRequired":true,"valueName":"search_term_string"}}],"inLanguage":"uk"},{"@type":"Organization","@id":"https:\/\/denizcankizil.tr\/#organization","name":"Av. Deniz Can K\u0131z\u0131l","url":"https:\/\/denizcankizil.tr\/","logo":{"@type":"ImageObject","inLanguage":"uk","@id":"https:\/\/denizcankizil.tr\/#\/schema\/logo\/image\/","url":"https:\/\/denizcankizil.tr\/wp-content\/uploads\/2024\/10\/siyah-logo-svg.svg","contentUrl":"https:\/\/denizcankizil.tr\/wp-content\/uploads\/2024\/10\/siyah-logo-svg.svg","width":1080,"height":1080,"caption":"Av. Deniz Can K\u0131z\u0131l"},"image":{"@id":"https:\/\/denizcankizil.tr\/#\/schema\/logo\/image\/"}},{"@type":"Person","@id":"https:\/\/denizcankizil.tr\/#\/schema\/person\/5dc1b22991bd7ac833867c10afc9b0ff","name":"Av. Deniz Can K\u0131z\u0131l","image":{"@type":"ImageObject","inLanguage":"uk","@id":"https:\/\/denizcankizil.tr\/#\/schema\/person\/image\/","url":"https:\/\/secure.gravatar.com\/avatar\/a0b128fb9855c79efc976d5640eedb31dc35ec297594d6016d2cf7c60e975bb6?s=96&d=mm&r=g","contentUrl":"https:\/\/secure.gravatar.com\/avatar\/a0b128fb9855c79efc976d5640eedb31dc35ec297594d6016d2cf7c60e975bb6?s=96&d=mm&r=g","caption":"Av. Deniz Can K\u0131z\u0131l"},"sameAs":["http:\/\/www.denizcankizil.tr"],"url":"https:\/\/denizcankizil.tr\/uk\/author\/denizcankizil\/"}]}},"_links":{"self":[{"href":"https:\/\/denizcankizil.tr\/uk\/wp-json\/wp\/v2\/posts\/49132","targetHints":{"allow":["GET"]}}],"collection":[{"href":"https:\/\/denizcankizil.tr\/uk\/wp-json\/wp\/v2\/posts"}],"about":[{"href":"https:\/\/denizcankizil.tr\/uk\/wp-json\/wp\/v2\/types\/post"}],"author":[{"embeddable":true,"href":"https:\/\/denizcankizil.tr\/uk\/wp-json\/wp\/v2\/users\/4"}],"replies":[{"embeddable":true,"href":"https:\/\/denizcankizil.tr\/uk\/wp-json\/wp\/v2\/comments?post=49132"}],"version-history":[{"count":0,"href":"https:\/\/denizcankizil.tr\/uk\/wp-json\/wp\/v2\/posts\/49132\/revisions"}],"wp:featuredmedia":[{"embeddable":true,"href":"https:\/\/denizcankizil.tr\/uk\/wp-json\/wp\/v2\/media\/49133"}],"wp:attachment":[{"href":"https:\/\/denizcankizil.tr\/uk\/wp-json\/wp\/v2\/media?parent=49132"}],"wp:term":[{"taxonomy":"category","embeddable":true,"href":"https:\/\/denizcankizil.tr\/uk\/wp-json\/wp\/v2\/categories?post=49132"},{"taxonomy":"post_tag","embeddable":true,"href":"https:\/\/denizcankizil.tr\/uk\/wp-json\/wp\/v2\/tags?post=49132"}],"curies":[{"name":"wp","href":"https:\/\/api.w.org\/{rel}","templated":true}]}}