{"id":48073,"date":"2025-04-07T10:20:00","date_gmt":"2025-04-07T07:20:00","guid":{"rendered":"https:\/\/denizcankizil.tr\/uncategorized-tr\/yargitay-13-hukuk-dairesinin-2014-43355-e-2015-5075-k-sayili-karari\/"},"modified":"2025-04-07T10:20:00","modified_gmt":"2025-04-07T07:20:00","slug":"yargitay-13-hukuk-dairesinin-2014-43355-e-2015-5075-k-sayili-karari","status":"publish","type":"post","link":"https:\/\/denizcankizil.tr\/uk\/hukukihaber\/yargitay-13-hukuk-dairesinin-2014-43355-e-2015-5075-k-sayili-karari\/","title":{"rendered":"Yarg\u0131tay 13. Hukuk Dairesi\u2019nin 2014\/43355 E. 2015\/5075 K. say\u0131l\u0131 karar\u0131"},"content":{"rendered":"<p>T.C.<\/p>\n<p>Yarg\u0131tay\u00a0<\/p>\n<p>13. Hukuk Dairesi <\/p>\n<p>2014\/43355 E., 2015\/5075 K.<\/p>\n<p>&#8220;\u0130\u00e7tihat Metni&#8221;<\/p>\n<p>MAHKEMES\u0130 : Asliye Hukuk Mahkemesi<\/p>\n<p>Taraflar aras\u0131ndaki alacak davas\u0131n\u0131n yap\u0131lan yarg\u0131lamas\u0131 sonunda ilamda yaz\u0131l\u0131 nedenlerden dolay\u0131 davan\u0131n k\u0131smen kabul\u00fcne k\u0131smen reddine y\u00f6nelik olarak verilen h\u00fckm\u00fcn s\u00fcresi i\u00e7inde davac\u0131 ve daval\u0131 &#8230; avukat\u0131nca temyiz edilmesi \u00fczerine dosya incelendi gere\u011fi konu\u015fulup d\u00fc\u015f\u00fcn\u00fcld\u00fc.<\/p>\n<p>KARAR<\/p>\n<p>Davac\u0131, galerici olan daval\u0131 \u015firketten sat\u0131n ald\u0131\u011f\u0131 arac\u0131n \u00fcretim hatas\u0131 nedeni ile ar\u0131zaland\u0131\u011f\u0131n\u0131 ileri s\u00fcrerek, gizli ay\u0131pla arac\u0131n sat\u0131\u015f bedelinin \u00f6detilmesini istemi\u015ftir.<\/p>\n<p>Daval\u0131lar, davan\u0131n reddini savunmu\u015ftur.<\/p>\n<p>Mahkemece, davan\u0131n k\u0131smen kabul\u00fcne karar verilmi\u015f; h\u00fck\u00fcm, davac\u0131 ve daval\u0131lar taraf\u0131ndan temyiz edilmi\u015ftir.<\/p>\n<p>1-4822 say\u0131l\u0131 kanun ile de\u011fi\u015fik 4077 say\u0131l\u0131 T\u00fcketicinin Korunmas\u0131 Hakk\u0131nda Kanunun 3.maddesinde, kanunun uygulanmas\u0131yla ilgili tan\u0131mlar yap\u0131l\u0131p, bu arada \u201cAl\u0131\u015fveri\u015fe konu olan ta\u015f\u0131n\u0131r e\u015fyay\u0131&#8230;\u201d mal, \u201cBir mal veya hizmeti ticari veya mesleki olmayan ama\u00e7larla edinen, kullanan veya yararlanan ger\u00e7ek yada t\u00fczel ki\u015fiyi\u201d t\u00fcketici, \u201ckamu t\u00fczel ki\u015fileri de dahil olmak \u00fczere, ticari veya mesleki faaliyetleri kapsam\u0131nda t\u00fcketiciye mal sunan ger\u00e7ek veya t\u00fczel ki\u015fileri\u201d sat\u0131c\u0131 olarak, tan\u0131mlanm\u0131\u015ft\u0131r. Ayn\u0131 Yasan\u0131n 23. maddesinin 1. f\u0131kras\u0131nda ise, \u201cBu kanunun uygulanmas\u0131yla ilgili \u00e7\u0131kacak her t\u00fcrl\u00fc ihtilaflara t\u00fcketici mahkemelerinde bak\u0131l\u0131r\u201d h\u00fckm\u00fcyle, kanunun uygulanmas\u0131ndan do\u011facak ihtilaflara bakacak g\u00f6revli mahkeme belirtilmi\u015ftir.<br \/>\nBir hukuki i\u015flemin 4077 say\u0131l\u0131 yasa kapsam\u0131nda kald\u0131\u011f\u0131n\u0131n kabul edilmesi i\u00e7in yasan\u0131n amac\u0131 i\u00e7erisinde yukar\u0131da tan\u0131mlar\u0131 verilen taraflar aras\u0131nda mal ve hizmet sat\u0131\u015f\u0131na ili\u015fkin bir hukuki i\u015flemin olmas\u0131 gerekir. Somut uyu\u015fmazl\u0131kta daval\u0131n\u0131n (sat\u0131c\u0131) davac\u0131ya (al\u0131c\u0131) ara\u00e7 satt\u0131\u011f\u0131 ve taraflar aras\u0131ndaki ili\u015fkinin 4077 say\u0131l\u0131 yasa kapsam\u0131nda kald\u0131\u011f\u0131 anla\u015f\u0131lmaktad\u0131r. Arac\u0131n ikinci el ara\u00e7 olmas\u0131n\u0131n sonuca etkisi bulunmad\u0131\u011f\u0131 gibi, TKHK nun 4\/3 maddesine g\u00f6re; \u0130malat\u00e7\u0131-\u00fcretici, sat\u0131c\u0131, bayi, acente, ithalat\u00e7\u0131 ay\u0131pl\u0131 maldan ve t\u00fcketicinin bu maddede yer alan se\u00e7imlik haklar\u0131ndan dolay\u0131 m\u00fcteselsilen sorumlu oldu\u011fu g\u00f6zetildi\u011finde sat\u0131c\u0131 ve \u00fcretici -ithalat\u00e7\u0131 daval\u0131lara kar\u015f\u0131 a\u00e7\u0131lan eldeki davada 4077 say\u0131l\u0131 yasan\u0131n 23. maddesi gere\u011fince davaya bakmaya T\u00fcketici Mahkemesi g\u00f6revlidir. Mahkemece g\u00f6revsizlik karar\u0131 verilmesi gerekirken yaz\u0131l\u0131 \u015fekilde h\u00fck\u00fcm tesisi usul ve yasaya ayk\u0131r\u0131 olup bozmay\u0131 gerektirir.<\/p>\n<p>2-Bozma nedenine g\u00f6re, taraflar\u0131n di\u011fer temyiz itirazlar\u0131n\u0131n incelenmesine \u015fimdilik gerek g\u00f6r\u00fclmemi\u015ftir.<\/p>\n<p>SONU\u00c7: Birinci bentte a\u00e7\u0131klanan nedenlerle, temyiz edilen karar\u0131n taraflar yarar\u0131na BOZULMASINA, ikinci bentte a\u00e7\u0131klanan nedenlerle, taraflar\u0131n di\u011fer temyiz itirazlar\u0131n\u0131n incelenmesine yer olmad\u0131\u011f\u0131na, pe\u015fin al\u0131nan harc\u0131n istek halinde iadesine, 19.02.2015 g\u00fcn\u00fcnde oybirli\u011fiyle karar verildi.<\/p>\n<p>\u200bYarg\u0131tay 13. Hukuk Dairesi\u2019nin 19\/02\/2015 Tarihli 2014\/43355 Esas 2015\/5075 Karar say\u0131l\u0131 karar\u0131\u00a0Hukuki Haber<\/p>\n<p>Haberin Al\u0131nt\u0131land\u0131\u011f\u0131 Kaynak: www.hukukihaber.net<\/p>","protected":false},"excerpt":{"rendered":"<p>T.C. Yarg\u0131tay\u00a0 13. Hukuk Dairesi 2014\/43355 E., 2015\/5075 K. &#8220;\u0130\u00e7tihat Metni&#8221; MAHKEMES\u0130 : Asliye Hukuk Mahkemesi Taraflar aras\u0131ndaki alacak davas\u0131n\u0131n yap\u0131lan yarg\u0131lamas\u0131 sonunda ilamda yaz\u0131l\u0131 nedenlerden dolay\u0131 davan\u0131n k\u0131smen kabul\u00fcne k\u0131smen reddine y\u00f6nelik olarak verilen h\u00fckm\u00fcn s\u00fcresi i\u00e7inde davac\u0131 ve daval\u0131 &#8230; avukat\u0131nca temyiz edilmesi \u00fczerine dosya incelendi gere\u011fi konu\u015fulup d\u00fc\u015f\u00fcn\u00fcld\u00fc. KARAR Davac\u0131, galerici olan daval\u0131 \u015firketten sat\u0131n ald\u0131\u011f\u0131 arac\u0131n \u00fcretim hatas\u0131 nedeni ile ar\u0131zaland\u0131\u011f\u0131n\u0131 ileri s\u00fcrerek, gizli ay\u0131pla arac\u0131n sat\u0131\u015f bedelinin \u00f6detilmesini istemi\u015ftir. Daval\u0131lar, davan\u0131n reddini savunmu\u015ftur. Mahkemece, davan\u0131n k\u0131smen kabul\u00fcne karar verilmi\u015f; h\u00fck\u00fcm, davac\u0131 ve daval\u0131lar taraf\u0131ndan temyiz edilmi\u015ftir. 1-4822 say\u0131l\u0131 kanun ile de\u011fi\u015fik 4077 say\u0131l\u0131 T\u00fcketicinin Korunmas\u0131 Hakk\u0131nda Kanunun 3.maddesinde, kanunun uygulanmas\u0131yla ilgili tan\u0131mlar yap\u0131l\u0131p, bu arada \u201cAl\u0131\u015fveri\u015fe konu olan ta\u015f\u0131n\u0131r e\u015fyay\u0131&#8230;\u201d mal, \u201cBir mal veya hizmeti ticari veya mesleki olmayan ama\u00e7larla edinen, kullanan veya yararlanan ger\u00e7ek yada t\u00fczel ki\u015fiyi\u201d t\u00fcketici, \u201ckamu t\u00fczel ki\u015fileri de dahil olmak \u00fczere, ticari veya mesleki faaliyetleri kapsam\u0131nda t\u00fcketiciye mal sunan ger\u00e7ek veya t\u00fczel ki\u015fileri\u201d sat\u0131c\u0131 olarak, tan\u0131mlanm\u0131\u015ft\u0131r. Ayn\u0131 Yasan\u0131n 23. maddesinin 1. f\u0131kras\u0131nda ise, \u201cBu kanunun uygulanmas\u0131yla ilgili \u00e7\u0131kacak her t\u00fcrl\u00fc ihtilaflara t\u00fcketici mahkemelerinde bak\u0131l\u0131r\u201d h\u00fckm\u00fcyle, kanunun uygulanmas\u0131ndan do\u011facak ihtilaflara bakacak g\u00f6revli mahkeme belirtilmi\u015ftir. Bir hukuki i\u015flemin 4077 say\u0131l\u0131 yasa kapsam\u0131nda kald\u0131\u011f\u0131n\u0131n kabul edilmesi i\u00e7in yasan\u0131n amac\u0131 i\u00e7erisinde yukar\u0131da tan\u0131mlar\u0131 verilen &hellip;<\/p>","protected":false},"author":3,"featured_media":0,"comment_status":"","ping_status":"open","sticky":false,"template":"","format":"standard","meta":{"_acf_changed":false,"footnotes":""},"categories":[27],"tags":[],"class_list":["post-48073","post","type-post","status-publish","format-standard","has-post-thumbnail","hentry","category-hukukihaber"],"acf":[],"yoast_head":"<!-- This site is optimized with the Yoast SEO Premium plugin v26.6 (Yoast SEO v27.1.1) - https:\/\/yoast.com\/product\/yoast-seo-premium-wordpress\/ -->\n<title>Yarg\u0131tay 13. Hukuk Dairesi\u2019nin 2014\/43355 E. 2015\/5075 K. say\u0131l\u0131 karar\u0131 - Av. Deniz Can K\u0131z\u0131l<\/title>\n<meta name=\"robots\" content=\"index, follow, max-snippet:-1, max-image-preview:large, max-video-preview:-1\" \/>\n<link rel=\"canonical\" href=\"https:\/\/denizcankizil.tr\/uk\/hukukihaber\/yargitay-13-hukuk-dairesinin-2014-43355-e-2015-5075-k-sayili-karari\/\" \/>\n<meta property=\"og:locale\" content=\"uk_UA\" \/>\n<meta property=\"og:type\" content=\"article\" \/>\n<meta property=\"og:title\" content=\"Yarg\u0131tay 13. Hukuk Dairesi\u2019nin 2014\/43355 E. 2015\/5075 K. say\u0131l\u0131 karar\u0131\" \/>\n<meta property=\"og:description\" content=\"T.C. Yarg\u0131tay\u00a0 13. Hukuk Dairesi 2014\/43355 E., 2015\/5075 K. &#8220;\u0130\u00e7tihat Metni&#8221; MAHKEMES\u0130 : Asliye Hukuk Mahkemesi Taraflar aras\u0131ndaki alacak davas\u0131n\u0131n yap\u0131lan yarg\u0131lamas\u0131 sonunda ilamda yaz\u0131l\u0131 nedenlerden dolay\u0131 davan\u0131n k\u0131smen kabul\u00fcne k\u0131smen reddine y\u00f6nelik olarak verilen h\u00fckm\u00fcn s\u00fcresi i\u00e7inde davac\u0131 ve daval\u0131 &#8230; avukat\u0131nca temyiz edilmesi \u00fczerine dosya incelendi gere\u011fi konu\u015fulup d\u00fc\u015f\u00fcn\u00fcld\u00fc. KARAR Davac\u0131, galerici olan daval\u0131 \u015firketten sat\u0131n ald\u0131\u011f\u0131 arac\u0131n \u00fcretim hatas\u0131 nedeni ile ar\u0131zaland\u0131\u011f\u0131n\u0131 ileri s\u00fcrerek, gizli ay\u0131pla arac\u0131n sat\u0131\u015f bedelinin \u00f6detilmesini istemi\u015ftir. Daval\u0131lar, davan\u0131n reddini savunmu\u015ftur. Mahkemece, davan\u0131n k\u0131smen kabul\u00fcne karar verilmi\u015f; h\u00fck\u00fcm, davac\u0131 ve daval\u0131lar taraf\u0131ndan temyiz edilmi\u015ftir. 1-4822 say\u0131l\u0131 kanun ile de\u011fi\u015fik 4077 say\u0131l\u0131 T\u00fcketicinin Korunmas\u0131 Hakk\u0131nda Kanunun 3.maddesinde, kanunun uygulanmas\u0131yla ilgili tan\u0131mlar yap\u0131l\u0131p, bu arada \u201cAl\u0131\u015fveri\u015fe konu olan ta\u015f\u0131n\u0131r e\u015fyay\u0131&#8230;\u201d mal, \u201cBir mal veya hizmeti ticari veya mesleki olmayan ama\u00e7larla edinen, kullanan veya yararlanan ger\u00e7ek yada t\u00fczel ki\u015fiyi\u201d t\u00fcketici, \u201ckamu t\u00fczel ki\u015fileri de dahil olmak \u00fczere, ticari veya mesleki faaliyetleri kapsam\u0131nda t\u00fcketiciye mal sunan ger\u00e7ek veya t\u00fczel ki\u015fileri\u201d sat\u0131c\u0131 olarak, tan\u0131mlanm\u0131\u015ft\u0131r. Ayn\u0131 Yasan\u0131n 23. maddesinin 1. f\u0131kras\u0131nda ise, \u201cBu kanunun uygulanmas\u0131yla ilgili \u00e7\u0131kacak her t\u00fcrl\u00fc ihtilaflara t\u00fcketici mahkemelerinde bak\u0131l\u0131r\u201d h\u00fckm\u00fcyle, kanunun uygulanmas\u0131ndan do\u011facak ihtilaflara bakacak g\u00f6revli mahkeme belirtilmi\u015ftir. Bir hukuki i\u015flemin 4077 say\u0131l\u0131 yasa kapsam\u0131nda kald\u0131\u011f\u0131n\u0131n kabul edilmesi i\u00e7in yasan\u0131n amac\u0131 i\u00e7erisinde yukar\u0131da tan\u0131mlar\u0131 verilen &hellip;\" \/>\n<meta property=\"og:url\" content=\"https:\/\/denizcankizil.tr\/uk\/hukukihaber\/yargitay-13-hukuk-dairesinin-2014-43355-e-2015-5075-k-sayili-karari\/\" \/>\n<meta property=\"og:site_name\" content=\"Av. Deniz Can K\u0131z\u0131l\" \/>\n<meta property=\"article:published_time\" content=\"2025-04-07T07:20:00+00:00\" \/>\n<meta name=\"author\" content=\"Hukuki Haber.net\" \/>\n<meta name=\"twitter:card\" content=\"summary_large_image\" \/>\n<meta name=\"twitter:label1\" content=\"\u041d\u0430\u043f\u0438\u0441\u0430\u043d\u043e\" \/>\n\t<meta name=\"twitter:data1\" content=\"Hukuki Haber.net\" \/>\n\t<meta name=\"twitter:label2\" content=\"\u041f\u0440\u0438\u0431\u043b. \u0447\u0430\u0441 \u0447\u0438\u0442\u0430\u043d\u043d\u044f\" \/>\n\t<meta name=\"twitter:data2\" content=\"3 \u0445\u0432\u0438\u043b\u0438\u043d\u0438\" \/>\n<script type=\"application\/ld+json\" class=\"yoast-schema-graph\">{\"@context\":\"https:\/\/schema.org\",\"@graph\":[{\"@type\":\"Article\",\"@id\":\"https:\/\/denizcankizil.tr\/uk\/hukukihaber\/yargitay-13-hukuk-dairesinin-2014-43355-e-2015-5075-k-sayili-karari\/#article\",\"isPartOf\":{\"@id\":\"https:\/\/denizcankizil.tr\/uk\/hukukihaber\/yargitay-13-hukuk-dairesinin-2014-43355-e-2015-5075-k-sayili-karari\/\"},\"author\":{\"name\":\"Hukuki Haber.net\",\"@id\":\"https:\/\/denizcankizil.tr\/#\/schema\/person\/001a271de994a0aa3f90eea084424822\"},\"headline\":\"Yarg\u0131tay 13. Hukuk Dairesi\u2019nin 2014\/43355 E. 2015\/5075 K. say\u0131l\u0131 karar\u0131\",\"datePublished\":\"2025-04-07T07:20:00+00:00\",\"mainEntityOfPage\":{\"@id\":\"https:\/\/denizcankizil.tr\/uk\/hukukihaber\/yargitay-13-hukuk-dairesinin-2014-43355-e-2015-5075-k-sayili-karari\/\"},\"wordCount\":525,\"publisher\":{\"@id\":\"https:\/\/denizcankizil.tr\/#organization\"},\"articleSection\":[\"Hukuki Haberler\"],\"inLanguage\":\"uk\"},{\"@type\":\"WebPage\",\"@id\":\"https:\/\/denizcankizil.tr\/uk\/hukukihaber\/yargitay-13-hukuk-dairesinin-2014-43355-e-2015-5075-k-sayili-karari\/\",\"url\":\"https:\/\/denizcankizil.tr\/uk\/hukukihaber\/yargitay-13-hukuk-dairesinin-2014-43355-e-2015-5075-k-sayili-karari\/\",\"name\":\"Yarg\u0131tay 13. Hukuk Dairesi\u2019nin 2014\/43355 E. 2015\/5075 K. say\u0131l\u0131 karar\u0131 - Av. Deniz Can K\u0131z\u0131l\",\"isPartOf\":{\"@id\":\"https:\/\/denizcankizil.tr\/#website\"},\"datePublished\":\"2025-04-07T07:20:00+00:00\",\"breadcrumb\":{\"@id\":\"https:\/\/denizcankizil.tr\/uk\/hukukihaber\/yargitay-13-hukuk-dairesinin-2014-43355-e-2015-5075-k-sayili-karari\/#breadcrumb\"},\"inLanguage\":\"uk\",\"potentialAction\":[{\"@type\":\"ReadAction\",\"target\":[\"https:\/\/denizcankizil.tr\/uk\/hukukihaber\/yargitay-13-hukuk-dairesinin-2014-43355-e-2015-5075-k-sayili-karari\/\"]}]},{\"@type\":\"BreadcrumbList\",\"@id\":\"https:\/\/denizcankizil.tr\/uk\/hukukihaber\/yargitay-13-hukuk-dairesinin-2014-43355-e-2015-5075-k-sayili-karari\/#breadcrumb\",\"itemListElement\":[{\"@type\":\"ListItem\",\"position\":1,\"name\":\"Home\",\"item\":\"https:\/\/denizcankizil.tr\/de\/\"},{\"@type\":\"ListItem\",\"position\":2,\"name\":\"Yarg\u0131tay 13. Hukuk Dairesi\u2019nin 2014\/43355 E. 2015\/5075 K. say\u0131l\u0131 karar\u0131\"}]},{\"@type\":\"WebSite\",\"@id\":\"https:\/\/denizcankizil.tr\/#website\",\"url\":\"https:\/\/denizcankizil.tr\/\",\"name\":\"Av. Deniz Can K\u0131z\u0131l\",\"description\":\"Avukat Deniz Can K\u0131z\u0131l Antalya Barosu\",\"publisher\":{\"@id\":\"https:\/\/denizcankizil.tr\/#organization\"},\"potentialAction\":[{\"@type\":\"SearchAction\",\"target\":{\"@type\":\"EntryPoint\",\"urlTemplate\":\"https:\/\/denizcankizil.tr\/?s={search_term_string}\"},\"query-input\":{\"@type\":\"PropertyValueSpecification\",\"valueRequired\":true,\"valueName\":\"search_term_string\"}}],\"inLanguage\":\"uk\"},{\"@type\":\"Organization\",\"@id\":\"https:\/\/denizcankizil.tr\/#organization\",\"name\":\"Av. Deniz Can K\u0131z\u0131l\",\"url\":\"https:\/\/denizcankizil.tr\/\",\"logo\":{\"@type\":\"ImageObject\",\"inLanguage\":\"uk\",\"@id\":\"https:\/\/denizcankizil.tr\/#\/schema\/logo\/image\/\",\"url\":\"https:\/\/denizcankizil.tr\/wp-content\/uploads\/2024\/10\/siyah-logo-svg.svg\",\"contentUrl\":\"https:\/\/denizcankizil.tr\/wp-content\/uploads\/2024\/10\/siyah-logo-svg.svg\",\"width\":1080,\"height\":1080,\"caption\":\"Av. Deniz Can K\u0131z\u0131l\"},\"image\":{\"@id\":\"https:\/\/denizcankizil.tr\/#\/schema\/logo\/image\/\"}},{\"@type\":\"Person\",\"@id\":\"https:\/\/denizcankizil.tr\/#\/schema\/person\/001a271de994a0aa3f90eea084424822\",\"name\":\"Hukuki Haber.net\",\"image\":{\"@type\":\"ImageObject\",\"inLanguage\":\"uk\",\"@id\":\"https:\/\/denizcankizil.tr\/#\/schema\/person\/image\/\",\"url\":\"https:\/\/secure.gravatar.com\/avatar\/57d8a49151495586611a149d29fc42865b951dc053a84709a3172ccb5abf3118?s=96&d=mm&r=g\",\"contentUrl\":\"https:\/\/secure.gravatar.com\/avatar\/57d8a49151495586611a149d29fc42865b951dc053a84709a3172ccb5abf3118?s=96&d=mm&r=g\",\"caption\":\"Hukuki Haber.net\"},\"sameAs\":[\"http:\/\/www.hukukihaber.net\"],\"url\":\"https:\/\/denizcankizil.tr\/uk\/author\/hukukihabernet\/\"}]}<\/script>\n<!-- \/ Yoast SEO Premium plugin. -->","yoast_head_json":{"title":"Yarg\u0131tay 13. Hukuk Dairesi\u2019nin 2014\/43355 E. 2015\/5075 K. say\u0131l\u0131 karar\u0131 - Av. Deniz Can K\u0131z\u0131l","robots":{"index":"index","follow":"follow","max-snippet":"max-snippet:-1","max-image-preview":"max-image-preview:large","max-video-preview":"max-video-preview:-1"},"canonical":"https:\/\/denizcankizil.tr\/uk\/hukukihaber\/yargitay-13-hukuk-dairesinin-2014-43355-e-2015-5075-k-sayili-karari\/","og_locale":"uk_UA","og_type":"article","og_title":"Yarg\u0131tay 13. Hukuk Dairesi\u2019nin 2014\/43355 E. 2015\/5075 K. say\u0131l\u0131 karar\u0131","og_description":"T.C. Yarg\u0131tay\u00a0 13. Hukuk Dairesi 2014\/43355 E., 2015\/5075 K. &#8220;\u0130\u00e7tihat Metni&#8221; MAHKEMES\u0130 : Asliye Hukuk Mahkemesi Taraflar aras\u0131ndaki alacak davas\u0131n\u0131n yap\u0131lan yarg\u0131lamas\u0131 sonunda ilamda yaz\u0131l\u0131 nedenlerden dolay\u0131 davan\u0131n k\u0131smen kabul\u00fcne k\u0131smen reddine y\u00f6nelik olarak verilen h\u00fckm\u00fcn s\u00fcresi i\u00e7inde davac\u0131 ve daval\u0131 &#8230; avukat\u0131nca temyiz edilmesi \u00fczerine dosya incelendi gere\u011fi konu\u015fulup d\u00fc\u015f\u00fcn\u00fcld\u00fc. KARAR Davac\u0131, galerici olan daval\u0131 \u015firketten sat\u0131n ald\u0131\u011f\u0131 arac\u0131n \u00fcretim hatas\u0131 nedeni ile ar\u0131zaland\u0131\u011f\u0131n\u0131 ileri s\u00fcrerek, gizli ay\u0131pla arac\u0131n sat\u0131\u015f bedelinin \u00f6detilmesini istemi\u015ftir. Daval\u0131lar, davan\u0131n reddini savunmu\u015ftur. Mahkemece, davan\u0131n k\u0131smen kabul\u00fcne karar verilmi\u015f; h\u00fck\u00fcm, davac\u0131 ve daval\u0131lar taraf\u0131ndan temyiz edilmi\u015ftir. 1-4822 say\u0131l\u0131 kanun ile de\u011fi\u015fik 4077 say\u0131l\u0131 T\u00fcketicinin Korunmas\u0131 Hakk\u0131nda Kanunun 3.maddesinde, kanunun uygulanmas\u0131yla ilgili tan\u0131mlar yap\u0131l\u0131p, bu arada \u201cAl\u0131\u015fveri\u015fe konu olan ta\u015f\u0131n\u0131r e\u015fyay\u0131&#8230;\u201d mal, \u201cBir mal veya hizmeti ticari veya mesleki olmayan ama\u00e7larla edinen, kullanan veya yararlanan ger\u00e7ek yada t\u00fczel ki\u015fiyi\u201d t\u00fcketici, \u201ckamu t\u00fczel ki\u015fileri de dahil olmak \u00fczere, ticari veya mesleki faaliyetleri kapsam\u0131nda t\u00fcketiciye mal sunan ger\u00e7ek veya t\u00fczel ki\u015fileri\u201d sat\u0131c\u0131 olarak, tan\u0131mlanm\u0131\u015ft\u0131r. Ayn\u0131 Yasan\u0131n 23. maddesinin 1. f\u0131kras\u0131nda ise, \u201cBu kanunun uygulanmas\u0131yla ilgili \u00e7\u0131kacak her t\u00fcrl\u00fc ihtilaflara t\u00fcketici mahkemelerinde bak\u0131l\u0131r\u201d h\u00fckm\u00fcyle, kanunun uygulanmas\u0131ndan do\u011facak ihtilaflara bakacak g\u00f6revli mahkeme belirtilmi\u015ftir. Bir hukuki i\u015flemin 4077 say\u0131l\u0131 yasa kapsam\u0131nda kald\u0131\u011f\u0131n\u0131n kabul edilmesi i\u00e7in yasan\u0131n amac\u0131 i\u00e7erisinde yukar\u0131da tan\u0131mlar\u0131 verilen &hellip;","og_url":"https:\/\/denizcankizil.tr\/uk\/hukukihaber\/yargitay-13-hukuk-dairesinin-2014-43355-e-2015-5075-k-sayili-karari\/","og_site_name":"Av. Deniz Can K\u0131z\u0131l","article_published_time":"2025-04-07T07:20:00+00:00","author":"Hukuki Haber.net","twitter_card":"summary_large_image","twitter_misc":{"\u041d\u0430\u043f\u0438\u0441\u0430\u043d\u043e":"Hukuki Haber.net","\u041f\u0440\u0438\u0431\u043b. \u0447\u0430\u0441 \u0447\u0438\u0442\u0430\u043d\u043d\u044f":"3 \u0445\u0432\u0438\u043b\u0438\u043d\u0438"},"schema":{"@context":"https:\/\/schema.org","@graph":[{"@type":"Article","@id":"https:\/\/denizcankizil.tr\/uk\/hukukihaber\/yargitay-13-hukuk-dairesinin-2014-43355-e-2015-5075-k-sayili-karari\/#article","isPartOf":{"@id":"https:\/\/denizcankizil.tr\/uk\/hukukihaber\/yargitay-13-hukuk-dairesinin-2014-43355-e-2015-5075-k-sayili-karari\/"},"author":{"name":"Hukuki Haber.net","@id":"https:\/\/denizcankizil.tr\/#\/schema\/person\/001a271de994a0aa3f90eea084424822"},"headline":"Yarg\u0131tay 13. Hukuk Dairesi\u2019nin 2014\/43355 E. 2015\/5075 K. say\u0131l\u0131 karar\u0131","datePublished":"2025-04-07T07:20:00+00:00","mainEntityOfPage":{"@id":"https:\/\/denizcankizil.tr\/uk\/hukukihaber\/yargitay-13-hukuk-dairesinin-2014-43355-e-2015-5075-k-sayili-karari\/"},"wordCount":525,"publisher":{"@id":"https:\/\/denizcankizil.tr\/#organization"},"articleSection":["Hukuki Haberler"],"inLanguage":"uk"},{"@type":"WebPage","@id":"https:\/\/denizcankizil.tr\/uk\/hukukihaber\/yargitay-13-hukuk-dairesinin-2014-43355-e-2015-5075-k-sayili-karari\/","url":"https:\/\/denizcankizil.tr\/uk\/hukukihaber\/yargitay-13-hukuk-dairesinin-2014-43355-e-2015-5075-k-sayili-karari\/","name":"Yarg\u0131tay 13. Hukuk Dairesi\u2019nin 2014\/43355 E. 2015\/5075 K. say\u0131l\u0131 karar\u0131 - Av. Deniz Can K\u0131z\u0131l","isPartOf":{"@id":"https:\/\/denizcankizil.tr\/#website"},"datePublished":"2025-04-07T07:20:00+00:00","breadcrumb":{"@id":"https:\/\/denizcankizil.tr\/uk\/hukukihaber\/yargitay-13-hukuk-dairesinin-2014-43355-e-2015-5075-k-sayili-karari\/#breadcrumb"},"inLanguage":"uk","potentialAction":[{"@type":"ReadAction","target":["https:\/\/denizcankizil.tr\/uk\/hukukihaber\/yargitay-13-hukuk-dairesinin-2014-43355-e-2015-5075-k-sayili-karari\/"]}]},{"@type":"BreadcrumbList","@id":"https:\/\/denizcankizil.tr\/uk\/hukukihaber\/yargitay-13-hukuk-dairesinin-2014-43355-e-2015-5075-k-sayili-karari\/#breadcrumb","itemListElement":[{"@type":"ListItem","position":1,"name":"Home","item":"https:\/\/denizcankizil.tr\/de\/"},{"@type":"ListItem","position":2,"name":"Yarg\u0131tay 13. Hukuk Dairesi\u2019nin 2014\/43355 E. 2015\/5075 K. say\u0131l\u0131 karar\u0131"}]},{"@type":"WebSite","@id":"https:\/\/denizcankizil.tr\/#website","url":"https:\/\/denizcankizil.tr\/","name":"Av. Deniz Can K\u0131z\u0131l","description":"Avukat Deniz Can K\u0131z\u0131l Antalya Barosu","publisher":{"@id":"https:\/\/denizcankizil.tr\/#organization"},"potentialAction":[{"@type":"SearchAction","target":{"@type":"EntryPoint","urlTemplate":"https:\/\/denizcankizil.tr\/?s={search_term_string}"},"query-input":{"@type":"PropertyValueSpecification","valueRequired":true,"valueName":"search_term_string"}}],"inLanguage":"uk"},{"@type":"Organization","@id":"https:\/\/denizcankizil.tr\/#organization","name":"Av. Deniz Can K\u0131z\u0131l","url":"https:\/\/denizcankizil.tr\/","logo":{"@type":"ImageObject","inLanguage":"uk","@id":"https:\/\/denizcankizil.tr\/#\/schema\/logo\/image\/","url":"https:\/\/denizcankizil.tr\/wp-content\/uploads\/2024\/10\/siyah-logo-svg.svg","contentUrl":"https:\/\/denizcankizil.tr\/wp-content\/uploads\/2024\/10\/siyah-logo-svg.svg","width":1080,"height":1080,"caption":"Av. Deniz Can K\u0131z\u0131l"},"image":{"@id":"https:\/\/denizcankizil.tr\/#\/schema\/logo\/image\/"}},{"@type":"Person","@id":"https:\/\/denizcankizil.tr\/#\/schema\/person\/001a271de994a0aa3f90eea084424822","name":"Hukuki Haber.net","image":{"@type":"ImageObject","inLanguage":"uk","@id":"https:\/\/denizcankizil.tr\/#\/schema\/person\/image\/","url":"https:\/\/secure.gravatar.com\/avatar\/57d8a49151495586611a149d29fc42865b951dc053a84709a3172ccb5abf3118?s=96&d=mm&r=g","contentUrl":"https:\/\/secure.gravatar.com\/avatar\/57d8a49151495586611a149d29fc42865b951dc053a84709a3172ccb5abf3118?s=96&d=mm&r=g","caption":"Hukuki Haber.net"},"sameAs":["http:\/\/www.hukukihaber.net"],"url":"https:\/\/denizcankizil.tr\/uk\/author\/hukukihabernet\/"}]}},"_links":{"self":[{"href":"https:\/\/denizcankizil.tr\/uk\/wp-json\/wp\/v2\/posts\/48073","targetHints":{"allow":["GET"]}}],"collection":[{"href":"https:\/\/denizcankizil.tr\/uk\/wp-json\/wp\/v2\/posts"}],"about":[{"href":"https:\/\/denizcankizil.tr\/uk\/wp-json\/wp\/v2\/types\/post"}],"author":[{"embeddable":true,"href":"https:\/\/denizcankizil.tr\/uk\/wp-json\/wp\/v2\/users\/3"}],"replies":[{"embeddable":true,"href":"https:\/\/denizcankizil.tr\/uk\/wp-json\/wp\/v2\/comments?post=48073"}],"version-history":[{"count":0,"href":"https:\/\/denizcankizil.tr\/uk\/wp-json\/wp\/v2\/posts\/48073\/revisions"}],"wp:attachment":[{"href":"https:\/\/denizcankizil.tr\/uk\/wp-json\/wp\/v2\/media?parent=48073"}],"wp:term":[{"taxonomy":"category","embeddable":true,"href":"https:\/\/denizcankizil.tr\/uk\/wp-json\/wp\/v2\/categories?post=48073"},{"taxonomy":"post_tag","embeddable":true,"href":"https:\/\/denizcankizil.tr\/uk\/wp-json\/wp\/v2\/tags?post=48073"}],"curies":[{"name":"wp","href":"https:\/\/api.w.org\/{rel}","templated":true}]}}