{"id":4674,"date":"2024-10-19T22:43:28","date_gmt":"2024-10-19T19:43:28","guid":{"rendered":"https:\/\/denizcankizil.tr\/uncategorized-tr\/muhtarlar-gunune-ozel-bulusma\/"},"modified":"2024-10-19T22:43:35","modified_gmt":"2024-10-19T19:43:35","slug":"muhtarlar-gunune-ozel-bulusma","status":"publish","type":"post","link":"https:\/\/denizcankizil.tr\/uk\/haberler\/gundem\/muhtarlar-gunune-ozel-bulusma\/","title":{"rendered":"Muhtarlar G\u00fcn\u00fc\u2019ne \u00f6zel bulu\u015fma"},"content":{"rendered":"<h1>Nil\u00fcfer Belediye Ba\u015fkan\u0131 Muhtarlarla Bulu\u015ftu<\/h1>\n\n<p>Muhtarlar G\u00fcn\u00fc dolay\u0131s\u0131yla muhtarlarla bir araya gelen Nil\u00fcfer Belediye Ba\u015fkan\u0131 \u015eadi \u00d6zdemir, \u201cHepimizin ortak hedefi daha g\u00fczel bir Nil\u00fcfer yaratmak. Her mahallenin sorunlar\u0131n\u0131 \u00e7\u00f6zerek ya\u015fam kalitesini art\u0131raca\u011f\u0131z\u201d \u015feklinde konu\u015ftu.<\/p>\n\n<h2>Mahalle Sorunlar\u0131na \u00c7\u00f6z\u00fcm Odakl\u0131 Yakla\u015f\u0131m<\/h2>\n<p>Ba\u015fkan \u00d6zdemir, her mahalledeki sorunlar\u0131 azaltma ve \u00e7\u00f6zme konusundaki kararl\u0131l\u0131\u011f\u0131n\u0131 vurgulad\u0131. Bu ba\u011flamda, muhtarlar\u0131n yerel y\u00f6netimle olan i\u015fbirli\u011finin \u00f6nemine dikkat \u00e7ekti. \u201cMuhtarlar\u0131m\u0131z, mahallelerimizin g\u00f6zlemcisi ve sesi. Onlar\u0131n geri bildirimleri bizim i\u00e7in \u00e7ok de\u011ferli\u201d dedi.<\/p>\n\n<h2>Yerel Y\u00f6netim ve Toplum \u0130li\u015fkisi<\/h2>\n<p>Nitelikli bir ya\u015fam alan\u0131 olu\u015fturman\u0131n ancak toplumla birlikte hareket etmekle m\u00fcmk\u00fcn olabilece\u011fini belirten \u00d6zdemir, \u201cHedefimiz sadece sorunlar\u0131 \u00e7\u00f6zmek de\u011fil; ayn\u0131 zamanda vatanda\u015flar\u0131m\u0131z\u0131n hayat standartlar\u0131n\u0131 y\u00fckseltmektir\u201d ifadelerini kulland\u0131.<\/p>\n\n<p>Bu bulu\u015fma s\u0131ras\u0131nda muhtarlar da kendi mahallelerinde kar\u015f\u0131la\u015ft\u0131klar\u0131 zorluklar\u0131 dile getirerek Ba\u015fkan\u2019a \u00f6nerilerde bulundu. Bu t\u00fcr etkile\u015fimlerin yerel y\u00f6netimin daha etkili olmas\u0131na katk\u0131 sa\u011flad\u0131\u011f\u0131n\u0131 ifade ettiler.<\/p>\n\n<p><strong>Kaynak:<\/strong> www.iskenderun.org<\/p>","protected":false},"excerpt":{"rendered":"<p>Nil\u00fcfer Belediye Ba\u015fkan\u0131 Muhtarlarla Bulu\u015ftu Muhtarlar G\u00fcn\u00fc dolay\u0131s\u0131yla muhtarlarla bir araya gelen Nil\u00fcfer Belediye Ba\u015fkan\u0131 \u015eadi \u00d6zdemir, \u201cHepimizin ortak hedefi daha g\u00fczel bir Nil\u00fcfer yaratmak. Her mahallenin sorunlar\u0131n\u0131 \u00e7\u00f6zerek ya\u015fam kalitesini art\u0131raca\u011f\u0131z\u201d \u015feklinde konu\u015ftu. Mahalle Sorunlar\u0131na \u00c7\u00f6z\u00fcm Odakl\u0131 Yakla\u015f\u0131m Ba\u015fkan \u00d6zdemir, her mahalledeki sorunlar\u0131 azaltma ve \u00e7\u00f6zme konusundaki kararl\u0131l\u0131\u011f\u0131n\u0131 vurgulad\u0131. Bu ba\u011flamda, muhtarlar\u0131n yerel y\u00f6netimle olan i\u015fbirli\u011finin \u00f6nemine dikkat \u00e7ekti. \u201cMuhtarlar\u0131m\u0131z, mahallelerimizin g\u00f6zlemcisi ve sesi. Onlar\u0131n geri bildirimleri bizim i\u00e7in \u00e7ok de\u011ferli\u201d dedi. Yerel Y\u00f6netim ve Toplum \u0130li\u015fkisi Nitelikli bir ya\u015fam alan\u0131 olu\u015fturman\u0131n ancak toplumla birlikte hareket etmekle m\u00fcmk\u00fcn olabilece\u011fini belirten \u00d6zdemir, \u201cHedefimiz sadece sorunlar\u0131 \u00e7\u00f6zmek de\u011fil; ayn\u0131 zamanda vatanda\u015flar\u0131m\u0131z\u0131n hayat standartlar\u0131n\u0131 y\u00fckseltmektir\u201d ifadelerini kulland\u0131. Bu bulu\u015fma s\u0131ras\u0131nda muhtarlar da kendi mahallelerinde kar\u015f\u0131la\u015ft\u0131klar\u0131 zorluklar\u0131 dile getirerek Ba\u015fkan\u2019a \u00f6nerilerde bulundu. Bu t\u00fcr etkile\u015fimlerin yerel y\u00f6netimin daha etkili olmas\u0131na katk\u0131 sa\u011flad\u0131\u011f\u0131n\u0131 ifade ettiler. Kaynak: www.iskenderun.org<\/p>","protected":false},"author":0,"featured_media":0,"comment_status":"open","ping_status":"open","sticky":false,"template":"","format":"standard","meta":{"_acf_changed":false,"footnotes":""},"categories":[24,535],"tags":[],"class_list":["post-4674","post","type-post","status-publish","format-standard","has-post-thumbnail","hentry","category-gundem","category-uncategorized-tr"],"acf":[],"yoast_head":"<!-- This site is optimized with the Yoast SEO Premium plugin v26.6 (Yoast SEO v27.1.1) - https:\/\/yoast.com\/product\/yoast-seo-premium-wordpress\/ -->\n<title>Muhtarlar G\u00fcn\u00fc\u2019ne \u00f6zel bulu\u015fma - Av. Deniz Can K\u0131z\u0131l<\/title>\n<meta name=\"robots\" content=\"index, follow, max-snippet:-1, max-image-preview:large, max-video-preview:-1\" \/>\n<link rel=\"canonical\" href=\"https:\/\/denizcankizil.tr\/uk\/haberler\/gundem\/muhtarlar-gunune-ozel-bulusma\/\" \/>\n<meta property=\"og:locale\" content=\"uk_UA\" \/>\n<meta property=\"og:type\" content=\"article\" \/>\n<meta property=\"og:title\" content=\"Muhtarlar G\u00fcn\u00fc\u2019ne \u00f6zel bulu\u015fma\" \/>\n<meta property=\"og:description\" content=\"Nil\u00fcfer Belediye Ba\u015fkan\u0131 Muhtarlarla Bulu\u015ftu Muhtarlar G\u00fcn\u00fc dolay\u0131s\u0131yla muhtarlarla bir araya gelen Nil\u00fcfer Belediye Ba\u015fkan\u0131 \u015eadi \u00d6zdemir, \u201cHepimizin ortak hedefi daha g\u00fczel bir Nil\u00fcfer yaratmak. Her mahallenin sorunlar\u0131n\u0131 \u00e7\u00f6zerek ya\u015fam kalitesini art\u0131raca\u011f\u0131z\u201d \u015feklinde konu\u015ftu. Mahalle Sorunlar\u0131na \u00c7\u00f6z\u00fcm Odakl\u0131 Yakla\u015f\u0131m Ba\u015fkan \u00d6zdemir, her mahalledeki sorunlar\u0131 azaltma ve \u00e7\u00f6zme konusundaki kararl\u0131l\u0131\u011f\u0131n\u0131 vurgulad\u0131. Bu ba\u011flamda, muhtarlar\u0131n yerel y\u00f6netimle olan i\u015fbirli\u011finin \u00f6nemine dikkat \u00e7ekti. \u201cMuhtarlar\u0131m\u0131z, mahallelerimizin g\u00f6zlemcisi ve sesi. Onlar\u0131n geri bildirimleri bizim i\u00e7in \u00e7ok de\u011ferli\u201d dedi. Yerel Y\u00f6netim ve Toplum \u0130li\u015fkisi Nitelikli bir ya\u015fam alan\u0131 olu\u015fturman\u0131n ancak toplumla birlikte hareket etmekle m\u00fcmk\u00fcn olabilece\u011fini belirten \u00d6zdemir, \u201cHedefimiz sadece sorunlar\u0131 \u00e7\u00f6zmek de\u011fil; ayn\u0131 zamanda vatanda\u015flar\u0131m\u0131z\u0131n hayat standartlar\u0131n\u0131 y\u00fckseltmektir\u201d ifadelerini kulland\u0131. Bu bulu\u015fma s\u0131ras\u0131nda muhtarlar da kendi mahallelerinde kar\u015f\u0131la\u015ft\u0131klar\u0131 zorluklar\u0131 dile getirerek Ba\u015fkan\u2019a \u00f6nerilerde bulundu. Bu t\u00fcr etkile\u015fimlerin yerel y\u00f6netimin daha etkili olmas\u0131na katk\u0131 sa\u011flad\u0131\u011f\u0131n\u0131 ifade ettiler. Kaynak: www.iskenderun.org\" \/>\n<meta property=\"og:url\" content=\"https:\/\/denizcankizil.tr\/uk\/haberler\/gundem\/muhtarlar-gunune-ozel-bulusma\/\" \/>\n<meta property=\"og:site_name\" content=\"Av. Deniz Can K\u0131z\u0131l\" \/>\n<meta property=\"article:published_time\" content=\"2024-10-19T19:43:28+00:00\" \/>\n<meta property=\"article:modified_time\" content=\"2024-10-19T19:43:35+00:00\" \/>\n<meta name=\"twitter:card\" content=\"summary_large_image\" \/>\n<meta name=\"twitter:label1\" content=\"\u041f\u0440\u0438\u0431\u043b. \u0447\u0430\u0441 \u0447\u0438\u0442\u0430\u043d\u043d\u044f\" \/>\n\t<meta name=\"twitter:data1\" content=\"1 \u0445\u0432\u0438\u043b\u0438\u043d\u0430\" \/>\n<script type=\"application\/ld+json\" class=\"yoast-schema-graph\">{\"@context\":\"https:\/\/schema.org\",\"@graph\":[{\"@type\":\"Article\",\"@id\":\"https:\/\/denizcankizil.tr\/uk\/haberler\/gundem\/muhtarlar-gunune-ozel-bulusma\/#article\",\"isPartOf\":{\"@id\":\"https:\/\/denizcankizil.tr\/uk\/haberler\/gundem\/muhtarlar-gunune-ozel-bulusma\/\"},\"author\":{\"name\":\"\",\"@id\":\"\"},\"headline\":\"Muhtarlar G\u00fcn\u00fc\u2019ne \u00f6zel bulu\u015fma\",\"datePublished\":\"2024-10-19T19:43:28+00:00\",\"dateModified\":\"2024-10-19T19:43:35+00:00\",\"mainEntityOfPage\":{\"@id\":\"https:\/\/denizcankizil.tr\/uk\/haberler\/gundem\/muhtarlar-gunune-ozel-bulusma\/\"},\"wordCount\":203,\"commentCount\":0,\"publisher\":{\"@id\":\"https:\/\/denizcankizil.tr\/de\/#organization\"},\"articleSection\":[\"G\u00fcndem\",\"Uncategorized\"],\"inLanguage\":\"uk\",\"potentialAction\":[{\"@type\":\"CommentAction\",\"name\":\"Comment\",\"target\":[\"https:\/\/denizcankizil.tr\/uk\/haberler\/gundem\/muhtarlar-gunune-ozel-bulusma\/#respond\"]}]},{\"@type\":\"WebPage\",\"@id\":\"https:\/\/denizcankizil.tr\/uk\/haberler\/gundem\/muhtarlar-gunune-ozel-bulusma\/\",\"url\":\"https:\/\/denizcankizil.tr\/uk\/haberler\/gundem\/muhtarlar-gunune-ozel-bulusma\/\",\"name\":\"Muhtarlar G\u00fcn\u00fc\u2019ne \u00f6zel bulu\u015fma - Av. Deniz Can K\u0131z\u0131l\",\"isPartOf\":{\"@id\":\"https:\/\/denizcankizil.tr\/de\/#website\"},\"datePublished\":\"2024-10-19T19:43:28+00:00\",\"dateModified\":\"2024-10-19T19:43:35+00:00\",\"breadcrumb\":{\"@id\":\"https:\/\/denizcankizil.tr\/uk\/haberler\/gundem\/muhtarlar-gunune-ozel-bulusma\/#breadcrumb\"},\"inLanguage\":\"uk\",\"potentialAction\":[{\"@type\":\"ReadAction\",\"target\":[\"https:\/\/denizcankizil.tr\/uk\/haberler\/gundem\/muhtarlar-gunune-ozel-bulusma\/\"]}]},{\"@type\":\"BreadcrumbList\",\"@id\":\"https:\/\/denizcankizil.tr\/uk\/haberler\/gundem\/muhtarlar-gunune-ozel-bulusma\/#breadcrumb\",\"itemListElement\":[{\"@type\":\"ListItem\",\"position\":1,\"name\":\"Home\",\"item\":\"https:\/\/denizcankizil.tr\/de\/\"},{\"@type\":\"ListItem\",\"position\":2,\"name\":\"Muhtarlar G\u00fcn\u00fc\u2019ne \u00f6zel bulu\u015fma\"}]},{\"@type\":\"WebSite\",\"@id\":\"https:\/\/denizcankizil.tr\/de\/#website\",\"url\":\"https:\/\/denizcankizil.tr\/de\/\",\"name\":\"Av. Deniz Can K\u0131z\u0131l\",\"description\":\"Avukat Deniz Can K\u0131z\u0131l Antalya Barosu\",\"publisher\":{\"@id\":\"https:\/\/denizcankizil.tr\/de\/#organization\"},\"potentialAction\":[{\"@type\":\"SearchAction\",\"target\":{\"@type\":\"EntryPoint\",\"urlTemplate\":\"https:\/\/denizcankizil.tr\/de\/?s={search_term_string}\"},\"query-input\":{\"@type\":\"PropertyValueSpecification\",\"valueRequired\":true,\"valueName\":\"search_term_string\"}}],\"inLanguage\":\"uk\"},{\"@type\":\"Organization\",\"@id\":\"https:\/\/denizcankizil.tr\/de\/#organization\",\"name\":\"Av. Deniz Can K\u0131z\u0131l\",\"url\":\"https:\/\/denizcankizil.tr\/de\/\",\"logo\":{\"@type\":\"ImageObject\",\"inLanguage\":\"uk\",\"@id\":\"https:\/\/denizcankizil.tr\/de\/#\/schema\/logo\/image\/\",\"url\":\"https:\/\/denizcankizil.tr\/wp-content\/uploads\/2024\/10\/siyah-logo-svg.svg\",\"contentUrl\":\"https:\/\/denizcankizil.tr\/wp-content\/uploads\/2024\/10\/siyah-logo-svg.svg\",\"width\":1080,\"height\":1080,\"caption\":\"Av. Deniz Can K\u0131z\u0131l\"},\"image\":{\"@id\":\"https:\/\/denizcankizil.tr\/de\/#\/schema\/logo\/image\/\"}}]}<\/script>\n<!-- \/ Yoast SEO Premium plugin. -->","yoast_head_json":{"title":"Muhtarlar G\u00fcn\u00fc\u2019ne \u00f6zel bulu\u015fma - Av. Deniz Can K\u0131z\u0131l","robots":{"index":"index","follow":"follow","max-snippet":"max-snippet:-1","max-image-preview":"max-image-preview:large","max-video-preview":"max-video-preview:-1"},"canonical":"https:\/\/denizcankizil.tr\/uk\/haberler\/gundem\/muhtarlar-gunune-ozel-bulusma\/","og_locale":"uk_UA","og_type":"article","og_title":"Muhtarlar G\u00fcn\u00fc\u2019ne \u00f6zel bulu\u015fma","og_description":"Nil\u00fcfer Belediye Ba\u015fkan\u0131 Muhtarlarla Bulu\u015ftu Muhtarlar G\u00fcn\u00fc dolay\u0131s\u0131yla muhtarlarla bir araya gelen Nil\u00fcfer Belediye Ba\u015fkan\u0131 \u015eadi \u00d6zdemir, \u201cHepimizin ortak hedefi daha g\u00fczel bir Nil\u00fcfer yaratmak. Her mahallenin sorunlar\u0131n\u0131 \u00e7\u00f6zerek ya\u015fam kalitesini art\u0131raca\u011f\u0131z\u201d \u015feklinde konu\u015ftu. Mahalle Sorunlar\u0131na \u00c7\u00f6z\u00fcm Odakl\u0131 Yakla\u015f\u0131m Ba\u015fkan \u00d6zdemir, her mahalledeki sorunlar\u0131 azaltma ve \u00e7\u00f6zme konusundaki kararl\u0131l\u0131\u011f\u0131n\u0131 vurgulad\u0131. Bu ba\u011flamda, muhtarlar\u0131n yerel y\u00f6netimle olan i\u015fbirli\u011finin \u00f6nemine dikkat \u00e7ekti. \u201cMuhtarlar\u0131m\u0131z, mahallelerimizin g\u00f6zlemcisi ve sesi. Onlar\u0131n geri bildirimleri bizim i\u00e7in \u00e7ok de\u011ferli\u201d dedi. Yerel Y\u00f6netim ve Toplum \u0130li\u015fkisi Nitelikli bir ya\u015fam alan\u0131 olu\u015fturman\u0131n ancak toplumla birlikte hareket etmekle m\u00fcmk\u00fcn olabilece\u011fini belirten \u00d6zdemir, \u201cHedefimiz sadece sorunlar\u0131 \u00e7\u00f6zmek de\u011fil; ayn\u0131 zamanda vatanda\u015flar\u0131m\u0131z\u0131n hayat standartlar\u0131n\u0131 y\u00fckseltmektir\u201d ifadelerini kulland\u0131. Bu bulu\u015fma s\u0131ras\u0131nda muhtarlar da kendi mahallelerinde kar\u015f\u0131la\u015ft\u0131klar\u0131 zorluklar\u0131 dile getirerek Ba\u015fkan\u2019a \u00f6nerilerde bulundu. Bu t\u00fcr etkile\u015fimlerin yerel y\u00f6netimin daha etkili olmas\u0131na katk\u0131 sa\u011flad\u0131\u011f\u0131n\u0131 ifade ettiler. Kaynak: www.iskenderun.org","og_url":"https:\/\/denizcankizil.tr\/uk\/haberler\/gundem\/muhtarlar-gunune-ozel-bulusma\/","og_site_name":"Av. Deniz Can K\u0131z\u0131l","article_published_time":"2024-10-19T19:43:28+00:00","article_modified_time":"2024-10-19T19:43:35+00:00","twitter_card":"summary_large_image","twitter_misc":{"\u041f\u0440\u0438\u0431\u043b. \u0447\u0430\u0441 \u0447\u0438\u0442\u0430\u043d\u043d\u044f":"1 \u0445\u0432\u0438\u043b\u0438\u043d\u0430"},"schema":{"@context":"https:\/\/schema.org","@graph":[{"@type":"Article","@id":"https:\/\/denizcankizil.tr\/uk\/haberler\/gundem\/muhtarlar-gunune-ozel-bulusma\/#article","isPartOf":{"@id":"https:\/\/denizcankizil.tr\/uk\/haberler\/gundem\/muhtarlar-gunune-ozel-bulusma\/"},"author":{"name":"","@id":""},"headline":"Muhtarlar G\u00fcn\u00fc\u2019ne \u00f6zel bulu\u015fma","datePublished":"2024-10-19T19:43:28+00:00","dateModified":"2024-10-19T19:43:35+00:00","mainEntityOfPage":{"@id":"https:\/\/denizcankizil.tr\/uk\/haberler\/gundem\/muhtarlar-gunune-ozel-bulusma\/"},"wordCount":203,"commentCount":0,"publisher":{"@id":"https:\/\/denizcankizil.tr\/de\/#organization"},"articleSection":["G\u00fcndem","Uncategorized"],"inLanguage":"uk","potentialAction":[{"@type":"CommentAction","name":"Comment","target":["https:\/\/denizcankizil.tr\/uk\/haberler\/gundem\/muhtarlar-gunune-ozel-bulusma\/#respond"]}]},{"@type":"WebPage","@id":"https:\/\/denizcankizil.tr\/uk\/haberler\/gundem\/muhtarlar-gunune-ozel-bulusma\/","url":"https:\/\/denizcankizil.tr\/uk\/haberler\/gundem\/muhtarlar-gunune-ozel-bulusma\/","name":"Muhtarlar G\u00fcn\u00fc\u2019ne \u00f6zel bulu\u015fma - Av. Deniz Can K\u0131z\u0131l","isPartOf":{"@id":"https:\/\/denizcankizil.tr\/de\/#website"},"datePublished":"2024-10-19T19:43:28+00:00","dateModified":"2024-10-19T19:43:35+00:00","breadcrumb":{"@id":"https:\/\/denizcankizil.tr\/uk\/haberler\/gundem\/muhtarlar-gunune-ozel-bulusma\/#breadcrumb"},"inLanguage":"uk","potentialAction":[{"@type":"ReadAction","target":["https:\/\/denizcankizil.tr\/uk\/haberler\/gundem\/muhtarlar-gunune-ozel-bulusma\/"]}]},{"@type":"BreadcrumbList","@id":"https:\/\/denizcankizil.tr\/uk\/haberler\/gundem\/muhtarlar-gunune-ozel-bulusma\/#breadcrumb","itemListElement":[{"@type":"ListItem","position":1,"name":"Home","item":"https:\/\/denizcankizil.tr\/de\/"},{"@type":"ListItem","position":2,"name":"Muhtarlar G\u00fcn\u00fc\u2019ne \u00f6zel bulu\u015fma"}]},{"@type":"WebSite","@id":"https:\/\/denizcankizil.tr\/de\/#website","url":"https:\/\/denizcankizil.tr\/de\/","name":"Av. Deniz Can K\u0131z\u0131l","description":"Avukat Deniz Can K\u0131z\u0131l Antalya Barosu","publisher":{"@id":"https:\/\/denizcankizil.tr\/de\/#organization"},"potentialAction":[{"@type":"SearchAction","target":{"@type":"EntryPoint","urlTemplate":"https:\/\/denizcankizil.tr\/de\/?s={search_term_string}"},"query-input":{"@type":"PropertyValueSpecification","valueRequired":true,"valueName":"search_term_string"}}],"inLanguage":"uk"},{"@type":"Organization","@id":"https:\/\/denizcankizil.tr\/de\/#organization","name":"Av. Deniz Can K\u0131z\u0131l","url":"https:\/\/denizcankizil.tr\/de\/","logo":{"@type":"ImageObject","inLanguage":"uk","@id":"https:\/\/denizcankizil.tr\/de\/#\/schema\/logo\/image\/","url":"https:\/\/denizcankizil.tr\/wp-content\/uploads\/2024\/10\/siyah-logo-svg.svg","contentUrl":"https:\/\/denizcankizil.tr\/wp-content\/uploads\/2024\/10\/siyah-logo-svg.svg","width":1080,"height":1080,"caption":"Av. Deniz Can K\u0131z\u0131l"},"image":{"@id":"https:\/\/denizcankizil.tr\/de\/#\/schema\/logo\/image\/"}}]}},"_links":{"self":[{"href":"https:\/\/denizcankizil.tr\/uk\/wp-json\/wp\/v2\/posts\/4674","targetHints":{"allow":["GET"]}}],"collection":[{"href":"https:\/\/denizcankizil.tr\/uk\/wp-json\/wp\/v2\/posts"}],"about":[{"href":"https:\/\/denizcankizil.tr\/uk\/wp-json\/wp\/v2\/types\/post"}],"replies":[{"embeddable":true,"href":"https:\/\/denizcankizil.tr\/uk\/wp-json\/wp\/v2\/comments?post=4674"}],"version-history":[{"count":1,"href":"https:\/\/denizcankizil.tr\/uk\/wp-json\/wp\/v2\/posts\/4674\/revisions"}],"predecessor-version":[{"id":4675,"href":"https:\/\/denizcankizil.tr\/uk\/wp-json\/wp\/v2\/posts\/4674\/revisions\/4675"}],"wp:attachment":[{"href":"https:\/\/denizcankizil.tr\/uk\/wp-json\/wp\/v2\/media?parent=4674"}],"wp:term":[{"taxonomy":"category","embeddable":true,"href":"https:\/\/denizcankizil.tr\/uk\/wp-json\/wp\/v2\/categories?post=4674"},{"taxonomy":"post_tag","embeddable":true,"href":"https:\/\/denizcankizil.tr\/uk\/wp-json\/wp\/v2\/tags?post=4674"}],"curies":[{"name":"wp","href":"https:\/\/api.w.org\/{rel}","templated":true}]}}