{"id":4661,"date":"2024-10-19T22:42:43","date_gmt":"2024-10-19T19:42:43","guid":{"rendered":"https:\/\/denizcankizil.tr\/uncategorized-tr\/muhtarlar-gununde-muhtarlar-atanin-huzurunda\/"},"modified":"2024-10-19T22:42:51","modified_gmt":"2024-10-19T19:42:51","slug":"muhtarlar-gununde-muhtarlar-atanin-huzurunda","status":"publish","type":"post","link":"https:\/\/denizcankizil.tr\/uk\/haberler\/gundem\/muhtarlar-gununde-muhtarlar-atanin-huzurunda\/","title":{"rendered":"Muhtarlar G\u00fcn\u00fc\u2019nde muhtarlar atan\u0131n huzurunda\u2026"},"content":{"rendered":"<h1>19 Ekim Muhtarlar G\u00fcn\u00fc Kutlamalar\u0131 \u0130skenderun&#8217;da Ger\u00e7ekle\u015fti<\/h1>\n\n<p>\u0130skenderun&#8217;daki Atat\u00fcrk An\u0131t\u0131 \u00f6n\u00fcnde d\u00fczenlenen t\u00f6rende, Muhtarlar Derne\u011fi Ba\u015fkan\u0131 Ethem Ayseki&#8217;nin liderli\u011findeki mahalle muhtarlar\u0131, \u0130l\u00e7e Emniyet M\u00fcd\u00fcr\u00fc Nevzat G\u00fcne\u015f, \u0130l\u00e7e Jandarma Komutan\u0131 Mustafa A\u00e7\u0131k ve Milli E\u011fitim M\u00fcd\u00fcr\u00fc Ali Haytaz gibi \u00f6nemli isimler bir araya geldi.<\/p>\n\n<h2>T\u00f6renin Detaylar\u0131 ve Anma<\/h2>\n<p>An\u0131t alan\u0131nda ger\u00e7ekle\u015ftirilen etkinlikte, Atat\u00fcrk&#8217;\u00fcn manevi huzuruna sayg\u0131 duru\u015funda bulunuldu ve \u0130stiklal Mar\u015f\u0131 okundu. Bu anlaml\u0131 g\u00fcnde konu\u015fan Muhtarlar Derne\u011fi Ba\u015fkan\u0131 Ethem Ayseki, 19 Ekim&#8217;in muhtarlar g\u00fcn\u00fc oldu\u011funu hat\u0131rlatarak bu \u00f6zel g\u00fcn i\u00e7in topland\u0131klar\u0131n\u0131 belirtti.<\/p>\n\n<h2>Muhtarl\u0131\u011f\u0131n \u00d6nemi ve Rol\u00fc<\/h2>\n<p>Ayseki, muhtarl\u0131\u011f\u0131n k\u00f6kl\u00fc ge\u00e7mi\u015fiyle demokrasinin ilk ad\u0131m\u0131 oldu\u011funu vurgulayarak &#8220;Muhtarlar, devletin en uzak k\u00f6\u015felerine ula\u015fan eldir. G\u00fcn\u00fcm\u00fczde kendini yenileyen kurumlar\u0131n ba\u015f\u0131nda gelen muhtarl\u0131k, vatanda\u015f\u0131n her t\u00fcrl\u00fc sorununu \u00e7\u00f6zmek i\u00e7in gece g\u00fcnd\u00fcz \u00e7al\u0131\u015fmaktad\u0131r&#8221; dedi. Ayr\u0131ca muhtarlar\u0131n mahalle sakinleri ile devlet kurumlar\u0131 aras\u0131nda bir k\u00f6pr\u00fc g\u00f6revi \u00fcstlendi\u011fini ifade etti.<\/p>\n\n<h2>Pandemi D\u00f6neminde Muhtarlar\u0131n G\u00f6revi<\/h2>\n<p>2020 y\u0131l\u0131nda ya\u015fanan pandemi s\u00fcreci ve 6 \u015eubat 2023 tarihinde meydana gelen depremlerde muhtarlar\u0131n vatanda\u015flara destek olma g\u00f6revini yerine getirdi\u011fini dile getiren Ayseki, &#8220;Bu s\u00fcre\u00e7te b\u00fcy\u00fck bir \u00f6zveri g\u00f6sterdiler. \u00d6zellikle 6 \u015eubat depreminde muhtarl\u0131\u011f\u0131m\u0131z\u0131n ne kadar de\u011ferli oldu\u011fu bir kez daha anla\u015f\u0131ld\u0131&#8221; \u015feklinde konu\u015ftu. Ayr\u0131ca Cumhurba\u015fkan\u0131&#8217;na, valilere ve di\u011fer yetkililere te\u015fekk\u00fcrlerini sundu.<\/p>\n\n<h2>\u00dclke Genelindeki Kutlamalar<\/h2>\n<p>T\u00fcm T\u00fcrkiye genelinde \u00e7e\u015fitli etkinliklerle kutlanan 19 Ekim Muhtarlar G\u00fcn\u00fc dolay\u0131s\u0131yla Hatay&#8217;\u0131n \u0130skenderun il\u00e7esinde de mahalle muhtarlar\u0131 Atat\u00fcrk an\u0131t\u0131na \u00e7elenk sundu.<\/p>\n\n<p><em>Haberin Al\u0131nt\u0131land\u0131\u011f\u0131 Kaynak: www.iskenderun.org<\/em><\/p>","protected":false},"excerpt":{"rendered":"<p>19 Ekim Muhtarlar G\u00fcn\u00fc Kutlamalar\u0131 \u0130skenderun&#8217;da Ger\u00e7ekle\u015fti \u0130skenderun&#8217;daki Atat\u00fcrk An\u0131t\u0131 \u00f6n\u00fcnde d\u00fczenlenen t\u00f6rende, Muhtarlar Derne\u011fi Ba\u015fkan\u0131 Ethem Ayseki&#8217;nin liderli\u011findeki mahalle muhtarlar\u0131, \u0130l\u00e7e Emniyet M\u00fcd\u00fcr\u00fc Nevzat G\u00fcne\u015f, \u0130l\u00e7e Jandarma Komutan\u0131 Mustafa A\u00e7\u0131k ve Milli E\u011fitim M\u00fcd\u00fcr\u00fc Ali Haytaz gibi \u00f6nemli isimler bir araya geldi. T\u00f6renin Detaylar\u0131 ve Anma An\u0131t alan\u0131nda ger\u00e7ekle\u015ftirilen etkinlikte, Atat\u00fcrk&#8217;\u00fcn manevi huzuruna sayg\u0131 duru\u015funda bulunuldu ve \u0130stiklal Mar\u015f\u0131 okundu. Bu anlaml\u0131 g\u00fcnde konu\u015fan Muhtarlar Derne\u011fi Ba\u015fkan\u0131 Ethem Ayseki, 19 Ekim&#8217;in muhtarlar g\u00fcn\u00fc oldu\u011funu hat\u0131rlatarak bu \u00f6zel g\u00fcn i\u00e7in topland\u0131klar\u0131n\u0131 belirtti. Muhtarl\u0131\u011f\u0131n \u00d6nemi ve Rol\u00fc Ayseki, muhtarl\u0131\u011f\u0131n k\u00f6kl\u00fc ge\u00e7mi\u015fiyle demokrasinin ilk ad\u0131m\u0131 oldu\u011funu vurgulayarak &#8220;Muhtarlar, devletin en uzak k\u00f6\u015felerine ula\u015fan eldir. G\u00fcn\u00fcm\u00fczde kendini yenileyen kurumlar\u0131n ba\u015f\u0131nda gelen muhtarl\u0131k, vatanda\u015f\u0131n her t\u00fcrl\u00fc sorununu \u00e7\u00f6zmek i\u00e7in gece g\u00fcnd\u00fcz \u00e7al\u0131\u015fmaktad\u0131r&#8221; dedi. Ayr\u0131ca muhtarlar\u0131n mahalle sakinleri ile devlet kurumlar\u0131 aras\u0131nda bir k\u00f6pr\u00fc g\u00f6revi \u00fcstlendi\u011fini ifade etti. Pandemi D\u00f6neminde Muhtarlar\u0131n G\u00f6revi 2020 y\u0131l\u0131nda ya\u015fanan pandemi s\u00fcreci ve 6 \u015eubat 2023 tarihinde meydana gelen depremlerde muhtarlar\u0131n vatanda\u015flara destek olma g\u00f6revini yerine getirdi\u011fini dile getiren Ayseki, &#8220;Bu s\u00fcre\u00e7te b\u00fcy\u00fck bir \u00f6zveri g\u00f6sterdiler. \u00d6zellikle 6 \u015eubat depreminde muhtarl\u0131\u011f\u0131m\u0131z\u0131n ne kadar de\u011ferli oldu\u011fu bir kez daha anla\u015f\u0131ld\u0131&#8221; \u015feklinde konu\u015ftu. Ayr\u0131ca Cumhurba\u015fkan\u0131&#8217;na, valilere ve di\u011fer yetkililere te\u015fekk\u00fcrlerini sundu. \u00dclke Genelindeki Kutlamalar T\u00fcm T\u00fcrkiye genelinde \u00e7e\u015fitli etkinliklerle kutlanan 19 Ekim &hellip;<\/p>","protected":false},"author":0,"featured_media":0,"comment_status":"open","ping_status":"open","sticky":false,"template":"","format":"standard","meta":{"_acf_changed":false,"footnotes":""},"categories":[24,535],"tags":[],"class_list":["post-4661","post","type-post","status-publish","format-standard","has-post-thumbnail","hentry","category-gundem","category-uncategorized-tr"],"acf":[],"yoast_head":"<!-- This site is optimized with the Yoast SEO Premium plugin v26.6 (Yoast SEO v27.1.1) - https:\/\/yoast.com\/product\/yoast-seo-premium-wordpress\/ -->\n<title>Muhtarlar G\u00fcn\u00fc\u2019nde muhtarlar atan\u0131n huzurunda\u2026 - Av. Deniz Can K\u0131z\u0131l<\/title>\n<meta name=\"robots\" content=\"index, follow, max-snippet:-1, max-image-preview:large, max-video-preview:-1\" \/>\n<link rel=\"canonical\" href=\"https:\/\/denizcankizil.tr\/uk\/haberler\/gundem\/muhtarlar-gununde-muhtarlar-atanin-huzurunda\/\" \/>\n<meta property=\"og:locale\" content=\"uk_UA\" \/>\n<meta property=\"og:type\" content=\"article\" \/>\n<meta property=\"og:title\" content=\"Muhtarlar G\u00fcn\u00fc\u2019nde muhtarlar atan\u0131n huzurunda\u2026\" \/>\n<meta property=\"og:description\" content=\"19 Ekim Muhtarlar G\u00fcn\u00fc Kutlamalar\u0131 \u0130skenderun&#8217;da Ger\u00e7ekle\u015fti \u0130skenderun&#8217;daki Atat\u00fcrk An\u0131t\u0131 \u00f6n\u00fcnde d\u00fczenlenen t\u00f6rende, Muhtarlar Derne\u011fi Ba\u015fkan\u0131 Ethem Ayseki&#8217;nin liderli\u011findeki mahalle muhtarlar\u0131, \u0130l\u00e7e Emniyet M\u00fcd\u00fcr\u00fc Nevzat G\u00fcne\u015f, \u0130l\u00e7e Jandarma Komutan\u0131 Mustafa A\u00e7\u0131k ve Milli E\u011fitim M\u00fcd\u00fcr\u00fc Ali Haytaz gibi \u00f6nemli isimler bir araya geldi. T\u00f6renin Detaylar\u0131 ve Anma An\u0131t alan\u0131nda ger\u00e7ekle\u015ftirilen etkinlikte, Atat\u00fcrk&#8217;\u00fcn manevi huzuruna sayg\u0131 duru\u015funda bulunuldu ve \u0130stiklal Mar\u015f\u0131 okundu. Bu anlaml\u0131 g\u00fcnde konu\u015fan Muhtarlar Derne\u011fi Ba\u015fkan\u0131 Ethem Ayseki, 19 Ekim&#8217;in muhtarlar g\u00fcn\u00fc oldu\u011funu hat\u0131rlatarak bu \u00f6zel g\u00fcn i\u00e7in topland\u0131klar\u0131n\u0131 belirtti. Muhtarl\u0131\u011f\u0131n \u00d6nemi ve Rol\u00fc Ayseki, muhtarl\u0131\u011f\u0131n k\u00f6kl\u00fc ge\u00e7mi\u015fiyle demokrasinin ilk ad\u0131m\u0131 oldu\u011funu vurgulayarak &#8220;Muhtarlar, devletin en uzak k\u00f6\u015felerine ula\u015fan eldir. G\u00fcn\u00fcm\u00fczde kendini yenileyen kurumlar\u0131n ba\u015f\u0131nda gelen muhtarl\u0131k, vatanda\u015f\u0131n her t\u00fcrl\u00fc sorununu \u00e7\u00f6zmek i\u00e7in gece g\u00fcnd\u00fcz \u00e7al\u0131\u015fmaktad\u0131r&#8221; dedi. Ayr\u0131ca muhtarlar\u0131n mahalle sakinleri ile devlet kurumlar\u0131 aras\u0131nda bir k\u00f6pr\u00fc g\u00f6revi \u00fcstlendi\u011fini ifade etti. Pandemi D\u00f6neminde Muhtarlar\u0131n G\u00f6revi 2020 y\u0131l\u0131nda ya\u015fanan pandemi s\u00fcreci ve 6 \u015eubat 2023 tarihinde meydana gelen depremlerde muhtarlar\u0131n vatanda\u015flara destek olma g\u00f6revini yerine getirdi\u011fini dile getiren Ayseki, &#8220;Bu s\u00fcre\u00e7te b\u00fcy\u00fck bir \u00f6zveri g\u00f6sterdiler. \u00d6zellikle 6 \u015eubat depreminde muhtarl\u0131\u011f\u0131m\u0131z\u0131n ne kadar de\u011ferli oldu\u011fu bir kez daha anla\u015f\u0131ld\u0131&#8221; \u015feklinde konu\u015ftu. Ayr\u0131ca Cumhurba\u015fkan\u0131&#8217;na, valilere ve di\u011fer yetkililere te\u015fekk\u00fcrlerini sundu. \u00dclke Genelindeki Kutlamalar T\u00fcm T\u00fcrkiye genelinde \u00e7e\u015fitli etkinliklerle kutlanan 19 Ekim &hellip;\" \/>\n<meta property=\"og:url\" content=\"https:\/\/denizcankizil.tr\/uk\/haberler\/gundem\/muhtarlar-gununde-muhtarlar-atanin-huzurunda\/\" \/>\n<meta property=\"og:site_name\" content=\"Av. Deniz Can K\u0131z\u0131l\" \/>\n<meta property=\"article:published_time\" content=\"2024-10-19T19:42:43+00:00\" \/>\n<meta property=\"article:modified_time\" content=\"2024-10-19T19:42:51+00:00\" \/>\n<meta name=\"twitter:card\" content=\"summary_large_image\" \/>\n<meta name=\"twitter:label1\" content=\"\u041f\u0440\u0438\u0431\u043b. \u0447\u0430\u0441 \u0447\u0438\u0442\u0430\u043d\u043d\u044f\" \/>\n\t<meta name=\"twitter:data1\" content=\"2 \u0445\u0432\u0438\u043b\u0438\u043d\u0438\" \/>\n<script type=\"application\/ld+json\" class=\"yoast-schema-graph\">{\"@context\":\"https:\/\/schema.org\",\"@graph\":[{\"@type\":\"Article\",\"@id\":\"https:\/\/denizcankizil.tr\/uk\/haberler\/gundem\/muhtarlar-gununde-muhtarlar-atanin-huzurunda\/#article\",\"isPartOf\":{\"@id\":\"https:\/\/denizcankizil.tr\/uk\/haberler\/gundem\/muhtarlar-gununde-muhtarlar-atanin-huzurunda\/\"},\"author\":{\"name\":\"\",\"@id\":\"\"},\"headline\":\"Muhtarlar G\u00fcn\u00fc\u2019nde muhtarlar atan\u0131n huzurunda\u2026\",\"datePublished\":\"2024-10-19T19:42:43+00:00\",\"dateModified\":\"2024-10-19T19:42:51+00:00\",\"mainEntityOfPage\":{\"@id\":\"https:\/\/denizcankizil.tr\/uk\/haberler\/gundem\/muhtarlar-gununde-muhtarlar-atanin-huzurunda\/\"},\"wordCount\":333,\"commentCount\":0,\"publisher\":{\"@id\":\"https:\/\/denizcankizil.tr\/#organization\"},\"articleSection\":[\"G\u00fcndem\",\"Uncategorized\"],\"inLanguage\":\"uk\",\"potentialAction\":[{\"@type\":\"CommentAction\",\"name\":\"Comment\",\"target\":[\"https:\/\/denizcankizil.tr\/uk\/haberler\/gundem\/muhtarlar-gununde-muhtarlar-atanin-huzurunda\/#respond\"]}]},{\"@type\":\"WebPage\",\"@id\":\"https:\/\/denizcankizil.tr\/uk\/haberler\/gundem\/muhtarlar-gununde-muhtarlar-atanin-huzurunda\/\",\"url\":\"https:\/\/denizcankizil.tr\/uk\/haberler\/gundem\/muhtarlar-gununde-muhtarlar-atanin-huzurunda\/\",\"name\":\"Muhtarlar G\u00fcn\u00fc\u2019nde muhtarlar atan\u0131n huzurunda\u2026 - Av. Deniz Can K\u0131z\u0131l\",\"isPartOf\":{\"@id\":\"https:\/\/denizcankizil.tr\/#website\"},\"datePublished\":\"2024-10-19T19:42:43+00:00\",\"dateModified\":\"2024-10-19T19:42:51+00:00\",\"breadcrumb\":{\"@id\":\"https:\/\/denizcankizil.tr\/uk\/haberler\/gundem\/muhtarlar-gununde-muhtarlar-atanin-huzurunda\/#breadcrumb\"},\"inLanguage\":\"uk\",\"potentialAction\":[{\"@type\":\"ReadAction\",\"target\":[\"https:\/\/denizcankizil.tr\/uk\/haberler\/gundem\/muhtarlar-gununde-muhtarlar-atanin-huzurunda\/\"]}]},{\"@type\":\"BreadcrumbList\",\"@id\":\"https:\/\/denizcankizil.tr\/uk\/haberler\/gundem\/muhtarlar-gununde-muhtarlar-atanin-huzurunda\/#breadcrumb\",\"itemListElement\":[{\"@type\":\"ListItem\",\"position\":1,\"name\":\"Home\",\"item\":\"https:\/\/denizcankizil.tr\/de\/\"},{\"@type\":\"ListItem\",\"position\":2,\"name\":\"Muhtarlar G\u00fcn\u00fc\u2019nde muhtarlar atan\u0131n huzurunda\u2026\"}]},{\"@type\":\"WebSite\",\"@id\":\"https:\/\/denizcankizil.tr\/#website\",\"url\":\"https:\/\/denizcankizil.tr\/\",\"name\":\"Av. Deniz Can K\u0131z\u0131l\",\"description\":\"Avukat Deniz Can K\u0131z\u0131l Antalya Barosu\",\"publisher\":{\"@id\":\"https:\/\/denizcankizil.tr\/#organization\"},\"potentialAction\":[{\"@type\":\"SearchAction\",\"target\":{\"@type\":\"EntryPoint\",\"urlTemplate\":\"https:\/\/denizcankizil.tr\/?s={search_term_string}\"},\"query-input\":{\"@type\":\"PropertyValueSpecification\",\"valueRequired\":true,\"valueName\":\"search_term_string\"}}],\"inLanguage\":\"uk\"},{\"@type\":\"Organization\",\"@id\":\"https:\/\/denizcankizil.tr\/#organization\",\"name\":\"Av. Deniz Can K\u0131z\u0131l\",\"url\":\"https:\/\/denizcankizil.tr\/\",\"logo\":{\"@type\":\"ImageObject\",\"inLanguage\":\"uk\",\"@id\":\"https:\/\/denizcankizil.tr\/#\/schema\/logo\/image\/\",\"url\":\"https:\/\/denizcankizil.tr\/wp-content\/uploads\/2024\/10\/siyah-logo-svg.svg\",\"contentUrl\":\"https:\/\/denizcankizil.tr\/wp-content\/uploads\/2024\/10\/siyah-logo-svg.svg\",\"width\":1080,\"height\":1080,\"caption\":\"Av. Deniz Can K\u0131z\u0131l\"},\"image\":{\"@id\":\"https:\/\/denizcankizil.tr\/#\/schema\/logo\/image\/\"}}]}<\/script>\n<!-- \/ Yoast SEO Premium plugin. -->","yoast_head_json":{"title":"Muhtarlar G\u00fcn\u00fc\u2019nde muhtarlar atan\u0131n huzurunda\u2026 - Av. Deniz Can K\u0131z\u0131l","robots":{"index":"index","follow":"follow","max-snippet":"max-snippet:-1","max-image-preview":"max-image-preview:large","max-video-preview":"max-video-preview:-1"},"canonical":"https:\/\/denizcankizil.tr\/uk\/haberler\/gundem\/muhtarlar-gununde-muhtarlar-atanin-huzurunda\/","og_locale":"uk_UA","og_type":"article","og_title":"Muhtarlar G\u00fcn\u00fc\u2019nde muhtarlar atan\u0131n huzurunda\u2026","og_description":"19 Ekim Muhtarlar G\u00fcn\u00fc Kutlamalar\u0131 \u0130skenderun&#8217;da Ger\u00e7ekle\u015fti \u0130skenderun&#8217;daki Atat\u00fcrk An\u0131t\u0131 \u00f6n\u00fcnde d\u00fczenlenen t\u00f6rende, Muhtarlar Derne\u011fi Ba\u015fkan\u0131 Ethem Ayseki&#8217;nin liderli\u011findeki mahalle muhtarlar\u0131, \u0130l\u00e7e Emniyet M\u00fcd\u00fcr\u00fc Nevzat G\u00fcne\u015f, \u0130l\u00e7e Jandarma Komutan\u0131 Mustafa A\u00e7\u0131k ve Milli E\u011fitim M\u00fcd\u00fcr\u00fc Ali Haytaz gibi \u00f6nemli isimler bir araya geldi. T\u00f6renin Detaylar\u0131 ve Anma An\u0131t alan\u0131nda ger\u00e7ekle\u015ftirilen etkinlikte, Atat\u00fcrk&#8217;\u00fcn manevi huzuruna sayg\u0131 duru\u015funda bulunuldu ve \u0130stiklal Mar\u015f\u0131 okundu. Bu anlaml\u0131 g\u00fcnde konu\u015fan Muhtarlar Derne\u011fi Ba\u015fkan\u0131 Ethem Ayseki, 19 Ekim&#8217;in muhtarlar g\u00fcn\u00fc oldu\u011funu hat\u0131rlatarak bu \u00f6zel g\u00fcn i\u00e7in topland\u0131klar\u0131n\u0131 belirtti. Muhtarl\u0131\u011f\u0131n \u00d6nemi ve Rol\u00fc Ayseki, muhtarl\u0131\u011f\u0131n k\u00f6kl\u00fc ge\u00e7mi\u015fiyle demokrasinin ilk ad\u0131m\u0131 oldu\u011funu vurgulayarak &#8220;Muhtarlar, devletin en uzak k\u00f6\u015felerine ula\u015fan eldir. G\u00fcn\u00fcm\u00fczde kendini yenileyen kurumlar\u0131n ba\u015f\u0131nda gelen muhtarl\u0131k, vatanda\u015f\u0131n her t\u00fcrl\u00fc sorununu \u00e7\u00f6zmek i\u00e7in gece g\u00fcnd\u00fcz \u00e7al\u0131\u015fmaktad\u0131r&#8221; dedi. Ayr\u0131ca muhtarlar\u0131n mahalle sakinleri ile devlet kurumlar\u0131 aras\u0131nda bir k\u00f6pr\u00fc g\u00f6revi \u00fcstlendi\u011fini ifade etti. Pandemi D\u00f6neminde Muhtarlar\u0131n G\u00f6revi 2020 y\u0131l\u0131nda ya\u015fanan pandemi s\u00fcreci ve 6 \u015eubat 2023 tarihinde meydana gelen depremlerde muhtarlar\u0131n vatanda\u015flara destek olma g\u00f6revini yerine getirdi\u011fini dile getiren Ayseki, &#8220;Bu s\u00fcre\u00e7te b\u00fcy\u00fck bir \u00f6zveri g\u00f6sterdiler. \u00d6zellikle 6 \u015eubat depreminde muhtarl\u0131\u011f\u0131m\u0131z\u0131n ne kadar de\u011ferli oldu\u011fu bir kez daha anla\u015f\u0131ld\u0131&#8221; \u015feklinde konu\u015ftu. Ayr\u0131ca Cumhurba\u015fkan\u0131&#8217;na, valilere ve di\u011fer yetkililere te\u015fekk\u00fcrlerini sundu. \u00dclke Genelindeki Kutlamalar T\u00fcm T\u00fcrkiye genelinde \u00e7e\u015fitli etkinliklerle kutlanan 19 Ekim &hellip;","og_url":"https:\/\/denizcankizil.tr\/uk\/haberler\/gundem\/muhtarlar-gununde-muhtarlar-atanin-huzurunda\/","og_site_name":"Av. Deniz Can K\u0131z\u0131l","article_published_time":"2024-10-19T19:42:43+00:00","article_modified_time":"2024-10-19T19:42:51+00:00","twitter_card":"summary_large_image","twitter_misc":{"\u041f\u0440\u0438\u0431\u043b. \u0447\u0430\u0441 \u0447\u0438\u0442\u0430\u043d\u043d\u044f":"2 \u0445\u0432\u0438\u043b\u0438\u043d\u0438"},"schema":{"@context":"https:\/\/schema.org","@graph":[{"@type":"Article","@id":"https:\/\/denizcankizil.tr\/uk\/haberler\/gundem\/muhtarlar-gununde-muhtarlar-atanin-huzurunda\/#article","isPartOf":{"@id":"https:\/\/denizcankizil.tr\/uk\/haberler\/gundem\/muhtarlar-gununde-muhtarlar-atanin-huzurunda\/"},"author":{"name":"","@id":""},"headline":"Muhtarlar G\u00fcn\u00fc\u2019nde muhtarlar atan\u0131n huzurunda\u2026","datePublished":"2024-10-19T19:42:43+00:00","dateModified":"2024-10-19T19:42:51+00:00","mainEntityOfPage":{"@id":"https:\/\/denizcankizil.tr\/uk\/haberler\/gundem\/muhtarlar-gununde-muhtarlar-atanin-huzurunda\/"},"wordCount":333,"commentCount":0,"publisher":{"@id":"https:\/\/denizcankizil.tr\/#organization"},"articleSection":["G\u00fcndem","Uncategorized"],"inLanguage":"uk","potentialAction":[{"@type":"CommentAction","name":"Comment","target":["https:\/\/denizcankizil.tr\/uk\/haberler\/gundem\/muhtarlar-gununde-muhtarlar-atanin-huzurunda\/#respond"]}]},{"@type":"WebPage","@id":"https:\/\/denizcankizil.tr\/uk\/haberler\/gundem\/muhtarlar-gununde-muhtarlar-atanin-huzurunda\/","url":"https:\/\/denizcankizil.tr\/uk\/haberler\/gundem\/muhtarlar-gununde-muhtarlar-atanin-huzurunda\/","name":"Muhtarlar G\u00fcn\u00fc\u2019nde muhtarlar atan\u0131n huzurunda\u2026 - Av. Deniz Can K\u0131z\u0131l","isPartOf":{"@id":"https:\/\/denizcankizil.tr\/#website"},"datePublished":"2024-10-19T19:42:43+00:00","dateModified":"2024-10-19T19:42:51+00:00","breadcrumb":{"@id":"https:\/\/denizcankizil.tr\/uk\/haberler\/gundem\/muhtarlar-gununde-muhtarlar-atanin-huzurunda\/#breadcrumb"},"inLanguage":"uk","potentialAction":[{"@type":"ReadAction","target":["https:\/\/denizcankizil.tr\/uk\/haberler\/gundem\/muhtarlar-gununde-muhtarlar-atanin-huzurunda\/"]}]},{"@type":"BreadcrumbList","@id":"https:\/\/denizcankizil.tr\/uk\/haberler\/gundem\/muhtarlar-gununde-muhtarlar-atanin-huzurunda\/#breadcrumb","itemListElement":[{"@type":"ListItem","position":1,"name":"Home","item":"https:\/\/denizcankizil.tr\/de\/"},{"@type":"ListItem","position":2,"name":"Muhtarlar G\u00fcn\u00fc\u2019nde muhtarlar atan\u0131n huzurunda\u2026"}]},{"@type":"WebSite","@id":"https:\/\/denizcankizil.tr\/#website","url":"https:\/\/denizcankizil.tr\/","name":"Av. Deniz Can K\u0131z\u0131l","description":"Avukat Deniz Can K\u0131z\u0131l Antalya Barosu","publisher":{"@id":"https:\/\/denizcankizil.tr\/#organization"},"potentialAction":[{"@type":"SearchAction","target":{"@type":"EntryPoint","urlTemplate":"https:\/\/denizcankizil.tr\/?s={search_term_string}"},"query-input":{"@type":"PropertyValueSpecification","valueRequired":true,"valueName":"search_term_string"}}],"inLanguage":"uk"},{"@type":"Organization","@id":"https:\/\/denizcankizil.tr\/#organization","name":"Av. Deniz Can K\u0131z\u0131l","url":"https:\/\/denizcankizil.tr\/","logo":{"@type":"ImageObject","inLanguage":"uk","@id":"https:\/\/denizcankizil.tr\/#\/schema\/logo\/image\/","url":"https:\/\/denizcankizil.tr\/wp-content\/uploads\/2024\/10\/siyah-logo-svg.svg","contentUrl":"https:\/\/denizcankizil.tr\/wp-content\/uploads\/2024\/10\/siyah-logo-svg.svg","width":1080,"height":1080,"caption":"Av. Deniz Can K\u0131z\u0131l"},"image":{"@id":"https:\/\/denizcankizil.tr\/#\/schema\/logo\/image\/"}}]}},"_links":{"self":[{"href":"https:\/\/denizcankizil.tr\/uk\/wp-json\/wp\/v2\/posts\/4661","targetHints":{"allow":["GET"]}}],"collection":[{"href":"https:\/\/denizcankizil.tr\/uk\/wp-json\/wp\/v2\/posts"}],"about":[{"href":"https:\/\/denizcankizil.tr\/uk\/wp-json\/wp\/v2\/types\/post"}],"replies":[{"embeddable":true,"href":"https:\/\/denizcankizil.tr\/uk\/wp-json\/wp\/v2\/comments?post=4661"}],"version-history":[{"count":1,"href":"https:\/\/denizcankizil.tr\/uk\/wp-json\/wp\/v2\/posts\/4661\/revisions"}],"predecessor-version":[{"id":4662,"href":"https:\/\/denizcankizil.tr\/uk\/wp-json\/wp\/v2\/posts\/4661\/revisions\/4662"}],"wp:attachment":[{"href":"https:\/\/denizcankizil.tr\/uk\/wp-json\/wp\/v2\/media?parent=4661"}],"wp:term":[{"taxonomy":"category","embeddable":true,"href":"https:\/\/denizcankizil.tr\/uk\/wp-json\/wp\/v2\/categories?post=4661"},{"taxonomy":"post_tag","embeddable":true,"href":"https:\/\/denizcankizil.tr\/uk\/wp-json\/wp\/v2\/tags?post=4661"}],"curies":[{"name":"wp","href":"https:\/\/api.w.org\/{rel}","templated":true}]}}