{"id":45160,"date":"2025-04-04T10:41:17","date_gmt":"2025-04-04T07:41:17","guid":{"rendered":"https:\/\/denizcankizil.tr\/uncategorized-tr\/kaleicinin-tavsanli-falcilari-biktirdi\/"},"modified":"2025-04-04T10:41:17","modified_gmt":"2025-04-04T07:41:17","slug":"kaleicinin-tavsanli-falcilari-biktirdi","status":"publish","type":"post","link":"https:\/\/denizcankizil.tr\/uk\/haberler\/gundem\/kaleicinin-tavsanli-falcilari-biktirdi\/","title":{"rendered":"Kalei\u00e7i&#8217;nin tav\u015fanl\u0131 falc\u0131lar\u0131 b\u0131kt\u0131rd\u0131"},"content":{"rendered":"<p>Kalei\u00e7i\u2019nde turistlerin \u00f6n\u00fcne \u00e7\u0131kan tav\u015fan niyet\u00e7ili\u011fi yapan ki\u015filer, \u201cTav\u015fan\u0131 sevebilirsiniz\u201d diyerek, tav\u015fan\u0131 seven turistlerden d\u00f6viz kuru \u00fczerinde para talep ediyor. \u00d6zellikle \u00e7ocuklu aileleri hedef alan ki\u015filer, \u00e7ocuklar\u0131n tav\u015fan\u0131 sevmesinin ard\u0131ndan istiyor.<\/p>\n<p>TAR\u0130H\u0130 B\u00d6LGEYE A\u0130LECE GEL\u0130YORLAR!<\/p>\n<p>Turistlerin art\u0131k Kalei\u00e7i&#8217;nde rahat hareket edemedi\u011fini s\u00f6yleyen Kalei\u00e7i Otelciler ve Esnaflar Derne\u011fi Y\u00f6neticisi Ey\u00fcp Y\u0131ld\u0131r\u0131mcan, \u201cAntalya&#8217;ya gelen yerli ve yabanc\u0131 binlerce turist her g\u00fcn Kalei\u00e7i&#8217;ni gezmeye geliyor. Ancak burada art\u0131k rahat hareket edemiyorlar. Buraya aile olarak gelen dilenciler, \u00f6zellikle turistlere y\u00f6neliyor. Turistler para vermedi\u011fi zaman da zorlamaya ba\u015fl\u0131yor, takip ediyorlar. Son zamanlarda tav\u015fanc\u0131lar\u0131n say\u0131s\u0131 \u00e7ok artt\u0131. Turist ge\u00e7erken &#8216;buyrun tav\u015fan\u0131 sevebilirsiniz&#8217; diyor. \u00d6zellikle \u00e7ocu\u011fu olan aileler de durup, tav\u015fan\u0131 seviyor. Tav\u015fanc\u0131 da bunun \u00fczerine d\u00f6viz cinsinden fahi\u015f fiyatlar istiyor\u201d \u015feklinde a\u00e7\u0131klamalarda bulundu.<\/p>\n<p>GEREKL\u0130 \u00d6NLEMLER SEZON BA\u015eLAMADAN ALINMALI<\/p>\n<p>Kalei\u00e7i esnaf\u0131n\u0131n \u015fikayetlerine ra\u011fmen gerekli \u00f6nlemlerin al\u0131nmamas\u0131 b\u00f6lgede hem esnaf\u0131n hem de ziyaret\u00e7ilerin tepkisini \u00e7ekiyor. Kalei\u00e7i esnaf\u0131, \u201cGe\u00e7ti\u011fimiz y\u0131l sezon ba\u015f\u0131ndan sonuna kadar bu ki\u015filerle ilgili s\u0131k\u0131nt\u0131lar ya\u015fad\u0131k. Burada cirit at\u0131yorlar. Buna kar\u015f\u0131 belediyelerle i\u015f birli\u011fi halindeyiz. Baz\u0131 konularda belediye ekipleri yetersiz kal\u0131yor. Son zamanlarda B\u00fcy\u00fck\u015fehir Belediyesi zab\u0131ta ekiplerini y\u00f6nlendirdi ama say\u0131 yetersiz. \u00c7\u00fcnk\u00fc Kalei\u00e7i b\u00fcy\u00fck bir alan daha fazla ekiple m\u00fcdahale edilirse bu i\u015fin \u00f6n\u00fcne ge\u00e7ebiliriz. 2025 y\u0131l\u0131 sezonu a\u00e7\u0131lmadan bu ki\u015filere y\u00f6nelik gerekli m\u00fcdahalelerin yap\u0131lmas\u0131n\u0131 ve b\u00f6ylesine \u00f6nemli bir b\u00f6lgeden uzakla\u015ft\u0131r\u0131lmalar\u0131n\u0131 istiyoruz\u201d diye konu\u015ftular.<\/p>\n<p>\u200bAntalya\u2019n\u0131n tarihi Kalei\u00e7i semtinde \u2018tav\u015fan niyet\u00e7ili\u011fi\u2019 ad\u0131 alt\u0131nda vatanda\u015flara ve turistlere zor anlar ya\u015fatanlar\u0131n say\u0131s\u0131 bir hayli artt\u0131. \u00a0B\u00f6lge esnaf\u0131, bu ki\u015filere kar\u015f\u0131 belediye zab\u0131tas\u0131n\u0131n daha fazla m\u00fcdahale etmesini istiyor\u00a0<\/p>\n<p>\u200bHaberin Al\u0131nt\u0131land\u0131\u011f\u0131 Kaynak: www.antalyakorfez.com<\/p>","protected":false},"excerpt":{"rendered":"<p>Kalei\u00e7i\u2019nde turistlerin \u00f6n\u00fcne \u00e7\u0131kan tav\u015fan niyet\u00e7ili\u011fi yapan ki\u015filer, \u201cTav\u015fan\u0131 sevebilirsiniz\u201d diyerek, tav\u015fan\u0131 seven turistlerden d\u00f6viz kuru \u00fczerinde para talep ediyor. \u00d6zellikle \u00e7ocuklu aileleri hedef alan ki\u015filer, \u00e7ocuklar\u0131n tav\u015fan\u0131 sevmesinin ard\u0131ndan istiyor. TAR\u0130H\u0130 B\u00d6LGEYE A\u0130LECE GEL\u0130YORLAR! Turistlerin art\u0131k Kalei\u00e7i&#8217;nde rahat hareket edemedi\u011fini s\u00f6yleyen Kalei\u00e7i Otelciler ve Esnaflar Derne\u011fi Y\u00f6neticisi Ey\u00fcp Y\u0131ld\u0131r\u0131mcan, \u201cAntalya&#8217;ya gelen yerli ve yabanc\u0131 binlerce turist her g\u00fcn Kalei\u00e7i&#8217;ni gezmeye geliyor. Ancak burada art\u0131k rahat hareket edemiyorlar. Buraya aile olarak gelen dilenciler, \u00f6zellikle turistlere y\u00f6neliyor. Turistler para vermedi\u011fi zaman da zorlamaya ba\u015fl\u0131yor, takip ediyorlar. Son zamanlarda tav\u015fanc\u0131lar\u0131n say\u0131s\u0131 \u00e7ok artt\u0131. Turist ge\u00e7erken &#8216;buyrun tav\u015fan\u0131 sevebilirsiniz&#8217; diyor. \u00d6zellikle \u00e7ocu\u011fu olan aileler de durup, tav\u015fan\u0131 seviyor. Tav\u015fanc\u0131 da bunun \u00fczerine d\u00f6viz cinsinden fahi\u015f fiyatlar istiyor\u201d \u015feklinde a\u00e7\u0131klamalarda bulundu. GEREKL\u0130 \u00d6NLEMLER SEZON BA\u015eLAMADAN ALINMALI Kalei\u00e7i esnaf\u0131n\u0131n \u015fikayetlerine ra\u011fmen gerekli \u00f6nlemlerin al\u0131nmamas\u0131 b\u00f6lgede hem esnaf\u0131n hem de ziyaret\u00e7ilerin tepkisini \u00e7ekiyor. Kalei\u00e7i esnaf\u0131, \u201cGe\u00e7ti\u011fimiz y\u0131l sezon ba\u015f\u0131ndan sonuna kadar bu ki\u015filerle ilgili s\u0131k\u0131nt\u0131lar ya\u015fad\u0131k. Burada cirit at\u0131yorlar. Buna kar\u015f\u0131 belediyelerle i\u015f birli\u011fi halindeyiz. Baz\u0131 konularda belediye ekipleri yetersiz kal\u0131yor. Son zamanlarda B\u00fcy\u00fck\u015fehir Belediyesi zab\u0131ta ekiplerini y\u00f6nlendirdi ama say\u0131 yetersiz. \u00c7\u00fcnk\u00fc Kalei\u00e7i b\u00fcy\u00fck bir alan daha fazla ekiple m\u00fcdahale edilirse bu i\u015fin \u00f6n\u00fcne ge\u00e7ebiliriz. 2025 y\u0131l\u0131 sezonu a\u00e7\u0131lmadan bu ki\u015filere y\u00f6nelik gerekli m\u00fcdahalelerin yap\u0131lmas\u0131n\u0131 ve &hellip;<\/p>","protected":false},"author":5,"featured_media":0,"comment_status":"","ping_status":"open","sticky":false,"template":"","format":"standard","meta":{"_acf_changed":false,"footnotes":""},"categories":[24],"tags":[],"class_list":["post-45160","post","type-post","status-publish","format-standard","has-post-thumbnail","hentry","category-gundem"],"acf":[],"yoast_head":"<!-- This site is optimized with the Yoast SEO Premium plugin v26.6 (Yoast SEO v27.1.1) - https:\/\/yoast.com\/product\/yoast-seo-premium-wordpress\/ -->\n<title>Kalei\u00e7i&#039;nin tav\u015fanl\u0131 falc\u0131lar\u0131 b\u0131kt\u0131rd\u0131 - Av. Deniz Can K\u0131z\u0131l<\/title>\n<meta name=\"robots\" content=\"index, follow, max-snippet:-1, max-image-preview:large, max-video-preview:-1\" \/>\n<link rel=\"canonical\" href=\"https:\/\/denizcankizil.tr\/uk\/haberler\/gundem\/kaleicinin-tavsanli-falcilari-biktirdi\/\" \/>\n<meta property=\"og:locale\" content=\"uk_UA\" \/>\n<meta property=\"og:type\" content=\"article\" \/>\n<meta property=\"og:title\" content=\"Kalei\u00e7i&#039;nin tav\u015fanl\u0131 falc\u0131lar\u0131 b\u0131kt\u0131rd\u0131\" \/>\n<meta property=\"og:description\" content=\"Kalei\u00e7i\u2019nde turistlerin \u00f6n\u00fcne \u00e7\u0131kan tav\u015fan niyet\u00e7ili\u011fi yapan ki\u015filer, \u201cTav\u015fan\u0131 sevebilirsiniz\u201d diyerek, tav\u015fan\u0131 seven turistlerden d\u00f6viz kuru \u00fczerinde para talep ediyor. \u00d6zellikle \u00e7ocuklu aileleri hedef alan ki\u015filer, \u00e7ocuklar\u0131n tav\u015fan\u0131 sevmesinin ard\u0131ndan istiyor. TAR\u0130H\u0130 B\u00d6LGEYE A\u0130LECE GEL\u0130YORLAR! Turistlerin art\u0131k Kalei\u00e7i&#8217;nde rahat hareket edemedi\u011fini s\u00f6yleyen Kalei\u00e7i Otelciler ve Esnaflar Derne\u011fi Y\u00f6neticisi Ey\u00fcp Y\u0131ld\u0131r\u0131mcan, \u201cAntalya&#8217;ya gelen yerli ve yabanc\u0131 binlerce turist her g\u00fcn Kalei\u00e7i&#8217;ni gezmeye geliyor. Ancak burada art\u0131k rahat hareket edemiyorlar. Buraya aile olarak gelen dilenciler, \u00f6zellikle turistlere y\u00f6neliyor. Turistler para vermedi\u011fi zaman da zorlamaya ba\u015fl\u0131yor, takip ediyorlar. Son zamanlarda tav\u015fanc\u0131lar\u0131n say\u0131s\u0131 \u00e7ok artt\u0131. Turist ge\u00e7erken &#8216;buyrun tav\u015fan\u0131 sevebilirsiniz&#8217; diyor. \u00d6zellikle \u00e7ocu\u011fu olan aileler de durup, tav\u015fan\u0131 seviyor. Tav\u015fanc\u0131 da bunun \u00fczerine d\u00f6viz cinsinden fahi\u015f fiyatlar istiyor\u201d \u015feklinde a\u00e7\u0131klamalarda bulundu. GEREKL\u0130 \u00d6NLEMLER SEZON BA\u015eLAMADAN ALINMALI Kalei\u00e7i esnaf\u0131n\u0131n \u015fikayetlerine ra\u011fmen gerekli \u00f6nlemlerin al\u0131nmamas\u0131 b\u00f6lgede hem esnaf\u0131n hem de ziyaret\u00e7ilerin tepkisini \u00e7ekiyor. Kalei\u00e7i esnaf\u0131, \u201cGe\u00e7ti\u011fimiz y\u0131l sezon ba\u015f\u0131ndan sonuna kadar bu ki\u015filerle ilgili s\u0131k\u0131nt\u0131lar ya\u015fad\u0131k. Burada cirit at\u0131yorlar. Buna kar\u015f\u0131 belediyelerle i\u015f birli\u011fi halindeyiz. Baz\u0131 konularda belediye ekipleri yetersiz kal\u0131yor. Son zamanlarda B\u00fcy\u00fck\u015fehir Belediyesi zab\u0131ta ekiplerini y\u00f6nlendirdi ama say\u0131 yetersiz. \u00c7\u00fcnk\u00fc Kalei\u00e7i b\u00fcy\u00fck bir alan daha fazla ekiple m\u00fcdahale edilirse bu i\u015fin \u00f6n\u00fcne ge\u00e7ebiliriz. 2025 y\u0131l\u0131 sezonu a\u00e7\u0131lmadan bu ki\u015filere y\u00f6nelik gerekli m\u00fcdahalelerin yap\u0131lmas\u0131n\u0131 ve &hellip;\" \/>\n<meta property=\"og:url\" content=\"https:\/\/denizcankizil.tr\/uk\/haberler\/gundem\/kaleicinin-tavsanli-falcilari-biktirdi\/\" \/>\n<meta property=\"og:site_name\" content=\"Av. Deniz Can K\u0131z\u0131l\" \/>\n<meta property=\"article:published_time\" content=\"2025-04-04T07:41:17+00:00\" \/>\n<meta name=\"author\" content=\"Antalya K\u00f6rfez\" \/>\n<meta name=\"twitter:card\" content=\"summary_large_image\" \/>\n<meta name=\"twitter:label1\" content=\"\u041d\u0430\u043f\u0438\u0441\u0430\u043d\u043e\" \/>\n\t<meta name=\"twitter:data1\" content=\"Antalya K\u00f6rfez\" \/>\n\t<meta name=\"twitter:label2\" content=\"\u041f\u0440\u0438\u0431\u043b. \u0447\u0430\u0441 \u0447\u0438\u0442\u0430\u043d\u043d\u044f\" \/>\n\t<meta name=\"twitter:data2\" content=\"2 \u0445\u0432\u0438\u043b\u0438\u043d\u0438\" \/>\n<script type=\"application\/ld+json\" class=\"yoast-schema-graph\">{\"@context\":\"https:\/\/schema.org\",\"@graph\":[{\"@type\":\"Article\",\"@id\":\"https:\/\/denizcankizil.tr\/uk\/haberler\/gundem\/kaleicinin-tavsanli-falcilari-biktirdi\/#article\",\"isPartOf\":{\"@id\":\"https:\/\/denizcankizil.tr\/uk\/haberler\/gundem\/kaleicinin-tavsanli-falcilari-biktirdi\/\"},\"author\":{\"name\":\"Antalya K\u00f6rfez\",\"@id\":\"https:\/\/denizcankizil.tr\/de\/#\/schema\/person\/e1eb71bb4dd684d46563f0af307e1234\"},\"headline\":\"Kalei\u00e7i&#8217;nin tav\u015fanl\u0131 falc\u0131lar\u0131 b\u0131kt\u0131rd\u0131\",\"datePublished\":\"2025-04-04T07:41:17+00:00\",\"mainEntityOfPage\":{\"@id\":\"https:\/\/denizcankizil.tr\/uk\/haberler\/gundem\/kaleicinin-tavsanli-falcilari-biktirdi\/\"},\"wordCount\":371,\"publisher\":{\"@id\":\"https:\/\/denizcankizil.tr\/de\/#organization\"},\"articleSection\":[\"G\u00fcndem\"],\"inLanguage\":\"uk\"},{\"@type\":\"WebPage\",\"@id\":\"https:\/\/denizcankizil.tr\/uk\/haberler\/gundem\/kaleicinin-tavsanli-falcilari-biktirdi\/\",\"url\":\"https:\/\/denizcankizil.tr\/uk\/haberler\/gundem\/kaleicinin-tavsanli-falcilari-biktirdi\/\",\"name\":\"Kalei\u00e7i'nin tav\u015fanl\u0131 falc\u0131lar\u0131 b\u0131kt\u0131rd\u0131 - Av. Deniz Can K\u0131z\u0131l\",\"isPartOf\":{\"@id\":\"https:\/\/denizcankizil.tr\/de\/#website\"},\"datePublished\":\"2025-04-04T07:41:17+00:00\",\"breadcrumb\":{\"@id\":\"https:\/\/denizcankizil.tr\/uk\/haberler\/gundem\/kaleicinin-tavsanli-falcilari-biktirdi\/#breadcrumb\"},\"inLanguage\":\"uk\",\"potentialAction\":[{\"@type\":\"ReadAction\",\"target\":[\"https:\/\/denizcankizil.tr\/uk\/haberler\/gundem\/kaleicinin-tavsanli-falcilari-biktirdi\/\"]}]},{\"@type\":\"BreadcrumbList\",\"@id\":\"https:\/\/denizcankizil.tr\/uk\/haberler\/gundem\/kaleicinin-tavsanli-falcilari-biktirdi\/#breadcrumb\",\"itemListElement\":[{\"@type\":\"ListItem\",\"position\":1,\"name\":\"Home\",\"item\":\"https:\/\/denizcankizil.tr\/de\/\"},{\"@type\":\"ListItem\",\"position\":2,\"name\":\"Kalei\u00e7i&#8217;nin tav\u015fanl\u0131 falc\u0131lar\u0131 b\u0131kt\u0131rd\u0131\"}]},{\"@type\":\"WebSite\",\"@id\":\"https:\/\/denizcankizil.tr\/de\/#website\",\"url\":\"https:\/\/denizcankizil.tr\/de\/\",\"name\":\"Av. Deniz Can K\u0131z\u0131l\",\"description\":\"Avukat Deniz Can K\u0131z\u0131l Antalya Barosu\",\"publisher\":{\"@id\":\"https:\/\/denizcankizil.tr\/de\/#organization\"},\"potentialAction\":[{\"@type\":\"SearchAction\",\"target\":{\"@type\":\"EntryPoint\",\"urlTemplate\":\"https:\/\/denizcankizil.tr\/de\/?s={search_term_string}\"},\"query-input\":{\"@type\":\"PropertyValueSpecification\",\"valueRequired\":true,\"valueName\":\"search_term_string\"}}],\"inLanguage\":\"uk\"},{\"@type\":\"Organization\",\"@id\":\"https:\/\/denizcankizil.tr\/de\/#organization\",\"name\":\"Av. Deniz Can K\u0131z\u0131l\",\"url\":\"https:\/\/denizcankizil.tr\/de\/\",\"logo\":{\"@type\":\"ImageObject\",\"inLanguage\":\"uk\",\"@id\":\"https:\/\/denizcankizil.tr\/de\/#\/schema\/logo\/image\/\",\"url\":\"https:\/\/denizcankizil.tr\/wp-content\/uploads\/2024\/10\/siyah-logo-svg.svg\",\"contentUrl\":\"https:\/\/denizcankizil.tr\/wp-content\/uploads\/2024\/10\/siyah-logo-svg.svg\",\"width\":1080,\"height\":1080,\"caption\":\"Av. Deniz Can K\u0131z\u0131l\"},\"image\":{\"@id\":\"https:\/\/denizcankizil.tr\/de\/#\/schema\/logo\/image\/\"}},{\"@type\":\"Person\",\"@id\":\"https:\/\/denizcankizil.tr\/de\/#\/schema\/person\/e1eb71bb4dd684d46563f0af307e1234\",\"name\":\"Antalya K\u00f6rfez\",\"image\":{\"@type\":\"ImageObject\",\"inLanguage\":\"uk\",\"@id\":\"https:\/\/denizcankizil.tr\/de\/#\/schema\/person\/image\/\",\"url\":\"https:\/\/secure.gravatar.com\/avatar\/42b01982558a48a0b501fdcab6a408d3717ea5919095ee2e67b0e521799c5905?s=96&d=mm&r=g\",\"contentUrl\":\"https:\/\/secure.gravatar.com\/avatar\/42b01982558a48a0b501fdcab6a408d3717ea5919095ee2e67b0e521799c5905?s=96&d=mm&r=g\",\"caption\":\"Antalya K\u00f6rfez\"},\"sameAs\":[\"http:\/\/www.antalyakorfez.com\"],\"url\":\"https:\/\/www.antalyakorfez.com\/kaleicinin-tavsanli-falcilari-biktirdi\"}]}<\/script>\n<!-- \/ Yoast SEO Premium plugin. -->","yoast_head_json":{"title":"Kalei\u00e7i'nin tav\u015fanl\u0131 falc\u0131lar\u0131 b\u0131kt\u0131rd\u0131 - Av. Deniz Can K\u0131z\u0131l","robots":{"index":"index","follow":"follow","max-snippet":"max-snippet:-1","max-image-preview":"max-image-preview:large","max-video-preview":"max-video-preview:-1"},"canonical":"https:\/\/denizcankizil.tr\/uk\/haberler\/gundem\/kaleicinin-tavsanli-falcilari-biktirdi\/","og_locale":"uk_UA","og_type":"article","og_title":"Kalei\u00e7i'nin tav\u015fanl\u0131 falc\u0131lar\u0131 b\u0131kt\u0131rd\u0131","og_description":"Kalei\u00e7i\u2019nde turistlerin \u00f6n\u00fcne \u00e7\u0131kan tav\u015fan niyet\u00e7ili\u011fi yapan ki\u015filer, \u201cTav\u015fan\u0131 sevebilirsiniz\u201d diyerek, tav\u015fan\u0131 seven turistlerden d\u00f6viz kuru \u00fczerinde para talep ediyor. \u00d6zellikle \u00e7ocuklu aileleri hedef alan ki\u015filer, \u00e7ocuklar\u0131n tav\u015fan\u0131 sevmesinin ard\u0131ndan istiyor. TAR\u0130H\u0130 B\u00d6LGEYE A\u0130LECE GEL\u0130YORLAR! Turistlerin art\u0131k Kalei\u00e7i&#8217;nde rahat hareket edemedi\u011fini s\u00f6yleyen Kalei\u00e7i Otelciler ve Esnaflar Derne\u011fi Y\u00f6neticisi Ey\u00fcp Y\u0131ld\u0131r\u0131mcan, \u201cAntalya&#8217;ya gelen yerli ve yabanc\u0131 binlerce turist her g\u00fcn Kalei\u00e7i&#8217;ni gezmeye geliyor. Ancak burada art\u0131k rahat hareket edemiyorlar. Buraya aile olarak gelen dilenciler, \u00f6zellikle turistlere y\u00f6neliyor. Turistler para vermedi\u011fi zaman da zorlamaya ba\u015fl\u0131yor, takip ediyorlar. Son zamanlarda tav\u015fanc\u0131lar\u0131n say\u0131s\u0131 \u00e7ok artt\u0131. Turist ge\u00e7erken &#8216;buyrun tav\u015fan\u0131 sevebilirsiniz&#8217; diyor. \u00d6zellikle \u00e7ocu\u011fu olan aileler de durup, tav\u015fan\u0131 seviyor. Tav\u015fanc\u0131 da bunun \u00fczerine d\u00f6viz cinsinden fahi\u015f fiyatlar istiyor\u201d \u015feklinde a\u00e7\u0131klamalarda bulundu. GEREKL\u0130 \u00d6NLEMLER SEZON BA\u015eLAMADAN ALINMALI Kalei\u00e7i esnaf\u0131n\u0131n \u015fikayetlerine ra\u011fmen gerekli \u00f6nlemlerin al\u0131nmamas\u0131 b\u00f6lgede hem esnaf\u0131n hem de ziyaret\u00e7ilerin tepkisini \u00e7ekiyor. Kalei\u00e7i esnaf\u0131, \u201cGe\u00e7ti\u011fimiz y\u0131l sezon ba\u015f\u0131ndan sonuna kadar bu ki\u015filerle ilgili s\u0131k\u0131nt\u0131lar ya\u015fad\u0131k. Burada cirit at\u0131yorlar. Buna kar\u015f\u0131 belediyelerle i\u015f birli\u011fi halindeyiz. Baz\u0131 konularda belediye ekipleri yetersiz kal\u0131yor. Son zamanlarda B\u00fcy\u00fck\u015fehir Belediyesi zab\u0131ta ekiplerini y\u00f6nlendirdi ama say\u0131 yetersiz. \u00c7\u00fcnk\u00fc Kalei\u00e7i b\u00fcy\u00fck bir alan daha fazla ekiple m\u00fcdahale edilirse bu i\u015fin \u00f6n\u00fcne ge\u00e7ebiliriz. 2025 y\u0131l\u0131 sezonu a\u00e7\u0131lmadan bu ki\u015filere y\u00f6nelik gerekli m\u00fcdahalelerin yap\u0131lmas\u0131n\u0131 ve &hellip;","og_url":"https:\/\/denizcankizil.tr\/uk\/haberler\/gundem\/kaleicinin-tavsanli-falcilari-biktirdi\/","og_site_name":"Av. Deniz Can K\u0131z\u0131l","article_published_time":"2025-04-04T07:41:17+00:00","author":"Antalya K\u00f6rfez","twitter_card":"summary_large_image","twitter_misc":{"\u041d\u0430\u043f\u0438\u0441\u0430\u043d\u043e":"Antalya K\u00f6rfez","\u041f\u0440\u0438\u0431\u043b. \u0447\u0430\u0441 \u0447\u0438\u0442\u0430\u043d\u043d\u044f":"2 \u0445\u0432\u0438\u043b\u0438\u043d\u0438"},"schema":{"@context":"https:\/\/schema.org","@graph":[{"@type":"Article","@id":"https:\/\/denizcankizil.tr\/uk\/haberler\/gundem\/kaleicinin-tavsanli-falcilari-biktirdi\/#article","isPartOf":{"@id":"https:\/\/denizcankizil.tr\/uk\/haberler\/gundem\/kaleicinin-tavsanli-falcilari-biktirdi\/"},"author":{"name":"Antalya K\u00f6rfez","@id":"https:\/\/denizcankizil.tr\/de\/#\/schema\/person\/e1eb71bb4dd684d46563f0af307e1234"},"headline":"Kalei\u00e7i&#8217;nin tav\u015fanl\u0131 falc\u0131lar\u0131 b\u0131kt\u0131rd\u0131","datePublished":"2025-04-04T07:41:17+00:00","mainEntityOfPage":{"@id":"https:\/\/denizcankizil.tr\/uk\/haberler\/gundem\/kaleicinin-tavsanli-falcilari-biktirdi\/"},"wordCount":371,"publisher":{"@id":"https:\/\/denizcankizil.tr\/de\/#organization"},"articleSection":["G\u00fcndem"],"inLanguage":"uk"},{"@type":"WebPage","@id":"https:\/\/denizcankizil.tr\/uk\/haberler\/gundem\/kaleicinin-tavsanli-falcilari-biktirdi\/","url":"https:\/\/denizcankizil.tr\/uk\/haberler\/gundem\/kaleicinin-tavsanli-falcilari-biktirdi\/","name":"Kalei\u00e7i'nin tav\u015fanl\u0131 falc\u0131lar\u0131 b\u0131kt\u0131rd\u0131 - Av. Deniz Can K\u0131z\u0131l","isPartOf":{"@id":"https:\/\/denizcankizil.tr\/de\/#website"},"datePublished":"2025-04-04T07:41:17+00:00","breadcrumb":{"@id":"https:\/\/denizcankizil.tr\/uk\/haberler\/gundem\/kaleicinin-tavsanli-falcilari-biktirdi\/#breadcrumb"},"inLanguage":"uk","potentialAction":[{"@type":"ReadAction","target":["https:\/\/denizcankizil.tr\/uk\/haberler\/gundem\/kaleicinin-tavsanli-falcilari-biktirdi\/"]}]},{"@type":"BreadcrumbList","@id":"https:\/\/denizcankizil.tr\/uk\/haberler\/gundem\/kaleicinin-tavsanli-falcilari-biktirdi\/#breadcrumb","itemListElement":[{"@type":"ListItem","position":1,"name":"Home","item":"https:\/\/denizcankizil.tr\/de\/"},{"@type":"ListItem","position":2,"name":"Kalei\u00e7i&#8217;nin tav\u015fanl\u0131 falc\u0131lar\u0131 b\u0131kt\u0131rd\u0131"}]},{"@type":"WebSite","@id":"https:\/\/denizcankizil.tr\/de\/#website","url":"https:\/\/denizcankizil.tr\/de\/","name":"Av. Deniz Can K\u0131z\u0131l","description":"Avukat Deniz Can K\u0131z\u0131l Antalya Barosu","publisher":{"@id":"https:\/\/denizcankizil.tr\/de\/#organization"},"potentialAction":[{"@type":"SearchAction","target":{"@type":"EntryPoint","urlTemplate":"https:\/\/denizcankizil.tr\/de\/?s={search_term_string}"},"query-input":{"@type":"PropertyValueSpecification","valueRequired":true,"valueName":"search_term_string"}}],"inLanguage":"uk"},{"@type":"Organization","@id":"https:\/\/denizcankizil.tr\/de\/#organization","name":"Av. Deniz Can K\u0131z\u0131l","url":"https:\/\/denizcankizil.tr\/de\/","logo":{"@type":"ImageObject","inLanguage":"uk","@id":"https:\/\/denizcankizil.tr\/de\/#\/schema\/logo\/image\/","url":"https:\/\/denizcankizil.tr\/wp-content\/uploads\/2024\/10\/siyah-logo-svg.svg","contentUrl":"https:\/\/denizcankizil.tr\/wp-content\/uploads\/2024\/10\/siyah-logo-svg.svg","width":1080,"height":1080,"caption":"Av. Deniz Can K\u0131z\u0131l"},"image":{"@id":"https:\/\/denizcankizil.tr\/de\/#\/schema\/logo\/image\/"}},{"@type":"Person","@id":"https:\/\/denizcankizil.tr\/de\/#\/schema\/person\/e1eb71bb4dd684d46563f0af307e1234","name":"Antalya K\u00f6rfez","image":{"@type":"ImageObject","inLanguage":"uk","@id":"https:\/\/denizcankizil.tr\/de\/#\/schema\/person\/image\/","url":"https:\/\/secure.gravatar.com\/avatar\/42b01982558a48a0b501fdcab6a408d3717ea5919095ee2e67b0e521799c5905?s=96&d=mm&r=g","contentUrl":"https:\/\/secure.gravatar.com\/avatar\/42b01982558a48a0b501fdcab6a408d3717ea5919095ee2e67b0e521799c5905?s=96&d=mm&r=g","caption":"Antalya K\u00f6rfez"},"sameAs":["http:\/\/www.antalyakorfez.com"],"url":"https:\/\/www.antalyakorfez.com\/kaleicinin-tavsanli-falcilari-biktirdi"}]}},"_links":{"self":[{"href":"https:\/\/denizcankizil.tr\/uk\/wp-json\/wp\/v2\/posts\/45160","targetHints":{"allow":["GET"]}}],"collection":[{"href":"https:\/\/denizcankizil.tr\/uk\/wp-json\/wp\/v2\/posts"}],"about":[{"href":"https:\/\/denizcankizil.tr\/uk\/wp-json\/wp\/v2\/types\/post"}],"author":[{"embeddable":true,"href":"https:\/\/denizcankizil.tr\/uk\/wp-json\/wp\/v2\/users\/5"}],"replies":[{"embeddable":true,"href":"https:\/\/denizcankizil.tr\/uk\/wp-json\/wp\/v2\/comments?post=45160"}],"version-history":[{"count":0,"href":"https:\/\/denizcankizil.tr\/uk\/wp-json\/wp\/v2\/posts\/45160\/revisions"}],"wp:attachment":[{"href":"https:\/\/denizcankizil.tr\/uk\/wp-json\/wp\/v2\/media?parent=45160"}],"wp:term":[{"taxonomy":"category","embeddable":true,"href":"https:\/\/denizcankizil.tr\/uk\/wp-json\/wp\/v2\/categories?post=45160"},{"taxonomy":"post_tag","embeddable":true,"href":"https:\/\/denizcankizil.tr\/uk\/wp-json\/wp\/v2\/tags?post=45160"}],"curies":[{"name":"wp","href":"https:\/\/api.w.org\/{rel}","templated":true}]}}