{"id":45038,"date":"2025-04-04T06:42:16","date_gmt":"2025-04-04T03:42:16","guid":{"rendered":"https:\/\/denizcankizil.tr\/uncategorized-tr\/bilecik-belediyesine-hibe-ekskavator-kazandirildi\/"},"modified":"2025-04-04T06:42:16","modified_gmt":"2025-04-04T03:42:16","slug":"bilecik-belediyesine-hibe-ekskavator-kazandirildi","status":"publish","type":"post","link":"https:\/\/denizcankizil.tr\/uk\/haberler\/gundem\/bilecik-belediyesine-hibe-ekskavator-kazandirildi\/","title":{"rendered":"Bilecik Belediyesi&#8217;ne hibe ekskavat\u00f6r kazand\u0131r\u0131ld\u0131"},"content":{"rendered":"<p>Bilecik Belediye Ba\u015fkan\u0131 Melek M\u0131zrak Suba\u015f\u0131, T\u00fcrkiye Belediyeler Birli\u011fi taraf\u0131ndan hibe edilen ekskavat\u00f6r\u00fcn belediye hizmet filosuna kazand\u0131r\u0131ld\u0131\u011f\u0131n\u0131 a\u00e7\u0131klad\u0131.B\u0130LEC\u0130K (\u0130GFA) &#8211;\u00a0Bilecik Belediye Ba\u015fkan\u0131 Melek M\u0131zrak Suba\u015f\u0131, T\u00fcrkiye Belediyeler Birli\u011fi taraf\u0131ndan hibe edilen ekskavat\u00f6r\u00fcn belediye hizmet filosuna kat\u0131ld\u0131\u011f\u0131n\u0131 a\u00e7\u0131klad\u0131. Ba\u015fkan Suba\u015f\u0131 sosyal medya hesab\u0131ndan\u00a0yapt\u0131\u011f\u0131 a\u00e7\u0131klamada \u015fu ifadelere yer verdi:<br \/>\n&#8220;Belediyemize hibe edilen ekskavat\u00f6r\u00fc hizmet filomuza kazand\u0131rmaktan b\u00fcy\u00fck bir memnuniyet duyuyor, Bilecik\u2019imize hay\u0131rl\u0131 olmas\u0131n\u0131 diliyorum.&#8221;<\/p>\n<p>Suba\u015f\u0131, a\u00e7\u0131klamas\u0131na devam ederek; &#8220;T\u00fcrkiye Belediyeler Birli\u011fi\u2019nin sa\u011flad\u0131\u011f\u0131 bu destek, Bilecik Belediyesi\u2019nin altyap\u0131 \u00e7al\u0131\u015fmalar\u0131n\u0131 g\u00fc\u00e7lendirme ve kent sakinlerine daha kaliteli hizmet sunma hedefleri do\u011frultusunda \u00f6nemli bir katk\u0131 olarak de\u011ferlendiriliyor. Belediye, hibe edilen ekskavat\u00f6rle birlikte hizmet kapasitesini art\u0131rarak daha geni\u015f \u00e7apta projelere imza atmay\u0131 planl\u0131yor&#8221; \u015feklinde konu\u015ftu.<\/p>\n<p>https:\/\/twitter.com\/melekmsubasi\/status\/1907756116831838332<\/p>\n<p>\u200bBilecik Belediye Ba\u015fkan\u0131 Melek M\u0131zrak Suba\u015f\u0131, T\u00fcrkiye Belediyeler Birli\u011fi taraf\u0131ndan hibe edilen ekskavat\u00f6r\u00fcn belediye hizmet filosuna kazand\u0131r\u0131ld\u0131\u011f\u0131n\u0131 a\u00e7\u0131klad\u0131.B\u0130LEC\u0130K (\u0130GFA) &#8211;\u00a0Bilecik Belediye Ba\u015fkan\u0131 Melek M\u0131zrak Suba\u015f\u0131, T\u00fcrkiye Belediyeler Birli\u011fi taraf\u0131ndan hibe edilen ekskavat\u00f6r\u00fcn belediye hizmet filosuna kat\u0131ld\u0131\u011f\u0131n\u0131 a\u00e7\u0131klad\u0131. Ba\u015fkan Suba\u015f\u0131 sosyal medya hesab\u0131ndan\u00a0yapt\u0131\u011f\u0131 a\u00e7\u0131klamada \u015fu ifadelere yer verdi:<br \/>\n&#8220;Belediyemize hibe edilen ekskavat\u00f6r\u00fc hizmet filomuza kazand\u0131rmaktan b\u00fcy\u00fck bir memnuniyet duyuyor, Bilecik\u2019imize hay\u0131rl\u0131 olmas\u0131n\u0131 diliyorum.&#8221;<\/p>\n<p>Suba\u015f\u0131, a\u00e7\u0131klamas\u0131na devam ederek; &#8220;T\u00fcrkiye Belediyeler Birli\u011fi\u2019nin sa\u011flad\u0131\u011f\u0131 bu destek, Bilecik Belediyesi\u2019nin altyap\u0131 \u00e7al\u0131\u015fmalar\u0131n\u0131 g\u00fc\u00e7lendirme ve kent sakinlerine daha kaliteli hizmet sunma hedefleri do\u011frultusunda \u00f6nemli bir katk\u0131 olarak de\u011ferlendiriliyor. Belediye, hibe edilen ekskavat\u00f6rle birlikte hizmet kapasitesini art\u0131rarak daha geni\u015f \u00e7apta projelere imza atmay\u0131 planl\u0131yor&#8221; \u015feklinde konu\u015ftu.<\/p>\n<p>https:\/\/twitter.com\/melekmsubasi\/status\/1907756116831838332\u00a0<\/p>\n<p>\u200bHaberin Al\u0131nt\u0131land\u0131\u011f\u0131 Kaynak: www.iskenderun.org<\/p>","protected":false},"excerpt":{"rendered":"<p>Bilecik Belediye Ba\u015fkan\u0131 Melek M\u0131zrak Suba\u015f\u0131, T\u00fcrkiye Belediyeler Birli\u011fi taraf\u0131ndan hibe edilen ekskavat\u00f6r\u00fcn belediye hizmet filosuna kazand\u0131r\u0131ld\u0131\u011f\u0131n\u0131 a\u00e7\u0131klad\u0131.B\u0130LEC\u0130K (\u0130GFA) &#8211;\u00a0Bilecik Belediye Ba\u015fkan\u0131 Melek M\u0131zrak Suba\u015f\u0131, T\u00fcrkiye Belediyeler Birli\u011fi taraf\u0131ndan hibe edilen ekskavat\u00f6r\u00fcn belediye hizmet filosuna kat\u0131ld\u0131\u011f\u0131n\u0131 a\u00e7\u0131klad\u0131. Ba\u015fkan Suba\u015f\u0131 sosyal medya hesab\u0131ndan\u00a0yapt\u0131\u011f\u0131 a\u00e7\u0131klamada \u015fu ifadelere yer verdi: &#8220;Belediyemize hibe edilen ekskavat\u00f6r\u00fc hizmet filomuza kazand\u0131rmaktan b\u00fcy\u00fck bir memnuniyet duyuyor, Bilecik\u2019imize hay\u0131rl\u0131 olmas\u0131n\u0131 diliyorum.&#8221; Suba\u015f\u0131, a\u00e7\u0131klamas\u0131na devam ederek; &#8220;T\u00fcrkiye Belediyeler Birli\u011fi\u2019nin sa\u011flad\u0131\u011f\u0131 bu destek, Bilecik Belediyesi\u2019nin altyap\u0131 \u00e7al\u0131\u015fmalar\u0131n\u0131 g\u00fc\u00e7lendirme ve kent sakinlerine daha kaliteli hizmet sunma hedefleri do\u011frultusunda \u00f6nemli bir katk\u0131 olarak de\u011ferlendiriliyor. Belediye, hibe edilen ekskavat\u00f6rle birlikte hizmet kapasitesini art\u0131rarak daha geni\u015f \u00e7apta projelere imza atmay\u0131 planl\u0131yor&#8221; \u015feklinde konu\u015ftu. https:\/\/twitter.com\/melekmsubasi\/status\/1907756116831838332 \u200bBilecik Belediye Ba\u015fkan\u0131 Melek M\u0131zrak Suba\u015f\u0131, T\u00fcrkiye Belediyeler Birli\u011fi taraf\u0131ndan hibe edilen ekskavat\u00f6r\u00fcn belediye hizmet filosuna kazand\u0131r\u0131ld\u0131\u011f\u0131n\u0131 a\u00e7\u0131klad\u0131.B\u0130LEC\u0130K (\u0130GFA) &#8211;\u00a0Bilecik Belediye Ba\u015fkan\u0131 Melek M\u0131zrak Suba\u015f\u0131, T\u00fcrkiye Belediyeler Birli\u011fi taraf\u0131ndan hibe edilen ekskavat\u00f6r\u00fcn belediye hizmet filosuna kat\u0131ld\u0131\u011f\u0131n\u0131 a\u00e7\u0131klad\u0131. Ba\u015fkan Suba\u015f\u0131 sosyal medya hesab\u0131ndan\u00a0yapt\u0131\u011f\u0131 a\u00e7\u0131klamada \u015fu ifadelere yer verdi: &#8220;Belediyemize hibe edilen ekskavat\u00f6r\u00fc hizmet filomuza kazand\u0131rmaktan b\u00fcy\u00fck bir memnuniyet duyuyor, Bilecik\u2019imize hay\u0131rl\u0131 olmas\u0131n\u0131 diliyorum.&#8221; Suba\u015f\u0131, a\u00e7\u0131klamas\u0131na devam ederek; &#8220;T\u00fcrkiye Belediyeler Birli\u011fi\u2019nin sa\u011flad\u0131\u011f\u0131 bu destek, Bilecik Belediyesi\u2019nin altyap\u0131 \u00e7al\u0131\u015fmalar\u0131n\u0131 g\u00fc\u00e7lendirme ve kent sakinlerine daha kaliteli hizmet sunma hedefleri do\u011frultusunda \u00f6nemli bir katk\u0131 olarak de\u011ferlendiriliyor. &hellip;<\/p>","protected":false},"author":1,"featured_media":0,"comment_status":"","ping_status":"open","sticky":false,"template":"","format":"standard","meta":{"_acf_changed":false,"footnotes":""},"categories":[24],"tags":[],"class_list":["post-45038","post","type-post","status-publish","format-standard","has-post-thumbnail","hentry","category-gundem"],"acf":[],"yoast_head":"<!-- This site is optimized with the Yoast SEO Premium plugin v26.6 (Yoast SEO v27.1.1) - https:\/\/yoast.com\/product\/yoast-seo-premium-wordpress\/ -->\n<title>Bilecik Belediyesi&#039;ne hibe ekskavat\u00f6r kazand\u0131r\u0131ld\u0131 - Av. Deniz Can K\u0131z\u0131l<\/title>\n<meta name=\"robots\" content=\"index, follow, max-snippet:-1, max-image-preview:large, max-video-preview:-1\" \/>\n<link rel=\"canonical\" href=\"https:\/\/denizcankizil.tr\/uk\/haberler\/gundem\/bilecik-belediyesine-hibe-ekskavator-kazandirildi\/\" \/>\n<meta property=\"og:locale\" content=\"uk_UA\" \/>\n<meta property=\"og:type\" content=\"article\" \/>\n<meta property=\"og:title\" content=\"Bilecik Belediyesi&#039;ne hibe ekskavat\u00f6r kazand\u0131r\u0131ld\u0131\" \/>\n<meta property=\"og:description\" content=\"Bilecik Belediye Ba\u015fkan\u0131 Melek M\u0131zrak Suba\u015f\u0131, T\u00fcrkiye Belediyeler Birli\u011fi taraf\u0131ndan hibe edilen ekskavat\u00f6r\u00fcn belediye hizmet filosuna kazand\u0131r\u0131ld\u0131\u011f\u0131n\u0131 a\u00e7\u0131klad\u0131.B\u0130LEC\u0130K (\u0130GFA) &#8211;\u00a0Bilecik Belediye Ba\u015fkan\u0131 Melek M\u0131zrak Suba\u015f\u0131, T\u00fcrkiye Belediyeler Birli\u011fi taraf\u0131ndan hibe edilen ekskavat\u00f6r\u00fcn belediye hizmet filosuna kat\u0131ld\u0131\u011f\u0131n\u0131 a\u00e7\u0131klad\u0131. Ba\u015fkan Suba\u015f\u0131 sosyal medya hesab\u0131ndan\u00a0yapt\u0131\u011f\u0131 a\u00e7\u0131klamada \u015fu ifadelere yer verdi: &#8220;Belediyemize hibe edilen ekskavat\u00f6r\u00fc hizmet filomuza kazand\u0131rmaktan b\u00fcy\u00fck bir memnuniyet duyuyor, Bilecik\u2019imize hay\u0131rl\u0131 olmas\u0131n\u0131 diliyorum.&#8221; Suba\u015f\u0131, a\u00e7\u0131klamas\u0131na devam ederek; &#8220;T\u00fcrkiye Belediyeler Birli\u011fi\u2019nin sa\u011flad\u0131\u011f\u0131 bu destek, Bilecik Belediyesi\u2019nin altyap\u0131 \u00e7al\u0131\u015fmalar\u0131n\u0131 g\u00fc\u00e7lendirme ve kent sakinlerine daha kaliteli hizmet sunma hedefleri do\u011frultusunda \u00f6nemli bir katk\u0131 olarak de\u011ferlendiriliyor. Belediye, hibe edilen ekskavat\u00f6rle birlikte hizmet kapasitesini art\u0131rarak daha geni\u015f \u00e7apta projelere imza atmay\u0131 planl\u0131yor&#8221; \u015feklinde konu\u015ftu. https:\/\/twitter.com\/melekmsubasi\/status\/1907756116831838332 \u200bBilecik Belediye Ba\u015fkan\u0131 Melek M\u0131zrak Suba\u015f\u0131, T\u00fcrkiye Belediyeler Birli\u011fi taraf\u0131ndan hibe edilen ekskavat\u00f6r\u00fcn belediye hizmet filosuna kazand\u0131r\u0131ld\u0131\u011f\u0131n\u0131 a\u00e7\u0131klad\u0131.B\u0130LEC\u0130K (\u0130GFA) &#8211;\u00a0Bilecik Belediye Ba\u015fkan\u0131 Melek M\u0131zrak Suba\u015f\u0131, T\u00fcrkiye Belediyeler Birli\u011fi taraf\u0131ndan hibe edilen ekskavat\u00f6r\u00fcn belediye hizmet filosuna kat\u0131ld\u0131\u011f\u0131n\u0131 a\u00e7\u0131klad\u0131. Ba\u015fkan Suba\u015f\u0131 sosyal medya hesab\u0131ndan\u00a0yapt\u0131\u011f\u0131 a\u00e7\u0131klamada \u015fu ifadelere yer verdi: &#8220;Belediyemize hibe edilen ekskavat\u00f6r\u00fc hizmet filomuza kazand\u0131rmaktan b\u00fcy\u00fck bir memnuniyet duyuyor, Bilecik\u2019imize hay\u0131rl\u0131 olmas\u0131n\u0131 diliyorum.&#8221; Suba\u015f\u0131, a\u00e7\u0131klamas\u0131na devam ederek; &#8220;T\u00fcrkiye Belediyeler Birli\u011fi\u2019nin sa\u011flad\u0131\u011f\u0131 bu destek, Bilecik Belediyesi\u2019nin altyap\u0131 \u00e7al\u0131\u015fmalar\u0131n\u0131 g\u00fc\u00e7lendirme ve kent sakinlerine daha kaliteli hizmet sunma hedefleri do\u011frultusunda \u00f6nemli bir katk\u0131 olarak de\u011ferlendiriliyor. &hellip;\" \/>\n<meta property=\"og:url\" content=\"https:\/\/denizcankizil.tr\/uk\/haberler\/gundem\/bilecik-belediyesine-hibe-ekskavator-kazandirildi\/\" \/>\n<meta property=\"og:site_name\" content=\"Av. Deniz Can K\u0131z\u0131l\" \/>\n<meta property=\"article:published_time\" content=\"2025-04-04T03:42:16+00:00\" \/>\n<meta name=\"author\" content=\"admin\" \/>\n<meta name=\"twitter:card\" content=\"summary_large_image\" \/>\n<meta name=\"twitter:label1\" content=\"\u041d\u0430\u043f\u0438\u0441\u0430\u043d\u043e\" \/>\n\t<meta name=\"twitter:data1\" content=\"admin\" \/>\n\t<meta name=\"twitter:label2\" content=\"\u041f\u0440\u0438\u0431\u043b. \u0447\u0430\u0441 \u0447\u0438\u0442\u0430\u043d\u043d\u044f\" \/>\n\t<meta name=\"twitter:data2\" content=\"2 \u0445\u0432\u0438\u043b\u0438\u043d\u0438\" \/>\n<script type=\"application\/ld+json\" class=\"yoast-schema-graph\">{\"@context\":\"https:\/\/schema.org\",\"@graph\":[{\"@type\":\"Article\",\"@id\":\"https:\/\/denizcankizil.tr\/ru\/haberler\/gundem\/bilecik-belediyesine-hibe-ekskavator-kazandirildi\/#article\",\"isPartOf\":{\"@id\":\"https:\/\/denizcankizil.tr\/ru\/haberler\/gundem\/bilecik-belediyesine-hibe-ekskavator-kazandirildi\/\"},\"author\":{\"name\":\"admin\",\"@id\":\"https:\/\/denizcankizil.tr\/#\/schema\/person\/be3c05fe6a12686905512445d8185489\"},\"headline\":\"Bilecik Belediyesi&#8217;ne hibe ekskavat\u00f6r kazand\u0131r\u0131ld\u0131\",\"datePublished\":\"2025-04-04T03:42:16+00:00\",\"mainEntityOfPage\":{\"@id\":\"https:\/\/denizcankizil.tr\/ru\/haberler\/gundem\/bilecik-belediyesine-hibe-ekskavator-kazandirildi\/\"},\"wordCount\":347,\"publisher\":{\"@id\":\"https:\/\/denizcankizil.tr\/#organization\"},\"articleSection\":[\"G\u00fcndem\"],\"inLanguage\":\"uk\"},{\"@type\":\"WebPage\",\"@id\":\"https:\/\/denizcankizil.tr\/ru\/haberler\/gundem\/bilecik-belediyesine-hibe-ekskavator-kazandirildi\/\",\"url\":\"https:\/\/denizcankizil.tr\/ru\/haberler\/gundem\/bilecik-belediyesine-hibe-ekskavator-kazandirildi\/\",\"name\":\"Bilecik Belediyesi'ne hibe ekskavat\u00f6r kazand\u0131r\u0131ld\u0131 - Av. Deniz Can K\u0131z\u0131l\",\"isPartOf\":{\"@id\":\"https:\/\/denizcankizil.tr\/#website\"},\"datePublished\":\"2025-04-04T03:42:16+00:00\",\"breadcrumb\":{\"@id\":\"https:\/\/denizcankizil.tr\/ru\/haberler\/gundem\/bilecik-belediyesine-hibe-ekskavator-kazandirildi\/#breadcrumb\"},\"inLanguage\":\"uk\",\"potentialAction\":[{\"@type\":\"ReadAction\",\"target\":[\"https:\/\/denizcankizil.tr\/ru\/haberler\/gundem\/bilecik-belediyesine-hibe-ekskavator-kazandirildi\/\"]}]},{\"@type\":\"BreadcrumbList\",\"@id\":\"https:\/\/denizcankizil.tr\/ru\/haberler\/gundem\/bilecik-belediyesine-hibe-ekskavator-kazandirildi\/#breadcrumb\",\"itemListElement\":[{\"@type\":\"ListItem\",\"position\":1,\"name\":\"Home\",\"item\":\"https:\/\/denizcankizil.tr\/de\/\"},{\"@type\":\"ListItem\",\"position\":2,\"name\":\"Bilecik Belediyesi&#8217;ne hibe ekskavat\u00f6r kazand\u0131r\u0131ld\u0131\"}]},{\"@type\":\"WebSite\",\"@id\":\"https:\/\/denizcankizil.tr\/#website\",\"url\":\"https:\/\/denizcankizil.tr\/\",\"name\":\"Av. Deniz Can K\u0131z\u0131l\",\"description\":\"Avukat Deniz Can K\u0131z\u0131l Antalya Barosu\",\"publisher\":{\"@id\":\"https:\/\/denizcankizil.tr\/#organization\"},\"potentialAction\":[{\"@type\":\"SearchAction\",\"target\":{\"@type\":\"EntryPoint\",\"urlTemplate\":\"https:\/\/denizcankizil.tr\/?s={search_term_string}\"},\"query-input\":{\"@type\":\"PropertyValueSpecification\",\"valueRequired\":true,\"valueName\":\"search_term_string\"}}],\"inLanguage\":\"uk\"},{\"@type\":\"Organization\",\"@id\":\"https:\/\/denizcankizil.tr\/#organization\",\"name\":\"Av. Deniz Can K\u0131z\u0131l\",\"url\":\"https:\/\/denizcankizil.tr\/\",\"logo\":{\"@type\":\"ImageObject\",\"inLanguage\":\"uk\",\"@id\":\"https:\/\/denizcankizil.tr\/#\/schema\/logo\/image\/\",\"url\":\"https:\/\/denizcankizil.tr\/wp-content\/uploads\/2024\/10\/siyah-logo-svg.svg\",\"contentUrl\":\"https:\/\/denizcankizil.tr\/wp-content\/uploads\/2024\/10\/siyah-logo-svg.svg\",\"width\":1080,\"height\":1080,\"caption\":\"Av. Deniz Can K\u0131z\u0131l\"},\"image\":{\"@id\":\"https:\/\/denizcankizil.tr\/#\/schema\/logo\/image\/\"}},{\"@type\":\"Person\",\"@id\":\"https:\/\/denizcankizil.tr\/#\/schema\/person\/be3c05fe6a12686905512445d8185489\",\"name\":\"admin\",\"image\":{\"@type\":\"ImageObject\",\"inLanguage\":\"uk\",\"@id\":\"https:\/\/denizcankizil.tr\/#\/schema\/person\/image\/\",\"url\":\"https:\/\/secure.gravatar.com\/avatar\/c1fce94c830dc79107e174f890d7210541c4a63e8e5d816341794a2151c9d58c?s=96&d=mm&r=g\",\"contentUrl\":\"https:\/\/secure.gravatar.com\/avatar\/c1fce94c830dc79107e174f890d7210541c4a63e8e5d816341794a2151c9d58c?s=96&d=mm&r=g\",\"caption\":\"admin\"},\"sameAs\":[\"http:\/\/denizcankizil.tr\"],\"url\":\"https:\/\/www.iskenderun.org\/bilecik-belediyesine-hibe-ekskavator-kazandirildi\"}]}<\/script>\n<!-- \/ Yoast SEO Premium plugin. -->","yoast_head_json":{"title":"Bilecik Belediyesi'ne hibe ekskavat\u00f6r kazand\u0131r\u0131ld\u0131 - Av. Deniz Can K\u0131z\u0131l","robots":{"index":"index","follow":"follow","max-snippet":"max-snippet:-1","max-image-preview":"max-image-preview:large","max-video-preview":"max-video-preview:-1"},"canonical":"https:\/\/denizcankizil.tr\/uk\/haberler\/gundem\/bilecik-belediyesine-hibe-ekskavator-kazandirildi\/","og_locale":"uk_UA","og_type":"article","og_title":"Bilecik Belediyesi'ne hibe ekskavat\u00f6r kazand\u0131r\u0131ld\u0131","og_description":"Bilecik Belediye Ba\u015fkan\u0131 Melek M\u0131zrak Suba\u015f\u0131, T\u00fcrkiye Belediyeler Birli\u011fi taraf\u0131ndan hibe edilen ekskavat\u00f6r\u00fcn belediye hizmet filosuna kazand\u0131r\u0131ld\u0131\u011f\u0131n\u0131 a\u00e7\u0131klad\u0131.B\u0130LEC\u0130K (\u0130GFA) &#8211;\u00a0Bilecik Belediye Ba\u015fkan\u0131 Melek M\u0131zrak Suba\u015f\u0131, T\u00fcrkiye Belediyeler Birli\u011fi taraf\u0131ndan hibe edilen ekskavat\u00f6r\u00fcn belediye hizmet filosuna kat\u0131ld\u0131\u011f\u0131n\u0131 a\u00e7\u0131klad\u0131. Ba\u015fkan Suba\u015f\u0131 sosyal medya hesab\u0131ndan\u00a0yapt\u0131\u011f\u0131 a\u00e7\u0131klamada \u015fu ifadelere yer verdi: &#8220;Belediyemize hibe edilen ekskavat\u00f6r\u00fc hizmet filomuza kazand\u0131rmaktan b\u00fcy\u00fck bir memnuniyet duyuyor, Bilecik\u2019imize hay\u0131rl\u0131 olmas\u0131n\u0131 diliyorum.&#8221; Suba\u015f\u0131, a\u00e7\u0131klamas\u0131na devam ederek; &#8220;T\u00fcrkiye Belediyeler Birli\u011fi\u2019nin sa\u011flad\u0131\u011f\u0131 bu destek, Bilecik Belediyesi\u2019nin altyap\u0131 \u00e7al\u0131\u015fmalar\u0131n\u0131 g\u00fc\u00e7lendirme ve kent sakinlerine daha kaliteli hizmet sunma hedefleri do\u011frultusunda \u00f6nemli bir katk\u0131 olarak de\u011ferlendiriliyor. Belediye, hibe edilen ekskavat\u00f6rle birlikte hizmet kapasitesini art\u0131rarak daha geni\u015f \u00e7apta projelere imza atmay\u0131 planl\u0131yor&#8221; \u015feklinde konu\u015ftu. https:\/\/twitter.com\/melekmsubasi\/status\/1907756116831838332 \u200bBilecik Belediye Ba\u015fkan\u0131 Melek M\u0131zrak Suba\u015f\u0131, T\u00fcrkiye Belediyeler Birli\u011fi taraf\u0131ndan hibe edilen ekskavat\u00f6r\u00fcn belediye hizmet filosuna kazand\u0131r\u0131ld\u0131\u011f\u0131n\u0131 a\u00e7\u0131klad\u0131.B\u0130LEC\u0130K (\u0130GFA) &#8211;\u00a0Bilecik Belediye Ba\u015fkan\u0131 Melek M\u0131zrak Suba\u015f\u0131, T\u00fcrkiye Belediyeler Birli\u011fi taraf\u0131ndan hibe edilen ekskavat\u00f6r\u00fcn belediye hizmet filosuna kat\u0131ld\u0131\u011f\u0131n\u0131 a\u00e7\u0131klad\u0131. Ba\u015fkan Suba\u015f\u0131 sosyal medya hesab\u0131ndan\u00a0yapt\u0131\u011f\u0131 a\u00e7\u0131klamada \u015fu ifadelere yer verdi: &#8220;Belediyemize hibe edilen ekskavat\u00f6r\u00fc hizmet filomuza kazand\u0131rmaktan b\u00fcy\u00fck bir memnuniyet duyuyor, Bilecik\u2019imize hay\u0131rl\u0131 olmas\u0131n\u0131 diliyorum.&#8221; Suba\u015f\u0131, a\u00e7\u0131klamas\u0131na devam ederek; &#8220;T\u00fcrkiye Belediyeler Birli\u011fi\u2019nin sa\u011flad\u0131\u011f\u0131 bu destek, Bilecik Belediyesi\u2019nin altyap\u0131 \u00e7al\u0131\u015fmalar\u0131n\u0131 g\u00fc\u00e7lendirme ve kent sakinlerine daha kaliteli hizmet sunma hedefleri do\u011frultusunda \u00f6nemli bir katk\u0131 olarak de\u011ferlendiriliyor. &hellip;","og_url":"https:\/\/denizcankizil.tr\/uk\/haberler\/gundem\/bilecik-belediyesine-hibe-ekskavator-kazandirildi\/","og_site_name":"Av. Deniz Can K\u0131z\u0131l","article_published_time":"2025-04-04T03:42:16+00:00","author":"admin","twitter_card":"summary_large_image","twitter_misc":{"\u041d\u0430\u043f\u0438\u0441\u0430\u043d\u043e":"admin","\u041f\u0440\u0438\u0431\u043b. \u0447\u0430\u0441 \u0447\u0438\u0442\u0430\u043d\u043d\u044f":"2 \u0445\u0432\u0438\u043b\u0438\u043d\u0438"},"schema":{"@context":"https:\/\/schema.org","@graph":[{"@type":"Article","@id":"https:\/\/denizcankizil.tr\/ru\/haberler\/gundem\/bilecik-belediyesine-hibe-ekskavator-kazandirildi\/#article","isPartOf":{"@id":"https:\/\/denizcankizil.tr\/ru\/haberler\/gundem\/bilecik-belediyesine-hibe-ekskavator-kazandirildi\/"},"author":{"name":"admin","@id":"https:\/\/denizcankizil.tr\/#\/schema\/person\/be3c05fe6a12686905512445d8185489"},"headline":"Bilecik Belediyesi&#8217;ne hibe ekskavat\u00f6r kazand\u0131r\u0131ld\u0131","datePublished":"2025-04-04T03:42:16+00:00","mainEntityOfPage":{"@id":"https:\/\/denizcankizil.tr\/ru\/haberler\/gundem\/bilecik-belediyesine-hibe-ekskavator-kazandirildi\/"},"wordCount":347,"publisher":{"@id":"https:\/\/denizcankizil.tr\/#organization"},"articleSection":["G\u00fcndem"],"inLanguage":"uk"},{"@type":"WebPage","@id":"https:\/\/denizcankizil.tr\/ru\/haberler\/gundem\/bilecik-belediyesine-hibe-ekskavator-kazandirildi\/","url":"https:\/\/denizcankizil.tr\/ru\/haberler\/gundem\/bilecik-belediyesine-hibe-ekskavator-kazandirildi\/","name":"Bilecik Belediyesi'ne hibe ekskavat\u00f6r kazand\u0131r\u0131ld\u0131 - Av. Deniz Can K\u0131z\u0131l","isPartOf":{"@id":"https:\/\/denizcankizil.tr\/#website"},"datePublished":"2025-04-04T03:42:16+00:00","breadcrumb":{"@id":"https:\/\/denizcankizil.tr\/ru\/haberler\/gundem\/bilecik-belediyesine-hibe-ekskavator-kazandirildi\/#breadcrumb"},"inLanguage":"uk","potentialAction":[{"@type":"ReadAction","target":["https:\/\/denizcankizil.tr\/ru\/haberler\/gundem\/bilecik-belediyesine-hibe-ekskavator-kazandirildi\/"]}]},{"@type":"BreadcrumbList","@id":"https:\/\/denizcankizil.tr\/ru\/haberler\/gundem\/bilecik-belediyesine-hibe-ekskavator-kazandirildi\/#breadcrumb","itemListElement":[{"@type":"ListItem","position":1,"name":"Home","item":"https:\/\/denizcankizil.tr\/de\/"},{"@type":"ListItem","position":2,"name":"Bilecik Belediyesi&#8217;ne hibe ekskavat\u00f6r kazand\u0131r\u0131ld\u0131"}]},{"@type":"WebSite","@id":"https:\/\/denizcankizil.tr\/#website","url":"https:\/\/denizcankizil.tr\/","name":"Av. Deniz Can K\u0131z\u0131l","description":"Avukat Deniz Can K\u0131z\u0131l Antalya Barosu","publisher":{"@id":"https:\/\/denizcankizil.tr\/#organization"},"potentialAction":[{"@type":"SearchAction","target":{"@type":"EntryPoint","urlTemplate":"https:\/\/denizcankizil.tr\/?s={search_term_string}"},"query-input":{"@type":"PropertyValueSpecification","valueRequired":true,"valueName":"search_term_string"}}],"inLanguage":"uk"},{"@type":"Organization","@id":"https:\/\/denizcankizil.tr\/#organization","name":"Av. Deniz Can K\u0131z\u0131l","url":"https:\/\/denizcankizil.tr\/","logo":{"@type":"ImageObject","inLanguage":"uk","@id":"https:\/\/denizcankizil.tr\/#\/schema\/logo\/image\/","url":"https:\/\/denizcankizil.tr\/wp-content\/uploads\/2024\/10\/siyah-logo-svg.svg","contentUrl":"https:\/\/denizcankizil.tr\/wp-content\/uploads\/2024\/10\/siyah-logo-svg.svg","width":1080,"height":1080,"caption":"Av. Deniz Can K\u0131z\u0131l"},"image":{"@id":"https:\/\/denizcankizil.tr\/#\/schema\/logo\/image\/"}},{"@type":"Person","@id":"https:\/\/denizcankizil.tr\/#\/schema\/person\/be3c05fe6a12686905512445d8185489","name":"\u0430\u0434\u043c\u0456\u043d","image":{"@type":"ImageObject","inLanguage":"uk","@id":"https:\/\/denizcankizil.tr\/#\/schema\/person\/image\/","url":"https:\/\/secure.gravatar.com\/avatar\/c1fce94c830dc79107e174f890d7210541c4a63e8e5d816341794a2151c9d58c?s=96&d=mm&r=g","contentUrl":"https:\/\/secure.gravatar.com\/avatar\/c1fce94c830dc79107e174f890d7210541c4a63e8e5d816341794a2151c9d58c?s=96&d=mm&r=g","caption":"admin"},"sameAs":["http:\/\/denizcankizil.tr"],"url":"https:\/\/www.iskenderun.org\/bilecik-belediyesine-hibe-ekskavator-kazandirildi"}]}},"_links":{"self":[{"href":"https:\/\/denizcankizil.tr\/uk\/wp-json\/wp\/v2\/posts\/45038","targetHints":{"allow":["GET"]}}],"collection":[{"href":"https:\/\/denizcankizil.tr\/uk\/wp-json\/wp\/v2\/posts"}],"about":[{"href":"https:\/\/denizcankizil.tr\/uk\/wp-json\/wp\/v2\/types\/post"}],"author":[{"embeddable":true,"href":"https:\/\/denizcankizil.tr\/uk\/wp-json\/wp\/v2\/users\/1"}],"replies":[{"embeddable":true,"href":"https:\/\/denizcankizil.tr\/uk\/wp-json\/wp\/v2\/comments?post=45038"}],"version-history":[{"count":0,"href":"https:\/\/denizcankizil.tr\/uk\/wp-json\/wp\/v2\/posts\/45038\/revisions"}],"wp:attachment":[{"href":"https:\/\/denizcankizil.tr\/uk\/wp-json\/wp\/v2\/media?parent=45038"}],"wp:term":[{"taxonomy":"category","embeddable":true,"href":"https:\/\/denizcankizil.tr\/uk\/wp-json\/wp\/v2\/categories?post=45038"},{"taxonomy":"post_tag","embeddable":true,"href":"https:\/\/denizcankizil.tr\/uk\/wp-json\/wp\/v2\/tags?post=45038"}],"curies":[{"name":"wp","href":"https:\/\/api.w.org\/{rel}","templated":true}]}}