{"id":43409,"date":"2025-04-02T16:42:20","date_gmt":"2025-04-02T13:42:20","guid":{"rendered":"https:\/\/denizcankizil.tr\/uncategorized-tr\/orduda-20-yoresel-tat-korunuyor\/"},"modified":"2025-04-02T16:42:20","modified_gmt":"2025-04-02T13:42:20","slug":"orduda-20-yoresel-tat-korunuyor","status":"publish","type":"post","link":"https:\/\/denizcankizil.tr\/uk\/haberler\/gundem\/orduda-20-yoresel-tat-korunuyor\/","title":{"rendered":"\u00a0Ordu\u2019da 20 y\u00f6resel tat korunuyor"},"content":{"rendered":"<p>Ordu B\u00fcy\u00fck\u015fehir Belediyesinin giri\u015fimleri ile yerli ve yabanc\u0131 turistlerden gelen \u2018sizin oralar\u0131n nesi me\u015fhur\u2019 sorusuna Ordulular art\u0131k tescilli olarak cevap verebilecek. 13\u2019\u00fc B\u00fcy\u00fck\u015fehir Belediyesi giri\u015fimleriyle olmak \u00fczere Ordu il genelinde co\u011frafi i\u015faret tescili yap\u0131lan \u00fcr\u00fcn say\u0131s\u0131 20\u2019ye \u00e7\u0131kt\u0131.<br \/>\nORDU (\u0130GFA) &#8211;\u00a0Ordu B\u00fcy\u00fck\u015fehir Belediyesinin giri\u015fimleri ile\u00a0yerli ve yabanc\u0131 turistlerden gelen \u2018sizin oralar\u0131n nesi me\u015fhur\u2019 sorusuna Ordulular art\u0131k tescilli olarak cevap verebilecek. 13\u2019\u00fc B\u00fcy\u00fck\u015fehir Belediyesi giri\u015fimleriyle olmak \u00fczere Ordu ili genelinde toplam 20 lezzet co\u011frafi i\u015faret alarak tescillendi.<\/p>\n<p>F\u0131nd\u0131k d\u0131\u015f\u0131nda y\u00f6re halk\u0131 taraf\u0131ndan bilinen ancak tan\u0131t\u0131m\u0131 yap\u0131lmam\u0131\u015f pek \u00e7ok tat, B\u00fcy\u00fck\u015fehir Belediye Ba\u015fkan\u0131 Dr. Mehmet Hilmi G\u00fcler\u2019in \u00f6nc\u00fcl\u00fc\u011f\u00fcnde tescillenerek markala\u015ft\u0131r\u0131ld\u0131.\u00a0Ba\u015fkan G\u00fcler\u2019in \u00f6nc\u00fcl\u00fc\u011f\u00fcnde kente \u00f6zg\u00fc 20 y\u00f6resel lezzete co\u011frafi i\u015faret al\u0131nd\u0131.<\/p>\n<p>20 Y\u00d6RESEL TAT KORUNUYOR<br \/>\nB\u00fcy\u00fck\u015fehir Belediyesi, Ordu\u2019nun co\u011frafi i\u015faretli \u00fcr\u00fcnlerde potansiyelini ortaya \u00e7\u0131karma \u00e7al\u0131\u015fmalar\u0131n\u0131 h\u0131zla s\u00fcrd\u00fcr\u00fcyor.<br \/>\n13\u2019\u00fc B\u00fcy\u00fck\u015fehir Belediyesi giri\u015fimleriyle olmak \u00fczere Ordu il genelinde co\u011frafi i\u015faret tescili yap\u0131lan \u00fcr\u00fcn say\u0131s\u0131 20\u2019ye \u00e7\u0131kt\u0131. Bu kapsamda Ordu B\u00fcy\u00fck\u015fehir Belediyesi taraf\u0131ndan kent ile \u00f6zde\u015fle\u015fmi\u015f\u00a0Ordu Tostu, Yal\u0131k\u00f6y K\u00f6ftesi, Ordu Taflan Tur\u015fusu, Ordu Melocan Kavurmas\u0131, Ordu Galdirik Kavurmas\u0131, Ordu Sakarca M\u0131hlamas\u0131, Mesudiye Goliti(Mesudiye Kuru Ekme\u011fi), Ordu Pancar \u00c7orbas\u0131(Ordu Karalahana \u00c7orbas\u0131), Ordu Zeytinya\u011fl\u0131 Karalahana Sarmas\u0131(Ordu Zeytinya\u011fl\u0131 Pancar Sarmas\u0131), Ordu Pidesi(Ordu Ya\u011fl\u0131s\u0131), Ordu F\u0131nd\u0131kl\u0131 Burma Tatl\u0131s\u0131, Ordu \u0130\u00e7li Tava tescil ve Ordu F\u0131nd\u0131k Tirmidi Kavurmas\u0131, T\u00fcrk Patent ve Marka Kurumunca tescillenerek koruma alt\u0131na al\u0131nd\u0131.<\/p>\n<p>KIRSAL KALKINMAYA VE S\u00dcRD\u00dcR\u00dcLEB\u0130L\u0130R TARIM \u00dcRET\u0130M\u0130NE KATKI SA\u011eLAYACAK<br \/>\nYurt i\u00e7i ve yurt d\u0131\u015f\u0131nda pazar pay\u0131n\u0131n artmas\u0131 a\u00e7\u0131s\u0131ndan \u00f6nem arz eden co\u011frafi i\u015faret ile daha \u00e7ok tercih edilecek olan \u00fcr\u00fcnler Ordu\u2019nun k\u0131rsal kalk\u0131nmas\u0131 ve s\u00fcrd\u00fcr\u00fclebilir tar\u0131m \u00fcretimine de katk\u0131 sa\u011flayacak.<br \/>\n\u00d6te yandan 20 y\u00f6resel tad\u0131n bulundu\u011fu listeye yeni y\u00f6resel \u00fcr\u00fcnler ekleme \u00e7al\u0131\u015fmalar\u0131 da devam ediyor.<\/p>\n<p>\u200bOrdu B\u00fcy\u00fck\u015fehir Belediyesinin giri\u015fimleri ile yerli ve yabanc\u0131 turistlerden gelen \u2018sizin oralar\u0131n nesi me\u015fhur\u2019 sorusuna Ordulular art\u0131k tescilli olarak cevap verebilecek. 13\u2019\u00fc B\u00fcy\u00fck\u015fehir Belediyesi giri\u015fimleriyle olmak \u00fczere Ordu il genelinde co\u011frafi i\u015faret tescili yap\u0131lan \u00fcr\u00fcn say\u0131s\u0131 20\u2019ye \u00e7\u0131kt\u0131.<br \/>\nORDU (\u0130GFA) &#8211;\u00a0Ordu B\u00fcy\u00fck\u015fehir Belediyesinin giri\u015fimleri ile\u00a0yerli ve yabanc\u0131 turistlerden gelen \u2018sizin oralar\u0131n nesi me\u015fhur\u2019 sorusuna Ordulular art\u0131k tescilli olarak cevap verebilecek. 13\u2019\u00fc B\u00fcy\u00fck\u015fehir Belediyesi giri\u015fimleriyle olmak \u00fczere Ordu ili genelinde toplam 20 lezzet co\u011frafi i\u015faret alarak tescillendi.<\/p>\n<p>F\u0131nd\u0131k d\u0131\u015f\u0131nda y\u00f6re halk\u0131 taraf\u0131ndan bilinen ancak tan\u0131t\u0131m\u0131 yap\u0131lmam\u0131\u015f pek \u00e7ok tat, B\u00fcy\u00fck\u015fehir Belediye Ba\u015fkan\u0131 Dr. Mehmet Hilmi G\u00fcler\u2019in \u00f6nc\u00fcl\u00fc\u011f\u00fcnde tescillenerek markala\u015ft\u0131r\u0131ld\u0131.\u00a0Ba\u015fkan G\u00fcler\u2019in \u00f6nc\u00fcl\u00fc\u011f\u00fcnde kente \u00f6zg\u00fc 20 y\u00f6resel lezzete co\u011frafi i\u015faret al\u0131nd\u0131.<\/p>\n<p>20 Y\u00d6RESEL TAT KORUNUYOR<br \/>\nB\u00fcy\u00fck\u015fehir Belediyesi, Ordu\u2019nun co\u011frafi i\u015faretli \u00fcr\u00fcnlerde potansiyelini ortaya \u00e7\u0131karma \u00e7al\u0131\u015fmalar\u0131n\u0131 h\u0131zla s\u00fcrd\u00fcr\u00fcyor.<br \/>\n13\u2019\u00fc B\u00fcy\u00fck\u015fehir Belediyesi giri\u015fimleriyle olmak \u00fczere Ordu il genelinde co\u011frafi i\u015faret tescili yap\u0131lan \u00fcr\u00fcn say\u0131s\u0131 20\u2019ye \u00e7\u0131kt\u0131. Bu kapsamda Ordu B\u00fcy\u00fck\u015fehir Belediyesi taraf\u0131ndan kent ile \u00f6zde\u015fle\u015fmi\u015f\u00a0Ordu Tostu, Yal\u0131k\u00f6y K\u00f6ftesi, Ordu Taflan Tur\u015fusu, Ordu Melocan Kavurmas\u0131, Ordu Galdirik Kavurmas\u0131, Ordu Sakarca M\u0131hlamas\u0131, Mesudiye Goliti(Mesudiye Kuru Ekme\u011fi), Ordu Pancar \u00c7orbas\u0131(Ordu Karalahana \u00c7orbas\u0131), Ordu Zeytinya\u011fl\u0131 Karalahana Sarmas\u0131(Ordu Zeytinya\u011fl\u0131 Pancar Sarmas\u0131), Ordu Pidesi(Ordu Ya\u011fl\u0131s\u0131), Ordu F\u0131nd\u0131kl\u0131 Burma Tatl\u0131s\u0131, Ordu \u0130\u00e7li Tava tescil ve Ordu F\u0131nd\u0131k Tirmidi Kavurmas\u0131, T\u00fcrk Patent ve Marka Kurumunca tescillenerek koruma alt\u0131na al\u0131nd\u0131.<\/p>\n<p>KIRSAL KALKINMAYA VE S\u00dcRD\u00dcR\u00dcLEB\u0130L\u0130R TARIM \u00dcRET\u0130M\u0130NE KATKI SA\u011eLAYACAK<br \/>\nYurt i\u00e7i ve yurt d\u0131\u015f\u0131nda pazar pay\u0131n\u0131n artmas\u0131 a\u00e7\u0131s\u0131ndan \u00f6nem arz eden co\u011frafi i\u015faret ile daha \u00e7ok tercih edilecek olan \u00fcr\u00fcnler Ordu\u2019nun k\u0131rsal kalk\u0131nmas\u0131 ve s\u00fcrd\u00fcr\u00fclebilir tar\u0131m \u00fcretimine de katk\u0131 sa\u011flayacak.<br \/>\n\u00d6te yandan 20 y\u00f6resel tad\u0131n bulundu\u011fu listeye yeni y\u00f6resel \u00fcr\u00fcnler ekleme \u00e7al\u0131\u015fmalar\u0131 da devam ediyor.\u00a0<\/p>\n<p>\u200bHaberin Al\u0131nt\u0131land\u0131\u011f\u0131 Kaynak: www.iskenderun.org<\/p>","protected":false},"excerpt":{"rendered":"<p>Ordu B\u00fcy\u00fck\u015fehir Belediyesinin giri\u015fimleri ile yerli ve yabanc\u0131 turistlerden gelen \u2018sizin oralar\u0131n nesi me\u015fhur\u2019 sorusuna Ordulular art\u0131k tescilli olarak cevap verebilecek. 13\u2019\u00fc B\u00fcy\u00fck\u015fehir Belediyesi giri\u015fimleriyle olmak \u00fczere Ordu il genelinde co\u011frafi i\u015faret tescili yap\u0131lan \u00fcr\u00fcn say\u0131s\u0131 20\u2019ye \u00e7\u0131kt\u0131. ORDU (\u0130GFA) &#8211;\u00a0Ordu B\u00fcy\u00fck\u015fehir Belediyesinin giri\u015fimleri ile\u00a0yerli ve yabanc\u0131 turistlerden gelen \u2018sizin oralar\u0131n nesi me\u015fhur\u2019 sorusuna Ordulular art\u0131k tescilli olarak cevap verebilecek. 13\u2019\u00fc B\u00fcy\u00fck\u015fehir Belediyesi giri\u015fimleriyle olmak \u00fczere Ordu ili genelinde toplam 20 lezzet co\u011frafi i\u015faret alarak tescillendi. F\u0131nd\u0131k d\u0131\u015f\u0131nda y\u00f6re halk\u0131 taraf\u0131ndan bilinen ancak tan\u0131t\u0131m\u0131 yap\u0131lmam\u0131\u015f pek \u00e7ok tat, B\u00fcy\u00fck\u015fehir Belediye Ba\u015fkan\u0131 Dr. Mehmet Hilmi G\u00fcler\u2019in \u00f6nc\u00fcl\u00fc\u011f\u00fcnde tescillenerek markala\u015ft\u0131r\u0131ld\u0131.\u00a0Ba\u015fkan G\u00fcler\u2019in \u00f6nc\u00fcl\u00fc\u011f\u00fcnde kente \u00f6zg\u00fc 20 y\u00f6resel lezzete co\u011frafi i\u015faret al\u0131nd\u0131. 20 Y\u00d6RESEL TAT KORUNUYOR B\u00fcy\u00fck\u015fehir Belediyesi, Ordu\u2019nun co\u011frafi i\u015faretli \u00fcr\u00fcnlerde potansiyelini ortaya \u00e7\u0131karma \u00e7al\u0131\u015fmalar\u0131n\u0131 h\u0131zla s\u00fcrd\u00fcr\u00fcyor. 13\u2019\u00fc B\u00fcy\u00fck\u015fehir Belediyesi giri\u015fimleriyle olmak \u00fczere Ordu il genelinde co\u011frafi i\u015faret tescili yap\u0131lan \u00fcr\u00fcn say\u0131s\u0131 20\u2019ye \u00e7\u0131kt\u0131. Bu kapsamda Ordu B\u00fcy\u00fck\u015fehir Belediyesi taraf\u0131ndan kent ile \u00f6zde\u015fle\u015fmi\u015f\u00a0Ordu Tostu, Yal\u0131k\u00f6y K\u00f6ftesi, Ordu Taflan Tur\u015fusu, Ordu Melocan Kavurmas\u0131, Ordu Galdirik Kavurmas\u0131, Ordu Sakarca M\u0131hlamas\u0131, Mesudiye Goliti(Mesudiye Kuru Ekme\u011fi), Ordu Pancar \u00c7orbas\u0131(Ordu Karalahana \u00c7orbas\u0131), Ordu Zeytinya\u011fl\u0131 Karalahana Sarmas\u0131(Ordu Zeytinya\u011fl\u0131 Pancar Sarmas\u0131), Ordu Pidesi(Ordu Ya\u011fl\u0131s\u0131), Ordu F\u0131nd\u0131kl\u0131 Burma Tatl\u0131s\u0131, Ordu \u0130\u00e7li Tava tescil ve Ordu F\u0131nd\u0131k Tirmidi Kavurmas\u0131, T\u00fcrk Patent ve &hellip;<\/p>","protected":false},"author":1,"featured_media":0,"comment_status":"","ping_status":"open","sticky":false,"template":"","format":"standard","meta":{"_acf_changed":false,"footnotes":""},"categories":[24],"tags":[],"class_list":["post-43409","post","type-post","status-publish","format-standard","has-post-thumbnail","hentry","category-gundem"],"acf":[],"yoast_head":"<!-- This site is optimized with the Yoast SEO Premium plugin v26.6 (Yoast SEO v27.1.1) - https:\/\/yoast.com\/product\/yoast-seo-premium-wordpress\/ -->\n<title>\u00a0Ordu\u2019da 20 y\u00f6resel tat korunuyor - Av. Deniz Can K\u0131z\u0131l<\/title>\n<meta name=\"robots\" content=\"index, follow, max-snippet:-1, max-image-preview:large, max-video-preview:-1\" \/>\n<link rel=\"canonical\" href=\"https:\/\/denizcankizil.tr\/uk\/haberler\/gundem\/orduda-20-yoresel-tat-korunuyor\/\" \/>\n<meta property=\"og:locale\" content=\"uk_UA\" \/>\n<meta property=\"og:type\" content=\"article\" \/>\n<meta property=\"og:title\" content=\"\u00a0Ordu\u2019da 20 y\u00f6resel tat korunuyor\" \/>\n<meta property=\"og:description\" content=\"Ordu B\u00fcy\u00fck\u015fehir Belediyesinin giri\u015fimleri ile yerli ve yabanc\u0131 turistlerden gelen \u2018sizin oralar\u0131n nesi me\u015fhur\u2019 sorusuna Ordulular art\u0131k tescilli olarak cevap verebilecek. 13\u2019\u00fc B\u00fcy\u00fck\u015fehir Belediyesi giri\u015fimleriyle olmak \u00fczere Ordu il genelinde co\u011frafi i\u015faret tescili yap\u0131lan \u00fcr\u00fcn say\u0131s\u0131 20\u2019ye \u00e7\u0131kt\u0131. ORDU (\u0130GFA) &#8211;\u00a0Ordu B\u00fcy\u00fck\u015fehir Belediyesinin giri\u015fimleri ile\u00a0yerli ve yabanc\u0131 turistlerden gelen \u2018sizin oralar\u0131n nesi me\u015fhur\u2019 sorusuna Ordulular art\u0131k tescilli olarak cevap verebilecek. 13\u2019\u00fc B\u00fcy\u00fck\u015fehir Belediyesi giri\u015fimleriyle olmak \u00fczere Ordu ili genelinde toplam 20 lezzet co\u011frafi i\u015faret alarak tescillendi. F\u0131nd\u0131k d\u0131\u015f\u0131nda y\u00f6re halk\u0131 taraf\u0131ndan bilinen ancak tan\u0131t\u0131m\u0131 yap\u0131lmam\u0131\u015f pek \u00e7ok tat, B\u00fcy\u00fck\u015fehir Belediye Ba\u015fkan\u0131 Dr. Mehmet Hilmi G\u00fcler\u2019in \u00f6nc\u00fcl\u00fc\u011f\u00fcnde tescillenerek markala\u015ft\u0131r\u0131ld\u0131.\u00a0Ba\u015fkan G\u00fcler\u2019in \u00f6nc\u00fcl\u00fc\u011f\u00fcnde kente \u00f6zg\u00fc 20 y\u00f6resel lezzete co\u011frafi i\u015faret al\u0131nd\u0131. 20 Y\u00d6RESEL TAT KORUNUYOR B\u00fcy\u00fck\u015fehir Belediyesi, Ordu\u2019nun co\u011frafi i\u015faretli \u00fcr\u00fcnlerde potansiyelini ortaya \u00e7\u0131karma \u00e7al\u0131\u015fmalar\u0131n\u0131 h\u0131zla s\u00fcrd\u00fcr\u00fcyor. 13\u2019\u00fc B\u00fcy\u00fck\u015fehir Belediyesi giri\u015fimleriyle olmak \u00fczere Ordu il genelinde co\u011frafi i\u015faret tescili yap\u0131lan \u00fcr\u00fcn say\u0131s\u0131 20\u2019ye \u00e7\u0131kt\u0131. Bu kapsamda Ordu B\u00fcy\u00fck\u015fehir Belediyesi taraf\u0131ndan kent ile \u00f6zde\u015fle\u015fmi\u015f\u00a0Ordu Tostu, Yal\u0131k\u00f6y K\u00f6ftesi, Ordu Taflan Tur\u015fusu, Ordu Melocan Kavurmas\u0131, Ordu Galdirik Kavurmas\u0131, Ordu Sakarca M\u0131hlamas\u0131, Mesudiye Goliti(Mesudiye Kuru Ekme\u011fi), Ordu Pancar \u00c7orbas\u0131(Ordu Karalahana \u00c7orbas\u0131), Ordu Zeytinya\u011fl\u0131 Karalahana Sarmas\u0131(Ordu Zeytinya\u011fl\u0131 Pancar Sarmas\u0131), Ordu Pidesi(Ordu Ya\u011fl\u0131s\u0131), Ordu F\u0131nd\u0131kl\u0131 Burma Tatl\u0131s\u0131, Ordu \u0130\u00e7li Tava tescil ve Ordu F\u0131nd\u0131k Tirmidi Kavurmas\u0131, T\u00fcrk Patent ve &hellip;\" \/>\n<meta property=\"og:url\" content=\"https:\/\/denizcankizil.tr\/uk\/haberler\/gundem\/orduda-20-yoresel-tat-korunuyor\/\" \/>\n<meta property=\"og:site_name\" content=\"Av. Deniz Can K\u0131z\u0131l\" \/>\n<meta property=\"article:published_time\" content=\"2025-04-02T13:42:20+00:00\" \/>\n<meta name=\"author\" content=\"admin\" \/>\n<meta name=\"twitter:card\" content=\"summary_large_image\" \/>\n<meta name=\"twitter:label1\" content=\"\u041d\u0430\u043f\u0438\u0441\u0430\u043d\u043e\" \/>\n\t<meta name=\"twitter:data1\" content=\"admin\" \/>\n\t<meta name=\"twitter:label2\" content=\"\u041f\u0440\u0438\u0431\u043b. \u0447\u0430\u0441 \u0447\u0438\u0442\u0430\u043d\u043d\u044f\" \/>\n\t<meta name=\"twitter:data2\" content=\"4 \u0445\u0432\u0438\u043b\u0438\u043d\u0438\" \/>\n<script type=\"application\/ld+json\" class=\"yoast-schema-graph\">{\"@context\":\"https:\/\/schema.org\",\"@graph\":[{\"@type\":\"Article\",\"@id\":\"https:\/\/denizcankizil.tr\/uk\/haberler\/gundem\/orduda-20-yoresel-tat-korunuyor\/#article\",\"isPartOf\":{\"@id\":\"https:\/\/denizcankizil.tr\/uk\/haberler\/gundem\/orduda-20-yoresel-tat-korunuyor\/\"},\"author\":{\"name\":\"admin\",\"@id\":\"https:\/\/denizcankizil.tr\/#\/schema\/person\/be3c05fe6a12686905512445d8185489\"},\"headline\":\"\u00a0Ordu\u2019da 20 y\u00f6resel tat korunuyor\",\"datePublished\":\"2025-04-02T13:42:20+00:00\",\"mainEntityOfPage\":{\"@id\":\"https:\/\/denizcankizil.tr\/uk\/haberler\/gundem\/orduda-20-yoresel-tat-korunuyor\/\"},\"wordCount\":806,\"publisher\":{\"@id\":\"https:\/\/denizcankizil.tr\/#organization\"},\"articleSection\":[\"G\u00fcndem\"],\"inLanguage\":\"uk\"},{\"@type\":\"WebPage\",\"@id\":\"https:\/\/denizcankizil.tr\/uk\/haberler\/gundem\/orduda-20-yoresel-tat-korunuyor\/\",\"url\":\"https:\/\/denizcankizil.tr\/uk\/haberler\/gundem\/orduda-20-yoresel-tat-korunuyor\/\",\"name\":\"\u00a0Ordu\u2019da 20 y\u00f6resel tat korunuyor - Av. Deniz Can K\u0131z\u0131l\",\"isPartOf\":{\"@id\":\"https:\/\/denizcankizil.tr\/#website\"},\"datePublished\":\"2025-04-02T13:42:20+00:00\",\"breadcrumb\":{\"@id\":\"https:\/\/denizcankizil.tr\/uk\/haberler\/gundem\/orduda-20-yoresel-tat-korunuyor\/#breadcrumb\"},\"inLanguage\":\"uk\",\"potentialAction\":[{\"@type\":\"ReadAction\",\"target\":[\"https:\/\/denizcankizil.tr\/uk\/haberler\/gundem\/orduda-20-yoresel-tat-korunuyor\/\"]}]},{\"@type\":\"BreadcrumbList\",\"@id\":\"https:\/\/denizcankizil.tr\/uk\/haberler\/gundem\/orduda-20-yoresel-tat-korunuyor\/#breadcrumb\",\"itemListElement\":[{\"@type\":\"ListItem\",\"position\":1,\"name\":\"Home\",\"item\":\"https:\/\/denizcankizil.tr\/uk\/\"},{\"@type\":\"ListItem\",\"position\":2,\"name\":\"\u00a0Ordu\u2019da 20 y\u00f6resel tat korunuyor\"}]},{\"@type\":\"WebSite\",\"@id\":\"https:\/\/denizcankizil.tr\/#website\",\"url\":\"https:\/\/denizcankizil.tr\/\",\"name\":\"Av. Deniz Can K\u0131z\u0131l\",\"description\":\"Avukat Deniz Can K\u0131z\u0131l Antalya Barosu\",\"publisher\":{\"@id\":\"https:\/\/denizcankizil.tr\/#organization\"},\"potentialAction\":[{\"@type\":\"SearchAction\",\"target\":{\"@type\":\"EntryPoint\",\"urlTemplate\":\"https:\/\/denizcankizil.tr\/?s={search_term_string}\"},\"query-input\":{\"@type\":\"PropertyValueSpecification\",\"valueRequired\":true,\"valueName\":\"search_term_string\"}}],\"inLanguage\":\"uk\"},{\"@type\":\"Organization\",\"@id\":\"https:\/\/denizcankizil.tr\/#organization\",\"name\":\"Av. Deniz Can K\u0131z\u0131l\",\"url\":\"https:\/\/denizcankizil.tr\/\",\"logo\":{\"@type\":\"ImageObject\",\"inLanguage\":\"uk\",\"@id\":\"https:\/\/denizcankizil.tr\/#\/schema\/logo\/image\/\",\"url\":\"https:\/\/denizcankizil.tr\/wp-content\/uploads\/2024\/10\/siyah-logo-svg.svg\",\"contentUrl\":\"https:\/\/denizcankizil.tr\/wp-content\/uploads\/2024\/10\/siyah-logo-svg.svg\",\"width\":1080,\"height\":1080,\"caption\":\"Av. Deniz Can K\u0131z\u0131l\"},\"image\":{\"@id\":\"https:\/\/denizcankizil.tr\/#\/schema\/logo\/image\/\"}},{\"@type\":\"Person\",\"@id\":\"https:\/\/denizcankizil.tr\/#\/schema\/person\/be3c05fe6a12686905512445d8185489\",\"name\":\"admin\",\"image\":{\"@type\":\"ImageObject\",\"inLanguage\":\"uk\",\"@id\":\"https:\/\/denizcankizil.tr\/#\/schema\/person\/image\/\",\"url\":\"https:\/\/secure.gravatar.com\/avatar\/c1fce94c830dc79107e174f890d7210541c4a63e8e5d816341794a2151c9d58c?s=96&d=mm&r=g\",\"contentUrl\":\"https:\/\/secure.gravatar.com\/avatar\/c1fce94c830dc79107e174f890d7210541c4a63e8e5d816341794a2151c9d58c?s=96&d=mm&r=g\",\"caption\":\"admin\"},\"sameAs\":[\"http:\/\/denizcankizil.tr\"],\"url\":\"https:\/\/www.iskenderun.org\/orduda-20-yoresel-tat-korunuyor\"}]}<\/script>\n<!-- \/ Yoast SEO Premium plugin. -->","yoast_head_json":{"title":"\u00a0Ordu\u2019da 20 y\u00f6resel tat korunuyor - Av. Deniz Can K\u0131z\u0131l","robots":{"index":"index","follow":"follow","max-snippet":"max-snippet:-1","max-image-preview":"max-image-preview:large","max-video-preview":"max-video-preview:-1"},"canonical":"https:\/\/denizcankizil.tr\/uk\/haberler\/gundem\/orduda-20-yoresel-tat-korunuyor\/","og_locale":"uk_UA","og_type":"article","og_title":"\u00a0Ordu\u2019da 20 y\u00f6resel tat korunuyor","og_description":"Ordu B\u00fcy\u00fck\u015fehir Belediyesinin giri\u015fimleri ile yerli ve yabanc\u0131 turistlerden gelen \u2018sizin oralar\u0131n nesi me\u015fhur\u2019 sorusuna Ordulular art\u0131k tescilli olarak cevap verebilecek. 13\u2019\u00fc B\u00fcy\u00fck\u015fehir Belediyesi giri\u015fimleriyle olmak \u00fczere Ordu il genelinde co\u011frafi i\u015faret tescili yap\u0131lan \u00fcr\u00fcn say\u0131s\u0131 20\u2019ye \u00e7\u0131kt\u0131. ORDU (\u0130GFA) &#8211;\u00a0Ordu B\u00fcy\u00fck\u015fehir Belediyesinin giri\u015fimleri ile\u00a0yerli ve yabanc\u0131 turistlerden gelen \u2018sizin oralar\u0131n nesi me\u015fhur\u2019 sorusuna Ordulular art\u0131k tescilli olarak cevap verebilecek. 13\u2019\u00fc B\u00fcy\u00fck\u015fehir Belediyesi giri\u015fimleriyle olmak \u00fczere Ordu ili genelinde toplam 20 lezzet co\u011frafi i\u015faret alarak tescillendi. F\u0131nd\u0131k d\u0131\u015f\u0131nda y\u00f6re halk\u0131 taraf\u0131ndan bilinen ancak tan\u0131t\u0131m\u0131 yap\u0131lmam\u0131\u015f pek \u00e7ok tat, B\u00fcy\u00fck\u015fehir Belediye Ba\u015fkan\u0131 Dr. Mehmet Hilmi G\u00fcler\u2019in \u00f6nc\u00fcl\u00fc\u011f\u00fcnde tescillenerek markala\u015ft\u0131r\u0131ld\u0131.\u00a0Ba\u015fkan G\u00fcler\u2019in \u00f6nc\u00fcl\u00fc\u011f\u00fcnde kente \u00f6zg\u00fc 20 y\u00f6resel lezzete co\u011frafi i\u015faret al\u0131nd\u0131. 20 Y\u00d6RESEL TAT KORUNUYOR B\u00fcy\u00fck\u015fehir Belediyesi, Ordu\u2019nun co\u011frafi i\u015faretli \u00fcr\u00fcnlerde potansiyelini ortaya \u00e7\u0131karma \u00e7al\u0131\u015fmalar\u0131n\u0131 h\u0131zla s\u00fcrd\u00fcr\u00fcyor. 13\u2019\u00fc B\u00fcy\u00fck\u015fehir Belediyesi giri\u015fimleriyle olmak \u00fczere Ordu il genelinde co\u011frafi i\u015faret tescili yap\u0131lan \u00fcr\u00fcn say\u0131s\u0131 20\u2019ye \u00e7\u0131kt\u0131. Bu kapsamda Ordu B\u00fcy\u00fck\u015fehir Belediyesi taraf\u0131ndan kent ile \u00f6zde\u015fle\u015fmi\u015f\u00a0Ordu Tostu, Yal\u0131k\u00f6y K\u00f6ftesi, Ordu Taflan Tur\u015fusu, Ordu Melocan Kavurmas\u0131, Ordu Galdirik Kavurmas\u0131, Ordu Sakarca M\u0131hlamas\u0131, Mesudiye Goliti(Mesudiye Kuru Ekme\u011fi), Ordu Pancar \u00c7orbas\u0131(Ordu Karalahana \u00c7orbas\u0131), Ordu Zeytinya\u011fl\u0131 Karalahana Sarmas\u0131(Ordu Zeytinya\u011fl\u0131 Pancar Sarmas\u0131), Ordu Pidesi(Ordu Ya\u011fl\u0131s\u0131), Ordu F\u0131nd\u0131kl\u0131 Burma Tatl\u0131s\u0131, Ordu \u0130\u00e7li Tava tescil ve Ordu F\u0131nd\u0131k Tirmidi Kavurmas\u0131, T\u00fcrk Patent ve &hellip;","og_url":"https:\/\/denizcankizil.tr\/uk\/haberler\/gundem\/orduda-20-yoresel-tat-korunuyor\/","og_site_name":"Av. Deniz Can K\u0131z\u0131l","article_published_time":"2025-04-02T13:42:20+00:00","author":"admin","twitter_card":"summary_large_image","twitter_misc":{"\u041d\u0430\u043f\u0438\u0441\u0430\u043d\u043e":"admin","\u041f\u0440\u0438\u0431\u043b. \u0447\u0430\u0441 \u0447\u0438\u0442\u0430\u043d\u043d\u044f":"4 \u0445\u0432\u0438\u043b\u0438\u043d\u0438"},"schema":{"@context":"https:\/\/schema.org","@graph":[{"@type":"Article","@id":"https:\/\/denizcankizil.tr\/uk\/haberler\/gundem\/orduda-20-yoresel-tat-korunuyor\/#article","isPartOf":{"@id":"https:\/\/denizcankizil.tr\/uk\/haberler\/gundem\/orduda-20-yoresel-tat-korunuyor\/"},"author":{"name":"admin","@id":"https:\/\/denizcankizil.tr\/#\/schema\/person\/be3c05fe6a12686905512445d8185489"},"headline":"\u00a0Ordu\u2019da 20 y\u00f6resel tat korunuyor","datePublished":"2025-04-02T13:42:20+00:00","mainEntityOfPage":{"@id":"https:\/\/denizcankizil.tr\/uk\/haberler\/gundem\/orduda-20-yoresel-tat-korunuyor\/"},"wordCount":806,"publisher":{"@id":"https:\/\/denizcankizil.tr\/#organization"},"articleSection":["G\u00fcndem"],"inLanguage":"uk"},{"@type":"WebPage","@id":"https:\/\/denizcankizil.tr\/uk\/haberler\/gundem\/orduda-20-yoresel-tat-korunuyor\/","url":"https:\/\/denizcankizil.tr\/uk\/haberler\/gundem\/orduda-20-yoresel-tat-korunuyor\/","name":"\u00a0Ordu\u2019da 20 y\u00f6resel tat korunuyor - Av. Deniz Can K\u0131z\u0131l","isPartOf":{"@id":"https:\/\/denizcankizil.tr\/#website"},"datePublished":"2025-04-02T13:42:20+00:00","breadcrumb":{"@id":"https:\/\/denizcankizil.tr\/uk\/haberler\/gundem\/orduda-20-yoresel-tat-korunuyor\/#breadcrumb"},"inLanguage":"uk","potentialAction":[{"@type":"ReadAction","target":["https:\/\/denizcankizil.tr\/uk\/haberler\/gundem\/orduda-20-yoresel-tat-korunuyor\/"]}]},{"@type":"BreadcrumbList","@id":"https:\/\/denizcankizil.tr\/uk\/haberler\/gundem\/orduda-20-yoresel-tat-korunuyor\/#breadcrumb","itemListElement":[{"@type":"ListItem","position":1,"name":"Home","item":"https:\/\/denizcankizil.tr\/uk\/"},{"@type":"ListItem","position":2,"name":"\u00a0Ordu\u2019da 20 y\u00f6resel tat korunuyor"}]},{"@type":"WebSite","@id":"https:\/\/denizcankizil.tr\/#website","url":"https:\/\/denizcankizil.tr\/","name":"Av. Deniz Can K\u0131z\u0131l","description":"Avukat Deniz Can K\u0131z\u0131l Antalya Barosu","publisher":{"@id":"https:\/\/denizcankizil.tr\/#organization"},"potentialAction":[{"@type":"SearchAction","target":{"@type":"EntryPoint","urlTemplate":"https:\/\/denizcankizil.tr\/?s={search_term_string}"},"query-input":{"@type":"PropertyValueSpecification","valueRequired":true,"valueName":"search_term_string"}}],"inLanguage":"uk"},{"@type":"Organization","@id":"https:\/\/denizcankizil.tr\/#organization","name":"Av. Deniz Can K\u0131z\u0131l","url":"https:\/\/denizcankizil.tr\/","logo":{"@type":"ImageObject","inLanguage":"uk","@id":"https:\/\/denizcankizil.tr\/#\/schema\/logo\/image\/","url":"https:\/\/denizcankizil.tr\/wp-content\/uploads\/2024\/10\/siyah-logo-svg.svg","contentUrl":"https:\/\/denizcankizil.tr\/wp-content\/uploads\/2024\/10\/siyah-logo-svg.svg","width":1080,"height":1080,"caption":"Av. Deniz Can K\u0131z\u0131l"},"image":{"@id":"https:\/\/denizcankizil.tr\/#\/schema\/logo\/image\/"}},{"@type":"Person","@id":"https:\/\/denizcankizil.tr\/#\/schema\/person\/be3c05fe6a12686905512445d8185489","name":"\u0430\u0434\u043c\u0456\u043d","image":{"@type":"ImageObject","inLanguage":"uk","@id":"https:\/\/denizcankizil.tr\/#\/schema\/person\/image\/","url":"https:\/\/secure.gravatar.com\/avatar\/c1fce94c830dc79107e174f890d7210541c4a63e8e5d816341794a2151c9d58c?s=96&d=mm&r=g","contentUrl":"https:\/\/secure.gravatar.com\/avatar\/c1fce94c830dc79107e174f890d7210541c4a63e8e5d816341794a2151c9d58c?s=96&d=mm&r=g","caption":"admin"},"sameAs":["http:\/\/denizcankizil.tr"],"url":"https:\/\/www.iskenderun.org\/orduda-20-yoresel-tat-korunuyor"}]}},"_links":{"self":[{"href":"https:\/\/denizcankizil.tr\/uk\/wp-json\/wp\/v2\/posts\/43409","targetHints":{"allow":["GET"]}}],"collection":[{"href":"https:\/\/denizcankizil.tr\/uk\/wp-json\/wp\/v2\/posts"}],"about":[{"href":"https:\/\/denizcankizil.tr\/uk\/wp-json\/wp\/v2\/types\/post"}],"author":[{"embeddable":true,"href":"https:\/\/denizcankizil.tr\/uk\/wp-json\/wp\/v2\/users\/1"}],"replies":[{"embeddable":true,"href":"https:\/\/denizcankizil.tr\/uk\/wp-json\/wp\/v2\/comments?post=43409"}],"version-history":[{"count":0,"href":"https:\/\/denizcankizil.tr\/uk\/wp-json\/wp\/v2\/posts\/43409\/revisions"}],"wp:attachment":[{"href":"https:\/\/denizcankizil.tr\/uk\/wp-json\/wp\/v2\/media?parent=43409"}],"wp:term":[{"taxonomy":"category","embeddable":true,"href":"https:\/\/denizcankizil.tr\/uk\/wp-json\/wp\/v2\/categories?post=43409"},{"taxonomy":"post_tag","embeddable":true,"href":"https:\/\/denizcankizil.tr\/uk\/wp-json\/wp\/v2\/tags?post=43409"}],"curies":[{"name":"wp","href":"https:\/\/api.w.org\/{rel}","templated":true}]}}