{"id":43364,"date":"2025-04-02T16:41:14","date_gmt":"2025-04-02T13:41:14","guid":{"rendered":"https:\/\/denizcankizil.tr\/uncategorized-tr\/hortum-ortaligi-birbirine-katti\/"},"modified":"2025-04-02T16:41:14","modified_gmt":"2025-04-02T13:41:14","slug":"hortum-ortaligi-birbirine-katti","status":"publish","type":"post","link":"https:\/\/denizcankizil.tr\/uk\/haberler\/antalya\/hortum-ortaligi-birbirine-katti\/","title":{"rendered":"Hortum ortal\u0131\u011f\u0131 birbirine katt\u0131"},"content":{"rendered":"<p>Manavgat&#8217;ta gece saatlerinde ba\u015flayan ve sabah etkisini art\u0131rarak devam eden sa\u011fanak ya\u011f\u0131\u015f g\u00fcnl\u00fck ya\u015fam\u0131 olumsuz etkilerken, saat 11.30 s\u0131ralar\u0131nda \u00e7\u0131kan hortum, Manavgat-Antalya D-400 Karayolu yan yol \u00fczeri, G\u00fcltepe Mahallesi&#8217;nde bulunan G\u00f6k Mobilya isimli i\u015f yerine b\u00fcy\u00fck \u00f6l\u00e7\u00fcde zarar verdi. Hortum, i\u015f yerinin \u00f6n\u00fcnde \u00f6rnek olarak bulunan 2 ton a\u011f\u0131rl\u0131\u011f\u0131ndaki \u00fc\u00e7gen evi otomobillerin \u00fczerinden u\u00e7urup 30 metre ileride ters d\u00f6nd\u00fcr\u00fcrken, \u00e7at\u0131s\u0131n\u0131 i\u015f yerinin \u00f6n\u00fcnde park halindeki otomobillerin \u00fczerine att\u0131. Hortumun havaland\u0131r\u0131p otomobillerin \u00fczerine att\u0131\u011f\u0131 karavan yap\u0131lmak \u00fczere bekleyen hafif ticari ara\u00e7 ise g\u00f6renleri hayrete d\u00fc\u015f\u00fcrd\u00fc. Hortumun meydana gelmesinden k\u0131sa s\u00fcre \u00f6nce elektrik kesintisi meydana geldi\u011fi, i\u015f yerinde bulunanlar\u0131n otomatik kap\u0131y\u0131 kapatmak i\u00e7in i\u015f yerinin \u00f6n\u00fcnde bekledi\u011fi s\u0131rada hortumun meydana geldi\u011fi, i\u015f yeri \u00e7al\u0131\u015fanlar\u0131n\u0131n facian\u0131n e\u015fi\u011finden d\u00f6nd\u00fc\u011f\u00fc bildirildi. Di\u011fer taraftan hortum an\u0131nda Manavgat-Antalya yolunda seyir halindeki bir otomobil hortumdan etkilenirken otomobilde b\u00fcy\u00fck \u00f6l\u00e7\u00fcde zarar olu\u015ftu.<\/p>\n<p>&#8220;Sevindirici olan taraf\u0131 can kayb\u0131n\u0131n olmamas\u0131&#8221;<br \/>\nHortumun ard\u0131ndan Manavgat Ticaret ve Sanayi Odas\u0131 Ba\u015fkan\u0131 Seydi G\u00fcng\u00f6r, hortumdan zarar g\u00f6ren i\u015f yerine gelerek incelemelerde bulundu ve i\u015f yeri sahiplerine ge\u00e7mi\u015f dile\u011finde bulundu. B\u00fcy\u00fck bir do\u011fal afet ya\u015fand\u0131\u011f\u0131n\u0131 belirten MATSO Ba\u015fkan\u0131 G\u00fcng\u00f6r &#8220;Sevindirici olan taraf\u0131 can kayb\u0131n\u0131n olmamas\u0131. B\u00fcy\u00fck \u00f6l\u00e7\u00fcde maddi hasar olu\u015ftu. Allah beterinden korusun, i\u015f yeri sahibimize ve Manavgat&#8217;\u0131m\u0131za \u00e7ok ge\u00e7mi\u015f olsun&#8221; dedi.<\/p>\n<p>&#8220;Bungalov \u00f6nce sa\u011fa, sonra sola gitti&#8221;<br \/>\n\u0130\u015f yeri sahibi Ahmet Ali G\u00f6k ise aniden bir hortum meydana geldi\u011fini belirterek &#8220;Ya\u011fmurun etkisini art\u0131rd\u0131\u011f\u0131 s\u0131rada elektrik kesintisi oldu. Elektrik kesintisinden sonra bah\u00e7emizde bulunan e\u015fyalar\u0131n sa\u011fa sola gitti\u011fini, \u00fc\u00e7gen bungalov evimizin \u00f6nce sa\u011fa, sonra sola gitti. \u0130\u015f yerimizin \u00f6n\u00fcnde bulunan b\u00fct\u00fcn ara\u00e7lar\u0131 alabora etti. 9 ara\u00e7ta hasar var. B\u00fcy\u00fck \u00e7apta maddi hasar olu\u015ftu&#8221; dedi.<br \/>\n\u0130\u015f yerinde elektriklerin kesilmesinin ard\u0131ndan otomatik kap\u0131y\u0131 kapatmak i\u00e7in giri\u015fe geldiklerini belirten bir i\u015f yeri \u00e7al\u0131\u015fan\u0131 ise &#8220;Otomatik kap\u0131y\u0131 kapatmak i\u00e7in enerji sa\u011flamaya \u00e7al\u0131\u015f\u0131rken hortum f\u0131rt\u0131na kar\u0131\u015f\u0131m\u0131 bir \u015fey \u00e7\u0131kt\u0131. \u00dc\u00e7gen evin bir sa\u011fa bir sola gitti\u011fini g\u00f6rd\u00fck. Sonra otomobilin \u00fczerinden u\u00e7up buraya geldi ve yan yatt\u0131. Hortum durduktan sonra d\u0131\u015far\u0131 \u00e7\u0131kt\u0131k. Bu manzara ile kar\u015f\u0131la\u015ft\u0131k. \u00dc\u00e7gen ev yakla\u015f\u0131k 30 metre yol kat edip otomobilin \u00fczerinden ge\u00e7ip buraya geldi&#8221; dedi.<br \/>\nHortum olay\u0131n\u0131n ard\u0131ndan olay yerine Antalya B\u00fcy\u00fck\u015fehir Belediyesi \u0130tfaiyesi Manavgat Birimi, Manavgat \u0130l\u00e7e Jandarma Komutanl\u0131\u011f\u0131 Side Jandarma Karakolu, Manavgat Belediyesi Afet \u0130\u015fleri M\u00fcd\u00fcrl\u00fc\u011f\u00fc ve Manavgat Kaymakaml\u0131\u011f\u0131na ba\u011fl\u0131 ekipler sevk edilirken, hasar tespit \u00e7al\u0131\u015fmalar\u0131na ba\u015fland\u0131.<\/p>\n<p>Kaynak: www.kanalv.com.tr Haber Sitesinden Al\u0131nm\u0131\u015ft\u0131r.<\/p>","protected":false},"excerpt":{"rendered":"<p>Manavgat&#8217;ta gece saatlerinde ba\u015flayan ve sabah etkisini art\u0131rarak devam eden sa\u011fanak ya\u011f\u0131\u015f g\u00fcnl\u00fck ya\u015fam\u0131 olumsuz etkilerken, saat 11.30 s\u0131ralar\u0131nda \u00e7\u0131kan hortum, Manavgat-Antalya D-400 Karayolu yan yol \u00fczeri, G\u00fcltepe Mahallesi&#8217;nde bulunan G\u00f6k Mobilya isimli i\u015f yerine b\u00fcy\u00fck \u00f6l\u00e7\u00fcde zarar verdi. Hortum, i\u015f yerinin \u00f6n\u00fcnde \u00f6rnek olarak bulunan 2 ton a\u011f\u0131rl\u0131\u011f\u0131ndaki \u00fc\u00e7gen evi otomobillerin \u00fczerinden u\u00e7urup 30 metre ileride ters d\u00f6nd\u00fcr\u00fcrken, \u00e7at\u0131s\u0131n\u0131 i\u015f yerinin \u00f6n\u00fcnde park halindeki otomobillerin \u00fczerine att\u0131. Hortumun havaland\u0131r\u0131p otomobillerin \u00fczerine att\u0131\u011f\u0131 karavan yap\u0131lmak \u00fczere bekleyen hafif ticari ara\u00e7 ise g\u00f6renleri hayrete d\u00fc\u015f\u00fcrd\u00fc. Hortumun meydana gelmesinden k\u0131sa s\u00fcre \u00f6nce elektrik kesintisi meydana geldi\u011fi, i\u015f yerinde bulunanlar\u0131n otomatik kap\u0131y\u0131 kapatmak i\u00e7in i\u015f yerinin \u00f6n\u00fcnde bekledi\u011fi s\u0131rada hortumun meydana geldi\u011fi, i\u015f yeri \u00e7al\u0131\u015fanlar\u0131n\u0131n facian\u0131n e\u015fi\u011finden d\u00f6nd\u00fc\u011f\u00fc bildirildi. Di\u011fer taraftan hortum an\u0131nda Manavgat-Antalya yolunda seyir halindeki bir otomobil hortumdan etkilenirken otomobilde b\u00fcy\u00fck \u00f6l\u00e7\u00fcde zarar olu\u015ftu. &#8220;Sevindirici olan taraf\u0131 can kayb\u0131n\u0131n olmamas\u0131&#8221; Hortumun ard\u0131ndan Manavgat Ticaret ve Sanayi Odas\u0131 Ba\u015fkan\u0131 Seydi G\u00fcng\u00f6r, hortumdan zarar g\u00f6ren i\u015f yerine gelerek incelemelerde bulundu ve i\u015f yeri sahiplerine ge\u00e7mi\u015f dile\u011finde bulundu. B\u00fcy\u00fck bir do\u011fal afet ya\u015fand\u0131\u011f\u0131n\u0131 belirten MATSO Ba\u015fkan\u0131 G\u00fcng\u00f6r &#8220;Sevindirici olan taraf\u0131 can kayb\u0131n\u0131n olmamas\u0131. B\u00fcy\u00fck \u00f6l\u00e7\u00fcde maddi hasar olu\u015ftu. Allah beterinden korusun, i\u015f yeri sahibimize ve Manavgat&#8217;\u0131m\u0131za \u00e7ok ge\u00e7mi\u015f olsun&#8221; dedi. &#8220;Bungalov \u00f6nce sa\u011fa, sonra &hellip;<\/p>","protected":false},"author":4,"featured_media":43365,"comment_status":"","ping_status":"open","sticky":false,"template":"","format":"standard","meta":{"_acf_changed":false,"footnotes":""},"categories":[26],"tags":[],"class_list":["post-43364","post","type-post","status-publish","format-standard","has-post-thumbnail","hentry","category-antalya"],"acf":[],"yoast_head":"<!-- This site is optimized with the Yoast SEO Premium plugin v26.6 (Yoast SEO v27.1.1) - https:\/\/yoast.com\/product\/yoast-seo-premium-wordpress\/ -->\n<title>Hortum ortal\u0131\u011f\u0131 birbirine katt\u0131 - Av. Deniz Can K\u0131z\u0131l<\/title>\n<meta name=\"robots\" content=\"index, follow, max-snippet:-1, max-image-preview:large, max-video-preview:-1\" \/>\n<link rel=\"canonical\" href=\"https:\/\/denizcankizil.tr\/uk\/haberler\/antalya\/hortum-ortaligi-birbirine-katti\/\" \/>\n<meta property=\"og:locale\" content=\"uk_UA\" \/>\n<meta property=\"og:type\" content=\"article\" \/>\n<meta property=\"og:title\" content=\"Hortum ortal\u0131\u011f\u0131 birbirine katt\u0131\" \/>\n<meta property=\"og:description\" content=\"Manavgat&#8217;ta gece saatlerinde ba\u015flayan ve sabah etkisini art\u0131rarak devam eden sa\u011fanak ya\u011f\u0131\u015f g\u00fcnl\u00fck ya\u015fam\u0131 olumsuz etkilerken, saat 11.30 s\u0131ralar\u0131nda \u00e7\u0131kan hortum, Manavgat-Antalya D-400 Karayolu yan yol \u00fczeri, G\u00fcltepe Mahallesi&#8217;nde bulunan G\u00f6k Mobilya isimli i\u015f yerine b\u00fcy\u00fck \u00f6l\u00e7\u00fcde zarar verdi. Hortum, i\u015f yerinin \u00f6n\u00fcnde \u00f6rnek olarak bulunan 2 ton a\u011f\u0131rl\u0131\u011f\u0131ndaki \u00fc\u00e7gen evi otomobillerin \u00fczerinden u\u00e7urup 30 metre ileride ters d\u00f6nd\u00fcr\u00fcrken, \u00e7at\u0131s\u0131n\u0131 i\u015f yerinin \u00f6n\u00fcnde park halindeki otomobillerin \u00fczerine att\u0131. Hortumun havaland\u0131r\u0131p otomobillerin \u00fczerine att\u0131\u011f\u0131 karavan yap\u0131lmak \u00fczere bekleyen hafif ticari ara\u00e7 ise g\u00f6renleri hayrete d\u00fc\u015f\u00fcrd\u00fc. Hortumun meydana gelmesinden k\u0131sa s\u00fcre \u00f6nce elektrik kesintisi meydana geldi\u011fi, i\u015f yerinde bulunanlar\u0131n otomatik kap\u0131y\u0131 kapatmak i\u00e7in i\u015f yerinin \u00f6n\u00fcnde bekledi\u011fi s\u0131rada hortumun meydana geldi\u011fi, i\u015f yeri \u00e7al\u0131\u015fanlar\u0131n\u0131n facian\u0131n e\u015fi\u011finden d\u00f6nd\u00fc\u011f\u00fc bildirildi. Di\u011fer taraftan hortum an\u0131nda Manavgat-Antalya yolunda seyir halindeki bir otomobil hortumdan etkilenirken otomobilde b\u00fcy\u00fck \u00f6l\u00e7\u00fcde zarar olu\u015ftu. &#8220;Sevindirici olan taraf\u0131 can kayb\u0131n\u0131n olmamas\u0131&#8221; Hortumun ard\u0131ndan Manavgat Ticaret ve Sanayi Odas\u0131 Ba\u015fkan\u0131 Seydi G\u00fcng\u00f6r, hortumdan zarar g\u00f6ren i\u015f yerine gelerek incelemelerde bulundu ve i\u015f yeri sahiplerine ge\u00e7mi\u015f dile\u011finde bulundu. B\u00fcy\u00fck bir do\u011fal afet ya\u015fand\u0131\u011f\u0131n\u0131 belirten MATSO Ba\u015fkan\u0131 G\u00fcng\u00f6r &#8220;Sevindirici olan taraf\u0131 can kayb\u0131n\u0131n olmamas\u0131. B\u00fcy\u00fck \u00f6l\u00e7\u00fcde maddi hasar olu\u015ftu. Allah beterinden korusun, i\u015f yeri sahibimize ve Manavgat&#8217;\u0131m\u0131za \u00e7ok ge\u00e7mi\u015f olsun&#8221; dedi. &#8220;Bungalov \u00f6nce sa\u011fa, sonra &hellip;\" \/>\n<meta property=\"og:url\" content=\"https:\/\/denizcankizil.tr\/uk\/haberler\/antalya\/hortum-ortaligi-birbirine-katti\/\" \/>\n<meta property=\"og:site_name\" content=\"Av. Deniz Can K\u0131z\u0131l\" \/>\n<meta property=\"article:published_time\" content=\"2025-04-02T13:41:14+00:00\" \/>\n<meta property=\"og:image\" content=\"https:\/\/denizcankizil.tr\/wp-content\/uploads\/2025\/04\/a-w424841-04-wxUgEH.jpeg\" \/>\n\t<meta property=\"og:image:width\" content=\"1280\" \/>\n\t<meta property=\"og:image:height\" content=\"720\" \/>\n\t<meta property=\"og:image:type\" content=\"image\/jpeg\" \/>\n<meta name=\"author\" content=\"Av. Deniz Can K\u0131z\u0131l\" \/>\n<meta name=\"twitter:card\" content=\"summary_large_image\" \/>\n<meta name=\"twitter:label1\" content=\"\u041d\u0430\u043f\u0438\u0441\u0430\u043d\u043e\" \/>\n\t<meta name=\"twitter:data1\" content=\"Av. Deniz Can K\u0131z\u0131l\" \/>\n\t<meta name=\"twitter:label2\" content=\"\u041f\u0440\u0438\u0431\u043b. \u0447\u0430\u0441 \u0447\u0438\u0442\u0430\u043d\u043d\u044f\" \/>\n\t<meta name=\"twitter:data2\" content=\"2 \u0445\u0432\u0438\u043b\u0438\u043d\u0438\" \/>\n<script type=\"application\/ld+json\" class=\"yoast-schema-graph\">{\"@context\":\"https:\/\/schema.org\",\"@graph\":[{\"@type\":\"Article\",\"@id\":\"https:\/\/denizcankizil.tr\/uk\/haberler\/antalya\/hortum-ortaligi-birbirine-katti\/#article\",\"isPartOf\":{\"@id\":\"https:\/\/denizcankizil.tr\/uk\/haberler\/antalya\/hortum-ortaligi-birbirine-katti\/\"},\"author\":{\"name\":\"Av. Deniz Can K\u0131z\u0131l\",\"@id\":\"https:\/\/denizcankizil.tr\/#\/schema\/person\/5dc1b22991bd7ac833867c10afc9b0ff\"},\"headline\":\"Hortum ortal\u0131\u011f\u0131 birbirine katt\u0131\",\"datePublished\":\"2025-04-02T13:41:14+00:00\",\"mainEntityOfPage\":{\"@id\":\"https:\/\/denizcankizil.tr\/uk\/haberler\/antalya\/hortum-ortaligi-birbirine-katti\/\"},\"wordCount\":505,\"publisher\":{\"@id\":\"https:\/\/denizcankizil.tr\/#organization\"},\"image\":{\"@id\":\"https:\/\/denizcankizil.tr\/uk\/haberler\/antalya\/hortum-ortaligi-birbirine-katti\/#primaryimage\"},\"thumbnailUrl\":\"https:\/\/denizcankizil.tr\/wp-content\/uploads\/2025\/04\/a-w424841-04-wxUgEH.jpeg\",\"articleSection\":[\"Antalya\"],\"inLanguage\":\"uk\"},{\"@type\":\"WebPage\",\"@id\":\"https:\/\/denizcankizil.tr\/uk\/haberler\/antalya\/hortum-ortaligi-birbirine-katti\/\",\"url\":\"https:\/\/denizcankizil.tr\/uk\/haberler\/antalya\/hortum-ortaligi-birbirine-katti\/\",\"name\":\"Hortum ortal\u0131\u011f\u0131 birbirine katt\u0131 - Av. Deniz Can K\u0131z\u0131l\",\"isPartOf\":{\"@id\":\"https:\/\/denizcankizil.tr\/#website\"},\"primaryImageOfPage\":{\"@id\":\"https:\/\/denizcankizil.tr\/uk\/haberler\/antalya\/hortum-ortaligi-birbirine-katti\/#primaryimage\"},\"image\":{\"@id\":\"https:\/\/denizcankizil.tr\/uk\/haberler\/antalya\/hortum-ortaligi-birbirine-katti\/#primaryimage\"},\"thumbnailUrl\":\"https:\/\/denizcankizil.tr\/wp-content\/uploads\/2025\/04\/a-w424841-04-wxUgEH.jpeg\",\"datePublished\":\"2025-04-02T13:41:14+00:00\",\"breadcrumb\":{\"@id\":\"https:\/\/denizcankizil.tr\/uk\/haberler\/antalya\/hortum-ortaligi-birbirine-katti\/#breadcrumb\"},\"inLanguage\":\"uk\",\"potentialAction\":[{\"@type\":\"ReadAction\",\"target\":[\"https:\/\/denizcankizil.tr\/uk\/haberler\/antalya\/hortum-ortaligi-birbirine-katti\/\"]}]},{\"@type\":\"ImageObject\",\"inLanguage\":\"uk\",\"@id\":\"https:\/\/denizcankizil.tr\/uk\/haberler\/antalya\/hortum-ortaligi-birbirine-katti\/#primaryimage\",\"url\":\"https:\/\/denizcankizil.tr\/wp-content\/uploads\/2025\/04\/a-w424841-04-wxUgEH.jpeg\",\"contentUrl\":\"https:\/\/denizcankizil.tr\/wp-content\/uploads\/2025\/04\/a-w424841-04-wxUgEH.jpeg\",\"width\":1280,\"height\":720},{\"@type\":\"BreadcrumbList\",\"@id\":\"https:\/\/denizcankizil.tr\/uk\/haberler\/antalya\/hortum-ortaligi-birbirine-katti\/#breadcrumb\",\"itemListElement\":[{\"@type\":\"ListItem\",\"position\":1,\"name\":\"Home\",\"item\":\"https:\/\/denizcankizil.tr\/uk\/\"},{\"@type\":\"ListItem\",\"position\":2,\"name\":\"Hortum ortal\u0131\u011f\u0131 birbirine katt\u0131\"}]},{\"@type\":\"WebSite\",\"@id\":\"https:\/\/denizcankizil.tr\/#website\",\"url\":\"https:\/\/denizcankizil.tr\/\",\"name\":\"Av. Deniz Can K\u0131z\u0131l\",\"description\":\"Avukat Deniz Can K\u0131z\u0131l Antalya Barosu\",\"publisher\":{\"@id\":\"https:\/\/denizcankizil.tr\/#organization\"},\"potentialAction\":[{\"@type\":\"SearchAction\",\"target\":{\"@type\":\"EntryPoint\",\"urlTemplate\":\"https:\/\/denizcankizil.tr\/?s={search_term_string}\"},\"query-input\":{\"@type\":\"PropertyValueSpecification\",\"valueRequired\":true,\"valueName\":\"search_term_string\"}}],\"inLanguage\":\"uk\"},{\"@type\":\"Organization\",\"@id\":\"https:\/\/denizcankizil.tr\/#organization\",\"name\":\"Av. Deniz Can K\u0131z\u0131l\",\"url\":\"https:\/\/denizcankizil.tr\/\",\"logo\":{\"@type\":\"ImageObject\",\"inLanguage\":\"uk\",\"@id\":\"https:\/\/denizcankizil.tr\/#\/schema\/logo\/image\/\",\"url\":\"https:\/\/denizcankizil.tr\/wp-content\/uploads\/2024\/10\/siyah-logo-svg.svg\",\"contentUrl\":\"https:\/\/denizcankizil.tr\/wp-content\/uploads\/2024\/10\/siyah-logo-svg.svg\",\"width\":1080,\"height\":1080,\"caption\":\"Av. Deniz Can K\u0131z\u0131l\"},\"image\":{\"@id\":\"https:\/\/denizcankizil.tr\/#\/schema\/logo\/image\/\"}},{\"@type\":\"Person\",\"@id\":\"https:\/\/denizcankizil.tr\/#\/schema\/person\/5dc1b22991bd7ac833867c10afc9b0ff\",\"name\":\"Av. Deniz Can K\u0131z\u0131l\",\"image\":{\"@type\":\"ImageObject\",\"inLanguage\":\"uk\",\"@id\":\"https:\/\/denizcankizil.tr\/#\/schema\/person\/image\/\",\"url\":\"https:\/\/secure.gravatar.com\/avatar\/a0b128fb9855c79efc976d5640eedb31dc35ec297594d6016d2cf7c60e975bb6?s=96&d=mm&r=g\",\"contentUrl\":\"https:\/\/secure.gravatar.com\/avatar\/a0b128fb9855c79efc976d5640eedb31dc35ec297594d6016d2cf7c60e975bb6?s=96&d=mm&r=g\",\"caption\":\"Av. Deniz Can K\u0131z\u0131l\"},\"sameAs\":[\"http:\/\/www.denizcankizil.tr\"],\"url\":\"https:\/\/denizcankizil.tr\/uk\/author\/denizcankizil\/\"}]}<\/script>\n<!-- \/ Yoast SEO Premium plugin. -->","yoast_head_json":{"title":"Hortum ortal\u0131\u011f\u0131 birbirine katt\u0131 - Av. Deniz Can K\u0131z\u0131l","robots":{"index":"index","follow":"follow","max-snippet":"max-snippet:-1","max-image-preview":"max-image-preview:large","max-video-preview":"max-video-preview:-1"},"canonical":"https:\/\/denizcankizil.tr\/uk\/haberler\/antalya\/hortum-ortaligi-birbirine-katti\/","og_locale":"uk_UA","og_type":"article","og_title":"Hortum ortal\u0131\u011f\u0131 birbirine katt\u0131","og_description":"Manavgat&#8217;ta gece saatlerinde ba\u015flayan ve sabah etkisini art\u0131rarak devam eden sa\u011fanak ya\u011f\u0131\u015f g\u00fcnl\u00fck ya\u015fam\u0131 olumsuz etkilerken, saat 11.30 s\u0131ralar\u0131nda \u00e7\u0131kan hortum, Manavgat-Antalya D-400 Karayolu yan yol \u00fczeri, G\u00fcltepe Mahallesi&#8217;nde bulunan G\u00f6k Mobilya isimli i\u015f yerine b\u00fcy\u00fck \u00f6l\u00e7\u00fcde zarar verdi. Hortum, i\u015f yerinin \u00f6n\u00fcnde \u00f6rnek olarak bulunan 2 ton a\u011f\u0131rl\u0131\u011f\u0131ndaki \u00fc\u00e7gen evi otomobillerin \u00fczerinden u\u00e7urup 30 metre ileride ters d\u00f6nd\u00fcr\u00fcrken, \u00e7at\u0131s\u0131n\u0131 i\u015f yerinin \u00f6n\u00fcnde park halindeki otomobillerin \u00fczerine att\u0131. Hortumun havaland\u0131r\u0131p otomobillerin \u00fczerine att\u0131\u011f\u0131 karavan yap\u0131lmak \u00fczere bekleyen hafif ticari ara\u00e7 ise g\u00f6renleri hayrete d\u00fc\u015f\u00fcrd\u00fc. Hortumun meydana gelmesinden k\u0131sa s\u00fcre \u00f6nce elektrik kesintisi meydana geldi\u011fi, i\u015f yerinde bulunanlar\u0131n otomatik kap\u0131y\u0131 kapatmak i\u00e7in i\u015f yerinin \u00f6n\u00fcnde bekledi\u011fi s\u0131rada hortumun meydana geldi\u011fi, i\u015f yeri \u00e7al\u0131\u015fanlar\u0131n\u0131n facian\u0131n e\u015fi\u011finden d\u00f6nd\u00fc\u011f\u00fc bildirildi. Di\u011fer taraftan hortum an\u0131nda Manavgat-Antalya yolunda seyir halindeki bir otomobil hortumdan etkilenirken otomobilde b\u00fcy\u00fck \u00f6l\u00e7\u00fcde zarar olu\u015ftu. &#8220;Sevindirici olan taraf\u0131 can kayb\u0131n\u0131n olmamas\u0131&#8221; Hortumun ard\u0131ndan Manavgat Ticaret ve Sanayi Odas\u0131 Ba\u015fkan\u0131 Seydi G\u00fcng\u00f6r, hortumdan zarar g\u00f6ren i\u015f yerine gelerek incelemelerde bulundu ve i\u015f yeri sahiplerine ge\u00e7mi\u015f dile\u011finde bulundu. B\u00fcy\u00fck bir do\u011fal afet ya\u015fand\u0131\u011f\u0131n\u0131 belirten MATSO Ba\u015fkan\u0131 G\u00fcng\u00f6r &#8220;Sevindirici olan taraf\u0131 can kayb\u0131n\u0131n olmamas\u0131. B\u00fcy\u00fck \u00f6l\u00e7\u00fcde maddi hasar olu\u015ftu. Allah beterinden korusun, i\u015f yeri sahibimize ve Manavgat&#8217;\u0131m\u0131za \u00e7ok ge\u00e7mi\u015f olsun&#8221; dedi. &#8220;Bungalov \u00f6nce sa\u011fa, sonra &hellip;","og_url":"https:\/\/denizcankizil.tr\/uk\/haberler\/antalya\/hortum-ortaligi-birbirine-katti\/","og_site_name":"Av. Deniz Can K\u0131z\u0131l","article_published_time":"2025-04-02T13:41:14+00:00","og_image":[{"width":1280,"height":720,"url":"https:\/\/denizcankizil.tr\/wp-content\/uploads\/2025\/04\/a-w424841-04-wxUgEH.jpeg","type":"image\/jpeg"}],"author":"Av. Deniz Can K\u0131z\u0131l","twitter_card":"summary_large_image","twitter_misc":{"\u041d\u0430\u043f\u0438\u0441\u0430\u043d\u043e":"Av. Deniz Can K\u0131z\u0131l","\u041f\u0440\u0438\u0431\u043b. \u0447\u0430\u0441 \u0447\u0438\u0442\u0430\u043d\u043d\u044f":"2 \u0445\u0432\u0438\u043b\u0438\u043d\u0438"},"schema":{"@context":"https:\/\/schema.org","@graph":[{"@type":"Article","@id":"https:\/\/denizcankizil.tr\/uk\/haberler\/antalya\/hortum-ortaligi-birbirine-katti\/#article","isPartOf":{"@id":"https:\/\/denizcankizil.tr\/uk\/haberler\/antalya\/hortum-ortaligi-birbirine-katti\/"},"author":{"name":"Av. Deniz Can K\u0131z\u0131l","@id":"https:\/\/denizcankizil.tr\/#\/schema\/person\/5dc1b22991bd7ac833867c10afc9b0ff"},"headline":"Hortum ortal\u0131\u011f\u0131 birbirine katt\u0131","datePublished":"2025-04-02T13:41:14+00:00","mainEntityOfPage":{"@id":"https:\/\/denizcankizil.tr\/uk\/haberler\/antalya\/hortum-ortaligi-birbirine-katti\/"},"wordCount":505,"publisher":{"@id":"https:\/\/denizcankizil.tr\/#organization"},"image":{"@id":"https:\/\/denizcankizil.tr\/uk\/haberler\/antalya\/hortum-ortaligi-birbirine-katti\/#primaryimage"},"thumbnailUrl":"https:\/\/denizcankizil.tr\/wp-content\/uploads\/2025\/04\/a-w424841-04-wxUgEH.jpeg","articleSection":["Antalya"],"inLanguage":"uk"},{"@type":"WebPage","@id":"https:\/\/denizcankizil.tr\/uk\/haberler\/antalya\/hortum-ortaligi-birbirine-katti\/","url":"https:\/\/denizcankizil.tr\/uk\/haberler\/antalya\/hortum-ortaligi-birbirine-katti\/","name":"Hortum ortal\u0131\u011f\u0131 birbirine katt\u0131 - Av. Deniz Can K\u0131z\u0131l","isPartOf":{"@id":"https:\/\/denizcankizil.tr\/#website"},"primaryImageOfPage":{"@id":"https:\/\/denizcankizil.tr\/uk\/haberler\/antalya\/hortum-ortaligi-birbirine-katti\/#primaryimage"},"image":{"@id":"https:\/\/denizcankizil.tr\/uk\/haberler\/antalya\/hortum-ortaligi-birbirine-katti\/#primaryimage"},"thumbnailUrl":"https:\/\/denizcankizil.tr\/wp-content\/uploads\/2025\/04\/a-w424841-04-wxUgEH.jpeg","datePublished":"2025-04-02T13:41:14+00:00","breadcrumb":{"@id":"https:\/\/denizcankizil.tr\/uk\/haberler\/antalya\/hortum-ortaligi-birbirine-katti\/#breadcrumb"},"inLanguage":"uk","potentialAction":[{"@type":"ReadAction","target":["https:\/\/denizcankizil.tr\/uk\/haberler\/antalya\/hortum-ortaligi-birbirine-katti\/"]}]},{"@type":"ImageObject","inLanguage":"uk","@id":"https:\/\/denizcankizil.tr\/uk\/haberler\/antalya\/hortum-ortaligi-birbirine-katti\/#primaryimage","url":"https:\/\/denizcankizil.tr\/wp-content\/uploads\/2025\/04\/a-w424841-04-wxUgEH.jpeg","contentUrl":"https:\/\/denizcankizil.tr\/wp-content\/uploads\/2025\/04\/a-w424841-04-wxUgEH.jpeg","width":1280,"height":720},{"@type":"BreadcrumbList","@id":"https:\/\/denizcankizil.tr\/uk\/haberler\/antalya\/hortum-ortaligi-birbirine-katti\/#breadcrumb","itemListElement":[{"@type":"ListItem","position":1,"name":"Home","item":"https:\/\/denizcankizil.tr\/uk\/"},{"@type":"ListItem","position":2,"name":"Hortum ortal\u0131\u011f\u0131 birbirine katt\u0131"}]},{"@type":"WebSite","@id":"https:\/\/denizcankizil.tr\/#website","url":"https:\/\/denizcankizil.tr\/","name":"Av. Deniz Can K\u0131z\u0131l","description":"Avukat Deniz Can K\u0131z\u0131l Antalya Barosu","publisher":{"@id":"https:\/\/denizcankizil.tr\/#organization"},"potentialAction":[{"@type":"SearchAction","target":{"@type":"EntryPoint","urlTemplate":"https:\/\/denizcankizil.tr\/?s={search_term_string}"},"query-input":{"@type":"PropertyValueSpecification","valueRequired":true,"valueName":"search_term_string"}}],"inLanguage":"uk"},{"@type":"Organization","@id":"https:\/\/denizcankizil.tr\/#organization","name":"Av. Deniz Can K\u0131z\u0131l","url":"https:\/\/denizcankizil.tr\/","logo":{"@type":"ImageObject","inLanguage":"uk","@id":"https:\/\/denizcankizil.tr\/#\/schema\/logo\/image\/","url":"https:\/\/denizcankizil.tr\/wp-content\/uploads\/2024\/10\/siyah-logo-svg.svg","contentUrl":"https:\/\/denizcankizil.tr\/wp-content\/uploads\/2024\/10\/siyah-logo-svg.svg","width":1080,"height":1080,"caption":"Av. Deniz Can K\u0131z\u0131l"},"image":{"@id":"https:\/\/denizcankizil.tr\/#\/schema\/logo\/image\/"}},{"@type":"Person","@id":"https:\/\/denizcankizil.tr\/#\/schema\/person\/5dc1b22991bd7ac833867c10afc9b0ff","name":"Av. Deniz Can K\u0131z\u0131l","image":{"@type":"ImageObject","inLanguage":"uk","@id":"https:\/\/denizcankizil.tr\/#\/schema\/person\/image\/","url":"https:\/\/secure.gravatar.com\/avatar\/a0b128fb9855c79efc976d5640eedb31dc35ec297594d6016d2cf7c60e975bb6?s=96&d=mm&r=g","contentUrl":"https:\/\/secure.gravatar.com\/avatar\/a0b128fb9855c79efc976d5640eedb31dc35ec297594d6016d2cf7c60e975bb6?s=96&d=mm&r=g","caption":"Av. Deniz Can K\u0131z\u0131l"},"sameAs":["http:\/\/www.denizcankizil.tr"],"url":"https:\/\/denizcankizil.tr\/uk\/author\/denizcankizil\/"}]}},"_links":{"self":[{"href":"https:\/\/denizcankizil.tr\/uk\/wp-json\/wp\/v2\/posts\/43364","targetHints":{"allow":["GET"]}}],"collection":[{"href":"https:\/\/denizcankizil.tr\/uk\/wp-json\/wp\/v2\/posts"}],"about":[{"href":"https:\/\/denizcankizil.tr\/uk\/wp-json\/wp\/v2\/types\/post"}],"author":[{"embeddable":true,"href":"https:\/\/denizcankizil.tr\/uk\/wp-json\/wp\/v2\/users\/4"}],"replies":[{"embeddable":true,"href":"https:\/\/denizcankizil.tr\/uk\/wp-json\/wp\/v2\/comments?post=43364"}],"version-history":[{"count":0,"href":"https:\/\/denizcankizil.tr\/uk\/wp-json\/wp\/v2\/posts\/43364\/revisions"}],"wp:featuredmedia":[{"embeddable":true,"href":"https:\/\/denizcankizil.tr\/uk\/wp-json\/wp\/v2\/media\/43365"}],"wp:attachment":[{"href":"https:\/\/denizcankizil.tr\/uk\/wp-json\/wp\/v2\/media?parent=43364"}],"wp:term":[{"taxonomy":"category","embeddable":true,"href":"https:\/\/denizcankizil.tr\/uk\/wp-json\/wp\/v2\/categories?post=43364"},{"taxonomy":"post_tag","embeddable":true,"href":"https:\/\/denizcankizil.tr\/uk\/wp-json\/wp\/v2\/tags?post=43364"}],"curies":[{"name":"wp","href":"https:\/\/api.w.org\/{rel}","templated":true}]}}