{"id":4319,"date":"2024-10-19T15:41:37","date_gmt":"2024-10-19T12:41:37","guid":{"rendered":"https:\/\/denizcankizil.tr\/uncategorized-tr\/211-projeye-19-milyar-tl-hibe\/"},"modified":"2024-10-19T15:41:37","modified_gmt":"2024-10-19T12:41:37","slug":"211-projeye-19-milyar-tl-hibe","status":"publish","type":"post","link":"https:\/\/denizcankizil.tr\/uk\/haberler\/gundem\/211-projeye-19-milyar-tl-hibe\/","title":{"rendered":"211 projeye 1,9 milyar TL hibe!"},"content":{"rendered":"<p>Tar\u0131m ve Orman Bakan\u0131 \u0130brahim Yumakl\u0131, &#8220;IPARD III Program\u0131 1. Ba\u015fvuru \u00c7a\u011fr\u0131 \u0130lan\u0131&#8221; kapsam\u0131ndaki ilk grup proje de\u011ferlendirmesinin sonu\u00e7land\u0131\u011f\u0131n\u0131 belirterek, uygun bulunan 211 projeye toplam 1,9 milyar lira hibe sa\u011flanaca\u011f\u0131n\u0131 bildirdi.ANKARA (\u0130GFA) &#8211; Tar\u0131m ve Orman Bakan\u0131 \u0130brahim Yumakl\u0131, IPARD III Program\u0131 1. Ba\u015fvuru \u00c7a\u011fr\u0131 \u0130lan\u0131\u00a0kapsam\u0131ndaki ilk grup proje de\u011ferlendirmesinin sonu\u00e7land\u0131\u011f\u0131n\u0131 a\u00e7\u0131klad\u0131.<br \/>\n\u0130lk grup proje de\u011ferlendirmesinin sonu\u00e7land\u0131\u011f\u0131n\u0131 kaydeden Bakan Yumakl\u0131, &#8220;Tar\u0131m ve Bal\u0131k\u00e7\u0131l\u0131k \u00dcr\u00fcnlerinin \u0130\u015flenmesi ve Pazarlanmas\u0131 ile \u0130lgili Fiziki Varl\u0131klara Y\u00f6nelik Yat\u0131r\u0131mlar&#8217;\u0131n de\u011ferlendirme s\u00fcreci tamamlanarak uygun bulunan 211 projeye toplam 1,9 milyar lira hibe deste\u011fi sa\u011flanacak&#8221; dedi.<br \/>\nBakan Yumakl\u0131, farkl\u0131 illerdeki 211 giri\u015fimcinin daha hayallerini ger\u00e7ekle\u015ftirip, yakla\u015f\u0131k 4 milyar lira tutar\u0131nda yat\u0131r\u0131m\u0131n \u00fclkeye kazand\u0131r\u0131laca\u011f\u0131n\u0131 belirterek, &#8220;Bu yat\u0131r\u0131mlarla tar\u0131msal \u00fcretim ve k\u0131rsal kalk\u0131nmadaki g\u00fcc\u00fcm\u00fcze g\u00fc\u00e7 kataca\u011f\u0131z.&#8221; de\u011ferlendirmesinde bulundu.<\/p>\n<p>\u200bTar\u0131m ve Orman Bakan\u0131 \u0130brahim Yumakl\u0131, &#8220;IPARD III Program\u0131 1  Ba\u015fvuru \u00c7a\u011fr\u0131 \u0130lan\u0131&#8221; kapsam\u0131ndaki ilk grup proje de\u011ferlendirmesinin sonu\u00e7land\u0131\u011f\u0131n\u0131 belirterek, uygun bulunan 211 projeye toplam 1,9 milyar lira hibe sa\u011flanaca\u011f\u0131n\u0131 bildirdi\u00a0<\/p>\n<p>\u200bHaberin Al\u0131nt\u0131land\u0131\u011f\u0131 Kaynak: www.iskenderun.org<\/p>","protected":false},"excerpt":{"rendered":"<p>Tar\u0131m ve Orman Bakan\u0131 \u0130brahim Yumakl\u0131, &#8220;IPARD III Program\u0131 1. Ba\u015fvuru \u00c7a\u011fr\u0131 \u0130lan\u0131&#8221; kapsam\u0131ndaki ilk grup proje de\u011ferlendirmesinin sonu\u00e7land\u0131\u011f\u0131n\u0131 belirterek, uygun bulunan 211 projeye toplam 1,9 milyar lira hibe sa\u011flanaca\u011f\u0131n\u0131 bildirdi.ANKARA (\u0130GFA) &#8211; Tar\u0131m ve Orman Bakan\u0131 \u0130brahim Yumakl\u0131, IPARD III Program\u0131 1. Ba\u015fvuru \u00c7a\u011fr\u0131 \u0130lan\u0131\u00a0kapsam\u0131ndaki ilk grup proje de\u011ferlendirmesinin sonu\u00e7land\u0131\u011f\u0131n\u0131 a\u00e7\u0131klad\u0131. \u0130lk grup proje de\u011ferlendirmesinin sonu\u00e7land\u0131\u011f\u0131n\u0131 kaydeden Bakan Yumakl\u0131, &#8220;Tar\u0131m ve Bal\u0131k\u00e7\u0131l\u0131k \u00dcr\u00fcnlerinin \u0130\u015flenmesi ve Pazarlanmas\u0131 ile \u0130lgili Fiziki Varl\u0131klara Y\u00f6nelik Yat\u0131r\u0131mlar&#8217;\u0131n de\u011ferlendirme s\u00fcreci tamamlanarak uygun bulunan 211 projeye toplam 1,9 milyar lira hibe deste\u011fi sa\u011flanacak&#8221; dedi. Bakan Yumakl\u0131, farkl\u0131 illerdeki 211 giri\u015fimcinin daha hayallerini ger\u00e7ekle\u015ftirip, yakla\u015f\u0131k 4 milyar lira tutar\u0131nda yat\u0131r\u0131m\u0131n \u00fclkeye kazand\u0131r\u0131laca\u011f\u0131n\u0131 belirterek, &#8220;Bu yat\u0131r\u0131mlarla tar\u0131msal \u00fcretim ve k\u0131rsal kalk\u0131nmadaki g\u00fcc\u00fcm\u00fcze g\u00fc\u00e7 kataca\u011f\u0131z.&#8221; de\u011ferlendirmesinde bulundu. \u200bTar\u0131m ve Orman Bakan\u0131 \u0130brahim Yumakl\u0131, &#8220;IPARD III Program\u0131 1 Ba\u015fvuru \u00c7a\u011fr\u0131 \u0130lan\u0131&#8221; kapsam\u0131ndaki ilk grup proje de\u011ferlendirmesinin sonu\u00e7land\u0131\u011f\u0131n\u0131 belirterek, uygun bulunan 211 projeye toplam 1,9 milyar lira hibe sa\u011flanaca\u011f\u0131n\u0131 bildirdi\u00a0 \u200bHaberin Al\u0131nt\u0131land\u0131\u011f\u0131 Kaynak: www.iskenderun.org<\/p>","protected":false},"author":0,"featured_media":0,"comment_status":"open","ping_status":"open","sticky":false,"template":"","format":"standard","meta":{"_acf_changed":false,"footnotes":""},"categories":[24,535],"tags":[],"class_list":["post-4319","post","type-post","status-publish","format-standard","has-post-thumbnail","hentry","category-gundem","category-uncategorized-tr"],"acf":[],"yoast_head":"<!-- This site is optimized with the Yoast SEO Premium plugin v26.6 (Yoast SEO v27.1.1) - https:\/\/yoast.com\/product\/yoast-seo-premium-wordpress\/ -->\n<title>211 projeye 1,9 milyar TL hibe! - Av. Deniz Can K\u0131z\u0131l<\/title>\n<meta name=\"robots\" content=\"index, follow, max-snippet:-1, max-image-preview:large, max-video-preview:-1\" \/>\n<link rel=\"canonical\" href=\"https:\/\/denizcankizil.tr\/uk\/haberler\/gundem\/211-projeye-19-milyar-tl-hibe\/\" \/>\n<meta property=\"og:locale\" content=\"uk_UA\" \/>\n<meta property=\"og:type\" content=\"article\" \/>\n<meta property=\"og:title\" content=\"211 projeye 1,9 milyar TL hibe!\" \/>\n<meta property=\"og:description\" content=\"Tar\u0131m ve Orman Bakan\u0131 \u0130brahim Yumakl\u0131, &#8220;IPARD III Program\u0131 1. Ba\u015fvuru \u00c7a\u011fr\u0131 \u0130lan\u0131&#8221; kapsam\u0131ndaki ilk grup proje de\u011ferlendirmesinin sonu\u00e7land\u0131\u011f\u0131n\u0131 belirterek, uygun bulunan 211 projeye toplam 1,9 milyar lira hibe sa\u011flanaca\u011f\u0131n\u0131 bildirdi.ANKARA (\u0130GFA) &#8211; Tar\u0131m ve Orman Bakan\u0131 \u0130brahim Yumakl\u0131, IPARD III Program\u0131 1. Ba\u015fvuru \u00c7a\u011fr\u0131 \u0130lan\u0131\u00a0kapsam\u0131ndaki ilk grup proje de\u011ferlendirmesinin sonu\u00e7land\u0131\u011f\u0131n\u0131 a\u00e7\u0131klad\u0131. \u0130lk grup proje de\u011ferlendirmesinin sonu\u00e7land\u0131\u011f\u0131n\u0131 kaydeden Bakan Yumakl\u0131, &#8220;Tar\u0131m ve Bal\u0131k\u00e7\u0131l\u0131k \u00dcr\u00fcnlerinin \u0130\u015flenmesi ve Pazarlanmas\u0131 ile \u0130lgili Fiziki Varl\u0131klara Y\u00f6nelik Yat\u0131r\u0131mlar&#8217;\u0131n de\u011ferlendirme s\u00fcreci tamamlanarak uygun bulunan 211 projeye toplam 1,9 milyar lira hibe deste\u011fi sa\u011flanacak&#8221; dedi. Bakan Yumakl\u0131, farkl\u0131 illerdeki 211 giri\u015fimcinin daha hayallerini ger\u00e7ekle\u015ftirip, yakla\u015f\u0131k 4 milyar lira tutar\u0131nda yat\u0131r\u0131m\u0131n \u00fclkeye kazand\u0131r\u0131laca\u011f\u0131n\u0131 belirterek, &#8220;Bu yat\u0131r\u0131mlarla tar\u0131msal \u00fcretim ve k\u0131rsal kalk\u0131nmadaki g\u00fcc\u00fcm\u00fcze g\u00fc\u00e7 kataca\u011f\u0131z.&#8221; de\u011ferlendirmesinde bulundu. \u200bTar\u0131m ve Orman Bakan\u0131 \u0130brahim Yumakl\u0131, &#8220;IPARD III Program\u0131 1 Ba\u015fvuru \u00c7a\u011fr\u0131 \u0130lan\u0131&#8221; kapsam\u0131ndaki ilk grup proje de\u011ferlendirmesinin sonu\u00e7land\u0131\u011f\u0131n\u0131 belirterek, uygun bulunan 211 projeye toplam 1,9 milyar lira hibe sa\u011flanaca\u011f\u0131n\u0131 bildirdi\u00a0 \u200bHaberin Al\u0131nt\u0131land\u0131\u011f\u0131 Kaynak: www.iskenderun.org\" \/>\n<meta property=\"og:url\" content=\"https:\/\/denizcankizil.tr\/uk\/haberler\/gundem\/211-projeye-19-milyar-tl-hibe\/\" \/>\n<meta property=\"og:site_name\" content=\"Av. Deniz Can K\u0131z\u0131l\" \/>\n<meta property=\"article:published_time\" content=\"2024-10-19T12:41:37+00:00\" \/>\n<meta name=\"twitter:card\" content=\"summary_large_image\" \/>\n<meta name=\"twitter:label1\" content=\"\u041f\u0440\u0438\u0431\u043b. \u0447\u0430\u0441 \u0447\u0438\u0442\u0430\u043d\u043d\u044f\" \/>\n\t<meta name=\"twitter:data1\" content=\"1 \u0445\u0432\u0438\u043b\u0438\u043d\u0430\" \/>\n<script type=\"application\/ld+json\" class=\"yoast-schema-graph\">{\"@context\":\"https:\/\/schema.org\",\"@graph\":[{\"@type\":\"Article\",\"@id\":\"https:\/\/denizcankizil.tr\/uk\/haberler\/gundem\/211-projeye-19-milyar-tl-hibe\/#article\",\"isPartOf\":{\"@id\":\"https:\/\/denizcankizil.tr\/uk\/haberler\/gundem\/211-projeye-19-milyar-tl-hibe\/\"},\"author\":{\"name\":\"\",\"@id\":\"\"},\"headline\":\"211 projeye 1,9 milyar TL hibe!\",\"datePublished\":\"2024-10-19T12:41:37+00:00\",\"mainEntityOfPage\":{\"@id\":\"https:\/\/denizcankizil.tr\/uk\/haberler\/gundem\/211-projeye-19-milyar-tl-hibe\/\"},\"wordCount\":216,\"commentCount\":0,\"publisher\":{\"@id\":\"https:\/\/denizcankizil.tr\/#organization\"},\"articleSection\":[\"G\u00fcndem\",\"Uncategorized\"],\"inLanguage\":\"uk\",\"potentialAction\":[{\"@type\":\"CommentAction\",\"name\":\"Comment\",\"target\":[\"https:\/\/denizcankizil.tr\/uk\/haberler\/gundem\/211-projeye-19-milyar-tl-hibe\/#respond\"]}]},{\"@type\":\"WebPage\",\"@id\":\"https:\/\/denizcankizil.tr\/uk\/haberler\/gundem\/211-projeye-19-milyar-tl-hibe\/\",\"url\":\"https:\/\/denizcankizil.tr\/uk\/haberler\/gundem\/211-projeye-19-milyar-tl-hibe\/\",\"name\":\"211 projeye 1,9 milyar TL hibe! - Av. Deniz Can K\u0131z\u0131l\",\"isPartOf\":{\"@id\":\"https:\/\/denizcankizil.tr\/#website\"},\"datePublished\":\"2024-10-19T12:41:37+00:00\",\"breadcrumb\":{\"@id\":\"https:\/\/denizcankizil.tr\/uk\/haberler\/gundem\/211-projeye-19-milyar-tl-hibe\/#breadcrumb\"},\"inLanguage\":\"uk\",\"potentialAction\":[{\"@type\":\"ReadAction\",\"target\":[\"https:\/\/denizcankizil.tr\/uk\/haberler\/gundem\/211-projeye-19-milyar-tl-hibe\/\"]}]},{\"@type\":\"BreadcrumbList\",\"@id\":\"https:\/\/denizcankizil.tr\/uk\/haberler\/gundem\/211-projeye-19-milyar-tl-hibe\/#breadcrumb\",\"itemListElement\":[{\"@type\":\"ListItem\",\"position\":1,\"name\":\"Home\",\"item\":\"https:\/\/denizcankizil.tr\/uk\/\"},{\"@type\":\"ListItem\",\"position\":2,\"name\":\"211 projeye 1,9 milyar TL hibe!\"}]},{\"@type\":\"WebSite\",\"@id\":\"https:\/\/denizcankizil.tr\/#website\",\"url\":\"https:\/\/denizcankizil.tr\/\",\"name\":\"Av. Deniz Can K\u0131z\u0131l\",\"description\":\"Avukat Deniz Can K\u0131z\u0131l Antalya Barosu\",\"publisher\":{\"@id\":\"https:\/\/denizcankizil.tr\/#organization\"},\"potentialAction\":[{\"@type\":\"SearchAction\",\"target\":{\"@type\":\"EntryPoint\",\"urlTemplate\":\"https:\/\/denizcankizil.tr\/?s={search_term_string}\"},\"query-input\":{\"@type\":\"PropertyValueSpecification\",\"valueRequired\":true,\"valueName\":\"search_term_string\"}}],\"inLanguage\":\"uk\"},{\"@type\":\"Organization\",\"@id\":\"https:\/\/denizcankizil.tr\/#organization\",\"name\":\"Av. Deniz Can K\u0131z\u0131l\",\"url\":\"https:\/\/denizcankizil.tr\/\",\"logo\":{\"@type\":\"ImageObject\",\"inLanguage\":\"uk\",\"@id\":\"https:\/\/denizcankizil.tr\/#\/schema\/logo\/image\/\",\"url\":\"https:\/\/denizcankizil.tr\/wp-content\/uploads\/2024\/10\/siyah-logo-svg.svg\",\"contentUrl\":\"https:\/\/denizcankizil.tr\/wp-content\/uploads\/2024\/10\/siyah-logo-svg.svg\",\"width\":1080,\"height\":1080,\"caption\":\"Av. Deniz Can K\u0131z\u0131l\"},\"image\":{\"@id\":\"https:\/\/denizcankizil.tr\/#\/schema\/logo\/image\/\"}}]}<\/script>\n<!-- \/ Yoast SEO Premium plugin. -->","yoast_head_json":{"title":"211 projeye 1,9 milyar TL hibe! - Av. Deniz Can K\u0131z\u0131l","robots":{"index":"index","follow":"follow","max-snippet":"max-snippet:-1","max-image-preview":"max-image-preview:large","max-video-preview":"max-video-preview:-1"},"canonical":"https:\/\/denizcankizil.tr\/uk\/haberler\/gundem\/211-projeye-19-milyar-tl-hibe\/","og_locale":"uk_UA","og_type":"article","og_title":"211 projeye 1,9 milyar TL hibe!","og_description":"Tar\u0131m ve Orman Bakan\u0131 \u0130brahim Yumakl\u0131, &#8220;IPARD III Program\u0131 1. Ba\u015fvuru \u00c7a\u011fr\u0131 \u0130lan\u0131&#8221; kapsam\u0131ndaki ilk grup proje de\u011ferlendirmesinin sonu\u00e7land\u0131\u011f\u0131n\u0131 belirterek, uygun bulunan 211 projeye toplam 1,9 milyar lira hibe sa\u011flanaca\u011f\u0131n\u0131 bildirdi.ANKARA (\u0130GFA) &#8211; Tar\u0131m ve Orman Bakan\u0131 \u0130brahim Yumakl\u0131, IPARD III Program\u0131 1. Ba\u015fvuru \u00c7a\u011fr\u0131 \u0130lan\u0131\u00a0kapsam\u0131ndaki ilk grup proje de\u011ferlendirmesinin sonu\u00e7land\u0131\u011f\u0131n\u0131 a\u00e7\u0131klad\u0131. \u0130lk grup proje de\u011ferlendirmesinin sonu\u00e7land\u0131\u011f\u0131n\u0131 kaydeden Bakan Yumakl\u0131, &#8220;Tar\u0131m ve Bal\u0131k\u00e7\u0131l\u0131k \u00dcr\u00fcnlerinin \u0130\u015flenmesi ve Pazarlanmas\u0131 ile \u0130lgili Fiziki Varl\u0131klara Y\u00f6nelik Yat\u0131r\u0131mlar&#8217;\u0131n de\u011ferlendirme s\u00fcreci tamamlanarak uygun bulunan 211 projeye toplam 1,9 milyar lira hibe deste\u011fi sa\u011flanacak&#8221; dedi. Bakan Yumakl\u0131, farkl\u0131 illerdeki 211 giri\u015fimcinin daha hayallerini ger\u00e7ekle\u015ftirip, yakla\u015f\u0131k 4 milyar lira tutar\u0131nda yat\u0131r\u0131m\u0131n \u00fclkeye kazand\u0131r\u0131laca\u011f\u0131n\u0131 belirterek, &#8220;Bu yat\u0131r\u0131mlarla tar\u0131msal \u00fcretim ve k\u0131rsal kalk\u0131nmadaki g\u00fcc\u00fcm\u00fcze g\u00fc\u00e7 kataca\u011f\u0131z.&#8221; de\u011ferlendirmesinde bulundu. \u200bTar\u0131m ve Orman Bakan\u0131 \u0130brahim Yumakl\u0131, &#8220;IPARD III Program\u0131 1 Ba\u015fvuru \u00c7a\u011fr\u0131 \u0130lan\u0131&#8221; kapsam\u0131ndaki ilk grup proje de\u011ferlendirmesinin sonu\u00e7land\u0131\u011f\u0131n\u0131 belirterek, uygun bulunan 211 projeye toplam 1,9 milyar lira hibe sa\u011flanaca\u011f\u0131n\u0131 bildirdi\u00a0 \u200bHaberin Al\u0131nt\u0131land\u0131\u011f\u0131 Kaynak: www.iskenderun.org","og_url":"https:\/\/denizcankizil.tr\/uk\/haberler\/gundem\/211-projeye-19-milyar-tl-hibe\/","og_site_name":"Av. Deniz Can K\u0131z\u0131l","article_published_time":"2024-10-19T12:41:37+00:00","twitter_card":"summary_large_image","twitter_misc":{"\u041f\u0440\u0438\u0431\u043b. \u0447\u0430\u0441 \u0447\u0438\u0442\u0430\u043d\u043d\u044f":"1 \u0445\u0432\u0438\u043b\u0438\u043d\u0430"},"schema":{"@context":"https:\/\/schema.org","@graph":[{"@type":"Article","@id":"https:\/\/denizcankizil.tr\/uk\/haberler\/gundem\/211-projeye-19-milyar-tl-hibe\/#article","isPartOf":{"@id":"https:\/\/denizcankizil.tr\/uk\/haberler\/gundem\/211-projeye-19-milyar-tl-hibe\/"},"author":{"name":"","@id":""},"headline":"211 projeye 1,9 milyar TL hibe!","datePublished":"2024-10-19T12:41:37+00:00","mainEntityOfPage":{"@id":"https:\/\/denizcankizil.tr\/uk\/haberler\/gundem\/211-projeye-19-milyar-tl-hibe\/"},"wordCount":216,"commentCount":0,"publisher":{"@id":"https:\/\/denizcankizil.tr\/#organization"},"articleSection":["G\u00fcndem","Uncategorized"],"inLanguage":"uk","potentialAction":[{"@type":"CommentAction","name":"Comment","target":["https:\/\/denizcankizil.tr\/uk\/haberler\/gundem\/211-projeye-19-milyar-tl-hibe\/#respond"]}]},{"@type":"WebPage","@id":"https:\/\/denizcankizil.tr\/uk\/haberler\/gundem\/211-projeye-19-milyar-tl-hibe\/","url":"https:\/\/denizcankizil.tr\/uk\/haberler\/gundem\/211-projeye-19-milyar-tl-hibe\/","name":"211 projeye 1,9 milyar TL hibe! - Av. Deniz Can K\u0131z\u0131l","isPartOf":{"@id":"https:\/\/denizcankizil.tr\/#website"},"datePublished":"2024-10-19T12:41:37+00:00","breadcrumb":{"@id":"https:\/\/denizcankizil.tr\/uk\/haberler\/gundem\/211-projeye-19-milyar-tl-hibe\/#breadcrumb"},"inLanguage":"uk","potentialAction":[{"@type":"ReadAction","target":["https:\/\/denizcankizil.tr\/uk\/haberler\/gundem\/211-projeye-19-milyar-tl-hibe\/"]}]},{"@type":"BreadcrumbList","@id":"https:\/\/denizcankizil.tr\/uk\/haberler\/gundem\/211-projeye-19-milyar-tl-hibe\/#breadcrumb","itemListElement":[{"@type":"ListItem","position":1,"name":"Home","item":"https:\/\/denizcankizil.tr\/uk\/"},{"@type":"ListItem","position":2,"name":"211 projeye 1,9 milyar TL hibe!"}]},{"@type":"WebSite","@id":"https:\/\/denizcankizil.tr\/#website","url":"https:\/\/denizcankizil.tr\/","name":"Av. Deniz Can K\u0131z\u0131l","description":"Avukat Deniz Can K\u0131z\u0131l Antalya Barosu","publisher":{"@id":"https:\/\/denizcankizil.tr\/#organization"},"potentialAction":[{"@type":"SearchAction","target":{"@type":"EntryPoint","urlTemplate":"https:\/\/denizcankizil.tr\/?s={search_term_string}"},"query-input":{"@type":"PropertyValueSpecification","valueRequired":true,"valueName":"search_term_string"}}],"inLanguage":"uk"},{"@type":"Organization","@id":"https:\/\/denizcankizil.tr\/#organization","name":"Av. Deniz Can K\u0131z\u0131l","url":"https:\/\/denizcankizil.tr\/","logo":{"@type":"ImageObject","inLanguage":"uk","@id":"https:\/\/denizcankizil.tr\/#\/schema\/logo\/image\/","url":"https:\/\/denizcankizil.tr\/wp-content\/uploads\/2024\/10\/siyah-logo-svg.svg","contentUrl":"https:\/\/denizcankizil.tr\/wp-content\/uploads\/2024\/10\/siyah-logo-svg.svg","width":1080,"height":1080,"caption":"Av. Deniz Can K\u0131z\u0131l"},"image":{"@id":"https:\/\/denizcankizil.tr\/#\/schema\/logo\/image\/"}}]}},"_links":{"self":[{"href":"https:\/\/denizcankizil.tr\/uk\/wp-json\/wp\/v2\/posts\/4319","targetHints":{"allow":["GET"]}}],"collection":[{"href":"https:\/\/denizcankizil.tr\/uk\/wp-json\/wp\/v2\/posts"}],"about":[{"href":"https:\/\/denizcankizil.tr\/uk\/wp-json\/wp\/v2\/types\/post"}],"replies":[{"embeddable":true,"href":"https:\/\/denizcankizil.tr\/uk\/wp-json\/wp\/v2\/comments?post=4319"}],"version-history":[{"count":0,"href":"https:\/\/denizcankizil.tr\/uk\/wp-json\/wp\/v2\/posts\/4319\/revisions"}],"wp:attachment":[{"href":"https:\/\/denizcankizil.tr\/uk\/wp-json\/wp\/v2\/media?parent=4319"}],"wp:term":[{"taxonomy":"category","embeddable":true,"href":"https:\/\/denizcankizil.tr\/uk\/wp-json\/wp\/v2\/categories?post=4319"},{"taxonomy":"post_tag","embeddable":true,"href":"https:\/\/denizcankizil.tr\/uk\/wp-json\/wp\/v2\/tags?post=4319"}],"curies":[{"name":"wp","href":"https:\/\/api.w.org\/{rel}","templated":true}]}}