{"id":41439,"date":"2025-03-31T19:41:22","date_gmt":"2025-03-31T16:41:22","guid":{"rendered":"https:\/\/denizcankizil.tr\/uncategorized-tr\/tutuklu-sisli-belediye-baskani-sahanin-kizi-5-yasindaki-derenin-baba-hasreti\/"},"modified":"2025-03-31T19:41:22","modified_gmt":"2025-03-31T16:41:22","slug":"tutuklu-sisli-belediye-baskani-sahanin-kizi-5-yasindaki-derenin-baba-hasreti","status":"publish","type":"post","link":"https:\/\/denizcankizil.tr\/uk\/haberler\/gundem\/tutuklu-sisli-belediye-baskani-sahanin-kizi-5-yasindaki-derenin-baba-hasreti\/","title":{"rendered":"Tutuklu \u015ei\u015fli Belediye Ba\u015fkan\u0131 \u015eahan\u2019\u0131n k\u0131z\u0131 5 ya\u015f\u0131ndaki Deren\u2019in baba hasreti!"},"content":{"rendered":"<p>\u0130stanbul B\u00fcy\u00fck\u015fehir Belediyesi\u2019ne (\u0130BB) d\u00fczenlenen operasyonlarda \u201ckent uzla\u015f\u0131s\u0131\u201d soru\u015fturma kapsam\u0131nda tutuklanan ve g\u00f6revinden al\u0131nan \u015ei\u015fli Belediye Ba\u015fkan\u0131 Resul Emrah \u015eahan\u2019\u0131n 5 ya\u015f\u0131ndaki k\u0131z\u0131n\u0131n kap\u0131ya \u201cPolisler buraya giremezler\u201d foto\u011fraf\u0131n\u0131 sosyal medya hesab\u0131ndan payla\u015fan CHP \u0130stanbul \u0130l Ba\u015fkan\u0131 \u00d6zg\u00fcr \u00c7elik, \u201cEvlad\u0131na olan hasretini tam y\u00fcre\u011fimizde hissediyoruz\u201d dedi.<\/p>\n<p>&#8220;EMRAH BA\u015eKANIMIZLA OMUZ OMUZAYIZ&#8221;\u00a0<\/p>\n<p>&#8220;Kent Uzla\u015f\u0131s\u0131\u201d soru\u015fturmas\u0131 kapsam\u0131nda tutuklanan ve g\u00f6revinden al\u0131nan \u015ei\u015fli Belediye Ba\u015fkan\u0131 Resul Emrah \u015eahan ge\u00e7en hafta tutuklanarak Silivri Cezaevine g\u00f6t\u00fcr\u00fcld\u00fc. \u015eahan\u2019\u0131n 5 ya\u015f\u0131ndaki k\u0131z\u0131 Deren evinin kap\u0131s\u0131na \u201cPolisler buraya giremezler\u201d notu ast\u0131. CHP \u0130stanbul \u0130l Ba\u015fkan\u0131 \u00d6zg\u00fcr \u00c7elik sosyal medya hesab\u0131 X\u2019den yapt\u0131\u011f\u0131 payla\u015f\u0131mda Deren\u2019in kap\u0131ya ast\u0131\u011f\u0131 notu \u015fu s\u00f6zlerle payla\u015ft\u0131:<\/p>\n<p>\u201cHi\u00e7bir evlad\u0131m\u0131z babas\u0131ndan ayr\u0131 b\u00fcy\u00fcmesin diye, 5 ya\u015f\u0131ndaki bir \u00e7ocu\u011fun kalem tutan eli kendi kap\u0131s\u0131na bu yaz\u0131y\u0131 yazmas\u0131n diye, Bir sabah uyand\u0131\u011f\u0131m\u0131zda \u00fclkemize ve evlerimize ate\u015f topu d\u00fc\u015fmesin diye, Yarg\u0131 sopas\u0131yla \u00fclkenin \u00fcretken, \u00e7al\u0131\u015fkan ve halktan yana evlatlar\u0131 zindanlara at\u0131lmas\u0131n diye, M\u00fccadelemizi b\u00fcy\u00fctecek, adil ve mutlu g\u00fcnleri getirece\u011fiz. Emrah Ba\u015fkan\u0131m\u0131zla omuz omuzay\u0131z. Evlad\u0131na olan hasretini tam y\u00fcre\u011fimizde hissediyoruz\u201d<\/p>\n<p>\u200b\u0130stanbul B\u00fcy\u00fck\u015fehir Belediyesi\u2019ne d\u00fczenlenen operasyonlar kapsam\u0131nda tutuklanan \u015ei\u015fli Belediye Ba\u015fkan\u0131 Resul Emrah \u015eahan&#8217;\u0131n 5 ya\u015f\u0131ndaki k\u0131z\u0131, babas\u0131na olan hasretini evlerinin kap\u0131s\u0131na ast\u0131\u011f\u0131 &#8220;Polisler buraya giremez&#8221; yaz\u0131l\u0131 not ile a\u00e7\u0131\u011fa vurdu. CHP \u0130stanbul \u0130l Ba\u015fkan\u0131 \u00d6zg\u00fcr \u00c7elik, &#8220;Emrah Ba\u015fkan\u0131n evlad\u0131na olan hasretini tam y\u00fcre\u011fimizde hissediyoruz&#8221; dedi.\u00a0<\/p>\n<p>\u200bHaberin Al\u0131nt\u0131land\u0131\u011f\u0131 Kaynak: www.antalyakorfez.com<\/p>","protected":false},"excerpt":{"rendered":"<p>\u0130stanbul B\u00fcy\u00fck\u015fehir Belediyesi\u2019ne (\u0130BB) d\u00fczenlenen operasyonlarda \u201ckent uzla\u015f\u0131s\u0131\u201d soru\u015fturma kapsam\u0131nda tutuklanan ve g\u00f6revinden al\u0131nan \u015ei\u015fli Belediye Ba\u015fkan\u0131 Resul Emrah \u015eahan\u2019\u0131n 5 ya\u015f\u0131ndaki k\u0131z\u0131n\u0131n kap\u0131ya \u201cPolisler buraya giremezler\u201d foto\u011fraf\u0131n\u0131 sosyal medya hesab\u0131ndan payla\u015fan CHP \u0130stanbul \u0130l Ba\u015fkan\u0131 \u00d6zg\u00fcr \u00c7elik, \u201cEvlad\u0131na olan hasretini tam y\u00fcre\u011fimizde hissediyoruz\u201d dedi. &#8220;EMRAH BA\u015eKANIMIZLA OMUZ OMUZAYIZ&#8221;\u00a0 &#8220;Kent Uzla\u015f\u0131s\u0131\u201d soru\u015fturmas\u0131 kapsam\u0131nda tutuklanan ve g\u00f6revinden al\u0131nan \u015ei\u015fli Belediye Ba\u015fkan\u0131 Resul Emrah \u015eahan ge\u00e7en hafta tutuklanarak Silivri Cezaevine g\u00f6t\u00fcr\u00fcld\u00fc. \u015eahan\u2019\u0131n 5 ya\u015f\u0131ndaki k\u0131z\u0131 Deren evinin kap\u0131s\u0131na \u201cPolisler buraya giremezler\u201d notu ast\u0131. CHP \u0130stanbul \u0130l Ba\u015fkan\u0131 \u00d6zg\u00fcr \u00c7elik sosyal medya hesab\u0131 X\u2019den yapt\u0131\u011f\u0131 payla\u015f\u0131mda Deren\u2019in kap\u0131ya ast\u0131\u011f\u0131 notu \u015fu s\u00f6zlerle payla\u015ft\u0131: \u201cHi\u00e7bir evlad\u0131m\u0131z babas\u0131ndan ayr\u0131 b\u00fcy\u00fcmesin diye, 5 ya\u015f\u0131ndaki bir \u00e7ocu\u011fun kalem tutan eli kendi kap\u0131s\u0131na bu yaz\u0131y\u0131 yazmas\u0131n diye, Bir sabah uyand\u0131\u011f\u0131m\u0131zda \u00fclkemize ve evlerimize ate\u015f topu d\u00fc\u015fmesin diye, Yarg\u0131 sopas\u0131yla \u00fclkenin \u00fcretken, \u00e7al\u0131\u015fkan ve halktan yana evlatlar\u0131 zindanlara at\u0131lmas\u0131n diye, M\u00fccadelemizi b\u00fcy\u00fctecek, adil ve mutlu g\u00fcnleri getirece\u011fiz. Emrah Ba\u015fkan\u0131m\u0131zla omuz omuzay\u0131z. Evlad\u0131na olan hasretini tam y\u00fcre\u011fimizde hissediyoruz\u201d \u200b\u0130stanbul B\u00fcy\u00fck\u015fehir Belediyesi\u2019ne d\u00fczenlenen operasyonlar kapsam\u0131nda tutuklanan \u015ei\u015fli Belediye Ba\u015fkan\u0131 Resul Emrah \u015eahan&#8217;\u0131n 5 ya\u015f\u0131ndaki k\u0131z\u0131, babas\u0131na olan hasretini evlerinin kap\u0131s\u0131na ast\u0131\u011f\u0131 &#8220;Polisler buraya giremez&#8221; yaz\u0131l\u0131 not ile a\u00e7\u0131\u011fa vurdu. CHP \u0130stanbul \u0130l Ba\u015fkan\u0131 \u00d6zg\u00fcr \u00c7elik, &#8220;Emrah Ba\u015fkan\u0131n evlad\u0131na olan hasretini tam &hellip;<\/p>","protected":false},"author":5,"featured_media":0,"comment_status":"","ping_status":"open","sticky":false,"template":"","format":"standard","meta":{"_acf_changed":false,"footnotes":""},"categories":[24],"tags":[],"class_list":["post-41439","post","type-post","status-publish","format-standard","has-post-thumbnail","hentry","category-gundem"],"acf":[],"yoast_head":"<!-- This site is optimized with the Yoast SEO Premium plugin v26.6 (Yoast SEO v27.1.1) - https:\/\/yoast.com\/product\/yoast-seo-premium-wordpress\/ -->\n<title>Tutuklu \u015ei\u015fli Belediye Ba\u015fkan\u0131 \u015eahan\u2019\u0131n k\u0131z\u0131 5 ya\u015f\u0131ndaki Deren\u2019in baba hasreti! - Av. Deniz Can K\u0131z\u0131l<\/title>\n<meta name=\"robots\" content=\"index, follow, max-snippet:-1, max-image-preview:large, max-video-preview:-1\" \/>\n<link rel=\"canonical\" href=\"http:\/\/denizcankizil.tr\/uk\/haberler\/gundem\/tutuklu-sisli-belediye-baskani-sahanin-kizi-5-yasindaki-derenin-baba-hasreti\/\" \/>\n<meta property=\"og:locale\" content=\"uk_UA\" \/>\n<meta property=\"og:type\" content=\"article\" \/>\n<meta property=\"og:title\" content=\"Tutuklu \u015ei\u015fli Belediye Ba\u015fkan\u0131 \u015eahan\u2019\u0131n k\u0131z\u0131 5 ya\u015f\u0131ndaki Deren\u2019in baba hasreti!\" \/>\n<meta property=\"og:description\" content=\"\u0130stanbul B\u00fcy\u00fck\u015fehir Belediyesi\u2019ne (\u0130BB) d\u00fczenlenen operasyonlarda \u201ckent uzla\u015f\u0131s\u0131\u201d soru\u015fturma kapsam\u0131nda tutuklanan ve g\u00f6revinden al\u0131nan \u015ei\u015fli Belediye Ba\u015fkan\u0131 Resul Emrah \u015eahan\u2019\u0131n 5 ya\u015f\u0131ndaki k\u0131z\u0131n\u0131n kap\u0131ya \u201cPolisler buraya giremezler\u201d foto\u011fraf\u0131n\u0131 sosyal medya hesab\u0131ndan payla\u015fan CHP \u0130stanbul \u0130l Ba\u015fkan\u0131 \u00d6zg\u00fcr \u00c7elik, \u201cEvlad\u0131na olan hasretini tam y\u00fcre\u011fimizde hissediyoruz\u201d dedi. &#8220;EMRAH BA\u015eKANIMIZLA OMUZ OMUZAYIZ&#8221;\u00a0 &#8220;Kent Uzla\u015f\u0131s\u0131\u201d soru\u015fturmas\u0131 kapsam\u0131nda tutuklanan ve g\u00f6revinden al\u0131nan \u015ei\u015fli Belediye Ba\u015fkan\u0131 Resul Emrah \u015eahan ge\u00e7en hafta tutuklanarak Silivri Cezaevine g\u00f6t\u00fcr\u00fcld\u00fc. \u015eahan\u2019\u0131n 5 ya\u015f\u0131ndaki k\u0131z\u0131 Deren evinin kap\u0131s\u0131na \u201cPolisler buraya giremezler\u201d notu ast\u0131. CHP \u0130stanbul \u0130l Ba\u015fkan\u0131 \u00d6zg\u00fcr \u00c7elik sosyal medya hesab\u0131 X\u2019den yapt\u0131\u011f\u0131 payla\u015f\u0131mda Deren\u2019in kap\u0131ya ast\u0131\u011f\u0131 notu \u015fu s\u00f6zlerle payla\u015ft\u0131: \u201cHi\u00e7bir evlad\u0131m\u0131z babas\u0131ndan ayr\u0131 b\u00fcy\u00fcmesin diye, 5 ya\u015f\u0131ndaki bir \u00e7ocu\u011fun kalem tutan eli kendi kap\u0131s\u0131na bu yaz\u0131y\u0131 yazmas\u0131n diye, Bir sabah uyand\u0131\u011f\u0131m\u0131zda \u00fclkemize ve evlerimize ate\u015f topu d\u00fc\u015fmesin diye, Yarg\u0131 sopas\u0131yla \u00fclkenin \u00fcretken, \u00e7al\u0131\u015fkan ve halktan yana evlatlar\u0131 zindanlara at\u0131lmas\u0131n diye, M\u00fccadelemizi b\u00fcy\u00fctecek, adil ve mutlu g\u00fcnleri getirece\u011fiz. Emrah Ba\u015fkan\u0131m\u0131zla omuz omuzay\u0131z. Evlad\u0131na olan hasretini tam y\u00fcre\u011fimizde hissediyoruz\u201d \u200b\u0130stanbul B\u00fcy\u00fck\u015fehir Belediyesi\u2019ne d\u00fczenlenen operasyonlar kapsam\u0131nda tutuklanan \u015ei\u015fli Belediye Ba\u015fkan\u0131 Resul Emrah \u015eahan&#8217;\u0131n 5 ya\u015f\u0131ndaki k\u0131z\u0131, babas\u0131na olan hasretini evlerinin kap\u0131s\u0131na ast\u0131\u011f\u0131 &#8220;Polisler buraya giremez&#8221; yaz\u0131l\u0131 not ile a\u00e7\u0131\u011fa vurdu. CHP \u0130stanbul \u0130l Ba\u015fkan\u0131 \u00d6zg\u00fcr \u00c7elik, &#8220;Emrah Ba\u015fkan\u0131n evlad\u0131na olan hasretini tam &hellip;\" \/>\n<meta property=\"og:url\" content=\"http:\/\/denizcankizil.tr\/uk\/haberler\/gundem\/tutuklu-sisli-belediye-baskani-sahanin-kizi-5-yasindaki-derenin-baba-hasreti\/\" \/>\n<meta property=\"og:site_name\" content=\"Av. Deniz Can K\u0131z\u0131l\" \/>\n<meta property=\"article:published_time\" content=\"2025-03-31T16:41:22+00:00\" \/>\n<meta name=\"author\" content=\"Antalya K\u00f6rfez\" \/>\n<meta name=\"twitter:card\" content=\"summary_large_image\" \/>\n<meta name=\"twitter:label1\" content=\"\u041d\u0430\u043f\u0438\u0441\u0430\u043d\u043e\" \/>\n\t<meta name=\"twitter:data1\" content=\"Antalya K\u00f6rfez\" \/>\n\t<meta name=\"twitter:label2\" content=\"\u041f\u0440\u0438\u0431\u043b. \u0447\u0430\u0441 \u0447\u0438\u0442\u0430\u043d\u043d\u044f\" \/>\n\t<meta name=\"twitter:data2\" content=\"2 \u0445\u0432\u0438\u043b\u0438\u043d\u0438\" \/>\n<script type=\"application\/ld+json\" class=\"yoast-schema-graph\">{\"@context\":\"https:\/\/schema.org\",\"@graph\":[{\"@type\":\"Article\",\"@id\":\"http:\/\/denizcankizil.tr\/ru\/haberler\/gundem\/tutuklu-sisli-belediye-baskani-sahanin-kizi-5-yasindaki-derenin-baba-hasreti\/#article\",\"isPartOf\":{\"@id\":\"http:\/\/denizcankizil.tr\/ru\/haberler\/gundem\/tutuklu-sisli-belediye-baskani-sahanin-kizi-5-yasindaki-derenin-baba-hasreti\/\"},\"author\":{\"name\":\"Antalya K\u00f6rfez\",\"@id\":\"https:\/\/denizcankizil.tr\/de\/#\/schema\/person\/e1eb71bb4dd684d46563f0af307e1234\"},\"headline\":\"Tutuklu \u015ei\u015fli Belediye Ba\u015fkan\u0131 \u015eahan\u2019\u0131n k\u0131z\u0131 5 ya\u015f\u0131ndaki Deren\u2019in baba hasreti!\",\"datePublished\":\"2025-03-31T16:41:22+00:00\",\"mainEntityOfPage\":{\"@id\":\"http:\/\/denizcankizil.tr\/ru\/haberler\/gundem\/tutuklu-sisli-belediye-baskani-sahanin-kizi-5-yasindaki-derenin-baba-hasreti\/\"},\"wordCount\":329,\"publisher\":{\"@id\":\"https:\/\/denizcankizil.tr\/de\/#organization\"},\"articleSection\":[\"G\u00fcndem\"],\"inLanguage\":\"uk\"},{\"@type\":\"WebPage\",\"@id\":\"http:\/\/denizcankizil.tr\/ru\/haberler\/gundem\/tutuklu-sisli-belediye-baskani-sahanin-kizi-5-yasindaki-derenin-baba-hasreti\/\",\"url\":\"http:\/\/denizcankizil.tr\/ru\/haberler\/gundem\/tutuklu-sisli-belediye-baskani-sahanin-kizi-5-yasindaki-derenin-baba-hasreti\/\",\"name\":\"Tutuklu \u015ei\u015fli Belediye Ba\u015fkan\u0131 \u015eahan\u2019\u0131n k\u0131z\u0131 5 ya\u015f\u0131ndaki Deren\u2019in baba hasreti! - Av. Deniz Can K\u0131z\u0131l\",\"isPartOf\":{\"@id\":\"https:\/\/denizcankizil.tr\/de\/#website\"},\"datePublished\":\"2025-03-31T16:41:22+00:00\",\"breadcrumb\":{\"@id\":\"http:\/\/denizcankizil.tr\/ru\/haberler\/gundem\/tutuklu-sisli-belediye-baskani-sahanin-kizi-5-yasindaki-derenin-baba-hasreti\/#breadcrumb\"},\"inLanguage\":\"uk\",\"potentialAction\":[{\"@type\":\"ReadAction\",\"target\":[\"http:\/\/denizcankizil.tr\/ru\/haberler\/gundem\/tutuklu-sisli-belediye-baskani-sahanin-kizi-5-yasindaki-derenin-baba-hasreti\/\"]}]},{\"@type\":\"BreadcrumbList\",\"@id\":\"http:\/\/denizcankizil.tr\/ru\/haberler\/gundem\/tutuklu-sisli-belediye-baskani-sahanin-kizi-5-yasindaki-derenin-baba-hasreti\/#breadcrumb\",\"itemListElement\":[{\"@type\":\"ListItem\",\"position\":1,\"name\":\"Home\",\"item\":\"https:\/\/denizcankizil.tr\/de\/\"},{\"@type\":\"ListItem\",\"position\":2,\"name\":\"Tutuklu \u015ei\u015fli Belediye Ba\u015fkan\u0131 \u015eahan\u2019\u0131n k\u0131z\u0131 5 ya\u015f\u0131ndaki Deren\u2019in baba hasreti!\"}]},{\"@type\":\"WebSite\",\"@id\":\"https:\/\/denizcankizil.tr\/de\/#website\",\"url\":\"https:\/\/denizcankizil.tr\/de\/\",\"name\":\"Av. Deniz Can K\u0131z\u0131l\",\"description\":\"Avukat Deniz Can K\u0131z\u0131l Antalya Barosu\",\"publisher\":{\"@id\":\"https:\/\/denizcankizil.tr\/de\/#organization\"},\"potentialAction\":[{\"@type\":\"SearchAction\",\"target\":{\"@type\":\"EntryPoint\",\"urlTemplate\":\"https:\/\/denizcankizil.tr\/de\/?s={search_term_string}\"},\"query-input\":{\"@type\":\"PropertyValueSpecification\",\"valueRequired\":true,\"valueName\":\"search_term_string\"}}],\"inLanguage\":\"uk\"},{\"@type\":\"Organization\",\"@id\":\"https:\/\/denizcankizil.tr\/de\/#organization\",\"name\":\"Av. Deniz Can K\u0131z\u0131l\",\"url\":\"https:\/\/denizcankizil.tr\/de\/\",\"logo\":{\"@type\":\"ImageObject\",\"inLanguage\":\"uk\",\"@id\":\"https:\/\/denizcankizil.tr\/de\/#\/schema\/logo\/image\/\",\"url\":\"https:\/\/denizcankizil.tr\/wp-content\/uploads\/2024\/10\/siyah-logo-svg.svg\",\"contentUrl\":\"https:\/\/denizcankizil.tr\/wp-content\/uploads\/2024\/10\/siyah-logo-svg.svg\",\"width\":1080,\"height\":1080,\"caption\":\"Av. Deniz Can K\u0131z\u0131l\"},\"image\":{\"@id\":\"https:\/\/denizcankizil.tr\/de\/#\/schema\/logo\/image\/\"}},{\"@type\":\"Person\",\"@id\":\"https:\/\/denizcankizil.tr\/de\/#\/schema\/person\/e1eb71bb4dd684d46563f0af307e1234\",\"name\":\"Antalya K\u00f6rfez\",\"image\":{\"@type\":\"ImageObject\",\"inLanguage\":\"uk\",\"@id\":\"https:\/\/denizcankizil.tr\/de\/#\/schema\/person\/image\/\",\"url\":\"https:\/\/secure.gravatar.com\/avatar\/42b01982558a48a0b501fdcab6a408d3717ea5919095ee2e67b0e521799c5905?s=96&d=mm&r=g\",\"contentUrl\":\"https:\/\/secure.gravatar.com\/avatar\/42b01982558a48a0b501fdcab6a408d3717ea5919095ee2e67b0e521799c5905?s=96&d=mm&r=g\",\"caption\":\"Antalya K\u00f6rfez\"},\"sameAs\":[\"http:\/\/www.antalyakorfez.com\"],\"url\":\"https:\/\/www.antalyakorfez.com\/tutuklu-sisli-belediye-baskani-sahanin-kizi-5-yasindaki-derenin-baba-hasreti\"}]}<\/script>\n<!-- \/ Yoast SEO Premium plugin. -->","yoast_head_json":{"title":"Tutuklu \u015ei\u015fli Belediye Ba\u015fkan\u0131 \u015eahan\u2019\u0131n k\u0131z\u0131 5 ya\u015f\u0131ndaki Deren\u2019in baba hasreti! - Av. Deniz Can K\u0131z\u0131l","robots":{"index":"index","follow":"follow","max-snippet":"max-snippet:-1","max-image-preview":"max-image-preview:large","max-video-preview":"max-video-preview:-1"},"canonical":"http:\/\/denizcankizil.tr\/uk\/haberler\/gundem\/tutuklu-sisli-belediye-baskani-sahanin-kizi-5-yasindaki-derenin-baba-hasreti\/","og_locale":"uk_UA","og_type":"article","og_title":"Tutuklu \u015ei\u015fli Belediye Ba\u015fkan\u0131 \u015eahan\u2019\u0131n k\u0131z\u0131 5 ya\u015f\u0131ndaki Deren\u2019in baba hasreti!","og_description":"\u0130stanbul B\u00fcy\u00fck\u015fehir Belediyesi\u2019ne (\u0130BB) d\u00fczenlenen operasyonlarda \u201ckent uzla\u015f\u0131s\u0131\u201d soru\u015fturma kapsam\u0131nda tutuklanan ve g\u00f6revinden al\u0131nan \u015ei\u015fli Belediye Ba\u015fkan\u0131 Resul Emrah \u015eahan\u2019\u0131n 5 ya\u015f\u0131ndaki k\u0131z\u0131n\u0131n kap\u0131ya \u201cPolisler buraya giremezler\u201d foto\u011fraf\u0131n\u0131 sosyal medya hesab\u0131ndan payla\u015fan CHP \u0130stanbul \u0130l Ba\u015fkan\u0131 \u00d6zg\u00fcr \u00c7elik, \u201cEvlad\u0131na olan hasretini tam y\u00fcre\u011fimizde hissediyoruz\u201d dedi. &#8220;EMRAH BA\u015eKANIMIZLA OMUZ OMUZAYIZ&#8221;\u00a0 &#8220;Kent Uzla\u015f\u0131s\u0131\u201d soru\u015fturmas\u0131 kapsam\u0131nda tutuklanan ve g\u00f6revinden al\u0131nan \u015ei\u015fli Belediye Ba\u015fkan\u0131 Resul Emrah \u015eahan ge\u00e7en hafta tutuklanarak Silivri Cezaevine g\u00f6t\u00fcr\u00fcld\u00fc. \u015eahan\u2019\u0131n 5 ya\u015f\u0131ndaki k\u0131z\u0131 Deren evinin kap\u0131s\u0131na \u201cPolisler buraya giremezler\u201d notu ast\u0131. CHP \u0130stanbul \u0130l Ba\u015fkan\u0131 \u00d6zg\u00fcr \u00c7elik sosyal medya hesab\u0131 X\u2019den yapt\u0131\u011f\u0131 payla\u015f\u0131mda Deren\u2019in kap\u0131ya ast\u0131\u011f\u0131 notu \u015fu s\u00f6zlerle payla\u015ft\u0131: \u201cHi\u00e7bir evlad\u0131m\u0131z babas\u0131ndan ayr\u0131 b\u00fcy\u00fcmesin diye, 5 ya\u015f\u0131ndaki bir \u00e7ocu\u011fun kalem tutan eli kendi kap\u0131s\u0131na bu yaz\u0131y\u0131 yazmas\u0131n diye, Bir sabah uyand\u0131\u011f\u0131m\u0131zda \u00fclkemize ve evlerimize ate\u015f topu d\u00fc\u015fmesin diye, Yarg\u0131 sopas\u0131yla \u00fclkenin \u00fcretken, \u00e7al\u0131\u015fkan ve halktan yana evlatlar\u0131 zindanlara at\u0131lmas\u0131n diye, M\u00fccadelemizi b\u00fcy\u00fctecek, adil ve mutlu g\u00fcnleri getirece\u011fiz. Emrah Ba\u015fkan\u0131m\u0131zla omuz omuzay\u0131z. Evlad\u0131na olan hasretini tam y\u00fcre\u011fimizde hissediyoruz\u201d \u200b\u0130stanbul B\u00fcy\u00fck\u015fehir Belediyesi\u2019ne d\u00fczenlenen operasyonlar kapsam\u0131nda tutuklanan \u015ei\u015fli Belediye Ba\u015fkan\u0131 Resul Emrah \u015eahan&#8217;\u0131n 5 ya\u015f\u0131ndaki k\u0131z\u0131, babas\u0131na olan hasretini evlerinin kap\u0131s\u0131na ast\u0131\u011f\u0131 &#8220;Polisler buraya giremez&#8221; yaz\u0131l\u0131 not ile a\u00e7\u0131\u011fa vurdu. CHP \u0130stanbul \u0130l Ba\u015fkan\u0131 \u00d6zg\u00fcr \u00c7elik, &#8220;Emrah Ba\u015fkan\u0131n evlad\u0131na olan hasretini tam &hellip;","og_url":"http:\/\/denizcankizil.tr\/uk\/haberler\/gundem\/tutuklu-sisli-belediye-baskani-sahanin-kizi-5-yasindaki-derenin-baba-hasreti\/","og_site_name":"Av. Deniz Can K\u0131z\u0131l","article_published_time":"2025-03-31T16:41:22+00:00","author":"Antalya K\u00f6rfez","twitter_card":"summary_large_image","twitter_misc":{"\u041d\u0430\u043f\u0438\u0441\u0430\u043d\u043e":"Antalya K\u00f6rfez","\u041f\u0440\u0438\u0431\u043b. \u0447\u0430\u0441 \u0447\u0438\u0442\u0430\u043d\u043d\u044f":"2 \u0445\u0432\u0438\u043b\u0438\u043d\u0438"},"schema":{"@context":"https:\/\/schema.org","@graph":[{"@type":"Article","@id":"http:\/\/denizcankizil.tr\/ru\/haberler\/gundem\/tutuklu-sisli-belediye-baskani-sahanin-kizi-5-yasindaki-derenin-baba-hasreti\/#article","isPartOf":{"@id":"http:\/\/denizcankizil.tr\/ru\/haberler\/gundem\/tutuklu-sisli-belediye-baskani-sahanin-kizi-5-yasindaki-derenin-baba-hasreti\/"},"author":{"name":"Antalya K\u00f6rfez","@id":"https:\/\/denizcankizil.tr\/de\/#\/schema\/person\/e1eb71bb4dd684d46563f0af307e1234"},"headline":"Tutuklu \u015ei\u015fli Belediye Ba\u015fkan\u0131 \u015eahan\u2019\u0131n k\u0131z\u0131 5 ya\u015f\u0131ndaki Deren\u2019in baba hasreti!","datePublished":"2025-03-31T16:41:22+00:00","mainEntityOfPage":{"@id":"http:\/\/denizcankizil.tr\/ru\/haberler\/gundem\/tutuklu-sisli-belediye-baskani-sahanin-kizi-5-yasindaki-derenin-baba-hasreti\/"},"wordCount":329,"publisher":{"@id":"https:\/\/denizcankizil.tr\/de\/#organization"},"articleSection":["G\u00fcndem"],"inLanguage":"uk"},{"@type":"WebPage","@id":"http:\/\/denizcankizil.tr\/ru\/haberler\/gundem\/tutuklu-sisli-belediye-baskani-sahanin-kizi-5-yasindaki-derenin-baba-hasreti\/","url":"http:\/\/denizcankizil.tr\/ru\/haberler\/gundem\/tutuklu-sisli-belediye-baskani-sahanin-kizi-5-yasindaki-derenin-baba-hasreti\/","name":"Tutuklu \u015ei\u015fli Belediye Ba\u015fkan\u0131 \u015eahan\u2019\u0131n k\u0131z\u0131 5 ya\u015f\u0131ndaki Deren\u2019in baba hasreti! - Av. Deniz Can K\u0131z\u0131l","isPartOf":{"@id":"https:\/\/denizcankizil.tr\/de\/#website"},"datePublished":"2025-03-31T16:41:22+00:00","breadcrumb":{"@id":"http:\/\/denizcankizil.tr\/ru\/haberler\/gundem\/tutuklu-sisli-belediye-baskani-sahanin-kizi-5-yasindaki-derenin-baba-hasreti\/#breadcrumb"},"inLanguage":"uk","potentialAction":[{"@type":"ReadAction","target":["http:\/\/denizcankizil.tr\/ru\/haberler\/gundem\/tutuklu-sisli-belediye-baskani-sahanin-kizi-5-yasindaki-derenin-baba-hasreti\/"]}]},{"@type":"BreadcrumbList","@id":"http:\/\/denizcankizil.tr\/ru\/haberler\/gundem\/tutuklu-sisli-belediye-baskani-sahanin-kizi-5-yasindaki-derenin-baba-hasreti\/#breadcrumb","itemListElement":[{"@type":"ListItem","position":1,"name":"Home","item":"https:\/\/denizcankizil.tr\/de\/"},{"@type":"ListItem","position":2,"name":"Tutuklu \u015ei\u015fli Belediye Ba\u015fkan\u0131 \u015eahan\u2019\u0131n k\u0131z\u0131 5 ya\u015f\u0131ndaki Deren\u2019in baba hasreti!"}]},{"@type":"WebSite","@id":"https:\/\/denizcankizil.tr\/de\/#website","url":"https:\/\/denizcankizil.tr\/de\/","name":"Av. Deniz Can K\u0131z\u0131l","description":"Avukat Deniz Can K\u0131z\u0131l Antalya Barosu","publisher":{"@id":"https:\/\/denizcankizil.tr\/de\/#organization"},"potentialAction":[{"@type":"SearchAction","target":{"@type":"EntryPoint","urlTemplate":"https:\/\/denizcankizil.tr\/de\/?s={search_term_string}"},"query-input":{"@type":"PropertyValueSpecification","valueRequired":true,"valueName":"search_term_string"}}],"inLanguage":"uk"},{"@type":"Organization","@id":"https:\/\/denizcankizil.tr\/de\/#organization","name":"Av. Deniz Can K\u0131z\u0131l","url":"https:\/\/denizcankizil.tr\/de\/","logo":{"@type":"ImageObject","inLanguage":"uk","@id":"https:\/\/denizcankizil.tr\/de\/#\/schema\/logo\/image\/","url":"https:\/\/denizcankizil.tr\/wp-content\/uploads\/2024\/10\/siyah-logo-svg.svg","contentUrl":"https:\/\/denizcankizil.tr\/wp-content\/uploads\/2024\/10\/siyah-logo-svg.svg","width":1080,"height":1080,"caption":"Av. Deniz Can K\u0131z\u0131l"},"image":{"@id":"https:\/\/denizcankizil.tr\/de\/#\/schema\/logo\/image\/"}},{"@type":"Person","@id":"https:\/\/denizcankizil.tr\/de\/#\/schema\/person\/e1eb71bb4dd684d46563f0af307e1234","name":"Antalya K\u00f6rfez","image":{"@type":"ImageObject","inLanguage":"uk","@id":"https:\/\/denizcankizil.tr\/de\/#\/schema\/person\/image\/","url":"https:\/\/secure.gravatar.com\/avatar\/42b01982558a48a0b501fdcab6a408d3717ea5919095ee2e67b0e521799c5905?s=96&d=mm&r=g","contentUrl":"https:\/\/secure.gravatar.com\/avatar\/42b01982558a48a0b501fdcab6a408d3717ea5919095ee2e67b0e521799c5905?s=96&d=mm&r=g","caption":"Antalya K\u00f6rfez"},"sameAs":["http:\/\/www.antalyakorfez.com"],"url":"https:\/\/www.antalyakorfez.com\/tutuklu-sisli-belediye-baskani-sahanin-kizi-5-yasindaki-derenin-baba-hasreti"}]}},"_links":{"self":[{"href":"https:\/\/denizcankizil.tr\/uk\/wp-json\/wp\/v2\/posts\/41439","targetHints":{"allow":["GET"]}}],"collection":[{"href":"https:\/\/denizcankizil.tr\/uk\/wp-json\/wp\/v2\/posts"}],"about":[{"href":"https:\/\/denizcankizil.tr\/uk\/wp-json\/wp\/v2\/types\/post"}],"author":[{"embeddable":true,"href":"https:\/\/denizcankizil.tr\/uk\/wp-json\/wp\/v2\/users\/5"}],"replies":[{"embeddable":true,"href":"https:\/\/denizcankizil.tr\/uk\/wp-json\/wp\/v2\/comments?post=41439"}],"version-history":[{"count":0,"href":"https:\/\/denizcankizil.tr\/uk\/wp-json\/wp\/v2\/posts\/41439\/revisions"}],"wp:attachment":[{"href":"https:\/\/denizcankizil.tr\/uk\/wp-json\/wp\/v2\/media?parent=41439"}],"wp:term":[{"taxonomy":"category","embeddable":true,"href":"https:\/\/denizcankizil.tr\/uk\/wp-json\/wp\/v2\/categories?post=41439"},{"taxonomy":"post_tag","embeddable":true,"href":"https:\/\/denizcankizil.tr\/uk\/wp-json\/wp\/v2\/tags?post=41439"}],"curies":[{"name":"wp","href":"https:\/\/api.w.org\/{rel}","templated":true}]}}