{"id":40723,"date":"2025-03-31T01:41:18","date_gmt":"2025-03-30T22:41:18","guid":{"rendered":"https:\/\/denizcankizil.tr\/uncategorized-tr\/son-dakika-volkan-konak-hayatini-kaybetti\/"},"modified":"2025-03-31T01:41:18","modified_gmt":"2025-03-30T22:41:18","slug":"son-dakika-volkan-konak-hayatini-kaybetti","status":"publish","type":"post","link":"https:\/\/denizcankizil.tr\/uk\/haberler\/gundem\/son-dakika-volkan-konak-hayatini-kaybetti\/","title":{"rendered":"Son dakika! Volkan Konak hayat\u0131n\u0131 kaybetti"},"content":{"rendered":"<p>Kuzey K\u0131br\u0131s T\u00fcrk Cumhuriyeti&#8217;nde (KKTC) verdi\u011fi konser s\u0131ras\u0131nda fenala\u015fan \u015fark\u0131c\u0131 Volkan Konak, ilk m\u00fcdahalesinin ard\u0131ndan hastaneye kald\u0131r\u0131ld\u0131. \u00dcnl\u00fc sanat\u00e7\u0131 t\u00fcm m\u00fcdahalelere ra\u011fmen kurtar\u0131lamad\u0131.<\/p>\n<p>KONSER\u0130 \u0130ZLEYENLER \u0130LK M\u00dcDAHALEY\u0130 YAPTI<\/p>\n<p>\u0130skele kentindeki bir otelde sahne alan Volkan Konak konser s\u0131ras\u0131nda fenala\u015ft\u0131. \u0130lk m\u00fcdahalesi konseri izleyenler taraf\u0131ndan yap\u0131lan Konak, daha sonra \u00e7a\u011fr\u0131lan ambulans ile Gazima\u011fusa Devlet Hastanesi&#8217;ne kald\u0131r\u0131ld\u0131. Ramazan Bayram\u0131 nedeniyle \u00f6zel olarak sahne almak \u00fczere KKTC&#8217;ye geldi\u011fi \u00f6\u011frenilen Konak hastanede t\u00fcm m\u00fcdahalelere ra\u011fmen kurtar\u0131lamad\u0131.<\/p>\n<p>VOLKAN KONAK HAYATINI KAYBETT\u0130<\/p>\n<p>KKTC Sa\u011fl\u0131k Bakanl\u0131\u011f\u0131 a\u00e7\u0131klama yapt\u0131: &#8220;Bu gece aniden rahats\u0131zlanmas\u0131 nedeniyle 00.17\u2019de Ma\u011fusa Devlet Hastanesi\u2019ne m\u00fcracaat ettirilen sanat\u00e7\u0131 Volkan Konak, 00.42\u2019de t\u00fcm m\u00fcdahalelere ra\u011fmen maalesef hayat\u0131n\u0131 kaybetmi\u015ftir&#8230;&#8221;<\/p>\n<p>\u200b\u00dcnl\u00fc sanat\u00e7\u0131 Volkan Konak, KKTC\u2019de verdi\u011fi konser s\u0131ras\u0131nda fenala\u015ft\u0131. Hastaneye kald\u0131r\u0131lan 58 ya\u015f\u0131ndaki Konak t\u00fcm m\u00fcdahalelere ra\u011fmen kurtar\u0131lamad\u0131.\u00a0<\/p>\n<p>\u200bHaberin Al\u0131nt\u0131land\u0131\u011f\u0131 Kaynak: www.antalyakorfez.com<\/p>","protected":false},"excerpt":{"rendered":"<p>Kuzey K\u0131br\u0131s T\u00fcrk Cumhuriyeti&#8217;nde (KKTC) verdi\u011fi konser s\u0131ras\u0131nda fenala\u015fan \u015fark\u0131c\u0131 Volkan Konak, ilk m\u00fcdahalesinin ard\u0131ndan hastaneye kald\u0131r\u0131ld\u0131. \u00dcnl\u00fc sanat\u00e7\u0131 t\u00fcm m\u00fcdahalelere ra\u011fmen kurtar\u0131lamad\u0131. KONSER\u0130 \u0130ZLEYENLER \u0130LK M\u00dcDAHALEY\u0130 YAPTI \u0130skele kentindeki bir otelde sahne alan Volkan Konak konser s\u0131ras\u0131nda fenala\u015ft\u0131. \u0130lk m\u00fcdahalesi konseri izleyenler taraf\u0131ndan yap\u0131lan Konak, daha sonra \u00e7a\u011fr\u0131lan ambulans ile Gazima\u011fusa Devlet Hastanesi&#8217;ne kald\u0131r\u0131ld\u0131. Ramazan Bayram\u0131 nedeniyle \u00f6zel olarak sahne almak \u00fczere KKTC&#8217;ye geldi\u011fi \u00f6\u011frenilen Konak hastanede t\u00fcm m\u00fcdahalelere ra\u011fmen kurtar\u0131lamad\u0131. VOLKAN KONAK HAYATINI KAYBETT\u0130 KKTC Sa\u011fl\u0131k Bakanl\u0131\u011f\u0131 a\u00e7\u0131klama yapt\u0131: &#8220;Bu gece aniden rahats\u0131zlanmas\u0131 nedeniyle 00.17\u2019de Ma\u011fusa Devlet Hastanesi\u2019ne m\u00fcracaat ettirilen sanat\u00e7\u0131 Volkan Konak, 00.42\u2019de t\u00fcm m\u00fcdahalelere ra\u011fmen maalesef hayat\u0131n\u0131 kaybetmi\u015ftir&#8230;&#8221; \u200b\u00dcnl\u00fc sanat\u00e7\u0131 Volkan Konak, KKTC\u2019de verdi\u011fi konser s\u0131ras\u0131nda fenala\u015ft\u0131. Hastaneye kald\u0131r\u0131lan 58 ya\u015f\u0131ndaki Konak t\u00fcm m\u00fcdahalelere ra\u011fmen kurtar\u0131lamad\u0131.\u00a0 \u200bHaberin Al\u0131nt\u0131land\u0131\u011f\u0131 Kaynak: www.antalyakorfez.com<\/p>","protected":false},"author":5,"featured_media":0,"comment_status":"","ping_status":"open","sticky":false,"template":"","format":"standard","meta":{"_acf_changed":false,"footnotes":""},"categories":[24],"tags":[],"class_list":["post-40723","post","type-post","status-publish","format-standard","has-post-thumbnail","hentry","category-gundem"],"acf":[],"yoast_head":"<!-- This site is optimized with the Yoast SEO Premium plugin v26.6 (Yoast SEO v27.1.1) - https:\/\/yoast.com\/product\/yoast-seo-premium-wordpress\/ -->\n<title>Son dakika! Volkan Konak hayat\u0131n\u0131 kaybetti - Av. Deniz Can K\u0131z\u0131l<\/title>\n<meta name=\"robots\" content=\"index, follow, max-snippet:-1, max-image-preview:large, max-video-preview:-1\" \/>\n<link rel=\"canonical\" href=\"https:\/\/denizcankizil.tr\/uk\/haberler\/gundem\/son-dakika-volkan-konak-hayatini-kaybetti\/\" \/>\n<meta property=\"og:locale\" content=\"uk_UA\" \/>\n<meta property=\"og:type\" content=\"article\" \/>\n<meta property=\"og:title\" content=\"Son dakika! Volkan Konak hayat\u0131n\u0131 kaybetti\" \/>\n<meta property=\"og:description\" content=\"Kuzey K\u0131br\u0131s T\u00fcrk Cumhuriyeti&#8217;nde (KKTC) verdi\u011fi konser s\u0131ras\u0131nda fenala\u015fan \u015fark\u0131c\u0131 Volkan Konak, ilk m\u00fcdahalesinin ard\u0131ndan hastaneye kald\u0131r\u0131ld\u0131. \u00dcnl\u00fc sanat\u00e7\u0131 t\u00fcm m\u00fcdahalelere ra\u011fmen kurtar\u0131lamad\u0131. KONSER\u0130 \u0130ZLEYENLER \u0130LK M\u00dcDAHALEY\u0130 YAPTI \u0130skele kentindeki bir otelde sahne alan Volkan Konak konser s\u0131ras\u0131nda fenala\u015ft\u0131. \u0130lk m\u00fcdahalesi konseri izleyenler taraf\u0131ndan yap\u0131lan Konak, daha sonra \u00e7a\u011fr\u0131lan ambulans ile Gazima\u011fusa Devlet Hastanesi&#8217;ne kald\u0131r\u0131ld\u0131. Ramazan Bayram\u0131 nedeniyle \u00f6zel olarak sahne almak \u00fczere KKTC&#8217;ye geldi\u011fi \u00f6\u011frenilen Konak hastanede t\u00fcm m\u00fcdahalelere ra\u011fmen kurtar\u0131lamad\u0131. VOLKAN KONAK HAYATINI KAYBETT\u0130 KKTC Sa\u011fl\u0131k Bakanl\u0131\u011f\u0131 a\u00e7\u0131klama yapt\u0131: &#8220;Bu gece aniden rahats\u0131zlanmas\u0131 nedeniyle 00.17\u2019de Ma\u011fusa Devlet Hastanesi\u2019ne m\u00fcracaat ettirilen sanat\u00e7\u0131 Volkan Konak, 00.42\u2019de t\u00fcm m\u00fcdahalelere ra\u011fmen maalesef hayat\u0131n\u0131 kaybetmi\u015ftir&#8230;&#8221; \u200b\u00dcnl\u00fc sanat\u00e7\u0131 Volkan Konak, KKTC\u2019de verdi\u011fi konser s\u0131ras\u0131nda fenala\u015ft\u0131. Hastaneye kald\u0131r\u0131lan 58 ya\u015f\u0131ndaki Konak t\u00fcm m\u00fcdahalelere ra\u011fmen kurtar\u0131lamad\u0131.\u00a0 \u200bHaberin Al\u0131nt\u0131land\u0131\u011f\u0131 Kaynak: www.antalyakorfez.com\" \/>\n<meta property=\"og:url\" content=\"https:\/\/denizcankizil.tr\/uk\/haberler\/gundem\/son-dakika-volkan-konak-hayatini-kaybetti\/\" \/>\n<meta property=\"og:site_name\" content=\"Av. Deniz Can K\u0131z\u0131l\" \/>\n<meta property=\"article:published_time\" content=\"2025-03-30T22:41:18+00:00\" \/>\n<meta name=\"author\" content=\"Antalya K\u00f6rfez\" \/>\n<meta name=\"twitter:card\" content=\"summary_large_image\" \/>\n<meta name=\"twitter:label1\" content=\"\u041d\u0430\u043f\u0438\u0441\u0430\u043d\u043e\" \/>\n\t<meta name=\"twitter:data1\" content=\"Antalya K\u00f6rfez\" \/>\n\t<meta name=\"twitter:label2\" content=\"\u041f\u0440\u0438\u0431\u043b. \u0447\u0430\u0441 \u0447\u0438\u0442\u0430\u043d\u043d\u044f\" \/>\n\t<meta name=\"twitter:data2\" content=\"1 \u0445\u0432\u0438\u043b\u0438\u043d\u0430\" \/>\n<script type=\"application\/ld+json\" class=\"yoast-schema-graph\">{\"@context\":\"https:\/\/schema.org\",\"@graph\":[{\"@type\":\"Article\",\"@id\":\"https:\/\/denizcankizil.tr\/uk\/haberler\/gundem\/son-dakika-volkan-konak-hayatini-kaybetti\/#article\",\"isPartOf\":{\"@id\":\"https:\/\/denizcankizil.tr\/uk\/haberler\/gundem\/son-dakika-volkan-konak-hayatini-kaybetti\/\"},\"author\":{\"name\":\"Antalya K\u00f6rfez\",\"@id\":\"https:\/\/denizcankizil.tr\/#\/schema\/person\/e1eb71bb4dd684d46563f0af307e1234\"},\"headline\":\"Son dakika! Volkan Konak hayat\u0131n\u0131 kaybetti\",\"datePublished\":\"2025-03-30T22:41:18+00:00\",\"mainEntityOfPage\":{\"@id\":\"https:\/\/denizcankizil.tr\/uk\/haberler\/gundem\/son-dakika-volkan-konak-hayatini-kaybetti\/\"},\"wordCount\":194,\"publisher\":{\"@id\":\"https:\/\/denizcankizil.tr\/#organization\"},\"articleSection\":[\"G\u00fcndem\"],\"inLanguage\":\"uk\"},{\"@type\":\"WebPage\",\"@id\":\"https:\/\/denizcankizil.tr\/uk\/haberler\/gundem\/son-dakika-volkan-konak-hayatini-kaybetti\/\",\"url\":\"https:\/\/denizcankizil.tr\/uk\/haberler\/gundem\/son-dakika-volkan-konak-hayatini-kaybetti\/\",\"name\":\"Son dakika! Volkan Konak hayat\u0131n\u0131 kaybetti - Av. Deniz Can K\u0131z\u0131l\",\"isPartOf\":{\"@id\":\"https:\/\/denizcankizil.tr\/#website\"},\"datePublished\":\"2025-03-30T22:41:18+00:00\",\"breadcrumb\":{\"@id\":\"https:\/\/denizcankizil.tr\/uk\/haberler\/gundem\/son-dakika-volkan-konak-hayatini-kaybetti\/#breadcrumb\"},\"inLanguage\":\"uk\",\"potentialAction\":[{\"@type\":\"ReadAction\",\"target\":[\"https:\/\/denizcankizil.tr\/uk\/haberler\/gundem\/son-dakika-volkan-konak-hayatini-kaybetti\/\"]}]},{\"@type\":\"BreadcrumbList\",\"@id\":\"https:\/\/denizcankizil.tr\/uk\/haberler\/gundem\/son-dakika-volkan-konak-hayatini-kaybetti\/#breadcrumb\",\"itemListElement\":[{\"@type\":\"ListItem\",\"position\":1,\"name\":\"Home\",\"item\":\"https:\/\/denizcankizil.tr\/de\/\"},{\"@type\":\"ListItem\",\"position\":2,\"name\":\"Son dakika! Volkan Konak hayat\u0131n\u0131 kaybetti\"}]},{\"@type\":\"WebSite\",\"@id\":\"https:\/\/denizcankizil.tr\/#website\",\"url\":\"https:\/\/denizcankizil.tr\/\",\"name\":\"Av. Deniz Can K\u0131z\u0131l\",\"description\":\"Avukat Deniz Can K\u0131z\u0131l Antalya Barosu\",\"publisher\":{\"@id\":\"https:\/\/denizcankizil.tr\/#organization\"},\"potentialAction\":[{\"@type\":\"SearchAction\",\"target\":{\"@type\":\"EntryPoint\",\"urlTemplate\":\"https:\/\/denizcankizil.tr\/?s={search_term_string}\"},\"query-input\":{\"@type\":\"PropertyValueSpecification\",\"valueRequired\":true,\"valueName\":\"search_term_string\"}}],\"inLanguage\":\"uk\"},{\"@type\":\"Organization\",\"@id\":\"https:\/\/denizcankizil.tr\/#organization\",\"name\":\"Av. Deniz Can K\u0131z\u0131l\",\"url\":\"https:\/\/denizcankizil.tr\/\",\"logo\":{\"@type\":\"ImageObject\",\"inLanguage\":\"uk\",\"@id\":\"https:\/\/denizcankizil.tr\/#\/schema\/logo\/image\/\",\"url\":\"https:\/\/denizcankizil.tr\/wp-content\/uploads\/2024\/10\/siyah-logo-svg.svg\",\"contentUrl\":\"https:\/\/denizcankizil.tr\/wp-content\/uploads\/2024\/10\/siyah-logo-svg.svg\",\"width\":1080,\"height\":1080,\"caption\":\"Av. Deniz Can K\u0131z\u0131l\"},\"image\":{\"@id\":\"https:\/\/denizcankizil.tr\/#\/schema\/logo\/image\/\"}},{\"@type\":\"Person\",\"@id\":\"https:\/\/denizcankizil.tr\/#\/schema\/person\/e1eb71bb4dd684d46563f0af307e1234\",\"name\":\"Antalya K\u00f6rfez\",\"image\":{\"@type\":\"ImageObject\",\"inLanguage\":\"uk\",\"@id\":\"https:\/\/denizcankizil.tr\/#\/schema\/person\/image\/\",\"url\":\"https:\/\/secure.gravatar.com\/avatar\/42b01982558a48a0b501fdcab6a408d3717ea5919095ee2e67b0e521799c5905?s=96&d=mm&r=g\",\"contentUrl\":\"https:\/\/secure.gravatar.com\/avatar\/42b01982558a48a0b501fdcab6a408d3717ea5919095ee2e67b0e521799c5905?s=96&d=mm&r=g\",\"caption\":\"Antalya K\u00f6rfez\"},\"sameAs\":[\"http:\/\/www.antalyakorfez.com\"],\"url\":\"https:\/\/www.antalyakorfez.com\/son-dakika-volkan-konak-hayatini-kaybetti\"}]}<\/script>\n<!-- \/ Yoast SEO Premium plugin. -->","yoast_head_json":{"title":"Son dakika! Volkan Konak hayat\u0131n\u0131 kaybetti - Av. Deniz Can K\u0131z\u0131l","robots":{"index":"index","follow":"follow","max-snippet":"max-snippet:-1","max-image-preview":"max-image-preview:large","max-video-preview":"max-video-preview:-1"},"canonical":"https:\/\/denizcankizil.tr\/uk\/haberler\/gundem\/son-dakika-volkan-konak-hayatini-kaybetti\/","og_locale":"uk_UA","og_type":"article","og_title":"Son dakika! Volkan Konak hayat\u0131n\u0131 kaybetti","og_description":"Kuzey K\u0131br\u0131s T\u00fcrk Cumhuriyeti&#8217;nde (KKTC) verdi\u011fi konser s\u0131ras\u0131nda fenala\u015fan \u015fark\u0131c\u0131 Volkan Konak, ilk m\u00fcdahalesinin ard\u0131ndan hastaneye kald\u0131r\u0131ld\u0131. \u00dcnl\u00fc sanat\u00e7\u0131 t\u00fcm m\u00fcdahalelere ra\u011fmen kurtar\u0131lamad\u0131. KONSER\u0130 \u0130ZLEYENLER \u0130LK M\u00dcDAHALEY\u0130 YAPTI \u0130skele kentindeki bir otelde sahne alan Volkan Konak konser s\u0131ras\u0131nda fenala\u015ft\u0131. \u0130lk m\u00fcdahalesi konseri izleyenler taraf\u0131ndan yap\u0131lan Konak, daha sonra \u00e7a\u011fr\u0131lan ambulans ile Gazima\u011fusa Devlet Hastanesi&#8217;ne kald\u0131r\u0131ld\u0131. Ramazan Bayram\u0131 nedeniyle \u00f6zel olarak sahne almak \u00fczere KKTC&#8217;ye geldi\u011fi \u00f6\u011frenilen Konak hastanede t\u00fcm m\u00fcdahalelere ra\u011fmen kurtar\u0131lamad\u0131. VOLKAN KONAK HAYATINI KAYBETT\u0130 KKTC Sa\u011fl\u0131k Bakanl\u0131\u011f\u0131 a\u00e7\u0131klama yapt\u0131: &#8220;Bu gece aniden rahats\u0131zlanmas\u0131 nedeniyle 00.17\u2019de Ma\u011fusa Devlet Hastanesi\u2019ne m\u00fcracaat ettirilen sanat\u00e7\u0131 Volkan Konak, 00.42\u2019de t\u00fcm m\u00fcdahalelere ra\u011fmen maalesef hayat\u0131n\u0131 kaybetmi\u015ftir&#8230;&#8221; \u200b\u00dcnl\u00fc sanat\u00e7\u0131 Volkan Konak, KKTC\u2019de verdi\u011fi konser s\u0131ras\u0131nda fenala\u015ft\u0131. Hastaneye kald\u0131r\u0131lan 58 ya\u015f\u0131ndaki Konak t\u00fcm m\u00fcdahalelere ra\u011fmen kurtar\u0131lamad\u0131.\u00a0 \u200bHaberin Al\u0131nt\u0131land\u0131\u011f\u0131 Kaynak: www.antalyakorfez.com","og_url":"https:\/\/denizcankizil.tr\/uk\/haberler\/gundem\/son-dakika-volkan-konak-hayatini-kaybetti\/","og_site_name":"Av. Deniz Can K\u0131z\u0131l","article_published_time":"2025-03-30T22:41:18+00:00","author":"Antalya K\u00f6rfez","twitter_card":"summary_large_image","twitter_misc":{"\u041d\u0430\u043f\u0438\u0441\u0430\u043d\u043e":"Antalya K\u00f6rfez","\u041f\u0440\u0438\u0431\u043b. \u0447\u0430\u0441 \u0447\u0438\u0442\u0430\u043d\u043d\u044f":"1 \u0445\u0432\u0438\u043b\u0438\u043d\u0430"},"schema":{"@context":"https:\/\/schema.org","@graph":[{"@type":"Article","@id":"https:\/\/denizcankizil.tr\/uk\/haberler\/gundem\/son-dakika-volkan-konak-hayatini-kaybetti\/#article","isPartOf":{"@id":"https:\/\/denizcankizil.tr\/uk\/haberler\/gundem\/son-dakika-volkan-konak-hayatini-kaybetti\/"},"author":{"name":"Antalya K\u00f6rfez","@id":"https:\/\/denizcankizil.tr\/#\/schema\/person\/e1eb71bb4dd684d46563f0af307e1234"},"headline":"Son dakika! Volkan Konak hayat\u0131n\u0131 kaybetti","datePublished":"2025-03-30T22:41:18+00:00","mainEntityOfPage":{"@id":"https:\/\/denizcankizil.tr\/uk\/haberler\/gundem\/son-dakika-volkan-konak-hayatini-kaybetti\/"},"wordCount":194,"publisher":{"@id":"https:\/\/denizcankizil.tr\/#organization"},"articleSection":["G\u00fcndem"],"inLanguage":"uk"},{"@type":"WebPage","@id":"https:\/\/denizcankizil.tr\/uk\/haberler\/gundem\/son-dakika-volkan-konak-hayatini-kaybetti\/","url":"https:\/\/denizcankizil.tr\/uk\/haberler\/gundem\/son-dakika-volkan-konak-hayatini-kaybetti\/","name":"Son dakika! Volkan Konak hayat\u0131n\u0131 kaybetti - Av. Deniz Can K\u0131z\u0131l","isPartOf":{"@id":"https:\/\/denizcankizil.tr\/#website"},"datePublished":"2025-03-30T22:41:18+00:00","breadcrumb":{"@id":"https:\/\/denizcankizil.tr\/uk\/haberler\/gundem\/son-dakika-volkan-konak-hayatini-kaybetti\/#breadcrumb"},"inLanguage":"uk","potentialAction":[{"@type":"ReadAction","target":["https:\/\/denizcankizil.tr\/uk\/haberler\/gundem\/son-dakika-volkan-konak-hayatini-kaybetti\/"]}]},{"@type":"BreadcrumbList","@id":"https:\/\/denizcankizil.tr\/uk\/haberler\/gundem\/son-dakika-volkan-konak-hayatini-kaybetti\/#breadcrumb","itemListElement":[{"@type":"ListItem","position":1,"name":"Home","item":"https:\/\/denizcankizil.tr\/de\/"},{"@type":"ListItem","position":2,"name":"Son dakika! Volkan Konak hayat\u0131n\u0131 kaybetti"}]},{"@type":"WebSite","@id":"https:\/\/denizcankizil.tr\/#website","url":"https:\/\/denizcankizil.tr\/","name":"Av. Deniz Can K\u0131z\u0131l","description":"Avukat Deniz Can K\u0131z\u0131l Antalya Barosu","publisher":{"@id":"https:\/\/denizcankizil.tr\/#organization"},"potentialAction":[{"@type":"SearchAction","target":{"@type":"EntryPoint","urlTemplate":"https:\/\/denizcankizil.tr\/?s={search_term_string}"},"query-input":{"@type":"PropertyValueSpecification","valueRequired":true,"valueName":"search_term_string"}}],"inLanguage":"uk"},{"@type":"Organization","@id":"https:\/\/denizcankizil.tr\/#organization","name":"Av. Deniz Can K\u0131z\u0131l","url":"https:\/\/denizcankizil.tr\/","logo":{"@type":"ImageObject","inLanguage":"uk","@id":"https:\/\/denizcankizil.tr\/#\/schema\/logo\/image\/","url":"https:\/\/denizcankizil.tr\/wp-content\/uploads\/2024\/10\/siyah-logo-svg.svg","contentUrl":"https:\/\/denizcankizil.tr\/wp-content\/uploads\/2024\/10\/siyah-logo-svg.svg","width":1080,"height":1080,"caption":"Av. Deniz Can K\u0131z\u0131l"},"image":{"@id":"https:\/\/denizcankizil.tr\/#\/schema\/logo\/image\/"}},{"@type":"Person","@id":"https:\/\/denizcankizil.tr\/#\/schema\/person\/e1eb71bb4dd684d46563f0af307e1234","name":"Antalya K\u00f6rfez","image":{"@type":"ImageObject","inLanguage":"uk","@id":"https:\/\/denizcankizil.tr\/#\/schema\/person\/image\/","url":"https:\/\/secure.gravatar.com\/avatar\/42b01982558a48a0b501fdcab6a408d3717ea5919095ee2e67b0e521799c5905?s=96&d=mm&r=g","contentUrl":"https:\/\/secure.gravatar.com\/avatar\/42b01982558a48a0b501fdcab6a408d3717ea5919095ee2e67b0e521799c5905?s=96&d=mm&r=g","caption":"Antalya K\u00f6rfez"},"sameAs":["http:\/\/www.antalyakorfez.com"],"url":"https:\/\/www.antalyakorfez.com\/son-dakika-volkan-konak-hayatini-kaybetti"}]}},"_links":{"self":[{"href":"https:\/\/denizcankizil.tr\/uk\/wp-json\/wp\/v2\/posts\/40723","targetHints":{"allow":["GET"]}}],"collection":[{"href":"https:\/\/denizcankizil.tr\/uk\/wp-json\/wp\/v2\/posts"}],"about":[{"href":"https:\/\/denizcankizil.tr\/uk\/wp-json\/wp\/v2\/types\/post"}],"author":[{"embeddable":true,"href":"https:\/\/denizcankizil.tr\/uk\/wp-json\/wp\/v2\/users\/5"}],"replies":[{"embeddable":true,"href":"https:\/\/denizcankizil.tr\/uk\/wp-json\/wp\/v2\/comments?post=40723"}],"version-history":[{"count":0,"href":"https:\/\/denizcankizil.tr\/uk\/wp-json\/wp\/v2\/posts\/40723\/revisions"}],"wp:attachment":[{"href":"https:\/\/denizcankizil.tr\/uk\/wp-json\/wp\/v2\/media?parent=40723"}],"wp:term":[{"taxonomy":"category","embeddable":true,"href":"https:\/\/denizcankizil.tr\/uk\/wp-json\/wp\/v2\/categories?post=40723"},{"taxonomy":"post_tag","embeddable":true,"href":"https:\/\/denizcankizil.tr\/uk\/wp-json\/wp\/v2\/tags?post=40723"}],"curies":[{"name":"wp","href":"https:\/\/api.w.org\/{rel}","templated":true}]}}