{"id":4048,"date":"2024-10-18T14:18:03","date_gmt":"2024-10-18T11:18:03","guid":{"rendered":"https:\/\/denizcankizil.tr\/uncategorized-tr\/sehan-tanin-annesi-turkan-tan-vefat-etti\/"},"modified":"2024-10-18T14:18:03","modified_gmt":"2024-10-18T11:18:03","slug":"sehan-tanin-annesi-turkan-tan-vefat-etti","status":"publish","type":"post","link":"https:\/\/denizcankizil.tr\/uk\/haberler\/gundem\/sehan-tanin-annesi-turkan-tan-vefat-etti\/","title":{"rendered":"Sehan Tan\u2019\u0131n Annesi T\u00fcrkan Tan vefat etti."},"content":{"rendered":"<p>\u0130skenderun Devlet Hastanesi yo\u011fun Bak\u0131m \u00fcnitesinde tedavi alt\u0131nda bulunan 80 ya\u015f\u0131ndaki T\u00fcrkan Tan\u2019\u0131n vefat\u0131 ba\u015fta Tan ailesi olmak \u00fczere yak\u0131nlar\u0131 ve sevenlerini derinden \u00fczd\u00fc, yasa bo\u011fdu.<\/p>\n<p>Seyhan Tan\u2019\u0131n merhume annesi T\u00fcrkan Tan\u2019\u0131n cenazesi bug\u00fcn ikindi namaz\u0131n\u0131 m\u00fcteakip Kaptan Mehmet Pa\u015fa Camiinde k\u0131l\u0131nacak cenaze namaz\u0131n\u0131n ard\u0131ndan \u00c7ankaya Asri Mezarl\u0131\u011f\u0131nda topra\u011fa verilecek.<\/p>\n<p>Aile, taziyeleri Sakarya Mahallesinde bulunan \u0130skenderun Beledeyisi Taziye evinde kabul edece\u011fi bildirildi.<\/p>\n<p>Merhume T\u00fcrkan Tan\u2019a Allah\u2019tan rahmet, ba\u015fta arkada\u015f\u0131m\u0131z Seyhan Tan olmak \u00fczere ailesine, yak\u0131nlar\u0131 ile sevenlerine ba\u015fsa\u011fl\u0131\u011f\u0131, sab\u0131rlar dileriz, www.iskenderun.org ekibi.<\/p>\n<p>\u200bHatay\u2019\u0131n \u0130skenderun il\u00e7esinde uzun s\u00fcredir gazetecilik yapan Seyhan Tan\u2019\u0131n bir s\u00fcredir rahats\u0131z olan annesi T\u00fcrkan Tan, tedavi g\u00f6rd\u00fc\u011f\u00fc hastanede ya\u015fama veda etti.\u00a0<\/p>\n<p>\u200bHaberin Al\u0131nt\u0131land\u0131\u011f\u0131 Kaynak: www.iskenderun.org<\/p>","protected":false},"excerpt":{"rendered":"<p>\u0130skenderun Devlet Hastanesi yo\u011fun Bak\u0131m \u00fcnitesinde tedavi alt\u0131nda bulunan 80 ya\u015f\u0131ndaki T\u00fcrkan Tan\u2019\u0131n vefat\u0131 ba\u015fta Tan ailesi olmak \u00fczere yak\u0131nlar\u0131 ve sevenlerini derinden \u00fczd\u00fc, yasa bo\u011fdu. Seyhan Tan\u2019\u0131n merhume annesi T\u00fcrkan Tan\u2019\u0131n cenazesi bug\u00fcn ikindi namaz\u0131n\u0131 m\u00fcteakip Kaptan Mehmet Pa\u015fa Camiinde k\u0131l\u0131nacak cenaze namaz\u0131n\u0131n ard\u0131ndan \u00c7ankaya Asri Mezarl\u0131\u011f\u0131nda topra\u011fa verilecek. Aile, taziyeleri Sakarya Mahallesinde bulunan \u0130skenderun Beledeyisi Taziye evinde kabul edece\u011fi bildirildi. Merhume T\u00fcrkan Tan\u2019a Allah\u2019tan rahmet, ba\u015fta arkada\u015f\u0131m\u0131z Seyhan Tan olmak \u00fczere ailesine, yak\u0131nlar\u0131 ile sevenlerine ba\u015fsa\u011fl\u0131\u011f\u0131, sab\u0131rlar dileriz, www.iskenderun.org ekibi. \u200bHatay\u2019\u0131n \u0130skenderun il\u00e7esinde uzun s\u00fcredir gazetecilik yapan Seyhan Tan\u2019\u0131n bir s\u00fcredir rahats\u0131z olan annesi T\u00fcrkan Tan, tedavi g\u00f6rd\u00fc\u011f\u00fc hastanede ya\u015fama veda etti.\u00a0 \u200bHaberin Al\u0131nt\u0131land\u0131\u011f\u0131 Kaynak: www.iskenderun.org<\/p>","protected":false},"author":0,"featured_media":0,"comment_status":"open","ping_status":"open","sticky":false,"template":"","format":"standard","meta":{"_acf_changed":false,"footnotes":""},"categories":[24,535],"tags":[],"class_list":["post-4048","post","type-post","status-publish","format-standard","has-post-thumbnail","hentry","category-gundem","category-uncategorized-tr"],"acf":[],"yoast_head":"<!-- This site is optimized with the Yoast SEO Premium plugin v26.6 (Yoast SEO v27.1.1) - https:\/\/yoast.com\/product\/yoast-seo-premium-wordpress\/ -->\n<title>Sehan Tan\u2019\u0131n Annesi T\u00fcrkan Tan vefat etti. - Av. Deniz Can K\u0131z\u0131l<\/title>\n<meta name=\"robots\" content=\"index, follow, max-snippet:-1, max-image-preview:large, max-video-preview:-1\" \/>\n<link rel=\"canonical\" href=\"https:\/\/denizcankizil.tr\/uk\/haberler\/gundem\/sehan-tanin-annesi-turkan-tan-vefat-etti\/\" \/>\n<meta property=\"og:locale\" content=\"uk_UA\" \/>\n<meta property=\"og:type\" content=\"article\" \/>\n<meta property=\"og:title\" content=\"Sehan Tan\u2019\u0131n Annesi T\u00fcrkan Tan vefat etti.\" \/>\n<meta property=\"og:description\" content=\"\u0130skenderun Devlet Hastanesi yo\u011fun Bak\u0131m \u00fcnitesinde tedavi alt\u0131nda bulunan 80 ya\u015f\u0131ndaki T\u00fcrkan Tan\u2019\u0131n vefat\u0131 ba\u015fta Tan ailesi olmak \u00fczere yak\u0131nlar\u0131 ve sevenlerini derinden \u00fczd\u00fc, yasa bo\u011fdu. Seyhan Tan\u2019\u0131n merhume annesi T\u00fcrkan Tan\u2019\u0131n cenazesi bug\u00fcn ikindi namaz\u0131n\u0131 m\u00fcteakip Kaptan Mehmet Pa\u015fa Camiinde k\u0131l\u0131nacak cenaze namaz\u0131n\u0131n ard\u0131ndan \u00c7ankaya Asri Mezarl\u0131\u011f\u0131nda topra\u011fa verilecek. Aile, taziyeleri Sakarya Mahallesinde bulunan \u0130skenderun Beledeyisi Taziye evinde kabul edece\u011fi bildirildi. Merhume T\u00fcrkan Tan\u2019a Allah\u2019tan rahmet, ba\u015fta arkada\u015f\u0131m\u0131z Seyhan Tan olmak \u00fczere ailesine, yak\u0131nlar\u0131 ile sevenlerine ba\u015fsa\u011fl\u0131\u011f\u0131, sab\u0131rlar dileriz, www.iskenderun.org ekibi. \u200bHatay\u2019\u0131n \u0130skenderun il\u00e7esinde uzun s\u00fcredir gazetecilik yapan Seyhan Tan\u2019\u0131n bir s\u00fcredir rahats\u0131z olan annesi T\u00fcrkan Tan, tedavi g\u00f6rd\u00fc\u011f\u00fc hastanede ya\u015fama veda etti.\u00a0 \u200bHaberin Al\u0131nt\u0131land\u0131\u011f\u0131 Kaynak: www.iskenderun.org\" \/>\n<meta property=\"og:url\" content=\"https:\/\/denizcankizil.tr\/uk\/haberler\/gundem\/sehan-tanin-annesi-turkan-tan-vefat-etti\/\" \/>\n<meta property=\"og:site_name\" content=\"Av. Deniz Can K\u0131z\u0131l\" \/>\n<meta property=\"article:published_time\" content=\"2024-10-18T11:18:03+00:00\" \/>\n<meta name=\"twitter:card\" content=\"summary_large_image\" \/>\n<meta name=\"twitter:label1\" content=\"\u041f\u0440\u0438\u0431\u043b. \u0447\u0430\u0441 \u0447\u0438\u0442\u0430\u043d\u043d\u044f\" \/>\n\t<meta name=\"twitter:data1\" content=\"1 \u0445\u0432\u0438\u043b\u0438\u043d\u0430\" \/>\n<script type=\"application\/ld+json\" class=\"yoast-schema-graph\">{\"@context\":\"https:\/\/schema.org\",\"@graph\":[{\"@type\":\"Article\",\"@id\":\"https:\/\/denizcankizil.tr\/ru\/haberler\/gundem\/sehan-tanin-annesi-turkan-tan-vefat-etti\/#article\",\"isPartOf\":{\"@id\":\"https:\/\/denizcankizil.tr\/ru\/haberler\/gundem\/sehan-tanin-annesi-turkan-tan-vefat-etti\/\"},\"author\":{\"name\":\"\",\"@id\":\"\"},\"headline\":\"Sehan Tan\u2019\u0131n Annesi T\u00fcrkan Tan vefat etti.\",\"datePublished\":\"2024-10-18T11:18:03+00:00\",\"mainEntityOfPage\":{\"@id\":\"https:\/\/denizcankizil.tr\/ru\/haberler\/gundem\/sehan-tanin-annesi-turkan-tan-vefat-etti\/\"},\"wordCount\":165,\"commentCount\":0,\"publisher\":{\"@id\":\"https:\/\/denizcankizil.tr\/#organization\"},\"articleSection\":[\"G\u00fcndem\",\"Uncategorized\"],\"inLanguage\":\"uk\",\"potentialAction\":[{\"@type\":\"CommentAction\",\"name\":\"Comment\",\"target\":[\"https:\/\/denizcankizil.tr\/ru\/haberler\/gundem\/sehan-tanin-annesi-turkan-tan-vefat-etti\/#respond\"]}]},{\"@type\":\"WebPage\",\"@id\":\"https:\/\/denizcankizil.tr\/ru\/haberler\/gundem\/sehan-tanin-annesi-turkan-tan-vefat-etti\/\",\"url\":\"https:\/\/denizcankizil.tr\/ru\/haberler\/gundem\/sehan-tanin-annesi-turkan-tan-vefat-etti\/\",\"name\":\"Sehan Tan\u2019\u0131n Annesi T\u00fcrkan Tan vefat etti. - Av. Deniz Can K\u0131z\u0131l\",\"isPartOf\":{\"@id\":\"https:\/\/denizcankizil.tr\/#website\"},\"datePublished\":\"2024-10-18T11:18:03+00:00\",\"breadcrumb\":{\"@id\":\"https:\/\/denizcankizil.tr\/ru\/haberler\/gundem\/sehan-tanin-annesi-turkan-tan-vefat-etti\/#breadcrumb\"},\"inLanguage\":\"uk\",\"potentialAction\":[{\"@type\":\"ReadAction\",\"target\":[\"https:\/\/denizcankizil.tr\/ru\/haberler\/gundem\/sehan-tanin-annesi-turkan-tan-vefat-etti\/\"]}]},{\"@type\":\"BreadcrumbList\",\"@id\":\"https:\/\/denizcankizil.tr\/ru\/haberler\/gundem\/sehan-tanin-annesi-turkan-tan-vefat-etti\/#breadcrumb\",\"itemListElement\":[{\"@type\":\"ListItem\",\"position\":1,\"name\":\"Home\",\"item\":\"https:\/\/denizcankizil.tr\/de\/\"},{\"@type\":\"ListItem\",\"position\":2,\"name\":\"Sehan Tan\u2019\u0131n Annesi T\u00fcrkan Tan vefat etti.\"}]},{\"@type\":\"WebSite\",\"@id\":\"https:\/\/denizcankizil.tr\/#website\",\"url\":\"https:\/\/denizcankizil.tr\/\",\"name\":\"Av. Deniz Can K\u0131z\u0131l\",\"description\":\"Avukat Deniz Can K\u0131z\u0131l Antalya Barosu\",\"publisher\":{\"@id\":\"https:\/\/denizcankizil.tr\/#organization\"},\"potentialAction\":[{\"@type\":\"SearchAction\",\"target\":{\"@type\":\"EntryPoint\",\"urlTemplate\":\"https:\/\/denizcankizil.tr\/?s={search_term_string}\"},\"query-input\":{\"@type\":\"PropertyValueSpecification\",\"valueRequired\":true,\"valueName\":\"search_term_string\"}}],\"inLanguage\":\"uk\"},{\"@type\":\"Organization\",\"@id\":\"https:\/\/denizcankizil.tr\/#organization\",\"name\":\"Av. Deniz Can K\u0131z\u0131l\",\"url\":\"https:\/\/denizcankizil.tr\/\",\"logo\":{\"@type\":\"ImageObject\",\"inLanguage\":\"uk\",\"@id\":\"https:\/\/denizcankizil.tr\/#\/schema\/logo\/image\/\",\"url\":\"https:\/\/denizcankizil.tr\/wp-content\/uploads\/2024\/10\/siyah-logo-svg.svg\",\"contentUrl\":\"https:\/\/denizcankizil.tr\/wp-content\/uploads\/2024\/10\/siyah-logo-svg.svg\",\"width\":1080,\"height\":1080,\"caption\":\"Av. Deniz Can K\u0131z\u0131l\"},\"image\":{\"@id\":\"https:\/\/denizcankizil.tr\/#\/schema\/logo\/image\/\"}}]}<\/script>\n<!-- \/ Yoast SEO Premium plugin. -->","yoast_head_json":{"title":"Sehan Tan\u2019\u0131n Annesi T\u00fcrkan Tan vefat etti. - Av. Deniz Can K\u0131z\u0131l","robots":{"index":"index","follow":"follow","max-snippet":"max-snippet:-1","max-image-preview":"max-image-preview:large","max-video-preview":"max-video-preview:-1"},"canonical":"https:\/\/denizcankizil.tr\/uk\/haberler\/gundem\/sehan-tanin-annesi-turkan-tan-vefat-etti\/","og_locale":"uk_UA","og_type":"article","og_title":"Sehan Tan\u2019\u0131n Annesi T\u00fcrkan Tan vefat etti.","og_description":"\u0130skenderun Devlet Hastanesi yo\u011fun Bak\u0131m \u00fcnitesinde tedavi alt\u0131nda bulunan 80 ya\u015f\u0131ndaki T\u00fcrkan Tan\u2019\u0131n vefat\u0131 ba\u015fta Tan ailesi olmak \u00fczere yak\u0131nlar\u0131 ve sevenlerini derinden \u00fczd\u00fc, yasa bo\u011fdu. Seyhan Tan\u2019\u0131n merhume annesi T\u00fcrkan Tan\u2019\u0131n cenazesi bug\u00fcn ikindi namaz\u0131n\u0131 m\u00fcteakip Kaptan Mehmet Pa\u015fa Camiinde k\u0131l\u0131nacak cenaze namaz\u0131n\u0131n ard\u0131ndan \u00c7ankaya Asri Mezarl\u0131\u011f\u0131nda topra\u011fa verilecek. Aile, taziyeleri Sakarya Mahallesinde bulunan \u0130skenderun Beledeyisi Taziye evinde kabul edece\u011fi bildirildi. Merhume T\u00fcrkan Tan\u2019a Allah\u2019tan rahmet, ba\u015fta arkada\u015f\u0131m\u0131z Seyhan Tan olmak \u00fczere ailesine, yak\u0131nlar\u0131 ile sevenlerine ba\u015fsa\u011fl\u0131\u011f\u0131, sab\u0131rlar dileriz, www.iskenderun.org ekibi. \u200bHatay\u2019\u0131n \u0130skenderun il\u00e7esinde uzun s\u00fcredir gazetecilik yapan Seyhan Tan\u2019\u0131n bir s\u00fcredir rahats\u0131z olan annesi T\u00fcrkan Tan, tedavi g\u00f6rd\u00fc\u011f\u00fc hastanede ya\u015fama veda etti.\u00a0 \u200bHaberin Al\u0131nt\u0131land\u0131\u011f\u0131 Kaynak: www.iskenderun.org","og_url":"https:\/\/denizcankizil.tr\/uk\/haberler\/gundem\/sehan-tanin-annesi-turkan-tan-vefat-etti\/","og_site_name":"Av. Deniz Can K\u0131z\u0131l","article_published_time":"2024-10-18T11:18:03+00:00","twitter_card":"summary_large_image","twitter_misc":{"\u041f\u0440\u0438\u0431\u043b. \u0447\u0430\u0441 \u0447\u0438\u0442\u0430\u043d\u043d\u044f":"1 \u0445\u0432\u0438\u043b\u0438\u043d\u0430"},"schema":{"@context":"https:\/\/schema.org","@graph":[{"@type":"Article","@id":"https:\/\/denizcankizil.tr\/ru\/haberler\/gundem\/sehan-tanin-annesi-turkan-tan-vefat-etti\/#article","isPartOf":{"@id":"https:\/\/denizcankizil.tr\/ru\/haberler\/gundem\/sehan-tanin-annesi-turkan-tan-vefat-etti\/"},"author":{"name":"","@id":""},"headline":"Sehan Tan\u2019\u0131n Annesi T\u00fcrkan Tan vefat etti.","datePublished":"2024-10-18T11:18:03+00:00","mainEntityOfPage":{"@id":"https:\/\/denizcankizil.tr\/ru\/haberler\/gundem\/sehan-tanin-annesi-turkan-tan-vefat-etti\/"},"wordCount":165,"commentCount":0,"publisher":{"@id":"https:\/\/denizcankizil.tr\/#organization"},"articleSection":["G\u00fcndem","Uncategorized"],"inLanguage":"uk","potentialAction":[{"@type":"CommentAction","name":"Comment","target":["https:\/\/denizcankizil.tr\/ru\/haberler\/gundem\/sehan-tanin-annesi-turkan-tan-vefat-etti\/#respond"]}]},{"@type":"WebPage","@id":"https:\/\/denizcankizil.tr\/ru\/haberler\/gundem\/sehan-tanin-annesi-turkan-tan-vefat-etti\/","url":"https:\/\/denizcankizil.tr\/ru\/haberler\/gundem\/sehan-tanin-annesi-turkan-tan-vefat-etti\/","name":"Sehan Tan\u2019\u0131n Annesi T\u00fcrkan Tan vefat etti. - Av. Deniz Can K\u0131z\u0131l","isPartOf":{"@id":"https:\/\/denizcankizil.tr\/#website"},"datePublished":"2024-10-18T11:18:03+00:00","breadcrumb":{"@id":"https:\/\/denizcankizil.tr\/ru\/haberler\/gundem\/sehan-tanin-annesi-turkan-tan-vefat-etti\/#breadcrumb"},"inLanguage":"uk","potentialAction":[{"@type":"ReadAction","target":["https:\/\/denizcankizil.tr\/ru\/haberler\/gundem\/sehan-tanin-annesi-turkan-tan-vefat-etti\/"]}]},{"@type":"BreadcrumbList","@id":"https:\/\/denizcankizil.tr\/ru\/haberler\/gundem\/sehan-tanin-annesi-turkan-tan-vefat-etti\/#breadcrumb","itemListElement":[{"@type":"ListItem","position":1,"name":"Home","item":"https:\/\/denizcankizil.tr\/de\/"},{"@type":"ListItem","position":2,"name":"Sehan Tan\u2019\u0131n Annesi T\u00fcrkan Tan vefat etti."}]},{"@type":"WebSite","@id":"https:\/\/denizcankizil.tr\/#website","url":"https:\/\/denizcankizil.tr\/","name":"Av. Deniz Can K\u0131z\u0131l","description":"Avukat Deniz Can K\u0131z\u0131l Antalya Barosu","publisher":{"@id":"https:\/\/denizcankizil.tr\/#organization"},"potentialAction":[{"@type":"SearchAction","target":{"@type":"EntryPoint","urlTemplate":"https:\/\/denizcankizil.tr\/?s={search_term_string}"},"query-input":{"@type":"PropertyValueSpecification","valueRequired":true,"valueName":"search_term_string"}}],"inLanguage":"uk"},{"@type":"Organization","@id":"https:\/\/denizcankizil.tr\/#organization","name":"Av. Deniz Can K\u0131z\u0131l","url":"https:\/\/denizcankizil.tr\/","logo":{"@type":"ImageObject","inLanguage":"uk","@id":"https:\/\/denizcankizil.tr\/#\/schema\/logo\/image\/","url":"https:\/\/denizcankizil.tr\/wp-content\/uploads\/2024\/10\/siyah-logo-svg.svg","contentUrl":"https:\/\/denizcankizil.tr\/wp-content\/uploads\/2024\/10\/siyah-logo-svg.svg","width":1080,"height":1080,"caption":"Av. Deniz Can K\u0131z\u0131l"},"image":{"@id":"https:\/\/denizcankizil.tr\/#\/schema\/logo\/image\/"}}]}},"_links":{"self":[{"href":"https:\/\/denizcankizil.tr\/uk\/wp-json\/wp\/v2\/posts\/4048","targetHints":{"allow":["GET"]}}],"collection":[{"href":"https:\/\/denizcankizil.tr\/uk\/wp-json\/wp\/v2\/posts"}],"about":[{"href":"https:\/\/denizcankizil.tr\/uk\/wp-json\/wp\/v2\/types\/post"}],"replies":[{"embeddable":true,"href":"https:\/\/denizcankizil.tr\/uk\/wp-json\/wp\/v2\/comments?post=4048"}],"version-history":[{"count":0,"href":"https:\/\/denizcankizil.tr\/uk\/wp-json\/wp\/v2\/posts\/4048\/revisions"}],"wp:attachment":[{"href":"https:\/\/denizcankizil.tr\/uk\/wp-json\/wp\/v2\/media?parent=4048"}],"wp:term":[{"taxonomy":"category","embeddable":true,"href":"https:\/\/denizcankizil.tr\/uk\/wp-json\/wp\/v2\/categories?post=4048"},{"taxonomy":"post_tag","embeddable":true,"href":"https:\/\/denizcankizil.tr\/uk\/wp-json\/wp\/v2\/tags?post=4048"}],"curies":[{"name":"wp","href":"https:\/\/api.w.org\/{rel}","templated":true}]}}