{"id":40144,"date":"2025-03-30T12:41:16","date_gmt":"2025-03-30T09:41:16","guid":{"rendered":"https:\/\/denizcankizil.tr\/uncategorized-tr\/baskan-muhittin-bocekten-adalet-vurgusu\/"},"modified":"2025-03-30T12:41:16","modified_gmt":"2025-03-30T09:41:16","slug":"baskan-muhittin-bocekten-adalet-vurgusu","status":"publish","type":"post","link":"https:\/\/denizcankizil.tr\/uk\/haberler\/gundem\/baskan-muhittin-bocekten-adalet-vurgusu\/","title":{"rendered":"Ba\u015fkan Muhittin B\u00f6cek\u2019ten adalet vurgusu"},"content":{"rendered":"<p>Antalya B\u00fcy\u00fck\u015fehir Belediye Ba\u015fkan\u0131 Muhittin B\u00f6cek, \u00a0bayram\u0131n ilk g\u00fcn\u00fcn sosyal medya hesab\u0131ndan payla\u015f\u0131m yapt\u0131. B\u00f6cek, \u201cBayramlar sadece ekme\u011fimizi ve sofram\u0131z\u0131 de\u011fil, hak ve adaleti de b\u00f6l\u00fc\u015ft\u00fc\u011f\u00fcm\u00fcz g\u00fcnlerdir. Sevgiyle oldu\u011fu gibi adaletle de bir araya gelip birbirimizi kucaklayal\u0131m. Bayram bize sadece insan olmay\u0131 de\u011fil, vicdanl\u0131 olmay\u0131 da \u00f6\u011fretsin\u201d dedi.<\/p>\n<p>ADALET VE E\u015e\u0130TL\u0130K<\/p>\n<p>Antalya halk\u0131na seslenen B\u00f6cek, bayramlar\u0131n dayan\u0131\u015fma ruhunu peki\u015ftiren \u00f6zel g\u00fcnler oldu\u011funa dikkat \u00e7ekti. B\u00f6cek, toplumun t\u00fcm kesimlerini adalet, e\u015fitlik ve ho\u015fg\u00f6r\u00fc temelinde bir araya getirme mesaj\u0131 verdi. Muhittin B\u00f6cek, mesaj\u0131n\u0131, \u201cRamazan Bayram\u0131n\u0131z kutlu olsun. Birlik ve beraberlik i\u00e7inde hak ve adaletin egemen oldu\u011fu bir d\u00fcnya dile\u011fiyle\u201d s\u00f6zleriyle tamamlad\u0131.<\/p>\n<p>\u200bAntalya B\u00fcy\u00fck\u015fehir Belediye Ba\u015fkan\u0131 Muhittin B\u00f6cek, Ramazan Bayram\u0131\u2019n\u0131n ilk g\u00fcn\u00fcnde sosyal medyadan payla\u015f\u0131m yapt\u0131.\u00a0 B\u00f6cek, mesaj\u0131nda adale vurgusu yapt\u0131\u00a0<\/p>\n<p>\u200bHaberin Al\u0131nt\u0131land\u0131\u011f\u0131 Kaynak: www.antalyakorfez.com<\/p>","protected":false},"excerpt":{"rendered":"<p>Antalya B\u00fcy\u00fck\u015fehir Belediye Ba\u015fkan\u0131 Muhittin B\u00f6cek, \u00a0bayram\u0131n ilk g\u00fcn\u00fcn sosyal medya hesab\u0131ndan payla\u015f\u0131m yapt\u0131. B\u00f6cek, \u201cBayramlar sadece ekme\u011fimizi ve sofram\u0131z\u0131 de\u011fil, hak ve adaleti de b\u00f6l\u00fc\u015ft\u00fc\u011f\u00fcm\u00fcz g\u00fcnlerdir. Sevgiyle oldu\u011fu gibi adaletle de bir araya gelip birbirimizi kucaklayal\u0131m. Bayram bize sadece insan olmay\u0131 de\u011fil, vicdanl\u0131 olmay\u0131 da \u00f6\u011fretsin\u201d dedi. ADALET VE E\u015e\u0130TL\u0130K Antalya halk\u0131na seslenen B\u00f6cek, bayramlar\u0131n dayan\u0131\u015fma ruhunu peki\u015ftiren \u00f6zel g\u00fcnler oldu\u011funa dikkat \u00e7ekti. B\u00f6cek, toplumun t\u00fcm kesimlerini adalet, e\u015fitlik ve ho\u015fg\u00f6r\u00fc temelinde bir araya getirme mesaj\u0131 verdi. Muhittin B\u00f6cek, mesaj\u0131n\u0131, \u201cRamazan Bayram\u0131n\u0131z kutlu olsun. Birlik ve beraberlik i\u00e7inde hak ve adaletin egemen oldu\u011fu bir d\u00fcnya dile\u011fiyle\u201d s\u00f6zleriyle tamamlad\u0131. \u200bAntalya B\u00fcy\u00fck\u015fehir Belediye Ba\u015fkan\u0131 Muhittin B\u00f6cek, Ramazan Bayram\u0131\u2019n\u0131n ilk g\u00fcn\u00fcnde sosyal medyadan payla\u015f\u0131m yapt\u0131.\u00a0 B\u00f6cek, mesaj\u0131nda adale vurgusu yapt\u0131\u00a0 \u200bHaberin Al\u0131nt\u0131land\u0131\u011f\u0131 Kaynak: www.antalyakorfez.com<\/p>","protected":false},"author":5,"featured_media":0,"comment_status":"","ping_status":"open","sticky":false,"template":"","format":"standard","meta":{"_acf_changed":false,"footnotes":""},"categories":[24],"tags":[],"class_list":["post-40144","post","type-post","status-publish","format-standard","has-post-thumbnail","hentry","category-gundem"],"acf":[],"yoast_head":"<!-- This site is optimized with the Yoast SEO Premium plugin v26.6 (Yoast SEO v27.1.1) - https:\/\/yoast.com\/product\/yoast-seo-premium-wordpress\/ -->\n<title>Ba\u015fkan Muhittin B\u00f6cek\u2019ten adalet vurgusu - Av. Deniz Can K\u0131z\u0131l<\/title>\n<meta name=\"robots\" content=\"index, follow, max-snippet:-1, max-image-preview:large, max-video-preview:-1\" \/>\n<link rel=\"canonical\" href=\"https:\/\/denizcankizil.tr\/uk\/haberler\/gundem\/baskan-muhittin-bocekten-adalet-vurgusu\/\" \/>\n<meta property=\"og:locale\" content=\"uk_UA\" \/>\n<meta property=\"og:type\" content=\"article\" \/>\n<meta property=\"og:title\" content=\"Ba\u015fkan Muhittin B\u00f6cek\u2019ten adalet vurgusu\" \/>\n<meta property=\"og:description\" content=\"Antalya B\u00fcy\u00fck\u015fehir Belediye Ba\u015fkan\u0131 Muhittin B\u00f6cek, \u00a0bayram\u0131n ilk g\u00fcn\u00fcn sosyal medya hesab\u0131ndan payla\u015f\u0131m yapt\u0131. B\u00f6cek, \u201cBayramlar sadece ekme\u011fimizi ve sofram\u0131z\u0131 de\u011fil, hak ve adaleti de b\u00f6l\u00fc\u015ft\u00fc\u011f\u00fcm\u00fcz g\u00fcnlerdir. Sevgiyle oldu\u011fu gibi adaletle de bir araya gelip birbirimizi kucaklayal\u0131m. Bayram bize sadece insan olmay\u0131 de\u011fil, vicdanl\u0131 olmay\u0131 da \u00f6\u011fretsin\u201d dedi. ADALET VE E\u015e\u0130TL\u0130K Antalya halk\u0131na seslenen B\u00f6cek, bayramlar\u0131n dayan\u0131\u015fma ruhunu peki\u015ftiren \u00f6zel g\u00fcnler oldu\u011funa dikkat \u00e7ekti. B\u00f6cek, toplumun t\u00fcm kesimlerini adalet, e\u015fitlik ve ho\u015fg\u00f6r\u00fc temelinde bir araya getirme mesaj\u0131 verdi. Muhittin B\u00f6cek, mesaj\u0131n\u0131, \u201cRamazan Bayram\u0131n\u0131z kutlu olsun. Birlik ve beraberlik i\u00e7inde hak ve adaletin egemen oldu\u011fu bir d\u00fcnya dile\u011fiyle\u201d s\u00f6zleriyle tamamlad\u0131. \u200bAntalya B\u00fcy\u00fck\u015fehir Belediye Ba\u015fkan\u0131 Muhittin B\u00f6cek, Ramazan Bayram\u0131\u2019n\u0131n ilk g\u00fcn\u00fcnde sosyal medyadan payla\u015f\u0131m yapt\u0131.\u00a0 B\u00f6cek, mesaj\u0131nda adale vurgusu yapt\u0131\u00a0 \u200bHaberin Al\u0131nt\u0131land\u0131\u011f\u0131 Kaynak: www.antalyakorfez.com\" \/>\n<meta property=\"og:url\" content=\"https:\/\/denizcankizil.tr\/uk\/haberler\/gundem\/baskan-muhittin-bocekten-adalet-vurgusu\/\" \/>\n<meta property=\"og:site_name\" content=\"Av. Deniz Can K\u0131z\u0131l\" \/>\n<meta property=\"article:published_time\" content=\"2025-03-30T09:41:16+00:00\" \/>\n<meta name=\"author\" content=\"Antalya K\u00f6rfez\" \/>\n<meta name=\"twitter:card\" content=\"summary_large_image\" \/>\n<meta name=\"twitter:label1\" content=\"\u041d\u0430\u043f\u0438\u0441\u0430\u043d\u043e\" \/>\n\t<meta name=\"twitter:data1\" content=\"Antalya K\u00f6rfez\" \/>\n\t<meta name=\"twitter:label2\" content=\"\u041f\u0440\u0438\u0431\u043b. \u0447\u0430\u0441 \u0447\u0438\u0442\u0430\u043d\u043d\u044f\" \/>\n\t<meta name=\"twitter:data2\" content=\"1 \u0445\u0432\u0438\u043b\u0438\u043d\u0430\" \/>\n<script type=\"application\/ld+json\" class=\"yoast-schema-graph\">{\"@context\":\"https:\/\/schema.org\",\"@graph\":[{\"@type\":\"Article\",\"@id\":\"https:\/\/denizcankizil.tr\/uk\/haberler\/gundem\/baskan-muhittin-bocekten-adalet-vurgusu\/#article\",\"isPartOf\":{\"@id\":\"https:\/\/denizcankizil.tr\/uk\/haberler\/gundem\/baskan-muhittin-bocekten-adalet-vurgusu\/\"},\"author\":{\"name\":\"Antalya K\u00f6rfez\",\"@id\":\"https:\/\/denizcankizil.tr\/de\/#\/schema\/person\/e1eb71bb4dd684d46563f0af307e1234\"},\"headline\":\"Ba\u015fkan Muhittin B\u00f6cek\u2019ten adalet vurgusu\",\"datePublished\":\"2025-03-30T09:41:16+00:00\",\"mainEntityOfPage\":{\"@id\":\"https:\/\/denizcankizil.tr\/uk\/haberler\/gundem\/baskan-muhittin-bocekten-adalet-vurgusu\/\"},\"wordCount\":191,\"publisher\":{\"@id\":\"https:\/\/denizcankizil.tr\/de\/#organization\"},\"articleSection\":[\"G\u00fcndem\"],\"inLanguage\":\"uk\"},{\"@type\":\"WebPage\",\"@id\":\"https:\/\/denizcankizil.tr\/uk\/haberler\/gundem\/baskan-muhittin-bocekten-adalet-vurgusu\/\",\"url\":\"https:\/\/denizcankizil.tr\/uk\/haberler\/gundem\/baskan-muhittin-bocekten-adalet-vurgusu\/\",\"name\":\"Ba\u015fkan Muhittin B\u00f6cek\u2019ten adalet vurgusu - Av. Deniz Can K\u0131z\u0131l\",\"isPartOf\":{\"@id\":\"https:\/\/denizcankizil.tr\/de\/#website\"},\"datePublished\":\"2025-03-30T09:41:16+00:00\",\"breadcrumb\":{\"@id\":\"https:\/\/denizcankizil.tr\/uk\/haberler\/gundem\/baskan-muhittin-bocekten-adalet-vurgusu\/#breadcrumb\"},\"inLanguage\":\"uk\",\"potentialAction\":[{\"@type\":\"ReadAction\",\"target\":[\"https:\/\/denizcankizil.tr\/uk\/haberler\/gundem\/baskan-muhittin-bocekten-adalet-vurgusu\/\"]}]},{\"@type\":\"BreadcrumbList\",\"@id\":\"https:\/\/denizcankizil.tr\/uk\/haberler\/gundem\/baskan-muhittin-bocekten-adalet-vurgusu\/#breadcrumb\",\"itemListElement\":[{\"@type\":\"ListItem\",\"position\":1,\"name\":\"Home\",\"item\":\"https:\/\/denizcankizil.tr\/de\/\"},{\"@type\":\"ListItem\",\"position\":2,\"name\":\"Ba\u015fkan Muhittin B\u00f6cek\u2019ten adalet vurgusu\"}]},{\"@type\":\"WebSite\",\"@id\":\"https:\/\/denizcankizil.tr\/de\/#website\",\"url\":\"https:\/\/denizcankizil.tr\/de\/\",\"name\":\"Av. Deniz Can K\u0131z\u0131l\",\"description\":\"Avukat Deniz Can K\u0131z\u0131l Antalya Barosu\",\"publisher\":{\"@id\":\"https:\/\/denizcankizil.tr\/de\/#organization\"},\"potentialAction\":[{\"@type\":\"SearchAction\",\"target\":{\"@type\":\"EntryPoint\",\"urlTemplate\":\"https:\/\/denizcankizil.tr\/de\/?s={search_term_string}\"},\"query-input\":{\"@type\":\"PropertyValueSpecification\",\"valueRequired\":true,\"valueName\":\"search_term_string\"}}],\"inLanguage\":\"uk\"},{\"@type\":\"Organization\",\"@id\":\"https:\/\/denizcankizil.tr\/de\/#organization\",\"name\":\"Av. Deniz Can K\u0131z\u0131l\",\"url\":\"https:\/\/denizcankizil.tr\/de\/\",\"logo\":{\"@type\":\"ImageObject\",\"inLanguage\":\"uk\",\"@id\":\"https:\/\/denizcankizil.tr\/de\/#\/schema\/logo\/image\/\",\"url\":\"https:\/\/denizcankizil.tr\/wp-content\/uploads\/2024\/10\/siyah-logo-svg.svg\",\"contentUrl\":\"https:\/\/denizcankizil.tr\/wp-content\/uploads\/2024\/10\/siyah-logo-svg.svg\",\"width\":1080,\"height\":1080,\"caption\":\"Av. Deniz Can K\u0131z\u0131l\"},\"image\":{\"@id\":\"https:\/\/denizcankizil.tr\/de\/#\/schema\/logo\/image\/\"}},{\"@type\":\"Person\",\"@id\":\"https:\/\/denizcankizil.tr\/de\/#\/schema\/person\/e1eb71bb4dd684d46563f0af307e1234\",\"name\":\"Antalya K\u00f6rfez\",\"image\":{\"@type\":\"ImageObject\",\"inLanguage\":\"uk\",\"@id\":\"https:\/\/denizcankizil.tr\/de\/#\/schema\/person\/image\/\",\"url\":\"https:\/\/secure.gravatar.com\/avatar\/42b01982558a48a0b501fdcab6a408d3717ea5919095ee2e67b0e521799c5905?s=96&d=mm&r=g\",\"contentUrl\":\"https:\/\/secure.gravatar.com\/avatar\/42b01982558a48a0b501fdcab6a408d3717ea5919095ee2e67b0e521799c5905?s=96&d=mm&r=g\",\"caption\":\"Antalya K\u00f6rfez\"},\"sameAs\":[\"http:\/\/www.antalyakorfez.com\"],\"url\":\"https:\/\/www.antalyakorfez.com\/baskan-muhittin-bocekten-adalet-vurgusu\"}]}<\/script>\n<!-- \/ Yoast SEO Premium plugin. -->","yoast_head_json":{"title":"Ba\u015fkan Muhittin B\u00f6cek\u2019ten adalet vurgusu - Av. Deniz Can K\u0131z\u0131l","robots":{"index":"index","follow":"follow","max-snippet":"max-snippet:-1","max-image-preview":"max-image-preview:large","max-video-preview":"max-video-preview:-1"},"canonical":"https:\/\/denizcankizil.tr\/uk\/haberler\/gundem\/baskan-muhittin-bocekten-adalet-vurgusu\/","og_locale":"uk_UA","og_type":"article","og_title":"Ba\u015fkan Muhittin B\u00f6cek\u2019ten adalet vurgusu","og_description":"Antalya B\u00fcy\u00fck\u015fehir Belediye Ba\u015fkan\u0131 Muhittin B\u00f6cek, \u00a0bayram\u0131n ilk g\u00fcn\u00fcn sosyal medya hesab\u0131ndan payla\u015f\u0131m yapt\u0131. B\u00f6cek, \u201cBayramlar sadece ekme\u011fimizi ve sofram\u0131z\u0131 de\u011fil, hak ve adaleti de b\u00f6l\u00fc\u015ft\u00fc\u011f\u00fcm\u00fcz g\u00fcnlerdir. Sevgiyle oldu\u011fu gibi adaletle de bir araya gelip birbirimizi kucaklayal\u0131m. Bayram bize sadece insan olmay\u0131 de\u011fil, vicdanl\u0131 olmay\u0131 da \u00f6\u011fretsin\u201d dedi. ADALET VE E\u015e\u0130TL\u0130K Antalya halk\u0131na seslenen B\u00f6cek, bayramlar\u0131n dayan\u0131\u015fma ruhunu peki\u015ftiren \u00f6zel g\u00fcnler oldu\u011funa dikkat \u00e7ekti. B\u00f6cek, toplumun t\u00fcm kesimlerini adalet, e\u015fitlik ve ho\u015fg\u00f6r\u00fc temelinde bir araya getirme mesaj\u0131 verdi. Muhittin B\u00f6cek, mesaj\u0131n\u0131, \u201cRamazan Bayram\u0131n\u0131z kutlu olsun. Birlik ve beraberlik i\u00e7inde hak ve adaletin egemen oldu\u011fu bir d\u00fcnya dile\u011fiyle\u201d s\u00f6zleriyle tamamlad\u0131. \u200bAntalya B\u00fcy\u00fck\u015fehir Belediye Ba\u015fkan\u0131 Muhittin B\u00f6cek, Ramazan Bayram\u0131\u2019n\u0131n ilk g\u00fcn\u00fcnde sosyal medyadan payla\u015f\u0131m yapt\u0131.\u00a0 B\u00f6cek, mesaj\u0131nda adale vurgusu yapt\u0131\u00a0 \u200bHaberin Al\u0131nt\u0131land\u0131\u011f\u0131 Kaynak: www.antalyakorfez.com","og_url":"https:\/\/denizcankizil.tr\/uk\/haberler\/gundem\/baskan-muhittin-bocekten-adalet-vurgusu\/","og_site_name":"Av. Deniz Can K\u0131z\u0131l","article_published_time":"2025-03-30T09:41:16+00:00","author":"Antalya K\u00f6rfez","twitter_card":"summary_large_image","twitter_misc":{"\u041d\u0430\u043f\u0438\u0441\u0430\u043d\u043e":"Antalya K\u00f6rfez","\u041f\u0440\u0438\u0431\u043b. \u0447\u0430\u0441 \u0447\u0438\u0442\u0430\u043d\u043d\u044f":"1 \u0445\u0432\u0438\u043b\u0438\u043d\u0430"},"schema":{"@context":"https:\/\/schema.org","@graph":[{"@type":"Article","@id":"https:\/\/denizcankizil.tr\/uk\/haberler\/gundem\/baskan-muhittin-bocekten-adalet-vurgusu\/#article","isPartOf":{"@id":"https:\/\/denizcankizil.tr\/uk\/haberler\/gundem\/baskan-muhittin-bocekten-adalet-vurgusu\/"},"author":{"name":"Antalya K\u00f6rfez","@id":"https:\/\/denizcankizil.tr\/de\/#\/schema\/person\/e1eb71bb4dd684d46563f0af307e1234"},"headline":"Ba\u015fkan Muhittin B\u00f6cek\u2019ten adalet vurgusu","datePublished":"2025-03-30T09:41:16+00:00","mainEntityOfPage":{"@id":"https:\/\/denizcankizil.tr\/uk\/haberler\/gundem\/baskan-muhittin-bocekten-adalet-vurgusu\/"},"wordCount":191,"publisher":{"@id":"https:\/\/denizcankizil.tr\/de\/#organization"},"articleSection":["G\u00fcndem"],"inLanguage":"uk"},{"@type":"WebPage","@id":"https:\/\/denizcankizil.tr\/uk\/haberler\/gundem\/baskan-muhittin-bocekten-adalet-vurgusu\/","url":"https:\/\/denizcankizil.tr\/uk\/haberler\/gundem\/baskan-muhittin-bocekten-adalet-vurgusu\/","name":"Ba\u015fkan Muhittin B\u00f6cek\u2019ten adalet vurgusu - Av. Deniz Can K\u0131z\u0131l","isPartOf":{"@id":"https:\/\/denizcankizil.tr\/de\/#website"},"datePublished":"2025-03-30T09:41:16+00:00","breadcrumb":{"@id":"https:\/\/denizcankizil.tr\/uk\/haberler\/gundem\/baskan-muhittin-bocekten-adalet-vurgusu\/#breadcrumb"},"inLanguage":"uk","potentialAction":[{"@type":"ReadAction","target":["https:\/\/denizcankizil.tr\/uk\/haberler\/gundem\/baskan-muhittin-bocekten-adalet-vurgusu\/"]}]},{"@type":"BreadcrumbList","@id":"https:\/\/denizcankizil.tr\/uk\/haberler\/gundem\/baskan-muhittin-bocekten-adalet-vurgusu\/#breadcrumb","itemListElement":[{"@type":"ListItem","position":1,"name":"Home","item":"https:\/\/denizcankizil.tr\/de\/"},{"@type":"ListItem","position":2,"name":"Ba\u015fkan Muhittin B\u00f6cek\u2019ten adalet vurgusu"}]},{"@type":"WebSite","@id":"https:\/\/denizcankizil.tr\/de\/#website","url":"https:\/\/denizcankizil.tr\/de\/","name":"Av. Deniz Can K\u0131z\u0131l","description":"Avukat Deniz Can K\u0131z\u0131l Antalya Barosu","publisher":{"@id":"https:\/\/denizcankizil.tr\/de\/#organization"},"potentialAction":[{"@type":"SearchAction","target":{"@type":"EntryPoint","urlTemplate":"https:\/\/denizcankizil.tr\/de\/?s={search_term_string}"},"query-input":{"@type":"PropertyValueSpecification","valueRequired":true,"valueName":"search_term_string"}}],"inLanguage":"uk"},{"@type":"Organization","@id":"https:\/\/denizcankizil.tr\/de\/#organization","name":"Av. Deniz Can K\u0131z\u0131l","url":"https:\/\/denizcankizil.tr\/de\/","logo":{"@type":"ImageObject","inLanguage":"uk","@id":"https:\/\/denizcankizil.tr\/de\/#\/schema\/logo\/image\/","url":"https:\/\/denizcankizil.tr\/wp-content\/uploads\/2024\/10\/siyah-logo-svg.svg","contentUrl":"https:\/\/denizcankizil.tr\/wp-content\/uploads\/2024\/10\/siyah-logo-svg.svg","width":1080,"height":1080,"caption":"Av. Deniz Can K\u0131z\u0131l"},"image":{"@id":"https:\/\/denizcankizil.tr\/de\/#\/schema\/logo\/image\/"}},{"@type":"Person","@id":"https:\/\/denizcankizil.tr\/de\/#\/schema\/person\/e1eb71bb4dd684d46563f0af307e1234","name":"Antalya K\u00f6rfez","image":{"@type":"ImageObject","inLanguage":"uk","@id":"https:\/\/denizcankizil.tr\/de\/#\/schema\/person\/image\/","url":"https:\/\/secure.gravatar.com\/avatar\/42b01982558a48a0b501fdcab6a408d3717ea5919095ee2e67b0e521799c5905?s=96&d=mm&r=g","contentUrl":"https:\/\/secure.gravatar.com\/avatar\/42b01982558a48a0b501fdcab6a408d3717ea5919095ee2e67b0e521799c5905?s=96&d=mm&r=g","caption":"Antalya K\u00f6rfez"},"sameAs":["http:\/\/www.antalyakorfez.com"],"url":"https:\/\/www.antalyakorfez.com\/baskan-muhittin-bocekten-adalet-vurgusu"}]}},"_links":{"self":[{"href":"https:\/\/denizcankizil.tr\/uk\/wp-json\/wp\/v2\/posts\/40144","targetHints":{"allow":["GET"]}}],"collection":[{"href":"https:\/\/denizcankizil.tr\/uk\/wp-json\/wp\/v2\/posts"}],"about":[{"href":"https:\/\/denizcankizil.tr\/uk\/wp-json\/wp\/v2\/types\/post"}],"author":[{"embeddable":true,"href":"https:\/\/denizcankizil.tr\/uk\/wp-json\/wp\/v2\/users\/5"}],"replies":[{"embeddable":true,"href":"https:\/\/denizcankizil.tr\/uk\/wp-json\/wp\/v2\/comments?post=40144"}],"version-history":[{"count":0,"href":"https:\/\/denizcankizil.tr\/uk\/wp-json\/wp\/v2\/posts\/40144\/revisions"}],"wp:attachment":[{"href":"https:\/\/denizcankizil.tr\/uk\/wp-json\/wp\/v2\/media?parent=40144"}],"wp:term":[{"taxonomy":"category","embeddable":true,"href":"https:\/\/denizcankizil.tr\/uk\/wp-json\/wp\/v2\/categories?post=40144"},{"taxonomy":"post_tag","embeddable":true,"href":"https:\/\/denizcankizil.tr\/uk\/wp-json\/wp\/v2\/tags?post=40144"}],"curies":[{"name":"wp","href":"https:\/\/api.w.org\/{rel}","templated":true}]}}