{"id":39355,"date":"2025-03-29T18:41:15","date_gmt":"2025-03-29T15:41:15","guid":{"rendered":"https:\/\/denizcankizil.tr\/uncategorized-tr\/alanya-kaymakami-urkmezerden-gazi-ve-sehit-ailelerine-ziyaret\/"},"modified":"2025-03-29T18:41:15","modified_gmt":"2025-03-29T15:41:15","slug":"alanya-kaymakami-urkmezerden-gazi-ve-sehit-ailelerine-ziyaret","status":"publish","type":"post","link":"https:\/\/denizcankizil.tr\/uk\/haberler\/gundem\/alanya-kaymakami-urkmezerden-gazi-ve-sehit-ailelerine-ziyaret\/","title":{"rendered":"Alanya Kaymakam\u0131 \u00dcrkmezer\u2019den gazi ve \u015fehit ailelerine ziyaret"},"content":{"rendered":"<p>Alanya Kaymakam\u0131 Fatih \u00dcrkmezer, Ramazan Bayram\u0131 vesilesiyle il\u00e7ede bulunan \u015fehit ailelerini ve gazileri ziyaret etti. \u0130lk olarak \u015fehit Co\u015fkun Nazilli&#8217;nin annesi Sultan Nazilli&#8217;yi evinde ziyaret eden Kaymakam \u00dcrkmezer, Sultan teyzenin bayram\u0131n\u0131 kutlayarak dualar\u0131n\u0131 ald\u0131. Ard\u0131ndan, Gazi Mahmut \u015eanl\u0131 ve ailesiyle bir araya gelen Kaymakam \u00dcrkmezer, gazi ile sohbet ederek kendisinin ve ailesinin Ramazan Bayram\u0131n\u0131 kutlad\u0131. Bayram ziyaretlerinden sonra, \u015eehit Memi\u015f Can&#8217;\u0131n karde\u015fi olan ve yak\u0131n zamanda hayat\u0131n\u0131 kaybeden Mustafa Can&#8217;\u0131n ailesine taziye ziyaretinde bulunan Kaymakam \u00dcrkmezer, aileye ba\u015fsa\u011fl\u0131\u011f\u0131 ve sab\u0131r dileyerek devletin her zaman yanlar\u0131nda oldu\u011funu vurgulad\u0131.<\/p>\n<p>EN DE\u011eERL\u0130 VARLIK<\/p>\n<p>\u015eehit aileleri ve gazilerin Ramazan Bayram\u0131n\u0131 kutlayan Kaymakam \u00dcrkmezer, &#8220;Milletimizin birli\u011fi, vatan\u0131m\u0131z\u0131n b\u00f6l\u00fcnmez b\u00fct\u00fcnl\u00fc\u011f\u00fc u\u011fruna canlar\u0131n\u0131 feda eden aziz \u015fehitlerimizin emaneti olan k\u0131ymetli aileleri ve bu u\u011furda gazi olan kahramanlar\u0131m\u0131z, bizim i\u00e7in en de\u011ferli varl\u0131klard\u0131r. Bu m\u00fcbarek Ramazan Bayram\u0131&#8217;nda \u015eehit Co\u015fkun Nazilli&#8217;nin annesi Sultan teyzemizi ve Gazimiz Mahmut \u015eanl\u0131 ile ailesini ziyaret ederek bayram sevincini payla\u015ft\u0131k. Devletimizin s\u0131cak elini ve milletimizin vefas\u0131n\u0131 hissettirmek boynumuzun borcudur. Bu vesileyle, vatan\u0131m\u0131z i\u00e7in canlar\u0131n\u0131 feda eden t\u00fcm \u015fehitlerimizi bir kez daha rahmet, minnet ve sayg\u0131yla an\u0131yorum. Ruhlar\u0131 \u015fad olsun. T\u00fcm \u015fehit ailelerimizin ve gazilerimizin Ramazan Bayram\u0131&#8217;n\u0131 en i\u00e7ten dileklerimle kutluyorum&#8221; dedi. Kaymakam Fatih \u00dcrkmezer&#8217;e ziyareti s\u0131ras\u0131nda Sosyal Hizmet Merkezi M\u00fcd\u00fcr\u00fc Fatma Aksoy ve SHM personeli e\u015flik etti.<\/p>\n<p>\u200bAlanya Kaymakam\u0131 Dr. Fatih \u00dcrkmezer, Ramazan Bayram\u0131 dolay\u0131s\u0131yla \u015fehit ve gazi ailelerini ziyaret etti. \u00dcrkmezer, \u015eehit Co\u015fkun Nazilli\u2019nin ailesini ve Gazi Mahmut \u015eanl\u0131\u2019y\u0131 ziyaret ederek, bayram\u0131n manevi anlam\u0131n\u0131 onlarla payla\u015ft\u0131.\u00a0<\/p>\n<p>\u200bHaberin Al\u0131nt\u0131land\u0131\u011f\u0131 Kaynak: www.antalyakorfez.com<\/p>","protected":false},"excerpt":{"rendered":"<p>Alanya Kaymakam\u0131 Fatih \u00dcrkmezer, Ramazan Bayram\u0131 vesilesiyle il\u00e7ede bulunan \u015fehit ailelerini ve gazileri ziyaret etti. \u0130lk olarak \u015fehit Co\u015fkun Nazilli&#8217;nin annesi Sultan Nazilli&#8217;yi evinde ziyaret eden Kaymakam \u00dcrkmezer, Sultan teyzenin bayram\u0131n\u0131 kutlayarak dualar\u0131n\u0131 ald\u0131. Ard\u0131ndan, Gazi Mahmut \u015eanl\u0131 ve ailesiyle bir araya gelen Kaymakam \u00dcrkmezer, gazi ile sohbet ederek kendisinin ve ailesinin Ramazan Bayram\u0131n\u0131 kutlad\u0131. Bayram ziyaretlerinden sonra, \u015eehit Memi\u015f Can&#8217;\u0131n karde\u015fi olan ve yak\u0131n zamanda hayat\u0131n\u0131 kaybeden Mustafa Can&#8217;\u0131n ailesine taziye ziyaretinde bulunan Kaymakam \u00dcrkmezer, aileye ba\u015fsa\u011fl\u0131\u011f\u0131 ve sab\u0131r dileyerek devletin her zaman yanlar\u0131nda oldu\u011funu vurgulad\u0131. EN DE\u011eERL\u0130 VARLIK \u015eehit aileleri ve gazilerin Ramazan Bayram\u0131n\u0131 kutlayan Kaymakam \u00dcrkmezer, &#8220;Milletimizin birli\u011fi, vatan\u0131m\u0131z\u0131n b\u00f6l\u00fcnmez b\u00fct\u00fcnl\u00fc\u011f\u00fc u\u011fruna canlar\u0131n\u0131 feda eden aziz \u015fehitlerimizin emaneti olan k\u0131ymetli aileleri ve bu u\u011furda gazi olan kahramanlar\u0131m\u0131z, bizim i\u00e7in en de\u011ferli varl\u0131klard\u0131r. Bu m\u00fcbarek Ramazan Bayram\u0131&#8217;nda \u015eehit Co\u015fkun Nazilli&#8217;nin annesi Sultan teyzemizi ve Gazimiz Mahmut \u015eanl\u0131 ile ailesini ziyaret ederek bayram sevincini payla\u015ft\u0131k. Devletimizin s\u0131cak elini ve milletimizin vefas\u0131n\u0131 hissettirmek boynumuzun borcudur. Bu vesileyle, vatan\u0131m\u0131z i\u00e7in canlar\u0131n\u0131 feda eden t\u00fcm \u015fehitlerimizi bir kez daha rahmet, minnet ve sayg\u0131yla an\u0131yorum. Ruhlar\u0131 \u015fad olsun. T\u00fcm \u015fehit ailelerimizin ve gazilerimizin Ramazan Bayram\u0131&#8217;n\u0131 en i\u00e7ten dileklerimle kutluyorum&#8221; dedi. Kaymakam Fatih \u00dcrkmezer&#8217;e ziyareti s\u0131ras\u0131nda Sosyal Hizmet Merkezi M\u00fcd\u00fcr\u00fc Fatma Aksoy ve SHM &hellip;<\/p>","protected":false},"author":5,"featured_media":0,"comment_status":"","ping_status":"open","sticky":false,"template":"","format":"standard","meta":{"_acf_changed":false,"footnotes":""},"categories":[24],"tags":[],"class_list":["post-39355","post","type-post","status-publish","format-standard","has-post-thumbnail","hentry","category-gundem"],"acf":[],"yoast_head":"<!-- This site is optimized with the Yoast SEO Premium plugin v26.6 (Yoast SEO v27.1.1) - https:\/\/yoast.com\/product\/yoast-seo-premium-wordpress\/ -->\n<title>Alanya Kaymakam\u0131 \u00dcrkmezer\u2019den gazi ve \u015fehit ailelerine ziyaret - Av. Deniz Can K\u0131z\u0131l<\/title>\n<meta name=\"robots\" content=\"index, follow, max-snippet:-1, max-image-preview:large, max-video-preview:-1\" \/>\n<link rel=\"canonical\" href=\"https:\/\/denizcankizil.tr\/uk\/haberler\/gundem\/alanya-kaymakami-urkmezerden-gazi-ve-sehit-ailelerine-ziyaret\/\" \/>\n<meta property=\"og:locale\" content=\"uk_UA\" \/>\n<meta property=\"og:type\" content=\"article\" \/>\n<meta property=\"og:title\" content=\"Alanya Kaymakam\u0131 \u00dcrkmezer\u2019den gazi ve \u015fehit ailelerine ziyaret\" \/>\n<meta property=\"og:description\" content=\"Alanya Kaymakam\u0131 Fatih \u00dcrkmezer, Ramazan Bayram\u0131 vesilesiyle il\u00e7ede bulunan \u015fehit ailelerini ve gazileri ziyaret etti. \u0130lk olarak \u015fehit Co\u015fkun Nazilli&#8217;nin annesi Sultan Nazilli&#8217;yi evinde ziyaret eden Kaymakam \u00dcrkmezer, Sultan teyzenin bayram\u0131n\u0131 kutlayarak dualar\u0131n\u0131 ald\u0131. Ard\u0131ndan, Gazi Mahmut \u015eanl\u0131 ve ailesiyle bir araya gelen Kaymakam \u00dcrkmezer, gazi ile sohbet ederek kendisinin ve ailesinin Ramazan Bayram\u0131n\u0131 kutlad\u0131. Bayram ziyaretlerinden sonra, \u015eehit Memi\u015f Can&#8217;\u0131n karde\u015fi olan ve yak\u0131n zamanda hayat\u0131n\u0131 kaybeden Mustafa Can&#8217;\u0131n ailesine taziye ziyaretinde bulunan Kaymakam \u00dcrkmezer, aileye ba\u015fsa\u011fl\u0131\u011f\u0131 ve sab\u0131r dileyerek devletin her zaman yanlar\u0131nda oldu\u011funu vurgulad\u0131. EN DE\u011eERL\u0130 VARLIK \u015eehit aileleri ve gazilerin Ramazan Bayram\u0131n\u0131 kutlayan Kaymakam \u00dcrkmezer, &#8220;Milletimizin birli\u011fi, vatan\u0131m\u0131z\u0131n b\u00f6l\u00fcnmez b\u00fct\u00fcnl\u00fc\u011f\u00fc u\u011fruna canlar\u0131n\u0131 feda eden aziz \u015fehitlerimizin emaneti olan k\u0131ymetli aileleri ve bu u\u011furda gazi olan kahramanlar\u0131m\u0131z, bizim i\u00e7in en de\u011ferli varl\u0131klard\u0131r. Bu m\u00fcbarek Ramazan Bayram\u0131&#8217;nda \u015eehit Co\u015fkun Nazilli&#8217;nin annesi Sultan teyzemizi ve Gazimiz Mahmut \u015eanl\u0131 ile ailesini ziyaret ederek bayram sevincini payla\u015ft\u0131k. Devletimizin s\u0131cak elini ve milletimizin vefas\u0131n\u0131 hissettirmek boynumuzun borcudur. Bu vesileyle, vatan\u0131m\u0131z i\u00e7in canlar\u0131n\u0131 feda eden t\u00fcm \u015fehitlerimizi bir kez daha rahmet, minnet ve sayg\u0131yla an\u0131yorum. Ruhlar\u0131 \u015fad olsun. T\u00fcm \u015fehit ailelerimizin ve gazilerimizin Ramazan Bayram\u0131&#8217;n\u0131 en i\u00e7ten dileklerimle kutluyorum&#8221; dedi. Kaymakam Fatih \u00dcrkmezer&#8217;e ziyareti s\u0131ras\u0131nda Sosyal Hizmet Merkezi M\u00fcd\u00fcr\u00fc Fatma Aksoy ve SHM &hellip;\" \/>\n<meta property=\"og:url\" content=\"https:\/\/denizcankizil.tr\/uk\/haberler\/gundem\/alanya-kaymakami-urkmezerden-gazi-ve-sehit-ailelerine-ziyaret\/\" \/>\n<meta property=\"og:site_name\" content=\"Av. Deniz Can K\u0131z\u0131l\" \/>\n<meta property=\"article:published_time\" content=\"2025-03-29T15:41:15+00:00\" \/>\n<meta name=\"author\" content=\"Antalya K\u00f6rfez\" \/>\n<meta name=\"twitter:card\" content=\"summary_large_image\" \/>\n<meta name=\"twitter:label1\" content=\"\u041d\u0430\u043f\u0438\u0441\u0430\u043d\u043e\" \/>\n\t<meta name=\"twitter:data1\" content=\"Antalya K\u00f6rfez\" \/>\n\t<meta name=\"twitter:label2\" content=\"\u041f\u0440\u0438\u0431\u043b. \u0447\u0430\u0441 \u0447\u0438\u0442\u0430\u043d\u043d\u044f\" \/>\n\t<meta name=\"twitter:data2\" content=\"2 \u0445\u0432\u0438\u043b\u0438\u043d\u0438\" \/>\n<script type=\"application\/ld+json\" class=\"yoast-schema-graph\">{\"@context\":\"https:\/\/schema.org\",\"@graph\":[{\"@type\":\"Article\",\"@id\":\"https:\/\/denizcankizil.tr\/uk\/haberler\/gundem\/alanya-kaymakami-urkmezerden-gazi-ve-sehit-ailelerine-ziyaret\/#article\",\"isPartOf\":{\"@id\":\"https:\/\/denizcankizil.tr\/uk\/haberler\/gundem\/alanya-kaymakami-urkmezerden-gazi-ve-sehit-ailelerine-ziyaret\/\"},\"author\":{\"name\":\"Antalya K\u00f6rfez\",\"@id\":\"https:\/\/denizcankizil.tr\/de\/#\/schema\/person\/e1eb71bb4dd684d46563f0af307e1234\"},\"headline\":\"Alanya Kaymakam\u0131 \u00dcrkmezer\u2019den gazi ve \u015fehit ailelerine ziyaret\",\"datePublished\":\"2025-03-29T15:41:15+00:00\",\"mainEntityOfPage\":{\"@id\":\"https:\/\/denizcankizil.tr\/uk\/haberler\/gundem\/alanya-kaymakami-urkmezerden-gazi-ve-sehit-ailelerine-ziyaret\/\"},\"wordCount\":320,\"publisher\":{\"@id\":\"https:\/\/denizcankizil.tr\/de\/#organization\"},\"articleSection\":[\"G\u00fcndem\"],\"inLanguage\":\"uk\"},{\"@type\":\"WebPage\",\"@id\":\"https:\/\/denizcankizil.tr\/uk\/haberler\/gundem\/alanya-kaymakami-urkmezerden-gazi-ve-sehit-ailelerine-ziyaret\/\",\"url\":\"https:\/\/denizcankizil.tr\/uk\/haberler\/gundem\/alanya-kaymakami-urkmezerden-gazi-ve-sehit-ailelerine-ziyaret\/\",\"name\":\"Alanya Kaymakam\u0131 \u00dcrkmezer\u2019den gazi ve \u015fehit ailelerine ziyaret - Av. Deniz Can K\u0131z\u0131l\",\"isPartOf\":{\"@id\":\"https:\/\/denizcankizil.tr\/de\/#website\"},\"datePublished\":\"2025-03-29T15:41:15+00:00\",\"breadcrumb\":{\"@id\":\"https:\/\/denizcankizil.tr\/uk\/haberler\/gundem\/alanya-kaymakami-urkmezerden-gazi-ve-sehit-ailelerine-ziyaret\/#breadcrumb\"},\"inLanguage\":\"uk\",\"potentialAction\":[{\"@type\":\"ReadAction\",\"target\":[\"https:\/\/denizcankizil.tr\/uk\/haberler\/gundem\/alanya-kaymakami-urkmezerden-gazi-ve-sehit-ailelerine-ziyaret\/\"]}]},{\"@type\":\"BreadcrumbList\",\"@id\":\"https:\/\/denizcankizil.tr\/uk\/haberler\/gundem\/alanya-kaymakami-urkmezerden-gazi-ve-sehit-ailelerine-ziyaret\/#breadcrumb\",\"itemListElement\":[{\"@type\":\"ListItem\",\"position\":1,\"name\":\"Home\",\"item\":\"https:\/\/denizcankizil.tr\/de\/\"},{\"@type\":\"ListItem\",\"position\":2,\"name\":\"Alanya Kaymakam\u0131 \u00dcrkmezer\u2019den gazi ve \u015fehit ailelerine ziyaret\"}]},{\"@type\":\"WebSite\",\"@id\":\"https:\/\/denizcankizil.tr\/de\/#website\",\"url\":\"https:\/\/denizcankizil.tr\/de\/\",\"name\":\"Av. Deniz Can K\u0131z\u0131l\",\"description\":\"Avukat Deniz Can K\u0131z\u0131l Antalya Barosu\",\"publisher\":{\"@id\":\"https:\/\/denizcankizil.tr\/de\/#organization\"},\"potentialAction\":[{\"@type\":\"SearchAction\",\"target\":{\"@type\":\"EntryPoint\",\"urlTemplate\":\"https:\/\/denizcankizil.tr\/de\/?s={search_term_string}\"},\"query-input\":{\"@type\":\"PropertyValueSpecification\",\"valueRequired\":true,\"valueName\":\"search_term_string\"}}],\"inLanguage\":\"uk\"},{\"@type\":\"Organization\",\"@id\":\"https:\/\/denizcankizil.tr\/de\/#organization\",\"name\":\"Av. Deniz Can K\u0131z\u0131l\",\"url\":\"https:\/\/denizcankizil.tr\/de\/\",\"logo\":{\"@type\":\"ImageObject\",\"inLanguage\":\"uk\",\"@id\":\"https:\/\/denizcankizil.tr\/de\/#\/schema\/logo\/image\/\",\"url\":\"https:\/\/denizcankizil.tr\/wp-content\/uploads\/2024\/10\/siyah-logo-svg.svg\",\"contentUrl\":\"https:\/\/denizcankizil.tr\/wp-content\/uploads\/2024\/10\/siyah-logo-svg.svg\",\"width\":1080,\"height\":1080,\"caption\":\"Av. Deniz Can K\u0131z\u0131l\"},\"image\":{\"@id\":\"https:\/\/denizcankizil.tr\/de\/#\/schema\/logo\/image\/\"}},{\"@type\":\"Person\",\"@id\":\"https:\/\/denizcankizil.tr\/de\/#\/schema\/person\/e1eb71bb4dd684d46563f0af307e1234\",\"name\":\"Antalya K\u00f6rfez\",\"image\":{\"@type\":\"ImageObject\",\"inLanguage\":\"uk\",\"@id\":\"https:\/\/denizcankizil.tr\/de\/#\/schema\/person\/image\/\",\"url\":\"https:\/\/secure.gravatar.com\/avatar\/42b01982558a48a0b501fdcab6a408d3717ea5919095ee2e67b0e521799c5905?s=96&d=mm&r=g\",\"contentUrl\":\"https:\/\/secure.gravatar.com\/avatar\/42b01982558a48a0b501fdcab6a408d3717ea5919095ee2e67b0e521799c5905?s=96&d=mm&r=g\",\"caption\":\"Antalya K\u00f6rfez\"},\"sameAs\":[\"http:\/\/www.antalyakorfez.com\"],\"url\":\"https:\/\/www.antalyakorfez.com\/alanya-kaymakami-urkmezerden-gazi-ve-sehit-ailelerine-ziyaret\"}]}<\/script>\n<!-- \/ Yoast SEO Premium plugin. -->","yoast_head_json":{"title":"Alanya Kaymakam\u0131 \u00dcrkmezer\u2019den gazi ve \u015fehit ailelerine ziyaret - Av. Deniz Can K\u0131z\u0131l","robots":{"index":"index","follow":"follow","max-snippet":"max-snippet:-1","max-image-preview":"max-image-preview:large","max-video-preview":"max-video-preview:-1"},"canonical":"https:\/\/denizcankizil.tr\/uk\/haberler\/gundem\/alanya-kaymakami-urkmezerden-gazi-ve-sehit-ailelerine-ziyaret\/","og_locale":"uk_UA","og_type":"article","og_title":"Alanya Kaymakam\u0131 \u00dcrkmezer\u2019den gazi ve \u015fehit ailelerine ziyaret","og_description":"Alanya Kaymakam\u0131 Fatih \u00dcrkmezer, Ramazan Bayram\u0131 vesilesiyle il\u00e7ede bulunan \u015fehit ailelerini ve gazileri ziyaret etti. \u0130lk olarak \u015fehit Co\u015fkun Nazilli&#8217;nin annesi Sultan Nazilli&#8217;yi evinde ziyaret eden Kaymakam \u00dcrkmezer, Sultan teyzenin bayram\u0131n\u0131 kutlayarak dualar\u0131n\u0131 ald\u0131. Ard\u0131ndan, Gazi Mahmut \u015eanl\u0131 ve ailesiyle bir araya gelen Kaymakam \u00dcrkmezer, gazi ile sohbet ederek kendisinin ve ailesinin Ramazan Bayram\u0131n\u0131 kutlad\u0131. Bayram ziyaretlerinden sonra, \u015eehit Memi\u015f Can&#8217;\u0131n karde\u015fi olan ve yak\u0131n zamanda hayat\u0131n\u0131 kaybeden Mustafa Can&#8217;\u0131n ailesine taziye ziyaretinde bulunan Kaymakam \u00dcrkmezer, aileye ba\u015fsa\u011fl\u0131\u011f\u0131 ve sab\u0131r dileyerek devletin her zaman yanlar\u0131nda oldu\u011funu vurgulad\u0131. EN DE\u011eERL\u0130 VARLIK \u015eehit aileleri ve gazilerin Ramazan Bayram\u0131n\u0131 kutlayan Kaymakam \u00dcrkmezer, &#8220;Milletimizin birli\u011fi, vatan\u0131m\u0131z\u0131n b\u00f6l\u00fcnmez b\u00fct\u00fcnl\u00fc\u011f\u00fc u\u011fruna canlar\u0131n\u0131 feda eden aziz \u015fehitlerimizin emaneti olan k\u0131ymetli aileleri ve bu u\u011furda gazi olan kahramanlar\u0131m\u0131z, bizim i\u00e7in en de\u011ferli varl\u0131klard\u0131r. Bu m\u00fcbarek Ramazan Bayram\u0131&#8217;nda \u015eehit Co\u015fkun Nazilli&#8217;nin annesi Sultan teyzemizi ve Gazimiz Mahmut \u015eanl\u0131 ile ailesini ziyaret ederek bayram sevincini payla\u015ft\u0131k. Devletimizin s\u0131cak elini ve milletimizin vefas\u0131n\u0131 hissettirmek boynumuzun borcudur. Bu vesileyle, vatan\u0131m\u0131z i\u00e7in canlar\u0131n\u0131 feda eden t\u00fcm \u015fehitlerimizi bir kez daha rahmet, minnet ve sayg\u0131yla an\u0131yorum. Ruhlar\u0131 \u015fad olsun. T\u00fcm \u015fehit ailelerimizin ve gazilerimizin Ramazan Bayram\u0131&#8217;n\u0131 en i\u00e7ten dileklerimle kutluyorum&#8221; dedi. Kaymakam Fatih \u00dcrkmezer&#8217;e ziyareti s\u0131ras\u0131nda Sosyal Hizmet Merkezi M\u00fcd\u00fcr\u00fc Fatma Aksoy ve SHM &hellip;","og_url":"https:\/\/denizcankizil.tr\/uk\/haberler\/gundem\/alanya-kaymakami-urkmezerden-gazi-ve-sehit-ailelerine-ziyaret\/","og_site_name":"Av. Deniz Can K\u0131z\u0131l","article_published_time":"2025-03-29T15:41:15+00:00","author":"Antalya K\u00f6rfez","twitter_card":"summary_large_image","twitter_misc":{"\u041d\u0430\u043f\u0438\u0441\u0430\u043d\u043e":"Antalya K\u00f6rfez","\u041f\u0440\u0438\u0431\u043b. \u0447\u0430\u0441 \u0447\u0438\u0442\u0430\u043d\u043d\u044f":"2 \u0445\u0432\u0438\u043b\u0438\u043d\u0438"},"schema":{"@context":"https:\/\/schema.org","@graph":[{"@type":"Article","@id":"https:\/\/denizcankizil.tr\/uk\/haberler\/gundem\/alanya-kaymakami-urkmezerden-gazi-ve-sehit-ailelerine-ziyaret\/#article","isPartOf":{"@id":"https:\/\/denizcankizil.tr\/uk\/haberler\/gundem\/alanya-kaymakami-urkmezerden-gazi-ve-sehit-ailelerine-ziyaret\/"},"author":{"name":"Antalya K\u00f6rfez","@id":"https:\/\/denizcankizil.tr\/de\/#\/schema\/person\/e1eb71bb4dd684d46563f0af307e1234"},"headline":"Alanya Kaymakam\u0131 \u00dcrkmezer\u2019den gazi ve \u015fehit ailelerine ziyaret","datePublished":"2025-03-29T15:41:15+00:00","mainEntityOfPage":{"@id":"https:\/\/denizcankizil.tr\/uk\/haberler\/gundem\/alanya-kaymakami-urkmezerden-gazi-ve-sehit-ailelerine-ziyaret\/"},"wordCount":320,"publisher":{"@id":"https:\/\/denizcankizil.tr\/de\/#organization"},"articleSection":["G\u00fcndem"],"inLanguage":"uk"},{"@type":"WebPage","@id":"https:\/\/denizcankizil.tr\/uk\/haberler\/gundem\/alanya-kaymakami-urkmezerden-gazi-ve-sehit-ailelerine-ziyaret\/","url":"https:\/\/denizcankizil.tr\/uk\/haberler\/gundem\/alanya-kaymakami-urkmezerden-gazi-ve-sehit-ailelerine-ziyaret\/","name":"Alanya Kaymakam\u0131 \u00dcrkmezer\u2019den gazi ve \u015fehit ailelerine ziyaret - Av. Deniz Can K\u0131z\u0131l","isPartOf":{"@id":"https:\/\/denizcankizil.tr\/de\/#website"},"datePublished":"2025-03-29T15:41:15+00:00","breadcrumb":{"@id":"https:\/\/denizcankizil.tr\/uk\/haberler\/gundem\/alanya-kaymakami-urkmezerden-gazi-ve-sehit-ailelerine-ziyaret\/#breadcrumb"},"inLanguage":"uk","potentialAction":[{"@type":"ReadAction","target":["https:\/\/denizcankizil.tr\/uk\/haberler\/gundem\/alanya-kaymakami-urkmezerden-gazi-ve-sehit-ailelerine-ziyaret\/"]}]},{"@type":"BreadcrumbList","@id":"https:\/\/denizcankizil.tr\/uk\/haberler\/gundem\/alanya-kaymakami-urkmezerden-gazi-ve-sehit-ailelerine-ziyaret\/#breadcrumb","itemListElement":[{"@type":"ListItem","position":1,"name":"Home","item":"https:\/\/denizcankizil.tr\/de\/"},{"@type":"ListItem","position":2,"name":"Alanya Kaymakam\u0131 \u00dcrkmezer\u2019den gazi ve \u015fehit ailelerine ziyaret"}]},{"@type":"WebSite","@id":"https:\/\/denizcankizil.tr\/de\/#website","url":"https:\/\/denizcankizil.tr\/de\/","name":"Av. Deniz Can K\u0131z\u0131l","description":"Avukat Deniz Can K\u0131z\u0131l Antalya Barosu","publisher":{"@id":"https:\/\/denizcankizil.tr\/de\/#organization"},"potentialAction":[{"@type":"SearchAction","target":{"@type":"EntryPoint","urlTemplate":"https:\/\/denizcankizil.tr\/de\/?s={search_term_string}"},"query-input":{"@type":"PropertyValueSpecification","valueRequired":true,"valueName":"search_term_string"}}],"inLanguage":"uk"},{"@type":"Organization","@id":"https:\/\/denizcankizil.tr\/de\/#organization","name":"Av. Deniz Can K\u0131z\u0131l","url":"https:\/\/denizcankizil.tr\/de\/","logo":{"@type":"ImageObject","inLanguage":"uk","@id":"https:\/\/denizcankizil.tr\/de\/#\/schema\/logo\/image\/","url":"https:\/\/denizcankizil.tr\/wp-content\/uploads\/2024\/10\/siyah-logo-svg.svg","contentUrl":"https:\/\/denizcankizil.tr\/wp-content\/uploads\/2024\/10\/siyah-logo-svg.svg","width":1080,"height":1080,"caption":"Av. Deniz Can K\u0131z\u0131l"},"image":{"@id":"https:\/\/denizcankizil.tr\/de\/#\/schema\/logo\/image\/"}},{"@type":"Person","@id":"https:\/\/denizcankizil.tr\/de\/#\/schema\/person\/e1eb71bb4dd684d46563f0af307e1234","name":"Antalya K\u00f6rfez","image":{"@type":"ImageObject","inLanguage":"uk","@id":"https:\/\/denizcankizil.tr\/de\/#\/schema\/person\/image\/","url":"https:\/\/secure.gravatar.com\/avatar\/42b01982558a48a0b501fdcab6a408d3717ea5919095ee2e67b0e521799c5905?s=96&d=mm&r=g","contentUrl":"https:\/\/secure.gravatar.com\/avatar\/42b01982558a48a0b501fdcab6a408d3717ea5919095ee2e67b0e521799c5905?s=96&d=mm&r=g","caption":"Antalya K\u00f6rfez"},"sameAs":["http:\/\/www.antalyakorfez.com"],"url":"https:\/\/www.antalyakorfez.com\/alanya-kaymakami-urkmezerden-gazi-ve-sehit-ailelerine-ziyaret"}]}},"_links":{"self":[{"href":"https:\/\/denizcankizil.tr\/uk\/wp-json\/wp\/v2\/posts\/39355","targetHints":{"allow":["GET"]}}],"collection":[{"href":"https:\/\/denizcankizil.tr\/uk\/wp-json\/wp\/v2\/posts"}],"about":[{"href":"https:\/\/denizcankizil.tr\/uk\/wp-json\/wp\/v2\/types\/post"}],"author":[{"embeddable":true,"href":"https:\/\/denizcankizil.tr\/uk\/wp-json\/wp\/v2\/users\/5"}],"replies":[{"embeddable":true,"href":"https:\/\/denizcankizil.tr\/uk\/wp-json\/wp\/v2\/comments?post=39355"}],"version-history":[{"count":0,"href":"https:\/\/denizcankizil.tr\/uk\/wp-json\/wp\/v2\/posts\/39355\/revisions"}],"wp:attachment":[{"href":"https:\/\/denizcankizil.tr\/uk\/wp-json\/wp\/v2\/media?parent=39355"}],"wp:term":[{"taxonomy":"category","embeddable":true,"href":"https:\/\/denizcankizil.tr\/uk\/wp-json\/wp\/v2\/categories?post=39355"},{"taxonomy":"post_tag","embeddable":true,"href":"https:\/\/denizcankizil.tr\/uk\/wp-json\/wp\/v2\/tags?post=39355"}],"curies":[{"name":"wp","href":"https:\/\/api.w.org\/{rel}","templated":true}]}}