{"id":38171,"date":"2025-03-28T14:41:13","date_gmt":"2025-03-28T11:41:13","guid":{"rendered":"https:\/\/denizcankizil.tr\/uncategorized-tr\/rektor-ozkan-yangin-yerinde-incelemede-bulundu\/"},"modified":"2025-03-28T14:41:13","modified_gmt":"2025-03-28T11:41:13","slug":"rektor-ozkan-yangin-yerinde-incelemede-bulundu","status":"publish","type":"post","link":"https:\/\/denizcankizil.tr\/uk\/haberler\/antalya\/rektor-ozkan-yangin-yerinde-incelemede-bulundu\/","title":{"rendered":"Rekt\u00f6r \u00d6zkan yang\u0131n yerinde incelemede bulundu"},"content":{"rendered":"<p>Akdeniz \u00dcniversitesi Hastanesi Acil Servis B\u00f6l\u00fcm\u00fcnde 26 Mart g\u00fcn\u00fc 11.54&#8217;te meydana gelen yang\u0131n\u0131n ard\u0131ndan h\u0131zl\u0131 m\u00fcdahale ile hastalar tahliye edilerek yang\u0131n kontrol alt\u0131na al\u0131nd\u0131. Akdeniz \u00dcniversitesi Rekt\u00f6r\u00fc Prof. Dr. \u00d6zlenen \u00d6zkan yang\u0131n sonras\u0131 acil servis b\u00f6l\u00fcm\u00fcn\u00fc ziyaret etti. Rekt\u00f6r \u00d6zkan ard\u0131ndan hastanede acil servis hizmetlerinin kesintisiz s\u00fcrd\u00fcr\u00fclebilmesi i\u00e7in kurulan \u00e7ad\u0131r alanda hekimlerle ve hastalarla da bir araya geldi.<\/p>\n<p>D\u00fczenli tatbikatlar\u0131n faydas\u0131 g\u00f6r\u00fcld\u00fc<br \/>\nYang\u0131n s\u0131ras\u0131nda g\u00fc\u00e7l\u00fc bir koordinasyonla hareket edildi\u011fini vurgulayan Rekt\u00f6r Prof. Dr. \u00d6zlenen \u00d6zkan, al\u0131nan \u00f6nlemlerin olu\u015fabilecek b\u00fcy\u00fck bir krizin \u00f6n\u00fcne ge\u00e7ti\u011fini belirtti. Rekt\u00f6r \u00d6zkan, &#8220;Yang\u0131n, deprem ve sel gibi durumlar b\u00fcy\u00fck facialara yol a\u00e7abiliyor. Kartalkaya facias\u0131n\u0131n ard\u0131ndan \u00e7al\u0131\u015fmalar\u0131m\u0131z\u0131 h\u0131zland\u0131rd\u0131k. Eski binalar\u0131m\u0131z\u0131 revize edebildi\u011fimiz \u00f6l\u00e7\u00fcde de\u011ferlendirdik ve olu\u015fabilecek acil durumlara haz\u0131rl\u0131k i\u00e7in bir \u2018acil masa&#8217; ekibi kurduk. Bu ekip ile birlikte acil durum senaryolar\u0131 \u00fczerinden d\u00fczenli tatbikatlar ger\u00e7ekle\u015ftirdik&#8221; ifadelerini kulland\u0131. Yang\u0131n s\u0131ras\u0131nda tahliye s\u00fcrecinin ba\u015far\u0131yla tamamlanmas\u0131nda ekiplerin so\u011fukkanl\u0131l\u0131\u011f\u0131 ve daha \u00f6nce yap\u0131lan tatbikatlar\u0131n \u00f6nemli rol oynad\u0131\u011f\u0131n\u0131 belirten Rekt\u00f6r Prof. Dr. \u00d6zlenen \u00d6zkan, &#8220;Hastane y\u00f6netimimiz, personelin g\u00f6rev yerlerini \u00f6nceden belirleyerek b\u00fcy\u00fck bir kriz an\u0131nda kimin nerede nas\u0131l davranaca\u011f\u0131na dair g\u00fc\u00e7l\u00fc bir altyap\u0131 olu\u015fturdu. Bu sayede herkes yerini ve sorumlulu\u011funu bildi\u011fi i\u00e7in tahliye s\u00fcreci ola\u011fan\u00fcst\u00fc bir d\u00fczen i\u00e7inde ilerledi. Ba\u015fhekimimiz Prof. Dr. Y\u0131ld\u0131ray \u00c7ete ve Hastane M\u00fcd\u00fcr\u00fcm\u00fcz Hatice Yavuz Y\u00fcce ba\u015fta olmak \u00fczere s\u00fcrece katk\u0131 sunan t\u00fcm y\u00f6neticilerimize ve personelimize g\u00f6n\u00fclden te\u015fekk\u00fcr ediyorum&#8221; diye konu\u015ftu.<\/p>\n<p>&#8220;15 dakikada hastaneyi tahliye ettik&#8221;<br \/>\nYang\u0131n\u0131n ilk dakikalar\u0131na dair bilgi veren Rekt\u00f6r Prof. Dr. \u00d6zlenen \u00d6zkan, olay\u0131n b\u00fcy\u00fckl\u00fc\u011f\u00fcne ra\u011fmen h\u0131zl\u0131 ve etkili m\u00fcdahale sayesinde b\u00fcy\u00fck bir felaketin \u00f6n\u00fcne ge\u00e7ildi\u011fini belirtti. Rekt\u00f6r \u00d6zkan, &#8220;Yang\u0131n \u00e7ok h\u0131zl\u0131 ilerleyen bir afet t\u00fcr\u00fc. Akdeniz \u00dcniversitesi Hastanesi b\u00fcy\u00fck ve kompleks bir yap\u0131ya sahip. \u00d6zellikle hava ak\u0131m\u0131n\u0131n etkisiyle duman h\u0131zla yay\u0131ld\u0131. Bu durumu \u00f6nlemek b\u00fcy\u00fck \u00f6nem ta\u015f\u0131yordu. En kritik unsurlardan biri, olay an\u0131nda biz ekip olarak s\u00fcrecin ba\u015f\u0131ndayd\u0131k. Ekibin y\u00f6netici ekibin ba\u015f\u0131nda olmas\u0131 da tabi h\u0131zl\u0131 karar almak a\u00e7\u0131s\u0131ndan \u00e7ok k\u0131ymetliydi. \u00c7ok h\u0131zl\u0131 bir \u015fekilde, 15 dakika i\u00e7inde b\u00fct\u00fcn hastaneyi tahliye ettik. Herkes b\u00fcy\u00fck bir \u00f6zveriyle g\u00f6revini yerine getirdi. Herkes canh\u0131ra\u015f can\u0131n\u0131 ortaya koyarak hastalar\u0131 d\u0131\u015far\u0131ya \u00e7\u0131kard\u0131. Hi\u00e7 kimsenin can\u0131 yanmadan s\u00fcreci y\u00f6netmek b\u00fcy\u00fck bir ba\u015far\u0131yd\u0131. \u00d6nceden yap\u0131lan haz\u0131rl\u0131klar\u0131n ve ekibin so\u011fukkanl\u0131 yakla\u015f\u0131m\u0131n\u0131n bu ba\u015far\u0131da b\u00fcy\u00fck pay\u0131 oldu&#8221; diye konu\u015ftu. Kurumsal i\u015f birli\u011fiyle \u00f6rnek bir koordinasyon sergilendi\u011finin de alt\u0131n\u0131 \u00e7izen Rekt\u00f6r Prof. Dr. \u00d6zlenen \u00d6zkan, &#8220;Yang\u0131n\u0131n ilk dakikalar\u0131nda Antalya Valimiz Say\u0131n Hulusi \u015eahin ba\u015fta olmak \u00fczere AFAD, itfaiye, \u0130l Sa\u011fl\u0131k M\u00fcd\u00fcr\u00fcm\u00fcz Prof. Dr. Behzat \u00d6zkan ve t\u00fcm ilgili kurumlar h\u0131zla olay yerine ula\u015ft\u0131. Olu\u015fan g\u00fc\u00e7l\u00fc i\u015f birli\u011fi sayesinde kriz ba\u015far\u0131yla y\u00f6netildi. Bu \u00e7apta bir tahliye ve m\u00fcdahalenin 15 dakika gibi k\u0131sa bir s\u00fcrede tamamlanmas\u0131, haz\u0131rl\u0131kl\u0131 ve koordineli bir ekibin eseridir&#8221; dedi.<\/p>\n<p>&#8220;Yang\u0131n oldu\u011funda ameliyatlar devam ediyordu&#8221;<br \/>\nYang\u0131n s\u0131ras\u0131nda ameliyat\u0131 devam eden hastalar\u0131n oldu\u011funu belirten Rekt\u00f6r Prof. Dr. \u00d6zlenen \u00d6zkan, &#8220;D\u00fc\u015f\u00fcn\u00fcn, bir yanda ameliyat devam ederken di\u011fer yanda yang\u0131n \u00e7\u0131k\u0131yor. Bu kritik durumda hocalar\u0131m\u0131z, asistanlar\u0131m\u0131z ve t\u00fcm personel b\u00fcy\u00fck bir so\u011fukkanl\u0131l\u0131kla s\u00fcreci y\u00f6netti. Uygun olan ameliyatlar\u0131 h\u0131zla sonland\u0131rd\u0131k, di\u011fer hastalar\u0131m\u0131z\u0131 ise h\u0131zla farkl\u0131 bir binaya ta\u015f\u0131y\u0131p i\u015flemleri orada tamamlad\u0131k. Bu insan\u00fcst\u00fc bir \u00e7aba ve ciddi bir organizasyon gerektiriyordu. E\u011fer bug\u00fcn hastalar\u0131m\u0131z hayattaysa, bu \u00f6zverili ekibimizin g\u00f6n\u00fclden \u00e7al\u0131\u015fmas\u0131n\u0131n eseridir&#8221; ifadelerini kulland\u0131.<\/p>\n<p>Acil servis hizmeti ge\u00e7ici olarak \u00e7ad\u0131rlarda s\u00fcrd\u00fcr\u00fcl\u00fcyor<br \/>\nYang\u0131n s\u0131ras\u0131nda cam ve duvarlar\u0131n k\u0131r\u0131larak duman tahliyesinin sa\u011fland\u0131\u011f\u0131n\u0131 aktaran Rekt\u00f6r Prof. Dr. \u00d6zlenen \u00d6zkan, bu kararlar\u0131n h\u0131zl\u0131 ve do\u011fru \u015fekilde al\u0131nmas\u0131n\u0131n, herhangi bir can kayb\u0131n\u0131n ya\u015fanmadan s\u00fcrecin atlat\u0131lmas\u0131nda b\u00fcy\u00fck etkisi oldu\u011funu vurgulad\u0131. Rekt\u00f6r \u00d6zkan, &#8220;\u015eu an maalesef acil servisimiz kullan\u0131lamaz durumda. Buras\u0131 sadece Antalya&#8217;n\u0131n de\u011fil, Akdeniz B\u00f6lgesi&#8217;nin en kritik ve kapsaml\u0131 acil servislerinden biri. Ben bir hekim olarak bunu net \u015fekilde ifade ediyorum: T\u00fcrkiye&#8217;de en farkl\u0131 ve komplike vakalar\u0131n geldi\u011fi merkezlerden biriyiz. \u0130stanbul&#8217;dan dahi hasta kabul eden, bir\u00e7ok vakada son durak olan bir merkeziz. Bu nedenle ya\u015fanan kay\u0131p sadece \u00fcniversitemiz i\u00e7in de\u011fil, b\u00f6lge i\u00e7in de b\u00fcy\u00fck bir kay\u0131pt\u0131r&#8221; dedi. Ge\u00e7ici olarak hizmetin \u00e7ad\u0131rlarda s\u00fcrd\u00fcr\u00fcld\u00fc\u011f\u00fcn\u00fc belirten Rekt\u00f6r \u00d6zkan, &#8220;\u015eu anda \u00e7ok acil hastalar\u0131 kabul edebilece\u011fimiz \u00e7ad\u0131r alan\u0131nda hizmet veriyoruz. Ancak bu elbette yeterli de\u011fil. En k\u0131sa s\u00fcrede yeniden kal\u0131c\u0131 acil servisimize kavu\u015fmam\u0131z gerekiyor. Bu do\u011frultuda b\u00fcy\u00fck bir gayretle \u00e7al\u0131\u015fmalar\u0131m\u0131za devam ediyoruz&#8221; \u015feklinde konu\u015ftu.<\/p>\n<p>&#8220;Tatbikat tecr\u00fcbesi kritik anlarda avantaj sa\u011flad\u0131&#8221;<br \/>\nAkdeniz \u00dcniversitesi Hastanesi Ba\u015fhekimi Prof. Dr. Y\u0131ld\u0131ray \u00c7ete, d\u00fczenli olarak ger\u00e7ekle\u015ftirilen yang\u0131n ve afet tatbikatlar\u0131n\u0131n bu s\u00fcre\u00e7te \u00f6nemli katk\u0131 sa\u011flad\u0131\u011f\u0131n\u0131 belirterek, &#8220;UMKE i\u015f birli\u011fiyle y\u0131lda iki kez hem masa ba\u015f\u0131 hem de uygulamal\u0131 tatbikatlar ger\u00e7ekle\u015ftiriyoruz. K\u0131sa s\u00fcre \u00f6nce yapt\u0131\u011f\u0131m\u0131z yang\u0131n tatbikat\u0131 sayesinde herkesin g\u00f6rev yeri ve sorumlulu\u011fu netti. Bu kazan\u0131mlar, ya\u015fanan olayda h\u0131zl\u0131 ve etkili hareket etmemizi sa\u011flad\u0131&#8221; dedi.<\/p>\n<p>&#8220;Rekt\u00f6r\u00fcm\u00fcz\u00fcn sahadaki varl\u0131\u011f\u0131 \u00f6nemliydi&#8221;<br \/>\nProf. Dr. \u00c7ete ayr\u0131ca, &#8220;Rekt\u00f6r\u00fcm\u00fcz Prof. Dr. \u00d6zlenen \u00d6zkan&#8217;\u0131n olay an\u0131nda hastanede bizzat bulunmas\u0131, s\u00fcrecin h\u0131zl\u0131 ve etkili y\u00f6netilmesinde b\u00fcy\u00fck rol oynad\u0131. UMKE sorumlusu da tahliye s\u00fcrecimizin ne kadar h\u0131zl\u0131 ve ba\u015far\u0131l\u0131 oldu\u011funu \u00f6zellikle vurgulad\u0131. Yo\u011fun bak\u0131m, ameliyat sonras\u0131 bak\u0131m ve ileri cerrahi m\u00fcdahale gerektiren hastalar\u0131n \u00e7ok k\u0131sa s\u00fcrede tahliyesi ger\u00e7ekten \u00f6rnek bir organizasyondu. Elbette b\u00f6yle bir olay\u0131n hi\u00e7 ya\u015fanmamas\u0131n\u0131 dilerdik, ancak en az\u0131ndan kimsenin can\u0131na bir zarar gelmemesi en b\u00fcy\u00fck tesellimiz oldu&#8221; ifadelerini kulland\u0131.<\/p>\n<p>Kaynak: www.kanalv.com.tr Haber Sitesinden Al\u0131nm\u0131\u015ft\u0131r.<\/p>","protected":false},"excerpt":{"rendered":"<p>Akdeniz \u00dcniversitesi Hastanesi Acil Servis B\u00f6l\u00fcm\u00fcnde 26 Mart g\u00fcn\u00fc 11.54&#8217;te meydana gelen yang\u0131n\u0131n ard\u0131ndan h\u0131zl\u0131 m\u00fcdahale ile hastalar tahliye edilerek yang\u0131n kontrol alt\u0131na al\u0131nd\u0131. Akdeniz \u00dcniversitesi Rekt\u00f6r\u00fc Prof. Dr. \u00d6zlenen \u00d6zkan yang\u0131n sonras\u0131 acil servis b\u00f6l\u00fcm\u00fcn\u00fc ziyaret etti. Rekt\u00f6r \u00d6zkan ard\u0131ndan hastanede acil servis hizmetlerinin kesintisiz s\u00fcrd\u00fcr\u00fclebilmesi i\u00e7in kurulan \u00e7ad\u0131r alanda hekimlerle ve hastalarla da bir araya geldi. D\u00fczenli tatbikatlar\u0131n faydas\u0131 g\u00f6r\u00fcld\u00fc Yang\u0131n s\u0131ras\u0131nda g\u00fc\u00e7l\u00fc bir koordinasyonla hareket edildi\u011fini vurgulayan Rekt\u00f6r Prof. Dr. \u00d6zlenen \u00d6zkan, al\u0131nan \u00f6nlemlerin olu\u015fabilecek b\u00fcy\u00fck bir krizin \u00f6n\u00fcne ge\u00e7ti\u011fini belirtti. Rekt\u00f6r \u00d6zkan, &#8220;Yang\u0131n, deprem ve sel gibi durumlar b\u00fcy\u00fck facialara yol a\u00e7abiliyor. Kartalkaya facias\u0131n\u0131n ard\u0131ndan \u00e7al\u0131\u015fmalar\u0131m\u0131z\u0131 h\u0131zland\u0131rd\u0131k. Eski binalar\u0131m\u0131z\u0131 revize edebildi\u011fimiz \u00f6l\u00e7\u00fcde de\u011ferlendirdik ve olu\u015fabilecek acil durumlara haz\u0131rl\u0131k i\u00e7in bir \u2018acil masa&#8217; ekibi kurduk. Bu ekip ile birlikte acil durum senaryolar\u0131 \u00fczerinden d\u00fczenli tatbikatlar ger\u00e7ekle\u015ftirdik&#8221; ifadelerini kulland\u0131. Yang\u0131n s\u0131ras\u0131nda tahliye s\u00fcrecinin ba\u015far\u0131yla tamamlanmas\u0131nda ekiplerin so\u011fukkanl\u0131l\u0131\u011f\u0131 ve daha \u00f6nce yap\u0131lan tatbikatlar\u0131n \u00f6nemli rol oynad\u0131\u011f\u0131n\u0131 belirten Rekt\u00f6r Prof. Dr. \u00d6zlenen \u00d6zkan, &#8220;Hastane y\u00f6netimimiz, personelin g\u00f6rev yerlerini \u00f6nceden belirleyerek b\u00fcy\u00fck bir kriz an\u0131nda kimin nerede nas\u0131l davranaca\u011f\u0131na dair g\u00fc\u00e7l\u00fc bir altyap\u0131 olu\u015fturdu. Bu sayede herkes yerini ve sorumlulu\u011funu bildi\u011fi i\u00e7in tahliye s\u00fcreci ola\u011fan\u00fcst\u00fc bir d\u00fczen i\u00e7inde ilerledi. Ba\u015fhekimimiz Prof. Dr. Y\u0131ld\u0131ray \u00c7ete ve Hastane M\u00fcd\u00fcr\u00fcm\u00fcz Hatice Yavuz Y\u00fcce ba\u015fta &hellip;<\/p>","protected":false},"author":4,"featured_media":38172,"comment_status":"","ping_status":"open","sticky":false,"template":"","format":"standard","meta":{"_acf_changed":false,"footnotes":""},"categories":[26],"tags":[],"class_list":["post-38171","post","type-post","status-publish","format-standard","has-post-thumbnail","hentry","category-antalya"],"acf":[],"yoast_head":"<!-- This site is optimized with the Yoast SEO Premium plugin v26.6 (Yoast SEO v27.1.1) - https:\/\/yoast.com\/product\/yoast-seo-premium-wordpress\/ -->\n<title>Rekt\u00f6r \u00d6zkan yang\u0131n yerinde incelemede bulundu - Av. Deniz Can K\u0131z\u0131l<\/title>\n<meta name=\"robots\" content=\"index, follow, max-snippet:-1, max-image-preview:large, max-video-preview:-1\" \/>\n<link rel=\"canonical\" href=\"http:\/\/denizcankizil.tr\/uk\/haberler\/antalya\/rektor-ozkan-yangin-yerinde-incelemede-bulundu\/\" \/>\n<meta property=\"og:locale\" content=\"uk_UA\" \/>\n<meta property=\"og:type\" content=\"article\" \/>\n<meta property=\"og:title\" content=\"Rekt\u00f6r \u00d6zkan yang\u0131n yerinde incelemede bulundu\" \/>\n<meta property=\"og:description\" content=\"Akdeniz \u00dcniversitesi Hastanesi Acil Servis B\u00f6l\u00fcm\u00fcnde 26 Mart g\u00fcn\u00fc 11.54&#8217;te meydana gelen yang\u0131n\u0131n ard\u0131ndan h\u0131zl\u0131 m\u00fcdahale ile hastalar tahliye edilerek yang\u0131n kontrol alt\u0131na al\u0131nd\u0131. Akdeniz \u00dcniversitesi Rekt\u00f6r\u00fc Prof. Dr. \u00d6zlenen \u00d6zkan yang\u0131n sonras\u0131 acil servis b\u00f6l\u00fcm\u00fcn\u00fc ziyaret etti. Rekt\u00f6r \u00d6zkan ard\u0131ndan hastanede acil servis hizmetlerinin kesintisiz s\u00fcrd\u00fcr\u00fclebilmesi i\u00e7in kurulan \u00e7ad\u0131r alanda hekimlerle ve hastalarla da bir araya geldi. D\u00fczenli tatbikatlar\u0131n faydas\u0131 g\u00f6r\u00fcld\u00fc Yang\u0131n s\u0131ras\u0131nda g\u00fc\u00e7l\u00fc bir koordinasyonla hareket edildi\u011fini vurgulayan Rekt\u00f6r Prof. Dr. \u00d6zlenen \u00d6zkan, al\u0131nan \u00f6nlemlerin olu\u015fabilecek b\u00fcy\u00fck bir krizin \u00f6n\u00fcne ge\u00e7ti\u011fini belirtti. Rekt\u00f6r \u00d6zkan, &#8220;Yang\u0131n, deprem ve sel gibi durumlar b\u00fcy\u00fck facialara yol a\u00e7abiliyor. Kartalkaya facias\u0131n\u0131n ard\u0131ndan \u00e7al\u0131\u015fmalar\u0131m\u0131z\u0131 h\u0131zland\u0131rd\u0131k. Eski binalar\u0131m\u0131z\u0131 revize edebildi\u011fimiz \u00f6l\u00e7\u00fcde de\u011ferlendirdik ve olu\u015fabilecek acil durumlara haz\u0131rl\u0131k i\u00e7in bir \u2018acil masa&#8217; ekibi kurduk. Bu ekip ile birlikte acil durum senaryolar\u0131 \u00fczerinden d\u00fczenli tatbikatlar ger\u00e7ekle\u015ftirdik&#8221; ifadelerini kulland\u0131. Yang\u0131n s\u0131ras\u0131nda tahliye s\u00fcrecinin ba\u015far\u0131yla tamamlanmas\u0131nda ekiplerin so\u011fukkanl\u0131l\u0131\u011f\u0131 ve daha \u00f6nce yap\u0131lan tatbikatlar\u0131n \u00f6nemli rol oynad\u0131\u011f\u0131n\u0131 belirten Rekt\u00f6r Prof. Dr. \u00d6zlenen \u00d6zkan, &#8220;Hastane y\u00f6netimimiz, personelin g\u00f6rev yerlerini \u00f6nceden belirleyerek b\u00fcy\u00fck bir kriz an\u0131nda kimin nerede nas\u0131l davranaca\u011f\u0131na dair g\u00fc\u00e7l\u00fc bir altyap\u0131 olu\u015fturdu. Bu sayede herkes yerini ve sorumlulu\u011funu bildi\u011fi i\u00e7in tahliye s\u00fcreci ola\u011fan\u00fcst\u00fc bir d\u00fczen i\u00e7inde ilerledi. Ba\u015fhekimimiz Prof. Dr. Y\u0131ld\u0131ray \u00c7ete ve Hastane M\u00fcd\u00fcr\u00fcm\u00fcz Hatice Yavuz Y\u00fcce ba\u015fta &hellip;\" \/>\n<meta property=\"og:url\" content=\"http:\/\/denizcankizil.tr\/uk\/haberler\/antalya\/rektor-ozkan-yangin-yerinde-incelemede-bulundu\/\" \/>\n<meta property=\"og:site_name\" content=\"Av. Deniz Can K\u0131z\u0131l\" \/>\n<meta property=\"article:published_time\" content=\"2025-03-28T11:41:13+00:00\" \/>\n<meta property=\"og:image\" content=\"http:\/\/denizcankizil.tr\/wp-content\/uploads\/2025\/03\/5789-01-xXX79s.jpeg\" \/>\n\t<meta property=\"og:image:width\" content=\"1280\" \/>\n\t<meta property=\"og:image:height\" content=\"720\" \/>\n\t<meta property=\"og:image:type\" content=\"image\/jpeg\" \/>\n<meta name=\"author\" content=\"Av. Deniz Can K\u0131z\u0131l\" \/>\n<meta name=\"twitter:card\" content=\"summary_large_image\" \/>\n<meta name=\"twitter:label1\" content=\"\u041d\u0430\u043f\u0438\u0441\u0430\u043d\u043e\" \/>\n\t<meta name=\"twitter:data1\" content=\"Av. Deniz Can K\u0131z\u0131l\" \/>\n\t<meta name=\"twitter:label2\" content=\"\u041f\u0440\u0438\u0431\u043b. \u0447\u0430\u0441 \u0447\u0438\u0442\u0430\u043d\u043d\u044f\" \/>\n\t<meta name=\"twitter:data2\" content=\"6 \u0445\u0432\u0438\u043b\u0438\u043d\" \/>\n<script type=\"application\/ld+json\" class=\"yoast-schema-graph\">{\"@context\":\"https:\/\/schema.org\",\"@graph\":[{\"@type\":\"Article\",\"@id\":\"http:\/\/denizcankizil.tr\/ru\/haberler\/antalya\/rektor-ozkan-yangin-yerinde-incelemede-bulundu\/#article\",\"isPartOf\":{\"@id\":\"http:\/\/denizcankizil.tr\/ru\/haberler\/antalya\/rektor-ozkan-yangin-yerinde-incelemede-bulundu\/\"},\"author\":{\"name\":\"Av. Deniz Can K\u0131z\u0131l\",\"@id\":\"https:\/\/denizcankizil.tr\/de\/#\/schema\/person\/5dc1b22991bd7ac833867c10afc9b0ff\"},\"headline\":\"Rekt\u00f6r \u00d6zkan yang\u0131n yerinde incelemede bulundu\",\"datePublished\":\"2025-03-28T11:41:13+00:00\",\"mainEntityOfPage\":{\"@id\":\"http:\/\/denizcankizil.tr\/ru\/haberler\/antalya\/rektor-ozkan-yangin-yerinde-incelemede-bulundu\/\"},\"wordCount\":1208,\"publisher\":{\"@id\":\"https:\/\/denizcankizil.tr\/de\/#organization\"},\"image\":{\"@id\":\"http:\/\/denizcankizil.tr\/ru\/haberler\/antalya\/rektor-ozkan-yangin-yerinde-incelemede-bulundu\/#primaryimage\"},\"thumbnailUrl\":\"https:\/\/denizcankizil.tr\/wp-content\/uploads\/2025\/03\/5789-01-xXX79s.jpeg\",\"articleSection\":[\"Antalya\"],\"inLanguage\":\"uk\"},{\"@type\":\"WebPage\",\"@id\":\"http:\/\/denizcankizil.tr\/ru\/haberler\/antalya\/rektor-ozkan-yangin-yerinde-incelemede-bulundu\/\",\"url\":\"http:\/\/denizcankizil.tr\/ru\/haberler\/antalya\/rektor-ozkan-yangin-yerinde-incelemede-bulundu\/\",\"name\":\"Rekt\u00f6r \u00d6zkan yang\u0131n yerinde incelemede bulundu - Av. Deniz Can K\u0131z\u0131l\",\"isPartOf\":{\"@id\":\"https:\/\/denizcankizil.tr\/de\/#website\"},\"primaryImageOfPage\":{\"@id\":\"http:\/\/denizcankizil.tr\/ru\/haberler\/antalya\/rektor-ozkan-yangin-yerinde-incelemede-bulundu\/#primaryimage\"},\"image\":{\"@id\":\"http:\/\/denizcankizil.tr\/ru\/haberler\/antalya\/rektor-ozkan-yangin-yerinde-incelemede-bulundu\/#primaryimage\"},\"thumbnailUrl\":\"https:\/\/denizcankizil.tr\/wp-content\/uploads\/2025\/03\/5789-01-xXX79s.jpeg\",\"datePublished\":\"2025-03-28T11:41:13+00:00\",\"breadcrumb\":{\"@id\":\"http:\/\/denizcankizil.tr\/ru\/haberler\/antalya\/rektor-ozkan-yangin-yerinde-incelemede-bulundu\/#breadcrumb\"},\"inLanguage\":\"uk\",\"potentialAction\":[{\"@type\":\"ReadAction\",\"target\":[\"http:\/\/denizcankizil.tr\/ru\/haberler\/antalya\/rektor-ozkan-yangin-yerinde-incelemede-bulundu\/\"]}]},{\"@type\":\"ImageObject\",\"inLanguage\":\"uk\",\"@id\":\"http:\/\/denizcankizil.tr\/ru\/haberler\/antalya\/rektor-ozkan-yangin-yerinde-incelemede-bulundu\/#primaryimage\",\"url\":\"https:\/\/denizcankizil.tr\/wp-content\/uploads\/2025\/03\/5789-01-xXX79s.jpeg\",\"contentUrl\":\"https:\/\/denizcankizil.tr\/wp-content\/uploads\/2025\/03\/5789-01-xXX79s.jpeg\",\"width\":1280,\"height\":720},{\"@type\":\"BreadcrumbList\",\"@id\":\"http:\/\/denizcankizil.tr\/ru\/haberler\/antalya\/rektor-ozkan-yangin-yerinde-incelemede-bulundu\/#breadcrumb\",\"itemListElement\":[{\"@type\":\"ListItem\",\"position\":1,\"name\":\"Home\",\"item\":\"https:\/\/denizcankizil.tr\/de\/\"},{\"@type\":\"ListItem\",\"position\":2,\"name\":\"Rekt\u00f6r \u00d6zkan yang\u0131n yerinde incelemede bulundu\"}]},{\"@type\":\"WebSite\",\"@id\":\"https:\/\/denizcankizil.tr\/de\/#website\",\"url\":\"https:\/\/denizcankizil.tr\/de\/\",\"name\":\"Av. Deniz Can K\u0131z\u0131l\",\"description\":\"Avukat Deniz Can K\u0131z\u0131l Antalya Barosu\",\"publisher\":{\"@id\":\"https:\/\/denizcankizil.tr\/de\/#organization\"},\"potentialAction\":[{\"@type\":\"SearchAction\",\"target\":{\"@type\":\"EntryPoint\",\"urlTemplate\":\"https:\/\/denizcankizil.tr\/de\/?s={search_term_string}\"},\"query-input\":{\"@type\":\"PropertyValueSpecification\",\"valueRequired\":true,\"valueName\":\"search_term_string\"}}],\"inLanguage\":\"uk\"},{\"@type\":\"Organization\",\"@id\":\"https:\/\/denizcankizil.tr\/de\/#organization\",\"name\":\"Av. Deniz Can K\u0131z\u0131l\",\"url\":\"https:\/\/denizcankizil.tr\/de\/\",\"logo\":{\"@type\":\"ImageObject\",\"inLanguage\":\"uk\",\"@id\":\"https:\/\/denizcankizil.tr\/de\/#\/schema\/logo\/image\/\",\"url\":\"https:\/\/denizcankizil.tr\/wp-content\/uploads\/2024\/10\/siyah-logo-svg.svg\",\"contentUrl\":\"https:\/\/denizcankizil.tr\/wp-content\/uploads\/2024\/10\/siyah-logo-svg.svg\",\"width\":1080,\"height\":1080,\"caption\":\"Av. Deniz Can K\u0131z\u0131l\"},\"image\":{\"@id\":\"https:\/\/denizcankizil.tr\/de\/#\/schema\/logo\/image\/\"}},{\"@type\":\"Person\",\"@id\":\"https:\/\/denizcankizil.tr\/de\/#\/schema\/person\/5dc1b22991bd7ac833867c10afc9b0ff\",\"name\":\"Av. Deniz Can K\u0131z\u0131l\",\"image\":{\"@type\":\"ImageObject\",\"inLanguage\":\"uk\",\"@id\":\"https:\/\/denizcankizil.tr\/de\/#\/schema\/person\/image\/\",\"url\":\"https:\/\/secure.gravatar.com\/avatar\/a0b128fb9855c79efc976d5640eedb31dc35ec297594d6016d2cf7c60e975bb6?s=96&d=mm&r=g\",\"contentUrl\":\"https:\/\/secure.gravatar.com\/avatar\/a0b128fb9855c79efc976d5640eedb31dc35ec297594d6016d2cf7c60e975bb6?s=96&d=mm&r=g\",\"caption\":\"Av. Deniz Can K\u0131z\u0131l\"},\"sameAs\":[\"http:\/\/www.denizcankizil.tr\"],\"url\":\"https:\/\/denizcankizil.tr\/uk\/author\/denizcankizil\/\"}]}<\/script>\n<!-- \/ Yoast SEO Premium plugin. -->","yoast_head_json":{"title":"Rekt\u00f6r \u00d6zkan yang\u0131n yerinde incelemede bulundu - Av. Deniz Can K\u0131z\u0131l","robots":{"index":"index","follow":"follow","max-snippet":"max-snippet:-1","max-image-preview":"max-image-preview:large","max-video-preview":"max-video-preview:-1"},"canonical":"http:\/\/denizcankizil.tr\/uk\/haberler\/antalya\/rektor-ozkan-yangin-yerinde-incelemede-bulundu\/","og_locale":"uk_UA","og_type":"article","og_title":"Rekt\u00f6r \u00d6zkan yang\u0131n yerinde incelemede bulundu","og_description":"Akdeniz \u00dcniversitesi Hastanesi Acil Servis B\u00f6l\u00fcm\u00fcnde 26 Mart g\u00fcn\u00fc 11.54&#8217;te meydana gelen yang\u0131n\u0131n ard\u0131ndan h\u0131zl\u0131 m\u00fcdahale ile hastalar tahliye edilerek yang\u0131n kontrol alt\u0131na al\u0131nd\u0131. Akdeniz \u00dcniversitesi Rekt\u00f6r\u00fc Prof. Dr. \u00d6zlenen \u00d6zkan yang\u0131n sonras\u0131 acil servis b\u00f6l\u00fcm\u00fcn\u00fc ziyaret etti. Rekt\u00f6r \u00d6zkan ard\u0131ndan hastanede acil servis hizmetlerinin kesintisiz s\u00fcrd\u00fcr\u00fclebilmesi i\u00e7in kurulan \u00e7ad\u0131r alanda hekimlerle ve hastalarla da bir araya geldi. D\u00fczenli tatbikatlar\u0131n faydas\u0131 g\u00f6r\u00fcld\u00fc Yang\u0131n s\u0131ras\u0131nda g\u00fc\u00e7l\u00fc bir koordinasyonla hareket edildi\u011fini vurgulayan Rekt\u00f6r Prof. Dr. \u00d6zlenen \u00d6zkan, al\u0131nan \u00f6nlemlerin olu\u015fabilecek b\u00fcy\u00fck bir krizin \u00f6n\u00fcne ge\u00e7ti\u011fini belirtti. Rekt\u00f6r \u00d6zkan, &#8220;Yang\u0131n, deprem ve sel gibi durumlar b\u00fcy\u00fck facialara yol a\u00e7abiliyor. Kartalkaya facias\u0131n\u0131n ard\u0131ndan \u00e7al\u0131\u015fmalar\u0131m\u0131z\u0131 h\u0131zland\u0131rd\u0131k. Eski binalar\u0131m\u0131z\u0131 revize edebildi\u011fimiz \u00f6l\u00e7\u00fcde de\u011ferlendirdik ve olu\u015fabilecek acil durumlara haz\u0131rl\u0131k i\u00e7in bir \u2018acil masa&#8217; ekibi kurduk. Bu ekip ile birlikte acil durum senaryolar\u0131 \u00fczerinden d\u00fczenli tatbikatlar ger\u00e7ekle\u015ftirdik&#8221; ifadelerini kulland\u0131. Yang\u0131n s\u0131ras\u0131nda tahliye s\u00fcrecinin ba\u015far\u0131yla tamamlanmas\u0131nda ekiplerin so\u011fukkanl\u0131l\u0131\u011f\u0131 ve daha \u00f6nce yap\u0131lan tatbikatlar\u0131n \u00f6nemli rol oynad\u0131\u011f\u0131n\u0131 belirten Rekt\u00f6r Prof. Dr. \u00d6zlenen \u00d6zkan, &#8220;Hastane y\u00f6netimimiz, personelin g\u00f6rev yerlerini \u00f6nceden belirleyerek b\u00fcy\u00fck bir kriz an\u0131nda kimin nerede nas\u0131l davranaca\u011f\u0131na dair g\u00fc\u00e7l\u00fc bir altyap\u0131 olu\u015fturdu. Bu sayede herkes yerini ve sorumlulu\u011funu bildi\u011fi i\u00e7in tahliye s\u00fcreci ola\u011fan\u00fcst\u00fc bir d\u00fczen i\u00e7inde ilerledi. Ba\u015fhekimimiz Prof. Dr. Y\u0131ld\u0131ray \u00c7ete ve Hastane M\u00fcd\u00fcr\u00fcm\u00fcz Hatice Yavuz Y\u00fcce ba\u015fta &hellip;","og_url":"http:\/\/denizcankizil.tr\/uk\/haberler\/antalya\/rektor-ozkan-yangin-yerinde-incelemede-bulundu\/","og_site_name":"Av. Deniz Can K\u0131z\u0131l","article_published_time":"2025-03-28T11:41:13+00:00","og_image":[{"width":1280,"height":720,"url":"http:\/\/denizcankizil.tr\/wp-content\/uploads\/2025\/03\/5789-01-xXX79s.jpeg","type":"image\/jpeg"}],"author":"Av. Deniz Can K\u0131z\u0131l","twitter_card":"summary_large_image","twitter_misc":{"\u041d\u0430\u043f\u0438\u0441\u0430\u043d\u043e":"Av. Deniz Can K\u0131z\u0131l","\u041f\u0440\u0438\u0431\u043b. \u0447\u0430\u0441 \u0447\u0438\u0442\u0430\u043d\u043d\u044f":"6 \u0445\u0432\u0438\u043b\u0438\u043d"},"schema":{"@context":"https:\/\/schema.org","@graph":[{"@type":"Article","@id":"http:\/\/denizcankizil.tr\/ru\/haberler\/antalya\/rektor-ozkan-yangin-yerinde-incelemede-bulundu\/#article","isPartOf":{"@id":"http:\/\/denizcankizil.tr\/ru\/haberler\/antalya\/rektor-ozkan-yangin-yerinde-incelemede-bulundu\/"},"author":{"name":"Av. Deniz Can K\u0131z\u0131l","@id":"https:\/\/denizcankizil.tr\/de\/#\/schema\/person\/5dc1b22991bd7ac833867c10afc9b0ff"},"headline":"Rekt\u00f6r \u00d6zkan yang\u0131n yerinde incelemede bulundu","datePublished":"2025-03-28T11:41:13+00:00","mainEntityOfPage":{"@id":"http:\/\/denizcankizil.tr\/ru\/haberler\/antalya\/rektor-ozkan-yangin-yerinde-incelemede-bulundu\/"},"wordCount":1208,"publisher":{"@id":"https:\/\/denizcankizil.tr\/de\/#organization"},"image":{"@id":"http:\/\/denizcankizil.tr\/ru\/haberler\/antalya\/rektor-ozkan-yangin-yerinde-incelemede-bulundu\/#primaryimage"},"thumbnailUrl":"https:\/\/denizcankizil.tr\/wp-content\/uploads\/2025\/03\/5789-01-xXX79s.jpeg","articleSection":["Antalya"],"inLanguage":"uk"},{"@type":"WebPage","@id":"http:\/\/denizcankizil.tr\/ru\/haberler\/antalya\/rektor-ozkan-yangin-yerinde-incelemede-bulundu\/","url":"http:\/\/denizcankizil.tr\/ru\/haberler\/antalya\/rektor-ozkan-yangin-yerinde-incelemede-bulundu\/","name":"Rekt\u00f6r \u00d6zkan yang\u0131n yerinde incelemede bulundu - Av. Deniz Can K\u0131z\u0131l","isPartOf":{"@id":"https:\/\/denizcankizil.tr\/de\/#website"},"primaryImageOfPage":{"@id":"http:\/\/denizcankizil.tr\/ru\/haberler\/antalya\/rektor-ozkan-yangin-yerinde-incelemede-bulundu\/#primaryimage"},"image":{"@id":"http:\/\/denizcankizil.tr\/ru\/haberler\/antalya\/rektor-ozkan-yangin-yerinde-incelemede-bulundu\/#primaryimage"},"thumbnailUrl":"https:\/\/denizcankizil.tr\/wp-content\/uploads\/2025\/03\/5789-01-xXX79s.jpeg","datePublished":"2025-03-28T11:41:13+00:00","breadcrumb":{"@id":"http:\/\/denizcankizil.tr\/ru\/haberler\/antalya\/rektor-ozkan-yangin-yerinde-incelemede-bulundu\/#breadcrumb"},"inLanguage":"uk","potentialAction":[{"@type":"ReadAction","target":["http:\/\/denizcankizil.tr\/ru\/haberler\/antalya\/rektor-ozkan-yangin-yerinde-incelemede-bulundu\/"]}]},{"@type":"ImageObject","inLanguage":"uk","@id":"http:\/\/denizcankizil.tr\/ru\/haberler\/antalya\/rektor-ozkan-yangin-yerinde-incelemede-bulundu\/#primaryimage","url":"https:\/\/denizcankizil.tr\/wp-content\/uploads\/2025\/03\/5789-01-xXX79s.jpeg","contentUrl":"https:\/\/denizcankizil.tr\/wp-content\/uploads\/2025\/03\/5789-01-xXX79s.jpeg","width":1280,"height":720},{"@type":"BreadcrumbList","@id":"http:\/\/denizcankizil.tr\/ru\/haberler\/antalya\/rektor-ozkan-yangin-yerinde-incelemede-bulundu\/#breadcrumb","itemListElement":[{"@type":"ListItem","position":1,"name":"Home","item":"https:\/\/denizcankizil.tr\/de\/"},{"@type":"ListItem","position":2,"name":"Rekt\u00f6r \u00d6zkan yang\u0131n yerinde incelemede bulundu"}]},{"@type":"WebSite","@id":"https:\/\/denizcankizil.tr\/de\/#website","url":"https:\/\/denizcankizil.tr\/de\/","name":"Av. Deniz Can K\u0131z\u0131l","description":"Avukat Deniz Can K\u0131z\u0131l Antalya Barosu","publisher":{"@id":"https:\/\/denizcankizil.tr\/de\/#organization"},"potentialAction":[{"@type":"SearchAction","target":{"@type":"EntryPoint","urlTemplate":"https:\/\/denizcankizil.tr\/de\/?s={search_term_string}"},"query-input":{"@type":"PropertyValueSpecification","valueRequired":true,"valueName":"search_term_string"}}],"inLanguage":"uk"},{"@type":"Organization","@id":"https:\/\/denizcankizil.tr\/de\/#organization","name":"Av. Deniz Can K\u0131z\u0131l","url":"https:\/\/denizcankizil.tr\/de\/","logo":{"@type":"ImageObject","inLanguage":"uk","@id":"https:\/\/denizcankizil.tr\/de\/#\/schema\/logo\/image\/","url":"https:\/\/denizcankizil.tr\/wp-content\/uploads\/2024\/10\/siyah-logo-svg.svg","contentUrl":"https:\/\/denizcankizil.tr\/wp-content\/uploads\/2024\/10\/siyah-logo-svg.svg","width":1080,"height":1080,"caption":"Av. Deniz Can K\u0131z\u0131l"},"image":{"@id":"https:\/\/denizcankizil.tr\/de\/#\/schema\/logo\/image\/"}},{"@type":"Person","@id":"https:\/\/denizcankizil.tr\/de\/#\/schema\/person\/5dc1b22991bd7ac833867c10afc9b0ff","name":"Av. Deniz Can K\u0131z\u0131l","image":{"@type":"ImageObject","inLanguage":"uk","@id":"https:\/\/denizcankizil.tr\/de\/#\/schema\/person\/image\/","url":"https:\/\/secure.gravatar.com\/avatar\/a0b128fb9855c79efc976d5640eedb31dc35ec297594d6016d2cf7c60e975bb6?s=96&d=mm&r=g","contentUrl":"https:\/\/secure.gravatar.com\/avatar\/a0b128fb9855c79efc976d5640eedb31dc35ec297594d6016d2cf7c60e975bb6?s=96&d=mm&r=g","caption":"Av. Deniz Can K\u0131z\u0131l"},"sameAs":["http:\/\/www.denizcankizil.tr"],"url":"https:\/\/denizcankizil.tr\/uk\/author\/denizcankizil\/"}]}},"_links":{"self":[{"href":"https:\/\/denizcankizil.tr\/uk\/wp-json\/wp\/v2\/posts\/38171","targetHints":{"allow":["GET"]}}],"collection":[{"href":"https:\/\/denizcankizil.tr\/uk\/wp-json\/wp\/v2\/posts"}],"about":[{"href":"https:\/\/denizcankizil.tr\/uk\/wp-json\/wp\/v2\/types\/post"}],"author":[{"embeddable":true,"href":"https:\/\/denizcankizil.tr\/uk\/wp-json\/wp\/v2\/users\/4"}],"replies":[{"embeddable":true,"href":"https:\/\/denizcankizil.tr\/uk\/wp-json\/wp\/v2\/comments?post=38171"}],"version-history":[{"count":0,"href":"https:\/\/denizcankizil.tr\/uk\/wp-json\/wp\/v2\/posts\/38171\/revisions"}],"wp:featuredmedia":[{"embeddable":true,"href":"https:\/\/denizcankizil.tr\/uk\/wp-json\/wp\/v2\/media\/38172"}],"wp:attachment":[{"href":"https:\/\/denizcankizil.tr\/uk\/wp-json\/wp\/v2\/media?parent=38171"}],"wp:term":[{"taxonomy":"category","embeddable":true,"href":"https:\/\/denizcankizil.tr\/uk\/wp-json\/wp\/v2\/categories?post=38171"},{"taxonomy":"post_tag","embeddable":true,"href":"https:\/\/denizcankizil.tr\/uk\/wp-json\/wp\/v2\/tags?post=38171"}],"curies":[{"name":"wp","href":"https:\/\/api.w.org\/{rel}","templated":true}]}}