{"id":3758,"date":"2024-10-17T18:11:04","date_gmt":"2024-10-17T15:11:04","guid":{"rendered":"https:\/\/denizcankizil.tr\/uncategorized\/hatayi-kazakistanda-temsil-edecekler\/"},"modified":"2024-10-17T18:11:04","modified_gmt":"2024-10-17T15:11:04","slug":"hatayi-kazakistanda-temsil-edecekler","status":"publish","type":"post","link":"https:\/\/denizcankizil.tr\/uk\/haberler\/gundem\/hatayi-kazakistanda-temsil-edecekler\/","title":{"rendered":"Hatay\u2019\u0131 Kazakistan\u2019da temsil edecekler&#8230;"},"content":{"rendered":"<p>21 Ekim\u2019de Kazakistan\u2019da ger\u00e7ekle\u015ftirilecek olan T\u00fcrki Cumhuriyetleri g\u00f6rme engelliler m\u00fczik yar\u0131\u015fmas\u0131nda T\u00fcrkiye\u2019yi ve Hatay\u2019\u0131 temsil edecek olan Recep Sayg\u0131l\u0131 ve Kamil G\u00f6\u00e7men, bu \u00f6nemli etkinlikte yer alman\u0131n mutlulu\u011funu ve gururunu ya\u015f\u0131yor.<\/p>\n<p>Yar\u0131\u015fmaya kat\u0131labilmek i\u00e7in dostlar ve kurumlar\u0131n desteklerine ihtiya\u00e7 duyduklar\u0131n\u0131 belirten ekip, sa\u011flanan destekler i\u00e7in t\u00fcm hay\u0131rseverlere te\u015fekk\u00fcr etti.<\/p>\n<p>Kamil G\u00f6\u00e7men, \u201cT\u00fcrkiye ve Hatay\u2019\u0131 temsil etmenin getirdi\u011fi sorumlulu\u011fu hissediyoruz. Bize bu s\u00fcre\u00e7te destek olan herkese minnettar\u0131z,\u201d dedi.<\/p>\n<p>Kazakistan&#8217;da d\u00fczenlenecek g\u00f6rme engelliler m\u00fczik yar\u0131\u015fmas\u0131, 21 Ekim 2024 tarihinde Astana&#8217;da ger\u00e7ekle\u015ftirilecek. Bu etkinlik, g\u00f6rme engelli sanat\u00e7\u0131lara uluslararas\u0131 alanda kendilerini g\u00f6sterme f\u0131rsat\u0131 sunacak ve T\u00fcrk k\u00fclt\u00fcr\u00fcn\u00fc ve m\u00fczi\u011fini tan\u0131tma imkan\u0131 da sa\u011flayacak. Yar\u0131\u015fmaya T\u00fcrkiye ve Hatay&#8217;\u0131 temsil edecek olan Recep Sayg\u0131l\u0131 ve Kamil G\u00f6\u00e7men de kat\u0131lacak. Bu yar\u0131\u015fma, g\u00f6rme engelli sanat\u00e7\u0131lar\u0131n yeteneklerini sergileme f\u0131rsat\u0131 sunacak ve onlar\u0131n m\u00fczikal kariyerlerine katk\u0131 sa\u011flayacak.<\/p>\n<p>\u200bHatay\u2019\u0131n \u0130skenderun il\u00e7esinde Engel Tan\u0131mam G\u00f6rme Engeliler Derne\u011fi Ba\u015fkan\u0131 Kamil G\u00f6\u00e7men ile Recep Sayg\u0131l\u0131, Kazakistan\u2019da D\u00fczenlenecek T\u00fcrki Cumhuriyetleri G\u00f6rme Engelliler M\u00fczik Yar\u0131\u015fmas\u0131na Kat\u0131lacak.\u00a0<\/p>\n<p>\u200bHaberin Al\u0131nt\u0131land\u0131\u011f\u0131 Kaynak: www.iskenderun.org<\/p>","protected":false},"excerpt":{"rendered":"<p>21 Ekim\u2019de Kazakistan\u2019da ger\u00e7ekle\u015ftirilecek olan T\u00fcrki Cumhuriyetleri g\u00f6rme engelliler m\u00fczik yar\u0131\u015fmas\u0131nda T\u00fcrkiye\u2019yi ve Hatay\u2019\u0131 temsil edecek olan Recep Sayg\u0131l\u0131 ve Kamil G\u00f6\u00e7men, bu \u00f6nemli etkinlikte yer alman\u0131n mutlulu\u011funu ve gururunu ya\u015f\u0131yor. Yar\u0131\u015fmaya kat\u0131labilmek i\u00e7in dostlar ve kurumlar\u0131n desteklerine ihtiya\u00e7 duyduklar\u0131n\u0131 belirten ekip, sa\u011flanan destekler i\u00e7in t\u00fcm hay\u0131rseverlere te\u015fekk\u00fcr etti. Kamil G\u00f6\u00e7men, \u201cT\u00fcrkiye ve Hatay\u2019\u0131 temsil etmenin getirdi\u011fi sorumlulu\u011fu hissediyoruz. Bize bu s\u00fcre\u00e7te destek olan herkese minnettar\u0131z,\u201d dedi. Kazakistan&#8217;da d\u00fczenlenecek g\u00f6rme engelliler m\u00fczik yar\u0131\u015fmas\u0131, 21 Ekim 2024 tarihinde Astana&#8217;da ger\u00e7ekle\u015ftirilecek. Bu etkinlik, g\u00f6rme engelli sanat\u00e7\u0131lara uluslararas\u0131 alanda kendilerini g\u00f6sterme f\u0131rsat\u0131 sunacak ve T\u00fcrk k\u00fclt\u00fcr\u00fcn\u00fc ve m\u00fczi\u011fini tan\u0131tma imkan\u0131 da sa\u011flayacak. Yar\u0131\u015fmaya T\u00fcrkiye ve Hatay&#8217;\u0131 temsil edecek olan Recep Sayg\u0131l\u0131 ve Kamil G\u00f6\u00e7men de kat\u0131lacak. Bu yar\u0131\u015fma, g\u00f6rme engelli sanat\u00e7\u0131lar\u0131n yeteneklerini sergileme f\u0131rsat\u0131 sunacak ve onlar\u0131n m\u00fczikal kariyerlerine katk\u0131 sa\u011flayacak. \u200bHatay\u2019\u0131n \u0130skenderun il\u00e7esinde Engel Tan\u0131mam G\u00f6rme Engeliler Derne\u011fi Ba\u015fkan\u0131 Kamil G\u00f6\u00e7men ile Recep Sayg\u0131l\u0131, Kazakistan\u2019da D\u00fczenlenecek T\u00fcrki Cumhuriyetleri G\u00f6rme Engelliler M\u00fczik Yar\u0131\u015fmas\u0131na Kat\u0131lacak.\u00a0 \u200bHaberin Al\u0131nt\u0131land\u0131\u011f\u0131 Kaynak: www.iskenderun.org<\/p>","protected":false},"author":0,"featured_media":0,"comment_status":"open","ping_status":"open","sticky":false,"template":"","format":"standard","meta":{"_acf_changed":false,"footnotes":""},"categories":[24],"tags":[],"class_list":["post-3758","post","type-post","status-publish","format-standard","has-post-thumbnail","hentry","category-gundem"],"acf":[],"yoast_head":"<!-- This site is optimized with the Yoast SEO Premium plugin v26.6 (Yoast SEO v27.1.1) - https:\/\/yoast.com\/product\/yoast-seo-premium-wordpress\/ -->\n<title>Hatay\u2019\u0131 Kazakistan\u2019da temsil edecekler... - Av. Deniz Can K\u0131z\u0131l<\/title>\n<meta name=\"robots\" content=\"index, follow, max-snippet:-1, max-image-preview:large, max-video-preview:-1\" \/>\n<link rel=\"canonical\" href=\"https:\/\/denizcankizil.tr\/uk\/haberler\/gundem\/hatayi-kazakistanda-temsil-edecekler\/\" \/>\n<meta property=\"og:locale\" content=\"uk_UA\" \/>\n<meta property=\"og:type\" content=\"article\" \/>\n<meta property=\"og:title\" content=\"Hatay\u2019\u0131 Kazakistan\u2019da temsil edecekler...\" \/>\n<meta property=\"og:description\" content=\"21 Ekim\u2019de Kazakistan\u2019da ger\u00e7ekle\u015ftirilecek olan T\u00fcrki Cumhuriyetleri g\u00f6rme engelliler m\u00fczik yar\u0131\u015fmas\u0131nda T\u00fcrkiye\u2019yi ve Hatay\u2019\u0131 temsil edecek olan Recep Sayg\u0131l\u0131 ve Kamil G\u00f6\u00e7men, bu \u00f6nemli etkinlikte yer alman\u0131n mutlulu\u011funu ve gururunu ya\u015f\u0131yor. Yar\u0131\u015fmaya kat\u0131labilmek i\u00e7in dostlar ve kurumlar\u0131n desteklerine ihtiya\u00e7 duyduklar\u0131n\u0131 belirten ekip, sa\u011flanan destekler i\u00e7in t\u00fcm hay\u0131rseverlere te\u015fekk\u00fcr etti. Kamil G\u00f6\u00e7men, \u201cT\u00fcrkiye ve Hatay\u2019\u0131 temsil etmenin getirdi\u011fi sorumlulu\u011fu hissediyoruz. Bize bu s\u00fcre\u00e7te destek olan herkese minnettar\u0131z,\u201d dedi. Kazakistan&#8217;da d\u00fczenlenecek g\u00f6rme engelliler m\u00fczik yar\u0131\u015fmas\u0131, 21 Ekim 2024 tarihinde Astana&#8217;da ger\u00e7ekle\u015ftirilecek. Bu etkinlik, g\u00f6rme engelli sanat\u00e7\u0131lara uluslararas\u0131 alanda kendilerini g\u00f6sterme f\u0131rsat\u0131 sunacak ve T\u00fcrk k\u00fclt\u00fcr\u00fcn\u00fc ve m\u00fczi\u011fini tan\u0131tma imkan\u0131 da sa\u011flayacak. Yar\u0131\u015fmaya T\u00fcrkiye ve Hatay&#8217;\u0131 temsil edecek olan Recep Sayg\u0131l\u0131 ve Kamil G\u00f6\u00e7men de kat\u0131lacak. Bu yar\u0131\u015fma, g\u00f6rme engelli sanat\u00e7\u0131lar\u0131n yeteneklerini sergileme f\u0131rsat\u0131 sunacak ve onlar\u0131n m\u00fczikal kariyerlerine katk\u0131 sa\u011flayacak. \u200bHatay\u2019\u0131n \u0130skenderun il\u00e7esinde Engel Tan\u0131mam G\u00f6rme Engeliler Derne\u011fi Ba\u015fkan\u0131 Kamil G\u00f6\u00e7men ile Recep Sayg\u0131l\u0131, Kazakistan\u2019da D\u00fczenlenecek T\u00fcrki Cumhuriyetleri G\u00f6rme Engelliler M\u00fczik Yar\u0131\u015fmas\u0131na Kat\u0131lacak.\u00a0 \u200bHaberin Al\u0131nt\u0131land\u0131\u011f\u0131 Kaynak: www.iskenderun.org\" \/>\n<meta property=\"og:url\" content=\"https:\/\/denizcankizil.tr\/uk\/haberler\/gundem\/hatayi-kazakistanda-temsil-edecekler\/\" \/>\n<meta property=\"og:site_name\" content=\"Av. Deniz Can K\u0131z\u0131l\" \/>\n<meta property=\"article:published_time\" content=\"2024-10-17T15:11:04+00:00\" \/>\n<meta name=\"twitter:card\" content=\"summary_large_image\" \/>\n<meta name=\"twitter:label1\" content=\"\u041f\u0440\u0438\u0431\u043b. \u0447\u0430\u0441 \u0447\u0438\u0442\u0430\u043d\u043d\u044f\" \/>\n\t<meta name=\"twitter:data1\" content=\"1 \u0445\u0432\u0438\u043b\u0438\u043d\u0430\" \/>\n<script type=\"application\/ld+json\" class=\"yoast-schema-graph\">{\"@context\":\"https:\/\/schema.org\",\"@graph\":[{\"@type\":\"Article\",\"@id\":\"https:\/\/denizcankizil.tr\/uk\/haberler\/gundem\/hatayi-kazakistanda-temsil-edecekler\/#article\",\"isPartOf\":{\"@id\":\"https:\/\/denizcankizil.tr\/uk\/haberler\/gundem\/hatayi-kazakistanda-temsil-edecekler\/\"},\"author\":{\"name\":\"\",\"@id\":\"\"},\"headline\":\"Hatay\u2019\u0131 Kazakistan\u2019da temsil edecekler&#8230;\",\"datePublished\":\"2024-10-17T15:11:04+00:00\",\"mainEntityOfPage\":{\"@id\":\"https:\/\/denizcankizil.tr\/uk\/haberler\/gundem\/hatayi-kazakistanda-temsil-edecekler\/\"},\"wordCount\":244,\"commentCount\":0,\"publisher\":{\"@id\":\"https:\/\/denizcankizil.tr\/de\/#organization\"},\"articleSection\":[\"G\u00fcndem\"],\"inLanguage\":\"uk\",\"potentialAction\":[{\"@type\":\"CommentAction\",\"name\":\"Comment\",\"target\":[\"https:\/\/denizcankizil.tr\/uk\/haberler\/gundem\/hatayi-kazakistanda-temsil-edecekler\/#respond\"]}]},{\"@type\":\"WebPage\",\"@id\":\"https:\/\/denizcankizil.tr\/uk\/haberler\/gundem\/hatayi-kazakistanda-temsil-edecekler\/\",\"url\":\"https:\/\/denizcankizil.tr\/uk\/haberler\/gundem\/hatayi-kazakistanda-temsil-edecekler\/\",\"name\":\"Hatay\u2019\u0131 Kazakistan\u2019da temsil edecekler... - Av. Deniz Can K\u0131z\u0131l\",\"isPartOf\":{\"@id\":\"https:\/\/denizcankizil.tr\/de\/#website\"},\"datePublished\":\"2024-10-17T15:11:04+00:00\",\"breadcrumb\":{\"@id\":\"https:\/\/denizcankizil.tr\/uk\/haberler\/gundem\/hatayi-kazakistanda-temsil-edecekler\/#breadcrumb\"},\"inLanguage\":\"uk\",\"potentialAction\":[{\"@type\":\"ReadAction\",\"target\":[\"https:\/\/denizcankizil.tr\/uk\/haberler\/gundem\/hatayi-kazakistanda-temsil-edecekler\/\"]}]},{\"@type\":\"BreadcrumbList\",\"@id\":\"https:\/\/denizcankizil.tr\/uk\/haberler\/gundem\/hatayi-kazakistanda-temsil-edecekler\/#breadcrumb\",\"itemListElement\":[{\"@type\":\"ListItem\",\"position\":1,\"name\":\"Home\",\"item\":\"https:\/\/denizcankizil.tr\/de\/\"},{\"@type\":\"ListItem\",\"position\":2,\"name\":\"Hatay\u2019\u0131 Kazakistan\u2019da temsil edecekler&#8230;\"}]},{\"@type\":\"WebSite\",\"@id\":\"https:\/\/denizcankizil.tr\/de\/#website\",\"url\":\"https:\/\/denizcankizil.tr\/de\/\",\"name\":\"Av. Deniz Can K\u0131z\u0131l\",\"description\":\"Avukat Deniz Can K\u0131z\u0131l Antalya Barosu\",\"publisher\":{\"@id\":\"https:\/\/denizcankizil.tr\/de\/#organization\"},\"potentialAction\":[{\"@type\":\"SearchAction\",\"target\":{\"@type\":\"EntryPoint\",\"urlTemplate\":\"https:\/\/denizcankizil.tr\/de\/?s={search_term_string}\"},\"query-input\":{\"@type\":\"PropertyValueSpecification\",\"valueRequired\":true,\"valueName\":\"search_term_string\"}}],\"inLanguage\":\"uk\"},{\"@type\":\"Organization\",\"@id\":\"https:\/\/denizcankizil.tr\/de\/#organization\",\"name\":\"Av. Deniz Can K\u0131z\u0131l\",\"url\":\"https:\/\/denizcankizil.tr\/de\/\",\"logo\":{\"@type\":\"ImageObject\",\"inLanguage\":\"uk\",\"@id\":\"https:\/\/denizcankizil.tr\/de\/#\/schema\/logo\/image\/\",\"url\":\"https:\/\/denizcankizil.tr\/wp-content\/uploads\/2024\/10\/siyah-logo-svg.svg\",\"contentUrl\":\"https:\/\/denizcankizil.tr\/wp-content\/uploads\/2024\/10\/siyah-logo-svg.svg\",\"width\":1080,\"height\":1080,\"caption\":\"Av. Deniz Can K\u0131z\u0131l\"},\"image\":{\"@id\":\"https:\/\/denizcankizil.tr\/de\/#\/schema\/logo\/image\/\"}}]}<\/script>\n<!-- \/ Yoast SEO Premium plugin. -->","yoast_head_json":{"title":"Hatay\u2019\u0131 Kazakistan\u2019da temsil edecekler... - Av. Deniz Can K\u0131z\u0131l","robots":{"index":"index","follow":"follow","max-snippet":"max-snippet:-1","max-image-preview":"max-image-preview:large","max-video-preview":"max-video-preview:-1"},"canonical":"https:\/\/denizcankizil.tr\/uk\/haberler\/gundem\/hatayi-kazakistanda-temsil-edecekler\/","og_locale":"uk_UA","og_type":"article","og_title":"Hatay\u2019\u0131 Kazakistan\u2019da temsil edecekler...","og_description":"21 Ekim\u2019de Kazakistan\u2019da ger\u00e7ekle\u015ftirilecek olan T\u00fcrki Cumhuriyetleri g\u00f6rme engelliler m\u00fczik yar\u0131\u015fmas\u0131nda T\u00fcrkiye\u2019yi ve Hatay\u2019\u0131 temsil edecek olan Recep Sayg\u0131l\u0131 ve Kamil G\u00f6\u00e7men, bu \u00f6nemli etkinlikte yer alman\u0131n mutlulu\u011funu ve gururunu ya\u015f\u0131yor. Yar\u0131\u015fmaya kat\u0131labilmek i\u00e7in dostlar ve kurumlar\u0131n desteklerine ihtiya\u00e7 duyduklar\u0131n\u0131 belirten ekip, sa\u011flanan destekler i\u00e7in t\u00fcm hay\u0131rseverlere te\u015fekk\u00fcr etti. Kamil G\u00f6\u00e7men, \u201cT\u00fcrkiye ve Hatay\u2019\u0131 temsil etmenin getirdi\u011fi sorumlulu\u011fu hissediyoruz. Bize bu s\u00fcre\u00e7te destek olan herkese minnettar\u0131z,\u201d dedi. Kazakistan&#8217;da d\u00fczenlenecek g\u00f6rme engelliler m\u00fczik yar\u0131\u015fmas\u0131, 21 Ekim 2024 tarihinde Astana&#8217;da ger\u00e7ekle\u015ftirilecek. Bu etkinlik, g\u00f6rme engelli sanat\u00e7\u0131lara uluslararas\u0131 alanda kendilerini g\u00f6sterme f\u0131rsat\u0131 sunacak ve T\u00fcrk k\u00fclt\u00fcr\u00fcn\u00fc ve m\u00fczi\u011fini tan\u0131tma imkan\u0131 da sa\u011flayacak. Yar\u0131\u015fmaya T\u00fcrkiye ve Hatay&#8217;\u0131 temsil edecek olan Recep Sayg\u0131l\u0131 ve Kamil G\u00f6\u00e7men de kat\u0131lacak. Bu yar\u0131\u015fma, g\u00f6rme engelli sanat\u00e7\u0131lar\u0131n yeteneklerini sergileme f\u0131rsat\u0131 sunacak ve onlar\u0131n m\u00fczikal kariyerlerine katk\u0131 sa\u011flayacak. \u200bHatay\u2019\u0131n \u0130skenderun il\u00e7esinde Engel Tan\u0131mam G\u00f6rme Engeliler Derne\u011fi Ba\u015fkan\u0131 Kamil G\u00f6\u00e7men ile Recep Sayg\u0131l\u0131, Kazakistan\u2019da D\u00fczenlenecek T\u00fcrki Cumhuriyetleri G\u00f6rme Engelliler M\u00fczik Yar\u0131\u015fmas\u0131na Kat\u0131lacak.\u00a0 \u200bHaberin Al\u0131nt\u0131land\u0131\u011f\u0131 Kaynak: www.iskenderun.org","og_url":"https:\/\/denizcankizil.tr\/uk\/haberler\/gundem\/hatayi-kazakistanda-temsil-edecekler\/","og_site_name":"Av. Deniz Can K\u0131z\u0131l","article_published_time":"2024-10-17T15:11:04+00:00","twitter_card":"summary_large_image","twitter_misc":{"\u041f\u0440\u0438\u0431\u043b. \u0447\u0430\u0441 \u0447\u0438\u0442\u0430\u043d\u043d\u044f":"1 \u0445\u0432\u0438\u043b\u0438\u043d\u0430"},"schema":{"@context":"https:\/\/schema.org","@graph":[{"@type":"Article","@id":"https:\/\/denizcankizil.tr\/uk\/haberler\/gundem\/hatayi-kazakistanda-temsil-edecekler\/#article","isPartOf":{"@id":"https:\/\/denizcankizil.tr\/uk\/haberler\/gundem\/hatayi-kazakistanda-temsil-edecekler\/"},"author":{"name":"","@id":""},"headline":"Hatay\u2019\u0131 Kazakistan\u2019da temsil edecekler&#8230;","datePublished":"2024-10-17T15:11:04+00:00","mainEntityOfPage":{"@id":"https:\/\/denizcankizil.tr\/uk\/haberler\/gundem\/hatayi-kazakistanda-temsil-edecekler\/"},"wordCount":244,"commentCount":0,"publisher":{"@id":"https:\/\/denizcankizil.tr\/de\/#organization"},"articleSection":["G\u00fcndem"],"inLanguage":"uk","potentialAction":[{"@type":"CommentAction","name":"Comment","target":["https:\/\/denizcankizil.tr\/uk\/haberler\/gundem\/hatayi-kazakistanda-temsil-edecekler\/#respond"]}]},{"@type":"WebPage","@id":"https:\/\/denizcankizil.tr\/uk\/haberler\/gundem\/hatayi-kazakistanda-temsil-edecekler\/","url":"https:\/\/denizcankizil.tr\/uk\/haberler\/gundem\/hatayi-kazakistanda-temsil-edecekler\/","name":"Hatay\u2019\u0131 Kazakistan\u2019da temsil edecekler... - Av. Deniz Can K\u0131z\u0131l","isPartOf":{"@id":"https:\/\/denizcankizil.tr\/de\/#website"},"datePublished":"2024-10-17T15:11:04+00:00","breadcrumb":{"@id":"https:\/\/denizcankizil.tr\/uk\/haberler\/gundem\/hatayi-kazakistanda-temsil-edecekler\/#breadcrumb"},"inLanguage":"uk","potentialAction":[{"@type":"ReadAction","target":["https:\/\/denizcankizil.tr\/uk\/haberler\/gundem\/hatayi-kazakistanda-temsil-edecekler\/"]}]},{"@type":"BreadcrumbList","@id":"https:\/\/denizcankizil.tr\/uk\/haberler\/gundem\/hatayi-kazakistanda-temsil-edecekler\/#breadcrumb","itemListElement":[{"@type":"ListItem","position":1,"name":"Home","item":"https:\/\/denizcankizil.tr\/de\/"},{"@type":"ListItem","position":2,"name":"Hatay\u2019\u0131 Kazakistan\u2019da temsil edecekler&#8230;"}]},{"@type":"WebSite","@id":"https:\/\/denizcankizil.tr\/de\/#website","url":"https:\/\/denizcankizil.tr\/de\/","name":"Av. Deniz Can K\u0131z\u0131l","description":"Avukat Deniz Can K\u0131z\u0131l Antalya Barosu","publisher":{"@id":"https:\/\/denizcankizil.tr\/de\/#organization"},"potentialAction":[{"@type":"SearchAction","target":{"@type":"EntryPoint","urlTemplate":"https:\/\/denizcankizil.tr\/de\/?s={search_term_string}"},"query-input":{"@type":"PropertyValueSpecification","valueRequired":true,"valueName":"search_term_string"}}],"inLanguage":"uk"},{"@type":"Organization","@id":"https:\/\/denizcankizil.tr\/de\/#organization","name":"Av. Deniz Can K\u0131z\u0131l","url":"https:\/\/denizcankizil.tr\/de\/","logo":{"@type":"ImageObject","inLanguage":"uk","@id":"https:\/\/denizcankizil.tr\/de\/#\/schema\/logo\/image\/","url":"https:\/\/denizcankizil.tr\/wp-content\/uploads\/2024\/10\/siyah-logo-svg.svg","contentUrl":"https:\/\/denizcankizil.tr\/wp-content\/uploads\/2024\/10\/siyah-logo-svg.svg","width":1080,"height":1080,"caption":"Av. Deniz Can K\u0131z\u0131l"},"image":{"@id":"https:\/\/denizcankizil.tr\/de\/#\/schema\/logo\/image\/"}}]}},"_links":{"self":[{"href":"https:\/\/denizcankizil.tr\/uk\/wp-json\/wp\/v2\/posts\/3758","targetHints":{"allow":["GET"]}}],"collection":[{"href":"https:\/\/denizcankizil.tr\/uk\/wp-json\/wp\/v2\/posts"}],"about":[{"href":"https:\/\/denizcankizil.tr\/uk\/wp-json\/wp\/v2\/types\/post"}],"replies":[{"embeddable":true,"href":"https:\/\/denizcankizil.tr\/uk\/wp-json\/wp\/v2\/comments?post=3758"}],"version-history":[{"count":0,"href":"https:\/\/denizcankizil.tr\/uk\/wp-json\/wp\/v2\/posts\/3758\/revisions"}],"wp:attachment":[{"href":"https:\/\/denizcankizil.tr\/uk\/wp-json\/wp\/v2\/media?parent=3758"}],"wp:term":[{"taxonomy":"category","embeddable":true,"href":"https:\/\/denizcankizil.tr\/uk\/wp-json\/wp\/v2\/categories?post=3758"},{"taxonomy":"post_tag","embeddable":true,"href":"https:\/\/denizcankizil.tr\/uk\/wp-json\/wp\/v2\/tags?post=3758"}],"curies":[{"name":"wp","href":"https:\/\/api.w.org\/{rel}","templated":true}]}}