{"id":3739,"date":"2024-10-17T17:12:45","date_gmt":"2024-10-17T14:12:45","guid":{"rendered":"https:\/\/denizcankizil.tr\/uncategorized\/samsung-electronicsin-smartthings-platformu-iso-27001-sertifikasi-aldi\/"},"modified":"2024-10-17T17:12:45","modified_gmt":"2024-10-17T14:12:45","slug":"samsung-electronicsin-smartthings-platformu-iso-27001-sertifikasi-aldi","status":"publish","type":"post","link":"https:\/\/denizcankizil.tr\/uk\/haberler\/gundem\/samsung-electronicsin-smartthings-platformu-iso-27001-sertifikasi-aldi\/","title":{"rendered":"Samsung Electronics\u2019in SmartThings platformu ISO 27001 sertifikas\u0131 ald\u0131"},"content":{"rendered":"<p>Samsung Electronics\u2019in evde ba\u011flant\u0131l\u0131 ya\u015fam deneyimleri sunan SmartThings platformunun bilgi g\u00fcvenli\u011fi ve hizmet operasyonu alanlar\u0131ndaki ba\u015far\u0131s\u0131, ISO 27001 Sertifikas\u0131 ile teyit edildi. Al\u0131nan bu sertifika, Samsung\u2019un kullan\u0131c\u0131lar\u0131 ve i\u015f ortaklar\u0131 nezdinde olu\u015fturdu\u011fu g\u00fcveni de peki\u015ftirmi\u015f oldu.\u00a0<\/p>\n<p>\u200bSamsung Electronics\u2019in evde ba\u011flant\u0131l\u0131 ya\u015fam deneyimleri sunan SmartThings platformunun bilgi g\u00fcvenli\u011fi ve hizmet operasyonu alanlar\u0131ndaki ba\u015far\u0131s\u0131, ISO 27001 Sertifikas\u0131 ile teyit edildi. Al\u0131nan bu sertifika, Samsung\u2019un kullan\u0131c\u0131lar\u0131 ve i\u015f ortaklar\u0131 nezdinde olu\u015fturdu\u011fu g\u00fcveni de peki\u015ftirmi\u015f oldu.\u00a0\u00a0<\/p>\n<p>\u200bHaberin Al\u0131nt\u0131land\u0131\u011f\u0131 Kaynak: www.iskenderun.org<\/p>","protected":false},"excerpt":{"rendered":"<p>Samsung Electronics\u2019in evde ba\u011flant\u0131l\u0131 ya\u015fam deneyimleri sunan SmartThings platformunun bilgi g\u00fcvenli\u011fi ve hizmet operasyonu alanlar\u0131ndaki ba\u015far\u0131s\u0131, ISO 27001 Sertifikas\u0131 ile teyit edildi. Al\u0131nan bu sertifika, Samsung\u2019un kullan\u0131c\u0131lar\u0131 ve i\u015f ortaklar\u0131 nezdinde olu\u015fturdu\u011fu g\u00fcveni de peki\u015ftirmi\u015f oldu.\u00a0 \u200bSamsung Electronics\u2019in evde ba\u011flant\u0131l\u0131 ya\u015fam deneyimleri sunan SmartThings platformunun bilgi g\u00fcvenli\u011fi ve hizmet operasyonu alanlar\u0131ndaki ba\u015far\u0131s\u0131, ISO 27001 Sertifikas\u0131 ile teyit edildi. Al\u0131nan bu sertifika, Samsung\u2019un kullan\u0131c\u0131lar\u0131 ve i\u015f ortaklar\u0131 nezdinde olu\u015fturdu\u011fu g\u00fcveni de peki\u015ftirmi\u015f oldu.\u00a0\u00a0 \u200bHaberin Al\u0131nt\u0131land\u0131\u011f\u0131 Kaynak: www.iskenderun.org<\/p>","protected":false},"author":0,"featured_media":0,"comment_status":"open","ping_status":"open","sticky":false,"template":"","format":"standard","meta":{"_acf_changed":false,"footnotes":""},"categories":[24],"tags":[],"class_list":["post-3739","post","type-post","status-publish","format-standard","has-post-thumbnail","hentry","category-gundem"],"acf":[],"yoast_head":"<!-- This site is optimized with the Yoast SEO Premium plugin v26.6 (Yoast SEO v27.1.1) - https:\/\/yoast.com\/product\/yoast-seo-premium-wordpress\/ -->\n<title>Samsung Electronics\u2019in SmartThings platformu ISO 27001 sertifikas\u0131 ald\u0131 - Av. Deniz Can K\u0131z\u0131l<\/title>\n<meta name=\"robots\" content=\"index, follow, max-snippet:-1, max-image-preview:large, max-video-preview:-1\" \/>\n<link rel=\"canonical\" href=\"https:\/\/denizcankizil.tr\/uk\/haberler\/gundem\/samsung-electronicsin-smartthings-platformu-iso-27001-sertifikasi-aldi\/\" \/>\n<meta property=\"og:locale\" content=\"uk_UA\" \/>\n<meta property=\"og:type\" content=\"article\" \/>\n<meta property=\"og:title\" content=\"Samsung Electronics\u2019in SmartThings platformu ISO 27001 sertifikas\u0131 ald\u0131\" \/>\n<meta property=\"og:description\" content=\"Samsung Electronics\u2019in evde ba\u011flant\u0131l\u0131 ya\u015fam deneyimleri sunan SmartThings platformunun bilgi g\u00fcvenli\u011fi ve hizmet operasyonu alanlar\u0131ndaki ba\u015far\u0131s\u0131, ISO 27001 Sertifikas\u0131 ile teyit edildi. Al\u0131nan bu sertifika, Samsung\u2019un kullan\u0131c\u0131lar\u0131 ve i\u015f ortaklar\u0131 nezdinde olu\u015fturdu\u011fu g\u00fcveni de peki\u015ftirmi\u015f oldu.\u00a0 \u200bSamsung Electronics\u2019in evde ba\u011flant\u0131l\u0131 ya\u015fam deneyimleri sunan SmartThings platformunun bilgi g\u00fcvenli\u011fi ve hizmet operasyonu alanlar\u0131ndaki ba\u015far\u0131s\u0131, ISO 27001 Sertifikas\u0131 ile teyit edildi. Al\u0131nan bu sertifika, Samsung\u2019un kullan\u0131c\u0131lar\u0131 ve i\u015f ortaklar\u0131 nezdinde olu\u015fturdu\u011fu g\u00fcveni de peki\u015ftirmi\u015f oldu.\u00a0\u00a0 \u200bHaberin Al\u0131nt\u0131land\u0131\u011f\u0131 Kaynak: www.iskenderun.org\" \/>\n<meta property=\"og:url\" content=\"https:\/\/denizcankizil.tr\/uk\/haberler\/gundem\/samsung-electronicsin-smartthings-platformu-iso-27001-sertifikasi-aldi\/\" \/>\n<meta property=\"og:site_name\" content=\"Av. Deniz Can K\u0131z\u0131l\" \/>\n<meta property=\"article:published_time\" content=\"2024-10-17T14:12:45+00:00\" \/>\n<meta name=\"twitter:card\" content=\"summary_large_image\" \/>\n<meta name=\"twitter:label1\" content=\"\u041f\u0440\u0438\u0431\u043b. \u0447\u0430\u0441 \u0447\u0438\u0442\u0430\u043d\u043d\u044f\" \/>\n\t<meta name=\"twitter:data1\" content=\"1 \u0445\u0432\u0438\u043b\u0438\u043d\u0430\" \/>\n<script type=\"application\/ld+json\" class=\"yoast-schema-graph\">{\"@context\":\"https:\/\/schema.org\",\"@graph\":[{\"@type\":\"Article\",\"@id\":\"https:\/\/denizcankizil.tr\/uk\/haberler\/gundem\/samsung-electronicsin-smartthings-platformu-iso-27001-sertifikasi-aldi\/#article\",\"isPartOf\":{\"@id\":\"https:\/\/denizcankizil.tr\/uk\/haberler\/gundem\/samsung-electronicsin-smartthings-platformu-iso-27001-sertifikasi-aldi\/\"},\"author\":{\"name\":\"\",\"@id\":\"\"},\"headline\":\"Samsung Electronics\u2019in SmartThings platformu ISO 27001 sertifikas\u0131 ald\u0131\",\"datePublished\":\"2024-10-17T14:12:45+00:00\",\"mainEntityOfPage\":{\"@id\":\"https:\/\/denizcankizil.tr\/uk\/haberler\/gundem\/samsung-electronicsin-smartthings-platformu-iso-27001-sertifikasi-aldi\/\"},\"wordCount\":120,\"commentCount\":0,\"publisher\":{\"@id\":\"https:\/\/denizcankizil.tr\/#organization\"},\"articleSection\":[\"G\u00fcndem\"],\"inLanguage\":\"uk\",\"potentialAction\":[{\"@type\":\"CommentAction\",\"name\":\"Comment\",\"target\":[\"https:\/\/denizcankizil.tr\/uk\/haberler\/gundem\/samsung-electronicsin-smartthings-platformu-iso-27001-sertifikasi-aldi\/#respond\"]}]},{\"@type\":\"WebPage\",\"@id\":\"https:\/\/denizcankizil.tr\/uk\/haberler\/gundem\/samsung-electronicsin-smartthings-platformu-iso-27001-sertifikasi-aldi\/\",\"url\":\"https:\/\/denizcankizil.tr\/uk\/haberler\/gundem\/samsung-electronicsin-smartthings-platformu-iso-27001-sertifikasi-aldi\/\",\"name\":\"Samsung Electronics\u2019in SmartThings platformu ISO 27001 sertifikas\u0131 ald\u0131 - Av. Deniz Can K\u0131z\u0131l\",\"isPartOf\":{\"@id\":\"https:\/\/denizcankizil.tr\/#website\"},\"datePublished\":\"2024-10-17T14:12:45+00:00\",\"breadcrumb\":{\"@id\":\"https:\/\/denizcankizil.tr\/uk\/haberler\/gundem\/samsung-electronicsin-smartthings-platformu-iso-27001-sertifikasi-aldi\/#breadcrumb\"},\"inLanguage\":\"uk\",\"potentialAction\":[{\"@type\":\"ReadAction\",\"target\":[\"https:\/\/denizcankizil.tr\/uk\/haberler\/gundem\/samsung-electronicsin-smartthings-platformu-iso-27001-sertifikasi-aldi\/\"]}]},{\"@type\":\"BreadcrumbList\",\"@id\":\"https:\/\/denizcankizil.tr\/uk\/haberler\/gundem\/samsung-electronicsin-smartthings-platformu-iso-27001-sertifikasi-aldi\/#breadcrumb\",\"itemListElement\":[{\"@type\":\"ListItem\",\"position\":1,\"name\":\"Home\",\"item\":\"https:\/\/denizcankizil.tr\/de\/\"},{\"@type\":\"ListItem\",\"position\":2,\"name\":\"Samsung Electronics\u2019in SmartThings platformu ISO 27001 sertifikas\u0131 ald\u0131\"}]},{\"@type\":\"WebSite\",\"@id\":\"https:\/\/denizcankizil.tr\/#website\",\"url\":\"https:\/\/denizcankizil.tr\/\",\"name\":\"Av. Deniz Can K\u0131z\u0131l\",\"description\":\"Avukat Deniz Can K\u0131z\u0131l Antalya Barosu\",\"publisher\":{\"@id\":\"https:\/\/denizcankizil.tr\/#organization\"},\"potentialAction\":[{\"@type\":\"SearchAction\",\"target\":{\"@type\":\"EntryPoint\",\"urlTemplate\":\"https:\/\/denizcankizil.tr\/?s={search_term_string}\"},\"query-input\":{\"@type\":\"PropertyValueSpecification\",\"valueRequired\":true,\"valueName\":\"search_term_string\"}}],\"inLanguage\":\"uk\"},{\"@type\":\"Organization\",\"@id\":\"https:\/\/denizcankizil.tr\/#organization\",\"name\":\"Av. Deniz Can K\u0131z\u0131l\",\"url\":\"https:\/\/denizcankizil.tr\/\",\"logo\":{\"@type\":\"ImageObject\",\"inLanguage\":\"uk\",\"@id\":\"https:\/\/denizcankizil.tr\/#\/schema\/logo\/image\/\",\"url\":\"https:\/\/denizcankizil.tr\/wp-content\/uploads\/2024\/10\/siyah-logo-svg.svg\",\"contentUrl\":\"https:\/\/denizcankizil.tr\/wp-content\/uploads\/2024\/10\/siyah-logo-svg.svg\",\"width\":1080,\"height\":1080,\"caption\":\"Av. Deniz Can K\u0131z\u0131l\"},\"image\":{\"@id\":\"https:\/\/denizcankizil.tr\/#\/schema\/logo\/image\/\"}}]}<\/script>\n<!-- \/ Yoast SEO Premium plugin. -->","yoast_head_json":{"title":"Samsung Electronics\u2019in SmartThings platformu ISO 27001 sertifikas\u0131 ald\u0131 - Av. Deniz Can K\u0131z\u0131l","robots":{"index":"index","follow":"follow","max-snippet":"max-snippet:-1","max-image-preview":"max-image-preview:large","max-video-preview":"max-video-preview:-1"},"canonical":"https:\/\/denizcankizil.tr\/uk\/haberler\/gundem\/samsung-electronicsin-smartthings-platformu-iso-27001-sertifikasi-aldi\/","og_locale":"uk_UA","og_type":"article","og_title":"Samsung Electronics\u2019in SmartThings platformu ISO 27001 sertifikas\u0131 ald\u0131","og_description":"Samsung Electronics\u2019in evde ba\u011flant\u0131l\u0131 ya\u015fam deneyimleri sunan SmartThings platformunun bilgi g\u00fcvenli\u011fi ve hizmet operasyonu alanlar\u0131ndaki ba\u015far\u0131s\u0131, ISO 27001 Sertifikas\u0131 ile teyit edildi. Al\u0131nan bu sertifika, Samsung\u2019un kullan\u0131c\u0131lar\u0131 ve i\u015f ortaklar\u0131 nezdinde olu\u015fturdu\u011fu g\u00fcveni de peki\u015ftirmi\u015f oldu.\u00a0 \u200bSamsung Electronics\u2019in evde ba\u011flant\u0131l\u0131 ya\u015fam deneyimleri sunan SmartThings platformunun bilgi g\u00fcvenli\u011fi ve hizmet operasyonu alanlar\u0131ndaki ba\u015far\u0131s\u0131, ISO 27001 Sertifikas\u0131 ile teyit edildi. Al\u0131nan bu sertifika, Samsung\u2019un kullan\u0131c\u0131lar\u0131 ve i\u015f ortaklar\u0131 nezdinde olu\u015fturdu\u011fu g\u00fcveni de peki\u015ftirmi\u015f oldu.\u00a0\u00a0 \u200bHaberin Al\u0131nt\u0131land\u0131\u011f\u0131 Kaynak: www.iskenderun.org","og_url":"https:\/\/denizcankizil.tr\/uk\/haberler\/gundem\/samsung-electronicsin-smartthings-platformu-iso-27001-sertifikasi-aldi\/","og_site_name":"Av. Deniz Can K\u0131z\u0131l","article_published_time":"2024-10-17T14:12:45+00:00","twitter_card":"summary_large_image","twitter_misc":{"\u041f\u0440\u0438\u0431\u043b. \u0447\u0430\u0441 \u0447\u0438\u0442\u0430\u043d\u043d\u044f":"1 \u0445\u0432\u0438\u043b\u0438\u043d\u0430"},"schema":{"@context":"https:\/\/schema.org","@graph":[{"@type":"Article","@id":"https:\/\/denizcankizil.tr\/uk\/haberler\/gundem\/samsung-electronicsin-smartthings-platformu-iso-27001-sertifikasi-aldi\/#article","isPartOf":{"@id":"https:\/\/denizcankizil.tr\/uk\/haberler\/gundem\/samsung-electronicsin-smartthings-platformu-iso-27001-sertifikasi-aldi\/"},"author":{"name":"","@id":""},"headline":"Samsung Electronics\u2019in SmartThings platformu ISO 27001 sertifikas\u0131 ald\u0131","datePublished":"2024-10-17T14:12:45+00:00","mainEntityOfPage":{"@id":"https:\/\/denizcankizil.tr\/uk\/haberler\/gundem\/samsung-electronicsin-smartthings-platformu-iso-27001-sertifikasi-aldi\/"},"wordCount":120,"commentCount":0,"publisher":{"@id":"https:\/\/denizcankizil.tr\/#organization"},"articleSection":["G\u00fcndem"],"inLanguage":"uk","potentialAction":[{"@type":"CommentAction","name":"Comment","target":["https:\/\/denizcankizil.tr\/uk\/haberler\/gundem\/samsung-electronicsin-smartthings-platformu-iso-27001-sertifikasi-aldi\/#respond"]}]},{"@type":"WebPage","@id":"https:\/\/denizcankizil.tr\/uk\/haberler\/gundem\/samsung-electronicsin-smartthings-platformu-iso-27001-sertifikasi-aldi\/","url":"https:\/\/denizcankizil.tr\/uk\/haberler\/gundem\/samsung-electronicsin-smartthings-platformu-iso-27001-sertifikasi-aldi\/","name":"Samsung Electronics\u2019in SmartThings platformu ISO 27001 sertifikas\u0131 ald\u0131 - Av. Deniz Can K\u0131z\u0131l","isPartOf":{"@id":"https:\/\/denizcankizil.tr\/#website"},"datePublished":"2024-10-17T14:12:45+00:00","breadcrumb":{"@id":"https:\/\/denizcankizil.tr\/uk\/haberler\/gundem\/samsung-electronicsin-smartthings-platformu-iso-27001-sertifikasi-aldi\/#breadcrumb"},"inLanguage":"uk","potentialAction":[{"@type":"ReadAction","target":["https:\/\/denizcankizil.tr\/uk\/haberler\/gundem\/samsung-electronicsin-smartthings-platformu-iso-27001-sertifikasi-aldi\/"]}]},{"@type":"BreadcrumbList","@id":"https:\/\/denizcankizil.tr\/uk\/haberler\/gundem\/samsung-electronicsin-smartthings-platformu-iso-27001-sertifikasi-aldi\/#breadcrumb","itemListElement":[{"@type":"ListItem","position":1,"name":"Home","item":"https:\/\/denizcankizil.tr\/de\/"},{"@type":"ListItem","position":2,"name":"Samsung Electronics\u2019in SmartThings platformu ISO 27001 sertifikas\u0131 ald\u0131"}]},{"@type":"WebSite","@id":"https:\/\/denizcankizil.tr\/#website","url":"https:\/\/denizcankizil.tr\/","name":"Av. Deniz Can K\u0131z\u0131l","description":"Avukat Deniz Can K\u0131z\u0131l Antalya Barosu","publisher":{"@id":"https:\/\/denizcankizil.tr\/#organization"},"potentialAction":[{"@type":"SearchAction","target":{"@type":"EntryPoint","urlTemplate":"https:\/\/denizcankizil.tr\/?s={search_term_string}"},"query-input":{"@type":"PropertyValueSpecification","valueRequired":true,"valueName":"search_term_string"}}],"inLanguage":"uk"},{"@type":"Organization","@id":"https:\/\/denizcankizil.tr\/#organization","name":"Av. Deniz Can K\u0131z\u0131l","url":"https:\/\/denizcankizil.tr\/","logo":{"@type":"ImageObject","inLanguage":"uk","@id":"https:\/\/denizcankizil.tr\/#\/schema\/logo\/image\/","url":"https:\/\/denizcankizil.tr\/wp-content\/uploads\/2024\/10\/siyah-logo-svg.svg","contentUrl":"https:\/\/denizcankizil.tr\/wp-content\/uploads\/2024\/10\/siyah-logo-svg.svg","width":1080,"height":1080,"caption":"Av. Deniz Can K\u0131z\u0131l"},"image":{"@id":"https:\/\/denizcankizil.tr\/#\/schema\/logo\/image\/"}}]}},"_links":{"self":[{"href":"https:\/\/denizcankizil.tr\/uk\/wp-json\/wp\/v2\/posts\/3739","targetHints":{"allow":["GET"]}}],"collection":[{"href":"https:\/\/denizcankizil.tr\/uk\/wp-json\/wp\/v2\/posts"}],"about":[{"href":"https:\/\/denizcankizil.tr\/uk\/wp-json\/wp\/v2\/types\/post"}],"replies":[{"embeddable":true,"href":"https:\/\/denizcankizil.tr\/uk\/wp-json\/wp\/v2\/comments?post=3739"}],"version-history":[{"count":0,"href":"https:\/\/denizcankizil.tr\/uk\/wp-json\/wp\/v2\/posts\/3739\/revisions"}],"wp:attachment":[{"href":"https:\/\/denizcankizil.tr\/uk\/wp-json\/wp\/v2\/media?parent=3739"}],"wp:term":[{"taxonomy":"category","embeddable":true,"href":"https:\/\/denizcankizil.tr\/uk\/wp-json\/wp\/v2\/categories?post=3739"},{"taxonomy":"post_tag","embeddable":true,"href":"https:\/\/denizcankizil.tr\/uk\/wp-json\/wp\/v2\/tags?post=3739"}],"curies":[{"name":"wp","href":"https:\/\/api.w.org\/{rel}","templated":true}]}}