{"id":37320,"date":"2025-03-27T14:41:26","date_gmt":"2025-03-27T11:41:26","guid":{"rendered":"https:\/\/denizcankizil.tr\/uncategorized-tr\/umit-uysal-dan-ozdag-cikisi-65-gundur-sucunun-ne-oldugu-anlasilamadi\/"},"modified":"2025-03-27T14:41:26","modified_gmt":"2025-03-27T11:41:26","slug":"umit-uysal-dan-ozdag-cikisi-65-gundur-sucunun-ne-oldugu-anlasilamadi","status":"publish","type":"post","link":"https:\/\/denizcankizil.tr\/uk\/haberler\/gundem\/umit-uysal-dan-ozdag-cikisi-65-gundur-sucunun-ne-oldugu-anlasilamadi\/","title":{"rendered":"\u00dcmit Uysal \u2018dan \u00d6zda\u011f \u00e7\u0131k\u0131\u015f\u0131: 65 g\u00fcnd\u00fcr su\u00e7unun ne oldu\u011fu anla\u015f\u0131lamad\u0131"},"content":{"rendered":"<p>Zafer Partisi \u00dcmit \u00d6zda\u011f\u2019\u0131n tutuklanmas\u0131n\u0131n \u00fczerinden 65 g\u00fcn ge\u00e7ti ve \u00d6zda\u011f i\u00e7in hala iddianame haz\u0131rlanmad\u0131. Ya\u015fanan bu geli\u015fmeye Muratpa\u015fa Belediye Ba\u015fkan\u0131 \u00dcmit Uysal sosyal medya \u00fczerinden yay\u0131nlad\u0131\u011f\u0131 mesaj ile tepki g\u00f6sterdi. Uysal, \u201c65 g\u00fcnd\u00fcr tam olarak su\u00e7unun ne oldu\u011fu anla\u015f\u0131lamad\u0131. Bir siyasi parti genel ba\u015fkan\u0131n\u0131n hapse at\u0131lmas\u0131, iddia edilen su\u00e7un dahi ne oldu\u011funun anla\u015f\u0131lamamas\u0131, hakk\u0131nda iddianame haz\u0131rlanmam\u0131\u015f olmas\u0131 demokrasimiz ad\u0131na \u00e7ok vahim bir g\u00f6r\u00fcnt\u00fcd\u00fcr\u201d diye konutu.\u00a0<\/p>\n<p>\u00d6ZDA\u011e TUTUKLANALI 65 G\u00dcN OLDU\u00a0<\/p>\n<p>Zafer Partisi Genel Ba\u015fkan\u0131 \u00dcmit \u00d6zda\u011f, 20 Ocak 2025 tarihinde Ankara\u2019da g\u00f6zalt\u0131na al\u0131nd\u0131. \u00d6zda\u011f, g\u00f6zalt\u0131na al\u0131nmas\u0131n\u0131n ertesi g\u00fcn\u00fcn de yani 21 Ocak 2025 tarihinde halk\u0131 kin ve d\u00fc\u015fmanl\u0131\u011fa alenen tahrik&#8221; su\u00e7lamas\u0131yla sevk edildi\u011fi hakimlik taraf\u0131ndan tutukland\u0131. \u00d6zda\u011f\u2019\u0131n tutuklanmas\u0131n\u0131n \u00fczerinden 65 g\u00fcn ge\u00e7ti ve hala genel ba\u015fka hakk\u0131nda iddianame haz\u0131rlanmad\u0131.\u00a0<\/p>\n<p>\u00d6ZDA\u011e \u0130\u00c7\u0130N \u0130DD\u0130ANAME HAZIRLANMADI\u00a0<\/p>\n<p>Halk TV\u2019de \u201cYeni Bir Sabah\u201d program\u0131n\u0131 sunan gazeteci \u0130smail K\u00fc\u00e7\u00fckkaya\u2019ya mektup g\u00f6nderen \u00dcmit Uysal, 1 aydan uzun bir s\u00fcredir cezaevinde tutuklu olarak yarg\u0131land\u0131\u011f\u0131 halde hen\u00fcz kendisi ad\u0131na bir iddianame haz\u0131rlanmad\u0131\u011f\u0131n\u0131 dile getirdi. \u00d6zda\u011f g\u00f6nderdi\u011fi mektubunda \u201cBug\u00fcn Silivri\u2019de 64. g\u00fcn\u00fcm su\u00e7land\u0131\u011f\u0131m halk\u0131 kin ve d\u00fc\u015fmanl\u0131\u011fa k\u0131\u015fk\u0131rtma su\u00e7unun cezas\u0131 1 ila 3 sene. En y\u00fcksek cezay\u0131 alsam dahi bu kadar uzun s\u00fcre cezaevinde yatmazd\u0131m. Buna ra\u011fmen g\u00fc\u00e7l\u00fc su\u00e7 \u015f\u00fcphesi iddias\u0131yla bir siyasi parti genel ba\u015fkan\u0131 1 ay\u0131 a\u015fk\u0131n s\u00fcredir cezaevinde iddianame haz\u0131rlanmadan tutuluyor. L\u00fctfen bu hukuksuz durumu T\u00fcrk halk\u0131na anlat\u0131n. D\u00fc\u015fman ceza hukuku uygulamalar\u0131yla bu \u00fclkenin ikinci s\u0131n\u0131f yurt d\u0131\u015f\u0131 yurtta\u015f\u0131 gibi davran\u0131lmas\u0131ndan Cumhur \u0130ttifak\u0131 art\u0131k vazge\u00e7melidir. Biz ikinci s\u0131n\u0131f yurtta\u015f de\u011filiz, biz d\u00fc\u015fman da de\u011filiz. \u0130ddianame nerede diye soruyorum. Cevap bekliyoruz\u201d dedi.\u00a0<\/p>\n<p>\u00dcM\u0130T UYSAL\u2019DAN TEPK\u0130 GELD\u0130\u00a0<\/p>\n<p>\u00d6zda\u011f&#8217;\u0131n ya\u015fad\u0131\u011f\u0131 duruma tepki g\u00f6steren bir di\u011fer isim de Antalya Muratpa\u015fa Belediye Ba\u015fkan\u0131 \u00dcmit Uysal oldu. 65 g\u00fcn gibi bir s\u00fcre ge\u00e7mesine ra\u011fmen hala Zafer Parti Genel Ba\u015fkan\u0131 \u00dcmit \u00d6zda\u011f i\u00e7in iddianame haz\u0131rlanmamas\u0131na sosyal medya \u00fczerinden yapt\u0131\u011f\u0131 payla\u015f\u0131mla tepki g\u00f6steren Uysal, \u201cZafer Partisi Genel Ba\u015fkan\u0131 Say\u0131n \u00dcmit \u00d6zda\u011f 65 g\u00fcn \u00f6nce tutukland\u0131. 65 g\u00fcnd\u00fcr tam olarak su\u00e7unun ne oldu\u011fu anla\u015f\u0131lamad\u0131. Bir siyasi parti genel ba\u015fkan\u0131n\u0131n hapse at\u0131lmas\u0131, iddia edilen su\u00e7un dahi ne oldu\u011funun anla\u015f\u0131lamamas\u0131, hakk\u0131nda iddianame haz\u0131rlanmam\u0131\u015f olmas\u0131 demokrasimiz ad\u0131na \u00e7ok vahim bir g\u00f6r\u00fcnt\u00fcd\u00fcr. T\u00fcrkiye&#8217;nin sorumlulu\u011funu ta\u015f\u0131yan herkesi, b\u00fct\u00fcn makamlar\u0131 ve ki\u015fileri, bu keyfilik tablosunun ortadan kald\u0131r\u0131lmas\u0131 i\u00e7in \u00e7aba g\u00f6stermeye davet ediyorum. Rejim de\u011fi\u015fikli\u011fi hissiyat\u0131 i\u00e7indeyiz. H\u0131zla demokrasiye d\u00f6nebilmeyi umut ediyoruz\u201d ifadelerini kulland\u0131.\u00a0<\/p>\n<p>Zafer Partisi Genel Ba\u015fkan\u0131 Say\u0131n \u00dcmit \u00d6zda\u011f 65 g\u00fcn \u00f6nce tutukland\u0131. 65 g\u00fcnd\u00fcr tam olarak su\u00e7unun ne oldu\u011fu anla\u015f\u0131lamad\u0131. Bir siyasi parti genel ba\u015fkan\u0131n\u0131n hapse at\u0131lmas\u0131, iddia edilen su\u00e7un dahi ne oldu\u011funun anla\u015f\u0131lamamas\u0131, hakk\u0131nda iddianame haz\u0131rlanmam\u0131\u015f olmas\u0131 demokrasimiz\u2026<br \/>\n\u2014 \u00dcM\u0130T UYSAL (@Av_umituysal) March 27, 2025<\/p>\n<p>\u00a0<\/p>\n<p>\u200bZafer Partisi Genel Ba\u015fkan\u0131 \u00dcmit \u00d6zda\u011f\u2019\u0131n tutuklanmas\u0131n\u0131n \u00fczerinden 65 g\u00fcn ge\u00e7ti\u011fi halde hen\u00fcz genel ba\u015fkan hakk\u0131nda iddianame haz\u0131rlanmad\u0131. Ya\u015fanan bu geli\u015fmeye tepki g\u00f6steren Muratpa\u015fa Belediye Ba\u015fkan\u0131 \u00dcmit Uysal, \u201cBir siyasi parti genel ba\u015fkan\u0131n\u0131n hapse at\u0131lmas\u0131, iddia edilen su\u00e7un dahi ne oldu\u011funun anla\u015f\u0131lamamas\u0131, hakk\u0131nda iddianame haz\u0131rlanmam\u0131\u015f olmas\u0131 demokrasimiz ad\u0131na \u00e7ok vahim bir g\u00f6r\u00fcnt\u00fcd\u00fcr\u201d dedi.\u00a0<\/p>\n<p>\u200bHaberin Al\u0131nt\u0131land\u0131\u011f\u0131 Kaynak: www.antalyakorfez.com<\/p>","protected":false},"excerpt":{"rendered":"<p>Zafer Partisi \u00dcmit \u00d6zda\u011f\u2019\u0131n tutuklanmas\u0131n\u0131n \u00fczerinden 65 g\u00fcn ge\u00e7ti ve \u00d6zda\u011f i\u00e7in hala iddianame haz\u0131rlanmad\u0131. Ya\u015fanan bu geli\u015fmeye Muratpa\u015fa Belediye Ba\u015fkan\u0131 \u00dcmit Uysal sosyal medya \u00fczerinden yay\u0131nlad\u0131\u011f\u0131 mesaj ile tepki g\u00f6sterdi. Uysal, \u201c65 g\u00fcnd\u00fcr tam olarak su\u00e7unun ne oldu\u011fu anla\u015f\u0131lamad\u0131. Bir siyasi parti genel ba\u015fkan\u0131n\u0131n hapse at\u0131lmas\u0131, iddia edilen su\u00e7un dahi ne oldu\u011funun anla\u015f\u0131lamamas\u0131, hakk\u0131nda iddianame haz\u0131rlanmam\u0131\u015f olmas\u0131 demokrasimiz ad\u0131na \u00e7ok vahim bir g\u00f6r\u00fcnt\u00fcd\u00fcr\u201d diye konutu.\u00a0 \u00d6ZDA\u011e TUTUKLANALI 65 G\u00dcN OLDU\u00a0 Zafer Partisi Genel Ba\u015fkan\u0131 \u00dcmit \u00d6zda\u011f, 20 Ocak 2025 tarihinde Ankara\u2019da g\u00f6zalt\u0131na al\u0131nd\u0131. \u00d6zda\u011f, g\u00f6zalt\u0131na al\u0131nmas\u0131n\u0131n ertesi g\u00fcn\u00fcn de yani 21 Ocak 2025 tarihinde halk\u0131 kin ve d\u00fc\u015fmanl\u0131\u011fa alenen tahrik&#8221; su\u00e7lamas\u0131yla sevk edildi\u011fi hakimlik taraf\u0131ndan tutukland\u0131. \u00d6zda\u011f\u2019\u0131n tutuklanmas\u0131n\u0131n \u00fczerinden 65 g\u00fcn ge\u00e7ti ve hala genel ba\u015fka hakk\u0131nda iddianame haz\u0131rlanmad\u0131.\u00a0 \u00d6ZDA\u011e \u0130\u00c7\u0130N \u0130DD\u0130ANAME HAZIRLANMADI\u00a0 Halk TV\u2019de \u201cYeni Bir Sabah\u201d program\u0131n\u0131 sunan gazeteci \u0130smail K\u00fc\u00e7\u00fckkaya\u2019ya mektup g\u00f6nderen \u00dcmit Uysal, 1 aydan uzun bir s\u00fcredir cezaevinde tutuklu olarak yarg\u0131land\u0131\u011f\u0131 halde hen\u00fcz kendisi ad\u0131na bir iddianame haz\u0131rlanmad\u0131\u011f\u0131n\u0131 dile getirdi. \u00d6zda\u011f g\u00f6nderdi\u011fi mektubunda \u201cBug\u00fcn Silivri\u2019de 64. g\u00fcn\u00fcm su\u00e7land\u0131\u011f\u0131m halk\u0131 kin ve d\u00fc\u015fmanl\u0131\u011fa k\u0131\u015fk\u0131rtma su\u00e7unun cezas\u0131 1 ila 3 sene. En y\u00fcksek cezay\u0131 alsam dahi bu kadar uzun s\u00fcre cezaevinde yatmazd\u0131m. Buna ra\u011fmen g\u00fc\u00e7l\u00fc su\u00e7 \u015f\u00fcphesi iddias\u0131yla bir siyasi parti genel ba\u015fkan\u0131 1 ay\u0131 a\u015fk\u0131n &hellip;<\/p>","protected":false},"author":5,"featured_media":0,"comment_status":"","ping_status":"open","sticky":false,"template":"","format":"standard","meta":{"_acf_changed":false,"footnotes":""},"categories":[24],"tags":[],"class_list":["post-37320","post","type-post","status-publish","format-standard","has-post-thumbnail","hentry","category-gundem"],"acf":[],"yoast_head":"<!-- This site is optimized with the Yoast SEO Premium plugin v26.6 (Yoast SEO v27.1.1) - https:\/\/yoast.com\/product\/yoast-seo-premium-wordpress\/ -->\n<title>\u00dcmit Uysal \u2018dan \u00d6zda\u011f \u00e7\u0131k\u0131\u015f\u0131: 65 g\u00fcnd\u00fcr su\u00e7unun ne oldu\u011fu anla\u015f\u0131lamad\u0131 - Av. Deniz Can K\u0131z\u0131l<\/title>\n<meta name=\"robots\" content=\"index, follow, max-snippet:-1, max-image-preview:large, max-video-preview:-1\" \/>\n<link rel=\"canonical\" href=\"https:\/\/denizcankizil.tr\/uk\/haberler\/gundem\/umit-uysal-dan-ozdag-cikisi-65-gundur-sucunun-ne-oldugu-anlasilamadi\/\" \/>\n<meta property=\"og:locale\" content=\"uk_UA\" \/>\n<meta property=\"og:type\" content=\"article\" \/>\n<meta property=\"og:title\" content=\"\u00dcmit Uysal \u2018dan \u00d6zda\u011f \u00e7\u0131k\u0131\u015f\u0131: 65 g\u00fcnd\u00fcr su\u00e7unun ne oldu\u011fu anla\u015f\u0131lamad\u0131\" \/>\n<meta property=\"og:description\" content=\"Zafer Partisi \u00dcmit \u00d6zda\u011f\u2019\u0131n tutuklanmas\u0131n\u0131n \u00fczerinden 65 g\u00fcn ge\u00e7ti ve \u00d6zda\u011f i\u00e7in hala iddianame haz\u0131rlanmad\u0131. Ya\u015fanan bu geli\u015fmeye Muratpa\u015fa Belediye Ba\u015fkan\u0131 \u00dcmit Uysal sosyal medya \u00fczerinden yay\u0131nlad\u0131\u011f\u0131 mesaj ile tepki g\u00f6sterdi. Uysal, \u201c65 g\u00fcnd\u00fcr tam olarak su\u00e7unun ne oldu\u011fu anla\u015f\u0131lamad\u0131. Bir siyasi parti genel ba\u015fkan\u0131n\u0131n hapse at\u0131lmas\u0131, iddia edilen su\u00e7un dahi ne oldu\u011funun anla\u015f\u0131lamamas\u0131, hakk\u0131nda iddianame haz\u0131rlanmam\u0131\u015f olmas\u0131 demokrasimiz ad\u0131na \u00e7ok vahim bir g\u00f6r\u00fcnt\u00fcd\u00fcr\u201d diye konutu.\u00a0 \u00d6ZDA\u011e TUTUKLANALI 65 G\u00dcN OLDU\u00a0 Zafer Partisi Genel Ba\u015fkan\u0131 \u00dcmit \u00d6zda\u011f, 20 Ocak 2025 tarihinde Ankara\u2019da g\u00f6zalt\u0131na al\u0131nd\u0131. \u00d6zda\u011f, g\u00f6zalt\u0131na al\u0131nmas\u0131n\u0131n ertesi g\u00fcn\u00fcn de yani 21 Ocak 2025 tarihinde halk\u0131 kin ve d\u00fc\u015fmanl\u0131\u011fa alenen tahrik&#8221; su\u00e7lamas\u0131yla sevk edildi\u011fi hakimlik taraf\u0131ndan tutukland\u0131. \u00d6zda\u011f\u2019\u0131n tutuklanmas\u0131n\u0131n \u00fczerinden 65 g\u00fcn ge\u00e7ti ve hala genel ba\u015fka hakk\u0131nda iddianame haz\u0131rlanmad\u0131.\u00a0 \u00d6ZDA\u011e \u0130\u00c7\u0130N \u0130DD\u0130ANAME HAZIRLANMADI\u00a0 Halk TV\u2019de \u201cYeni Bir Sabah\u201d program\u0131n\u0131 sunan gazeteci \u0130smail K\u00fc\u00e7\u00fckkaya\u2019ya mektup g\u00f6nderen \u00dcmit Uysal, 1 aydan uzun bir s\u00fcredir cezaevinde tutuklu olarak yarg\u0131land\u0131\u011f\u0131 halde hen\u00fcz kendisi ad\u0131na bir iddianame haz\u0131rlanmad\u0131\u011f\u0131n\u0131 dile getirdi. \u00d6zda\u011f g\u00f6nderdi\u011fi mektubunda \u201cBug\u00fcn Silivri\u2019de 64. g\u00fcn\u00fcm su\u00e7land\u0131\u011f\u0131m halk\u0131 kin ve d\u00fc\u015fmanl\u0131\u011fa k\u0131\u015fk\u0131rtma su\u00e7unun cezas\u0131 1 ila 3 sene. En y\u00fcksek cezay\u0131 alsam dahi bu kadar uzun s\u00fcre cezaevinde yatmazd\u0131m. Buna ra\u011fmen g\u00fc\u00e7l\u00fc su\u00e7 \u015f\u00fcphesi iddias\u0131yla bir siyasi parti genel ba\u015fkan\u0131 1 ay\u0131 a\u015fk\u0131n &hellip;\" \/>\n<meta property=\"og:url\" content=\"https:\/\/denizcankizil.tr\/uk\/haberler\/gundem\/umit-uysal-dan-ozdag-cikisi-65-gundur-sucunun-ne-oldugu-anlasilamadi\/\" \/>\n<meta property=\"og:site_name\" content=\"Av. Deniz Can K\u0131z\u0131l\" \/>\n<meta property=\"article:published_time\" content=\"2025-03-27T11:41:26+00:00\" \/>\n<meta name=\"author\" content=\"Antalya K\u00f6rfez\" \/>\n<meta name=\"twitter:card\" content=\"summary_large_image\" \/>\n<meta name=\"twitter:label1\" content=\"\u041d\u0430\u043f\u0438\u0441\u0430\u043d\u043e\" \/>\n\t<meta name=\"twitter:data1\" content=\"Antalya K\u00f6rfez\" \/>\n\t<meta name=\"twitter:label2\" content=\"\u041f\u0440\u0438\u0431\u043b. \u0447\u0430\u0441 \u0447\u0438\u0442\u0430\u043d\u043d\u044f\" \/>\n\t<meta name=\"twitter:data2\" content=\"3 \u0445\u0432\u0438\u043b\u0438\u043d\u0438\" \/>\n<script type=\"application\/ld+json\" class=\"yoast-schema-graph\">{\"@context\":\"https:\/\/schema.org\",\"@graph\":[{\"@type\":\"Article\",\"@id\":\"https:\/\/denizcankizil.tr\/en\/haberler\/gundem\/umit-uysal-dan-ozdag-cikisi-65-gundur-sucunun-ne-oldugu-anlasilamadi\/#article\",\"isPartOf\":{\"@id\":\"https:\/\/denizcankizil.tr\/en\/haberler\/gundem\/umit-uysal-dan-ozdag-cikisi-65-gundur-sucunun-ne-oldugu-anlasilamadi\/\"},\"author\":{\"name\":\"Antalya K\u00f6rfez\",\"@id\":\"https:\/\/denizcankizil.tr\/#\/schema\/person\/e1eb71bb4dd684d46563f0af307e1234\"},\"headline\":\"\u00dcmit Uysal \u2018dan \u00d6zda\u011f \u00e7\u0131k\u0131\u015f\u0131: 65 g\u00fcnd\u00fcr su\u00e7unun ne oldu\u011fu anla\u015f\u0131lamad\u0131\",\"datePublished\":\"2025-03-27T11:41:26+00:00\",\"mainEntityOfPage\":{\"@id\":\"https:\/\/denizcankizil.tr\/en\/haberler\/gundem\/umit-uysal-dan-ozdag-cikisi-65-gundur-sucunun-ne-oldugu-anlasilamadi\/\"},\"wordCount\":679,\"publisher\":{\"@id\":\"https:\/\/denizcankizil.tr\/#organization\"},\"articleSection\":[\"G\u00fcndem\"],\"inLanguage\":\"uk\"},{\"@type\":\"WebPage\",\"@id\":\"https:\/\/denizcankizil.tr\/en\/haberler\/gundem\/umit-uysal-dan-ozdag-cikisi-65-gundur-sucunun-ne-oldugu-anlasilamadi\/\",\"url\":\"https:\/\/denizcankizil.tr\/en\/haberler\/gundem\/umit-uysal-dan-ozdag-cikisi-65-gundur-sucunun-ne-oldugu-anlasilamadi\/\",\"name\":\"\u00dcmit Uysal \u2018dan \u00d6zda\u011f \u00e7\u0131k\u0131\u015f\u0131: 65 g\u00fcnd\u00fcr su\u00e7unun ne oldu\u011fu anla\u015f\u0131lamad\u0131 - Av. Deniz Can K\u0131z\u0131l\",\"isPartOf\":{\"@id\":\"https:\/\/denizcankizil.tr\/#website\"},\"datePublished\":\"2025-03-27T11:41:26+00:00\",\"breadcrumb\":{\"@id\":\"https:\/\/denizcankizil.tr\/en\/haberler\/gundem\/umit-uysal-dan-ozdag-cikisi-65-gundur-sucunun-ne-oldugu-anlasilamadi\/#breadcrumb\"},\"inLanguage\":\"uk\",\"potentialAction\":[{\"@type\":\"ReadAction\",\"target\":[\"https:\/\/denizcankizil.tr\/en\/haberler\/gundem\/umit-uysal-dan-ozdag-cikisi-65-gundur-sucunun-ne-oldugu-anlasilamadi\/\"]}]},{\"@type\":\"BreadcrumbList\",\"@id\":\"https:\/\/denizcankizil.tr\/en\/haberler\/gundem\/umit-uysal-dan-ozdag-cikisi-65-gundur-sucunun-ne-oldugu-anlasilamadi\/#breadcrumb\",\"itemListElement\":[{\"@type\":\"ListItem\",\"position\":1,\"name\":\"Home\",\"item\":\"https:\/\/denizcankizil.tr\/de\/\"},{\"@type\":\"ListItem\",\"position\":2,\"name\":\"\u00dcmit Uysal \u2018dan \u00d6zda\u011f \u00e7\u0131k\u0131\u015f\u0131: 65 g\u00fcnd\u00fcr su\u00e7unun ne oldu\u011fu anla\u015f\u0131lamad\u0131\"}]},{\"@type\":\"WebSite\",\"@id\":\"https:\/\/denizcankizil.tr\/#website\",\"url\":\"https:\/\/denizcankizil.tr\/\",\"name\":\"Av. Deniz Can K\u0131z\u0131l\",\"description\":\"Avukat Deniz Can K\u0131z\u0131l Antalya Barosu\",\"publisher\":{\"@id\":\"https:\/\/denizcankizil.tr\/#organization\"},\"potentialAction\":[{\"@type\":\"SearchAction\",\"target\":{\"@type\":\"EntryPoint\",\"urlTemplate\":\"https:\/\/denizcankizil.tr\/?s={search_term_string}\"},\"query-input\":{\"@type\":\"PropertyValueSpecification\",\"valueRequired\":true,\"valueName\":\"search_term_string\"}}],\"inLanguage\":\"uk\"},{\"@type\":\"Organization\",\"@id\":\"https:\/\/denizcankizil.tr\/#organization\",\"name\":\"Av. Deniz Can K\u0131z\u0131l\",\"url\":\"https:\/\/denizcankizil.tr\/\",\"logo\":{\"@type\":\"ImageObject\",\"inLanguage\":\"uk\",\"@id\":\"https:\/\/denizcankizil.tr\/#\/schema\/logo\/image\/\",\"url\":\"https:\/\/denizcankizil.tr\/wp-content\/uploads\/2024\/10\/siyah-logo-svg.svg\",\"contentUrl\":\"https:\/\/denizcankizil.tr\/wp-content\/uploads\/2024\/10\/siyah-logo-svg.svg\",\"width\":1080,\"height\":1080,\"caption\":\"Av. Deniz Can K\u0131z\u0131l\"},\"image\":{\"@id\":\"https:\/\/denizcankizil.tr\/#\/schema\/logo\/image\/\"}},{\"@type\":\"Person\",\"@id\":\"https:\/\/denizcankizil.tr\/#\/schema\/person\/e1eb71bb4dd684d46563f0af307e1234\",\"name\":\"Antalya K\u00f6rfez\",\"image\":{\"@type\":\"ImageObject\",\"inLanguage\":\"uk\",\"@id\":\"https:\/\/denizcankizil.tr\/#\/schema\/person\/image\/\",\"url\":\"https:\/\/secure.gravatar.com\/avatar\/42b01982558a48a0b501fdcab6a408d3717ea5919095ee2e67b0e521799c5905?s=96&d=mm&r=g\",\"contentUrl\":\"https:\/\/secure.gravatar.com\/avatar\/42b01982558a48a0b501fdcab6a408d3717ea5919095ee2e67b0e521799c5905?s=96&d=mm&r=g\",\"caption\":\"Antalya K\u00f6rfez\"},\"sameAs\":[\"http:\/\/www.antalyakorfez.com\"],\"url\":\"https:\/\/www.antalyakorfez.com\/umit-uysal-dan-ozdag-cikisi-65-gundur-sucunun-ne-oldugu-anlasilamadi\"}]}<\/script>\n<!-- \/ Yoast SEO Premium plugin. -->","yoast_head_json":{"title":"\u00dcmit Uysal \u2018dan \u00d6zda\u011f \u00e7\u0131k\u0131\u015f\u0131: 65 g\u00fcnd\u00fcr su\u00e7unun ne oldu\u011fu anla\u015f\u0131lamad\u0131 - Av. Deniz Can K\u0131z\u0131l","robots":{"index":"index","follow":"follow","max-snippet":"max-snippet:-1","max-image-preview":"max-image-preview:large","max-video-preview":"max-video-preview:-1"},"canonical":"https:\/\/denizcankizil.tr\/uk\/haberler\/gundem\/umit-uysal-dan-ozdag-cikisi-65-gundur-sucunun-ne-oldugu-anlasilamadi\/","og_locale":"uk_UA","og_type":"article","og_title":"\u00dcmit Uysal \u2018dan \u00d6zda\u011f \u00e7\u0131k\u0131\u015f\u0131: 65 g\u00fcnd\u00fcr su\u00e7unun ne oldu\u011fu anla\u015f\u0131lamad\u0131","og_description":"Zafer Partisi \u00dcmit \u00d6zda\u011f\u2019\u0131n tutuklanmas\u0131n\u0131n \u00fczerinden 65 g\u00fcn ge\u00e7ti ve \u00d6zda\u011f i\u00e7in hala iddianame haz\u0131rlanmad\u0131. Ya\u015fanan bu geli\u015fmeye Muratpa\u015fa Belediye Ba\u015fkan\u0131 \u00dcmit Uysal sosyal medya \u00fczerinden yay\u0131nlad\u0131\u011f\u0131 mesaj ile tepki g\u00f6sterdi. Uysal, \u201c65 g\u00fcnd\u00fcr tam olarak su\u00e7unun ne oldu\u011fu anla\u015f\u0131lamad\u0131. Bir siyasi parti genel ba\u015fkan\u0131n\u0131n hapse at\u0131lmas\u0131, iddia edilen su\u00e7un dahi ne oldu\u011funun anla\u015f\u0131lamamas\u0131, hakk\u0131nda iddianame haz\u0131rlanmam\u0131\u015f olmas\u0131 demokrasimiz ad\u0131na \u00e7ok vahim bir g\u00f6r\u00fcnt\u00fcd\u00fcr\u201d diye konutu.\u00a0 \u00d6ZDA\u011e TUTUKLANALI 65 G\u00dcN OLDU\u00a0 Zafer Partisi Genel Ba\u015fkan\u0131 \u00dcmit \u00d6zda\u011f, 20 Ocak 2025 tarihinde Ankara\u2019da g\u00f6zalt\u0131na al\u0131nd\u0131. \u00d6zda\u011f, g\u00f6zalt\u0131na al\u0131nmas\u0131n\u0131n ertesi g\u00fcn\u00fcn de yani 21 Ocak 2025 tarihinde halk\u0131 kin ve d\u00fc\u015fmanl\u0131\u011fa alenen tahrik&#8221; su\u00e7lamas\u0131yla sevk edildi\u011fi hakimlik taraf\u0131ndan tutukland\u0131. \u00d6zda\u011f\u2019\u0131n tutuklanmas\u0131n\u0131n \u00fczerinden 65 g\u00fcn ge\u00e7ti ve hala genel ba\u015fka hakk\u0131nda iddianame haz\u0131rlanmad\u0131.\u00a0 \u00d6ZDA\u011e \u0130\u00c7\u0130N \u0130DD\u0130ANAME HAZIRLANMADI\u00a0 Halk TV\u2019de \u201cYeni Bir Sabah\u201d program\u0131n\u0131 sunan gazeteci \u0130smail K\u00fc\u00e7\u00fckkaya\u2019ya mektup g\u00f6nderen \u00dcmit Uysal, 1 aydan uzun bir s\u00fcredir cezaevinde tutuklu olarak yarg\u0131land\u0131\u011f\u0131 halde hen\u00fcz kendisi ad\u0131na bir iddianame haz\u0131rlanmad\u0131\u011f\u0131n\u0131 dile getirdi. \u00d6zda\u011f g\u00f6nderdi\u011fi mektubunda \u201cBug\u00fcn Silivri\u2019de 64. g\u00fcn\u00fcm su\u00e7land\u0131\u011f\u0131m halk\u0131 kin ve d\u00fc\u015fmanl\u0131\u011fa k\u0131\u015fk\u0131rtma su\u00e7unun cezas\u0131 1 ila 3 sene. En y\u00fcksek cezay\u0131 alsam dahi bu kadar uzun s\u00fcre cezaevinde yatmazd\u0131m. Buna ra\u011fmen g\u00fc\u00e7l\u00fc su\u00e7 \u015f\u00fcphesi iddias\u0131yla bir siyasi parti genel ba\u015fkan\u0131 1 ay\u0131 a\u015fk\u0131n &hellip;","og_url":"https:\/\/denizcankizil.tr\/uk\/haberler\/gundem\/umit-uysal-dan-ozdag-cikisi-65-gundur-sucunun-ne-oldugu-anlasilamadi\/","og_site_name":"Av. Deniz Can K\u0131z\u0131l","article_published_time":"2025-03-27T11:41:26+00:00","author":"Antalya K\u00f6rfez","twitter_card":"summary_large_image","twitter_misc":{"\u041d\u0430\u043f\u0438\u0441\u0430\u043d\u043e":"Antalya K\u00f6rfez","\u041f\u0440\u0438\u0431\u043b. \u0447\u0430\u0441 \u0447\u0438\u0442\u0430\u043d\u043d\u044f":"3 \u0445\u0432\u0438\u043b\u0438\u043d\u0438"},"schema":{"@context":"https:\/\/schema.org","@graph":[{"@type":"Article","@id":"https:\/\/denizcankizil.tr\/en\/haberler\/gundem\/umit-uysal-dan-ozdag-cikisi-65-gundur-sucunun-ne-oldugu-anlasilamadi\/#article","isPartOf":{"@id":"https:\/\/denizcankizil.tr\/en\/haberler\/gundem\/umit-uysal-dan-ozdag-cikisi-65-gundur-sucunun-ne-oldugu-anlasilamadi\/"},"author":{"name":"Antalya K\u00f6rfez","@id":"https:\/\/denizcankizil.tr\/#\/schema\/person\/e1eb71bb4dd684d46563f0af307e1234"},"headline":"\u00dcmit Uysal \u2018dan \u00d6zda\u011f \u00e7\u0131k\u0131\u015f\u0131: 65 g\u00fcnd\u00fcr su\u00e7unun ne oldu\u011fu anla\u015f\u0131lamad\u0131","datePublished":"2025-03-27T11:41:26+00:00","mainEntityOfPage":{"@id":"https:\/\/denizcankizil.tr\/en\/haberler\/gundem\/umit-uysal-dan-ozdag-cikisi-65-gundur-sucunun-ne-oldugu-anlasilamadi\/"},"wordCount":679,"publisher":{"@id":"https:\/\/denizcankizil.tr\/#organization"},"articleSection":["G\u00fcndem"],"inLanguage":"uk"},{"@type":"WebPage","@id":"https:\/\/denizcankizil.tr\/en\/haberler\/gundem\/umit-uysal-dan-ozdag-cikisi-65-gundur-sucunun-ne-oldugu-anlasilamadi\/","url":"https:\/\/denizcankizil.tr\/en\/haberler\/gundem\/umit-uysal-dan-ozdag-cikisi-65-gundur-sucunun-ne-oldugu-anlasilamadi\/","name":"\u00dcmit Uysal \u2018dan \u00d6zda\u011f \u00e7\u0131k\u0131\u015f\u0131: 65 g\u00fcnd\u00fcr su\u00e7unun ne oldu\u011fu anla\u015f\u0131lamad\u0131 - Av. Deniz Can K\u0131z\u0131l","isPartOf":{"@id":"https:\/\/denizcankizil.tr\/#website"},"datePublished":"2025-03-27T11:41:26+00:00","breadcrumb":{"@id":"https:\/\/denizcankizil.tr\/en\/haberler\/gundem\/umit-uysal-dan-ozdag-cikisi-65-gundur-sucunun-ne-oldugu-anlasilamadi\/#breadcrumb"},"inLanguage":"uk","potentialAction":[{"@type":"ReadAction","target":["https:\/\/denizcankizil.tr\/en\/haberler\/gundem\/umit-uysal-dan-ozdag-cikisi-65-gundur-sucunun-ne-oldugu-anlasilamadi\/"]}]},{"@type":"BreadcrumbList","@id":"https:\/\/denizcankizil.tr\/en\/haberler\/gundem\/umit-uysal-dan-ozdag-cikisi-65-gundur-sucunun-ne-oldugu-anlasilamadi\/#breadcrumb","itemListElement":[{"@type":"ListItem","position":1,"name":"Home","item":"https:\/\/denizcankizil.tr\/de\/"},{"@type":"ListItem","position":2,"name":"\u00dcmit Uysal \u2018dan \u00d6zda\u011f \u00e7\u0131k\u0131\u015f\u0131: 65 g\u00fcnd\u00fcr su\u00e7unun ne oldu\u011fu anla\u015f\u0131lamad\u0131"}]},{"@type":"WebSite","@id":"https:\/\/denizcankizil.tr\/#website","url":"https:\/\/denizcankizil.tr\/","name":"Av. Deniz Can K\u0131z\u0131l","description":"Avukat Deniz Can K\u0131z\u0131l Antalya Barosu","publisher":{"@id":"https:\/\/denizcankizil.tr\/#organization"},"potentialAction":[{"@type":"SearchAction","target":{"@type":"EntryPoint","urlTemplate":"https:\/\/denizcankizil.tr\/?s={search_term_string}"},"query-input":{"@type":"PropertyValueSpecification","valueRequired":true,"valueName":"search_term_string"}}],"inLanguage":"uk"},{"@type":"Organization","@id":"https:\/\/denizcankizil.tr\/#organization","name":"Av. Deniz Can K\u0131z\u0131l","url":"https:\/\/denizcankizil.tr\/","logo":{"@type":"ImageObject","inLanguage":"uk","@id":"https:\/\/denizcankizil.tr\/#\/schema\/logo\/image\/","url":"https:\/\/denizcankizil.tr\/wp-content\/uploads\/2024\/10\/siyah-logo-svg.svg","contentUrl":"https:\/\/denizcankizil.tr\/wp-content\/uploads\/2024\/10\/siyah-logo-svg.svg","width":1080,"height":1080,"caption":"Av. Deniz Can K\u0131z\u0131l"},"image":{"@id":"https:\/\/denizcankizil.tr\/#\/schema\/logo\/image\/"}},{"@type":"Person","@id":"https:\/\/denizcankizil.tr\/#\/schema\/person\/e1eb71bb4dd684d46563f0af307e1234","name":"Antalya K\u00f6rfez","image":{"@type":"ImageObject","inLanguage":"uk","@id":"https:\/\/denizcankizil.tr\/#\/schema\/person\/image\/","url":"https:\/\/secure.gravatar.com\/avatar\/42b01982558a48a0b501fdcab6a408d3717ea5919095ee2e67b0e521799c5905?s=96&d=mm&r=g","contentUrl":"https:\/\/secure.gravatar.com\/avatar\/42b01982558a48a0b501fdcab6a408d3717ea5919095ee2e67b0e521799c5905?s=96&d=mm&r=g","caption":"Antalya K\u00f6rfez"},"sameAs":["http:\/\/www.antalyakorfez.com"],"url":"https:\/\/www.antalyakorfez.com\/umit-uysal-dan-ozdag-cikisi-65-gundur-sucunun-ne-oldugu-anlasilamadi"}]}},"_links":{"self":[{"href":"https:\/\/denizcankizil.tr\/uk\/wp-json\/wp\/v2\/posts\/37320","targetHints":{"allow":["GET"]}}],"collection":[{"href":"https:\/\/denizcankizil.tr\/uk\/wp-json\/wp\/v2\/posts"}],"about":[{"href":"https:\/\/denizcankizil.tr\/uk\/wp-json\/wp\/v2\/types\/post"}],"author":[{"embeddable":true,"href":"https:\/\/denizcankizil.tr\/uk\/wp-json\/wp\/v2\/users\/5"}],"replies":[{"embeddable":true,"href":"https:\/\/denizcankizil.tr\/uk\/wp-json\/wp\/v2\/comments?post=37320"}],"version-history":[{"count":0,"href":"https:\/\/denizcankizil.tr\/uk\/wp-json\/wp\/v2\/posts\/37320\/revisions"}],"wp:attachment":[{"href":"https:\/\/denizcankizil.tr\/uk\/wp-json\/wp\/v2\/media?parent=37320"}],"wp:term":[{"taxonomy":"category","embeddable":true,"href":"https:\/\/denizcankizil.tr\/uk\/wp-json\/wp\/v2\/categories?post=37320"},{"taxonomy":"post_tag","embeddable":true,"href":"https:\/\/denizcankizil.tr\/uk\/wp-json\/wp\/v2\/tags?post=37320"}],"curies":[{"name":"wp","href":"https:\/\/api.w.org\/{rel}","templated":true}]}}