{"id":37283,"date":"2025-03-27T12:42:47","date_gmt":"2025-03-27T09:42:47","guid":{"rendered":"https:\/\/denizcankizil.tr\/uncategorized-tr\/sapanca-golunu-korumak-adina-yeni-adim-50-yeni-sondaj-calismasi\/"},"modified":"2025-03-27T12:42:47","modified_gmt":"2025-03-27T09:42:47","slug":"sapanca-golunu-korumak-adina-yeni-adim-50-yeni-sondaj-calismasi","status":"publish","type":"post","link":"https:\/\/denizcankizil.tr\/uk\/haberler\/gundem\/sapanca-golunu-korumak-adina-yeni-adim-50-yeni-sondaj-calismasi\/","title":{"rendered":"Sapanca G\u00f6l\u00fc\u2019n\u00fc korumak ad\u0131na yeni ad\u0131m: 50 yeni sondaj \u00e7al\u0131\u015fmas\u0131"},"content":{"rendered":"<p>Sakarya B\u00fcy\u00fck\u015fehir Belediye Ba\u015fkan\u0131 Yusuf Alemdar, Sapanca G\u00f6l\u00fc\u2019ndeki su stresini azaltmak amac\u0131yla \u015fehir genelinde sondaj \u00e7al\u0131\u015fmalar\u0131na ba\u015flayacaklar\u0131n\u0131 s\u00f6yledi. Ba\u015fkan Alemdar, \u201cAltyap\u0131da t\u00fcm ad\u0131mlar\u0131m\u0131z\u0131 \u015fehrimizin kaynaklar\u0131n\u0131 korumak i\u00e7in at\u0131yoruz. Toplam derinli\u011fi 5 bin metreyi bulacak sondaj \u00e7al\u0131\u015fmalar\u0131yla Sakarya\u2019ya 50 yeni i\u00e7me su kayna\u011f\u0131 kazand\u0131raca\u011f\u0131z\u201d dedi.<br \/>\nSAKARYA (\u0130GFA) &#8211;\u00a0Sakarya B\u00fcy\u00fck\u015fehir BelediyeBa\u015fkan\u0131 Yusuf Alemdar, 2025 y\u0131l\u0131nda hayata ge\u00e7irilecek 50 yer alt\u0131 su kayna\u011f\u0131 ile Sapanca G\u00f6l\u00fc\u2019n\u00fcn \u00fczerindeki su stresini azaltacaklar\u0131n\u0131 s\u00f6yledi.<br \/>\nSAPANCA G\u00d6L\u00dc\u2019NDEK\u0130 BASKI AZALACAK<br \/>\nGe\u00e7ti\u011fimiz 2024 y\u0131l\u0131na oranla y\u00fczde 60 daha fazla kullan\u0131lacak sondaj kuyular\u0131 ile \u00f6zellikle yaz aylar\u0131nda su sorunu ya\u015fayan b\u00f6lgelerin sorunlar\u0131 da \u00e7\u00f6z\u00fcme kavu\u015fturulacak.<br \/>\n\u015eehir genelinde s\u00fcrd\u00fcr\u00fclecek \u00e7al\u0131\u015fmalar ile Sapanca G\u00f6l\u00fc \u00fczerindeki bask\u0131 s\u00fcrd\u00fcr\u00fclebilir bir su y\u00f6netimi ile azalacak.<\/p>\n<p>\u201cSAKARYA\u2019NIN SU GELECE\u011e\u0130N\u0130N TEM\u0130NATI OLACAK\u201d<br \/>\nDo\u011fru su politikas\u0131 ile yer alt\u0131 su kaynaklar\u0131n\u0131 da kontroll\u00fc \u015fekilde kulland\u0131klar\u0131n\u0131 ifade eden Ba\u015fkan Alemdar, \u201c\u015eehrimizde su kullan\u0131m miktar\u0131 her ge\u00e7en g\u00fcn art\u0131yor. \u00d6zellikle \u015fehrimizin en \u00f6nemli i\u00e7me su kayna\u011f\u0131 Sapanca G\u00f6l\u00fc\u2019nde yaz aylar\u0131nda ya\u015fanan \u00e7ekilmelerin ciddi bir boyuta ula\u015farak su sa\u011fl\u0131\u011f\u0131n\u0131 tehdit etmemesi i\u00e7in her ge\u00e7en g\u00fcn \u00f6nlemlerimizi art\u0131r\u0131yoruz. Gerek g\u00fc\u00e7l\u00fc altyap\u0131 \u00e7al\u0131\u015fmalar\u0131m\u0131z gerekse suyun son teknoloji ile takibi gerekse yeni kaynaklar\u0131 \u015fehrimize kazand\u0131rarak Sakarya\u2019n\u0131n su gelece\u011finin teminat\u0131 olacak i\u015flere imza at\u0131yoruz\u201d dedi.<br \/>\n\u201cG\u00d6LDE YA\u015eANAN \u00c7EK\u0130LMELER\u0130 HAF\u0130FLETECEK\u201d<br \/>\nBa\u015fkan Alemdar, \u201c2024 y\u0131l\u0131nda 3 bin metrelik sondaj \u00e7al\u0131\u015fmas\u0131 yaparak 32 yeni alternatif kaynak olu\u015fturduk. Bu y\u0131l hedeflerimizi y\u00fczde 60 art\u0131rarak 50 yeni su kuyusu a\u00e7may\u0131 planl\u0131yoruz.Toplam derinli\u011fi 5 bin metreyi bulacak sondaj \u00e7al\u0131\u015fmalar\u0131ndan \u00e7\u0131kan sular\u0131 son teknolojiye sahip laboratuvar\u0131m\u0131zda t\u00fcm parametrelerini detayl\u0131ca inceledikten sonra vatanda\u015flar\u0131m\u0131za ula\u015ft\u0131raca\u011f\u0131z. Sapanca G\u00f6l\u00fc \u00fczerindeki stresi azaltacak sondaj \u00e7al\u0131\u015fmalar\u0131, tasarruflu su kullan\u0131m\u0131 ve di\u011fer ad\u0131mlarla birlikte yaz aylar\u0131nda g\u00f6lde ya\u015fanan \u00e7ekilmeleri hafifletecektir\u201d ifadelerini kulland\u0131.<\/p>\n<p>\u200bSakarya B\u00fcy\u00fck\u015fehir Belediye Ba\u015fkan\u0131 Yusuf Alemdar, Sapanca G\u00f6l\u00fc\u2019ndeki su stresini azaltmak amac\u0131yla \u015fehir genelinde sondaj \u00e7al\u0131\u015fmalar\u0131na ba\u015flayacaklar\u0131n\u0131 s\u00f6yledi. Ba\u015fkan Alemdar, \u201cAltyap\u0131da t\u00fcm ad\u0131mlar\u0131m\u0131z\u0131 \u015fehrimizin kaynaklar\u0131n\u0131 korumak i\u00e7in at\u0131yoruz. Toplam derinli\u011fi 5 bin metreyi bulacak sondaj \u00e7al\u0131\u015fmalar\u0131yla Sakarya\u2019ya 50 yeni i\u00e7me su kayna\u011f\u0131 kazand\u0131raca\u011f\u0131z\u201d dedi.<br \/>\nSAKARYA (\u0130GFA) &#8211;\u00a0Sakarya B\u00fcy\u00fck\u015fehir BelediyeBa\u015fkan\u0131 Yusuf Alemdar, 2025 y\u0131l\u0131nda hayata ge\u00e7irilecek 50 yer alt\u0131 su kayna\u011f\u0131 ile Sapanca G\u00f6l\u00fc\u2019n\u00fcn \u00fczerindeki su stresini azaltacaklar\u0131n\u0131 s\u00f6yledi.<br \/>\nSAPANCA G\u00d6L\u00dc\u2019NDEK\u0130 BASKI AZALACAK<br \/>\nGe\u00e7ti\u011fimiz 2024 y\u0131l\u0131na oranla y\u00fczde 60 daha fazla kullan\u0131lacak sondaj kuyular\u0131 ile \u00f6zellikle yaz aylar\u0131nda su sorunu ya\u015fayan b\u00f6lgelerin sorunlar\u0131 da \u00e7\u00f6z\u00fcme kavu\u015fturulacak.<br \/>\n\u015eehir genelinde s\u00fcrd\u00fcr\u00fclecek \u00e7al\u0131\u015fmalar ile Sapanca G\u00f6l\u00fc \u00fczerindeki bask\u0131 s\u00fcrd\u00fcr\u00fclebilir bir su y\u00f6netimi ile azalacak.<\/p>\n<p>\u201cSAKARYA\u2019NIN SU GELECE\u011e\u0130N\u0130N TEM\u0130NATI OLACAK\u201d<br \/>\nDo\u011fru su politikas\u0131 ile yer alt\u0131 su kaynaklar\u0131n\u0131 da kontroll\u00fc \u015fekilde kulland\u0131klar\u0131n\u0131 ifade eden Ba\u015fkan Alemdar, \u201c\u015eehrimizde su kullan\u0131m miktar\u0131 her ge\u00e7en g\u00fcn art\u0131yor. \u00d6zellikle \u015fehrimizin en \u00f6nemli i\u00e7me su kayna\u011f\u0131 Sapanca G\u00f6l\u00fc\u2019nde yaz aylar\u0131nda ya\u015fanan \u00e7ekilmelerin ciddi bir boyuta ula\u015farak su sa\u011fl\u0131\u011f\u0131n\u0131 tehdit etmemesi i\u00e7in her ge\u00e7en g\u00fcn \u00f6nlemlerimizi art\u0131r\u0131yoruz. Gerek g\u00fc\u00e7l\u00fc altyap\u0131 \u00e7al\u0131\u015fmalar\u0131m\u0131z gerekse suyun son teknoloji ile takibi gerekse yeni kaynaklar\u0131 \u015fehrimize kazand\u0131rarak Sakarya\u2019n\u0131n su gelece\u011finin teminat\u0131 olacak i\u015flere imza at\u0131yoruz\u201d dedi.<br \/>\n\u201cG\u00d6LDE YA\u015eANAN \u00c7EK\u0130LMELER\u0130 HAF\u0130FLETECEK\u201d<br \/>\nBa\u015fkan Alemdar, \u201c2024 y\u0131l\u0131nda 3 bin metrelik sondaj \u00e7al\u0131\u015fmas\u0131 yaparak 32 yeni alternatif kaynak olu\u015fturduk. Bu y\u0131l hedeflerimizi y\u00fczde 60 art\u0131rarak 50 yeni su kuyusu a\u00e7may\u0131 planl\u0131yoruz.Toplam derinli\u011fi 5 bin metreyi bulacak sondaj \u00e7al\u0131\u015fmalar\u0131ndan \u00e7\u0131kan sular\u0131 son teknolojiye sahip laboratuvar\u0131m\u0131zda t\u00fcm parametrelerini detayl\u0131ca inceledikten sonra vatanda\u015flar\u0131m\u0131za ula\u015ft\u0131raca\u011f\u0131z. Sapanca G\u00f6l\u00fc \u00fczerindeki stresi azaltacak sondaj \u00e7al\u0131\u015fmalar\u0131, tasarruflu su kullan\u0131m\u0131 ve di\u011fer ad\u0131mlarla birlikte yaz aylar\u0131nda g\u00f6lde ya\u015fanan \u00e7ekilmeleri hafifletecektir\u201d ifadelerini kulland\u0131.\u00a0<\/p>\n<p>\u200bHaberin Al\u0131nt\u0131land\u0131\u011f\u0131 Kaynak: www.iskenderun.org<\/p>","protected":false},"excerpt":{"rendered":"<p>Sakarya B\u00fcy\u00fck\u015fehir Belediye Ba\u015fkan\u0131 Yusuf Alemdar, Sapanca G\u00f6l\u00fc\u2019ndeki su stresini azaltmak amac\u0131yla \u015fehir genelinde sondaj \u00e7al\u0131\u015fmalar\u0131na ba\u015flayacaklar\u0131n\u0131 s\u00f6yledi. Ba\u015fkan Alemdar, \u201cAltyap\u0131da t\u00fcm ad\u0131mlar\u0131m\u0131z\u0131 \u015fehrimizin kaynaklar\u0131n\u0131 korumak i\u00e7in at\u0131yoruz. Toplam derinli\u011fi 5 bin metreyi bulacak sondaj \u00e7al\u0131\u015fmalar\u0131yla Sakarya\u2019ya 50 yeni i\u00e7me su kayna\u011f\u0131 kazand\u0131raca\u011f\u0131z\u201d dedi. SAKARYA (\u0130GFA) &#8211;\u00a0Sakarya B\u00fcy\u00fck\u015fehir BelediyeBa\u015fkan\u0131 Yusuf Alemdar, 2025 y\u0131l\u0131nda hayata ge\u00e7irilecek 50 yer alt\u0131 su kayna\u011f\u0131 ile Sapanca G\u00f6l\u00fc\u2019n\u00fcn \u00fczerindeki su stresini azaltacaklar\u0131n\u0131 s\u00f6yledi. SAPANCA G\u00d6L\u00dc\u2019NDEK\u0130 BASKI AZALACAK Ge\u00e7ti\u011fimiz 2024 y\u0131l\u0131na oranla y\u00fczde 60 daha fazla kullan\u0131lacak sondaj kuyular\u0131 ile \u00f6zellikle yaz aylar\u0131nda su sorunu ya\u015fayan b\u00f6lgelerin sorunlar\u0131 da \u00e7\u00f6z\u00fcme kavu\u015fturulacak. \u015eehir genelinde s\u00fcrd\u00fcr\u00fclecek \u00e7al\u0131\u015fmalar ile Sapanca G\u00f6l\u00fc \u00fczerindeki bask\u0131 s\u00fcrd\u00fcr\u00fclebilir bir su y\u00f6netimi ile azalacak. \u201cSAKARYA\u2019NIN SU GELECE\u011e\u0130N\u0130N TEM\u0130NATI OLACAK\u201d Do\u011fru su politikas\u0131 ile yer alt\u0131 su kaynaklar\u0131n\u0131 da kontroll\u00fc \u015fekilde kulland\u0131klar\u0131n\u0131 ifade eden Ba\u015fkan Alemdar, \u201c\u015eehrimizde su kullan\u0131m miktar\u0131 her ge\u00e7en g\u00fcn art\u0131yor. \u00d6zellikle \u015fehrimizin en \u00f6nemli i\u00e7me su kayna\u011f\u0131 Sapanca G\u00f6l\u00fc\u2019nde yaz aylar\u0131nda ya\u015fanan \u00e7ekilmelerin ciddi bir boyuta ula\u015farak su sa\u011fl\u0131\u011f\u0131n\u0131 tehdit etmemesi i\u00e7in her ge\u00e7en g\u00fcn \u00f6nlemlerimizi art\u0131r\u0131yoruz. Gerek g\u00fc\u00e7l\u00fc altyap\u0131 \u00e7al\u0131\u015fmalar\u0131m\u0131z gerekse suyun son teknoloji ile takibi gerekse yeni kaynaklar\u0131 \u015fehrimize kazand\u0131rarak Sakarya\u2019n\u0131n su gelece\u011finin teminat\u0131 olacak i\u015flere imza at\u0131yoruz\u201d dedi. \u201cG\u00d6LDE YA\u015eANAN \u00c7EK\u0130LMELER\u0130 HAF\u0130FLETECEK\u201d Ba\u015fkan Alemdar, \u201c2024 y\u0131l\u0131nda 3 bin &hellip;<\/p>","protected":false},"author":1,"featured_media":0,"comment_status":"","ping_status":"open","sticky":false,"template":"","format":"standard","meta":{"_acf_changed":false,"footnotes":""},"categories":[24],"tags":[],"class_list":["post-37283","post","type-post","status-publish","format-standard","has-post-thumbnail","hentry","category-gundem"],"acf":[],"yoast_head":"<!-- This site is optimized with the Yoast SEO Premium plugin v26.6 (Yoast SEO v27.1.1) - https:\/\/yoast.com\/product\/yoast-seo-premium-wordpress\/ -->\n<title>Sapanca G\u00f6l\u00fc\u2019n\u00fc korumak ad\u0131na yeni ad\u0131m: 50 yeni sondaj \u00e7al\u0131\u015fmas\u0131 - Av. Deniz Can K\u0131z\u0131l<\/title>\n<meta name=\"robots\" content=\"index, follow, max-snippet:-1, max-image-preview:large, max-video-preview:-1\" \/>\n<link rel=\"canonical\" href=\"https:\/\/denizcankizil.tr\/uk\/haberler\/gundem\/sapanca-golunu-korumak-adina-yeni-adim-50-yeni-sondaj-calismasi\/\" \/>\n<meta property=\"og:locale\" content=\"uk_UA\" \/>\n<meta property=\"og:type\" content=\"article\" \/>\n<meta property=\"og:title\" content=\"Sapanca G\u00f6l\u00fc\u2019n\u00fc korumak ad\u0131na yeni ad\u0131m: 50 yeni sondaj \u00e7al\u0131\u015fmas\u0131\" \/>\n<meta property=\"og:description\" content=\"Sakarya B\u00fcy\u00fck\u015fehir Belediye Ba\u015fkan\u0131 Yusuf Alemdar, Sapanca G\u00f6l\u00fc\u2019ndeki su stresini azaltmak amac\u0131yla \u015fehir genelinde sondaj \u00e7al\u0131\u015fmalar\u0131na ba\u015flayacaklar\u0131n\u0131 s\u00f6yledi. Ba\u015fkan Alemdar, \u201cAltyap\u0131da t\u00fcm ad\u0131mlar\u0131m\u0131z\u0131 \u015fehrimizin kaynaklar\u0131n\u0131 korumak i\u00e7in at\u0131yoruz. Toplam derinli\u011fi 5 bin metreyi bulacak sondaj \u00e7al\u0131\u015fmalar\u0131yla Sakarya\u2019ya 50 yeni i\u00e7me su kayna\u011f\u0131 kazand\u0131raca\u011f\u0131z\u201d dedi. SAKARYA (\u0130GFA) &#8211;\u00a0Sakarya B\u00fcy\u00fck\u015fehir BelediyeBa\u015fkan\u0131 Yusuf Alemdar, 2025 y\u0131l\u0131nda hayata ge\u00e7irilecek 50 yer alt\u0131 su kayna\u011f\u0131 ile Sapanca G\u00f6l\u00fc\u2019n\u00fcn \u00fczerindeki su stresini azaltacaklar\u0131n\u0131 s\u00f6yledi. SAPANCA G\u00d6L\u00dc\u2019NDEK\u0130 BASKI AZALACAK Ge\u00e7ti\u011fimiz 2024 y\u0131l\u0131na oranla y\u00fczde 60 daha fazla kullan\u0131lacak sondaj kuyular\u0131 ile \u00f6zellikle yaz aylar\u0131nda su sorunu ya\u015fayan b\u00f6lgelerin sorunlar\u0131 da \u00e7\u00f6z\u00fcme kavu\u015fturulacak. \u015eehir genelinde s\u00fcrd\u00fcr\u00fclecek \u00e7al\u0131\u015fmalar ile Sapanca G\u00f6l\u00fc \u00fczerindeki bask\u0131 s\u00fcrd\u00fcr\u00fclebilir bir su y\u00f6netimi ile azalacak. \u201cSAKARYA\u2019NIN SU GELECE\u011e\u0130N\u0130N TEM\u0130NATI OLACAK\u201d Do\u011fru su politikas\u0131 ile yer alt\u0131 su kaynaklar\u0131n\u0131 da kontroll\u00fc \u015fekilde kulland\u0131klar\u0131n\u0131 ifade eden Ba\u015fkan Alemdar, \u201c\u015eehrimizde su kullan\u0131m miktar\u0131 her ge\u00e7en g\u00fcn art\u0131yor. \u00d6zellikle \u015fehrimizin en \u00f6nemli i\u00e7me su kayna\u011f\u0131 Sapanca G\u00f6l\u00fc\u2019nde yaz aylar\u0131nda ya\u015fanan \u00e7ekilmelerin ciddi bir boyuta ula\u015farak su sa\u011fl\u0131\u011f\u0131n\u0131 tehdit etmemesi i\u00e7in her ge\u00e7en g\u00fcn \u00f6nlemlerimizi art\u0131r\u0131yoruz. Gerek g\u00fc\u00e7l\u00fc altyap\u0131 \u00e7al\u0131\u015fmalar\u0131m\u0131z gerekse suyun son teknoloji ile takibi gerekse yeni kaynaklar\u0131 \u015fehrimize kazand\u0131rarak Sakarya\u2019n\u0131n su gelece\u011finin teminat\u0131 olacak i\u015flere imza at\u0131yoruz\u201d dedi. \u201cG\u00d6LDE YA\u015eANAN \u00c7EK\u0130LMELER\u0130 HAF\u0130FLETECEK\u201d Ba\u015fkan Alemdar, \u201c2024 y\u0131l\u0131nda 3 bin &hellip;\" \/>\n<meta property=\"og:url\" content=\"https:\/\/denizcankizil.tr\/uk\/haberler\/gundem\/sapanca-golunu-korumak-adina-yeni-adim-50-yeni-sondaj-calismasi\/\" \/>\n<meta property=\"og:site_name\" content=\"Av. Deniz Can K\u0131z\u0131l\" \/>\n<meta property=\"article:published_time\" content=\"2025-03-27T09:42:47+00:00\" \/>\n<meta name=\"author\" content=\"admin\" \/>\n<meta name=\"twitter:card\" content=\"summary_large_image\" \/>\n<meta name=\"twitter:label1\" content=\"\u041d\u0430\u043f\u0438\u0441\u0430\u043d\u043e\" \/>\n\t<meta name=\"twitter:data1\" content=\"admin\" \/>\n\t<meta name=\"twitter:label2\" content=\"\u041f\u0440\u0438\u0431\u043b. \u0447\u0430\u0441 \u0447\u0438\u0442\u0430\u043d\u043d\u044f\" \/>\n\t<meta name=\"twitter:data2\" content=\"4 \u0445\u0432\u0438\u043b\u0438\u043d\u0438\" \/>\n<script type=\"application\/ld+json\" class=\"yoast-schema-graph\">{\"@context\":\"https:\/\/schema.org\",\"@graph\":[{\"@type\":\"Article\",\"@id\":\"https:\/\/denizcankizil.tr\/uk\/haberler\/gundem\/sapanca-golunu-korumak-adina-yeni-adim-50-yeni-sondaj-calismasi\/#article\",\"isPartOf\":{\"@id\":\"https:\/\/denizcankizil.tr\/uk\/haberler\/gundem\/sapanca-golunu-korumak-adina-yeni-adim-50-yeni-sondaj-calismasi\/\"},\"author\":{\"name\":\"admin\",\"@id\":\"https:\/\/denizcankizil.tr\/#\/schema\/person\/be3c05fe6a12686905512445d8185489\"},\"headline\":\"Sapanca G\u00f6l\u00fc\u2019n\u00fc korumak ad\u0131na yeni ad\u0131m: 50 yeni sondaj \u00e7al\u0131\u015fmas\u0131\",\"datePublished\":\"2025-03-27T09:42:47+00:00\",\"mainEntityOfPage\":{\"@id\":\"https:\/\/denizcankizil.tr\/uk\/haberler\/gundem\/sapanca-golunu-korumak-adina-yeni-adim-50-yeni-sondaj-calismasi\/\"},\"wordCount\":794,\"publisher\":{\"@id\":\"https:\/\/denizcankizil.tr\/#organization\"},\"articleSection\":[\"G\u00fcndem\"],\"inLanguage\":\"uk\"},{\"@type\":\"WebPage\",\"@id\":\"https:\/\/denizcankizil.tr\/uk\/haberler\/gundem\/sapanca-golunu-korumak-adina-yeni-adim-50-yeni-sondaj-calismasi\/\",\"url\":\"https:\/\/denizcankizil.tr\/uk\/haberler\/gundem\/sapanca-golunu-korumak-adina-yeni-adim-50-yeni-sondaj-calismasi\/\",\"name\":\"Sapanca G\u00f6l\u00fc\u2019n\u00fc korumak ad\u0131na yeni ad\u0131m: 50 yeni sondaj \u00e7al\u0131\u015fmas\u0131 - Av. Deniz Can K\u0131z\u0131l\",\"isPartOf\":{\"@id\":\"https:\/\/denizcankizil.tr\/#website\"},\"datePublished\":\"2025-03-27T09:42:47+00:00\",\"breadcrumb\":{\"@id\":\"https:\/\/denizcankizil.tr\/uk\/haberler\/gundem\/sapanca-golunu-korumak-adina-yeni-adim-50-yeni-sondaj-calismasi\/#breadcrumb\"},\"inLanguage\":\"uk\",\"potentialAction\":[{\"@type\":\"ReadAction\",\"target\":[\"https:\/\/denizcankizil.tr\/uk\/haberler\/gundem\/sapanca-golunu-korumak-adina-yeni-adim-50-yeni-sondaj-calismasi\/\"]}]},{\"@type\":\"BreadcrumbList\",\"@id\":\"https:\/\/denizcankizil.tr\/uk\/haberler\/gundem\/sapanca-golunu-korumak-adina-yeni-adim-50-yeni-sondaj-calismasi\/#breadcrumb\",\"itemListElement\":[{\"@type\":\"ListItem\",\"position\":1,\"name\":\"Home\",\"item\":\"https:\/\/denizcankizil.tr\/uk\/\"},{\"@type\":\"ListItem\",\"position\":2,\"name\":\"Sapanca G\u00f6l\u00fc\u2019n\u00fc korumak ad\u0131na yeni ad\u0131m: 50 yeni sondaj \u00e7al\u0131\u015fmas\u0131\"}]},{\"@type\":\"WebSite\",\"@id\":\"https:\/\/denizcankizil.tr\/#website\",\"url\":\"https:\/\/denizcankizil.tr\/\",\"name\":\"Av. Deniz Can K\u0131z\u0131l\",\"description\":\"Avukat Deniz Can K\u0131z\u0131l Antalya Barosu\",\"publisher\":{\"@id\":\"https:\/\/denizcankizil.tr\/#organization\"},\"potentialAction\":[{\"@type\":\"SearchAction\",\"target\":{\"@type\":\"EntryPoint\",\"urlTemplate\":\"https:\/\/denizcankizil.tr\/?s={search_term_string}\"},\"query-input\":{\"@type\":\"PropertyValueSpecification\",\"valueRequired\":true,\"valueName\":\"search_term_string\"}}],\"inLanguage\":\"uk\"},{\"@type\":\"Organization\",\"@id\":\"https:\/\/denizcankizil.tr\/#organization\",\"name\":\"Av. Deniz Can K\u0131z\u0131l\",\"url\":\"https:\/\/denizcankizil.tr\/\",\"logo\":{\"@type\":\"ImageObject\",\"inLanguage\":\"uk\",\"@id\":\"https:\/\/denizcankizil.tr\/#\/schema\/logo\/image\/\",\"url\":\"https:\/\/denizcankizil.tr\/wp-content\/uploads\/2024\/10\/siyah-logo-svg.svg\",\"contentUrl\":\"https:\/\/denizcankizil.tr\/wp-content\/uploads\/2024\/10\/siyah-logo-svg.svg\",\"width\":1080,\"height\":1080,\"caption\":\"Av. Deniz Can K\u0131z\u0131l\"},\"image\":{\"@id\":\"https:\/\/denizcankizil.tr\/#\/schema\/logo\/image\/\"}},{\"@type\":\"Person\",\"@id\":\"https:\/\/denizcankizil.tr\/#\/schema\/person\/be3c05fe6a12686905512445d8185489\",\"name\":\"admin\",\"image\":{\"@type\":\"ImageObject\",\"inLanguage\":\"uk\",\"@id\":\"https:\/\/denizcankizil.tr\/#\/schema\/person\/image\/\",\"url\":\"https:\/\/secure.gravatar.com\/avatar\/c1fce94c830dc79107e174f890d7210541c4a63e8e5d816341794a2151c9d58c?s=96&d=mm&r=g\",\"contentUrl\":\"https:\/\/secure.gravatar.com\/avatar\/c1fce94c830dc79107e174f890d7210541c4a63e8e5d816341794a2151c9d58c?s=96&d=mm&r=g\",\"caption\":\"admin\"},\"sameAs\":[\"http:\/\/denizcankizil.tr\"],\"url\":\"https:\/\/www.iskenderun.org\/sapanca-golunu-korumak-adina-yeni-adim-50-yeni-sondaj-calismasi\"}]}<\/script>\n<!-- \/ Yoast SEO Premium plugin. -->","yoast_head_json":{"title":"Sapanca G\u00f6l\u00fc\u2019n\u00fc korumak ad\u0131na yeni ad\u0131m: 50 yeni sondaj \u00e7al\u0131\u015fmas\u0131 - Av. Deniz Can K\u0131z\u0131l","robots":{"index":"index","follow":"follow","max-snippet":"max-snippet:-1","max-image-preview":"max-image-preview:large","max-video-preview":"max-video-preview:-1"},"canonical":"https:\/\/denizcankizil.tr\/uk\/haberler\/gundem\/sapanca-golunu-korumak-adina-yeni-adim-50-yeni-sondaj-calismasi\/","og_locale":"uk_UA","og_type":"article","og_title":"Sapanca G\u00f6l\u00fc\u2019n\u00fc korumak ad\u0131na yeni ad\u0131m: 50 yeni sondaj \u00e7al\u0131\u015fmas\u0131","og_description":"Sakarya B\u00fcy\u00fck\u015fehir Belediye Ba\u015fkan\u0131 Yusuf Alemdar, Sapanca G\u00f6l\u00fc\u2019ndeki su stresini azaltmak amac\u0131yla \u015fehir genelinde sondaj \u00e7al\u0131\u015fmalar\u0131na ba\u015flayacaklar\u0131n\u0131 s\u00f6yledi. Ba\u015fkan Alemdar, \u201cAltyap\u0131da t\u00fcm ad\u0131mlar\u0131m\u0131z\u0131 \u015fehrimizin kaynaklar\u0131n\u0131 korumak i\u00e7in at\u0131yoruz. Toplam derinli\u011fi 5 bin metreyi bulacak sondaj \u00e7al\u0131\u015fmalar\u0131yla Sakarya\u2019ya 50 yeni i\u00e7me su kayna\u011f\u0131 kazand\u0131raca\u011f\u0131z\u201d dedi. SAKARYA (\u0130GFA) &#8211;\u00a0Sakarya B\u00fcy\u00fck\u015fehir BelediyeBa\u015fkan\u0131 Yusuf Alemdar, 2025 y\u0131l\u0131nda hayata ge\u00e7irilecek 50 yer alt\u0131 su kayna\u011f\u0131 ile Sapanca G\u00f6l\u00fc\u2019n\u00fcn \u00fczerindeki su stresini azaltacaklar\u0131n\u0131 s\u00f6yledi. SAPANCA G\u00d6L\u00dc\u2019NDEK\u0130 BASKI AZALACAK Ge\u00e7ti\u011fimiz 2024 y\u0131l\u0131na oranla y\u00fczde 60 daha fazla kullan\u0131lacak sondaj kuyular\u0131 ile \u00f6zellikle yaz aylar\u0131nda su sorunu ya\u015fayan b\u00f6lgelerin sorunlar\u0131 da \u00e7\u00f6z\u00fcme kavu\u015fturulacak. \u015eehir genelinde s\u00fcrd\u00fcr\u00fclecek \u00e7al\u0131\u015fmalar ile Sapanca G\u00f6l\u00fc \u00fczerindeki bask\u0131 s\u00fcrd\u00fcr\u00fclebilir bir su y\u00f6netimi ile azalacak. \u201cSAKARYA\u2019NIN SU GELECE\u011e\u0130N\u0130N TEM\u0130NATI OLACAK\u201d Do\u011fru su politikas\u0131 ile yer alt\u0131 su kaynaklar\u0131n\u0131 da kontroll\u00fc \u015fekilde kulland\u0131klar\u0131n\u0131 ifade eden Ba\u015fkan Alemdar, \u201c\u015eehrimizde su kullan\u0131m miktar\u0131 her ge\u00e7en g\u00fcn art\u0131yor. \u00d6zellikle \u015fehrimizin en \u00f6nemli i\u00e7me su kayna\u011f\u0131 Sapanca G\u00f6l\u00fc\u2019nde yaz aylar\u0131nda ya\u015fanan \u00e7ekilmelerin ciddi bir boyuta ula\u015farak su sa\u011fl\u0131\u011f\u0131n\u0131 tehdit etmemesi i\u00e7in her ge\u00e7en g\u00fcn \u00f6nlemlerimizi art\u0131r\u0131yoruz. Gerek g\u00fc\u00e7l\u00fc altyap\u0131 \u00e7al\u0131\u015fmalar\u0131m\u0131z gerekse suyun son teknoloji ile takibi gerekse yeni kaynaklar\u0131 \u015fehrimize kazand\u0131rarak Sakarya\u2019n\u0131n su gelece\u011finin teminat\u0131 olacak i\u015flere imza at\u0131yoruz\u201d dedi. \u201cG\u00d6LDE YA\u015eANAN \u00c7EK\u0130LMELER\u0130 HAF\u0130FLETECEK\u201d Ba\u015fkan Alemdar, \u201c2024 y\u0131l\u0131nda 3 bin &hellip;","og_url":"https:\/\/denizcankizil.tr\/uk\/haberler\/gundem\/sapanca-golunu-korumak-adina-yeni-adim-50-yeni-sondaj-calismasi\/","og_site_name":"Av. Deniz Can K\u0131z\u0131l","article_published_time":"2025-03-27T09:42:47+00:00","author":"admin","twitter_card":"summary_large_image","twitter_misc":{"\u041d\u0430\u043f\u0438\u0441\u0430\u043d\u043e":"admin","\u041f\u0440\u0438\u0431\u043b. \u0447\u0430\u0441 \u0447\u0438\u0442\u0430\u043d\u043d\u044f":"4 \u0445\u0432\u0438\u043b\u0438\u043d\u0438"},"schema":{"@context":"https:\/\/schema.org","@graph":[{"@type":"Article","@id":"https:\/\/denizcankizil.tr\/uk\/haberler\/gundem\/sapanca-golunu-korumak-adina-yeni-adim-50-yeni-sondaj-calismasi\/#article","isPartOf":{"@id":"https:\/\/denizcankizil.tr\/uk\/haberler\/gundem\/sapanca-golunu-korumak-adina-yeni-adim-50-yeni-sondaj-calismasi\/"},"author":{"name":"admin","@id":"https:\/\/denizcankizil.tr\/#\/schema\/person\/be3c05fe6a12686905512445d8185489"},"headline":"Sapanca G\u00f6l\u00fc\u2019n\u00fc korumak ad\u0131na yeni ad\u0131m: 50 yeni sondaj \u00e7al\u0131\u015fmas\u0131","datePublished":"2025-03-27T09:42:47+00:00","mainEntityOfPage":{"@id":"https:\/\/denizcankizil.tr\/uk\/haberler\/gundem\/sapanca-golunu-korumak-adina-yeni-adim-50-yeni-sondaj-calismasi\/"},"wordCount":794,"publisher":{"@id":"https:\/\/denizcankizil.tr\/#organization"},"articleSection":["G\u00fcndem"],"inLanguage":"uk"},{"@type":"WebPage","@id":"https:\/\/denizcankizil.tr\/uk\/haberler\/gundem\/sapanca-golunu-korumak-adina-yeni-adim-50-yeni-sondaj-calismasi\/","url":"https:\/\/denizcankizil.tr\/uk\/haberler\/gundem\/sapanca-golunu-korumak-adina-yeni-adim-50-yeni-sondaj-calismasi\/","name":"Sapanca G\u00f6l\u00fc\u2019n\u00fc korumak ad\u0131na yeni ad\u0131m: 50 yeni sondaj \u00e7al\u0131\u015fmas\u0131 - Av. Deniz Can K\u0131z\u0131l","isPartOf":{"@id":"https:\/\/denizcankizil.tr\/#website"},"datePublished":"2025-03-27T09:42:47+00:00","breadcrumb":{"@id":"https:\/\/denizcankizil.tr\/uk\/haberler\/gundem\/sapanca-golunu-korumak-adina-yeni-adim-50-yeni-sondaj-calismasi\/#breadcrumb"},"inLanguage":"uk","potentialAction":[{"@type":"ReadAction","target":["https:\/\/denizcankizil.tr\/uk\/haberler\/gundem\/sapanca-golunu-korumak-adina-yeni-adim-50-yeni-sondaj-calismasi\/"]}]},{"@type":"BreadcrumbList","@id":"https:\/\/denizcankizil.tr\/uk\/haberler\/gundem\/sapanca-golunu-korumak-adina-yeni-adim-50-yeni-sondaj-calismasi\/#breadcrumb","itemListElement":[{"@type":"ListItem","position":1,"name":"Home","item":"https:\/\/denizcankizil.tr\/uk\/"},{"@type":"ListItem","position":2,"name":"Sapanca G\u00f6l\u00fc\u2019n\u00fc korumak ad\u0131na yeni ad\u0131m: 50 yeni sondaj \u00e7al\u0131\u015fmas\u0131"}]},{"@type":"WebSite","@id":"https:\/\/denizcankizil.tr\/#website","url":"https:\/\/denizcankizil.tr\/","name":"Av. Deniz Can K\u0131z\u0131l","description":"Avukat Deniz Can K\u0131z\u0131l Antalya Barosu","publisher":{"@id":"https:\/\/denizcankizil.tr\/#organization"},"potentialAction":[{"@type":"SearchAction","target":{"@type":"EntryPoint","urlTemplate":"https:\/\/denizcankizil.tr\/?s={search_term_string}"},"query-input":{"@type":"PropertyValueSpecification","valueRequired":true,"valueName":"search_term_string"}}],"inLanguage":"uk"},{"@type":"Organization","@id":"https:\/\/denizcankizil.tr\/#organization","name":"Av. Deniz Can K\u0131z\u0131l","url":"https:\/\/denizcankizil.tr\/","logo":{"@type":"ImageObject","inLanguage":"uk","@id":"https:\/\/denizcankizil.tr\/#\/schema\/logo\/image\/","url":"https:\/\/denizcankizil.tr\/wp-content\/uploads\/2024\/10\/siyah-logo-svg.svg","contentUrl":"https:\/\/denizcankizil.tr\/wp-content\/uploads\/2024\/10\/siyah-logo-svg.svg","width":1080,"height":1080,"caption":"Av. Deniz Can K\u0131z\u0131l"},"image":{"@id":"https:\/\/denizcankizil.tr\/#\/schema\/logo\/image\/"}},{"@type":"Person","@id":"https:\/\/denizcankizil.tr\/#\/schema\/person\/be3c05fe6a12686905512445d8185489","name":"\u0430\u0434\u043c\u0456\u043d","image":{"@type":"ImageObject","inLanguage":"uk","@id":"https:\/\/denizcankizil.tr\/#\/schema\/person\/image\/","url":"https:\/\/secure.gravatar.com\/avatar\/c1fce94c830dc79107e174f890d7210541c4a63e8e5d816341794a2151c9d58c?s=96&d=mm&r=g","contentUrl":"https:\/\/secure.gravatar.com\/avatar\/c1fce94c830dc79107e174f890d7210541c4a63e8e5d816341794a2151c9d58c?s=96&d=mm&r=g","caption":"admin"},"sameAs":["http:\/\/denizcankizil.tr"],"url":"https:\/\/www.iskenderun.org\/sapanca-golunu-korumak-adina-yeni-adim-50-yeni-sondaj-calismasi"}]}},"_links":{"self":[{"href":"https:\/\/denizcankizil.tr\/uk\/wp-json\/wp\/v2\/posts\/37283","targetHints":{"allow":["GET"]}}],"collection":[{"href":"https:\/\/denizcankizil.tr\/uk\/wp-json\/wp\/v2\/posts"}],"about":[{"href":"https:\/\/denizcankizil.tr\/uk\/wp-json\/wp\/v2\/types\/post"}],"author":[{"embeddable":true,"href":"https:\/\/denizcankizil.tr\/uk\/wp-json\/wp\/v2\/users\/1"}],"replies":[{"embeddable":true,"href":"https:\/\/denizcankizil.tr\/uk\/wp-json\/wp\/v2\/comments?post=37283"}],"version-history":[{"count":0,"href":"https:\/\/denizcankizil.tr\/uk\/wp-json\/wp\/v2\/posts\/37283\/revisions"}],"wp:attachment":[{"href":"https:\/\/denizcankizil.tr\/uk\/wp-json\/wp\/v2\/media?parent=37283"}],"wp:term":[{"taxonomy":"category","embeddable":true,"href":"https:\/\/denizcankizil.tr\/uk\/wp-json\/wp\/v2\/categories?post=37283"},{"taxonomy":"post_tag","embeddable":true,"href":"https:\/\/denizcankizil.tr\/uk\/wp-json\/wp\/v2\/tags?post=37283"}],"curies":[{"name":"wp","href":"https:\/\/api.w.org\/{rel}","templated":true}]}}