{"id":37199,"date":"2025-03-27T10:41:43","date_gmt":"2025-03-27T07:41:43","guid":{"rendered":"https:\/\/denizcankizil.tr\/uncategorized-tr\/tutuklu-7-gazeteciye-tahliye\/"},"modified":"2025-03-27T10:41:43","modified_gmt":"2025-03-27T07:41:43","slug":"tutuklu-7-gazeteciye-tahliye","status":"publish","type":"post","link":"https:\/\/denizcankizil.tr\/uk\/haberler\/gundem\/tutuklu-7-gazeteciye-tahliye\/","title":{"rendered":"Tutuklu 7 gazeteciye tahliye!"},"content":{"rendered":"<p>\u0130stanbul B\u00fcy\u00fck\u015fehir Belediyesi Ba\u015fkan\u0131 Ekrem \u0130mamo\u011flu&#8217;nun g\u00f6zalt\u0131na al\u0131nmas\u0131 ve akabinde de tutuklanmas\u0131n\u0131n ard\u0131ndan ba\u015flayan protestolar\u0131 haberle\u015ftiren 7 gazeteci g\u00f6zalt\u0131na al\u0131narak tutuklanm\u0131\u015ft\u0131. Tutuklamalara gelen tepkilerin ard\u0131ndan gazeteciler bug\u00fcn tahliye edildi.<\/p>\n<p>3 AYRI SORU\u015eTURMA BA\u015eLATILMI\u015eTI\u00a0<\/p>\n<p>\u0130stanbul Cumhuriyet Ba\u015fsavc\u0131l\u0131\u011f\u0131&#8217;nca \u0130stanbul B\u00fcy\u00fck\u015fehir Belediyesine ve Ekrem \u0130mamo\u011flu&#8217;na y\u00f6nelik &#8216;ter\u00f6r&#8217; ve &#8216;yolsuzluk&#8217; iddias\u0131na ili\u015fkin y\u00fcr\u00fct\u00fclen 2 ayr\u0131 soru\u015fturma \u00e7er\u00e7evesinde tutuklama kararlar\u0131n\u0131n ard\u0131ndan \u0130BB binas\u0131 ve baz\u0131 cadde ve sokaklarda ya\u015fanan olaylarda Cumhurba\u015fkan\u0131 ve ailesine hakaret i\u00e7erikli s\u00f6ylemlerde bulundu\u011fu tespit edilen \u015f\u00fcpheliler hakk\u0131nda resen soru\u015fturma ba\u015flat\u0131lm\u0131\u015ft\u0131. \u2018Toplant\u0131 ve g\u00f6steri y\u00fcr\u00fcy\u00fc\u015fleri kanununa muhalefet&#8217; , \u2018g\u00f6revli memura mukavemet&#8217; ve \u2018Cumhurba\u015fkan\u0131na hakaret&#8217; su\u00e7lar\u0131ndan 206 \u015f\u00fcpheli g\u00f6zalt\u0131na al\u0131nm\u0131\u015ft\u0131.<\/p>\n<p>CEZAEV\u0130&#8217;NDEN \u00d6ZG\u00dcRL\u00dc\u011eE<\/p>\n<p>\u00d6te yandan, ya\u015fanan g\u00f6steri olaylar\u0131na kar\u0131\u015ft\u0131\u011f\u0131 iddias\u0131yla g\u00f6zalt\u0131na al\u0131nan ve sevk edildikleri adli makamlarca tutuklanarak cezaevine g\u00f6nderilen gazeteciler B\u00fclent K\u0131l\u0131\u00e7, Kurtulu\u015f Ar\u0131, Yasin Akg\u00fcl, Zeynep Kuray, G\u00f6khan Kam, Ali Onur Tosun ve Hayri Tun\u00e7&#8217;un tahliyesine karar verildi.<\/p>\n<p>\u200b\u0130stanbul B\u00fcy\u00fck\u015fehir Belediye (\u0130BB) Ba\u015fkan\u0131 Ekrem \u0130mamo\u011flu protestolar\u0131nda, halk\u0131n haber alma hakk\u0131n\u0131 yerine getirirken tutuklanan 7 gazeteci tahliye edildi.\u00a0<\/p>\n<p>\u200bHaberin Al\u0131nt\u0131land\u0131\u011f\u0131 Kaynak: www.antalyakorfez.com<\/p>","protected":false},"excerpt":{"rendered":"<p>\u0130stanbul B\u00fcy\u00fck\u015fehir Belediyesi Ba\u015fkan\u0131 Ekrem \u0130mamo\u011flu&#8217;nun g\u00f6zalt\u0131na al\u0131nmas\u0131 ve akabinde de tutuklanmas\u0131n\u0131n ard\u0131ndan ba\u015flayan protestolar\u0131 haberle\u015ftiren 7 gazeteci g\u00f6zalt\u0131na al\u0131narak tutuklanm\u0131\u015ft\u0131. Tutuklamalara gelen tepkilerin ard\u0131ndan gazeteciler bug\u00fcn tahliye edildi. 3 AYRI SORU\u015eTURMA BA\u015eLATILMI\u015eTI\u00a0 \u0130stanbul Cumhuriyet Ba\u015fsavc\u0131l\u0131\u011f\u0131&#8217;nca \u0130stanbul B\u00fcy\u00fck\u015fehir Belediyesine ve Ekrem \u0130mamo\u011flu&#8217;na y\u00f6nelik &#8216;ter\u00f6r&#8217; ve &#8216;yolsuzluk&#8217; iddias\u0131na ili\u015fkin y\u00fcr\u00fct\u00fclen 2 ayr\u0131 soru\u015fturma \u00e7er\u00e7evesinde tutuklama kararlar\u0131n\u0131n ard\u0131ndan \u0130BB binas\u0131 ve baz\u0131 cadde ve sokaklarda ya\u015fanan olaylarda Cumhurba\u015fkan\u0131 ve ailesine hakaret i\u00e7erikli s\u00f6ylemlerde bulundu\u011fu tespit edilen \u015f\u00fcpheliler hakk\u0131nda resen soru\u015fturma ba\u015flat\u0131lm\u0131\u015ft\u0131. \u2018Toplant\u0131 ve g\u00f6steri y\u00fcr\u00fcy\u00fc\u015fleri kanununa muhalefet&#8217; , \u2018g\u00f6revli memura mukavemet&#8217; ve \u2018Cumhurba\u015fkan\u0131na hakaret&#8217; su\u00e7lar\u0131ndan 206 \u015f\u00fcpheli g\u00f6zalt\u0131na al\u0131nm\u0131\u015ft\u0131. CEZAEV\u0130&#8217;NDEN \u00d6ZG\u00dcRL\u00dc\u011eE \u00d6te yandan, ya\u015fanan g\u00f6steri olaylar\u0131na kar\u0131\u015ft\u0131\u011f\u0131 iddias\u0131yla g\u00f6zalt\u0131na al\u0131nan ve sevk edildikleri adli makamlarca tutuklanarak cezaevine g\u00f6nderilen gazeteciler B\u00fclent K\u0131l\u0131\u00e7, Kurtulu\u015f Ar\u0131, Yasin Akg\u00fcl, Zeynep Kuray, G\u00f6khan Kam, Ali Onur Tosun ve Hayri Tun\u00e7&#8217;un tahliyesine karar verildi. \u200b\u0130stanbul B\u00fcy\u00fck\u015fehir Belediye (\u0130BB) Ba\u015fkan\u0131 Ekrem \u0130mamo\u011flu protestolar\u0131nda, halk\u0131n haber alma hakk\u0131n\u0131 yerine getirirken tutuklanan 7 gazeteci tahliye edildi.\u00a0 \u200bHaberin Al\u0131nt\u0131land\u0131\u011f\u0131 Kaynak: www.antalyakorfez.com<\/p>","protected":false},"author":5,"featured_media":0,"comment_status":"","ping_status":"open","sticky":false,"template":"","format":"standard","meta":{"_acf_changed":false,"footnotes":""},"categories":[24],"tags":[],"class_list":["post-37199","post","type-post","status-publish","format-standard","has-post-thumbnail","hentry","category-gundem"],"acf":[],"yoast_head":"<!-- This site is optimized with the Yoast SEO Premium plugin v26.6 (Yoast SEO v27.1.1) - https:\/\/yoast.com\/product\/yoast-seo-premium-wordpress\/ -->\n<title>Tutuklu 7 gazeteciye tahliye! - Av. Deniz Can K\u0131z\u0131l<\/title>\n<meta name=\"robots\" content=\"index, follow, max-snippet:-1, max-image-preview:large, max-video-preview:-1\" \/>\n<link rel=\"canonical\" href=\"https:\/\/denizcankizil.tr\/uk\/haberler\/gundem\/tutuklu-7-gazeteciye-tahliye\/\" \/>\n<meta property=\"og:locale\" content=\"uk_UA\" \/>\n<meta property=\"og:type\" content=\"article\" \/>\n<meta property=\"og:title\" content=\"Tutuklu 7 gazeteciye tahliye!\" \/>\n<meta property=\"og:description\" content=\"\u0130stanbul B\u00fcy\u00fck\u015fehir Belediyesi Ba\u015fkan\u0131 Ekrem \u0130mamo\u011flu&#8217;nun g\u00f6zalt\u0131na al\u0131nmas\u0131 ve akabinde de tutuklanmas\u0131n\u0131n ard\u0131ndan ba\u015flayan protestolar\u0131 haberle\u015ftiren 7 gazeteci g\u00f6zalt\u0131na al\u0131narak tutuklanm\u0131\u015ft\u0131. Tutuklamalara gelen tepkilerin ard\u0131ndan gazeteciler bug\u00fcn tahliye edildi. 3 AYRI SORU\u015eTURMA BA\u015eLATILMI\u015eTI\u00a0 \u0130stanbul Cumhuriyet Ba\u015fsavc\u0131l\u0131\u011f\u0131&#8217;nca \u0130stanbul B\u00fcy\u00fck\u015fehir Belediyesine ve Ekrem \u0130mamo\u011flu&#8217;na y\u00f6nelik &#8216;ter\u00f6r&#8217; ve &#8216;yolsuzluk&#8217; iddias\u0131na ili\u015fkin y\u00fcr\u00fct\u00fclen 2 ayr\u0131 soru\u015fturma \u00e7er\u00e7evesinde tutuklama kararlar\u0131n\u0131n ard\u0131ndan \u0130BB binas\u0131 ve baz\u0131 cadde ve sokaklarda ya\u015fanan olaylarda Cumhurba\u015fkan\u0131 ve ailesine hakaret i\u00e7erikli s\u00f6ylemlerde bulundu\u011fu tespit edilen \u015f\u00fcpheliler hakk\u0131nda resen soru\u015fturma ba\u015flat\u0131lm\u0131\u015ft\u0131. \u2018Toplant\u0131 ve g\u00f6steri y\u00fcr\u00fcy\u00fc\u015fleri kanununa muhalefet&#8217; , \u2018g\u00f6revli memura mukavemet&#8217; ve \u2018Cumhurba\u015fkan\u0131na hakaret&#8217; su\u00e7lar\u0131ndan 206 \u015f\u00fcpheli g\u00f6zalt\u0131na al\u0131nm\u0131\u015ft\u0131. CEZAEV\u0130&#8217;NDEN \u00d6ZG\u00dcRL\u00dc\u011eE \u00d6te yandan, ya\u015fanan g\u00f6steri olaylar\u0131na kar\u0131\u015ft\u0131\u011f\u0131 iddias\u0131yla g\u00f6zalt\u0131na al\u0131nan ve sevk edildikleri adli makamlarca tutuklanarak cezaevine g\u00f6nderilen gazeteciler B\u00fclent K\u0131l\u0131\u00e7, Kurtulu\u015f Ar\u0131, Yasin Akg\u00fcl, Zeynep Kuray, G\u00f6khan Kam, Ali Onur Tosun ve Hayri Tun\u00e7&#8217;un tahliyesine karar verildi. \u200b\u0130stanbul B\u00fcy\u00fck\u015fehir Belediye (\u0130BB) Ba\u015fkan\u0131 Ekrem \u0130mamo\u011flu protestolar\u0131nda, halk\u0131n haber alma hakk\u0131n\u0131 yerine getirirken tutuklanan 7 gazeteci tahliye edildi.\u00a0 \u200bHaberin Al\u0131nt\u0131land\u0131\u011f\u0131 Kaynak: www.antalyakorfez.com\" \/>\n<meta property=\"og:url\" content=\"https:\/\/denizcankizil.tr\/uk\/haberler\/gundem\/tutuklu-7-gazeteciye-tahliye\/\" \/>\n<meta property=\"og:site_name\" content=\"Av. Deniz Can K\u0131z\u0131l\" \/>\n<meta property=\"article:published_time\" content=\"2025-03-27T07:41:43+00:00\" \/>\n<meta name=\"author\" content=\"Antalya K\u00f6rfez\" \/>\n<meta name=\"twitter:card\" content=\"summary_large_image\" \/>\n<meta name=\"twitter:label1\" content=\"\u041d\u0430\u043f\u0438\u0441\u0430\u043d\u043e\" \/>\n\t<meta name=\"twitter:data1\" content=\"Antalya K\u00f6rfez\" \/>\n\t<meta name=\"twitter:label2\" content=\"\u041f\u0440\u0438\u0431\u043b. \u0447\u0430\u0441 \u0447\u0438\u0442\u0430\u043d\u043d\u044f\" \/>\n\t<meta name=\"twitter:data2\" content=\"1 \u0445\u0432\u0438\u043b\u0438\u043d\u0430\" \/>\n<script type=\"application\/ld+json\" class=\"yoast-schema-graph\">{\"@context\":\"https:\/\/schema.org\",\"@graph\":[{\"@type\":\"Article\",\"@id\":\"https:\/\/denizcankizil.tr\/uk\/haberler\/gundem\/tutuklu-7-gazeteciye-tahliye\/#article\",\"isPartOf\":{\"@id\":\"https:\/\/denizcankizil.tr\/uk\/haberler\/gundem\/tutuklu-7-gazeteciye-tahliye\/\"},\"author\":{\"name\":\"Antalya K\u00f6rfez\",\"@id\":\"https:\/\/denizcankizil.tr\/#\/schema\/person\/e1eb71bb4dd684d46563f0af307e1234\"},\"headline\":\"Tutuklu 7 gazeteciye tahliye!\",\"datePublished\":\"2025-03-27T07:41:43+00:00\",\"mainEntityOfPage\":{\"@id\":\"https:\/\/denizcankizil.tr\/uk\/haberler\/gundem\/tutuklu-7-gazeteciye-tahliye\/\"},\"wordCount\":251,\"publisher\":{\"@id\":\"https:\/\/denizcankizil.tr\/#organization\"},\"articleSection\":[\"G\u00fcndem\"],\"inLanguage\":\"uk\"},{\"@type\":\"WebPage\",\"@id\":\"https:\/\/denizcankizil.tr\/uk\/haberler\/gundem\/tutuklu-7-gazeteciye-tahliye\/\",\"url\":\"https:\/\/denizcankizil.tr\/uk\/haberler\/gundem\/tutuklu-7-gazeteciye-tahliye\/\",\"name\":\"Tutuklu 7 gazeteciye tahliye! - Av. Deniz Can K\u0131z\u0131l\",\"isPartOf\":{\"@id\":\"https:\/\/denizcankizil.tr\/#website\"},\"datePublished\":\"2025-03-27T07:41:43+00:00\",\"breadcrumb\":{\"@id\":\"https:\/\/denizcankizil.tr\/uk\/haberler\/gundem\/tutuklu-7-gazeteciye-tahliye\/#breadcrumb\"},\"inLanguage\":\"uk\",\"potentialAction\":[{\"@type\":\"ReadAction\",\"target\":[\"https:\/\/denizcankizil.tr\/uk\/haberler\/gundem\/tutuklu-7-gazeteciye-tahliye\/\"]}]},{\"@type\":\"BreadcrumbList\",\"@id\":\"https:\/\/denizcankizil.tr\/uk\/haberler\/gundem\/tutuklu-7-gazeteciye-tahliye\/#breadcrumb\",\"itemListElement\":[{\"@type\":\"ListItem\",\"position\":1,\"name\":\"Home\",\"item\":\"https:\/\/denizcankizil.tr\/uk\/\"},{\"@type\":\"ListItem\",\"position\":2,\"name\":\"Tutuklu 7 gazeteciye tahliye!\"}]},{\"@type\":\"WebSite\",\"@id\":\"https:\/\/denizcankizil.tr\/#website\",\"url\":\"https:\/\/denizcankizil.tr\/\",\"name\":\"Av. Deniz Can K\u0131z\u0131l\",\"description\":\"Avukat Deniz Can K\u0131z\u0131l Antalya Barosu\",\"publisher\":{\"@id\":\"https:\/\/denizcankizil.tr\/#organization\"},\"potentialAction\":[{\"@type\":\"SearchAction\",\"target\":{\"@type\":\"EntryPoint\",\"urlTemplate\":\"https:\/\/denizcankizil.tr\/?s={search_term_string}\"},\"query-input\":{\"@type\":\"PropertyValueSpecification\",\"valueRequired\":true,\"valueName\":\"search_term_string\"}}],\"inLanguage\":\"uk\"},{\"@type\":\"Organization\",\"@id\":\"https:\/\/denizcankizil.tr\/#organization\",\"name\":\"Av. Deniz Can K\u0131z\u0131l\",\"url\":\"https:\/\/denizcankizil.tr\/\",\"logo\":{\"@type\":\"ImageObject\",\"inLanguage\":\"uk\",\"@id\":\"https:\/\/denizcankizil.tr\/#\/schema\/logo\/image\/\",\"url\":\"https:\/\/denizcankizil.tr\/wp-content\/uploads\/2024\/10\/siyah-logo-svg.svg\",\"contentUrl\":\"https:\/\/denizcankizil.tr\/wp-content\/uploads\/2024\/10\/siyah-logo-svg.svg\",\"width\":1080,\"height\":1080,\"caption\":\"Av. Deniz Can K\u0131z\u0131l\"},\"image\":{\"@id\":\"https:\/\/denizcankizil.tr\/#\/schema\/logo\/image\/\"}},{\"@type\":\"Person\",\"@id\":\"https:\/\/denizcankizil.tr\/#\/schema\/person\/e1eb71bb4dd684d46563f0af307e1234\",\"name\":\"Antalya K\u00f6rfez\",\"image\":{\"@type\":\"ImageObject\",\"inLanguage\":\"uk\",\"@id\":\"https:\/\/denizcankizil.tr\/#\/schema\/person\/image\/\",\"url\":\"https:\/\/secure.gravatar.com\/avatar\/42b01982558a48a0b501fdcab6a408d3717ea5919095ee2e67b0e521799c5905?s=96&d=mm&r=g\",\"contentUrl\":\"https:\/\/secure.gravatar.com\/avatar\/42b01982558a48a0b501fdcab6a408d3717ea5919095ee2e67b0e521799c5905?s=96&d=mm&r=g\",\"caption\":\"Antalya K\u00f6rfez\"},\"sameAs\":[\"http:\/\/www.antalyakorfez.com\"],\"url\":\"https:\/\/www.antalyakorfez.com\/tutuklu-7-gazeteciye-tahliye\"}]}<\/script>\n<!-- \/ Yoast SEO Premium plugin. -->","yoast_head_json":{"title":"Tutuklu 7 gazeteciye tahliye! - Av. Deniz Can K\u0131z\u0131l","robots":{"index":"index","follow":"follow","max-snippet":"max-snippet:-1","max-image-preview":"max-image-preview:large","max-video-preview":"max-video-preview:-1"},"canonical":"https:\/\/denizcankizil.tr\/uk\/haberler\/gundem\/tutuklu-7-gazeteciye-tahliye\/","og_locale":"uk_UA","og_type":"article","og_title":"Tutuklu 7 gazeteciye tahliye!","og_description":"\u0130stanbul B\u00fcy\u00fck\u015fehir Belediyesi Ba\u015fkan\u0131 Ekrem \u0130mamo\u011flu&#8217;nun g\u00f6zalt\u0131na al\u0131nmas\u0131 ve akabinde de tutuklanmas\u0131n\u0131n ard\u0131ndan ba\u015flayan protestolar\u0131 haberle\u015ftiren 7 gazeteci g\u00f6zalt\u0131na al\u0131narak tutuklanm\u0131\u015ft\u0131. Tutuklamalara gelen tepkilerin ard\u0131ndan gazeteciler bug\u00fcn tahliye edildi. 3 AYRI SORU\u015eTURMA BA\u015eLATILMI\u015eTI\u00a0 \u0130stanbul Cumhuriyet Ba\u015fsavc\u0131l\u0131\u011f\u0131&#8217;nca \u0130stanbul B\u00fcy\u00fck\u015fehir Belediyesine ve Ekrem \u0130mamo\u011flu&#8217;na y\u00f6nelik &#8216;ter\u00f6r&#8217; ve &#8216;yolsuzluk&#8217; iddias\u0131na ili\u015fkin y\u00fcr\u00fct\u00fclen 2 ayr\u0131 soru\u015fturma \u00e7er\u00e7evesinde tutuklama kararlar\u0131n\u0131n ard\u0131ndan \u0130BB binas\u0131 ve baz\u0131 cadde ve sokaklarda ya\u015fanan olaylarda Cumhurba\u015fkan\u0131 ve ailesine hakaret i\u00e7erikli s\u00f6ylemlerde bulundu\u011fu tespit edilen \u015f\u00fcpheliler hakk\u0131nda resen soru\u015fturma ba\u015flat\u0131lm\u0131\u015ft\u0131. \u2018Toplant\u0131 ve g\u00f6steri y\u00fcr\u00fcy\u00fc\u015fleri kanununa muhalefet&#8217; , \u2018g\u00f6revli memura mukavemet&#8217; ve \u2018Cumhurba\u015fkan\u0131na hakaret&#8217; su\u00e7lar\u0131ndan 206 \u015f\u00fcpheli g\u00f6zalt\u0131na al\u0131nm\u0131\u015ft\u0131. CEZAEV\u0130&#8217;NDEN \u00d6ZG\u00dcRL\u00dc\u011eE \u00d6te yandan, ya\u015fanan g\u00f6steri olaylar\u0131na kar\u0131\u015ft\u0131\u011f\u0131 iddias\u0131yla g\u00f6zalt\u0131na al\u0131nan ve sevk edildikleri adli makamlarca tutuklanarak cezaevine g\u00f6nderilen gazeteciler B\u00fclent K\u0131l\u0131\u00e7, Kurtulu\u015f Ar\u0131, Yasin Akg\u00fcl, Zeynep Kuray, G\u00f6khan Kam, Ali Onur Tosun ve Hayri Tun\u00e7&#8217;un tahliyesine karar verildi. \u200b\u0130stanbul B\u00fcy\u00fck\u015fehir Belediye (\u0130BB) Ba\u015fkan\u0131 Ekrem \u0130mamo\u011flu protestolar\u0131nda, halk\u0131n haber alma hakk\u0131n\u0131 yerine getirirken tutuklanan 7 gazeteci tahliye edildi.\u00a0 \u200bHaberin Al\u0131nt\u0131land\u0131\u011f\u0131 Kaynak: www.antalyakorfez.com","og_url":"https:\/\/denizcankizil.tr\/uk\/haberler\/gundem\/tutuklu-7-gazeteciye-tahliye\/","og_site_name":"Av. Deniz Can K\u0131z\u0131l","article_published_time":"2025-03-27T07:41:43+00:00","author":"Antalya K\u00f6rfez","twitter_card":"summary_large_image","twitter_misc":{"\u041d\u0430\u043f\u0438\u0441\u0430\u043d\u043e":"Antalya K\u00f6rfez","\u041f\u0440\u0438\u0431\u043b. \u0447\u0430\u0441 \u0447\u0438\u0442\u0430\u043d\u043d\u044f":"1 \u0445\u0432\u0438\u043b\u0438\u043d\u0430"},"schema":{"@context":"https:\/\/schema.org","@graph":[{"@type":"Article","@id":"https:\/\/denizcankizil.tr\/uk\/haberler\/gundem\/tutuklu-7-gazeteciye-tahliye\/#article","isPartOf":{"@id":"https:\/\/denizcankizil.tr\/uk\/haberler\/gundem\/tutuklu-7-gazeteciye-tahliye\/"},"author":{"name":"Antalya K\u00f6rfez","@id":"https:\/\/denizcankizil.tr\/#\/schema\/person\/e1eb71bb4dd684d46563f0af307e1234"},"headline":"Tutuklu 7 gazeteciye tahliye!","datePublished":"2025-03-27T07:41:43+00:00","mainEntityOfPage":{"@id":"https:\/\/denizcankizil.tr\/uk\/haberler\/gundem\/tutuklu-7-gazeteciye-tahliye\/"},"wordCount":251,"publisher":{"@id":"https:\/\/denizcankizil.tr\/#organization"},"articleSection":["G\u00fcndem"],"inLanguage":"uk"},{"@type":"WebPage","@id":"https:\/\/denizcankizil.tr\/uk\/haberler\/gundem\/tutuklu-7-gazeteciye-tahliye\/","url":"https:\/\/denizcankizil.tr\/uk\/haberler\/gundem\/tutuklu-7-gazeteciye-tahliye\/","name":"Tutuklu 7 gazeteciye tahliye! - Av. Deniz Can K\u0131z\u0131l","isPartOf":{"@id":"https:\/\/denizcankizil.tr\/#website"},"datePublished":"2025-03-27T07:41:43+00:00","breadcrumb":{"@id":"https:\/\/denizcankizil.tr\/uk\/haberler\/gundem\/tutuklu-7-gazeteciye-tahliye\/#breadcrumb"},"inLanguage":"uk","potentialAction":[{"@type":"ReadAction","target":["https:\/\/denizcankizil.tr\/uk\/haberler\/gundem\/tutuklu-7-gazeteciye-tahliye\/"]}]},{"@type":"BreadcrumbList","@id":"https:\/\/denizcankizil.tr\/uk\/haberler\/gundem\/tutuklu-7-gazeteciye-tahliye\/#breadcrumb","itemListElement":[{"@type":"ListItem","position":1,"name":"Home","item":"https:\/\/denizcankizil.tr\/uk\/"},{"@type":"ListItem","position":2,"name":"Tutuklu 7 gazeteciye tahliye!"}]},{"@type":"WebSite","@id":"https:\/\/denizcankizil.tr\/#website","url":"https:\/\/denizcankizil.tr\/","name":"Av. Deniz Can K\u0131z\u0131l","description":"Avukat Deniz Can K\u0131z\u0131l Antalya Barosu","publisher":{"@id":"https:\/\/denizcankizil.tr\/#organization"},"potentialAction":[{"@type":"SearchAction","target":{"@type":"EntryPoint","urlTemplate":"https:\/\/denizcankizil.tr\/?s={search_term_string}"},"query-input":{"@type":"PropertyValueSpecification","valueRequired":true,"valueName":"search_term_string"}}],"inLanguage":"uk"},{"@type":"Organization","@id":"https:\/\/denizcankizil.tr\/#organization","name":"Av. Deniz Can K\u0131z\u0131l","url":"https:\/\/denizcankizil.tr\/","logo":{"@type":"ImageObject","inLanguage":"uk","@id":"https:\/\/denizcankizil.tr\/#\/schema\/logo\/image\/","url":"https:\/\/denizcankizil.tr\/wp-content\/uploads\/2024\/10\/siyah-logo-svg.svg","contentUrl":"https:\/\/denizcankizil.tr\/wp-content\/uploads\/2024\/10\/siyah-logo-svg.svg","width":1080,"height":1080,"caption":"Av. Deniz Can K\u0131z\u0131l"},"image":{"@id":"https:\/\/denizcankizil.tr\/#\/schema\/logo\/image\/"}},{"@type":"Person","@id":"https:\/\/denizcankizil.tr\/#\/schema\/person\/e1eb71bb4dd684d46563f0af307e1234","name":"Antalya K\u00f6rfez","image":{"@type":"ImageObject","inLanguage":"uk","@id":"https:\/\/denizcankizil.tr\/#\/schema\/person\/image\/","url":"https:\/\/secure.gravatar.com\/avatar\/42b01982558a48a0b501fdcab6a408d3717ea5919095ee2e67b0e521799c5905?s=96&d=mm&r=g","contentUrl":"https:\/\/secure.gravatar.com\/avatar\/42b01982558a48a0b501fdcab6a408d3717ea5919095ee2e67b0e521799c5905?s=96&d=mm&r=g","caption":"Antalya K\u00f6rfez"},"sameAs":["http:\/\/www.antalyakorfez.com"],"url":"https:\/\/www.antalyakorfez.com\/tutuklu-7-gazeteciye-tahliye"}]}},"_links":{"self":[{"href":"https:\/\/denizcankizil.tr\/uk\/wp-json\/wp\/v2\/posts\/37199","targetHints":{"allow":["GET"]}}],"collection":[{"href":"https:\/\/denizcankizil.tr\/uk\/wp-json\/wp\/v2\/posts"}],"about":[{"href":"https:\/\/denizcankizil.tr\/uk\/wp-json\/wp\/v2\/types\/post"}],"author":[{"embeddable":true,"href":"https:\/\/denizcankizil.tr\/uk\/wp-json\/wp\/v2\/users\/5"}],"replies":[{"embeddable":true,"href":"https:\/\/denizcankizil.tr\/uk\/wp-json\/wp\/v2\/comments?post=37199"}],"version-history":[{"count":0,"href":"https:\/\/denizcankizil.tr\/uk\/wp-json\/wp\/v2\/posts\/37199\/revisions"}],"wp:attachment":[{"href":"https:\/\/denizcankizil.tr\/uk\/wp-json\/wp\/v2\/media?parent=37199"}],"wp:term":[{"taxonomy":"category","embeddable":true,"href":"https:\/\/denizcankizil.tr\/uk\/wp-json\/wp\/v2\/categories?post=37199"},{"taxonomy":"post_tag","embeddable":true,"href":"https:\/\/denizcankizil.tr\/uk\/wp-json\/wp\/v2\/tags?post=37199"}],"curies":[{"name":"wp","href":"https:\/\/api.w.org\/{rel}","templated":true}]}}