{"id":36940,"date":"2025-03-25T13:41:36","date_gmt":"2025-03-25T10:41:36","guid":{"rendered":"https:\/\/denizcankizil.tr\/uncategorized-tr\/bakanlik-acikladi-bayram-trafigi-iste-boyle-denetlenecek\/"},"modified":"2025-03-25T13:41:36","modified_gmt":"2025-03-25T10:41:36","slug":"bakanlik-acikladi-bayram-trafigi-iste-boyle-denetlenecek","status":"publish","type":"post","link":"https:\/\/denizcankizil.tr\/uk\/haberler\/gundem\/bakanlik-acikladi-bayram-trafigi-iste-boyle-denetlenecek\/","title":{"rendered":"Bakanl\u0131k a\u00e7\u0131klad\u0131: Bayram trafi\u011fi i\u015fte b\u00f6yle denetlenecek"},"content":{"rendered":"<p>Ula\u015ft\u0131rma ve Altyap\u0131 Bakan\u0131 Abdulkadir Uralo\u011flu, Ramazan Bayram\u0131 tatilinde karayolu trafi\u011finin Ak\u0131ll\u0131 Ula\u015f\u0131m Sistemleri ile anl\u0131k olarak yak\u0131ndan takip edilece\u011fini bildirdi. Bakan Uralo\u011flu, trafi\u011fin yo\u011fun oldu\u011fu b\u00f6lgelerde Turuncu Ekiplerin 7\/24 esas\u0131na g\u00f6re \u00e7al\u0131\u015fmaya devam edece\u011fini belirtti.<\/p>\n<p>BAYRAM TAT\u0130L\u0130 \u00d6NLEMLER\u0130\u00a0<\/p>\n<p>Ula\u015ft\u0131rma ve Altyap\u0131 Bakan\u0131 Abdulkadir Uralo\u011flu, Karayollar\u0131nda al\u0131nan Ramazan Bayram\u2019\u0131 tedbirlerine ili\u015fkin a\u00e7\u0131klamalarda bulundu. Bakan Uralo\u011flu, bayram tatilinde ya\u015fanmas\u0131 muhtemel trafik yo\u011funlu\u011fu nedeniyle ulusal karayolu a\u011f\u0131nda t\u00fcm \u00f6nlemlerin al\u0131nd\u0131\u011f\u0131n\u0131n alt\u0131n\u0131 \u00e7izdi.<\/p>\n<p>DENET\u0130MLER ARALIKSIZ S\u00dcR\u00dcYOR\u00a0<\/p>\n<p>Vatanda\u015flar\u0131n huzur i\u00e7inde seyahat etmeleri i\u00e7in b\u00fct\u00fcn tedbirleri ald\u0131klar\u0131n\u0131 dile getiren Bakan Uralo\u011flu, \u201cEn yo\u011fun seyahatin ger\u00e7ekle\u015fti\u011fi karayollar\u0131nda Turuncu Ekiplerimiz 7-24 esas\u0131na g\u00f6re \u00e7al\u0131\u015fmaya devam edecek. \u00dclke genelinde 18 b\u00f6lge m\u00fcd\u00fcrl\u00fc\u011f\u00fcm\u00fcz, 123 \u015fube \u015fefli\u011fimiz, 15 t\u00fcnel bak\u0131m i\u015fletme \u015fefli\u011fi, 25 otoyol bak\u0131m i\u015fletme \u015fefli\u011fi ve 16 yap-i\u015flet-devret bak\u0131m i\u015fletme \u015fefli\u011finde kesintisiz olarak denetimlerimizi s\u00fcrd\u00fcr\u00fcyoruz\u201d dedi.<\/p>\n<p>AKILLI ULA\u015eIM S\u0130STEMLER\u0130 (AUS)<\/p>\n<p>Karayollar\u0131 Genel M\u00fcd\u00fcrl\u00fc\u011f\u00fc Ak\u0131ll\u0131 Ula\u015f\u0131m Sistemleri (AUS) Merkezinde, her bayram tatilinde oldu\u011fu gibi anl\u0131k izleme ve takiplerin yap\u0131laca\u011f\u0131n\u0131 kaydeden Uralo\u011flu, \u201cKarayolu a\u011f\u0131n\u0131n pek \u00e7ok \u00f6nemli noktas\u0131nda bulunan sens\u00f6r, kamera ve sistemlerden toplanan sinyal ve veriler AUS merkezimiz \u00fczerinden koordine ediliyor\u201d \u015feklinde konu\u015ftu.<\/p>\n<p>BAYRAM BOYUNCA YOL \u00c7ALI\u015eMASI OLMAYACAK\u00a0<\/p>\n<p>Yol yap\u0131m, bak\u0131m ve onar\u0131m \u00e7al\u0131\u015fmalar\u0131n\u0131n devam etti\u011fi, de\u011fi\u015fik nedenlerle yolun fiziki standard\u0131n\u0131n d\u00fc\u015f\u00fck oldu\u011fu kesimlerde trafik i\u015faretlemelerinin yap\u0131ld\u0131\u011f\u0131n\u0131 belirten Uralo\u011flu, daha \u00f6nce yap\u0131lan i\u015faretlemelerin ise g\u00f6zden ge\u00e7irildi\u011fini s\u00f6yledi. \u00a0Uralo\u011flu, Ramazan Bayram\u0131 tatili s\u00fcresince yol yap\u0131m, bak\u0131m ve onar\u0131m \u00e7al\u0131\u015fmas\u0131 yap\u0131lan kesimlerde zorunlu olmad\u0131k\u00e7a \u00e7al\u0131\u015fmalara ara vereceklerinin de alt\u0131n\u0131 \u00e7izdi.<\/p>\n<p>TRAF\u0130K LEVHALARININ EKS\u0130KLER\u0130 TAMAMLANDI\u00a0<\/p>\n<p>Karayolu a\u011f\u0131n\u0131n kontrol edilerek trafik i\u015faret levhalar\u0131nda, oto korkuluklar\u0131nda, sinyalizasyon sistemleri ve kenar dikmelerindeki eksiklerin tamamland\u0131\u011f\u0131n\u0131 vurgulayan Bakan Uralo\u011flu, \u201cKirlenen levhalar\u0131n ve g\u00f6r\u00fcn\u00fcrl\u00fc\u011f\u00fc azalan trafik i\u015faretlerinin g\u00f6r\u00fcn\u00fcr olmas\u0131n\u0131 sa\u011flad\u0131k. A\u015f\u0131r\u0131 ya\u011f\u0131\u015f nedeniyle olu\u015fabilecek sel sular\u0131n\u0131n ta\u015f\u0131t yolundan a\u015ft\u0131\u011f\u0131 s\u0131n\u0131rl\u0131 ve istisnai durumlarda, ta\u015f\u0131t yolu kenar\u0131na su seviyesinin \u00fczerinde olacak \u015fekilde s\u0131k aral\u0131klarla onar\u0131m yakla\u015f\u0131m levhalar\u0131 yerle\u015ftirildi. De\u011fi\u015fik nedenlerle ta\u015f\u0131t yolundaki daralmalarda ise, heyelan nedeniyle trafi\u011fe elveri\u015fli olmayan k\u0131s\u0131mlarda onar\u0131m yakla\u015f\u0131m levhalar\u0131 kullan\u0131larak trafik y\u00f6nlendirilecek\u201d ifadelerini kulland\u0131.\u00a0<\/p>\n<p>\u00a0<\/p>\n<p>\u200bUla\u015ft\u0131rma ve Altyap\u0131 Bakan\u0131 Abdulkadir Uralo\u011flu, Ramazan Bayram\u0131 tatilinde ya\u015fanmas\u0131 muhtemel trafik yo\u011funlu\u011funu azaltmak ve olas\u0131 kazalar\u0131 \u00f6nlemek i\u00e7in yollar\u0131n Ak\u0131ll\u0131 Ula\u015f\u0131m Sistemleri (AUS) ile anl\u0131k takip edilece\u011fini a\u00e7\u0131klad\u0131.\u00a0<\/p>\n<p>\u200bHaberin Al\u0131nt\u0131land\u0131\u011f\u0131 Kaynak: www.antalyakorfez.com<\/p>","protected":false},"excerpt":{"rendered":"<p>Ula\u015ft\u0131rma ve Altyap\u0131 Bakan\u0131 Abdulkadir Uralo\u011flu, Ramazan Bayram\u0131 tatilinde karayolu trafi\u011finin Ak\u0131ll\u0131 Ula\u015f\u0131m Sistemleri ile anl\u0131k olarak yak\u0131ndan takip edilece\u011fini bildirdi. Bakan Uralo\u011flu, trafi\u011fin yo\u011fun oldu\u011fu b\u00f6lgelerde Turuncu Ekiplerin 7\/24 esas\u0131na g\u00f6re \u00e7al\u0131\u015fmaya devam edece\u011fini belirtti. BAYRAM TAT\u0130L\u0130 \u00d6NLEMLER\u0130\u00a0 Ula\u015ft\u0131rma ve Altyap\u0131 Bakan\u0131 Abdulkadir Uralo\u011flu, Karayollar\u0131nda al\u0131nan Ramazan Bayram\u2019\u0131 tedbirlerine ili\u015fkin a\u00e7\u0131klamalarda bulundu. Bakan Uralo\u011flu, bayram tatilinde ya\u015fanmas\u0131 muhtemel trafik yo\u011funlu\u011fu nedeniyle ulusal karayolu a\u011f\u0131nda t\u00fcm \u00f6nlemlerin al\u0131nd\u0131\u011f\u0131n\u0131n alt\u0131n\u0131 \u00e7izdi. DENET\u0130MLER ARALIKSIZ S\u00dcR\u00dcYOR\u00a0 Vatanda\u015flar\u0131n huzur i\u00e7inde seyahat etmeleri i\u00e7in b\u00fct\u00fcn tedbirleri ald\u0131klar\u0131n\u0131 dile getiren Bakan Uralo\u011flu, \u201cEn yo\u011fun seyahatin ger\u00e7ekle\u015fti\u011fi karayollar\u0131nda Turuncu Ekiplerimiz 7-24 esas\u0131na g\u00f6re \u00e7al\u0131\u015fmaya devam edecek. \u00dclke genelinde 18 b\u00f6lge m\u00fcd\u00fcrl\u00fc\u011f\u00fcm\u00fcz, 123 \u015fube \u015fefli\u011fimiz, 15 t\u00fcnel bak\u0131m i\u015fletme \u015fefli\u011fi, 25 otoyol bak\u0131m i\u015fletme \u015fefli\u011fi ve 16 yap-i\u015flet-devret bak\u0131m i\u015fletme \u015fefli\u011finde kesintisiz olarak denetimlerimizi s\u00fcrd\u00fcr\u00fcyoruz\u201d dedi. AKILLI ULA\u015eIM S\u0130STEMLER\u0130 (AUS) Karayollar\u0131 Genel M\u00fcd\u00fcrl\u00fc\u011f\u00fc Ak\u0131ll\u0131 Ula\u015f\u0131m Sistemleri (AUS) Merkezinde, her bayram tatilinde oldu\u011fu gibi anl\u0131k izleme ve takiplerin yap\u0131laca\u011f\u0131n\u0131 kaydeden Uralo\u011flu, \u201cKarayolu a\u011f\u0131n\u0131n pek \u00e7ok \u00f6nemli noktas\u0131nda bulunan sens\u00f6r, kamera ve sistemlerden toplanan sinyal ve veriler AUS merkezimiz \u00fczerinden koordine ediliyor\u201d \u015feklinde konu\u015ftu. BAYRAM BOYUNCA YOL \u00c7ALI\u015eMASI OLMAYACAK\u00a0 Yol yap\u0131m, bak\u0131m ve onar\u0131m \u00e7al\u0131\u015fmalar\u0131n\u0131n devam etti\u011fi, de\u011fi\u015fik nedenlerle yolun fiziki standard\u0131n\u0131n d\u00fc\u015f\u00fck oldu\u011fu kesimlerde trafik i\u015faretlemelerinin yap\u0131ld\u0131\u011f\u0131n\u0131 belirten Uralo\u011flu, &hellip;<\/p>","protected":false},"author":5,"featured_media":0,"comment_status":"","ping_status":"open","sticky":false,"template":"","format":"standard","meta":{"_acf_changed":false,"footnotes":""},"categories":[24],"tags":[],"class_list":["post-36940","post","type-post","status-publish","format-standard","has-post-thumbnail","hentry","category-gundem"],"acf":[],"yoast_head":"<!-- This site is optimized with the Yoast SEO Premium plugin v26.6 (Yoast SEO v27.1.1) - https:\/\/yoast.com\/product\/yoast-seo-premium-wordpress\/ -->\n<title>Bakanl\u0131k a\u00e7\u0131klad\u0131: Bayram trafi\u011fi i\u015fte b\u00f6yle denetlenecek - Av. Deniz Can K\u0131z\u0131l<\/title>\n<meta name=\"robots\" content=\"index, follow, max-snippet:-1, max-image-preview:large, max-video-preview:-1\" \/>\n<link rel=\"canonical\" href=\"https:\/\/denizcankizil.tr\/uk\/haberler\/gundem\/bakanlik-acikladi-bayram-trafigi-iste-boyle-denetlenecek\/\" \/>\n<meta property=\"og:locale\" content=\"uk_UA\" \/>\n<meta property=\"og:type\" content=\"article\" \/>\n<meta property=\"og:title\" content=\"Bakanl\u0131k a\u00e7\u0131klad\u0131: Bayram trafi\u011fi i\u015fte b\u00f6yle denetlenecek\" \/>\n<meta property=\"og:description\" content=\"Ula\u015ft\u0131rma ve Altyap\u0131 Bakan\u0131 Abdulkadir Uralo\u011flu, Ramazan Bayram\u0131 tatilinde karayolu trafi\u011finin Ak\u0131ll\u0131 Ula\u015f\u0131m Sistemleri ile anl\u0131k olarak yak\u0131ndan takip edilece\u011fini bildirdi. Bakan Uralo\u011flu, trafi\u011fin yo\u011fun oldu\u011fu b\u00f6lgelerde Turuncu Ekiplerin 7\/24 esas\u0131na g\u00f6re \u00e7al\u0131\u015fmaya devam edece\u011fini belirtti. BAYRAM TAT\u0130L\u0130 \u00d6NLEMLER\u0130\u00a0 Ula\u015ft\u0131rma ve Altyap\u0131 Bakan\u0131 Abdulkadir Uralo\u011flu, Karayollar\u0131nda al\u0131nan Ramazan Bayram\u2019\u0131 tedbirlerine ili\u015fkin a\u00e7\u0131klamalarda bulundu. Bakan Uralo\u011flu, bayram tatilinde ya\u015fanmas\u0131 muhtemel trafik yo\u011funlu\u011fu nedeniyle ulusal karayolu a\u011f\u0131nda t\u00fcm \u00f6nlemlerin al\u0131nd\u0131\u011f\u0131n\u0131n alt\u0131n\u0131 \u00e7izdi. DENET\u0130MLER ARALIKSIZ S\u00dcR\u00dcYOR\u00a0 Vatanda\u015flar\u0131n huzur i\u00e7inde seyahat etmeleri i\u00e7in b\u00fct\u00fcn tedbirleri ald\u0131klar\u0131n\u0131 dile getiren Bakan Uralo\u011flu, \u201cEn yo\u011fun seyahatin ger\u00e7ekle\u015fti\u011fi karayollar\u0131nda Turuncu Ekiplerimiz 7-24 esas\u0131na g\u00f6re \u00e7al\u0131\u015fmaya devam edecek. \u00dclke genelinde 18 b\u00f6lge m\u00fcd\u00fcrl\u00fc\u011f\u00fcm\u00fcz, 123 \u015fube \u015fefli\u011fimiz, 15 t\u00fcnel bak\u0131m i\u015fletme \u015fefli\u011fi, 25 otoyol bak\u0131m i\u015fletme \u015fefli\u011fi ve 16 yap-i\u015flet-devret bak\u0131m i\u015fletme \u015fefli\u011finde kesintisiz olarak denetimlerimizi s\u00fcrd\u00fcr\u00fcyoruz\u201d dedi. AKILLI ULA\u015eIM S\u0130STEMLER\u0130 (AUS) Karayollar\u0131 Genel M\u00fcd\u00fcrl\u00fc\u011f\u00fc Ak\u0131ll\u0131 Ula\u015f\u0131m Sistemleri (AUS) Merkezinde, her bayram tatilinde oldu\u011fu gibi anl\u0131k izleme ve takiplerin yap\u0131laca\u011f\u0131n\u0131 kaydeden Uralo\u011flu, \u201cKarayolu a\u011f\u0131n\u0131n pek \u00e7ok \u00f6nemli noktas\u0131nda bulunan sens\u00f6r, kamera ve sistemlerden toplanan sinyal ve veriler AUS merkezimiz \u00fczerinden koordine ediliyor\u201d \u015feklinde konu\u015ftu. BAYRAM BOYUNCA YOL \u00c7ALI\u015eMASI OLMAYACAK\u00a0 Yol yap\u0131m, bak\u0131m ve onar\u0131m \u00e7al\u0131\u015fmalar\u0131n\u0131n devam etti\u011fi, de\u011fi\u015fik nedenlerle yolun fiziki standard\u0131n\u0131n d\u00fc\u015f\u00fck oldu\u011fu kesimlerde trafik i\u015faretlemelerinin yap\u0131ld\u0131\u011f\u0131n\u0131 belirten Uralo\u011flu, &hellip;\" \/>\n<meta property=\"og:url\" content=\"https:\/\/denizcankizil.tr\/uk\/haberler\/gundem\/bakanlik-acikladi-bayram-trafigi-iste-boyle-denetlenecek\/\" \/>\n<meta property=\"og:site_name\" content=\"Av. Deniz Can K\u0131z\u0131l\" \/>\n<meta property=\"article:published_time\" content=\"2025-03-25T10:41:36+00:00\" \/>\n<meta name=\"author\" content=\"Antalya K\u00f6rfez\" \/>\n<meta name=\"twitter:card\" content=\"summary_large_image\" \/>\n<meta name=\"twitter:label1\" content=\"\u041d\u0430\u043f\u0438\u0441\u0430\u043d\u043e\" \/>\n\t<meta name=\"twitter:data1\" content=\"Antalya K\u00f6rfez\" \/>\n\t<meta name=\"twitter:label2\" content=\"\u041f\u0440\u0438\u0431\u043b. \u0447\u0430\u0441 \u0447\u0438\u0442\u0430\u043d\u043d\u044f\" \/>\n\t<meta name=\"twitter:data2\" content=\"3 \u0445\u0432\u0438\u043b\u0438\u043d\u0438\" \/>\n<script type=\"application\/ld+json\" class=\"yoast-schema-graph\">{\"@context\":\"https:\/\/schema.org\",\"@graph\":[{\"@type\":\"Article\",\"@id\":\"https:\/\/denizcankizil.tr\/uk\/haberler\/gundem\/bakanlik-acikladi-bayram-trafigi-iste-boyle-denetlenecek\/#article\",\"isPartOf\":{\"@id\":\"https:\/\/denizcankizil.tr\/uk\/haberler\/gundem\/bakanlik-acikladi-bayram-trafigi-iste-boyle-denetlenecek\/\"},\"author\":{\"name\":\"Antalya K\u00f6rfez\",\"@id\":\"https:\/\/denizcankizil.tr\/de\/#\/schema\/person\/e1eb71bb4dd684d46563f0af307e1234\"},\"headline\":\"Bakanl\u0131k a\u00e7\u0131klad\u0131: Bayram trafi\u011fi i\u015fte b\u00f6yle denetlenecek\",\"datePublished\":\"2025-03-25T10:41:36+00:00\",\"mainEntityOfPage\":{\"@id\":\"https:\/\/denizcankizil.tr\/uk\/haberler\/gundem\/bakanlik-acikladi-bayram-trafigi-iste-boyle-denetlenecek\/\"},\"wordCount\":538,\"publisher\":{\"@id\":\"https:\/\/denizcankizil.tr\/de\/#organization\"},\"articleSection\":[\"G\u00fcndem\"],\"inLanguage\":\"uk\"},{\"@type\":\"WebPage\",\"@id\":\"https:\/\/denizcankizil.tr\/uk\/haberler\/gundem\/bakanlik-acikladi-bayram-trafigi-iste-boyle-denetlenecek\/\",\"url\":\"https:\/\/denizcankizil.tr\/uk\/haberler\/gundem\/bakanlik-acikladi-bayram-trafigi-iste-boyle-denetlenecek\/\",\"name\":\"Bakanl\u0131k a\u00e7\u0131klad\u0131: Bayram trafi\u011fi i\u015fte b\u00f6yle denetlenecek - Av. Deniz Can K\u0131z\u0131l\",\"isPartOf\":{\"@id\":\"https:\/\/denizcankizil.tr\/de\/#website\"},\"datePublished\":\"2025-03-25T10:41:36+00:00\",\"breadcrumb\":{\"@id\":\"https:\/\/denizcankizil.tr\/uk\/haberler\/gundem\/bakanlik-acikladi-bayram-trafigi-iste-boyle-denetlenecek\/#breadcrumb\"},\"inLanguage\":\"uk\",\"potentialAction\":[{\"@type\":\"ReadAction\",\"target\":[\"https:\/\/denizcankizil.tr\/uk\/haberler\/gundem\/bakanlik-acikladi-bayram-trafigi-iste-boyle-denetlenecek\/\"]}]},{\"@type\":\"BreadcrumbList\",\"@id\":\"https:\/\/denizcankizil.tr\/uk\/haberler\/gundem\/bakanlik-acikladi-bayram-trafigi-iste-boyle-denetlenecek\/#breadcrumb\",\"itemListElement\":[{\"@type\":\"ListItem\",\"position\":1,\"name\":\"Home\",\"item\":\"https:\/\/denizcankizil.tr\/de\/\"},{\"@type\":\"ListItem\",\"position\":2,\"name\":\"Bakanl\u0131k a\u00e7\u0131klad\u0131: Bayram trafi\u011fi i\u015fte b\u00f6yle denetlenecek\"}]},{\"@type\":\"WebSite\",\"@id\":\"https:\/\/denizcankizil.tr\/de\/#website\",\"url\":\"https:\/\/denizcankizil.tr\/de\/\",\"name\":\"Av. Deniz Can K\u0131z\u0131l\",\"description\":\"Avukat Deniz Can K\u0131z\u0131l Antalya Barosu\",\"publisher\":{\"@id\":\"https:\/\/denizcankizil.tr\/de\/#organization\"},\"potentialAction\":[{\"@type\":\"SearchAction\",\"target\":{\"@type\":\"EntryPoint\",\"urlTemplate\":\"https:\/\/denizcankizil.tr\/de\/?s={search_term_string}\"},\"query-input\":{\"@type\":\"PropertyValueSpecification\",\"valueRequired\":true,\"valueName\":\"search_term_string\"}}],\"inLanguage\":\"uk\"},{\"@type\":\"Organization\",\"@id\":\"https:\/\/denizcankizil.tr\/de\/#organization\",\"name\":\"Av. Deniz Can K\u0131z\u0131l\",\"url\":\"https:\/\/denizcankizil.tr\/de\/\",\"logo\":{\"@type\":\"ImageObject\",\"inLanguage\":\"uk\",\"@id\":\"https:\/\/denizcankizil.tr\/de\/#\/schema\/logo\/image\/\",\"url\":\"https:\/\/denizcankizil.tr\/wp-content\/uploads\/2024\/10\/siyah-logo-svg.svg\",\"contentUrl\":\"https:\/\/denizcankizil.tr\/wp-content\/uploads\/2024\/10\/siyah-logo-svg.svg\",\"width\":1080,\"height\":1080,\"caption\":\"Av. Deniz Can K\u0131z\u0131l\"},\"image\":{\"@id\":\"https:\/\/denizcankizil.tr\/de\/#\/schema\/logo\/image\/\"}},{\"@type\":\"Person\",\"@id\":\"https:\/\/denizcankizil.tr\/de\/#\/schema\/person\/e1eb71bb4dd684d46563f0af307e1234\",\"name\":\"Antalya K\u00f6rfez\",\"image\":{\"@type\":\"ImageObject\",\"inLanguage\":\"uk\",\"@id\":\"https:\/\/denizcankizil.tr\/de\/#\/schema\/person\/image\/\",\"url\":\"https:\/\/secure.gravatar.com\/avatar\/42b01982558a48a0b501fdcab6a408d3717ea5919095ee2e67b0e521799c5905?s=96&d=mm&r=g\",\"contentUrl\":\"https:\/\/secure.gravatar.com\/avatar\/42b01982558a48a0b501fdcab6a408d3717ea5919095ee2e67b0e521799c5905?s=96&d=mm&r=g\",\"caption\":\"Antalya K\u00f6rfez\"},\"sameAs\":[\"http:\/\/www.antalyakorfez.com\"],\"url\":\"https:\/\/www.antalyakorfez.com\/bakanlik-acikladi-bayram-trafigi-iste-boyle-denetlenecek\"}]}<\/script>\n<!-- \/ Yoast SEO Premium plugin. -->","yoast_head_json":{"title":"Bakanl\u0131k a\u00e7\u0131klad\u0131: Bayram trafi\u011fi i\u015fte b\u00f6yle denetlenecek - Av. Deniz Can K\u0131z\u0131l","robots":{"index":"index","follow":"follow","max-snippet":"max-snippet:-1","max-image-preview":"max-image-preview:large","max-video-preview":"max-video-preview:-1"},"canonical":"https:\/\/denizcankizil.tr\/uk\/haberler\/gundem\/bakanlik-acikladi-bayram-trafigi-iste-boyle-denetlenecek\/","og_locale":"uk_UA","og_type":"article","og_title":"Bakanl\u0131k a\u00e7\u0131klad\u0131: Bayram trafi\u011fi i\u015fte b\u00f6yle denetlenecek","og_description":"Ula\u015ft\u0131rma ve Altyap\u0131 Bakan\u0131 Abdulkadir Uralo\u011flu, Ramazan Bayram\u0131 tatilinde karayolu trafi\u011finin Ak\u0131ll\u0131 Ula\u015f\u0131m Sistemleri ile anl\u0131k olarak yak\u0131ndan takip edilece\u011fini bildirdi. Bakan Uralo\u011flu, trafi\u011fin yo\u011fun oldu\u011fu b\u00f6lgelerde Turuncu Ekiplerin 7\/24 esas\u0131na g\u00f6re \u00e7al\u0131\u015fmaya devam edece\u011fini belirtti. BAYRAM TAT\u0130L\u0130 \u00d6NLEMLER\u0130\u00a0 Ula\u015ft\u0131rma ve Altyap\u0131 Bakan\u0131 Abdulkadir Uralo\u011flu, Karayollar\u0131nda al\u0131nan Ramazan Bayram\u2019\u0131 tedbirlerine ili\u015fkin a\u00e7\u0131klamalarda bulundu. Bakan Uralo\u011flu, bayram tatilinde ya\u015fanmas\u0131 muhtemel trafik yo\u011funlu\u011fu nedeniyle ulusal karayolu a\u011f\u0131nda t\u00fcm \u00f6nlemlerin al\u0131nd\u0131\u011f\u0131n\u0131n alt\u0131n\u0131 \u00e7izdi. DENET\u0130MLER ARALIKSIZ S\u00dcR\u00dcYOR\u00a0 Vatanda\u015flar\u0131n huzur i\u00e7inde seyahat etmeleri i\u00e7in b\u00fct\u00fcn tedbirleri ald\u0131klar\u0131n\u0131 dile getiren Bakan Uralo\u011flu, \u201cEn yo\u011fun seyahatin ger\u00e7ekle\u015fti\u011fi karayollar\u0131nda Turuncu Ekiplerimiz 7-24 esas\u0131na g\u00f6re \u00e7al\u0131\u015fmaya devam edecek. \u00dclke genelinde 18 b\u00f6lge m\u00fcd\u00fcrl\u00fc\u011f\u00fcm\u00fcz, 123 \u015fube \u015fefli\u011fimiz, 15 t\u00fcnel bak\u0131m i\u015fletme \u015fefli\u011fi, 25 otoyol bak\u0131m i\u015fletme \u015fefli\u011fi ve 16 yap-i\u015flet-devret bak\u0131m i\u015fletme \u015fefli\u011finde kesintisiz olarak denetimlerimizi s\u00fcrd\u00fcr\u00fcyoruz\u201d dedi. AKILLI ULA\u015eIM S\u0130STEMLER\u0130 (AUS) Karayollar\u0131 Genel M\u00fcd\u00fcrl\u00fc\u011f\u00fc Ak\u0131ll\u0131 Ula\u015f\u0131m Sistemleri (AUS) Merkezinde, her bayram tatilinde oldu\u011fu gibi anl\u0131k izleme ve takiplerin yap\u0131laca\u011f\u0131n\u0131 kaydeden Uralo\u011flu, \u201cKarayolu a\u011f\u0131n\u0131n pek \u00e7ok \u00f6nemli noktas\u0131nda bulunan sens\u00f6r, kamera ve sistemlerden toplanan sinyal ve veriler AUS merkezimiz \u00fczerinden koordine ediliyor\u201d \u015feklinde konu\u015ftu. BAYRAM BOYUNCA YOL \u00c7ALI\u015eMASI OLMAYACAK\u00a0 Yol yap\u0131m, bak\u0131m ve onar\u0131m \u00e7al\u0131\u015fmalar\u0131n\u0131n devam etti\u011fi, de\u011fi\u015fik nedenlerle yolun fiziki standard\u0131n\u0131n d\u00fc\u015f\u00fck oldu\u011fu kesimlerde trafik i\u015faretlemelerinin yap\u0131ld\u0131\u011f\u0131n\u0131 belirten Uralo\u011flu, &hellip;","og_url":"https:\/\/denizcankizil.tr\/uk\/haberler\/gundem\/bakanlik-acikladi-bayram-trafigi-iste-boyle-denetlenecek\/","og_site_name":"Av. Deniz Can K\u0131z\u0131l","article_published_time":"2025-03-25T10:41:36+00:00","author":"Antalya K\u00f6rfez","twitter_card":"summary_large_image","twitter_misc":{"\u041d\u0430\u043f\u0438\u0441\u0430\u043d\u043e":"Antalya K\u00f6rfez","\u041f\u0440\u0438\u0431\u043b. \u0447\u0430\u0441 \u0447\u0438\u0442\u0430\u043d\u043d\u044f":"3 \u0445\u0432\u0438\u043b\u0438\u043d\u0438"},"schema":{"@context":"https:\/\/schema.org","@graph":[{"@type":"Article","@id":"https:\/\/denizcankizil.tr\/uk\/haberler\/gundem\/bakanlik-acikladi-bayram-trafigi-iste-boyle-denetlenecek\/#article","isPartOf":{"@id":"https:\/\/denizcankizil.tr\/uk\/haberler\/gundem\/bakanlik-acikladi-bayram-trafigi-iste-boyle-denetlenecek\/"},"author":{"name":"Antalya K\u00f6rfez","@id":"https:\/\/denizcankizil.tr\/de\/#\/schema\/person\/e1eb71bb4dd684d46563f0af307e1234"},"headline":"Bakanl\u0131k a\u00e7\u0131klad\u0131: Bayram trafi\u011fi i\u015fte b\u00f6yle denetlenecek","datePublished":"2025-03-25T10:41:36+00:00","mainEntityOfPage":{"@id":"https:\/\/denizcankizil.tr\/uk\/haberler\/gundem\/bakanlik-acikladi-bayram-trafigi-iste-boyle-denetlenecek\/"},"wordCount":538,"publisher":{"@id":"https:\/\/denizcankizil.tr\/de\/#organization"},"articleSection":["G\u00fcndem"],"inLanguage":"uk"},{"@type":"WebPage","@id":"https:\/\/denizcankizil.tr\/uk\/haberler\/gundem\/bakanlik-acikladi-bayram-trafigi-iste-boyle-denetlenecek\/","url":"https:\/\/denizcankizil.tr\/uk\/haberler\/gundem\/bakanlik-acikladi-bayram-trafigi-iste-boyle-denetlenecek\/","name":"Bakanl\u0131k a\u00e7\u0131klad\u0131: Bayram trafi\u011fi i\u015fte b\u00f6yle denetlenecek - Av. Deniz Can K\u0131z\u0131l","isPartOf":{"@id":"https:\/\/denizcankizil.tr\/de\/#website"},"datePublished":"2025-03-25T10:41:36+00:00","breadcrumb":{"@id":"https:\/\/denizcankizil.tr\/uk\/haberler\/gundem\/bakanlik-acikladi-bayram-trafigi-iste-boyle-denetlenecek\/#breadcrumb"},"inLanguage":"uk","potentialAction":[{"@type":"ReadAction","target":["https:\/\/denizcankizil.tr\/uk\/haberler\/gundem\/bakanlik-acikladi-bayram-trafigi-iste-boyle-denetlenecek\/"]}]},{"@type":"BreadcrumbList","@id":"https:\/\/denizcankizil.tr\/uk\/haberler\/gundem\/bakanlik-acikladi-bayram-trafigi-iste-boyle-denetlenecek\/#breadcrumb","itemListElement":[{"@type":"ListItem","position":1,"name":"Home","item":"https:\/\/denizcankizil.tr\/de\/"},{"@type":"ListItem","position":2,"name":"Bakanl\u0131k a\u00e7\u0131klad\u0131: Bayram trafi\u011fi i\u015fte b\u00f6yle denetlenecek"}]},{"@type":"WebSite","@id":"https:\/\/denizcankizil.tr\/de\/#website","url":"https:\/\/denizcankizil.tr\/de\/","name":"Av. Deniz Can K\u0131z\u0131l","description":"Avukat Deniz Can K\u0131z\u0131l Antalya Barosu","publisher":{"@id":"https:\/\/denizcankizil.tr\/de\/#organization"},"potentialAction":[{"@type":"SearchAction","target":{"@type":"EntryPoint","urlTemplate":"https:\/\/denizcankizil.tr\/de\/?s={search_term_string}"},"query-input":{"@type":"PropertyValueSpecification","valueRequired":true,"valueName":"search_term_string"}}],"inLanguage":"uk"},{"@type":"Organization","@id":"https:\/\/denizcankizil.tr\/de\/#organization","name":"Av. Deniz Can K\u0131z\u0131l","url":"https:\/\/denizcankizil.tr\/de\/","logo":{"@type":"ImageObject","inLanguage":"uk","@id":"https:\/\/denizcankizil.tr\/de\/#\/schema\/logo\/image\/","url":"https:\/\/denizcankizil.tr\/wp-content\/uploads\/2024\/10\/siyah-logo-svg.svg","contentUrl":"https:\/\/denizcankizil.tr\/wp-content\/uploads\/2024\/10\/siyah-logo-svg.svg","width":1080,"height":1080,"caption":"Av. Deniz Can K\u0131z\u0131l"},"image":{"@id":"https:\/\/denizcankizil.tr\/de\/#\/schema\/logo\/image\/"}},{"@type":"Person","@id":"https:\/\/denizcankizil.tr\/de\/#\/schema\/person\/e1eb71bb4dd684d46563f0af307e1234","name":"Antalya K\u00f6rfez","image":{"@type":"ImageObject","inLanguage":"uk","@id":"https:\/\/denizcankizil.tr\/de\/#\/schema\/person\/image\/","url":"https:\/\/secure.gravatar.com\/avatar\/42b01982558a48a0b501fdcab6a408d3717ea5919095ee2e67b0e521799c5905?s=96&d=mm&r=g","contentUrl":"https:\/\/secure.gravatar.com\/avatar\/42b01982558a48a0b501fdcab6a408d3717ea5919095ee2e67b0e521799c5905?s=96&d=mm&r=g","caption":"Antalya K\u00f6rfez"},"sameAs":["http:\/\/www.antalyakorfez.com"],"url":"https:\/\/www.antalyakorfez.com\/bakanlik-acikladi-bayram-trafigi-iste-boyle-denetlenecek"}]}},"_links":{"self":[{"href":"https:\/\/denizcankizil.tr\/uk\/wp-json\/wp\/v2\/posts\/36940","targetHints":{"allow":["GET"]}}],"collection":[{"href":"https:\/\/denizcankizil.tr\/uk\/wp-json\/wp\/v2\/posts"}],"about":[{"href":"https:\/\/denizcankizil.tr\/uk\/wp-json\/wp\/v2\/types\/post"}],"author":[{"embeddable":true,"href":"https:\/\/denizcankizil.tr\/uk\/wp-json\/wp\/v2\/users\/5"}],"replies":[{"embeddable":true,"href":"https:\/\/denizcankizil.tr\/uk\/wp-json\/wp\/v2\/comments?post=36940"}],"version-history":[{"count":0,"href":"https:\/\/denizcankizil.tr\/uk\/wp-json\/wp\/v2\/posts\/36940\/revisions"}],"wp:attachment":[{"href":"https:\/\/denizcankizil.tr\/uk\/wp-json\/wp\/v2\/media?parent=36940"}],"wp:term":[{"taxonomy":"category","embeddable":true,"href":"https:\/\/denizcankizil.tr\/uk\/wp-json\/wp\/v2\/categories?post=36940"},{"taxonomy":"post_tag","embeddable":true,"href":"https:\/\/denizcankizil.tr\/uk\/wp-json\/wp\/v2\/tags?post=36940"}],"curies":[{"name":"wp","href":"https:\/\/api.w.org\/{rel}","templated":true}]}}