{"id":36759,"date":"2025-03-24T12:41:48","date_gmt":"2025-03-24T09:41:48","guid":{"rendered":"https:\/\/denizcankizil.tr\/uncategorized-tr\/bursa-esnafi-ailelere-destek-olacak-besob-protokolu-imzaladi\/"},"modified":"2025-03-24T12:41:48","modified_gmt":"2025-03-24T09:41:48","slug":"bursa-esnafi-ailelere-destek-olacak-besob-protokolu-imzaladi","status":"publish","type":"post","link":"https:\/\/denizcankizil.tr\/uk\/haberler\/gundem\/bursa-esnafi-ailelere-destek-olacak-besob-protokolu-imzaladi\/","title":{"rendered":"Bursa esnaf\u0131 ailelere destek olacak&#8230; BESOB protokol\u00fc imzalad\u0131"},"content":{"rendered":"<p>Bursa Aile ve Sosyal Hizmetler \u0130l M\u00fcd\u00fcrl\u00fc\u011f\u00fc ile Bursa Esnaf ve Sanatk\u00e2rlar Odalar\u0131 Birli\u011fi (BESOB) aras\u0131nda, 2025 y\u0131l\u0131n\u0131n &#8220;Aile Y\u0131l\u0131&#8221; ilan edilmesi kapsam\u0131nda ailelere ekonomik katk\u0131 sa\u011flamak amac\u0131yla bir indirim anla\u015fmas\u0131 imzaland\u0131.BURSA (\u0130GFA) &#8211; Bursa Valili\u011fi\u2019nde ger\u00e7ekle\u015fen protokol t\u00f6renine; Bursa Valisi Erol Ayy\u0131ld\u0131z, BESOB Ba\u015fkan\u0131 Fahrettin Bilgit, Bursa Aile ve Sosyal Hizmetler \u0130l M\u00fcd\u00fcr\u00fc Faruk Uysal\u2019\u0131n yan\u0131 s\u0131ra iki kurumdan temsilciler kat\u0131ld\u0131.<br \/>\nAnla\u015fma kapsam\u0131nda BESOB\u2019a \u00fcye i\u015fletmeler, Bursa\u2019daki t\u00fcm ailelere y\u00fczde 10\u2019dan az olmamak \u00fczere indirim uygulanacak.<br \/>\nBu kapsamda ailelerin g\u0131da, giyim, sa\u011fl\u0131k, e\u011fitim gibi \u00e7e\u015fitli alanlardaki harcamalar\u0131nda esnaftan avantajl\u0131 fiyatlarla yararlanmas\u0131 sa\u011flanacak.<br \/>\nAyr\u0131ca, anla\u015fma gere\u011fi BESOB, \u00fcye i\u015f yerlerine y\u00f6nelik bilgilendirme yapacak ve uygulamaya kat\u0131l\u0131m\u0131 te\u015fvik edecek. Aile ve Sosyal Hizmetler \u0130l M\u00fcd\u00fcrl\u00fc\u011f\u00fc ise kamuoyuna duyuru yaparak Bursa\u2019daki ailelerin bu f\u0131rsattan haberdar olmas\u0131n\u0131 sa\u011flayacak.<br \/>\nProtokol t\u00f6reni sonras\u0131 de\u011ferlendirmelerde bulunan Bursa Valisi Erol Ayy\u0131ld\u0131z, protokol\u00fcn Aile Y\u0131l\u0131 kapsam\u0131nda yap\u0131lan faaliyetler aras\u0131nda T\u00fcrkiye\u2019de ilkler aras\u0131nda oldu\u011funa dikkat \u00e7ekerek, iki kurumun yetkililerini bu \u00f6rnek \u00e7al\u0131\u015fma i\u00e7in tebrik etti. Bursa\u2019da aile b\u00fct\u00e7esine katk\u0131 sunmay\u0131 hedefleyen bu anla\u015fman\u0131n, esnaf ile vatanda\u015f aras\u0131nda dayan\u0131\u015fmay\u0131 art\u0131rmas\u0131na katk\u0131 sa\u011flayaca\u011f\u0131n\u0131 ifade eden BESOB Ba\u015fkan\u0131 Fahrettin Bilgit ise esnaf te\u015fkilat\u0131n\u0131n toplumu ilgilendiren her konuya oldu\u011fu gibi bu konuya da hassasiyetle yakla\u015ft\u0131\u011f\u0131n\u0131 ve \u00fczerine d\u00fc\u015feni lay\u0131k\u0131yla yapaca\u011f\u0131n\u0131 s\u00f6yledi.<br \/>\nAile Y\u0131l\u0131 kapsam\u0131nda yap\u0131lan bu protokol\u00fcn \u00f6nemine de\u011finen Bursa Aile ve Sosyal Hizmetler \u0130l M\u00fcd\u00fcr\u00fc Faruk Uysal da Bursa\u2019da imzalanan bu protokol\u00fcn di\u011fer illere de \u00f6rnek olunabilece\u011fini dile getirdi.<\/p>\n<p>\u200bBursa Aile ve Sosyal Hizmetler \u0130l M\u00fcd\u00fcrl\u00fc\u011f\u00fc ile Bursa Esnaf ve Sanatk\u00e2rlar Odalar\u0131 Birli\u011fi (BESOB) aras\u0131nda, 2025 y\u0131l\u0131n\u0131n &#8220;Aile Y\u0131l\u0131&#8221; ilan edilmesi kapsam\u0131nda ailelere ekonomik katk\u0131 sa\u011flamak amac\u0131yla bir indirim anla\u015fmas\u0131 imzaland\u0131.BURSA (\u0130GFA) &#8211; Bursa Valili\u011fi\u2019nde ger\u00e7ekle\u015fen protokol t\u00f6renine; Bursa Valisi Erol Ayy\u0131ld\u0131z, BESOB Ba\u015fkan\u0131 Fahrettin Bilgit, Bursa Aile ve Sosyal Hizmetler \u0130l M\u00fcd\u00fcr\u00fc Faruk Uysal\u2019\u0131n yan\u0131 s\u0131ra iki kurumdan temsilciler kat\u0131ld\u0131.<br \/>\nAnla\u015fma kapsam\u0131nda BESOB\u2019a \u00fcye i\u015fletmeler, Bursa\u2019daki t\u00fcm ailelere y\u00fczde 10\u2019dan az olmamak \u00fczere indirim uygulanacak.<br \/>\nBu kapsamda ailelerin g\u0131da, giyim, sa\u011fl\u0131k, e\u011fitim gibi \u00e7e\u015fitli alanlardaki harcamalar\u0131nda esnaftan avantajl\u0131 fiyatlarla yararlanmas\u0131 sa\u011flanacak.<br \/>\nAyr\u0131ca, anla\u015fma gere\u011fi BESOB, \u00fcye i\u015f yerlerine y\u00f6nelik bilgilendirme yapacak ve uygulamaya kat\u0131l\u0131m\u0131 te\u015fvik edecek. Aile ve Sosyal Hizmetler \u0130l M\u00fcd\u00fcrl\u00fc\u011f\u00fc ise kamuoyuna duyuru yaparak Bursa\u2019daki ailelerin bu f\u0131rsattan haberdar olmas\u0131n\u0131 sa\u011flayacak.<br \/>\nProtokol t\u00f6reni sonras\u0131 de\u011ferlendirmelerde bulunan Bursa Valisi Erol Ayy\u0131ld\u0131z, protokol\u00fcn Aile Y\u0131l\u0131 kapsam\u0131nda yap\u0131lan faaliyetler aras\u0131nda T\u00fcrkiye\u2019de ilkler aras\u0131nda oldu\u011funa dikkat \u00e7ekerek, iki kurumun yetkililerini bu \u00f6rnek \u00e7al\u0131\u015fma i\u00e7in tebrik etti. Bursa\u2019da aile b\u00fct\u00e7esine katk\u0131 sunmay\u0131 hedefleyen bu anla\u015fman\u0131n, esnaf ile vatanda\u015f aras\u0131nda dayan\u0131\u015fmay\u0131 art\u0131rmas\u0131na katk\u0131 sa\u011flayaca\u011f\u0131n\u0131 ifade eden BESOB Ba\u015fkan\u0131 Fahrettin Bilgit ise esnaf te\u015fkilat\u0131n\u0131n toplumu ilgilendiren her konuya oldu\u011fu gibi bu konuya da hassasiyetle yakla\u015ft\u0131\u011f\u0131n\u0131 ve \u00fczerine d\u00fc\u015feni lay\u0131k\u0131yla yapaca\u011f\u0131n\u0131 s\u00f6yledi.<br \/>\nAile Y\u0131l\u0131 kapsam\u0131nda yap\u0131lan bu protokol\u00fcn \u00f6nemine de\u011finen Bursa Aile ve Sosyal Hizmetler \u0130l M\u00fcd\u00fcr\u00fc Faruk Uysal da Bursa\u2019da imzalanan bu protokol\u00fcn di\u011fer illere de \u00f6rnek olunabilece\u011fini dile getirdi.\u00a0<\/p>\n<p>\u200bHaberin Al\u0131nt\u0131land\u0131\u011f\u0131 Kaynak: www.iskenderun.org<\/p>","protected":false},"excerpt":{"rendered":"<p>Bursa Aile ve Sosyal Hizmetler \u0130l M\u00fcd\u00fcrl\u00fc\u011f\u00fc ile Bursa Esnaf ve Sanatk\u00e2rlar Odalar\u0131 Birli\u011fi (BESOB) aras\u0131nda, 2025 y\u0131l\u0131n\u0131n &#8220;Aile Y\u0131l\u0131&#8221; ilan edilmesi kapsam\u0131nda ailelere ekonomik katk\u0131 sa\u011flamak amac\u0131yla bir indirim anla\u015fmas\u0131 imzaland\u0131.BURSA (\u0130GFA) &#8211; Bursa Valili\u011fi\u2019nde ger\u00e7ekle\u015fen protokol t\u00f6renine; Bursa Valisi Erol Ayy\u0131ld\u0131z, BESOB Ba\u015fkan\u0131 Fahrettin Bilgit, Bursa Aile ve Sosyal Hizmetler \u0130l M\u00fcd\u00fcr\u00fc Faruk Uysal\u2019\u0131n yan\u0131 s\u0131ra iki kurumdan temsilciler kat\u0131ld\u0131. Anla\u015fma kapsam\u0131nda BESOB\u2019a \u00fcye i\u015fletmeler, Bursa\u2019daki t\u00fcm ailelere y\u00fczde 10\u2019dan az olmamak \u00fczere indirim uygulanacak. Bu kapsamda ailelerin g\u0131da, giyim, sa\u011fl\u0131k, e\u011fitim gibi \u00e7e\u015fitli alanlardaki harcamalar\u0131nda esnaftan avantajl\u0131 fiyatlarla yararlanmas\u0131 sa\u011flanacak. Ayr\u0131ca, anla\u015fma gere\u011fi BESOB, \u00fcye i\u015f yerlerine y\u00f6nelik bilgilendirme yapacak ve uygulamaya kat\u0131l\u0131m\u0131 te\u015fvik edecek. Aile ve Sosyal Hizmetler \u0130l M\u00fcd\u00fcrl\u00fc\u011f\u00fc ise kamuoyuna duyuru yaparak Bursa\u2019daki ailelerin bu f\u0131rsattan haberdar olmas\u0131n\u0131 sa\u011flayacak. Protokol t\u00f6reni sonras\u0131 de\u011ferlendirmelerde bulunan Bursa Valisi Erol Ayy\u0131ld\u0131z, protokol\u00fcn Aile Y\u0131l\u0131 kapsam\u0131nda yap\u0131lan faaliyetler aras\u0131nda T\u00fcrkiye\u2019de ilkler aras\u0131nda oldu\u011funa dikkat \u00e7ekerek, iki kurumun yetkililerini bu \u00f6rnek \u00e7al\u0131\u015fma i\u00e7in tebrik etti. Bursa\u2019da aile b\u00fct\u00e7esine katk\u0131 sunmay\u0131 hedefleyen bu anla\u015fman\u0131n, esnaf ile vatanda\u015f aras\u0131nda dayan\u0131\u015fmay\u0131 art\u0131rmas\u0131na katk\u0131 sa\u011flayaca\u011f\u0131n\u0131 ifade eden BESOB Ba\u015fkan\u0131 Fahrettin Bilgit ise esnaf te\u015fkilat\u0131n\u0131n toplumu ilgilendiren her konuya oldu\u011fu gibi bu konuya da hassasiyetle yakla\u015ft\u0131\u011f\u0131n\u0131 ve \u00fczerine d\u00fc\u015feni lay\u0131k\u0131yla yapaca\u011f\u0131n\u0131 s\u00f6yledi. Aile Y\u0131l\u0131 &hellip;<\/p>","protected":false},"author":1,"featured_media":0,"comment_status":"","ping_status":"open","sticky":false,"template":"","format":"standard","meta":{"_acf_changed":false,"footnotes":""},"categories":[24],"tags":[],"class_list":["post-36759","post","type-post","status-publish","format-standard","has-post-thumbnail","hentry","category-gundem"],"acf":[],"yoast_head":"<!-- This site is optimized with the Yoast SEO Premium plugin v26.6 (Yoast SEO v27.1.1) - https:\/\/yoast.com\/product\/yoast-seo-premium-wordpress\/ -->\n<title>Bursa esnaf\u0131 ailelere destek olacak... BESOB protokol\u00fc imzalad\u0131 - Av. Deniz Can K\u0131z\u0131l<\/title>\n<meta name=\"robots\" content=\"index, follow, max-snippet:-1, max-image-preview:large, max-video-preview:-1\" \/>\n<link rel=\"canonical\" href=\"https:\/\/denizcankizil.tr\/uk\/haberler\/gundem\/bursa-esnafi-ailelere-destek-olacak-besob-protokolu-imzaladi\/\" \/>\n<meta property=\"og:locale\" content=\"uk_UA\" \/>\n<meta property=\"og:type\" content=\"article\" \/>\n<meta property=\"og:title\" content=\"Bursa esnaf\u0131 ailelere destek olacak... BESOB protokol\u00fc imzalad\u0131\" \/>\n<meta property=\"og:description\" content=\"Bursa Aile ve Sosyal Hizmetler \u0130l M\u00fcd\u00fcrl\u00fc\u011f\u00fc ile Bursa Esnaf ve Sanatk\u00e2rlar Odalar\u0131 Birli\u011fi (BESOB) aras\u0131nda, 2025 y\u0131l\u0131n\u0131n &#8220;Aile Y\u0131l\u0131&#8221; ilan edilmesi kapsam\u0131nda ailelere ekonomik katk\u0131 sa\u011flamak amac\u0131yla bir indirim anla\u015fmas\u0131 imzaland\u0131.BURSA (\u0130GFA) &#8211; Bursa Valili\u011fi\u2019nde ger\u00e7ekle\u015fen protokol t\u00f6renine; Bursa Valisi Erol Ayy\u0131ld\u0131z, BESOB Ba\u015fkan\u0131 Fahrettin Bilgit, Bursa Aile ve Sosyal Hizmetler \u0130l M\u00fcd\u00fcr\u00fc Faruk Uysal\u2019\u0131n yan\u0131 s\u0131ra iki kurumdan temsilciler kat\u0131ld\u0131. Anla\u015fma kapsam\u0131nda BESOB\u2019a \u00fcye i\u015fletmeler, Bursa\u2019daki t\u00fcm ailelere y\u00fczde 10\u2019dan az olmamak \u00fczere indirim uygulanacak. Bu kapsamda ailelerin g\u0131da, giyim, sa\u011fl\u0131k, e\u011fitim gibi \u00e7e\u015fitli alanlardaki harcamalar\u0131nda esnaftan avantajl\u0131 fiyatlarla yararlanmas\u0131 sa\u011flanacak. Ayr\u0131ca, anla\u015fma gere\u011fi BESOB, \u00fcye i\u015f yerlerine y\u00f6nelik bilgilendirme yapacak ve uygulamaya kat\u0131l\u0131m\u0131 te\u015fvik edecek. Aile ve Sosyal Hizmetler \u0130l M\u00fcd\u00fcrl\u00fc\u011f\u00fc ise kamuoyuna duyuru yaparak Bursa\u2019daki ailelerin bu f\u0131rsattan haberdar olmas\u0131n\u0131 sa\u011flayacak. Protokol t\u00f6reni sonras\u0131 de\u011ferlendirmelerde bulunan Bursa Valisi Erol Ayy\u0131ld\u0131z, protokol\u00fcn Aile Y\u0131l\u0131 kapsam\u0131nda yap\u0131lan faaliyetler aras\u0131nda T\u00fcrkiye\u2019de ilkler aras\u0131nda oldu\u011funa dikkat \u00e7ekerek, iki kurumun yetkililerini bu \u00f6rnek \u00e7al\u0131\u015fma i\u00e7in tebrik etti. Bursa\u2019da aile b\u00fct\u00e7esine katk\u0131 sunmay\u0131 hedefleyen bu anla\u015fman\u0131n, esnaf ile vatanda\u015f aras\u0131nda dayan\u0131\u015fmay\u0131 art\u0131rmas\u0131na katk\u0131 sa\u011flayaca\u011f\u0131n\u0131 ifade eden BESOB Ba\u015fkan\u0131 Fahrettin Bilgit ise esnaf te\u015fkilat\u0131n\u0131n toplumu ilgilendiren her konuya oldu\u011fu gibi bu konuya da hassasiyetle yakla\u015ft\u0131\u011f\u0131n\u0131 ve \u00fczerine d\u00fc\u015feni lay\u0131k\u0131yla yapaca\u011f\u0131n\u0131 s\u00f6yledi. Aile Y\u0131l\u0131 &hellip;\" \/>\n<meta property=\"og:url\" content=\"https:\/\/denizcankizil.tr\/uk\/haberler\/gundem\/bursa-esnafi-ailelere-destek-olacak-besob-protokolu-imzaladi\/\" \/>\n<meta property=\"og:site_name\" content=\"Av. Deniz Can K\u0131z\u0131l\" \/>\n<meta property=\"article:published_time\" content=\"2025-03-24T09:41:48+00:00\" \/>\n<meta name=\"author\" content=\"admin\" \/>\n<meta name=\"twitter:card\" content=\"summary_large_image\" \/>\n<meta name=\"twitter:label1\" content=\"\u041d\u0430\u043f\u0438\u0441\u0430\u043d\u043e\" \/>\n\t<meta name=\"twitter:data1\" content=\"admin\" \/>\n\t<meta name=\"twitter:label2\" content=\"\u041f\u0440\u0438\u0431\u043b. \u0447\u0430\u0441 \u0447\u0438\u0442\u0430\u043d\u043d\u044f\" \/>\n\t<meta name=\"twitter:data2\" content=\"3 \u0445\u0432\u0438\u043b\u0438\u043d\u0438\" \/>\n<script type=\"application\/ld+json\" class=\"yoast-schema-graph\">{\"@context\":\"https:\/\/schema.org\",\"@graph\":[{\"@type\":\"Article\",\"@id\":\"https:\/\/denizcankizil.tr\/uk\/haberler\/gundem\/bursa-esnafi-ailelere-destek-olacak-besob-protokolu-imzaladi\/#article\",\"isPartOf\":{\"@id\":\"https:\/\/denizcankizil.tr\/uk\/haberler\/gundem\/bursa-esnafi-ailelere-destek-olacak-besob-protokolu-imzaladi\/\"},\"author\":{\"name\":\"admin\",\"@id\":\"https:\/\/denizcankizil.tr\/#\/schema\/person\/be3c05fe6a12686905512445d8185489\"},\"headline\":\"Bursa esnaf\u0131 ailelere destek olacak&#8230; BESOB protokol\u00fc imzalad\u0131\",\"datePublished\":\"2025-03-24T09:41:48+00:00\",\"mainEntityOfPage\":{\"@id\":\"https:\/\/denizcankizil.tr\/uk\/haberler\/gundem\/bursa-esnafi-ailelere-destek-olacak-besob-protokolu-imzaladi\/\"},\"wordCount\":674,\"publisher\":{\"@id\":\"https:\/\/denizcankizil.tr\/#organization\"},\"articleSection\":[\"G\u00fcndem\"],\"inLanguage\":\"uk\"},{\"@type\":\"WebPage\",\"@id\":\"https:\/\/denizcankizil.tr\/uk\/haberler\/gundem\/bursa-esnafi-ailelere-destek-olacak-besob-protokolu-imzaladi\/\",\"url\":\"https:\/\/denizcankizil.tr\/uk\/haberler\/gundem\/bursa-esnafi-ailelere-destek-olacak-besob-protokolu-imzaladi\/\",\"name\":\"Bursa esnaf\u0131 ailelere destek olacak... BESOB protokol\u00fc imzalad\u0131 - Av. Deniz Can K\u0131z\u0131l\",\"isPartOf\":{\"@id\":\"https:\/\/denizcankizil.tr\/#website\"},\"datePublished\":\"2025-03-24T09:41:48+00:00\",\"breadcrumb\":{\"@id\":\"https:\/\/denizcankizil.tr\/uk\/haberler\/gundem\/bursa-esnafi-ailelere-destek-olacak-besob-protokolu-imzaladi\/#breadcrumb\"},\"inLanguage\":\"uk\",\"potentialAction\":[{\"@type\":\"ReadAction\",\"target\":[\"https:\/\/denizcankizil.tr\/uk\/haberler\/gundem\/bursa-esnafi-ailelere-destek-olacak-besob-protokolu-imzaladi\/\"]}]},{\"@type\":\"BreadcrumbList\",\"@id\":\"https:\/\/denizcankizil.tr\/uk\/haberler\/gundem\/bursa-esnafi-ailelere-destek-olacak-besob-protokolu-imzaladi\/#breadcrumb\",\"itemListElement\":[{\"@type\":\"ListItem\",\"position\":1,\"name\":\"Home\",\"item\":\"https:\/\/denizcankizil.tr\/de\/\"},{\"@type\":\"ListItem\",\"position\":2,\"name\":\"Bursa esnaf\u0131 ailelere destek olacak&#8230; BESOB protokol\u00fc imzalad\u0131\"}]},{\"@type\":\"WebSite\",\"@id\":\"https:\/\/denizcankizil.tr\/#website\",\"url\":\"https:\/\/denizcankizil.tr\/\",\"name\":\"Av. Deniz Can K\u0131z\u0131l\",\"description\":\"Avukat Deniz Can K\u0131z\u0131l Antalya Barosu\",\"publisher\":{\"@id\":\"https:\/\/denizcankizil.tr\/#organization\"},\"potentialAction\":[{\"@type\":\"SearchAction\",\"target\":{\"@type\":\"EntryPoint\",\"urlTemplate\":\"https:\/\/denizcankizil.tr\/?s={search_term_string}\"},\"query-input\":{\"@type\":\"PropertyValueSpecification\",\"valueRequired\":true,\"valueName\":\"search_term_string\"}}],\"inLanguage\":\"uk\"},{\"@type\":\"Organization\",\"@id\":\"https:\/\/denizcankizil.tr\/#organization\",\"name\":\"Av. Deniz Can K\u0131z\u0131l\",\"url\":\"https:\/\/denizcankizil.tr\/\",\"logo\":{\"@type\":\"ImageObject\",\"inLanguage\":\"uk\",\"@id\":\"https:\/\/denizcankizil.tr\/#\/schema\/logo\/image\/\",\"url\":\"https:\/\/denizcankizil.tr\/wp-content\/uploads\/2024\/10\/siyah-logo-svg.svg\",\"contentUrl\":\"https:\/\/denizcankizil.tr\/wp-content\/uploads\/2024\/10\/siyah-logo-svg.svg\",\"width\":1080,\"height\":1080,\"caption\":\"Av. Deniz Can K\u0131z\u0131l\"},\"image\":{\"@id\":\"https:\/\/denizcankizil.tr\/#\/schema\/logo\/image\/\"}},{\"@type\":\"Person\",\"@id\":\"https:\/\/denizcankizil.tr\/#\/schema\/person\/be3c05fe6a12686905512445d8185489\",\"name\":\"admin\",\"image\":{\"@type\":\"ImageObject\",\"inLanguage\":\"uk\",\"@id\":\"https:\/\/denizcankizil.tr\/#\/schema\/person\/image\/\",\"url\":\"https:\/\/secure.gravatar.com\/avatar\/c1fce94c830dc79107e174f890d7210541c4a63e8e5d816341794a2151c9d58c?s=96&d=mm&r=g\",\"contentUrl\":\"https:\/\/secure.gravatar.com\/avatar\/c1fce94c830dc79107e174f890d7210541c4a63e8e5d816341794a2151c9d58c?s=96&d=mm&r=g\",\"caption\":\"admin\"},\"sameAs\":[\"http:\/\/denizcankizil.tr\"],\"url\":\"https:\/\/www.iskenderun.org\/bursa-esnafi-ailelere-destek-olacak-besob-protokolu-imzaladi\"}]}<\/script>\n<!-- \/ Yoast SEO Premium plugin. -->","yoast_head_json":{"title":"Bursa esnaf\u0131 ailelere destek olacak... BESOB protokol\u00fc imzalad\u0131 - Av. Deniz Can K\u0131z\u0131l","robots":{"index":"index","follow":"follow","max-snippet":"max-snippet:-1","max-image-preview":"max-image-preview:large","max-video-preview":"max-video-preview:-1"},"canonical":"https:\/\/denizcankizil.tr\/uk\/haberler\/gundem\/bursa-esnafi-ailelere-destek-olacak-besob-protokolu-imzaladi\/","og_locale":"uk_UA","og_type":"article","og_title":"Bursa esnaf\u0131 ailelere destek olacak... BESOB protokol\u00fc imzalad\u0131","og_description":"Bursa Aile ve Sosyal Hizmetler \u0130l M\u00fcd\u00fcrl\u00fc\u011f\u00fc ile Bursa Esnaf ve Sanatk\u00e2rlar Odalar\u0131 Birli\u011fi (BESOB) aras\u0131nda, 2025 y\u0131l\u0131n\u0131n &#8220;Aile Y\u0131l\u0131&#8221; ilan edilmesi kapsam\u0131nda ailelere ekonomik katk\u0131 sa\u011flamak amac\u0131yla bir indirim anla\u015fmas\u0131 imzaland\u0131.BURSA (\u0130GFA) &#8211; Bursa Valili\u011fi\u2019nde ger\u00e7ekle\u015fen protokol t\u00f6renine; Bursa Valisi Erol Ayy\u0131ld\u0131z, BESOB Ba\u015fkan\u0131 Fahrettin Bilgit, Bursa Aile ve Sosyal Hizmetler \u0130l M\u00fcd\u00fcr\u00fc Faruk Uysal\u2019\u0131n yan\u0131 s\u0131ra iki kurumdan temsilciler kat\u0131ld\u0131. Anla\u015fma kapsam\u0131nda BESOB\u2019a \u00fcye i\u015fletmeler, Bursa\u2019daki t\u00fcm ailelere y\u00fczde 10\u2019dan az olmamak \u00fczere indirim uygulanacak. Bu kapsamda ailelerin g\u0131da, giyim, sa\u011fl\u0131k, e\u011fitim gibi \u00e7e\u015fitli alanlardaki harcamalar\u0131nda esnaftan avantajl\u0131 fiyatlarla yararlanmas\u0131 sa\u011flanacak. Ayr\u0131ca, anla\u015fma gere\u011fi BESOB, \u00fcye i\u015f yerlerine y\u00f6nelik bilgilendirme yapacak ve uygulamaya kat\u0131l\u0131m\u0131 te\u015fvik edecek. Aile ve Sosyal Hizmetler \u0130l M\u00fcd\u00fcrl\u00fc\u011f\u00fc ise kamuoyuna duyuru yaparak Bursa\u2019daki ailelerin bu f\u0131rsattan haberdar olmas\u0131n\u0131 sa\u011flayacak. Protokol t\u00f6reni sonras\u0131 de\u011ferlendirmelerde bulunan Bursa Valisi Erol Ayy\u0131ld\u0131z, protokol\u00fcn Aile Y\u0131l\u0131 kapsam\u0131nda yap\u0131lan faaliyetler aras\u0131nda T\u00fcrkiye\u2019de ilkler aras\u0131nda oldu\u011funa dikkat \u00e7ekerek, iki kurumun yetkililerini bu \u00f6rnek \u00e7al\u0131\u015fma i\u00e7in tebrik etti. Bursa\u2019da aile b\u00fct\u00e7esine katk\u0131 sunmay\u0131 hedefleyen bu anla\u015fman\u0131n, esnaf ile vatanda\u015f aras\u0131nda dayan\u0131\u015fmay\u0131 art\u0131rmas\u0131na katk\u0131 sa\u011flayaca\u011f\u0131n\u0131 ifade eden BESOB Ba\u015fkan\u0131 Fahrettin Bilgit ise esnaf te\u015fkilat\u0131n\u0131n toplumu ilgilendiren her konuya oldu\u011fu gibi bu konuya da hassasiyetle yakla\u015ft\u0131\u011f\u0131n\u0131 ve \u00fczerine d\u00fc\u015feni lay\u0131k\u0131yla yapaca\u011f\u0131n\u0131 s\u00f6yledi. Aile Y\u0131l\u0131 &hellip;","og_url":"https:\/\/denizcankizil.tr\/uk\/haberler\/gundem\/bursa-esnafi-ailelere-destek-olacak-besob-protokolu-imzaladi\/","og_site_name":"Av. Deniz Can K\u0131z\u0131l","article_published_time":"2025-03-24T09:41:48+00:00","author":"admin","twitter_card":"summary_large_image","twitter_misc":{"\u041d\u0430\u043f\u0438\u0441\u0430\u043d\u043e":"admin","\u041f\u0440\u0438\u0431\u043b. \u0447\u0430\u0441 \u0447\u0438\u0442\u0430\u043d\u043d\u044f":"3 \u0445\u0432\u0438\u043b\u0438\u043d\u0438"},"schema":{"@context":"https:\/\/schema.org","@graph":[{"@type":"Article","@id":"https:\/\/denizcankizil.tr\/uk\/haberler\/gundem\/bursa-esnafi-ailelere-destek-olacak-besob-protokolu-imzaladi\/#article","isPartOf":{"@id":"https:\/\/denizcankizil.tr\/uk\/haberler\/gundem\/bursa-esnafi-ailelere-destek-olacak-besob-protokolu-imzaladi\/"},"author":{"name":"admin","@id":"https:\/\/denizcankizil.tr\/#\/schema\/person\/be3c05fe6a12686905512445d8185489"},"headline":"Bursa esnaf\u0131 ailelere destek olacak&#8230; BESOB protokol\u00fc imzalad\u0131","datePublished":"2025-03-24T09:41:48+00:00","mainEntityOfPage":{"@id":"https:\/\/denizcankizil.tr\/uk\/haberler\/gundem\/bursa-esnafi-ailelere-destek-olacak-besob-protokolu-imzaladi\/"},"wordCount":674,"publisher":{"@id":"https:\/\/denizcankizil.tr\/#organization"},"articleSection":["G\u00fcndem"],"inLanguage":"uk"},{"@type":"WebPage","@id":"https:\/\/denizcankizil.tr\/uk\/haberler\/gundem\/bursa-esnafi-ailelere-destek-olacak-besob-protokolu-imzaladi\/","url":"https:\/\/denizcankizil.tr\/uk\/haberler\/gundem\/bursa-esnafi-ailelere-destek-olacak-besob-protokolu-imzaladi\/","name":"Bursa esnaf\u0131 ailelere destek olacak... BESOB protokol\u00fc imzalad\u0131 - Av. Deniz Can K\u0131z\u0131l","isPartOf":{"@id":"https:\/\/denizcankizil.tr\/#website"},"datePublished":"2025-03-24T09:41:48+00:00","breadcrumb":{"@id":"https:\/\/denizcankizil.tr\/uk\/haberler\/gundem\/bursa-esnafi-ailelere-destek-olacak-besob-protokolu-imzaladi\/#breadcrumb"},"inLanguage":"uk","potentialAction":[{"@type":"ReadAction","target":["https:\/\/denizcankizil.tr\/uk\/haberler\/gundem\/bursa-esnafi-ailelere-destek-olacak-besob-protokolu-imzaladi\/"]}]},{"@type":"BreadcrumbList","@id":"https:\/\/denizcankizil.tr\/uk\/haberler\/gundem\/bursa-esnafi-ailelere-destek-olacak-besob-protokolu-imzaladi\/#breadcrumb","itemListElement":[{"@type":"ListItem","position":1,"name":"Home","item":"https:\/\/denizcankizil.tr\/de\/"},{"@type":"ListItem","position":2,"name":"Bursa esnaf\u0131 ailelere destek olacak&#8230; BESOB protokol\u00fc imzalad\u0131"}]},{"@type":"WebSite","@id":"https:\/\/denizcankizil.tr\/#website","url":"https:\/\/denizcankizil.tr\/","name":"Av. Deniz Can K\u0131z\u0131l","description":"Avukat Deniz Can K\u0131z\u0131l Antalya Barosu","publisher":{"@id":"https:\/\/denizcankizil.tr\/#organization"},"potentialAction":[{"@type":"SearchAction","target":{"@type":"EntryPoint","urlTemplate":"https:\/\/denizcankizil.tr\/?s={search_term_string}"},"query-input":{"@type":"PropertyValueSpecification","valueRequired":true,"valueName":"search_term_string"}}],"inLanguage":"uk"},{"@type":"Organization","@id":"https:\/\/denizcankizil.tr\/#organization","name":"Av. Deniz Can K\u0131z\u0131l","url":"https:\/\/denizcankizil.tr\/","logo":{"@type":"ImageObject","inLanguage":"uk","@id":"https:\/\/denizcankizil.tr\/#\/schema\/logo\/image\/","url":"https:\/\/denizcankizil.tr\/wp-content\/uploads\/2024\/10\/siyah-logo-svg.svg","contentUrl":"https:\/\/denizcankizil.tr\/wp-content\/uploads\/2024\/10\/siyah-logo-svg.svg","width":1080,"height":1080,"caption":"Av. Deniz Can K\u0131z\u0131l"},"image":{"@id":"https:\/\/denizcankizil.tr\/#\/schema\/logo\/image\/"}},{"@type":"Person","@id":"https:\/\/denizcankizil.tr\/#\/schema\/person\/be3c05fe6a12686905512445d8185489","name":"\u0430\u0434\u043c\u0456\u043d","image":{"@type":"ImageObject","inLanguage":"uk","@id":"https:\/\/denizcankizil.tr\/#\/schema\/person\/image\/","url":"https:\/\/secure.gravatar.com\/avatar\/c1fce94c830dc79107e174f890d7210541c4a63e8e5d816341794a2151c9d58c?s=96&d=mm&r=g","contentUrl":"https:\/\/secure.gravatar.com\/avatar\/c1fce94c830dc79107e174f890d7210541c4a63e8e5d816341794a2151c9d58c?s=96&d=mm&r=g","caption":"admin"},"sameAs":["http:\/\/denizcankizil.tr"],"url":"https:\/\/www.iskenderun.org\/bursa-esnafi-ailelere-destek-olacak-besob-protokolu-imzaladi"}]}},"_links":{"self":[{"href":"https:\/\/denizcankizil.tr\/uk\/wp-json\/wp\/v2\/posts\/36759","targetHints":{"allow":["GET"]}}],"collection":[{"href":"https:\/\/denizcankizil.tr\/uk\/wp-json\/wp\/v2\/posts"}],"about":[{"href":"https:\/\/denizcankizil.tr\/uk\/wp-json\/wp\/v2\/types\/post"}],"author":[{"embeddable":true,"href":"https:\/\/denizcankizil.tr\/uk\/wp-json\/wp\/v2\/users\/1"}],"replies":[{"embeddable":true,"href":"https:\/\/denizcankizil.tr\/uk\/wp-json\/wp\/v2\/comments?post=36759"}],"version-history":[{"count":0,"href":"https:\/\/denizcankizil.tr\/uk\/wp-json\/wp\/v2\/posts\/36759\/revisions"}],"wp:attachment":[{"href":"https:\/\/denizcankizil.tr\/uk\/wp-json\/wp\/v2\/media?parent=36759"}],"wp:term":[{"taxonomy":"category","embeddable":true,"href":"https:\/\/denizcankizil.tr\/uk\/wp-json\/wp\/v2\/categories?post=36759"},{"taxonomy":"post_tag","embeddable":true,"href":"https:\/\/denizcankizil.tr\/uk\/wp-json\/wp\/v2\/tags?post=36759"}],"curies":[{"name":"wp","href":"https:\/\/api.w.org\/{rel}","templated":true}]}}