{"id":36658,"date":"2025-03-23T16:41:17","date_gmt":"2025-03-23T13:41:17","guid":{"rendered":"https:\/\/denizcankizil.tr\/uncategorized-tr\/antalyada-chp-on-secimine-yogun-ilgi-yildiz-mahallesi-temsilciliginde-sandik-basinda\/"},"modified":"2025-03-23T16:41:17","modified_gmt":"2025-03-23T13:41:17","slug":"antalyada-chp-on-secimine-yogun-ilgi-yildiz-mahallesi-temsilciliginde-sandik-basinda","status":"publish","type":"post","link":"https:\/\/denizcankizil.tr\/uk\/haberler\/gundem\/antalyada-chp-on-secimine-yogun-ilgi-yildiz-mahallesi-temsilciliginde-sandik-basinda\/","title":{"rendered":"Antalya&#8217;da CHP \u00f6n se\u00e7imine yo\u011fun ilgi: Y\u0131ld\u0131z Mahallesi Temsilcili\u011fi&#8217;nde sand\u0131k ba\u015f\u0131nda"},"content":{"rendered":"<p>Cumhuriyet Halk Partsi&#8217;nin (CHP) 23 Mart 2025&#8217;te ger\u00e7ekle\u015ftirdi\u011fi \u00f6n se\u00e7im kapsam\u0131nda Antalya&#8217;da sand\u0131klara yo\u011fun kat\u0131l\u0131m devam ediyor. Partinin cumhurba\u015fkan\u0131 aday\u0131n\u0131 belirlemek i\u00e7in d\u00fczenlenen \u00f6n se\u00e7imde, CHP \u00fcyeleri ve destek vermek isteyen yurtta\u015flar oylar\u0131n\u0131 kullan\u0131yor.<\/p>\n<p>\u00dcYE OLMAYANLAR S\u00dcRECE DESTEK VERMEK \u0130\u00c7\u0130N OY KULLANDI\u00a0<\/p>\n<p>\u00d6zellikle Y\u0131ld\u0131z Mahallesi Temsilcili\u011fi, yo\u011funlu\u011fun en fazla ya\u015fand\u0131\u011f\u0131 noktalardan biri oldu. Varl\u0131k, Alt\u0131nda\u011f, Y\u0131ld\u0131z ve Memurevleri mahallerinden gelen se\u00e7menler, burada kurulan sand\u0131klarda oylar\u0131n\u0131 kullanmaya devam ediyor. CHP \u00fcyelerinin yan\u0131 s\u0131ra, partiye \u00fcye olmayan ancak s\u00fcrece destek vermek isteyen yurtta\u015flar da &#8220;Dayan\u0131\u015fma Sand\u0131klar\u0131&#8221; arac\u0131l\u0131\u011f\u0131yla oy kullan\u0131yor.<\/p>\n<p>OY VERME \u0130\u015eLEM\u0130 G\u00dcN BOYU S\u00dcRECEK<\/p>\n<p>Kat\u0131l\u0131m\u0131n y\u00fcksek oldu\u011fu \u00f6n se\u00e7imde, yurtta\u015flar sabah\u0131n erken saatlerinden itibaren sand\u0131k ba\u015f\u0131na giderken, yetkililer oy verme i\u015flemlerinin sorunsuz devam etti\u011fini belirtti. CHP&#8217;nin 81 ilde ve 973 il\u00e7ede kurdu\u011fu 5 bin 600 sand\u0131k aras\u0131nda Antalya&#8217;daki merkezlerden biri olan Y\u0131ld\u0131z Mahallesi Temsilcili\u011fi&#8217;nde oy verme i\u015flemi g\u00fcn boyunca s\u00fcrecek.\u00a0<\/p>\n<p>\u200bCHP&#8217;nin \u00f6n se\u00e7im s\u00fcrecinde Antalya&#8217;daki sand\u0131klara yo\u011fun ilgi s\u00fcr\u00fcyor. Y\u0131ld\u0131z Mahallesi Temsilcili\u011fi&#8217;nde Varl\u0131k, Alt\u0131nda\u011f, Y\u0131ld\u0131z ve Memurevleri mahallelerinden gelen CHP \u00fcyeleri ve yurtta\u015flar, &#8220;Dayan\u0131\u015fma Sand\u0131klar\u0131&#8221;nda oy kullanmaya devam ediyor.\u00a0<\/p>\n<p>\u200bHaberin Al\u0131nt\u0131land\u0131\u011f\u0131 Kaynak: www.antalyakorfez.com<\/p>","protected":false},"excerpt":{"rendered":"<p>Cumhuriyet Halk Partsi&#8217;nin (CHP) 23 Mart 2025&#8217;te ger\u00e7ekle\u015ftirdi\u011fi \u00f6n se\u00e7im kapsam\u0131nda Antalya&#8217;da sand\u0131klara yo\u011fun kat\u0131l\u0131m devam ediyor. Partinin cumhurba\u015fkan\u0131 aday\u0131n\u0131 belirlemek i\u00e7in d\u00fczenlenen \u00f6n se\u00e7imde, CHP \u00fcyeleri ve destek vermek isteyen yurtta\u015flar oylar\u0131n\u0131 kullan\u0131yor. \u00dcYE OLMAYANLAR S\u00dcRECE DESTEK VERMEK \u0130\u00c7\u0130N OY KULLANDI\u00a0 \u00d6zellikle Y\u0131ld\u0131z Mahallesi Temsilcili\u011fi, yo\u011funlu\u011fun en fazla ya\u015fand\u0131\u011f\u0131 noktalardan biri oldu. Varl\u0131k, Alt\u0131nda\u011f, Y\u0131ld\u0131z ve Memurevleri mahallerinden gelen se\u00e7menler, burada kurulan sand\u0131klarda oylar\u0131n\u0131 kullanmaya devam ediyor. CHP \u00fcyelerinin yan\u0131 s\u0131ra, partiye \u00fcye olmayan ancak s\u00fcrece destek vermek isteyen yurtta\u015flar da &#8220;Dayan\u0131\u015fma Sand\u0131klar\u0131&#8221; arac\u0131l\u0131\u011f\u0131yla oy kullan\u0131yor. OY VERME \u0130\u015eLEM\u0130 G\u00dcN BOYU S\u00dcRECEK Kat\u0131l\u0131m\u0131n y\u00fcksek oldu\u011fu \u00f6n se\u00e7imde, yurtta\u015flar sabah\u0131n erken saatlerinden itibaren sand\u0131k ba\u015f\u0131na giderken, yetkililer oy verme i\u015flemlerinin sorunsuz devam etti\u011fini belirtti. CHP&#8217;nin 81 ilde ve 973 il\u00e7ede kurdu\u011fu 5 bin 600 sand\u0131k aras\u0131nda Antalya&#8217;daki merkezlerden biri olan Y\u0131ld\u0131z Mahallesi Temsilcili\u011fi&#8217;nde oy verme i\u015flemi g\u00fcn boyunca s\u00fcrecek.\u00a0 \u200bCHP&#8217;nin \u00f6n se\u00e7im s\u00fcrecinde Antalya&#8217;daki sand\u0131klara yo\u011fun ilgi s\u00fcr\u00fcyor. Y\u0131ld\u0131z Mahallesi Temsilcili\u011fi&#8217;nde Varl\u0131k, Alt\u0131nda\u011f, Y\u0131ld\u0131z ve Memurevleri mahallelerinden gelen CHP \u00fcyeleri ve yurtta\u015flar, &#8220;Dayan\u0131\u015fma Sand\u0131klar\u0131&#8221;nda oy kullanmaya devam ediyor.\u00a0 \u200bHaberin Al\u0131nt\u0131land\u0131\u011f\u0131 Kaynak: www.antalyakorfez.com<\/p>","protected":false},"author":5,"featured_media":0,"comment_status":"","ping_status":"open","sticky":false,"template":"","format":"standard","meta":{"_acf_changed":false,"footnotes":""},"categories":[24],"tags":[],"class_list":["post-36658","post","type-post","status-publish","format-standard","has-post-thumbnail","hentry","category-gundem"],"acf":[],"yoast_head":"<!-- This site is optimized with the Yoast SEO Premium plugin v26.6 (Yoast SEO v27.1.1) - https:\/\/yoast.com\/product\/yoast-seo-premium-wordpress\/ -->\n<title>Antalya&#039;da CHP \u00f6n se\u00e7imine yo\u011fun ilgi: Y\u0131ld\u0131z Mahallesi Temsilcili\u011fi&#039;nde sand\u0131k ba\u015f\u0131nda - Av. Deniz Can K\u0131z\u0131l<\/title>\n<meta name=\"robots\" content=\"index, follow, max-snippet:-1, max-image-preview:large, max-video-preview:-1\" \/>\n<link rel=\"canonical\" href=\"https:\/\/denizcankizil.tr\/uk\/haberler\/gundem\/antalyada-chp-on-secimine-yogun-ilgi-yildiz-mahallesi-temsilciliginde-sandik-basinda\/\" \/>\n<meta property=\"og:locale\" content=\"uk_UA\" \/>\n<meta property=\"og:type\" content=\"article\" \/>\n<meta property=\"og:title\" content=\"Antalya&#039;da CHP \u00f6n se\u00e7imine yo\u011fun ilgi: Y\u0131ld\u0131z Mahallesi Temsilcili\u011fi&#039;nde sand\u0131k ba\u015f\u0131nda\" \/>\n<meta property=\"og:description\" content=\"Cumhuriyet Halk Partsi&#8217;nin (CHP) 23 Mart 2025&#8217;te ger\u00e7ekle\u015ftirdi\u011fi \u00f6n se\u00e7im kapsam\u0131nda Antalya&#8217;da sand\u0131klara yo\u011fun kat\u0131l\u0131m devam ediyor. Partinin cumhurba\u015fkan\u0131 aday\u0131n\u0131 belirlemek i\u00e7in d\u00fczenlenen \u00f6n se\u00e7imde, CHP \u00fcyeleri ve destek vermek isteyen yurtta\u015flar oylar\u0131n\u0131 kullan\u0131yor. \u00dcYE OLMAYANLAR S\u00dcRECE DESTEK VERMEK \u0130\u00c7\u0130N OY KULLANDI\u00a0 \u00d6zellikle Y\u0131ld\u0131z Mahallesi Temsilcili\u011fi, yo\u011funlu\u011fun en fazla ya\u015fand\u0131\u011f\u0131 noktalardan biri oldu. Varl\u0131k, Alt\u0131nda\u011f, Y\u0131ld\u0131z ve Memurevleri mahallerinden gelen se\u00e7menler, burada kurulan sand\u0131klarda oylar\u0131n\u0131 kullanmaya devam ediyor. CHP \u00fcyelerinin yan\u0131 s\u0131ra, partiye \u00fcye olmayan ancak s\u00fcrece destek vermek isteyen yurtta\u015flar da &#8220;Dayan\u0131\u015fma Sand\u0131klar\u0131&#8221; arac\u0131l\u0131\u011f\u0131yla oy kullan\u0131yor. OY VERME \u0130\u015eLEM\u0130 G\u00dcN BOYU S\u00dcRECEK Kat\u0131l\u0131m\u0131n y\u00fcksek oldu\u011fu \u00f6n se\u00e7imde, yurtta\u015flar sabah\u0131n erken saatlerinden itibaren sand\u0131k ba\u015f\u0131na giderken, yetkililer oy verme i\u015flemlerinin sorunsuz devam etti\u011fini belirtti. CHP&#8217;nin 81 ilde ve 973 il\u00e7ede kurdu\u011fu 5 bin 600 sand\u0131k aras\u0131nda Antalya&#8217;daki merkezlerden biri olan Y\u0131ld\u0131z Mahallesi Temsilcili\u011fi&#8217;nde oy verme i\u015flemi g\u00fcn boyunca s\u00fcrecek.\u00a0 \u200bCHP&#8217;nin \u00f6n se\u00e7im s\u00fcrecinde Antalya&#8217;daki sand\u0131klara yo\u011fun ilgi s\u00fcr\u00fcyor. Y\u0131ld\u0131z Mahallesi Temsilcili\u011fi&#8217;nde Varl\u0131k, Alt\u0131nda\u011f, Y\u0131ld\u0131z ve Memurevleri mahallelerinden gelen CHP \u00fcyeleri ve yurtta\u015flar, &#8220;Dayan\u0131\u015fma Sand\u0131klar\u0131&#8221;nda oy kullanmaya devam ediyor.\u00a0 \u200bHaberin Al\u0131nt\u0131land\u0131\u011f\u0131 Kaynak: www.antalyakorfez.com\" \/>\n<meta property=\"og:url\" content=\"https:\/\/denizcankizil.tr\/uk\/haberler\/gundem\/antalyada-chp-on-secimine-yogun-ilgi-yildiz-mahallesi-temsilciliginde-sandik-basinda\/\" \/>\n<meta property=\"og:site_name\" content=\"Av. Deniz Can K\u0131z\u0131l\" \/>\n<meta property=\"article:published_time\" content=\"2025-03-23T13:41:17+00:00\" \/>\n<meta name=\"author\" content=\"Antalya K\u00f6rfez\" \/>\n<meta name=\"twitter:card\" content=\"summary_large_image\" \/>\n<meta name=\"twitter:label1\" content=\"\u041d\u0430\u043f\u0438\u0441\u0430\u043d\u043e\" \/>\n\t<meta name=\"twitter:data1\" content=\"Antalya K\u00f6rfez\" \/>\n\t<meta name=\"twitter:label2\" content=\"\u041f\u0440\u0438\u0431\u043b. \u0447\u0430\u0441 \u0447\u0438\u0442\u0430\u043d\u043d\u044f\" \/>\n\t<meta name=\"twitter:data2\" content=\"1 \u0445\u0432\u0438\u043b\u0438\u043d\u0430\" \/>\n<script type=\"application\/ld+json\" class=\"yoast-schema-graph\">{\"@context\":\"https:\/\/schema.org\",\"@graph\":[{\"@type\":\"Article\",\"@id\":\"https:\/\/denizcankizil.tr\/uk\/haberler\/gundem\/antalyada-chp-on-secimine-yogun-ilgi-yildiz-mahallesi-temsilciliginde-sandik-basinda\/#article\",\"isPartOf\":{\"@id\":\"https:\/\/denizcankizil.tr\/uk\/haberler\/gundem\/antalyada-chp-on-secimine-yogun-ilgi-yildiz-mahallesi-temsilciliginde-sandik-basinda\/\"},\"author\":{\"name\":\"Antalya K\u00f6rfez\",\"@id\":\"https:\/\/denizcankizil.tr\/de\/#\/schema\/person\/e1eb71bb4dd684d46563f0af307e1234\"},\"headline\":\"Antalya&#8217;da CHP \u00f6n se\u00e7imine yo\u011fun ilgi: Y\u0131ld\u0131z Mahallesi Temsilcili\u011fi&#8217;nde sand\u0131k ba\u015f\u0131nda\",\"datePublished\":\"2025-03-23T13:41:17+00:00\",\"mainEntityOfPage\":{\"@id\":\"https:\/\/denizcankizil.tr\/uk\/haberler\/gundem\/antalyada-chp-on-secimine-yogun-ilgi-yildiz-mahallesi-temsilciliginde-sandik-basinda\/\"},\"wordCount\":279,\"publisher\":{\"@id\":\"https:\/\/denizcankizil.tr\/de\/#organization\"},\"articleSection\":[\"G\u00fcndem\"],\"inLanguage\":\"uk\"},{\"@type\":\"WebPage\",\"@id\":\"https:\/\/denizcankizil.tr\/uk\/haberler\/gundem\/antalyada-chp-on-secimine-yogun-ilgi-yildiz-mahallesi-temsilciliginde-sandik-basinda\/\",\"url\":\"https:\/\/denizcankizil.tr\/uk\/haberler\/gundem\/antalyada-chp-on-secimine-yogun-ilgi-yildiz-mahallesi-temsilciliginde-sandik-basinda\/\",\"name\":\"Antalya'da CHP \u00f6n se\u00e7imine yo\u011fun ilgi: Y\u0131ld\u0131z Mahallesi Temsilcili\u011fi'nde sand\u0131k ba\u015f\u0131nda - Av. Deniz Can K\u0131z\u0131l\",\"isPartOf\":{\"@id\":\"https:\/\/denizcankizil.tr\/de\/#website\"},\"datePublished\":\"2025-03-23T13:41:17+00:00\",\"breadcrumb\":{\"@id\":\"https:\/\/denizcankizil.tr\/uk\/haberler\/gundem\/antalyada-chp-on-secimine-yogun-ilgi-yildiz-mahallesi-temsilciliginde-sandik-basinda\/#breadcrumb\"},\"inLanguage\":\"uk\",\"potentialAction\":[{\"@type\":\"ReadAction\",\"target\":[\"https:\/\/denizcankizil.tr\/uk\/haberler\/gundem\/antalyada-chp-on-secimine-yogun-ilgi-yildiz-mahallesi-temsilciliginde-sandik-basinda\/\"]}]},{\"@type\":\"BreadcrumbList\",\"@id\":\"https:\/\/denizcankizil.tr\/uk\/haberler\/gundem\/antalyada-chp-on-secimine-yogun-ilgi-yildiz-mahallesi-temsilciliginde-sandik-basinda\/#breadcrumb\",\"itemListElement\":[{\"@type\":\"ListItem\",\"position\":1,\"name\":\"Home\",\"item\":\"https:\/\/denizcankizil.tr\/de\/\"},{\"@type\":\"ListItem\",\"position\":2,\"name\":\"Antalya&#8217;da CHP \u00f6n se\u00e7imine yo\u011fun ilgi: Y\u0131ld\u0131z Mahallesi Temsilcili\u011fi&#8217;nde sand\u0131k ba\u015f\u0131nda\"}]},{\"@type\":\"WebSite\",\"@id\":\"https:\/\/denizcankizil.tr\/de\/#website\",\"url\":\"https:\/\/denizcankizil.tr\/de\/\",\"name\":\"Av. Deniz Can K\u0131z\u0131l\",\"description\":\"Avukat Deniz Can K\u0131z\u0131l Antalya Barosu\",\"publisher\":{\"@id\":\"https:\/\/denizcankizil.tr\/de\/#organization\"},\"potentialAction\":[{\"@type\":\"SearchAction\",\"target\":{\"@type\":\"EntryPoint\",\"urlTemplate\":\"https:\/\/denizcankizil.tr\/de\/?s={search_term_string}\"},\"query-input\":{\"@type\":\"PropertyValueSpecification\",\"valueRequired\":true,\"valueName\":\"search_term_string\"}}],\"inLanguage\":\"uk\"},{\"@type\":\"Organization\",\"@id\":\"https:\/\/denizcankizil.tr\/de\/#organization\",\"name\":\"Av. Deniz Can K\u0131z\u0131l\",\"url\":\"https:\/\/denizcankizil.tr\/de\/\",\"logo\":{\"@type\":\"ImageObject\",\"inLanguage\":\"uk\",\"@id\":\"https:\/\/denizcankizil.tr\/de\/#\/schema\/logo\/image\/\",\"url\":\"https:\/\/denizcankizil.tr\/wp-content\/uploads\/2024\/10\/siyah-logo-svg.svg\",\"contentUrl\":\"https:\/\/denizcankizil.tr\/wp-content\/uploads\/2024\/10\/siyah-logo-svg.svg\",\"width\":1080,\"height\":1080,\"caption\":\"Av. Deniz Can K\u0131z\u0131l\"},\"image\":{\"@id\":\"https:\/\/denizcankizil.tr\/de\/#\/schema\/logo\/image\/\"}},{\"@type\":\"Person\",\"@id\":\"https:\/\/denizcankizil.tr\/de\/#\/schema\/person\/e1eb71bb4dd684d46563f0af307e1234\",\"name\":\"Antalya K\u00f6rfez\",\"image\":{\"@type\":\"ImageObject\",\"inLanguage\":\"uk\",\"@id\":\"https:\/\/denizcankizil.tr\/de\/#\/schema\/person\/image\/\",\"url\":\"https:\/\/secure.gravatar.com\/avatar\/42b01982558a48a0b501fdcab6a408d3717ea5919095ee2e67b0e521799c5905?s=96&d=mm&r=g\",\"contentUrl\":\"https:\/\/secure.gravatar.com\/avatar\/42b01982558a48a0b501fdcab6a408d3717ea5919095ee2e67b0e521799c5905?s=96&d=mm&r=g\",\"caption\":\"Antalya K\u00f6rfez\"},\"sameAs\":[\"http:\/\/www.antalyakorfez.com\"],\"url\":\"https:\/\/www.antalyakorfez.com\/antalyada-chp-on-secimine-yogun-ilgi-yildiz-mahallesi-temsilciliginde-sandik-basinda\"}]}<\/script>\n<!-- \/ Yoast SEO Premium plugin. -->","yoast_head_json":{"title":"Antalya'da CHP \u00f6n se\u00e7imine yo\u011fun ilgi: Y\u0131ld\u0131z Mahallesi Temsilcili\u011fi'nde sand\u0131k ba\u015f\u0131nda - Av. Deniz Can K\u0131z\u0131l","robots":{"index":"index","follow":"follow","max-snippet":"max-snippet:-1","max-image-preview":"max-image-preview:large","max-video-preview":"max-video-preview:-1"},"canonical":"https:\/\/denizcankizil.tr\/uk\/haberler\/gundem\/antalyada-chp-on-secimine-yogun-ilgi-yildiz-mahallesi-temsilciliginde-sandik-basinda\/","og_locale":"uk_UA","og_type":"article","og_title":"Antalya'da CHP \u00f6n se\u00e7imine yo\u011fun ilgi: Y\u0131ld\u0131z Mahallesi Temsilcili\u011fi'nde sand\u0131k ba\u015f\u0131nda","og_description":"Cumhuriyet Halk Partsi&#8217;nin (CHP) 23 Mart 2025&#8217;te ger\u00e7ekle\u015ftirdi\u011fi \u00f6n se\u00e7im kapsam\u0131nda Antalya&#8217;da sand\u0131klara yo\u011fun kat\u0131l\u0131m devam ediyor. Partinin cumhurba\u015fkan\u0131 aday\u0131n\u0131 belirlemek i\u00e7in d\u00fczenlenen \u00f6n se\u00e7imde, CHP \u00fcyeleri ve destek vermek isteyen yurtta\u015flar oylar\u0131n\u0131 kullan\u0131yor. \u00dcYE OLMAYANLAR S\u00dcRECE DESTEK VERMEK \u0130\u00c7\u0130N OY KULLANDI\u00a0 \u00d6zellikle Y\u0131ld\u0131z Mahallesi Temsilcili\u011fi, yo\u011funlu\u011fun en fazla ya\u015fand\u0131\u011f\u0131 noktalardan biri oldu. Varl\u0131k, Alt\u0131nda\u011f, Y\u0131ld\u0131z ve Memurevleri mahallerinden gelen se\u00e7menler, burada kurulan sand\u0131klarda oylar\u0131n\u0131 kullanmaya devam ediyor. CHP \u00fcyelerinin yan\u0131 s\u0131ra, partiye \u00fcye olmayan ancak s\u00fcrece destek vermek isteyen yurtta\u015flar da &#8220;Dayan\u0131\u015fma Sand\u0131klar\u0131&#8221; arac\u0131l\u0131\u011f\u0131yla oy kullan\u0131yor. OY VERME \u0130\u015eLEM\u0130 G\u00dcN BOYU S\u00dcRECEK Kat\u0131l\u0131m\u0131n y\u00fcksek oldu\u011fu \u00f6n se\u00e7imde, yurtta\u015flar sabah\u0131n erken saatlerinden itibaren sand\u0131k ba\u015f\u0131na giderken, yetkililer oy verme i\u015flemlerinin sorunsuz devam etti\u011fini belirtti. CHP&#8217;nin 81 ilde ve 973 il\u00e7ede kurdu\u011fu 5 bin 600 sand\u0131k aras\u0131nda Antalya&#8217;daki merkezlerden biri olan Y\u0131ld\u0131z Mahallesi Temsilcili\u011fi&#8217;nde oy verme i\u015flemi g\u00fcn boyunca s\u00fcrecek.\u00a0 \u200bCHP&#8217;nin \u00f6n se\u00e7im s\u00fcrecinde Antalya&#8217;daki sand\u0131klara yo\u011fun ilgi s\u00fcr\u00fcyor. Y\u0131ld\u0131z Mahallesi Temsilcili\u011fi&#8217;nde Varl\u0131k, Alt\u0131nda\u011f, Y\u0131ld\u0131z ve Memurevleri mahallelerinden gelen CHP \u00fcyeleri ve yurtta\u015flar, &#8220;Dayan\u0131\u015fma Sand\u0131klar\u0131&#8221;nda oy kullanmaya devam ediyor.\u00a0 \u200bHaberin Al\u0131nt\u0131land\u0131\u011f\u0131 Kaynak: www.antalyakorfez.com","og_url":"https:\/\/denizcankizil.tr\/uk\/haberler\/gundem\/antalyada-chp-on-secimine-yogun-ilgi-yildiz-mahallesi-temsilciliginde-sandik-basinda\/","og_site_name":"Av. Deniz Can K\u0131z\u0131l","article_published_time":"2025-03-23T13:41:17+00:00","author":"Antalya K\u00f6rfez","twitter_card":"summary_large_image","twitter_misc":{"\u041d\u0430\u043f\u0438\u0441\u0430\u043d\u043e":"Antalya K\u00f6rfez","\u041f\u0440\u0438\u0431\u043b. \u0447\u0430\u0441 \u0447\u0438\u0442\u0430\u043d\u043d\u044f":"1 \u0445\u0432\u0438\u043b\u0438\u043d\u0430"},"schema":{"@context":"https:\/\/schema.org","@graph":[{"@type":"Article","@id":"https:\/\/denizcankizil.tr\/uk\/haberler\/gundem\/antalyada-chp-on-secimine-yogun-ilgi-yildiz-mahallesi-temsilciliginde-sandik-basinda\/#article","isPartOf":{"@id":"https:\/\/denizcankizil.tr\/uk\/haberler\/gundem\/antalyada-chp-on-secimine-yogun-ilgi-yildiz-mahallesi-temsilciliginde-sandik-basinda\/"},"author":{"name":"Antalya K\u00f6rfez","@id":"https:\/\/denizcankizil.tr\/de\/#\/schema\/person\/e1eb71bb4dd684d46563f0af307e1234"},"headline":"Antalya&#8217;da CHP \u00f6n se\u00e7imine yo\u011fun ilgi: Y\u0131ld\u0131z Mahallesi Temsilcili\u011fi&#8217;nde sand\u0131k ba\u015f\u0131nda","datePublished":"2025-03-23T13:41:17+00:00","mainEntityOfPage":{"@id":"https:\/\/denizcankizil.tr\/uk\/haberler\/gundem\/antalyada-chp-on-secimine-yogun-ilgi-yildiz-mahallesi-temsilciliginde-sandik-basinda\/"},"wordCount":279,"publisher":{"@id":"https:\/\/denizcankizil.tr\/de\/#organization"},"articleSection":["G\u00fcndem"],"inLanguage":"uk"},{"@type":"WebPage","@id":"https:\/\/denizcankizil.tr\/uk\/haberler\/gundem\/antalyada-chp-on-secimine-yogun-ilgi-yildiz-mahallesi-temsilciliginde-sandik-basinda\/","url":"https:\/\/denizcankizil.tr\/uk\/haberler\/gundem\/antalyada-chp-on-secimine-yogun-ilgi-yildiz-mahallesi-temsilciliginde-sandik-basinda\/","name":"Antalya'da CHP \u00f6n se\u00e7imine yo\u011fun ilgi: Y\u0131ld\u0131z Mahallesi Temsilcili\u011fi'nde sand\u0131k ba\u015f\u0131nda - Av. Deniz Can K\u0131z\u0131l","isPartOf":{"@id":"https:\/\/denizcankizil.tr\/de\/#website"},"datePublished":"2025-03-23T13:41:17+00:00","breadcrumb":{"@id":"https:\/\/denizcankizil.tr\/uk\/haberler\/gundem\/antalyada-chp-on-secimine-yogun-ilgi-yildiz-mahallesi-temsilciliginde-sandik-basinda\/#breadcrumb"},"inLanguage":"uk","potentialAction":[{"@type":"ReadAction","target":["https:\/\/denizcankizil.tr\/uk\/haberler\/gundem\/antalyada-chp-on-secimine-yogun-ilgi-yildiz-mahallesi-temsilciliginde-sandik-basinda\/"]}]},{"@type":"BreadcrumbList","@id":"https:\/\/denizcankizil.tr\/uk\/haberler\/gundem\/antalyada-chp-on-secimine-yogun-ilgi-yildiz-mahallesi-temsilciliginde-sandik-basinda\/#breadcrumb","itemListElement":[{"@type":"ListItem","position":1,"name":"Home","item":"https:\/\/denizcankizil.tr\/de\/"},{"@type":"ListItem","position":2,"name":"Antalya&#8217;da CHP \u00f6n se\u00e7imine yo\u011fun ilgi: Y\u0131ld\u0131z Mahallesi Temsilcili\u011fi&#8217;nde sand\u0131k ba\u015f\u0131nda"}]},{"@type":"WebSite","@id":"https:\/\/denizcankizil.tr\/de\/#website","url":"https:\/\/denizcankizil.tr\/de\/","name":"Av. Deniz Can K\u0131z\u0131l","description":"Avukat Deniz Can K\u0131z\u0131l Antalya Barosu","publisher":{"@id":"https:\/\/denizcankizil.tr\/de\/#organization"},"potentialAction":[{"@type":"SearchAction","target":{"@type":"EntryPoint","urlTemplate":"https:\/\/denizcankizil.tr\/de\/?s={search_term_string}"},"query-input":{"@type":"PropertyValueSpecification","valueRequired":true,"valueName":"search_term_string"}}],"inLanguage":"uk"},{"@type":"Organization","@id":"https:\/\/denizcankizil.tr\/de\/#organization","name":"Av. Deniz Can K\u0131z\u0131l","url":"https:\/\/denizcankizil.tr\/de\/","logo":{"@type":"ImageObject","inLanguage":"uk","@id":"https:\/\/denizcankizil.tr\/de\/#\/schema\/logo\/image\/","url":"https:\/\/denizcankizil.tr\/wp-content\/uploads\/2024\/10\/siyah-logo-svg.svg","contentUrl":"https:\/\/denizcankizil.tr\/wp-content\/uploads\/2024\/10\/siyah-logo-svg.svg","width":1080,"height":1080,"caption":"Av. Deniz Can K\u0131z\u0131l"},"image":{"@id":"https:\/\/denizcankizil.tr\/de\/#\/schema\/logo\/image\/"}},{"@type":"Person","@id":"https:\/\/denizcankizil.tr\/de\/#\/schema\/person\/e1eb71bb4dd684d46563f0af307e1234","name":"Antalya K\u00f6rfez","image":{"@type":"ImageObject","inLanguage":"uk","@id":"https:\/\/denizcankizil.tr\/de\/#\/schema\/person\/image\/","url":"https:\/\/secure.gravatar.com\/avatar\/42b01982558a48a0b501fdcab6a408d3717ea5919095ee2e67b0e521799c5905?s=96&d=mm&r=g","contentUrl":"https:\/\/secure.gravatar.com\/avatar\/42b01982558a48a0b501fdcab6a408d3717ea5919095ee2e67b0e521799c5905?s=96&d=mm&r=g","caption":"Antalya K\u00f6rfez"},"sameAs":["http:\/\/www.antalyakorfez.com"],"url":"https:\/\/www.antalyakorfez.com\/antalyada-chp-on-secimine-yogun-ilgi-yildiz-mahallesi-temsilciliginde-sandik-basinda"}]}},"_links":{"self":[{"href":"https:\/\/denizcankizil.tr\/uk\/wp-json\/wp\/v2\/posts\/36658","targetHints":{"allow":["GET"]}}],"collection":[{"href":"https:\/\/denizcankizil.tr\/uk\/wp-json\/wp\/v2\/posts"}],"about":[{"href":"https:\/\/denizcankizil.tr\/uk\/wp-json\/wp\/v2\/types\/post"}],"author":[{"embeddable":true,"href":"https:\/\/denizcankizil.tr\/uk\/wp-json\/wp\/v2\/users\/5"}],"replies":[{"embeddable":true,"href":"https:\/\/denizcankizil.tr\/uk\/wp-json\/wp\/v2\/comments?post=36658"}],"version-history":[{"count":0,"href":"https:\/\/denizcankizil.tr\/uk\/wp-json\/wp\/v2\/posts\/36658\/revisions"}],"wp:attachment":[{"href":"https:\/\/denizcankizil.tr\/uk\/wp-json\/wp\/v2\/media?parent=36658"}],"wp:term":[{"taxonomy":"category","embeddable":true,"href":"https:\/\/denizcankizil.tr\/uk\/wp-json\/wp\/v2\/categories?post=36658"},{"taxonomy":"post_tag","embeddable":true,"href":"https:\/\/denizcankizil.tr\/uk\/wp-json\/wp\/v2\/tags?post=36658"}],"curies":[{"name":"wp","href":"https:\/\/api.w.org\/{rel}","templated":true}]}}