{"id":36609,"date":"2025-03-23T09:41:17","date_gmt":"2025-03-23T06:41:17","guid":{"rendered":"https:\/\/denizcankizil.tr\/uncategorized-tr\/antalyada-olumcul-kelebek-korkusu-velilerin-anlattiklari-tuyleri-diken-diken-etti\/"},"modified":"2025-03-23T09:41:17","modified_gmt":"2025-03-23T06:41:17","slug":"antalyada-olumcul-kelebek-korkusu-velilerin-anlattiklari-tuyleri-diken-diken-etti","status":"publish","type":"post","link":"https:\/\/denizcankizil.tr\/uk\/haberler\/gundem\/antalyada-olumcul-kelebek-korkusu-velilerin-anlattiklari-tuyleri-diken-diken-etti\/","title":{"rendered":"Antalya\u2019da \u00f6l\u00fcmc\u00fcl kelebek korkusu: Velilerin anlatt\u0131klar\u0131 t\u00fcyleri diken diken etti"},"content":{"rendered":"<p>Oyuncak silahlar, k\u0131l\u0131\u00e7lar ve t\u00fcfeklerden sonra, \u015fimdi de kelebek b\u0131\u00e7aklar\u0131n\u0131n \u00e7ocuklar aras\u0131nda yayg\u0131nla\u015fmas\u0131 velileri endi\u015feye yol a\u00e7t\u0131. Antalya\u2019da \u00e7ocuklar aras\u0131nda h\u0131zla yay\u0131lan ve tehlikeli bir e\u011flence arac\u0131 haline gelen bu oyuncak kelebek b\u0131\u00e7aklar hem aileleri hem de uzmanlar\u0131 kayg\u0131land\u0131rd\u0131. Antalya K\u00f6rfez Gazetesi muhabiri Ertu\u011frul G\u00fcn&#8217;\u00fcn\u00a0\u201c\u00d6l\u00fcmc\u00fcl kelebek\u201d man\u015feti ile g\u00fcndeme getirdi\u011fi ilk\u00f6\u011fretim ve ortaokul \u00f6\u011frencilerinin elinde s\u0131k\u00e7a g\u00f6r\u00fclmeye ba\u015flan\u0131lan oyuncak kelebek b\u0131\u00e7aklara y\u00f6nelik velilerin anlatt\u0131klar\u0131 t\u00fcyleri diken diken etti. Veliler buna benzer oyuncaklar\u0131n kantinlerde ve okullar\u0131n yak\u0131n\u0131ndaki marketlerde sat\u0131ld\u0131\u011f\u0131na dikkat \u00e7ekerek bir an \u00f6nce \u00f6nlem al\u0131nmas\u0131 y\u00f6n\u00fcnde \u00e7a\u011fr\u0131da bulundu.\u00a0<\/p>\n<p>\u0130NTERNETTE 50, SOKAKTA 10 TL<\/p>\n<p>Antalya\u2019da son zamanlarda \u00e7ocuklar\u0131n \u201coyuncak\u201d ad\u0131 alt\u0131nda edindi\u011fi baz\u0131 \u00fcr\u00fcnlerin, asl\u0131nda \u015fiddet ve su\u00e7 aletlerine olan ilgiyi art\u0131rd\u0131\u011f\u0131 d\u00fc\u015f\u00fcn\u00fcl\u00fcyor. Oyuncak silahlar, k\u0131l\u0131\u00e7lar ve t\u00fcfeklerden sonra, \u015fimdi de kelebek b\u0131\u00e7aklar\u0131n\u0131n \u00e7ocuklar aras\u0131nda yayg\u0131nla\u015fmas\u0131 velileri endi\u015feye s\u00fcr\u00fckledi. \u00d6zellikle ilk\u00f6\u011fretim ve orta\u00f6\u011fretim \u00e7a\u011f\u0131ndaki \u00e7ocuklar aras\u0131nda pop\u00fcler hale gelen bu oyuncak, b\u0131\u00e7ak \u00e7evirme yetene\u011fini geli\u015ftirmek i\u00e7in kullan\u0131ld\u0131\u011f\u0131 ileri s\u00fcr\u00fcld\u00fc. \u00d6zellikle okul bah\u00e7elerinde ve sosyal medya platformlar\u0131nda bu oyuncaklar\u0131n kullan\u0131m\u0131yla ilgili videolar\u0131n yayg\u0131nla\u015fmas\u0131, kelebek b\u0131\u00e7aklara olan ilgiyi artt\u0131rd\u0131. \u0130nternette 50 TL sokakta ise 10 TL\u2019ye kadar d\u00fc\u015fen fiyatlarla sat\u0131lan bu oyuncaklar\u0131n, \u00e7ocuklar\u0131 \u015fiddete te\u015fvik etti\u011fi endi\u015fesiyle uzmanlar ve sivil toplum kurulu\u015flar\u0131 yetkilileri uyarm\u0131\u015ft\u0131.\u00a0<\/p>\n<p>OLUMSUZ ETK\u0130LERE NEDEN OLAB\u0130L\u0130R<\/p>\n<p>\u00c7ocuk Ergen Psikiyatrisi Uzman\u0131 Dr. \u00d6zg\u00fcr \u00d6nen, \u201cOyunca\u011f\u0131n kullan\u0131m \u015fekli de \u00f6nemlidir. Sald\u0131rgan, di\u011fer insanlara zarar veren, onlar\u0131 hedef alan oyuncak kullan\u0131m\u0131 daha tehlikelidir. Oyuncak silahlarla oynayan \u00e7ocuklara ger\u00e7ek silahlar\u0131n olu\u015fturdu\u011fu tehlikeler anlat\u0131lmal\u0131d\u0131r. Ger\u00e7ek silahlara ula\u015fman\u0131n kolay oldu\u011fu ve \u015fiddetin normalle\u015ftirildi\u011fi ortamlarda oyuncak silahlar\u0131n olumsuz etkileri daha y\u00fcksek olabilmektedir. \u00a0Bireysel a\u00e7\u0131dan zaten sald\u0131rgan olan \u00e7ocuklarda da bu oyuncaklar daha olumsuz etkilere neden olabilir. Fiziksel olarak ger\u00e7ekten zarar verebilecek oyuncaklar\u0131n kullan\u0131m\u0131 ise \u00e7ok daha yak\u0131ndan takip edilmeli.\u201d a\u00e7\u0131klamas\u0131nda bulunmu\u015ftu.\u00a0<\/p>\n<p>A\u0130LELERE UZAK DURUN \u00c7A\u011eRISI<\/p>\n<p>Antalya Velider Ba\u015fkan\u0131 T\u00fclin Ko\u00e7, bu oyuncaklar\u0131n \u00e7ocuklar \u00fczerindeki uzun vadeli etkilerine dikkat \u00e7ekti. T\u00fclin Ko\u00e7, \u201cSon d\u00f6nemde artan \u015fiddet olaylar\u0131, \u00e7ocuklar\u0131m\u0131z\u0131n ne t\u00fcr oyuncaklarla b\u00fcy\u00fcd\u00fc\u011f\u00fcn\u00fcn ne kadar \u00f6nemli oldu\u011funu g\u00f6steriyor. Kelebek b\u0131\u00e7aklar, \u00e7ocuklar aras\u0131nda bir oyun gibi g\u00f6r\u00fcnse de ilerleyen ya\u015flarda \u015fiddet e\u011filimini art\u0131rabilecek bir al\u0131\u015fkanl\u0131k kazand\u0131r\u0131yor. Ailelerin bu konuda daha bilin\u00e7li olmas\u0131 gerekiyor. \u00c7ocuklar\u0131n ellerine oyuncak ad\u0131 alt\u0131nda bu t\u00fcr tehlikeli aletlerin verilmesi, masum bir oyun olarak g\u00f6r\u00fclemez\u201d dedi. \u00a0Ko\u00e7, ailelerin \u00e7ocuklar\u0131n\u0131 bu t\u00fcr oyuncaklardan uzak tutmas\u0131 gerekti\u011fini ve okullarda bu konuda bilin\u00e7lendirme \u00e7al\u0131\u015fmalar\u0131 yap\u0131lmas\u0131 gerekti\u011fini belirtti.\u00a0<\/p>\n<p>BU KADAR RAHAT SATILMAMALI<\/p>\n<p>T\u00fcketiciler Birli\u011fi Antalya \u015eube Ba\u015fkan\u0131 Ne\u015fet G\u00fcnd\u00fcz ise bu t\u00fcr oyuncaklar\u0131n sat\u0131\u015f\u0131na y\u00f6nelik daha s\u0131k\u0131 denetimler yap\u0131lmas\u0131 gerekti\u011fini vurgulad\u0131. G\u00fcnd\u00fcz, \u201cOyuncak olarak sat\u0131lan kelebek b\u0131\u00e7aklar, \u00e7ocuklar\u0131n \u015fiddet i\u00e7erikli aletlere olan ilgisini art\u0131rabilir. \u00c7ocuklar, bu oyuncaklarla b\u0131\u00e7ak \u00e7evirme konusunda pratik yaparak ilerleyen ya\u015flarda ger\u00e7ek b\u0131\u00e7ak kullan\u0131m\u0131na daha yatk\u0131n hale gelebilir. \u0130nternette ve sokakta bu kadar rahat sat\u0131lmas\u0131 b\u00fcy\u00fck bir sorun. Yetkililerin bu t\u00fcr oyuncaklara y\u00f6nelik denetimlerini s\u0131kla\u015ft\u0131rmas\u0131 gerekiyor\u201d demi\u015fti.\u00a0<\/p>\n<p>VEL\u0130LER KANT\u0130NLER\u0130 \u0130\u015eARET ETT\u0130<\/p>\n<p>\u0130lk\u00f6\u011fretim ve ortaokul \u00f6\u011frencilerinin elinde s\u0131k\u00e7a g\u00f6r\u00fclmeye ba\u015flan\u0131lan oyuncak kelebek b\u0131\u00e7aklara y\u00f6nelik velilerin anlatt\u0131klar\u0131 t\u00fcyleri diken diken etti. Veliler buna benzer oyuncaklar\u0131n kantinlerde ve okullar\u0131n yak\u0131n\u0131ndaki marketlerde sat\u0131ld\u0131\u011f\u0131na dikkat \u00e7ekerek bir an \u00f6nce \u00f6nlem al\u0131nmas\u0131 y\u00f6n\u00fcnde \u00e7a\u011fr\u0131da bulundu.\u00a0<\/p>\n<p>YASAKLANSIN \u00c7A\u011eRISI<\/p>\n<p>Selma Tan\u0131r, o\u011flunun oyunca\u011f\u0131 istemesi kar\u015f\u0131s\u0131nda \u00e7aresiz kald\u0131\u011f\u0131n\u0131 ifade ederek, okul \u00e7\u0131k\u0131\u015f\u0131nda herkeste olmas\u0131ndan dolay\u0131 o\u011flunun da istedi\u011fini belirtti. Can \u0130brahim ise Ticaret ve G\u00fcmr\u00fck Bakanl\u0131\u011f\u0131na b\u00fcy\u00fck bir sorumluluk d\u00fc\u015ft\u00fc\u011f\u00fcn\u00fc yazarak, buna benzer oyuncaklar\u0131n yasaklanmas\u0131n\u0131 istedi. T\u00fclin Y\u0131ld\u0131z G\u00fcr, \u201cBuna benzer oyuncaklar\u0131n sat\u0131\u015f\u0131n\u0131 yapanlara y\u00f6nelik ceza verilmelidir. Biz art\u0131k \u00e7ocuklar\u0131m\u0131z\u0131 hangi konuda uyaraca\u011f\u0131m\u0131za \u015fa\u015f\u0131rd\u0131k. Kantinlerde amac\u0131 d\u0131\u015f\u0131nda \u00fcr\u00fcn sat\u0131\u015f\u0131 ivedilikle sat\u0131lmal\u0131d\u0131r\u201d dedi.\u00a0<\/p>\n<p>T\u00dcYLER\u0130 D\u0130KEN D\u0130KEN ETT\u0130<\/p>\n<p>Dilan Can\u2019\u0131 anlatt\u0131klar\u0131 ise t\u00fcyleri diken diken etti: \u201cEvet hem de okullar\u0131n kar\u015f\u0131s\u0131ndaki market ve k\u0131rtasiyelerde sat\u0131l\u0131yor. Benim o\u011flum da arkada\u015flar\u0131ndan g\u00f6r\u00fcp istedi. Almad\u0131m \u00f6\u011fretmenimiz de yasaklad\u0131, oyuncak ad\u0131 alt\u0131nda \u00e7ocuklar\u0131 \u015fiddete \u00f6zendiriliyor.\u201d Ahmet \u00c7elikel, \u201cAyn\u0131s\u0131ndan bizim o\u011flan mahalle bakkal\u0131ndan alm\u0131\u015f, annesi elinden ald\u0131 ve \u00e7ok k\u0131zd\u0131, direk \u00e7\u00f6pe att\u0131. Bu mahalle bakkallar\u0131ndan \u00e7\u0131k\u0131yor bunlar hep, daha \u00e7ok \u00e7e\u015fit var, nas\u0131l ba\u015fa \u00e7\u0131kaca\u011f\u0131z bilmiyorum\u201d diyerek \u00e7aresizli\u011fini anlatt\u0131.\u00a0<\/p>\n<p>OKUL KANT\u0130N\u0130NDEN T\u0130KS\u0130ND\u0130M<\/p>\n<p>Bahar Ba\u015fbu\u011f, \u201cBunu alan \u00e7ocuklara de\u011fil \u00fcretip satana tepki g\u00f6sterilsin. B\u00f6yle \u015feyleri g\u00f6rmezlerse almazlar. 3 kuru\u015f kazanmak i\u00e7in sa\u00e7ma sapan \u015feyleri k\u0131rtasiye ve kantinlerde sat\u0131yorlar. Kimler \u00fcretiyorsa ceza yaz\u0131ls\u0131n.\u201d dedi. An\u0131l Ko\u00e7ak, \u201c\u00d6nce sat\u0131\u015f\u0131n\u0131n yasaklanmas\u0131 gerekir. Okul kantininden tiksindim her \u015fey var; boyal\u0131 g\u0131da, boyal\u0131 \u015feker, sak\u0131z, niye izin veriliyor? Kime neye derdimizi anlataca\u011f\u0131z\u201d dedi.\u00a0<\/p>\n<p>OKULDA HERKESTE G\u00d6R\u00dcYORUM<\/p>\n<p>Song\u00fcl, \u201cBunu satanlar ve \u00fcretenler i\u00e7in bu haber bir ihbar niteli\u011fi ta\u015f\u0131s\u0131n. T\u00fcrkiye\u2019de hi\u00e7bir yerde sat\u0131lmas\u0131n.\u201d Mehtap Demirkap\u0131, \u201cBunu \u00fcretirken ne diyerek \u00fcretiyorsunuz. Bir de oyuncak diye \u00fcretim yap\u0131yorsunuz. Yaz\u0131k ger\u00e7ekten\u201d s\u00f6zlerine yer verdi. Fatih Mehmet Nur, \u201c\u0130ki ay \u00f6nce bir market devir ald\u0131m. \u0130lk i\u015fim bu ve buna benzer oyuncaklar\u0131 \u00e7\u00f6pe atmak oldu. Sebile Koca, \u201cEvet okulda herkeste g\u00f6r\u00fcyorum.\u201d Nuri Hayri \u00c7elik, \u201cBen okulda \u00e7ok say\u0131da \u00f6\u011frenciden toplad\u0131m.\u201d Ay\u015fe \u00c7ak\u0131r, \u201cHer yede sat\u0131l\u0131yor. Tehlikeli ise sat\u0131lmas\u0131n.&#8221;<\/p>\n<p>\u200bAntalya\u2019da bir s\u00fcre \u00f6nce K\u00f6rfez Gazetesi&#8217;nin g\u00fcndeme getirdi\u011fi ilk\u00f6\u011fretim ve ortaokul \u00f6\u011frencilerinin elinde s\u0131k\u00e7a g\u00f6r\u00fclmeye ba\u015flan\u0131lan oyuncak kelebek b\u0131\u00e7aklara y\u00f6nelik velilerin anlatt\u0131klar\u0131 t\u00fcyleri diken diken etti.\u00a0<\/p>\n<p>\u200bHaberin Al\u0131nt\u0131land\u0131\u011f\u0131 Kaynak: www.antalyakorfez.com<\/p>","protected":false},"excerpt":{"rendered":"<p>Oyuncak silahlar, k\u0131l\u0131\u00e7lar ve t\u00fcfeklerden sonra, \u015fimdi de kelebek b\u0131\u00e7aklar\u0131n\u0131n \u00e7ocuklar aras\u0131nda yayg\u0131nla\u015fmas\u0131 velileri endi\u015feye yol a\u00e7t\u0131. Antalya\u2019da \u00e7ocuklar aras\u0131nda h\u0131zla yay\u0131lan ve tehlikeli bir e\u011flence arac\u0131 haline gelen bu oyuncak kelebek b\u0131\u00e7aklar hem aileleri hem de uzmanlar\u0131 kayg\u0131land\u0131rd\u0131. Antalya K\u00f6rfez Gazetesi muhabiri Ertu\u011frul G\u00fcn&#8217;\u00fcn\u00a0\u201c\u00d6l\u00fcmc\u00fcl kelebek\u201d man\u015feti ile g\u00fcndeme getirdi\u011fi ilk\u00f6\u011fretim ve ortaokul \u00f6\u011frencilerinin elinde s\u0131k\u00e7a g\u00f6r\u00fclmeye ba\u015flan\u0131lan oyuncak kelebek b\u0131\u00e7aklara y\u00f6nelik velilerin anlatt\u0131klar\u0131 t\u00fcyleri diken diken etti. Veliler buna benzer oyuncaklar\u0131n kantinlerde ve okullar\u0131n yak\u0131n\u0131ndaki marketlerde sat\u0131ld\u0131\u011f\u0131na dikkat \u00e7ekerek bir an \u00f6nce \u00f6nlem al\u0131nmas\u0131 y\u00f6n\u00fcnde \u00e7a\u011fr\u0131da bulundu.\u00a0 \u0130NTERNETTE 50, SOKAKTA 10 TL Antalya\u2019da son zamanlarda \u00e7ocuklar\u0131n \u201coyuncak\u201d ad\u0131 alt\u0131nda edindi\u011fi baz\u0131 \u00fcr\u00fcnlerin, asl\u0131nda \u015fiddet ve su\u00e7 aletlerine olan ilgiyi art\u0131rd\u0131\u011f\u0131 d\u00fc\u015f\u00fcn\u00fcl\u00fcyor. Oyuncak silahlar, k\u0131l\u0131\u00e7lar ve t\u00fcfeklerden sonra, \u015fimdi de kelebek b\u0131\u00e7aklar\u0131n\u0131n \u00e7ocuklar aras\u0131nda yayg\u0131nla\u015fmas\u0131 velileri endi\u015feye s\u00fcr\u00fckledi. \u00d6zellikle ilk\u00f6\u011fretim ve orta\u00f6\u011fretim \u00e7a\u011f\u0131ndaki \u00e7ocuklar aras\u0131nda pop\u00fcler hale gelen bu oyuncak, b\u0131\u00e7ak \u00e7evirme yetene\u011fini geli\u015ftirmek i\u00e7in kullan\u0131ld\u0131\u011f\u0131 ileri s\u00fcr\u00fcld\u00fc. \u00d6zellikle okul bah\u00e7elerinde ve sosyal medya platformlar\u0131nda bu oyuncaklar\u0131n kullan\u0131m\u0131yla ilgili videolar\u0131n yayg\u0131nla\u015fmas\u0131, kelebek b\u0131\u00e7aklara olan ilgiyi artt\u0131rd\u0131. \u0130nternette 50 TL sokakta ise 10 TL\u2019ye kadar d\u00fc\u015fen fiyatlarla sat\u0131lan bu oyuncaklar\u0131n, \u00e7ocuklar\u0131 \u015fiddete te\u015fvik etti\u011fi endi\u015fesiyle uzmanlar ve sivil toplum kurulu\u015flar\u0131 yetkilileri uyarm\u0131\u015ft\u0131.\u00a0 OLUMSUZ ETK\u0130LERE NEDEN OLAB\u0130L\u0130R \u00c7ocuk Ergen Psikiyatrisi Uzman\u0131 Dr. &hellip;<\/p>","protected":false},"author":5,"featured_media":0,"comment_status":"","ping_status":"open","sticky":false,"template":"","format":"standard","meta":{"_acf_changed":false,"footnotes":""},"categories":[24],"tags":[],"class_list":["post-36609","post","type-post","status-publish","format-standard","has-post-thumbnail","hentry","category-gundem"],"acf":[],"yoast_head":"<!-- This site is optimized with the Yoast SEO Premium plugin v26.6 (Yoast SEO v27.1.1) - https:\/\/yoast.com\/product\/yoast-seo-premium-wordpress\/ -->\n<title>Antalya\u2019da \u00f6l\u00fcmc\u00fcl kelebek korkusu: Velilerin anlatt\u0131klar\u0131 t\u00fcyleri diken diken etti - Av. Deniz Can K\u0131z\u0131l<\/title>\n<meta name=\"robots\" content=\"index, follow, max-snippet:-1, max-image-preview:large, max-video-preview:-1\" \/>\n<link rel=\"canonical\" href=\"https:\/\/denizcankizil.tr\/uk\/haberler\/gundem\/antalyada-olumcul-kelebek-korkusu-velilerin-anlattiklari-tuyleri-diken-diken-etti\/\" \/>\n<meta property=\"og:locale\" content=\"uk_UA\" \/>\n<meta property=\"og:type\" content=\"article\" \/>\n<meta property=\"og:title\" content=\"Antalya\u2019da \u00f6l\u00fcmc\u00fcl kelebek korkusu: Velilerin anlatt\u0131klar\u0131 t\u00fcyleri diken diken etti\" \/>\n<meta property=\"og:description\" content=\"Oyuncak silahlar, k\u0131l\u0131\u00e7lar ve t\u00fcfeklerden sonra, \u015fimdi de kelebek b\u0131\u00e7aklar\u0131n\u0131n \u00e7ocuklar aras\u0131nda yayg\u0131nla\u015fmas\u0131 velileri endi\u015feye yol a\u00e7t\u0131. Antalya\u2019da \u00e7ocuklar aras\u0131nda h\u0131zla yay\u0131lan ve tehlikeli bir e\u011flence arac\u0131 haline gelen bu oyuncak kelebek b\u0131\u00e7aklar hem aileleri hem de uzmanlar\u0131 kayg\u0131land\u0131rd\u0131. Antalya K\u00f6rfez Gazetesi muhabiri Ertu\u011frul G\u00fcn&#8217;\u00fcn\u00a0\u201c\u00d6l\u00fcmc\u00fcl kelebek\u201d man\u015feti ile g\u00fcndeme getirdi\u011fi ilk\u00f6\u011fretim ve ortaokul \u00f6\u011frencilerinin elinde s\u0131k\u00e7a g\u00f6r\u00fclmeye ba\u015flan\u0131lan oyuncak kelebek b\u0131\u00e7aklara y\u00f6nelik velilerin anlatt\u0131klar\u0131 t\u00fcyleri diken diken etti. Veliler buna benzer oyuncaklar\u0131n kantinlerde ve okullar\u0131n yak\u0131n\u0131ndaki marketlerde sat\u0131ld\u0131\u011f\u0131na dikkat \u00e7ekerek bir an \u00f6nce \u00f6nlem al\u0131nmas\u0131 y\u00f6n\u00fcnde \u00e7a\u011fr\u0131da bulundu.\u00a0 \u0130NTERNETTE 50, SOKAKTA 10 TL Antalya\u2019da son zamanlarda \u00e7ocuklar\u0131n \u201coyuncak\u201d ad\u0131 alt\u0131nda edindi\u011fi baz\u0131 \u00fcr\u00fcnlerin, asl\u0131nda \u015fiddet ve su\u00e7 aletlerine olan ilgiyi art\u0131rd\u0131\u011f\u0131 d\u00fc\u015f\u00fcn\u00fcl\u00fcyor. Oyuncak silahlar, k\u0131l\u0131\u00e7lar ve t\u00fcfeklerden sonra, \u015fimdi de kelebek b\u0131\u00e7aklar\u0131n\u0131n \u00e7ocuklar aras\u0131nda yayg\u0131nla\u015fmas\u0131 velileri endi\u015feye s\u00fcr\u00fckledi. \u00d6zellikle ilk\u00f6\u011fretim ve orta\u00f6\u011fretim \u00e7a\u011f\u0131ndaki \u00e7ocuklar aras\u0131nda pop\u00fcler hale gelen bu oyuncak, b\u0131\u00e7ak \u00e7evirme yetene\u011fini geli\u015ftirmek i\u00e7in kullan\u0131ld\u0131\u011f\u0131 ileri s\u00fcr\u00fcld\u00fc. \u00d6zellikle okul bah\u00e7elerinde ve sosyal medya platformlar\u0131nda bu oyuncaklar\u0131n kullan\u0131m\u0131yla ilgili videolar\u0131n yayg\u0131nla\u015fmas\u0131, kelebek b\u0131\u00e7aklara olan ilgiyi artt\u0131rd\u0131. \u0130nternette 50 TL sokakta ise 10 TL\u2019ye kadar d\u00fc\u015fen fiyatlarla sat\u0131lan bu oyuncaklar\u0131n, \u00e7ocuklar\u0131 \u015fiddete te\u015fvik etti\u011fi endi\u015fesiyle uzmanlar ve sivil toplum kurulu\u015flar\u0131 yetkilileri uyarm\u0131\u015ft\u0131.\u00a0 OLUMSUZ ETK\u0130LERE NEDEN OLAB\u0130L\u0130R \u00c7ocuk Ergen Psikiyatrisi Uzman\u0131 Dr. &hellip;\" \/>\n<meta property=\"og:url\" content=\"https:\/\/denizcankizil.tr\/uk\/haberler\/gundem\/antalyada-olumcul-kelebek-korkusu-velilerin-anlattiklari-tuyleri-diken-diken-etti\/\" \/>\n<meta property=\"og:site_name\" content=\"Av. Deniz Can K\u0131z\u0131l\" \/>\n<meta property=\"article:published_time\" content=\"2025-03-23T06:41:17+00:00\" \/>\n<meta name=\"author\" content=\"Antalya K\u00f6rfez\" \/>\n<meta name=\"twitter:card\" content=\"summary_large_image\" \/>\n<meta name=\"twitter:label1\" content=\"\u041d\u0430\u043f\u0438\u0441\u0430\u043d\u043e\" \/>\n\t<meta name=\"twitter:data1\" content=\"Antalya K\u00f6rfez\" \/>\n\t<meta name=\"twitter:label2\" content=\"\u041f\u0440\u0438\u0431\u043b. \u0447\u0430\u0441 \u0447\u0438\u0442\u0430\u043d\u043d\u044f\" \/>\n\t<meta name=\"twitter:data2\" content=\"6 \u0445\u0432\u0438\u043b\u0438\u043d\" \/>\n<script type=\"application\/ld+json\" class=\"yoast-schema-graph\">{\"@context\":\"https:\/\/schema.org\",\"@graph\":[{\"@type\":\"Article\",\"@id\":\"https:\/\/denizcankizil.tr\/de\/haberler\/gundem\/antalyada-olumcul-kelebek-korkusu-velilerin-anlattiklari-tuyleri-diken-diken-etti\/#article\",\"isPartOf\":{\"@id\":\"https:\/\/denizcankizil.tr\/de\/haberler\/gundem\/antalyada-olumcul-kelebek-korkusu-velilerin-anlattiklari-tuyleri-diken-diken-etti\/\"},\"author\":{\"name\":\"Antalya K\u00f6rfez\",\"@id\":\"https:\/\/denizcankizil.tr\/de\/#\/schema\/person\/e1eb71bb4dd684d46563f0af307e1234\"},\"headline\":\"Antalya\u2019da \u00f6l\u00fcmc\u00fcl kelebek korkusu: Velilerin anlatt\u0131klar\u0131 t\u00fcyleri diken diken etti\",\"datePublished\":\"2025-03-23T06:41:17+00:00\",\"mainEntityOfPage\":{\"@id\":\"https:\/\/denizcankizil.tr\/de\/haberler\/gundem\/antalyada-olumcul-kelebek-korkusu-velilerin-anlattiklari-tuyleri-diken-diken-etti\/\"},\"wordCount\":1171,\"publisher\":{\"@id\":\"https:\/\/denizcankizil.tr\/de\/#organization\"},\"articleSection\":[\"G\u00fcndem\"],\"inLanguage\":\"uk\"},{\"@type\":\"WebPage\",\"@id\":\"https:\/\/denizcankizil.tr\/de\/haberler\/gundem\/antalyada-olumcul-kelebek-korkusu-velilerin-anlattiklari-tuyleri-diken-diken-etti\/\",\"url\":\"https:\/\/denizcankizil.tr\/de\/haberler\/gundem\/antalyada-olumcul-kelebek-korkusu-velilerin-anlattiklari-tuyleri-diken-diken-etti\/\",\"name\":\"Antalya\u2019da \u00f6l\u00fcmc\u00fcl kelebek korkusu: Velilerin anlatt\u0131klar\u0131 t\u00fcyleri diken diken etti - Av. Deniz Can K\u0131z\u0131l\",\"isPartOf\":{\"@id\":\"https:\/\/denizcankizil.tr\/de\/#website\"},\"datePublished\":\"2025-03-23T06:41:17+00:00\",\"breadcrumb\":{\"@id\":\"https:\/\/denizcankizil.tr\/de\/haberler\/gundem\/antalyada-olumcul-kelebek-korkusu-velilerin-anlattiklari-tuyleri-diken-diken-etti\/#breadcrumb\"},\"inLanguage\":\"uk\",\"potentialAction\":[{\"@type\":\"ReadAction\",\"target\":[\"https:\/\/denizcankizil.tr\/de\/haberler\/gundem\/antalyada-olumcul-kelebek-korkusu-velilerin-anlattiklari-tuyleri-diken-diken-etti\/\"]}]},{\"@type\":\"BreadcrumbList\",\"@id\":\"https:\/\/denizcankizil.tr\/de\/haberler\/gundem\/antalyada-olumcul-kelebek-korkusu-velilerin-anlattiklari-tuyleri-diken-diken-etti\/#breadcrumb\",\"itemListElement\":[{\"@type\":\"ListItem\",\"position\":1,\"name\":\"Home\",\"item\":\"https:\/\/denizcankizil.tr\/de\/\"},{\"@type\":\"ListItem\",\"position\":2,\"name\":\"Antalya\u2019da \u00f6l\u00fcmc\u00fcl kelebek korkusu: Velilerin anlatt\u0131klar\u0131 t\u00fcyleri diken diken etti\"}]},{\"@type\":\"WebSite\",\"@id\":\"https:\/\/denizcankizil.tr\/de\/#website\",\"url\":\"https:\/\/denizcankizil.tr\/de\/\",\"name\":\"Av. Deniz Can K\u0131z\u0131l\",\"description\":\"Avukat Deniz Can K\u0131z\u0131l Antalya Barosu\",\"publisher\":{\"@id\":\"https:\/\/denizcankizil.tr\/de\/#organization\"},\"potentialAction\":[{\"@type\":\"SearchAction\",\"target\":{\"@type\":\"EntryPoint\",\"urlTemplate\":\"https:\/\/denizcankizil.tr\/de\/?s={search_term_string}\"},\"query-input\":{\"@type\":\"PropertyValueSpecification\",\"valueRequired\":true,\"valueName\":\"search_term_string\"}}],\"inLanguage\":\"uk\"},{\"@type\":\"Organization\",\"@id\":\"https:\/\/denizcankizil.tr\/de\/#organization\",\"name\":\"Av. Deniz Can K\u0131z\u0131l\",\"url\":\"https:\/\/denizcankizil.tr\/de\/\",\"logo\":{\"@type\":\"ImageObject\",\"inLanguage\":\"uk\",\"@id\":\"https:\/\/denizcankizil.tr\/de\/#\/schema\/logo\/image\/\",\"url\":\"https:\/\/denizcankizil.tr\/wp-content\/uploads\/2024\/10\/siyah-logo-svg.svg\",\"contentUrl\":\"https:\/\/denizcankizil.tr\/wp-content\/uploads\/2024\/10\/siyah-logo-svg.svg\",\"width\":1080,\"height\":1080,\"caption\":\"Av. Deniz Can K\u0131z\u0131l\"},\"image\":{\"@id\":\"https:\/\/denizcankizil.tr\/de\/#\/schema\/logo\/image\/\"}},{\"@type\":\"Person\",\"@id\":\"https:\/\/denizcankizil.tr\/de\/#\/schema\/person\/e1eb71bb4dd684d46563f0af307e1234\",\"name\":\"Antalya K\u00f6rfez\",\"image\":{\"@type\":\"ImageObject\",\"inLanguage\":\"uk\",\"@id\":\"https:\/\/denizcankizil.tr\/de\/#\/schema\/person\/image\/\",\"url\":\"https:\/\/secure.gravatar.com\/avatar\/42b01982558a48a0b501fdcab6a408d3717ea5919095ee2e67b0e521799c5905?s=96&d=mm&r=g\",\"contentUrl\":\"https:\/\/secure.gravatar.com\/avatar\/42b01982558a48a0b501fdcab6a408d3717ea5919095ee2e67b0e521799c5905?s=96&d=mm&r=g\",\"caption\":\"Antalya K\u00f6rfez\"},\"sameAs\":[\"http:\/\/www.antalyakorfez.com\"],\"url\":\"https:\/\/www.antalyakorfez.com\/antalyada-olumcul-kelebek-korkusu-velilerin-anlattiklari-tuyleri-diken-diken-etti\"}]}<\/script>\n<!-- \/ Yoast SEO Premium plugin. -->","yoast_head_json":{"title":"Antalya\u2019da \u00f6l\u00fcmc\u00fcl kelebek korkusu: Velilerin anlatt\u0131klar\u0131 t\u00fcyleri diken diken etti - Av. Deniz Can K\u0131z\u0131l","robots":{"index":"index","follow":"follow","max-snippet":"max-snippet:-1","max-image-preview":"max-image-preview:large","max-video-preview":"max-video-preview:-1"},"canonical":"https:\/\/denizcankizil.tr\/uk\/haberler\/gundem\/antalyada-olumcul-kelebek-korkusu-velilerin-anlattiklari-tuyleri-diken-diken-etti\/","og_locale":"uk_UA","og_type":"article","og_title":"Antalya\u2019da \u00f6l\u00fcmc\u00fcl kelebek korkusu: Velilerin anlatt\u0131klar\u0131 t\u00fcyleri diken diken etti","og_description":"Oyuncak silahlar, k\u0131l\u0131\u00e7lar ve t\u00fcfeklerden sonra, \u015fimdi de kelebek b\u0131\u00e7aklar\u0131n\u0131n \u00e7ocuklar aras\u0131nda yayg\u0131nla\u015fmas\u0131 velileri endi\u015feye yol a\u00e7t\u0131. Antalya\u2019da \u00e7ocuklar aras\u0131nda h\u0131zla yay\u0131lan ve tehlikeli bir e\u011flence arac\u0131 haline gelen bu oyuncak kelebek b\u0131\u00e7aklar hem aileleri hem de uzmanlar\u0131 kayg\u0131land\u0131rd\u0131. Antalya K\u00f6rfez Gazetesi muhabiri Ertu\u011frul G\u00fcn&#8217;\u00fcn\u00a0\u201c\u00d6l\u00fcmc\u00fcl kelebek\u201d man\u015feti ile g\u00fcndeme getirdi\u011fi ilk\u00f6\u011fretim ve ortaokul \u00f6\u011frencilerinin elinde s\u0131k\u00e7a g\u00f6r\u00fclmeye ba\u015flan\u0131lan oyuncak kelebek b\u0131\u00e7aklara y\u00f6nelik velilerin anlatt\u0131klar\u0131 t\u00fcyleri diken diken etti. Veliler buna benzer oyuncaklar\u0131n kantinlerde ve okullar\u0131n yak\u0131n\u0131ndaki marketlerde sat\u0131ld\u0131\u011f\u0131na dikkat \u00e7ekerek bir an \u00f6nce \u00f6nlem al\u0131nmas\u0131 y\u00f6n\u00fcnde \u00e7a\u011fr\u0131da bulundu.\u00a0 \u0130NTERNETTE 50, SOKAKTA 10 TL Antalya\u2019da son zamanlarda \u00e7ocuklar\u0131n \u201coyuncak\u201d ad\u0131 alt\u0131nda edindi\u011fi baz\u0131 \u00fcr\u00fcnlerin, asl\u0131nda \u015fiddet ve su\u00e7 aletlerine olan ilgiyi art\u0131rd\u0131\u011f\u0131 d\u00fc\u015f\u00fcn\u00fcl\u00fcyor. Oyuncak silahlar, k\u0131l\u0131\u00e7lar ve t\u00fcfeklerden sonra, \u015fimdi de kelebek b\u0131\u00e7aklar\u0131n\u0131n \u00e7ocuklar aras\u0131nda yayg\u0131nla\u015fmas\u0131 velileri endi\u015feye s\u00fcr\u00fckledi. \u00d6zellikle ilk\u00f6\u011fretim ve orta\u00f6\u011fretim \u00e7a\u011f\u0131ndaki \u00e7ocuklar aras\u0131nda pop\u00fcler hale gelen bu oyuncak, b\u0131\u00e7ak \u00e7evirme yetene\u011fini geli\u015ftirmek i\u00e7in kullan\u0131ld\u0131\u011f\u0131 ileri s\u00fcr\u00fcld\u00fc. \u00d6zellikle okul bah\u00e7elerinde ve sosyal medya platformlar\u0131nda bu oyuncaklar\u0131n kullan\u0131m\u0131yla ilgili videolar\u0131n yayg\u0131nla\u015fmas\u0131, kelebek b\u0131\u00e7aklara olan ilgiyi artt\u0131rd\u0131. \u0130nternette 50 TL sokakta ise 10 TL\u2019ye kadar d\u00fc\u015fen fiyatlarla sat\u0131lan bu oyuncaklar\u0131n, \u00e7ocuklar\u0131 \u015fiddete te\u015fvik etti\u011fi endi\u015fesiyle uzmanlar ve sivil toplum kurulu\u015flar\u0131 yetkilileri uyarm\u0131\u015ft\u0131.\u00a0 OLUMSUZ ETK\u0130LERE NEDEN OLAB\u0130L\u0130R \u00c7ocuk Ergen Psikiyatrisi Uzman\u0131 Dr. &hellip;","og_url":"https:\/\/denizcankizil.tr\/uk\/haberler\/gundem\/antalyada-olumcul-kelebek-korkusu-velilerin-anlattiklari-tuyleri-diken-diken-etti\/","og_site_name":"Av. Deniz Can K\u0131z\u0131l","article_published_time":"2025-03-23T06:41:17+00:00","author":"Antalya K\u00f6rfez","twitter_card":"summary_large_image","twitter_misc":{"\u041d\u0430\u043f\u0438\u0441\u0430\u043d\u043e":"Antalya K\u00f6rfez","\u041f\u0440\u0438\u0431\u043b. \u0447\u0430\u0441 \u0447\u0438\u0442\u0430\u043d\u043d\u044f":"6 \u0445\u0432\u0438\u043b\u0438\u043d"},"schema":{"@context":"https:\/\/schema.org","@graph":[{"@type":"Article","@id":"https:\/\/denizcankizil.tr\/de\/haberler\/gundem\/antalyada-olumcul-kelebek-korkusu-velilerin-anlattiklari-tuyleri-diken-diken-etti\/#article","isPartOf":{"@id":"https:\/\/denizcankizil.tr\/de\/haberler\/gundem\/antalyada-olumcul-kelebek-korkusu-velilerin-anlattiklari-tuyleri-diken-diken-etti\/"},"author":{"name":"Antalya K\u00f6rfez","@id":"https:\/\/denizcankizil.tr\/de\/#\/schema\/person\/e1eb71bb4dd684d46563f0af307e1234"},"headline":"Antalya\u2019da \u00f6l\u00fcmc\u00fcl kelebek korkusu: Velilerin anlatt\u0131klar\u0131 t\u00fcyleri diken diken etti","datePublished":"2025-03-23T06:41:17+00:00","mainEntityOfPage":{"@id":"https:\/\/denizcankizil.tr\/de\/haberler\/gundem\/antalyada-olumcul-kelebek-korkusu-velilerin-anlattiklari-tuyleri-diken-diken-etti\/"},"wordCount":1171,"publisher":{"@id":"https:\/\/denizcankizil.tr\/de\/#organization"},"articleSection":["G\u00fcndem"],"inLanguage":"uk"},{"@type":"WebPage","@id":"https:\/\/denizcankizil.tr\/de\/haberler\/gundem\/antalyada-olumcul-kelebek-korkusu-velilerin-anlattiklari-tuyleri-diken-diken-etti\/","url":"https:\/\/denizcankizil.tr\/de\/haberler\/gundem\/antalyada-olumcul-kelebek-korkusu-velilerin-anlattiklari-tuyleri-diken-diken-etti\/","name":"Antalya\u2019da \u00f6l\u00fcmc\u00fcl kelebek korkusu: Velilerin anlatt\u0131klar\u0131 t\u00fcyleri diken diken etti - Av. Deniz Can K\u0131z\u0131l","isPartOf":{"@id":"https:\/\/denizcankizil.tr\/de\/#website"},"datePublished":"2025-03-23T06:41:17+00:00","breadcrumb":{"@id":"https:\/\/denizcankizil.tr\/de\/haberler\/gundem\/antalyada-olumcul-kelebek-korkusu-velilerin-anlattiklari-tuyleri-diken-diken-etti\/#breadcrumb"},"inLanguage":"uk","potentialAction":[{"@type":"ReadAction","target":["https:\/\/denizcankizil.tr\/de\/haberler\/gundem\/antalyada-olumcul-kelebek-korkusu-velilerin-anlattiklari-tuyleri-diken-diken-etti\/"]}]},{"@type":"BreadcrumbList","@id":"https:\/\/denizcankizil.tr\/de\/haberler\/gundem\/antalyada-olumcul-kelebek-korkusu-velilerin-anlattiklari-tuyleri-diken-diken-etti\/#breadcrumb","itemListElement":[{"@type":"ListItem","position":1,"name":"Home","item":"https:\/\/denizcankizil.tr\/de\/"},{"@type":"ListItem","position":2,"name":"Antalya\u2019da \u00f6l\u00fcmc\u00fcl kelebek korkusu: Velilerin anlatt\u0131klar\u0131 t\u00fcyleri diken diken etti"}]},{"@type":"WebSite","@id":"https:\/\/denizcankizil.tr\/de\/#website","url":"https:\/\/denizcankizil.tr\/de\/","name":"Av. Deniz Can K\u0131z\u0131l","description":"Avukat Deniz Can K\u0131z\u0131l Antalya Barosu","publisher":{"@id":"https:\/\/denizcankizil.tr\/de\/#organization"},"potentialAction":[{"@type":"SearchAction","target":{"@type":"EntryPoint","urlTemplate":"https:\/\/denizcankizil.tr\/de\/?s={search_term_string}"},"query-input":{"@type":"PropertyValueSpecification","valueRequired":true,"valueName":"search_term_string"}}],"inLanguage":"uk"},{"@type":"Organization","@id":"https:\/\/denizcankizil.tr\/de\/#organization","name":"Av. Deniz Can K\u0131z\u0131l","url":"https:\/\/denizcankizil.tr\/de\/","logo":{"@type":"ImageObject","inLanguage":"uk","@id":"https:\/\/denizcankizil.tr\/de\/#\/schema\/logo\/image\/","url":"https:\/\/denizcankizil.tr\/wp-content\/uploads\/2024\/10\/siyah-logo-svg.svg","contentUrl":"https:\/\/denizcankizil.tr\/wp-content\/uploads\/2024\/10\/siyah-logo-svg.svg","width":1080,"height":1080,"caption":"Av. Deniz Can K\u0131z\u0131l"},"image":{"@id":"https:\/\/denizcankizil.tr\/de\/#\/schema\/logo\/image\/"}},{"@type":"Person","@id":"https:\/\/denizcankizil.tr\/de\/#\/schema\/person\/e1eb71bb4dd684d46563f0af307e1234","name":"Antalya K\u00f6rfez","image":{"@type":"ImageObject","inLanguage":"uk","@id":"https:\/\/denizcankizil.tr\/de\/#\/schema\/person\/image\/","url":"https:\/\/secure.gravatar.com\/avatar\/42b01982558a48a0b501fdcab6a408d3717ea5919095ee2e67b0e521799c5905?s=96&d=mm&r=g","contentUrl":"https:\/\/secure.gravatar.com\/avatar\/42b01982558a48a0b501fdcab6a408d3717ea5919095ee2e67b0e521799c5905?s=96&d=mm&r=g","caption":"Antalya K\u00f6rfez"},"sameAs":["http:\/\/www.antalyakorfez.com"],"url":"https:\/\/www.antalyakorfez.com\/antalyada-olumcul-kelebek-korkusu-velilerin-anlattiklari-tuyleri-diken-diken-etti"}]}},"_links":{"self":[{"href":"https:\/\/denizcankizil.tr\/uk\/wp-json\/wp\/v2\/posts\/36609","targetHints":{"allow":["GET"]}}],"collection":[{"href":"https:\/\/denizcankizil.tr\/uk\/wp-json\/wp\/v2\/posts"}],"about":[{"href":"https:\/\/denizcankizil.tr\/uk\/wp-json\/wp\/v2\/types\/post"}],"author":[{"embeddable":true,"href":"https:\/\/denizcankizil.tr\/uk\/wp-json\/wp\/v2\/users\/5"}],"replies":[{"embeddable":true,"href":"https:\/\/denizcankizil.tr\/uk\/wp-json\/wp\/v2\/comments?post=36609"}],"version-history":[{"count":0,"href":"https:\/\/denizcankizil.tr\/uk\/wp-json\/wp\/v2\/posts\/36609\/revisions"}],"wp:attachment":[{"href":"https:\/\/denizcankizil.tr\/uk\/wp-json\/wp\/v2\/media?parent=36609"}],"wp:term":[{"taxonomy":"category","embeddable":true,"href":"https:\/\/denizcankizil.tr\/uk\/wp-json\/wp\/v2\/categories?post=36609"},{"taxonomy":"post_tag","embeddable":true,"href":"https:\/\/denizcankizil.tr\/uk\/wp-json\/wp\/v2\/tags?post=36609"}],"curies":[{"name":"wp","href":"https:\/\/api.w.org\/{rel}","templated":true}]}}