{"id":36473,"date":"2025-03-21T14:41:13","date_gmt":"2025-03-21T11:41:13","guid":{"rendered":"https:\/\/denizcankizil.tr\/uncategorized-tr\/ibb-baskani-ekrem-imamoglu-ifade-veriyor\/"},"modified":"2025-03-21T14:41:13","modified_gmt":"2025-03-21T11:41:13","slug":"ibb-baskani-ekrem-imamoglu-ifade-veriyor","status":"publish","type":"post","link":"https:\/\/denizcankizil.tr\/uk\/haberler\/gundem\/ibb-baskani-ekrem-imamoglu-ifade-veriyor\/","title":{"rendered":"\u0130BB Ba\u015fkan\u0131 Ekrem \u0130mamo\u011flu ifade veriyor"},"content":{"rendered":"<p>\u0130BB Ba\u015fkan\u0131 Ekrem \u0130mamo\u011flu&#8217;nun Vatan Emniyet&#8217;teki g\u00f6zalt\u0131 s\u00fcresinin \u00fc\u00e7\u00fcnc\u00fc g\u00fcn\u00fcnde ifade i\u015flemlerine ba\u015flan\u0131yor.\u00a0\u0130mamo\u011flu, g\u00f6zalt\u0131 s\u00fcresinin 56. saatinde ifade verece\u011fi kata \u00e7a\u011fr\u0131ld\u0131.\u00a0<\/p>\n<p>\u0130BB Ba\u015fkan\u0131 Ekrem \u0130mamo\u011flu, 19 Mart sabah\u0131 \u0130stanbul Cumhuriyet Ba\u015fsavc\u0131l\u0131\u011f\u0131&#8217;n\u0131n &#8220;yolsuzluk&#8221; ve &#8220;ter\u00f6r&#8221; su\u00e7lar\u0131ndan ba\u015flatt\u0131\u011f\u0131 iki ayr\u0131 soru\u015fturma kapsam\u0131nda g\u00f6zalt\u0131na al\u0131nm\u0131\u015ft\u0131.<\/p>\n<p>\u00dc\u00c7\u00dcNC\u00dc SORU\u015eTURMA &#8220;KRE\u015e&#8221;\u00a0<\/p>\n<p>\u0130mamo\u011flu bu sabah yapt\u0131\u011f\u0131 payla\u015f\u0131mda ise, &#8220;Kre\u015f a\u00e7t\u0131\u011f\u0131m i\u00e7in hakk\u0131mda soru\u015fturma a\u00e7\u0131lm\u0131\u015f&#8221; diyerek hakk\u0131nda a\u00e7\u0131lan 3. soru\u015fturmay\u0131 duyurmu\u015ftu.<\/p>\n<p>\u200bGe\u00e7ti\u011fimiz g\u00fcnlerde g\u00f6zalt\u0131na al\u0131nan \u0130stanbul B\u00fcy\u00fck\u015fehir Belediyesi Ekrem \u0130mamo\u011flu, Vatan Emniyet&#8217;te ifade veriyor\u00a0<\/p>\n<p>\u200bHaberin Al\u0131nt\u0131land\u0131\u011f\u0131 Kaynak: www.antalyakorfez.com<\/p>","protected":false},"excerpt":{"rendered":"<p>\u0130BB Ba\u015fkan\u0131 Ekrem \u0130mamo\u011flu&#8217;nun Vatan Emniyet&#8217;teki g\u00f6zalt\u0131 s\u00fcresinin \u00fc\u00e7\u00fcnc\u00fc g\u00fcn\u00fcnde ifade i\u015flemlerine ba\u015flan\u0131yor.\u00a0\u0130mamo\u011flu, g\u00f6zalt\u0131 s\u00fcresinin 56. saatinde ifade verece\u011fi kata \u00e7a\u011fr\u0131ld\u0131.\u00a0 \u0130BB Ba\u015fkan\u0131 Ekrem \u0130mamo\u011flu, 19 Mart sabah\u0131 \u0130stanbul Cumhuriyet Ba\u015fsavc\u0131l\u0131\u011f\u0131&#8217;n\u0131n &#8220;yolsuzluk&#8221; ve &#8220;ter\u00f6r&#8221; su\u00e7lar\u0131ndan ba\u015flatt\u0131\u011f\u0131 iki ayr\u0131 soru\u015fturma kapsam\u0131nda g\u00f6zalt\u0131na al\u0131nm\u0131\u015ft\u0131. \u00dc\u00c7\u00dcNC\u00dc SORU\u015eTURMA &#8220;KRE\u015e&#8221;\u00a0 \u0130mamo\u011flu bu sabah yapt\u0131\u011f\u0131 payla\u015f\u0131mda ise, &#8220;Kre\u015f a\u00e7t\u0131\u011f\u0131m i\u00e7in hakk\u0131mda soru\u015fturma a\u00e7\u0131lm\u0131\u015f&#8221; diyerek hakk\u0131nda a\u00e7\u0131lan 3. soru\u015fturmay\u0131 duyurmu\u015ftu. \u200bGe\u00e7ti\u011fimiz g\u00fcnlerde g\u00f6zalt\u0131na al\u0131nan \u0130stanbul B\u00fcy\u00fck\u015fehir Belediyesi Ekrem \u0130mamo\u011flu, Vatan Emniyet&#8217;te ifade veriyor\u00a0 \u200bHaberin Al\u0131nt\u0131land\u0131\u011f\u0131 Kaynak: www.antalyakorfez.com<\/p>","protected":false},"author":5,"featured_media":0,"comment_status":"","ping_status":"open","sticky":false,"template":"","format":"standard","meta":{"_acf_changed":false,"footnotes":""},"categories":[24],"tags":[],"class_list":["post-36473","post","type-post","status-publish","format-standard","has-post-thumbnail","hentry","category-gundem"],"acf":[],"yoast_head":"<!-- This site is optimized with the Yoast SEO Premium plugin v26.6 (Yoast SEO v27.1.1) - https:\/\/yoast.com\/product\/yoast-seo-premium-wordpress\/ -->\n<title>\u0130BB Ba\u015fkan\u0131 Ekrem \u0130mamo\u011flu ifade veriyor - Av. Deniz Can K\u0131z\u0131l<\/title>\n<meta name=\"robots\" content=\"index, follow, max-snippet:-1, max-image-preview:large, max-video-preview:-1\" \/>\n<link rel=\"canonical\" href=\"https:\/\/denizcankizil.tr\/uk\/haberler\/gundem\/ibb-baskani-ekrem-imamoglu-ifade-veriyor\/\" \/>\n<meta property=\"og:locale\" content=\"uk_UA\" \/>\n<meta property=\"og:type\" content=\"article\" \/>\n<meta property=\"og:title\" content=\"\u0130BB Ba\u015fkan\u0131 Ekrem \u0130mamo\u011flu ifade veriyor\" \/>\n<meta property=\"og:description\" content=\"\u0130BB Ba\u015fkan\u0131 Ekrem \u0130mamo\u011flu&#8217;nun Vatan Emniyet&#8217;teki g\u00f6zalt\u0131 s\u00fcresinin \u00fc\u00e7\u00fcnc\u00fc g\u00fcn\u00fcnde ifade i\u015flemlerine ba\u015flan\u0131yor.\u00a0\u0130mamo\u011flu, g\u00f6zalt\u0131 s\u00fcresinin 56. saatinde ifade verece\u011fi kata \u00e7a\u011fr\u0131ld\u0131.\u00a0 \u0130BB Ba\u015fkan\u0131 Ekrem \u0130mamo\u011flu, 19 Mart sabah\u0131 \u0130stanbul Cumhuriyet Ba\u015fsavc\u0131l\u0131\u011f\u0131&#8217;n\u0131n &#8220;yolsuzluk&#8221; ve &#8220;ter\u00f6r&#8221; su\u00e7lar\u0131ndan ba\u015flatt\u0131\u011f\u0131 iki ayr\u0131 soru\u015fturma kapsam\u0131nda g\u00f6zalt\u0131na al\u0131nm\u0131\u015ft\u0131. \u00dc\u00c7\u00dcNC\u00dc SORU\u015eTURMA &#8220;KRE\u015e&#8221;\u00a0 \u0130mamo\u011flu bu sabah yapt\u0131\u011f\u0131 payla\u015f\u0131mda ise, &#8220;Kre\u015f a\u00e7t\u0131\u011f\u0131m i\u00e7in hakk\u0131mda soru\u015fturma a\u00e7\u0131lm\u0131\u015f&#8221; diyerek hakk\u0131nda a\u00e7\u0131lan 3. soru\u015fturmay\u0131 duyurmu\u015ftu. \u200bGe\u00e7ti\u011fimiz g\u00fcnlerde g\u00f6zalt\u0131na al\u0131nan \u0130stanbul B\u00fcy\u00fck\u015fehir Belediyesi Ekrem \u0130mamo\u011flu, Vatan Emniyet&#8217;te ifade veriyor\u00a0 \u200bHaberin Al\u0131nt\u0131land\u0131\u011f\u0131 Kaynak: www.antalyakorfez.com\" \/>\n<meta property=\"og:url\" content=\"https:\/\/denizcankizil.tr\/uk\/haberler\/gundem\/ibb-baskani-ekrem-imamoglu-ifade-veriyor\/\" \/>\n<meta property=\"og:site_name\" content=\"Av. Deniz Can K\u0131z\u0131l\" \/>\n<meta property=\"article:published_time\" content=\"2025-03-21T11:41:13+00:00\" \/>\n<meta name=\"author\" content=\"Antalya K\u00f6rfez\" \/>\n<meta name=\"twitter:card\" content=\"summary_large_image\" \/>\n<meta name=\"twitter:label1\" content=\"\u041d\u0430\u043f\u0438\u0441\u0430\u043d\u043e\" \/>\n\t<meta name=\"twitter:data1\" content=\"Antalya K\u00f6rfez\" \/>\n\t<meta name=\"twitter:label2\" content=\"\u041f\u0440\u0438\u0431\u043b. \u0447\u0430\u0441 \u0447\u0438\u0442\u0430\u043d\u043d\u044f\" \/>\n\t<meta name=\"twitter:data2\" content=\"1 \u0445\u0432\u0438\u043b\u0438\u043d\u0430\" \/>\n<script type=\"application\/ld+json\" class=\"yoast-schema-graph\">{\"@context\":\"https:\/\/schema.org\",\"@graph\":[{\"@type\":\"Article\",\"@id\":\"https:\/\/denizcankizil.tr\/uk\/haberler\/gundem\/ibb-baskani-ekrem-imamoglu-ifade-veriyor\/#article\",\"isPartOf\":{\"@id\":\"https:\/\/denizcankizil.tr\/uk\/haberler\/gundem\/ibb-baskani-ekrem-imamoglu-ifade-veriyor\/\"},\"author\":{\"name\":\"Antalya K\u00f6rfez\",\"@id\":\"https:\/\/denizcankizil.tr\/#\/schema\/person\/e1eb71bb4dd684d46563f0af307e1234\"},\"headline\":\"\u0130BB Ba\u015fkan\u0131 Ekrem \u0130mamo\u011flu ifade veriyor\",\"datePublished\":\"2025-03-21T11:41:13+00:00\",\"mainEntityOfPage\":{\"@id\":\"https:\/\/denizcankizil.tr\/uk\/haberler\/gundem\/ibb-baskani-ekrem-imamoglu-ifade-veriyor\/\"},\"wordCount\":147,\"publisher\":{\"@id\":\"https:\/\/denizcankizil.tr\/#organization\"},\"articleSection\":[\"G\u00fcndem\"],\"inLanguage\":\"uk\"},{\"@type\":\"WebPage\",\"@id\":\"https:\/\/denizcankizil.tr\/uk\/haberler\/gundem\/ibb-baskani-ekrem-imamoglu-ifade-veriyor\/\",\"url\":\"https:\/\/denizcankizil.tr\/uk\/haberler\/gundem\/ibb-baskani-ekrem-imamoglu-ifade-veriyor\/\",\"name\":\"\u0130BB Ba\u015fkan\u0131 Ekrem \u0130mamo\u011flu ifade veriyor - Av. Deniz Can K\u0131z\u0131l\",\"isPartOf\":{\"@id\":\"https:\/\/denizcankizil.tr\/#website\"},\"datePublished\":\"2025-03-21T11:41:13+00:00\",\"breadcrumb\":{\"@id\":\"https:\/\/denizcankizil.tr\/uk\/haberler\/gundem\/ibb-baskani-ekrem-imamoglu-ifade-veriyor\/#breadcrumb\"},\"inLanguage\":\"uk\",\"potentialAction\":[{\"@type\":\"ReadAction\",\"target\":[\"https:\/\/denizcankizil.tr\/uk\/haberler\/gundem\/ibb-baskani-ekrem-imamoglu-ifade-veriyor\/\"]}]},{\"@type\":\"BreadcrumbList\",\"@id\":\"https:\/\/denizcankizil.tr\/uk\/haberler\/gundem\/ibb-baskani-ekrem-imamoglu-ifade-veriyor\/#breadcrumb\",\"itemListElement\":[{\"@type\":\"ListItem\",\"position\":1,\"name\":\"Home\",\"item\":\"https:\/\/denizcankizil.tr\/de\/\"},{\"@type\":\"ListItem\",\"position\":2,\"name\":\"\u0130BB Ba\u015fkan\u0131 Ekrem \u0130mamo\u011flu ifade veriyor\"}]},{\"@type\":\"WebSite\",\"@id\":\"https:\/\/denizcankizil.tr\/#website\",\"url\":\"https:\/\/denizcankizil.tr\/\",\"name\":\"Av. Deniz Can K\u0131z\u0131l\",\"description\":\"Avukat Deniz Can K\u0131z\u0131l Antalya Barosu\",\"publisher\":{\"@id\":\"https:\/\/denizcankizil.tr\/#organization\"},\"potentialAction\":[{\"@type\":\"SearchAction\",\"target\":{\"@type\":\"EntryPoint\",\"urlTemplate\":\"https:\/\/denizcankizil.tr\/?s={search_term_string}\"},\"query-input\":{\"@type\":\"PropertyValueSpecification\",\"valueRequired\":true,\"valueName\":\"search_term_string\"}}],\"inLanguage\":\"uk\"},{\"@type\":\"Organization\",\"@id\":\"https:\/\/denizcankizil.tr\/#organization\",\"name\":\"Av. Deniz Can K\u0131z\u0131l\",\"url\":\"https:\/\/denizcankizil.tr\/\",\"logo\":{\"@type\":\"ImageObject\",\"inLanguage\":\"uk\",\"@id\":\"https:\/\/denizcankizil.tr\/#\/schema\/logo\/image\/\",\"url\":\"https:\/\/denizcankizil.tr\/wp-content\/uploads\/2024\/10\/siyah-logo-svg.svg\",\"contentUrl\":\"https:\/\/denizcankizil.tr\/wp-content\/uploads\/2024\/10\/siyah-logo-svg.svg\",\"width\":1080,\"height\":1080,\"caption\":\"Av. Deniz Can K\u0131z\u0131l\"},\"image\":{\"@id\":\"https:\/\/denizcankizil.tr\/#\/schema\/logo\/image\/\"}},{\"@type\":\"Person\",\"@id\":\"https:\/\/denizcankizil.tr\/#\/schema\/person\/e1eb71bb4dd684d46563f0af307e1234\",\"name\":\"Antalya K\u00f6rfez\",\"image\":{\"@type\":\"ImageObject\",\"inLanguage\":\"uk\",\"@id\":\"https:\/\/denizcankizil.tr\/#\/schema\/person\/image\/\",\"url\":\"https:\/\/secure.gravatar.com\/avatar\/42b01982558a48a0b501fdcab6a408d3717ea5919095ee2e67b0e521799c5905?s=96&d=mm&r=g\",\"contentUrl\":\"https:\/\/secure.gravatar.com\/avatar\/42b01982558a48a0b501fdcab6a408d3717ea5919095ee2e67b0e521799c5905?s=96&d=mm&r=g\",\"caption\":\"Antalya K\u00f6rfez\"},\"sameAs\":[\"http:\/\/www.antalyakorfez.com\"],\"url\":\"https:\/\/www.antalyakorfez.com\/ibb-baskani-ekrem-imamoglu-ifade-veriyor\"}]}<\/script>\n<!-- \/ Yoast SEO Premium plugin. -->","yoast_head_json":{"title":"\u0130BB Ba\u015fkan\u0131 Ekrem \u0130mamo\u011flu ifade veriyor - Av. Deniz Can K\u0131z\u0131l","robots":{"index":"index","follow":"follow","max-snippet":"max-snippet:-1","max-image-preview":"max-image-preview:large","max-video-preview":"max-video-preview:-1"},"canonical":"https:\/\/denizcankizil.tr\/uk\/haberler\/gundem\/ibb-baskani-ekrem-imamoglu-ifade-veriyor\/","og_locale":"uk_UA","og_type":"article","og_title":"\u0130BB Ba\u015fkan\u0131 Ekrem \u0130mamo\u011flu ifade veriyor","og_description":"\u0130BB Ba\u015fkan\u0131 Ekrem \u0130mamo\u011flu&#8217;nun Vatan Emniyet&#8217;teki g\u00f6zalt\u0131 s\u00fcresinin \u00fc\u00e7\u00fcnc\u00fc g\u00fcn\u00fcnde ifade i\u015flemlerine ba\u015flan\u0131yor.\u00a0\u0130mamo\u011flu, g\u00f6zalt\u0131 s\u00fcresinin 56. saatinde ifade verece\u011fi kata \u00e7a\u011fr\u0131ld\u0131.\u00a0 \u0130BB Ba\u015fkan\u0131 Ekrem \u0130mamo\u011flu, 19 Mart sabah\u0131 \u0130stanbul Cumhuriyet Ba\u015fsavc\u0131l\u0131\u011f\u0131&#8217;n\u0131n &#8220;yolsuzluk&#8221; ve &#8220;ter\u00f6r&#8221; su\u00e7lar\u0131ndan ba\u015flatt\u0131\u011f\u0131 iki ayr\u0131 soru\u015fturma kapsam\u0131nda g\u00f6zalt\u0131na al\u0131nm\u0131\u015ft\u0131. \u00dc\u00c7\u00dcNC\u00dc SORU\u015eTURMA &#8220;KRE\u015e&#8221;\u00a0 \u0130mamo\u011flu bu sabah yapt\u0131\u011f\u0131 payla\u015f\u0131mda ise, &#8220;Kre\u015f a\u00e7t\u0131\u011f\u0131m i\u00e7in hakk\u0131mda soru\u015fturma a\u00e7\u0131lm\u0131\u015f&#8221; diyerek hakk\u0131nda a\u00e7\u0131lan 3. soru\u015fturmay\u0131 duyurmu\u015ftu. \u200bGe\u00e7ti\u011fimiz g\u00fcnlerde g\u00f6zalt\u0131na al\u0131nan \u0130stanbul B\u00fcy\u00fck\u015fehir Belediyesi Ekrem \u0130mamo\u011flu, Vatan Emniyet&#8217;te ifade veriyor\u00a0 \u200bHaberin Al\u0131nt\u0131land\u0131\u011f\u0131 Kaynak: www.antalyakorfez.com","og_url":"https:\/\/denizcankizil.tr\/uk\/haberler\/gundem\/ibb-baskani-ekrem-imamoglu-ifade-veriyor\/","og_site_name":"Av. Deniz Can K\u0131z\u0131l","article_published_time":"2025-03-21T11:41:13+00:00","author":"Antalya K\u00f6rfez","twitter_card":"summary_large_image","twitter_misc":{"\u041d\u0430\u043f\u0438\u0441\u0430\u043d\u043e":"Antalya K\u00f6rfez","\u041f\u0440\u0438\u0431\u043b. \u0447\u0430\u0441 \u0447\u0438\u0442\u0430\u043d\u043d\u044f":"1 \u0445\u0432\u0438\u043b\u0438\u043d\u0430"},"schema":{"@context":"https:\/\/schema.org","@graph":[{"@type":"Article","@id":"https:\/\/denizcankizil.tr\/uk\/haberler\/gundem\/ibb-baskani-ekrem-imamoglu-ifade-veriyor\/#article","isPartOf":{"@id":"https:\/\/denizcankizil.tr\/uk\/haberler\/gundem\/ibb-baskani-ekrem-imamoglu-ifade-veriyor\/"},"author":{"name":"Antalya K\u00f6rfez","@id":"https:\/\/denizcankizil.tr\/#\/schema\/person\/e1eb71bb4dd684d46563f0af307e1234"},"headline":"\u0130BB Ba\u015fkan\u0131 Ekrem \u0130mamo\u011flu ifade veriyor","datePublished":"2025-03-21T11:41:13+00:00","mainEntityOfPage":{"@id":"https:\/\/denizcankizil.tr\/uk\/haberler\/gundem\/ibb-baskani-ekrem-imamoglu-ifade-veriyor\/"},"wordCount":147,"publisher":{"@id":"https:\/\/denizcankizil.tr\/#organization"},"articleSection":["G\u00fcndem"],"inLanguage":"uk"},{"@type":"WebPage","@id":"https:\/\/denizcankizil.tr\/uk\/haberler\/gundem\/ibb-baskani-ekrem-imamoglu-ifade-veriyor\/","url":"https:\/\/denizcankizil.tr\/uk\/haberler\/gundem\/ibb-baskani-ekrem-imamoglu-ifade-veriyor\/","name":"\u0130BB Ba\u015fkan\u0131 Ekrem \u0130mamo\u011flu ifade veriyor - Av. Deniz Can K\u0131z\u0131l","isPartOf":{"@id":"https:\/\/denizcankizil.tr\/#website"},"datePublished":"2025-03-21T11:41:13+00:00","breadcrumb":{"@id":"https:\/\/denizcankizil.tr\/uk\/haberler\/gundem\/ibb-baskani-ekrem-imamoglu-ifade-veriyor\/#breadcrumb"},"inLanguage":"uk","potentialAction":[{"@type":"ReadAction","target":["https:\/\/denizcankizil.tr\/uk\/haberler\/gundem\/ibb-baskani-ekrem-imamoglu-ifade-veriyor\/"]}]},{"@type":"BreadcrumbList","@id":"https:\/\/denizcankizil.tr\/uk\/haberler\/gundem\/ibb-baskani-ekrem-imamoglu-ifade-veriyor\/#breadcrumb","itemListElement":[{"@type":"ListItem","position":1,"name":"Home","item":"https:\/\/denizcankizil.tr\/de\/"},{"@type":"ListItem","position":2,"name":"\u0130BB Ba\u015fkan\u0131 Ekrem \u0130mamo\u011flu ifade veriyor"}]},{"@type":"WebSite","@id":"https:\/\/denizcankizil.tr\/#website","url":"https:\/\/denizcankizil.tr\/","name":"Av. Deniz Can K\u0131z\u0131l","description":"Avukat Deniz Can K\u0131z\u0131l Antalya Barosu","publisher":{"@id":"https:\/\/denizcankizil.tr\/#organization"},"potentialAction":[{"@type":"SearchAction","target":{"@type":"EntryPoint","urlTemplate":"https:\/\/denizcankizil.tr\/?s={search_term_string}"},"query-input":{"@type":"PropertyValueSpecification","valueRequired":true,"valueName":"search_term_string"}}],"inLanguage":"uk"},{"@type":"Organization","@id":"https:\/\/denizcankizil.tr\/#organization","name":"Av. Deniz Can K\u0131z\u0131l","url":"https:\/\/denizcankizil.tr\/","logo":{"@type":"ImageObject","inLanguage":"uk","@id":"https:\/\/denizcankizil.tr\/#\/schema\/logo\/image\/","url":"https:\/\/denizcankizil.tr\/wp-content\/uploads\/2024\/10\/siyah-logo-svg.svg","contentUrl":"https:\/\/denizcankizil.tr\/wp-content\/uploads\/2024\/10\/siyah-logo-svg.svg","width":1080,"height":1080,"caption":"Av. Deniz Can K\u0131z\u0131l"},"image":{"@id":"https:\/\/denizcankizil.tr\/#\/schema\/logo\/image\/"}},{"@type":"Person","@id":"https:\/\/denizcankizil.tr\/#\/schema\/person\/e1eb71bb4dd684d46563f0af307e1234","name":"Antalya K\u00f6rfez","image":{"@type":"ImageObject","inLanguage":"uk","@id":"https:\/\/denizcankizil.tr\/#\/schema\/person\/image\/","url":"https:\/\/secure.gravatar.com\/avatar\/42b01982558a48a0b501fdcab6a408d3717ea5919095ee2e67b0e521799c5905?s=96&d=mm&r=g","contentUrl":"https:\/\/secure.gravatar.com\/avatar\/42b01982558a48a0b501fdcab6a408d3717ea5919095ee2e67b0e521799c5905?s=96&d=mm&r=g","caption":"Antalya K\u00f6rfez"},"sameAs":["http:\/\/www.antalyakorfez.com"],"url":"https:\/\/www.antalyakorfez.com\/ibb-baskani-ekrem-imamoglu-ifade-veriyor"}]}},"_links":{"self":[{"href":"https:\/\/denizcankizil.tr\/uk\/wp-json\/wp\/v2\/posts\/36473","targetHints":{"allow":["GET"]}}],"collection":[{"href":"https:\/\/denizcankizil.tr\/uk\/wp-json\/wp\/v2\/posts"}],"about":[{"href":"https:\/\/denizcankizil.tr\/uk\/wp-json\/wp\/v2\/types\/post"}],"author":[{"embeddable":true,"href":"https:\/\/denizcankizil.tr\/uk\/wp-json\/wp\/v2\/users\/5"}],"replies":[{"embeddable":true,"href":"https:\/\/denizcankizil.tr\/uk\/wp-json\/wp\/v2\/comments?post=36473"}],"version-history":[{"count":0,"href":"https:\/\/denizcankizil.tr\/uk\/wp-json\/wp\/v2\/posts\/36473\/revisions"}],"wp:attachment":[{"href":"https:\/\/denizcankizil.tr\/uk\/wp-json\/wp\/v2\/media?parent=36473"}],"wp:term":[{"taxonomy":"category","embeddable":true,"href":"https:\/\/denizcankizil.tr\/uk\/wp-json\/wp\/v2\/categories?post=36473"},{"taxonomy":"post_tag","embeddable":true,"href":"https:\/\/denizcankizil.tr\/uk\/wp-json\/wp\/v2\/tags?post=36473"}],"curies":[{"name":"wp","href":"https:\/\/api.w.org\/{rel}","templated":true}]}}