{"id":36445,"date":"2025-03-21T11:41:13","date_gmt":"2025-03-21T08:41:13","guid":{"rendered":"https:\/\/denizcankizil.tr\/uncategorized-tr\/yeni-alanyalilar-iftar-sofrasinda-bulustu\/"},"modified":"2025-03-21T11:41:13","modified_gmt":"2025-03-21T08:41:13","slug":"yeni-alanyalilar-iftar-sofrasinda-bulustu","status":"publish","type":"post","link":"https:\/\/denizcankizil.tr\/uk\/haberler\/antalya\/yeni-alanyalilar-iftar-sofrasinda-bulustu\/","title":{"rendered":"&#8216;Yeni Alanyal\u0131lar&#8217; iftar sofras\u0131nda bulu\u015ftu"},"content":{"rendered":"<p>Alanya Belediyesi taraf\u0131ndan daha kapsaml\u0131 ve yasal prosed\u00fcrler i\u00e7erisinde, K\u00fclt\u00fcr ve Turizm Komisyonu \u00e7at\u0131s\u0131 alt\u0131nda yeniden yap\u0131land\u0131r\u0131lan Yeni Alanyal\u0131lar Platformu \u00fcyeleri iftarda bir araya geldi. Eski Belediye Binas\u0131 yan\u0131ndaki Ramazan Meydan\u0131&#8217;nda d\u00fczenlenen programa, Alanya Belediye Ba\u015fkan\u0131 Osman Tar\u0131k \u00d6z\u00e7elik, \u0130l\u00e7e M\u00fcft\u00fcs\u00fc \u0130hsan \u0130lhan, Belediye Ba\u015fkan Dan\u0131\u015fman\u0131 Abdurrahman A\u00e7\u0131kal\u0131n, Yeni Alanyal\u0131lar Platformu Koordinat\u00f6r\u00fc Yasin K\u0131nay ve 34 \u00fclkeden 450&#8217;yi a\u015fk\u0131n yerle\u015fik yabanc\u0131 kat\u0131ld\u0131. Yerle\u015fik yabanc\u0131lara ramazan k\u00fclt\u00fcr\u00fcn\u00fc tan\u0131tmak, farkl\u0131 milletlerden vatanda\u015flar\u0131n Alanya \u00e7at\u0131s\u0131 alt\u0131nda birlik ve beraberlik i\u00e7erisinde ya\u015famas\u0131na katk\u0131 sunmak amac\u0131n\u0131 ta\u015f\u0131yan iftar program\u0131nda onlarca yeni Alanyal\u0131, kendi k\u00fclt\u00fcrlerini yans\u0131tan k\u0131yafetler ve \u00fclkelerinin bayraklar\u0131yla yer ald\u0131.<\/p>\n<p>KINAY: DOSTLU\u011eUMUZU VE HO\u015eG\u00d6R\u00dcY\u00dc PAYLA\u015eIYORUZ<\/p>\n<p>Renkli bir ortamda ge\u00e7en iftar program\u0131n\u0131n a\u00e7\u0131l\u0131\u015f konu\u015fmas\u0131n\u0131 ger\u00e7ekle\u015ftiren Yeni Alanyal\u0131lar Platformu Koordinat\u00f6r\u00fc Yasin K\u0131nay, &#8220;Sizlerle bu ak\u015fam, kutlu iftar sofram\u0131z\u0131 payla\u015fmak, bizleri b\u00fcy\u00fck bir aile haline getiriyor ve bu g\u00fczel \u015fehirde s\u00fcrd\u00fcrd\u00fc\u011f\u00fcm\u00fcz ya\u015fam hepimize b\u00fcy\u00fck bir zenginlik kat\u0131yor. Ramazan ay\u0131nda tutulan oru\u00e7, yaln\u0131zca bedenin de\u011fil, kalbin, ruhun ve vicdan\u0131n da ar\u0131nmas\u0131n\u0131 sa\u011flar. Yard\u0131mla\u015fma ve dayan\u0131\u015fma gibi en de\u011ferli insani duygular\u0131 peki\u015ftirir. \u015eu anda sizlerle payla\u015ft\u0131\u011f\u0131m\u0131z iftar sofram\u0131z da bu durumun en g\u00fczel yans\u0131mas\u0131d\u0131r. Bu ak\u015fam ayn\u0131 zamanda sevgimizi, sayg\u0131m\u0131z\u0131, dostlu\u011fumuzu ve ho\u015fg\u00f6r\u00fcy\u00fc payla\u015f\u0131yoruz. \u0130nsanl\u0131k i\u00e7in \u00e7ok k\u0131ymetli olan bu de\u011ferlerle, Belediye Ba\u015fkan\u0131m\u0131z Say\u0131n Osman Tar\u0131k \u00d6z\u00e7elik&#8217;in \u00f6nderli\u011finde yeniden yap\u0131land\u0131r\u0131lan Yeni Alanyal\u0131lar Platformu ile \u015fehrimizi daha g\u00fczel bir yer haline getirmeyi planl\u0131yoruz. \u0130nan\u0131yorum ki hep birlikte payla\u015ft\u0131\u011f\u0131m\u0131z bu b\u00fcy\u00fck aile sofras\u0131, bizleri birbirimize daha da yak\u0131nla\u015ft\u0131racak ve t\u00fcm d\u00fcnyaya bar\u0131\u015f\u0131n, sevginin, karde\u015fli\u011fin, ho\u015fg\u00f6r\u00fcn\u00fcn yay\u0131lmas\u0131 i\u00e7in bir nefes olacakt\u0131r&#8221; dedi.<\/p>\n<p>BA\u015eKAN \u00d6Z\u00c7EL\u0130K: BURADA YA\u015eAYAN HER B\u0130REY\u0130 A\u0130LEM\u0130Z\u0130N PAR\u00c7ASI KABUL ED\u0130YORUZ<\/p>\n<p>Yerle\u015fik yabanc\u0131lara kat\u0131l\u0131mlar\u0131ndan dolay\u0131 te\u015fekk\u00fcr eden Belediye Ba\u015fkan\u0131 Osman Tar\u0131k \u00d6z\u00e7elik ise konu\u015fmas\u0131nda, &#8220;M\u00fcbarek ramazan ay\u0131 dayan\u0131\u015fman\u0131n, ho\u015fg\u00f6r\u00fcn\u00fcn en g\u00fczel ifadesidir. Bu iftar sofras\u0131nda bir arada olmam\u0131z, ortak gelece\u011fimizi hep beraber kurabilece\u011fimizi bizlere g\u00f6steriyor. Alanya, farkl\u0131 co\u011frafyalardan ve k\u00fclt\u00fcrlerden gelen insanlar\u0131n dost\u00e7a, karde\u015f\u00e7e bir arada ya\u015fad\u0131\u011f\u0131 ho\u015fg\u00f6r\u00fc \u015fehridir. Arkamda bayraklar\u0131 bulunan 34 farkl\u0131 \u00fclkeden gelen insanlar\u0131n \u015fu an burada olmas\u0131 bunun ispat\u0131d\u0131r. \u015eunu \u00f6nemle belirtmeliyim. Kentimizde ya\u015fayan herkesi, Alanyal\u0131 olarak g\u00f6r\u00fcyoruz. Hangi \u00fclkeden, dinden, dilden olursa olsun, burada ya\u015fayan her bireyi, ailemizin bir par\u00e7as\u0131 kabul ediyoruz. Sizler de Alanya&#8217;y\u0131 kendi memleketiniz gibi bildiniz. Burada hayat kurdunuz ve \u00e7ocuklar\u0131n\u0131z\u0131 b\u00fcy\u00fctt\u00fcn\u00fcz. Hep beraber Alanya&#8217;m\u0131z\u0131n geli\u015fmesine, daha huzurlu ve ya\u015fanabilir bir \u015fehir olmas\u0131na katk\u0131da bulunuyoruz. Bu birliktelik, bizim en b\u00fcy\u00fck zenginli\u011fimizdir&#8221; ifadelerine yer verdi. Kat\u0131l\u0131mc\u0131lar\u0131n Nevruz Bayram\u0131&#8217;n\u0131 da kutlayan Ba\u015fkan \u00d6z\u00e7elik, Yeni Alanyal\u0131lar Platformu ile beraber projeler \u00fcretmeye her zaman haz\u0131r olduklar\u0131n\u0131 s\u00f6yledi. Program, \u0130l\u00e7e M\u00fcft\u00fcs\u00fc \u0130hsan \u0130lhan&#8217;\u0131n iftar duas\u0131yla sona erdi. Yeni Alanyal\u0131lar Platformu \u00fcyeleri, ev sahipli\u011finden dolay\u0131 Ba\u015fkan \u00d6z\u00e7elik&#8217;e te\u015fekk\u00fcr etti ve g\u00fcn\u00fcn an\u0131s\u0131na hat\u0131ra foto\u011fraf\u0131 \u00e7ektirdi.<\/p>\n<p>Kaynak: www.kanalv.com.tr Haber Sitesinden Al\u0131nm\u0131\u015ft\u0131r.<\/p>","protected":false},"excerpt":{"rendered":"<p>Alanya Belediyesi taraf\u0131ndan daha kapsaml\u0131 ve yasal prosed\u00fcrler i\u00e7erisinde, K\u00fclt\u00fcr ve Turizm Komisyonu \u00e7at\u0131s\u0131 alt\u0131nda yeniden yap\u0131land\u0131r\u0131lan Yeni Alanyal\u0131lar Platformu \u00fcyeleri iftarda bir araya geldi. Eski Belediye Binas\u0131 yan\u0131ndaki Ramazan Meydan\u0131&#8217;nda d\u00fczenlenen programa, Alanya Belediye Ba\u015fkan\u0131 Osman Tar\u0131k \u00d6z\u00e7elik, \u0130l\u00e7e M\u00fcft\u00fcs\u00fc \u0130hsan \u0130lhan, Belediye Ba\u015fkan Dan\u0131\u015fman\u0131 Abdurrahman A\u00e7\u0131kal\u0131n, Yeni Alanyal\u0131lar Platformu Koordinat\u00f6r\u00fc Yasin K\u0131nay ve 34 \u00fclkeden 450&#8217;yi a\u015fk\u0131n yerle\u015fik yabanc\u0131 kat\u0131ld\u0131. Yerle\u015fik yabanc\u0131lara ramazan k\u00fclt\u00fcr\u00fcn\u00fc tan\u0131tmak, farkl\u0131 milletlerden vatanda\u015flar\u0131n Alanya \u00e7at\u0131s\u0131 alt\u0131nda birlik ve beraberlik i\u00e7erisinde ya\u015famas\u0131na katk\u0131 sunmak amac\u0131n\u0131 ta\u015f\u0131yan iftar program\u0131nda onlarca yeni Alanyal\u0131, kendi k\u00fclt\u00fcrlerini yans\u0131tan k\u0131yafetler ve \u00fclkelerinin bayraklar\u0131yla yer ald\u0131. KINAY: DOSTLU\u011eUMUZU VE HO\u015eG\u00d6R\u00dcY\u00dc PAYLA\u015eIYORUZ Renkli bir ortamda ge\u00e7en iftar program\u0131n\u0131n a\u00e7\u0131l\u0131\u015f konu\u015fmas\u0131n\u0131 ger\u00e7ekle\u015ftiren Yeni Alanyal\u0131lar Platformu Koordinat\u00f6r\u00fc Yasin K\u0131nay, &#8220;Sizlerle bu ak\u015fam, kutlu iftar sofram\u0131z\u0131 payla\u015fmak, bizleri b\u00fcy\u00fck bir aile haline getiriyor ve bu g\u00fczel \u015fehirde s\u00fcrd\u00fcrd\u00fc\u011f\u00fcm\u00fcz ya\u015fam hepimize b\u00fcy\u00fck bir zenginlik kat\u0131yor. Ramazan ay\u0131nda tutulan oru\u00e7, yaln\u0131zca bedenin de\u011fil, kalbin, ruhun ve vicdan\u0131n da ar\u0131nmas\u0131n\u0131 sa\u011flar. Yard\u0131mla\u015fma ve dayan\u0131\u015fma gibi en de\u011ferli insani duygular\u0131 peki\u015ftirir. \u015eu anda sizlerle payla\u015ft\u0131\u011f\u0131m\u0131z iftar sofram\u0131z da bu durumun en g\u00fczel yans\u0131mas\u0131d\u0131r. Bu ak\u015fam ayn\u0131 zamanda sevgimizi, sayg\u0131m\u0131z\u0131, dostlu\u011fumuzu ve ho\u015fg\u00f6r\u00fcy\u00fc payla\u015f\u0131yoruz. \u0130nsanl\u0131k i\u00e7in \u00e7ok k\u0131ymetli olan bu de\u011ferlerle, Belediye Ba\u015fkan\u0131m\u0131z Say\u0131n Osman Tar\u0131k \u00d6z\u00e7elik&#8217;in \u00f6nderli\u011finde yeniden &hellip;<\/p>","protected":false},"author":4,"featured_media":36446,"comment_status":"","ping_status":"open","sticky":false,"template":"","format":"standard","meta":{"_acf_changed":false,"footnotes":""},"categories":[26],"tags":[],"class_list":["post-36445","post","type-post","status-publish","format-standard","has-post-thumbnail","hentry","category-antalya"],"acf":[],"yoast_head":"<!-- This site is optimized with the Yoast SEO Premium plugin v26.6 (Yoast SEO v27.1.1) - https:\/\/yoast.com\/product\/yoast-seo-premium-wordpress\/ -->\n<title>&#039;Yeni Alanyal\u0131lar&#039; iftar sofras\u0131nda bulu\u015ftu - Av. Deniz Can K\u0131z\u0131l<\/title>\n<meta name=\"robots\" content=\"index, follow, max-snippet:-1, max-image-preview:large, max-video-preview:-1\" \/>\n<link rel=\"canonical\" href=\"https:\/\/denizcankizil.tr\/uk\/haberler\/antalya\/yeni-alanyalilar-iftar-sofrasinda-bulustu\/\" \/>\n<meta property=\"og:locale\" content=\"uk_UA\" \/>\n<meta property=\"og:type\" content=\"article\" \/>\n<meta property=\"og:title\" content=\"&#039;Yeni Alanyal\u0131lar&#039; iftar sofras\u0131nda bulu\u015ftu\" \/>\n<meta property=\"og:description\" content=\"Alanya Belediyesi taraf\u0131ndan daha kapsaml\u0131 ve yasal prosed\u00fcrler i\u00e7erisinde, K\u00fclt\u00fcr ve Turizm Komisyonu \u00e7at\u0131s\u0131 alt\u0131nda yeniden yap\u0131land\u0131r\u0131lan Yeni Alanyal\u0131lar Platformu \u00fcyeleri iftarda bir araya geldi. Eski Belediye Binas\u0131 yan\u0131ndaki Ramazan Meydan\u0131&#8217;nda d\u00fczenlenen programa, Alanya Belediye Ba\u015fkan\u0131 Osman Tar\u0131k \u00d6z\u00e7elik, \u0130l\u00e7e M\u00fcft\u00fcs\u00fc \u0130hsan \u0130lhan, Belediye Ba\u015fkan Dan\u0131\u015fman\u0131 Abdurrahman A\u00e7\u0131kal\u0131n, Yeni Alanyal\u0131lar Platformu Koordinat\u00f6r\u00fc Yasin K\u0131nay ve 34 \u00fclkeden 450&#8217;yi a\u015fk\u0131n yerle\u015fik yabanc\u0131 kat\u0131ld\u0131. Yerle\u015fik yabanc\u0131lara ramazan k\u00fclt\u00fcr\u00fcn\u00fc tan\u0131tmak, farkl\u0131 milletlerden vatanda\u015flar\u0131n Alanya \u00e7at\u0131s\u0131 alt\u0131nda birlik ve beraberlik i\u00e7erisinde ya\u015famas\u0131na katk\u0131 sunmak amac\u0131n\u0131 ta\u015f\u0131yan iftar program\u0131nda onlarca yeni Alanyal\u0131, kendi k\u00fclt\u00fcrlerini yans\u0131tan k\u0131yafetler ve \u00fclkelerinin bayraklar\u0131yla yer ald\u0131. KINAY: DOSTLU\u011eUMUZU VE HO\u015eG\u00d6R\u00dcY\u00dc PAYLA\u015eIYORUZ Renkli bir ortamda ge\u00e7en iftar program\u0131n\u0131n a\u00e7\u0131l\u0131\u015f konu\u015fmas\u0131n\u0131 ger\u00e7ekle\u015ftiren Yeni Alanyal\u0131lar Platformu Koordinat\u00f6r\u00fc Yasin K\u0131nay, &#8220;Sizlerle bu ak\u015fam, kutlu iftar sofram\u0131z\u0131 payla\u015fmak, bizleri b\u00fcy\u00fck bir aile haline getiriyor ve bu g\u00fczel \u015fehirde s\u00fcrd\u00fcrd\u00fc\u011f\u00fcm\u00fcz ya\u015fam hepimize b\u00fcy\u00fck bir zenginlik kat\u0131yor. Ramazan ay\u0131nda tutulan oru\u00e7, yaln\u0131zca bedenin de\u011fil, kalbin, ruhun ve vicdan\u0131n da ar\u0131nmas\u0131n\u0131 sa\u011flar. Yard\u0131mla\u015fma ve dayan\u0131\u015fma gibi en de\u011ferli insani duygular\u0131 peki\u015ftirir. \u015eu anda sizlerle payla\u015ft\u0131\u011f\u0131m\u0131z iftar sofram\u0131z da bu durumun en g\u00fczel yans\u0131mas\u0131d\u0131r. Bu ak\u015fam ayn\u0131 zamanda sevgimizi, sayg\u0131m\u0131z\u0131, dostlu\u011fumuzu ve ho\u015fg\u00f6r\u00fcy\u00fc payla\u015f\u0131yoruz. \u0130nsanl\u0131k i\u00e7in \u00e7ok k\u0131ymetli olan bu de\u011ferlerle, Belediye Ba\u015fkan\u0131m\u0131z Say\u0131n Osman Tar\u0131k \u00d6z\u00e7elik&#8217;in \u00f6nderli\u011finde yeniden &hellip;\" \/>\n<meta property=\"og:url\" content=\"https:\/\/denizcankizil.tr\/uk\/haberler\/antalya\/yeni-alanyalilar-iftar-sofrasinda-bulustu\/\" \/>\n<meta property=\"og:site_name\" content=\"Av. Deniz Can K\u0131z\u0131l\" \/>\n<meta property=\"article:published_time\" content=\"2025-03-21T08:41:13+00:00\" \/>\n<meta property=\"og:image\" content=\"https:\/\/denizcankizil.tr\/wp-content\/uploads\/2025\/03\/5634-01-33kKw1.jpeg\" \/>\n\t<meta property=\"og:image:width\" content=\"1280\" \/>\n\t<meta property=\"og:image:height\" content=\"720\" \/>\n\t<meta property=\"og:image:type\" content=\"image\/jpeg\" \/>\n<meta name=\"author\" content=\"Av. Deniz Can K\u0131z\u0131l\" \/>\n<meta name=\"twitter:card\" content=\"summary_large_image\" \/>\n<meta name=\"twitter:label1\" content=\"\u041d\u0430\u043f\u0438\u0441\u0430\u043d\u043e\" \/>\n\t<meta name=\"twitter:data1\" content=\"Av. Deniz Can K\u0131z\u0131l\" \/>\n\t<meta name=\"twitter:label2\" content=\"\u041f\u0440\u0438\u0431\u043b. \u0447\u0430\u0441 \u0447\u0438\u0442\u0430\u043d\u043d\u044f\" \/>\n\t<meta name=\"twitter:data2\" content=\"3 \u0445\u0432\u0438\u043b\u0438\u043d\u0438\" \/>\n<script type=\"application\/ld+json\" class=\"yoast-schema-graph\">{\"@context\":\"https:\/\/schema.org\",\"@graph\":[{\"@type\":\"Article\",\"@id\":\"https:\/\/denizcankizil.tr\/ru\/haberler\/antalya\/yeni-alanyalilar-iftar-sofrasinda-bulustu\/#article\",\"isPartOf\":{\"@id\":\"https:\/\/denizcankizil.tr\/ru\/haberler\/antalya\/yeni-alanyalilar-iftar-sofrasinda-bulustu\/\"},\"author\":{\"name\":\"Av. Deniz Can K\u0131z\u0131l\",\"@id\":\"https:\/\/denizcankizil.tr\/de\/#\/schema\/person\/5dc1b22991bd7ac833867c10afc9b0ff\"},\"headline\":\"&#8216;Yeni Alanyal\u0131lar&#8217; iftar sofras\u0131nda bulu\u015ftu\",\"datePublished\":\"2025-03-21T08:41:13+00:00\",\"mainEntityOfPage\":{\"@id\":\"https:\/\/denizcankizil.tr\/ru\/haberler\/antalya\/yeni-alanyalilar-iftar-sofrasinda-bulustu\/\"},\"wordCount\":680,\"publisher\":{\"@id\":\"https:\/\/denizcankizil.tr\/de\/#organization\"},\"image\":{\"@id\":\"https:\/\/denizcankizil.tr\/ru\/haberler\/antalya\/yeni-alanyalilar-iftar-sofrasinda-bulustu\/#primaryimage\"},\"thumbnailUrl\":\"https:\/\/denizcankizil.tr\/wp-content\/uploads\/2025\/03\/5634-01-33kKw1.jpeg\",\"articleSection\":[\"Antalya\"],\"inLanguage\":\"uk\"},{\"@type\":\"WebPage\",\"@id\":\"https:\/\/denizcankizil.tr\/ru\/haberler\/antalya\/yeni-alanyalilar-iftar-sofrasinda-bulustu\/\",\"url\":\"https:\/\/denizcankizil.tr\/ru\/haberler\/antalya\/yeni-alanyalilar-iftar-sofrasinda-bulustu\/\",\"name\":\"'Yeni Alanyal\u0131lar' iftar sofras\u0131nda bulu\u015ftu - Av. Deniz Can K\u0131z\u0131l\",\"isPartOf\":{\"@id\":\"https:\/\/denizcankizil.tr\/de\/#website\"},\"primaryImageOfPage\":{\"@id\":\"https:\/\/denizcankizil.tr\/ru\/haberler\/antalya\/yeni-alanyalilar-iftar-sofrasinda-bulustu\/#primaryimage\"},\"image\":{\"@id\":\"https:\/\/denizcankizil.tr\/ru\/haberler\/antalya\/yeni-alanyalilar-iftar-sofrasinda-bulustu\/#primaryimage\"},\"thumbnailUrl\":\"https:\/\/denizcankizil.tr\/wp-content\/uploads\/2025\/03\/5634-01-33kKw1.jpeg\",\"datePublished\":\"2025-03-21T08:41:13+00:00\",\"breadcrumb\":{\"@id\":\"https:\/\/denizcankizil.tr\/ru\/haberler\/antalya\/yeni-alanyalilar-iftar-sofrasinda-bulustu\/#breadcrumb\"},\"inLanguage\":\"uk\",\"potentialAction\":[{\"@type\":\"ReadAction\",\"target\":[\"https:\/\/denizcankizil.tr\/ru\/haberler\/antalya\/yeni-alanyalilar-iftar-sofrasinda-bulustu\/\"]}]},{\"@type\":\"ImageObject\",\"inLanguage\":\"uk\",\"@id\":\"https:\/\/denizcankizil.tr\/ru\/haberler\/antalya\/yeni-alanyalilar-iftar-sofrasinda-bulustu\/#primaryimage\",\"url\":\"https:\/\/denizcankizil.tr\/wp-content\/uploads\/2025\/03\/5634-01-33kKw1.jpeg\",\"contentUrl\":\"https:\/\/denizcankizil.tr\/wp-content\/uploads\/2025\/03\/5634-01-33kKw1.jpeg\",\"width\":1280,\"height\":720},{\"@type\":\"BreadcrumbList\",\"@id\":\"https:\/\/denizcankizil.tr\/ru\/haberler\/antalya\/yeni-alanyalilar-iftar-sofrasinda-bulustu\/#breadcrumb\",\"itemListElement\":[{\"@type\":\"ListItem\",\"position\":1,\"name\":\"Home\",\"item\":\"https:\/\/denizcankizil.tr\/de\/\"},{\"@type\":\"ListItem\",\"position\":2,\"name\":\"&#8216;Yeni Alanyal\u0131lar&#8217; iftar sofras\u0131nda bulu\u015ftu\"}]},{\"@type\":\"WebSite\",\"@id\":\"https:\/\/denizcankizil.tr\/de\/#website\",\"url\":\"https:\/\/denizcankizil.tr\/de\/\",\"name\":\"Av. Deniz Can K\u0131z\u0131l\",\"description\":\"Avukat Deniz Can K\u0131z\u0131l Antalya Barosu\",\"publisher\":{\"@id\":\"https:\/\/denizcankizil.tr\/de\/#organization\"},\"potentialAction\":[{\"@type\":\"SearchAction\",\"target\":{\"@type\":\"EntryPoint\",\"urlTemplate\":\"https:\/\/denizcankizil.tr\/de\/?s={search_term_string}\"},\"query-input\":{\"@type\":\"PropertyValueSpecification\",\"valueRequired\":true,\"valueName\":\"search_term_string\"}}],\"inLanguage\":\"uk\"},{\"@type\":\"Organization\",\"@id\":\"https:\/\/denizcankizil.tr\/de\/#organization\",\"name\":\"Av. Deniz Can K\u0131z\u0131l\",\"url\":\"https:\/\/denizcankizil.tr\/de\/\",\"logo\":{\"@type\":\"ImageObject\",\"inLanguage\":\"uk\",\"@id\":\"https:\/\/denizcankizil.tr\/de\/#\/schema\/logo\/image\/\",\"url\":\"https:\/\/denizcankizil.tr\/wp-content\/uploads\/2024\/10\/siyah-logo-svg.svg\",\"contentUrl\":\"https:\/\/denizcankizil.tr\/wp-content\/uploads\/2024\/10\/siyah-logo-svg.svg\",\"width\":1080,\"height\":1080,\"caption\":\"Av. Deniz Can K\u0131z\u0131l\"},\"image\":{\"@id\":\"https:\/\/denizcankizil.tr\/de\/#\/schema\/logo\/image\/\"}},{\"@type\":\"Person\",\"@id\":\"https:\/\/denizcankizil.tr\/de\/#\/schema\/person\/5dc1b22991bd7ac833867c10afc9b0ff\",\"name\":\"Av. Deniz Can K\u0131z\u0131l\",\"image\":{\"@type\":\"ImageObject\",\"inLanguage\":\"uk\",\"@id\":\"https:\/\/denizcankizil.tr\/de\/#\/schema\/person\/image\/\",\"url\":\"https:\/\/secure.gravatar.com\/avatar\/a0b128fb9855c79efc976d5640eedb31dc35ec297594d6016d2cf7c60e975bb6?s=96&d=mm&r=g\",\"contentUrl\":\"https:\/\/secure.gravatar.com\/avatar\/a0b128fb9855c79efc976d5640eedb31dc35ec297594d6016d2cf7c60e975bb6?s=96&d=mm&r=g\",\"caption\":\"Av. Deniz Can K\u0131z\u0131l\"},\"sameAs\":[\"http:\/\/www.denizcankizil.tr\"],\"url\":\"https:\/\/denizcankizil.tr\/uk\/author\/denizcankizil\/\"}]}<\/script>\n<!-- \/ Yoast SEO Premium plugin. -->","yoast_head_json":{"title":"'Yeni Alanyal\u0131lar' iftar sofras\u0131nda bulu\u015ftu - Av. Deniz Can K\u0131z\u0131l","robots":{"index":"index","follow":"follow","max-snippet":"max-snippet:-1","max-image-preview":"max-image-preview:large","max-video-preview":"max-video-preview:-1"},"canonical":"https:\/\/denizcankizil.tr\/uk\/haberler\/antalya\/yeni-alanyalilar-iftar-sofrasinda-bulustu\/","og_locale":"uk_UA","og_type":"article","og_title":"'Yeni Alanyal\u0131lar' iftar sofras\u0131nda bulu\u015ftu","og_description":"Alanya Belediyesi taraf\u0131ndan daha kapsaml\u0131 ve yasal prosed\u00fcrler i\u00e7erisinde, K\u00fclt\u00fcr ve Turizm Komisyonu \u00e7at\u0131s\u0131 alt\u0131nda yeniden yap\u0131land\u0131r\u0131lan Yeni Alanyal\u0131lar Platformu \u00fcyeleri iftarda bir araya geldi. Eski Belediye Binas\u0131 yan\u0131ndaki Ramazan Meydan\u0131&#8217;nda d\u00fczenlenen programa, Alanya Belediye Ba\u015fkan\u0131 Osman Tar\u0131k \u00d6z\u00e7elik, \u0130l\u00e7e M\u00fcft\u00fcs\u00fc \u0130hsan \u0130lhan, Belediye Ba\u015fkan Dan\u0131\u015fman\u0131 Abdurrahman A\u00e7\u0131kal\u0131n, Yeni Alanyal\u0131lar Platformu Koordinat\u00f6r\u00fc Yasin K\u0131nay ve 34 \u00fclkeden 450&#8217;yi a\u015fk\u0131n yerle\u015fik yabanc\u0131 kat\u0131ld\u0131. Yerle\u015fik yabanc\u0131lara ramazan k\u00fclt\u00fcr\u00fcn\u00fc tan\u0131tmak, farkl\u0131 milletlerden vatanda\u015flar\u0131n Alanya \u00e7at\u0131s\u0131 alt\u0131nda birlik ve beraberlik i\u00e7erisinde ya\u015famas\u0131na katk\u0131 sunmak amac\u0131n\u0131 ta\u015f\u0131yan iftar program\u0131nda onlarca yeni Alanyal\u0131, kendi k\u00fclt\u00fcrlerini yans\u0131tan k\u0131yafetler ve \u00fclkelerinin bayraklar\u0131yla yer ald\u0131. KINAY: DOSTLU\u011eUMUZU VE HO\u015eG\u00d6R\u00dcY\u00dc PAYLA\u015eIYORUZ Renkli bir ortamda ge\u00e7en iftar program\u0131n\u0131n a\u00e7\u0131l\u0131\u015f konu\u015fmas\u0131n\u0131 ger\u00e7ekle\u015ftiren Yeni Alanyal\u0131lar Platformu Koordinat\u00f6r\u00fc Yasin K\u0131nay, &#8220;Sizlerle bu ak\u015fam, kutlu iftar sofram\u0131z\u0131 payla\u015fmak, bizleri b\u00fcy\u00fck bir aile haline getiriyor ve bu g\u00fczel \u015fehirde s\u00fcrd\u00fcrd\u00fc\u011f\u00fcm\u00fcz ya\u015fam hepimize b\u00fcy\u00fck bir zenginlik kat\u0131yor. Ramazan ay\u0131nda tutulan oru\u00e7, yaln\u0131zca bedenin de\u011fil, kalbin, ruhun ve vicdan\u0131n da ar\u0131nmas\u0131n\u0131 sa\u011flar. Yard\u0131mla\u015fma ve dayan\u0131\u015fma gibi en de\u011ferli insani duygular\u0131 peki\u015ftirir. \u015eu anda sizlerle payla\u015ft\u0131\u011f\u0131m\u0131z iftar sofram\u0131z da bu durumun en g\u00fczel yans\u0131mas\u0131d\u0131r. Bu ak\u015fam ayn\u0131 zamanda sevgimizi, sayg\u0131m\u0131z\u0131, dostlu\u011fumuzu ve ho\u015fg\u00f6r\u00fcy\u00fc payla\u015f\u0131yoruz. \u0130nsanl\u0131k i\u00e7in \u00e7ok k\u0131ymetli olan bu de\u011ferlerle, Belediye Ba\u015fkan\u0131m\u0131z Say\u0131n Osman Tar\u0131k \u00d6z\u00e7elik&#8217;in \u00f6nderli\u011finde yeniden &hellip;","og_url":"https:\/\/denizcankizil.tr\/uk\/haberler\/antalya\/yeni-alanyalilar-iftar-sofrasinda-bulustu\/","og_site_name":"Av. Deniz Can K\u0131z\u0131l","article_published_time":"2025-03-21T08:41:13+00:00","og_image":[{"width":1280,"height":720,"url":"https:\/\/denizcankizil.tr\/wp-content\/uploads\/2025\/03\/5634-01-33kKw1.jpeg","type":"image\/jpeg"}],"author":"Av. Deniz Can K\u0131z\u0131l","twitter_card":"summary_large_image","twitter_misc":{"\u041d\u0430\u043f\u0438\u0441\u0430\u043d\u043e":"Av. Deniz Can K\u0131z\u0131l","\u041f\u0440\u0438\u0431\u043b. \u0447\u0430\u0441 \u0447\u0438\u0442\u0430\u043d\u043d\u044f":"3 \u0445\u0432\u0438\u043b\u0438\u043d\u0438"},"schema":{"@context":"https:\/\/schema.org","@graph":[{"@type":"Article","@id":"https:\/\/denizcankizil.tr\/ru\/haberler\/antalya\/yeni-alanyalilar-iftar-sofrasinda-bulustu\/#article","isPartOf":{"@id":"https:\/\/denizcankizil.tr\/ru\/haberler\/antalya\/yeni-alanyalilar-iftar-sofrasinda-bulustu\/"},"author":{"name":"Av. Deniz Can K\u0131z\u0131l","@id":"https:\/\/denizcankizil.tr\/de\/#\/schema\/person\/5dc1b22991bd7ac833867c10afc9b0ff"},"headline":"&#8216;Yeni Alanyal\u0131lar&#8217; iftar sofras\u0131nda bulu\u015ftu","datePublished":"2025-03-21T08:41:13+00:00","mainEntityOfPage":{"@id":"https:\/\/denizcankizil.tr\/ru\/haberler\/antalya\/yeni-alanyalilar-iftar-sofrasinda-bulustu\/"},"wordCount":680,"publisher":{"@id":"https:\/\/denizcankizil.tr\/de\/#organization"},"image":{"@id":"https:\/\/denizcankizil.tr\/ru\/haberler\/antalya\/yeni-alanyalilar-iftar-sofrasinda-bulustu\/#primaryimage"},"thumbnailUrl":"https:\/\/denizcankizil.tr\/wp-content\/uploads\/2025\/03\/5634-01-33kKw1.jpeg","articleSection":["Antalya"],"inLanguage":"uk"},{"@type":"WebPage","@id":"https:\/\/denizcankizil.tr\/ru\/haberler\/antalya\/yeni-alanyalilar-iftar-sofrasinda-bulustu\/","url":"https:\/\/denizcankizil.tr\/ru\/haberler\/antalya\/yeni-alanyalilar-iftar-sofrasinda-bulustu\/","name":"'Yeni Alanyal\u0131lar' iftar sofras\u0131nda bulu\u015ftu - Av. Deniz Can K\u0131z\u0131l","isPartOf":{"@id":"https:\/\/denizcankizil.tr\/de\/#website"},"primaryImageOfPage":{"@id":"https:\/\/denizcankizil.tr\/ru\/haberler\/antalya\/yeni-alanyalilar-iftar-sofrasinda-bulustu\/#primaryimage"},"image":{"@id":"https:\/\/denizcankizil.tr\/ru\/haberler\/antalya\/yeni-alanyalilar-iftar-sofrasinda-bulustu\/#primaryimage"},"thumbnailUrl":"https:\/\/denizcankizil.tr\/wp-content\/uploads\/2025\/03\/5634-01-33kKw1.jpeg","datePublished":"2025-03-21T08:41:13+00:00","breadcrumb":{"@id":"https:\/\/denizcankizil.tr\/ru\/haberler\/antalya\/yeni-alanyalilar-iftar-sofrasinda-bulustu\/#breadcrumb"},"inLanguage":"uk","potentialAction":[{"@type":"ReadAction","target":["https:\/\/denizcankizil.tr\/ru\/haberler\/antalya\/yeni-alanyalilar-iftar-sofrasinda-bulustu\/"]}]},{"@type":"ImageObject","inLanguage":"uk","@id":"https:\/\/denizcankizil.tr\/ru\/haberler\/antalya\/yeni-alanyalilar-iftar-sofrasinda-bulustu\/#primaryimage","url":"https:\/\/denizcankizil.tr\/wp-content\/uploads\/2025\/03\/5634-01-33kKw1.jpeg","contentUrl":"https:\/\/denizcankizil.tr\/wp-content\/uploads\/2025\/03\/5634-01-33kKw1.jpeg","width":1280,"height":720},{"@type":"BreadcrumbList","@id":"https:\/\/denizcankizil.tr\/ru\/haberler\/antalya\/yeni-alanyalilar-iftar-sofrasinda-bulustu\/#breadcrumb","itemListElement":[{"@type":"ListItem","position":1,"name":"Home","item":"https:\/\/denizcankizil.tr\/de\/"},{"@type":"ListItem","position":2,"name":"&#8216;Yeni Alanyal\u0131lar&#8217; iftar sofras\u0131nda bulu\u015ftu"}]},{"@type":"WebSite","@id":"https:\/\/denizcankizil.tr\/de\/#website","url":"https:\/\/denizcankizil.tr\/de\/","name":"Av. Deniz Can K\u0131z\u0131l","description":"Avukat Deniz Can K\u0131z\u0131l Antalya Barosu","publisher":{"@id":"https:\/\/denizcankizil.tr\/de\/#organization"},"potentialAction":[{"@type":"SearchAction","target":{"@type":"EntryPoint","urlTemplate":"https:\/\/denizcankizil.tr\/de\/?s={search_term_string}"},"query-input":{"@type":"PropertyValueSpecification","valueRequired":true,"valueName":"search_term_string"}}],"inLanguage":"uk"},{"@type":"Organization","@id":"https:\/\/denizcankizil.tr\/de\/#organization","name":"Av. Deniz Can K\u0131z\u0131l","url":"https:\/\/denizcankizil.tr\/de\/","logo":{"@type":"ImageObject","inLanguage":"uk","@id":"https:\/\/denizcankizil.tr\/de\/#\/schema\/logo\/image\/","url":"https:\/\/denizcankizil.tr\/wp-content\/uploads\/2024\/10\/siyah-logo-svg.svg","contentUrl":"https:\/\/denizcankizil.tr\/wp-content\/uploads\/2024\/10\/siyah-logo-svg.svg","width":1080,"height":1080,"caption":"Av. Deniz Can K\u0131z\u0131l"},"image":{"@id":"https:\/\/denizcankizil.tr\/de\/#\/schema\/logo\/image\/"}},{"@type":"Person","@id":"https:\/\/denizcankizil.tr\/de\/#\/schema\/person\/5dc1b22991bd7ac833867c10afc9b0ff","name":"Av. Deniz Can K\u0131z\u0131l","image":{"@type":"ImageObject","inLanguage":"uk","@id":"https:\/\/denizcankizil.tr\/de\/#\/schema\/person\/image\/","url":"https:\/\/secure.gravatar.com\/avatar\/a0b128fb9855c79efc976d5640eedb31dc35ec297594d6016d2cf7c60e975bb6?s=96&d=mm&r=g","contentUrl":"https:\/\/secure.gravatar.com\/avatar\/a0b128fb9855c79efc976d5640eedb31dc35ec297594d6016d2cf7c60e975bb6?s=96&d=mm&r=g","caption":"Av. Deniz Can K\u0131z\u0131l"},"sameAs":["http:\/\/www.denizcankizil.tr"],"url":"https:\/\/denizcankizil.tr\/uk\/author\/denizcankizil\/"}]}},"_links":{"self":[{"href":"https:\/\/denizcankizil.tr\/uk\/wp-json\/wp\/v2\/posts\/36445","targetHints":{"allow":["GET"]}}],"collection":[{"href":"https:\/\/denizcankizil.tr\/uk\/wp-json\/wp\/v2\/posts"}],"about":[{"href":"https:\/\/denizcankizil.tr\/uk\/wp-json\/wp\/v2\/types\/post"}],"author":[{"embeddable":true,"href":"https:\/\/denizcankizil.tr\/uk\/wp-json\/wp\/v2\/users\/4"}],"replies":[{"embeddable":true,"href":"https:\/\/denizcankizil.tr\/uk\/wp-json\/wp\/v2\/comments?post=36445"}],"version-history":[{"count":0,"href":"https:\/\/denizcankizil.tr\/uk\/wp-json\/wp\/v2\/posts\/36445\/revisions"}],"wp:featuredmedia":[{"embeddable":true,"href":"https:\/\/denizcankizil.tr\/uk\/wp-json\/wp\/v2\/media\/36446"}],"wp:attachment":[{"href":"https:\/\/denizcankizil.tr\/uk\/wp-json\/wp\/v2\/media?parent=36445"}],"wp:term":[{"taxonomy":"category","embeddable":true,"href":"https:\/\/denizcankizil.tr\/uk\/wp-json\/wp\/v2\/categories?post=36445"},{"taxonomy":"post_tag","embeddable":true,"href":"https:\/\/denizcankizil.tr\/uk\/wp-json\/wp\/v2\/tags?post=36445"}],"curies":[{"name":"wp","href":"https:\/\/api.w.org\/{rel}","templated":true}]}}