{"id":36390,"date":"2025-03-20T14:41:13","date_gmt":"2025-03-20T11:41:13","guid":{"rendered":"https:\/\/denizcankizil.tr\/uncategorized-tr\/boludaki-otel-yangininda-olen-36-cocuk-anisina-gul-dikildi\/"},"modified":"2025-03-20T14:41:13","modified_gmt":"2025-03-20T11:41:13","slug":"boludaki-otel-yangininda-olen-36-cocuk-anisina-gul-dikildi","status":"publish","type":"post","link":"https:\/\/denizcankizil.tr\/uk\/haberler\/antalya\/boludaki-otel-yangininda-olen-36-cocuk-anisina-gul-dikildi\/","title":{"rendered":"Bolu&#8217;daki otel yang\u0131n\u0131nda \u00f6len 36 \u00e7ocuk an\u0131s\u0131na g\u00fcl dikildi"},"content":{"rendered":"<p>21 Ocak 2025 tarihinde gece saatlerinde Bolu&#8217;da Kartalkaya Kayak Merkezi&#8217;ndeki Grand Kartal Otel&#8217;de \u00e7\u0131kan yang\u0131nda hayat\u0131n\u0131 kaybeden 36 \u00e7ocuk an\u0131s\u0131na Gazipa\u015fa Karalar H\u00fcseyinli \u0130mam Hatip Ortaokulu \u00f6\u011frencileri taraf\u0131ndan anlaml\u0131 bir etkinlik d\u00fczenlendi. Etkinlikte Bolu\u2019daki otel yang\u0131n\u0131nda ya\u015fam\u0131n\u0131 yitiren 36 \u00e7ocu\u011fun hat\u0131ralar\u0131n\u0131 ya\u015fatmak amac\u0131yla 36 adet g\u00fcl fidan\u0131 toprakla bulu\u015fturuldu.<br \/>\nGazipa\u015fa Belediyesi taraf\u0131ndan temin edilen 36 adet g\u00fcl fidan\u0131, Karalar H\u00fcseyinli \u0130mam Hatip Ortaokulu \u00f6\u011frencileri taraf\u0131ndan okul bah\u00e7esine dikildi. Ard\u0131ndan can suyu verilen g\u00fcl fidanlar\u0131n\u0131n bak\u0131m ve takibi i\u00e7in de \u00f6\u011frenciler g\u00f6revlendirildi. Duygusal anlar\u0131n ya\u015fand\u0131\u011f\u0131 etkinli\u011fin sonunda ise hep birlikte yang\u0131nda can veren 36 \u00e7ocuk i\u00e7in dualar edildi.<\/p>\n<p>Kaynak: www.kanalv.com.tr Haber Sitesinden Al\u0131nm\u0131\u015ft\u0131r.<\/p>","protected":false},"excerpt":{"rendered":"<p>21 Ocak 2025 tarihinde gece saatlerinde Bolu&#8217;da Kartalkaya Kayak Merkezi&#8217;ndeki Grand Kartal Otel&#8217;de \u00e7\u0131kan yang\u0131nda hayat\u0131n\u0131 kaybeden 36 \u00e7ocuk an\u0131s\u0131na Gazipa\u015fa Karalar H\u00fcseyinli \u0130mam Hatip Ortaokulu \u00f6\u011frencileri taraf\u0131ndan anlaml\u0131 bir etkinlik d\u00fczenlendi. Etkinlikte Bolu\u2019daki otel yang\u0131n\u0131nda ya\u015fam\u0131n\u0131 yitiren 36 \u00e7ocu\u011fun hat\u0131ralar\u0131n\u0131 ya\u015fatmak amac\u0131yla 36 adet g\u00fcl fidan\u0131 toprakla bulu\u015fturuldu. Gazipa\u015fa Belediyesi taraf\u0131ndan temin edilen 36 adet g\u00fcl fidan\u0131, Karalar H\u00fcseyinli \u0130mam Hatip Ortaokulu \u00f6\u011frencileri taraf\u0131ndan okul bah\u00e7esine dikildi. Ard\u0131ndan can suyu verilen g\u00fcl fidanlar\u0131n\u0131n bak\u0131m ve takibi i\u00e7in de \u00f6\u011frenciler g\u00f6revlendirildi. Duygusal anlar\u0131n ya\u015fand\u0131\u011f\u0131 etkinli\u011fin sonunda ise hep birlikte yang\u0131nda can veren 36 \u00e7ocuk i\u00e7in dualar edildi. Kaynak: www.kanalv.com.tr Haber Sitesinden Al\u0131nm\u0131\u015ft\u0131r.<\/p>","protected":false},"author":4,"featured_media":36391,"comment_status":"","ping_status":"open","sticky":false,"template":"","format":"standard","meta":{"_acf_changed":false,"footnotes":""},"categories":[26],"tags":[],"class_list":["post-36390","post","type-post","status-publish","format-standard","has-post-thumbnail","hentry","category-antalya"],"acf":[],"yoast_head":"<!-- This site is optimized with the Yoast SEO Premium plugin v26.6 (Yoast SEO v27.1.1) - https:\/\/yoast.com\/product\/yoast-seo-premium-wordpress\/ -->\n<title>Bolu&#039;daki otel yang\u0131n\u0131nda \u00f6len 36 \u00e7ocuk an\u0131s\u0131na g\u00fcl dikildi - Av. Deniz Can K\u0131z\u0131l<\/title>\n<meta name=\"robots\" content=\"index, follow, max-snippet:-1, max-image-preview:large, max-video-preview:-1\" \/>\n<link rel=\"canonical\" href=\"https:\/\/denizcankizil.tr\/uk\/haberler\/antalya\/boludaki-otel-yangininda-olen-36-cocuk-anisina-gul-dikildi\/\" \/>\n<meta property=\"og:locale\" content=\"uk_UA\" \/>\n<meta property=\"og:type\" content=\"article\" \/>\n<meta property=\"og:title\" content=\"Bolu&#039;daki otel yang\u0131n\u0131nda \u00f6len 36 \u00e7ocuk an\u0131s\u0131na g\u00fcl dikildi\" \/>\n<meta property=\"og:description\" content=\"21 Ocak 2025 tarihinde gece saatlerinde Bolu&#8217;da Kartalkaya Kayak Merkezi&#8217;ndeki Grand Kartal Otel&#8217;de \u00e7\u0131kan yang\u0131nda hayat\u0131n\u0131 kaybeden 36 \u00e7ocuk an\u0131s\u0131na Gazipa\u015fa Karalar H\u00fcseyinli \u0130mam Hatip Ortaokulu \u00f6\u011frencileri taraf\u0131ndan anlaml\u0131 bir etkinlik d\u00fczenlendi. Etkinlikte Bolu\u2019daki otel yang\u0131n\u0131nda ya\u015fam\u0131n\u0131 yitiren 36 \u00e7ocu\u011fun hat\u0131ralar\u0131n\u0131 ya\u015fatmak amac\u0131yla 36 adet g\u00fcl fidan\u0131 toprakla bulu\u015fturuldu. Gazipa\u015fa Belediyesi taraf\u0131ndan temin edilen 36 adet g\u00fcl fidan\u0131, Karalar H\u00fcseyinli \u0130mam Hatip Ortaokulu \u00f6\u011frencileri taraf\u0131ndan okul bah\u00e7esine dikildi. Ard\u0131ndan can suyu verilen g\u00fcl fidanlar\u0131n\u0131n bak\u0131m ve takibi i\u00e7in de \u00f6\u011frenciler g\u00f6revlendirildi. Duygusal anlar\u0131n ya\u015fand\u0131\u011f\u0131 etkinli\u011fin sonunda ise hep birlikte yang\u0131nda can veren 36 \u00e7ocuk i\u00e7in dualar edildi. Kaynak: www.kanalv.com.tr Haber Sitesinden Al\u0131nm\u0131\u015ft\u0131r.\" \/>\n<meta property=\"og:url\" content=\"https:\/\/denizcankizil.tr\/uk\/haberler\/antalya\/boludaki-otel-yangininda-olen-36-cocuk-anisina-gul-dikildi\/\" \/>\n<meta property=\"og:site_name\" content=\"Av. Deniz Can K\u0131z\u0131l\" \/>\n<meta property=\"article:published_time\" content=\"2025-03-20T11:41:13+00:00\" \/>\n<meta property=\"og:image\" content=\"https:\/\/denizcankizil.tr\/wp-content\/uploads\/2025\/03\/5621-01-JA2OPL.jpeg\" \/>\n\t<meta property=\"og:image:width\" content=\"1280\" \/>\n\t<meta property=\"og:image:height\" content=\"720\" \/>\n\t<meta property=\"og:image:type\" content=\"image\/jpeg\" \/>\n<meta name=\"author\" content=\"Av. Deniz Can K\u0131z\u0131l\" \/>\n<meta name=\"twitter:card\" content=\"summary_large_image\" \/>\n<meta name=\"twitter:label1\" content=\"\u041d\u0430\u043f\u0438\u0441\u0430\u043d\u043e\" \/>\n\t<meta name=\"twitter:data1\" content=\"Av. Deniz Can K\u0131z\u0131l\" \/>\n\t<meta name=\"twitter:label2\" content=\"\u041f\u0440\u0438\u0431\u043b. \u0447\u0430\u0441 \u0447\u0438\u0442\u0430\u043d\u043d\u044f\" \/>\n\t<meta name=\"twitter:data2\" content=\"1 \u0445\u0432\u0438\u043b\u0438\u043d\u0430\" \/>\n<script type=\"application\/ld+json\" class=\"yoast-schema-graph\">{\"@context\":\"https:\/\/schema.org\",\"@graph\":[{\"@type\":\"Article\",\"@id\":\"https:\/\/denizcankizil.tr\/de\/haberler\/antalya\/boludaki-otel-yangininda-olen-36-cocuk-anisina-gul-dikildi\/#article\",\"isPartOf\":{\"@id\":\"https:\/\/denizcankizil.tr\/de\/haberler\/antalya\/boludaki-otel-yangininda-olen-36-cocuk-anisina-gul-dikildi\/\"},\"author\":{\"name\":\"Av. Deniz Can K\u0131z\u0131l\",\"@id\":\"https:\/\/denizcankizil.tr\/de\/#\/schema\/person\/5dc1b22991bd7ac833867c10afc9b0ff\"},\"headline\":\"Bolu&#8217;daki otel yang\u0131n\u0131nda \u00f6len 36 \u00e7ocuk an\u0131s\u0131na g\u00fcl dikildi\",\"datePublished\":\"2025-03-20T11:41:13+00:00\",\"mainEntityOfPage\":{\"@id\":\"https:\/\/denizcankizil.tr\/de\/haberler\/antalya\/boludaki-otel-yangininda-olen-36-cocuk-anisina-gul-dikildi\/\"},\"wordCount\":156,\"publisher\":{\"@id\":\"https:\/\/denizcankizil.tr\/de\/#organization\"},\"image\":{\"@id\":\"https:\/\/denizcankizil.tr\/de\/haberler\/antalya\/boludaki-otel-yangininda-olen-36-cocuk-anisina-gul-dikildi\/#primaryimage\"},\"thumbnailUrl\":\"https:\/\/denizcankizil.tr\/wp-content\/uploads\/2025\/03\/5621-01-JA2OPL.jpeg\",\"articleSection\":[\"Antalya\"],\"inLanguage\":\"uk\"},{\"@type\":\"WebPage\",\"@id\":\"https:\/\/denizcankizil.tr\/de\/haberler\/antalya\/boludaki-otel-yangininda-olen-36-cocuk-anisina-gul-dikildi\/\",\"url\":\"https:\/\/denizcankizil.tr\/de\/haberler\/antalya\/boludaki-otel-yangininda-olen-36-cocuk-anisina-gul-dikildi\/\",\"name\":\"Bolu'daki otel yang\u0131n\u0131nda \u00f6len 36 \u00e7ocuk an\u0131s\u0131na g\u00fcl dikildi - Av. Deniz Can K\u0131z\u0131l\",\"isPartOf\":{\"@id\":\"https:\/\/denizcankizil.tr\/de\/#website\"},\"primaryImageOfPage\":{\"@id\":\"https:\/\/denizcankizil.tr\/de\/haberler\/antalya\/boludaki-otel-yangininda-olen-36-cocuk-anisina-gul-dikildi\/#primaryimage\"},\"image\":{\"@id\":\"https:\/\/denizcankizil.tr\/de\/haberler\/antalya\/boludaki-otel-yangininda-olen-36-cocuk-anisina-gul-dikildi\/#primaryimage\"},\"thumbnailUrl\":\"https:\/\/denizcankizil.tr\/wp-content\/uploads\/2025\/03\/5621-01-JA2OPL.jpeg\",\"datePublished\":\"2025-03-20T11:41:13+00:00\",\"breadcrumb\":{\"@id\":\"https:\/\/denizcankizil.tr\/de\/haberler\/antalya\/boludaki-otel-yangininda-olen-36-cocuk-anisina-gul-dikildi\/#breadcrumb\"},\"inLanguage\":\"uk\",\"potentialAction\":[{\"@type\":\"ReadAction\",\"target\":[\"https:\/\/denizcankizil.tr\/de\/haberler\/antalya\/boludaki-otel-yangininda-olen-36-cocuk-anisina-gul-dikildi\/\"]}]},{\"@type\":\"ImageObject\",\"inLanguage\":\"uk\",\"@id\":\"https:\/\/denizcankizil.tr\/de\/haberler\/antalya\/boludaki-otel-yangininda-olen-36-cocuk-anisina-gul-dikildi\/#primaryimage\",\"url\":\"https:\/\/denizcankizil.tr\/wp-content\/uploads\/2025\/03\/5621-01-JA2OPL.jpeg\",\"contentUrl\":\"https:\/\/denizcankizil.tr\/wp-content\/uploads\/2025\/03\/5621-01-JA2OPL.jpeg\",\"width\":1280,\"height\":720},{\"@type\":\"BreadcrumbList\",\"@id\":\"https:\/\/denizcankizil.tr\/de\/haberler\/antalya\/boludaki-otel-yangininda-olen-36-cocuk-anisina-gul-dikildi\/#breadcrumb\",\"itemListElement\":[{\"@type\":\"ListItem\",\"position\":1,\"name\":\"Home\",\"item\":\"https:\/\/denizcankizil.tr\/de\/\"},{\"@type\":\"ListItem\",\"position\":2,\"name\":\"Bolu&#8217;daki otel yang\u0131n\u0131nda \u00f6len 36 \u00e7ocuk an\u0131s\u0131na g\u00fcl dikildi\"}]},{\"@type\":\"WebSite\",\"@id\":\"https:\/\/denizcankizil.tr\/de\/#website\",\"url\":\"https:\/\/denizcankizil.tr\/de\/\",\"name\":\"Av. Deniz Can K\u0131z\u0131l\",\"description\":\"Avukat Deniz Can K\u0131z\u0131l Antalya Barosu\",\"publisher\":{\"@id\":\"https:\/\/denizcankizil.tr\/de\/#organization\"},\"potentialAction\":[{\"@type\":\"SearchAction\",\"target\":{\"@type\":\"EntryPoint\",\"urlTemplate\":\"https:\/\/denizcankizil.tr\/de\/?s={search_term_string}\"},\"query-input\":{\"@type\":\"PropertyValueSpecification\",\"valueRequired\":true,\"valueName\":\"search_term_string\"}}],\"inLanguage\":\"uk\"},{\"@type\":\"Organization\",\"@id\":\"https:\/\/denizcankizil.tr\/de\/#organization\",\"name\":\"Av. Deniz Can K\u0131z\u0131l\",\"url\":\"https:\/\/denizcankizil.tr\/de\/\",\"logo\":{\"@type\":\"ImageObject\",\"inLanguage\":\"uk\",\"@id\":\"https:\/\/denizcankizil.tr\/de\/#\/schema\/logo\/image\/\",\"url\":\"https:\/\/denizcankizil.tr\/wp-content\/uploads\/2024\/10\/siyah-logo-svg.svg\",\"contentUrl\":\"https:\/\/denizcankizil.tr\/wp-content\/uploads\/2024\/10\/siyah-logo-svg.svg\",\"width\":1080,\"height\":1080,\"caption\":\"Av. Deniz Can K\u0131z\u0131l\"},\"image\":{\"@id\":\"https:\/\/denizcankizil.tr\/de\/#\/schema\/logo\/image\/\"}},{\"@type\":\"Person\",\"@id\":\"https:\/\/denizcankizil.tr\/de\/#\/schema\/person\/5dc1b22991bd7ac833867c10afc9b0ff\",\"name\":\"Av. Deniz Can K\u0131z\u0131l\",\"image\":{\"@type\":\"ImageObject\",\"inLanguage\":\"uk\",\"@id\":\"https:\/\/denizcankizil.tr\/de\/#\/schema\/person\/image\/\",\"url\":\"https:\/\/secure.gravatar.com\/avatar\/a0b128fb9855c79efc976d5640eedb31dc35ec297594d6016d2cf7c60e975bb6?s=96&d=mm&r=g\",\"contentUrl\":\"https:\/\/secure.gravatar.com\/avatar\/a0b128fb9855c79efc976d5640eedb31dc35ec297594d6016d2cf7c60e975bb6?s=96&d=mm&r=g\",\"caption\":\"Av. Deniz Can K\u0131z\u0131l\"},\"sameAs\":[\"http:\/\/www.denizcankizil.tr\"],\"url\":\"https:\/\/denizcankizil.tr\/uk\/author\/denizcankizil\/\"}]}<\/script>\n<!-- \/ Yoast SEO Premium plugin. -->","yoast_head_json":{"title":"Bolu'daki otel yang\u0131n\u0131nda \u00f6len 36 \u00e7ocuk an\u0131s\u0131na g\u00fcl dikildi - Av. Deniz Can K\u0131z\u0131l","robots":{"index":"index","follow":"follow","max-snippet":"max-snippet:-1","max-image-preview":"max-image-preview:large","max-video-preview":"max-video-preview:-1"},"canonical":"https:\/\/denizcankizil.tr\/uk\/haberler\/antalya\/boludaki-otel-yangininda-olen-36-cocuk-anisina-gul-dikildi\/","og_locale":"uk_UA","og_type":"article","og_title":"Bolu'daki otel yang\u0131n\u0131nda \u00f6len 36 \u00e7ocuk an\u0131s\u0131na g\u00fcl dikildi","og_description":"21 Ocak 2025 tarihinde gece saatlerinde Bolu&#8217;da Kartalkaya Kayak Merkezi&#8217;ndeki Grand Kartal Otel&#8217;de \u00e7\u0131kan yang\u0131nda hayat\u0131n\u0131 kaybeden 36 \u00e7ocuk an\u0131s\u0131na Gazipa\u015fa Karalar H\u00fcseyinli \u0130mam Hatip Ortaokulu \u00f6\u011frencileri taraf\u0131ndan anlaml\u0131 bir etkinlik d\u00fczenlendi. Etkinlikte Bolu\u2019daki otel yang\u0131n\u0131nda ya\u015fam\u0131n\u0131 yitiren 36 \u00e7ocu\u011fun hat\u0131ralar\u0131n\u0131 ya\u015fatmak amac\u0131yla 36 adet g\u00fcl fidan\u0131 toprakla bulu\u015fturuldu. Gazipa\u015fa Belediyesi taraf\u0131ndan temin edilen 36 adet g\u00fcl fidan\u0131, Karalar H\u00fcseyinli \u0130mam Hatip Ortaokulu \u00f6\u011frencileri taraf\u0131ndan okul bah\u00e7esine dikildi. Ard\u0131ndan can suyu verilen g\u00fcl fidanlar\u0131n\u0131n bak\u0131m ve takibi i\u00e7in de \u00f6\u011frenciler g\u00f6revlendirildi. Duygusal anlar\u0131n ya\u015fand\u0131\u011f\u0131 etkinli\u011fin sonunda ise hep birlikte yang\u0131nda can veren 36 \u00e7ocuk i\u00e7in dualar edildi. Kaynak: www.kanalv.com.tr Haber Sitesinden Al\u0131nm\u0131\u015ft\u0131r.","og_url":"https:\/\/denizcankizil.tr\/uk\/haberler\/antalya\/boludaki-otel-yangininda-olen-36-cocuk-anisina-gul-dikildi\/","og_site_name":"Av. Deniz Can K\u0131z\u0131l","article_published_time":"2025-03-20T11:41:13+00:00","og_image":[{"width":1280,"height":720,"url":"https:\/\/denizcankizil.tr\/wp-content\/uploads\/2025\/03\/5621-01-JA2OPL.jpeg","type":"image\/jpeg"}],"author":"Av. Deniz Can K\u0131z\u0131l","twitter_card":"summary_large_image","twitter_misc":{"\u041d\u0430\u043f\u0438\u0441\u0430\u043d\u043e":"Av. Deniz Can K\u0131z\u0131l","\u041f\u0440\u0438\u0431\u043b. \u0447\u0430\u0441 \u0447\u0438\u0442\u0430\u043d\u043d\u044f":"1 \u0445\u0432\u0438\u043b\u0438\u043d\u0430"},"schema":{"@context":"https:\/\/schema.org","@graph":[{"@type":"Article","@id":"https:\/\/denizcankizil.tr\/de\/haberler\/antalya\/boludaki-otel-yangininda-olen-36-cocuk-anisina-gul-dikildi\/#article","isPartOf":{"@id":"https:\/\/denizcankizil.tr\/de\/haberler\/antalya\/boludaki-otel-yangininda-olen-36-cocuk-anisina-gul-dikildi\/"},"author":{"name":"Av. Deniz Can K\u0131z\u0131l","@id":"https:\/\/denizcankizil.tr\/de\/#\/schema\/person\/5dc1b22991bd7ac833867c10afc9b0ff"},"headline":"Bolu&#8217;daki otel yang\u0131n\u0131nda \u00f6len 36 \u00e7ocuk an\u0131s\u0131na g\u00fcl dikildi","datePublished":"2025-03-20T11:41:13+00:00","mainEntityOfPage":{"@id":"https:\/\/denizcankizil.tr\/de\/haberler\/antalya\/boludaki-otel-yangininda-olen-36-cocuk-anisina-gul-dikildi\/"},"wordCount":156,"publisher":{"@id":"https:\/\/denizcankizil.tr\/de\/#organization"},"image":{"@id":"https:\/\/denizcankizil.tr\/de\/haberler\/antalya\/boludaki-otel-yangininda-olen-36-cocuk-anisina-gul-dikildi\/#primaryimage"},"thumbnailUrl":"https:\/\/denizcankizil.tr\/wp-content\/uploads\/2025\/03\/5621-01-JA2OPL.jpeg","articleSection":["Antalya"],"inLanguage":"uk"},{"@type":"WebPage","@id":"https:\/\/denizcankizil.tr\/de\/haberler\/antalya\/boludaki-otel-yangininda-olen-36-cocuk-anisina-gul-dikildi\/","url":"https:\/\/denizcankizil.tr\/de\/haberler\/antalya\/boludaki-otel-yangininda-olen-36-cocuk-anisina-gul-dikildi\/","name":"Bolu'daki otel yang\u0131n\u0131nda \u00f6len 36 \u00e7ocuk an\u0131s\u0131na g\u00fcl dikildi - Av. Deniz Can K\u0131z\u0131l","isPartOf":{"@id":"https:\/\/denizcankizil.tr\/de\/#website"},"primaryImageOfPage":{"@id":"https:\/\/denizcankizil.tr\/de\/haberler\/antalya\/boludaki-otel-yangininda-olen-36-cocuk-anisina-gul-dikildi\/#primaryimage"},"image":{"@id":"https:\/\/denizcankizil.tr\/de\/haberler\/antalya\/boludaki-otel-yangininda-olen-36-cocuk-anisina-gul-dikildi\/#primaryimage"},"thumbnailUrl":"https:\/\/denizcankizil.tr\/wp-content\/uploads\/2025\/03\/5621-01-JA2OPL.jpeg","datePublished":"2025-03-20T11:41:13+00:00","breadcrumb":{"@id":"https:\/\/denizcankizil.tr\/de\/haberler\/antalya\/boludaki-otel-yangininda-olen-36-cocuk-anisina-gul-dikildi\/#breadcrumb"},"inLanguage":"uk","potentialAction":[{"@type":"ReadAction","target":["https:\/\/denizcankizil.tr\/de\/haberler\/antalya\/boludaki-otel-yangininda-olen-36-cocuk-anisina-gul-dikildi\/"]}]},{"@type":"ImageObject","inLanguage":"uk","@id":"https:\/\/denizcankizil.tr\/de\/haberler\/antalya\/boludaki-otel-yangininda-olen-36-cocuk-anisina-gul-dikildi\/#primaryimage","url":"https:\/\/denizcankizil.tr\/wp-content\/uploads\/2025\/03\/5621-01-JA2OPL.jpeg","contentUrl":"https:\/\/denizcankizil.tr\/wp-content\/uploads\/2025\/03\/5621-01-JA2OPL.jpeg","width":1280,"height":720},{"@type":"BreadcrumbList","@id":"https:\/\/denizcankizil.tr\/de\/haberler\/antalya\/boludaki-otel-yangininda-olen-36-cocuk-anisina-gul-dikildi\/#breadcrumb","itemListElement":[{"@type":"ListItem","position":1,"name":"Home","item":"https:\/\/denizcankizil.tr\/de\/"},{"@type":"ListItem","position":2,"name":"Bolu&#8217;daki otel yang\u0131n\u0131nda \u00f6len 36 \u00e7ocuk an\u0131s\u0131na g\u00fcl dikildi"}]},{"@type":"WebSite","@id":"https:\/\/denizcankizil.tr\/de\/#website","url":"https:\/\/denizcankizil.tr\/de\/","name":"Av. Deniz Can K\u0131z\u0131l","description":"Avukat Deniz Can K\u0131z\u0131l Antalya Barosu","publisher":{"@id":"https:\/\/denizcankizil.tr\/de\/#organization"},"potentialAction":[{"@type":"SearchAction","target":{"@type":"EntryPoint","urlTemplate":"https:\/\/denizcankizil.tr\/de\/?s={search_term_string}"},"query-input":{"@type":"PropertyValueSpecification","valueRequired":true,"valueName":"search_term_string"}}],"inLanguage":"uk"},{"@type":"Organization","@id":"https:\/\/denizcankizil.tr\/de\/#organization","name":"Av. Deniz Can K\u0131z\u0131l","url":"https:\/\/denizcankizil.tr\/de\/","logo":{"@type":"ImageObject","inLanguage":"uk","@id":"https:\/\/denizcankizil.tr\/de\/#\/schema\/logo\/image\/","url":"https:\/\/denizcankizil.tr\/wp-content\/uploads\/2024\/10\/siyah-logo-svg.svg","contentUrl":"https:\/\/denizcankizil.tr\/wp-content\/uploads\/2024\/10\/siyah-logo-svg.svg","width":1080,"height":1080,"caption":"Av. Deniz Can K\u0131z\u0131l"},"image":{"@id":"https:\/\/denizcankizil.tr\/de\/#\/schema\/logo\/image\/"}},{"@type":"Person","@id":"https:\/\/denizcankizil.tr\/de\/#\/schema\/person\/5dc1b22991bd7ac833867c10afc9b0ff","name":"Av. Deniz Can K\u0131z\u0131l","image":{"@type":"ImageObject","inLanguage":"uk","@id":"https:\/\/denizcankizil.tr\/de\/#\/schema\/person\/image\/","url":"https:\/\/secure.gravatar.com\/avatar\/a0b128fb9855c79efc976d5640eedb31dc35ec297594d6016d2cf7c60e975bb6?s=96&d=mm&r=g","contentUrl":"https:\/\/secure.gravatar.com\/avatar\/a0b128fb9855c79efc976d5640eedb31dc35ec297594d6016d2cf7c60e975bb6?s=96&d=mm&r=g","caption":"Av. Deniz Can K\u0131z\u0131l"},"sameAs":["http:\/\/www.denizcankizil.tr"],"url":"https:\/\/denizcankizil.tr\/uk\/author\/denizcankizil\/"}]}},"_links":{"self":[{"href":"https:\/\/denizcankizil.tr\/uk\/wp-json\/wp\/v2\/posts\/36390","targetHints":{"allow":["GET"]}}],"collection":[{"href":"https:\/\/denizcankizil.tr\/uk\/wp-json\/wp\/v2\/posts"}],"about":[{"href":"https:\/\/denizcankizil.tr\/uk\/wp-json\/wp\/v2\/types\/post"}],"author":[{"embeddable":true,"href":"https:\/\/denizcankizil.tr\/uk\/wp-json\/wp\/v2\/users\/4"}],"replies":[{"embeddable":true,"href":"https:\/\/denizcankizil.tr\/uk\/wp-json\/wp\/v2\/comments?post=36390"}],"version-history":[{"count":0,"href":"https:\/\/denizcankizil.tr\/uk\/wp-json\/wp\/v2\/posts\/36390\/revisions"}],"wp:featuredmedia":[{"embeddable":true,"href":"https:\/\/denizcankizil.tr\/uk\/wp-json\/wp\/v2\/media\/36391"}],"wp:attachment":[{"href":"https:\/\/denizcankizil.tr\/uk\/wp-json\/wp\/v2\/media?parent=36390"}],"wp:term":[{"taxonomy":"category","embeddable":true,"href":"https:\/\/denizcankizil.tr\/uk\/wp-json\/wp\/v2\/categories?post=36390"},{"taxonomy":"post_tag","embeddable":true,"href":"https:\/\/denizcankizil.tr\/uk\/wp-json\/wp\/v2\/tags?post=36390"}],"curies":[{"name":"wp","href":"https:\/\/api.w.org\/{rel}","templated":true}]}}