{"id":36384,"date":"2025-03-20T13:41:16","date_gmt":"2025-03-20T10:41:16","guid":{"rendered":"https:\/\/denizcankizil.tr\/uncategorized-tr\/antalyada-dag-bisikleti-heyecani-basliyor\/"},"modified":"2025-03-20T13:41:16","modified_gmt":"2025-03-20T10:41:16","slug":"antalyada-dag-bisikleti-heyecani-basliyor","status":"publish","type":"post","link":"https:\/\/denizcankizil.tr\/uk\/haberler\/antalya\/antalyada-dag-bisikleti-heyecani-basliyor\/","title":{"rendered":"Antalya\u2019da da\u011f bisikleti heyecan\u0131 ba\u015fl\u0131yor"},"content":{"rendered":"<p>Trans Taurus Da\u011f Bisikleti Etap Yar\u0131\u015flar\u0131, 10-13 Nisan 2025 tarihlerinde Antalya&#8217;n\u0131n Kemer b\u00f6lgesinde d\u00fczenlenecek. Da\u011f ve gravel bisikleti tutkunlar\u0131n\u0131 bir araya getirecek etkinli\u011fin bu y\u0131l \u00fc\u00e7\u00fcnc\u00fcs\u00fc ger\u00e7ekle\u015ftirilecek. Bu y\u0131l &#8216;Bisikletin Kalbi Kemer\u2019de At\u0131yor&#8217; slogan\u0131yla d\u00fczenlenecek organizasyonda sporcular, 4 g\u00fcn 4 etapta 200 kilometre pedal \u00e7evirecek. Kay\u0131tlar\u0131 devam eden yar\u0131\u015fa bu y\u0131l yerli ve yabanc\u0131 140 sporcu kat\u0131l\u0131m sa\u011flayacak.<br \/>\n10 Nisan Per\u015fembe g\u00fcn\u00fcn\u00fc Kemer il\u00e7e merkezindeki Mustafa Ertu\u011frul Aker Park\u0131\u2019nda ba\u015flayacak organizasyonda ilk g\u00fcn 20 kilometrelik s\u0131ralama etab\u0131 ge\u00e7ilecek. 11-12-13 Nisan tarihlerinde ise g\u00fcnl\u00fck 60 kilometrelik etaplarda rak\u0131mla birlikte e\u011fimde giderek artacak ve sporcular, Kemer\u2019in bat\u0131s\u0131n\u0131 \u00e7evreleyen Toroslar\u2019daki sedir ormanlar\u0131 i\u00e7erisinde m\u00fccadele verecek. Kat\u0131l\u0131mc\u0131lar, son g\u00fcn zorlu etaplardan sonra son fini\u015fi g\u00f6recek. Dereceye giren sporcular, Mustafa Ertu\u011frul Aker Park\u0131\u2019nda d\u00fczenlenecek \u00f6d\u00fcl t\u00f6reninde kupalar\u0131na kavu\u015facak.<\/p>\n<p>Kaynak: www.kanalv.com.tr Haber Sitesinden Al\u0131nm\u0131\u015ft\u0131r.<\/p>","protected":false},"excerpt":{"rendered":"<p>Trans Taurus Da\u011f Bisikleti Etap Yar\u0131\u015flar\u0131, 10-13 Nisan 2025 tarihlerinde Antalya&#8217;n\u0131n Kemer b\u00f6lgesinde d\u00fczenlenecek. Da\u011f ve gravel bisikleti tutkunlar\u0131n\u0131 bir araya getirecek etkinli\u011fin bu y\u0131l \u00fc\u00e7\u00fcnc\u00fcs\u00fc ger\u00e7ekle\u015ftirilecek. Bu y\u0131l &#8216;Bisikletin Kalbi Kemer\u2019de At\u0131yor&#8217; slogan\u0131yla d\u00fczenlenecek organizasyonda sporcular, 4 g\u00fcn 4 etapta 200 kilometre pedal \u00e7evirecek. Kay\u0131tlar\u0131 devam eden yar\u0131\u015fa bu y\u0131l yerli ve yabanc\u0131 140 sporcu kat\u0131l\u0131m sa\u011flayacak. 10 Nisan Per\u015fembe g\u00fcn\u00fcn\u00fc Kemer il\u00e7e merkezindeki Mustafa Ertu\u011frul Aker Park\u0131\u2019nda ba\u015flayacak organizasyonda ilk g\u00fcn 20 kilometrelik s\u0131ralama etab\u0131 ge\u00e7ilecek. 11-12-13 Nisan tarihlerinde ise g\u00fcnl\u00fck 60 kilometrelik etaplarda rak\u0131mla birlikte e\u011fimde giderek artacak ve sporcular, Kemer\u2019in bat\u0131s\u0131n\u0131 \u00e7evreleyen Toroslar\u2019daki sedir ormanlar\u0131 i\u00e7erisinde m\u00fccadele verecek. Kat\u0131l\u0131mc\u0131lar, son g\u00fcn zorlu etaplardan sonra son fini\u015fi g\u00f6recek. Dereceye giren sporcular, Mustafa Ertu\u011frul Aker Park\u0131\u2019nda d\u00fczenlenecek \u00f6d\u00fcl t\u00f6reninde kupalar\u0131na kavu\u015facak. Kaynak: www.kanalv.com.tr Haber Sitesinden Al\u0131nm\u0131\u015ft\u0131r.<\/p>","protected":false},"author":4,"featured_media":36385,"comment_status":"","ping_status":"open","sticky":false,"template":"","format":"standard","meta":{"_acf_changed":false,"footnotes":""},"categories":[26],"tags":[],"class_list":["post-36384","post","type-post","status-publish","format-standard","has-post-thumbnail","hentry","category-antalya"],"acf":[],"yoast_head":"<!-- This site is optimized with the Yoast SEO Premium plugin v26.6 (Yoast SEO v27.1.1) - https:\/\/yoast.com\/product\/yoast-seo-premium-wordpress\/ -->\n<title>Antalya\u2019da da\u011f bisikleti heyecan\u0131 ba\u015fl\u0131yor - Av. Deniz Can K\u0131z\u0131l<\/title>\n<meta name=\"robots\" content=\"index, follow, max-snippet:-1, max-image-preview:large, max-video-preview:-1\" \/>\n<link rel=\"canonical\" href=\"http:\/\/denizcankizil.tr\/uk\/haberler\/antalya\/antalyada-dag-bisikleti-heyecani-basliyor\/\" \/>\n<meta property=\"og:locale\" content=\"uk_UA\" \/>\n<meta property=\"og:type\" content=\"article\" \/>\n<meta property=\"og:title\" content=\"Antalya\u2019da da\u011f bisikleti heyecan\u0131 ba\u015fl\u0131yor\" \/>\n<meta property=\"og:description\" content=\"Trans Taurus Da\u011f Bisikleti Etap Yar\u0131\u015flar\u0131, 10-13 Nisan 2025 tarihlerinde Antalya&#8217;n\u0131n Kemer b\u00f6lgesinde d\u00fczenlenecek. Da\u011f ve gravel bisikleti tutkunlar\u0131n\u0131 bir araya getirecek etkinli\u011fin bu y\u0131l \u00fc\u00e7\u00fcnc\u00fcs\u00fc ger\u00e7ekle\u015ftirilecek. Bu y\u0131l &#8216;Bisikletin Kalbi Kemer\u2019de At\u0131yor&#8217; slogan\u0131yla d\u00fczenlenecek organizasyonda sporcular, 4 g\u00fcn 4 etapta 200 kilometre pedal \u00e7evirecek. Kay\u0131tlar\u0131 devam eden yar\u0131\u015fa bu y\u0131l yerli ve yabanc\u0131 140 sporcu kat\u0131l\u0131m sa\u011flayacak. 10 Nisan Per\u015fembe g\u00fcn\u00fcn\u00fc Kemer il\u00e7e merkezindeki Mustafa Ertu\u011frul Aker Park\u0131\u2019nda ba\u015flayacak organizasyonda ilk g\u00fcn 20 kilometrelik s\u0131ralama etab\u0131 ge\u00e7ilecek. 11-12-13 Nisan tarihlerinde ise g\u00fcnl\u00fck 60 kilometrelik etaplarda rak\u0131mla birlikte e\u011fimde giderek artacak ve sporcular, Kemer\u2019in bat\u0131s\u0131n\u0131 \u00e7evreleyen Toroslar\u2019daki sedir ormanlar\u0131 i\u00e7erisinde m\u00fccadele verecek. Kat\u0131l\u0131mc\u0131lar, son g\u00fcn zorlu etaplardan sonra son fini\u015fi g\u00f6recek. Dereceye giren sporcular, Mustafa Ertu\u011frul Aker Park\u0131\u2019nda d\u00fczenlenecek \u00f6d\u00fcl t\u00f6reninde kupalar\u0131na kavu\u015facak. Kaynak: www.kanalv.com.tr Haber Sitesinden Al\u0131nm\u0131\u015ft\u0131r.\" \/>\n<meta property=\"og:url\" content=\"http:\/\/denizcankizil.tr\/uk\/haberler\/antalya\/antalyada-dag-bisikleti-heyecani-basliyor\/\" \/>\n<meta property=\"og:site_name\" content=\"Av. Deniz Can K\u0131z\u0131l\" \/>\n<meta property=\"article:published_time\" content=\"2025-03-20T10:41:16+00:00\" \/>\n<meta property=\"og:image\" content=\"http:\/\/denizcankizil.tr\/wp-content\/uploads\/2025\/03\/5618-01-hJ0Svc.jpeg\" \/>\n\t<meta property=\"og:image:width\" content=\"1280\" \/>\n\t<meta property=\"og:image:height\" content=\"720\" \/>\n\t<meta property=\"og:image:type\" content=\"image\/jpeg\" \/>\n<meta name=\"author\" content=\"Av. Deniz Can K\u0131z\u0131l\" \/>\n<meta name=\"twitter:card\" content=\"summary_large_image\" \/>\n<meta name=\"twitter:label1\" content=\"\u041d\u0430\u043f\u0438\u0441\u0430\u043d\u043e\" \/>\n\t<meta name=\"twitter:data1\" content=\"Av. Deniz Can K\u0131z\u0131l\" \/>\n\t<meta name=\"twitter:label2\" content=\"\u041f\u0440\u0438\u0431\u043b. \u0447\u0430\u0441 \u0447\u0438\u0442\u0430\u043d\u043d\u044f\" \/>\n\t<meta name=\"twitter:data2\" content=\"1 \u0445\u0432\u0438\u043b\u0438\u043d\u0430\" \/>\n<script type=\"application\/ld+json\" class=\"yoast-schema-graph\">{\"@context\":\"https:\/\/schema.org\",\"@graph\":[{\"@type\":\"Article\",\"@id\":\"http:\/\/denizcankizil.tr\/de\/haberler\/antalya\/antalyada-dag-bisikleti-heyecani-basliyor\/#article\",\"isPartOf\":{\"@id\":\"http:\/\/denizcankizil.tr\/de\/haberler\/antalya\/antalyada-dag-bisikleti-heyecani-basliyor\/\"},\"author\":{\"name\":\"Av. Deniz Can K\u0131z\u0131l\",\"@id\":\"https:\/\/denizcankizil.tr\/#\/schema\/person\/5dc1b22991bd7ac833867c10afc9b0ff\"},\"headline\":\"Antalya\u2019da da\u011f bisikleti heyecan\u0131 ba\u015fl\u0131yor\",\"datePublished\":\"2025-03-20T10:41:16+00:00\",\"mainEntityOfPage\":{\"@id\":\"http:\/\/denizcankizil.tr\/de\/haberler\/antalya\/antalyada-dag-bisikleti-heyecani-basliyor\/\"},\"wordCount\":191,\"publisher\":{\"@id\":\"https:\/\/denizcankizil.tr\/#organization\"},\"image\":{\"@id\":\"http:\/\/denizcankizil.tr\/de\/haberler\/antalya\/antalyada-dag-bisikleti-heyecani-basliyor\/#primaryimage\"},\"thumbnailUrl\":\"https:\/\/denizcankizil.tr\/wp-content\/uploads\/2025\/03\/5618-01-hJ0Svc.jpeg\",\"articleSection\":[\"Antalya\"],\"inLanguage\":\"uk\"},{\"@type\":\"WebPage\",\"@id\":\"http:\/\/denizcankizil.tr\/de\/haberler\/antalya\/antalyada-dag-bisikleti-heyecani-basliyor\/\",\"url\":\"http:\/\/denizcankizil.tr\/de\/haberler\/antalya\/antalyada-dag-bisikleti-heyecani-basliyor\/\",\"name\":\"Antalya\u2019da da\u011f bisikleti heyecan\u0131 ba\u015fl\u0131yor - Av. Deniz Can K\u0131z\u0131l\",\"isPartOf\":{\"@id\":\"https:\/\/denizcankizil.tr\/#website\"},\"primaryImageOfPage\":{\"@id\":\"http:\/\/denizcankizil.tr\/de\/haberler\/antalya\/antalyada-dag-bisikleti-heyecani-basliyor\/#primaryimage\"},\"image\":{\"@id\":\"http:\/\/denizcankizil.tr\/de\/haberler\/antalya\/antalyada-dag-bisikleti-heyecani-basliyor\/#primaryimage\"},\"thumbnailUrl\":\"https:\/\/denizcankizil.tr\/wp-content\/uploads\/2025\/03\/5618-01-hJ0Svc.jpeg\",\"datePublished\":\"2025-03-20T10:41:16+00:00\",\"breadcrumb\":{\"@id\":\"http:\/\/denizcankizil.tr\/de\/haberler\/antalya\/antalyada-dag-bisikleti-heyecani-basliyor\/#breadcrumb\"},\"inLanguage\":\"uk\",\"potentialAction\":[{\"@type\":\"ReadAction\",\"target\":[\"http:\/\/denizcankizil.tr\/de\/haberler\/antalya\/antalyada-dag-bisikleti-heyecani-basliyor\/\"]}]},{\"@type\":\"ImageObject\",\"inLanguage\":\"uk\",\"@id\":\"http:\/\/denizcankizil.tr\/de\/haberler\/antalya\/antalyada-dag-bisikleti-heyecani-basliyor\/#primaryimage\",\"url\":\"https:\/\/denizcankizil.tr\/wp-content\/uploads\/2025\/03\/5618-01-hJ0Svc.jpeg\",\"contentUrl\":\"https:\/\/denizcankizil.tr\/wp-content\/uploads\/2025\/03\/5618-01-hJ0Svc.jpeg\",\"width\":1280,\"height\":720},{\"@type\":\"BreadcrumbList\",\"@id\":\"http:\/\/denizcankizil.tr\/de\/haberler\/antalya\/antalyada-dag-bisikleti-heyecani-basliyor\/#breadcrumb\",\"itemListElement\":[{\"@type\":\"ListItem\",\"position\":1,\"name\":\"Home\",\"item\":\"https:\/\/denizcankizil.tr\/de\/\"},{\"@type\":\"ListItem\",\"position\":2,\"name\":\"Antalya\u2019da da\u011f bisikleti heyecan\u0131 ba\u015fl\u0131yor\"}]},{\"@type\":\"WebSite\",\"@id\":\"https:\/\/denizcankizil.tr\/#website\",\"url\":\"https:\/\/denizcankizil.tr\/\",\"name\":\"Av. Deniz Can K\u0131z\u0131l\",\"description\":\"Avukat Deniz Can K\u0131z\u0131l Antalya Barosu\",\"publisher\":{\"@id\":\"https:\/\/denizcankizil.tr\/#organization\"},\"potentialAction\":[{\"@type\":\"SearchAction\",\"target\":{\"@type\":\"EntryPoint\",\"urlTemplate\":\"https:\/\/denizcankizil.tr\/?s={search_term_string}\"},\"query-input\":{\"@type\":\"PropertyValueSpecification\",\"valueRequired\":true,\"valueName\":\"search_term_string\"}}],\"inLanguage\":\"uk\"},{\"@type\":\"Organization\",\"@id\":\"https:\/\/denizcankizil.tr\/#organization\",\"name\":\"Av. Deniz Can K\u0131z\u0131l\",\"url\":\"https:\/\/denizcankizil.tr\/\",\"logo\":{\"@type\":\"ImageObject\",\"inLanguage\":\"uk\",\"@id\":\"https:\/\/denizcankizil.tr\/#\/schema\/logo\/image\/\",\"url\":\"https:\/\/denizcankizil.tr\/wp-content\/uploads\/2024\/10\/siyah-logo-svg.svg\",\"contentUrl\":\"https:\/\/denizcankizil.tr\/wp-content\/uploads\/2024\/10\/siyah-logo-svg.svg\",\"width\":1080,\"height\":1080,\"caption\":\"Av. Deniz Can K\u0131z\u0131l\"},\"image\":{\"@id\":\"https:\/\/denizcankizil.tr\/#\/schema\/logo\/image\/\"}},{\"@type\":\"Person\",\"@id\":\"https:\/\/denizcankizil.tr\/#\/schema\/person\/5dc1b22991bd7ac833867c10afc9b0ff\",\"name\":\"Av. Deniz Can K\u0131z\u0131l\",\"image\":{\"@type\":\"ImageObject\",\"inLanguage\":\"uk\",\"@id\":\"https:\/\/denizcankizil.tr\/#\/schema\/person\/image\/\",\"url\":\"https:\/\/secure.gravatar.com\/avatar\/a0b128fb9855c79efc976d5640eedb31dc35ec297594d6016d2cf7c60e975bb6?s=96&d=mm&r=g\",\"contentUrl\":\"https:\/\/secure.gravatar.com\/avatar\/a0b128fb9855c79efc976d5640eedb31dc35ec297594d6016d2cf7c60e975bb6?s=96&d=mm&r=g\",\"caption\":\"Av. Deniz Can K\u0131z\u0131l\"},\"sameAs\":[\"http:\/\/www.denizcankizil.tr\"],\"url\":\"https:\/\/denizcankizil.tr\/uk\/author\/denizcankizil\/\"}]}<\/script>\n<!-- \/ Yoast SEO Premium plugin. -->","yoast_head_json":{"title":"Antalya\u2019da da\u011f bisikleti heyecan\u0131 ba\u015fl\u0131yor - Av. Deniz Can K\u0131z\u0131l","robots":{"index":"index","follow":"follow","max-snippet":"max-snippet:-1","max-image-preview":"max-image-preview:large","max-video-preview":"max-video-preview:-1"},"canonical":"http:\/\/denizcankizil.tr\/uk\/haberler\/antalya\/antalyada-dag-bisikleti-heyecani-basliyor\/","og_locale":"uk_UA","og_type":"article","og_title":"Antalya\u2019da da\u011f bisikleti heyecan\u0131 ba\u015fl\u0131yor","og_description":"Trans Taurus Da\u011f Bisikleti Etap Yar\u0131\u015flar\u0131, 10-13 Nisan 2025 tarihlerinde Antalya&#8217;n\u0131n Kemer b\u00f6lgesinde d\u00fczenlenecek. Da\u011f ve gravel bisikleti tutkunlar\u0131n\u0131 bir araya getirecek etkinli\u011fin bu y\u0131l \u00fc\u00e7\u00fcnc\u00fcs\u00fc ger\u00e7ekle\u015ftirilecek. Bu y\u0131l &#8216;Bisikletin Kalbi Kemer\u2019de At\u0131yor&#8217; slogan\u0131yla d\u00fczenlenecek organizasyonda sporcular, 4 g\u00fcn 4 etapta 200 kilometre pedal \u00e7evirecek. Kay\u0131tlar\u0131 devam eden yar\u0131\u015fa bu y\u0131l yerli ve yabanc\u0131 140 sporcu kat\u0131l\u0131m sa\u011flayacak. 10 Nisan Per\u015fembe g\u00fcn\u00fcn\u00fc Kemer il\u00e7e merkezindeki Mustafa Ertu\u011frul Aker Park\u0131\u2019nda ba\u015flayacak organizasyonda ilk g\u00fcn 20 kilometrelik s\u0131ralama etab\u0131 ge\u00e7ilecek. 11-12-13 Nisan tarihlerinde ise g\u00fcnl\u00fck 60 kilometrelik etaplarda rak\u0131mla birlikte e\u011fimde giderek artacak ve sporcular, Kemer\u2019in bat\u0131s\u0131n\u0131 \u00e7evreleyen Toroslar\u2019daki sedir ormanlar\u0131 i\u00e7erisinde m\u00fccadele verecek. Kat\u0131l\u0131mc\u0131lar, son g\u00fcn zorlu etaplardan sonra son fini\u015fi g\u00f6recek. Dereceye giren sporcular, Mustafa Ertu\u011frul Aker Park\u0131\u2019nda d\u00fczenlenecek \u00f6d\u00fcl t\u00f6reninde kupalar\u0131na kavu\u015facak. Kaynak: www.kanalv.com.tr Haber Sitesinden Al\u0131nm\u0131\u015ft\u0131r.","og_url":"http:\/\/denizcankizil.tr\/uk\/haberler\/antalya\/antalyada-dag-bisikleti-heyecani-basliyor\/","og_site_name":"Av. Deniz Can K\u0131z\u0131l","article_published_time":"2025-03-20T10:41:16+00:00","og_image":[{"width":1280,"height":720,"url":"http:\/\/denizcankizil.tr\/wp-content\/uploads\/2025\/03\/5618-01-hJ0Svc.jpeg","type":"image\/jpeg"}],"author":"Av. Deniz Can K\u0131z\u0131l","twitter_card":"summary_large_image","twitter_misc":{"\u041d\u0430\u043f\u0438\u0441\u0430\u043d\u043e":"Av. Deniz Can K\u0131z\u0131l","\u041f\u0440\u0438\u0431\u043b. \u0447\u0430\u0441 \u0447\u0438\u0442\u0430\u043d\u043d\u044f":"1 \u0445\u0432\u0438\u043b\u0438\u043d\u0430"},"schema":{"@context":"https:\/\/schema.org","@graph":[{"@type":"Article","@id":"http:\/\/denizcankizil.tr\/de\/haberler\/antalya\/antalyada-dag-bisikleti-heyecani-basliyor\/#article","isPartOf":{"@id":"http:\/\/denizcankizil.tr\/de\/haberler\/antalya\/antalyada-dag-bisikleti-heyecani-basliyor\/"},"author":{"name":"Av. Deniz Can K\u0131z\u0131l","@id":"https:\/\/denizcankizil.tr\/#\/schema\/person\/5dc1b22991bd7ac833867c10afc9b0ff"},"headline":"Antalya\u2019da da\u011f bisikleti heyecan\u0131 ba\u015fl\u0131yor","datePublished":"2025-03-20T10:41:16+00:00","mainEntityOfPage":{"@id":"http:\/\/denizcankizil.tr\/de\/haberler\/antalya\/antalyada-dag-bisikleti-heyecani-basliyor\/"},"wordCount":191,"publisher":{"@id":"https:\/\/denizcankizil.tr\/#organization"},"image":{"@id":"http:\/\/denizcankizil.tr\/de\/haberler\/antalya\/antalyada-dag-bisikleti-heyecani-basliyor\/#primaryimage"},"thumbnailUrl":"https:\/\/denizcankizil.tr\/wp-content\/uploads\/2025\/03\/5618-01-hJ0Svc.jpeg","articleSection":["Antalya"],"inLanguage":"uk"},{"@type":"WebPage","@id":"http:\/\/denizcankizil.tr\/de\/haberler\/antalya\/antalyada-dag-bisikleti-heyecani-basliyor\/","url":"http:\/\/denizcankizil.tr\/de\/haberler\/antalya\/antalyada-dag-bisikleti-heyecani-basliyor\/","name":"Antalya\u2019da da\u011f bisikleti heyecan\u0131 ba\u015fl\u0131yor - Av. Deniz Can K\u0131z\u0131l","isPartOf":{"@id":"https:\/\/denizcankizil.tr\/#website"},"primaryImageOfPage":{"@id":"http:\/\/denizcankizil.tr\/de\/haberler\/antalya\/antalyada-dag-bisikleti-heyecani-basliyor\/#primaryimage"},"image":{"@id":"http:\/\/denizcankizil.tr\/de\/haberler\/antalya\/antalyada-dag-bisikleti-heyecani-basliyor\/#primaryimage"},"thumbnailUrl":"https:\/\/denizcankizil.tr\/wp-content\/uploads\/2025\/03\/5618-01-hJ0Svc.jpeg","datePublished":"2025-03-20T10:41:16+00:00","breadcrumb":{"@id":"http:\/\/denizcankizil.tr\/de\/haberler\/antalya\/antalyada-dag-bisikleti-heyecani-basliyor\/#breadcrumb"},"inLanguage":"uk","potentialAction":[{"@type":"ReadAction","target":["http:\/\/denizcankizil.tr\/de\/haberler\/antalya\/antalyada-dag-bisikleti-heyecani-basliyor\/"]}]},{"@type":"ImageObject","inLanguage":"uk","@id":"http:\/\/denizcankizil.tr\/de\/haberler\/antalya\/antalyada-dag-bisikleti-heyecani-basliyor\/#primaryimage","url":"https:\/\/denizcankizil.tr\/wp-content\/uploads\/2025\/03\/5618-01-hJ0Svc.jpeg","contentUrl":"https:\/\/denizcankizil.tr\/wp-content\/uploads\/2025\/03\/5618-01-hJ0Svc.jpeg","width":1280,"height":720},{"@type":"BreadcrumbList","@id":"http:\/\/denizcankizil.tr\/de\/haberler\/antalya\/antalyada-dag-bisikleti-heyecani-basliyor\/#breadcrumb","itemListElement":[{"@type":"ListItem","position":1,"name":"Home","item":"https:\/\/denizcankizil.tr\/de\/"},{"@type":"ListItem","position":2,"name":"Antalya\u2019da da\u011f bisikleti heyecan\u0131 ba\u015fl\u0131yor"}]},{"@type":"WebSite","@id":"https:\/\/denizcankizil.tr\/#website","url":"https:\/\/denizcankizil.tr\/","name":"Av. Deniz Can K\u0131z\u0131l","description":"Avukat Deniz Can K\u0131z\u0131l Antalya Barosu","publisher":{"@id":"https:\/\/denizcankizil.tr\/#organization"},"potentialAction":[{"@type":"SearchAction","target":{"@type":"EntryPoint","urlTemplate":"https:\/\/denizcankizil.tr\/?s={search_term_string}"},"query-input":{"@type":"PropertyValueSpecification","valueRequired":true,"valueName":"search_term_string"}}],"inLanguage":"uk"},{"@type":"Organization","@id":"https:\/\/denizcankizil.tr\/#organization","name":"Av. Deniz Can K\u0131z\u0131l","url":"https:\/\/denizcankizil.tr\/","logo":{"@type":"ImageObject","inLanguage":"uk","@id":"https:\/\/denizcankizil.tr\/#\/schema\/logo\/image\/","url":"https:\/\/denizcankizil.tr\/wp-content\/uploads\/2024\/10\/siyah-logo-svg.svg","contentUrl":"https:\/\/denizcankizil.tr\/wp-content\/uploads\/2024\/10\/siyah-logo-svg.svg","width":1080,"height":1080,"caption":"Av. Deniz Can K\u0131z\u0131l"},"image":{"@id":"https:\/\/denizcankizil.tr\/#\/schema\/logo\/image\/"}},{"@type":"Person","@id":"https:\/\/denizcankizil.tr\/#\/schema\/person\/5dc1b22991bd7ac833867c10afc9b0ff","name":"Av. Deniz Can K\u0131z\u0131l","image":{"@type":"ImageObject","inLanguage":"uk","@id":"https:\/\/denizcankizil.tr\/#\/schema\/person\/image\/","url":"https:\/\/secure.gravatar.com\/avatar\/a0b128fb9855c79efc976d5640eedb31dc35ec297594d6016d2cf7c60e975bb6?s=96&d=mm&r=g","contentUrl":"https:\/\/secure.gravatar.com\/avatar\/a0b128fb9855c79efc976d5640eedb31dc35ec297594d6016d2cf7c60e975bb6?s=96&d=mm&r=g","caption":"Av. Deniz Can K\u0131z\u0131l"},"sameAs":["http:\/\/www.denizcankizil.tr"],"url":"https:\/\/denizcankizil.tr\/uk\/author\/denizcankizil\/"}]}},"_links":{"self":[{"href":"https:\/\/denizcankizil.tr\/uk\/wp-json\/wp\/v2\/posts\/36384","targetHints":{"allow":["GET"]}}],"collection":[{"href":"https:\/\/denizcankizil.tr\/uk\/wp-json\/wp\/v2\/posts"}],"about":[{"href":"https:\/\/denizcankizil.tr\/uk\/wp-json\/wp\/v2\/types\/post"}],"author":[{"embeddable":true,"href":"https:\/\/denizcankizil.tr\/uk\/wp-json\/wp\/v2\/users\/4"}],"replies":[{"embeddable":true,"href":"https:\/\/denizcankizil.tr\/uk\/wp-json\/wp\/v2\/comments?post=36384"}],"version-history":[{"count":0,"href":"https:\/\/denizcankizil.tr\/uk\/wp-json\/wp\/v2\/posts\/36384\/revisions"}],"wp:featuredmedia":[{"embeddable":true,"href":"https:\/\/denizcankizil.tr\/uk\/wp-json\/wp\/v2\/media\/36385"}],"wp:attachment":[{"href":"https:\/\/denizcankizil.tr\/uk\/wp-json\/wp\/v2\/media?parent=36384"}],"wp:term":[{"taxonomy":"category","embeddable":true,"href":"https:\/\/denizcankizil.tr\/uk\/wp-json\/wp\/v2\/categories?post=36384"},{"taxonomy":"post_tag","embeddable":true,"href":"https:\/\/denizcankizil.tr\/uk\/wp-json\/wp\/v2\/tags?post=36384"}],"curies":[{"name":"wp","href":"https:\/\/api.w.org\/{rel}","templated":true}]}}