{"id":36350,"date":"2025-03-20T09:41:25","date_gmt":"2025-03-20T06:41:25","guid":{"rendered":"https:\/\/denizcankizil.tr\/uncategorized-tr\/ekrem-imamogluna-ilac-verilmedigi-iddiasina-iletisim-baskanligindan-yanit\/"},"modified":"2025-03-20T09:41:25","modified_gmt":"2025-03-20T06:41:25","slug":"ekrem-imamogluna-ilac-verilmedigi-iddiasina-iletisim-baskanligindan-yanit","status":"publish","type":"post","link":"https:\/\/denizcankizil.tr\/uk\/haberler\/gundem\/ekrem-imamogluna-ilac-verilmedigi-iddiasina-iletisim-baskanligindan-yanit\/","title":{"rendered":"Ekrem \u0130mamo\u011flu&#8217;na ila\u00e7 verilmedi\u011fi iddias\u0131na \u0130leti\u015fim Ba\u015fkanl\u0131\u011f\u0131&#8217;ndan yan\u0131t!"},"content":{"rendered":"<p>\u0130leti\u015fim Ba\u015fkanl\u0131\u011f\u0131 Dezenformasyonla M\u00fccadele Merkezi (DMM), g\u00f6zalt\u0131na al\u0131nan \u0130stanbul B\u00fcy\u00fck\u015fehir Belediye Ba\u015fkan\u0131 Ekrem \u0130mamo\u011flu&#8217;nun sa\u011fl\u0131k kontrol\u00fcn\u00fcn karakolda yap\u0131ld\u0131\u011f\u0131 ve ila\u00e7lar\u0131n\u0131n verilmedi\u011fi iddialar\u0131n\u0131 yalanlad\u0131.ANKARA (\u0130GFA) &#8211;\u00a0\u0130leti\u015fim Ba\u015fkanl\u0131\u011f\u0131 Dezenformasyonla M\u00fccadele Merkezi&#8217;nden baz\u0131 bas\u0131n yay\u0131n organlar\u0131nda yer alan, \u201cEkrem \u0130mamo\u011flu\u2019nun sa\u011fl\u0131k kontrol\u00fc hastaneye g\u00f6t\u00fcr\u00fclmek yerine karakolda yap\u0131ld\u0131, ila\u00e7lar\u0131 verilmedi.\u201d iddias\u0131na y\u00f6nelik a\u00e7\u0131klama yap\u0131ld\u0131.<br \/>\nA\u00e7\u0131klamada &#8220;Bahse konu sa\u011fl\u0131k kontrol\u00fc \u0130stanbul Emniyet M\u00fcd\u00fcrl\u00fc\u011f\u00fc yak\u0131n\u0131nda bulunan \u0130stanbul T\u0131p Fak\u00fcltesi Ek Binas\u0131nda, 2 Adli T\u0131p Uzman\u0131 ve 1 Adli T\u0131p Teknisyenince doktor hasta \u00f6zeline riayet edilerek yap\u0131lm\u0131\u015ft\u0131r. Bununla birlikte g\u00f6zalt\u0131nda bulunanlar\u0131n kullanmakta oldu\u011fu rutin ila\u00e7lar \u015fah\u0131slara emniyet birimlerince verilmektedir. Kamuoyunu manip\u00fcle etmeye y\u00f6nelik as\u0131ls\u0131z iddialara itibar etmeyiniz.&#8221; ifadelerine yer verildi.\u00a0<\/p>\n<p>https:\/\/twitter.com\/dmmiletisim\/status\/1902362473786737008<\/p>\n<p>\u200b\u0130leti\u015fim Ba\u015fkanl\u0131\u011f\u0131 Dezenformasyonla M\u00fccadele Merkezi (DMM), g\u00f6zalt\u0131na al\u0131nan \u0130stanbul B\u00fcy\u00fck\u015fehir Belediye Ba\u015fkan\u0131 Ekrem \u0130mamo\u011flu&#8217;nun sa\u011fl\u0131k kontrol\u00fcn\u00fcn karakolda yap\u0131ld\u0131\u011f\u0131 ve ila\u00e7lar\u0131n\u0131n verilmedi\u011fi iddialar\u0131n\u0131 yalanlad\u0131.ANKARA (\u0130GFA) &#8211;\u00a0\u0130leti\u015fim Ba\u015fkanl\u0131\u011f\u0131 Dezenformasyonla M\u00fccadele Merkezi&#8217;nden baz\u0131 bas\u0131n yay\u0131n organlar\u0131nda yer alan, \u201cEkrem \u0130mamo\u011flu\u2019nun sa\u011fl\u0131k kontrol\u00fc hastaneye g\u00f6t\u00fcr\u00fclmek yerine karakolda yap\u0131ld\u0131, ila\u00e7lar\u0131 verilmedi.\u201d iddias\u0131na y\u00f6nelik a\u00e7\u0131klama yap\u0131ld\u0131.<br \/>\nA\u00e7\u0131klamada &#8220;Bahse konu sa\u011fl\u0131k kontrol\u00fc \u0130stanbul Emniyet M\u00fcd\u00fcrl\u00fc\u011f\u00fc yak\u0131n\u0131nda bulunan \u0130stanbul T\u0131p Fak\u00fcltesi Ek Binas\u0131nda, 2 Adli T\u0131p Uzman\u0131 ve 1 Adli T\u0131p Teknisyenince doktor hasta \u00f6zeline riayet edilerek yap\u0131lm\u0131\u015ft\u0131r. Bununla birlikte g\u00f6zalt\u0131nda bulunanlar\u0131n kullanmakta oldu\u011fu rutin ila\u00e7lar \u015fah\u0131slara emniyet birimlerince verilmektedir. Kamuoyunu manip\u00fcle etmeye y\u00f6nelik as\u0131ls\u0131z iddialara itibar etmeyiniz.&#8221; ifadelerine yer verildi.\u00a0<\/p>\n<p>https:\/\/twitter.com\/dmmiletisim\/status\/1902362473786737008\u00a0<\/p>\n<p>\u200bHaberin Al\u0131nt\u0131land\u0131\u011f\u0131 Kaynak: www.iskenderun.org<\/p>","protected":false},"excerpt":{"rendered":"<p>\u0130leti\u015fim Ba\u015fkanl\u0131\u011f\u0131 Dezenformasyonla M\u00fccadele Merkezi (DMM), g\u00f6zalt\u0131na al\u0131nan \u0130stanbul B\u00fcy\u00fck\u015fehir Belediye Ba\u015fkan\u0131 Ekrem \u0130mamo\u011flu&#8217;nun sa\u011fl\u0131k kontrol\u00fcn\u00fcn karakolda yap\u0131ld\u0131\u011f\u0131 ve ila\u00e7lar\u0131n\u0131n verilmedi\u011fi iddialar\u0131n\u0131 yalanlad\u0131.ANKARA (\u0130GFA) &#8211;\u00a0\u0130leti\u015fim Ba\u015fkanl\u0131\u011f\u0131 Dezenformasyonla M\u00fccadele Merkezi&#8217;nden baz\u0131 bas\u0131n yay\u0131n organlar\u0131nda yer alan, \u201cEkrem \u0130mamo\u011flu\u2019nun sa\u011fl\u0131k kontrol\u00fc hastaneye g\u00f6t\u00fcr\u00fclmek yerine karakolda yap\u0131ld\u0131, ila\u00e7lar\u0131 verilmedi.\u201d iddias\u0131na y\u00f6nelik a\u00e7\u0131klama yap\u0131ld\u0131. A\u00e7\u0131klamada &#8220;Bahse konu sa\u011fl\u0131k kontrol\u00fc \u0130stanbul Emniyet M\u00fcd\u00fcrl\u00fc\u011f\u00fc yak\u0131n\u0131nda bulunan \u0130stanbul T\u0131p Fak\u00fcltesi Ek Binas\u0131nda, 2 Adli T\u0131p Uzman\u0131 ve 1 Adli T\u0131p Teknisyenince doktor hasta \u00f6zeline riayet edilerek yap\u0131lm\u0131\u015ft\u0131r. Bununla birlikte g\u00f6zalt\u0131nda bulunanlar\u0131n kullanmakta oldu\u011fu rutin ila\u00e7lar \u015fah\u0131slara emniyet birimlerince verilmektedir. Kamuoyunu manip\u00fcle etmeye y\u00f6nelik as\u0131ls\u0131z iddialara itibar etmeyiniz.&#8221; ifadelerine yer verildi.\u00a0 https:\/\/twitter.com\/dmmiletisim\/status\/1902362473786737008 \u200b\u0130leti\u015fim Ba\u015fkanl\u0131\u011f\u0131 Dezenformasyonla M\u00fccadele Merkezi (DMM), g\u00f6zalt\u0131na al\u0131nan \u0130stanbul B\u00fcy\u00fck\u015fehir Belediye Ba\u015fkan\u0131 Ekrem \u0130mamo\u011flu&#8217;nun sa\u011fl\u0131k kontrol\u00fcn\u00fcn karakolda yap\u0131ld\u0131\u011f\u0131 ve ila\u00e7lar\u0131n\u0131n verilmedi\u011fi iddialar\u0131n\u0131 yalanlad\u0131.ANKARA (\u0130GFA) &#8211;\u00a0\u0130leti\u015fim Ba\u015fkanl\u0131\u011f\u0131 Dezenformasyonla M\u00fccadele Merkezi&#8217;nden baz\u0131 bas\u0131n yay\u0131n organlar\u0131nda yer alan, \u201cEkrem \u0130mamo\u011flu\u2019nun sa\u011fl\u0131k kontrol\u00fc hastaneye g\u00f6t\u00fcr\u00fclmek yerine karakolda yap\u0131ld\u0131, ila\u00e7lar\u0131 verilmedi.\u201d iddias\u0131na y\u00f6nelik a\u00e7\u0131klama yap\u0131ld\u0131. A\u00e7\u0131klamada &#8220;Bahse konu sa\u011fl\u0131k kontrol\u00fc \u0130stanbul Emniyet M\u00fcd\u00fcrl\u00fc\u011f\u00fc yak\u0131n\u0131nda bulunan \u0130stanbul T\u0131p Fak\u00fcltesi Ek Binas\u0131nda, 2 Adli T\u0131p Uzman\u0131 ve 1 Adli T\u0131p Teknisyenince doktor hasta \u00f6zeline riayet edilerek yap\u0131lm\u0131\u015ft\u0131r. Bununla birlikte g\u00f6zalt\u0131nda bulunanlar\u0131n kullanmakta oldu\u011fu rutin ila\u00e7lar \u015fah\u0131slara emniyet birimlerince verilmektedir. Kamuoyunu manip\u00fcle etmeye y\u00f6nelik &hellip;<\/p>","protected":false},"author":1,"featured_media":0,"comment_status":"","ping_status":"open","sticky":false,"template":"","format":"standard","meta":{"_acf_changed":false,"footnotes":""},"categories":[24],"tags":[],"class_list":["post-36350","post","type-post","status-publish","format-standard","has-post-thumbnail","hentry","category-gundem"],"acf":[],"yoast_head":"<!-- This site is optimized with the Yoast SEO Premium plugin v26.6 (Yoast SEO v27.1.1) - https:\/\/yoast.com\/product\/yoast-seo-premium-wordpress\/ -->\n<title>Ekrem \u0130mamo\u011flu&#039;na ila\u00e7 verilmedi\u011fi iddias\u0131na \u0130leti\u015fim Ba\u015fkanl\u0131\u011f\u0131&#039;ndan yan\u0131t! - Av. Deniz Can K\u0131z\u0131l<\/title>\n<meta name=\"robots\" content=\"index, follow, max-snippet:-1, max-image-preview:large, max-video-preview:-1\" \/>\n<link rel=\"canonical\" href=\"https:\/\/denizcankizil.tr\/uk\/haberler\/gundem\/ekrem-imamogluna-ilac-verilmedigi-iddiasina-iletisim-baskanligindan-yanit\/\" \/>\n<meta property=\"og:locale\" content=\"uk_UA\" \/>\n<meta property=\"og:type\" content=\"article\" \/>\n<meta property=\"og:title\" content=\"Ekrem \u0130mamo\u011flu&#039;na ila\u00e7 verilmedi\u011fi iddias\u0131na \u0130leti\u015fim Ba\u015fkanl\u0131\u011f\u0131&#039;ndan yan\u0131t!\" \/>\n<meta property=\"og:description\" content=\"\u0130leti\u015fim Ba\u015fkanl\u0131\u011f\u0131 Dezenformasyonla M\u00fccadele Merkezi (DMM), g\u00f6zalt\u0131na al\u0131nan \u0130stanbul B\u00fcy\u00fck\u015fehir Belediye Ba\u015fkan\u0131 Ekrem \u0130mamo\u011flu&#8217;nun sa\u011fl\u0131k kontrol\u00fcn\u00fcn karakolda yap\u0131ld\u0131\u011f\u0131 ve ila\u00e7lar\u0131n\u0131n verilmedi\u011fi iddialar\u0131n\u0131 yalanlad\u0131.ANKARA (\u0130GFA) &#8211;\u00a0\u0130leti\u015fim Ba\u015fkanl\u0131\u011f\u0131 Dezenformasyonla M\u00fccadele Merkezi&#8217;nden baz\u0131 bas\u0131n yay\u0131n organlar\u0131nda yer alan, \u201cEkrem \u0130mamo\u011flu\u2019nun sa\u011fl\u0131k kontrol\u00fc hastaneye g\u00f6t\u00fcr\u00fclmek yerine karakolda yap\u0131ld\u0131, ila\u00e7lar\u0131 verilmedi.\u201d iddias\u0131na y\u00f6nelik a\u00e7\u0131klama yap\u0131ld\u0131. A\u00e7\u0131klamada &#8220;Bahse konu sa\u011fl\u0131k kontrol\u00fc \u0130stanbul Emniyet M\u00fcd\u00fcrl\u00fc\u011f\u00fc yak\u0131n\u0131nda bulunan \u0130stanbul T\u0131p Fak\u00fcltesi Ek Binas\u0131nda, 2 Adli T\u0131p Uzman\u0131 ve 1 Adli T\u0131p Teknisyenince doktor hasta \u00f6zeline riayet edilerek yap\u0131lm\u0131\u015ft\u0131r. Bununla birlikte g\u00f6zalt\u0131nda bulunanlar\u0131n kullanmakta oldu\u011fu rutin ila\u00e7lar \u015fah\u0131slara emniyet birimlerince verilmektedir. Kamuoyunu manip\u00fcle etmeye y\u00f6nelik as\u0131ls\u0131z iddialara itibar etmeyiniz.&#8221; ifadelerine yer verildi.\u00a0 https:\/\/twitter.com\/dmmiletisim\/status\/1902362473786737008 \u200b\u0130leti\u015fim Ba\u015fkanl\u0131\u011f\u0131 Dezenformasyonla M\u00fccadele Merkezi (DMM), g\u00f6zalt\u0131na al\u0131nan \u0130stanbul B\u00fcy\u00fck\u015fehir Belediye Ba\u015fkan\u0131 Ekrem \u0130mamo\u011flu&#8217;nun sa\u011fl\u0131k kontrol\u00fcn\u00fcn karakolda yap\u0131ld\u0131\u011f\u0131 ve ila\u00e7lar\u0131n\u0131n verilmedi\u011fi iddialar\u0131n\u0131 yalanlad\u0131.ANKARA (\u0130GFA) &#8211;\u00a0\u0130leti\u015fim Ba\u015fkanl\u0131\u011f\u0131 Dezenformasyonla M\u00fccadele Merkezi&#8217;nden baz\u0131 bas\u0131n yay\u0131n organlar\u0131nda yer alan, \u201cEkrem \u0130mamo\u011flu\u2019nun sa\u011fl\u0131k kontrol\u00fc hastaneye g\u00f6t\u00fcr\u00fclmek yerine karakolda yap\u0131ld\u0131, ila\u00e7lar\u0131 verilmedi.\u201d iddias\u0131na y\u00f6nelik a\u00e7\u0131klama yap\u0131ld\u0131. A\u00e7\u0131klamada &#8220;Bahse konu sa\u011fl\u0131k kontrol\u00fc \u0130stanbul Emniyet M\u00fcd\u00fcrl\u00fc\u011f\u00fc yak\u0131n\u0131nda bulunan \u0130stanbul T\u0131p Fak\u00fcltesi Ek Binas\u0131nda, 2 Adli T\u0131p Uzman\u0131 ve 1 Adli T\u0131p Teknisyenince doktor hasta \u00f6zeline riayet edilerek yap\u0131lm\u0131\u015ft\u0131r. Bununla birlikte g\u00f6zalt\u0131nda bulunanlar\u0131n kullanmakta oldu\u011fu rutin ila\u00e7lar \u015fah\u0131slara emniyet birimlerince verilmektedir. Kamuoyunu manip\u00fcle etmeye y\u00f6nelik &hellip;\" \/>\n<meta property=\"og:url\" content=\"https:\/\/denizcankizil.tr\/uk\/haberler\/gundem\/ekrem-imamogluna-ilac-verilmedigi-iddiasina-iletisim-baskanligindan-yanit\/\" \/>\n<meta property=\"og:site_name\" content=\"Av. Deniz Can K\u0131z\u0131l\" \/>\n<meta property=\"article:published_time\" content=\"2025-03-20T06:41:25+00:00\" \/>\n<meta name=\"author\" content=\"admin\" \/>\n<meta name=\"twitter:card\" content=\"summary_large_image\" \/>\n<meta name=\"twitter:label1\" content=\"\u041d\u0430\u043f\u0438\u0441\u0430\u043d\u043e\" \/>\n\t<meta name=\"twitter:data1\" content=\"admin\" \/>\n\t<meta name=\"twitter:label2\" content=\"\u041f\u0440\u0438\u0431\u043b. \u0447\u0430\u0441 \u0447\u0438\u0442\u0430\u043d\u043d\u044f\" \/>\n\t<meta name=\"twitter:data2\" content=\"2 \u0445\u0432\u0438\u043b\u0438\u043d\u0438\" \/>\n<script type=\"application\/ld+json\" class=\"yoast-schema-graph\">{\"@context\":\"https:\/\/schema.org\",\"@graph\":[{\"@type\":\"Article\",\"@id\":\"https:\/\/denizcankizil.tr\/uk\/haberler\/gundem\/ekrem-imamogluna-ilac-verilmedigi-iddiasina-iletisim-baskanligindan-yanit\/#article\",\"isPartOf\":{\"@id\":\"https:\/\/denizcankizil.tr\/uk\/haberler\/gundem\/ekrem-imamogluna-ilac-verilmedigi-iddiasina-iletisim-baskanligindan-yanit\/\"},\"author\":{\"name\":\"admin\",\"@id\":\"https:\/\/denizcankizil.tr\/#\/schema\/person\/be3c05fe6a12686905512445d8185489\"},\"headline\":\"Ekrem \u0130mamo\u011flu&#8217;na ila\u00e7 verilmedi\u011fi iddias\u0131na \u0130leti\u015fim Ba\u015fkanl\u0131\u011f\u0131&#8217;ndan yan\u0131t!\",\"datePublished\":\"2025-03-20T06:41:25+00:00\",\"mainEntityOfPage\":{\"@id\":\"https:\/\/denizcankizil.tr\/uk\/haberler\/gundem\/ekrem-imamogluna-ilac-verilmedigi-iddiasina-iletisim-baskanligindan-yanit\/\"},\"wordCount\":374,\"publisher\":{\"@id\":\"https:\/\/denizcankizil.tr\/#organization\"},\"articleSection\":[\"G\u00fcndem\"],\"inLanguage\":\"uk\"},{\"@type\":\"WebPage\",\"@id\":\"https:\/\/denizcankizil.tr\/uk\/haberler\/gundem\/ekrem-imamogluna-ilac-verilmedigi-iddiasina-iletisim-baskanligindan-yanit\/\",\"url\":\"https:\/\/denizcankizil.tr\/uk\/haberler\/gundem\/ekrem-imamogluna-ilac-verilmedigi-iddiasina-iletisim-baskanligindan-yanit\/\",\"name\":\"Ekrem \u0130mamo\u011flu'na ila\u00e7 verilmedi\u011fi iddias\u0131na \u0130leti\u015fim Ba\u015fkanl\u0131\u011f\u0131'ndan yan\u0131t! - Av. Deniz Can K\u0131z\u0131l\",\"isPartOf\":{\"@id\":\"https:\/\/denizcankizil.tr\/#website\"},\"datePublished\":\"2025-03-20T06:41:25+00:00\",\"breadcrumb\":{\"@id\":\"https:\/\/denizcankizil.tr\/uk\/haberler\/gundem\/ekrem-imamogluna-ilac-verilmedigi-iddiasina-iletisim-baskanligindan-yanit\/#breadcrumb\"},\"inLanguage\":\"uk\",\"potentialAction\":[{\"@type\":\"ReadAction\",\"target\":[\"https:\/\/denizcankizil.tr\/uk\/haberler\/gundem\/ekrem-imamogluna-ilac-verilmedigi-iddiasina-iletisim-baskanligindan-yanit\/\"]}]},{\"@type\":\"BreadcrumbList\",\"@id\":\"https:\/\/denizcankizil.tr\/uk\/haberler\/gundem\/ekrem-imamogluna-ilac-verilmedigi-iddiasina-iletisim-baskanligindan-yanit\/#breadcrumb\",\"itemListElement\":[{\"@type\":\"ListItem\",\"position\":1,\"name\":\"Home\",\"item\":\"https:\/\/denizcankizil.tr\/de\/\"},{\"@type\":\"ListItem\",\"position\":2,\"name\":\"Ekrem \u0130mamo\u011flu&#8217;na ila\u00e7 verilmedi\u011fi iddias\u0131na \u0130leti\u015fim Ba\u015fkanl\u0131\u011f\u0131&#8217;ndan yan\u0131t!\"}]},{\"@type\":\"WebSite\",\"@id\":\"https:\/\/denizcankizil.tr\/#website\",\"url\":\"https:\/\/denizcankizil.tr\/\",\"name\":\"Av. Deniz Can K\u0131z\u0131l\",\"description\":\"Avukat Deniz Can K\u0131z\u0131l Antalya Barosu\",\"publisher\":{\"@id\":\"https:\/\/denizcankizil.tr\/#organization\"},\"potentialAction\":[{\"@type\":\"SearchAction\",\"target\":{\"@type\":\"EntryPoint\",\"urlTemplate\":\"https:\/\/denizcankizil.tr\/?s={search_term_string}\"},\"query-input\":{\"@type\":\"PropertyValueSpecification\",\"valueRequired\":true,\"valueName\":\"search_term_string\"}}],\"inLanguage\":\"uk\"},{\"@type\":\"Organization\",\"@id\":\"https:\/\/denizcankizil.tr\/#organization\",\"name\":\"Av. Deniz Can K\u0131z\u0131l\",\"url\":\"https:\/\/denizcankizil.tr\/\",\"logo\":{\"@type\":\"ImageObject\",\"inLanguage\":\"uk\",\"@id\":\"https:\/\/denizcankizil.tr\/#\/schema\/logo\/image\/\",\"url\":\"https:\/\/denizcankizil.tr\/wp-content\/uploads\/2024\/10\/siyah-logo-svg.svg\",\"contentUrl\":\"https:\/\/denizcankizil.tr\/wp-content\/uploads\/2024\/10\/siyah-logo-svg.svg\",\"width\":1080,\"height\":1080,\"caption\":\"Av. Deniz Can K\u0131z\u0131l\"},\"image\":{\"@id\":\"https:\/\/denizcankizil.tr\/#\/schema\/logo\/image\/\"}},{\"@type\":\"Person\",\"@id\":\"https:\/\/denizcankizil.tr\/#\/schema\/person\/be3c05fe6a12686905512445d8185489\",\"name\":\"admin\",\"image\":{\"@type\":\"ImageObject\",\"inLanguage\":\"uk\",\"@id\":\"https:\/\/denizcankizil.tr\/#\/schema\/person\/image\/\",\"url\":\"https:\/\/secure.gravatar.com\/avatar\/c1fce94c830dc79107e174f890d7210541c4a63e8e5d816341794a2151c9d58c?s=96&d=mm&r=g\",\"contentUrl\":\"https:\/\/secure.gravatar.com\/avatar\/c1fce94c830dc79107e174f890d7210541c4a63e8e5d816341794a2151c9d58c?s=96&d=mm&r=g\",\"caption\":\"admin\"},\"sameAs\":[\"http:\/\/denizcankizil.tr\"],\"url\":\"https:\/\/www.iskenderun.org\/ekrem-imamogluna-ilac-verilmedigi-iddiasina-iletisim-baskanligindan-yanit\"}]}<\/script>\n<!-- \/ Yoast SEO Premium plugin. -->","yoast_head_json":{"title":"Ekrem \u0130mamo\u011flu'na ila\u00e7 verilmedi\u011fi iddias\u0131na \u0130leti\u015fim Ba\u015fkanl\u0131\u011f\u0131'ndan yan\u0131t! - Av. Deniz Can K\u0131z\u0131l","robots":{"index":"index","follow":"follow","max-snippet":"max-snippet:-1","max-image-preview":"max-image-preview:large","max-video-preview":"max-video-preview:-1"},"canonical":"https:\/\/denizcankizil.tr\/uk\/haberler\/gundem\/ekrem-imamogluna-ilac-verilmedigi-iddiasina-iletisim-baskanligindan-yanit\/","og_locale":"uk_UA","og_type":"article","og_title":"Ekrem \u0130mamo\u011flu'na ila\u00e7 verilmedi\u011fi iddias\u0131na \u0130leti\u015fim Ba\u015fkanl\u0131\u011f\u0131'ndan yan\u0131t!","og_description":"\u0130leti\u015fim Ba\u015fkanl\u0131\u011f\u0131 Dezenformasyonla M\u00fccadele Merkezi (DMM), g\u00f6zalt\u0131na al\u0131nan \u0130stanbul B\u00fcy\u00fck\u015fehir Belediye Ba\u015fkan\u0131 Ekrem \u0130mamo\u011flu&#8217;nun sa\u011fl\u0131k kontrol\u00fcn\u00fcn karakolda yap\u0131ld\u0131\u011f\u0131 ve ila\u00e7lar\u0131n\u0131n verilmedi\u011fi iddialar\u0131n\u0131 yalanlad\u0131.ANKARA (\u0130GFA) &#8211;\u00a0\u0130leti\u015fim Ba\u015fkanl\u0131\u011f\u0131 Dezenformasyonla M\u00fccadele Merkezi&#8217;nden baz\u0131 bas\u0131n yay\u0131n organlar\u0131nda yer alan, \u201cEkrem \u0130mamo\u011flu\u2019nun sa\u011fl\u0131k kontrol\u00fc hastaneye g\u00f6t\u00fcr\u00fclmek yerine karakolda yap\u0131ld\u0131, ila\u00e7lar\u0131 verilmedi.\u201d iddias\u0131na y\u00f6nelik a\u00e7\u0131klama yap\u0131ld\u0131. A\u00e7\u0131klamada &#8220;Bahse konu sa\u011fl\u0131k kontrol\u00fc \u0130stanbul Emniyet M\u00fcd\u00fcrl\u00fc\u011f\u00fc yak\u0131n\u0131nda bulunan \u0130stanbul T\u0131p Fak\u00fcltesi Ek Binas\u0131nda, 2 Adli T\u0131p Uzman\u0131 ve 1 Adli T\u0131p Teknisyenince doktor hasta \u00f6zeline riayet edilerek yap\u0131lm\u0131\u015ft\u0131r. Bununla birlikte g\u00f6zalt\u0131nda bulunanlar\u0131n kullanmakta oldu\u011fu rutin ila\u00e7lar \u015fah\u0131slara emniyet birimlerince verilmektedir. Kamuoyunu manip\u00fcle etmeye y\u00f6nelik as\u0131ls\u0131z iddialara itibar etmeyiniz.&#8221; ifadelerine yer verildi.\u00a0 https:\/\/twitter.com\/dmmiletisim\/status\/1902362473786737008 \u200b\u0130leti\u015fim Ba\u015fkanl\u0131\u011f\u0131 Dezenformasyonla M\u00fccadele Merkezi (DMM), g\u00f6zalt\u0131na al\u0131nan \u0130stanbul B\u00fcy\u00fck\u015fehir Belediye Ba\u015fkan\u0131 Ekrem \u0130mamo\u011flu&#8217;nun sa\u011fl\u0131k kontrol\u00fcn\u00fcn karakolda yap\u0131ld\u0131\u011f\u0131 ve ila\u00e7lar\u0131n\u0131n verilmedi\u011fi iddialar\u0131n\u0131 yalanlad\u0131.ANKARA (\u0130GFA) &#8211;\u00a0\u0130leti\u015fim Ba\u015fkanl\u0131\u011f\u0131 Dezenformasyonla M\u00fccadele Merkezi&#8217;nden baz\u0131 bas\u0131n yay\u0131n organlar\u0131nda yer alan, \u201cEkrem \u0130mamo\u011flu\u2019nun sa\u011fl\u0131k kontrol\u00fc hastaneye g\u00f6t\u00fcr\u00fclmek yerine karakolda yap\u0131ld\u0131, ila\u00e7lar\u0131 verilmedi.\u201d iddias\u0131na y\u00f6nelik a\u00e7\u0131klama yap\u0131ld\u0131. A\u00e7\u0131klamada &#8220;Bahse konu sa\u011fl\u0131k kontrol\u00fc \u0130stanbul Emniyet M\u00fcd\u00fcrl\u00fc\u011f\u00fc yak\u0131n\u0131nda bulunan \u0130stanbul T\u0131p Fak\u00fcltesi Ek Binas\u0131nda, 2 Adli T\u0131p Uzman\u0131 ve 1 Adli T\u0131p Teknisyenince doktor hasta \u00f6zeline riayet edilerek yap\u0131lm\u0131\u015ft\u0131r. Bununla birlikte g\u00f6zalt\u0131nda bulunanlar\u0131n kullanmakta oldu\u011fu rutin ila\u00e7lar \u015fah\u0131slara emniyet birimlerince verilmektedir. Kamuoyunu manip\u00fcle etmeye y\u00f6nelik &hellip;","og_url":"https:\/\/denizcankizil.tr\/uk\/haberler\/gundem\/ekrem-imamogluna-ilac-verilmedigi-iddiasina-iletisim-baskanligindan-yanit\/","og_site_name":"Av. Deniz Can K\u0131z\u0131l","article_published_time":"2025-03-20T06:41:25+00:00","author":"admin","twitter_card":"summary_large_image","twitter_misc":{"\u041d\u0430\u043f\u0438\u0441\u0430\u043d\u043e":"admin","\u041f\u0440\u0438\u0431\u043b. \u0447\u0430\u0441 \u0447\u0438\u0442\u0430\u043d\u043d\u044f":"2 \u0445\u0432\u0438\u043b\u0438\u043d\u0438"},"schema":{"@context":"https:\/\/schema.org","@graph":[{"@type":"Article","@id":"https:\/\/denizcankizil.tr\/uk\/haberler\/gundem\/ekrem-imamogluna-ilac-verilmedigi-iddiasina-iletisim-baskanligindan-yanit\/#article","isPartOf":{"@id":"https:\/\/denizcankizil.tr\/uk\/haberler\/gundem\/ekrem-imamogluna-ilac-verilmedigi-iddiasina-iletisim-baskanligindan-yanit\/"},"author":{"name":"admin","@id":"https:\/\/denizcankizil.tr\/#\/schema\/person\/be3c05fe6a12686905512445d8185489"},"headline":"Ekrem \u0130mamo\u011flu&#8217;na ila\u00e7 verilmedi\u011fi iddias\u0131na \u0130leti\u015fim Ba\u015fkanl\u0131\u011f\u0131&#8217;ndan yan\u0131t!","datePublished":"2025-03-20T06:41:25+00:00","mainEntityOfPage":{"@id":"https:\/\/denizcankizil.tr\/uk\/haberler\/gundem\/ekrem-imamogluna-ilac-verilmedigi-iddiasina-iletisim-baskanligindan-yanit\/"},"wordCount":374,"publisher":{"@id":"https:\/\/denizcankizil.tr\/#organization"},"articleSection":["G\u00fcndem"],"inLanguage":"uk"},{"@type":"WebPage","@id":"https:\/\/denizcankizil.tr\/uk\/haberler\/gundem\/ekrem-imamogluna-ilac-verilmedigi-iddiasina-iletisim-baskanligindan-yanit\/","url":"https:\/\/denizcankizil.tr\/uk\/haberler\/gundem\/ekrem-imamogluna-ilac-verilmedigi-iddiasina-iletisim-baskanligindan-yanit\/","name":"Ekrem \u0130mamo\u011flu'na ila\u00e7 verilmedi\u011fi iddias\u0131na \u0130leti\u015fim Ba\u015fkanl\u0131\u011f\u0131'ndan yan\u0131t! - Av. Deniz Can K\u0131z\u0131l","isPartOf":{"@id":"https:\/\/denizcankizil.tr\/#website"},"datePublished":"2025-03-20T06:41:25+00:00","breadcrumb":{"@id":"https:\/\/denizcankizil.tr\/uk\/haberler\/gundem\/ekrem-imamogluna-ilac-verilmedigi-iddiasina-iletisim-baskanligindan-yanit\/#breadcrumb"},"inLanguage":"uk","potentialAction":[{"@type":"ReadAction","target":["https:\/\/denizcankizil.tr\/uk\/haberler\/gundem\/ekrem-imamogluna-ilac-verilmedigi-iddiasina-iletisim-baskanligindan-yanit\/"]}]},{"@type":"BreadcrumbList","@id":"https:\/\/denizcankizil.tr\/uk\/haberler\/gundem\/ekrem-imamogluna-ilac-verilmedigi-iddiasina-iletisim-baskanligindan-yanit\/#breadcrumb","itemListElement":[{"@type":"ListItem","position":1,"name":"Home","item":"https:\/\/denizcankizil.tr\/de\/"},{"@type":"ListItem","position":2,"name":"Ekrem \u0130mamo\u011flu&#8217;na ila\u00e7 verilmedi\u011fi iddias\u0131na \u0130leti\u015fim Ba\u015fkanl\u0131\u011f\u0131&#8217;ndan yan\u0131t!"}]},{"@type":"WebSite","@id":"https:\/\/denizcankizil.tr\/#website","url":"https:\/\/denizcankizil.tr\/","name":"Av. Deniz Can K\u0131z\u0131l","description":"Avukat Deniz Can K\u0131z\u0131l Antalya Barosu","publisher":{"@id":"https:\/\/denizcankizil.tr\/#organization"},"potentialAction":[{"@type":"SearchAction","target":{"@type":"EntryPoint","urlTemplate":"https:\/\/denizcankizil.tr\/?s={search_term_string}"},"query-input":{"@type":"PropertyValueSpecification","valueRequired":true,"valueName":"search_term_string"}}],"inLanguage":"uk"},{"@type":"Organization","@id":"https:\/\/denizcankizil.tr\/#organization","name":"Av. Deniz Can K\u0131z\u0131l","url":"https:\/\/denizcankizil.tr\/","logo":{"@type":"ImageObject","inLanguage":"uk","@id":"https:\/\/denizcankizil.tr\/#\/schema\/logo\/image\/","url":"https:\/\/denizcankizil.tr\/wp-content\/uploads\/2024\/10\/siyah-logo-svg.svg","contentUrl":"https:\/\/denizcankizil.tr\/wp-content\/uploads\/2024\/10\/siyah-logo-svg.svg","width":1080,"height":1080,"caption":"Av. Deniz Can K\u0131z\u0131l"},"image":{"@id":"https:\/\/denizcankizil.tr\/#\/schema\/logo\/image\/"}},{"@type":"Person","@id":"https:\/\/denizcankizil.tr\/#\/schema\/person\/be3c05fe6a12686905512445d8185489","name":"\u0430\u0434\u043c\u0456\u043d","image":{"@type":"ImageObject","inLanguage":"uk","@id":"https:\/\/denizcankizil.tr\/#\/schema\/person\/image\/","url":"https:\/\/secure.gravatar.com\/avatar\/c1fce94c830dc79107e174f890d7210541c4a63e8e5d816341794a2151c9d58c?s=96&d=mm&r=g","contentUrl":"https:\/\/secure.gravatar.com\/avatar\/c1fce94c830dc79107e174f890d7210541c4a63e8e5d816341794a2151c9d58c?s=96&d=mm&r=g","caption":"admin"},"sameAs":["http:\/\/denizcankizil.tr"],"url":"https:\/\/www.iskenderun.org\/ekrem-imamogluna-ilac-verilmedigi-iddiasina-iletisim-baskanligindan-yanit"}]}},"_links":{"self":[{"href":"https:\/\/denizcankizil.tr\/uk\/wp-json\/wp\/v2\/posts\/36350","targetHints":{"allow":["GET"]}}],"collection":[{"href":"https:\/\/denizcankizil.tr\/uk\/wp-json\/wp\/v2\/posts"}],"about":[{"href":"https:\/\/denizcankizil.tr\/uk\/wp-json\/wp\/v2\/types\/post"}],"author":[{"embeddable":true,"href":"https:\/\/denizcankizil.tr\/uk\/wp-json\/wp\/v2\/users\/1"}],"replies":[{"embeddable":true,"href":"https:\/\/denizcankizil.tr\/uk\/wp-json\/wp\/v2\/comments?post=36350"}],"version-history":[{"count":0,"href":"https:\/\/denizcankizil.tr\/uk\/wp-json\/wp\/v2\/posts\/36350\/revisions"}],"wp:attachment":[{"href":"https:\/\/denizcankizil.tr\/uk\/wp-json\/wp\/v2\/media?parent=36350"}],"wp:term":[{"taxonomy":"category","embeddable":true,"href":"https:\/\/denizcankizil.tr\/uk\/wp-json\/wp\/v2\/categories?post=36350"},{"taxonomy":"post_tag","embeddable":true,"href":"https:\/\/denizcankizil.tr\/uk\/wp-json\/wp\/v2\/tags?post=36350"}],"curies":[{"name":"wp","href":"https:\/\/api.w.org\/{rel}","templated":true}]}}