{"id":36348,"date":"2025-03-20T09:41:23","date_gmt":"2025-03-20T06:41:23","guid":{"rendered":"https:\/\/denizcankizil.tr\/uncategorized-tr\/meteorolojiden-33-il-icin-sari-kod-yagmur-kar-ve-firtinaya-dikkat\/"},"modified":"2025-03-20T09:41:23","modified_gmt":"2025-03-20T06:41:23","slug":"meteorolojiden-33-il-icin-sari-kod-yagmur-kar-ve-firtinaya-dikkat","status":"publish","type":"post","link":"https:\/\/denizcankizil.tr\/uk\/haberler\/gundem\/meteorolojiden-33-il-icin-sari-kod-yagmur-kar-ve-firtinaya-dikkat\/","title":{"rendered":"Meteoroloji&#8217;den 33 il i\u00e7in sar\u0131 kod! Ya\u011fmur, kar ve f\u0131rt\u0131naya dikkat!"},"content":{"rendered":"<p>Yurt genelinde so\u011fuk hava dalgas\u0131n\u0131n etkisi devam ediyor. \u0130stanbul&#8217;da bug\u00fcn de ya\u011fmurlu havan\u0131n s\u00fcrmesi beklenirken, bir\u00e7ok ilde ise kar ve karla kar\u0131\u015f\u0131k ya\u011fmur etkili olacak.ANKARA (\u0130GFA) &#8211;\u00a0Meteoroloji Genel M\u00fcd\u00fcrl\u00fc\u011f\u00fc, 20 Mart Per\u015fembe g\u00fcn\u00fcne ili\u015fkin hava tahmin raporunu yay\u0131mlad\u0131.\u00a0<br \/>\nMeteoroloji Genel M\u00fcd\u00fcrl\u00fc\u011f\u00fc taraf\u0131ndan yap\u0131lan tahminlere g\u00f6re yurt genelinin par\u00e7al\u0131 ve \u00e7ok bulutlu, Marmara&#8217;n\u0131n do\u011fusu, Do\u011fu Akdeniz (Adana hari\u00e7), \u0130\u00e7 Anadolu, Karadeniz, Do\u011fu ve G\u00fcneydo\u011fu Anadolu&#8217;nun ya\u011f\u0131\u015fl\u0131 ge\u00e7ece\u011fi tahmin ediliyor. Genellikle karla kar\u0131\u015f\u0131k ya\u011fmur ve kar, Akdeniz k\u0131y\u0131lar\u0131 ile G\u00fcneydo\u011fu Anadolu\u2019da ya\u011fmur ve sa\u011fanak \u015feklinde g\u00f6r\u00fclmesi beklenen ya\u011f\u0131\u015flar\u0131n, Do\u011fu Anadolu&#8217;nun bat\u0131s\u0131, G\u00fcneydo\u011fu Anadolu&#8217;nun do\u011fusu, Samsun, Sinop, Ordu, Giresun, Erzurum, Bitlis, \u015e\u0131rnak ve Hakk\u00e2ri \u00e7evrelerinde yer yer kuvvetli olaca\u011f\u0131 tahmin ediliyor. Sabah ve gece saatlerinde i\u00e7 ve do\u011fu kesimlerde buzlanma ve don bekleniyor. Do\u011fu Karadeniz\u2019in i\u00e7 kesimlerinin y\u00fcksekleri ile Do\u011fu Anadolu\u2019nun y\u00fcksek ve dik yama\u00e7lar\u0131nda \u00e7\u0131\u011f tehlikesi bulunmaktad\u0131r.<\/p>\n<p>Hava s\u0131cakl\u0131klar\u0131n\u0131n mevsim normallerinin alt\u0131nda seyredece\u011fi tahmin ediliyor.<br \/>\nR\u00fczgar\u0131n genellikle kuzeyli, yurdun g\u00fcneydo\u011fu kesimlerinde g\u00fcneyli y\u00f6nlerden hafif, ara s\u0131ra orta kuvvette, G\u00fcney Ege, \u0130\u00e7 Anadolu&#8217;nun g\u00fcneyinde kuvvetli (40-70 km\/sa), Akdeniz&#8217;de yer yer k\u0131sa s\u00fcreli f\u0131rt\u0131na (70-90 km\/sa) \u015feklinde esmesi bekleniyor.<\/p>\n<p>KUVVETL\u0130 YA\u011eI\u015e UYARISI:<br \/>\nYa\u011f\u0131\u015flar\u0131n, Do\u011fu Anadolu&#8217;nun bat\u0131s\u0131, G\u00fcneydo\u011fu Anadolu&#8217;nun do\u011fusu, Samsun, Sinop, Ordu, Giresun, Erzurum, Bitlis, \u015e\u0131rnak ve Hakk\u00e2ri \u00e7evrelerinde yer yer kuvvetli olmas\u0131 beklendi\u011finden sel, su bask\u0131n\u0131, y\u0131ld\u0131r\u0131m, ula\u015f\u0131mda aksamalar, ya\u011f\u0131\u015f an\u0131nda kuvvetli r\u00fczgar, buzlanma ve don olay\u0131na ba\u011fl\u0131 ula\u015f\u0131mda aksamalar ve tipi gibi olumsuzluklara kar\u015f\u0131 dikkatli ve tedbirli olunmas\u0131 gerekmektedir.<br \/>\nKUVVETL\u0130 R\u00dcZGAR UYARISI:<br \/>\nR\u00fczgar\u0131n, G\u00fcney Ege, \u0130\u00e7 Anadolu&#8217;nun g\u00fcneyinde kuvvetli (40-70 km\/sa), Akdeniz&#8217;de yer yer k\u0131sa s\u00fcreli f\u0131rt\u0131na (70-90 km\/sa) \u015feklinde esmesi beklendi\u011finden meydana gelebilecek olumsuzluklara kar\u015f\u0131 dikkatli ve tedbirli olunmas\u0131 gerekmektedir.<\/p>\n<p>\u00c7I\u011e TEHL\u0130KES\u0130 \u0130LE BUZLANMA VE DON OLAYI UYARISI:<br \/>\nSabah ve gece saatlerinde do\u011fu b\u00f6lgelerde buzlanma ve don olay\u0131, Do\u011fu Karadeniz ve Do\u011fu Anadolu\u2019nun y\u00fcksek kar \u00f6rt\u00fcs\u00fcne sahip e\u011fimli yama\u00e7lar\u0131nda \u00e7\u0131\u011f tehlikesi bulundu\u011fundan heyelan, ula\u015f\u0131mda aksamalar ve kar erimesine ba\u011fl\u0131 olumsuzluklara kar\u015f\u0131 ilgililerin ve vatanda\u015flar\u0131m\u0131z\u0131n dikkatli ve tedbirli olmalar\u0131 gerekmektedir.<br \/>\nZ\u0130RA\u0130 DON UYARISI: Marmara, \u0130\u00e7 Ege, Akdeniz\u2019in i\u00e7 kesimleri, \u0130\u00e7 Anadolu b\u00f6lgesi, Bat\u0131 ve Orta Karadeniz\u2019in i\u00e7 kesimleri ile Do\u011fu Anadolu&#8217;nun bat\u0131s\u0131nda gece saatlerinden itibaren beklenen zirai don hadisesinin orta kuvvette, yer yer kuvvetli olaca\u011f\u0131 tahmin edildi\u011finden; Tar\u0131msal faaliyetlerle u\u011fra\u015fan vatanda\u015flar\u0131m\u0131z ba\u015fta olmak \u00fczere zirai don tehlikesine kar\u015f\u0131 tedbirli olunmal\u0131, Meteoroloji Genel M\u00fcd\u00fcrl\u00fc\u011f\u00fc taraf\u0131ndan il ve il\u00e7eler i\u00e7in haz\u0131rlanan s\u0131cakl\u0131k tahminleri dikkatle takip edilmelidir.<\/p>\n<p>\u200bYurt genelinde so\u011fuk hava dalgas\u0131n\u0131n etkisi devam ediyor. \u0130stanbul&#8217;da bug\u00fcn de ya\u011fmurlu havan\u0131n s\u00fcrmesi beklenirken, bir\u00e7ok ilde ise kar ve karla kar\u0131\u015f\u0131k ya\u011fmur etkili olacak.ANKARA (\u0130GFA) &#8211;\u00a0Meteoroloji Genel M\u00fcd\u00fcrl\u00fc\u011f\u00fc, 20 Mart Per\u015fembe g\u00fcn\u00fcne ili\u015fkin hava tahmin raporunu yay\u0131mlad\u0131.\u00a0<br \/>\nMeteoroloji Genel M\u00fcd\u00fcrl\u00fc\u011f\u00fc taraf\u0131ndan yap\u0131lan tahminlere g\u00f6re yurt genelinin par\u00e7al\u0131 ve \u00e7ok bulutlu, Marmara&#8217;n\u0131n do\u011fusu, Do\u011fu Akdeniz (Adana hari\u00e7), \u0130\u00e7 Anadolu, Karadeniz, Do\u011fu ve G\u00fcneydo\u011fu Anadolu&#8217;nun ya\u011f\u0131\u015fl\u0131 ge\u00e7ece\u011fi tahmin ediliyor. Genellikle karla kar\u0131\u015f\u0131k ya\u011fmur ve kar, Akdeniz k\u0131y\u0131lar\u0131 ile G\u00fcneydo\u011fu Anadolu\u2019da ya\u011fmur ve sa\u011fanak \u015feklinde g\u00f6r\u00fclmesi beklenen ya\u011f\u0131\u015flar\u0131n, Do\u011fu Anadolu&#8217;nun bat\u0131s\u0131, G\u00fcneydo\u011fu Anadolu&#8217;nun do\u011fusu, Samsun, Sinop, Ordu, Giresun, Erzurum, Bitlis, \u015e\u0131rnak ve Hakk\u00e2ri \u00e7evrelerinde yer yer kuvvetli olaca\u011f\u0131 tahmin ediliyor. Sabah ve gece saatlerinde i\u00e7 ve do\u011fu kesimlerde buzlanma ve don bekleniyor. Do\u011fu Karadeniz\u2019in i\u00e7 kesimlerinin y\u00fcksekleri ile Do\u011fu Anadolu\u2019nun y\u00fcksek ve dik yama\u00e7lar\u0131nda \u00e7\u0131\u011f tehlikesi bulunmaktad\u0131r.<\/p>\n<p>Hava s\u0131cakl\u0131klar\u0131n\u0131n mevsim normallerinin alt\u0131nda seyredece\u011fi tahmin ediliyor.<br \/>\nR\u00fczgar\u0131n genellikle kuzeyli, yurdun g\u00fcneydo\u011fu kesimlerinde g\u00fcneyli y\u00f6nlerden hafif, ara s\u0131ra orta kuvvette, G\u00fcney Ege, \u0130\u00e7 Anadolu&#8217;nun g\u00fcneyinde kuvvetli (40-70 km\/sa), Akdeniz&#8217;de yer yer k\u0131sa s\u00fcreli f\u0131rt\u0131na (70-90 km\/sa) \u015feklinde esmesi bekleniyor.<\/p>\n<p>KUVVETL\u0130 YA\u011eI\u015e UYARISI:<br \/>\nYa\u011f\u0131\u015flar\u0131n, Do\u011fu Anadolu&#8217;nun bat\u0131s\u0131, G\u00fcneydo\u011fu Anadolu&#8217;nun do\u011fusu, Samsun, Sinop, Ordu, Giresun, Erzurum, Bitlis, \u015e\u0131rnak ve Hakk\u00e2ri \u00e7evrelerinde yer yer kuvvetli olmas\u0131 beklendi\u011finden sel, su bask\u0131n\u0131, y\u0131ld\u0131r\u0131m, ula\u015f\u0131mda aksamalar, ya\u011f\u0131\u015f an\u0131nda kuvvetli r\u00fczgar, buzlanma ve don olay\u0131na ba\u011fl\u0131 ula\u015f\u0131mda aksamalar ve tipi gibi olumsuzluklara kar\u015f\u0131 dikkatli ve tedbirli olunmas\u0131 gerekmektedir.<br \/>\nKUVVETL\u0130 R\u00dcZGAR UYARISI:<br \/>\nR\u00fczgar\u0131n, G\u00fcney Ege, \u0130\u00e7 Anadolu&#8217;nun g\u00fcneyinde kuvvetli (40-70 km\/sa), Akdeniz&#8217;de yer yer k\u0131sa s\u00fcreli f\u0131rt\u0131na (70-90 km\/sa) \u015feklinde esmesi beklendi\u011finden meydana gelebilecek olumsuzluklara kar\u015f\u0131 dikkatli ve tedbirli olunmas\u0131 gerekmektedir.<\/p>\n<p>\u00c7I\u011e TEHL\u0130KES\u0130 \u0130LE BUZLANMA VE DON OLAYI UYARISI:<br \/>\nSabah ve gece saatlerinde do\u011fu b\u00f6lgelerde buzlanma ve don olay\u0131, Do\u011fu Karadeniz ve Do\u011fu Anadolu\u2019nun y\u00fcksek kar \u00f6rt\u00fcs\u00fcne sahip e\u011fimli yama\u00e7lar\u0131nda \u00e7\u0131\u011f tehlikesi bulundu\u011fundan heyelan, ula\u015f\u0131mda aksamalar ve kar erimesine ba\u011fl\u0131 olumsuzluklara kar\u015f\u0131 ilgililerin ve vatanda\u015flar\u0131m\u0131z\u0131n dikkatli ve tedbirli olmalar\u0131 gerekmektedir.<br \/>\nZ\u0130RA\u0130 DON UYARISI: Marmara, \u0130\u00e7 Ege, Akdeniz\u2019in i\u00e7 kesimleri, \u0130\u00e7 Anadolu b\u00f6lgesi, Bat\u0131 ve Orta Karadeniz\u2019in i\u00e7 kesimleri ile Do\u011fu Anadolu&#8217;nun bat\u0131s\u0131nda gece saatlerinden itibaren beklenen zirai don hadisesinin orta kuvvette, yer yer kuvvetli olaca\u011f\u0131 tahmin edildi\u011finden; Tar\u0131msal faaliyetlerle u\u011fra\u015fan vatanda\u015flar\u0131m\u0131z ba\u015fta olmak \u00fczere zirai don tehlikesine kar\u015f\u0131 tedbirli olunmal\u0131, Meteoroloji Genel M\u00fcd\u00fcrl\u00fc\u011f\u00fc taraf\u0131ndan il ve il\u00e7eler i\u00e7in haz\u0131rlanan s\u0131cakl\u0131k tahminleri dikkatle takip edilmelidir.\u00a0<\/p>\n<p>\u200bHaberin Al\u0131nt\u0131land\u0131\u011f\u0131 Kaynak: www.iskenderun.org<\/p>","protected":false},"excerpt":{"rendered":"<p>Yurt genelinde so\u011fuk hava dalgas\u0131n\u0131n etkisi devam ediyor. \u0130stanbul&#8217;da bug\u00fcn de ya\u011fmurlu havan\u0131n s\u00fcrmesi beklenirken, bir\u00e7ok ilde ise kar ve karla kar\u0131\u015f\u0131k ya\u011fmur etkili olacak.ANKARA (\u0130GFA) &#8211;\u00a0Meteoroloji Genel M\u00fcd\u00fcrl\u00fc\u011f\u00fc, 20 Mart Per\u015fembe g\u00fcn\u00fcne ili\u015fkin hava tahmin raporunu yay\u0131mlad\u0131.\u00a0 Meteoroloji Genel M\u00fcd\u00fcrl\u00fc\u011f\u00fc taraf\u0131ndan yap\u0131lan tahminlere g\u00f6re yurt genelinin par\u00e7al\u0131 ve \u00e7ok bulutlu, Marmara&#8217;n\u0131n do\u011fusu, Do\u011fu Akdeniz (Adana hari\u00e7), \u0130\u00e7 Anadolu, Karadeniz, Do\u011fu ve G\u00fcneydo\u011fu Anadolu&#8217;nun ya\u011f\u0131\u015fl\u0131 ge\u00e7ece\u011fi tahmin ediliyor. Genellikle karla kar\u0131\u015f\u0131k ya\u011fmur ve kar, Akdeniz k\u0131y\u0131lar\u0131 ile G\u00fcneydo\u011fu Anadolu\u2019da ya\u011fmur ve sa\u011fanak \u015feklinde g\u00f6r\u00fclmesi beklenen ya\u011f\u0131\u015flar\u0131n, Do\u011fu Anadolu&#8217;nun bat\u0131s\u0131, G\u00fcneydo\u011fu Anadolu&#8217;nun do\u011fusu, Samsun, Sinop, Ordu, Giresun, Erzurum, Bitlis, \u015e\u0131rnak ve Hakk\u00e2ri \u00e7evrelerinde yer yer kuvvetli olaca\u011f\u0131 tahmin ediliyor. Sabah ve gece saatlerinde i\u00e7 ve do\u011fu kesimlerde buzlanma ve don bekleniyor. Do\u011fu Karadeniz\u2019in i\u00e7 kesimlerinin y\u00fcksekleri ile Do\u011fu Anadolu\u2019nun y\u00fcksek ve dik yama\u00e7lar\u0131nda \u00e7\u0131\u011f tehlikesi bulunmaktad\u0131r. Hava s\u0131cakl\u0131klar\u0131n\u0131n mevsim normallerinin alt\u0131nda seyredece\u011fi tahmin ediliyor. R\u00fczgar\u0131n genellikle kuzeyli, yurdun g\u00fcneydo\u011fu kesimlerinde g\u00fcneyli y\u00f6nlerden hafif, ara s\u0131ra orta kuvvette, G\u00fcney Ege, \u0130\u00e7 Anadolu&#8217;nun g\u00fcneyinde kuvvetli (40-70 km\/sa), Akdeniz&#8217;de yer yer k\u0131sa s\u00fcreli f\u0131rt\u0131na (70-90 km\/sa) \u015feklinde esmesi bekleniyor. KUVVETL\u0130 YA\u011eI\u015e UYARISI: Ya\u011f\u0131\u015flar\u0131n, Do\u011fu Anadolu&#8217;nun bat\u0131s\u0131, G\u00fcneydo\u011fu Anadolu&#8217;nun do\u011fusu, Samsun, Sinop, Ordu, Giresun, Erzurum, Bitlis, \u015e\u0131rnak ve Hakk\u00e2ri \u00e7evrelerinde yer yer kuvvetli olmas\u0131 beklendi\u011finden &hellip;<\/p>","protected":false},"author":1,"featured_media":0,"comment_status":"","ping_status":"open","sticky":false,"template":"","format":"standard","meta":{"_acf_changed":false,"footnotes":""},"categories":[24],"tags":[],"class_list":["post-36348","post","type-post","status-publish","format-standard","has-post-thumbnail","hentry","category-gundem"],"acf":[],"yoast_head":"<!-- This site is optimized with the Yoast SEO Premium plugin v26.6 (Yoast SEO v27.1.1) - https:\/\/yoast.com\/product\/yoast-seo-premium-wordpress\/ -->\n<title>Meteoroloji&#039;den 33 il i\u00e7in sar\u0131 kod! Ya\u011fmur, kar ve f\u0131rt\u0131naya dikkat! - Av. Deniz Can K\u0131z\u0131l<\/title>\n<meta name=\"robots\" content=\"index, follow, max-snippet:-1, max-image-preview:large, max-video-preview:-1\" \/>\n<link rel=\"canonical\" href=\"https:\/\/denizcankizil.tr\/uk\/haberler\/gundem\/meteorolojiden-33-il-icin-sari-kod-yagmur-kar-ve-firtinaya-dikkat\/\" \/>\n<meta property=\"og:locale\" content=\"uk_UA\" \/>\n<meta property=\"og:type\" content=\"article\" \/>\n<meta property=\"og:title\" content=\"Meteoroloji&#039;den 33 il i\u00e7in sar\u0131 kod! Ya\u011fmur, kar ve f\u0131rt\u0131naya dikkat!\" \/>\n<meta property=\"og:description\" content=\"Yurt genelinde so\u011fuk hava dalgas\u0131n\u0131n etkisi devam ediyor. \u0130stanbul&#8217;da bug\u00fcn de ya\u011fmurlu havan\u0131n s\u00fcrmesi beklenirken, bir\u00e7ok ilde ise kar ve karla kar\u0131\u015f\u0131k ya\u011fmur etkili olacak.ANKARA (\u0130GFA) &#8211;\u00a0Meteoroloji Genel M\u00fcd\u00fcrl\u00fc\u011f\u00fc, 20 Mart Per\u015fembe g\u00fcn\u00fcne ili\u015fkin hava tahmin raporunu yay\u0131mlad\u0131.\u00a0 Meteoroloji Genel M\u00fcd\u00fcrl\u00fc\u011f\u00fc taraf\u0131ndan yap\u0131lan tahminlere g\u00f6re yurt genelinin par\u00e7al\u0131 ve \u00e7ok bulutlu, Marmara&#8217;n\u0131n do\u011fusu, Do\u011fu Akdeniz (Adana hari\u00e7), \u0130\u00e7 Anadolu, Karadeniz, Do\u011fu ve G\u00fcneydo\u011fu Anadolu&#8217;nun ya\u011f\u0131\u015fl\u0131 ge\u00e7ece\u011fi tahmin ediliyor. Genellikle karla kar\u0131\u015f\u0131k ya\u011fmur ve kar, Akdeniz k\u0131y\u0131lar\u0131 ile G\u00fcneydo\u011fu Anadolu\u2019da ya\u011fmur ve sa\u011fanak \u015feklinde g\u00f6r\u00fclmesi beklenen ya\u011f\u0131\u015flar\u0131n, Do\u011fu Anadolu&#8217;nun bat\u0131s\u0131, G\u00fcneydo\u011fu Anadolu&#8217;nun do\u011fusu, Samsun, Sinop, Ordu, Giresun, Erzurum, Bitlis, \u015e\u0131rnak ve Hakk\u00e2ri \u00e7evrelerinde yer yer kuvvetli olaca\u011f\u0131 tahmin ediliyor. Sabah ve gece saatlerinde i\u00e7 ve do\u011fu kesimlerde buzlanma ve don bekleniyor. Do\u011fu Karadeniz\u2019in i\u00e7 kesimlerinin y\u00fcksekleri ile Do\u011fu Anadolu\u2019nun y\u00fcksek ve dik yama\u00e7lar\u0131nda \u00e7\u0131\u011f tehlikesi bulunmaktad\u0131r. Hava s\u0131cakl\u0131klar\u0131n\u0131n mevsim normallerinin alt\u0131nda seyredece\u011fi tahmin ediliyor. R\u00fczgar\u0131n genellikle kuzeyli, yurdun g\u00fcneydo\u011fu kesimlerinde g\u00fcneyli y\u00f6nlerden hafif, ara s\u0131ra orta kuvvette, G\u00fcney Ege, \u0130\u00e7 Anadolu&#8217;nun g\u00fcneyinde kuvvetli (40-70 km\/sa), Akdeniz&#8217;de yer yer k\u0131sa s\u00fcreli f\u0131rt\u0131na (70-90 km\/sa) \u015feklinde esmesi bekleniyor. KUVVETL\u0130 YA\u011eI\u015e UYARISI: Ya\u011f\u0131\u015flar\u0131n, Do\u011fu Anadolu&#8217;nun bat\u0131s\u0131, G\u00fcneydo\u011fu Anadolu&#8217;nun do\u011fusu, Samsun, Sinop, Ordu, Giresun, Erzurum, Bitlis, \u015e\u0131rnak ve Hakk\u00e2ri \u00e7evrelerinde yer yer kuvvetli olmas\u0131 beklendi\u011finden &hellip;\" \/>\n<meta property=\"og:url\" content=\"https:\/\/denizcankizil.tr\/uk\/haberler\/gundem\/meteorolojiden-33-il-icin-sari-kod-yagmur-kar-ve-firtinaya-dikkat\/\" \/>\n<meta property=\"og:site_name\" content=\"Av. Deniz Can K\u0131z\u0131l\" \/>\n<meta property=\"article:published_time\" content=\"2025-03-20T06:41:23+00:00\" \/>\n<meta name=\"author\" content=\"admin\" \/>\n<meta name=\"twitter:card\" content=\"summary_large_image\" \/>\n<meta name=\"twitter:label1\" content=\"\u041d\u0430\u043f\u0438\u0441\u0430\u043d\u043e\" \/>\n\t<meta name=\"twitter:data1\" content=\"admin\" \/>\n\t<meta name=\"twitter:label2\" content=\"\u041f\u0440\u0438\u0431\u043b. \u0447\u0430\u0441 \u0447\u0438\u0442\u0430\u043d\u043d\u044f\" \/>\n\t<meta name=\"twitter:data2\" content=\"5 \u0445\u0432\u0438\u043b\u0438\u043d\" \/>\n<script type=\"application\/ld+json\" class=\"yoast-schema-graph\">{\"@context\":\"https:\/\/schema.org\",\"@graph\":[{\"@type\":\"Article\",\"@id\":\"https:\/\/denizcankizil.tr\/uk\/haberler\/gundem\/meteorolojiden-33-il-icin-sari-kod-yagmur-kar-ve-firtinaya-dikkat\/#article\",\"isPartOf\":{\"@id\":\"https:\/\/denizcankizil.tr\/uk\/haberler\/gundem\/meteorolojiden-33-il-icin-sari-kod-yagmur-kar-ve-firtinaya-dikkat\/\"},\"author\":{\"name\":\"admin\",\"@id\":\"https:\/\/denizcankizil.tr\/de\/#\/schema\/person\/be3c05fe6a12686905512445d8185489\"},\"headline\":\"Meteoroloji&#8217;den 33 il i\u00e7in sar\u0131 kod! Ya\u011fmur, kar ve f\u0131rt\u0131naya dikkat!\",\"datePublished\":\"2025-03-20T06:41:23+00:00\",\"mainEntityOfPage\":{\"@id\":\"https:\/\/denizcankizil.tr\/uk\/haberler\/gundem\/meteorolojiden-33-il-icin-sari-kod-yagmur-kar-ve-firtinaya-dikkat\/\"},\"wordCount\":1091,\"publisher\":{\"@id\":\"https:\/\/denizcankizil.tr\/de\/#organization\"},\"articleSection\":[\"G\u00fcndem\"],\"inLanguage\":\"uk\"},{\"@type\":\"WebPage\",\"@id\":\"https:\/\/denizcankizil.tr\/uk\/haberler\/gundem\/meteorolojiden-33-il-icin-sari-kod-yagmur-kar-ve-firtinaya-dikkat\/\",\"url\":\"https:\/\/denizcankizil.tr\/uk\/haberler\/gundem\/meteorolojiden-33-il-icin-sari-kod-yagmur-kar-ve-firtinaya-dikkat\/\",\"name\":\"Meteoroloji'den 33 il i\u00e7in sar\u0131 kod! Ya\u011fmur, kar ve f\u0131rt\u0131naya dikkat! - Av. Deniz Can K\u0131z\u0131l\",\"isPartOf\":{\"@id\":\"https:\/\/denizcankizil.tr\/de\/#website\"},\"datePublished\":\"2025-03-20T06:41:23+00:00\",\"breadcrumb\":{\"@id\":\"https:\/\/denizcankizil.tr\/uk\/haberler\/gundem\/meteorolojiden-33-il-icin-sari-kod-yagmur-kar-ve-firtinaya-dikkat\/#breadcrumb\"},\"inLanguage\":\"uk\",\"potentialAction\":[{\"@type\":\"ReadAction\",\"target\":[\"https:\/\/denizcankizil.tr\/uk\/haberler\/gundem\/meteorolojiden-33-il-icin-sari-kod-yagmur-kar-ve-firtinaya-dikkat\/\"]}]},{\"@type\":\"BreadcrumbList\",\"@id\":\"https:\/\/denizcankizil.tr\/uk\/haberler\/gundem\/meteorolojiden-33-il-icin-sari-kod-yagmur-kar-ve-firtinaya-dikkat\/#breadcrumb\",\"itemListElement\":[{\"@type\":\"ListItem\",\"position\":1,\"name\":\"Home\",\"item\":\"https:\/\/denizcankizil.tr\/de\/\"},{\"@type\":\"ListItem\",\"position\":2,\"name\":\"Meteoroloji&#8217;den 33 il i\u00e7in sar\u0131 kod! Ya\u011fmur, kar ve f\u0131rt\u0131naya dikkat!\"}]},{\"@type\":\"WebSite\",\"@id\":\"https:\/\/denizcankizil.tr\/de\/#website\",\"url\":\"https:\/\/denizcankizil.tr\/de\/\",\"name\":\"Av. Deniz Can K\u0131z\u0131l\",\"description\":\"Avukat Deniz Can K\u0131z\u0131l Antalya Barosu\",\"publisher\":{\"@id\":\"https:\/\/denizcankizil.tr\/de\/#organization\"},\"potentialAction\":[{\"@type\":\"SearchAction\",\"target\":{\"@type\":\"EntryPoint\",\"urlTemplate\":\"https:\/\/denizcankizil.tr\/de\/?s={search_term_string}\"},\"query-input\":{\"@type\":\"PropertyValueSpecification\",\"valueRequired\":true,\"valueName\":\"search_term_string\"}}],\"inLanguage\":\"uk\"},{\"@type\":\"Organization\",\"@id\":\"https:\/\/denizcankizil.tr\/de\/#organization\",\"name\":\"Av. Deniz Can K\u0131z\u0131l\",\"url\":\"https:\/\/denizcankizil.tr\/de\/\",\"logo\":{\"@type\":\"ImageObject\",\"inLanguage\":\"uk\",\"@id\":\"https:\/\/denizcankizil.tr\/de\/#\/schema\/logo\/image\/\",\"url\":\"https:\/\/denizcankizil.tr\/wp-content\/uploads\/2024\/10\/siyah-logo-svg.svg\",\"contentUrl\":\"https:\/\/denizcankizil.tr\/wp-content\/uploads\/2024\/10\/siyah-logo-svg.svg\",\"width\":1080,\"height\":1080,\"caption\":\"Av. Deniz Can K\u0131z\u0131l\"},\"image\":{\"@id\":\"https:\/\/denizcankizil.tr\/de\/#\/schema\/logo\/image\/\"}},{\"@type\":\"Person\",\"@id\":\"https:\/\/denizcankizil.tr\/de\/#\/schema\/person\/be3c05fe6a12686905512445d8185489\",\"name\":\"admin\",\"image\":{\"@type\":\"ImageObject\",\"inLanguage\":\"uk\",\"@id\":\"https:\/\/denizcankizil.tr\/de\/#\/schema\/person\/image\/\",\"url\":\"https:\/\/secure.gravatar.com\/avatar\/c1fce94c830dc79107e174f890d7210541c4a63e8e5d816341794a2151c9d58c?s=96&d=mm&r=g\",\"contentUrl\":\"https:\/\/secure.gravatar.com\/avatar\/c1fce94c830dc79107e174f890d7210541c4a63e8e5d816341794a2151c9d58c?s=96&d=mm&r=g\",\"caption\":\"admin\"},\"sameAs\":[\"http:\/\/denizcankizil.tr\"],\"url\":\"https:\/\/www.iskenderun.org\/meteorolojiden-33-il-icin-sari-kod-yagmur-kar-ve-firtinaya-dikkat\"}]}<\/script>\n<!-- \/ Yoast SEO Premium plugin. -->","yoast_head_json":{"title":"Meteoroloji'den 33 il i\u00e7in sar\u0131 kod! Ya\u011fmur, kar ve f\u0131rt\u0131naya dikkat! - Av. Deniz Can K\u0131z\u0131l","robots":{"index":"index","follow":"follow","max-snippet":"max-snippet:-1","max-image-preview":"max-image-preview:large","max-video-preview":"max-video-preview:-1"},"canonical":"https:\/\/denizcankizil.tr\/uk\/haberler\/gundem\/meteorolojiden-33-il-icin-sari-kod-yagmur-kar-ve-firtinaya-dikkat\/","og_locale":"uk_UA","og_type":"article","og_title":"Meteoroloji'den 33 il i\u00e7in sar\u0131 kod! Ya\u011fmur, kar ve f\u0131rt\u0131naya dikkat!","og_description":"Yurt genelinde so\u011fuk hava dalgas\u0131n\u0131n etkisi devam ediyor. \u0130stanbul&#8217;da bug\u00fcn de ya\u011fmurlu havan\u0131n s\u00fcrmesi beklenirken, bir\u00e7ok ilde ise kar ve karla kar\u0131\u015f\u0131k ya\u011fmur etkili olacak.ANKARA (\u0130GFA) &#8211;\u00a0Meteoroloji Genel M\u00fcd\u00fcrl\u00fc\u011f\u00fc, 20 Mart Per\u015fembe g\u00fcn\u00fcne ili\u015fkin hava tahmin raporunu yay\u0131mlad\u0131.\u00a0 Meteoroloji Genel M\u00fcd\u00fcrl\u00fc\u011f\u00fc taraf\u0131ndan yap\u0131lan tahminlere g\u00f6re yurt genelinin par\u00e7al\u0131 ve \u00e7ok bulutlu, Marmara&#8217;n\u0131n do\u011fusu, Do\u011fu Akdeniz (Adana hari\u00e7), \u0130\u00e7 Anadolu, Karadeniz, Do\u011fu ve G\u00fcneydo\u011fu Anadolu&#8217;nun ya\u011f\u0131\u015fl\u0131 ge\u00e7ece\u011fi tahmin ediliyor. Genellikle karla kar\u0131\u015f\u0131k ya\u011fmur ve kar, Akdeniz k\u0131y\u0131lar\u0131 ile G\u00fcneydo\u011fu Anadolu\u2019da ya\u011fmur ve sa\u011fanak \u015feklinde g\u00f6r\u00fclmesi beklenen ya\u011f\u0131\u015flar\u0131n, Do\u011fu Anadolu&#8217;nun bat\u0131s\u0131, G\u00fcneydo\u011fu Anadolu&#8217;nun do\u011fusu, Samsun, Sinop, Ordu, Giresun, Erzurum, Bitlis, \u015e\u0131rnak ve Hakk\u00e2ri \u00e7evrelerinde yer yer kuvvetli olaca\u011f\u0131 tahmin ediliyor. Sabah ve gece saatlerinde i\u00e7 ve do\u011fu kesimlerde buzlanma ve don bekleniyor. Do\u011fu Karadeniz\u2019in i\u00e7 kesimlerinin y\u00fcksekleri ile Do\u011fu Anadolu\u2019nun y\u00fcksek ve dik yama\u00e7lar\u0131nda \u00e7\u0131\u011f tehlikesi bulunmaktad\u0131r. Hava s\u0131cakl\u0131klar\u0131n\u0131n mevsim normallerinin alt\u0131nda seyredece\u011fi tahmin ediliyor. R\u00fczgar\u0131n genellikle kuzeyli, yurdun g\u00fcneydo\u011fu kesimlerinde g\u00fcneyli y\u00f6nlerden hafif, ara s\u0131ra orta kuvvette, G\u00fcney Ege, \u0130\u00e7 Anadolu&#8217;nun g\u00fcneyinde kuvvetli (40-70 km\/sa), Akdeniz&#8217;de yer yer k\u0131sa s\u00fcreli f\u0131rt\u0131na (70-90 km\/sa) \u015feklinde esmesi bekleniyor. KUVVETL\u0130 YA\u011eI\u015e UYARISI: Ya\u011f\u0131\u015flar\u0131n, Do\u011fu Anadolu&#8217;nun bat\u0131s\u0131, G\u00fcneydo\u011fu Anadolu&#8217;nun do\u011fusu, Samsun, Sinop, Ordu, Giresun, Erzurum, Bitlis, \u015e\u0131rnak ve Hakk\u00e2ri \u00e7evrelerinde yer yer kuvvetli olmas\u0131 beklendi\u011finden &hellip;","og_url":"https:\/\/denizcankizil.tr\/uk\/haberler\/gundem\/meteorolojiden-33-il-icin-sari-kod-yagmur-kar-ve-firtinaya-dikkat\/","og_site_name":"Av. Deniz Can K\u0131z\u0131l","article_published_time":"2025-03-20T06:41:23+00:00","author":"admin","twitter_card":"summary_large_image","twitter_misc":{"\u041d\u0430\u043f\u0438\u0441\u0430\u043d\u043e":"admin","\u041f\u0440\u0438\u0431\u043b. \u0447\u0430\u0441 \u0447\u0438\u0442\u0430\u043d\u043d\u044f":"5 \u0445\u0432\u0438\u043b\u0438\u043d"},"schema":{"@context":"https:\/\/schema.org","@graph":[{"@type":"Article","@id":"https:\/\/denizcankizil.tr\/uk\/haberler\/gundem\/meteorolojiden-33-il-icin-sari-kod-yagmur-kar-ve-firtinaya-dikkat\/#article","isPartOf":{"@id":"https:\/\/denizcankizil.tr\/uk\/haberler\/gundem\/meteorolojiden-33-il-icin-sari-kod-yagmur-kar-ve-firtinaya-dikkat\/"},"author":{"name":"admin","@id":"https:\/\/denizcankizil.tr\/de\/#\/schema\/person\/be3c05fe6a12686905512445d8185489"},"headline":"Meteoroloji&#8217;den 33 il i\u00e7in sar\u0131 kod! Ya\u011fmur, kar ve f\u0131rt\u0131naya dikkat!","datePublished":"2025-03-20T06:41:23+00:00","mainEntityOfPage":{"@id":"https:\/\/denizcankizil.tr\/uk\/haberler\/gundem\/meteorolojiden-33-il-icin-sari-kod-yagmur-kar-ve-firtinaya-dikkat\/"},"wordCount":1091,"publisher":{"@id":"https:\/\/denizcankizil.tr\/de\/#organization"},"articleSection":["G\u00fcndem"],"inLanguage":"uk"},{"@type":"WebPage","@id":"https:\/\/denizcankizil.tr\/uk\/haberler\/gundem\/meteorolojiden-33-il-icin-sari-kod-yagmur-kar-ve-firtinaya-dikkat\/","url":"https:\/\/denizcankizil.tr\/uk\/haberler\/gundem\/meteorolojiden-33-il-icin-sari-kod-yagmur-kar-ve-firtinaya-dikkat\/","name":"Meteoroloji'den 33 il i\u00e7in sar\u0131 kod! Ya\u011fmur, kar ve f\u0131rt\u0131naya dikkat! - Av. Deniz Can K\u0131z\u0131l","isPartOf":{"@id":"https:\/\/denizcankizil.tr\/de\/#website"},"datePublished":"2025-03-20T06:41:23+00:00","breadcrumb":{"@id":"https:\/\/denizcankizil.tr\/uk\/haberler\/gundem\/meteorolojiden-33-il-icin-sari-kod-yagmur-kar-ve-firtinaya-dikkat\/#breadcrumb"},"inLanguage":"uk","potentialAction":[{"@type":"ReadAction","target":["https:\/\/denizcankizil.tr\/uk\/haberler\/gundem\/meteorolojiden-33-il-icin-sari-kod-yagmur-kar-ve-firtinaya-dikkat\/"]}]},{"@type":"BreadcrumbList","@id":"https:\/\/denizcankizil.tr\/uk\/haberler\/gundem\/meteorolojiden-33-il-icin-sari-kod-yagmur-kar-ve-firtinaya-dikkat\/#breadcrumb","itemListElement":[{"@type":"ListItem","position":1,"name":"Home","item":"https:\/\/denizcankizil.tr\/de\/"},{"@type":"ListItem","position":2,"name":"Meteoroloji&#8217;den 33 il i\u00e7in sar\u0131 kod! Ya\u011fmur, kar ve f\u0131rt\u0131naya dikkat!"}]},{"@type":"WebSite","@id":"https:\/\/denizcankizil.tr\/de\/#website","url":"https:\/\/denizcankizil.tr\/de\/","name":"Av. Deniz Can K\u0131z\u0131l","description":"Avukat Deniz Can K\u0131z\u0131l Antalya Barosu","publisher":{"@id":"https:\/\/denizcankizil.tr\/de\/#organization"},"potentialAction":[{"@type":"SearchAction","target":{"@type":"EntryPoint","urlTemplate":"https:\/\/denizcankizil.tr\/de\/?s={search_term_string}"},"query-input":{"@type":"PropertyValueSpecification","valueRequired":true,"valueName":"search_term_string"}}],"inLanguage":"uk"},{"@type":"Organization","@id":"https:\/\/denizcankizil.tr\/de\/#organization","name":"Av. Deniz Can K\u0131z\u0131l","url":"https:\/\/denizcankizil.tr\/de\/","logo":{"@type":"ImageObject","inLanguage":"uk","@id":"https:\/\/denizcankizil.tr\/de\/#\/schema\/logo\/image\/","url":"https:\/\/denizcankizil.tr\/wp-content\/uploads\/2024\/10\/siyah-logo-svg.svg","contentUrl":"https:\/\/denizcankizil.tr\/wp-content\/uploads\/2024\/10\/siyah-logo-svg.svg","width":1080,"height":1080,"caption":"Av. Deniz Can K\u0131z\u0131l"},"image":{"@id":"https:\/\/denizcankizil.tr\/de\/#\/schema\/logo\/image\/"}},{"@type":"Person","@id":"https:\/\/denizcankizil.tr\/de\/#\/schema\/person\/be3c05fe6a12686905512445d8185489","name":"\u0430\u0434\u043c\u0456\u043d","image":{"@type":"ImageObject","inLanguage":"uk","@id":"https:\/\/denizcankizil.tr\/de\/#\/schema\/person\/image\/","url":"https:\/\/secure.gravatar.com\/avatar\/c1fce94c830dc79107e174f890d7210541c4a63e8e5d816341794a2151c9d58c?s=96&d=mm&r=g","contentUrl":"https:\/\/secure.gravatar.com\/avatar\/c1fce94c830dc79107e174f890d7210541c4a63e8e5d816341794a2151c9d58c?s=96&d=mm&r=g","caption":"admin"},"sameAs":["http:\/\/denizcankizil.tr"],"url":"https:\/\/www.iskenderun.org\/meteorolojiden-33-il-icin-sari-kod-yagmur-kar-ve-firtinaya-dikkat"}]}},"_links":{"self":[{"href":"https:\/\/denizcankizil.tr\/uk\/wp-json\/wp\/v2\/posts\/36348","targetHints":{"allow":["GET"]}}],"collection":[{"href":"https:\/\/denizcankizil.tr\/uk\/wp-json\/wp\/v2\/posts"}],"about":[{"href":"https:\/\/denizcankizil.tr\/uk\/wp-json\/wp\/v2\/types\/post"}],"author":[{"embeddable":true,"href":"https:\/\/denizcankizil.tr\/uk\/wp-json\/wp\/v2\/users\/1"}],"replies":[{"embeddable":true,"href":"https:\/\/denizcankizil.tr\/uk\/wp-json\/wp\/v2\/comments?post=36348"}],"version-history":[{"count":0,"href":"https:\/\/denizcankizil.tr\/uk\/wp-json\/wp\/v2\/posts\/36348\/revisions"}],"wp:attachment":[{"href":"https:\/\/denizcankizil.tr\/uk\/wp-json\/wp\/v2\/media?parent=36348"}],"wp:term":[{"taxonomy":"category","embeddable":true,"href":"https:\/\/denizcankizil.tr\/uk\/wp-json\/wp\/v2\/categories?post=36348"},{"taxonomy":"post_tag","embeddable":true,"href":"https:\/\/denizcankizil.tr\/uk\/wp-json\/wp\/v2\/tags?post=36348"}],"curies":[{"name":"wp","href":"https:\/\/api.w.org\/{rel}","templated":true}]}}