{"id":36305,"date":"2025-03-19T14:42:04","date_gmt":"2025-03-19T11:42:04","guid":{"rendered":"https:\/\/denizcankizil.tr\/uncategorized-tr\/akkuyu-ngsnin-2nci-guc-unitesinin-makine-dairesine-ait-ana-koprulu-vinc-devreye-alindi\/"},"modified":"2025-03-19T14:42:04","modified_gmt":"2025-03-19T11:42:04","slug":"akkuyu-ngsnin-2nci-guc-unitesinin-makine-dairesine-ait-ana-koprulu-vinc-devreye-alindi","status":"publish","type":"post","link":"https:\/\/denizcankizil.tr\/uk\/haberler\/gundem\/akkuyu-ngsnin-2nci-guc-unitesinin-makine-dairesine-ait-ana-koprulu-vinc-devreye-alindi\/","title":{"rendered":"Akkuyu NGS&#8217;nin 2&#8217;nci g\u00fc\u00e7 \u00fcnitesi&#8217;nin makine dairesine ait ana k\u00f6pr\u00fcl\u00fc vin\u00e7 devreye al\u0131nd\u0131"},"content":{"rendered":"<p>Rusya Devlet N\u00fckleer Enerji Kurulu\u015fu Rosatom taraf\u0131ndan in\u015fa edilen Akkuyu N\u00fckleer G\u00fc\u00e7 Santrali\u2019nin (NGS) 2\u2019nci G\u00fc\u00e7 \u00dcnitesi\u2019nin makine dairesinde 350 ton kapasiteli k\u00f6pr\u00fcl\u00fc vin\u00e7 devreye al\u0131nd\u0131.<\/p>\n<p>\u200bRusya Devlet N\u00fckleer Enerji Kurulu\u015fu Rosatom taraf\u0131ndan in\u015fa edilen Akkuyu N\u00fckleer G\u00fc\u00e7 Santrali\u2019nin (NGS) 2\u2019nci G\u00fc\u00e7 \u00dcnitesi\u2019nin makine dairesinde 350 ton kapasiteli k\u00f6pr\u00fcl\u00fc vin\u00e7 devreye al\u0131nd\u0131.\u00a0<\/p>\n<p>\u200bHaberin Al\u0131nt\u0131land\u0131\u011f\u0131 Kaynak: www.iskenderun.org<\/p>","protected":false},"excerpt":{"rendered":"<p>Rusya Devlet N\u00fckleer Enerji Kurulu\u015fu Rosatom taraf\u0131ndan in\u015fa edilen Akkuyu N\u00fckleer G\u00fc\u00e7 Santrali\u2019nin (NGS) 2\u2019nci G\u00fc\u00e7 \u00dcnitesi\u2019nin makine dairesinde 350 ton kapasiteli k\u00f6pr\u00fcl\u00fc vin\u00e7 devreye al\u0131nd\u0131. \u200bRusya Devlet N\u00fckleer Enerji Kurulu\u015fu Rosatom taraf\u0131ndan in\u015fa edilen Akkuyu N\u00fckleer G\u00fc\u00e7 Santrali\u2019nin (NGS) 2\u2019nci G\u00fc\u00e7 \u00dcnitesi\u2019nin makine dairesinde 350 ton kapasiteli k\u00f6pr\u00fcl\u00fc vin\u00e7 devreye al\u0131nd\u0131.\u00a0 \u200bHaberin Al\u0131nt\u0131land\u0131\u011f\u0131 Kaynak: www.iskenderun.org<\/p>","protected":false},"author":1,"featured_media":0,"comment_status":"","ping_status":"open","sticky":false,"template":"","format":"standard","meta":{"_acf_changed":false,"footnotes":""},"categories":[24],"tags":[],"class_list":["post-36305","post","type-post","status-publish","format-standard","has-post-thumbnail","hentry","category-gundem"],"acf":[],"yoast_head":"<!-- This site is optimized with the Yoast SEO Premium plugin v26.6 (Yoast SEO v27.1.1) - https:\/\/yoast.com\/product\/yoast-seo-premium-wordpress\/ -->\n<title>Akkuyu NGS&#039;nin 2&#039;nci g\u00fc\u00e7 \u00fcnitesi&#039;nin makine dairesine ait ana k\u00f6pr\u00fcl\u00fc vin\u00e7 devreye al\u0131nd\u0131 - Av. Deniz Can K\u0131z\u0131l<\/title>\n<meta name=\"robots\" content=\"index, follow, max-snippet:-1, max-image-preview:large, max-video-preview:-1\" \/>\n<link rel=\"canonical\" href=\"https:\/\/denizcankizil.tr\/uk\/haberler\/gundem\/akkuyu-ngsnin-2nci-guc-unitesinin-makine-dairesine-ait-ana-koprulu-vinc-devreye-alindi\/\" \/>\n<meta property=\"og:locale\" content=\"uk_UA\" \/>\n<meta property=\"og:type\" content=\"article\" \/>\n<meta property=\"og:title\" content=\"Akkuyu NGS&#039;nin 2&#039;nci g\u00fc\u00e7 \u00fcnitesi&#039;nin makine dairesine ait ana k\u00f6pr\u00fcl\u00fc vin\u00e7 devreye al\u0131nd\u0131\" \/>\n<meta property=\"og:description\" content=\"Rusya Devlet N\u00fckleer Enerji Kurulu\u015fu Rosatom taraf\u0131ndan in\u015fa edilen Akkuyu N\u00fckleer G\u00fc\u00e7 Santrali\u2019nin (NGS) 2\u2019nci G\u00fc\u00e7 \u00dcnitesi\u2019nin makine dairesinde 350 ton kapasiteli k\u00f6pr\u00fcl\u00fc vin\u00e7 devreye al\u0131nd\u0131. \u200bRusya Devlet N\u00fckleer Enerji Kurulu\u015fu Rosatom taraf\u0131ndan in\u015fa edilen Akkuyu N\u00fckleer G\u00fc\u00e7 Santrali\u2019nin (NGS) 2\u2019nci G\u00fc\u00e7 \u00dcnitesi\u2019nin makine dairesinde 350 ton kapasiteli k\u00f6pr\u00fcl\u00fc vin\u00e7 devreye al\u0131nd\u0131.\u00a0 \u200bHaberin Al\u0131nt\u0131land\u0131\u011f\u0131 Kaynak: www.iskenderun.org\" \/>\n<meta property=\"og:url\" content=\"https:\/\/denizcankizil.tr\/uk\/haberler\/gundem\/akkuyu-ngsnin-2nci-guc-unitesinin-makine-dairesine-ait-ana-koprulu-vinc-devreye-alindi\/\" \/>\n<meta property=\"og:site_name\" content=\"Av. Deniz Can K\u0131z\u0131l\" \/>\n<meta property=\"article:published_time\" content=\"2025-03-19T11:42:04+00:00\" \/>\n<meta name=\"author\" content=\"admin\" \/>\n<meta name=\"twitter:card\" content=\"summary_large_image\" \/>\n<meta name=\"twitter:label1\" content=\"\u041d\u0430\u043f\u0438\u0441\u0430\u043d\u043e\" \/>\n\t<meta name=\"twitter:data1\" content=\"admin\" \/>\n<script type=\"application\/ld+json\" class=\"yoast-schema-graph\">{\"@context\":\"https:\/\/schema.org\",\"@graph\":[{\"@type\":\"Article\",\"@id\":\"https:\/\/denizcankizil.tr\/uk\/haberler\/gundem\/akkuyu-ngsnin-2nci-guc-unitesinin-makine-dairesine-ait-ana-koprulu-vinc-devreye-alindi\/#article\",\"isPartOf\":{\"@id\":\"https:\/\/denizcankizil.tr\/uk\/haberler\/gundem\/akkuyu-ngsnin-2nci-guc-unitesinin-makine-dairesine-ait-ana-koprulu-vinc-devreye-alindi\/\"},\"author\":{\"name\":\"admin\",\"@id\":\"https:\/\/denizcankizil.tr\/de\/#\/schema\/person\/be3c05fe6a12686905512445d8185489\"},\"headline\":\"Akkuyu NGS&#8217;nin 2&#8217;nci g\u00fc\u00e7 \u00fcnitesi&#8217;nin makine dairesine ait ana k\u00f6pr\u00fcl\u00fc vin\u00e7 devreye al\u0131nd\u0131\",\"datePublished\":\"2025-03-19T11:42:04+00:00\",\"mainEntityOfPage\":{\"@id\":\"https:\/\/denizcankizil.tr\/uk\/haberler\/gundem\/akkuyu-ngsnin-2nci-guc-unitesinin-makine-dairesine-ait-ana-koprulu-vinc-devreye-alindi\/\"},\"wordCount\":96,\"publisher\":{\"@id\":\"https:\/\/denizcankizil.tr\/de\/#organization\"},\"articleSection\":[\"G\u00fcndem\"],\"inLanguage\":\"uk\"},{\"@type\":\"WebPage\",\"@id\":\"https:\/\/denizcankizil.tr\/uk\/haberler\/gundem\/akkuyu-ngsnin-2nci-guc-unitesinin-makine-dairesine-ait-ana-koprulu-vinc-devreye-alindi\/\",\"url\":\"https:\/\/denizcankizil.tr\/uk\/haberler\/gundem\/akkuyu-ngsnin-2nci-guc-unitesinin-makine-dairesine-ait-ana-koprulu-vinc-devreye-alindi\/\",\"name\":\"Akkuyu NGS'nin 2'nci g\u00fc\u00e7 \u00fcnitesi'nin makine dairesine ait ana k\u00f6pr\u00fcl\u00fc vin\u00e7 devreye al\u0131nd\u0131 - Av. Deniz Can K\u0131z\u0131l\",\"isPartOf\":{\"@id\":\"https:\/\/denizcankizil.tr\/de\/#website\"},\"datePublished\":\"2025-03-19T11:42:04+00:00\",\"breadcrumb\":{\"@id\":\"https:\/\/denizcankizil.tr\/uk\/haberler\/gundem\/akkuyu-ngsnin-2nci-guc-unitesinin-makine-dairesine-ait-ana-koprulu-vinc-devreye-alindi\/#breadcrumb\"},\"inLanguage\":\"uk\",\"potentialAction\":[{\"@type\":\"ReadAction\",\"target\":[\"https:\/\/denizcankizil.tr\/uk\/haberler\/gundem\/akkuyu-ngsnin-2nci-guc-unitesinin-makine-dairesine-ait-ana-koprulu-vinc-devreye-alindi\/\"]}]},{\"@type\":\"BreadcrumbList\",\"@id\":\"https:\/\/denizcankizil.tr\/uk\/haberler\/gundem\/akkuyu-ngsnin-2nci-guc-unitesinin-makine-dairesine-ait-ana-koprulu-vinc-devreye-alindi\/#breadcrumb\",\"itemListElement\":[{\"@type\":\"ListItem\",\"position\":1,\"name\":\"Home\",\"item\":\"https:\/\/denizcankizil.tr\/de\/\"},{\"@type\":\"ListItem\",\"position\":2,\"name\":\"Akkuyu NGS&#8217;nin 2&#8217;nci g\u00fc\u00e7 \u00fcnitesi&#8217;nin makine dairesine ait ana k\u00f6pr\u00fcl\u00fc vin\u00e7 devreye al\u0131nd\u0131\"}]},{\"@type\":\"WebSite\",\"@id\":\"https:\/\/denizcankizil.tr\/de\/#website\",\"url\":\"https:\/\/denizcankizil.tr\/de\/\",\"name\":\"Av. Deniz Can K\u0131z\u0131l\",\"description\":\"Avukat Deniz Can K\u0131z\u0131l Antalya Barosu\",\"publisher\":{\"@id\":\"https:\/\/denizcankizil.tr\/de\/#organization\"},\"potentialAction\":[{\"@type\":\"SearchAction\",\"target\":{\"@type\":\"EntryPoint\",\"urlTemplate\":\"https:\/\/denizcankizil.tr\/de\/?s={search_term_string}\"},\"query-input\":{\"@type\":\"PropertyValueSpecification\",\"valueRequired\":true,\"valueName\":\"search_term_string\"}}],\"inLanguage\":\"uk\"},{\"@type\":\"Organization\",\"@id\":\"https:\/\/denizcankizil.tr\/de\/#organization\",\"name\":\"Av. Deniz Can K\u0131z\u0131l\",\"url\":\"https:\/\/denizcankizil.tr\/de\/\",\"logo\":{\"@type\":\"ImageObject\",\"inLanguage\":\"uk\",\"@id\":\"https:\/\/denizcankizil.tr\/de\/#\/schema\/logo\/image\/\",\"url\":\"https:\/\/denizcankizil.tr\/wp-content\/uploads\/2024\/10\/siyah-logo-svg.svg\",\"contentUrl\":\"https:\/\/denizcankizil.tr\/wp-content\/uploads\/2024\/10\/siyah-logo-svg.svg\",\"width\":1080,\"height\":1080,\"caption\":\"Av. Deniz Can K\u0131z\u0131l\"},\"image\":{\"@id\":\"https:\/\/denizcankizil.tr\/de\/#\/schema\/logo\/image\/\"}},{\"@type\":\"Person\",\"@id\":\"https:\/\/denizcankizil.tr\/de\/#\/schema\/person\/be3c05fe6a12686905512445d8185489\",\"name\":\"admin\",\"image\":{\"@type\":\"ImageObject\",\"inLanguage\":\"uk\",\"@id\":\"https:\/\/denizcankizil.tr\/de\/#\/schema\/person\/image\/\",\"url\":\"https:\/\/secure.gravatar.com\/avatar\/c1fce94c830dc79107e174f890d7210541c4a63e8e5d816341794a2151c9d58c?s=96&d=mm&r=g\",\"contentUrl\":\"https:\/\/secure.gravatar.com\/avatar\/c1fce94c830dc79107e174f890d7210541c4a63e8e5d816341794a2151c9d58c?s=96&d=mm&r=g\",\"caption\":\"admin\"},\"sameAs\":[\"http:\/\/denizcankizil.tr\"],\"url\":\"https:\/\/www.iskenderun.org\/akkuyu-ngsnin-2nci-guc-unitesinin-makine-dairesine-ait-ana-koprulu-vinc-devreye-alindi\"}]}<\/script>\n<!-- \/ Yoast SEO Premium plugin. -->","yoast_head_json":{"title":"Akkuyu NGS'nin 2'nci g\u00fc\u00e7 \u00fcnitesi'nin makine dairesine ait ana k\u00f6pr\u00fcl\u00fc vin\u00e7 devreye al\u0131nd\u0131 - Av. Deniz Can K\u0131z\u0131l","robots":{"index":"index","follow":"follow","max-snippet":"max-snippet:-1","max-image-preview":"max-image-preview:large","max-video-preview":"max-video-preview:-1"},"canonical":"https:\/\/denizcankizil.tr\/uk\/haberler\/gundem\/akkuyu-ngsnin-2nci-guc-unitesinin-makine-dairesine-ait-ana-koprulu-vinc-devreye-alindi\/","og_locale":"uk_UA","og_type":"article","og_title":"Akkuyu NGS'nin 2'nci g\u00fc\u00e7 \u00fcnitesi'nin makine dairesine ait ana k\u00f6pr\u00fcl\u00fc vin\u00e7 devreye al\u0131nd\u0131","og_description":"Rusya Devlet N\u00fckleer Enerji Kurulu\u015fu Rosatom taraf\u0131ndan in\u015fa edilen Akkuyu N\u00fckleer G\u00fc\u00e7 Santrali\u2019nin (NGS) 2\u2019nci G\u00fc\u00e7 \u00dcnitesi\u2019nin makine dairesinde 350 ton kapasiteli k\u00f6pr\u00fcl\u00fc vin\u00e7 devreye al\u0131nd\u0131. \u200bRusya Devlet N\u00fckleer Enerji Kurulu\u015fu Rosatom taraf\u0131ndan in\u015fa edilen Akkuyu N\u00fckleer G\u00fc\u00e7 Santrali\u2019nin (NGS) 2\u2019nci G\u00fc\u00e7 \u00dcnitesi\u2019nin makine dairesinde 350 ton kapasiteli k\u00f6pr\u00fcl\u00fc vin\u00e7 devreye al\u0131nd\u0131.\u00a0 \u200bHaberin Al\u0131nt\u0131land\u0131\u011f\u0131 Kaynak: www.iskenderun.org","og_url":"https:\/\/denizcankizil.tr\/uk\/haberler\/gundem\/akkuyu-ngsnin-2nci-guc-unitesinin-makine-dairesine-ait-ana-koprulu-vinc-devreye-alindi\/","og_site_name":"Av. Deniz Can K\u0131z\u0131l","article_published_time":"2025-03-19T11:42:04+00:00","author":"admin","twitter_card":"summary_large_image","twitter_misc":{"\u041d\u0430\u043f\u0438\u0441\u0430\u043d\u043e":"admin"},"schema":{"@context":"https:\/\/schema.org","@graph":[{"@type":"Article","@id":"https:\/\/denizcankizil.tr\/uk\/haberler\/gundem\/akkuyu-ngsnin-2nci-guc-unitesinin-makine-dairesine-ait-ana-koprulu-vinc-devreye-alindi\/#article","isPartOf":{"@id":"https:\/\/denizcankizil.tr\/uk\/haberler\/gundem\/akkuyu-ngsnin-2nci-guc-unitesinin-makine-dairesine-ait-ana-koprulu-vinc-devreye-alindi\/"},"author":{"name":"admin","@id":"https:\/\/denizcankizil.tr\/de\/#\/schema\/person\/be3c05fe6a12686905512445d8185489"},"headline":"Akkuyu NGS&#8217;nin 2&#8217;nci g\u00fc\u00e7 \u00fcnitesi&#8217;nin makine dairesine ait ana k\u00f6pr\u00fcl\u00fc vin\u00e7 devreye al\u0131nd\u0131","datePublished":"2025-03-19T11:42:04+00:00","mainEntityOfPage":{"@id":"https:\/\/denizcankizil.tr\/uk\/haberler\/gundem\/akkuyu-ngsnin-2nci-guc-unitesinin-makine-dairesine-ait-ana-koprulu-vinc-devreye-alindi\/"},"wordCount":96,"publisher":{"@id":"https:\/\/denizcankizil.tr\/de\/#organization"},"articleSection":["G\u00fcndem"],"inLanguage":"uk"},{"@type":"WebPage","@id":"https:\/\/denizcankizil.tr\/uk\/haberler\/gundem\/akkuyu-ngsnin-2nci-guc-unitesinin-makine-dairesine-ait-ana-koprulu-vinc-devreye-alindi\/","url":"https:\/\/denizcankizil.tr\/uk\/haberler\/gundem\/akkuyu-ngsnin-2nci-guc-unitesinin-makine-dairesine-ait-ana-koprulu-vinc-devreye-alindi\/","name":"Akkuyu NGS'nin 2'nci g\u00fc\u00e7 \u00fcnitesi'nin makine dairesine ait ana k\u00f6pr\u00fcl\u00fc vin\u00e7 devreye al\u0131nd\u0131 - Av. Deniz Can K\u0131z\u0131l","isPartOf":{"@id":"https:\/\/denizcankizil.tr\/de\/#website"},"datePublished":"2025-03-19T11:42:04+00:00","breadcrumb":{"@id":"https:\/\/denizcankizil.tr\/uk\/haberler\/gundem\/akkuyu-ngsnin-2nci-guc-unitesinin-makine-dairesine-ait-ana-koprulu-vinc-devreye-alindi\/#breadcrumb"},"inLanguage":"uk","potentialAction":[{"@type":"ReadAction","target":["https:\/\/denizcankizil.tr\/uk\/haberler\/gundem\/akkuyu-ngsnin-2nci-guc-unitesinin-makine-dairesine-ait-ana-koprulu-vinc-devreye-alindi\/"]}]},{"@type":"BreadcrumbList","@id":"https:\/\/denizcankizil.tr\/uk\/haberler\/gundem\/akkuyu-ngsnin-2nci-guc-unitesinin-makine-dairesine-ait-ana-koprulu-vinc-devreye-alindi\/#breadcrumb","itemListElement":[{"@type":"ListItem","position":1,"name":"Home","item":"https:\/\/denizcankizil.tr\/de\/"},{"@type":"ListItem","position":2,"name":"Akkuyu NGS&#8217;nin 2&#8217;nci g\u00fc\u00e7 \u00fcnitesi&#8217;nin makine dairesine ait ana k\u00f6pr\u00fcl\u00fc vin\u00e7 devreye al\u0131nd\u0131"}]},{"@type":"WebSite","@id":"https:\/\/denizcankizil.tr\/de\/#website","url":"https:\/\/denizcankizil.tr\/de\/","name":"Av. Deniz Can K\u0131z\u0131l","description":"Avukat Deniz Can K\u0131z\u0131l Antalya Barosu","publisher":{"@id":"https:\/\/denizcankizil.tr\/de\/#organization"},"potentialAction":[{"@type":"SearchAction","target":{"@type":"EntryPoint","urlTemplate":"https:\/\/denizcankizil.tr\/de\/?s={search_term_string}"},"query-input":{"@type":"PropertyValueSpecification","valueRequired":true,"valueName":"search_term_string"}}],"inLanguage":"uk"},{"@type":"Organization","@id":"https:\/\/denizcankizil.tr\/de\/#organization","name":"Av. Deniz Can K\u0131z\u0131l","url":"https:\/\/denizcankizil.tr\/de\/","logo":{"@type":"ImageObject","inLanguage":"uk","@id":"https:\/\/denizcankizil.tr\/de\/#\/schema\/logo\/image\/","url":"https:\/\/denizcankizil.tr\/wp-content\/uploads\/2024\/10\/siyah-logo-svg.svg","contentUrl":"https:\/\/denizcankizil.tr\/wp-content\/uploads\/2024\/10\/siyah-logo-svg.svg","width":1080,"height":1080,"caption":"Av. Deniz Can K\u0131z\u0131l"},"image":{"@id":"https:\/\/denizcankizil.tr\/de\/#\/schema\/logo\/image\/"}},{"@type":"Person","@id":"https:\/\/denizcankizil.tr\/de\/#\/schema\/person\/be3c05fe6a12686905512445d8185489","name":"\u0430\u0434\u043c\u0456\u043d","image":{"@type":"ImageObject","inLanguage":"uk","@id":"https:\/\/denizcankizil.tr\/de\/#\/schema\/person\/image\/","url":"https:\/\/secure.gravatar.com\/avatar\/c1fce94c830dc79107e174f890d7210541c4a63e8e5d816341794a2151c9d58c?s=96&d=mm&r=g","contentUrl":"https:\/\/secure.gravatar.com\/avatar\/c1fce94c830dc79107e174f890d7210541c4a63e8e5d816341794a2151c9d58c?s=96&d=mm&r=g","caption":"admin"},"sameAs":["http:\/\/denizcankizil.tr"],"url":"https:\/\/www.iskenderun.org\/akkuyu-ngsnin-2nci-guc-unitesinin-makine-dairesine-ait-ana-koprulu-vinc-devreye-alindi"}]}},"_links":{"self":[{"href":"https:\/\/denizcankizil.tr\/uk\/wp-json\/wp\/v2\/posts\/36305","targetHints":{"allow":["GET"]}}],"collection":[{"href":"https:\/\/denizcankizil.tr\/uk\/wp-json\/wp\/v2\/posts"}],"about":[{"href":"https:\/\/denizcankizil.tr\/uk\/wp-json\/wp\/v2\/types\/post"}],"author":[{"embeddable":true,"href":"https:\/\/denizcankizil.tr\/uk\/wp-json\/wp\/v2\/users\/1"}],"replies":[{"embeddable":true,"href":"https:\/\/denizcankizil.tr\/uk\/wp-json\/wp\/v2\/comments?post=36305"}],"version-history":[{"count":0,"href":"https:\/\/denizcankizil.tr\/uk\/wp-json\/wp\/v2\/posts\/36305\/revisions"}],"wp:attachment":[{"href":"https:\/\/denizcankizil.tr\/uk\/wp-json\/wp\/v2\/media?parent=36305"}],"wp:term":[{"taxonomy":"category","embeddable":true,"href":"https:\/\/denizcankizil.tr\/uk\/wp-json\/wp\/v2\/categories?post=36305"},{"taxonomy":"post_tag","embeddable":true,"href":"https:\/\/denizcankizil.tr\/uk\/wp-json\/wp\/v2\/tags?post=36305"}],"curies":[{"name":"wp","href":"https:\/\/api.w.org\/{rel}","templated":true}]}}