{"id":36225,"date":"2025-03-18T17:41:42","date_gmt":"2025-03-18T14:41:42","guid":{"rendered":"https:\/\/denizcankizil.tr\/uncategorized-tr\/antalya-buyuksehir-belediyesinin-web-sitesi-coktu\/"},"modified":"2025-03-18T17:41:42","modified_gmt":"2025-03-18T14:41:42","slug":"antalya-buyuksehir-belediyesinin-web-sitesi-coktu","status":"publish","type":"post","link":"https:\/\/denizcankizil.tr\/uk\/haberler\/gundem\/antalya-buyuksehir-belediyesinin-web-sitesi-coktu\/","title":{"rendered":"Antalya B\u00fcy\u00fck\u015fehir Belediyesi\u2019nin web sitesi \u00e7\u00f6kt\u00fc"},"content":{"rendered":"<p>Antalya B\u00fcy\u00fck\u015fehir Belediyesi\u2019nin resmi web sitesi (www.antalya.bel.tr), vatanda\u015flar\u0131n \u00e7e\u015fitli hizmetlerden faydaland\u0131\u011f\u0131, duyurular\u0131 takip etti\u011fi ve belediye ile ilgili g\u00fcncel bilgilere ula\u015ft\u0131\u011f\u0131 \u00f6nemli bir platform olmas\u0131 nedeniyle, ya\u015fanan kesinti aksakl\u0131\u011fa neden oldu. Web sitesinin \u00e7\u00f6kme nedeni hakk\u0131nda hen\u00fcz resmi bir a\u00e7\u0131klama yap\u0131lmad\u0131.<\/p>\n<p>K\u0130PA AVM KARARIYLA BA\u011eLANTILI OLAB\u0130L\u0130R M\u0130?<\/p>\n<p>Web sitesinin \u00e7\u00f6kme nedenlerinden birinin de K\u0130PA AVM arazisiyle ilgili tart\u0131\u015fmal\u0131 s\u00fcre\u00e7 oldu\u011fu iddia ediliyor. Antalya B\u00fcy\u00fck\u015fehir Belediyesi\u2019nin son meclis toplant\u0131s\u0131nda g\u00fcndeme gelen K\u0130PA AVM\u2019nin bulundu\u011fu alanla ilgili 60 mahalle sakininin yapt\u0131\u011f\u0131 itirazlar, meclisin 62. ve 63. maddeleri kapsam\u0131nda g\u00f6r\u00fc\u015f\u00fclm\u00fc\u015f ve komisyona sevk edilmi\u015fti. \u0130tirazlarla ilgili karar\u0131n, devam meclisinde al\u0131naca\u011f\u0131 ifade edilmi\u015fti.<\/p>\n<p>BELED\u0130YEDEN A\u00c7IKLAMA YOK<\/p>\n<p>Antalya B\u00fcy\u00fck\u015fehir Belediye Meclisinde al\u0131nan kararlara sadece belediyenin resmi internet sitesinden ula\u015f\u0131labiliyor. Bu arada ya\u015fanan bir saatlik kesintiyle ilgili B\u00fcy\u00fck\u015fehir Belediyesi&#8217;nden herhangi bir a\u00e7\u0131klama gelmedi.\u00a0 \u00a0<\/p>\n<p>\u200bAntalya B\u00fcy\u00fck\u015fehir Belediyesi\u2019nin web sitesi yakla\u015f\u0131k bir saat boyunca eri\u015fime kapand\u0131. Kullan\u0131c\u0131lar siteye ula\u015fmaya \u00e7al\u0131\u015ft\u0131klar\u0131nda hata mesaj\u0131yla kar\u015f\u0131la\u015ft\u0131 ya da sayfa hi\u00e7 a\u00e7\u0131lmad\u0131. Bu durum, vatanda\u015flar\u0131n belediye hizmetlerine \u00e7evrimi\u00e7i eri\u015fimini engelledi ve bilgi ak\u0131\u015f\u0131n\u0131 aksatt\u0131.\u00a0<\/p>\n<p>\u200bHaberin Al\u0131nt\u0131land\u0131\u011f\u0131 Kaynak: www.antalyakorfez.com<\/p>","protected":false},"excerpt":{"rendered":"<p>Antalya B\u00fcy\u00fck\u015fehir Belediyesi\u2019nin resmi web sitesi (www.antalya.bel.tr), vatanda\u015flar\u0131n \u00e7e\u015fitli hizmetlerden faydaland\u0131\u011f\u0131, duyurular\u0131 takip etti\u011fi ve belediye ile ilgili g\u00fcncel bilgilere ula\u015ft\u0131\u011f\u0131 \u00f6nemli bir platform olmas\u0131 nedeniyle, ya\u015fanan kesinti aksakl\u0131\u011fa neden oldu. Web sitesinin \u00e7\u00f6kme nedeni hakk\u0131nda hen\u00fcz resmi bir a\u00e7\u0131klama yap\u0131lmad\u0131. K\u0130PA AVM KARARIYLA BA\u011eLANTILI OLAB\u0130L\u0130R M\u0130? Web sitesinin \u00e7\u00f6kme nedenlerinden birinin de K\u0130PA AVM arazisiyle ilgili tart\u0131\u015fmal\u0131 s\u00fcre\u00e7 oldu\u011fu iddia ediliyor. Antalya B\u00fcy\u00fck\u015fehir Belediyesi\u2019nin son meclis toplant\u0131s\u0131nda g\u00fcndeme gelen K\u0130PA AVM\u2019nin bulundu\u011fu alanla ilgili 60 mahalle sakininin yapt\u0131\u011f\u0131 itirazlar, meclisin 62. ve 63. maddeleri kapsam\u0131nda g\u00f6r\u00fc\u015f\u00fclm\u00fc\u015f ve komisyona sevk edilmi\u015fti. \u0130tirazlarla ilgili karar\u0131n, devam meclisinde al\u0131naca\u011f\u0131 ifade edilmi\u015fti. BELED\u0130YEDEN A\u00c7IKLAMA YOK Antalya B\u00fcy\u00fck\u015fehir Belediye Meclisinde al\u0131nan kararlara sadece belediyenin resmi internet sitesinden ula\u015f\u0131labiliyor. Bu arada ya\u015fanan bir saatlik kesintiyle ilgili B\u00fcy\u00fck\u015fehir Belediyesi&#8217;nden herhangi bir a\u00e7\u0131klama gelmedi.\u00a0 \u00a0 \u200bAntalya B\u00fcy\u00fck\u015fehir Belediyesi\u2019nin web sitesi yakla\u015f\u0131k bir saat boyunca eri\u015fime kapand\u0131. Kullan\u0131c\u0131lar siteye ula\u015fmaya \u00e7al\u0131\u015ft\u0131klar\u0131nda hata mesaj\u0131yla kar\u015f\u0131la\u015ft\u0131 ya da sayfa hi\u00e7 a\u00e7\u0131lmad\u0131. Bu durum, vatanda\u015flar\u0131n belediye hizmetlerine \u00e7evrimi\u00e7i eri\u015fimini engelledi ve bilgi ak\u0131\u015f\u0131n\u0131 aksatt\u0131.\u00a0 \u200bHaberin Al\u0131nt\u0131land\u0131\u011f\u0131 Kaynak: www.antalyakorfez.com<\/p>","protected":false},"author":5,"featured_media":0,"comment_status":"","ping_status":"open","sticky":false,"template":"","format":"standard","meta":{"_acf_changed":false,"footnotes":""},"categories":[24],"tags":[],"class_list":["post-36225","post","type-post","status-publish","format-standard","has-post-thumbnail","hentry","category-gundem"],"acf":[],"yoast_head":"<!-- This site is optimized with the Yoast SEO Premium plugin v26.6 (Yoast SEO v27.1.1) - https:\/\/yoast.com\/product\/yoast-seo-premium-wordpress\/ -->\n<title>Antalya B\u00fcy\u00fck\u015fehir Belediyesi\u2019nin web sitesi \u00e7\u00f6kt\u00fc - Av. Deniz Can K\u0131z\u0131l<\/title>\n<meta name=\"robots\" content=\"index, follow, max-snippet:-1, max-image-preview:large, max-video-preview:-1\" \/>\n<link rel=\"canonical\" href=\"https:\/\/denizcankizil.tr\/uk\/haberler\/gundem\/antalya-buyuksehir-belediyesinin-web-sitesi-coktu\/\" \/>\n<meta property=\"og:locale\" content=\"uk_UA\" \/>\n<meta property=\"og:type\" content=\"article\" \/>\n<meta property=\"og:title\" content=\"Antalya B\u00fcy\u00fck\u015fehir Belediyesi\u2019nin web sitesi \u00e7\u00f6kt\u00fc\" \/>\n<meta property=\"og:description\" content=\"Antalya B\u00fcy\u00fck\u015fehir Belediyesi\u2019nin resmi web sitesi (www.antalya.bel.tr), vatanda\u015flar\u0131n \u00e7e\u015fitli hizmetlerden faydaland\u0131\u011f\u0131, duyurular\u0131 takip etti\u011fi ve belediye ile ilgili g\u00fcncel bilgilere ula\u015ft\u0131\u011f\u0131 \u00f6nemli bir platform olmas\u0131 nedeniyle, ya\u015fanan kesinti aksakl\u0131\u011fa neden oldu. Web sitesinin \u00e7\u00f6kme nedeni hakk\u0131nda hen\u00fcz resmi bir a\u00e7\u0131klama yap\u0131lmad\u0131. K\u0130PA AVM KARARIYLA BA\u011eLANTILI OLAB\u0130L\u0130R M\u0130? Web sitesinin \u00e7\u00f6kme nedenlerinden birinin de K\u0130PA AVM arazisiyle ilgili tart\u0131\u015fmal\u0131 s\u00fcre\u00e7 oldu\u011fu iddia ediliyor. Antalya B\u00fcy\u00fck\u015fehir Belediyesi\u2019nin son meclis toplant\u0131s\u0131nda g\u00fcndeme gelen K\u0130PA AVM\u2019nin bulundu\u011fu alanla ilgili 60 mahalle sakininin yapt\u0131\u011f\u0131 itirazlar, meclisin 62. ve 63. maddeleri kapsam\u0131nda g\u00f6r\u00fc\u015f\u00fclm\u00fc\u015f ve komisyona sevk edilmi\u015fti. \u0130tirazlarla ilgili karar\u0131n, devam meclisinde al\u0131naca\u011f\u0131 ifade edilmi\u015fti. BELED\u0130YEDEN A\u00c7IKLAMA YOK Antalya B\u00fcy\u00fck\u015fehir Belediye Meclisinde al\u0131nan kararlara sadece belediyenin resmi internet sitesinden ula\u015f\u0131labiliyor. Bu arada ya\u015fanan bir saatlik kesintiyle ilgili B\u00fcy\u00fck\u015fehir Belediyesi&#8217;nden herhangi bir a\u00e7\u0131klama gelmedi.\u00a0 \u00a0 \u200bAntalya B\u00fcy\u00fck\u015fehir Belediyesi\u2019nin web sitesi yakla\u015f\u0131k bir saat boyunca eri\u015fime kapand\u0131. Kullan\u0131c\u0131lar siteye ula\u015fmaya \u00e7al\u0131\u015ft\u0131klar\u0131nda hata mesaj\u0131yla kar\u015f\u0131la\u015ft\u0131 ya da sayfa hi\u00e7 a\u00e7\u0131lmad\u0131. Bu durum, vatanda\u015flar\u0131n belediye hizmetlerine \u00e7evrimi\u00e7i eri\u015fimini engelledi ve bilgi ak\u0131\u015f\u0131n\u0131 aksatt\u0131.\u00a0 \u200bHaberin Al\u0131nt\u0131land\u0131\u011f\u0131 Kaynak: www.antalyakorfez.com\" \/>\n<meta property=\"og:url\" content=\"https:\/\/denizcankizil.tr\/uk\/haberler\/gundem\/antalya-buyuksehir-belediyesinin-web-sitesi-coktu\/\" \/>\n<meta property=\"og:site_name\" content=\"Av. Deniz Can K\u0131z\u0131l\" \/>\n<meta property=\"article:published_time\" content=\"2025-03-18T14:41:42+00:00\" \/>\n<meta name=\"author\" content=\"Antalya K\u00f6rfez\" \/>\n<meta name=\"twitter:card\" content=\"summary_large_image\" \/>\n<meta name=\"twitter:label1\" content=\"\u041d\u0430\u043f\u0438\u0441\u0430\u043d\u043e\" \/>\n\t<meta name=\"twitter:data1\" content=\"Antalya K\u00f6rfez\" \/>\n\t<meta name=\"twitter:label2\" content=\"\u041f\u0440\u0438\u0431\u043b. \u0447\u0430\u0441 \u0447\u0438\u0442\u0430\u043d\u043d\u044f\" \/>\n\t<meta name=\"twitter:data2\" content=\"1 \u0445\u0432\u0438\u043b\u0438\u043d\u0430\" \/>\n<script type=\"application\/ld+json\" class=\"yoast-schema-graph\">{\"@context\":\"https:\/\/schema.org\",\"@graph\":[{\"@type\":\"Article\",\"@id\":\"https:\/\/denizcankizil.tr\/en\/haberler\/gundem\/antalya-buyuksehir-belediyesinin-web-sitesi-coktu\/#article\",\"isPartOf\":{\"@id\":\"https:\/\/denizcankizil.tr\/en\/haberler\/gundem\/antalya-buyuksehir-belediyesinin-web-sitesi-coktu\/\"},\"author\":{\"name\":\"Antalya K\u00f6rfez\",\"@id\":\"https:\/\/denizcankizil.tr\/de\/#\/schema\/person\/e1eb71bb4dd684d46563f0af307e1234\"},\"headline\":\"Antalya B\u00fcy\u00fck\u015fehir Belediyesi\u2019nin web sitesi \u00e7\u00f6kt\u00fc\",\"datePublished\":\"2025-03-18T14:41:42+00:00\",\"mainEntityOfPage\":{\"@id\":\"https:\/\/denizcankizil.tr\/en\/haberler\/gundem\/antalya-buyuksehir-belediyesinin-web-sitesi-coktu\/\"},\"wordCount\":255,\"publisher\":{\"@id\":\"https:\/\/denizcankizil.tr\/de\/#organization\"},\"articleSection\":[\"G\u00fcndem\"],\"inLanguage\":\"uk\"},{\"@type\":\"WebPage\",\"@id\":\"https:\/\/denizcankizil.tr\/en\/haberler\/gundem\/antalya-buyuksehir-belediyesinin-web-sitesi-coktu\/\",\"url\":\"https:\/\/denizcankizil.tr\/en\/haberler\/gundem\/antalya-buyuksehir-belediyesinin-web-sitesi-coktu\/\",\"name\":\"Antalya B\u00fcy\u00fck\u015fehir Belediyesi\u2019nin web sitesi \u00e7\u00f6kt\u00fc - Av. Deniz Can K\u0131z\u0131l\",\"isPartOf\":{\"@id\":\"https:\/\/denizcankizil.tr\/de\/#website\"},\"datePublished\":\"2025-03-18T14:41:42+00:00\",\"breadcrumb\":{\"@id\":\"https:\/\/denizcankizil.tr\/en\/haberler\/gundem\/antalya-buyuksehir-belediyesinin-web-sitesi-coktu\/#breadcrumb\"},\"inLanguage\":\"uk\",\"potentialAction\":[{\"@type\":\"ReadAction\",\"target\":[\"https:\/\/denizcankizil.tr\/en\/haberler\/gundem\/antalya-buyuksehir-belediyesinin-web-sitesi-coktu\/\"]}]},{\"@type\":\"BreadcrumbList\",\"@id\":\"https:\/\/denizcankizil.tr\/en\/haberler\/gundem\/antalya-buyuksehir-belediyesinin-web-sitesi-coktu\/#breadcrumb\",\"itemListElement\":[{\"@type\":\"ListItem\",\"position\":1,\"name\":\"Home\",\"item\":\"https:\/\/denizcankizil.tr\/de\/\"},{\"@type\":\"ListItem\",\"position\":2,\"name\":\"Antalya B\u00fcy\u00fck\u015fehir Belediyesi\u2019nin web sitesi \u00e7\u00f6kt\u00fc\"}]},{\"@type\":\"WebSite\",\"@id\":\"https:\/\/denizcankizil.tr\/de\/#website\",\"url\":\"https:\/\/denizcankizil.tr\/de\/\",\"name\":\"Av. Deniz Can K\u0131z\u0131l\",\"description\":\"Avukat Deniz Can K\u0131z\u0131l Antalya Barosu\",\"publisher\":{\"@id\":\"https:\/\/denizcankizil.tr\/de\/#organization\"},\"potentialAction\":[{\"@type\":\"SearchAction\",\"target\":{\"@type\":\"EntryPoint\",\"urlTemplate\":\"https:\/\/denizcankizil.tr\/de\/?s={search_term_string}\"},\"query-input\":{\"@type\":\"PropertyValueSpecification\",\"valueRequired\":true,\"valueName\":\"search_term_string\"}}],\"inLanguage\":\"uk\"},{\"@type\":\"Organization\",\"@id\":\"https:\/\/denizcankizil.tr\/de\/#organization\",\"name\":\"Av. Deniz Can K\u0131z\u0131l\",\"url\":\"https:\/\/denizcankizil.tr\/de\/\",\"logo\":{\"@type\":\"ImageObject\",\"inLanguage\":\"uk\",\"@id\":\"https:\/\/denizcankizil.tr\/de\/#\/schema\/logo\/image\/\",\"url\":\"https:\/\/denizcankizil.tr\/wp-content\/uploads\/2024\/10\/siyah-logo-svg.svg\",\"contentUrl\":\"https:\/\/denizcankizil.tr\/wp-content\/uploads\/2024\/10\/siyah-logo-svg.svg\",\"width\":1080,\"height\":1080,\"caption\":\"Av. Deniz Can K\u0131z\u0131l\"},\"image\":{\"@id\":\"https:\/\/denizcankizil.tr\/de\/#\/schema\/logo\/image\/\"}},{\"@type\":\"Person\",\"@id\":\"https:\/\/denizcankizil.tr\/de\/#\/schema\/person\/e1eb71bb4dd684d46563f0af307e1234\",\"name\":\"Antalya K\u00f6rfez\",\"image\":{\"@type\":\"ImageObject\",\"inLanguage\":\"uk\",\"@id\":\"https:\/\/denizcankizil.tr\/de\/#\/schema\/person\/image\/\",\"url\":\"https:\/\/secure.gravatar.com\/avatar\/42b01982558a48a0b501fdcab6a408d3717ea5919095ee2e67b0e521799c5905?s=96&d=mm&r=g\",\"contentUrl\":\"https:\/\/secure.gravatar.com\/avatar\/42b01982558a48a0b501fdcab6a408d3717ea5919095ee2e67b0e521799c5905?s=96&d=mm&r=g\",\"caption\":\"Antalya K\u00f6rfez\"},\"sameAs\":[\"http:\/\/www.antalyakorfez.com\"],\"url\":\"https:\/\/www.antalyakorfez.com\/antalya-buyuksehir-belediyesinin-web-sitesi-coktu\"}]}<\/script>\n<!-- \/ Yoast SEO Premium plugin. -->","yoast_head_json":{"title":"Antalya B\u00fcy\u00fck\u015fehir Belediyesi\u2019nin web sitesi \u00e7\u00f6kt\u00fc - Av. Deniz Can K\u0131z\u0131l","robots":{"index":"index","follow":"follow","max-snippet":"max-snippet:-1","max-image-preview":"max-image-preview:large","max-video-preview":"max-video-preview:-1"},"canonical":"https:\/\/denizcankizil.tr\/uk\/haberler\/gundem\/antalya-buyuksehir-belediyesinin-web-sitesi-coktu\/","og_locale":"uk_UA","og_type":"article","og_title":"Antalya B\u00fcy\u00fck\u015fehir Belediyesi\u2019nin web sitesi \u00e7\u00f6kt\u00fc","og_description":"Antalya B\u00fcy\u00fck\u015fehir Belediyesi\u2019nin resmi web sitesi (www.antalya.bel.tr), vatanda\u015flar\u0131n \u00e7e\u015fitli hizmetlerden faydaland\u0131\u011f\u0131, duyurular\u0131 takip etti\u011fi ve belediye ile ilgili g\u00fcncel bilgilere ula\u015ft\u0131\u011f\u0131 \u00f6nemli bir platform olmas\u0131 nedeniyle, ya\u015fanan kesinti aksakl\u0131\u011fa neden oldu. Web sitesinin \u00e7\u00f6kme nedeni hakk\u0131nda hen\u00fcz resmi bir a\u00e7\u0131klama yap\u0131lmad\u0131. K\u0130PA AVM KARARIYLA BA\u011eLANTILI OLAB\u0130L\u0130R M\u0130? Web sitesinin \u00e7\u00f6kme nedenlerinden birinin de K\u0130PA AVM arazisiyle ilgili tart\u0131\u015fmal\u0131 s\u00fcre\u00e7 oldu\u011fu iddia ediliyor. Antalya B\u00fcy\u00fck\u015fehir Belediyesi\u2019nin son meclis toplant\u0131s\u0131nda g\u00fcndeme gelen K\u0130PA AVM\u2019nin bulundu\u011fu alanla ilgili 60 mahalle sakininin yapt\u0131\u011f\u0131 itirazlar, meclisin 62. ve 63. maddeleri kapsam\u0131nda g\u00f6r\u00fc\u015f\u00fclm\u00fc\u015f ve komisyona sevk edilmi\u015fti. \u0130tirazlarla ilgili karar\u0131n, devam meclisinde al\u0131naca\u011f\u0131 ifade edilmi\u015fti. BELED\u0130YEDEN A\u00c7IKLAMA YOK Antalya B\u00fcy\u00fck\u015fehir Belediye Meclisinde al\u0131nan kararlara sadece belediyenin resmi internet sitesinden ula\u015f\u0131labiliyor. Bu arada ya\u015fanan bir saatlik kesintiyle ilgili B\u00fcy\u00fck\u015fehir Belediyesi&#8217;nden herhangi bir a\u00e7\u0131klama gelmedi.\u00a0 \u00a0 \u200bAntalya B\u00fcy\u00fck\u015fehir Belediyesi\u2019nin web sitesi yakla\u015f\u0131k bir saat boyunca eri\u015fime kapand\u0131. Kullan\u0131c\u0131lar siteye ula\u015fmaya \u00e7al\u0131\u015ft\u0131klar\u0131nda hata mesaj\u0131yla kar\u015f\u0131la\u015ft\u0131 ya da sayfa hi\u00e7 a\u00e7\u0131lmad\u0131. Bu durum, vatanda\u015flar\u0131n belediye hizmetlerine \u00e7evrimi\u00e7i eri\u015fimini engelledi ve bilgi ak\u0131\u015f\u0131n\u0131 aksatt\u0131.\u00a0 \u200bHaberin Al\u0131nt\u0131land\u0131\u011f\u0131 Kaynak: www.antalyakorfez.com","og_url":"https:\/\/denizcankizil.tr\/uk\/haberler\/gundem\/antalya-buyuksehir-belediyesinin-web-sitesi-coktu\/","og_site_name":"Av. Deniz Can K\u0131z\u0131l","article_published_time":"2025-03-18T14:41:42+00:00","author":"Antalya K\u00f6rfez","twitter_card":"summary_large_image","twitter_misc":{"\u041d\u0430\u043f\u0438\u0441\u0430\u043d\u043e":"Antalya K\u00f6rfez","\u041f\u0440\u0438\u0431\u043b. \u0447\u0430\u0441 \u0447\u0438\u0442\u0430\u043d\u043d\u044f":"1 \u0445\u0432\u0438\u043b\u0438\u043d\u0430"},"schema":{"@context":"https:\/\/schema.org","@graph":[{"@type":"Article","@id":"https:\/\/denizcankizil.tr\/en\/haberler\/gundem\/antalya-buyuksehir-belediyesinin-web-sitesi-coktu\/#article","isPartOf":{"@id":"https:\/\/denizcankizil.tr\/en\/haberler\/gundem\/antalya-buyuksehir-belediyesinin-web-sitesi-coktu\/"},"author":{"name":"Antalya K\u00f6rfez","@id":"https:\/\/denizcankizil.tr\/de\/#\/schema\/person\/e1eb71bb4dd684d46563f0af307e1234"},"headline":"Antalya B\u00fcy\u00fck\u015fehir Belediyesi\u2019nin web sitesi \u00e7\u00f6kt\u00fc","datePublished":"2025-03-18T14:41:42+00:00","mainEntityOfPage":{"@id":"https:\/\/denizcankizil.tr\/en\/haberler\/gundem\/antalya-buyuksehir-belediyesinin-web-sitesi-coktu\/"},"wordCount":255,"publisher":{"@id":"https:\/\/denizcankizil.tr\/de\/#organization"},"articleSection":["G\u00fcndem"],"inLanguage":"uk"},{"@type":"WebPage","@id":"https:\/\/denizcankizil.tr\/en\/haberler\/gundem\/antalya-buyuksehir-belediyesinin-web-sitesi-coktu\/","url":"https:\/\/denizcankizil.tr\/en\/haberler\/gundem\/antalya-buyuksehir-belediyesinin-web-sitesi-coktu\/","name":"Antalya B\u00fcy\u00fck\u015fehir Belediyesi\u2019nin web sitesi \u00e7\u00f6kt\u00fc - Av. Deniz Can K\u0131z\u0131l","isPartOf":{"@id":"https:\/\/denizcankizil.tr\/de\/#website"},"datePublished":"2025-03-18T14:41:42+00:00","breadcrumb":{"@id":"https:\/\/denizcankizil.tr\/en\/haberler\/gundem\/antalya-buyuksehir-belediyesinin-web-sitesi-coktu\/#breadcrumb"},"inLanguage":"uk","potentialAction":[{"@type":"ReadAction","target":["https:\/\/denizcankizil.tr\/en\/haberler\/gundem\/antalya-buyuksehir-belediyesinin-web-sitesi-coktu\/"]}]},{"@type":"BreadcrumbList","@id":"https:\/\/denizcankizil.tr\/en\/haberler\/gundem\/antalya-buyuksehir-belediyesinin-web-sitesi-coktu\/#breadcrumb","itemListElement":[{"@type":"ListItem","position":1,"name":"Home","item":"https:\/\/denizcankizil.tr\/de\/"},{"@type":"ListItem","position":2,"name":"Antalya B\u00fcy\u00fck\u015fehir Belediyesi\u2019nin web sitesi \u00e7\u00f6kt\u00fc"}]},{"@type":"WebSite","@id":"https:\/\/denizcankizil.tr\/de\/#website","url":"https:\/\/denizcankizil.tr\/de\/","name":"Av. Deniz Can K\u0131z\u0131l","description":"Avukat Deniz Can K\u0131z\u0131l Antalya Barosu","publisher":{"@id":"https:\/\/denizcankizil.tr\/de\/#organization"},"potentialAction":[{"@type":"SearchAction","target":{"@type":"EntryPoint","urlTemplate":"https:\/\/denizcankizil.tr\/de\/?s={search_term_string}"},"query-input":{"@type":"PropertyValueSpecification","valueRequired":true,"valueName":"search_term_string"}}],"inLanguage":"uk"},{"@type":"Organization","@id":"https:\/\/denizcankizil.tr\/de\/#organization","name":"Av. Deniz Can K\u0131z\u0131l","url":"https:\/\/denizcankizil.tr\/de\/","logo":{"@type":"ImageObject","inLanguage":"uk","@id":"https:\/\/denizcankizil.tr\/de\/#\/schema\/logo\/image\/","url":"https:\/\/denizcankizil.tr\/wp-content\/uploads\/2024\/10\/siyah-logo-svg.svg","contentUrl":"https:\/\/denizcankizil.tr\/wp-content\/uploads\/2024\/10\/siyah-logo-svg.svg","width":1080,"height":1080,"caption":"Av. Deniz Can K\u0131z\u0131l"},"image":{"@id":"https:\/\/denizcankizil.tr\/de\/#\/schema\/logo\/image\/"}},{"@type":"Person","@id":"https:\/\/denizcankizil.tr\/de\/#\/schema\/person\/e1eb71bb4dd684d46563f0af307e1234","name":"Antalya K\u00f6rfez","image":{"@type":"ImageObject","inLanguage":"uk","@id":"https:\/\/denizcankizil.tr\/de\/#\/schema\/person\/image\/","url":"https:\/\/secure.gravatar.com\/avatar\/42b01982558a48a0b501fdcab6a408d3717ea5919095ee2e67b0e521799c5905?s=96&d=mm&r=g","contentUrl":"https:\/\/secure.gravatar.com\/avatar\/42b01982558a48a0b501fdcab6a408d3717ea5919095ee2e67b0e521799c5905?s=96&d=mm&r=g","caption":"Antalya K\u00f6rfez"},"sameAs":["http:\/\/www.antalyakorfez.com"],"url":"https:\/\/www.antalyakorfez.com\/antalya-buyuksehir-belediyesinin-web-sitesi-coktu"}]}},"_links":{"self":[{"href":"https:\/\/denizcankizil.tr\/uk\/wp-json\/wp\/v2\/posts\/36225","targetHints":{"allow":["GET"]}}],"collection":[{"href":"https:\/\/denizcankizil.tr\/uk\/wp-json\/wp\/v2\/posts"}],"about":[{"href":"https:\/\/denizcankizil.tr\/uk\/wp-json\/wp\/v2\/types\/post"}],"author":[{"embeddable":true,"href":"https:\/\/denizcankizil.tr\/uk\/wp-json\/wp\/v2\/users\/5"}],"replies":[{"embeddable":true,"href":"https:\/\/denizcankizil.tr\/uk\/wp-json\/wp\/v2\/comments?post=36225"}],"version-history":[{"count":0,"href":"https:\/\/denizcankizil.tr\/uk\/wp-json\/wp\/v2\/posts\/36225\/revisions"}],"wp:attachment":[{"href":"https:\/\/denizcankizil.tr\/uk\/wp-json\/wp\/v2\/media?parent=36225"}],"wp:term":[{"taxonomy":"category","embeddable":true,"href":"https:\/\/denizcankizil.tr\/uk\/wp-json\/wp\/v2\/categories?post=36225"},{"taxonomy":"post_tag","embeddable":true,"href":"https:\/\/denizcankizil.tr\/uk\/wp-json\/wp\/v2\/tags?post=36225"}],"curies":[{"name":"wp","href":"https:\/\/api.w.org\/{rel}","templated":true}]}}