{"id":36183,"date":"2025-03-18T13:41:47","date_gmt":"2025-03-18T10:41:47","guid":{"rendered":"https:\/\/denizcankizil.tr\/uncategorized-tr\/borc-odendi-cocuklar-babalarini-bekliyor\/"},"modified":"2025-03-18T13:41:47","modified_gmt":"2025-03-18T10:41:47","slug":"borc-odendi-cocuklar-babalarini-bekliyor","status":"publish","type":"post","link":"https:\/\/denizcankizil.tr\/uk\/haberler\/antalya\/borc-odendi-cocuklar-babalarini-bekliyor\/","title":{"rendered":"Bor\u00e7 \u00f6dendi; \u00e7ocuklar babalar\u0131n\u0131 bekliyor"},"content":{"rendered":"<p>Kepez il\u00e7esinde oturan 2, 5 ve 7 ya\u015f\u0131nda 3 \u00e7ocu\u011fu bulunan Veli Can G\u00fcnay, ge\u00e7en y\u0131l turizm ve kargo sekt\u00f6r\u00fcnde \u00e7al\u0131\u015ft\u0131\u011f\u0131 s\u0131rada 8 bin liral\u0131k cep telefonunu taksitle sat\u0131n ald\u0131. G\u00fcnay daha sonra hastaland\u0131. Kargo da\u011f\u0131t\u0131m\u0131 yapt\u0131\u011f\u0131 s\u0131rada fenala\u015farak hastaneye g\u00f6t\u00fcr\u00fclen G\u00fcnay&#8217;\u0131n beyin damarlar\u0131nda t\u0131kanma oldu\u011fu ve anjiyo olmas\u0131 gerekti\u011fi belirtildi. Bir hafta verilen rapor nedeniyle i\u015fe gidemeyen G\u00fcnay, d\u00f6n\u00fc\u015f\u00fcnde i\u015ften \u00e7\u0131kar\u0131ld\u0131\u011f\u0131n\u0131 \u00f6\u011frendi. Bu s\u00fcre\u00e7te hastal\u0131\u011f\u0131 nedeniyle de \u00e7al\u0131\u015famayan G\u00fcnay&#8217;\u0131n 8 bin liral\u0131k cep telefonu borcu, icraya verildi. 75 bin lira olan borcun \u00f6denece\u011finin taahh\u00fct edilip \u00f6denmemesi nedeniyle hakk\u0131nda hapis cezas\u0131 verilen G\u00fcnay, sonras\u0131nda yakalanaca\u011f\u0131n\u0131 d\u00fc\u015f\u00fcnerek bir i\u015fte de \u00e7al\u0131\u015famad\u0131. 3 \u00e7ocuklu aile, kom\u015fular\u0131n\u0131n destekleri ile ya\u015famlar\u0131n\u0131 s\u00fcrd\u00fcrmeye ba\u015flad\u0131.<\/p>\n<p>POL\u0130S, ELEKTR\u0130K BORCUNU KAPADI<\/p>\n<p>Biriken kira ve elektrik faturas\u0131 bor\u00e7lar\u0131 nedeniyle zor g\u00fcnler ya\u015fayan aile, ge\u00e7en hafta eve polisin gelmesi ile \u015fok ya\u015fad\u0131. Hapis cezas\u0131 onanan G\u00fcnay, polis taraf\u0131ndan cezaevine g\u00f6t\u00fcr\u00fcld\u00fc. Evde elektrik olmad\u0131\u011f\u0131n\u0131 ve ailenin zor durumda oldu\u011funu g\u00f6ren polisler, kendi aralar\u0131nda toplad\u0131klar\u0131 17 bin lira ile 3 \u00e7ocu\u011fuyla ya\u015fayan Nirg\u00fcl G\u00fcnay&#8217;\u0131n (26) elektrik faturas\u0131 borcunu \u00f6dedi.<\/p>\n<p>\u00c7OCUKLAR \u0130\u00c7\u0130N AYLIK \u00d6DEME<\/p>\n<p>DHA&#8217;n\u0131n haberinin ard\u0131ndan hay\u0131rseverler aile i\u00e7in harekete ge\u00e7ti. \u0130\u015f insan\u0131 Din\u00e7er Azaphan, Veli Can G\u00fcnay&#8217;\u0131n tutuklanmas\u0131na neden olan borcu \u00f6dedi. Aile ile cep telefonu \u00fczerinden g\u00f6r\u00fcnt\u00fcl\u00fc g\u00f6r\u00fc\u015fen Azaphan, ailenin her zaman yan\u0131nda olacaklar\u0131n\u0131 s\u00f6yledi. Ailenin ya\u015fad\u0131\u011f\u0131 evin 79 bin liral\u0131k kira borcu ise Antalya Yard\u0131mla\u015fma Platformu arac\u0131l\u0131\u011f\u0131yla hay\u0131rseverler sayesinde \u00f6dendi. Aile ve Sosyal Hizmetler \u0130l M\u00fcd\u00fcrl\u00fc\u011f\u00fc de aileye \u00e7ocuklar i\u00e7in &#8216;Sosyal ve Ekonomik Destek Hizmeti&#8217; kapsam\u0131nda ayl\u0131k 14 bin lira \u00f6deyecek. Di\u011fer yandan Antalya B\u00fcy\u00fck\u015fehir Belediyesi ve Kepez Belediyesi yetkilileri aileyi ziyaret ederek, ihtiya\u00e7lar\u0131n\u0131 giderme konusunda yard\u0131mc\u0131 oldu. Bor\u00e7 \u00f6dendi\u011fi i\u00e7in Veli Can G\u00fcnay&#8217;\u0131n cezaevinden \u00e7\u0131kmas\u0131 beklenirken, mahkemenin verdi\u011fi tahliye karar\u0131 nedeniyle G\u00fcnay ailesi yeni bir yuva aray\u0131\u015f\u0131na girdi.<\/p>\n<p>&#8216;YOLUMUZ A\u00c7ILDI&#8217;<\/p>\n<p>E\u015finin cezaevinden \u00e7\u0131kacak olmas\u0131na \u00e7ok sevindi\u011fini s\u00f6yleyen Nirg\u00fcl G\u00fcnay, &#8220;Sorunumuz \u00e7\u00f6z\u00fcld\u00fc. \u00c7ok mutluyuz. E\u015fim in\u015fallah en k\u0131sa zamanda cezaevinden \u00e7\u0131kacak. Yard\u0131mc\u0131 olan herkesten Allah raz\u0131 olsun. E\u015fimi almaya gelen polisler sayesinde sesimiz duyuldu. E\u015fimle 2 kere konu\u015fma f\u0131rsat\u0131m oldu. \u00c7ok fazla konu\u015famad\u0131k ama son konu\u015fmam\u0131zda durumu anlatt\u0131m. O da \u00e7ok sevindi. \u0130n\u015fallah en k\u0131sa zamanda kavu\u015faca\u011f\u0131z. \u0130leride g\u00fczel \u015feyler olaca\u011f\u0131na inan\u0131yorum. Yolumuz a\u00e7\u0131ld\u0131&#8221; dedi.<\/p>\n<p>&#8216;HAYIRSEVERLER A\u0130LEYE SAH\u0130P \u00c7IKTI&#8217;<\/p>\n<p>Antalya Yard\u0131mla\u015fma Platformu \u00fcyesi Halit Mert ise &#8220;\u0130\u015f insan\u0131 Din\u00e7er Azaphan, baban\u0131n cezaevine girmesine neden olan borcu hemen \u00f6dedi. Avukat ile g\u00f6r\u00fc\u015ft\u00fck, baban\u0131n tahliye olmas\u0131n\u0131 bekliyoruz. Evin biriken kira borcu i\u00e7in de avukatla g\u00f6r\u00fc\u015ft\u00fck. Avukattan 79 bin lira bor\u00e7 oldu\u011funu \u00f6\u011frendik. Bu borcu da hay\u0131rseverlerin destekleriyle kapatt\u0131k. Ancak tahliye karar\u0131 kesinle\u015fti\u011fi i\u00e7in yeni bir eve ihtiyac\u0131m\u0131z var. Hay\u0131rseverler aileye sahip \u00e7\u0131kt\u0131. \u0130n\u015fallah baba tahliye olunca tekrar hep beraber ayn\u0131 sofraya oturacaklar&#8221; diye konu\u015ftu.<\/p>\n<p>Kaynak: www.kanalv.com.tr Haber Sitesinden Al\u0131nm\u0131\u015ft\u0131r.<\/p>","protected":false},"excerpt":{"rendered":"<p>Kepez il\u00e7esinde oturan 2, 5 ve 7 ya\u015f\u0131nda 3 \u00e7ocu\u011fu bulunan Veli Can G\u00fcnay, ge\u00e7en y\u0131l turizm ve kargo sekt\u00f6r\u00fcnde \u00e7al\u0131\u015ft\u0131\u011f\u0131 s\u0131rada 8 bin liral\u0131k cep telefonunu taksitle sat\u0131n ald\u0131. G\u00fcnay daha sonra hastaland\u0131. Kargo da\u011f\u0131t\u0131m\u0131 yapt\u0131\u011f\u0131 s\u0131rada fenala\u015farak hastaneye g\u00f6t\u00fcr\u00fclen G\u00fcnay&#8217;\u0131n beyin damarlar\u0131nda t\u0131kanma oldu\u011fu ve anjiyo olmas\u0131 gerekti\u011fi belirtildi. Bir hafta verilen rapor nedeniyle i\u015fe gidemeyen G\u00fcnay, d\u00f6n\u00fc\u015f\u00fcnde i\u015ften \u00e7\u0131kar\u0131ld\u0131\u011f\u0131n\u0131 \u00f6\u011frendi. Bu s\u00fcre\u00e7te hastal\u0131\u011f\u0131 nedeniyle de \u00e7al\u0131\u015famayan G\u00fcnay&#8217;\u0131n 8 bin liral\u0131k cep telefonu borcu, icraya verildi. 75 bin lira olan borcun \u00f6denece\u011finin taahh\u00fct edilip \u00f6denmemesi nedeniyle hakk\u0131nda hapis cezas\u0131 verilen G\u00fcnay, sonras\u0131nda yakalanaca\u011f\u0131n\u0131 d\u00fc\u015f\u00fcnerek bir i\u015fte de \u00e7al\u0131\u015famad\u0131. 3 \u00e7ocuklu aile, kom\u015fular\u0131n\u0131n destekleri ile ya\u015famlar\u0131n\u0131 s\u00fcrd\u00fcrmeye ba\u015flad\u0131. POL\u0130S, ELEKTR\u0130K BORCUNU KAPADI Biriken kira ve elektrik faturas\u0131 bor\u00e7lar\u0131 nedeniyle zor g\u00fcnler ya\u015fayan aile, ge\u00e7en hafta eve polisin gelmesi ile \u015fok ya\u015fad\u0131. Hapis cezas\u0131 onanan G\u00fcnay, polis taraf\u0131ndan cezaevine g\u00f6t\u00fcr\u00fcld\u00fc. Evde elektrik olmad\u0131\u011f\u0131n\u0131 ve ailenin zor durumda oldu\u011funu g\u00f6ren polisler, kendi aralar\u0131nda toplad\u0131klar\u0131 17 bin lira ile 3 \u00e7ocu\u011fuyla ya\u015fayan Nirg\u00fcl G\u00fcnay&#8217;\u0131n (26) elektrik faturas\u0131 borcunu \u00f6dedi. \u00c7OCUKLAR \u0130\u00c7\u0130N AYLIK \u00d6DEME DHA&#8217;n\u0131n haberinin ard\u0131ndan hay\u0131rseverler aile i\u00e7in harekete ge\u00e7ti. \u0130\u015f insan\u0131 Din\u00e7er Azaphan, Veli Can G\u00fcnay&#8217;\u0131n tutuklanmas\u0131na neden olan borcu \u00f6dedi. Aile ile cep telefonu \u00fczerinden g\u00f6r\u00fcnt\u00fcl\u00fc g\u00f6r\u00fc\u015fen Azaphan, ailenin &hellip;<\/p>","protected":false},"author":4,"featured_media":36184,"comment_status":"","ping_status":"open","sticky":false,"template":"","format":"standard","meta":{"_acf_changed":false,"footnotes":""},"categories":[26],"tags":[],"class_list":["post-36183","post","type-post","status-publish","format-standard","has-post-thumbnail","hentry","category-antalya"],"acf":[],"yoast_head":"<!-- This site is optimized with the Yoast SEO Premium plugin v26.6 (Yoast SEO v27.1.1) - https:\/\/yoast.com\/product\/yoast-seo-premium-wordpress\/ -->\n<title>Bor\u00e7 \u00f6dendi; \u00e7ocuklar babalar\u0131n\u0131 bekliyor - Av. Deniz Can K\u0131z\u0131l<\/title>\n<meta name=\"robots\" content=\"index, follow, max-snippet:-1, max-image-preview:large, max-video-preview:-1\" \/>\n<link rel=\"canonical\" href=\"https:\/\/denizcankizil.tr\/uk\/haberler\/antalya\/borc-odendi-cocuklar-babalarini-bekliyor\/\" \/>\n<meta property=\"og:locale\" content=\"uk_UA\" \/>\n<meta property=\"og:type\" content=\"article\" \/>\n<meta property=\"og:title\" content=\"Bor\u00e7 \u00f6dendi; \u00e7ocuklar babalar\u0131n\u0131 bekliyor\" \/>\n<meta property=\"og:description\" content=\"Kepez il\u00e7esinde oturan 2, 5 ve 7 ya\u015f\u0131nda 3 \u00e7ocu\u011fu bulunan Veli Can G\u00fcnay, ge\u00e7en y\u0131l turizm ve kargo sekt\u00f6r\u00fcnde \u00e7al\u0131\u015ft\u0131\u011f\u0131 s\u0131rada 8 bin liral\u0131k cep telefonunu taksitle sat\u0131n ald\u0131. G\u00fcnay daha sonra hastaland\u0131. Kargo da\u011f\u0131t\u0131m\u0131 yapt\u0131\u011f\u0131 s\u0131rada fenala\u015farak hastaneye g\u00f6t\u00fcr\u00fclen G\u00fcnay&#8217;\u0131n beyin damarlar\u0131nda t\u0131kanma oldu\u011fu ve anjiyo olmas\u0131 gerekti\u011fi belirtildi. Bir hafta verilen rapor nedeniyle i\u015fe gidemeyen G\u00fcnay, d\u00f6n\u00fc\u015f\u00fcnde i\u015ften \u00e7\u0131kar\u0131ld\u0131\u011f\u0131n\u0131 \u00f6\u011frendi. Bu s\u00fcre\u00e7te hastal\u0131\u011f\u0131 nedeniyle de \u00e7al\u0131\u015famayan G\u00fcnay&#8217;\u0131n 8 bin liral\u0131k cep telefonu borcu, icraya verildi. 75 bin lira olan borcun \u00f6denece\u011finin taahh\u00fct edilip \u00f6denmemesi nedeniyle hakk\u0131nda hapis cezas\u0131 verilen G\u00fcnay, sonras\u0131nda yakalanaca\u011f\u0131n\u0131 d\u00fc\u015f\u00fcnerek bir i\u015fte de \u00e7al\u0131\u015famad\u0131. 3 \u00e7ocuklu aile, kom\u015fular\u0131n\u0131n destekleri ile ya\u015famlar\u0131n\u0131 s\u00fcrd\u00fcrmeye ba\u015flad\u0131. POL\u0130S, ELEKTR\u0130K BORCUNU KAPADI Biriken kira ve elektrik faturas\u0131 bor\u00e7lar\u0131 nedeniyle zor g\u00fcnler ya\u015fayan aile, ge\u00e7en hafta eve polisin gelmesi ile \u015fok ya\u015fad\u0131. Hapis cezas\u0131 onanan G\u00fcnay, polis taraf\u0131ndan cezaevine g\u00f6t\u00fcr\u00fcld\u00fc. Evde elektrik olmad\u0131\u011f\u0131n\u0131 ve ailenin zor durumda oldu\u011funu g\u00f6ren polisler, kendi aralar\u0131nda toplad\u0131klar\u0131 17 bin lira ile 3 \u00e7ocu\u011fuyla ya\u015fayan Nirg\u00fcl G\u00fcnay&#8217;\u0131n (26) elektrik faturas\u0131 borcunu \u00f6dedi. \u00c7OCUKLAR \u0130\u00c7\u0130N AYLIK \u00d6DEME DHA&#8217;n\u0131n haberinin ard\u0131ndan hay\u0131rseverler aile i\u00e7in harekete ge\u00e7ti. \u0130\u015f insan\u0131 Din\u00e7er Azaphan, Veli Can G\u00fcnay&#8217;\u0131n tutuklanmas\u0131na neden olan borcu \u00f6dedi. Aile ile cep telefonu \u00fczerinden g\u00f6r\u00fcnt\u00fcl\u00fc g\u00f6r\u00fc\u015fen Azaphan, ailenin &hellip;\" \/>\n<meta property=\"og:url\" content=\"https:\/\/denizcankizil.tr\/uk\/haberler\/antalya\/borc-odendi-cocuklar-babalarini-bekliyor\/\" \/>\n<meta property=\"og:site_name\" content=\"Av. Deniz Can K\u0131z\u0131l\" \/>\n<meta property=\"article:published_time\" content=\"2025-03-18T10:41:47+00:00\" \/>\n<meta property=\"og:image\" content=\"https:\/\/denizcankizil.tr\/wp-content\/uploads\/2025\/03\/5567-01-A0Enwl.jpeg\" \/>\n\t<meta property=\"og:image:width\" content=\"1280\" \/>\n\t<meta property=\"og:image:height\" content=\"720\" \/>\n\t<meta property=\"og:image:type\" content=\"image\/jpeg\" \/>\n<meta name=\"author\" content=\"Av. Deniz Can K\u0131z\u0131l\" \/>\n<meta name=\"twitter:card\" content=\"summary_large_image\" \/>\n<meta name=\"twitter:label1\" content=\"\u041d\u0430\u043f\u0438\u0441\u0430\u043d\u043e\" \/>\n\t<meta name=\"twitter:data1\" content=\"Av. Deniz Can K\u0131z\u0131l\" \/>\n\t<meta name=\"twitter:label2\" content=\"\u041f\u0440\u0438\u0431\u043b. \u0447\u0430\u0441 \u0447\u0438\u0442\u0430\u043d\u043d\u044f\" \/>\n\t<meta name=\"twitter:data2\" content=\"3 \u0445\u0432\u0438\u043b\u0438\u043d\u0438\" \/>\n<script type=\"application\/ld+json\" class=\"yoast-schema-graph\">{\"@context\":\"https:\/\/schema.org\",\"@graph\":[{\"@type\":\"Article\",\"@id\":\"https:\/\/denizcankizil.tr\/uk\/haberler\/antalya\/borc-odendi-cocuklar-babalarini-bekliyor\/#article\",\"isPartOf\":{\"@id\":\"https:\/\/denizcankizil.tr\/uk\/haberler\/antalya\/borc-odendi-cocuklar-babalarini-bekliyor\/\"},\"author\":{\"name\":\"Av. Deniz Can K\u0131z\u0131l\",\"@id\":\"https:\/\/denizcankizil.tr\/de\/#\/schema\/person\/5dc1b22991bd7ac833867c10afc9b0ff\"},\"headline\":\"Bor\u00e7 \u00f6dendi; \u00e7ocuklar babalar\u0131n\u0131 bekliyor\",\"datePublished\":\"2025-03-18T10:41:47+00:00\",\"mainEntityOfPage\":{\"@id\":\"https:\/\/denizcankizil.tr\/uk\/haberler\/antalya\/borc-odendi-cocuklar-babalarini-bekliyor\/\"},\"wordCount\":601,\"publisher\":{\"@id\":\"https:\/\/denizcankizil.tr\/de\/#organization\"},\"image\":{\"@id\":\"https:\/\/denizcankizil.tr\/uk\/haberler\/antalya\/borc-odendi-cocuklar-babalarini-bekliyor\/#primaryimage\"},\"thumbnailUrl\":\"https:\/\/denizcankizil.tr\/wp-content\/uploads\/2025\/03\/5567-01-A0Enwl.jpeg\",\"articleSection\":[\"Antalya\"],\"inLanguage\":\"uk\"},{\"@type\":\"WebPage\",\"@id\":\"https:\/\/denizcankizil.tr\/uk\/haberler\/antalya\/borc-odendi-cocuklar-babalarini-bekliyor\/\",\"url\":\"https:\/\/denizcankizil.tr\/uk\/haberler\/antalya\/borc-odendi-cocuklar-babalarini-bekliyor\/\",\"name\":\"Bor\u00e7 \u00f6dendi; \u00e7ocuklar babalar\u0131n\u0131 bekliyor - Av. Deniz Can K\u0131z\u0131l\",\"isPartOf\":{\"@id\":\"https:\/\/denizcankizil.tr\/de\/#website\"},\"primaryImageOfPage\":{\"@id\":\"https:\/\/denizcankizil.tr\/uk\/haberler\/antalya\/borc-odendi-cocuklar-babalarini-bekliyor\/#primaryimage\"},\"image\":{\"@id\":\"https:\/\/denizcankizil.tr\/uk\/haberler\/antalya\/borc-odendi-cocuklar-babalarini-bekliyor\/#primaryimage\"},\"thumbnailUrl\":\"https:\/\/denizcankizil.tr\/wp-content\/uploads\/2025\/03\/5567-01-A0Enwl.jpeg\",\"datePublished\":\"2025-03-18T10:41:47+00:00\",\"breadcrumb\":{\"@id\":\"https:\/\/denizcankizil.tr\/uk\/haberler\/antalya\/borc-odendi-cocuklar-babalarini-bekliyor\/#breadcrumb\"},\"inLanguage\":\"uk\",\"potentialAction\":[{\"@type\":\"ReadAction\",\"target\":[\"https:\/\/denizcankizil.tr\/uk\/haberler\/antalya\/borc-odendi-cocuklar-babalarini-bekliyor\/\"]}]},{\"@type\":\"ImageObject\",\"inLanguage\":\"uk\",\"@id\":\"https:\/\/denizcankizil.tr\/uk\/haberler\/antalya\/borc-odendi-cocuklar-babalarini-bekliyor\/#primaryimage\",\"url\":\"https:\/\/denizcankizil.tr\/wp-content\/uploads\/2025\/03\/5567-01-A0Enwl.jpeg\",\"contentUrl\":\"https:\/\/denizcankizil.tr\/wp-content\/uploads\/2025\/03\/5567-01-A0Enwl.jpeg\",\"width\":1280,\"height\":720},{\"@type\":\"BreadcrumbList\",\"@id\":\"https:\/\/denizcankizil.tr\/uk\/haberler\/antalya\/borc-odendi-cocuklar-babalarini-bekliyor\/#breadcrumb\",\"itemListElement\":[{\"@type\":\"ListItem\",\"position\":1,\"name\":\"Home\",\"item\":\"https:\/\/denizcankizil.tr\/de\/\"},{\"@type\":\"ListItem\",\"position\":2,\"name\":\"Bor\u00e7 \u00f6dendi; \u00e7ocuklar babalar\u0131n\u0131 bekliyor\"}]},{\"@type\":\"WebSite\",\"@id\":\"https:\/\/denizcankizil.tr\/de\/#website\",\"url\":\"https:\/\/denizcankizil.tr\/de\/\",\"name\":\"Av. Deniz Can K\u0131z\u0131l\",\"description\":\"Avukat Deniz Can K\u0131z\u0131l Antalya Barosu\",\"publisher\":{\"@id\":\"https:\/\/denizcankizil.tr\/de\/#organization\"},\"potentialAction\":[{\"@type\":\"SearchAction\",\"target\":{\"@type\":\"EntryPoint\",\"urlTemplate\":\"https:\/\/denizcankizil.tr\/de\/?s={search_term_string}\"},\"query-input\":{\"@type\":\"PropertyValueSpecification\",\"valueRequired\":true,\"valueName\":\"search_term_string\"}}],\"inLanguage\":\"uk\"},{\"@type\":\"Organization\",\"@id\":\"https:\/\/denizcankizil.tr\/de\/#organization\",\"name\":\"Av. Deniz Can K\u0131z\u0131l\",\"url\":\"https:\/\/denizcankizil.tr\/de\/\",\"logo\":{\"@type\":\"ImageObject\",\"inLanguage\":\"uk\",\"@id\":\"https:\/\/denizcankizil.tr\/de\/#\/schema\/logo\/image\/\",\"url\":\"https:\/\/denizcankizil.tr\/wp-content\/uploads\/2024\/10\/siyah-logo-svg.svg\",\"contentUrl\":\"https:\/\/denizcankizil.tr\/wp-content\/uploads\/2024\/10\/siyah-logo-svg.svg\",\"width\":1080,\"height\":1080,\"caption\":\"Av. Deniz Can K\u0131z\u0131l\"},\"image\":{\"@id\":\"https:\/\/denizcankizil.tr\/de\/#\/schema\/logo\/image\/\"}},{\"@type\":\"Person\",\"@id\":\"https:\/\/denizcankizil.tr\/de\/#\/schema\/person\/5dc1b22991bd7ac833867c10afc9b0ff\",\"name\":\"Av. Deniz Can K\u0131z\u0131l\",\"image\":{\"@type\":\"ImageObject\",\"inLanguage\":\"uk\",\"@id\":\"https:\/\/denizcankizil.tr\/de\/#\/schema\/person\/image\/\",\"url\":\"https:\/\/secure.gravatar.com\/avatar\/a0b128fb9855c79efc976d5640eedb31dc35ec297594d6016d2cf7c60e975bb6?s=96&d=mm&r=g\",\"contentUrl\":\"https:\/\/secure.gravatar.com\/avatar\/a0b128fb9855c79efc976d5640eedb31dc35ec297594d6016d2cf7c60e975bb6?s=96&d=mm&r=g\",\"caption\":\"Av. Deniz Can K\u0131z\u0131l\"},\"sameAs\":[\"http:\/\/www.denizcankizil.tr\"],\"url\":\"https:\/\/denizcankizil.tr\/uk\/author\/denizcankizil\/\"}]}<\/script>\n<!-- \/ Yoast SEO Premium plugin. -->","yoast_head_json":{"title":"Bor\u00e7 \u00f6dendi; \u00e7ocuklar babalar\u0131n\u0131 bekliyor - Av. Deniz Can K\u0131z\u0131l","robots":{"index":"index","follow":"follow","max-snippet":"max-snippet:-1","max-image-preview":"max-image-preview:large","max-video-preview":"max-video-preview:-1"},"canonical":"https:\/\/denizcankizil.tr\/uk\/haberler\/antalya\/borc-odendi-cocuklar-babalarini-bekliyor\/","og_locale":"uk_UA","og_type":"article","og_title":"Bor\u00e7 \u00f6dendi; \u00e7ocuklar babalar\u0131n\u0131 bekliyor","og_description":"Kepez il\u00e7esinde oturan 2, 5 ve 7 ya\u015f\u0131nda 3 \u00e7ocu\u011fu bulunan Veli Can G\u00fcnay, ge\u00e7en y\u0131l turizm ve kargo sekt\u00f6r\u00fcnde \u00e7al\u0131\u015ft\u0131\u011f\u0131 s\u0131rada 8 bin liral\u0131k cep telefonunu taksitle sat\u0131n ald\u0131. G\u00fcnay daha sonra hastaland\u0131. Kargo da\u011f\u0131t\u0131m\u0131 yapt\u0131\u011f\u0131 s\u0131rada fenala\u015farak hastaneye g\u00f6t\u00fcr\u00fclen G\u00fcnay&#8217;\u0131n beyin damarlar\u0131nda t\u0131kanma oldu\u011fu ve anjiyo olmas\u0131 gerekti\u011fi belirtildi. Bir hafta verilen rapor nedeniyle i\u015fe gidemeyen G\u00fcnay, d\u00f6n\u00fc\u015f\u00fcnde i\u015ften \u00e7\u0131kar\u0131ld\u0131\u011f\u0131n\u0131 \u00f6\u011frendi. Bu s\u00fcre\u00e7te hastal\u0131\u011f\u0131 nedeniyle de \u00e7al\u0131\u015famayan G\u00fcnay&#8217;\u0131n 8 bin liral\u0131k cep telefonu borcu, icraya verildi. 75 bin lira olan borcun \u00f6denece\u011finin taahh\u00fct edilip \u00f6denmemesi nedeniyle hakk\u0131nda hapis cezas\u0131 verilen G\u00fcnay, sonras\u0131nda yakalanaca\u011f\u0131n\u0131 d\u00fc\u015f\u00fcnerek bir i\u015fte de \u00e7al\u0131\u015famad\u0131. 3 \u00e7ocuklu aile, kom\u015fular\u0131n\u0131n destekleri ile ya\u015famlar\u0131n\u0131 s\u00fcrd\u00fcrmeye ba\u015flad\u0131. POL\u0130S, ELEKTR\u0130K BORCUNU KAPADI Biriken kira ve elektrik faturas\u0131 bor\u00e7lar\u0131 nedeniyle zor g\u00fcnler ya\u015fayan aile, ge\u00e7en hafta eve polisin gelmesi ile \u015fok ya\u015fad\u0131. Hapis cezas\u0131 onanan G\u00fcnay, polis taraf\u0131ndan cezaevine g\u00f6t\u00fcr\u00fcld\u00fc. Evde elektrik olmad\u0131\u011f\u0131n\u0131 ve ailenin zor durumda oldu\u011funu g\u00f6ren polisler, kendi aralar\u0131nda toplad\u0131klar\u0131 17 bin lira ile 3 \u00e7ocu\u011fuyla ya\u015fayan Nirg\u00fcl G\u00fcnay&#8217;\u0131n (26) elektrik faturas\u0131 borcunu \u00f6dedi. \u00c7OCUKLAR \u0130\u00c7\u0130N AYLIK \u00d6DEME DHA&#8217;n\u0131n haberinin ard\u0131ndan hay\u0131rseverler aile i\u00e7in harekete ge\u00e7ti. \u0130\u015f insan\u0131 Din\u00e7er Azaphan, Veli Can G\u00fcnay&#8217;\u0131n tutuklanmas\u0131na neden olan borcu \u00f6dedi. Aile ile cep telefonu \u00fczerinden g\u00f6r\u00fcnt\u00fcl\u00fc g\u00f6r\u00fc\u015fen Azaphan, ailenin &hellip;","og_url":"https:\/\/denizcankizil.tr\/uk\/haberler\/antalya\/borc-odendi-cocuklar-babalarini-bekliyor\/","og_site_name":"Av. Deniz Can K\u0131z\u0131l","article_published_time":"2025-03-18T10:41:47+00:00","og_image":[{"width":1280,"height":720,"url":"https:\/\/denizcankizil.tr\/wp-content\/uploads\/2025\/03\/5567-01-A0Enwl.jpeg","type":"image\/jpeg"}],"author":"Av. Deniz Can K\u0131z\u0131l","twitter_card":"summary_large_image","twitter_misc":{"\u041d\u0430\u043f\u0438\u0441\u0430\u043d\u043e":"Av. Deniz Can K\u0131z\u0131l","\u041f\u0440\u0438\u0431\u043b. \u0447\u0430\u0441 \u0447\u0438\u0442\u0430\u043d\u043d\u044f":"3 \u0445\u0432\u0438\u043b\u0438\u043d\u0438"},"schema":{"@context":"https:\/\/schema.org","@graph":[{"@type":"Article","@id":"https:\/\/denizcankizil.tr\/uk\/haberler\/antalya\/borc-odendi-cocuklar-babalarini-bekliyor\/#article","isPartOf":{"@id":"https:\/\/denizcankizil.tr\/uk\/haberler\/antalya\/borc-odendi-cocuklar-babalarini-bekliyor\/"},"author":{"name":"Av. Deniz Can K\u0131z\u0131l","@id":"https:\/\/denizcankizil.tr\/de\/#\/schema\/person\/5dc1b22991bd7ac833867c10afc9b0ff"},"headline":"Bor\u00e7 \u00f6dendi; \u00e7ocuklar babalar\u0131n\u0131 bekliyor","datePublished":"2025-03-18T10:41:47+00:00","mainEntityOfPage":{"@id":"https:\/\/denizcankizil.tr\/uk\/haberler\/antalya\/borc-odendi-cocuklar-babalarini-bekliyor\/"},"wordCount":601,"publisher":{"@id":"https:\/\/denizcankizil.tr\/de\/#organization"},"image":{"@id":"https:\/\/denizcankizil.tr\/uk\/haberler\/antalya\/borc-odendi-cocuklar-babalarini-bekliyor\/#primaryimage"},"thumbnailUrl":"https:\/\/denizcankizil.tr\/wp-content\/uploads\/2025\/03\/5567-01-A0Enwl.jpeg","articleSection":["Antalya"],"inLanguage":"uk"},{"@type":"WebPage","@id":"https:\/\/denizcankizil.tr\/uk\/haberler\/antalya\/borc-odendi-cocuklar-babalarini-bekliyor\/","url":"https:\/\/denizcankizil.tr\/uk\/haberler\/antalya\/borc-odendi-cocuklar-babalarini-bekliyor\/","name":"Bor\u00e7 \u00f6dendi; \u00e7ocuklar babalar\u0131n\u0131 bekliyor - Av. Deniz Can K\u0131z\u0131l","isPartOf":{"@id":"https:\/\/denizcankizil.tr\/de\/#website"},"primaryImageOfPage":{"@id":"https:\/\/denizcankizil.tr\/uk\/haberler\/antalya\/borc-odendi-cocuklar-babalarini-bekliyor\/#primaryimage"},"image":{"@id":"https:\/\/denizcankizil.tr\/uk\/haberler\/antalya\/borc-odendi-cocuklar-babalarini-bekliyor\/#primaryimage"},"thumbnailUrl":"https:\/\/denizcankizil.tr\/wp-content\/uploads\/2025\/03\/5567-01-A0Enwl.jpeg","datePublished":"2025-03-18T10:41:47+00:00","breadcrumb":{"@id":"https:\/\/denizcankizil.tr\/uk\/haberler\/antalya\/borc-odendi-cocuklar-babalarini-bekliyor\/#breadcrumb"},"inLanguage":"uk","potentialAction":[{"@type":"ReadAction","target":["https:\/\/denizcankizil.tr\/uk\/haberler\/antalya\/borc-odendi-cocuklar-babalarini-bekliyor\/"]}]},{"@type":"ImageObject","inLanguage":"uk","@id":"https:\/\/denizcankizil.tr\/uk\/haberler\/antalya\/borc-odendi-cocuklar-babalarini-bekliyor\/#primaryimage","url":"https:\/\/denizcankizil.tr\/wp-content\/uploads\/2025\/03\/5567-01-A0Enwl.jpeg","contentUrl":"https:\/\/denizcankizil.tr\/wp-content\/uploads\/2025\/03\/5567-01-A0Enwl.jpeg","width":1280,"height":720},{"@type":"BreadcrumbList","@id":"https:\/\/denizcankizil.tr\/uk\/haberler\/antalya\/borc-odendi-cocuklar-babalarini-bekliyor\/#breadcrumb","itemListElement":[{"@type":"ListItem","position":1,"name":"Home","item":"https:\/\/denizcankizil.tr\/de\/"},{"@type":"ListItem","position":2,"name":"Bor\u00e7 \u00f6dendi; \u00e7ocuklar babalar\u0131n\u0131 bekliyor"}]},{"@type":"WebSite","@id":"https:\/\/denizcankizil.tr\/de\/#website","url":"https:\/\/denizcankizil.tr\/de\/","name":"Av. Deniz Can K\u0131z\u0131l","description":"Avukat Deniz Can K\u0131z\u0131l Antalya Barosu","publisher":{"@id":"https:\/\/denizcankizil.tr\/de\/#organization"},"potentialAction":[{"@type":"SearchAction","target":{"@type":"EntryPoint","urlTemplate":"https:\/\/denizcankizil.tr\/de\/?s={search_term_string}"},"query-input":{"@type":"PropertyValueSpecification","valueRequired":true,"valueName":"search_term_string"}}],"inLanguage":"uk"},{"@type":"Organization","@id":"https:\/\/denizcankizil.tr\/de\/#organization","name":"Av. Deniz Can K\u0131z\u0131l","url":"https:\/\/denizcankizil.tr\/de\/","logo":{"@type":"ImageObject","inLanguage":"uk","@id":"https:\/\/denizcankizil.tr\/de\/#\/schema\/logo\/image\/","url":"https:\/\/denizcankizil.tr\/wp-content\/uploads\/2024\/10\/siyah-logo-svg.svg","contentUrl":"https:\/\/denizcankizil.tr\/wp-content\/uploads\/2024\/10\/siyah-logo-svg.svg","width":1080,"height":1080,"caption":"Av. Deniz Can K\u0131z\u0131l"},"image":{"@id":"https:\/\/denizcankizil.tr\/de\/#\/schema\/logo\/image\/"}},{"@type":"Person","@id":"https:\/\/denizcankizil.tr\/de\/#\/schema\/person\/5dc1b22991bd7ac833867c10afc9b0ff","name":"Av. Deniz Can K\u0131z\u0131l","image":{"@type":"ImageObject","inLanguage":"uk","@id":"https:\/\/denizcankizil.tr\/de\/#\/schema\/person\/image\/","url":"https:\/\/secure.gravatar.com\/avatar\/a0b128fb9855c79efc976d5640eedb31dc35ec297594d6016d2cf7c60e975bb6?s=96&d=mm&r=g","contentUrl":"https:\/\/secure.gravatar.com\/avatar\/a0b128fb9855c79efc976d5640eedb31dc35ec297594d6016d2cf7c60e975bb6?s=96&d=mm&r=g","caption":"Av. Deniz Can K\u0131z\u0131l"},"sameAs":["http:\/\/www.denizcankizil.tr"],"url":"https:\/\/denizcankizil.tr\/uk\/author\/denizcankizil\/"}]}},"_links":{"self":[{"href":"https:\/\/denizcankizil.tr\/uk\/wp-json\/wp\/v2\/posts\/36183","targetHints":{"allow":["GET"]}}],"collection":[{"href":"https:\/\/denizcankizil.tr\/uk\/wp-json\/wp\/v2\/posts"}],"about":[{"href":"https:\/\/denizcankizil.tr\/uk\/wp-json\/wp\/v2\/types\/post"}],"author":[{"embeddable":true,"href":"https:\/\/denizcankizil.tr\/uk\/wp-json\/wp\/v2\/users\/4"}],"replies":[{"embeddable":true,"href":"https:\/\/denizcankizil.tr\/uk\/wp-json\/wp\/v2\/comments?post=36183"}],"version-history":[{"count":0,"href":"https:\/\/denizcankizil.tr\/uk\/wp-json\/wp\/v2\/posts\/36183\/revisions"}],"wp:featuredmedia":[{"embeddable":true,"href":"https:\/\/denizcankizil.tr\/uk\/wp-json\/wp\/v2\/media\/36184"}],"wp:attachment":[{"href":"https:\/\/denizcankizil.tr\/uk\/wp-json\/wp\/v2\/media?parent=36183"}],"wp:term":[{"taxonomy":"category","embeddable":true,"href":"https:\/\/denizcankizil.tr\/uk\/wp-json\/wp\/v2\/categories?post=36183"},{"taxonomy":"post_tag","embeddable":true,"href":"https:\/\/denizcankizil.tr\/uk\/wp-json\/wp\/v2\/tags?post=36183"}],"curies":[{"name":"wp","href":"https:\/\/api.w.org\/{rel}","templated":true}]}}