{"id":36163,"date":"2025-03-18T12:42:23","date_gmt":"2025-03-18T09:42:23","guid":{"rendered":"https:\/\/denizcankizil.tr\/uncategorized-tr\/motorlu-kara-tasitlarinda-dusus\/"},"modified":"2025-03-18T12:42:23","modified_gmt":"2025-03-18T09:42:23","slug":"motorlu-kara-tasitlarinda-dusus","status":"publish","type":"post","link":"https:\/\/denizcankizil.tr\/uk\/haberler\/gundem\/motorlu-kara-tasitlarinda-dusus\/","title":{"rendered":"Motorlu kara ta\u015f\u0131tlar\u0131nda d\u00fc\u015f\u00fc\u015f!"},"content":{"rendered":"<p>\u015eubat ay\u0131nda 136 bin 810 adet ta\u015f\u0131t\u0131n trafi\u011fe kayd\u0131 yap\u0131ld\u0131. Trafi\u011fe kayd\u0131 yap\u0131lan ta\u015f\u0131t say\u0131s\u0131 bir \u00f6nceki aya g\u00f6re y\u00fczde 17,5 azald\u0131. Y\u0131l\u0131n ilk iki ay\u0131nda 302 bin 544 adet ta\u015f\u0131t\u0131n trafi\u011fe kayd\u0131 yap\u0131ld\u0131.ANKARA (\u0130GFA) &#8211; T\u00dc\u0130K, \u015eubat ay\u0131na ili\u015fkin Motorlu Kara Ta\u015f\u0131tlar\u0131 istatistiklerini yay\u0131mlad\u0131. \u015eubat ay\u0131nda 136 bin 810 adet ta\u015f\u0131t\u0131n trafi\u011fe kayd\u0131 yap\u0131ld\u0131<\/p>\n<p>\u015eubat ay\u0131nda trafi\u011fe kayd\u0131 yap\u0131lan ta\u015f\u0131tlar\u0131n y\u00fczde 50,2&#8217;sini otomobil, y\u00fczde 32,7&#8217;sini motosiklet, y\u00fczde 9,2&#8217;sini kamyonet, y\u00fczde 3,3&#8217;\u00fcn\u00fc trakt\u00f6r, y\u00fczde 2,2&#8217;sini kamyon, y\u00fczde 1,5&#8217;ini minib\u00fcs, y\u00fczde 0,8&#8217;ini otob\u00fcs ve y\u00fczde 0,1&#8217;ini \u00f6zel ama\u00e7l\u0131 ta\u015f\u0131tlar olu\u015fturdu.<\/p>\n<p>Trafi\u011fe kayd\u0131 yap\u0131lan ta\u015f\u0131t say\u0131s\u0131 bir \u00f6nceki aya g\u00f6re, motosiklette y\u00fczde 61,9, otob\u00fcste y\u00fczde 52,6, trakt\u00f6rde y\u00fczde 47,2, \u00f6zel ama\u00e7l\u0131 ta\u015f\u0131tta y\u00fczde 41,2, minib\u00fcste y\u00fczde 16,8 artarken kamyonette y\u00fczde 48,3, otomobilde y\u00fczde 34,1 ve kamyonda y\u00fczde 21,4 azald\u0131. Trafi\u011fe kayd\u0131 yap\u0131lan ta\u015f\u0131t say\u0131s\u0131 ge\u00e7en y\u0131l\u0131n ayn\u0131 ay\u0131na g\u00f6re y\u00fczde 29,3 azald\u0131<\/p>\n<p>\u015eubat ay\u0131nda ge\u00e7en y\u0131l\u0131n ayn\u0131 ay\u0131na g\u00f6re trafi\u011fe kayd\u0131 yap\u0131lan ta\u015f\u0131t say\u0131s\u0131 otob\u00fcste y\u00fczde 41,1, minib\u00fcste y\u00fczde 29,2 artarken motosiklette y\u00fczde 47,2, trakt\u00f6rde y\u00fczde 38,1, kamyonette y\u00fczde 31,1, \u00f6zel ama\u00e7l\u0131 ta\u015f\u0131tta y\u00fczde 26,0, kamyonda y\u00fczde 23,4 ve otomobilde y\u00fczde 10,6 azald\u0131.<\/p>\n<p>\u015eubat ay\u0131 sonu itibar\u0131yla trafi\u011fe kay\u0131tl\u0131 ta\u015f\u0131tlar\u0131n y\u00fczde 51,9&#8217;unu otomobil, y\u00fczde 20,0&#8217;\u0131n\u0131 motosiklet, y\u00fczde 15,0&#8217;\u0131n\u0131 kamyonet, y\u00fczde 7,2&#8217;sini trakt\u00f6r, y\u00fczde 3,2&#8217;sini kamyon, y\u00fczde 1,7&#8217;sini minib\u00fcs, y\u00fczde 0,7&#8217;sini otob\u00fcs ve y\u00fczde 0,3&#8217;\u00fcn\u00fc \u00f6zel ama\u00e7l\u0131 ta\u015f\u0131tlar olu\u015fturdu.<\/p>\n<p>\u015eubat ay\u0131nda 762 bin 109 adet ta\u015f\u0131t\u0131n devri yap\u0131ld\u0131.<\/p>\n<p>Trafi\u011fe kayd\u0131 yap\u0131lan otomobillerin y\u00fczde 10,4&#8217;\u00fc Renault, y\u00fczde 9,7&#8217;si Toyota, y\u00fczde 7,6&#8217;s\u0131 Fiat, y\u00fczde 7,3&#8217;\u00fc Hyundai, y\u00fczde 7,2&#8217;si Volkswagen, y\u00fczde 4,9&#8217;u Peugeot, y\u00fczde 4,3&#8217;\u00fc Opel, y\u00fczde 3,5&#8217;i Skoda, y\u00fczde 3,5&#8217;i Ford, y\u00fczde 3,3&#8217;\u00fc Mercedes-Benz, y\u00fczde 3,1&#8217;i Kia, y\u00fczde 3,1&#8217;i Citroen, y\u00fczde 2,9&#8217;u BMW, y\u00fczde 2,9&#8217;u Chery, y\u00fczde 2,8&#8217;i Nissan, y\u00fczde 2,5&#8217;i BYD, y\u00fczde 2,3&#8217;\u00fc Audi, y\u00fczde 1,9&#8217;u Dacia, y\u00fczde 1,6&#8217;s\u0131 Honda, y\u00fczde 1,4&#8217;\u00fc Mini ve y\u00fczde 13,9&#8217;u di\u011fer(2) markalardan olu\u015ftu.\u00a0\u00a0 \u00a0<\/p>\n<p>Ocak-\u015eubat d\u00f6neminde trafi\u011fe kayd\u0131 yap\u0131lan otomobillerin y\u00fczde 49,3&#8217;\u00fc benzin yak\u0131tl\u0131 oldu\u011fu ve en fazla 1300 ve alt\u0131 silindir hacimli otomobil kayd\u0131 yap\u0131ld\u0131\u011f\u0131 g\u00f6zlendi.<\/p>\n<p>Bu arada Ocak-\u015eubat d\u00f6neminde kayd\u0131 yap\u0131lan otomobillerin 67 bin 122&#8217;si gri renkli oldu.<\/p>\n<p>\u200b\u015eubat ay\u0131nda 136 bin 810 adet ta\u015f\u0131t\u0131n trafi\u011fe kayd\u0131 yap\u0131ld\u0131. Trafi\u011fe kayd\u0131 yap\u0131lan ta\u015f\u0131t say\u0131s\u0131 bir \u00f6nceki aya g\u00f6re y\u00fczde 17,5 azald\u0131. Y\u0131l\u0131n ilk iki ay\u0131nda 302 bin 544 adet ta\u015f\u0131t\u0131n trafi\u011fe kayd\u0131 yap\u0131ld\u0131.ANKARA (\u0130GFA) &#8211; T\u00dc\u0130K, \u015eubat ay\u0131na ili\u015fkin Motorlu Kara Ta\u015f\u0131tlar\u0131 istatistiklerini yay\u0131mlad\u0131. \u015eubat ay\u0131nda 136 bin 810 adet ta\u015f\u0131t\u0131n trafi\u011fe kayd\u0131 yap\u0131ld\u0131<\/p>\n<p>\u015eubat ay\u0131nda trafi\u011fe kayd\u0131 yap\u0131lan ta\u015f\u0131tlar\u0131n y\u00fczde 50,2&#8217;sini otomobil, y\u00fczde 32,7&#8217;sini motosiklet, y\u00fczde 9,2&#8217;sini kamyonet, y\u00fczde 3,3&#8217;\u00fcn\u00fc trakt\u00f6r, y\u00fczde 2,2&#8217;sini kamyon, y\u00fczde 1,5&#8217;ini minib\u00fcs, y\u00fczde 0,8&#8217;ini otob\u00fcs ve y\u00fczde 0,1&#8217;ini \u00f6zel ama\u00e7l\u0131 ta\u015f\u0131tlar olu\u015fturdu.<\/p>\n<p>Trafi\u011fe kayd\u0131 yap\u0131lan ta\u015f\u0131t say\u0131s\u0131 bir \u00f6nceki aya g\u00f6re, motosiklette y\u00fczde 61,9, otob\u00fcste y\u00fczde 52,6, trakt\u00f6rde y\u00fczde 47,2, \u00f6zel ama\u00e7l\u0131 ta\u015f\u0131tta y\u00fczde 41,2, minib\u00fcste y\u00fczde 16,8 artarken kamyonette y\u00fczde 48,3, otomobilde y\u00fczde 34,1 ve kamyonda y\u00fczde 21,4 azald\u0131. Trafi\u011fe kayd\u0131 yap\u0131lan ta\u015f\u0131t say\u0131s\u0131 ge\u00e7en y\u0131l\u0131n ayn\u0131 ay\u0131na g\u00f6re y\u00fczde 29,3 azald\u0131<\/p>\n<p>\u015eubat ay\u0131nda ge\u00e7en y\u0131l\u0131n ayn\u0131 ay\u0131na g\u00f6re trafi\u011fe kayd\u0131 yap\u0131lan ta\u015f\u0131t say\u0131s\u0131 otob\u00fcste y\u00fczde 41,1, minib\u00fcste y\u00fczde 29,2 artarken motosiklette y\u00fczde 47,2, trakt\u00f6rde y\u00fczde 38,1, kamyonette y\u00fczde 31,1, \u00f6zel ama\u00e7l\u0131 ta\u015f\u0131tta y\u00fczde 26,0, kamyonda y\u00fczde 23,4 ve otomobilde y\u00fczde 10,6 azald\u0131.<\/p>\n<p>\u015eubat ay\u0131 sonu itibar\u0131yla trafi\u011fe kay\u0131tl\u0131 ta\u015f\u0131tlar\u0131n y\u00fczde 51,9&#8217;unu otomobil, y\u00fczde 20,0&#8217;\u0131n\u0131 motosiklet, y\u00fczde 15,0&#8217;\u0131n\u0131 kamyonet, y\u00fczde 7,2&#8217;sini trakt\u00f6r, y\u00fczde 3,2&#8217;sini kamyon, y\u00fczde 1,7&#8217;sini minib\u00fcs, y\u00fczde 0,7&#8217;sini otob\u00fcs ve y\u00fczde 0,3&#8217;\u00fcn\u00fc \u00f6zel ama\u00e7l\u0131 ta\u015f\u0131tlar olu\u015fturdu.<\/p>\n<p>\u015eubat ay\u0131nda 762 bin 109 adet ta\u015f\u0131t\u0131n devri yap\u0131ld\u0131.<\/p>\n<p>Trafi\u011fe kayd\u0131 yap\u0131lan otomobillerin y\u00fczde 10,4&#8217;\u00fc Renault, y\u00fczde 9,7&#8217;si Toyota, y\u00fczde 7,6&#8217;s\u0131 Fiat, y\u00fczde 7,3&#8217;\u00fc Hyundai, y\u00fczde 7,2&#8217;si Volkswagen, y\u00fczde 4,9&#8217;u Peugeot, y\u00fczde 4,3&#8217;\u00fc Opel, y\u00fczde 3,5&#8217;i Skoda, y\u00fczde 3,5&#8217;i Ford, y\u00fczde 3,3&#8217;\u00fc Mercedes-Benz, y\u00fczde 3,1&#8217;i Kia, y\u00fczde 3,1&#8217;i Citroen, y\u00fczde 2,9&#8217;u BMW, y\u00fczde 2,9&#8217;u Chery, y\u00fczde 2,8&#8217;i Nissan, y\u00fczde 2,5&#8217;i BYD, y\u00fczde 2,3&#8217;\u00fc Audi, y\u00fczde 1,9&#8217;u Dacia, y\u00fczde 1,6&#8217;s\u0131 Honda, y\u00fczde 1,4&#8217;\u00fc Mini ve y\u00fczde 13,9&#8217;u di\u011fer(2) markalardan olu\u015ftu.\u00a0\u00a0 \u00a0<\/p>\n<p>Ocak-\u015eubat d\u00f6neminde trafi\u011fe kayd\u0131 yap\u0131lan otomobillerin y\u00fczde 49,3&#8217;\u00fc benzin yak\u0131tl\u0131 oldu\u011fu ve en fazla 1300 ve alt\u0131 silindir hacimli otomobil kayd\u0131 yap\u0131ld\u0131\u011f\u0131 g\u00f6zlendi.<\/p>\n<p>Bu arada Ocak-\u015eubat d\u00f6neminde kayd\u0131 yap\u0131lan otomobillerin 67 bin 122&#8217;si gri renkli oldu.\u00a0<\/p>\n<p>\u200bHaberin Al\u0131nt\u0131land\u0131\u011f\u0131 Kaynak: www.iskenderun.org<\/p>","protected":false},"excerpt":{"rendered":"<p>\u015eubat ay\u0131nda 136 bin 810 adet ta\u015f\u0131t\u0131n trafi\u011fe kayd\u0131 yap\u0131ld\u0131. Trafi\u011fe kayd\u0131 yap\u0131lan ta\u015f\u0131t say\u0131s\u0131 bir \u00f6nceki aya g\u00f6re y\u00fczde 17,5 azald\u0131. Y\u0131l\u0131n ilk iki ay\u0131nda 302 bin 544 adet ta\u015f\u0131t\u0131n trafi\u011fe kayd\u0131 yap\u0131ld\u0131.ANKARA (\u0130GFA) &#8211; T\u00dc\u0130K, \u015eubat ay\u0131na ili\u015fkin Motorlu Kara Ta\u015f\u0131tlar\u0131 istatistiklerini yay\u0131mlad\u0131. \u015eubat ay\u0131nda 136 bin 810 adet ta\u015f\u0131t\u0131n trafi\u011fe kayd\u0131 yap\u0131ld\u0131 \u015eubat ay\u0131nda trafi\u011fe kayd\u0131 yap\u0131lan ta\u015f\u0131tlar\u0131n y\u00fczde 50,2&#8217;sini otomobil, y\u00fczde 32,7&#8217;sini motosiklet, y\u00fczde 9,2&#8217;sini kamyonet, y\u00fczde 3,3&#8217;\u00fcn\u00fc trakt\u00f6r, y\u00fczde 2,2&#8217;sini kamyon, y\u00fczde 1,5&#8217;ini minib\u00fcs, y\u00fczde 0,8&#8217;ini otob\u00fcs ve y\u00fczde 0,1&#8217;ini \u00f6zel ama\u00e7l\u0131 ta\u015f\u0131tlar olu\u015fturdu. Trafi\u011fe kayd\u0131 yap\u0131lan ta\u015f\u0131t say\u0131s\u0131 bir \u00f6nceki aya g\u00f6re, motosiklette y\u00fczde 61,9, otob\u00fcste y\u00fczde 52,6, trakt\u00f6rde y\u00fczde 47,2, \u00f6zel ama\u00e7l\u0131 ta\u015f\u0131tta y\u00fczde 41,2, minib\u00fcste y\u00fczde 16,8 artarken kamyonette y\u00fczde 48,3, otomobilde y\u00fczde 34,1 ve kamyonda y\u00fczde 21,4 azald\u0131. Trafi\u011fe kayd\u0131 yap\u0131lan ta\u015f\u0131t say\u0131s\u0131 ge\u00e7en y\u0131l\u0131n ayn\u0131 ay\u0131na g\u00f6re y\u00fczde 29,3 azald\u0131 \u015eubat ay\u0131nda ge\u00e7en y\u0131l\u0131n ayn\u0131 ay\u0131na g\u00f6re trafi\u011fe kayd\u0131 yap\u0131lan ta\u015f\u0131t say\u0131s\u0131 otob\u00fcste y\u00fczde 41,1, minib\u00fcste y\u00fczde 29,2 artarken motosiklette y\u00fczde 47,2, trakt\u00f6rde y\u00fczde 38,1, kamyonette y\u00fczde 31,1, \u00f6zel ama\u00e7l\u0131 ta\u015f\u0131tta y\u00fczde 26,0, kamyonda y\u00fczde 23,4 ve otomobilde y\u00fczde 10,6 azald\u0131. \u015eubat ay\u0131 sonu itibar\u0131yla trafi\u011fe kay\u0131tl\u0131 ta\u015f\u0131tlar\u0131n y\u00fczde 51,9&#8217;unu otomobil, y\u00fczde 20,0&#8217;\u0131n\u0131 motosiklet, y\u00fczde 15,0&#8217;\u0131n\u0131 kamyonet, y\u00fczde 7,2&#8217;sini trakt\u00f6r, &hellip;<\/p>","protected":false},"author":1,"featured_media":0,"comment_status":"","ping_status":"open","sticky":false,"template":"","format":"standard","meta":{"_acf_changed":false,"footnotes":""},"categories":[24],"tags":[],"class_list":["post-36163","post","type-post","status-publish","format-standard","has-post-thumbnail","hentry","category-gundem"],"acf":[],"yoast_head":"<!-- This site is optimized with the Yoast SEO Premium plugin v26.6 (Yoast SEO v27.1.1) - https:\/\/yoast.com\/product\/yoast-seo-premium-wordpress\/ -->\n<title>Motorlu kara ta\u015f\u0131tlar\u0131nda d\u00fc\u015f\u00fc\u015f! - Av. Deniz Can K\u0131z\u0131l<\/title>\n<meta name=\"robots\" content=\"index, follow, max-snippet:-1, max-image-preview:large, max-video-preview:-1\" \/>\n<link rel=\"canonical\" href=\"https:\/\/denizcankizil.tr\/uk\/haberler\/gundem\/motorlu-kara-tasitlarinda-dusus\/\" \/>\n<meta property=\"og:locale\" content=\"uk_UA\" \/>\n<meta property=\"og:type\" content=\"article\" \/>\n<meta property=\"og:title\" content=\"Motorlu kara ta\u015f\u0131tlar\u0131nda d\u00fc\u015f\u00fc\u015f!\" \/>\n<meta property=\"og:description\" content=\"\u015eubat ay\u0131nda 136 bin 810 adet ta\u015f\u0131t\u0131n trafi\u011fe kayd\u0131 yap\u0131ld\u0131. Trafi\u011fe kayd\u0131 yap\u0131lan ta\u015f\u0131t say\u0131s\u0131 bir \u00f6nceki aya g\u00f6re y\u00fczde 17,5 azald\u0131. Y\u0131l\u0131n ilk iki ay\u0131nda 302 bin 544 adet ta\u015f\u0131t\u0131n trafi\u011fe kayd\u0131 yap\u0131ld\u0131.ANKARA (\u0130GFA) &#8211; T\u00dc\u0130K, \u015eubat ay\u0131na ili\u015fkin Motorlu Kara Ta\u015f\u0131tlar\u0131 istatistiklerini yay\u0131mlad\u0131. \u015eubat ay\u0131nda 136 bin 810 adet ta\u015f\u0131t\u0131n trafi\u011fe kayd\u0131 yap\u0131ld\u0131 \u015eubat ay\u0131nda trafi\u011fe kayd\u0131 yap\u0131lan ta\u015f\u0131tlar\u0131n y\u00fczde 50,2&#8217;sini otomobil, y\u00fczde 32,7&#8217;sini motosiklet, y\u00fczde 9,2&#8217;sini kamyonet, y\u00fczde 3,3&#8217;\u00fcn\u00fc trakt\u00f6r, y\u00fczde 2,2&#8217;sini kamyon, y\u00fczde 1,5&#8217;ini minib\u00fcs, y\u00fczde 0,8&#8217;ini otob\u00fcs ve y\u00fczde 0,1&#8217;ini \u00f6zel ama\u00e7l\u0131 ta\u015f\u0131tlar olu\u015fturdu. Trafi\u011fe kayd\u0131 yap\u0131lan ta\u015f\u0131t say\u0131s\u0131 bir \u00f6nceki aya g\u00f6re, motosiklette y\u00fczde 61,9, otob\u00fcste y\u00fczde 52,6, trakt\u00f6rde y\u00fczde 47,2, \u00f6zel ama\u00e7l\u0131 ta\u015f\u0131tta y\u00fczde 41,2, minib\u00fcste y\u00fczde 16,8 artarken kamyonette y\u00fczde 48,3, otomobilde y\u00fczde 34,1 ve kamyonda y\u00fczde 21,4 azald\u0131. Trafi\u011fe kayd\u0131 yap\u0131lan ta\u015f\u0131t say\u0131s\u0131 ge\u00e7en y\u0131l\u0131n ayn\u0131 ay\u0131na g\u00f6re y\u00fczde 29,3 azald\u0131 \u015eubat ay\u0131nda ge\u00e7en y\u0131l\u0131n ayn\u0131 ay\u0131na g\u00f6re trafi\u011fe kayd\u0131 yap\u0131lan ta\u015f\u0131t say\u0131s\u0131 otob\u00fcste y\u00fczde 41,1, minib\u00fcste y\u00fczde 29,2 artarken motosiklette y\u00fczde 47,2, trakt\u00f6rde y\u00fczde 38,1, kamyonette y\u00fczde 31,1, \u00f6zel ama\u00e7l\u0131 ta\u015f\u0131tta y\u00fczde 26,0, kamyonda y\u00fczde 23,4 ve otomobilde y\u00fczde 10,6 azald\u0131. \u015eubat ay\u0131 sonu itibar\u0131yla trafi\u011fe kay\u0131tl\u0131 ta\u015f\u0131tlar\u0131n y\u00fczde 51,9&#8217;unu otomobil, y\u00fczde 20,0&#8217;\u0131n\u0131 motosiklet, y\u00fczde 15,0&#8217;\u0131n\u0131 kamyonet, y\u00fczde 7,2&#8217;sini trakt\u00f6r, &hellip;\" \/>\n<meta property=\"og:url\" content=\"https:\/\/denizcankizil.tr\/uk\/haberler\/gundem\/motorlu-kara-tasitlarinda-dusus\/\" \/>\n<meta property=\"og:site_name\" content=\"Av. Deniz Can K\u0131z\u0131l\" \/>\n<meta property=\"article:published_time\" content=\"2025-03-18T09:42:23+00:00\" \/>\n<meta name=\"author\" content=\"admin\" \/>\n<meta name=\"twitter:card\" content=\"summary_large_image\" \/>\n<meta name=\"twitter:label1\" content=\"\u041d\u0430\u043f\u0438\u0441\u0430\u043d\u043e\" \/>\n\t<meta name=\"twitter:data1\" content=\"admin\" \/>\n\t<meta name=\"twitter:label2\" content=\"\u041f\u0440\u0438\u0431\u043b. \u0447\u0430\u0441 \u0447\u0438\u0442\u0430\u043d\u043d\u044f\" \/>\n\t<meta name=\"twitter:data2\" content=\"5 \u0445\u0432\u0438\u043b\u0438\u043d\" \/>\n<script type=\"application\/ld+json\" class=\"yoast-schema-graph\">{\"@context\":\"https:\/\/schema.org\",\"@graph\":[{\"@type\":\"Article\",\"@id\":\"https:\/\/denizcankizil.tr\/ru\/haberler\/gundem\/motorlu-kara-tasitlarinda-dusus\/#article\",\"isPartOf\":{\"@id\":\"https:\/\/denizcankizil.tr\/ru\/haberler\/gundem\/motorlu-kara-tasitlarinda-dusus\/\"},\"author\":{\"name\":\"admin\",\"@id\":\"https:\/\/denizcankizil.tr\/de\/#\/schema\/person\/be3c05fe6a12686905512445d8185489\"},\"headline\":\"Motorlu kara ta\u015f\u0131tlar\u0131nda d\u00fc\u015f\u00fc\u015f!\",\"datePublished\":\"2025-03-18T09:42:23+00:00\",\"mainEntityOfPage\":{\"@id\":\"https:\/\/denizcankizil.tr\/ru\/haberler\/gundem\/motorlu-kara-tasitlarinda-dusus\/\"},\"wordCount\":924,\"publisher\":{\"@id\":\"https:\/\/denizcankizil.tr\/de\/#organization\"},\"articleSection\":[\"G\u00fcndem\"],\"inLanguage\":\"uk\"},{\"@type\":\"WebPage\",\"@id\":\"https:\/\/denizcankizil.tr\/ru\/haberler\/gundem\/motorlu-kara-tasitlarinda-dusus\/\",\"url\":\"https:\/\/denizcankizil.tr\/ru\/haberler\/gundem\/motorlu-kara-tasitlarinda-dusus\/\",\"name\":\"Motorlu kara ta\u015f\u0131tlar\u0131nda d\u00fc\u015f\u00fc\u015f! - Av. Deniz Can K\u0131z\u0131l\",\"isPartOf\":{\"@id\":\"https:\/\/denizcankizil.tr\/de\/#website\"},\"datePublished\":\"2025-03-18T09:42:23+00:00\",\"breadcrumb\":{\"@id\":\"https:\/\/denizcankizil.tr\/ru\/haberler\/gundem\/motorlu-kara-tasitlarinda-dusus\/#breadcrumb\"},\"inLanguage\":\"uk\",\"potentialAction\":[{\"@type\":\"ReadAction\",\"target\":[\"https:\/\/denizcankizil.tr\/ru\/haberler\/gundem\/motorlu-kara-tasitlarinda-dusus\/\"]}]},{\"@type\":\"BreadcrumbList\",\"@id\":\"https:\/\/denizcankizil.tr\/ru\/haberler\/gundem\/motorlu-kara-tasitlarinda-dusus\/#breadcrumb\",\"itemListElement\":[{\"@type\":\"ListItem\",\"position\":1,\"name\":\"Home\",\"item\":\"https:\/\/denizcankizil.tr\/de\/\"},{\"@type\":\"ListItem\",\"position\":2,\"name\":\"Motorlu kara ta\u015f\u0131tlar\u0131nda d\u00fc\u015f\u00fc\u015f!\"}]},{\"@type\":\"WebSite\",\"@id\":\"https:\/\/denizcankizil.tr\/de\/#website\",\"url\":\"https:\/\/denizcankizil.tr\/de\/\",\"name\":\"Av. Deniz Can K\u0131z\u0131l\",\"description\":\"Avukat Deniz Can K\u0131z\u0131l Antalya Barosu\",\"publisher\":{\"@id\":\"https:\/\/denizcankizil.tr\/de\/#organization\"},\"potentialAction\":[{\"@type\":\"SearchAction\",\"target\":{\"@type\":\"EntryPoint\",\"urlTemplate\":\"https:\/\/denizcankizil.tr\/de\/?s={search_term_string}\"},\"query-input\":{\"@type\":\"PropertyValueSpecification\",\"valueRequired\":true,\"valueName\":\"search_term_string\"}}],\"inLanguage\":\"uk\"},{\"@type\":\"Organization\",\"@id\":\"https:\/\/denizcankizil.tr\/de\/#organization\",\"name\":\"Av. Deniz Can K\u0131z\u0131l\",\"url\":\"https:\/\/denizcankizil.tr\/de\/\",\"logo\":{\"@type\":\"ImageObject\",\"inLanguage\":\"uk\",\"@id\":\"https:\/\/denizcankizil.tr\/de\/#\/schema\/logo\/image\/\",\"url\":\"https:\/\/denizcankizil.tr\/wp-content\/uploads\/2024\/10\/siyah-logo-svg.svg\",\"contentUrl\":\"https:\/\/denizcankizil.tr\/wp-content\/uploads\/2024\/10\/siyah-logo-svg.svg\",\"width\":1080,\"height\":1080,\"caption\":\"Av. Deniz Can K\u0131z\u0131l\"},\"image\":{\"@id\":\"https:\/\/denizcankizil.tr\/de\/#\/schema\/logo\/image\/\"}},{\"@type\":\"Person\",\"@id\":\"https:\/\/denizcankizil.tr\/de\/#\/schema\/person\/be3c05fe6a12686905512445d8185489\",\"name\":\"admin\",\"image\":{\"@type\":\"ImageObject\",\"inLanguage\":\"uk\",\"@id\":\"https:\/\/denizcankizil.tr\/de\/#\/schema\/person\/image\/\",\"url\":\"https:\/\/secure.gravatar.com\/avatar\/c1fce94c830dc79107e174f890d7210541c4a63e8e5d816341794a2151c9d58c?s=96&d=mm&r=g\",\"contentUrl\":\"https:\/\/secure.gravatar.com\/avatar\/c1fce94c830dc79107e174f890d7210541c4a63e8e5d816341794a2151c9d58c?s=96&d=mm&r=g\",\"caption\":\"admin\"},\"sameAs\":[\"http:\/\/denizcankizil.tr\"],\"url\":\"https:\/\/www.iskenderun.org\/motorlu-kara-tasitlarinda-dusus-subatta-trafige-137-bin-arac-daha-eklendi\"}]}<\/script>\n<!-- \/ Yoast SEO Premium plugin. -->","yoast_head_json":{"title":"Motorlu kara ta\u015f\u0131tlar\u0131nda d\u00fc\u015f\u00fc\u015f! - Av. Deniz Can K\u0131z\u0131l","robots":{"index":"index","follow":"follow","max-snippet":"max-snippet:-1","max-image-preview":"max-image-preview:large","max-video-preview":"max-video-preview:-1"},"canonical":"https:\/\/denizcankizil.tr\/uk\/haberler\/gundem\/motorlu-kara-tasitlarinda-dusus\/","og_locale":"uk_UA","og_type":"article","og_title":"Motorlu kara ta\u015f\u0131tlar\u0131nda d\u00fc\u015f\u00fc\u015f!","og_description":"\u015eubat ay\u0131nda 136 bin 810 adet ta\u015f\u0131t\u0131n trafi\u011fe kayd\u0131 yap\u0131ld\u0131. Trafi\u011fe kayd\u0131 yap\u0131lan ta\u015f\u0131t say\u0131s\u0131 bir \u00f6nceki aya g\u00f6re y\u00fczde 17,5 azald\u0131. Y\u0131l\u0131n ilk iki ay\u0131nda 302 bin 544 adet ta\u015f\u0131t\u0131n trafi\u011fe kayd\u0131 yap\u0131ld\u0131.ANKARA (\u0130GFA) &#8211; T\u00dc\u0130K, \u015eubat ay\u0131na ili\u015fkin Motorlu Kara Ta\u015f\u0131tlar\u0131 istatistiklerini yay\u0131mlad\u0131. \u015eubat ay\u0131nda 136 bin 810 adet ta\u015f\u0131t\u0131n trafi\u011fe kayd\u0131 yap\u0131ld\u0131 \u015eubat ay\u0131nda trafi\u011fe kayd\u0131 yap\u0131lan ta\u015f\u0131tlar\u0131n y\u00fczde 50,2&#8217;sini otomobil, y\u00fczde 32,7&#8217;sini motosiklet, y\u00fczde 9,2&#8217;sini kamyonet, y\u00fczde 3,3&#8217;\u00fcn\u00fc trakt\u00f6r, y\u00fczde 2,2&#8217;sini kamyon, y\u00fczde 1,5&#8217;ini minib\u00fcs, y\u00fczde 0,8&#8217;ini otob\u00fcs ve y\u00fczde 0,1&#8217;ini \u00f6zel ama\u00e7l\u0131 ta\u015f\u0131tlar olu\u015fturdu. Trafi\u011fe kayd\u0131 yap\u0131lan ta\u015f\u0131t say\u0131s\u0131 bir \u00f6nceki aya g\u00f6re, motosiklette y\u00fczde 61,9, otob\u00fcste y\u00fczde 52,6, trakt\u00f6rde y\u00fczde 47,2, \u00f6zel ama\u00e7l\u0131 ta\u015f\u0131tta y\u00fczde 41,2, minib\u00fcste y\u00fczde 16,8 artarken kamyonette y\u00fczde 48,3, otomobilde y\u00fczde 34,1 ve kamyonda y\u00fczde 21,4 azald\u0131. Trafi\u011fe kayd\u0131 yap\u0131lan ta\u015f\u0131t say\u0131s\u0131 ge\u00e7en y\u0131l\u0131n ayn\u0131 ay\u0131na g\u00f6re y\u00fczde 29,3 azald\u0131 \u015eubat ay\u0131nda ge\u00e7en y\u0131l\u0131n ayn\u0131 ay\u0131na g\u00f6re trafi\u011fe kayd\u0131 yap\u0131lan ta\u015f\u0131t say\u0131s\u0131 otob\u00fcste y\u00fczde 41,1, minib\u00fcste y\u00fczde 29,2 artarken motosiklette y\u00fczde 47,2, trakt\u00f6rde y\u00fczde 38,1, kamyonette y\u00fczde 31,1, \u00f6zel ama\u00e7l\u0131 ta\u015f\u0131tta y\u00fczde 26,0, kamyonda y\u00fczde 23,4 ve otomobilde y\u00fczde 10,6 azald\u0131. \u015eubat ay\u0131 sonu itibar\u0131yla trafi\u011fe kay\u0131tl\u0131 ta\u015f\u0131tlar\u0131n y\u00fczde 51,9&#8217;unu otomobil, y\u00fczde 20,0&#8217;\u0131n\u0131 motosiklet, y\u00fczde 15,0&#8217;\u0131n\u0131 kamyonet, y\u00fczde 7,2&#8217;sini trakt\u00f6r, &hellip;","og_url":"https:\/\/denizcankizil.tr\/uk\/haberler\/gundem\/motorlu-kara-tasitlarinda-dusus\/","og_site_name":"Av. Deniz Can K\u0131z\u0131l","article_published_time":"2025-03-18T09:42:23+00:00","author":"admin","twitter_card":"summary_large_image","twitter_misc":{"\u041d\u0430\u043f\u0438\u0441\u0430\u043d\u043e":"admin","\u041f\u0440\u0438\u0431\u043b. \u0447\u0430\u0441 \u0447\u0438\u0442\u0430\u043d\u043d\u044f":"5 \u0445\u0432\u0438\u043b\u0438\u043d"},"schema":{"@context":"https:\/\/schema.org","@graph":[{"@type":"Article","@id":"https:\/\/denizcankizil.tr\/ru\/haberler\/gundem\/motorlu-kara-tasitlarinda-dusus\/#article","isPartOf":{"@id":"https:\/\/denizcankizil.tr\/ru\/haberler\/gundem\/motorlu-kara-tasitlarinda-dusus\/"},"author":{"name":"admin","@id":"https:\/\/denizcankizil.tr\/de\/#\/schema\/person\/be3c05fe6a12686905512445d8185489"},"headline":"Motorlu kara ta\u015f\u0131tlar\u0131nda d\u00fc\u015f\u00fc\u015f!","datePublished":"2025-03-18T09:42:23+00:00","mainEntityOfPage":{"@id":"https:\/\/denizcankizil.tr\/ru\/haberler\/gundem\/motorlu-kara-tasitlarinda-dusus\/"},"wordCount":924,"publisher":{"@id":"https:\/\/denizcankizil.tr\/de\/#organization"},"articleSection":["G\u00fcndem"],"inLanguage":"uk"},{"@type":"WebPage","@id":"https:\/\/denizcankizil.tr\/ru\/haberler\/gundem\/motorlu-kara-tasitlarinda-dusus\/","url":"https:\/\/denizcankizil.tr\/ru\/haberler\/gundem\/motorlu-kara-tasitlarinda-dusus\/","name":"Motorlu kara ta\u015f\u0131tlar\u0131nda d\u00fc\u015f\u00fc\u015f! - Av. Deniz Can K\u0131z\u0131l","isPartOf":{"@id":"https:\/\/denizcankizil.tr\/de\/#website"},"datePublished":"2025-03-18T09:42:23+00:00","breadcrumb":{"@id":"https:\/\/denizcankizil.tr\/ru\/haberler\/gundem\/motorlu-kara-tasitlarinda-dusus\/#breadcrumb"},"inLanguage":"uk","potentialAction":[{"@type":"ReadAction","target":["https:\/\/denizcankizil.tr\/ru\/haberler\/gundem\/motorlu-kara-tasitlarinda-dusus\/"]}]},{"@type":"BreadcrumbList","@id":"https:\/\/denizcankizil.tr\/ru\/haberler\/gundem\/motorlu-kara-tasitlarinda-dusus\/#breadcrumb","itemListElement":[{"@type":"ListItem","position":1,"name":"Home","item":"https:\/\/denizcankizil.tr\/de\/"},{"@type":"ListItem","position":2,"name":"Motorlu kara ta\u015f\u0131tlar\u0131nda d\u00fc\u015f\u00fc\u015f!"}]},{"@type":"WebSite","@id":"https:\/\/denizcankizil.tr\/de\/#website","url":"https:\/\/denizcankizil.tr\/de\/","name":"Av. Deniz Can K\u0131z\u0131l","description":"Avukat Deniz Can K\u0131z\u0131l Antalya Barosu","publisher":{"@id":"https:\/\/denizcankizil.tr\/de\/#organization"},"potentialAction":[{"@type":"SearchAction","target":{"@type":"EntryPoint","urlTemplate":"https:\/\/denizcankizil.tr\/de\/?s={search_term_string}"},"query-input":{"@type":"PropertyValueSpecification","valueRequired":true,"valueName":"search_term_string"}}],"inLanguage":"uk"},{"@type":"Organization","@id":"https:\/\/denizcankizil.tr\/de\/#organization","name":"Av. Deniz Can K\u0131z\u0131l","url":"https:\/\/denizcankizil.tr\/de\/","logo":{"@type":"ImageObject","inLanguage":"uk","@id":"https:\/\/denizcankizil.tr\/de\/#\/schema\/logo\/image\/","url":"https:\/\/denizcankizil.tr\/wp-content\/uploads\/2024\/10\/siyah-logo-svg.svg","contentUrl":"https:\/\/denizcankizil.tr\/wp-content\/uploads\/2024\/10\/siyah-logo-svg.svg","width":1080,"height":1080,"caption":"Av. Deniz Can K\u0131z\u0131l"},"image":{"@id":"https:\/\/denizcankizil.tr\/de\/#\/schema\/logo\/image\/"}},{"@type":"Person","@id":"https:\/\/denizcankizil.tr\/de\/#\/schema\/person\/be3c05fe6a12686905512445d8185489","name":"\u0430\u0434\u043c\u0456\u043d","image":{"@type":"ImageObject","inLanguage":"uk","@id":"https:\/\/denizcankizil.tr\/de\/#\/schema\/person\/image\/","url":"https:\/\/secure.gravatar.com\/avatar\/c1fce94c830dc79107e174f890d7210541c4a63e8e5d816341794a2151c9d58c?s=96&d=mm&r=g","contentUrl":"https:\/\/secure.gravatar.com\/avatar\/c1fce94c830dc79107e174f890d7210541c4a63e8e5d816341794a2151c9d58c?s=96&d=mm&r=g","caption":"admin"},"sameAs":["http:\/\/denizcankizil.tr"],"url":"https:\/\/www.iskenderun.org\/motorlu-kara-tasitlarinda-dusus-subatta-trafige-137-bin-arac-daha-eklendi"}]}},"_links":{"self":[{"href":"https:\/\/denizcankizil.tr\/uk\/wp-json\/wp\/v2\/posts\/36163","targetHints":{"allow":["GET"]}}],"collection":[{"href":"https:\/\/denizcankizil.tr\/uk\/wp-json\/wp\/v2\/posts"}],"about":[{"href":"https:\/\/denizcankizil.tr\/uk\/wp-json\/wp\/v2\/types\/post"}],"author":[{"embeddable":true,"href":"https:\/\/denizcankizil.tr\/uk\/wp-json\/wp\/v2\/users\/1"}],"replies":[{"embeddable":true,"href":"https:\/\/denizcankizil.tr\/uk\/wp-json\/wp\/v2\/comments?post=36163"}],"version-history":[{"count":0,"href":"https:\/\/denizcankizil.tr\/uk\/wp-json\/wp\/v2\/posts\/36163\/revisions"}],"wp:attachment":[{"href":"https:\/\/denizcankizil.tr\/uk\/wp-json\/wp\/v2\/media?parent=36163"}],"wp:term":[{"taxonomy":"category","embeddable":true,"href":"https:\/\/denizcankizil.tr\/uk\/wp-json\/wp\/v2\/categories?post=36163"},{"taxonomy":"post_tag","embeddable":true,"href":"https:\/\/denizcankizil.tr\/uk\/wp-json\/wp\/v2\/tags?post=36163"}],"curies":[{"name":"wp","href":"https:\/\/api.w.org\/{rel}","templated":true}]}}