{"id":35704,"date":"2025-03-14T17:41:20","date_gmt":"2025-03-14T14:41:20","guid":{"rendered":"https:\/\/denizcankizil.tr\/uncategorized-tr\/antalyanin-o-yolunda-transit-gecis-uygulamasi-yasaklandi\/"},"modified":"2025-03-16T00:42:12","modified_gmt":"2025-03-15T21:42:12","slug":"antalyanin-o-yolunda-transit-gecis-uygulamasi-yasaklandi","status":"publish","type":"post","link":"https:\/\/denizcankizil.tr\/uk\/haberler\/gundem\/antalyanin-o-yolunda-transit-gecis-uygulamasi-yasaklandi\/","title":{"rendered":"Antalya\u2019n\u0131n o yolunda transit ge\u00e7i\u015f uygulamas\u0131 yasakland\u0131"},"content":{"rendered":"<p>Antalya B\u00fcy\u00fck\u015fehir Belediyesi taraf\u0131ndan y\u00f6netilen Sahil Ya\u015fam Park\u0131 otopark alan\u0131 i\u00e7in UKOME yeni karar ald\u0131. Karar kapsam\u0131nda transit ge\u00e7i\u015f uygulamas\u0131 ve 0-1 saat \u00fccretsiz otopark uygulamas\u0131 kald\u0131r\u0131lacak. \u00a0<\/p>\n<p>\u00dcCRETS\u0130Z OTOPARK UYGULAMASI KALDIRILDI\u00a0<\/p>\n<p>Karar\u0131 sosyal medya hesab\u0131ndan duyuran B\u00fcy\u00fck\u015fehir \u015fu ifadelere yer verdi: &#8220;UKOME karar\u0131yla 24 Mart 2025 itibar\u0131yla Sahil Ya\u015fam Park\u0131 Transit Ge\u00e7i\u015fi ve 0-1 saat \u00fccretsiz otopark uygulamas\u0131 kald\u0131r\u0131lacakt\u0131r. Vatanda\u015flar\u0131m\u0131z\u0131n trafik d\u00fczenlemelerine uymas\u0131n\u0131 ve alternatif g\u00fczergahlar\u0131 de\u011ferlendirmesini rica ederiz.\u201d<\/p>\n<p>24 MART TAR\u0130H\u0130NDEN SONRA GE\u00c7ERL\u0130 OLACAK\u00a0<\/p>\n<p>Trafik yo\u011funlu\u011funu azaltmak i\u00e7in bu karar\u0131 ald\u0131klar\u0131n\u0131 a\u00e7\u0131klayan B\u00fcy\u00fck\u015fehir, \u201cUKOME\u2019nin 2025\/02-168 say\u0131l\u0131 karar do\u011frultusunda, b\u00f6lgede artan trafik yo\u011funlu\u011funu azaltmak amac\u0131yla 24.03.2025 tarihinden itibaren Sahil Ya\u015fam Park\u0131 Transit Ge\u00e7i\u015f Uygulamas\u0131 kald\u0131r\u0131lacakt\u0131r. Ayr\u0131ca, 0-1 saat \u00fccretsiz otopark uygulamas\u0131 sona erdirilecektir. Vatanda\u015flar\u0131m\u0131z\u0131n trafik d\u00fczenlemelerine uyum sa\u011flamalar\u0131n\u0131 ve alternatif g\u00fczergahlar\u0131 de\u011ferlendirilmelerini rica ederiz.\u201d a\u00e7\u0131klamas\u0131nda bulundu.\u00a0<\/p>\n<p>VATANDA\u015e KARARA TEPK\u0130L\u0130<\/p>\n<p>B\u00fcy\u00fck\u015fehir\u2019in payla\u015f\u0131m\u0131n\u0131n alt\u0131na yorum yazan vatanda\u015f ise tepkisini \u015fu ifadelerle dile getirdi: \u201cBirisini b\u0131rakmaya girdi\u011fimizde girdi \u00e7\u0131kt\u0131 \u00fccreti alaca\u011f\u0131z diyorsunuz. Asans\u00f6rleri de \u00fccretli hale getirin. Trafi\u011fi hafifletmek i\u00e7in a\u00e7t\u0131\u011f\u0131n\u0131z \u00fcniversite caddesini de bu y\u00fczden kapatm\u0131\u015ft\u0131n\u0131z. Antalya UKOME kadar ne yapt\u0131\u011f\u0131n\u0131 bilmeyen bir kurum g\u00f6rmedim.\u201d<\/p>\n<p>S\u0130ZCE PROBLEM TRANS\u0130T GE\u00c7\u0130\u015eTE M\u0130?<\/p>\n<p>Bir di\u011fer vatanda\u015f ise \u015fu s\u00f6zleri kulland\u0131: \u201cSizce problem transit ge\u00e7i\u015fte mi? Trafik kitleniyor \u00f6deme gi\u015felerini kald\u0131rman\u0131z plaka tan\u0131ma sistemine ge\u00e7meniz gerekiyor. Adamlar gi\u015fede bekledikleri i\u00e7in yo\u011funluk oluyor, kitleniyor bu karar\u0131 kim ald\u0131ysa tebrik ediyorum. \u00dcst\u00fcn zeka \u00fcr\u00fcn\u00fc helal olsun.\u201d<br \/>\n\u00a0<\/p>\n<p>\u200bAntalya B\u00fcy\u00fck\u015fehir Belediyesi, Sahil Ya\u015fam Park\u0131 Transit Ge\u00e7i\u015f Uygulamas\u0131 ve 0-1 saat \u00fccretsiz otopark uygulamas\u0131n\u0131 kald\u0131raca\u011f\u0131n\u0131 duyurdu.\u00a0<\/p>\n<p>\u200bHaberin Al\u0131nt\u0131land\u0131\u011f\u0131 Kaynak: www.antalyakorfez.com<\/p>","protected":false},"excerpt":{"rendered":"<p>Antalya B\u00fcy\u00fck\u015fehir Belediyesi taraf\u0131ndan y\u00f6netilen Sahil Ya\u015fam Park\u0131 otopark alan\u0131 i\u00e7in UKOME yeni karar ald\u0131. Karar kapsam\u0131nda transit ge\u00e7i\u015f uygulamas\u0131 ve 0-1 saat \u00fccretsiz otopark uygulamas\u0131 kald\u0131r\u0131lacak. \u00a0 \u00dcCRETS\u0130Z OTOPARK UYGULAMASI KALDIRILDI\u00a0 Karar\u0131 sosyal medya hesab\u0131ndan duyuran B\u00fcy\u00fck\u015fehir \u015fu ifadelere yer verdi: &#8220;UKOME karar\u0131yla 24 Mart 2025 itibar\u0131yla Sahil Ya\u015fam Park\u0131 Transit Ge\u00e7i\u015fi ve 0-1 saat \u00fccretsiz otopark uygulamas\u0131 kald\u0131r\u0131lacakt\u0131r. Vatanda\u015flar\u0131m\u0131z\u0131n trafik d\u00fczenlemelerine uymas\u0131n\u0131 ve alternatif g\u00fczergahlar\u0131 de\u011ferlendirmesini rica ederiz.\u201d 24 MART TAR\u0130H\u0130NDEN SONRA GE\u00c7ERL\u0130 OLACAK\u00a0 Trafik yo\u011funlu\u011funu azaltmak i\u00e7in bu karar\u0131 ald\u0131klar\u0131n\u0131 a\u00e7\u0131klayan B\u00fcy\u00fck\u015fehir, \u201cUKOME\u2019nin 2025\/02-168 say\u0131l\u0131 karar do\u011frultusunda, b\u00f6lgede artan trafik yo\u011funlu\u011funu azaltmak amac\u0131yla 24.03.2025 tarihinden itibaren Sahil Ya\u015fam Park\u0131 Transit Ge\u00e7i\u015f Uygulamas\u0131 kald\u0131r\u0131lacakt\u0131r. Ayr\u0131ca, 0-1 saat \u00fccretsiz otopark uygulamas\u0131 sona erdirilecektir. Vatanda\u015flar\u0131m\u0131z\u0131n trafik d\u00fczenlemelerine uyum sa\u011flamalar\u0131n\u0131 ve alternatif g\u00fczergahlar\u0131 de\u011ferlendirilmelerini rica ederiz.\u201d a\u00e7\u0131klamas\u0131nda bulundu.\u00a0 VATANDA\u015e KARARA TEPK\u0130L\u0130 B\u00fcy\u00fck\u015fehir\u2019in payla\u015f\u0131m\u0131n\u0131n alt\u0131na yorum yazan vatanda\u015f ise tepkisini \u015fu ifadelerle dile getirdi: \u201cBirisini b\u0131rakmaya girdi\u011fimizde girdi \u00e7\u0131kt\u0131 \u00fccreti alaca\u011f\u0131z diyorsunuz. Asans\u00f6rleri de \u00fccretli hale getirin. Trafi\u011fi hafifletmek i\u00e7in a\u00e7t\u0131\u011f\u0131n\u0131z \u00fcniversite caddesini de bu y\u00fczden kapatm\u0131\u015ft\u0131n\u0131z. Antalya UKOME kadar ne yapt\u0131\u011f\u0131n\u0131 bilmeyen bir kurum g\u00f6rmedim.\u201d S\u0130ZCE PROBLEM TRANS\u0130T GE\u00c7\u0130\u015eTE M\u0130? Bir di\u011fer vatanda\u015f ise \u015fu s\u00f6zleri kulland\u0131: \u201cSizce problem transit ge\u00e7i\u015fte mi? Trafik kitleniyor \u00f6deme gi\u015felerini kald\u0131rman\u0131z plaka tan\u0131ma sistemine ge\u00e7meniz &hellip;<\/p>","protected":false},"author":5,"featured_media":0,"comment_status":"closed","ping_status":"open","sticky":false,"template":"","format":"standard","meta":{"_acf_changed":false,"footnotes":""},"categories":[24],"tags":[],"class_list":["post-35704","post","type-post","status-publish","format-standard","has-post-thumbnail","hentry","category-gundem"],"acf":[],"yoast_head":"<!-- This site is optimized with the Yoast SEO Premium plugin v26.6 (Yoast SEO v27.1.1) - https:\/\/yoast.com\/product\/yoast-seo-premium-wordpress\/ -->\n<title>Antalya\u2019n\u0131n o yolunda transit ge\u00e7i\u015f uygulamas\u0131 yasakland\u0131 - Av. Deniz Can K\u0131z\u0131l<\/title>\n<meta name=\"robots\" content=\"index, follow, max-snippet:-1, max-image-preview:large, max-video-preview:-1\" \/>\n<link rel=\"canonical\" href=\"https:\/\/denizcankizil.tr\/uk\/haberler\/gundem\/antalyanin-o-yolunda-transit-gecis-uygulamasi-yasaklandi\/\" \/>\n<meta property=\"og:locale\" content=\"uk_UA\" \/>\n<meta property=\"og:type\" content=\"article\" \/>\n<meta property=\"og:title\" content=\"Antalya\u2019n\u0131n o yolunda transit ge\u00e7i\u015f uygulamas\u0131 yasakland\u0131\" \/>\n<meta property=\"og:description\" content=\"Antalya B\u00fcy\u00fck\u015fehir Belediyesi taraf\u0131ndan y\u00f6netilen Sahil Ya\u015fam Park\u0131 otopark alan\u0131 i\u00e7in UKOME yeni karar ald\u0131. Karar kapsam\u0131nda transit ge\u00e7i\u015f uygulamas\u0131 ve 0-1 saat \u00fccretsiz otopark uygulamas\u0131 kald\u0131r\u0131lacak. \u00a0 \u00dcCRETS\u0130Z OTOPARK UYGULAMASI KALDIRILDI\u00a0 Karar\u0131 sosyal medya hesab\u0131ndan duyuran B\u00fcy\u00fck\u015fehir \u015fu ifadelere yer verdi: &#8220;UKOME karar\u0131yla 24 Mart 2025 itibar\u0131yla Sahil Ya\u015fam Park\u0131 Transit Ge\u00e7i\u015fi ve 0-1 saat \u00fccretsiz otopark uygulamas\u0131 kald\u0131r\u0131lacakt\u0131r. Vatanda\u015flar\u0131m\u0131z\u0131n trafik d\u00fczenlemelerine uymas\u0131n\u0131 ve alternatif g\u00fczergahlar\u0131 de\u011ferlendirmesini rica ederiz.\u201d 24 MART TAR\u0130H\u0130NDEN SONRA GE\u00c7ERL\u0130 OLACAK\u00a0 Trafik yo\u011funlu\u011funu azaltmak i\u00e7in bu karar\u0131 ald\u0131klar\u0131n\u0131 a\u00e7\u0131klayan B\u00fcy\u00fck\u015fehir, \u201cUKOME\u2019nin 2025\/02-168 say\u0131l\u0131 karar do\u011frultusunda, b\u00f6lgede artan trafik yo\u011funlu\u011funu azaltmak amac\u0131yla 24.03.2025 tarihinden itibaren Sahil Ya\u015fam Park\u0131 Transit Ge\u00e7i\u015f Uygulamas\u0131 kald\u0131r\u0131lacakt\u0131r. Ayr\u0131ca, 0-1 saat \u00fccretsiz otopark uygulamas\u0131 sona erdirilecektir. Vatanda\u015flar\u0131m\u0131z\u0131n trafik d\u00fczenlemelerine uyum sa\u011flamalar\u0131n\u0131 ve alternatif g\u00fczergahlar\u0131 de\u011ferlendirilmelerini rica ederiz.\u201d a\u00e7\u0131klamas\u0131nda bulundu.\u00a0 VATANDA\u015e KARARA TEPK\u0130L\u0130 B\u00fcy\u00fck\u015fehir\u2019in payla\u015f\u0131m\u0131n\u0131n alt\u0131na yorum yazan vatanda\u015f ise tepkisini \u015fu ifadelerle dile getirdi: \u201cBirisini b\u0131rakmaya girdi\u011fimizde girdi \u00e7\u0131kt\u0131 \u00fccreti alaca\u011f\u0131z diyorsunuz. Asans\u00f6rleri de \u00fccretli hale getirin. Trafi\u011fi hafifletmek i\u00e7in a\u00e7t\u0131\u011f\u0131n\u0131z \u00fcniversite caddesini de bu y\u00fczden kapatm\u0131\u015ft\u0131n\u0131z. Antalya UKOME kadar ne yapt\u0131\u011f\u0131n\u0131 bilmeyen bir kurum g\u00f6rmedim.\u201d S\u0130ZCE PROBLEM TRANS\u0130T GE\u00c7\u0130\u015eTE M\u0130? Bir di\u011fer vatanda\u015f ise \u015fu s\u00f6zleri kulland\u0131: \u201cSizce problem transit ge\u00e7i\u015fte mi? Trafik kitleniyor \u00f6deme gi\u015felerini kald\u0131rman\u0131z plaka tan\u0131ma sistemine ge\u00e7meniz &hellip;\" \/>\n<meta property=\"og:url\" content=\"https:\/\/denizcankizil.tr\/uk\/haberler\/gundem\/antalyanin-o-yolunda-transit-gecis-uygulamasi-yasaklandi\/\" \/>\n<meta property=\"og:site_name\" content=\"Av. Deniz Can K\u0131z\u0131l\" \/>\n<meta property=\"article:published_time\" content=\"2025-03-14T14:41:20+00:00\" \/>\n<meta property=\"article:modified_time\" content=\"2025-03-15T21:42:12+00:00\" \/>\n<meta name=\"author\" content=\"Antalya K\u00f6rfez\" \/>\n<meta name=\"twitter:card\" content=\"summary_large_image\" \/>\n<meta name=\"twitter:label1\" content=\"\u041d\u0430\u043f\u0438\u0441\u0430\u043d\u043e\" \/>\n\t<meta name=\"twitter:data1\" content=\"Antalya K\u00f6rfez\" \/>\n\t<meta name=\"twitter:label2\" content=\"\u041f\u0440\u0438\u0431\u043b. \u0447\u0430\u0441 \u0447\u0438\u0442\u0430\u043d\u043d\u044f\" \/>\n\t<meta name=\"twitter:data2\" content=\"2 \u0445\u0432\u0438\u043b\u0438\u043d\u0438\" \/>\n<script type=\"application\/ld+json\" class=\"yoast-schema-graph\">{\"@context\":\"https:\/\/schema.org\",\"@graph\":[{\"@type\":\"Article\",\"@id\":\"https:\/\/denizcankizil.tr\/uk\/haberler\/gundem\/antalyanin-o-yolunda-transit-gecis-uygulamasi-yasaklandi\/#article\",\"isPartOf\":{\"@id\":\"https:\/\/denizcankizil.tr\/uk\/haberler\/gundem\/antalyanin-o-yolunda-transit-gecis-uygulamasi-yasaklandi\/\"},\"author\":{\"name\":\"Antalya K\u00f6rfez\",\"@id\":\"https:\/\/denizcankizil.tr\/#\/schema\/person\/e1eb71bb4dd684d46563f0af307e1234\"},\"headline\":\"Antalya\u2019n\u0131n o yolunda transit ge\u00e7i\u015f uygulamas\u0131 yasakland\u0131\",\"datePublished\":\"2025-03-14T14:41:20+00:00\",\"dateModified\":\"2025-03-15T21:42:12+00:00\",\"mainEntityOfPage\":{\"@id\":\"https:\/\/denizcankizil.tr\/uk\/haberler\/gundem\/antalyanin-o-yolunda-transit-gecis-uygulamasi-yasaklandi\/\"},\"wordCount\":367,\"publisher\":{\"@id\":\"https:\/\/denizcankizil.tr\/#organization\"},\"articleSection\":[\"G\u00fcndem\"],\"inLanguage\":\"uk\"},{\"@type\":\"WebPage\",\"@id\":\"https:\/\/denizcankizil.tr\/uk\/haberler\/gundem\/antalyanin-o-yolunda-transit-gecis-uygulamasi-yasaklandi\/\",\"url\":\"https:\/\/denizcankizil.tr\/uk\/haberler\/gundem\/antalyanin-o-yolunda-transit-gecis-uygulamasi-yasaklandi\/\",\"name\":\"Antalya\u2019n\u0131n o yolunda transit ge\u00e7i\u015f uygulamas\u0131 yasakland\u0131 - Av. Deniz Can K\u0131z\u0131l\",\"isPartOf\":{\"@id\":\"https:\/\/denizcankizil.tr\/#website\"},\"datePublished\":\"2025-03-14T14:41:20+00:00\",\"dateModified\":\"2025-03-15T21:42:12+00:00\",\"breadcrumb\":{\"@id\":\"https:\/\/denizcankizil.tr\/uk\/haberler\/gundem\/antalyanin-o-yolunda-transit-gecis-uygulamasi-yasaklandi\/#breadcrumb\"},\"inLanguage\":\"uk\",\"potentialAction\":[{\"@type\":\"ReadAction\",\"target\":[\"https:\/\/denizcankizil.tr\/uk\/haberler\/gundem\/antalyanin-o-yolunda-transit-gecis-uygulamasi-yasaklandi\/\"]}]},{\"@type\":\"BreadcrumbList\",\"@id\":\"https:\/\/denizcankizil.tr\/uk\/haberler\/gundem\/antalyanin-o-yolunda-transit-gecis-uygulamasi-yasaklandi\/#breadcrumb\",\"itemListElement\":[{\"@type\":\"ListItem\",\"position\":1,\"name\":\"Home\",\"item\":\"https:\/\/denizcankizil.tr\/de\/\"},{\"@type\":\"ListItem\",\"position\":2,\"name\":\"Antalya\u2019n\u0131n o yolunda transit ge\u00e7i\u015f uygulamas\u0131 yasakland\u0131\"}]},{\"@type\":\"WebSite\",\"@id\":\"https:\/\/denizcankizil.tr\/#website\",\"url\":\"https:\/\/denizcankizil.tr\/\",\"name\":\"Av. Deniz Can K\u0131z\u0131l\",\"description\":\"Avukat Deniz Can K\u0131z\u0131l Antalya Barosu\",\"publisher\":{\"@id\":\"https:\/\/denizcankizil.tr\/#organization\"},\"potentialAction\":[{\"@type\":\"SearchAction\",\"target\":{\"@type\":\"EntryPoint\",\"urlTemplate\":\"https:\/\/denizcankizil.tr\/?s={search_term_string}\"},\"query-input\":{\"@type\":\"PropertyValueSpecification\",\"valueRequired\":true,\"valueName\":\"search_term_string\"}}],\"inLanguage\":\"uk\"},{\"@type\":\"Organization\",\"@id\":\"https:\/\/denizcankizil.tr\/#organization\",\"name\":\"Av. Deniz Can K\u0131z\u0131l\",\"url\":\"https:\/\/denizcankizil.tr\/\",\"logo\":{\"@type\":\"ImageObject\",\"inLanguage\":\"uk\",\"@id\":\"https:\/\/denizcankizil.tr\/#\/schema\/logo\/image\/\",\"url\":\"https:\/\/denizcankizil.tr\/wp-content\/uploads\/2024\/10\/siyah-logo-svg.svg\",\"contentUrl\":\"https:\/\/denizcankizil.tr\/wp-content\/uploads\/2024\/10\/siyah-logo-svg.svg\",\"width\":1080,\"height\":1080,\"caption\":\"Av. Deniz Can K\u0131z\u0131l\"},\"image\":{\"@id\":\"https:\/\/denizcankizil.tr\/#\/schema\/logo\/image\/\"}},{\"@type\":\"Person\",\"@id\":\"https:\/\/denizcankizil.tr\/#\/schema\/person\/e1eb71bb4dd684d46563f0af307e1234\",\"name\":\"Antalya K\u00f6rfez\",\"image\":{\"@type\":\"ImageObject\",\"inLanguage\":\"uk\",\"@id\":\"https:\/\/denizcankizil.tr\/#\/schema\/person\/image\/\",\"url\":\"https:\/\/secure.gravatar.com\/avatar\/42b01982558a48a0b501fdcab6a408d3717ea5919095ee2e67b0e521799c5905?s=96&d=mm&r=g\",\"contentUrl\":\"https:\/\/secure.gravatar.com\/avatar\/42b01982558a48a0b501fdcab6a408d3717ea5919095ee2e67b0e521799c5905?s=96&d=mm&r=g\",\"caption\":\"Antalya K\u00f6rfez\"},\"sameAs\":[\"http:\/\/www.antalyakorfez.com\"],\"url\":\"https:\/\/www.antalyakorfez.com\/antalyanin-o-yolunda-transit-gecis-uygulamasi-yasaklandi\"}]}<\/script>\n<!-- \/ Yoast SEO Premium plugin. -->","yoast_head_json":{"title":"Antalya\u2019n\u0131n o yolunda transit ge\u00e7i\u015f uygulamas\u0131 yasakland\u0131 - Av. Deniz Can K\u0131z\u0131l","robots":{"index":"index","follow":"follow","max-snippet":"max-snippet:-1","max-image-preview":"max-image-preview:large","max-video-preview":"max-video-preview:-1"},"canonical":"https:\/\/denizcankizil.tr\/uk\/haberler\/gundem\/antalyanin-o-yolunda-transit-gecis-uygulamasi-yasaklandi\/","og_locale":"uk_UA","og_type":"article","og_title":"Antalya\u2019n\u0131n o yolunda transit ge\u00e7i\u015f uygulamas\u0131 yasakland\u0131","og_description":"Antalya B\u00fcy\u00fck\u015fehir Belediyesi taraf\u0131ndan y\u00f6netilen Sahil Ya\u015fam Park\u0131 otopark alan\u0131 i\u00e7in UKOME yeni karar ald\u0131. Karar kapsam\u0131nda transit ge\u00e7i\u015f uygulamas\u0131 ve 0-1 saat \u00fccretsiz otopark uygulamas\u0131 kald\u0131r\u0131lacak. \u00a0 \u00dcCRETS\u0130Z OTOPARK UYGULAMASI KALDIRILDI\u00a0 Karar\u0131 sosyal medya hesab\u0131ndan duyuran B\u00fcy\u00fck\u015fehir \u015fu ifadelere yer verdi: &#8220;UKOME karar\u0131yla 24 Mart 2025 itibar\u0131yla Sahil Ya\u015fam Park\u0131 Transit Ge\u00e7i\u015fi ve 0-1 saat \u00fccretsiz otopark uygulamas\u0131 kald\u0131r\u0131lacakt\u0131r. Vatanda\u015flar\u0131m\u0131z\u0131n trafik d\u00fczenlemelerine uymas\u0131n\u0131 ve alternatif g\u00fczergahlar\u0131 de\u011ferlendirmesini rica ederiz.\u201d 24 MART TAR\u0130H\u0130NDEN SONRA GE\u00c7ERL\u0130 OLACAK\u00a0 Trafik yo\u011funlu\u011funu azaltmak i\u00e7in bu karar\u0131 ald\u0131klar\u0131n\u0131 a\u00e7\u0131klayan B\u00fcy\u00fck\u015fehir, \u201cUKOME\u2019nin 2025\/02-168 say\u0131l\u0131 karar do\u011frultusunda, b\u00f6lgede artan trafik yo\u011funlu\u011funu azaltmak amac\u0131yla 24.03.2025 tarihinden itibaren Sahil Ya\u015fam Park\u0131 Transit Ge\u00e7i\u015f Uygulamas\u0131 kald\u0131r\u0131lacakt\u0131r. Ayr\u0131ca, 0-1 saat \u00fccretsiz otopark uygulamas\u0131 sona erdirilecektir. Vatanda\u015flar\u0131m\u0131z\u0131n trafik d\u00fczenlemelerine uyum sa\u011flamalar\u0131n\u0131 ve alternatif g\u00fczergahlar\u0131 de\u011ferlendirilmelerini rica ederiz.\u201d a\u00e7\u0131klamas\u0131nda bulundu.\u00a0 VATANDA\u015e KARARA TEPK\u0130L\u0130 B\u00fcy\u00fck\u015fehir\u2019in payla\u015f\u0131m\u0131n\u0131n alt\u0131na yorum yazan vatanda\u015f ise tepkisini \u015fu ifadelerle dile getirdi: \u201cBirisini b\u0131rakmaya girdi\u011fimizde girdi \u00e7\u0131kt\u0131 \u00fccreti alaca\u011f\u0131z diyorsunuz. Asans\u00f6rleri de \u00fccretli hale getirin. Trafi\u011fi hafifletmek i\u00e7in a\u00e7t\u0131\u011f\u0131n\u0131z \u00fcniversite caddesini de bu y\u00fczden kapatm\u0131\u015ft\u0131n\u0131z. Antalya UKOME kadar ne yapt\u0131\u011f\u0131n\u0131 bilmeyen bir kurum g\u00f6rmedim.\u201d S\u0130ZCE PROBLEM TRANS\u0130T GE\u00c7\u0130\u015eTE M\u0130? Bir di\u011fer vatanda\u015f ise \u015fu s\u00f6zleri kulland\u0131: \u201cSizce problem transit ge\u00e7i\u015fte mi? Trafik kitleniyor \u00f6deme gi\u015felerini kald\u0131rman\u0131z plaka tan\u0131ma sistemine ge\u00e7meniz &hellip;","og_url":"https:\/\/denizcankizil.tr\/uk\/haberler\/gundem\/antalyanin-o-yolunda-transit-gecis-uygulamasi-yasaklandi\/","og_site_name":"Av. Deniz Can K\u0131z\u0131l","article_published_time":"2025-03-14T14:41:20+00:00","article_modified_time":"2025-03-15T21:42:12+00:00","author":"Antalya K\u00f6rfez","twitter_card":"summary_large_image","twitter_misc":{"\u041d\u0430\u043f\u0438\u0441\u0430\u043d\u043e":"Antalya K\u00f6rfez","\u041f\u0440\u0438\u0431\u043b. \u0447\u0430\u0441 \u0447\u0438\u0442\u0430\u043d\u043d\u044f":"2 \u0445\u0432\u0438\u043b\u0438\u043d\u0438"},"schema":{"@context":"https:\/\/schema.org","@graph":[{"@type":"Article","@id":"https:\/\/denizcankizil.tr\/uk\/haberler\/gundem\/antalyanin-o-yolunda-transit-gecis-uygulamasi-yasaklandi\/#article","isPartOf":{"@id":"https:\/\/denizcankizil.tr\/uk\/haberler\/gundem\/antalyanin-o-yolunda-transit-gecis-uygulamasi-yasaklandi\/"},"author":{"name":"Antalya K\u00f6rfez","@id":"https:\/\/denizcankizil.tr\/#\/schema\/person\/e1eb71bb4dd684d46563f0af307e1234"},"headline":"Antalya\u2019n\u0131n o yolunda transit ge\u00e7i\u015f uygulamas\u0131 yasakland\u0131","datePublished":"2025-03-14T14:41:20+00:00","dateModified":"2025-03-15T21:42:12+00:00","mainEntityOfPage":{"@id":"https:\/\/denizcankizil.tr\/uk\/haberler\/gundem\/antalyanin-o-yolunda-transit-gecis-uygulamasi-yasaklandi\/"},"wordCount":367,"publisher":{"@id":"https:\/\/denizcankizil.tr\/#organization"},"articleSection":["G\u00fcndem"],"inLanguage":"uk"},{"@type":"WebPage","@id":"https:\/\/denizcankizil.tr\/uk\/haberler\/gundem\/antalyanin-o-yolunda-transit-gecis-uygulamasi-yasaklandi\/","url":"https:\/\/denizcankizil.tr\/uk\/haberler\/gundem\/antalyanin-o-yolunda-transit-gecis-uygulamasi-yasaklandi\/","name":"Antalya\u2019n\u0131n o yolunda transit ge\u00e7i\u015f uygulamas\u0131 yasakland\u0131 - Av. Deniz Can K\u0131z\u0131l","isPartOf":{"@id":"https:\/\/denizcankizil.tr\/#website"},"datePublished":"2025-03-14T14:41:20+00:00","dateModified":"2025-03-15T21:42:12+00:00","breadcrumb":{"@id":"https:\/\/denizcankizil.tr\/uk\/haberler\/gundem\/antalyanin-o-yolunda-transit-gecis-uygulamasi-yasaklandi\/#breadcrumb"},"inLanguage":"uk","potentialAction":[{"@type":"ReadAction","target":["https:\/\/denizcankizil.tr\/uk\/haberler\/gundem\/antalyanin-o-yolunda-transit-gecis-uygulamasi-yasaklandi\/"]}]},{"@type":"BreadcrumbList","@id":"https:\/\/denizcankizil.tr\/uk\/haberler\/gundem\/antalyanin-o-yolunda-transit-gecis-uygulamasi-yasaklandi\/#breadcrumb","itemListElement":[{"@type":"ListItem","position":1,"name":"Home","item":"https:\/\/denizcankizil.tr\/de\/"},{"@type":"ListItem","position":2,"name":"Antalya\u2019n\u0131n o yolunda transit ge\u00e7i\u015f uygulamas\u0131 yasakland\u0131"}]},{"@type":"WebSite","@id":"https:\/\/denizcankizil.tr\/#website","url":"https:\/\/denizcankizil.tr\/","name":"Av. Deniz Can K\u0131z\u0131l","description":"Avukat Deniz Can K\u0131z\u0131l Antalya Barosu","publisher":{"@id":"https:\/\/denizcankizil.tr\/#organization"},"potentialAction":[{"@type":"SearchAction","target":{"@type":"EntryPoint","urlTemplate":"https:\/\/denizcankizil.tr\/?s={search_term_string}"},"query-input":{"@type":"PropertyValueSpecification","valueRequired":true,"valueName":"search_term_string"}}],"inLanguage":"uk"},{"@type":"Organization","@id":"https:\/\/denizcankizil.tr\/#organization","name":"Av. Deniz Can K\u0131z\u0131l","url":"https:\/\/denizcankizil.tr\/","logo":{"@type":"ImageObject","inLanguage":"uk","@id":"https:\/\/denizcankizil.tr\/#\/schema\/logo\/image\/","url":"https:\/\/denizcankizil.tr\/wp-content\/uploads\/2024\/10\/siyah-logo-svg.svg","contentUrl":"https:\/\/denizcankizil.tr\/wp-content\/uploads\/2024\/10\/siyah-logo-svg.svg","width":1080,"height":1080,"caption":"Av. Deniz Can K\u0131z\u0131l"},"image":{"@id":"https:\/\/denizcankizil.tr\/#\/schema\/logo\/image\/"}},{"@type":"Person","@id":"https:\/\/denizcankizil.tr\/#\/schema\/person\/e1eb71bb4dd684d46563f0af307e1234","name":"Antalya K\u00f6rfez","image":{"@type":"ImageObject","inLanguage":"uk","@id":"https:\/\/denizcankizil.tr\/#\/schema\/person\/image\/","url":"https:\/\/secure.gravatar.com\/avatar\/42b01982558a48a0b501fdcab6a408d3717ea5919095ee2e67b0e521799c5905?s=96&d=mm&r=g","contentUrl":"https:\/\/secure.gravatar.com\/avatar\/42b01982558a48a0b501fdcab6a408d3717ea5919095ee2e67b0e521799c5905?s=96&d=mm&r=g","caption":"Antalya K\u00f6rfez"},"sameAs":["http:\/\/www.antalyakorfez.com"],"url":"https:\/\/www.antalyakorfez.com\/antalyanin-o-yolunda-transit-gecis-uygulamasi-yasaklandi"}]}},"_links":{"self":[{"href":"https:\/\/denizcankizil.tr\/uk\/wp-json\/wp\/v2\/posts\/35704","targetHints":{"allow":["GET"]}}],"collection":[{"href":"https:\/\/denizcankizil.tr\/uk\/wp-json\/wp\/v2\/posts"}],"about":[{"href":"https:\/\/denizcankizil.tr\/uk\/wp-json\/wp\/v2\/types\/post"}],"author":[{"embeddable":true,"href":"https:\/\/denizcankizil.tr\/uk\/wp-json\/wp\/v2\/users\/5"}],"replies":[{"embeddable":true,"href":"https:\/\/denizcankizil.tr\/uk\/wp-json\/wp\/v2\/comments?post=35704"}],"version-history":[{"count":1,"href":"https:\/\/denizcankizil.tr\/uk\/wp-json\/wp\/v2\/posts\/35704\/revisions"}],"predecessor-version":[{"id":35816,"href":"https:\/\/denizcankizil.tr\/uk\/wp-json\/wp\/v2\/posts\/35704\/revisions\/35816"}],"wp:attachment":[{"href":"https:\/\/denizcankizil.tr\/uk\/wp-json\/wp\/v2\/media?parent=35704"}],"wp:term":[{"taxonomy":"category","embeddable":true,"href":"https:\/\/denizcankizil.tr\/uk\/wp-json\/wp\/v2\/categories?post=35704"},{"taxonomy":"post_tag","embeddable":true,"href":"https:\/\/denizcankizil.tr\/uk\/wp-json\/wp\/v2\/tags?post=35704"}],"curies":[{"name":"wp","href":"https:\/\/api.w.org\/{rel}","templated":true}]}}