{"id":35557,"date":"2025-03-13T09:41:20","date_gmt":"2025-03-13T06:41:20","guid":{"rendered":"https:\/\/denizcankizil.tr\/uncategorized-tr\/hava-sicakliklari-artiyor-egede-firtinaya-dikkat\/"},"modified":"2025-03-16T00:43:43","modified_gmt":"2025-03-15T21:43:43","slug":"hava-sicakliklari-artiyor-egede-firtinaya-dikkat","status":"publish","type":"post","link":"https:\/\/denizcankizil.tr\/uk\/haberler\/gundem\/hava-sicakliklari-artiyor-egede-firtinaya-dikkat\/","title":{"rendered":"Hava s\u0131cakl\u0131klar\u0131 art\u0131yor&#8230; Ege&#8217;de f\u0131rt\u0131naya dikkat!"},"content":{"rendered":"<p>Yurt genelinde hava s\u0131cakl\u0131klar\u0131 mevsim normallerinin \u00fczerinde seyredecek. R\u00fczgar genellikle g\u00fcneyli y\u00f6nlerden hafif, ara s\u0131ra orta kuvvette, Marmara&#8217;n\u0131n bat\u0131s\u0131 ile Ege k\u0131y\u0131lar\u0131nda yer yer kuvvetli olarak esmesi bekleniyor. Do\u011fu Anadolu\u2019nun y\u00fcksek ve e\u011fimli yama\u00e7lar\u0131nda \u00e7\u0131\u011f tehlikesi bulunuyor.ANKARA (\u0130GFA) &#8211; Meteoroloji Genel M\u00fcd\u00fcrl\u00fc\u011f\u00fc, 13 Mart 2025 Per\u015fembe g\u00fcn\u00fcne ili\u015fkin hava tahmin raporunu yay\u0131mlad\u0131.<br \/>\nYap\u0131lan tahminlere g\u00f6re yurdun bat\u0131 kesimlerinin par\u00e7al\u0131 yer yer \u00e7ok bulutlu, Marmara&#8217;n\u0131n g\u00fcneybat\u0131s\u0131 ile Bursa \u00e7evrelerinin hafif sa\u011fanak ya\u011f\u0131\u015fl\u0131, di\u011fer yerlerin az bulutlu ve a\u00e7\u0131k ge\u00e7ece\u011fi tahmin ediliyor.<\/p>\n<p>Yurt genelinde mevsim normallerinin 12-15 derece \u00fczerinde seyredecek olan hava s\u0131cakl\u0131klar\u0131n\u0131n artmaya devam etmesi bekleniyor.<br \/>\nSabah ve gece saatlerinde Do\u011fu Anadolu&#8217;nun do\u011fusunda buzlanma ve don olay\u0131 ile birlikte pus ve yer yer sis beklenirken, Do\u011fu Karadeniz\u2019in i\u00e7 kesimlerinin y\u00fcksekleri ile Do\u011fu Anadolu\u2019nun y\u00fcksek ve e\u011fimli yama\u00e7lar\u0131nda \u00e7\u0131\u011f tehlikesi bulunuyor.<\/p>\n<p>Meteoroloji \u00f6zellikle Marmara&#8217;n\u0131n bat\u0131s\u0131 ile Ege k\u0131y\u0131lar\u0131nda g\u00fcneyli y\u00f6nlerden kuvvetli (40-70 km\/saat) esmesi beklendi\u011finden ya\u015fanabilecek olumsuzluklara kar\u015f\u0131 dikkatli ve tedbirli olunmas\u0131 konusunda vatanda\u015flar\u0131 uyard\u0131.<\/p>\n<p>\u200bYurt genelinde hava s\u0131cakl\u0131klar\u0131 mevsim normallerinin \u00fczerinde seyredecek. R\u00fczgar genellikle g\u00fcneyli y\u00f6nlerden hafif, ara s\u0131ra orta kuvvette, Marmara&#8217;n\u0131n bat\u0131s\u0131 ile Ege k\u0131y\u0131lar\u0131nda yer yer kuvvetli olarak esmesi bekleniyor. Do\u011fu Anadolu\u2019nun y\u00fcksek ve e\u011fimli yama\u00e7lar\u0131nda \u00e7\u0131\u011f tehlikesi bulunuyor.ANKARA (\u0130GFA) &#8211; Meteoroloji Genel M\u00fcd\u00fcrl\u00fc\u011f\u00fc, 13 Mart 2025 Per\u015fembe g\u00fcn\u00fcne ili\u015fkin hava tahmin raporunu yay\u0131mlad\u0131.<br \/>\nYap\u0131lan tahminlere g\u00f6re yurdun bat\u0131 kesimlerinin par\u00e7al\u0131 yer yer \u00e7ok bulutlu, Marmara&#8217;n\u0131n g\u00fcneybat\u0131s\u0131 ile Bursa \u00e7evrelerinin hafif sa\u011fanak ya\u011f\u0131\u015fl\u0131, di\u011fer yerlerin az bulutlu ve a\u00e7\u0131k ge\u00e7ece\u011fi tahmin ediliyor.<\/p>\n<p>Yurt genelinde mevsim normallerinin 12-15 derece \u00fczerinde seyredecek olan hava s\u0131cakl\u0131klar\u0131n\u0131n artmaya devam etmesi bekleniyor.<br \/>\nSabah ve gece saatlerinde Do\u011fu Anadolu&#8217;nun do\u011fusunda buzlanma ve don olay\u0131 ile birlikte pus ve yer yer sis beklenirken, Do\u011fu Karadeniz\u2019in i\u00e7 kesimlerinin y\u00fcksekleri ile Do\u011fu Anadolu\u2019nun y\u00fcksek ve e\u011fimli yama\u00e7lar\u0131nda \u00e7\u0131\u011f tehlikesi bulunuyor.<\/p>\n<p>Meteoroloji \u00f6zellikle Marmara&#8217;n\u0131n bat\u0131s\u0131 ile Ege k\u0131y\u0131lar\u0131nda g\u00fcneyli y\u00f6nlerden kuvvetli (40-70 km\/saat) esmesi beklendi\u011finden ya\u015fanabilecek olumsuzluklara kar\u015f\u0131 dikkatli ve tedbirli olunmas\u0131 konusunda vatanda\u015flar\u0131 uyard\u0131.\u00a0<\/p>\n<p>\u200bHaberin Al\u0131nt\u0131land\u0131\u011f\u0131 Kaynak: www.iskenderun.org<\/p>","protected":false},"excerpt":{"rendered":"<p>Yurt genelinde hava s\u0131cakl\u0131klar\u0131 mevsim normallerinin \u00fczerinde seyredecek. R\u00fczgar genellikle g\u00fcneyli y\u00f6nlerden hafif, ara s\u0131ra orta kuvvette, Marmara&#8217;n\u0131n bat\u0131s\u0131 ile Ege k\u0131y\u0131lar\u0131nda yer yer kuvvetli olarak esmesi bekleniyor. Do\u011fu Anadolu\u2019nun y\u00fcksek ve e\u011fimli yama\u00e7lar\u0131nda \u00e7\u0131\u011f tehlikesi bulunuyor.ANKARA (\u0130GFA) &#8211; Meteoroloji Genel M\u00fcd\u00fcrl\u00fc\u011f\u00fc, 13 Mart 2025 Per\u015fembe g\u00fcn\u00fcne ili\u015fkin hava tahmin raporunu yay\u0131mlad\u0131. Yap\u0131lan tahminlere g\u00f6re yurdun bat\u0131 kesimlerinin par\u00e7al\u0131 yer yer \u00e7ok bulutlu, Marmara&#8217;n\u0131n g\u00fcneybat\u0131s\u0131 ile Bursa \u00e7evrelerinin hafif sa\u011fanak ya\u011f\u0131\u015fl\u0131, di\u011fer yerlerin az bulutlu ve a\u00e7\u0131k ge\u00e7ece\u011fi tahmin ediliyor. Yurt genelinde mevsim normallerinin 12-15 derece \u00fczerinde seyredecek olan hava s\u0131cakl\u0131klar\u0131n\u0131n artmaya devam etmesi bekleniyor. Sabah ve gece saatlerinde Do\u011fu Anadolu&#8217;nun do\u011fusunda buzlanma ve don olay\u0131 ile birlikte pus ve yer yer sis beklenirken, Do\u011fu Karadeniz\u2019in i\u00e7 kesimlerinin y\u00fcksekleri ile Do\u011fu Anadolu\u2019nun y\u00fcksek ve e\u011fimli yama\u00e7lar\u0131nda \u00e7\u0131\u011f tehlikesi bulunuyor. Meteoroloji \u00f6zellikle Marmara&#8217;n\u0131n bat\u0131s\u0131 ile Ege k\u0131y\u0131lar\u0131nda g\u00fcneyli y\u00f6nlerden kuvvetli (40-70 km\/saat) esmesi beklendi\u011finden ya\u015fanabilecek olumsuzluklara kar\u015f\u0131 dikkatli ve tedbirli olunmas\u0131 konusunda vatanda\u015flar\u0131 uyard\u0131. \u200bYurt genelinde hava s\u0131cakl\u0131klar\u0131 mevsim normallerinin \u00fczerinde seyredecek. R\u00fczgar genellikle g\u00fcneyli y\u00f6nlerden hafif, ara s\u0131ra orta kuvvette, Marmara&#8217;n\u0131n bat\u0131s\u0131 ile Ege k\u0131y\u0131lar\u0131nda yer yer kuvvetli olarak esmesi bekleniyor. Do\u011fu Anadolu\u2019nun y\u00fcksek ve e\u011fimli yama\u00e7lar\u0131nda \u00e7\u0131\u011f tehlikesi bulunuyor.ANKARA (\u0130GFA) &#8211; Meteoroloji Genel M\u00fcd\u00fcrl\u00fc\u011f\u00fc, 13 Mart 2025 Per\u015fembe g\u00fcn\u00fcne &hellip;<\/p>","protected":false},"author":1,"featured_media":0,"comment_status":"closed","ping_status":"open","sticky":false,"template":"","format":"standard","meta":{"_acf_changed":false,"footnotes":""},"categories":[24],"tags":[],"class_list":["post-35557","post","type-post","status-publish","format-standard","has-post-thumbnail","hentry","category-gundem"],"acf":[],"yoast_head":"<!-- This site is optimized with the Yoast SEO Premium plugin v26.6 (Yoast SEO v27.1.1) - https:\/\/yoast.com\/product\/yoast-seo-premium-wordpress\/ -->\n<title>Hava s\u0131cakl\u0131klar\u0131 art\u0131yor... Ege&#039;de f\u0131rt\u0131naya dikkat! - Av. Deniz Can K\u0131z\u0131l<\/title>\n<meta name=\"robots\" content=\"index, follow, max-snippet:-1, max-image-preview:large, max-video-preview:-1\" \/>\n<link rel=\"canonical\" href=\"http:\/\/denizcankizil.tr\/uk\/haberler\/gundem\/hava-sicakliklari-artiyor-egede-firtinaya-dikkat\/\" \/>\n<meta property=\"og:locale\" content=\"uk_UA\" \/>\n<meta property=\"og:type\" content=\"article\" \/>\n<meta property=\"og:title\" content=\"Hava s\u0131cakl\u0131klar\u0131 art\u0131yor... Ege&#039;de f\u0131rt\u0131naya dikkat!\" \/>\n<meta property=\"og:description\" content=\"Yurt genelinde hava s\u0131cakl\u0131klar\u0131 mevsim normallerinin \u00fczerinde seyredecek. R\u00fczgar genellikle g\u00fcneyli y\u00f6nlerden hafif, ara s\u0131ra orta kuvvette, Marmara&#8217;n\u0131n bat\u0131s\u0131 ile Ege k\u0131y\u0131lar\u0131nda yer yer kuvvetli olarak esmesi bekleniyor. Do\u011fu Anadolu\u2019nun y\u00fcksek ve e\u011fimli yama\u00e7lar\u0131nda \u00e7\u0131\u011f tehlikesi bulunuyor.ANKARA (\u0130GFA) &#8211; Meteoroloji Genel M\u00fcd\u00fcrl\u00fc\u011f\u00fc, 13 Mart 2025 Per\u015fembe g\u00fcn\u00fcne ili\u015fkin hava tahmin raporunu yay\u0131mlad\u0131. Yap\u0131lan tahminlere g\u00f6re yurdun bat\u0131 kesimlerinin par\u00e7al\u0131 yer yer \u00e7ok bulutlu, Marmara&#8217;n\u0131n g\u00fcneybat\u0131s\u0131 ile Bursa \u00e7evrelerinin hafif sa\u011fanak ya\u011f\u0131\u015fl\u0131, di\u011fer yerlerin az bulutlu ve a\u00e7\u0131k ge\u00e7ece\u011fi tahmin ediliyor. Yurt genelinde mevsim normallerinin 12-15 derece \u00fczerinde seyredecek olan hava s\u0131cakl\u0131klar\u0131n\u0131n artmaya devam etmesi bekleniyor. Sabah ve gece saatlerinde Do\u011fu Anadolu&#8217;nun do\u011fusunda buzlanma ve don olay\u0131 ile birlikte pus ve yer yer sis beklenirken, Do\u011fu Karadeniz\u2019in i\u00e7 kesimlerinin y\u00fcksekleri ile Do\u011fu Anadolu\u2019nun y\u00fcksek ve e\u011fimli yama\u00e7lar\u0131nda \u00e7\u0131\u011f tehlikesi bulunuyor. Meteoroloji \u00f6zellikle Marmara&#8217;n\u0131n bat\u0131s\u0131 ile Ege k\u0131y\u0131lar\u0131nda g\u00fcneyli y\u00f6nlerden kuvvetli (40-70 km\/saat) esmesi beklendi\u011finden ya\u015fanabilecek olumsuzluklara kar\u015f\u0131 dikkatli ve tedbirli olunmas\u0131 konusunda vatanda\u015flar\u0131 uyard\u0131. \u200bYurt genelinde hava s\u0131cakl\u0131klar\u0131 mevsim normallerinin \u00fczerinde seyredecek. R\u00fczgar genellikle g\u00fcneyli y\u00f6nlerden hafif, ara s\u0131ra orta kuvvette, Marmara&#8217;n\u0131n bat\u0131s\u0131 ile Ege k\u0131y\u0131lar\u0131nda yer yer kuvvetli olarak esmesi bekleniyor. Do\u011fu Anadolu\u2019nun y\u00fcksek ve e\u011fimli yama\u00e7lar\u0131nda \u00e7\u0131\u011f tehlikesi bulunuyor.ANKARA (\u0130GFA) &#8211; Meteoroloji Genel M\u00fcd\u00fcrl\u00fc\u011f\u00fc, 13 Mart 2025 Per\u015fembe g\u00fcn\u00fcne &hellip;\" \/>\n<meta property=\"og:url\" content=\"http:\/\/denizcankizil.tr\/uk\/haberler\/gundem\/hava-sicakliklari-artiyor-egede-firtinaya-dikkat\/\" \/>\n<meta property=\"og:site_name\" content=\"Av. Deniz Can K\u0131z\u0131l\" \/>\n<meta property=\"article:published_time\" content=\"2025-03-13T06:41:20+00:00\" \/>\n<meta property=\"article:modified_time\" content=\"2025-03-15T21:43:43+00:00\" \/>\n<meta name=\"author\" content=\"admin\" \/>\n<meta name=\"twitter:card\" content=\"summary_large_image\" \/>\n<meta name=\"twitter:label1\" content=\"\u041d\u0430\u043f\u0438\u0441\u0430\u043d\u043e\" \/>\n\t<meta name=\"twitter:data1\" content=\"admin\" \/>\n\t<meta name=\"twitter:label2\" content=\"\u041f\u0440\u0438\u0431\u043b. \u0447\u0430\u0441 \u0447\u0438\u0442\u0430\u043d\u043d\u044f\" \/>\n\t<meta name=\"twitter:data2\" content=\"2 \u0445\u0432\u0438\u043b\u0438\u043d\u0438\" \/>\n<script type=\"application\/ld+json\" class=\"yoast-schema-graph\">{\"@context\":\"https:\/\/schema.org\",\"@graph\":[{\"@type\":\"Article\",\"@id\":\"http:\/\/denizcankizil.tr\/ru\/haberler\/gundem\/hava-sicakliklari-artiyor-egede-firtinaya-dikkat\/#article\",\"isPartOf\":{\"@id\":\"http:\/\/denizcankizil.tr\/ru\/haberler\/gundem\/hava-sicakliklari-artiyor-egede-firtinaya-dikkat\/\"},\"author\":{\"name\":\"admin\",\"@id\":\"https:\/\/denizcankizil.tr\/de\/#\/schema\/person\/be3c05fe6a12686905512445d8185489\"},\"headline\":\"Hava s\u0131cakl\u0131klar\u0131 art\u0131yor&#8230; Ege&#8217;de f\u0131rt\u0131naya dikkat!\",\"datePublished\":\"2025-03-13T06:41:20+00:00\",\"dateModified\":\"2025-03-15T21:43:43+00:00\",\"mainEntityOfPage\":{\"@id\":\"http:\/\/denizcankizil.tr\/ru\/haberler\/gundem\/hava-sicakliklari-artiyor-egede-firtinaya-dikkat\/\"},\"wordCount\":452,\"publisher\":{\"@id\":\"https:\/\/denizcankizil.tr\/de\/#organization\"},\"articleSection\":[\"G\u00fcndem\"],\"inLanguage\":\"uk\"},{\"@type\":\"WebPage\",\"@id\":\"http:\/\/denizcankizil.tr\/ru\/haberler\/gundem\/hava-sicakliklari-artiyor-egede-firtinaya-dikkat\/\",\"url\":\"http:\/\/denizcankizil.tr\/ru\/haberler\/gundem\/hava-sicakliklari-artiyor-egede-firtinaya-dikkat\/\",\"name\":\"Hava s\u0131cakl\u0131klar\u0131 art\u0131yor... Ege'de f\u0131rt\u0131naya dikkat! - Av. Deniz Can K\u0131z\u0131l\",\"isPartOf\":{\"@id\":\"https:\/\/denizcankizil.tr\/de\/#website\"},\"datePublished\":\"2025-03-13T06:41:20+00:00\",\"dateModified\":\"2025-03-15T21:43:43+00:00\",\"breadcrumb\":{\"@id\":\"http:\/\/denizcankizil.tr\/ru\/haberler\/gundem\/hava-sicakliklari-artiyor-egede-firtinaya-dikkat\/#breadcrumb\"},\"inLanguage\":\"uk\",\"potentialAction\":[{\"@type\":\"ReadAction\",\"target\":[\"http:\/\/denizcankizil.tr\/ru\/haberler\/gundem\/hava-sicakliklari-artiyor-egede-firtinaya-dikkat\/\"]}]},{\"@type\":\"BreadcrumbList\",\"@id\":\"http:\/\/denizcankizil.tr\/ru\/haberler\/gundem\/hava-sicakliklari-artiyor-egede-firtinaya-dikkat\/#breadcrumb\",\"itemListElement\":[{\"@type\":\"ListItem\",\"position\":1,\"name\":\"Home\",\"item\":\"https:\/\/denizcankizil.tr\/de\/\"},{\"@type\":\"ListItem\",\"position\":2,\"name\":\"Hava s\u0131cakl\u0131klar\u0131 art\u0131yor&#8230; Ege&#8217;de f\u0131rt\u0131naya dikkat!\"}]},{\"@type\":\"WebSite\",\"@id\":\"https:\/\/denizcankizil.tr\/de\/#website\",\"url\":\"https:\/\/denizcankizil.tr\/de\/\",\"name\":\"Av. Deniz Can K\u0131z\u0131l\",\"description\":\"Avukat Deniz Can K\u0131z\u0131l Antalya Barosu\",\"publisher\":{\"@id\":\"https:\/\/denizcankizil.tr\/de\/#organization\"},\"potentialAction\":[{\"@type\":\"SearchAction\",\"target\":{\"@type\":\"EntryPoint\",\"urlTemplate\":\"https:\/\/denizcankizil.tr\/de\/?s={search_term_string}\"},\"query-input\":{\"@type\":\"PropertyValueSpecification\",\"valueRequired\":true,\"valueName\":\"search_term_string\"}}],\"inLanguage\":\"uk\"},{\"@type\":\"Organization\",\"@id\":\"https:\/\/denizcankizil.tr\/de\/#organization\",\"name\":\"Av. Deniz Can K\u0131z\u0131l\",\"url\":\"https:\/\/denizcankizil.tr\/de\/\",\"logo\":{\"@type\":\"ImageObject\",\"inLanguage\":\"uk\",\"@id\":\"https:\/\/denizcankizil.tr\/de\/#\/schema\/logo\/image\/\",\"url\":\"https:\/\/denizcankizil.tr\/wp-content\/uploads\/2024\/10\/siyah-logo-svg.svg\",\"contentUrl\":\"https:\/\/denizcankizil.tr\/wp-content\/uploads\/2024\/10\/siyah-logo-svg.svg\",\"width\":1080,\"height\":1080,\"caption\":\"Av. Deniz Can K\u0131z\u0131l\"},\"image\":{\"@id\":\"https:\/\/denizcankizil.tr\/de\/#\/schema\/logo\/image\/\"}},{\"@type\":\"Person\",\"@id\":\"https:\/\/denizcankizil.tr\/de\/#\/schema\/person\/be3c05fe6a12686905512445d8185489\",\"name\":\"admin\",\"image\":{\"@type\":\"ImageObject\",\"inLanguage\":\"uk\",\"@id\":\"https:\/\/denizcankizil.tr\/de\/#\/schema\/person\/image\/\",\"url\":\"https:\/\/secure.gravatar.com\/avatar\/c1fce94c830dc79107e174f890d7210541c4a63e8e5d816341794a2151c9d58c?s=96&d=mm&r=g\",\"contentUrl\":\"https:\/\/secure.gravatar.com\/avatar\/c1fce94c830dc79107e174f890d7210541c4a63e8e5d816341794a2151c9d58c?s=96&d=mm&r=g\",\"caption\":\"admin\"},\"sameAs\":[\"http:\/\/denizcankizil.tr\"],\"url\":\"https:\/\/www.iskenderun.org\/hava-sicakliklari-artiyor-egede-firtinaya-dikkat\"}]}<\/script>\n<!-- \/ Yoast SEO Premium plugin. -->","yoast_head_json":{"title":"Hava s\u0131cakl\u0131klar\u0131 art\u0131yor... Ege'de f\u0131rt\u0131naya dikkat! - Av. Deniz Can K\u0131z\u0131l","robots":{"index":"index","follow":"follow","max-snippet":"max-snippet:-1","max-image-preview":"max-image-preview:large","max-video-preview":"max-video-preview:-1"},"canonical":"http:\/\/denizcankizil.tr\/uk\/haberler\/gundem\/hava-sicakliklari-artiyor-egede-firtinaya-dikkat\/","og_locale":"uk_UA","og_type":"article","og_title":"Hava s\u0131cakl\u0131klar\u0131 art\u0131yor... Ege'de f\u0131rt\u0131naya dikkat!","og_description":"Yurt genelinde hava s\u0131cakl\u0131klar\u0131 mevsim normallerinin \u00fczerinde seyredecek. R\u00fczgar genellikle g\u00fcneyli y\u00f6nlerden hafif, ara s\u0131ra orta kuvvette, Marmara&#8217;n\u0131n bat\u0131s\u0131 ile Ege k\u0131y\u0131lar\u0131nda yer yer kuvvetli olarak esmesi bekleniyor. Do\u011fu Anadolu\u2019nun y\u00fcksek ve e\u011fimli yama\u00e7lar\u0131nda \u00e7\u0131\u011f tehlikesi bulunuyor.ANKARA (\u0130GFA) &#8211; Meteoroloji Genel M\u00fcd\u00fcrl\u00fc\u011f\u00fc, 13 Mart 2025 Per\u015fembe g\u00fcn\u00fcne ili\u015fkin hava tahmin raporunu yay\u0131mlad\u0131. Yap\u0131lan tahminlere g\u00f6re yurdun bat\u0131 kesimlerinin par\u00e7al\u0131 yer yer \u00e7ok bulutlu, Marmara&#8217;n\u0131n g\u00fcneybat\u0131s\u0131 ile Bursa \u00e7evrelerinin hafif sa\u011fanak ya\u011f\u0131\u015fl\u0131, di\u011fer yerlerin az bulutlu ve a\u00e7\u0131k ge\u00e7ece\u011fi tahmin ediliyor. Yurt genelinde mevsim normallerinin 12-15 derece \u00fczerinde seyredecek olan hava s\u0131cakl\u0131klar\u0131n\u0131n artmaya devam etmesi bekleniyor. Sabah ve gece saatlerinde Do\u011fu Anadolu&#8217;nun do\u011fusunda buzlanma ve don olay\u0131 ile birlikte pus ve yer yer sis beklenirken, Do\u011fu Karadeniz\u2019in i\u00e7 kesimlerinin y\u00fcksekleri ile Do\u011fu Anadolu\u2019nun y\u00fcksek ve e\u011fimli yama\u00e7lar\u0131nda \u00e7\u0131\u011f tehlikesi bulunuyor. Meteoroloji \u00f6zellikle Marmara&#8217;n\u0131n bat\u0131s\u0131 ile Ege k\u0131y\u0131lar\u0131nda g\u00fcneyli y\u00f6nlerden kuvvetli (40-70 km\/saat) esmesi beklendi\u011finden ya\u015fanabilecek olumsuzluklara kar\u015f\u0131 dikkatli ve tedbirli olunmas\u0131 konusunda vatanda\u015flar\u0131 uyard\u0131. \u200bYurt genelinde hava s\u0131cakl\u0131klar\u0131 mevsim normallerinin \u00fczerinde seyredecek. R\u00fczgar genellikle g\u00fcneyli y\u00f6nlerden hafif, ara s\u0131ra orta kuvvette, Marmara&#8217;n\u0131n bat\u0131s\u0131 ile Ege k\u0131y\u0131lar\u0131nda yer yer kuvvetli olarak esmesi bekleniyor. Do\u011fu Anadolu\u2019nun y\u00fcksek ve e\u011fimli yama\u00e7lar\u0131nda \u00e7\u0131\u011f tehlikesi bulunuyor.ANKARA (\u0130GFA) &#8211; Meteoroloji Genel M\u00fcd\u00fcrl\u00fc\u011f\u00fc, 13 Mart 2025 Per\u015fembe g\u00fcn\u00fcne &hellip;","og_url":"http:\/\/denizcankizil.tr\/uk\/haberler\/gundem\/hava-sicakliklari-artiyor-egede-firtinaya-dikkat\/","og_site_name":"Av. Deniz Can K\u0131z\u0131l","article_published_time":"2025-03-13T06:41:20+00:00","article_modified_time":"2025-03-15T21:43:43+00:00","author":"admin","twitter_card":"summary_large_image","twitter_misc":{"\u041d\u0430\u043f\u0438\u0441\u0430\u043d\u043e":"admin","\u041f\u0440\u0438\u0431\u043b. \u0447\u0430\u0441 \u0447\u0438\u0442\u0430\u043d\u043d\u044f":"2 \u0445\u0432\u0438\u043b\u0438\u043d\u0438"},"schema":{"@context":"https:\/\/schema.org","@graph":[{"@type":"Article","@id":"http:\/\/denizcankizil.tr\/ru\/haberler\/gundem\/hava-sicakliklari-artiyor-egede-firtinaya-dikkat\/#article","isPartOf":{"@id":"http:\/\/denizcankizil.tr\/ru\/haberler\/gundem\/hava-sicakliklari-artiyor-egede-firtinaya-dikkat\/"},"author":{"name":"admin","@id":"https:\/\/denizcankizil.tr\/de\/#\/schema\/person\/be3c05fe6a12686905512445d8185489"},"headline":"Hava s\u0131cakl\u0131klar\u0131 art\u0131yor&#8230; Ege&#8217;de f\u0131rt\u0131naya dikkat!","datePublished":"2025-03-13T06:41:20+00:00","dateModified":"2025-03-15T21:43:43+00:00","mainEntityOfPage":{"@id":"http:\/\/denizcankizil.tr\/ru\/haberler\/gundem\/hava-sicakliklari-artiyor-egede-firtinaya-dikkat\/"},"wordCount":452,"publisher":{"@id":"https:\/\/denizcankizil.tr\/de\/#organization"},"articleSection":["G\u00fcndem"],"inLanguage":"uk"},{"@type":"WebPage","@id":"http:\/\/denizcankizil.tr\/ru\/haberler\/gundem\/hava-sicakliklari-artiyor-egede-firtinaya-dikkat\/","url":"http:\/\/denizcankizil.tr\/ru\/haberler\/gundem\/hava-sicakliklari-artiyor-egede-firtinaya-dikkat\/","name":"Hava s\u0131cakl\u0131klar\u0131 art\u0131yor... Ege'de f\u0131rt\u0131naya dikkat! - Av. Deniz Can K\u0131z\u0131l","isPartOf":{"@id":"https:\/\/denizcankizil.tr\/de\/#website"},"datePublished":"2025-03-13T06:41:20+00:00","dateModified":"2025-03-15T21:43:43+00:00","breadcrumb":{"@id":"http:\/\/denizcankizil.tr\/ru\/haberler\/gundem\/hava-sicakliklari-artiyor-egede-firtinaya-dikkat\/#breadcrumb"},"inLanguage":"uk","potentialAction":[{"@type":"ReadAction","target":["http:\/\/denizcankizil.tr\/ru\/haberler\/gundem\/hava-sicakliklari-artiyor-egede-firtinaya-dikkat\/"]}]},{"@type":"BreadcrumbList","@id":"http:\/\/denizcankizil.tr\/ru\/haberler\/gundem\/hava-sicakliklari-artiyor-egede-firtinaya-dikkat\/#breadcrumb","itemListElement":[{"@type":"ListItem","position":1,"name":"Home","item":"https:\/\/denizcankizil.tr\/de\/"},{"@type":"ListItem","position":2,"name":"Hava s\u0131cakl\u0131klar\u0131 art\u0131yor&#8230; Ege&#8217;de f\u0131rt\u0131naya dikkat!"}]},{"@type":"WebSite","@id":"https:\/\/denizcankizil.tr\/de\/#website","url":"https:\/\/denizcankizil.tr\/de\/","name":"Av. Deniz Can K\u0131z\u0131l","description":"Avukat Deniz Can K\u0131z\u0131l Antalya Barosu","publisher":{"@id":"https:\/\/denizcankizil.tr\/de\/#organization"},"potentialAction":[{"@type":"SearchAction","target":{"@type":"EntryPoint","urlTemplate":"https:\/\/denizcankizil.tr\/de\/?s={search_term_string}"},"query-input":{"@type":"PropertyValueSpecification","valueRequired":true,"valueName":"search_term_string"}}],"inLanguage":"uk"},{"@type":"Organization","@id":"https:\/\/denizcankizil.tr\/de\/#organization","name":"Av. Deniz Can K\u0131z\u0131l","url":"https:\/\/denizcankizil.tr\/de\/","logo":{"@type":"ImageObject","inLanguage":"uk","@id":"https:\/\/denizcankizil.tr\/de\/#\/schema\/logo\/image\/","url":"https:\/\/denizcankizil.tr\/wp-content\/uploads\/2024\/10\/siyah-logo-svg.svg","contentUrl":"https:\/\/denizcankizil.tr\/wp-content\/uploads\/2024\/10\/siyah-logo-svg.svg","width":1080,"height":1080,"caption":"Av. Deniz Can K\u0131z\u0131l"},"image":{"@id":"https:\/\/denizcankizil.tr\/de\/#\/schema\/logo\/image\/"}},{"@type":"Person","@id":"https:\/\/denizcankizil.tr\/de\/#\/schema\/person\/be3c05fe6a12686905512445d8185489","name":"\u0430\u0434\u043c\u0456\u043d","image":{"@type":"ImageObject","inLanguage":"uk","@id":"https:\/\/denizcankizil.tr\/de\/#\/schema\/person\/image\/","url":"https:\/\/secure.gravatar.com\/avatar\/c1fce94c830dc79107e174f890d7210541c4a63e8e5d816341794a2151c9d58c?s=96&d=mm&r=g","contentUrl":"https:\/\/secure.gravatar.com\/avatar\/c1fce94c830dc79107e174f890d7210541c4a63e8e5d816341794a2151c9d58c?s=96&d=mm&r=g","caption":"admin"},"sameAs":["http:\/\/denizcankizil.tr"],"url":"https:\/\/www.iskenderun.org\/hava-sicakliklari-artiyor-egede-firtinaya-dikkat"}]}},"_links":{"self":[{"href":"https:\/\/denizcankizil.tr\/uk\/wp-json\/wp\/v2\/posts\/35557","targetHints":{"allow":["GET"]}}],"collection":[{"href":"https:\/\/denizcankizil.tr\/uk\/wp-json\/wp\/v2\/posts"}],"about":[{"href":"https:\/\/denizcankizil.tr\/uk\/wp-json\/wp\/v2\/types\/post"}],"author":[{"embeddable":true,"href":"https:\/\/denizcankizil.tr\/uk\/wp-json\/wp\/v2\/users\/1"}],"replies":[{"embeddable":true,"href":"https:\/\/denizcankizil.tr\/uk\/wp-json\/wp\/v2\/comments?post=35557"}],"version-history":[{"count":1,"href":"https:\/\/denizcankizil.tr\/uk\/wp-json\/wp\/v2\/posts\/35557\/revisions"}],"predecessor-version":[{"id":35930,"href":"https:\/\/denizcankizil.tr\/uk\/wp-json\/wp\/v2\/posts\/35557\/revisions\/35930"}],"wp:attachment":[{"href":"https:\/\/denizcankizil.tr\/uk\/wp-json\/wp\/v2\/media?parent=35557"}],"wp:term":[{"taxonomy":"category","embeddable":true,"href":"https:\/\/denizcankizil.tr\/uk\/wp-json\/wp\/v2\/categories?post=35557"},{"taxonomy":"post_tag","embeddable":true,"href":"https:\/\/denizcankizil.tr\/uk\/wp-json\/wp\/v2\/tags?post=35557"}],"curies":[{"name":"wp","href":"https:\/\/api.w.org\/{rel}","templated":true}]}}