{"id":35552,"date":"2025-03-13T06:41:33","date_gmt":"2025-03-13T03:41:33","guid":{"rendered":"https:\/\/denizcankizil.tr\/uncategorized-tr\/baskan-ari-12-mart-kurtulus-mucadelesinin-misralara-dokulmus-halidir\/"},"modified":"2025-03-16T00:43:47","modified_gmt":"2025-03-15T21:43:47","slug":"baskan-ari-12-mart-kurtulus-mucadelesinin-misralara-dokulmus-halidir","status":"publish","type":"post","link":"https:\/\/denizcankizil.tr\/uk\/haberler\/gundem\/baskan-ari-12-mart-kurtulus-mucadelesinin-misralara-dokulmus-halidir\/","title":{"rendered":"Ba\u015fkan Ar\u0131 \u201c12 Mart Kurtulu\u015f M\u00fccadelesinin M\u0131sralara D\u00f6k\u00fclm\u00fc\u015f Halidir\u201d"},"content":{"rendered":"<p>Nev\u015fehir Belediye Ba\u015fkan\u0131 Rasim Ar\u0131, 12 Mart \u0130stiklal Mar\u015f\u0131n\u0131n kabul\u00fc ve Mehmet Akif Ersoy\u2019u anma g\u00fcn\u00fcnde mesaj yay\u0131nlad\u0131.<\/p>\n<p>\u200bNev\u015fehir Belediye Ba\u015fkan\u0131 Rasim Ar\u0131, 12 Mart \u0130stiklal Mar\u015f\u0131n\u0131n kabul\u00fc ve Mehmet Akif Ersoy\u2019u anma g\u00fcn\u00fcnde mesaj yay\u0131nlad\u0131.\u00a0<\/p>\n<p>\u200bHaberin Al\u0131nt\u0131land\u0131\u011f\u0131 Kaynak: www.iskenderun.org<\/p>","protected":false},"excerpt":{"rendered":"<p>Nev\u015fehir Belediye Ba\u015fkan\u0131 Rasim Ar\u0131, 12 Mart \u0130stiklal Mar\u015f\u0131n\u0131n kabul\u00fc ve Mehmet Akif Ersoy\u2019u anma g\u00fcn\u00fcnde mesaj yay\u0131nlad\u0131. \u200bNev\u015fehir Belediye Ba\u015fkan\u0131 Rasim Ar\u0131, 12 Mart \u0130stiklal Mar\u015f\u0131n\u0131n kabul\u00fc ve Mehmet Akif Ersoy\u2019u anma g\u00fcn\u00fcnde mesaj yay\u0131nlad\u0131.\u00a0 \u200bHaberin Al\u0131nt\u0131land\u0131\u011f\u0131 Kaynak: www.iskenderun.org<\/p>","protected":false},"author":1,"featured_media":0,"comment_status":"closed","ping_status":"open","sticky":false,"template":"","format":"standard","meta":{"_acf_changed":false,"footnotes":""},"categories":[24],"tags":[],"class_list":["post-35552","post","type-post","status-publish","format-standard","has-post-thumbnail","hentry","category-gundem"],"acf":[],"yoast_head":"<!-- This site is optimized with the Yoast SEO Premium plugin v26.6 (Yoast SEO v27.1.1) - https:\/\/yoast.com\/product\/yoast-seo-premium-wordpress\/ -->\n<title>Ba\u015fkan Ar\u0131 \u201c12 Mart Kurtulu\u015f M\u00fccadelesinin M\u0131sralara D\u00f6k\u00fclm\u00fc\u015f Halidir\u201d - Av. Deniz Can K\u0131z\u0131l<\/title>\n<meta name=\"robots\" content=\"index, follow, max-snippet:-1, max-image-preview:large, max-video-preview:-1\" \/>\n<link rel=\"canonical\" href=\"https:\/\/denizcankizil.tr\/uk\/haberler\/gundem\/baskan-ari-12-mart-kurtulus-mucadelesinin-misralara-dokulmus-halidir\/\" \/>\n<meta property=\"og:locale\" content=\"uk_UA\" \/>\n<meta property=\"og:type\" content=\"article\" \/>\n<meta property=\"og:title\" content=\"Ba\u015fkan Ar\u0131 \u201c12 Mart Kurtulu\u015f M\u00fccadelesinin M\u0131sralara D\u00f6k\u00fclm\u00fc\u015f Halidir\u201d\" \/>\n<meta property=\"og:description\" content=\"Nev\u015fehir Belediye Ba\u015fkan\u0131 Rasim Ar\u0131, 12 Mart \u0130stiklal Mar\u015f\u0131n\u0131n kabul\u00fc ve Mehmet Akif Ersoy\u2019u anma g\u00fcn\u00fcnde mesaj yay\u0131nlad\u0131. \u200bNev\u015fehir Belediye Ba\u015fkan\u0131 Rasim Ar\u0131, 12 Mart \u0130stiklal Mar\u015f\u0131n\u0131n kabul\u00fc ve Mehmet Akif Ersoy\u2019u anma g\u00fcn\u00fcnde mesaj yay\u0131nlad\u0131.\u00a0 \u200bHaberin Al\u0131nt\u0131land\u0131\u011f\u0131 Kaynak: www.iskenderun.org\" \/>\n<meta property=\"og:url\" content=\"https:\/\/denizcankizil.tr\/uk\/haberler\/gundem\/baskan-ari-12-mart-kurtulus-mucadelesinin-misralara-dokulmus-halidir\/\" \/>\n<meta property=\"og:site_name\" content=\"Av. Deniz Can K\u0131z\u0131l\" \/>\n<meta property=\"article:published_time\" content=\"2025-03-13T03:41:33+00:00\" \/>\n<meta property=\"article:modified_time\" content=\"2025-03-15T21:43:47+00:00\" \/>\n<meta name=\"author\" content=\"admin\" \/>\n<meta name=\"twitter:card\" content=\"summary_large_image\" \/>\n<meta name=\"twitter:label1\" content=\"\u041d\u0430\u043f\u0438\u0441\u0430\u043d\u043e\" \/>\n\t<meta name=\"twitter:data1\" content=\"admin\" \/>\n<script type=\"application\/ld+json\" class=\"yoast-schema-graph\">{\"@context\":\"https:\/\/schema.org\",\"@graph\":[{\"@type\":\"Article\",\"@id\":\"https:\/\/denizcankizil.tr\/uk\/haberler\/gundem\/baskan-ari-12-mart-kurtulus-mucadelesinin-misralara-dokulmus-halidir\/#article\",\"isPartOf\":{\"@id\":\"https:\/\/denizcankizil.tr\/uk\/haberler\/gundem\/baskan-ari-12-mart-kurtulus-mucadelesinin-misralara-dokulmus-halidir\/\"},\"author\":{\"name\":\"admin\",\"@id\":\"https:\/\/denizcankizil.tr\/#\/schema\/person\/be3c05fe6a12686905512445d8185489\"},\"headline\":\"Ba\u015fkan Ar\u0131 \u201c12 Mart Kurtulu\u015f M\u00fccadelesinin M\u0131sralara D\u00f6k\u00fclm\u00fc\u015f Halidir\u201d\",\"datePublished\":\"2025-03-13T03:41:33+00:00\",\"dateModified\":\"2025-03-15T21:43:47+00:00\",\"mainEntityOfPage\":{\"@id\":\"https:\/\/denizcankizil.tr\/uk\/haberler\/gundem\/baskan-ari-12-mart-kurtulus-mucadelesinin-misralara-dokulmus-halidir\/\"},\"wordCount\":71,\"publisher\":{\"@id\":\"https:\/\/denizcankizil.tr\/#organization\"},\"articleSection\":[\"G\u00fcndem\"],\"inLanguage\":\"uk\"},{\"@type\":\"WebPage\",\"@id\":\"https:\/\/denizcankizil.tr\/uk\/haberler\/gundem\/baskan-ari-12-mart-kurtulus-mucadelesinin-misralara-dokulmus-halidir\/\",\"url\":\"https:\/\/denizcankizil.tr\/uk\/haberler\/gundem\/baskan-ari-12-mart-kurtulus-mucadelesinin-misralara-dokulmus-halidir\/\",\"name\":\"Ba\u015fkan Ar\u0131 \u201c12 Mart Kurtulu\u015f M\u00fccadelesinin M\u0131sralara D\u00f6k\u00fclm\u00fc\u015f Halidir\u201d - Av. Deniz Can K\u0131z\u0131l\",\"isPartOf\":{\"@id\":\"https:\/\/denizcankizil.tr\/#website\"},\"datePublished\":\"2025-03-13T03:41:33+00:00\",\"dateModified\":\"2025-03-15T21:43:47+00:00\",\"breadcrumb\":{\"@id\":\"https:\/\/denizcankizil.tr\/uk\/haberler\/gundem\/baskan-ari-12-mart-kurtulus-mucadelesinin-misralara-dokulmus-halidir\/#breadcrumb\"},\"inLanguage\":\"uk\",\"potentialAction\":[{\"@type\":\"ReadAction\",\"target\":[\"https:\/\/denizcankizil.tr\/uk\/haberler\/gundem\/baskan-ari-12-mart-kurtulus-mucadelesinin-misralara-dokulmus-halidir\/\"]}]},{\"@type\":\"BreadcrumbList\",\"@id\":\"https:\/\/denizcankizil.tr\/uk\/haberler\/gundem\/baskan-ari-12-mart-kurtulus-mucadelesinin-misralara-dokulmus-halidir\/#breadcrumb\",\"itemListElement\":[{\"@type\":\"ListItem\",\"position\":1,\"name\":\"Home\",\"item\":\"https:\/\/denizcankizil.tr\/de\/\"},{\"@type\":\"ListItem\",\"position\":2,\"name\":\"Ba\u015fkan Ar\u0131 \u201c12 Mart Kurtulu\u015f M\u00fccadelesinin M\u0131sralara D\u00f6k\u00fclm\u00fc\u015f Halidir\u201d\"}]},{\"@type\":\"WebSite\",\"@id\":\"https:\/\/denizcankizil.tr\/#website\",\"url\":\"https:\/\/denizcankizil.tr\/\",\"name\":\"Av. Deniz Can K\u0131z\u0131l\",\"description\":\"Avukat Deniz Can K\u0131z\u0131l Antalya Barosu\",\"publisher\":{\"@id\":\"https:\/\/denizcankizil.tr\/#organization\"},\"potentialAction\":[{\"@type\":\"SearchAction\",\"target\":{\"@type\":\"EntryPoint\",\"urlTemplate\":\"https:\/\/denizcankizil.tr\/?s={search_term_string}\"},\"query-input\":{\"@type\":\"PropertyValueSpecification\",\"valueRequired\":true,\"valueName\":\"search_term_string\"}}],\"inLanguage\":\"uk\"},{\"@type\":\"Organization\",\"@id\":\"https:\/\/denizcankizil.tr\/#organization\",\"name\":\"Av. Deniz Can K\u0131z\u0131l\",\"url\":\"https:\/\/denizcankizil.tr\/\",\"logo\":{\"@type\":\"ImageObject\",\"inLanguage\":\"uk\",\"@id\":\"https:\/\/denizcankizil.tr\/#\/schema\/logo\/image\/\",\"url\":\"https:\/\/denizcankizil.tr\/wp-content\/uploads\/2024\/10\/siyah-logo-svg.svg\",\"contentUrl\":\"https:\/\/denizcankizil.tr\/wp-content\/uploads\/2024\/10\/siyah-logo-svg.svg\",\"width\":1080,\"height\":1080,\"caption\":\"Av. Deniz Can K\u0131z\u0131l\"},\"image\":{\"@id\":\"https:\/\/denizcankizil.tr\/#\/schema\/logo\/image\/\"}},{\"@type\":\"Person\",\"@id\":\"https:\/\/denizcankizil.tr\/#\/schema\/person\/be3c05fe6a12686905512445d8185489\",\"name\":\"admin\",\"image\":{\"@type\":\"ImageObject\",\"inLanguage\":\"uk\",\"@id\":\"https:\/\/denizcankizil.tr\/#\/schema\/person\/image\/\",\"url\":\"https:\/\/secure.gravatar.com\/avatar\/c1fce94c830dc79107e174f890d7210541c4a63e8e5d816341794a2151c9d58c?s=96&d=mm&r=g\",\"contentUrl\":\"https:\/\/secure.gravatar.com\/avatar\/c1fce94c830dc79107e174f890d7210541c4a63e8e5d816341794a2151c9d58c?s=96&d=mm&r=g\",\"caption\":\"admin\"},\"sameAs\":[\"http:\/\/denizcankizil.tr\"],\"url\":\"https:\/\/www.iskenderun.org\/baskan-ari-12-mart-kurtulus-mucadelesinin-misralara-dokulmus-halidir\"}]}<\/script>\n<!-- \/ Yoast SEO Premium plugin. -->","yoast_head_json":{"title":"Ba\u015fkan Ar\u0131 \u201c12 Mart Kurtulu\u015f M\u00fccadelesinin M\u0131sralara D\u00f6k\u00fclm\u00fc\u015f Halidir\u201d - Av. Deniz Can K\u0131z\u0131l","robots":{"index":"index","follow":"follow","max-snippet":"max-snippet:-1","max-image-preview":"max-image-preview:large","max-video-preview":"max-video-preview:-1"},"canonical":"https:\/\/denizcankizil.tr\/uk\/haberler\/gundem\/baskan-ari-12-mart-kurtulus-mucadelesinin-misralara-dokulmus-halidir\/","og_locale":"uk_UA","og_type":"article","og_title":"Ba\u015fkan Ar\u0131 \u201c12 Mart Kurtulu\u015f M\u00fccadelesinin M\u0131sralara D\u00f6k\u00fclm\u00fc\u015f Halidir\u201d","og_description":"Nev\u015fehir Belediye Ba\u015fkan\u0131 Rasim Ar\u0131, 12 Mart \u0130stiklal Mar\u015f\u0131n\u0131n kabul\u00fc ve Mehmet Akif Ersoy\u2019u anma g\u00fcn\u00fcnde mesaj yay\u0131nlad\u0131. \u200bNev\u015fehir Belediye Ba\u015fkan\u0131 Rasim Ar\u0131, 12 Mart \u0130stiklal Mar\u015f\u0131n\u0131n kabul\u00fc ve Mehmet Akif Ersoy\u2019u anma g\u00fcn\u00fcnde mesaj yay\u0131nlad\u0131.\u00a0 \u200bHaberin Al\u0131nt\u0131land\u0131\u011f\u0131 Kaynak: www.iskenderun.org","og_url":"https:\/\/denizcankizil.tr\/uk\/haberler\/gundem\/baskan-ari-12-mart-kurtulus-mucadelesinin-misralara-dokulmus-halidir\/","og_site_name":"Av. Deniz Can K\u0131z\u0131l","article_published_time":"2025-03-13T03:41:33+00:00","article_modified_time":"2025-03-15T21:43:47+00:00","author":"admin","twitter_card":"summary_large_image","twitter_misc":{"\u041d\u0430\u043f\u0438\u0441\u0430\u043d\u043e":"admin"},"schema":{"@context":"https:\/\/schema.org","@graph":[{"@type":"Article","@id":"https:\/\/denizcankizil.tr\/uk\/haberler\/gundem\/baskan-ari-12-mart-kurtulus-mucadelesinin-misralara-dokulmus-halidir\/#article","isPartOf":{"@id":"https:\/\/denizcankizil.tr\/uk\/haberler\/gundem\/baskan-ari-12-mart-kurtulus-mucadelesinin-misralara-dokulmus-halidir\/"},"author":{"name":"admin","@id":"https:\/\/denizcankizil.tr\/#\/schema\/person\/be3c05fe6a12686905512445d8185489"},"headline":"Ba\u015fkan Ar\u0131 \u201c12 Mart Kurtulu\u015f M\u00fccadelesinin M\u0131sralara D\u00f6k\u00fclm\u00fc\u015f Halidir\u201d","datePublished":"2025-03-13T03:41:33+00:00","dateModified":"2025-03-15T21:43:47+00:00","mainEntityOfPage":{"@id":"https:\/\/denizcankizil.tr\/uk\/haberler\/gundem\/baskan-ari-12-mart-kurtulus-mucadelesinin-misralara-dokulmus-halidir\/"},"wordCount":71,"publisher":{"@id":"https:\/\/denizcankizil.tr\/#organization"},"articleSection":["G\u00fcndem"],"inLanguage":"uk"},{"@type":"WebPage","@id":"https:\/\/denizcankizil.tr\/uk\/haberler\/gundem\/baskan-ari-12-mart-kurtulus-mucadelesinin-misralara-dokulmus-halidir\/","url":"https:\/\/denizcankizil.tr\/uk\/haberler\/gundem\/baskan-ari-12-mart-kurtulus-mucadelesinin-misralara-dokulmus-halidir\/","name":"Ba\u015fkan Ar\u0131 \u201c12 Mart Kurtulu\u015f M\u00fccadelesinin M\u0131sralara D\u00f6k\u00fclm\u00fc\u015f Halidir\u201d - Av. Deniz Can K\u0131z\u0131l","isPartOf":{"@id":"https:\/\/denizcankizil.tr\/#website"},"datePublished":"2025-03-13T03:41:33+00:00","dateModified":"2025-03-15T21:43:47+00:00","breadcrumb":{"@id":"https:\/\/denizcankizil.tr\/uk\/haberler\/gundem\/baskan-ari-12-mart-kurtulus-mucadelesinin-misralara-dokulmus-halidir\/#breadcrumb"},"inLanguage":"uk","potentialAction":[{"@type":"ReadAction","target":["https:\/\/denizcankizil.tr\/uk\/haberler\/gundem\/baskan-ari-12-mart-kurtulus-mucadelesinin-misralara-dokulmus-halidir\/"]}]},{"@type":"BreadcrumbList","@id":"https:\/\/denizcankizil.tr\/uk\/haberler\/gundem\/baskan-ari-12-mart-kurtulus-mucadelesinin-misralara-dokulmus-halidir\/#breadcrumb","itemListElement":[{"@type":"ListItem","position":1,"name":"Home","item":"https:\/\/denizcankizil.tr\/de\/"},{"@type":"ListItem","position":2,"name":"Ba\u015fkan Ar\u0131 \u201c12 Mart Kurtulu\u015f M\u00fccadelesinin M\u0131sralara D\u00f6k\u00fclm\u00fc\u015f Halidir\u201d"}]},{"@type":"WebSite","@id":"https:\/\/denizcankizil.tr\/#website","url":"https:\/\/denizcankizil.tr\/","name":"Av. Deniz Can K\u0131z\u0131l","description":"Avukat Deniz Can K\u0131z\u0131l Antalya Barosu","publisher":{"@id":"https:\/\/denizcankizil.tr\/#organization"},"potentialAction":[{"@type":"SearchAction","target":{"@type":"EntryPoint","urlTemplate":"https:\/\/denizcankizil.tr\/?s={search_term_string}"},"query-input":{"@type":"PropertyValueSpecification","valueRequired":true,"valueName":"search_term_string"}}],"inLanguage":"uk"},{"@type":"Organization","@id":"https:\/\/denizcankizil.tr\/#organization","name":"Av. Deniz Can K\u0131z\u0131l","url":"https:\/\/denizcankizil.tr\/","logo":{"@type":"ImageObject","inLanguage":"uk","@id":"https:\/\/denizcankizil.tr\/#\/schema\/logo\/image\/","url":"https:\/\/denizcankizil.tr\/wp-content\/uploads\/2024\/10\/siyah-logo-svg.svg","contentUrl":"https:\/\/denizcankizil.tr\/wp-content\/uploads\/2024\/10\/siyah-logo-svg.svg","width":1080,"height":1080,"caption":"Av. Deniz Can K\u0131z\u0131l"},"image":{"@id":"https:\/\/denizcankizil.tr\/#\/schema\/logo\/image\/"}},{"@type":"Person","@id":"https:\/\/denizcankizil.tr\/#\/schema\/person\/be3c05fe6a12686905512445d8185489","name":"\u0430\u0434\u043c\u0456\u043d","image":{"@type":"ImageObject","inLanguage":"uk","@id":"https:\/\/denizcankizil.tr\/#\/schema\/person\/image\/","url":"https:\/\/secure.gravatar.com\/avatar\/c1fce94c830dc79107e174f890d7210541c4a63e8e5d816341794a2151c9d58c?s=96&d=mm&r=g","contentUrl":"https:\/\/secure.gravatar.com\/avatar\/c1fce94c830dc79107e174f890d7210541c4a63e8e5d816341794a2151c9d58c?s=96&d=mm&r=g","caption":"admin"},"sameAs":["http:\/\/denizcankizil.tr"],"url":"https:\/\/www.iskenderun.org\/baskan-ari-12-mart-kurtulus-mucadelesinin-misralara-dokulmus-halidir"}]}},"_links":{"self":[{"href":"https:\/\/denizcankizil.tr\/uk\/wp-json\/wp\/v2\/posts\/35552","targetHints":{"allow":["GET"]}}],"collection":[{"href":"https:\/\/denizcankizil.tr\/uk\/wp-json\/wp\/v2\/posts"}],"about":[{"href":"https:\/\/denizcankizil.tr\/uk\/wp-json\/wp\/v2\/types\/post"}],"author":[{"embeddable":true,"href":"https:\/\/denizcankizil.tr\/uk\/wp-json\/wp\/v2\/users\/1"}],"replies":[{"embeddable":true,"href":"https:\/\/denizcankizil.tr\/uk\/wp-json\/wp\/v2\/comments?post=35552"}],"version-history":[{"count":1,"href":"https:\/\/denizcankizil.tr\/uk\/wp-json\/wp\/v2\/posts\/35552\/revisions"}],"predecessor-version":[{"id":35935,"href":"https:\/\/denizcankizil.tr\/uk\/wp-json\/wp\/v2\/posts\/35552\/revisions\/35935"}],"wp:attachment":[{"href":"https:\/\/denizcankizil.tr\/uk\/wp-json\/wp\/v2\/media?parent=35552"}],"wp:term":[{"taxonomy":"category","embeddable":true,"href":"https:\/\/denizcankizil.tr\/uk\/wp-json\/wp\/v2\/categories?post=35552"},{"taxonomy":"post_tag","embeddable":true,"href":"https:\/\/denizcankizil.tr\/uk\/wp-json\/wp\/v2\/tags?post=35552"}],"curies":[{"name":"wp","href":"https:\/\/api.w.org\/{rel}","templated":true}]}}