{"id":35529,"date":"2025-03-12T22:41:18","date_gmt":"2025-03-12T19:41:18","guid":{"rendered":"https:\/\/denizcankizil.tr\/uncategorized-tr\/antalyada-fadimi-oldren-koca-tehdit-icerikli-ses-kayitlarina-kurgu-dedi\/"},"modified":"2025-03-16T00:43:55","modified_gmt":"2025-03-15T21:43:55","slug":"antalyada-fadimi-oldren-koca-tehdit-icerikli-ses-kayitlarina-kurgu-dedi","status":"publish","type":"post","link":"https:\/\/denizcankizil.tr\/uk\/haberler\/gundem\/antalyada-fadimi-oldren-koca-tehdit-icerikli-ses-kayitlarina-kurgu-dedi\/","title":{"rendered":"Antalya\u2019da Fadim\u2019i \u00f6ld*ren koca, tehdit i\u00e7erikli ses kay\u0131tlar\u0131na \u2018kurgu\u2019 dedi"},"content":{"rendered":"<p>Antalya\u2019n\u0131n Konyaalt\u0131 il\u00e7esi Hurma Mahallesi&#8217;ndeki Atapark Konutlar\u0131 Sitesi&#8217;nin y\u00f6neticisi 52 ya\u015f\u0131ndaki Fadim Temirhano\u011fullar\u0131&#8217;n\u0131n 3 ay uzakla\u015ft\u0131rma karar\u0131 ald\u0131rd\u0131\u011f\u0131 bo\u015fanma a\u015famas\u0131ndaki e\u015fi 48 ya\u015f\u0131ndaki Sava\u015f Temirhano\u011fullar\u0131, 12 Eyl\u00fcl 2024&#8217;te saat 05.00 s\u0131ralar\u0131nda eve geldi. Sava\u015f Temirhano\u011fullar\u0131, tabancayla e\u015fine ate\u015f edip ka\u00e7t\u0131. Bu s\u0131rada odas\u0131nda uyurken, silah seslerine uyanan \u00e7iftin k\u0131zlar\u0131 \u0130.T. (15), kabus g\u00f6rd\u00fc\u011f\u00fcn\u00fc d\u00fc\u015f\u00fcn\u00fcp yeniden uyudu. Lise \u00f6\u011frencisi \u0130.T., saat 08.30 s\u0131ralar\u0131nda okul arkada\u015f\u0131ndan gelen telefonla uyand\u0131.<\/p>\n<p>UYANINCA ANNES\u0130N\u0130 \u00d6L\u00dc BULDU\u00a0<\/p>\n<p>Odas\u0131ndan \u00e7\u0131kan \u0130.T., annesini kan i\u00e7inde g\u00f6r\u00fcnce evden \u00e7\u0131k\u0131p, kar\u015f\u0131 kom\u015fusunun kap\u0131s\u0131n\u0131 \u00e7ald\u0131. Eve gelen kom\u015fular\u0131 112 Acil \u00c7a\u011fr\u0131 Merkezine haber verdi. Adrese sevk edilen sa\u011fl\u0131k g\u00f6revlileri, Fadim Temirhano\u011fullar\u0131&#8217;n\u0131n ya\u015fam\u0131n\u0131 yitirdi\u011fini belirledi. Polis, Kemer il\u00e7esinde bir e\u011flence merkezinde koruma olarak \u00e7al\u0131\u015ft\u0131\u011f\u0131 belirlenen Sava\u015f Temirhano\u011fullar\u0131&#8217;n\u0131 yakalamak i\u00e7in \u00e7al\u0131\u015fma ba\u015flatt\u0131.<\/p>\n<p>C\u0130NAYET \u015e\u00dcPHEL\u0130S\u0130 ESK\u0130 E\u015e YAKALANDI\u00a0<\/p>\n<p>G\u00fcvenlik kameras\u0131 g\u00f6r\u00fcnt\u00fclerini inceleyen Cinayet B\u00fcro Amirli\u011fi ekipleri, Sava\u015f Temirhano\u011fullar\u0131&#8217;n\u0131n, arkada\u015f\u0131 Fikret \u0130nal&#8217;\u0131n arac\u0131yla Korkuteli il\u00e7esine gitti\u011fini tespit etti. Ekipler, Temirhano\u011fullar\u0131 ve Fikret \u0130nal&#8217;\u0131 sakland\u0131klar\u0131 yerde, su\u00e7 aleti tabancayla yakalad\u0131. \u015e\u00fcphelilerden Sava\u015f Temirhano\u011fullar\u0131 tutukland\u0131, ka\u00e7mas\u0131na yard\u0131m etti\u011fi \u00f6ne s\u00fcr\u00fclen arkada\u015f\u0131 Fikret \u0130nal serbest b\u0131rak\u0131ld\u0131.<\/p>\n<p>DETAYI OTOPS\u0130 RAPOR HAZIRLANDI\u00a0<\/p>\n<p>Olayla ilgili Antalya 1. A\u011f\u0131r Ceza Mahkemesi&#8217;nde hakk\u0131nda dava a\u00e7\u0131lan Sava\u015f Temirhano\u011fullar\u0131\u2019n\u0131n yarg\u0131lamas\u0131na devam edildi. Fadim Temirhao\u011fllar\u0131\u2019na ait detayl\u0131 otopsi raporu mahkeme heyetine sunuldu. Otopsi raporunda, Temirhano\u011fullar\u0131\u2019na 9 kur\u015fun isabet etti\u011fi belirlendi.<\/p>\n<p>SES KAYITLARI ORTAYA \u00c7IKTI\u00a0<\/p>\n<p>Fadim Temirhano\u011fullar\u0131 taraf\u0131ndan \u00f6lmeden \u00f6nce kaydetti\u011fi iddia edilen ve san\u0131k Sava\u015f Temirhano\u011fullar\u0131\u2019na ait oldu\u011fu belirlenen ses kay\u0131tlar\u0131 da mahkeme heyetine sunuldu. Kay\u0131tlarda, Sava\u015f Temirhano\u011fullar\u0131\u2019n\u0131n maktule kar\u015f\u0131 tehditlerinin bulundu\u011fu iddia edildi.<\/p>\n<p>ANNES\u0130 \u0130\u00c7\u0130N YARDIM \u0130STEYEN KIZIN \u00c7ARES\u0130ZL\u0130\u011e\u0130\u00a0<\/p>\n<p>Mahkeme salonunda \u0130.T. ile 112 Acil \u00c7a\u011fr\u0131 Merkezi g\u00f6revlisi aras\u0131nda ge\u00e7en telefon konu\u015fmalar\u0131 da dinletildi. \u0130.T.\u2019nin \u015fok halinde durumu ekiplere anlatmas\u0131 ve yard\u0131m isterken a\u011flad\u0131\u011f\u0131 anlar kay\u0131tlarda yer ald\u0131. Olay g\u00fcn\u00fcne ait ses kay\u0131tlar\u0131nda \u0130.T.\u2019nin annesi i\u00e7in a\u011flad\u0131\u011f\u0131 anlar\u0131 duyan mahkeme salonundaki yak\u0131nlar\u0131 g\u00f6zya\u015flar\u0131n\u0131 tutamad\u0131. Yine olay g\u00fcn\u00fc san\u0131klar\u0131n maktul\u00fcn evine geldi\u011fi anlar da salonda izletildi.<\/p>\n<p>\u201cE\u015e\u0130M\u0130N A\u0130LES\u0130 KURGULUYOR\u201d<\/p>\n<p>Ses kay\u0131tlar\u0131 hakk\u0131nda savunma yapan san\u0131k Sava\u015f Temirhano\u011fullar\u0131, \u201cKurgudan bahsediliyor. Mahkeme s\u00fcrecinde benim i\u00e7in canavar, t*cav\u00fczc\u00fc ve s*p\u0131k alg\u0131s\u0131 olu\u015fturulmaya \u00e7al\u0131\u015f\u0131l\u0131yor. Ses kay\u0131tlar\u0131na ili\u015fkin, e\u015fim ve k\u0131z\u0131m evden gitti\u011fini bilmiyordum. Ben de evimize gittim. K\u0131z\u0131m\u0131 arad\u0131m, evden gittiklerini s\u00f6yledi. Karde\u015fimle konu\u015ftuysam da konu\u015ftum. Kad\u0131n \u00f6ld*ren adam de\u011fildim. Bir cinnet an\u0131 oldu. Olay g\u00fcn\u00fc 9 el ate\u015f etti\u011fimin fark\u0131nda de\u011fildim. Bir dara\u011fac\u0131 olsa kafam\u0131 koymaktan \u00e7ekinmem. E\u015fimin ailesi kurguluyor\u201d dedi.<\/p>\n<p>\u201cANNES\u0130 \u00d6LD\u00dc VE BABASI B\u0130R K*T\u0130L\u201d<\/p>\n<p>Fadim Temirhano\u011fullar\u0131&#8217;n\u0131n k\u0131zkarde\u015fi Canan Ate\u015f, ablas\u0131n\u0131n evlili\u011fi boyunca tehdit edildi\u011fini belirterek, \u201cKatil ablam\u0131 tehdit ediyor. Ablam \u00f6lmeden \u00f6nce \u2018Bo\u015fanmak i\u00e7in avukat\u0131ma vekalet vereceksin\u2019 diyor. Ablam\u0131n Sava\u015f\u2019tan korktu\u011fu i\u00e7in kaydetti\u011fi ses kay\u0131tlar\u0131 var. Ses kay\u0131tlar\u0131nda san\u0131k ablam i\u00e7in \u2018Onun aya\u011f\u0131 elbet bir g\u00fcn ta\u015fa tak\u0131lacak\u2019 diyor. Ablam g\u00f6r\u00fcmcelerine \u2018Sava\u015f\u2019\u0131 al\u0131n ba\u015f\u0131mdan\u2019 diye mesajlar atm\u0131\u015f. O kadar korkuyormu\u015f ki hep bu kay\u0131tlar\u0131 b\u0131rakm\u0131\u015f. Ablam\u0131n k\u0131z\u0131 \u0130.T., bask\u0131 alt\u0131nda ve \u00e7ok \u00fczg\u00fcn\u00fcm. Daha 14 ya\u015f\u0131nda ve onu anlayabiliyorum. Annesi \u00f6ld\u00fc ve babas\u0131 bir k*til. Fikret\u2019in de ablam\u0131 \u00f6ld*rd\u00fc\u011f\u00fcn\u00fc d\u00fc\u015f\u00fcn\u00fcyorum. Ablam daha \u00f6nce Fikret\u2019i madde kulland\u0131\u011f\u0131 i\u00e7in i\u015ften \u00e7\u0131karm\u0131\u015ft\u0131. San\u0131klar bu c*nayeti tasarlayarak i\u015flemi\u015fler ama farkl\u0131 konu\u015fuyorlar\u201d ifadelerini kulland\u0131.<\/p>\n<p>\u201cBEN\u0130M \u00c7OCU\u011eUMU BENDEN KOPARDILAR\u201d<\/p>\n<p>Fadim Temirhano\u011fullar\u0131&#8217;n\u0131n annesi Mediha Sa\u00e7l\u0131 ise ifadesinde, \u201c\u0130fadeyi verenler yalan s\u00f6yl\u00fcyor. Bu katil benim \u00e7ocu\u011fumu hayattan kopard\u0131. Torunumu tehdit ediyorlar. Ba\u015fka bir video kayd\u0131nda babas\u0131 torunum \u0130.T.\u2019yi de tehdit ediyor. Katillerden \u015fikayet\u00e7iyim. Benim \u00e7ocu\u011fumu benden kopard\u0131lar\u201d s\u00f6zlerini kaydetti.\u00a0 Mahkeme heyeti, san\u0131k hakk\u0131nda akli dengesinin yerinde oldu\u011funa dair al\u0131nan raporun kabul\u00fcne, ba\u015fka bir rapora gerek olmad\u0131\u011f\u0131na, mahkemeye sunulan Sava\u015f Temirhano\u011fullar\u0131\u2019na ait ses kay\u0131tlar\u0131n\u0131n bilirki\u015fi taraf\u0131ndan \u00e7\u00f6z\u00fcmlenmesine karar verdi. San\u0131k Sava\u015f Temirhano\u011fullar\u0131\u2019n\u0131n tutuklulu\u011funun devam\u0131na karar verilerek duru\u015fma ertelendi.<\/p>\n<p>\u00a0<\/p>\n<p>\u200bAntalya\u2019da bo\u015fanma a\u015fmas\u0131ndaki e\u015fi Sava\u015f Temirhano\u011fullar\u0131 taraf\u0131ndan \u00f6ld\u00fcr\u00fclen Fadim Temirhano\u011fullar\u0131 davas\u0131nda yeni geli\u015fmeler ya\u015fand\u0131. Sava\u015f Temirhano\u011fullar\u0131\u2019na ait oldu\u011fu belirlenen tehdit i\u00e7erikli ses kay\u0131tlar\u0131 mahkemeye sunulurken, koca ise ses kay\u0131tlar\u0131n\u0131n e\u015finin ailesi taraf\u0131ndan kurguland\u0131\u011f\u0131n\u0131 iddia etti.\u00a0<\/p>\n<p>\u200bHaberin Al\u0131nt\u0131land\u0131\u011f\u0131 Kaynak: www.antalyakorfez.com<\/p>","protected":false},"excerpt":{"rendered":"<p>Antalya\u2019n\u0131n Konyaalt\u0131 il\u00e7esi Hurma Mahallesi&#8217;ndeki Atapark Konutlar\u0131 Sitesi&#8217;nin y\u00f6neticisi 52 ya\u015f\u0131ndaki Fadim Temirhano\u011fullar\u0131&#8217;n\u0131n 3 ay uzakla\u015ft\u0131rma karar\u0131 ald\u0131rd\u0131\u011f\u0131 bo\u015fanma a\u015famas\u0131ndaki e\u015fi 48 ya\u015f\u0131ndaki Sava\u015f Temirhano\u011fullar\u0131, 12 Eyl\u00fcl 2024&#8217;te saat 05.00 s\u0131ralar\u0131nda eve geldi. Sava\u015f Temirhano\u011fullar\u0131, tabancayla e\u015fine ate\u015f edip ka\u00e7t\u0131. Bu s\u0131rada odas\u0131nda uyurken, silah seslerine uyanan \u00e7iftin k\u0131zlar\u0131 \u0130.T. (15), kabus g\u00f6rd\u00fc\u011f\u00fcn\u00fc d\u00fc\u015f\u00fcn\u00fcp yeniden uyudu. Lise \u00f6\u011frencisi \u0130.T., saat 08.30 s\u0131ralar\u0131nda okul arkada\u015f\u0131ndan gelen telefonla uyand\u0131. UYANINCA ANNES\u0130N\u0130 \u00d6L\u00dc BULDU\u00a0 Odas\u0131ndan \u00e7\u0131kan \u0130.T., annesini kan i\u00e7inde g\u00f6r\u00fcnce evden \u00e7\u0131k\u0131p, kar\u015f\u0131 kom\u015fusunun kap\u0131s\u0131n\u0131 \u00e7ald\u0131. Eve gelen kom\u015fular\u0131 112 Acil \u00c7a\u011fr\u0131 Merkezine haber verdi. Adrese sevk edilen sa\u011fl\u0131k g\u00f6revlileri, Fadim Temirhano\u011fullar\u0131&#8217;n\u0131n ya\u015fam\u0131n\u0131 yitirdi\u011fini belirledi. Polis, Kemer il\u00e7esinde bir e\u011flence merkezinde koruma olarak \u00e7al\u0131\u015ft\u0131\u011f\u0131 belirlenen Sava\u015f Temirhano\u011fullar\u0131&#8217;n\u0131 yakalamak i\u00e7in \u00e7al\u0131\u015fma ba\u015flatt\u0131. C\u0130NAYET \u015e\u00dcPHEL\u0130S\u0130 ESK\u0130 E\u015e YAKALANDI\u00a0 G\u00fcvenlik kameras\u0131 g\u00f6r\u00fcnt\u00fclerini inceleyen Cinayet B\u00fcro Amirli\u011fi ekipleri, Sava\u015f Temirhano\u011fullar\u0131&#8217;n\u0131n, arkada\u015f\u0131 Fikret \u0130nal&#8217;\u0131n arac\u0131yla Korkuteli il\u00e7esine gitti\u011fini tespit etti. Ekipler, Temirhano\u011fullar\u0131 ve Fikret \u0130nal&#8217;\u0131 sakland\u0131klar\u0131 yerde, su\u00e7 aleti tabancayla yakalad\u0131. \u015e\u00fcphelilerden Sava\u015f Temirhano\u011fullar\u0131 tutukland\u0131, ka\u00e7mas\u0131na yard\u0131m etti\u011fi \u00f6ne s\u00fcr\u00fclen arkada\u015f\u0131 Fikret \u0130nal serbest b\u0131rak\u0131ld\u0131. DETAYI OTOPS\u0130 RAPOR HAZIRLANDI\u00a0 Olayla ilgili Antalya 1. A\u011f\u0131r Ceza Mahkemesi&#8217;nde hakk\u0131nda dava a\u00e7\u0131lan Sava\u015f Temirhano\u011fullar\u0131\u2019n\u0131n yarg\u0131lamas\u0131na devam edildi. Fadim Temirhao\u011fllar\u0131\u2019na ait detayl\u0131 otopsi raporu mahkeme heyetine sunuldu. Otopsi raporunda, Temirhano\u011fullar\u0131\u2019na 9 &hellip;<\/p>","protected":false},"author":5,"featured_media":0,"comment_status":"closed","ping_status":"open","sticky":false,"template":"","format":"standard","meta":{"_acf_changed":false,"footnotes":""},"categories":[24],"tags":[],"class_list":["post-35529","post","type-post","status-publish","format-standard","has-post-thumbnail","hentry","category-gundem"],"acf":[],"yoast_head":"<!-- This site is optimized with the Yoast SEO Premium plugin v26.6 (Yoast SEO v27.1.1) - https:\/\/yoast.com\/product\/yoast-seo-premium-wordpress\/ -->\n<title>Antalya\u2019da Fadim\u2019i \u00f6ld*ren koca, tehdit i\u00e7erikli ses kay\u0131tlar\u0131na \u2018kurgu\u2019 dedi - Av. Deniz Can K\u0131z\u0131l<\/title>\n<meta name=\"robots\" content=\"index, follow, max-snippet:-1, max-image-preview:large, max-video-preview:-1\" \/>\n<link rel=\"canonical\" href=\"https:\/\/denizcankizil.tr\/uk\/haberler\/gundem\/antalyada-fadimi-oldren-koca-tehdit-icerikli-ses-kayitlarina-kurgu-dedi\/\" \/>\n<meta property=\"og:locale\" content=\"uk_UA\" \/>\n<meta property=\"og:type\" content=\"article\" \/>\n<meta property=\"og:title\" content=\"Antalya\u2019da Fadim\u2019i \u00f6ld*ren koca, tehdit i\u00e7erikli ses kay\u0131tlar\u0131na \u2018kurgu\u2019 dedi\" \/>\n<meta property=\"og:description\" content=\"Antalya\u2019n\u0131n Konyaalt\u0131 il\u00e7esi Hurma Mahallesi&#8217;ndeki Atapark Konutlar\u0131 Sitesi&#8217;nin y\u00f6neticisi 52 ya\u015f\u0131ndaki Fadim Temirhano\u011fullar\u0131&#8217;n\u0131n 3 ay uzakla\u015ft\u0131rma karar\u0131 ald\u0131rd\u0131\u011f\u0131 bo\u015fanma a\u015famas\u0131ndaki e\u015fi 48 ya\u015f\u0131ndaki Sava\u015f Temirhano\u011fullar\u0131, 12 Eyl\u00fcl 2024&#8217;te saat 05.00 s\u0131ralar\u0131nda eve geldi. Sava\u015f Temirhano\u011fullar\u0131, tabancayla e\u015fine ate\u015f edip ka\u00e7t\u0131. Bu s\u0131rada odas\u0131nda uyurken, silah seslerine uyanan \u00e7iftin k\u0131zlar\u0131 \u0130.T. (15), kabus g\u00f6rd\u00fc\u011f\u00fcn\u00fc d\u00fc\u015f\u00fcn\u00fcp yeniden uyudu. Lise \u00f6\u011frencisi \u0130.T., saat 08.30 s\u0131ralar\u0131nda okul arkada\u015f\u0131ndan gelen telefonla uyand\u0131. UYANINCA ANNES\u0130N\u0130 \u00d6L\u00dc BULDU\u00a0 Odas\u0131ndan \u00e7\u0131kan \u0130.T., annesini kan i\u00e7inde g\u00f6r\u00fcnce evden \u00e7\u0131k\u0131p, kar\u015f\u0131 kom\u015fusunun kap\u0131s\u0131n\u0131 \u00e7ald\u0131. Eve gelen kom\u015fular\u0131 112 Acil \u00c7a\u011fr\u0131 Merkezine haber verdi. Adrese sevk edilen sa\u011fl\u0131k g\u00f6revlileri, Fadim Temirhano\u011fullar\u0131&#8217;n\u0131n ya\u015fam\u0131n\u0131 yitirdi\u011fini belirledi. Polis, Kemer il\u00e7esinde bir e\u011flence merkezinde koruma olarak \u00e7al\u0131\u015ft\u0131\u011f\u0131 belirlenen Sava\u015f Temirhano\u011fullar\u0131&#8217;n\u0131 yakalamak i\u00e7in \u00e7al\u0131\u015fma ba\u015flatt\u0131. C\u0130NAYET \u015e\u00dcPHEL\u0130S\u0130 ESK\u0130 E\u015e YAKALANDI\u00a0 G\u00fcvenlik kameras\u0131 g\u00f6r\u00fcnt\u00fclerini inceleyen Cinayet B\u00fcro Amirli\u011fi ekipleri, Sava\u015f Temirhano\u011fullar\u0131&#8217;n\u0131n, arkada\u015f\u0131 Fikret \u0130nal&#8217;\u0131n arac\u0131yla Korkuteli il\u00e7esine gitti\u011fini tespit etti. Ekipler, Temirhano\u011fullar\u0131 ve Fikret \u0130nal&#8217;\u0131 sakland\u0131klar\u0131 yerde, su\u00e7 aleti tabancayla yakalad\u0131. \u015e\u00fcphelilerden Sava\u015f Temirhano\u011fullar\u0131 tutukland\u0131, ka\u00e7mas\u0131na yard\u0131m etti\u011fi \u00f6ne s\u00fcr\u00fclen arkada\u015f\u0131 Fikret \u0130nal serbest b\u0131rak\u0131ld\u0131. DETAYI OTOPS\u0130 RAPOR HAZIRLANDI\u00a0 Olayla ilgili Antalya 1. A\u011f\u0131r Ceza Mahkemesi&#8217;nde hakk\u0131nda dava a\u00e7\u0131lan Sava\u015f Temirhano\u011fullar\u0131\u2019n\u0131n yarg\u0131lamas\u0131na devam edildi. Fadim Temirhao\u011fllar\u0131\u2019na ait detayl\u0131 otopsi raporu mahkeme heyetine sunuldu. Otopsi raporunda, Temirhano\u011fullar\u0131\u2019na 9 &hellip;\" \/>\n<meta property=\"og:url\" content=\"https:\/\/denizcankizil.tr\/uk\/haberler\/gundem\/antalyada-fadimi-oldren-koca-tehdit-icerikli-ses-kayitlarina-kurgu-dedi\/\" \/>\n<meta property=\"og:site_name\" content=\"Av. Deniz Can K\u0131z\u0131l\" \/>\n<meta property=\"article:published_time\" content=\"2025-03-12T19:41:18+00:00\" \/>\n<meta property=\"article:modified_time\" content=\"2025-03-15T21:43:55+00:00\" \/>\n<meta name=\"author\" content=\"Antalya K\u00f6rfez\" \/>\n<meta name=\"twitter:card\" content=\"summary_large_image\" \/>\n<meta name=\"twitter:label1\" content=\"\u041d\u0430\u043f\u0438\u0441\u0430\u043d\u043e\" \/>\n\t<meta name=\"twitter:data1\" content=\"Antalya K\u00f6rfez\" \/>\n\t<meta name=\"twitter:label2\" content=\"\u041f\u0440\u0438\u0431\u043b. \u0447\u0430\u0441 \u0447\u0438\u0442\u0430\u043d\u043d\u044f\" \/>\n\t<meta name=\"twitter:data2\" content=\"4 \u0445\u0432\u0438\u043b\u0438\u043d\u0438\" \/>\n<script type=\"application\/ld+json\" class=\"yoast-schema-graph\">{\"@context\":\"https:\/\/schema.org\",\"@graph\":[{\"@type\":\"Article\",\"@id\":\"https:\/\/denizcankizil.tr\/uk\/haberler\/gundem\/antalyada-fadimi-oldren-koca-tehdit-icerikli-ses-kayitlarina-kurgu-dedi\/#article\",\"isPartOf\":{\"@id\":\"https:\/\/denizcankizil.tr\/uk\/haberler\/gundem\/antalyada-fadimi-oldren-koca-tehdit-icerikli-ses-kayitlarina-kurgu-dedi\/\"},\"author\":{\"name\":\"Antalya K\u00f6rfez\",\"@id\":\"https:\/\/denizcankizil.tr\/de\/#\/schema\/person\/e1eb71bb4dd684d46563f0af307e1234\"},\"headline\":\"Antalya\u2019da Fadim\u2019i \u00f6ld*ren koca, tehdit i\u00e7erikli ses kay\u0131tlar\u0131na \u2018kurgu\u2019 dedi\",\"datePublished\":\"2025-03-12T19:41:18+00:00\",\"dateModified\":\"2025-03-15T21:43:55+00:00\",\"mainEntityOfPage\":{\"@id\":\"https:\/\/denizcankizil.tr\/uk\/haberler\/gundem\/antalyada-fadimi-oldren-koca-tehdit-icerikli-ses-kayitlarina-kurgu-dedi\/\"},\"wordCount\":909,\"publisher\":{\"@id\":\"https:\/\/denizcankizil.tr\/de\/#organization\"},\"articleSection\":[\"G\u00fcndem\"],\"inLanguage\":\"uk\"},{\"@type\":\"WebPage\",\"@id\":\"https:\/\/denizcankizil.tr\/uk\/haberler\/gundem\/antalyada-fadimi-oldren-koca-tehdit-icerikli-ses-kayitlarina-kurgu-dedi\/\",\"url\":\"https:\/\/denizcankizil.tr\/uk\/haberler\/gundem\/antalyada-fadimi-oldren-koca-tehdit-icerikli-ses-kayitlarina-kurgu-dedi\/\",\"name\":\"Antalya\u2019da Fadim\u2019i \u00f6ld*ren koca, tehdit i\u00e7erikli ses kay\u0131tlar\u0131na \u2018kurgu\u2019 dedi - Av. Deniz Can K\u0131z\u0131l\",\"isPartOf\":{\"@id\":\"https:\/\/denizcankizil.tr\/de\/#website\"},\"datePublished\":\"2025-03-12T19:41:18+00:00\",\"dateModified\":\"2025-03-15T21:43:55+00:00\",\"breadcrumb\":{\"@id\":\"https:\/\/denizcankizil.tr\/uk\/haberler\/gundem\/antalyada-fadimi-oldren-koca-tehdit-icerikli-ses-kayitlarina-kurgu-dedi\/#breadcrumb\"},\"inLanguage\":\"uk\",\"potentialAction\":[{\"@type\":\"ReadAction\",\"target\":[\"https:\/\/denizcankizil.tr\/uk\/haberler\/gundem\/antalyada-fadimi-oldren-koca-tehdit-icerikli-ses-kayitlarina-kurgu-dedi\/\"]}]},{\"@type\":\"BreadcrumbList\",\"@id\":\"https:\/\/denizcankizil.tr\/uk\/haberler\/gundem\/antalyada-fadimi-oldren-koca-tehdit-icerikli-ses-kayitlarina-kurgu-dedi\/#breadcrumb\",\"itemListElement\":[{\"@type\":\"ListItem\",\"position\":1,\"name\":\"Home\",\"item\":\"https:\/\/denizcankizil.tr\/de\/\"},{\"@type\":\"ListItem\",\"position\":2,\"name\":\"Antalya\u2019da Fadim\u2019i \u00f6ld*ren koca, tehdit i\u00e7erikli ses kay\u0131tlar\u0131na \u2018kurgu\u2019 dedi\"}]},{\"@type\":\"WebSite\",\"@id\":\"https:\/\/denizcankizil.tr\/de\/#website\",\"url\":\"https:\/\/denizcankizil.tr\/de\/\",\"name\":\"Av. Deniz Can K\u0131z\u0131l\",\"description\":\"Avukat Deniz Can K\u0131z\u0131l Antalya Barosu\",\"publisher\":{\"@id\":\"https:\/\/denizcankizil.tr\/de\/#organization\"},\"potentialAction\":[{\"@type\":\"SearchAction\",\"target\":{\"@type\":\"EntryPoint\",\"urlTemplate\":\"https:\/\/denizcankizil.tr\/de\/?s={search_term_string}\"},\"query-input\":{\"@type\":\"PropertyValueSpecification\",\"valueRequired\":true,\"valueName\":\"search_term_string\"}}],\"inLanguage\":\"uk\"},{\"@type\":\"Organization\",\"@id\":\"https:\/\/denizcankizil.tr\/de\/#organization\",\"name\":\"Av. Deniz Can K\u0131z\u0131l\",\"url\":\"https:\/\/denizcankizil.tr\/de\/\",\"logo\":{\"@type\":\"ImageObject\",\"inLanguage\":\"uk\",\"@id\":\"https:\/\/denizcankizil.tr\/de\/#\/schema\/logo\/image\/\",\"url\":\"https:\/\/denizcankizil.tr\/wp-content\/uploads\/2024\/10\/siyah-logo-svg.svg\",\"contentUrl\":\"https:\/\/denizcankizil.tr\/wp-content\/uploads\/2024\/10\/siyah-logo-svg.svg\",\"width\":1080,\"height\":1080,\"caption\":\"Av. Deniz Can K\u0131z\u0131l\"},\"image\":{\"@id\":\"https:\/\/denizcankizil.tr\/de\/#\/schema\/logo\/image\/\"}},{\"@type\":\"Person\",\"@id\":\"https:\/\/denizcankizil.tr\/de\/#\/schema\/person\/e1eb71bb4dd684d46563f0af307e1234\",\"name\":\"Antalya K\u00f6rfez\",\"image\":{\"@type\":\"ImageObject\",\"inLanguage\":\"uk\",\"@id\":\"https:\/\/denizcankizil.tr\/de\/#\/schema\/person\/image\/\",\"url\":\"https:\/\/secure.gravatar.com\/avatar\/42b01982558a48a0b501fdcab6a408d3717ea5919095ee2e67b0e521799c5905?s=96&d=mm&r=g\",\"contentUrl\":\"https:\/\/secure.gravatar.com\/avatar\/42b01982558a48a0b501fdcab6a408d3717ea5919095ee2e67b0e521799c5905?s=96&d=mm&r=g\",\"caption\":\"Antalya K\u00f6rfez\"},\"sameAs\":[\"http:\/\/www.antalyakorfez.com\"],\"url\":\"https:\/\/www.antalyakorfez.com\/antalyada-fadimi-oldren-koca-tehdit-icerikli-ses-kayitlarina-kurgu-dedi\"}]}<\/script>\n<!-- \/ Yoast SEO Premium plugin. -->","yoast_head_json":{"title":"Antalya\u2019da Fadim\u2019i \u00f6ld*ren koca, tehdit i\u00e7erikli ses kay\u0131tlar\u0131na \u2018kurgu\u2019 dedi - Av. Deniz Can K\u0131z\u0131l","robots":{"index":"index","follow":"follow","max-snippet":"max-snippet:-1","max-image-preview":"max-image-preview:large","max-video-preview":"max-video-preview:-1"},"canonical":"https:\/\/denizcankizil.tr\/uk\/haberler\/gundem\/antalyada-fadimi-oldren-koca-tehdit-icerikli-ses-kayitlarina-kurgu-dedi\/","og_locale":"uk_UA","og_type":"article","og_title":"Antalya\u2019da Fadim\u2019i \u00f6ld*ren koca, tehdit i\u00e7erikli ses kay\u0131tlar\u0131na \u2018kurgu\u2019 dedi","og_description":"Antalya\u2019n\u0131n Konyaalt\u0131 il\u00e7esi Hurma Mahallesi&#8217;ndeki Atapark Konutlar\u0131 Sitesi&#8217;nin y\u00f6neticisi 52 ya\u015f\u0131ndaki Fadim Temirhano\u011fullar\u0131&#8217;n\u0131n 3 ay uzakla\u015ft\u0131rma karar\u0131 ald\u0131rd\u0131\u011f\u0131 bo\u015fanma a\u015famas\u0131ndaki e\u015fi 48 ya\u015f\u0131ndaki Sava\u015f Temirhano\u011fullar\u0131, 12 Eyl\u00fcl 2024&#8217;te saat 05.00 s\u0131ralar\u0131nda eve geldi. Sava\u015f Temirhano\u011fullar\u0131, tabancayla e\u015fine ate\u015f edip ka\u00e7t\u0131. Bu s\u0131rada odas\u0131nda uyurken, silah seslerine uyanan \u00e7iftin k\u0131zlar\u0131 \u0130.T. (15), kabus g\u00f6rd\u00fc\u011f\u00fcn\u00fc d\u00fc\u015f\u00fcn\u00fcp yeniden uyudu. Lise \u00f6\u011frencisi \u0130.T., saat 08.30 s\u0131ralar\u0131nda okul arkada\u015f\u0131ndan gelen telefonla uyand\u0131. UYANINCA ANNES\u0130N\u0130 \u00d6L\u00dc BULDU\u00a0 Odas\u0131ndan \u00e7\u0131kan \u0130.T., annesini kan i\u00e7inde g\u00f6r\u00fcnce evden \u00e7\u0131k\u0131p, kar\u015f\u0131 kom\u015fusunun kap\u0131s\u0131n\u0131 \u00e7ald\u0131. Eve gelen kom\u015fular\u0131 112 Acil \u00c7a\u011fr\u0131 Merkezine haber verdi. Adrese sevk edilen sa\u011fl\u0131k g\u00f6revlileri, Fadim Temirhano\u011fullar\u0131&#8217;n\u0131n ya\u015fam\u0131n\u0131 yitirdi\u011fini belirledi. Polis, Kemer il\u00e7esinde bir e\u011flence merkezinde koruma olarak \u00e7al\u0131\u015ft\u0131\u011f\u0131 belirlenen Sava\u015f Temirhano\u011fullar\u0131&#8217;n\u0131 yakalamak i\u00e7in \u00e7al\u0131\u015fma ba\u015flatt\u0131. C\u0130NAYET \u015e\u00dcPHEL\u0130S\u0130 ESK\u0130 E\u015e YAKALANDI\u00a0 G\u00fcvenlik kameras\u0131 g\u00f6r\u00fcnt\u00fclerini inceleyen Cinayet B\u00fcro Amirli\u011fi ekipleri, Sava\u015f Temirhano\u011fullar\u0131&#8217;n\u0131n, arkada\u015f\u0131 Fikret \u0130nal&#8217;\u0131n arac\u0131yla Korkuteli il\u00e7esine gitti\u011fini tespit etti. Ekipler, Temirhano\u011fullar\u0131 ve Fikret \u0130nal&#8217;\u0131 sakland\u0131klar\u0131 yerde, su\u00e7 aleti tabancayla yakalad\u0131. \u015e\u00fcphelilerden Sava\u015f Temirhano\u011fullar\u0131 tutukland\u0131, ka\u00e7mas\u0131na yard\u0131m etti\u011fi \u00f6ne s\u00fcr\u00fclen arkada\u015f\u0131 Fikret \u0130nal serbest b\u0131rak\u0131ld\u0131. DETAYI OTOPS\u0130 RAPOR HAZIRLANDI\u00a0 Olayla ilgili Antalya 1. A\u011f\u0131r Ceza Mahkemesi&#8217;nde hakk\u0131nda dava a\u00e7\u0131lan Sava\u015f Temirhano\u011fullar\u0131\u2019n\u0131n yarg\u0131lamas\u0131na devam edildi. Fadim Temirhao\u011fllar\u0131\u2019na ait detayl\u0131 otopsi raporu mahkeme heyetine sunuldu. Otopsi raporunda, Temirhano\u011fullar\u0131\u2019na 9 &hellip;","og_url":"https:\/\/denizcankizil.tr\/uk\/haberler\/gundem\/antalyada-fadimi-oldren-koca-tehdit-icerikli-ses-kayitlarina-kurgu-dedi\/","og_site_name":"Av. Deniz Can K\u0131z\u0131l","article_published_time":"2025-03-12T19:41:18+00:00","article_modified_time":"2025-03-15T21:43:55+00:00","author":"Antalya K\u00f6rfez","twitter_card":"summary_large_image","twitter_misc":{"\u041d\u0430\u043f\u0438\u0441\u0430\u043d\u043e":"Antalya K\u00f6rfez","\u041f\u0440\u0438\u0431\u043b. \u0447\u0430\u0441 \u0447\u0438\u0442\u0430\u043d\u043d\u044f":"4 \u0445\u0432\u0438\u043b\u0438\u043d\u0438"},"schema":{"@context":"https:\/\/schema.org","@graph":[{"@type":"Article","@id":"https:\/\/denizcankizil.tr\/uk\/haberler\/gundem\/antalyada-fadimi-oldren-koca-tehdit-icerikli-ses-kayitlarina-kurgu-dedi\/#article","isPartOf":{"@id":"https:\/\/denizcankizil.tr\/uk\/haberler\/gundem\/antalyada-fadimi-oldren-koca-tehdit-icerikli-ses-kayitlarina-kurgu-dedi\/"},"author":{"name":"Antalya K\u00f6rfez","@id":"https:\/\/denizcankizil.tr\/de\/#\/schema\/person\/e1eb71bb4dd684d46563f0af307e1234"},"headline":"Antalya\u2019da Fadim\u2019i \u00f6ld*ren koca, tehdit i\u00e7erikli ses kay\u0131tlar\u0131na \u2018kurgu\u2019 dedi","datePublished":"2025-03-12T19:41:18+00:00","dateModified":"2025-03-15T21:43:55+00:00","mainEntityOfPage":{"@id":"https:\/\/denizcankizil.tr\/uk\/haberler\/gundem\/antalyada-fadimi-oldren-koca-tehdit-icerikli-ses-kayitlarina-kurgu-dedi\/"},"wordCount":909,"publisher":{"@id":"https:\/\/denizcankizil.tr\/de\/#organization"},"articleSection":["G\u00fcndem"],"inLanguage":"uk"},{"@type":"WebPage","@id":"https:\/\/denizcankizil.tr\/uk\/haberler\/gundem\/antalyada-fadimi-oldren-koca-tehdit-icerikli-ses-kayitlarina-kurgu-dedi\/","url":"https:\/\/denizcankizil.tr\/uk\/haberler\/gundem\/antalyada-fadimi-oldren-koca-tehdit-icerikli-ses-kayitlarina-kurgu-dedi\/","name":"Antalya\u2019da Fadim\u2019i \u00f6ld*ren koca, tehdit i\u00e7erikli ses kay\u0131tlar\u0131na \u2018kurgu\u2019 dedi - Av. Deniz Can K\u0131z\u0131l","isPartOf":{"@id":"https:\/\/denizcankizil.tr\/de\/#website"},"datePublished":"2025-03-12T19:41:18+00:00","dateModified":"2025-03-15T21:43:55+00:00","breadcrumb":{"@id":"https:\/\/denizcankizil.tr\/uk\/haberler\/gundem\/antalyada-fadimi-oldren-koca-tehdit-icerikli-ses-kayitlarina-kurgu-dedi\/#breadcrumb"},"inLanguage":"uk","potentialAction":[{"@type":"ReadAction","target":["https:\/\/denizcankizil.tr\/uk\/haberler\/gundem\/antalyada-fadimi-oldren-koca-tehdit-icerikli-ses-kayitlarina-kurgu-dedi\/"]}]},{"@type":"BreadcrumbList","@id":"https:\/\/denizcankizil.tr\/uk\/haberler\/gundem\/antalyada-fadimi-oldren-koca-tehdit-icerikli-ses-kayitlarina-kurgu-dedi\/#breadcrumb","itemListElement":[{"@type":"ListItem","position":1,"name":"Home","item":"https:\/\/denizcankizil.tr\/de\/"},{"@type":"ListItem","position":2,"name":"Antalya\u2019da Fadim\u2019i \u00f6ld*ren koca, tehdit i\u00e7erikli ses kay\u0131tlar\u0131na \u2018kurgu\u2019 dedi"}]},{"@type":"WebSite","@id":"https:\/\/denizcankizil.tr\/de\/#website","url":"https:\/\/denizcankizil.tr\/de\/","name":"Av. Deniz Can K\u0131z\u0131l","description":"Avukat Deniz Can K\u0131z\u0131l Antalya Barosu","publisher":{"@id":"https:\/\/denizcankizil.tr\/de\/#organization"},"potentialAction":[{"@type":"SearchAction","target":{"@type":"EntryPoint","urlTemplate":"https:\/\/denizcankizil.tr\/de\/?s={search_term_string}"},"query-input":{"@type":"PropertyValueSpecification","valueRequired":true,"valueName":"search_term_string"}}],"inLanguage":"uk"},{"@type":"Organization","@id":"https:\/\/denizcankizil.tr\/de\/#organization","name":"Av. Deniz Can K\u0131z\u0131l","url":"https:\/\/denizcankizil.tr\/de\/","logo":{"@type":"ImageObject","inLanguage":"uk","@id":"https:\/\/denizcankizil.tr\/de\/#\/schema\/logo\/image\/","url":"https:\/\/denizcankizil.tr\/wp-content\/uploads\/2024\/10\/siyah-logo-svg.svg","contentUrl":"https:\/\/denizcankizil.tr\/wp-content\/uploads\/2024\/10\/siyah-logo-svg.svg","width":1080,"height":1080,"caption":"Av. Deniz Can K\u0131z\u0131l"},"image":{"@id":"https:\/\/denizcankizil.tr\/de\/#\/schema\/logo\/image\/"}},{"@type":"Person","@id":"https:\/\/denizcankizil.tr\/de\/#\/schema\/person\/e1eb71bb4dd684d46563f0af307e1234","name":"Antalya K\u00f6rfez","image":{"@type":"ImageObject","inLanguage":"uk","@id":"https:\/\/denizcankizil.tr\/de\/#\/schema\/person\/image\/","url":"https:\/\/secure.gravatar.com\/avatar\/42b01982558a48a0b501fdcab6a408d3717ea5919095ee2e67b0e521799c5905?s=96&d=mm&r=g","contentUrl":"https:\/\/secure.gravatar.com\/avatar\/42b01982558a48a0b501fdcab6a408d3717ea5919095ee2e67b0e521799c5905?s=96&d=mm&r=g","caption":"Antalya K\u00f6rfez"},"sameAs":["http:\/\/www.antalyakorfez.com"],"url":"https:\/\/www.antalyakorfez.com\/antalyada-fadimi-oldren-koca-tehdit-icerikli-ses-kayitlarina-kurgu-dedi"}]}},"_links":{"self":[{"href":"https:\/\/denizcankizil.tr\/uk\/wp-json\/wp\/v2\/posts\/35529","targetHints":{"allow":["GET"]}}],"collection":[{"href":"https:\/\/denizcankizil.tr\/uk\/wp-json\/wp\/v2\/posts"}],"about":[{"href":"https:\/\/denizcankizil.tr\/uk\/wp-json\/wp\/v2\/types\/post"}],"author":[{"embeddable":true,"href":"https:\/\/denizcankizil.tr\/uk\/wp-json\/wp\/v2\/users\/5"}],"replies":[{"embeddable":true,"href":"https:\/\/denizcankizil.tr\/uk\/wp-json\/wp\/v2\/comments?post=35529"}],"version-history":[{"count":1,"href":"https:\/\/denizcankizil.tr\/uk\/wp-json\/wp\/v2\/posts\/35529\/revisions"}],"predecessor-version":[{"id":35947,"href":"https:\/\/denizcankizil.tr\/uk\/wp-json\/wp\/v2\/posts\/35529\/revisions\/35947"}],"wp:attachment":[{"href":"https:\/\/denizcankizil.tr\/uk\/wp-json\/wp\/v2\/media?parent=35529"}],"wp:term":[{"taxonomy":"category","embeddable":true,"href":"https:\/\/denizcankizil.tr\/uk\/wp-json\/wp\/v2\/categories?post=35529"},{"taxonomy":"post_tag","embeddable":true,"href":"https:\/\/denizcankizil.tr\/uk\/wp-json\/wp\/v2\/tags?post=35529"}],"curies":[{"name":"wp","href":"https:\/\/api.w.org\/{rel}","templated":true}]}}