{"id":35512,"date":"2025-03-12T16:41:33","date_gmt":"2025-03-12T13:41:33","guid":{"rendered":"https:\/\/denizcankizil.tr\/uncategorized-tr\/hayvan-haklari-icin-onemli-toplanti\/"},"modified":"2025-03-12T16:41:33","modified_gmt":"2025-03-12T13:41:33","slug":"hayvan-haklari-icin-onemli-toplanti","status":"publish","type":"post","link":"https:\/\/denizcankizil.tr\/uk\/haberler\/gundem\/hayvan-haklari-icin-onemli-toplanti\/","title":{"rendered":"Hayvan Haklar\u0131 i\u00e7in \u00d6nemli Toplant\u0131"},"content":{"rendered":"<p>Manisa\u2019da toplum sa\u011fl\u0131\u011f\u0131n\u0131n korunmas\u0131 ve sokak hayvanlar\u0131n\u0131n refah\u0131n\u0131n sa\u011flanmas\u0131 amac\u0131yla \u00f6nemli bir toplant\u0131 ger\u00e7ekle\u015ftirildi. Manisa Valisi Vahdettin \u00d6zkan ba\u015fkanl\u0131\u011f\u0131nda d\u00fczenlenen toplant\u0131ya, Manisa B\u00fcy\u00fck\u015fehir Belediye Ba\u015fkan\u0131 Ferdi Zeyrek, 17 il\u00e7e belediye ba\u015fkan\u0131 ve Manisa Do\u011fa Koruma ve Milli Parklar (DKMP) M\u00fcd\u00fcr\u00fc Kerim Gen\u00e7o\u011flu kat\u0131ld\u0131.<\/p>\n<p>\u200bManisa\u2019da toplum sa\u011fl\u0131\u011f\u0131n\u0131n korunmas\u0131 ve sokak hayvanlar\u0131n\u0131n refah\u0131n\u0131n sa\u011flanmas\u0131 amac\u0131yla \u00f6nemli bir toplant\u0131 ger\u00e7ekle\u015ftirildi. Manisa Valisi Vahdettin \u00d6zkan ba\u015fkanl\u0131\u011f\u0131nda d\u00fczenlenen toplant\u0131ya, Manisa B\u00fcy\u00fck\u015fehir Belediye Ba\u015fkan\u0131 Ferdi Zeyrek, 17 il\u00e7e belediye ba\u015fkan\u0131 ve Manisa Do\u011fa Koruma ve Milli Parklar (DKMP) M\u00fcd\u00fcr\u00fc Kerim Gen\u00e7o\u011flu kat\u0131ld\u0131.\u00a0<\/p>\n<p>\u200bHaberin Al\u0131nt\u0131land\u0131\u011f\u0131 Kaynak: www.iskenderun.org<\/p>","protected":false},"excerpt":{"rendered":"<p>Manisa\u2019da toplum sa\u011fl\u0131\u011f\u0131n\u0131n korunmas\u0131 ve sokak hayvanlar\u0131n\u0131n refah\u0131n\u0131n sa\u011flanmas\u0131 amac\u0131yla \u00f6nemli bir toplant\u0131 ger\u00e7ekle\u015ftirildi. Manisa Valisi Vahdettin \u00d6zkan ba\u015fkanl\u0131\u011f\u0131nda d\u00fczenlenen toplant\u0131ya, Manisa B\u00fcy\u00fck\u015fehir Belediye Ba\u015fkan\u0131 Ferdi Zeyrek, 17 il\u00e7e belediye ba\u015fkan\u0131 ve Manisa Do\u011fa Koruma ve Milli Parklar (DKMP) M\u00fcd\u00fcr\u00fc Kerim Gen\u00e7o\u011flu kat\u0131ld\u0131. \u200bManisa\u2019da toplum sa\u011fl\u0131\u011f\u0131n\u0131n korunmas\u0131 ve sokak hayvanlar\u0131n\u0131n refah\u0131n\u0131n sa\u011flanmas\u0131 amac\u0131yla \u00f6nemli bir toplant\u0131 ger\u00e7ekle\u015ftirildi. Manisa Valisi Vahdettin \u00d6zkan ba\u015fkanl\u0131\u011f\u0131nda d\u00fczenlenen toplant\u0131ya, Manisa B\u00fcy\u00fck\u015fehir Belediye Ba\u015fkan\u0131 Ferdi Zeyrek, 17 il\u00e7e belediye ba\u015fkan\u0131 ve Manisa Do\u011fa Koruma ve Milli Parklar (DKMP) M\u00fcd\u00fcr\u00fc Kerim Gen\u00e7o\u011flu kat\u0131ld\u0131.\u00a0 \u200bHaberin Al\u0131nt\u0131land\u0131\u011f\u0131 Kaynak: www.iskenderun.org<\/p>","protected":false},"author":1,"featured_media":0,"comment_status":"open","ping_status":"open","sticky":false,"template":"","format":"standard","meta":{"_acf_changed":false,"footnotes":""},"categories":[24],"tags":[],"class_list":["post-35512","post","type-post","status-publish","format-standard","has-post-thumbnail","hentry","category-gundem"],"acf":[],"yoast_head":"<!-- This site is optimized with the Yoast SEO Premium plugin v26.6 (Yoast SEO v27.1.1) - https:\/\/yoast.com\/product\/yoast-seo-premium-wordpress\/ -->\n<title>Hayvan Haklar\u0131 i\u00e7in \u00d6nemli Toplant\u0131 - Av. Deniz Can K\u0131z\u0131l<\/title>\n<meta name=\"robots\" content=\"index, follow, max-snippet:-1, max-image-preview:large, max-video-preview:-1\" \/>\n<link rel=\"canonical\" href=\"https:\/\/denizcankizil.tr\/uk\/haberler\/gundem\/hayvan-haklari-icin-onemli-toplanti\/\" \/>\n<meta property=\"og:locale\" content=\"uk_UA\" \/>\n<meta property=\"og:type\" content=\"article\" \/>\n<meta property=\"og:title\" content=\"Hayvan Haklar\u0131 i\u00e7in \u00d6nemli Toplant\u0131\" \/>\n<meta property=\"og:description\" content=\"Manisa\u2019da toplum sa\u011fl\u0131\u011f\u0131n\u0131n korunmas\u0131 ve sokak hayvanlar\u0131n\u0131n refah\u0131n\u0131n sa\u011flanmas\u0131 amac\u0131yla \u00f6nemli bir toplant\u0131 ger\u00e7ekle\u015ftirildi. Manisa Valisi Vahdettin \u00d6zkan ba\u015fkanl\u0131\u011f\u0131nda d\u00fczenlenen toplant\u0131ya, Manisa B\u00fcy\u00fck\u015fehir Belediye Ba\u015fkan\u0131 Ferdi Zeyrek, 17 il\u00e7e belediye ba\u015fkan\u0131 ve Manisa Do\u011fa Koruma ve Milli Parklar (DKMP) M\u00fcd\u00fcr\u00fc Kerim Gen\u00e7o\u011flu kat\u0131ld\u0131. \u200bManisa\u2019da toplum sa\u011fl\u0131\u011f\u0131n\u0131n korunmas\u0131 ve sokak hayvanlar\u0131n\u0131n refah\u0131n\u0131n sa\u011flanmas\u0131 amac\u0131yla \u00f6nemli bir toplant\u0131 ger\u00e7ekle\u015ftirildi. Manisa Valisi Vahdettin \u00d6zkan ba\u015fkanl\u0131\u011f\u0131nda d\u00fczenlenen toplant\u0131ya, Manisa B\u00fcy\u00fck\u015fehir Belediye Ba\u015fkan\u0131 Ferdi Zeyrek, 17 il\u00e7e belediye ba\u015fkan\u0131 ve Manisa Do\u011fa Koruma ve Milli Parklar (DKMP) M\u00fcd\u00fcr\u00fc Kerim Gen\u00e7o\u011flu kat\u0131ld\u0131.\u00a0 \u200bHaberin Al\u0131nt\u0131land\u0131\u011f\u0131 Kaynak: www.iskenderun.org\" \/>\n<meta property=\"og:url\" content=\"https:\/\/denizcankizil.tr\/uk\/haberler\/gundem\/hayvan-haklari-icin-onemli-toplanti\/\" \/>\n<meta property=\"og:site_name\" content=\"Av. Deniz Can K\u0131z\u0131l\" \/>\n<meta property=\"article:published_time\" content=\"2025-03-12T13:41:33+00:00\" \/>\n<meta name=\"author\" content=\"admin\" \/>\n<meta name=\"twitter:card\" content=\"summary_large_image\" \/>\n<meta name=\"twitter:label1\" content=\"\u041d\u0430\u043f\u0438\u0441\u0430\u043d\u043e\" \/>\n\t<meta name=\"twitter:data1\" content=\"admin\" \/>\n\t<meta name=\"twitter:label2\" content=\"\u041f\u0440\u0438\u0431\u043b. \u0447\u0430\u0441 \u0447\u0438\u0442\u0430\u043d\u043d\u044f\" \/>\n\t<meta name=\"twitter:data2\" content=\"1 \u0445\u0432\u0438\u043b\u0438\u043d\u0430\" \/>\n<script type=\"application\/ld+json\" class=\"yoast-schema-graph\">{\"@context\":\"https:\/\/schema.org\",\"@graph\":[{\"@type\":\"Article\",\"@id\":\"https:\/\/denizcankizil.tr\/uk\/haberler\/gundem\/hayvan-haklari-icin-onemli-toplanti\/#article\",\"isPartOf\":{\"@id\":\"https:\/\/denizcankizil.tr\/uk\/haberler\/gundem\/hayvan-haklari-icin-onemli-toplanti\/\"},\"author\":{\"name\":\"admin\",\"@id\":\"https:\/\/denizcankizil.tr\/#\/schema\/person\/be3c05fe6a12686905512445d8185489\"},\"headline\":\"Hayvan Haklar\u0131 i\u00e7in \u00d6nemli Toplant\u0131\",\"datePublished\":\"2025-03-12T13:41:33+00:00\",\"mainEntityOfPage\":{\"@id\":\"https:\/\/denizcankizil.tr\/uk\/haberler\/gundem\/hayvan-haklari-icin-onemli-toplanti\/\"},\"wordCount\":154,\"commentCount\":0,\"publisher\":{\"@id\":\"https:\/\/denizcankizil.tr\/#organization\"},\"articleSection\":[\"G\u00fcndem\"],\"inLanguage\":\"uk\",\"potentialAction\":[{\"@type\":\"CommentAction\",\"name\":\"Comment\",\"target\":[\"https:\/\/denizcankizil.tr\/uk\/haberler\/gundem\/hayvan-haklari-icin-onemli-toplanti\/#respond\"]}]},{\"@type\":\"WebPage\",\"@id\":\"https:\/\/denizcankizil.tr\/uk\/haberler\/gundem\/hayvan-haklari-icin-onemli-toplanti\/\",\"url\":\"https:\/\/denizcankizil.tr\/uk\/haberler\/gundem\/hayvan-haklari-icin-onemli-toplanti\/\",\"name\":\"Hayvan Haklar\u0131 i\u00e7in \u00d6nemli Toplant\u0131 - Av. Deniz Can K\u0131z\u0131l\",\"isPartOf\":{\"@id\":\"https:\/\/denizcankizil.tr\/#website\"},\"datePublished\":\"2025-03-12T13:41:33+00:00\",\"breadcrumb\":{\"@id\":\"https:\/\/denizcankizil.tr\/uk\/haberler\/gundem\/hayvan-haklari-icin-onemli-toplanti\/#breadcrumb\"},\"inLanguage\":\"uk\",\"potentialAction\":[{\"@type\":\"ReadAction\",\"target\":[\"https:\/\/denizcankizil.tr\/uk\/haberler\/gundem\/hayvan-haklari-icin-onemli-toplanti\/\"]}]},{\"@type\":\"BreadcrumbList\",\"@id\":\"https:\/\/denizcankizil.tr\/uk\/haberler\/gundem\/hayvan-haklari-icin-onemli-toplanti\/#breadcrumb\",\"itemListElement\":[{\"@type\":\"ListItem\",\"position\":1,\"name\":\"Home\",\"item\":\"https:\/\/denizcankizil.tr\/uk\/\"},{\"@type\":\"ListItem\",\"position\":2,\"name\":\"Hayvan Haklar\u0131 i\u00e7in \u00d6nemli Toplant\u0131\"}]},{\"@type\":\"WebSite\",\"@id\":\"https:\/\/denizcankizil.tr\/#website\",\"url\":\"https:\/\/denizcankizil.tr\/\",\"name\":\"Av. Deniz Can K\u0131z\u0131l\",\"description\":\"Avukat Deniz Can K\u0131z\u0131l Antalya Barosu\",\"publisher\":{\"@id\":\"https:\/\/denizcankizil.tr\/#organization\"},\"potentialAction\":[{\"@type\":\"SearchAction\",\"target\":{\"@type\":\"EntryPoint\",\"urlTemplate\":\"https:\/\/denizcankizil.tr\/?s={search_term_string}\"},\"query-input\":{\"@type\":\"PropertyValueSpecification\",\"valueRequired\":true,\"valueName\":\"search_term_string\"}}],\"inLanguage\":\"uk\"},{\"@type\":\"Organization\",\"@id\":\"https:\/\/denizcankizil.tr\/#organization\",\"name\":\"Av. Deniz Can K\u0131z\u0131l\",\"url\":\"https:\/\/denizcankizil.tr\/\",\"logo\":{\"@type\":\"ImageObject\",\"inLanguage\":\"uk\",\"@id\":\"https:\/\/denizcankizil.tr\/#\/schema\/logo\/image\/\",\"url\":\"https:\/\/denizcankizil.tr\/wp-content\/uploads\/2024\/10\/siyah-logo-svg.svg\",\"contentUrl\":\"https:\/\/denizcankizil.tr\/wp-content\/uploads\/2024\/10\/siyah-logo-svg.svg\",\"width\":1080,\"height\":1080,\"caption\":\"Av. Deniz Can K\u0131z\u0131l\"},\"image\":{\"@id\":\"https:\/\/denizcankizil.tr\/#\/schema\/logo\/image\/\"}},{\"@type\":\"Person\",\"@id\":\"https:\/\/denizcankizil.tr\/#\/schema\/person\/be3c05fe6a12686905512445d8185489\",\"name\":\"admin\",\"image\":{\"@type\":\"ImageObject\",\"inLanguage\":\"uk\",\"@id\":\"https:\/\/denizcankizil.tr\/#\/schema\/person\/image\/\",\"url\":\"https:\/\/secure.gravatar.com\/avatar\/c1fce94c830dc79107e174f890d7210541c4a63e8e5d816341794a2151c9d58c?s=96&d=mm&r=g\",\"contentUrl\":\"https:\/\/secure.gravatar.com\/avatar\/c1fce94c830dc79107e174f890d7210541c4a63e8e5d816341794a2151c9d58c?s=96&d=mm&r=g\",\"caption\":\"admin\"},\"sameAs\":[\"http:\/\/denizcankizil.tr\"],\"url\":\"https:\/\/www.iskenderun.org\/hayvan-haklari-icin-onemli-toplanti\"}]}<\/script>\n<!-- \/ Yoast SEO Premium plugin. -->","yoast_head_json":{"title":"Hayvan Haklar\u0131 i\u00e7in \u00d6nemli Toplant\u0131 - Av. Deniz Can K\u0131z\u0131l","robots":{"index":"index","follow":"follow","max-snippet":"max-snippet:-1","max-image-preview":"max-image-preview:large","max-video-preview":"max-video-preview:-1"},"canonical":"https:\/\/denizcankizil.tr\/uk\/haberler\/gundem\/hayvan-haklari-icin-onemli-toplanti\/","og_locale":"uk_UA","og_type":"article","og_title":"Hayvan Haklar\u0131 i\u00e7in \u00d6nemli Toplant\u0131","og_description":"Manisa\u2019da toplum sa\u011fl\u0131\u011f\u0131n\u0131n korunmas\u0131 ve sokak hayvanlar\u0131n\u0131n refah\u0131n\u0131n sa\u011flanmas\u0131 amac\u0131yla \u00f6nemli bir toplant\u0131 ger\u00e7ekle\u015ftirildi. Manisa Valisi Vahdettin \u00d6zkan ba\u015fkanl\u0131\u011f\u0131nda d\u00fczenlenen toplant\u0131ya, Manisa B\u00fcy\u00fck\u015fehir Belediye Ba\u015fkan\u0131 Ferdi Zeyrek, 17 il\u00e7e belediye ba\u015fkan\u0131 ve Manisa Do\u011fa Koruma ve Milli Parklar (DKMP) M\u00fcd\u00fcr\u00fc Kerim Gen\u00e7o\u011flu kat\u0131ld\u0131. \u200bManisa\u2019da toplum sa\u011fl\u0131\u011f\u0131n\u0131n korunmas\u0131 ve sokak hayvanlar\u0131n\u0131n refah\u0131n\u0131n sa\u011flanmas\u0131 amac\u0131yla \u00f6nemli bir toplant\u0131 ger\u00e7ekle\u015ftirildi. Manisa Valisi Vahdettin \u00d6zkan ba\u015fkanl\u0131\u011f\u0131nda d\u00fczenlenen toplant\u0131ya, Manisa B\u00fcy\u00fck\u015fehir Belediye Ba\u015fkan\u0131 Ferdi Zeyrek, 17 il\u00e7e belediye ba\u015fkan\u0131 ve Manisa Do\u011fa Koruma ve Milli Parklar (DKMP) M\u00fcd\u00fcr\u00fc Kerim Gen\u00e7o\u011flu kat\u0131ld\u0131.\u00a0 \u200bHaberin Al\u0131nt\u0131land\u0131\u011f\u0131 Kaynak: www.iskenderun.org","og_url":"https:\/\/denizcankizil.tr\/uk\/haberler\/gundem\/hayvan-haklari-icin-onemli-toplanti\/","og_site_name":"Av. Deniz Can K\u0131z\u0131l","article_published_time":"2025-03-12T13:41:33+00:00","author":"admin","twitter_card":"summary_large_image","twitter_misc":{"\u041d\u0430\u043f\u0438\u0441\u0430\u043d\u043e":"admin","\u041f\u0440\u0438\u0431\u043b. \u0447\u0430\u0441 \u0447\u0438\u0442\u0430\u043d\u043d\u044f":"1 \u0445\u0432\u0438\u043b\u0438\u043d\u0430"},"schema":{"@context":"https:\/\/schema.org","@graph":[{"@type":"Article","@id":"https:\/\/denizcankizil.tr\/uk\/haberler\/gundem\/hayvan-haklari-icin-onemli-toplanti\/#article","isPartOf":{"@id":"https:\/\/denizcankizil.tr\/uk\/haberler\/gundem\/hayvan-haklari-icin-onemli-toplanti\/"},"author":{"name":"admin","@id":"https:\/\/denizcankizil.tr\/#\/schema\/person\/be3c05fe6a12686905512445d8185489"},"headline":"Hayvan Haklar\u0131 i\u00e7in \u00d6nemli Toplant\u0131","datePublished":"2025-03-12T13:41:33+00:00","mainEntityOfPage":{"@id":"https:\/\/denizcankizil.tr\/uk\/haberler\/gundem\/hayvan-haklari-icin-onemli-toplanti\/"},"wordCount":154,"commentCount":0,"publisher":{"@id":"https:\/\/denizcankizil.tr\/#organization"},"articleSection":["G\u00fcndem"],"inLanguage":"uk","potentialAction":[{"@type":"CommentAction","name":"Comment","target":["https:\/\/denizcankizil.tr\/uk\/haberler\/gundem\/hayvan-haklari-icin-onemli-toplanti\/#respond"]}]},{"@type":"WebPage","@id":"https:\/\/denizcankizil.tr\/uk\/haberler\/gundem\/hayvan-haklari-icin-onemli-toplanti\/","url":"https:\/\/denizcankizil.tr\/uk\/haberler\/gundem\/hayvan-haklari-icin-onemli-toplanti\/","name":"Hayvan Haklar\u0131 i\u00e7in \u00d6nemli Toplant\u0131 - Av. Deniz Can K\u0131z\u0131l","isPartOf":{"@id":"https:\/\/denizcankizil.tr\/#website"},"datePublished":"2025-03-12T13:41:33+00:00","breadcrumb":{"@id":"https:\/\/denizcankizil.tr\/uk\/haberler\/gundem\/hayvan-haklari-icin-onemli-toplanti\/#breadcrumb"},"inLanguage":"uk","potentialAction":[{"@type":"ReadAction","target":["https:\/\/denizcankizil.tr\/uk\/haberler\/gundem\/hayvan-haklari-icin-onemli-toplanti\/"]}]},{"@type":"BreadcrumbList","@id":"https:\/\/denizcankizil.tr\/uk\/haberler\/gundem\/hayvan-haklari-icin-onemli-toplanti\/#breadcrumb","itemListElement":[{"@type":"ListItem","position":1,"name":"Home","item":"https:\/\/denizcankizil.tr\/uk\/"},{"@type":"ListItem","position":2,"name":"Hayvan Haklar\u0131 i\u00e7in \u00d6nemli Toplant\u0131"}]},{"@type":"WebSite","@id":"https:\/\/denizcankizil.tr\/#website","url":"https:\/\/denizcankizil.tr\/","name":"Av. Deniz Can K\u0131z\u0131l","description":"Avukat Deniz Can K\u0131z\u0131l Antalya Barosu","publisher":{"@id":"https:\/\/denizcankizil.tr\/#organization"},"potentialAction":[{"@type":"SearchAction","target":{"@type":"EntryPoint","urlTemplate":"https:\/\/denizcankizil.tr\/?s={search_term_string}"},"query-input":{"@type":"PropertyValueSpecification","valueRequired":true,"valueName":"search_term_string"}}],"inLanguage":"uk"},{"@type":"Organization","@id":"https:\/\/denizcankizil.tr\/#organization","name":"Av. Deniz Can K\u0131z\u0131l","url":"https:\/\/denizcankizil.tr\/","logo":{"@type":"ImageObject","inLanguage":"uk","@id":"https:\/\/denizcankizil.tr\/#\/schema\/logo\/image\/","url":"https:\/\/denizcankizil.tr\/wp-content\/uploads\/2024\/10\/siyah-logo-svg.svg","contentUrl":"https:\/\/denizcankizil.tr\/wp-content\/uploads\/2024\/10\/siyah-logo-svg.svg","width":1080,"height":1080,"caption":"Av. Deniz Can K\u0131z\u0131l"},"image":{"@id":"https:\/\/denizcankizil.tr\/#\/schema\/logo\/image\/"}},{"@type":"Person","@id":"https:\/\/denizcankizil.tr\/#\/schema\/person\/be3c05fe6a12686905512445d8185489","name":"\u0430\u0434\u043c\u0456\u043d","image":{"@type":"ImageObject","inLanguage":"uk","@id":"https:\/\/denizcankizil.tr\/#\/schema\/person\/image\/","url":"https:\/\/secure.gravatar.com\/avatar\/c1fce94c830dc79107e174f890d7210541c4a63e8e5d816341794a2151c9d58c?s=96&d=mm&r=g","contentUrl":"https:\/\/secure.gravatar.com\/avatar\/c1fce94c830dc79107e174f890d7210541c4a63e8e5d816341794a2151c9d58c?s=96&d=mm&r=g","caption":"admin"},"sameAs":["http:\/\/denizcankizil.tr"],"url":"https:\/\/www.iskenderun.org\/hayvan-haklari-icin-onemli-toplanti"}]}},"_links":{"self":[{"href":"https:\/\/denizcankizil.tr\/uk\/wp-json\/wp\/v2\/posts\/35512","targetHints":{"allow":["GET"]}}],"collection":[{"href":"https:\/\/denizcankizil.tr\/uk\/wp-json\/wp\/v2\/posts"}],"about":[{"href":"https:\/\/denizcankizil.tr\/uk\/wp-json\/wp\/v2\/types\/post"}],"author":[{"embeddable":true,"href":"https:\/\/denizcankizil.tr\/uk\/wp-json\/wp\/v2\/users\/1"}],"replies":[{"embeddable":true,"href":"https:\/\/denizcankizil.tr\/uk\/wp-json\/wp\/v2\/comments?post=35512"}],"version-history":[{"count":0,"href":"https:\/\/denizcankizil.tr\/uk\/wp-json\/wp\/v2\/posts\/35512\/revisions"}],"wp:attachment":[{"href":"https:\/\/denizcankizil.tr\/uk\/wp-json\/wp\/v2\/media?parent=35512"}],"wp:term":[{"taxonomy":"category","embeddable":true,"href":"https:\/\/denizcankizil.tr\/uk\/wp-json\/wp\/v2\/categories?post=35512"},{"taxonomy":"post_tag","embeddable":true,"href":"https:\/\/denizcankizil.tr\/uk\/wp-json\/wp\/v2\/tags?post=35512"}],"curies":[{"name":"wp","href":"https:\/\/api.w.org\/{rel}","templated":true}]}}