{"id":35456,"date":"2025-03-12T11:41:17","date_gmt":"2025-03-12T08:41:17","guid":{"rendered":"https:\/\/denizcankizil.tr\/uncategorized-tr\/anneler-ve-cocuklari-sanatla-bulustu\/"},"modified":"2025-03-12T11:41:17","modified_gmt":"2025-03-12T08:41:17","slug":"anneler-ve-cocuklari-sanatla-bulustu","status":"publish","type":"post","link":"https:\/\/denizcankizil.tr\/uk\/haberler\/antalya\/anneler-ve-cocuklari-sanatla-bulustu\/","title":{"rendered":"Anneler ve \u00e7ocuklar\u0131 sanatla bulu\u015ftu"},"content":{"rendered":"<p>Kepez Belediyesi\u2019nin Dokuma Park alan\u0131nda hizmet veren Antalya Bilim Merkezi, anne-\u00e7ocuk etkinli\u011fine ev sahipli\u011fi yapt\u0131. 8 Mart D\u00fcnya Kad\u0131nlar G\u00fcn\u00fc kapsam\u0131nda d\u00fczenlenen etkinlik, Antalya Bilim Merkezi\u2019nin &#8220;Ne\u015feli Ad\u0131mlar At\u00f6lyesi&#8221; kapsam\u0131nda 4-6 ya\u015f grubundaki \u00e7ocuklar ve annelerini bir araya getirdi. Yemye\u015fil do\u011fan\u0131n i\u00e7inde, portakal \u00e7i\u00e7ekleri kokusu e\u015fli\u011finde ger\u00e7ekle\u015fen etkinlikte anneler ve \u00e7ocuklar, tuval boyama yaparak keyifli vakit ge\u00e7irdi. Anneler ve \u00e7ocuklar\u0131, f\u0131r\u00e7alar\u0131n\u0131 renklere bulayarak kendi eserlerini olu\u015ftururken, sanat\u0131n birle\u015ftirici g\u00fcc\u00fcyle unutulmaz an\u0131lar biriktirildi.<\/p>\n<p>Kaynak: www.kanalv.com.tr Haber Sitesinden Al\u0131nm\u0131\u015ft\u0131r.<\/p>","protected":false},"excerpt":{"rendered":"<p>Kepez Belediyesi\u2019nin Dokuma Park alan\u0131nda hizmet veren Antalya Bilim Merkezi, anne-\u00e7ocuk etkinli\u011fine ev sahipli\u011fi yapt\u0131. 8 Mart D\u00fcnya Kad\u0131nlar G\u00fcn\u00fc kapsam\u0131nda d\u00fczenlenen etkinlik, Antalya Bilim Merkezi\u2019nin &#8220;Ne\u015feli Ad\u0131mlar At\u00f6lyesi&#8221; kapsam\u0131nda 4-6 ya\u015f grubundaki \u00e7ocuklar ve annelerini bir araya getirdi. Yemye\u015fil do\u011fan\u0131n i\u00e7inde, portakal \u00e7i\u00e7ekleri kokusu e\u015fli\u011finde ger\u00e7ekle\u015fen etkinlikte anneler ve \u00e7ocuklar, tuval boyama yaparak keyifli vakit ge\u00e7irdi. Anneler ve \u00e7ocuklar\u0131, f\u0131r\u00e7alar\u0131n\u0131 renklere bulayarak kendi eserlerini olu\u015ftururken, sanat\u0131n birle\u015ftirici g\u00fcc\u00fcyle unutulmaz an\u0131lar biriktirildi. Kaynak: www.kanalv.com.tr Haber Sitesinden Al\u0131nm\u0131\u015ft\u0131r.<\/p>","protected":false},"author":4,"featured_media":35457,"comment_status":"open","ping_status":"open","sticky":false,"template":"","format":"standard","meta":{"_acf_changed":false,"footnotes":""},"categories":[26],"tags":[],"class_list":["post-35456","post","type-post","status-publish","format-standard","has-post-thumbnail","hentry","category-antalya"],"acf":[],"yoast_head":"<!-- This site is optimized with the Yoast SEO Premium plugin v26.6 (Yoast SEO v27.1.1) - https:\/\/yoast.com\/product\/yoast-seo-premium-wordpress\/ -->\n<title>Anneler ve \u00e7ocuklar\u0131 sanatla bulu\u015ftu - Av. Deniz Can K\u0131z\u0131l<\/title>\n<meta name=\"robots\" content=\"index, follow, max-snippet:-1, max-image-preview:large, max-video-preview:-1\" \/>\n<link rel=\"canonical\" href=\"https:\/\/denizcankizil.tr\/uk\/haberler\/antalya\/anneler-ve-cocuklari-sanatla-bulustu\/\" \/>\n<meta property=\"og:locale\" content=\"uk_UA\" \/>\n<meta property=\"og:type\" content=\"article\" \/>\n<meta property=\"og:title\" content=\"Anneler ve \u00e7ocuklar\u0131 sanatla bulu\u015ftu\" \/>\n<meta property=\"og:description\" content=\"Kepez Belediyesi\u2019nin Dokuma Park alan\u0131nda hizmet veren Antalya Bilim Merkezi, anne-\u00e7ocuk etkinli\u011fine ev sahipli\u011fi yapt\u0131. 8 Mart D\u00fcnya Kad\u0131nlar G\u00fcn\u00fc kapsam\u0131nda d\u00fczenlenen etkinlik, Antalya Bilim Merkezi\u2019nin &#8220;Ne\u015feli Ad\u0131mlar At\u00f6lyesi&#8221; kapsam\u0131nda 4-6 ya\u015f grubundaki \u00e7ocuklar ve annelerini bir araya getirdi. Yemye\u015fil do\u011fan\u0131n i\u00e7inde, portakal \u00e7i\u00e7ekleri kokusu e\u015fli\u011finde ger\u00e7ekle\u015fen etkinlikte anneler ve \u00e7ocuklar, tuval boyama yaparak keyifli vakit ge\u00e7irdi. Anneler ve \u00e7ocuklar\u0131, f\u0131r\u00e7alar\u0131n\u0131 renklere bulayarak kendi eserlerini olu\u015ftururken, sanat\u0131n birle\u015ftirici g\u00fcc\u00fcyle unutulmaz an\u0131lar biriktirildi. Kaynak: www.kanalv.com.tr Haber Sitesinden Al\u0131nm\u0131\u015ft\u0131r.\" \/>\n<meta property=\"og:url\" content=\"https:\/\/denizcankizil.tr\/uk\/haberler\/antalya\/anneler-ve-cocuklari-sanatla-bulustu\/\" \/>\n<meta property=\"og:site_name\" content=\"Av. Deniz Can K\u0131z\u0131l\" \/>\n<meta property=\"article:published_time\" content=\"2025-03-12T08:41:17+00:00\" \/>\n<meta property=\"og:image\" content=\"https:\/\/denizcankizil.tr\/wp-content\/uploads\/2025\/03\/5456-01-e5SBSv.jpeg\" \/>\n\t<meta property=\"og:image:width\" content=\"1280\" \/>\n\t<meta property=\"og:image:height\" content=\"720\" \/>\n\t<meta property=\"og:image:type\" content=\"image\/jpeg\" \/>\n<meta name=\"author\" content=\"Av. Deniz Can K\u0131z\u0131l\" \/>\n<meta name=\"twitter:card\" content=\"summary_large_image\" \/>\n<meta name=\"twitter:label1\" content=\"\u041d\u0430\u043f\u0438\u0441\u0430\u043d\u043e\" \/>\n\t<meta name=\"twitter:data1\" content=\"Av. Deniz Can K\u0131z\u0131l\" \/>\n\t<meta name=\"twitter:label2\" content=\"\u041f\u0440\u0438\u0431\u043b. \u0447\u0430\u0441 \u0447\u0438\u0442\u0430\u043d\u043d\u044f\" \/>\n\t<meta name=\"twitter:data2\" content=\"1 \u0445\u0432\u0438\u043b\u0438\u043d\u0430\" \/>\n<script type=\"application\/ld+json\" class=\"yoast-schema-graph\">{\"@context\":\"https:\/\/schema.org\",\"@graph\":[{\"@type\":\"Article\",\"@id\":\"https:\/\/denizcankizil.tr\/uk\/haberler\/antalya\/anneler-ve-cocuklari-sanatla-bulustu\/#article\",\"isPartOf\":{\"@id\":\"https:\/\/denizcankizil.tr\/uk\/haberler\/antalya\/anneler-ve-cocuklari-sanatla-bulustu\/\"},\"author\":{\"name\":\"Av. Deniz Can K\u0131z\u0131l\",\"@id\":\"https:\/\/denizcankizil.tr\/#\/schema\/person\/5dc1b22991bd7ac833867c10afc9b0ff\"},\"headline\":\"Anneler ve \u00e7ocuklar\u0131 sanatla bulu\u015ftu\",\"datePublished\":\"2025-03-12T08:41:17+00:00\",\"mainEntityOfPage\":{\"@id\":\"https:\/\/denizcankizil.tr\/uk\/haberler\/antalya\/anneler-ve-cocuklari-sanatla-bulustu\/\"},\"wordCount\":122,\"commentCount\":0,\"publisher\":{\"@id\":\"https:\/\/denizcankizil.tr\/#organization\"},\"image\":{\"@id\":\"https:\/\/denizcankizil.tr\/uk\/haberler\/antalya\/anneler-ve-cocuklari-sanatla-bulustu\/#primaryimage\"},\"thumbnailUrl\":\"https:\/\/denizcankizil.tr\/wp-content\/uploads\/2025\/03\/5456-01-e5SBSv.jpeg\",\"articleSection\":[\"Antalya\"],\"inLanguage\":\"uk\",\"potentialAction\":[{\"@type\":\"CommentAction\",\"name\":\"Comment\",\"target\":[\"https:\/\/denizcankizil.tr\/uk\/haberler\/antalya\/anneler-ve-cocuklari-sanatla-bulustu\/#respond\"]}]},{\"@type\":\"WebPage\",\"@id\":\"https:\/\/denizcankizil.tr\/uk\/haberler\/antalya\/anneler-ve-cocuklari-sanatla-bulustu\/\",\"url\":\"https:\/\/denizcankizil.tr\/uk\/haberler\/antalya\/anneler-ve-cocuklari-sanatla-bulustu\/\",\"name\":\"Anneler ve \u00e7ocuklar\u0131 sanatla bulu\u015ftu - Av. Deniz Can K\u0131z\u0131l\",\"isPartOf\":{\"@id\":\"https:\/\/denizcankizil.tr\/#website\"},\"primaryImageOfPage\":{\"@id\":\"https:\/\/denizcankizil.tr\/uk\/haberler\/antalya\/anneler-ve-cocuklari-sanatla-bulustu\/#primaryimage\"},\"image\":{\"@id\":\"https:\/\/denizcankizil.tr\/uk\/haberler\/antalya\/anneler-ve-cocuklari-sanatla-bulustu\/#primaryimage\"},\"thumbnailUrl\":\"https:\/\/denizcankizil.tr\/wp-content\/uploads\/2025\/03\/5456-01-e5SBSv.jpeg\",\"datePublished\":\"2025-03-12T08:41:17+00:00\",\"breadcrumb\":{\"@id\":\"https:\/\/denizcankizil.tr\/uk\/haberler\/antalya\/anneler-ve-cocuklari-sanatla-bulustu\/#breadcrumb\"},\"inLanguage\":\"uk\",\"potentialAction\":[{\"@type\":\"ReadAction\",\"target\":[\"https:\/\/denizcankizil.tr\/uk\/haberler\/antalya\/anneler-ve-cocuklari-sanatla-bulustu\/\"]}]},{\"@type\":\"ImageObject\",\"inLanguage\":\"uk\",\"@id\":\"https:\/\/denizcankizil.tr\/uk\/haberler\/antalya\/anneler-ve-cocuklari-sanatla-bulustu\/#primaryimage\",\"url\":\"https:\/\/denizcankizil.tr\/wp-content\/uploads\/2025\/03\/5456-01-e5SBSv.jpeg\",\"contentUrl\":\"https:\/\/denizcankizil.tr\/wp-content\/uploads\/2025\/03\/5456-01-e5SBSv.jpeg\",\"width\":1280,\"height\":720},{\"@type\":\"BreadcrumbList\",\"@id\":\"https:\/\/denizcankizil.tr\/uk\/haberler\/antalya\/anneler-ve-cocuklari-sanatla-bulustu\/#breadcrumb\",\"itemListElement\":[{\"@type\":\"ListItem\",\"position\":1,\"name\":\"Home\",\"item\":\"https:\/\/denizcankizil.tr\/de\/\"},{\"@type\":\"ListItem\",\"position\":2,\"name\":\"Anneler ve \u00e7ocuklar\u0131 sanatla bulu\u015ftu\"}]},{\"@type\":\"WebSite\",\"@id\":\"https:\/\/denizcankizil.tr\/#website\",\"url\":\"https:\/\/denizcankizil.tr\/\",\"name\":\"Av. Deniz Can K\u0131z\u0131l\",\"description\":\"Avukat Deniz Can K\u0131z\u0131l Antalya Barosu\",\"publisher\":{\"@id\":\"https:\/\/denizcankizil.tr\/#organization\"},\"potentialAction\":[{\"@type\":\"SearchAction\",\"target\":{\"@type\":\"EntryPoint\",\"urlTemplate\":\"https:\/\/denizcankizil.tr\/?s={search_term_string}\"},\"query-input\":{\"@type\":\"PropertyValueSpecification\",\"valueRequired\":true,\"valueName\":\"search_term_string\"}}],\"inLanguage\":\"uk\"},{\"@type\":\"Organization\",\"@id\":\"https:\/\/denizcankizil.tr\/#organization\",\"name\":\"Av. Deniz Can K\u0131z\u0131l\",\"url\":\"https:\/\/denizcankizil.tr\/\",\"logo\":{\"@type\":\"ImageObject\",\"inLanguage\":\"uk\",\"@id\":\"https:\/\/denizcankizil.tr\/#\/schema\/logo\/image\/\",\"url\":\"https:\/\/denizcankizil.tr\/wp-content\/uploads\/2024\/10\/siyah-logo-svg.svg\",\"contentUrl\":\"https:\/\/denizcankizil.tr\/wp-content\/uploads\/2024\/10\/siyah-logo-svg.svg\",\"width\":1080,\"height\":1080,\"caption\":\"Av. Deniz Can K\u0131z\u0131l\"},\"image\":{\"@id\":\"https:\/\/denizcankizil.tr\/#\/schema\/logo\/image\/\"}},{\"@type\":\"Person\",\"@id\":\"https:\/\/denizcankizil.tr\/#\/schema\/person\/5dc1b22991bd7ac833867c10afc9b0ff\",\"name\":\"Av. Deniz Can K\u0131z\u0131l\",\"image\":{\"@type\":\"ImageObject\",\"inLanguage\":\"uk\",\"@id\":\"https:\/\/denizcankizil.tr\/#\/schema\/person\/image\/\",\"url\":\"https:\/\/secure.gravatar.com\/avatar\/a0b128fb9855c79efc976d5640eedb31dc35ec297594d6016d2cf7c60e975bb6?s=96&d=mm&r=g\",\"contentUrl\":\"https:\/\/secure.gravatar.com\/avatar\/a0b128fb9855c79efc976d5640eedb31dc35ec297594d6016d2cf7c60e975bb6?s=96&d=mm&r=g\",\"caption\":\"Av. Deniz Can K\u0131z\u0131l\"},\"sameAs\":[\"http:\/\/www.denizcankizil.tr\"],\"url\":\"https:\/\/denizcankizil.tr\/uk\/author\/denizcankizil\/\"}]}<\/script>\n<!-- \/ Yoast SEO Premium plugin. -->","yoast_head_json":{"title":"Anneler ve \u00e7ocuklar\u0131 sanatla bulu\u015ftu - Av. Deniz Can K\u0131z\u0131l","robots":{"index":"index","follow":"follow","max-snippet":"max-snippet:-1","max-image-preview":"max-image-preview:large","max-video-preview":"max-video-preview:-1"},"canonical":"https:\/\/denizcankizil.tr\/uk\/haberler\/antalya\/anneler-ve-cocuklari-sanatla-bulustu\/","og_locale":"uk_UA","og_type":"article","og_title":"Anneler ve \u00e7ocuklar\u0131 sanatla bulu\u015ftu","og_description":"Kepez Belediyesi\u2019nin Dokuma Park alan\u0131nda hizmet veren Antalya Bilim Merkezi, anne-\u00e7ocuk etkinli\u011fine ev sahipli\u011fi yapt\u0131. 8 Mart D\u00fcnya Kad\u0131nlar G\u00fcn\u00fc kapsam\u0131nda d\u00fczenlenen etkinlik, Antalya Bilim Merkezi\u2019nin &#8220;Ne\u015feli Ad\u0131mlar At\u00f6lyesi&#8221; kapsam\u0131nda 4-6 ya\u015f grubundaki \u00e7ocuklar ve annelerini bir araya getirdi. Yemye\u015fil do\u011fan\u0131n i\u00e7inde, portakal \u00e7i\u00e7ekleri kokusu e\u015fli\u011finde ger\u00e7ekle\u015fen etkinlikte anneler ve \u00e7ocuklar, tuval boyama yaparak keyifli vakit ge\u00e7irdi. Anneler ve \u00e7ocuklar\u0131, f\u0131r\u00e7alar\u0131n\u0131 renklere bulayarak kendi eserlerini olu\u015ftururken, sanat\u0131n birle\u015ftirici g\u00fcc\u00fcyle unutulmaz an\u0131lar biriktirildi. Kaynak: www.kanalv.com.tr Haber Sitesinden Al\u0131nm\u0131\u015ft\u0131r.","og_url":"https:\/\/denizcankizil.tr\/uk\/haberler\/antalya\/anneler-ve-cocuklari-sanatla-bulustu\/","og_site_name":"Av. Deniz Can K\u0131z\u0131l","article_published_time":"2025-03-12T08:41:17+00:00","og_image":[{"width":1280,"height":720,"url":"https:\/\/denizcankizil.tr\/wp-content\/uploads\/2025\/03\/5456-01-e5SBSv.jpeg","type":"image\/jpeg"}],"author":"Av. Deniz Can K\u0131z\u0131l","twitter_card":"summary_large_image","twitter_misc":{"\u041d\u0430\u043f\u0438\u0441\u0430\u043d\u043e":"Av. Deniz Can K\u0131z\u0131l","\u041f\u0440\u0438\u0431\u043b. \u0447\u0430\u0441 \u0447\u0438\u0442\u0430\u043d\u043d\u044f":"1 \u0445\u0432\u0438\u043b\u0438\u043d\u0430"},"schema":{"@context":"https:\/\/schema.org","@graph":[{"@type":"Article","@id":"https:\/\/denizcankizil.tr\/uk\/haberler\/antalya\/anneler-ve-cocuklari-sanatla-bulustu\/#article","isPartOf":{"@id":"https:\/\/denizcankizil.tr\/uk\/haberler\/antalya\/anneler-ve-cocuklari-sanatla-bulustu\/"},"author":{"name":"Av. Deniz Can K\u0131z\u0131l","@id":"https:\/\/denizcankizil.tr\/#\/schema\/person\/5dc1b22991bd7ac833867c10afc9b0ff"},"headline":"Anneler ve \u00e7ocuklar\u0131 sanatla bulu\u015ftu","datePublished":"2025-03-12T08:41:17+00:00","mainEntityOfPage":{"@id":"https:\/\/denizcankizil.tr\/uk\/haberler\/antalya\/anneler-ve-cocuklari-sanatla-bulustu\/"},"wordCount":122,"commentCount":0,"publisher":{"@id":"https:\/\/denizcankizil.tr\/#organization"},"image":{"@id":"https:\/\/denizcankizil.tr\/uk\/haberler\/antalya\/anneler-ve-cocuklari-sanatla-bulustu\/#primaryimage"},"thumbnailUrl":"https:\/\/denizcankizil.tr\/wp-content\/uploads\/2025\/03\/5456-01-e5SBSv.jpeg","articleSection":["Antalya"],"inLanguage":"uk","potentialAction":[{"@type":"CommentAction","name":"Comment","target":["https:\/\/denizcankizil.tr\/uk\/haberler\/antalya\/anneler-ve-cocuklari-sanatla-bulustu\/#respond"]}]},{"@type":"WebPage","@id":"https:\/\/denizcankizil.tr\/uk\/haberler\/antalya\/anneler-ve-cocuklari-sanatla-bulustu\/","url":"https:\/\/denizcankizil.tr\/uk\/haberler\/antalya\/anneler-ve-cocuklari-sanatla-bulustu\/","name":"Anneler ve \u00e7ocuklar\u0131 sanatla bulu\u015ftu - Av. Deniz Can K\u0131z\u0131l","isPartOf":{"@id":"https:\/\/denizcankizil.tr\/#website"},"primaryImageOfPage":{"@id":"https:\/\/denizcankizil.tr\/uk\/haberler\/antalya\/anneler-ve-cocuklari-sanatla-bulustu\/#primaryimage"},"image":{"@id":"https:\/\/denizcankizil.tr\/uk\/haberler\/antalya\/anneler-ve-cocuklari-sanatla-bulustu\/#primaryimage"},"thumbnailUrl":"https:\/\/denizcankizil.tr\/wp-content\/uploads\/2025\/03\/5456-01-e5SBSv.jpeg","datePublished":"2025-03-12T08:41:17+00:00","breadcrumb":{"@id":"https:\/\/denizcankizil.tr\/uk\/haberler\/antalya\/anneler-ve-cocuklari-sanatla-bulustu\/#breadcrumb"},"inLanguage":"uk","potentialAction":[{"@type":"ReadAction","target":["https:\/\/denizcankizil.tr\/uk\/haberler\/antalya\/anneler-ve-cocuklari-sanatla-bulustu\/"]}]},{"@type":"ImageObject","inLanguage":"uk","@id":"https:\/\/denizcankizil.tr\/uk\/haberler\/antalya\/anneler-ve-cocuklari-sanatla-bulustu\/#primaryimage","url":"https:\/\/denizcankizil.tr\/wp-content\/uploads\/2025\/03\/5456-01-e5SBSv.jpeg","contentUrl":"https:\/\/denizcankizil.tr\/wp-content\/uploads\/2025\/03\/5456-01-e5SBSv.jpeg","width":1280,"height":720},{"@type":"BreadcrumbList","@id":"https:\/\/denizcankizil.tr\/uk\/haberler\/antalya\/anneler-ve-cocuklari-sanatla-bulustu\/#breadcrumb","itemListElement":[{"@type":"ListItem","position":1,"name":"Home","item":"https:\/\/denizcankizil.tr\/de\/"},{"@type":"ListItem","position":2,"name":"Anneler ve \u00e7ocuklar\u0131 sanatla bulu\u015ftu"}]},{"@type":"WebSite","@id":"https:\/\/denizcankizil.tr\/#website","url":"https:\/\/denizcankizil.tr\/","name":"Av. Deniz Can K\u0131z\u0131l","description":"Avukat Deniz Can K\u0131z\u0131l Antalya Barosu","publisher":{"@id":"https:\/\/denizcankizil.tr\/#organization"},"potentialAction":[{"@type":"SearchAction","target":{"@type":"EntryPoint","urlTemplate":"https:\/\/denizcankizil.tr\/?s={search_term_string}"},"query-input":{"@type":"PropertyValueSpecification","valueRequired":true,"valueName":"search_term_string"}}],"inLanguage":"uk"},{"@type":"Organization","@id":"https:\/\/denizcankizil.tr\/#organization","name":"Av. Deniz Can K\u0131z\u0131l","url":"https:\/\/denizcankizil.tr\/","logo":{"@type":"ImageObject","inLanguage":"uk","@id":"https:\/\/denizcankizil.tr\/#\/schema\/logo\/image\/","url":"https:\/\/denizcankizil.tr\/wp-content\/uploads\/2024\/10\/siyah-logo-svg.svg","contentUrl":"https:\/\/denizcankizil.tr\/wp-content\/uploads\/2024\/10\/siyah-logo-svg.svg","width":1080,"height":1080,"caption":"Av. Deniz Can K\u0131z\u0131l"},"image":{"@id":"https:\/\/denizcankizil.tr\/#\/schema\/logo\/image\/"}},{"@type":"Person","@id":"https:\/\/denizcankizil.tr\/#\/schema\/person\/5dc1b22991bd7ac833867c10afc9b0ff","name":"Av. Deniz Can K\u0131z\u0131l","image":{"@type":"ImageObject","inLanguage":"uk","@id":"https:\/\/denizcankizil.tr\/#\/schema\/person\/image\/","url":"https:\/\/secure.gravatar.com\/avatar\/a0b128fb9855c79efc976d5640eedb31dc35ec297594d6016d2cf7c60e975bb6?s=96&d=mm&r=g","contentUrl":"https:\/\/secure.gravatar.com\/avatar\/a0b128fb9855c79efc976d5640eedb31dc35ec297594d6016d2cf7c60e975bb6?s=96&d=mm&r=g","caption":"Av. Deniz Can K\u0131z\u0131l"},"sameAs":["http:\/\/www.denizcankizil.tr"],"url":"https:\/\/denizcankizil.tr\/uk\/author\/denizcankizil\/"}]}},"_links":{"self":[{"href":"https:\/\/denizcankizil.tr\/uk\/wp-json\/wp\/v2\/posts\/35456","targetHints":{"allow":["GET"]}}],"collection":[{"href":"https:\/\/denizcankizil.tr\/uk\/wp-json\/wp\/v2\/posts"}],"about":[{"href":"https:\/\/denizcankizil.tr\/uk\/wp-json\/wp\/v2\/types\/post"}],"author":[{"embeddable":true,"href":"https:\/\/denizcankizil.tr\/uk\/wp-json\/wp\/v2\/users\/4"}],"replies":[{"embeddable":true,"href":"https:\/\/denizcankizil.tr\/uk\/wp-json\/wp\/v2\/comments?post=35456"}],"version-history":[{"count":0,"href":"https:\/\/denizcankizil.tr\/uk\/wp-json\/wp\/v2\/posts\/35456\/revisions"}],"wp:featuredmedia":[{"embeddable":true,"href":"https:\/\/denizcankizil.tr\/uk\/wp-json\/wp\/v2\/media\/35457"}],"wp:attachment":[{"href":"https:\/\/denizcankizil.tr\/uk\/wp-json\/wp\/v2\/media?parent=35456"}],"wp:term":[{"taxonomy":"category","embeddable":true,"href":"https:\/\/denizcankizil.tr\/uk\/wp-json\/wp\/v2\/categories?post=35456"},{"taxonomy":"post_tag","embeddable":true,"href":"https:\/\/denizcankizil.tr\/uk\/wp-json\/wp\/v2\/tags?post=35456"}],"curies":[{"name":"wp","href":"https:\/\/api.w.org\/{rel}","templated":true}]}}