{"id":35400,"date":"2025-03-11T16:41:27","date_gmt":"2025-03-11T13:41:27","guid":{"rendered":"https:\/\/denizcankizil.tr\/uncategorized-tr\/yillar-icinde-fark-etmeden-kor-olabilirsiniz\/"},"modified":"2025-03-11T16:41:27","modified_gmt":"2025-03-11T13:41:27","slug":"yillar-icinde-fark-etmeden-kor-olabilirsiniz","status":"publish","type":"post","link":"https:\/\/denizcankizil.tr\/uk\/haberler\/antalya\/yillar-icinde-fark-etmeden-kor-olabilirsiniz\/","title":{"rendered":"Y\u0131llar i\u00e7inde fark etmeden k\u00f6r olabilirsiniz"},"content":{"rendered":"<p>Memorial Sa\u011fl\u0131k Grubu Medstar Antalya Hastanesi G\u00f6z Sa\u011fl\u0131\u011f\u0131 B\u00f6l\u00fcm\u00fc\u2019nden Prof. Dr. Levent T\u00f6k, &#8220;12 Mart D\u00fcnya Glokom G\u00fcn\u00fc&#8221; dolay\u0131s\u0131yla yapt\u0131\u011f\u0131 a\u00e7\u0131klamada glokom hakk\u0131nda bilinmesi gerekenleri anlatt\u0131. Glokom, sinsice ilerleyen ve belirti vermeden g\u00f6rme kayb\u0131na neden olabilen ciddi bir g\u00f6z hastal\u0131\u011f\u0131 oldu\u011funa dikkati \u00e7eken T\u00f6k, &#8220;Baz\u0131 hastalarda g\u00f6zde a\u011fr\u0131, k\u0131zar\u0131kl\u0131k, g\u00f6rme bozuklu\u011fu gibi belirtilerle kendini g\u00f6sterse de, \u00e7o\u011fu zaman belirti vermeden ilerleyen ve sinsi seyreden bir hastal\u0131kt\u0131r. Rutin g\u00f6z muayeneleriyle te\u015fhis edilebilse de, baz\u0131 hastalar maalesef ileri evrede ortaya \u00e7\u0131kan g\u00f6rme kayb\u0131yla tan\u0131 almaktad\u0131r. Bu nedenle, herhangi bir belirti olmasa dahi d\u00fczenli g\u00f6z muayenesinin ve erken te\u015fhisin b\u00fcy\u00fck \u00f6nem ta\u015f\u0131d\u0131\u011f\u0131 hastal\u0131klardan biri olan glokom konusunda fark\u0131ndal\u0131k art\u0131r\u0131lmal\u0131d\u0131r&#8221; dedi.<\/p>\n<p>Erken tan\u0131 \u00f6nemli<br \/>\nProf. Dr. Levent T\u00f6k, glokomun optik sinire zarar veren ciddi bir g\u00f6z rahats\u0131zl\u0131\u011f\u0131 oldu\u011funu ve bu hasar\u0131n g\u00f6rme kayb\u0131na hatta k\u00f6rl\u00fc\u011fe yol a\u00e7abilece\u011fini belirterek, &#8220;Glokom, optik sinire zarar veren bir g\u00f6z rahats\u0131zl\u0131\u011f\u0131d\u0131r. Bu hasar g\u00f6rme kayb\u0131na veya k\u00f6rl\u00fc\u011fe yol a\u00e7abilir. Optik sinir, g\u00f6zden beyne g\u00f6rsel bilgi ta\u015f\u0131r ve sa\u011fl\u0131kl\u0131 bir g\u00f6rme i\u00e7in kritik bir yap\u0131d\u0131r. Glokom, optik sinirde meydana gelen hasar nedeniyle g\u00f6rme kayb\u0131na sebep olur. Bu hasar \u00e7o\u011funlukla g\u00f6zdeki y\u00fcksek bas\u0131n\u00e7la ili\u015fkilidir ancak tipik g\u00f6z bas\u0131nc\u0131nda bile glokom geli\u015febilir. Hastal\u0131\u011f\u0131n en tehlikeli yan\u0131, belirti vermeden ilerlemesi ve ge\u00e7 tan\u0131 konulmas\u0131d\u0131r. G\u00f6zdeki etkilenme genellikle g\u00f6rme alan\u0131n\u0131n d\u0131\u015f k\u0131s\u0131mlar\u0131nda ve yava\u015f yava\u015f geli\u015fir. Bu nedenle ki\u015filer, g\u00f6rme alanlar\u0131ndaki bozulmay\u0131 fark ettiklerinde optik sinirde ciddi hasar olu\u015fmu\u015f olur. Glokomda erken tan\u0131, d\u00fczenli g\u00f6z muayenesiyle m\u00fcmk\u00fcnd\u00fcr. Risk fakt\u00f6rlerine sahip bireylerin periyodik takip alt\u0131nda olmas\u0131 ve uygun tedaviyi aksatmamas\u0131, \u00f6m\u00fcr boyu sa\u011fl\u0131kl\u0131 bir g\u00f6rme i\u00e7in hayati \u00f6nem ta\u015f\u0131r&#8221; dedi.<\/p>\n<p>&#8220;Hastal\u0131k sinsi \u015fekilde ilerleyebilir&#8221;<br \/>\nGlokomun baz\u0131 belirtilerle kendini g\u00f6sterebilece\u011fine de de\u011finen Prof. Dr. T\u00f6k, &#8220;G\u00f6z a\u011fr\u0131s\u0131, ba\u015f a\u011fr\u0131s\u0131, g\u00f6zlerde dolgunluk hissi, bulan\u0131k g\u00f6rme ve \u0131\u015f\u0131klar\u0131n etraf\u0131nda hareler g\u00f6rme gibi \u015fikayetler, glokomun belirtileri aras\u0131nda yer alabilir. Ancak her bireyde bu belirtiler ortaya \u00e7\u0131kmayabilir, hastal\u0131k sinsi \u015fekilde ilerleyebilir. Bu y\u00fczden rutin g\u00f6z muayenesi ihmal edilmemelidir&#8221; ifadelerini kulland\u0131.<\/p>\n<p>&#8220;Ailesinde glokom \u00f6yk\u00fcs\u00fc olan bireyler rutin kontrol yapt\u0131rmal\u0131&#8221;<br \/>\nGlokomun her ya\u015fta g\u00f6r\u00fclebilece\u011fini belirten Prof. Dr. T\u00f6k, &#8220;\u00c7ocukluk \u00e7a\u011f\u0131nda hastal\u0131k, d\u00fczenli \u00e7ocuk hastal\u0131klar\u0131 uzman\u0131 muayeneleri ve g\u00f6z hekimi i\u015f birli\u011fi ile te\u015fhis edilip tedavi edilir. Eri\u015fkin ya\u015f grubunda ise risk olu\u015fturan fakt\u00f6rleri bilmek b\u00fcy\u00fck \u00f6nem ta\u015f\u0131r. Ailesinde glokom \u00f6yk\u00fcs\u00fc olan bireylerin, \u00f6zellikle 40 ya\u015f \u00fczerindekilerin y\u0131lda bir kez g\u00f6z muayenesi yapt\u0131rmas\u0131 gereklidir. Bunun yan\u0131 s\u0131ra steroid grubu ila\u00e7 kullananlar, g\u00f6z travmas\u0131 ge\u00e7irenler ve farkl\u0131 g\u00f6z hastal\u0131klar\u0131na sahip bireyler glokom a\u00e7\u0131s\u0131ndan daha y\u00fcksek risk alt\u0131ndad\u0131r&#8221; dedi.<br \/>\nGlokom tan\u0131 ve takibinde kullan\u0131lan y\u00f6ntemleri de anlatan Prof. Dr. T\u00f6k, &#8220;G\u00f6z i\u00e7i bas\u0131n\u00e7 \u00f6l\u00e7\u00fcm\u00fc, \u00f6n kamera a\u00e7\u0131s\u0131 de\u011ferlendirmesi, optik sinir muayenesi ve g\u00f6rme alan\u0131 incelemeleri glokom tan\u0131s\u0131n\u0131 koymada ve hastal\u0131\u011f\u0131n seyrini belirlemede b\u00fcy\u00fck rol oynar. Optik sinirin tomografik de\u011ferlendirilmesi (RNFL) ve modern g\u00f6rme alan\u0131 test cihazlar\u0131 sayesinde hastalar\u0131n tedaviye yan\u0131t\u0131 hassas bir \u015fekilde takip edilebilmektedir&#8221; a\u00e7\u0131klamas\u0131nda bulundu.<br \/>\nGlokom tedavisinde temel yakla\u015f\u0131m\u0131n uygun ila\u00e7lar\u0131n d\u00fczenli kullan\u0131m\u0131 oldu\u011funu vurgulayan Prof. Dr. T\u00f6k, &#8220;Tedavide ama\u00e7, sinir hasar\u0131n\u0131 kontrol alt\u0131na alarak ilerlemesini durdurmakt\u0131r. \u0130la\u00e7 kullan\u0131m\u0131n\u0131 azaltmak veya ila\u00e7s\u0131z tedavi sa\u011flamak ad\u0131na son y\u0131llarda lazer teknolojileri \u00f6nemli bir se\u00e7enek haline gelmi\u015ftir. SLT, SubCyclo, YAG ve termokoag\u00fclasyon lazer y\u00f6ntemleri, farkl\u0131 glokom tiplerinde ba\u015far\u0131yla uygulanmaktad\u0131r. G\u00f6z i\u00e7i bas\u0131nc\u0131 kontrol alt\u0131na al\u0131namazsa cerrahi m\u00fcdahale gerekebilir. Bu kapsamda, \u00f6n kamara s\u0131v\u0131s\u0131n\u0131n uygun tekniklerle kan dola\u015f\u0131m\u0131na y\u00f6nlendirilmesini sa\u011flayan implantl\u0131 veya implants\u0131z cerrahi y\u00f6ntemler tercih edilmektedir&#8221; dedi.<\/p>\n<p>&#8220;\u00d6nlenebilir&#8221;<br \/>\nGlokomun \u00f6nlenebilir bir hastal\u0131k oldu\u011funa dikkat \u00e7eken Prof. Dr. T\u00f6k, &#8220;Glokomdan korunman\u0131n en etkili yolu, d\u00fczenli g\u00f6z muayenesi yapt\u0131rmakt\u0131r. Erken tan\u0131 sayesinde hastal\u0131\u011f\u0131n ilerlemesi \u00f6nlenebilir ve g\u00f6rme kayb\u0131 engellenebilir. \u00d6zellikle ailesinde glokom \u00f6yk\u00fcs\u00fc olan bireyler ve risk fakt\u00f6rlerine sahip ki\u015filer, bu konuda bilin\u00e7lenmeli ve ihmal etmeden d\u00fczenli kontrollerini yapt\u0131rmal\u0131d\u0131r&#8221; diyerek s\u00f6zlerini tamamlad\u0131.<\/p>\n<p>Kaynak: www.kanalv.com.tr Haber Sitesinden Al\u0131nm\u0131\u015ft\u0131r.<\/p>","protected":false},"excerpt":{"rendered":"<p>Memorial Sa\u011fl\u0131k Grubu Medstar Antalya Hastanesi G\u00f6z Sa\u011fl\u0131\u011f\u0131 B\u00f6l\u00fcm\u00fc\u2019nden Prof. Dr. Levent T\u00f6k, &#8220;12 Mart D\u00fcnya Glokom G\u00fcn\u00fc&#8221; dolay\u0131s\u0131yla yapt\u0131\u011f\u0131 a\u00e7\u0131klamada glokom hakk\u0131nda bilinmesi gerekenleri anlatt\u0131. Glokom, sinsice ilerleyen ve belirti vermeden g\u00f6rme kayb\u0131na neden olabilen ciddi bir g\u00f6z hastal\u0131\u011f\u0131 oldu\u011funa dikkati \u00e7eken T\u00f6k, &#8220;Baz\u0131 hastalarda g\u00f6zde a\u011fr\u0131, k\u0131zar\u0131kl\u0131k, g\u00f6rme bozuklu\u011fu gibi belirtilerle kendini g\u00f6sterse de, \u00e7o\u011fu zaman belirti vermeden ilerleyen ve sinsi seyreden bir hastal\u0131kt\u0131r. Rutin g\u00f6z muayeneleriyle te\u015fhis edilebilse de, baz\u0131 hastalar maalesef ileri evrede ortaya \u00e7\u0131kan g\u00f6rme kayb\u0131yla tan\u0131 almaktad\u0131r. Bu nedenle, herhangi bir belirti olmasa dahi d\u00fczenli g\u00f6z muayenesinin ve erken te\u015fhisin b\u00fcy\u00fck \u00f6nem ta\u015f\u0131d\u0131\u011f\u0131 hastal\u0131klardan biri olan glokom konusunda fark\u0131ndal\u0131k art\u0131r\u0131lmal\u0131d\u0131r&#8221; dedi. Erken tan\u0131 \u00f6nemli Prof. Dr. Levent T\u00f6k, glokomun optik sinire zarar veren ciddi bir g\u00f6z rahats\u0131zl\u0131\u011f\u0131 oldu\u011funu ve bu hasar\u0131n g\u00f6rme kayb\u0131na hatta k\u00f6rl\u00fc\u011fe yol a\u00e7abilece\u011fini belirterek, &#8220;Glokom, optik sinire zarar veren bir g\u00f6z rahats\u0131zl\u0131\u011f\u0131d\u0131r. Bu hasar g\u00f6rme kayb\u0131na veya k\u00f6rl\u00fc\u011fe yol a\u00e7abilir. Optik sinir, g\u00f6zden beyne g\u00f6rsel bilgi ta\u015f\u0131r ve sa\u011fl\u0131kl\u0131 bir g\u00f6rme i\u00e7in kritik bir yap\u0131d\u0131r. Glokom, optik sinirde meydana gelen hasar nedeniyle g\u00f6rme kayb\u0131na sebep olur. Bu hasar \u00e7o\u011funlukla g\u00f6zdeki y\u00fcksek bas\u0131n\u00e7la ili\u015fkilidir ancak tipik g\u00f6z bas\u0131nc\u0131nda bile glokom geli\u015febilir. Hastal\u0131\u011f\u0131n en tehlikeli yan\u0131, belirti vermeden ilerlemesi ve ge\u00e7 tan\u0131 &hellip;<\/p>","protected":false},"author":4,"featured_media":35401,"comment_status":"open","ping_status":"open","sticky":false,"template":"","format":"standard","meta":{"_acf_changed":false,"footnotes":""},"categories":[26],"tags":[],"class_list":["post-35400","post","type-post","status-publish","format-standard","has-post-thumbnail","hentry","category-antalya"],"acf":[],"yoast_head":"<!-- This site is optimized with the Yoast SEO Premium plugin v26.6 (Yoast SEO v27.1.1) - https:\/\/yoast.com\/product\/yoast-seo-premium-wordpress\/ -->\n<title>Y\u0131llar i\u00e7inde fark etmeden k\u00f6r olabilirsiniz - Av. Deniz Can K\u0131z\u0131l<\/title>\n<meta name=\"robots\" content=\"index, follow, max-snippet:-1, max-image-preview:large, max-video-preview:-1\" \/>\n<link rel=\"canonical\" href=\"https:\/\/denizcankizil.tr\/uk\/haberler\/antalya\/yillar-icinde-fark-etmeden-kor-olabilirsiniz\/\" \/>\n<meta property=\"og:locale\" content=\"uk_UA\" \/>\n<meta property=\"og:type\" content=\"article\" \/>\n<meta property=\"og:title\" content=\"Y\u0131llar i\u00e7inde fark etmeden k\u00f6r olabilirsiniz\" \/>\n<meta property=\"og:description\" content=\"Memorial Sa\u011fl\u0131k Grubu Medstar Antalya Hastanesi G\u00f6z Sa\u011fl\u0131\u011f\u0131 B\u00f6l\u00fcm\u00fc\u2019nden Prof. Dr. Levent T\u00f6k, &#8220;12 Mart D\u00fcnya Glokom G\u00fcn\u00fc&#8221; dolay\u0131s\u0131yla yapt\u0131\u011f\u0131 a\u00e7\u0131klamada glokom hakk\u0131nda bilinmesi gerekenleri anlatt\u0131. Glokom, sinsice ilerleyen ve belirti vermeden g\u00f6rme kayb\u0131na neden olabilen ciddi bir g\u00f6z hastal\u0131\u011f\u0131 oldu\u011funa dikkati \u00e7eken T\u00f6k, &#8220;Baz\u0131 hastalarda g\u00f6zde a\u011fr\u0131, k\u0131zar\u0131kl\u0131k, g\u00f6rme bozuklu\u011fu gibi belirtilerle kendini g\u00f6sterse de, \u00e7o\u011fu zaman belirti vermeden ilerleyen ve sinsi seyreden bir hastal\u0131kt\u0131r. Rutin g\u00f6z muayeneleriyle te\u015fhis edilebilse de, baz\u0131 hastalar maalesef ileri evrede ortaya \u00e7\u0131kan g\u00f6rme kayb\u0131yla tan\u0131 almaktad\u0131r. Bu nedenle, herhangi bir belirti olmasa dahi d\u00fczenli g\u00f6z muayenesinin ve erken te\u015fhisin b\u00fcy\u00fck \u00f6nem ta\u015f\u0131d\u0131\u011f\u0131 hastal\u0131klardan biri olan glokom konusunda fark\u0131ndal\u0131k art\u0131r\u0131lmal\u0131d\u0131r&#8221; dedi. Erken tan\u0131 \u00f6nemli Prof. Dr. Levent T\u00f6k, glokomun optik sinire zarar veren ciddi bir g\u00f6z rahats\u0131zl\u0131\u011f\u0131 oldu\u011funu ve bu hasar\u0131n g\u00f6rme kayb\u0131na hatta k\u00f6rl\u00fc\u011fe yol a\u00e7abilece\u011fini belirterek, &#8220;Glokom, optik sinire zarar veren bir g\u00f6z rahats\u0131zl\u0131\u011f\u0131d\u0131r. Bu hasar g\u00f6rme kayb\u0131na veya k\u00f6rl\u00fc\u011fe yol a\u00e7abilir. Optik sinir, g\u00f6zden beyne g\u00f6rsel bilgi ta\u015f\u0131r ve sa\u011fl\u0131kl\u0131 bir g\u00f6rme i\u00e7in kritik bir yap\u0131d\u0131r. Glokom, optik sinirde meydana gelen hasar nedeniyle g\u00f6rme kayb\u0131na sebep olur. Bu hasar \u00e7o\u011funlukla g\u00f6zdeki y\u00fcksek bas\u0131n\u00e7la ili\u015fkilidir ancak tipik g\u00f6z bas\u0131nc\u0131nda bile glokom geli\u015febilir. Hastal\u0131\u011f\u0131n en tehlikeli yan\u0131, belirti vermeden ilerlemesi ve ge\u00e7 tan\u0131 &hellip;\" \/>\n<meta property=\"og:url\" content=\"https:\/\/denizcankizil.tr\/uk\/haberler\/antalya\/yillar-icinde-fark-etmeden-kor-olabilirsiniz\/\" \/>\n<meta property=\"og:site_name\" content=\"Av. Deniz Can K\u0131z\u0131l\" \/>\n<meta property=\"article:published_time\" content=\"2025-03-11T13:41:27+00:00\" \/>\n<meta property=\"og:image\" content=\"https:\/\/denizcankizil.tr\/wp-content\/uploads\/2025\/03\/5446-01-OepMd0.jpeg\" \/>\n\t<meta property=\"og:image:width\" content=\"1280\" \/>\n\t<meta property=\"og:image:height\" content=\"720\" \/>\n\t<meta property=\"og:image:type\" content=\"image\/jpeg\" \/>\n<meta name=\"author\" content=\"Av. Deniz Can K\u0131z\u0131l\" \/>\n<meta name=\"twitter:card\" content=\"summary_large_image\" \/>\n<meta name=\"twitter:label1\" content=\"\u041d\u0430\u043f\u0438\u0441\u0430\u043d\u043e\" \/>\n\t<meta name=\"twitter:data1\" content=\"Av. Deniz Can K\u0131z\u0131l\" \/>\n\t<meta name=\"twitter:label2\" content=\"\u041f\u0440\u0438\u0431\u043b. \u0447\u0430\u0441 \u0447\u0438\u0442\u0430\u043d\u043d\u044f\" \/>\n\t<meta name=\"twitter:data2\" content=\"4 \u0445\u0432\u0438\u043b\u0438\u043d\u0438\" \/>\n<script type=\"application\/ld+json\" class=\"yoast-schema-graph\">{\"@context\":\"https:\/\/schema.org\",\"@graph\":[{\"@type\":\"Article\",\"@id\":\"https:\/\/denizcankizil.tr\/uk\/haberler\/antalya\/yillar-icinde-fark-etmeden-kor-olabilirsiniz\/#article\",\"isPartOf\":{\"@id\":\"https:\/\/denizcankizil.tr\/uk\/haberler\/antalya\/yillar-icinde-fark-etmeden-kor-olabilirsiniz\/\"},\"author\":{\"name\":\"Av. Deniz Can K\u0131z\u0131l\",\"@id\":\"https:\/\/denizcankizil.tr\/de\/#\/schema\/person\/5dc1b22991bd7ac833867c10afc9b0ff\"},\"headline\":\"Y\u0131llar i\u00e7inde fark etmeden k\u00f6r olabilirsiniz\",\"datePublished\":\"2025-03-11T13:41:27+00:00\",\"mainEntityOfPage\":{\"@id\":\"https:\/\/denizcankizil.tr\/uk\/haberler\/antalya\/yillar-icinde-fark-etmeden-kor-olabilirsiniz\/\"},\"wordCount\":855,\"commentCount\":0,\"publisher\":{\"@id\":\"https:\/\/denizcankizil.tr\/de\/#organization\"},\"image\":{\"@id\":\"https:\/\/denizcankizil.tr\/uk\/haberler\/antalya\/yillar-icinde-fark-etmeden-kor-olabilirsiniz\/#primaryimage\"},\"thumbnailUrl\":\"https:\/\/denizcankizil.tr\/wp-content\/uploads\/2025\/03\/5446-01-OepMd0.jpeg\",\"articleSection\":[\"Antalya\"],\"inLanguage\":\"uk\",\"potentialAction\":[{\"@type\":\"CommentAction\",\"name\":\"Comment\",\"target\":[\"https:\/\/denizcankizil.tr\/uk\/haberler\/antalya\/yillar-icinde-fark-etmeden-kor-olabilirsiniz\/#respond\"]}]},{\"@type\":\"WebPage\",\"@id\":\"https:\/\/denizcankizil.tr\/uk\/haberler\/antalya\/yillar-icinde-fark-etmeden-kor-olabilirsiniz\/\",\"url\":\"https:\/\/denizcankizil.tr\/uk\/haberler\/antalya\/yillar-icinde-fark-etmeden-kor-olabilirsiniz\/\",\"name\":\"Y\u0131llar i\u00e7inde fark etmeden k\u00f6r olabilirsiniz - Av. Deniz Can K\u0131z\u0131l\",\"isPartOf\":{\"@id\":\"https:\/\/denizcankizil.tr\/de\/#website\"},\"primaryImageOfPage\":{\"@id\":\"https:\/\/denizcankizil.tr\/uk\/haberler\/antalya\/yillar-icinde-fark-etmeden-kor-olabilirsiniz\/#primaryimage\"},\"image\":{\"@id\":\"https:\/\/denizcankizil.tr\/uk\/haberler\/antalya\/yillar-icinde-fark-etmeden-kor-olabilirsiniz\/#primaryimage\"},\"thumbnailUrl\":\"https:\/\/denizcankizil.tr\/wp-content\/uploads\/2025\/03\/5446-01-OepMd0.jpeg\",\"datePublished\":\"2025-03-11T13:41:27+00:00\",\"breadcrumb\":{\"@id\":\"https:\/\/denizcankizil.tr\/uk\/haberler\/antalya\/yillar-icinde-fark-etmeden-kor-olabilirsiniz\/#breadcrumb\"},\"inLanguage\":\"uk\",\"potentialAction\":[{\"@type\":\"ReadAction\",\"target\":[\"https:\/\/denizcankizil.tr\/uk\/haberler\/antalya\/yillar-icinde-fark-etmeden-kor-olabilirsiniz\/\"]}]},{\"@type\":\"ImageObject\",\"inLanguage\":\"uk\",\"@id\":\"https:\/\/denizcankizil.tr\/uk\/haberler\/antalya\/yillar-icinde-fark-etmeden-kor-olabilirsiniz\/#primaryimage\",\"url\":\"https:\/\/denizcankizil.tr\/wp-content\/uploads\/2025\/03\/5446-01-OepMd0.jpeg\",\"contentUrl\":\"https:\/\/denizcankizil.tr\/wp-content\/uploads\/2025\/03\/5446-01-OepMd0.jpeg\",\"width\":1280,\"height\":720},{\"@type\":\"BreadcrumbList\",\"@id\":\"https:\/\/denizcankizil.tr\/uk\/haberler\/antalya\/yillar-icinde-fark-etmeden-kor-olabilirsiniz\/#breadcrumb\",\"itemListElement\":[{\"@type\":\"ListItem\",\"position\":1,\"name\":\"Home\",\"item\":\"https:\/\/denizcankizil.tr\/de\/\"},{\"@type\":\"ListItem\",\"position\":2,\"name\":\"Y\u0131llar i\u00e7inde fark etmeden k\u00f6r olabilirsiniz\"}]},{\"@type\":\"WebSite\",\"@id\":\"https:\/\/denizcankizil.tr\/de\/#website\",\"url\":\"https:\/\/denizcankizil.tr\/de\/\",\"name\":\"Av. Deniz Can K\u0131z\u0131l\",\"description\":\"Avukat Deniz Can K\u0131z\u0131l Antalya Barosu\",\"publisher\":{\"@id\":\"https:\/\/denizcankizil.tr\/de\/#organization\"},\"potentialAction\":[{\"@type\":\"SearchAction\",\"target\":{\"@type\":\"EntryPoint\",\"urlTemplate\":\"https:\/\/denizcankizil.tr\/de\/?s={search_term_string}\"},\"query-input\":{\"@type\":\"PropertyValueSpecification\",\"valueRequired\":true,\"valueName\":\"search_term_string\"}}],\"inLanguage\":\"uk\"},{\"@type\":\"Organization\",\"@id\":\"https:\/\/denizcankizil.tr\/de\/#organization\",\"name\":\"Av. Deniz Can K\u0131z\u0131l\",\"url\":\"https:\/\/denizcankizil.tr\/de\/\",\"logo\":{\"@type\":\"ImageObject\",\"inLanguage\":\"uk\",\"@id\":\"https:\/\/denizcankizil.tr\/de\/#\/schema\/logo\/image\/\",\"url\":\"https:\/\/denizcankizil.tr\/wp-content\/uploads\/2024\/10\/siyah-logo-svg.svg\",\"contentUrl\":\"https:\/\/denizcankizil.tr\/wp-content\/uploads\/2024\/10\/siyah-logo-svg.svg\",\"width\":1080,\"height\":1080,\"caption\":\"Av. Deniz Can K\u0131z\u0131l\"},\"image\":{\"@id\":\"https:\/\/denizcankizil.tr\/de\/#\/schema\/logo\/image\/\"}},{\"@type\":\"Person\",\"@id\":\"https:\/\/denizcankizil.tr\/de\/#\/schema\/person\/5dc1b22991bd7ac833867c10afc9b0ff\",\"name\":\"Av. Deniz Can K\u0131z\u0131l\",\"image\":{\"@type\":\"ImageObject\",\"inLanguage\":\"uk\",\"@id\":\"https:\/\/denizcankizil.tr\/de\/#\/schema\/person\/image\/\",\"url\":\"https:\/\/secure.gravatar.com\/avatar\/a0b128fb9855c79efc976d5640eedb31dc35ec297594d6016d2cf7c60e975bb6?s=96&d=mm&r=g\",\"contentUrl\":\"https:\/\/secure.gravatar.com\/avatar\/a0b128fb9855c79efc976d5640eedb31dc35ec297594d6016d2cf7c60e975bb6?s=96&d=mm&r=g\",\"caption\":\"Av. Deniz Can K\u0131z\u0131l\"},\"sameAs\":[\"http:\/\/www.denizcankizil.tr\"],\"url\":\"https:\/\/denizcankizil.tr\/uk\/author\/denizcankizil\/\"}]}<\/script>\n<!-- \/ Yoast SEO Premium plugin. -->","yoast_head_json":{"title":"Y\u0131llar i\u00e7inde fark etmeden k\u00f6r olabilirsiniz - Av. Deniz Can K\u0131z\u0131l","robots":{"index":"index","follow":"follow","max-snippet":"max-snippet:-1","max-image-preview":"max-image-preview:large","max-video-preview":"max-video-preview:-1"},"canonical":"https:\/\/denizcankizil.tr\/uk\/haberler\/antalya\/yillar-icinde-fark-etmeden-kor-olabilirsiniz\/","og_locale":"uk_UA","og_type":"article","og_title":"Y\u0131llar i\u00e7inde fark etmeden k\u00f6r olabilirsiniz","og_description":"Memorial Sa\u011fl\u0131k Grubu Medstar Antalya Hastanesi G\u00f6z Sa\u011fl\u0131\u011f\u0131 B\u00f6l\u00fcm\u00fc\u2019nden Prof. Dr. Levent T\u00f6k, &#8220;12 Mart D\u00fcnya Glokom G\u00fcn\u00fc&#8221; dolay\u0131s\u0131yla yapt\u0131\u011f\u0131 a\u00e7\u0131klamada glokom hakk\u0131nda bilinmesi gerekenleri anlatt\u0131. Glokom, sinsice ilerleyen ve belirti vermeden g\u00f6rme kayb\u0131na neden olabilen ciddi bir g\u00f6z hastal\u0131\u011f\u0131 oldu\u011funa dikkati \u00e7eken T\u00f6k, &#8220;Baz\u0131 hastalarda g\u00f6zde a\u011fr\u0131, k\u0131zar\u0131kl\u0131k, g\u00f6rme bozuklu\u011fu gibi belirtilerle kendini g\u00f6sterse de, \u00e7o\u011fu zaman belirti vermeden ilerleyen ve sinsi seyreden bir hastal\u0131kt\u0131r. Rutin g\u00f6z muayeneleriyle te\u015fhis edilebilse de, baz\u0131 hastalar maalesef ileri evrede ortaya \u00e7\u0131kan g\u00f6rme kayb\u0131yla tan\u0131 almaktad\u0131r. Bu nedenle, herhangi bir belirti olmasa dahi d\u00fczenli g\u00f6z muayenesinin ve erken te\u015fhisin b\u00fcy\u00fck \u00f6nem ta\u015f\u0131d\u0131\u011f\u0131 hastal\u0131klardan biri olan glokom konusunda fark\u0131ndal\u0131k art\u0131r\u0131lmal\u0131d\u0131r&#8221; dedi. Erken tan\u0131 \u00f6nemli Prof. Dr. Levent T\u00f6k, glokomun optik sinire zarar veren ciddi bir g\u00f6z rahats\u0131zl\u0131\u011f\u0131 oldu\u011funu ve bu hasar\u0131n g\u00f6rme kayb\u0131na hatta k\u00f6rl\u00fc\u011fe yol a\u00e7abilece\u011fini belirterek, &#8220;Glokom, optik sinire zarar veren bir g\u00f6z rahats\u0131zl\u0131\u011f\u0131d\u0131r. Bu hasar g\u00f6rme kayb\u0131na veya k\u00f6rl\u00fc\u011fe yol a\u00e7abilir. Optik sinir, g\u00f6zden beyne g\u00f6rsel bilgi ta\u015f\u0131r ve sa\u011fl\u0131kl\u0131 bir g\u00f6rme i\u00e7in kritik bir yap\u0131d\u0131r. Glokom, optik sinirde meydana gelen hasar nedeniyle g\u00f6rme kayb\u0131na sebep olur. Bu hasar \u00e7o\u011funlukla g\u00f6zdeki y\u00fcksek bas\u0131n\u00e7la ili\u015fkilidir ancak tipik g\u00f6z bas\u0131nc\u0131nda bile glokom geli\u015febilir. Hastal\u0131\u011f\u0131n en tehlikeli yan\u0131, belirti vermeden ilerlemesi ve ge\u00e7 tan\u0131 &hellip;","og_url":"https:\/\/denizcankizil.tr\/uk\/haberler\/antalya\/yillar-icinde-fark-etmeden-kor-olabilirsiniz\/","og_site_name":"Av. Deniz Can K\u0131z\u0131l","article_published_time":"2025-03-11T13:41:27+00:00","og_image":[{"width":1280,"height":720,"url":"https:\/\/denizcankizil.tr\/wp-content\/uploads\/2025\/03\/5446-01-OepMd0.jpeg","type":"image\/jpeg"}],"author":"Av. Deniz Can K\u0131z\u0131l","twitter_card":"summary_large_image","twitter_misc":{"\u041d\u0430\u043f\u0438\u0441\u0430\u043d\u043e":"Av. Deniz Can K\u0131z\u0131l","\u041f\u0440\u0438\u0431\u043b. \u0447\u0430\u0441 \u0447\u0438\u0442\u0430\u043d\u043d\u044f":"4 \u0445\u0432\u0438\u043b\u0438\u043d\u0438"},"schema":{"@context":"https:\/\/schema.org","@graph":[{"@type":"Article","@id":"https:\/\/denizcankizil.tr\/uk\/haberler\/antalya\/yillar-icinde-fark-etmeden-kor-olabilirsiniz\/#article","isPartOf":{"@id":"https:\/\/denizcankizil.tr\/uk\/haberler\/antalya\/yillar-icinde-fark-etmeden-kor-olabilirsiniz\/"},"author":{"name":"Av. Deniz Can K\u0131z\u0131l","@id":"https:\/\/denizcankizil.tr\/de\/#\/schema\/person\/5dc1b22991bd7ac833867c10afc9b0ff"},"headline":"Y\u0131llar i\u00e7inde fark etmeden k\u00f6r olabilirsiniz","datePublished":"2025-03-11T13:41:27+00:00","mainEntityOfPage":{"@id":"https:\/\/denizcankizil.tr\/uk\/haberler\/antalya\/yillar-icinde-fark-etmeden-kor-olabilirsiniz\/"},"wordCount":855,"commentCount":0,"publisher":{"@id":"https:\/\/denizcankizil.tr\/de\/#organization"},"image":{"@id":"https:\/\/denizcankizil.tr\/uk\/haberler\/antalya\/yillar-icinde-fark-etmeden-kor-olabilirsiniz\/#primaryimage"},"thumbnailUrl":"https:\/\/denizcankizil.tr\/wp-content\/uploads\/2025\/03\/5446-01-OepMd0.jpeg","articleSection":["Antalya"],"inLanguage":"uk","potentialAction":[{"@type":"CommentAction","name":"Comment","target":["https:\/\/denizcankizil.tr\/uk\/haberler\/antalya\/yillar-icinde-fark-etmeden-kor-olabilirsiniz\/#respond"]}]},{"@type":"WebPage","@id":"https:\/\/denizcankizil.tr\/uk\/haberler\/antalya\/yillar-icinde-fark-etmeden-kor-olabilirsiniz\/","url":"https:\/\/denizcankizil.tr\/uk\/haberler\/antalya\/yillar-icinde-fark-etmeden-kor-olabilirsiniz\/","name":"Y\u0131llar i\u00e7inde fark etmeden k\u00f6r olabilirsiniz - Av. Deniz Can K\u0131z\u0131l","isPartOf":{"@id":"https:\/\/denizcankizil.tr\/de\/#website"},"primaryImageOfPage":{"@id":"https:\/\/denizcankizil.tr\/uk\/haberler\/antalya\/yillar-icinde-fark-etmeden-kor-olabilirsiniz\/#primaryimage"},"image":{"@id":"https:\/\/denizcankizil.tr\/uk\/haberler\/antalya\/yillar-icinde-fark-etmeden-kor-olabilirsiniz\/#primaryimage"},"thumbnailUrl":"https:\/\/denizcankizil.tr\/wp-content\/uploads\/2025\/03\/5446-01-OepMd0.jpeg","datePublished":"2025-03-11T13:41:27+00:00","breadcrumb":{"@id":"https:\/\/denizcankizil.tr\/uk\/haberler\/antalya\/yillar-icinde-fark-etmeden-kor-olabilirsiniz\/#breadcrumb"},"inLanguage":"uk","potentialAction":[{"@type":"ReadAction","target":["https:\/\/denizcankizil.tr\/uk\/haberler\/antalya\/yillar-icinde-fark-etmeden-kor-olabilirsiniz\/"]}]},{"@type":"ImageObject","inLanguage":"uk","@id":"https:\/\/denizcankizil.tr\/uk\/haberler\/antalya\/yillar-icinde-fark-etmeden-kor-olabilirsiniz\/#primaryimage","url":"https:\/\/denizcankizil.tr\/wp-content\/uploads\/2025\/03\/5446-01-OepMd0.jpeg","contentUrl":"https:\/\/denizcankizil.tr\/wp-content\/uploads\/2025\/03\/5446-01-OepMd0.jpeg","width":1280,"height":720},{"@type":"BreadcrumbList","@id":"https:\/\/denizcankizil.tr\/uk\/haberler\/antalya\/yillar-icinde-fark-etmeden-kor-olabilirsiniz\/#breadcrumb","itemListElement":[{"@type":"ListItem","position":1,"name":"Home","item":"https:\/\/denizcankizil.tr\/de\/"},{"@type":"ListItem","position":2,"name":"Y\u0131llar i\u00e7inde fark etmeden k\u00f6r olabilirsiniz"}]},{"@type":"WebSite","@id":"https:\/\/denizcankizil.tr\/de\/#website","url":"https:\/\/denizcankizil.tr\/de\/","name":"Av. Deniz Can K\u0131z\u0131l","description":"Avukat Deniz Can K\u0131z\u0131l Antalya Barosu","publisher":{"@id":"https:\/\/denizcankizil.tr\/de\/#organization"},"potentialAction":[{"@type":"SearchAction","target":{"@type":"EntryPoint","urlTemplate":"https:\/\/denizcankizil.tr\/de\/?s={search_term_string}"},"query-input":{"@type":"PropertyValueSpecification","valueRequired":true,"valueName":"search_term_string"}}],"inLanguage":"uk"},{"@type":"Organization","@id":"https:\/\/denizcankizil.tr\/de\/#organization","name":"Av. Deniz Can K\u0131z\u0131l","url":"https:\/\/denizcankizil.tr\/de\/","logo":{"@type":"ImageObject","inLanguage":"uk","@id":"https:\/\/denizcankizil.tr\/de\/#\/schema\/logo\/image\/","url":"https:\/\/denizcankizil.tr\/wp-content\/uploads\/2024\/10\/siyah-logo-svg.svg","contentUrl":"https:\/\/denizcankizil.tr\/wp-content\/uploads\/2024\/10\/siyah-logo-svg.svg","width":1080,"height":1080,"caption":"Av. Deniz Can K\u0131z\u0131l"},"image":{"@id":"https:\/\/denizcankizil.tr\/de\/#\/schema\/logo\/image\/"}},{"@type":"Person","@id":"https:\/\/denizcankizil.tr\/de\/#\/schema\/person\/5dc1b22991bd7ac833867c10afc9b0ff","name":"Av. Deniz Can K\u0131z\u0131l","image":{"@type":"ImageObject","inLanguage":"uk","@id":"https:\/\/denizcankizil.tr\/de\/#\/schema\/person\/image\/","url":"https:\/\/secure.gravatar.com\/avatar\/a0b128fb9855c79efc976d5640eedb31dc35ec297594d6016d2cf7c60e975bb6?s=96&d=mm&r=g","contentUrl":"https:\/\/secure.gravatar.com\/avatar\/a0b128fb9855c79efc976d5640eedb31dc35ec297594d6016d2cf7c60e975bb6?s=96&d=mm&r=g","caption":"Av. Deniz Can K\u0131z\u0131l"},"sameAs":["http:\/\/www.denizcankizil.tr"],"url":"https:\/\/denizcankizil.tr\/uk\/author\/denizcankizil\/"}]}},"_links":{"self":[{"href":"https:\/\/denizcankizil.tr\/uk\/wp-json\/wp\/v2\/posts\/35400","targetHints":{"allow":["GET"]}}],"collection":[{"href":"https:\/\/denizcankizil.tr\/uk\/wp-json\/wp\/v2\/posts"}],"about":[{"href":"https:\/\/denizcankizil.tr\/uk\/wp-json\/wp\/v2\/types\/post"}],"author":[{"embeddable":true,"href":"https:\/\/denizcankizil.tr\/uk\/wp-json\/wp\/v2\/users\/4"}],"replies":[{"embeddable":true,"href":"https:\/\/denizcankizil.tr\/uk\/wp-json\/wp\/v2\/comments?post=35400"}],"version-history":[{"count":0,"href":"https:\/\/denizcankizil.tr\/uk\/wp-json\/wp\/v2\/posts\/35400\/revisions"}],"wp:featuredmedia":[{"embeddable":true,"href":"https:\/\/denizcankizil.tr\/uk\/wp-json\/wp\/v2\/media\/35401"}],"wp:attachment":[{"href":"https:\/\/denizcankizil.tr\/uk\/wp-json\/wp\/v2\/media?parent=35400"}],"wp:term":[{"taxonomy":"category","embeddable":true,"href":"https:\/\/denizcankizil.tr\/uk\/wp-json\/wp\/v2\/categories?post=35400"},{"taxonomy":"post_tag","embeddable":true,"href":"https:\/\/denizcankizil.tr\/uk\/wp-json\/wp\/v2\/tags?post=35400"}],"curies":[{"name":"wp","href":"https:\/\/api.w.org\/{rel}","templated":true}]}}